{"id":49704,"date":"2024-12-12T23:04:39","date_gmt":"2024-12-12T22:04:39","guid":{"rendered":"https:\/\/www.aquimicasa.net\/blog\/?p=49704"},"modified":"2024-12-12T23:04:39","modified_gmt":"2024-12-12T22:04:39","slug":"consumo-investiga-a-empresas-de-alquileres-turisticos","status":"publish","type":"post","link":"https:\/\/www.aquimicasa.net\/blog\/consumo\/consumidores\/consumo-investiga-a-empresas-de-alquileres-turisticos\/","title":{"rendered":"El Ministerio de Consumo investiga a empresas de alquileres tur\u00edsticos"},"content":{"rendered":"<div class=\"fusion-fullwidth fullwidth-box fusion-builder-row-1 fusion-flex-container nonhundred-percent-fullwidth non-hundred-percent-height-scrolling\" style=\"background-color: rgba(255,255,255,0);background-position: center center;background-repeat: no-repeat;border-width: 0px 0px 0px 0px;border-color:#eae9e9;border-style:solid;\" ><div class=\"fusion-builder-row fusion-row fusion-flex-align-items-flex-start\" style=\"max-width:1144px;margin-left: calc(-4% \/ 2 );margin-right: calc(-4% \/ 2 );\"><div class=\"fusion-layout-column fusion_builder_column fusion-builder-column-0 fusion_builder_column_1_1 1_1 fusion-flex-column\"><div class=\"fusion-column-wrapper fusion-flex-justify-content-flex-start fusion-content-layout-column\" style=\"background-position:left top;background-repeat:no-repeat;-webkit-background-size:cover;-moz-background-size:cover;-o-background-size:cover;background-size:cover;padding: 0px 0px 0px 0px;\"><div class=\"fusion-text fusion-text-1\"><p>La crisis de la vivienda en Espa\u00f1a no deja de generar controversias y debates, y el papel de los alquileres tur\u00edsticos en este contexto es uno de los temas m\u00e1s candentes. En los \u00faltimos a\u00f1os, la proliferaci\u00f3n de este tipo de alojamientos ha transformado no solo el mercado inmobiliario, sino tambi\u00e9n la vida de muchas comunidades. Ahora, el <strong>Ministerio de Derechos Sociales, Consumo y Agenda 2030<\/strong> ha decidido intensificar su supervisi\u00f3n sobre este sector. Las recientes investigaciones sobre <strong>empresas de alquileres tur\u00edsticos<\/strong> que podr\u00edan estar incurriendo en pr\u00e1cticas irregulares marcan un nuevo cap\u00edtulo en la lucha por la transparencia y el cumplimiento de la ley.<\/p>\n<h2><strong>La falta de licencia y el hacerse pasar por particular entre las causas<\/strong><\/h2>\n<p>Uno de los focos principales de esta investigaci\u00f3n radica en los pisos tur\u00edsticos que operan sin licencia o bajo la aparente condici\u00f3n de particulares, algo que podr\u00eda contravenir la Ley General para la Defensa de Consumidores y Usuarios. Esta pr\u00e1ctica no solo supone una posible infracci\u00f3n legal, sino tambi\u00e9n un acto de competencia desleal que afecta tanto a los consumidores como a las empresas que cumplen con las normativas. La Ley de Competencia Desleal es clara al respecto: cualquier conducta que induzca a error a los consumidores es susceptible de ser sancionada.<\/p>\n<p>El art\u00edculo 27 de esta ley establece que presentarse de manera fraudulenta como un consumidor o usuario, o dar la impresi\u00f3n de no actuar dentro del marco empresarial, constituye una pr\u00e1ctica enga\u00f1osa. Este es el punto donde el Ministerio de Consumo pone el acento: muchas de las empresas investigadas han adoptado estrategias para <strong>disimular su car\u00e1cter empresarial<\/strong> y atraer as\u00ed a clientes que buscan alojamientos particulares, eludiendo adem\u00e1s las obligaciones fiscales y normativas que corresponden a su actividad.<\/p>\n<h2><strong>Se inician expedientes a inmobiliarias por cl\u00e1usulas abusivas a inquilinos<\/strong><\/h2>\n<p>Pero el Ministerio no solo ha puesto su lupa sobre los alquileres tur\u00edsticos. Las <strong>agencias inmobiliarias tambi\u00e9n est\u00e1n bajo escrutinio<\/strong> debido a pr\u00e1cticas que podr\u00edan calificarse como abusivas contra los inquilinos. Entre las irregularidades que se est\u00e1n investigando destacan la imposici\u00f3n de comisiones excesivas por la gesti\u00f3n de arrendamientos, la <strong>firma de contratos temporales sin una justificaci\u00f3n adecuada<\/strong> o la introducci\u00f3n de cl\u00e1usulas que vulneran los derechos de los arrendatarios seg\u00fan la normativa vigente.<\/p>\n<p>Estas acciones no son aisladas; forman parte de un esfuerzo m\u00e1s amplio por abordar los problemas estructurales del mercado de la vivienda en Espa\u00f1a. Seg\u00fan palabras del propio ministro de Consumo, Pablo Bustinduy, es imprescindible <strong>frenar la especulaci\u00f3n en este sector y proteger a las familias<\/strong> que se ven forzadas a vivir al l\u00edmite por los altos costos de la vivienda. Las inmobiliarias que abusan de su posici\u00f3n de poder en el mercado no solo perjudican a los inquilinos, sino que tambi\u00e9n erosionan la confianza en un sector ya de por s\u00ed cuestionado.<\/p>\n<h2><strong>Opiniones encontradas sobre las medidas<\/strong><\/h2>\n<p>La intervenci\u00f3n del Ministerio ha generado opiniones divididas. Por un lado, las asociaciones de consumidores han mostrado su apoyo a estas medidas, calific\u00e1ndolas como necesarias para combatir las irregularidades y devolver el equilibrio al mercado inmobiliario. \u00abEs un paso adelante para garantizar la transparencia y los derechos de los inquilinos\u00bb, se\u00f1alan desde diversas plataformas de defensa del consumidor.<\/p>\n<p>Sin embargo, algunos sectores empresariales critican lo que consideran una <strong>excesiva intervenci\u00f3n estatal que podr\u00eda desincentivar la inversi\u00f3n en el mercado de alquiler<\/strong>. Desde su perspectiva, el auge de los pisos tur\u00edsticos y el dinamismo que aportan al sector son claves para la econom\u00eda local, especialmente en zonas de alta demanda tur\u00edstica. Alegan que un exceso de regulaci\u00f3n podr\u00eda llevar a un efecto contrario al deseado, <strong>reduciendo la oferta de viviendas y elevando los precios<\/strong>.<\/p>\n<h2><strong>Un paso m\u00e1s hacia la regulaci\u00f3n del mercado<\/strong><\/h2>\n<p>M\u00e1s all\u00e1 de las controversias, estas acciones del Ministerio de Consumo reflejan un <strong>cambio de tendencia hacia un mercado de la vivienda m\u00e1s regulado y equitativo<\/strong>. La crisis de la vivienda es un problema que afecta directamente a la cohesi\u00f3n social, y abordar las pr\u00e1cticas irregulares tanto en los alquileres tur\u00edsticos como en el mercado tradicional es un paso necesario para garantizar un acceso m\u00e1s justo a la vivienda.<\/p>\n<p>Si bien el impacto de estas medidas a largo plazo est\u00e1 por verse, es evidente que <strong>la discusi\u00f3n sobre el modelo de vivienda en Espa\u00f1a no puede posponerse m\u00e1s<\/strong>. La proliferaci\u00f3n de pisos tur\u00edsticos, las cl\u00e1usulas abusivas y la falta de transparencia en el mercado son s\u00edntomas de un sistema que necesita una revisi\u00f3n profunda.<\/p>\n<p>En un contexto donde los consumidores a menudo se sienten desprotegidos, la intervenci\u00f3n del Estado es fundamental para equilibrar la balanza. El reto, no obstante, es encontrar un equilibrio que permita proteger los derechos de los usuarios sin frenar la iniciativa privada ni el desarrollo econ\u00f3mico.<\/p>\n<p>Las investigaciones abiertas por el Ministerio de Consumo representan una oportunidad para redefinir las reglas del juego en el mercado inmobiliario espa\u00f1ol. Es un momento crucial para reflexionar sobre qu\u00e9 tipo de modelo queremos construir: uno basado en la especulaci\u00f3n y el lucro desmedido o un sistema que <strong>priorice el derecho a una vivienda digna para todos<\/strong>.<\/p>\n<\/div><\/div><style type=\"text\/css\">.fusion-body .fusion-builder-column-0{width:100% !important;margin-top : 0px;margin-bottom : 0px;}.fusion-builder-column-0 > .fusion-column-wrapper {padding-top : 0px !important;padding-right : 0px !important;margin-right : 1.92%;padding-bottom : 0px !important;padding-left : 0px !important;margin-left : 1.92%;}@media only screen and (max-width:1024px) {.fusion-body .fusion-builder-column-0{width:100% !important;}.fusion-builder-column-0 > .fusion-column-wrapper {margin-right : 1.92%;margin-left : 1.92%;}}@media only screen and (max-width:640px) {.fusion-body .fusion-builder-column-0{width:100% !important;}.fusion-builder-column-0 > .fusion-column-wrapper {margin-right : 1.92%;margin-left : 1.92%;}}<\/style><\/div><\/div><style type=\"text\/css\">.fusion-body .fusion-flex-container.fusion-builder-row-1{ padding-top : 0px;margin-top : 0px;padding-right : 0px;padding-bottom : 0px;margin-bottom : 0px;padding-left : 0px;}<\/style><\/div>\n","protected":false},"excerpt":{"rendered":"<p>Las agencias inmobiliarias tambi\u00e9n est\u00e1n bajo escrutinio debido a pr\u00e1cticas que podr\u00edan calificarse como abusivas contra los inquilinos. Entre las irregularidades que se est\u00e1n investigando destacan la imposici\u00f3n de comisiones excesivas por la gesti\u00f3n de arrendamientos y la firma de contratos temporales sin una justificaci\u00f3n adecuada.<\/p>\n","protected":false},"author":3,"featured_media":47449,"comment_status":"open","ping_status":"closed","sticky":false,"template":"","format":"standard","meta":{"_jetpack_memberships_contains_paid_content":false,"footnotes":"","jetpack_publicize_message":"","jetpack_publicize_feature_enabled":true,"jetpack_social_post_already_shared":true,"jetpack_social_options":{"image_generator_settings":{"template":"highway","default_image_id":0,"font":"","enabled":false},"version":2}},"categories":[120,7512],"tags":[8204],"class_list":["post-49704","post","type-post","status-publish","format-standard","has-post-thumbnail","hentry","category-alquileres","category-consumidores","tag-newsletter-492"],"yoast_head":"<!-- This site is optimized with the Yoast SEO plugin v28.2 - https:\/\/yoast.com\/product\/yoast-seo-wordpress\/ -->\n<title>Consumo investiga a empresas de alquileres tur\u00edsticos<\/title>\n<meta name=\"description\" content=\"Muchas de las empresas investigadas han adoptado estrategias para disimular su car\u00e1cter empresarial y atraer as\u00ed a clientes\" \/>\n<meta name=\"robots\" content=\"index, follow, max-snippet:-1, max-image-preview:large, max-video-preview:-1\" \/>\n<link rel=\"canonical\" href=\"https:\/\/www.aquimicasa.net\/blog\/consumo\/consumidores\/consumo-investiga-a-empresas-de-alquileres-turisticos\/\" \/>\n<meta property=\"og:locale\" content=\"es_ES\" \/>\n<meta property=\"og:type\" content=\"article\" \/>\n<meta property=\"og:title\" content=\"Consumo investiga a empresas de alquileres tur\u00edsticos\" \/>\n<meta property=\"og:description\" content=\"Muchas de las empresas investigadas han adoptado estrategias para disimular su car\u00e1cter empresarial y atraer as\u00ed a clientes\" \/>\n<meta property=\"og:url\" content=\"https:\/\/www.aquimicasa.net\/blog\/consumo\/consumidores\/consumo-investiga-a-empresas-de-alquileres-turisticos\/\" \/>\n<meta property=\"og:site_name\" content=\"Blog de aquimicasa.net\" \/>\n<meta property=\"article:publisher\" content=\"https:\/\/www.facebook.com\/aquimicasa.net\" \/>\n<meta property=\"article:published_time\" content=\"2024-12-12T22:04:39+00:00\" \/>\n<meta property=\"og:image\" content=\"https:\/\/www.aquimicasa.net\/blog\/wp-content\/uploads\/Alquileres1-2.png\" \/>\n\t<meta property=\"og:image:width\" content=\"470\" \/>\n\t<meta property=\"og:image:height\" content=\"315\" \/>\n\t<meta property=\"og:image:type\" content=\"image\/png\" \/>\n<meta name=\"author\" content=\"Eduardo Lizarraga\" \/>\n<meta name=\"twitter:label1\" content=\"Escrito por\" \/>\n\t<meta name=\"twitter:data1\" content=\"Eduardo Lizarraga\" \/>\n\t<meta name=\"twitter:label2\" content=\"Tiempo de lectura\" \/>\n\t<meta name=\"twitter:data2\" content=\"5 minutos\" \/>\n<script type=\"application\/ld+json\" class=\"yoast-schema-graph\">{\"@context\":\"https:\\\/\\\/schema.org\",\"@graph\":[{\"@type\":\"Article\",\"@id\":\"https:\\\/\\\/www.aquimicasa.net\\\/blog\\\/consumo\\\/consumidores\\\/consumo-investiga-a-empresas-de-alquileres-turisticos\\\/#article\",\"isPartOf\":{\"@id\":\"https:\\\/\\\/www.aquimicasa.net\\\/blog\\\/consumo\\\/consumidores\\\/consumo-investiga-a-empresas-de-alquileres-turisticos\\\/\"},\"author\":{\"name\":\"Eduardo Lizarraga\",\"@id\":\"https:\\\/\\\/www.aquimicasa.net\\\/blog\\\/#\\\/schema\\\/person\\\/2cdfa2605534583395c8d7ce1d6cac14\"},\"headline\":\"El Ministerio de Consumo investiga a empresas de alquileres tur\u00edsticos\",\"datePublished\":\"2024-12-12T22:04:39+00:00\",\"mainEntityOfPage\":{\"@id\":\"https:\\\/\\\/www.aquimicasa.net\\\/blog\\\/consumo\\\/consumidores\\\/consumo-investiga-a-empresas-de-alquileres-turisticos\\\/\"},\"wordCount\":1093,\"commentCount\":0,\"publisher\":{\"@id\":\"https:\\\/\\\/www.aquimicasa.net\\\/blog\\\/#organization\"},\"image\":{\"@id\":\"https:\\\/\\\/www.aquimicasa.net\\\/blog\\\/consumo\\\/consumidores\\\/consumo-investiga-a-empresas-de-alquileres-turisticos\\\/#primaryimage\"},\"thumbnailUrl\":\"https:\\\/\\\/www.aquimicasa.net\\\/blog\\\/wp-content\\\/uploads\\\/Alquileres1-2.png\",\"keywords\":[\"newsletter 492\"],\"articleSection\":[\"Alquiler\",\"Consumidores\"],\"inLanguage\":\"es\",\"potentialAction\":[{\"@type\":\"CommentAction\",\"name\":\"Comment\",\"target\":[\"https:\\\/\\\/www.aquimicasa.net\\\/blog\\\/consumo\\\/consumidores\\\/consumo-investiga-a-empresas-de-alquileres-turisticos\\\/#respond\"]}]},{\"@type\":\"WebPage\",\"@id\":\"https:\\\/\\\/www.aquimicasa.net\\\/blog\\\/consumo\\\/consumidores\\\/consumo-investiga-a-empresas-de-alquileres-turisticos\\\/\",\"url\":\"https:\\\/\\\/www.aquimicasa.net\\\/blog\\\/consumo\\\/consumidores\\\/consumo-investiga-a-empresas-de-alquileres-turisticos\\\/\",\"name\":\"Consumo investiga a empresas de alquileres tur\u00edsticos\",\"isPartOf\":{\"@id\":\"https:\\\/\\\/www.aquimicasa.net\\\/blog\\\/#website\"},\"primaryImageOfPage\":{\"@id\":\"https:\\\/\\\/www.aquimicasa.net\\\/blog\\\/consumo\\\/consumidores\\\/consumo-investiga-a-empresas-de-alquileres-turisticos\\\/#primaryimage\"},\"image\":{\"@id\":\"https:\\\/\\\/www.aquimicasa.net\\\/blog\\\/consumo\\\/consumidores\\\/consumo-investiga-a-empresas-de-alquileres-turisticos\\\/#primaryimage\"},\"thumbnailUrl\":\"https:\\\/\\\/www.aquimicasa.net\\\/blog\\\/wp-content\\\/uploads\\\/Alquileres1-2.png\",\"datePublished\":\"2024-12-12T22:04:39+00:00\",\"description\":\"Muchas de las empresas investigadas han adoptado estrategias para disimular su car\u00e1cter empresarial y atraer as\u00ed a clientes\",\"breadcrumb\":{\"@id\":\"https:\\\/\\\/www.aquimicasa.net\\\/blog\\\/consumo\\\/consumidores\\\/consumo-investiga-a-empresas-de-alquileres-turisticos\\\/#breadcrumb\"},\"inLanguage\":\"es\",\"potentialAction\":[{\"@type\":\"ReadAction\",\"target\":[\"https:\\\/\\\/www.aquimicasa.net\\\/blog\\\/consumo\\\/consumidores\\\/consumo-investiga-a-empresas-de-alquileres-turisticos\\\/\"]}]},{\"@type\":\"ImageObject\",\"inLanguage\":\"es\",\"@id\":\"https:\\\/\\\/www.aquimicasa.net\\\/blog\\\/consumo\\\/consumidores\\\/consumo-investiga-a-empresas-de-alquileres-turisticos\\\/#primaryimage\",\"url\":\"https:\\\/\\\/www.aquimicasa.net\\\/blog\\\/wp-content\\\/uploads\\\/Alquileres1-2.png\",\"contentUrl\":\"https:\\\/\\\/www.aquimicasa.net\\\/blog\\\/wp-content\\\/uploads\\\/Alquileres1-2.png\",\"width\":470,\"height\":315,\"caption\":\"La ley para regular el alquiler temporal se acerca\"},{\"@type\":\"BreadcrumbList\",\"@id\":\"https:\\\/\\\/www.aquimicasa.net\\\/blog\\\/consumo\\\/consumidores\\\/consumo-investiga-a-empresas-de-alquileres-turisticos\\\/#breadcrumb\",\"itemListElement\":[{\"@type\":\"ListItem\",\"position\":1,\"name\":\"Portada\",\"item\":\"https:\\\/\\\/www.aquimicasa.net\\\/blog\\\/\"},{\"@type\":\"ListItem\",\"position\":2,\"name\":\"El Ministerio de Consumo investiga a empresas de alquileres tur\u00edsticos\"}]},{\"@type\":\"WebSite\",\"@id\":\"https:\\\/\\\/www.aquimicasa.net\\\/blog\\\/#website\",\"url\":\"https:\\\/\\\/www.aquimicasa.net\\\/blog\\\/\",\"name\":\"Blog de aquimicasa.net\",\"description\":\"Noticias del Mundo Inmobiliario\",\"publisher\":{\"@id\":\"https:\\\/\\\/www.aquimicasa.net\\\/blog\\\/#organization\"},\"potentialAction\":[{\"@type\":\"SearchAction\",\"target\":{\"@type\":\"EntryPoint\",\"urlTemplate\":\"https:\\\/\\\/www.aquimicasa.net\\\/blog\\\/?s={search_term_string}\"},\"query-input\":{\"@type\":\"PropertyValueSpecification\",\"valueRequired\":true,\"valueName\":\"search_term_string\"}}],\"inLanguage\":\"es\"},{\"@type\":\"Organization\",\"@id\":\"https:\\\/\\\/www.aquimicasa.net\\\/blog\\\/#organization\",\"name\":\"Blog de aquimicasa.net\",\"url\":\"https:\\\/\\\/www.aquimicasa.net\\\/blog\\\/\",\"logo\":{\"@type\":\"ImageObject\",\"inLanguage\":\"es\",\"@id\":\"https:\\\/\\\/www.aquimicasa.net\\\/blog\\\/#\\\/schema\\\/logo\\\/image\\\/\",\"url\":\"https:\\\/\\\/www.aquimicasa.net\\\/blog\\\/wp-content\\\/uploads\\\/Logo-aquimicasa-1-e1528048213782.png\",\"contentUrl\":\"https:\\\/\\\/www.aquimicasa.net\\\/blog\\\/wp-content\\\/uploads\\\/Logo-aquimicasa-1-e1528048213782.png\",\"width\":225,\"height\":225,\"caption\":\"Blog de aquimicasa.net\"},\"image\":{\"@id\":\"https:\\\/\\\/www.aquimicasa.net\\\/blog\\\/#\\\/schema\\\/logo\\\/image\\\/\"},\"sameAs\":[\"https:\\\/\\\/www.facebook.com\\\/aquimicasa.net\",\"https:\\\/\\\/www.instagram.com\\\/\",\"https:\\\/\\\/x.com\\\/EduLizarragaD\",\"https:\\\/\\\/www.linkedin.com\\\/feed\\\/\"]},{\"@type\":\"Person\",\"@id\":\"https:\\\/\\\/www.aquimicasa.net\\\/blog\\\/#\\\/schema\\\/person\\\/2cdfa2605534583395c8d7ce1d6cac14\",\"name\":\"Eduardo Lizarraga\",\"image\":{\"@type\":\"ImageObject\",\"inLanguage\":\"es\",\"@id\":\"https:\\\/\\\/secure.gravatar.com\\\/avatar\\\/bdabe1eeeed97b65a9cb7de2edd624b07995f7e13abc5fead15961f745f908cc?s=96&d=mm&r=g\",\"url\":\"https:\\\/\\\/secure.gravatar.com\\\/avatar\\\/bdabe1eeeed97b65a9cb7de2edd624b07995f7e13abc5fead15961f745f908cc?s=96&d=mm&r=g\",\"contentUrl\":\"https:\\\/\\\/secure.gravatar.com\\\/avatar\\\/bdabe1eeeed97b65a9cb7de2edd624b07995f7e13abc5fead15961f745f908cc?s=96&d=mm&r=g\",\"caption\":\"Eduardo Lizarraga\"},\"description\":\"Periodista Econ\u00f3mico. Ha trabajado en diversos campos de la informaci\u00f3n. Corresponsal en conflictos, analista pol\u00edtico en Congreso y Senado, periodista del medio ambiente, editor, director editorial, director de comunicaci\u00f3n.... En estos momentos se ha especializado en el sector inmobiliario. Pero tambi\u00e9n es navegante y viajero, preocupado por la pobreza, el medio ambiente y por las actuaciones descontroladas del neoliberalismo empresarial y pol\u00edtico en todo el mundo. Los desahucios, la pobreza infantil y la falta de acceso a los suministros b\u00e1sicos son algunos de los grandes dramas de nuestra sociedad y que es preciso solucionar para hacerla m\u00e1s justa. CEO en www.aquimicasa.net\",\"sameAs\":[\"https:\\\/\\\/www.aquimicasa.net\\\/\"],\"url\":\"https:\\\/\\\/www.aquimicasa.net\\\/blog\\\/author\\\/eduardo\\\/\"}]}<\/script>\n<!-- \/ Yoast SEO plugin. -->","yoast_head_json":{"title":"Consumo investiga a empresas de alquileres tur\u00edsticos","description":"Muchas de las empresas investigadas han adoptado estrategias para disimular su car\u00e1cter empresarial y atraer as\u00ed a clientes","robots":{"index":"index","follow":"follow","max-snippet":"max-snippet:-1","max-image-preview":"max-image-preview:large","max-video-preview":"max-video-preview:-1"},"canonical":"https:\/\/www.aquimicasa.net\/blog\/consumo\/consumidores\/consumo-investiga-a-empresas-de-alquileres-turisticos\/","og_locale":"es_ES","og_type":"article","og_title":"Consumo investiga a empresas de alquileres tur\u00edsticos","og_description":"Muchas de las empresas investigadas han adoptado estrategias para disimular su car\u00e1cter empresarial y atraer as\u00ed a clientes","og_url":"https:\/\/www.aquimicasa.net\/blog\/consumo\/consumidores\/consumo-investiga-a-empresas-de-alquileres-turisticos\/","og_site_name":"Blog de aquimicasa.net","article_publisher":"https:\/\/www.facebook.com\/aquimicasa.net","article_published_time":"2024-12-12T22:04:39+00:00","og_image":[{"width":470,"height":315,"url":"https:\/\/www.aquimicasa.net\/blog\/wp-content\/uploads\/Alquileres1-2.png","type":"image\/png"}],"author":"Eduardo Lizarraga","twitter_misc":{"Escrito por":"Eduardo Lizarraga","Tiempo de lectura":"5 minutos"},"schema":{"@context":"https:\/\/schema.org","@graph":[{"@type":"Article","@id":"https:\/\/www.aquimicasa.net\/blog\/consumo\/consumidores\/consumo-investiga-a-empresas-de-alquileres-turisticos\/#article","isPartOf":{"@id":"https:\/\/www.aquimicasa.net\/blog\/consumo\/consumidores\/consumo-investiga-a-empresas-de-alquileres-turisticos\/"},"author":{"name":"Eduardo Lizarraga","@id":"https:\/\/www.aquimicasa.net\/blog\/#\/schema\/person\/2cdfa2605534583395c8d7ce1d6cac14"},"headline":"El Ministerio de Consumo investiga a empresas de alquileres tur\u00edsticos","datePublished":"2024-12-12T22:04:39+00:00","mainEntityOfPage":{"@id":"https:\/\/www.aquimicasa.net\/blog\/consumo\/consumidores\/consumo-investiga-a-empresas-de-alquileres-turisticos\/"},"wordCount":1093,"commentCount":0,"publisher":{"@id":"https:\/\/www.aquimicasa.net\/blog\/#organization"},"image":{"@id":"https:\/\/www.aquimicasa.net\/blog\/consumo\/consumidores\/consumo-investiga-a-empresas-de-alquileres-turisticos\/#primaryimage"},"thumbnailUrl":"https:\/\/www.aquimicasa.net\/blog\/wp-content\/uploads\/Alquileres1-2.png","keywords":["newsletter 492"],"articleSection":["Alquiler","Consumidores"],"inLanguage":"es","potentialAction":[{"@type":"CommentAction","name":"Comment","target":["https:\/\/www.aquimicasa.net\/blog\/consumo\/consumidores\/consumo-investiga-a-empresas-de-alquileres-turisticos\/#respond"]}]},{"@type":"WebPage","@id":"https:\/\/www.aquimicasa.net\/blog\/consumo\/consumidores\/consumo-investiga-a-empresas-de-alquileres-turisticos\/","url":"https:\/\/www.aquimicasa.net\/blog\/consumo\/consumidores\/consumo-investiga-a-empresas-de-alquileres-turisticos\/","name":"Consumo investiga a empresas de alquileres tur\u00edsticos","isPartOf":{"@id":"https:\/\/www.aquimicasa.net\/blog\/#website"},"primaryImageOfPage":{"@id":"https:\/\/www.aquimicasa.net\/blog\/consumo\/consumidores\/consumo-investiga-a-empresas-de-alquileres-turisticos\/#primaryimage"},"image":{"@id":"https:\/\/www.aquimicasa.net\/blog\/consumo\/consumidores\/consumo-investiga-a-empresas-de-alquileres-turisticos\/#primaryimage"},"thumbnailUrl":"https:\/\/www.aquimicasa.net\/blog\/wp-content\/uploads\/Alquileres1-2.png","datePublished":"2024-12-12T22:04:39+00:00","description":"Muchas de las empresas investigadas han adoptado estrategias para disimular su car\u00e1cter empresarial y atraer as\u00ed a clientes","breadcrumb":{"@id":"https:\/\/www.aquimicasa.net\/blog\/consumo\/consumidores\/consumo-investiga-a-empresas-de-alquileres-turisticos\/#breadcrumb"},"inLanguage":"es","potentialAction":[{"@type":"ReadAction","target":["https:\/\/www.aquimicasa.net\/blog\/consumo\/consumidores\/consumo-investiga-a-empresas-de-alquileres-turisticos\/"]}]},{"@type":"ImageObject","inLanguage":"es","@id":"https:\/\/www.aquimicasa.net\/blog\/consumo\/consumidores\/consumo-investiga-a-empresas-de-alquileres-turisticos\/#primaryimage","url":"https:\/\/www.aquimicasa.net\/blog\/wp-content\/uploads\/Alquileres1-2.png","contentUrl":"https:\/\/www.aquimicasa.net\/blog\/wp-content\/uploads\/Alquileres1-2.png","width":470,"height":315,"caption":"La ley para regular el alquiler temporal se acerca"},{"@type":"BreadcrumbList","@id":"https:\/\/www.aquimicasa.net\/blog\/consumo\/consumidores\/consumo-investiga-a-empresas-de-alquileres-turisticos\/#breadcrumb","itemListElement":[{"@type":"ListItem","position":1,"name":"Portada","item":"https:\/\/www.aquimicasa.net\/blog\/"},{"@type":"ListItem","position":2,"name":"El Ministerio de Consumo investiga a empresas de alquileres tur\u00edsticos"}]},{"@type":"WebSite","@id":"https:\/\/www.aquimicasa.net\/blog\/#website","url":"https:\/\/www.aquimicasa.net\/blog\/","name":"Blog de aquimicasa.net","description":"Noticias del Mundo Inmobiliario","publisher":{"@id":"https:\/\/www.aquimicasa.net\/blog\/#organization"},"potentialAction":[{"@type":"SearchAction","target":{"@type":"EntryPoint","urlTemplate":"https:\/\/www.aquimicasa.net\/blog\/?s={search_term_string}"},"query-input":{"@type":"PropertyValueSpecification","valueRequired":true,"valueName":"search_term_string"}}],"inLanguage":"es"},{"@type":"Organization","@id":"https:\/\/www.aquimicasa.net\/blog\/#organization","name":"Blog de aquimicasa.net","url":"https:\/\/www.aquimicasa.net\/blog\/","logo":{"@type":"ImageObject","inLanguage":"es","@id":"https:\/\/www.aquimicasa.net\/blog\/#\/schema\/logo\/image\/","url":"https:\/\/www.aquimicasa.net\/blog\/wp-content\/uploads\/Logo-aquimicasa-1-e1528048213782.png","contentUrl":"https:\/\/www.aquimicasa.net\/blog\/wp-content\/uploads\/Logo-aquimicasa-1-e1528048213782.png","width":225,"height":225,"caption":"Blog de aquimicasa.net"},"image":{"@id":"https:\/\/www.aquimicasa.net\/blog\/#\/schema\/logo\/image\/"},"sameAs":["https:\/\/www.facebook.com\/aquimicasa.net","https:\/\/www.instagram.com\/","https:\/\/x.com\/EduLizarragaD","https:\/\/www.linkedin.com\/feed\/"]},{"@type":"Person","@id":"https:\/\/www.aquimicasa.net\/blog\/#\/schema\/person\/2cdfa2605534583395c8d7ce1d6cac14","name":"Eduardo Lizarraga","image":{"@type":"ImageObject","inLanguage":"es","@id":"https:\/\/secure.gravatar.com\/avatar\/bdabe1eeeed97b65a9cb7de2edd624b07995f7e13abc5fead15961f745f908cc?s=96&d=mm&r=g","url":"https:\/\/secure.gravatar.com\/avatar\/bdabe1eeeed97b65a9cb7de2edd624b07995f7e13abc5fead15961f745f908cc?s=96&d=mm&r=g","contentUrl":"https:\/\/secure.gravatar.com\/avatar\/bdabe1eeeed97b65a9cb7de2edd624b07995f7e13abc5fead15961f745f908cc?s=96&d=mm&r=g","caption":"Eduardo Lizarraga"},"description":"Periodista Econ\u00f3mico. Ha trabajado en diversos campos de la informaci\u00f3n. Corresponsal en conflictos, analista pol\u00edtico en Congreso y Senado, periodista del medio ambiente, editor, director editorial, director de comunicaci\u00f3n.... En estos momentos se ha especializado en el sector inmobiliario. Pero tambi\u00e9n es navegante y viajero, preocupado por la pobreza, el medio ambiente y por las actuaciones descontroladas del neoliberalismo empresarial y pol\u00edtico en todo el mundo. Los desahucios, la pobreza infantil y la falta de acceso a los suministros b\u00e1sicos son algunos de los grandes dramas de nuestra sociedad y que es preciso solucionar para hacerla m\u00e1s justa. CEO en www.aquimicasa.net","sameAs":["https:\/\/www.aquimicasa.net\/"],"url":"https:\/\/www.aquimicasa.net\/blog\/author\/eduardo\/"}]}},"jetpack_publicize_connections":[],"jetpack_featured_media_url":"https:\/\/www.aquimicasa.net\/blog\/wp-content\/uploads\/Alquileres1-2.png","jetpack_sharing_enabled":true,"jetpack_likes_enabled":true,"_links":{"self":[{"href":"https:\/\/www.aquimicasa.net\/blog\/wp-json\/wp\/v2\/posts\/49704","targetHints":{"allow":["GET"]}}],"collection":[{"href":"https:\/\/www.aquimicasa.net\/blog\/wp-json\/wp\/v2\/posts"}],"about":[{"href":"https:\/\/www.aquimicasa.net\/blog\/wp-json\/wp\/v2\/types\/post"}],"author":[{"embeddable":true,"href":"https:\/\/www.aquimicasa.net\/blog\/wp-json\/wp\/v2\/users\/3"}],"replies":[{"embeddable":true,"href":"https:\/\/www.aquimicasa.net\/blog\/wp-json\/wp\/v2\/comments?post=49704"}],"version-history":[{"count":2,"href":"https:\/\/www.aquimicasa.net\/blog\/wp-json\/wp\/v2\/posts\/49704\/revisions"}],"predecessor-version":[{"id":49706,"href":"https:\/\/www.aquimicasa.net\/blog\/wp-json\/wp\/v2\/posts\/49704\/revisions\/49706"}],"wp:featuredmedia":[{"embeddable":true,"href":"https:\/\/www.aquimicasa.net\/blog\/wp-json\/wp\/v2\/media\/47449"}],"wp:attachment":[{"href":"https:\/\/www.aquimicasa.net\/blog\/wp-json\/wp\/v2\/media?parent=49704"}],"wp:term":[{"taxonomy":"category","embeddable":true,"href":"https:\/\/www.aquimicasa.net\/blog\/wp-json\/wp\/v2\/categories?post=49704"},{"taxonomy":"post_tag","embeddable":true,"href":"https:\/\/www.aquimicasa.net\/blog\/wp-json\/wp\/v2\/tags?post=49704"}],"curies":[{"name":"wp","href":"https:\/\/api.w.org\/{rel}","templated":true}]}}