{"id":50020,"date":"2025-01-13T21:21:05","date_gmt":"2025-01-13T20:21:05","guid":{"rendered":"https:\/\/www.aquimicasa.net\/blog\/?p=50020"},"modified":"2025-02-07T22:10:31","modified_gmt":"2025-02-07T21:10:31","slug":"los-fondos-de-inversion-en-vivienda-abandonan-cataluna","status":"publish","type":"post","link":"https:\/\/www.aquimicasa.net\/blog\/vivienda\/alquileres\/los-fondos-de-inversion-en-vivienda-abandonan-cataluna\/","title":{"rendered":"Los Fondos de Inversi\u00f3n en vivienda abandonan Catalu\u00f1a"},"content":{"rendered":"<div class=\"fusion-fullwidth fullwidth-box fusion-builder-row-1 fusion-flex-container nonhundred-percent-fullwidth non-hundred-percent-height-scrolling\" style=\"background-color: rgba(255,255,255,0);background-position: center center;background-repeat: no-repeat;border-width: 0px 0px 0px 0px;border-color:#eae9e9;border-style:solid;\" ><div class=\"fusion-builder-row fusion-row fusion-flex-align-items-flex-start\" style=\"max-width:1144px;margin-left: calc(-4% \/ 2 );margin-right: calc(-4% \/ 2 );\"><div class=\"fusion-layout-column fusion_builder_column fusion-builder-column-0 fusion_builder_column_1_1 1_1 fusion-flex-column\"><div class=\"fusion-column-wrapper fusion-flex-justify-content-flex-start fusion-content-layout-column\" style=\"background-position:left top;background-repeat:no-repeat;-webkit-background-size:cover;-moz-background-size:cover;-o-background-size:cover;background-size:cover;padding: 0px 0px 0px 0px;\"><div class=\"fusion-text fusion-text-1\"><div class=\"flex max-w-full flex-col flex-grow\">\n<div class=\"min-h-8 text-message flex w-full flex-col items-end gap-2 whitespace-normal break-words text-start &#091;.text-message+&amp;&#093;:mt-5\" dir=\"auto\" data-message-author-role=\"assistant\" data-message-id=\"91788b40-5949-4bc0-9afd-9ea2d9c5c1e9\" data-message-model-slug=\"gpt-4o\">\n<div class=\"flex w-full flex-col gap-1 empty:hidden first:pt-&#091;3px&#093;\">\n<div class=\"markdown prose w-full break-words dark:prose-invert light\">\n<p>La din\u00e1mica del mercado inmobiliario en Catalu\u00f1a est\u00e1 cambiando dr\u00e1sticamente. La presi\u00f3n legislativa sobre los precios de alquiler y las medidas regulatorias han llevado a muchos fondos de inversi\u00f3n a <strong>replantear sus estrategias en la regi\u00f3n<\/strong>. En un movimiento que ya se percibe como tendencia, los grandes propietarios est\u00e1n abandonando progresivamente el sector del alquiler en Catalu\u00f1a, optando por vender sus inmuebles de forma individual.<\/p>\n<h2><strong>La presi\u00f3n legislativa como causa principal<\/strong><\/h2>\n<p>La regulaci\u00f3n del alquiler en Catalu\u00f1a, impulsada tanto por la Generalitat como por la nueva Ley de Vivienda estatal, ha sido el detonante de esta desbandada. En particular, la declaraci\u00f3n de 140 municipios como <strong>zonas tensionadas<\/strong>, junto con el tope en los precios de los contratos de alquiler, ha reducido significativamente la rentabilidad para los grandes inversores.<\/p>\n<p>Estos cambios han sido recibidos con fuertes cr\u00edticas desde el sector. Los fondos argumentan que la rigidez de las normativas dificulta la viabilidad financiera del alquiler. Para ellos, la combinaci\u00f3n de l\u00edmites en las rentas y obligaciones hacia los inquilinos vulnerables ha convertido el mercado en un entorno poco atractivo para invertir.<\/p>\n<h2><strong>La suficiente rentabilidad desaparece<\/strong><\/h2>\n<p>En t\u00e9rminos financieros, los alquileres en Catalu\u00f1a ofrecen actualmente una rentabilidad de entre el <strong>3% y el 4%<\/strong>, cifras que, seg\u00fan los grandes inversores, no justifican los riesgos asociados. Sin la posibilidad de revalorizar las rentas, los fondos consideran que mantener inmuebles en alquiler ha dejado de ser una opci\u00f3n viable.<\/p>\n<p>Por ello, las empresas como Blackstone, Cerberus y Vivenio est\u00e1n optando por la <strong>venta minorista<\/strong> de sus propiedades. Esta estrategia les permite maximizar beneficios al capitalizar la alta demanda en el mercado de compraventa, especialmente en una regi\u00f3n donde la oferta sigue siendo limitada.<\/p>\n<h2><strong>Los fondos compraron las viviendas por paquetes a los bancos<\/strong><\/h2>\n<p>Muchos de los inmuebles que ahora se venden pertenecen a carteras adquiridas durante la crisis econ\u00f3mica. Los grandes fondos compraron estas viviendas en <strong>paquetes a los bancos<\/strong>, necesitados de sanear sus cuentas desembaraz\u00e1ndose del ladrillo, a menudo a precios muy por debajo del valor de mercado.<\/p>\n<p>Un ejemplo significativo es la cartera H\u00e9rcules, adquirida por Blackstone y procedente de activos t\u00f3xicos de CatalunyaCaixa. Aunque inicialmente se destinaron al alquiler, las condiciones del mercado y la baja rentabilidad esperada han llevado a su desinversi\u00f3n progresiva.<\/p>\n<h2><strong>Las viviendas de los desahuciados, ahora en venta<\/strong><\/h2>\n<p>Una parte de estas propiedades incluye viviendas que pertenecieron a familias desahuciadas durante los a\u00f1os m\u00e1s duros de la crisis financiera. Estos inmuebles, comprados a precios reducidos, ahora se venden de forma individual a <strong>precios de mercado<\/strong>, obteniendo altos m\u00e1rgenes de beneficio.<\/p>\n<p>Este fen\u00f3meno, aunque genera oportunidades en el mercado de compraventa, <strong>reduce a\u00fan m\u00e1s la oferta de alquiler<\/strong>, agravando la ya delicada situaci\u00f3n para los inquilinos.<\/p>\n<h2><strong>M\u00e1s de 10.000 viviendas podr\u00edan pasar al mercado de compraventa<\/strong><\/h2>\n<p>Diversos an\u00e1lisis apuntan a que m\u00e1s de <strong>10.000 viviendas<\/strong> en Catalu\u00f1a podr\u00edan salir del mercado de alquiler y pasar al canal de compraventa. Este cambio podr\u00eda aliviar la tensi\u00f3n en el segmento de compra, pero incrementar\u00e1 los problemas en el alquiler, un sector que ya enfrenta una oferta insuficiente frente a la demanda creciente.<\/p>\n<p>Empresas como Blackstone, Cerberus y Vivenio est\u00e1n liderando esta tendencia, junto con otros actores como Azora y CBRE Investment Management. En algunos casos, estas desinversiones incluyen tambi\u00e9n la venta de activos en municipios como Badalona y Sant Just Desvern, donde Patrizia, un fondo alem\u00e1n, ha optado por liquidar su cartera.<\/p>\n<h2><strong>Las consecuencias de esta situaci\u00f3n se ven muy diferente<\/strong><\/h2>\n<p>Las consecuencias de estas decisiones son objeto de debate. Desde el sector inmobiliario, la retirada de los grandes fondos se considera una <strong>p\u00e9rdida de capital clave<\/strong> para aumentar la oferta de viviendas. Se argumenta que la inversi\u00f3n privada, a menudo en colaboraci\u00f3n con las administraciones p\u00fablicas, es fundamental para la construcci\u00f3n de un parque de vivienda suficiente para satisfacer la demanda.<\/p>\n<p>Por otro lado, movimientos sociales y partidos de izquierda critican a los fondos, acus\u00e1ndolos de priorizar la especulaci\u00f3n y de contribuir al incremento de los precios. Para estos sectores, la salida de los grandes inversores podr\u00eda abrir la puerta a <strong>modelos m\u00e1s justos y sostenibles<\/strong>, centrados en el inter\u00e9s social en lugar del financiero.<\/p>\n<h2><strong>\u00bfEs este el camino adecuado?<\/strong><\/h2>\n<p>El \u00e9xodo de los fondos de inversi\u00f3n en Catalu\u00f1a pone de manifiesto un conflicto fundamental: la <strong>tensi\u00f3n entre el derecho a la vivienda y el mercado como motor econ\u00f3mico<\/strong>. Si bien las regulaciones han reducido la rentabilidad de los grandes propietarios, tambi\u00e9n han permitido contener los precios del alquiler en algunas zonas.<\/p>\n<p>La Generalitat reporta ca\u00eddas interanuales del 1,1% en las rentas en Catalu\u00f1a y del 3,2% en Barcelona. Sin embargo, otras fuentes se\u00f1alan que muchos propietarios est\u00e1n optando por convertir sus viviendas en alquileres temporales o tur\u00edsticos, lo que incrementa la presi\u00f3n sobre el mercado.<\/p>\n<p>Este dilema no tiene una soluci\u00f3n sencilla. Mientras las regulaciones buscan proteger a los inquilinos, el abandono de los inversores podr\u00eda <strong>reducir a\u00fan m\u00e1s la oferta<\/strong>, perpetuando el problema estructural del acceso a la vivienda.<\/p>\n<h2><strong>La marcha de los fondos es un punto a tener en cuenta<\/strong><\/h2>\n<p>La salida de los fondos de inversi\u00f3n del mercado de alquiler en Catalu\u00f1a marca un punto de inflexi\u00f3n en el sector inmobiliario. Si bien las medidas regulatorias han buscado garantizar el derecho a la vivienda, su impacto a largo plazo plantea serias dudas sobre la capacidad del mercado para satisfacer la demanda.<\/p>\n<p>En este contexto, ser\u00e1 crucial encontrar un equilibrio que permita combinar la protecci\u00f3n de los inquilinos con incentivos suficientes para que los grandes inversores contin\u00faen participando en el mercado. Sin este balance, el acceso a la vivienda en Catalu\u00f1a seguir\u00e1 siendo uno de los mayores desaf\u00edos sociales y econ\u00f3micos de nuestra \u00e9poca.<\/p>\n<\/div>\n<\/div>\n<\/div>\n<\/div>\n<\/div><\/div><style type=\"text\/css\">.fusion-body .fusion-builder-column-0{width:100% !important;margin-top : 0px;margin-bottom : 0px;}.fusion-builder-column-0 > .fusion-column-wrapper {padding-top : 0px !important;padding-right : 0px !important;margin-right : 1.92%;padding-bottom : 0px !important;padding-left : 0px !important;margin-left : 1.92%;}@media only screen and (max-width:1024px) {.fusion-body .fusion-builder-column-0{width:100% !important;}.fusion-builder-column-0 > .fusion-column-wrapper {margin-right : 1.92%;margin-left : 1.92%;}}@media only screen and (max-width:640px) {.fusion-body .fusion-builder-column-0{width:100% !important;}.fusion-builder-column-0 > .fusion-column-wrapper {margin-right : 1.92%;margin-left : 1.92%;}}<\/style><\/div><\/div><style type=\"text\/css\">.fusion-body .fusion-flex-container.fusion-builder-row-1{ padding-top : 0px;margin-top : 0px;padding-right : 0px;padding-bottom : 0px;margin-bottom : 0px;padding-left : 0px;}<\/style><\/div>\n","protected":false},"excerpt":{"rendered":"<p>La regulaci\u00f3n del alquiler en Catalu\u00f1a, impulsada tanto por la Generalitat como por la nueva Ley de Vivienda estatal, ha sido el detonante de esta desbandada. En particular, la declaraci\u00f3n de 140 municipios como zonas tensionadas, junto con el tope en los precios de los contratos de alquiler, ha reducido significativamente la rentabilidad para los grandes inversores.<\/p>\n","protected":false},"author":3,"featured_media":50035,"comment_status":"open","ping_status":"closed","sticky":false,"template":"","format":"standard","meta":{"_jetpack_memberships_contains_paid_content":false,"footnotes":"","jetpack_publicize_message":"","jetpack_publicize_feature_enabled":true,"jetpack_social_post_already_shared":true,"jetpack_social_options":{"image_generator_settings":{"template":"highway","default_image_id":0,"font":"","enabled":false},"version":2}},"categories":[120],"tags":[8208,7568],"class_list":["post-50020","post","type-post","status-publish","format-standard","has-post-thumbnail","hentry","category-alquileres","tag-newsletter-496","tag-noticia-de-portada"],"yoast_head":"<!-- This site is optimized with the Yoast SEO plugin v27.5 - https:\/\/yoast.com\/product\/yoast-seo-wordpress\/ -->\n<title>Los Fondos de Inversi\u00f3n en vivienda abandonan Catalu\u00f1a<\/title>\n<meta name=\"description\" content=\"Las medidas regulatorias en Catalu\u00f1a han llevado a muchos fondos de inversi\u00f3n a replantear sus estrategias en la regi\u00f3n\" \/>\n<meta name=\"robots\" content=\"index, follow, max-snippet:-1, max-image-preview:large, max-video-preview:-1\" \/>\n<link rel=\"canonical\" href=\"https:\/\/www.aquimicasa.net\/blog\/vivienda\/alquileres\/los-fondos-de-inversion-en-vivienda-abandonan-cataluna\/\" \/>\n<meta property=\"og:locale\" content=\"es_ES\" \/>\n<meta property=\"og:type\" content=\"article\" \/>\n<meta property=\"og:title\" content=\"Los Fondos de Inversi\u00f3n en vivienda abandonan Catalu\u00f1a\" \/>\n<meta property=\"og:description\" content=\"Las medidas regulatorias en Catalu\u00f1a han llevado a muchos fondos de inversi\u00f3n a replantear sus estrategias en la regi\u00f3n\" \/>\n<meta property=\"og:url\" content=\"https:\/\/www.aquimicasa.net\/blog\/vivienda\/alquileres\/los-fondos-de-inversion-en-vivienda-abandonan-cataluna\/\" \/>\n<meta property=\"og:site_name\" content=\"Blog de aquimicasa.net\" \/>\n<meta property=\"article:publisher\" content=\"https:\/\/www.facebook.com\/aquimicasa.net\" \/>\n<meta property=\"article:published_time\" content=\"2025-01-13T20:21:05+00:00\" \/>\n<meta property=\"article:modified_time\" content=\"2025-02-07T21:10:31+00:00\" \/>\n<meta property=\"og:image\" content=\"https:\/\/www.aquimicasa.net\/blog\/wp-content\/uploads\/Alquileres1-4.png\" \/>\n\t<meta property=\"og:image:width\" content=\"470\" \/>\n\t<meta property=\"og:image:height\" content=\"315\" \/>\n\t<meta property=\"og:image:type\" content=\"image\/png\" \/>\n<meta name=\"author\" content=\"Eduardo Lizarraga\" \/>\n<meta name=\"twitter:label1\" content=\"Escrito por\" \/>\n\t<meta name=\"twitter:data1\" content=\"Eduardo Lizarraga\" \/>\n\t<meta name=\"twitter:label2\" content=\"Tiempo de lectura\" \/>\n\t<meta name=\"twitter:data2\" content=\"5 minutos\" \/>\n<script type=\"application\/ld+json\" class=\"yoast-schema-graph\">{\"@context\":\"https:\\\/\\\/schema.org\",\"@graph\":[{\"@type\":\"Article\",\"@id\":\"https:\\\/\\\/www.aquimicasa.net\\\/blog\\\/vivienda\\\/alquileres\\\/los-fondos-de-inversion-en-vivienda-abandonan-cataluna\\\/#article\",\"isPartOf\":{\"@id\":\"https:\\\/\\\/www.aquimicasa.net\\\/blog\\\/vivienda\\\/alquileres\\\/los-fondos-de-inversion-en-vivienda-abandonan-cataluna\\\/\"},\"author\":{\"name\":\"Eduardo Lizarraga\",\"@id\":\"https:\\\/\\\/www.aquimicasa.net\\\/blog\\\/#\\\/schema\\\/person\\\/2cdfa2605534583395c8d7ce1d6cac14\"},\"headline\":\"Los Fondos de Inversi\u00f3n en vivienda abandonan Catalu\u00f1a\",\"datePublished\":\"2025-01-13T20:21:05+00:00\",\"dateModified\":\"2025-02-07T21:10:31+00:00\",\"mainEntityOfPage\":{\"@id\":\"https:\\\/\\\/www.aquimicasa.net\\\/blog\\\/vivienda\\\/alquileres\\\/los-fondos-de-inversion-en-vivienda-abandonan-cataluna\\\/\"},\"wordCount\":1258,\"commentCount\":0,\"publisher\":{\"@id\":\"https:\\\/\\\/www.aquimicasa.net\\\/blog\\\/#organization\"},\"image\":{\"@id\":\"https:\\\/\\\/www.aquimicasa.net\\\/blog\\\/vivienda\\\/alquileres\\\/los-fondos-de-inversion-en-vivienda-abandonan-cataluna\\\/#primaryimage\"},\"thumbnailUrl\":\"https:\\\/\\\/www.aquimicasa.net\\\/blog\\\/wp-content\\\/uploads\\\/Alquileres1-4.png\",\"keywords\":[\"newsletter 496\",\"noticia de portada\"],\"articleSection\":[\"Alquiler\"],\"inLanguage\":\"es\",\"potentialAction\":[{\"@type\":\"CommentAction\",\"name\":\"Comment\",\"target\":[\"https:\\\/\\\/www.aquimicasa.net\\\/blog\\\/vivienda\\\/alquileres\\\/los-fondos-de-inversion-en-vivienda-abandonan-cataluna\\\/#respond\"]}]},{\"@type\":\"WebPage\",\"@id\":\"https:\\\/\\\/www.aquimicasa.net\\\/blog\\\/vivienda\\\/alquileres\\\/los-fondos-de-inversion-en-vivienda-abandonan-cataluna\\\/\",\"url\":\"https:\\\/\\\/www.aquimicasa.net\\\/blog\\\/vivienda\\\/alquileres\\\/los-fondos-de-inversion-en-vivienda-abandonan-cataluna\\\/\",\"name\":\"Los Fondos de Inversi\u00f3n en vivienda abandonan Catalu\u00f1a\",\"isPartOf\":{\"@id\":\"https:\\\/\\\/www.aquimicasa.net\\\/blog\\\/#website\"},\"primaryImageOfPage\":{\"@id\":\"https:\\\/\\\/www.aquimicasa.net\\\/blog\\\/vivienda\\\/alquileres\\\/los-fondos-de-inversion-en-vivienda-abandonan-cataluna\\\/#primaryimage\"},\"image\":{\"@id\":\"https:\\\/\\\/www.aquimicasa.net\\\/blog\\\/vivienda\\\/alquileres\\\/los-fondos-de-inversion-en-vivienda-abandonan-cataluna\\\/#primaryimage\"},\"thumbnailUrl\":\"https:\\\/\\\/www.aquimicasa.net\\\/blog\\\/wp-content\\\/uploads\\\/Alquileres1-4.png\",\"datePublished\":\"2025-01-13T20:21:05+00:00\",\"dateModified\":\"2025-02-07T21:10:31+00:00\",\"description\":\"Las medidas regulatorias en Catalu\u00f1a han llevado a muchos fondos de inversi\u00f3n a replantear sus estrategias en la regi\u00f3n\",\"breadcrumb\":{\"@id\":\"https:\\\/\\\/www.aquimicasa.net\\\/blog\\\/vivienda\\\/alquileres\\\/los-fondos-de-inversion-en-vivienda-abandonan-cataluna\\\/#breadcrumb\"},\"inLanguage\":\"es\",\"potentialAction\":[{\"@type\":\"ReadAction\",\"target\":[\"https:\\\/\\\/www.aquimicasa.net\\\/blog\\\/vivienda\\\/alquileres\\\/los-fondos-de-inversion-en-vivienda-abandonan-cataluna\\\/\"]}]},{\"@type\":\"ImageObject\",\"inLanguage\":\"es\",\"@id\":\"https:\\\/\\\/www.aquimicasa.net\\\/blog\\\/vivienda\\\/alquileres\\\/los-fondos-de-inversion-en-vivienda-abandonan-cataluna\\\/#primaryimage\",\"url\":\"https:\\\/\\\/www.aquimicasa.net\\\/blog\\\/wp-content\\\/uploads\\\/Alquileres1-4.png\",\"contentUrl\":\"https:\\\/\\\/www.aquimicasa.net\\\/blog\\\/wp-content\\\/uploads\\\/Alquileres1-4.png\",\"width\":470,\"height\":315,\"caption\":\"El BOE publica las nuevas zonas tensionadas\"},{\"@type\":\"BreadcrumbList\",\"@id\":\"https:\\\/\\\/www.aquimicasa.net\\\/blog\\\/vivienda\\\/alquileres\\\/los-fondos-de-inversion-en-vivienda-abandonan-cataluna\\\/#breadcrumb\",\"itemListElement\":[{\"@type\":\"ListItem\",\"position\":1,\"name\":\"Portada\",\"item\":\"https:\\\/\\\/www.aquimicasa.net\\\/blog\\\/\"},{\"@type\":\"ListItem\",\"position\":2,\"name\":\"Los Fondos de Inversi\u00f3n en vivienda abandonan Catalu\u00f1a\"}]},{\"@type\":\"WebSite\",\"@id\":\"https:\\\/\\\/www.aquimicasa.net\\\/blog\\\/#website\",\"url\":\"https:\\\/\\\/www.aquimicasa.net\\\/blog\\\/\",\"name\":\"Blog de aquimicasa.net\",\"description\":\"Noticias del Mundo Inmobiliario\",\"publisher\":{\"@id\":\"https:\\\/\\\/www.aquimicasa.net\\\/blog\\\/#organization\"},\"potentialAction\":[{\"@type\":\"SearchAction\",\"target\":{\"@type\":\"EntryPoint\",\"urlTemplate\":\"https:\\\/\\\/www.aquimicasa.net\\\/blog\\\/?s={search_term_string}\"},\"query-input\":{\"@type\":\"PropertyValueSpecification\",\"valueRequired\":true,\"valueName\":\"search_term_string\"}}],\"inLanguage\":\"es\"},{\"@type\":\"Organization\",\"@id\":\"https:\\\/\\\/www.aquimicasa.net\\\/blog\\\/#organization\",\"name\":\"Blog de aquimicasa.net\",\"url\":\"https:\\\/\\\/www.aquimicasa.net\\\/blog\\\/\",\"logo\":{\"@type\":\"ImageObject\",\"inLanguage\":\"es\",\"@id\":\"https:\\\/\\\/www.aquimicasa.net\\\/blog\\\/#\\\/schema\\\/logo\\\/image\\\/\",\"url\":\"https:\\\/\\\/www.aquimicasa.net\\\/blog\\\/wp-content\\\/uploads\\\/Logo-aquimicasa-1-e1528048213782.png\",\"contentUrl\":\"https:\\\/\\\/www.aquimicasa.net\\\/blog\\\/wp-content\\\/uploads\\\/Logo-aquimicasa-1-e1528048213782.png\",\"width\":225,\"height\":225,\"caption\":\"Blog de aquimicasa.net\"},\"image\":{\"@id\":\"https:\\\/\\\/www.aquimicasa.net\\\/blog\\\/#\\\/schema\\\/logo\\\/image\\\/\"},\"sameAs\":[\"https:\\\/\\\/www.facebook.com\\\/aquimicasa.net\",\"https:\\\/\\\/www.instagram.com\\\/\",\"https:\\\/\\\/x.com\\\/EduLizarragaD\",\"https:\\\/\\\/www.linkedin.com\\\/feed\\\/\"]},{\"@type\":\"Person\",\"@id\":\"https:\\\/\\\/www.aquimicasa.net\\\/blog\\\/#\\\/schema\\\/person\\\/2cdfa2605534583395c8d7ce1d6cac14\",\"name\":\"Eduardo Lizarraga\",\"image\":{\"@type\":\"ImageObject\",\"inLanguage\":\"es\",\"@id\":\"https:\\\/\\\/secure.gravatar.com\\\/avatar\\\/bdabe1eeeed97b65a9cb7de2edd624b07995f7e13abc5fead15961f745f908cc?s=96&d=mm&r=g\",\"url\":\"https:\\\/\\\/secure.gravatar.com\\\/avatar\\\/bdabe1eeeed97b65a9cb7de2edd624b07995f7e13abc5fead15961f745f908cc?s=96&d=mm&r=g\",\"contentUrl\":\"https:\\\/\\\/secure.gravatar.com\\\/avatar\\\/bdabe1eeeed97b65a9cb7de2edd624b07995f7e13abc5fead15961f745f908cc?s=96&d=mm&r=g\",\"caption\":\"Eduardo Lizarraga\"},\"description\":\"Periodista Econ\u00f3mico. Ha trabajado en diversos campos de la informaci\u00f3n. Corresponsal en conflictos, analista pol\u00edtico en Congreso y Senado, periodista del medio ambiente, editor, director editorial, director de comunicaci\u00f3n.... En estos momentos se ha especializado en el sector inmobiliario. Pero tambi\u00e9n es navegante y viajero, preocupado por la pobreza, el medio ambiente y por las actuaciones descontroladas del neoliberalismo empresarial y pol\u00edtico en todo el mundo. Los desahucios, la pobreza infantil y la falta de acceso a los suministros b\u00e1sicos son algunos de los grandes dramas de nuestra sociedad y que es preciso solucionar para hacerla m\u00e1s justa. CEO en www.aquimicasa.net\",\"sameAs\":[\"https:\\\/\\\/www.aquimicasa.net\\\/\"],\"url\":\"https:\\\/\\\/www.aquimicasa.net\\\/blog\\\/author\\\/eduardo\\\/\"}]}<\/script>\n<!-- \/ Yoast SEO plugin. -->","yoast_head_json":{"title":"Los Fondos de Inversi\u00f3n en vivienda abandonan Catalu\u00f1a","description":"Las medidas regulatorias en Catalu\u00f1a han llevado a muchos fondos de inversi\u00f3n a replantear sus estrategias en la regi\u00f3n","robots":{"index":"index","follow":"follow","max-snippet":"max-snippet:-1","max-image-preview":"max-image-preview:large","max-video-preview":"max-video-preview:-1"},"canonical":"https:\/\/www.aquimicasa.net\/blog\/vivienda\/alquileres\/los-fondos-de-inversion-en-vivienda-abandonan-cataluna\/","og_locale":"es_ES","og_type":"article","og_title":"Los Fondos de Inversi\u00f3n en vivienda abandonan Catalu\u00f1a","og_description":"Las medidas regulatorias en Catalu\u00f1a han llevado a muchos fondos de inversi\u00f3n a replantear sus estrategias en la regi\u00f3n","og_url":"https:\/\/www.aquimicasa.net\/blog\/vivienda\/alquileres\/los-fondos-de-inversion-en-vivienda-abandonan-cataluna\/","og_site_name":"Blog de aquimicasa.net","article_publisher":"https:\/\/www.facebook.com\/aquimicasa.net","article_published_time":"2025-01-13T20:21:05+00:00","article_modified_time":"2025-02-07T21:10:31+00:00","og_image":[{"width":470,"height":315,"url":"https:\/\/www.aquimicasa.net\/blog\/wp-content\/uploads\/Alquileres1-4.png","type":"image\/png"}],"author":"Eduardo Lizarraga","twitter_misc":{"Escrito por":"Eduardo Lizarraga","Tiempo de lectura":"5 minutos"},"schema":{"@context":"https:\/\/schema.org","@graph":[{"@type":"Article","@id":"https:\/\/www.aquimicasa.net\/blog\/vivienda\/alquileres\/los-fondos-de-inversion-en-vivienda-abandonan-cataluna\/#article","isPartOf":{"@id":"https:\/\/www.aquimicasa.net\/blog\/vivienda\/alquileres\/los-fondos-de-inversion-en-vivienda-abandonan-cataluna\/"},"author":{"name":"Eduardo Lizarraga","@id":"https:\/\/www.aquimicasa.net\/blog\/#\/schema\/person\/2cdfa2605534583395c8d7ce1d6cac14"},"headline":"Los Fondos de Inversi\u00f3n en vivienda abandonan Catalu\u00f1a","datePublished":"2025-01-13T20:21:05+00:00","dateModified":"2025-02-07T21:10:31+00:00","mainEntityOfPage":{"@id":"https:\/\/www.aquimicasa.net\/blog\/vivienda\/alquileres\/los-fondos-de-inversion-en-vivienda-abandonan-cataluna\/"},"wordCount":1258,"commentCount":0,"publisher":{"@id":"https:\/\/www.aquimicasa.net\/blog\/#organization"},"image":{"@id":"https:\/\/www.aquimicasa.net\/blog\/vivienda\/alquileres\/los-fondos-de-inversion-en-vivienda-abandonan-cataluna\/#primaryimage"},"thumbnailUrl":"https:\/\/www.aquimicasa.net\/blog\/wp-content\/uploads\/Alquileres1-4.png","keywords":["newsletter 496","noticia de portada"],"articleSection":["Alquiler"],"inLanguage":"es","potentialAction":[{"@type":"CommentAction","name":"Comment","target":["https:\/\/www.aquimicasa.net\/blog\/vivienda\/alquileres\/los-fondos-de-inversion-en-vivienda-abandonan-cataluna\/#respond"]}]},{"@type":"WebPage","@id":"https:\/\/www.aquimicasa.net\/blog\/vivienda\/alquileres\/los-fondos-de-inversion-en-vivienda-abandonan-cataluna\/","url":"https:\/\/www.aquimicasa.net\/blog\/vivienda\/alquileres\/los-fondos-de-inversion-en-vivienda-abandonan-cataluna\/","name":"Los Fondos de Inversi\u00f3n en vivienda abandonan Catalu\u00f1a","isPartOf":{"@id":"https:\/\/www.aquimicasa.net\/blog\/#website"},"primaryImageOfPage":{"@id":"https:\/\/www.aquimicasa.net\/blog\/vivienda\/alquileres\/los-fondos-de-inversion-en-vivienda-abandonan-cataluna\/#primaryimage"},"image":{"@id":"https:\/\/www.aquimicasa.net\/blog\/vivienda\/alquileres\/los-fondos-de-inversion-en-vivienda-abandonan-cataluna\/#primaryimage"},"thumbnailUrl":"https:\/\/www.aquimicasa.net\/blog\/wp-content\/uploads\/Alquileres1-4.png","datePublished":"2025-01-13T20:21:05+00:00","dateModified":"2025-02-07T21:10:31+00:00","description":"Las medidas regulatorias en Catalu\u00f1a han llevado a muchos fondos de inversi\u00f3n a replantear sus estrategias en la regi\u00f3n","breadcrumb":{"@id":"https:\/\/www.aquimicasa.net\/blog\/vivienda\/alquileres\/los-fondos-de-inversion-en-vivienda-abandonan-cataluna\/#breadcrumb"},"inLanguage":"es","potentialAction":[{"@type":"ReadAction","target":["https:\/\/www.aquimicasa.net\/blog\/vivienda\/alquileres\/los-fondos-de-inversion-en-vivienda-abandonan-cataluna\/"]}]},{"@type":"ImageObject","inLanguage":"es","@id":"https:\/\/www.aquimicasa.net\/blog\/vivienda\/alquileres\/los-fondos-de-inversion-en-vivienda-abandonan-cataluna\/#primaryimage","url":"https:\/\/www.aquimicasa.net\/blog\/wp-content\/uploads\/Alquileres1-4.png","contentUrl":"https:\/\/www.aquimicasa.net\/blog\/wp-content\/uploads\/Alquileres1-4.png","width":470,"height":315,"caption":"El BOE publica las nuevas zonas tensionadas"},{"@type":"BreadcrumbList","@id":"https:\/\/www.aquimicasa.net\/blog\/vivienda\/alquileres\/los-fondos-de-inversion-en-vivienda-abandonan-cataluna\/#breadcrumb","itemListElement":[{"@type":"ListItem","position":1,"name":"Portada","item":"https:\/\/www.aquimicasa.net\/blog\/"},{"@type":"ListItem","position":2,"name":"Los Fondos de Inversi\u00f3n en vivienda abandonan Catalu\u00f1a"}]},{"@type":"WebSite","@id":"https:\/\/www.aquimicasa.net\/blog\/#website","url":"https:\/\/www.aquimicasa.net\/blog\/","name":"Blog de aquimicasa.net","description":"Noticias del Mundo Inmobiliario","publisher":{"@id":"https:\/\/www.aquimicasa.net\/blog\/#organization"},"potentialAction":[{"@type":"SearchAction","target":{"@type":"EntryPoint","urlTemplate":"https:\/\/www.aquimicasa.net\/blog\/?s={search_term_string}"},"query-input":{"@type":"PropertyValueSpecification","valueRequired":true,"valueName":"search_term_string"}}],"inLanguage":"es"},{"@type":"Organization","@id":"https:\/\/www.aquimicasa.net\/blog\/#organization","name":"Blog de aquimicasa.net","url":"https:\/\/www.aquimicasa.net\/blog\/","logo":{"@type":"ImageObject","inLanguage":"es","@id":"https:\/\/www.aquimicasa.net\/blog\/#\/schema\/logo\/image\/","url":"https:\/\/www.aquimicasa.net\/blog\/wp-content\/uploads\/Logo-aquimicasa-1-e1528048213782.png","contentUrl":"https:\/\/www.aquimicasa.net\/blog\/wp-content\/uploads\/Logo-aquimicasa-1-e1528048213782.png","width":225,"height":225,"caption":"Blog de aquimicasa.net"},"image":{"@id":"https:\/\/www.aquimicasa.net\/blog\/#\/schema\/logo\/image\/"},"sameAs":["https:\/\/www.facebook.com\/aquimicasa.net","https:\/\/www.instagram.com\/","https:\/\/x.com\/EduLizarragaD","https:\/\/www.linkedin.com\/feed\/"]},{"@type":"Person","@id":"https:\/\/www.aquimicasa.net\/blog\/#\/schema\/person\/2cdfa2605534583395c8d7ce1d6cac14","name":"Eduardo Lizarraga","image":{"@type":"ImageObject","inLanguage":"es","@id":"https:\/\/secure.gravatar.com\/avatar\/bdabe1eeeed97b65a9cb7de2edd624b07995f7e13abc5fead15961f745f908cc?s=96&d=mm&r=g","url":"https:\/\/secure.gravatar.com\/avatar\/bdabe1eeeed97b65a9cb7de2edd624b07995f7e13abc5fead15961f745f908cc?s=96&d=mm&r=g","contentUrl":"https:\/\/secure.gravatar.com\/avatar\/bdabe1eeeed97b65a9cb7de2edd624b07995f7e13abc5fead15961f745f908cc?s=96&d=mm&r=g","caption":"Eduardo Lizarraga"},"description":"Periodista Econ\u00f3mico. Ha trabajado en diversos campos de la informaci\u00f3n. Corresponsal en conflictos, analista pol\u00edtico en Congreso y Senado, periodista del medio ambiente, editor, director editorial, director de comunicaci\u00f3n.... En estos momentos se ha especializado en el sector inmobiliario. Pero tambi\u00e9n es navegante y viajero, preocupado por la pobreza, el medio ambiente y por las actuaciones descontroladas del neoliberalismo empresarial y pol\u00edtico en todo el mundo. Los desahucios, la pobreza infantil y la falta de acceso a los suministros b\u00e1sicos son algunos de los grandes dramas de nuestra sociedad y que es preciso solucionar para hacerla m\u00e1s justa. CEO en www.aquimicasa.net","sameAs":["https:\/\/www.aquimicasa.net\/"],"url":"https:\/\/www.aquimicasa.net\/blog\/author\/eduardo\/"}]}},"jetpack_publicize_connections":[],"jetpack_featured_media_url":"https:\/\/www.aquimicasa.net\/blog\/wp-content\/uploads\/Alquileres1-4.png","jetpack_sharing_enabled":true,"jetpack_likes_enabled":true,"_links":{"self":[{"href":"https:\/\/www.aquimicasa.net\/blog\/wp-json\/wp\/v2\/posts\/50020","targetHints":{"allow":["GET"]}}],"collection":[{"href":"https:\/\/www.aquimicasa.net\/blog\/wp-json\/wp\/v2\/posts"}],"about":[{"href":"https:\/\/www.aquimicasa.net\/blog\/wp-json\/wp\/v2\/types\/post"}],"author":[{"embeddable":true,"href":"https:\/\/www.aquimicasa.net\/blog\/wp-json\/wp\/v2\/users\/3"}],"replies":[{"embeddable":true,"href":"https:\/\/www.aquimicasa.net\/blog\/wp-json\/wp\/v2\/comments?post=50020"}],"version-history":[{"count":5,"href":"https:\/\/www.aquimicasa.net\/blog\/wp-json\/wp\/v2\/posts\/50020\/revisions"}],"predecessor-version":[{"id":50329,"href":"https:\/\/www.aquimicasa.net\/blog\/wp-json\/wp\/v2\/posts\/50020\/revisions\/50329"}],"wp:featuredmedia":[{"embeddable":true,"href":"https:\/\/www.aquimicasa.net\/blog\/wp-json\/wp\/v2\/media\/50035"}],"wp:attachment":[{"href":"https:\/\/www.aquimicasa.net\/blog\/wp-json\/wp\/v2\/media?parent=50020"}],"wp:term":[{"taxonomy":"category","embeddable":true,"href":"https:\/\/www.aquimicasa.net\/blog\/wp-json\/wp\/v2\/categories?post=50020"},{"taxonomy":"post_tag","embeddable":true,"href":"https:\/\/www.aquimicasa.net\/blog\/wp-json\/wp\/v2\/tags?post=50020"}],"curies":[{"name":"wp","href":"https:\/\/api.w.org\/{rel}","templated":true}]}}