{"id":50627,"date":"2025-03-08T12:20:56","date_gmt":"2025-03-08T11:20:56","guid":{"rendered":"https:\/\/www.aquimicasa.net\/blog\/?p=50627"},"modified":"2025-03-08T12:20:56","modified_gmt":"2025-03-08T11:20:56","slug":"la-electricidad-sube-un-5-en-febrero-golpe-a-los-consumidores","status":"publish","type":"post","link":"https:\/\/www.aquimicasa.net\/blog\/consumo\/consumidores\/la-electricidad-sube-un-5-en-febrero-golpe-a-los-consumidores\/","title":{"rendered":"\ud83c\udfe0 La electricidad sube un 5% en febrero: golpe a los consumidores"},"content":{"rendered":"<div class=\"fusion-fullwidth fullwidth-box fusion-builder-row-1 fusion-flex-container nonhundred-percent-fullwidth non-hundred-percent-height-scrolling\" style=\"background-color: rgba(255,255,255,0);background-position: center center;background-repeat: no-repeat;border-width: 0px 0px 0px 0px;border-color:#eae9e9;border-style:solid;\" ><div class=\"fusion-builder-row fusion-row fusion-flex-align-items-flex-start\" style=\"max-width:1144px;margin-left: calc(-4% \/ 2 );margin-right: calc(-4% \/ 2 );\"><div class=\"fusion-layout-column fusion_builder_column fusion-builder-column-0 fusion_builder_column_1_1 1_1 fusion-flex-column\"><div class=\"fusion-column-wrapper fusion-flex-justify-content-flex-start fusion-content-layout-column\" style=\"background-position:left top;background-repeat:no-repeat;-webkit-background-size:cover;-moz-background-size:cover;-o-background-size:cover;background-size:cover;padding: 0px 0px 0px 0px;\"><div class=\"fusion-text fusion-text-1\"><div class=\"teaser-holder\">\n<article class=\"w-full text-token-text-primary focus-visible:outline-2 focus-visible:outline-offset-&#091;-4px&#093;\" dir=\"auto\" data-testid=\"conversation-turn-633\" data-scroll-anchor=\"true\">\n<div class=\"text-base my-auto mx-auto py-&#091;18px&#093; px-6\">\n<div class=\"mx-auto flex flex-1 text-base gap-4 md:gap-5 lg:gap-6 md:max-w-3xl lg:max-w-&#091;40rem&#093; xl:max-w-&#091;48rem&#093;\">\n<div class=\"group\/conversation-turn relative flex w-full min-w-0 flex-col agent-turn @xs\/thread:px-0 @sm\/thread:px-1.5 @md\/thread:px-4\">\n<div class=\"flex-col gap-1 md:gap-3\">\n<div class=\"flex max-w-full flex-col flex-grow\">\n<div class=\"min-h-8 text-message relative flex w-full flex-col items-end gap-2 whitespace-normal break-words text-start &#091;.text-message+&amp;&#093;:mt-5\" dir=\"auto\" data-message-author-role=\"assistant\" data-message-id=\"fb889151-6e28-499c-aa19-7534e1677766\" data-message-model-slug=\"gpt-4o\">\n<div class=\"flex w-full flex-col gap-1 empty:hidden first:pt-&#091;3px&#093;\">\n<div class=\"markdown prose w-full break-words dark:prose-invert light\">\n<h2 data-start=\"81\" data-end=\"166\">\ud83d\udcc8 <strong data-start=\"87\" data-end=\"164\">En un a\u00f1o, la factura mensual PVPC ha pasado de 56,81 euros a 81,60 euros<\/strong><\/h2>\n<p data-start=\"168\" data-end=\"501\">Si algo est\u00e1 claro, es que la electricidad no deja de subir. \ud83d\udcb0 En febrero, la tarifa regulada PVPC ha vuelto a encarecerse un 5%, lo que consolida una subida anual del <strong data-start=\"337\" data-end=\"344\">44%<\/strong> respecto a los precios del a\u00f1o pasado. En n\u00fameros reales, eso significa que <strong data-start=\"421\" data-end=\"498\">una factura media ha pasado de 56,81 euros a 81,60 euros en solo 12 meses<\/strong>.<\/p>\n<p data-start=\"503\" data-end=\"937\">Mientras el Gobierno sigue sin mover ficha para aliviar el bolsillo de los ciudadanos, la <strong data-start=\"593\" data-end=\"642\">Organizaci\u00f3n de Consumidores y Usuarios (OCU)<\/strong> ha lanzado una advertencia clara: <strong data-start=\"677\" data-end=\"752\">es hora de considerar la electricidad como un bien de primera necesidad<\/strong> y aplicar un IVA reducido del <strong data-start=\"783\" data-end=\"807\">10% o incluso del 5%<\/strong>, el m\u00ednimo permitido por la Uni\u00f3n Europea. Pero, por ahora, <strong data-start=\"868\" data-end=\"895\">el IVA ha vuelto al 21%<\/strong>, y la factura sigue subiendo sin freno.<\/p>\n<h2 data-start=\"939\" data-end=\"1021\">\ud83d\udd25 <strong data-start=\"945\" data-end=\"1019\">El precio del gas y la subida del IVA, entre las causas del incremento<\/strong><\/h2>\n<p data-start=\"1023\" data-end=\"1177\">El mercado el\u00e9ctrico es un laberinto dise\u00f1ado para que el consumidor pague siempre m\u00e1s. Entre los factores que han impulsado esta nueva subida destacan:<\/p>\n<p data-start=\"1179\" data-end=\"1313\">\u2705 <strong data-start=\"1181\" data-end=\"1202\">El gas sigue caro<\/strong> \ud83c\udfed: A pesar de que su peso en el mix energ\u00e9tico ha disminuido, sigue siendo clave en la fijaci\u00f3n de precios.<\/p>\n<p data-start=\"1315\" data-end=\"1459\">\u2705 <strong data-start=\"1317\" data-end=\"1344\">Menos producci\u00f3n e\u00f3lica<\/strong> \ud83d\udca8: En febrero, la generaci\u00f3n de energ\u00eda a partir del viento cay\u00f3, lo que oblig\u00f3 a recurrir a fuentes m\u00e1s caras.<\/p>\n<p data-start=\"1461\" data-end=\"1698\">\u2705 <strong data-start=\"1463\" data-end=\"1488\">Subida del IVA al 21%<\/strong> \ud83d\udcb8: Hasta hace poco, el Gobierno manten\u00eda un <strong data-start=\"1534\" data-end=\"1557\">IVA reducido del 5%<\/strong> para la electricidad. Sin embargo, en enero decidi\u00f3 devolverlo al <strong data-start=\"1624\" data-end=\"1631\">21%<\/strong>, encareciendo autom\u00e1ticamente la factura de millones de hogares.<\/p>\n<p data-start=\"1700\" data-end=\"1844\">\u2705 <strong data-start=\"1702\" data-end=\"1749\">Aumento de los peajes del sistema el\u00e9ctrico<\/strong> \u26a0\ufe0f: Un cambio regulatorio que tambi\u00e9n ha elevado el precio final que pagan los consumidores.<\/p>\n<p data-start=\"1846\" data-end=\"1978\">El resultado es evidente: <strong data-start=\"1872\" data-end=\"1972\">las familias pagan m\u00e1s por lo mismo, mientras las el\u00e9ctricas siguen acumulando beneficios r\u00e9cord<\/strong>. \ud83d\udcc8<\/p>\n<h2 data-start=\"1980\" data-end=\"2085\">\u274c <strong data-start=\"1985\" data-end=\"2083\">Mucha diferencia de coste entre comercializadoras: pagar 622 o 1.564 euros al a\u00f1o por lo mismo<\/strong><\/h2>\n<p data-start=\"2087\" data-end=\"2318\">Si algo queda claro con los \u00faltimos datos de la OCU es que <strong data-start=\"2146\" data-end=\"2194\">no todas las comercializadoras juegan limpio<\/strong>. Un an\u00e1lisis de m\u00e1s de <strong data-start=\"2218\" data-end=\"2253\">11.000 facturas de electricidad<\/strong> ha revelado <strong data-start=\"2266\" data-end=\"2315\">enormes diferencias de precio entre compa\u00f1\u00edas<\/strong>.<\/p>\n<p data-start=\"2320\" data-end=\"2473\">\ud83d\udcca Para un hogar medio con un consumo de <strong data-start=\"2361\" data-end=\"2413\">3.500 kWh al a\u00f1o y 4,6 kW de potencia contratada<\/strong>, el coste anual puede ir <strong data-start=\"2439\" data-end=\"2470\">desde 622 hasta 1.564 euros<\/strong>.<\/p>\n<p data-start=\"2475\" data-end=\"2530\">\ud83d\udd34 <strong data-start=\"2478\" data-end=\"2528\">\u00a1942 euros de diferencia por el mismo consumo!<\/strong><\/p>\n<p data-start=\"2532\" data-end=\"2600\">Algunas de las diferencias m\u00e1s llamativas entre comercializadoras:<\/p>\n<ul data-start=\"2602\" data-end=\"2933\">\n<li data-start=\"2602\" data-end=\"2700\"><strong data-start=\"2604\" data-end=\"2615\">Naturgy<\/strong>: tarifas homog\u00e9neas con solo <strong data-start=\"2645\" data-end=\"2678\">126 euros de diferencia anual<\/strong> entre sus clientes.<\/li>\n<li data-start=\"2701\" data-end=\"2787\"><strong data-start=\"2703\" data-end=\"2721\">Total Energies<\/strong>: diferencias de <strong data-start=\"2738\" data-end=\"2765\">hasta 792 euros anuales<\/strong> entre sus clientes.<\/li>\n<li data-start=\"2788\" data-end=\"2933\"><strong data-start=\"2790\" data-end=\"2803\">Iberdrola<\/strong>: hasta <strong data-start=\"2811\" data-end=\"2835\">47 precios distintos<\/strong> en su \u00abPlan Estable\u00bb, con un <strong data-start=\"2865\" data-end=\"2913\">precio por kWh que var\u00eda de 13 a 36 c\u00e9ntimos<\/strong> seg\u00fan el cliente.<\/li>\n<\/ul>\n<p data-start=\"2935\" data-end=\"3020\">La pregunta es obvia: <strong data-start=\"2957\" data-end=\"3015\">\u00bfpor qu\u00e9 un mismo servicio tiene precios tan dispares?<\/strong> \ud83e\udd14<\/p>\n<h2 data-start=\"3022\" data-end=\"3104\">\ud83c\udfad <strong data-start=\"3028\" data-end=\"3102\">La pol\u00edtica de precios de las comercializadoras confunde al consumidor<\/strong><\/h2>\n<p data-start=\"3106\" data-end=\"3261\">Aqu\u00ed es donde entra la verdadera trampa. Las diferencias de precio <strong data-start=\"3173\" data-end=\"3244\">no siempre se deben a tarifas distintas y claramente identificables<\/strong>. Al contrario:<\/p>\n<p data-start=\"3263\" data-end=\"3538\">\ud83d\udca1 <strong data-start=\"3266\" data-end=\"3343\">Un mismo plan puede tener precios radicalmente distintos seg\u00fan el cliente<\/strong>.<br data-start=\"3344\" data-end=\"3347\" \/>\ud83d\udca1 <strong data-start=\"3350\" data-end=\"3426\">Las comercializadoras pueden cambiarte la tarifa sin avisar p\u00fablicamente<\/strong>.<br data-start=\"3427\" data-end=\"3430\" \/>\ud83d\udca1 <strong data-start=\"3433\" data-end=\"3535\">Los consumidores que no revisan sus facturas pueden estar pagando un sobrecoste enorme sin saberlo<\/strong>.<\/p>\n<p data-start=\"3540\" data-end=\"3819\">Nada impide que una el\u00e9ctrica decida subir el precio a un grupo reducido de clientes, simplemente porque detecta que <strong data-start=\"3657\" data-end=\"3730\">no revisan sus facturas o que no comparan precios con otras compa\u00f1\u00edas<\/strong>. <strong data-start=\"3732\" data-end=\"3814\">Si nunca miras cu\u00e1nto pagas, prep\u00e1rate para que te suban el precio sin avisar.<\/strong> \ud83d\ude21<\/p>\n<h2 data-start=\"3821\" data-end=\"3895\">\ud83d\udcdc <strong data-start=\"3827\" data-end=\"3893\">Las facturas de la luz necesitan un m\u00e1ster en investigaci\u00f3n \ud83d\udd0e<\/strong><\/h2>\n<p data-start=\"3897\" data-end=\"4168\">Por si fuera poco, las el\u00e9ctricas han convertido la factura de la luz en <strong data-start=\"3970\" data-end=\"4002\">un jerogl\u00edfico indescifrable<\/strong>. Entre t\u00e9rminos t\u00e9cnicos, cargos confusos y letras peque\u00f1as, lo \u00fanico que consiguen es que el consumidor <strong data-start=\"4108\" data-end=\"4165\">no sepa exactamente por qu\u00e9 est\u00e1 pagando m\u00e1s cada mes<\/strong>.<\/p>\n<p data-start=\"4170\" data-end=\"4246\"><strong data-start=\"4170\" data-end=\"4243\">La OCU lo tiene claro: la normativa actual permite demasiada opacidad<\/strong>.<\/p>\n<p data-start=\"4248\" data-end=\"4417\">\ud83d\udce2 <strong data-start=\"4251\" data-end=\"4270\">Propuesta clave<\/strong>: <strong data-start=\"4272\" data-end=\"4415\">Crear un \u00ablibro de tarifas\u00bb donde todas las comercializadoras deban publicar TODAS las tarifas vigentes, no solo las de nueva contrataci\u00f3n.<\/strong><\/p>\n<p data-start=\"4419\" data-end=\"4677\">\ud83d\udd0d Adem\u00e1s, es imprescindible que:<br data-start=\"4452\" data-end=\"4455\" \/>\u2705 <strong data-start=\"4457\" data-end=\"4505\">Las facturas sean m\u00e1s claras y transparentes<\/strong>.<br data-start=\"4506\" data-end=\"4509\" \/>\u2705 <strong data-start=\"4511\" data-end=\"4579\">Todos los conceptos sean visibles y explicados de forma sencilla<\/strong>.<br data-start=\"4580\" data-end=\"4583\" \/>\u2705 <strong data-start=\"4585\" data-end=\"4674\">Las el\u00e9ctricas no puedan cambiar los precios de forma discrecional sin control alguno<\/strong>.<\/p>\n<h2 data-start=\"4679\" data-end=\"4738\">\ud83c\udfdb\ufe0f <strong data-start=\"4686\" data-end=\"4736\">\u00bfSoluciones? Menos opacidad y un IVA m\u00e1s justo<\/strong><\/h2>\n<p data-start=\"4740\" data-end=\"4973\">La electricidad <strong data-start=\"4756\" data-end=\"4798\">no es un lujo, es una necesidad b\u00e1sica<\/strong>. Sin embargo, la legislaci\u00f3n actual permite que las el\u00e9ctricas <strong data-start=\"4862\" data-end=\"4894\">hagan y deshagan a su antojo<\/strong>, dejando a los consumidores con una \u00fanica opci\u00f3n: <strong data-start=\"4945\" data-end=\"4970\">pagar m\u00e1s o pagar m\u00e1s<\/strong>.<\/p>\n<p data-start=\"4975\" data-end=\"5011\">Por eso, la OCU ha vuelto a pedir:<\/p>\n<p data-start=\"5013\" data-end=\"5236\">\ud83d\udfe2 <strong data-start=\"5016\" data-end=\"5047\">IVA reducido al 10% o al 5%<\/strong>, como ya ocurre en otros pa\u00edses europeos.<br data-start=\"5089\" data-end=\"5092\" \/>\ud83d\udfe2 <strong data-start=\"5095\" data-end=\"5140\">Mayor transparencia en tarifas y facturas<\/strong>.<br data-start=\"5141\" data-end=\"5144\" \/>\ud83d\udfe2 <strong data-start=\"5147\" data-end=\"5233\">Un control real sobre las revisiones de precios por parte de las comercializadoras<\/strong>.<\/p>\n<p data-start=\"5238\" data-end=\"5282\">Mientras tanto, la recomendaci\u00f3n es clara:<\/p>\n<p data-start=\"5284\" data-end=\"5424\">\u26a1 <strong data-start=\"5286\" data-end=\"5316\">Revisa tu factura cada mes<\/strong>.<br data-start=\"5317\" data-end=\"5320\" \/>\u26a1 <strong data-start=\"5322\" data-end=\"5361\">Compara precios con otras compa\u00f1\u00edas<\/strong>.<br data-start=\"5362\" data-end=\"5365\" \/>\u26a1 <strong data-start=\"5367\" data-end=\"5421\">Si encuentras una mejor oferta, cambia sin dudarlo<\/strong>.<\/p>\n<p data-start=\"5426\" data-end=\"5616\" data-is-last-node=\"\" data-is-only-node=\"\">Porque, en este sistema el\u00e9ctrico dise\u00f1ado para <strong data-start=\"5474\" data-end=\"5554\">beneficiar a las grandes empresas y vaciar los bolsillos de los consumidores<\/strong>, solo hay una regla: <strong data-start=\"5576\" data-end=\"5612\">quien no se informa, paga de m\u00e1s<\/strong>.<\/p>\n<\/div>\n<\/div>\n<\/div>\n<\/div>\n<div class=\"mb-2 flex gap-3 -ml-2\" tabindex=\"0\">\n<div class=\"flex items-center justify-start rounded-xl p-1\"><\/div>\n<\/div>\n<\/div>\n<\/div>\n<\/div>\n<\/div>\n<\/article>\n<\/div>\n<\/div><\/div><style type=\"text\/css\">.fusion-body .fusion-builder-column-0{width:100% !important;margin-top : 0px;margin-bottom : 0px;}.fusion-builder-column-0 > .fusion-column-wrapper {padding-top : 0px !important;padding-right : 0px !important;margin-right : 1.92%;padding-bottom : 0px !important;padding-left : 0px !important;margin-left : 1.92%;}@media only screen and (max-width:1024px) {.fusion-body .fusion-builder-column-0{width:100% !important;}.fusion-builder-column-0 > .fusion-column-wrapper {margin-right : 1.92%;margin-left : 1.92%;}}@media only screen and (max-width:640px) {.fusion-body .fusion-builder-column-0{width:100% !important;}.fusion-builder-column-0 > .fusion-column-wrapper {margin-right : 1.92%;margin-left : 1.92%;}}<\/style><\/div><\/div><style type=\"text\/css\">.fusion-body .fusion-flex-container.fusion-builder-row-1{ padding-top : 0px;margin-top : 0px;padding-right : 0px;padding-bottom : 0px;margin-bottom : 0px;padding-left : 0px;}<\/style><\/div>\n","protected":false},"excerpt":{"rendered":"<p>Las el\u00e9ctricas han convertido la factura de la luz en un jerogl\u00edfico indescifrable. Entre t\u00e9rminos t\u00e9cnicos, cargos confusos y letras peque\u00f1as, lo \u00fanico que consiguen es que el consumidor no sepa exactamente por qu\u00e9 est\u00e1 pagando m\u00e1s cada mes.<\/p>\n","protected":false},"author":3,"featured_media":50643,"comment_status":"open","ping_status":"closed","sticky":false,"template":"","format":"standard","meta":{"_jetpack_memberships_contains_paid_content":false,"footnotes":"","jetpack_publicize_message":"","jetpack_publicize_feature_enabled":true,"jetpack_social_post_already_shared":true,"jetpack_social_options":{"image_generator_settings":{"template":"highway","default_image_id":0,"font":"","enabled":false},"version":2}},"categories":[7512],"tags":[8218],"class_list":["post-50627","post","type-post","status-publish","format-standard","has-post-thumbnail","hentry","category-consumidores","tag-newsletter-504"],"yoast_head":"<!-- This site is optimized with the Yoast SEO plugin v28.2 - https:\/\/yoast.com\/product\/yoast-seo-wordpress\/ -->\n<title>La electricidad sube un 5% en febrero: golpe a los consumidores<\/title>\n<meta name=\"description\" content=\"El mercado el\u00e9ctrico es un laberinto dise\u00f1ado por las empresas del sector para que el consumidor pague siempre m\u00e1s\" \/>\n<meta name=\"robots\" content=\"index, follow, max-snippet:-1, max-image-preview:large, max-video-preview:-1\" \/>\n<link rel=\"canonical\" href=\"https:\/\/www.aquimicasa.net\/blog\/consumo\/consumidores\/la-electricidad-sube-un-5-en-febrero-golpe-a-los-consumidores\/\" \/>\n<meta property=\"og:locale\" content=\"es_ES\" \/>\n<meta property=\"og:type\" content=\"article\" \/>\n<meta property=\"og:title\" content=\"La electricidad sube un 5% en febrero: golpe a los consumidores\" \/>\n<meta property=\"og:description\" content=\"El mercado el\u00e9ctrico es un laberinto dise\u00f1ado por las empresas del sector para que el consumidor pague siempre m\u00e1s\" \/>\n<meta property=\"og:url\" content=\"https:\/\/www.aquimicasa.net\/blog\/consumo\/consumidores\/la-electricidad-sube-un-5-en-febrero-golpe-a-los-consumidores\/\" \/>\n<meta property=\"og:site_name\" content=\"Blog de aquimicasa.net\" \/>\n<meta property=\"article:publisher\" content=\"https:\/\/www.facebook.com\/aquimicasa.net\" \/>\n<meta property=\"article:published_time\" content=\"2025-03-08T11:20:56+00:00\" \/>\n<meta property=\"og:image\" content=\"https:\/\/www.aquimicasa.net\/blog\/wp-content\/uploads\/electricidad-4-e1741432818956.jpg\" \/>\n\t<meta property=\"og:image:width\" content=\"500\" \/>\n\t<meta property=\"og:image:height\" content=\"375\" \/>\n\t<meta property=\"og:image:type\" content=\"image\/jpeg\" \/>\n<meta name=\"author\" content=\"Eduardo Lizarraga\" \/>\n<meta name=\"twitter:label1\" content=\"Escrito por\" \/>\n\t<meta name=\"twitter:data1\" content=\"Eduardo Lizarraga\" \/>\n\t<meta name=\"twitter:label2\" content=\"Tiempo de lectura\" \/>\n\t<meta name=\"twitter:data2\" content=\"4 minutos\" \/>\n<script type=\"application\/ld+json\" class=\"yoast-schema-graph\">{\"@context\":\"https:\\\/\\\/schema.org\",\"@graph\":[{\"@type\":\"Article\",\"@id\":\"https:\\\/\\\/www.aquimicasa.net\\\/blog\\\/consumo\\\/consumidores\\\/la-electricidad-sube-un-5-en-febrero-golpe-a-los-consumidores\\\/#article\",\"isPartOf\":{\"@id\":\"https:\\\/\\\/www.aquimicasa.net\\\/blog\\\/consumo\\\/consumidores\\\/la-electricidad-sube-un-5-en-febrero-golpe-a-los-consumidores\\\/\"},\"author\":{\"name\":\"Eduardo Lizarraga\",\"@id\":\"https:\\\/\\\/www.aquimicasa.net\\\/blog\\\/#\\\/schema\\\/person\\\/2cdfa2605534583395c8d7ce1d6cac14\"},\"headline\":\"\ud83c\udfe0 La electricidad sube un 5% en febrero: golpe a los consumidores\",\"datePublished\":\"2025-03-08T11:20:56+00:00\",\"mainEntityOfPage\":{\"@id\":\"https:\\\/\\\/www.aquimicasa.net\\\/blog\\\/consumo\\\/consumidores\\\/la-electricidad-sube-un-5-en-febrero-golpe-a-los-consumidores\\\/\"},\"wordCount\":1124,\"commentCount\":0,\"publisher\":{\"@id\":\"https:\\\/\\\/www.aquimicasa.net\\\/blog\\\/#organization\"},\"image\":{\"@id\":\"https:\\\/\\\/www.aquimicasa.net\\\/blog\\\/consumo\\\/consumidores\\\/la-electricidad-sube-un-5-en-febrero-golpe-a-los-consumidores\\\/#primaryimage\"},\"thumbnailUrl\":\"https:\\\/\\\/www.aquimicasa.net\\\/blog\\\/wp-content\\\/uploads\\\/electricidad-4-e1741432818956.jpg\",\"keywords\":[\"newsletter 504\"],\"articleSection\":[\"Consumidores\"],\"inLanguage\":\"es\",\"potentialAction\":[{\"@type\":\"CommentAction\",\"name\":\"Comment\",\"target\":[\"https:\\\/\\\/www.aquimicasa.net\\\/blog\\\/consumo\\\/consumidores\\\/la-electricidad-sube-un-5-en-febrero-golpe-a-los-consumidores\\\/#respond\"]}]},{\"@type\":\"WebPage\",\"@id\":\"https:\\\/\\\/www.aquimicasa.net\\\/blog\\\/consumo\\\/consumidores\\\/la-electricidad-sube-un-5-en-febrero-golpe-a-los-consumidores\\\/\",\"url\":\"https:\\\/\\\/www.aquimicasa.net\\\/blog\\\/consumo\\\/consumidores\\\/la-electricidad-sube-un-5-en-febrero-golpe-a-los-consumidores\\\/\",\"name\":\"La electricidad sube un 5% en febrero: golpe a los consumidores\",\"isPartOf\":{\"@id\":\"https:\\\/\\\/www.aquimicasa.net\\\/blog\\\/#website\"},\"primaryImageOfPage\":{\"@id\":\"https:\\\/\\\/www.aquimicasa.net\\\/blog\\\/consumo\\\/consumidores\\\/la-electricidad-sube-un-5-en-febrero-golpe-a-los-consumidores\\\/#primaryimage\"},\"image\":{\"@id\":\"https:\\\/\\\/www.aquimicasa.net\\\/blog\\\/consumo\\\/consumidores\\\/la-electricidad-sube-un-5-en-febrero-golpe-a-los-consumidores\\\/#primaryimage\"},\"thumbnailUrl\":\"https:\\\/\\\/www.aquimicasa.net\\\/blog\\\/wp-content\\\/uploads\\\/electricidad-4-e1741432818956.jpg\",\"datePublished\":\"2025-03-08T11:20:56+00:00\",\"description\":\"El mercado el\u00e9ctrico es un laberinto dise\u00f1ado por las empresas del sector para que el consumidor pague siempre m\u00e1s\",\"breadcrumb\":{\"@id\":\"https:\\\/\\\/www.aquimicasa.net\\\/blog\\\/consumo\\\/consumidores\\\/la-electricidad-sube-un-5-en-febrero-golpe-a-los-consumidores\\\/#breadcrumb\"},\"inLanguage\":\"es\",\"potentialAction\":[{\"@type\":\"ReadAction\",\"target\":[\"https:\\\/\\\/www.aquimicasa.net\\\/blog\\\/consumo\\\/consumidores\\\/la-electricidad-sube-un-5-en-febrero-golpe-a-los-consumidores\\\/\"]}]},{\"@type\":\"ImageObject\",\"inLanguage\":\"es\",\"@id\":\"https:\\\/\\\/www.aquimicasa.net\\\/blog\\\/consumo\\\/consumidores\\\/la-electricidad-sube-un-5-en-febrero-golpe-a-los-consumidores\\\/#primaryimage\",\"url\":\"https:\\\/\\\/www.aquimicasa.net\\\/blog\\\/wp-content\\\/uploads\\\/electricidad-4-e1741432818956.jpg\",\"contentUrl\":\"https:\\\/\\\/www.aquimicasa.net\\\/blog\\\/wp-content\\\/uploads\\\/electricidad-4-e1741432818956.jpg\",\"width\":500,\"height\":375,\"caption\":\"La luz baja en febrero\"},{\"@type\":\"BreadcrumbList\",\"@id\":\"https:\\\/\\\/www.aquimicasa.net\\\/blog\\\/consumo\\\/consumidores\\\/la-electricidad-sube-un-5-en-febrero-golpe-a-los-consumidores\\\/#breadcrumb\",\"itemListElement\":[{\"@type\":\"ListItem\",\"position\":1,\"name\":\"Portada\",\"item\":\"https:\\\/\\\/www.aquimicasa.net\\\/blog\\\/\"},{\"@type\":\"ListItem\",\"position\":2,\"name\":\"\ud83c\udfe0 La electricidad sube un 5% en febrero: golpe a los consumidores\"}]},{\"@type\":\"WebSite\",\"@id\":\"https:\\\/\\\/www.aquimicasa.net\\\/blog\\\/#website\",\"url\":\"https:\\\/\\\/www.aquimicasa.net\\\/blog\\\/\",\"name\":\"Blog de aquimicasa.net\",\"description\":\"Noticias del Mundo Inmobiliario\",\"publisher\":{\"@id\":\"https:\\\/\\\/www.aquimicasa.net\\\/blog\\\/#organization\"},\"potentialAction\":[{\"@type\":\"SearchAction\",\"target\":{\"@type\":\"EntryPoint\",\"urlTemplate\":\"https:\\\/\\\/www.aquimicasa.net\\\/blog\\\/?s={search_term_string}\"},\"query-input\":{\"@type\":\"PropertyValueSpecification\",\"valueRequired\":true,\"valueName\":\"search_term_string\"}}],\"inLanguage\":\"es\"},{\"@type\":\"Organization\",\"@id\":\"https:\\\/\\\/www.aquimicasa.net\\\/blog\\\/#organization\",\"name\":\"Blog de aquimicasa.net\",\"url\":\"https:\\\/\\\/www.aquimicasa.net\\\/blog\\\/\",\"logo\":{\"@type\":\"ImageObject\",\"inLanguage\":\"es\",\"@id\":\"https:\\\/\\\/www.aquimicasa.net\\\/blog\\\/#\\\/schema\\\/logo\\\/image\\\/\",\"url\":\"https:\\\/\\\/www.aquimicasa.net\\\/blog\\\/wp-content\\\/uploads\\\/Logo-aquimicasa-1-e1528048213782.png\",\"contentUrl\":\"https:\\\/\\\/www.aquimicasa.net\\\/blog\\\/wp-content\\\/uploads\\\/Logo-aquimicasa-1-e1528048213782.png\",\"width\":225,\"height\":225,\"caption\":\"Blog de aquimicasa.net\"},\"image\":{\"@id\":\"https:\\\/\\\/www.aquimicasa.net\\\/blog\\\/#\\\/schema\\\/logo\\\/image\\\/\"},\"sameAs\":[\"https:\\\/\\\/www.facebook.com\\\/aquimicasa.net\",\"https:\\\/\\\/www.instagram.com\\\/\",\"https:\\\/\\\/x.com\\\/EduLizarragaD\",\"https:\\\/\\\/www.linkedin.com\\\/feed\\\/\"]},{\"@type\":\"Person\",\"@id\":\"https:\\\/\\\/www.aquimicasa.net\\\/blog\\\/#\\\/schema\\\/person\\\/2cdfa2605534583395c8d7ce1d6cac14\",\"name\":\"Eduardo Lizarraga\",\"image\":{\"@type\":\"ImageObject\",\"inLanguage\":\"es\",\"@id\":\"https:\\\/\\\/secure.gravatar.com\\\/avatar\\\/bdabe1eeeed97b65a9cb7de2edd624b07995f7e13abc5fead15961f745f908cc?s=96&d=mm&r=g\",\"url\":\"https:\\\/\\\/secure.gravatar.com\\\/avatar\\\/bdabe1eeeed97b65a9cb7de2edd624b07995f7e13abc5fead15961f745f908cc?s=96&d=mm&r=g\",\"contentUrl\":\"https:\\\/\\\/secure.gravatar.com\\\/avatar\\\/bdabe1eeeed97b65a9cb7de2edd624b07995f7e13abc5fead15961f745f908cc?s=96&d=mm&r=g\",\"caption\":\"Eduardo Lizarraga\"},\"description\":\"Periodista Econ\u00f3mico. Ha trabajado en diversos campos de la informaci\u00f3n. Corresponsal en conflictos, analista pol\u00edtico en Congreso y Senado, periodista del medio ambiente, editor, director editorial, director de comunicaci\u00f3n.... En estos momentos se ha especializado en el sector inmobiliario. Pero tambi\u00e9n es navegante y viajero, preocupado por la pobreza, el medio ambiente y por las actuaciones descontroladas del neoliberalismo empresarial y pol\u00edtico en todo el mundo. Los desahucios, la pobreza infantil y la falta de acceso a los suministros b\u00e1sicos son algunos de los grandes dramas de nuestra sociedad y que es preciso solucionar para hacerla m\u00e1s justa. CEO en www.aquimicasa.net\",\"sameAs\":[\"https:\\\/\\\/www.aquimicasa.net\\\/\"],\"url\":\"https:\\\/\\\/www.aquimicasa.net\\\/blog\\\/author\\\/eduardo\\\/\"}]}<\/script>\n<!-- \/ Yoast SEO plugin. -->","yoast_head_json":{"title":"La electricidad sube un 5% en febrero: golpe a los consumidores","description":"El mercado el\u00e9ctrico es un laberinto dise\u00f1ado por las empresas del sector para que el consumidor pague siempre m\u00e1s","robots":{"index":"index","follow":"follow","max-snippet":"max-snippet:-1","max-image-preview":"max-image-preview:large","max-video-preview":"max-video-preview:-1"},"canonical":"https:\/\/www.aquimicasa.net\/blog\/consumo\/consumidores\/la-electricidad-sube-un-5-en-febrero-golpe-a-los-consumidores\/","og_locale":"es_ES","og_type":"article","og_title":"La electricidad sube un 5% en febrero: golpe a los consumidores","og_description":"El mercado el\u00e9ctrico es un laberinto dise\u00f1ado por las empresas del sector para que el consumidor pague siempre m\u00e1s","og_url":"https:\/\/www.aquimicasa.net\/blog\/consumo\/consumidores\/la-electricidad-sube-un-5-en-febrero-golpe-a-los-consumidores\/","og_site_name":"Blog de aquimicasa.net","article_publisher":"https:\/\/www.facebook.com\/aquimicasa.net","article_published_time":"2025-03-08T11:20:56+00:00","og_image":[{"width":500,"height":375,"url":"https:\/\/www.aquimicasa.net\/blog\/wp-content\/uploads\/electricidad-4-e1741432818956.jpg","type":"image\/jpeg"}],"author":"Eduardo Lizarraga","twitter_misc":{"Escrito por":"Eduardo Lizarraga","Tiempo de lectura":"4 minutos"},"schema":{"@context":"https:\/\/schema.org","@graph":[{"@type":"Article","@id":"https:\/\/www.aquimicasa.net\/blog\/consumo\/consumidores\/la-electricidad-sube-un-5-en-febrero-golpe-a-los-consumidores\/#article","isPartOf":{"@id":"https:\/\/www.aquimicasa.net\/blog\/consumo\/consumidores\/la-electricidad-sube-un-5-en-febrero-golpe-a-los-consumidores\/"},"author":{"name":"Eduardo Lizarraga","@id":"https:\/\/www.aquimicasa.net\/blog\/#\/schema\/person\/2cdfa2605534583395c8d7ce1d6cac14"},"headline":"\ud83c\udfe0 La electricidad sube un 5% en febrero: golpe a los consumidores","datePublished":"2025-03-08T11:20:56+00:00","mainEntityOfPage":{"@id":"https:\/\/www.aquimicasa.net\/blog\/consumo\/consumidores\/la-electricidad-sube-un-5-en-febrero-golpe-a-los-consumidores\/"},"wordCount":1124,"commentCount":0,"publisher":{"@id":"https:\/\/www.aquimicasa.net\/blog\/#organization"},"image":{"@id":"https:\/\/www.aquimicasa.net\/blog\/consumo\/consumidores\/la-electricidad-sube-un-5-en-febrero-golpe-a-los-consumidores\/#primaryimage"},"thumbnailUrl":"https:\/\/www.aquimicasa.net\/blog\/wp-content\/uploads\/electricidad-4-e1741432818956.jpg","keywords":["newsletter 504"],"articleSection":["Consumidores"],"inLanguage":"es","potentialAction":[{"@type":"CommentAction","name":"Comment","target":["https:\/\/www.aquimicasa.net\/blog\/consumo\/consumidores\/la-electricidad-sube-un-5-en-febrero-golpe-a-los-consumidores\/#respond"]}]},{"@type":"WebPage","@id":"https:\/\/www.aquimicasa.net\/blog\/consumo\/consumidores\/la-electricidad-sube-un-5-en-febrero-golpe-a-los-consumidores\/","url":"https:\/\/www.aquimicasa.net\/blog\/consumo\/consumidores\/la-electricidad-sube-un-5-en-febrero-golpe-a-los-consumidores\/","name":"La electricidad sube un 5% en febrero: golpe a los consumidores","isPartOf":{"@id":"https:\/\/www.aquimicasa.net\/blog\/#website"},"primaryImageOfPage":{"@id":"https:\/\/www.aquimicasa.net\/blog\/consumo\/consumidores\/la-electricidad-sube-un-5-en-febrero-golpe-a-los-consumidores\/#primaryimage"},"image":{"@id":"https:\/\/www.aquimicasa.net\/blog\/consumo\/consumidores\/la-electricidad-sube-un-5-en-febrero-golpe-a-los-consumidores\/#primaryimage"},"thumbnailUrl":"https:\/\/www.aquimicasa.net\/blog\/wp-content\/uploads\/electricidad-4-e1741432818956.jpg","datePublished":"2025-03-08T11:20:56+00:00","description":"El mercado el\u00e9ctrico es un laberinto dise\u00f1ado por las empresas del sector para que el consumidor pague siempre m\u00e1s","breadcrumb":{"@id":"https:\/\/www.aquimicasa.net\/blog\/consumo\/consumidores\/la-electricidad-sube-un-5-en-febrero-golpe-a-los-consumidores\/#breadcrumb"},"inLanguage":"es","potentialAction":[{"@type":"ReadAction","target":["https:\/\/www.aquimicasa.net\/blog\/consumo\/consumidores\/la-electricidad-sube-un-5-en-febrero-golpe-a-los-consumidores\/"]}]},{"@type":"ImageObject","inLanguage":"es","@id":"https:\/\/www.aquimicasa.net\/blog\/consumo\/consumidores\/la-electricidad-sube-un-5-en-febrero-golpe-a-los-consumidores\/#primaryimage","url":"https:\/\/www.aquimicasa.net\/blog\/wp-content\/uploads\/electricidad-4-e1741432818956.jpg","contentUrl":"https:\/\/www.aquimicasa.net\/blog\/wp-content\/uploads\/electricidad-4-e1741432818956.jpg","width":500,"height":375,"caption":"La luz baja en febrero"},{"@type":"BreadcrumbList","@id":"https:\/\/www.aquimicasa.net\/blog\/consumo\/consumidores\/la-electricidad-sube-un-5-en-febrero-golpe-a-los-consumidores\/#breadcrumb","itemListElement":[{"@type":"ListItem","position":1,"name":"Portada","item":"https:\/\/www.aquimicasa.net\/blog\/"},{"@type":"ListItem","position":2,"name":"\ud83c\udfe0 La electricidad sube un 5% en febrero: golpe a los consumidores"}]},{"@type":"WebSite","@id":"https:\/\/www.aquimicasa.net\/blog\/#website","url":"https:\/\/www.aquimicasa.net\/blog\/","name":"Blog de aquimicasa.net","description":"Noticias del Mundo Inmobiliario","publisher":{"@id":"https:\/\/www.aquimicasa.net\/blog\/#organization"},"potentialAction":[{"@type":"SearchAction","target":{"@type":"EntryPoint","urlTemplate":"https:\/\/www.aquimicasa.net\/blog\/?s={search_term_string}"},"query-input":{"@type":"PropertyValueSpecification","valueRequired":true,"valueName":"search_term_string"}}],"inLanguage":"es"},{"@type":"Organization","@id":"https:\/\/www.aquimicasa.net\/blog\/#organization","name":"Blog de aquimicasa.net","url":"https:\/\/www.aquimicasa.net\/blog\/","logo":{"@type":"ImageObject","inLanguage":"es","@id":"https:\/\/www.aquimicasa.net\/blog\/#\/schema\/logo\/image\/","url":"https:\/\/www.aquimicasa.net\/blog\/wp-content\/uploads\/Logo-aquimicasa-1-e1528048213782.png","contentUrl":"https:\/\/www.aquimicasa.net\/blog\/wp-content\/uploads\/Logo-aquimicasa-1-e1528048213782.png","width":225,"height":225,"caption":"Blog de aquimicasa.net"},"image":{"@id":"https:\/\/www.aquimicasa.net\/blog\/#\/schema\/logo\/image\/"},"sameAs":["https:\/\/www.facebook.com\/aquimicasa.net","https:\/\/www.instagram.com\/","https:\/\/x.com\/EduLizarragaD","https:\/\/www.linkedin.com\/feed\/"]},{"@type":"Person","@id":"https:\/\/www.aquimicasa.net\/blog\/#\/schema\/person\/2cdfa2605534583395c8d7ce1d6cac14","name":"Eduardo Lizarraga","image":{"@type":"ImageObject","inLanguage":"es","@id":"https:\/\/secure.gravatar.com\/avatar\/bdabe1eeeed97b65a9cb7de2edd624b07995f7e13abc5fead15961f745f908cc?s=96&d=mm&r=g","url":"https:\/\/secure.gravatar.com\/avatar\/bdabe1eeeed97b65a9cb7de2edd624b07995f7e13abc5fead15961f745f908cc?s=96&d=mm&r=g","contentUrl":"https:\/\/secure.gravatar.com\/avatar\/bdabe1eeeed97b65a9cb7de2edd624b07995f7e13abc5fead15961f745f908cc?s=96&d=mm&r=g","caption":"Eduardo Lizarraga"},"description":"Periodista Econ\u00f3mico. Ha trabajado en diversos campos de la informaci\u00f3n. Corresponsal en conflictos, analista pol\u00edtico en Congreso y Senado, periodista del medio ambiente, editor, director editorial, director de comunicaci\u00f3n.... En estos momentos se ha especializado en el sector inmobiliario. Pero tambi\u00e9n es navegante y viajero, preocupado por la pobreza, el medio ambiente y por las actuaciones descontroladas del neoliberalismo empresarial y pol\u00edtico en todo el mundo. Los desahucios, la pobreza infantil y la falta de acceso a los suministros b\u00e1sicos son algunos de los grandes dramas de nuestra sociedad y que es preciso solucionar para hacerla m\u00e1s justa. CEO en www.aquimicasa.net","sameAs":["https:\/\/www.aquimicasa.net\/"],"url":"https:\/\/www.aquimicasa.net\/blog\/author\/eduardo\/"}]}},"jetpack_publicize_connections":[],"jetpack_featured_media_url":"https:\/\/www.aquimicasa.net\/blog\/wp-content\/uploads\/electricidad-4-e1741432818956.jpg","jetpack_sharing_enabled":true,"jetpack_likes_enabled":true,"_links":{"self":[{"href":"https:\/\/www.aquimicasa.net\/blog\/wp-json\/wp\/v2\/posts\/50627","targetHints":{"allow":["GET"]}}],"collection":[{"href":"https:\/\/www.aquimicasa.net\/blog\/wp-json\/wp\/v2\/posts"}],"about":[{"href":"https:\/\/www.aquimicasa.net\/blog\/wp-json\/wp\/v2\/types\/post"}],"author":[{"embeddable":true,"href":"https:\/\/www.aquimicasa.net\/blog\/wp-json\/wp\/v2\/users\/3"}],"replies":[{"embeddable":true,"href":"https:\/\/www.aquimicasa.net\/blog\/wp-json\/wp\/v2\/comments?post=50627"}],"version-history":[{"count":2,"href":"https:\/\/www.aquimicasa.net\/blog\/wp-json\/wp\/v2\/posts\/50627\/revisions"}],"predecessor-version":[{"id":50644,"href":"https:\/\/www.aquimicasa.net\/blog\/wp-json\/wp\/v2\/posts\/50627\/revisions\/50644"}],"wp:featuredmedia":[{"embeddable":true,"href":"https:\/\/www.aquimicasa.net\/blog\/wp-json\/wp\/v2\/media\/50643"}],"wp:attachment":[{"href":"https:\/\/www.aquimicasa.net\/blog\/wp-json\/wp\/v2\/media?parent=50627"}],"wp:term":[{"taxonomy":"category","embeddable":true,"href":"https:\/\/www.aquimicasa.net\/blog\/wp-json\/wp\/v2\/categories?post=50627"},{"taxonomy":"post_tag","embeddable":true,"href":"https:\/\/www.aquimicasa.net\/blog\/wp-json\/wp\/v2\/tags?post=50627"}],"curies":[{"name":"wp","href":"https:\/\/api.w.org\/{rel}","templated":true}]}}