{"id":50676,"date":"2025-03-11T21:56:24","date_gmt":"2025-03-11T20:56:24","guid":{"rendered":"https:\/\/www.aquimicasa.net\/blog\/?p=50676"},"modified":"2025-03-11T21:56:24","modified_gmt":"2025-03-11T20:56:24","slug":"los-fondos-buitre-hacen-caja-con-la-subida-de-la-vivienda","status":"publish","type":"post","link":"https:\/\/www.aquimicasa.net\/blog\/vivienda\/compraventa-de-viviendas\/los-fondos-buitre-hacen-caja-con-la-subida-de-la-vivienda\/","title":{"rendered":"Los fondos buitre hacen caja con la subida de la vivienda \ud83c\udfe0\ud83d\udcb0"},"content":{"rendered":"<div class=\"fusion-fullwidth fullwidth-box fusion-builder-row-1 fusion-flex-container nonhundred-percent-fullwidth non-hundred-percent-height-scrolling\" style=\"background-color: rgba(255,255,255,0);background-position: center center;background-repeat: no-repeat;border-width: 0px 0px 0px 0px;border-color:#eae9e9;border-style:solid;\" ><div class=\"fusion-builder-row fusion-row fusion-flex-align-items-flex-start\" style=\"max-width:1144px;margin-left: calc(-4% \/ 2 );margin-right: calc(-4% \/ 2 );\"><div class=\"fusion-layout-column fusion_builder_column fusion-builder-column-0 fusion_builder_column_1_1 1_1 fusion-flex-column\"><div class=\"fusion-column-wrapper fusion-flex-justify-content-flex-start fusion-content-layout-column\" style=\"background-position:left top;background-repeat:no-repeat;-webkit-background-size:cover;-moz-background-size:cover;-o-background-size:cover;background-size:cover;padding: 0px 0px 0px 0px;\"><div class=\"fusion-text fusion-text-1\"><h2><strong>La salida de fondos buitre de Catalu\u00f1a no es el \u00fanico movimiento<\/strong><\/h2>\n<p>Los fondos buitre han sido protagonistas en el mercado inmobiliario espa\u00f1ol desde la crisis de 2008. Atra\u00eddos por la depreciaci\u00f3n de los activos, estas entidades se hicieron con miles de viviendas a precios irrisorios, generando un negocio multimillonario a costa de la poblaci\u00f3n. Ahora, algunos de estos fondos,\u00a0 han comenzado a vender parte de su cartera, especialmente en Catalu\u00f1a. Sin embargo, este no es un hecho aislado: estamos ante una nueva fase de especulaci\u00f3n inmobiliaria donde los grandes inversores contin\u00faan maximizando beneficios.<\/p>\n<p>Uno de los \u00faltimos movimientos ha sido el de Cerberus, que ha iniciado la venta de un 20% de su cartera de viviendas en alquiler en Espa\u00f1a a trav\u00e9s de su SOCIMI MACC. Este proceso, que afecta especialmente a inmuebles en Madrid, forma parte de una estrategia mayor de desinversi\u00f3n tras a\u00f1os de acumulaci\u00f3n de propiedades. Pero no nos enga\u00f1emos: esto no significa una mejora en el acceso a la vivienda. Al contrario, los inmuebles seguir\u00e1n pasando de mano en mano dentro de la esfera de los grandes inversores, mientras los ciudadanos sufren precios inasumibles y alquileres desorbitados. \ud83d\udcc8\ud83c\udfe0<\/p>\n<h2><strong>Llegaron para aprovecharse de la crisis inmobiliaria<\/strong><\/h2>\n<p>Los fondos buitre no aterrizaron en Espa\u00f1a por casualidad. En plena crisis de 2008, cuando miles de familias perd\u00edan sus hogares por desahucios, estos gigantes financieros vieron una oportunidad de oro para hacer negocio. Se hicieron con carteras de vivienda procedentes de bancos y del propio Estado a precios de saldo, generando un modelo de negocio basado en la especulaci\u00f3n y el alquiler a precios cada vez m\u00e1s altos.<\/p>\n<p>Cerberus, uno de los actores principales, se instal\u00f3 en el pa\u00eds bajo el paraguas de Promontoria Plataforma, m\u00e1s tarde rebautizada como Haya Real Estate. Con el benepl\u00e1cito del gobierno, adquiri\u00f3 grandes vol\u00famenes de activos inmobiliarios de entidades como Bankia, BBVA y Sabadell. Con ello, logr\u00f3 consolidarse como uno de los mayores propietarios de vivienda en Espa\u00f1a, sin importar el impacto social que su modelo generaba. \ud83c\udfe6\ud83e\udd85<\/p>\n<h2><strong>Cerberus, uno de los mayores fondos que operaron con el permiso de Rajoy<\/strong><\/h2>\n<p>Si los fondos buitre lograron asentarse en Espa\u00f1a con tanta facilidad, fue gracias al respaldo pol\u00edtico de gobiernos que facilitaron su entrada. Durante el mandato de Mariano Rajoy, se realizaron grandes operaciones que favorecieron la cesi\u00f3n de activos a estas entidades, sin medidas de control ni regulaciones efectivas para proteger a los ciudadanos.<\/p>\n<p>Cerberus fue uno de los grandes beneficiados, gestionando activos por valor de m\u00e1s de 12.200 millones de euros solo en Bankia. A trav\u00e9s de acuerdos con Sareb y otros bancos, consolid\u00f3 su posici\u00f3n en el mercado inmobiliario espa\u00f1ol, siempre con la connivencia del poder pol\u00edtico. Lejos de garantizar un acceso justo a la vivienda, estas operaciones \u00fanicamente sirvieron para fortalecer el dominio de los fondos en el sector. \u26a0\ufe0f\ud83c\udfe0<\/p>\n<h2><strong>La familia Aznar Botella se enriqueci\u00f3 con los desahucios y su apoyo a los buitres<\/strong><\/h2>\n<p>El entramado de relaciones entre fondos buitre y el poder pol\u00edtico no se limita a simples acuerdos comerciales. En el caso de Cerberus, uno de sus consejeros en Espa\u00f1a fue nada menos que Jos\u00e9 Mar\u00eda Aznar Botella, hijo del expresidente Jos\u00e9 Mar\u00eda Aznar y de la exalcaldesa de Madrid, Ana Botella.<\/p>\n<p>Esta conexi\u00f3n evidencia c\u00f3mo determinados sectores de la pol\u00edtica han encontrado en la crisis inmobiliaria una oportunidad para enriquecerse. Mientras miles de familias eran desahuciadas, algunos se lucraban facilitando la expansi\u00f3n de los fondos buitre en el pa\u00eds. No es casualidad que Ana Botella, durante su etapa en el Ayuntamiento de Madrid, aprobara la venta de viviendas protegidas a estos mismos fondos. La vivienda social pas\u00f3 de ser un derecho a un simple activo financiero en manos de inversores sin escr\u00fapulos. \ud83c\udfe2\ud83d\udcb0<\/p>\n<h2><strong>Las casas de los desahuciados contin\u00faan pasando de mano en mano dando beneficios a los inversores<\/strong><\/h2>\n<p>El problema de los fondos buitre no es solo que compraran barato para vender caro, sino que han transformado el mercado de la vivienda en un escenario de especulaci\u00f3n constante. Hoy en d\u00eda, las viviendas que fueron expropiadas a familias siguen formando parte de un ciclo de compraventa entre grandes inversores.<\/p>\n<p>Cerberus ha sido especialmente activo en este sentido. Tras adquirir miles de inmuebles a precios m\u00ednimos, ha continuado rentabiliz\u00e1ndolos mediante ventas estrat\u00e9gicas y subidas de alquileres. En cada operaci\u00f3n, los verdaderos perjudicados han sido los ciudadanos, que ven c\u00f3mo la vivienda sigue alej\u00e1ndose de su alcance mientras unos pocos hacen caja con su derecho m\u00e1s b\u00e1sico. \ud83d\udcb8\ud83c\udfe0<\/p>\n<h2><strong>Mientras sufrimos una crisis por ausencia de vivienda, los buitres manejan el mercado<\/strong><\/h2>\n<p>En un contexto de crisis habitacional como el actual, la presencia de fondos buitre en el mercado inmobiliario solo agrava el problema. Mientras los ciudadanos lidian con precios inasequibles, estos inversores siguen operando con total impunidad, acumulando beneficios a costa de una necesidad fundamental.<\/p>\n<p>El caso de Cerberus es solo un ejemplo de una tendencia mucho m\u00e1s amplia. Blackstone, Lone Star, Apollo y otros gigantes financieros han convertido la vivienda en un bien especulativo, con el benepl\u00e1cito de los gobiernos y sin medidas efectivas que frenen su expansi\u00f3n.<\/p>\n<p>Es urgente un cambio en la regulaci\u00f3n que ponga freno a este abuso. Se necesitan pol\u00edticas que prioricen el acceso a la vivienda por encima de los intereses financieros, evitando que la especulaci\u00f3n siga siendo la norma. Mientras esto no ocurra, los fondos buitre seguir\u00e1n manejando el mercado y haciendo caja con una crisis que deber\u00eda resolverse con medidas de justicia social y no con m\u00e1s negocio para los de siempre. \ud83d\udea8\ud83c\udfe0<\/p>\n<\/div><\/div><style type=\"text\/css\">.fusion-body .fusion-builder-column-0{width:100% !important;margin-top : 0px;margin-bottom : 0px;}.fusion-builder-column-0 > .fusion-column-wrapper {padding-top : 0px !important;padding-right : 0px !important;margin-right : 1.92%;padding-bottom : 0px !important;padding-left : 0px !important;margin-left : 1.92%;}@media only screen and (max-width:1024px) {.fusion-body .fusion-builder-column-0{width:100% !important;}.fusion-builder-column-0 > .fusion-column-wrapper {margin-right : 1.92%;margin-left : 1.92%;}}@media only screen and (max-width:640px) {.fusion-body .fusion-builder-column-0{width:100% !important;}.fusion-builder-column-0 > .fusion-column-wrapper {margin-right : 1.92%;margin-left : 1.92%;}}<\/style><\/div><\/div><style type=\"text\/css\">.fusion-body .fusion-flex-container.fusion-builder-row-1{ padding-top : 0px;margin-top : 0px;padding-right : 0px;padding-bottom : 0px;margin-bottom : 0px;padding-left : 0px;}<\/style><\/div>\n","protected":false},"excerpt":{"rendered":"<p>Cerberus, uno de los actores principales, se instal\u00f3 en el pa\u00eds bajo el paraguas de Promontoria Plataforma, m\u00e1s tarde rebautizada como Haya Real Estate. Con el benepl\u00e1cito del gobierno, adquiri\u00f3 grandes vol\u00famenes de activos inmobiliarios de entidades como Bankia, BBVA y Sabadell. Con ello, logr\u00f3 consolidarse como uno de los mayores propietarios de vivienda en Espa\u00f1a, sin importar el impacto social que su modelo generaba<\/p>\n","protected":false},"author":3,"featured_media":50680,"comment_status":"open","ping_status":"closed","sticky":false,"template":"","format":"standard","meta":{"_jetpack_memberships_contains_paid_content":false,"footnotes":"","jetpack_publicize_message":"","jetpack_publicize_feature_enabled":true,"jetpack_social_post_already_shared":true,"jetpack_social_options":{"image_generator_settings":{"template":"highway","default_image_id":0,"font":"","enabled":false},"version":2}},"categories":[100],"tags":[8218,7568],"class_list":["post-50676","post","type-post","status-publish","format-standard","has-post-thumbnail","hentry","category-compraventa-de-viviendas","tag-newsletter-504","tag-noticia-de-portada"],"yoast_head":"<!-- This site is optimized with the Yoast SEO plugin v28.2 - https:\/\/yoast.com\/product\/yoast-seo-wordpress\/ -->\n<title>Los fondos buitre hacen caja con la subida de la vivienda<\/title>\n<meta name=\"description\" content=\"Las viviendas que fueron expropiadas a familias siguen formando parte de un ciclo de compraventa entre grandes inversores.\" \/>\n<meta name=\"robots\" content=\"index, follow, max-snippet:-1, max-image-preview:large, max-video-preview:-1\" \/>\n<link rel=\"canonical\" href=\"https:\/\/www.aquimicasa.net\/blog\/vivienda\/compraventa-de-viviendas\/los-fondos-buitre-hacen-caja-con-la-subida-de-la-vivienda\/\" \/>\n<meta property=\"og:locale\" content=\"es_ES\" \/>\n<meta property=\"og:type\" content=\"article\" \/>\n<meta property=\"og:title\" content=\"Los fondos buitre hacen caja con la subida de la vivienda\" \/>\n<meta property=\"og:description\" content=\"Las viviendas que fueron expropiadas a familias siguen formando parte de un ciclo de compraventa entre grandes inversores.\" \/>\n<meta property=\"og:url\" content=\"https:\/\/www.aquimicasa.net\/blog\/vivienda\/compraventa-de-viviendas\/los-fondos-buitre-hacen-caja-con-la-subida-de-la-vivienda\/\" \/>\n<meta property=\"og:site_name\" content=\"Blog de aquimicasa.net\" \/>\n<meta property=\"article:publisher\" content=\"https:\/\/www.facebook.com\/aquimicasa.net\" \/>\n<meta property=\"article:published_time\" content=\"2025-03-11T20:56:24+00:00\" \/>\n<meta property=\"og:image\" content=\"https:\/\/www.aquimicasa.net\/blog\/wp-content\/uploads\/Buitres-y-viviendas-sociales-8-e1741726458814.png\" \/>\n\t<meta property=\"og:image:width\" content=\"600\" \/>\n\t<meta property=\"og:image:height\" content=\"336\" \/>\n\t<meta property=\"og:image:type\" content=\"image\/png\" \/>\n<meta name=\"author\" content=\"Eduardo Lizarraga\" \/>\n<meta name=\"twitter:label1\" content=\"Escrito por\" \/>\n\t<meta name=\"twitter:data1\" content=\"Eduardo Lizarraga\" \/>\n\t<meta name=\"twitter:label2\" content=\"Tiempo de lectura\" \/>\n\t<meta name=\"twitter:data2\" content=\"2 minutos\" \/>\n<script type=\"application\/ld+json\" class=\"yoast-schema-graph\">{\"@context\":\"https:\\\/\\\/schema.org\",\"@graph\":[{\"@type\":\"Article\",\"@id\":\"https:\\\/\\\/www.aquimicasa.net\\\/blog\\\/vivienda\\\/compraventa-de-viviendas\\\/los-fondos-buitre-hacen-caja-con-la-subida-de-la-vivienda\\\/#article\",\"isPartOf\":{\"@id\":\"https:\\\/\\\/www.aquimicasa.net\\\/blog\\\/vivienda\\\/compraventa-de-viviendas\\\/los-fondos-buitre-hacen-caja-con-la-subida-de-la-vivienda\\\/\"},\"author\":{\"name\":\"Eduardo Lizarraga\",\"@id\":\"https:\\\/\\\/www.aquimicasa.net\\\/blog\\\/#\\\/schema\\\/person\\\/2cdfa2605534583395c8d7ce1d6cac14\"},\"headline\":\"Los fondos buitre hacen caja con la subida de la vivienda \ud83c\udfe0\ud83d\udcb0\",\"datePublished\":\"2025-03-11T20:56:24+00:00\",\"mainEntityOfPage\":{\"@id\":\"https:\\\/\\\/www.aquimicasa.net\\\/blog\\\/vivienda\\\/compraventa-de-viviendas\\\/los-fondos-buitre-hacen-caja-con-la-subida-de-la-vivienda\\\/\"},\"wordCount\":1217,\"commentCount\":0,\"publisher\":{\"@id\":\"https:\\\/\\\/www.aquimicasa.net\\\/blog\\\/#organization\"},\"image\":{\"@id\":\"https:\\\/\\\/www.aquimicasa.net\\\/blog\\\/vivienda\\\/compraventa-de-viviendas\\\/los-fondos-buitre-hacen-caja-con-la-subida-de-la-vivienda\\\/#primaryimage\"},\"thumbnailUrl\":\"https:\\\/\\\/www.aquimicasa.net\\\/blog\\\/wp-content\\\/uploads\\\/Buitres-y-viviendas-sociales-8-e1741726458814.png\",\"keywords\":[\"newsletter 504\",\"noticia de portada\"],\"articleSection\":[\"Compra Venta\"],\"inLanguage\":\"es\",\"potentialAction\":[{\"@type\":\"CommentAction\",\"name\":\"Comment\",\"target\":[\"https:\\\/\\\/www.aquimicasa.net\\\/blog\\\/vivienda\\\/compraventa-de-viviendas\\\/los-fondos-buitre-hacen-caja-con-la-subida-de-la-vivienda\\\/#respond\"]}]},{\"@type\":\"WebPage\",\"@id\":\"https:\\\/\\\/www.aquimicasa.net\\\/blog\\\/vivienda\\\/compraventa-de-viviendas\\\/los-fondos-buitre-hacen-caja-con-la-subida-de-la-vivienda\\\/\",\"url\":\"https:\\\/\\\/www.aquimicasa.net\\\/blog\\\/vivienda\\\/compraventa-de-viviendas\\\/los-fondos-buitre-hacen-caja-con-la-subida-de-la-vivienda\\\/\",\"name\":\"Los fondos buitre hacen caja con la subida de la vivienda\",\"isPartOf\":{\"@id\":\"https:\\\/\\\/www.aquimicasa.net\\\/blog\\\/#website\"},\"primaryImageOfPage\":{\"@id\":\"https:\\\/\\\/www.aquimicasa.net\\\/blog\\\/vivienda\\\/compraventa-de-viviendas\\\/los-fondos-buitre-hacen-caja-con-la-subida-de-la-vivienda\\\/#primaryimage\"},\"image\":{\"@id\":\"https:\\\/\\\/www.aquimicasa.net\\\/blog\\\/vivienda\\\/compraventa-de-viviendas\\\/los-fondos-buitre-hacen-caja-con-la-subida-de-la-vivienda\\\/#primaryimage\"},\"thumbnailUrl\":\"https:\\\/\\\/www.aquimicasa.net\\\/blog\\\/wp-content\\\/uploads\\\/Buitres-y-viviendas-sociales-8-e1741726458814.png\",\"datePublished\":\"2025-03-11T20:56:24+00:00\",\"description\":\"Las viviendas que fueron expropiadas a familias siguen formando parte de un ciclo de compraventa entre grandes inversores.\",\"breadcrumb\":{\"@id\":\"https:\\\/\\\/www.aquimicasa.net\\\/blog\\\/vivienda\\\/compraventa-de-viviendas\\\/los-fondos-buitre-hacen-caja-con-la-subida-de-la-vivienda\\\/#breadcrumb\"},\"inLanguage\":\"es\",\"potentialAction\":[{\"@type\":\"ReadAction\",\"target\":[\"https:\\\/\\\/www.aquimicasa.net\\\/blog\\\/vivienda\\\/compraventa-de-viviendas\\\/los-fondos-buitre-hacen-caja-con-la-subida-de-la-vivienda\\\/\"]}]},{\"@type\":\"ImageObject\",\"inLanguage\":\"es\",\"@id\":\"https:\\\/\\\/www.aquimicasa.net\\\/blog\\\/vivienda\\\/compraventa-de-viviendas\\\/los-fondos-buitre-hacen-caja-con-la-subida-de-la-vivienda\\\/#primaryimage\",\"url\":\"https:\\\/\\\/www.aquimicasa.net\\\/blog\\\/wp-content\\\/uploads\\\/Buitres-y-viviendas-sociales-8-e1741726458814.png\",\"contentUrl\":\"https:\\\/\\\/www.aquimicasa.net\\\/blog\\\/wp-content\\\/uploads\\\/Buitres-y-viviendas-sociales-8-e1741726458814.png\",\"width\":600,\"height\":336,\"caption\":\"Los fondos buitre atacan en Madrid\"},{\"@type\":\"BreadcrumbList\",\"@id\":\"https:\\\/\\\/www.aquimicasa.net\\\/blog\\\/vivienda\\\/compraventa-de-viviendas\\\/los-fondos-buitre-hacen-caja-con-la-subida-de-la-vivienda\\\/#breadcrumb\",\"itemListElement\":[{\"@type\":\"ListItem\",\"position\":1,\"name\":\"Portada\",\"item\":\"https:\\\/\\\/www.aquimicasa.net\\\/blog\\\/\"},{\"@type\":\"ListItem\",\"position\":2,\"name\":\"Los fondos buitre hacen caja con la subida de la vivienda \ud83c\udfe0\ud83d\udcb0\"}]},{\"@type\":\"WebSite\",\"@id\":\"https:\\\/\\\/www.aquimicasa.net\\\/blog\\\/#website\",\"url\":\"https:\\\/\\\/www.aquimicasa.net\\\/blog\\\/\",\"name\":\"Blog de aquimicasa.net\",\"description\":\"Noticias del Mundo Inmobiliario\",\"publisher\":{\"@id\":\"https:\\\/\\\/www.aquimicasa.net\\\/blog\\\/#organization\"},\"potentialAction\":[{\"@type\":\"SearchAction\",\"target\":{\"@type\":\"EntryPoint\",\"urlTemplate\":\"https:\\\/\\\/www.aquimicasa.net\\\/blog\\\/?s={search_term_string}\"},\"query-input\":{\"@type\":\"PropertyValueSpecification\",\"valueRequired\":true,\"valueName\":\"search_term_string\"}}],\"inLanguage\":\"es\"},{\"@type\":\"Organization\",\"@id\":\"https:\\\/\\\/www.aquimicasa.net\\\/blog\\\/#organization\",\"name\":\"Blog de aquimicasa.net\",\"url\":\"https:\\\/\\\/www.aquimicasa.net\\\/blog\\\/\",\"logo\":{\"@type\":\"ImageObject\",\"inLanguage\":\"es\",\"@id\":\"https:\\\/\\\/www.aquimicasa.net\\\/blog\\\/#\\\/schema\\\/logo\\\/image\\\/\",\"url\":\"https:\\\/\\\/www.aquimicasa.net\\\/blog\\\/wp-content\\\/uploads\\\/Logo-aquimicasa-1-e1528048213782.png\",\"contentUrl\":\"https:\\\/\\\/www.aquimicasa.net\\\/blog\\\/wp-content\\\/uploads\\\/Logo-aquimicasa-1-e1528048213782.png\",\"width\":225,\"height\":225,\"caption\":\"Blog de aquimicasa.net\"},\"image\":{\"@id\":\"https:\\\/\\\/www.aquimicasa.net\\\/blog\\\/#\\\/schema\\\/logo\\\/image\\\/\"},\"sameAs\":[\"https:\\\/\\\/www.facebook.com\\\/aquimicasa.net\",\"https:\\\/\\\/www.instagram.com\\\/\",\"https:\\\/\\\/x.com\\\/EduLizarragaD\",\"https:\\\/\\\/www.linkedin.com\\\/feed\\\/\"]},{\"@type\":\"Person\",\"@id\":\"https:\\\/\\\/www.aquimicasa.net\\\/blog\\\/#\\\/schema\\\/person\\\/2cdfa2605534583395c8d7ce1d6cac14\",\"name\":\"Eduardo Lizarraga\",\"image\":{\"@type\":\"ImageObject\",\"inLanguage\":\"es\",\"@id\":\"https:\\\/\\\/secure.gravatar.com\\\/avatar\\\/bdabe1eeeed97b65a9cb7de2edd624b07995f7e13abc5fead15961f745f908cc?s=96&d=mm&r=g\",\"url\":\"https:\\\/\\\/secure.gravatar.com\\\/avatar\\\/bdabe1eeeed97b65a9cb7de2edd624b07995f7e13abc5fead15961f745f908cc?s=96&d=mm&r=g\",\"contentUrl\":\"https:\\\/\\\/secure.gravatar.com\\\/avatar\\\/bdabe1eeeed97b65a9cb7de2edd624b07995f7e13abc5fead15961f745f908cc?s=96&d=mm&r=g\",\"caption\":\"Eduardo Lizarraga\"},\"description\":\"Periodista Econ\u00f3mico. Ha trabajado en diversos campos de la informaci\u00f3n. Corresponsal en conflictos, analista pol\u00edtico en Congreso y Senado, periodista del medio ambiente, editor, director editorial, director de comunicaci\u00f3n.... En estos momentos se ha especializado en el sector inmobiliario. Pero tambi\u00e9n es navegante y viajero, preocupado por la pobreza, el medio ambiente y por las actuaciones descontroladas del neoliberalismo empresarial y pol\u00edtico en todo el mundo. Los desahucios, la pobreza infantil y la falta de acceso a los suministros b\u00e1sicos son algunos de los grandes dramas de nuestra sociedad y que es preciso solucionar para hacerla m\u00e1s justa. CEO en www.aquimicasa.net\",\"sameAs\":[\"https:\\\/\\\/www.aquimicasa.net\\\/\"],\"url\":\"https:\\\/\\\/www.aquimicasa.net\\\/blog\\\/author\\\/eduardo\\\/\"}]}<\/script>\n<!-- \/ Yoast SEO plugin. -->","yoast_head_json":{"title":"Los fondos buitre hacen caja con la subida de la vivienda","description":"Las viviendas que fueron expropiadas a familias siguen formando parte de un ciclo de compraventa entre grandes inversores.","robots":{"index":"index","follow":"follow","max-snippet":"max-snippet:-1","max-image-preview":"max-image-preview:large","max-video-preview":"max-video-preview:-1"},"canonical":"https:\/\/www.aquimicasa.net\/blog\/vivienda\/compraventa-de-viviendas\/los-fondos-buitre-hacen-caja-con-la-subida-de-la-vivienda\/","og_locale":"es_ES","og_type":"article","og_title":"Los fondos buitre hacen caja con la subida de la vivienda","og_description":"Las viviendas que fueron expropiadas a familias siguen formando parte de un ciclo de compraventa entre grandes inversores.","og_url":"https:\/\/www.aquimicasa.net\/blog\/vivienda\/compraventa-de-viviendas\/los-fondos-buitre-hacen-caja-con-la-subida-de-la-vivienda\/","og_site_name":"Blog de aquimicasa.net","article_publisher":"https:\/\/www.facebook.com\/aquimicasa.net","article_published_time":"2025-03-11T20:56:24+00:00","og_image":[{"width":600,"height":336,"url":"https:\/\/www.aquimicasa.net\/blog\/wp-content\/uploads\/Buitres-y-viviendas-sociales-8-e1741726458814.png","type":"image\/png"}],"author":"Eduardo Lizarraga","twitter_misc":{"Escrito por":"Eduardo Lizarraga","Tiempo de lectura":"2 minutos"},"schema":{"@context":"https:\/\/schema.org","@graph":[{"@type":"Article","@id":"https:\/\/www.aquimicasa.net\/blog\/vivienda\/compraventa-de-viviendas\/los-fondos-buitre-hacen-caja-con-la-subida-de-la-vivienda\/#article","isPartOf":{"@id":"https:\/\/www.aquimicasa.net\/blog\/vivienda\/compraventa-de-viviendas\/los-fondos-buitre-hacen-caja-con-la-subida-de-la-vivienda\/"},"author":{"name":"Eduardo Lizarraga","@id":"https:\/\/www.aquimicasa.net\/blog\/#\/schema\/person\/2cdfa2605534583395c8d7ce1d6cac14"},"headline":"Los fondos buitre hacen caja con la subida de la vivienda \ud83c\udfe0\ud83d\udcb0","datePublished":"2025-03-11T20:56:24+00:00","mainEntityOfPage":{"@id":"https:\/\/www.aquimicasa.net\/blog\/vivienda\/compraventa-de-viviendas\/los-fondos-buitre-hacen-caja-con-la-subida-de-la-vivienda\/"},"wordCount":1217,"commentCount":0,"publisher":{"@id":"https:\/\/www.aquimicasa.net\/blog\/#organization"},"image":{"@id":"https:\/\/www.aquimicasa.net\/blog\/vivienda\/compraventa-de-viviendas\/los-fondos-buitre-hacen-caja-con-la-subida-de-la-vivienda\/#primaryimage"},"thumbnailUrl":"https:\/\/www.aquimicasa.net\/blog\/wp-content\/uploads\/Buitres-y-viviendas-sociales-8-e1741726458814.png","keywords":["newsletter 504","noticia de portada"],"articleSection":["Compra Venta"],"inLanguage":"es","potentialAction":[{"@type":"CommentAction","name":"Comment","target":["https:\/\/www.aquimicasa.net\/blog\/vivienda\/compraventa-de-viviendas\/los-fondos-buitre-hacen-caja-con-la-subida-de-la-vivienda\/#respond"]}]},{"@type":"WebPage","@id":"https:\/\/www.aquimicasa.net\/blog\/vivienda\/compraventa-de-viviendas\/los-fondos-buitre-hacen-caja-con-la-subida-de-la-vivienda\/","url":"https:\/\/www.aquimicasa.net\/blog\/vivienda\/compraventa-de-viviendas\/los-fondos-buitre-hacen-caja-con-la-subida-de-la-vivienda\/","name":"Los fondos buitre hacen caja con la subida de la vivienda","isPartOf":{"@id":"https:\/\/www.aquimicasa.net\/blog\/#website"},"primaryImageOfPage":{"@id":"https:\/\/www.aquimicasa.net\/blog\/vivienda\/compraventa-de-viviendas\/los-fondos-buitre-hacen-caja-con-la-subida-de-la-vivienda\/#primaryimage"},"image":{"@id":"https:\/\/www.aquimicasa.net\/blog\/vivienda\/compraventa-de-viviendas\/los-fondos-buitre-hacen-caja-con-la-subida-de-la-vivienda\/#primaryimage"},"thumbnailUrl":"https:\/\/www.aquimicasa.net\/blog\/wp-content\/uploads\/Buitres-y-viviendas-sociales-8-e1741726458814.png","datePublished":"2025-03-11T20:56:24+00:00","description":"Las viviendas que fueron expropiadas a familias siguen formando parte de un ciclo de compraventa entre grandes inversores.","breadcrumb":{"@id":"https:\/\/www.aquimicasa.net\/blog\/vivienda\/compraventa-de-viviendas\/los-fondos-buitre-hacen-caja-con-la-subida-de-la-vivienda\/#breadcrumb"},"inLanguage":"es","potentialAction":[{"@type":"ReadAction","target":["https:\/\/www.aquimicasa.net\/blog\/vivienda\/compraventa-de-viviendas\/los-fondos-buitre-hacen-caja-con-la-subida-de-la-vivienda\/"]}]},{"@type":"ImageObject","inLanguage":"es","@id":"https:\/\/www.aquimicasa.net\/blog\/vivienda\/compraventa-de-viviendas\/los-fondos-buitre-hacen-caja-con-la-subida-de-la-vivienda\/#primaryimage","url":"https:\/\/www.aquimicasa.net\/blog\/wp-content\/uploads\/Buitres-y-viviendas-sociales-8-e1741726458814.png","contentUrl":"https:\/\/www.aquimicasa.net\/blog\/wp-content\/uploads\/Buitres-y-viviendas-sociales-8-e1741726458814.png","width":600,"height":336,"caption":"Los fondos buitre atacan en Madrid"},{"@type":"BreadcrumbList","@id":"https:\/\/www.aquimicasa.net\/blog\/vivienda\/compraventa-de-viviendas\/los-fondos-buitre-hacen-caja-con-la-subida-de-la-vivienda\/#breadcrumb","itemListElement":[{"@type":"ListItem","position":1,"name":"Portada","item":"https:\/\/www.aquimicasa.net\/blog\/"},{"@type":"ListItem","position":2,"name":"Los fondos buitre hacen caja con la subida de la vivienda \ud83c\udfe0\ud83d\udcb0"}]},{"@type":"WebSite","@id":"https:\/\/www.aquimicasa.net\/blog\/#website","url":"https:\/\/www.aquimicasa.net\/blog\/","name":"Blog de aquimicasa.net","description":"Noticias del Mundo Inmobiliario","publisher":{"@id":"https:\/\/www.aquimicasa.net\/blog\/#organization"},"potentialAction":[{"@type":"SearchAction","target":{"@type":"EntryPoint","urlTemplate":"https:\/\/www.aquimicasa.net\/blog\/?s={search_term_string}"},"query-input":{"@type":"PropertyValueSpecification","valueRequired":true,"valueName":"search_term_string"}}],"inLanguage":"es"},{"@type":"Organization","@id":"https:\/\/www.aquimicasa.net\/blog\/#organization","name":"Blog de aquimicasa.net","url":"https:\/\/www.aquimicasa.net\/blog\/","logo":{"@type":"ImageObject","inLanguage":"es","@id":"https:\/\/www.aquimicasa.net\/blog\/#\/schema\/logo\/image\/","url":"https:\/\/www.aquimicasa.net\/blog\/wp-content\/uploads\/Logo-aquimicasa-1-e1528048213782.png","contentUrl":"https:\/\/www.aquimicasa.net\/blog\/wp-content\/uploads\/Logo-aquimicasa-1-e1528048213782.png","width":225,"height":225,"caption":"Blog de aquimicasa.net"},"image":{"@id":"https:\/\/www.aquimicasa.net\/blog\/#\/schema\/logo\/image\/"},"sameAs":["https:\/\/www.facebook.com\/aquimicasa.net","https:\/\/www.instagram.com\/","https:\/\/x.com\/EduLizarragaD","https:\/\/www.linkedin.com\/feed\/"]},{"@type":"Person","@id":"https:\/\/www.aquimicasa.net\/blog\/#\/schema\/person\/2cdfa2605534583395c8d7ce1d6cac14","name":"Eduardo Lizarraga","image":{"@type":"ImageObject","inLanguage":"es","@id":"https:\/\/secure.gravatar.com\/avatar\/bdabe1eeeed97b65a9cb7de2edd624b07995f7e13abc5fead15961f745f908cc?s=96&d=mm&r=g","url":"https:\/\/secure.gravatar.com\/avatar\/bdabe1eeeed97b65a9cb7de2edd624b07995f7e13abc5fead15961f745f908cc?s=96&d=mm&r=g","contentUrl":"https:\/\/secure.gravatar.com\/avatar\/bdabe1eeeed97b65a9cb7de2edd624b07995f7e13abc5fead15961f745f908cc?s=96&d=mm&r=g","caption":"Eduardo Lizarraga"},"description":"Periodista Econ\u00f3mico. Ha trabajado en diversos campos de la informaci\u00f3n. Corresponsal en conflictos, analista pol\u00edtico en Congreso y Senado, periodista del medio ambiente, editor, director editorial, director de comunicaci\u00f3n.... En estos momentos se ha especializado en el sector inmobiliario. Pero tambi\u00e9n es navegante y viajero, preocupado por la pobreza, el medio ambiente y por las actuaciones descontroladas del neoliberalismo empresarial y pol\u00edtico en todo el mundo. Los desahucios, la pobreza infantil y la falta de acceso a los suministros b\u00e1sicos son algunos de los grandes dramas de nuestra sociedad y que es preciso solucionar para hacerla m\u00e1s justa. CEO en www.aquimicasa.net","sameAs":["https:\/\/www.aquimicasa.net\/"],"url":"https:\/\/www.aquimicasa.net\/blog\/author\/eduardo\/"}]}},"jetpack_publicize_connections":[],"jetpack_featured_media_url":"https:\/\/www.aquimicasa.net\/blog\/wp-content\/uploads\/Buitres-y-viviendas-sociales-8-e1741726458814.png","jetpack_sharing_enabled":true,"jetpack_likes_enabled":true,"_links":{"self":[{"href":"https:\/\/www.aquimicasa.net\/blog\/wp-json\/wp\/v2\/posts\/50676","targetHints":{"allow":["GET"]}}],"collection":[{"href":"https:\/\/www.aquimicasa.net\/blog\/wp-json\/wp\/v2\/posts"}],"about":[{"href":"https:\/\/www.aquimicasa.net\/blog\/wp-json\/wp\/v2\/types\/post"}],"author":[{"embeddable":true,"href":"https:\/\/www.aquimicasa.net\/blog\/wp-json\/wp\/v2\/users\/3"}],"replies":[{"embeddable":true,"href":"https:\/\/www.aquimicasa.net\/blog\/wp-json\/wp\/v2\/comments?post=50676"}],"version-history":[{"count":2,"href":"https:\/\/www.aquimicasa.net\/blog\/wp-json\/wp\/v2\/posts\/50676\/revisions"}],"predecessor-version":[{"id":50681,"href":"https:\/\/www.aquimicasa.net\/blog\/wp-json\/wp\/v2\/posts\/50676\/revisions\/50681"}],"wp:featuredmedia":[{"embeddable":true,"href":"https:\/\/www.aquimicasa.net\/blog\/wp-json\/wp\/v2\/media\/50680"}],"wp:attachment":[{"href":"https:\/\/www.aquimicasa.net\/blog\/wp-json\/wp\/v2\/media?parent=50676"}],"wp:term":[{"taxonomy":"category","embeddable":true,"href":"https:\/\/www.aquimicasa.net\/blog\/wp-json\/wp\/v2\/categories?post=50676"},{"taxonomy":"post_tag","embeddable":true,"href":"https:\/\/www.aquimicasa.net\/blog\/wp-json\/wp\/v2\/tags?post=50676"}],"curies":[{"name":"wp","href":"https:\/\/api.w.org\/{rel}","templated":true}]}}