{"id":50965,"date":"2025-04-03T07:58:34","date_gmt":"2025-04-03T05:58:34","guid":{"rendered":"https:\/\/www.aquimicasa.net\/blog\/?p=50965"},"modified":"2025-04-25T19:56:26","modified_gmt":"2025-04-25T17:56:26","slug":"la-proxima-generacion-de-inquiokupas-seran-abuelos","status":"publish","type":"post","link":"https:\/\/www.aquimicasa.net\/blog\/opinion\/la-proxima-generacion-de-inquiokupas-seran-abuelos\/","title":{"rendered":"La pr\u00f3xima generaci\u00f3n de inquiokupas ser\u00e1n abuelos"},"content":{"rendered":"<div class=\"fusion-fullwidth fullwidth-box fusion-builder-row-1 fusion-flex-container nonhundred-percent-fullwidth non-hundred-percent-height-scrolling\" style=\"background-color: rgba(255,255,255,0);background-position: center center;background-repeat: no-repeat;border-width: 0px 0px 0px 0px;border-color:#eae9e9;border-style:solid;\" ><div class=\"fusion-builder-row fusion-row fusion-flex-align-items-flex-start\" style=\"max-width:1144px;margin-left: calc(-4% \/ 2 );margin-right: calc(-4% \/ 2 );\"><div class=\"fusion-layout-column fusion_builder_column fusion-builder-column-0 fusion_builder_column_1_1 1_1 fusion-flex-column\"><div class=\"fusion-column-wrapper fusion-flex-justify-content-flex-start fusion-content-layout-column\" style=\"background-position:left top;background-repeat:no-repeat;-webkit-background-size:cover;-moz-background-size:cover;-o-background-size:cover;background-size:cover;padding: 0px 0px 0px 0px;\"><div class=\"fusion-text fusion-text-1\"><p>El panorama del alquiler en Espa\u00f1a ha experimentado transformaciones significativas en los \u00faltimos a\u00f1os, afectando especialmente a los jubilados que dependen de viviendas arrendadas. Las crecientes dificultades para acceder a alquileres asequibles podr\u00edan <strong>convertir a nuestros mayores en la pr\u00f3xima generaci\u00f3n de \u00abinquiokupas\u00bb<\/strong>.\u200b Y es que una vez vencido el contrato de alquiler la situaci\u00f3n se muestra con toda su crudeza: no hay alquileres asequibles y tampoco de los otros; adem\u00e1s, nadie quiere alquilar su vivienda a un matrimonio de jubilados y menos un gran tenedor, \u00a0porque aunque sean dos las pensiones que reciben, el fallecimiento de uno de ellos le dejar\u00eda en la situaci\u00f3n de vulnerable y nadie, en 2025,\u00a0 quiere a <strong>un vulnerable como inquilino<\/strong>.<\/p>\n<h2><strong>El Decreto Ley de alquileres de 2019 y sus vencimientos de contrato<\/strong><\/h2>\n<p>En marzo de 2019, el Gobierno espa\u00f1ol aprob\u00f3 el<strong> Real Decreto-ley 7\/2019<\/strong>, que introdujo modificaciones en la Ley de Arrendamientos Urbanos (LAU). Entre las principales reformas se estableci\u00f3 que los contratos de alquiler firmados con personas f\u00edsicas tendr\u00edan una duraci\u00f3n m\u00ednima de cinco a\u00f1os, y de siete a\u00f1os si el arrendador era una persona jur\u00eddica. Este cambio buscaba ofrecer mayor estabilidad a los inquilinos.\u200b<\/p>\n<p>Sin embargo, al acercarse el vencimiento de estos contratos en 2024 y 2025, muchos arrendadores optan por no renovarlos o proponen<strong> incrementos significativos en las rentas<\/strong>, aprovechando la falta de regulaci\u00f3n en las actualizaciones de precios una vez finalizado el periodo obligatorio. Esta situaci\u00f3n est\u00e1 colocando a numerosos jubilados en una posici\u00f3n vulnerable, enfrent\u00e1ndose a la posibilidad de perder su vivienda o verse obligados a aceptar condiciones econ\u00f3micas insostenibles.\u200b La otra posibilidad, la de quedarse en la vivienda aguantando lo que venga e intentando pagar una mensualidad cercana a lo que pagaban antes, aunque el propietario no est\u00e9 de acuerdo, les va a convertir, muy a su pesar, en inquiokupas de \u00faltima generaci\u00f3n. Y comienza a ser un <strong>problema moral de dif\u00edcil soluci\u00f3n<\/strong>.<\/p>\n<h2><strong>\u00bfCu\u00e1nto han subido de media los alquileres desde 2019 hasta marzo 2025? \u00bfY en Madrid y Barcelona?<\/strong><\/h2>\n<p>Desde 2019 hasta marzo de 2025, el precio medio del alquiler en Espa\u00f1a ha experimentado un incremento notable. Seg\u00fan datos de este \u00faltimo mes, el precio medio del alquiler se situaba en 14,2 euros por metro cuadrado, y de hasta 20 euros en barrios muy normalitos de grandes ciudades. Teniendo en cuenta que el precio en marzo de 2019 era de 10,1 euros, tenemos un incremento medio del 40%, que puede ser muy superior en los tradicionales barrios de clase media u obrera venidos a m\u00e1s por la intensidad de <strong>la especulaci\u00f3n inmobiliaria, que lleva a la gentrificaci\u00f3n<\/strong>.<\/p>\n<p>En ciudades como Madrid y Barcelona, la situaci\u00f3n es a\u00fan m\u00e1s cr\u00edtica. En Madrid, el precio medio del alquiler alcanz\u00f3 los 20,7 euros por metro cuadrado en diciembre de 2024, mientras que en Barcelona se situ\u00f3 en 23,4 euros por metro cuadrado. Estas cifras reflejan incrementos significativos que dificultan el acceso a viviendas asequibles, especialmente para los <strong>jubilados con ingresos fijos, que no han experimentado subidas similares en sus pensiones.<\/strong><\/p>\n<h2><strong>\u00bfCu\u00e1l ha sido el incremento de las pensiones entre 2019 y 2025?<\/strong><\/h2>\n<p>Las pensiones contributivas en Espa\u00f1a han experimentado incrementos anuales para ajustarse al \u00cdndice de Precios de Consumo (IPC). Para 2025, se ha realizado una revalorizaci\u00f3n del 2,8%, seg\u00fan el Ministerio de Inclusi\u00f3n, Seguridad Social y Migraciones. Sin embargo, estos aumentos, que alcanzan un m\u00e1ximo del 27% en estos seis a\u00f1os, no han sido suficientes para equiparar el ritmo de crecimiento de los alquileres, creando una brecha econ\u00f3mica que afecta directamente al poder adquisitivo de los jubilados.\u200b Se trata de acabar sus d\u00edas en la <strong>miseria de puertas adentro<\/strong>, ahorrando en calefacci\u00f3n, comida, medicinas y bienestar.<\/p>\n<p>Es preciso recordar los numerosos casos en que <strong>jubilados y personas mayores decidieron quitarse la vida<\/strong> cuando la amenaza del desahucio se hizo realidad, incluso con la comitiva judicial entrando por el portal o tocando en la puerta.<\/p>\n<h3><strong>Obligaciones del arrendador ante un inquilino vulnerable al vencimiento del contrato<\/strong><\/h3>\n<p>La legislaci\u00f3n espa\u00f1ola contempla ciertas protecciones para los inquilinos en situaci\u00f3n de vulnerabilidad. Al finalizar el contrato de alquiler, si el inquilino puede demostrar que se encuentra en una situaci\u00f3n econ\u00f3mica o social vulnerable, el arrendador est\u00e1 obligado a ofrecer una pr\u00f3rroga extraordinaria del contrato por un periodo m\u00e1ximo de un a\u00f1o, en las mismas condiciones previamente acordadas. Esta medida busca proporcionar una soluci\u00f3n temporal mientras el inquilino encuentra una alternativa habitacional adecuada.\u200b Pero tambi\u00e9n es un arma de doble filo, porque muchos propietarios, tanto personas f\u00edsicas como jur\u00eddicas, <strong>no arrendaran nunca su inmueble a un jubilado<\/strong> que pueda convertirse en vulnerable.<\/p>\n<h3><strong>Posibilidades de que un jubilado encuentre un alquiler asequible tras la finalizaci\u00f3n del contrato<\/strong><\/h3>\n<p>La combinaci\u00f3n de incrementos en los precios de alquiler y la limitada oferta de viviendas asequibles, complica la b\u00fasqueda de un nuevo hogar para los jubilados. La alta demanda y la escasez de oferta han llevado a que muchos propietarios prefieran arrendar a perfiles con mayor solvencia econ\u00f3mica, dejando a los jubilados en desventaja. Adem\u00e1s, la reducci\u00f3n del parque de viviendas en alquiler y el aumento de los alquileres de temporada han exacerbado esta problem\u00e1tica. Como resultado y ante la posibilidad de quedarse en la calle los \u00faltimos d\u00edas de su vida, muchos jubilados que se enfrentan al problema, est\u00e1n optando o lo har\u00e1n, por quedarse en la casa en la que llevan unos a\u00f1os, pagando un alquiler a la medida de sus posibilidades, que no ser\u00e1 suficiente para <strong>mantener la rentabilidad esperada de la vivienda<\/strong> por parte del arrendatario, mucho m\u00e1s a\u00fan si se trata de una persona jur\u00eddica.<\/p>\n<h2><strong>Protestas por el alza de las pensiones frente a los sueldos: \u00bfSon los jubilados privilegiados?<\/strong><\/h2>\n<p>En los \u00faltimos a\u00f1os, ha surgido un debate sobre la equidad intergeneracional en Espa\u00f1a. Algunos sectores argumentan que los incrementos en las pensiones han sido m\u00e1s generosos que los aumentos salariales, lo que podr\u00eda generar tensiones entre generaciones. Sin embargo, es esencial considerar que, aunque las pensiones han experimentado revalorizaciones,<strong> los jubilados enfrentan gastos crecientes<\/strong>, especialmente en vivienda, comida y recursos energ\u00e9ticos, que no siempre se ven compensados por dichos aumentos.<\/p>\n<p>La situaci\u00f3n es tambi\u00e9n el reflejo de una sociedad cada vez m\u00e1s mercantilizada, imbuida de los crecientes mensajes que consideran a los impuestos que buscan igualar las situaciones injustos y a la<strong> libertad de una persona de disponer de sus propiedades, sin cortapisa econ\u00f3mica o moral<\/strong>, como el bien supremo al que aspirar.<\/p>\n<h2><strong>\u00bfEst\u00e1n los pensionistas hipotecando el futuro de los j\u00f3venes?<\/strong><\/h2>\n<p>La sostenibilidad del sistema de pensiones es una preocupaci\u00f3n constante. Algunos analistas sugieren que el actual modelo podr\u00eda estar transfiriendo una carga financiera significativa a las generaciones m\u00e1s j\u00f3venes, quienes podr\u00edan enfrentar mayores dificultades para acceder a prestaciones similares en el futuro. Sin embargo, es fundamental abordar este debate con una perspectiva equilibrada, reconociendo los derechos adquiridos de los jubilados y <strong>buscando soluciones que garanticen la equidad y sostenibilidad del sistema<\/strong> para todas las generaciones.<\/p>\n<p>No hace falta revolver demasiado en la hemeroteca para encontrar el informe del FMI que ya en 2012 advirti\u00f3 del riesgo de la longevidad. En el cap\u00edtulo dedicado al \u00ab<em>impacto financiero del riesgo de longevidad\u00bb<\/em>, se puede leer que<em>\u00a0\u201cla prolongaci\u00f3n de la esperanza de vida acarrea costos financieros\u201d,\u00a0<\/em>que el FMI calculaba en un 50 % m\u00e1s si el promedio de vida aumentara en 2050 tres a\u00f1os m\u00e1s de lo previsto.<\/p>\n<p>Para neutralizar esos efectos financieros del riesgo de longevidad, el FMI consider\u00f3<em>\u00a0\u201cnecesario\u201d\u00a0<\/em>combinar\u00a0<em>\u201caumentos de la edad de jubilaci\u00f3n (obligatoria o voluntaria) y de las contribuciones a los planes de jubilaci\u00f3n con recortes de las prestaciones futuras\u201d.<\/em><\/p>\n<p>Tampoco hace falta saber mucho de etnograf\u00eda para averiguar que los inuit hace ya muchos a\u00f1os que hab\u00edan resuelto el problema. Cuando alguno de los miembros de la tribu era demasiado mayor para valerse por si solo y supon\u00eda una carga para el resto, se le abandonaba en la soledad \u00e1rtica con una hoguera y algo de combustible. Cuando se acabara, <strong>el fr\u00edo o los lobos solucionar\u00edan el problema<\/strong>. \u00bfQueremos llegar a estas soluciones con nuestros mayores o preferimos darles un final de vida digno? M\u00e1s que nada porque salvo milagro de la evoluci\u00f3n o carro de fuego de El\u00edas mediante, todos moriremos de viejos\u2026 y eso no est\u00e1 tan mal.<\/p>\n<h2><strong>Nuestros impuestos deben poder pagar la tranquilidad de nuestros abuelos<\/strong><\/h2>\n<p>La situaci\u00f3n de los jubilados que viven de alquiler en Espa\u00f1a es cada vez m\u00e1s precaria. Los incrementos en los precios de los alquileres, la comida o los suministros b\u00e1sicos, junto con aumentos de pensiones que no compensan estas subidas, colocan a nuestros mayores en una posici\u00f3n vulnerable y, en muchos casos, en una <strong>miseria vergonzante<\/strong>. La aporofobia y el edadismo campan a sus anchas en una <strong>sociedad mediatizada por el dinero y la juventud<\/strong>.<\/p>\n<p>Es imperativo que las pol\u00edticas p\u00fablicas aborden esta problem\u00e1tica, garantizando el <strong>derecho a una vivienda digna y asequible para todos<\/strong>, independientemente de su edad o situaci\u00f3n econ\u00f3mica. Y s\u00ed, ya se, el derecho a la propiedad privada, el libre beneficio y que es el estado quien debe solucionar el problema, pero, claro est\u00e1,\u00a0 <strong>sin subir m\u00e1s los impuestos<\/strong>.<\/p>\n<p>Cuando contemples a una pareja de abuelos mirando con preocupaci\u00f3n los precios en las estanter\u00edas del s\u00faper, tienes que entender que con un poco de suerte tambi\u00e9n llegar\u00e1s a su edad y, aunque sea por ego\u00edsmo, \u00a0ser\u00e1 mejor dejar ahora las cosas resueltas. No seas demasiado ego\u00edsta, entre Harpag\u00f3n o Shylok, exigiendo el cumplimiento de una legislaci\u00f3n que tal vez un d\u00eda te pueda afectar.<\/p>\n<div id=\"attachment_27470\" style=\"width: 152px\" class=\"wp-caption alignnone\"><img decoding=\"async\" aria-describedby=\"caption-attachment-27470\" class=\" wp-image-27470\" src=\"https:\/\/www.aquimicasa.net\/blog\/wp-content\/uploads\/Eduardo2-244x300.jpg\" alt=\"Periodista econ\u00f3mico\" width=\"142\" height=\"175\" srcset=\"https:\/\/www.aquimicasa.net\/blog\/wp-content\/uploads\/Eduardo2-122x150.jpg 122w, https:\/\/www.aquimicasa.net\/blog\/wp-content\/uploads\/Eduardo2-200x246.jpg 200w, https:\/\/www.aquimicasa.net\/blog\/wp-content\/uploads\/Eduardo2-244x300.jpg 244w, https:\/\/www.aquimicasa.net\/blog\/wp-content\/uploads\/Eduardo2-400x492.jpg 400w, https:\/\/www.aquimicasa.net\/blog\/wp-content\/uploads\/Eduardo2.jpg 513w\" sizes=\"(max-width: 142px) 100vw, 142px\" \/><p id=\"caption-attachment-27470\" class=\"wp-caption-text\">Periodista econ\u00f3mico<\/p><\/div>\n<p>Eduardo Lizarraga<\/p>\n<p>WWW.AQUIMICASA.NET<\/p>\n<\/div><\/div><style type=\"text\/css\">.fusion-body .fusion-builder-column-0{width:100% !important;margin-top : 0px;margin-bottom : 0px;}.fusion-builder-column-0 > .fusion-column-wrapper {padding-top : 0px !important;padding-right : 0px !important;margin-right : 1.92%;padding-bottom : 0px !important;padding-left : 0px !important;margin-left : 1.92%;}@media only screen and (max-width:1024px) {.fusion-body .fusion-builder-column-0{width:100% !important;}.fusion-builder-column-0 > .fusion-column-wrapper {margin-right : 1.92%;margin-left : 1.92%;}}@media only screen and (max-width:640px) {.fusion-body .fusion-builder-column-0{width:100% !important;}.fusion-builder-column-0 > .fusion-column-wrapper {margin-right : 1.92%;margin-left : 1.92%;}}<\/style><\/div><\/div><style type=\"text\/css\">.fusion-body .fusion-flex-container.fusion-builder-row-1{ padding-top : 0px;margin-top : 0px;padding-right : 0px;padding-bottom : 0px;margin-bottom : 0px;padding-left : 0px;}<\/style><\/div>\n","protected":false},"excerpt":{"rendered":"<p>La situaci\u00f3n de los jubilados que viven de alquiler en Espa\u00f1a es cada vez m\u00e1s precaria. Los incrementos en los precios de los alquileres, la comida o los suministros b\u00e1sicos, junto con aumentos de pensiones que no compensan estas subidas, colocan a nuestros mayores en una posici\u00f3n vulnerable y, en muchos casos, en una miseria vergonzante. La aporofobia y el edadismo campan a sus anchas en una sociedad mediatizada por el dinero y la juventud.<\/p>\n","protected":false},"author":3,"featured_media":50969,"comment_status":"open","ping_status":"closed","sticky":false,"template":"","format":"standard","meta":{"_jetpack_memberships_contains_paid_content":false,"footnotes":"","jetpack_publicize_message":"","jetpack_publicize_feature_enabled":true,"jetpack_social_post_already_shared":true,"jetpack_social_options":{"image_generator_settings":{"template":"highway","default_image_id":0,"font":"","enabled":false},"version":2}},"categories":[3249],"tags":[2989,6402,8221,8222,8223],"class_list":["post-50965","post","type-post","status-publish","format-standard","has-post-thumbnail","hentry","category-opinion","tag-articulo-de-opinion","tag-eduardo-lizarraga","tag-newsletter-507","tag-newsletter-508","tag-newsletter-509"],"yoast_head":"<!-- This site is optimized with the Yoast SEO plugin v27.5 - https:\/\/yoast.com\/product\/yoast-seo-wordpress\/ -->\n<title>La pr\u00f3xima generaci\u00f3n de inquiokupas ser\u00e1n abuelos<\/title>\n<meta name=\"description\" content=\"El incremento de los alquileres dificulta el acceso a la vivienda para jubilados que no han experimentado subidas similares en sus pensiones.\" \/>\n<meta name=\"robots\" content=\"index, follow, max-snippet:-1, max-image-preview:large, max-video-preview:-1\" \/>\n<link rel=\"canonical\" href=\"https:\/\/www.aquimicasa.net\/blog\/opinion\/la-proxima-generacion-de-inquiokupas-seran-abuelos\/\" \/>\n<meta property=\"og:locale\" content=\"es_ES\" \/>\n<meta property=\"og:type\" content=\"article\" \/>\n<meta property=\"og:title\" content=\"La pr\u00f3xima generaci\u00f3n de inquiokupas ser\u00e1n abuelos\" \/>\n<meta property=\"og:description\" content=\"El incremento de los alquileres dificulta el acceso a la vivienda para jubilados que no han experimentado subidas similares en sus pensiones.\" \/>\n<meta property=\"og:url\" content=\"https:\/\/www.aquimicasa.net\/blog\/opinion\/la-proxima-generacion-de-inquiokupas-seran-abuelos\/\" \/>\n<meta property=\"og:site_name\" content=\"Blog de aquimicasa.net\" \/>\n<meta property=\"article:publisher\" content=\"https:\/\/www.facebook.com\/aquimicasa.net\" \/>\n<meta property=\"article:published_time\" content=\"2025-04-03T05:58:34+00:00\" \/>\n<meta property=\"article:modified_time\" content=\"2025-04-25T17:56:26+00:00\" \/>\n<meta property=\"og:image\" content=\"https:\/\/www.aquimicasa.net\/blog\/wp-content\/uploads\/jubilados10.jpeg\" \/>\n\t<meta property=\"og:image:width\" content=\"722\" \/>\n\t<meta property=\"og:image:height\" content=\"442\" \/>\n\t<meta property=\"og:image:type\" content=\"image\/jpeg\" \/>\n<meta name=\"author\" content=\"Eduardo Lizarraga\" \/>\n<meta name=\"twitter:label1\" content=\"Escrito por\" \/>\n\t<meta name=\"twitter:data1\" content=\"Eduardo Lizarraga\" \/>\n\t<meta name=\"twitter:label2\" content=\"Tiempo de lectura\" \/>\n\t<meta name=\"twitter:data2\" content=\"9 minutos\" \/>\n<script type=\"application\/ld+json\" class=\"yoast-schema-graph\">{\"@context\":\"https:\\\/\\\/schema.org\",\"@graph\":[{\"@type\":\"Article\",\"@id\":\"https:\\\/\\\/www.aquimicasa.net\\\/blog\\\/opinion\\\/la-proxima-generacion-de-inquiokupas-seran-abuelos\\\/#article\",\"isPartOf\":{\"@id\":\"https:\\\/\\\/www.aquimicasa.net\\\/blog\\\/opinion\\\/la-proxima-generacion-de-inquiokupas-seran-abuelos\\\/\"},\"author\":{\"name\":\"Eduardo Lizarraga\",\"@id\":\"https:\\\/\\\/www.aquimicasa.net\\\/blog\\\/#\\\/schema\\\/person\\\/2cdfa2605534583395c8d7ce1d6cac14\"},\"headline\":\"La pr\u00f3xima generaci\u00f3n de inquiokupas ser\u00e1n abuelos\",\"datePublished\":\"2025-04-03T05:58:34+00:00\",\"dateModified\":\"2025-04-25T17:56:26+00:00\",\"mainEntityOfPage\":{\"@id\":\"https:\\\/\\\/www.aquimicasa.net\\\/blog\\\/opinion\\\/la-proxima-generacion-de-inquiokupas-seran-abuelos\\\/\"},\"wordCount\":1936,\"commentCount\":1,\"publisher\":{\"@id\":\"https:\\\/\\\/www.aquimicasa.net\\\/blog\\\/#organization\"},\"image\":{\"@id\":\"https:\\\/\\\/www.aquimicasa.net\\\/blog\\\/opinion\\\/la-proxima-generacion-de-inquiokupas-seran-abuelos\\\/#primaryimage\"},\"thumbnailUrl\":\"https:\\\/\\\/www.aquimicasa.net\\\/blog\\\/wp-content\\\/uploads\\\/jubilados10.jpeg\",\"keywords\":[\"art\u00edculo de opini\u00f3n\",\"Eduardo Lizarraga\",\"newsletter 507\",\"newsletter 508\",\"newsletter 509\"],\"articleSection\":[\"Opini\u00f3n\"],\"inLanguage\":\"es\",\"potentialAction\":[{\"@type\":\"CommentAction\",\"name\":\"Comment\",\"target\":[\"https:\\\/\\\/www.aquimicasa.net\\\/blog\\\/opinion\\\/la-proxima-generacion-de-inquiokupas-seran-abuelos\\\/#respond\"]}]},{\"@type\":\"WebPage\",\"@id\":\"https:\\\/\\\/www.aquimicasa.net\\\/blog\\\/opinion\\\/la-proxima-generacion-de-inquiokupas-seran-abuelos\\\/\",\"url\":\"https:\\\/\\\/www.aquimicasa.net\\\/blog\\\/opinion\\\/la-proxima-generacion-de-inquiokupas-seran-abuelos\\\/\",\"name\":\"La pr\u00f3xima generaci\u00f3n de inquiokupas ser\u00e1n abuelos\",\"isPartOf\":{\"@id\":\"https:\\\/\\\/www.aquimicasa.net\\\/blog\\\/#website\"},\"primaryImageOfPage\":{\"@id\":\"https:\\\/\\\/www.aquimicasa.net\\\/blog\\\/opinion\\\/la-proxima-generacion-de-inquiokupas-seran-abuelos\\\/#primaryimage\"},\"image\":{\"@id\":\"https:\\\/\\\/www.aquimicasa.net\\\/blog\\\/opinion\\\/la-proxima-generacion-de-inquiokupas-seran-abuelos\\\/#primaryimage\"},\"thumbnailUrl\":\"https:\\\/\\\/www.aquimicasa.net\\\/blog\\\/wp-content\\\/uploads\\\/jubilados10.jpeg\",\"datePublished\":\"2025-04-03T05:58:34+00:00\",\"dateModified\":\"2025-04-25T17:56:26+00:00\",\"description\":\"El incremento de los alquileres dificulta el acceso a la vivienda para jubilados que no han experimentado subidas similares en sus pensiones.\",\"breadcrumb\":{\"@id\":\"https:\\\/\\\/www.aquimicasa.net\\\/blog\\\/opinion\\\/la-proxima-generacion-de-inquiokupas-seran-abuelos\\\/#breadcrumb\"},\"inLanguage\":\"es\",\"potentialAction\":[{\"@type\":\"ReadAction\",\"target\":[\"https:\\\/\\\/www.aquimicasa.net\\\/blog\\\/opinion\\\/la-proxima-generacion-de-inquiokupas-seran-abuelos\\\/\"]}]},{\"@type\":\"ImageObject\",\"inLanguage\":\"es\",\"@id\":\"https:\\\/\\\/www.aquimicasa.net\\\/blog\\\/opinion\\\/la-proxima-generacion-de-inquiokupas-seran-abuelos\\\/#primaryimage\",\"url\":\"https:\\\/\\\/www.aquimicasa.net\\\/blog\\\/wp-content\\\/uploads\\\/jubilados10.jpeg\",\"contentUrl\":\"https:\\\/\\\/www.aquimicasa.net\\\/blog\\\/wp-content\\\/uploads\\\/jubilados10.jpeg\",\"width\":722,\"height\":442,\"caption\":\"La miseria puertas adentro se extiende entre los jubilados\"},{\"@type\":\"BreadcrumbList\",\"@id\":\"https:\\\/\\\/www.aquimicasa.net\\\/blog\\\/opinion\\\/la-proxima-generacion-de-inquiokupas-seran-abuelos\\\/#breadcrumb\",\"itemListElement\":[{\"@type\":\"ListItem\",\"position\":1,\"name\":\"Portada\",\"item\":\"https:\\\/\\\/www.aquimicasa.net\\\/blog\\\/\"},{\"@type\":\"ListItem\",\"position\":2,\"name\":\"La pr\u00f3xima generaci\u00f3n de inquiokupas ser\u00e1n abuelos\"}]},{\"@type\":\"WebSite\",\"@id\":\"https:\\\/\\\/www.aquimicasa.net\\\/blog\\\/#website\",\"url\":\"https:\\\/\\\/www.aquimicasa.net\\\/blog\\\/\",\"name\":\"Blog de aquimicasa.net\",\"description\":\"Noticias del Mundo Inmobiliario\",\"publisher\":{\"@id\":\"https:\\\/\\\/www.aquimicasa.net\\\/blog\\\/#organization\"},\"potentialAction\":[{\"@type\":\"SearchAction\",\"target\":{\"@type\":\"EntryPoint\",\"urlTemplate\":\"https:\\\/\\\/www.aquimicasa.net\\\/blog\\\/?s={search_term_string}\"},\"query-input\":{\"@type\":\"PropertyValueSpecification\",\"valueRequired\":true,\"valueName\":\"search_term_string\"}}],\"inLanguage\":\"es\"},{\"@type\":\"Organization\",\"@id\":\"https:\\\/\\\/www.aquimicasa.net\\\/blog\\\/#organization\",\"name\":\"Blog de aquimicasa.net\",\"url\":\"https:\\\/\\\/www.aquimicasa.net\\\/blog\\\/\",\"logo\":{\"@type\":\"ImageObject\",\"inLanguage\":\"es\",\"@id\":\"https:\\\/\\\/www.aquimicasa.net\\\/blog\\\/#\\\/schema\\\/logo\\\/image\\\/\",\"url\":\"https:\\\/\\\/www.aquimicasa.net\\\/blog\\\/wp-content\\\/uploads\\\/Logo-aquimicasa-1-e1528048213782.png\",\"contentUrl\":\"https:\\\/\\\/www.aquimicasa.net\\\/blog\\\/wp-content\\\/uploads\\\/Logo-aquimicasa-1-e1528048213782.png\",\"width\":225,\"height\":225,\"caption\":\"Blog de aquimicasa.net\"},\"image\":{\"@id\":\"https:\\\/\\\/www.aquimicasa.net\\\/blog\\\/#\\\/schema\\\/logo\\\/image\\\/\"},\"sameAs\":[\"https:\\\/\\\/www.facebook.com\\\/aquimicasa.net\",\"https:\\\/\\\/www.instagram.com\\\/\",\"https:\\\/\\\/x.com\\\/EduLizarragaD\",\"https:\\\/\\\/www.linkedin.com\\\/feed\\\/\"]},{\"@type\":\"Person\",\"@id\":\"https:\\\/\\\/www.aquimicasa.net\\\/blog\\\/#\\\/schema\\\/person\\\/2cdfa2605534583395c8d7ce1d6cac14\",\"name\":\"Eduardo Lizarraga\",\"image\":{\"@type\":\"ImageObject\",\"inLanguage\":\"es\",\"@id\":\"https:\\\/\\\/secure.gravatar.com\\\/avatar\\\/bdabe1eeeed97b65a9cb7de2edd624b07995f7e13abc5fead15961f745f908cc?s=96&d=mm&r=g\",\"url\":\"https:\\\/\\\/secure.gravatar.com\\\/avatar\\\/bdabe1eeeed97b65a9cb7de2edd624b07995f7e13abc5fead15961f745f908cc?s=96&d=mm&r=g\",\"contentUrl\":\"https:\\\/\\\/secure.gravatar.com\\\/avatar\\\/bdabe1eeeed97b65a9cb7de2edd624b07995f7e13abc5fead15961f745f908cc?s=96&d=mm&r=g\",\"caption\":\"Eduardo Lizarraga\"},\"description\":\"Periodista Econ\u00f3mico. Ha trabajado en diversos campos de la informaci\u00f3n. Corresponsal en conflictos, analista pol\u00edtico en Congreso y Senado, periodista del medio ambiente, editor, director editorial, director de comunicaci\u00f3n.... En estos momentos se ha especializado en el sector inmobiliario. Pero tambi\u00e9n es navegante y viajero, preocupado por la pobreza, el medio ambiente y por las actuaciones descontroladas del neoliberalismo empresarial y pol\u00edtico en todo el mundo. Los desahucios, la pobreza infantil y la falta de acceso a los suministros b\u00e1sicos son algunos de los grandes dramas de nuestra sociedad y que es preciso solucionar para hacerla m\u00e1s justa. CEO en www.aquimicasa.net\",\"sameAs\":[\"https:\\\/\\\/www.aquimicasa.net\\\/\"],\"url\":\"https:\\\/\\\/www.aquimicasa.net\\\/blog\\\/author\\\/eduardo\\\/\"}]}<\/script>\n<!-- \/ Yoast SEO plugin. -->","yoast_head_json":{"title":"La pr\u00f3xima generaci\u00f3n de inquiokupas ser\u00e1n abuelos","description":"El incremento de los alquileres dificulta el acceso a la vivienda para jubilados que no han experimentado subidas similares en sus pensiones.","robots":{"index":"index","follow":"follow","max-snippet":"max-snippet:-1","max-image-preview":"max-image-preview:large","max-video-preview":"max-video-preview:-1"},"canonical":"https:\/\/www.aquimicasa.net\/blog\/opinion\/la-proxima-generacion-de-inquiokupas-seran-abuelos\/","og_locale":"es_ES","og_type":"article","og_title":"La pr\u00f3xima generaci\u00f3n de inquiokupas ser\u00e1n abuelos","og_description":"El incremento de los alquileres dificulta el acceso a la vivienda para jubilados que no han experimentado subidas similares en sus pensiones.","og_url":"https:\/\/www.aquimicasa.net\/blog\/opinion\/la-proxima-generacion-de-inquiokupas-seran-abuelos\/","og_site_name":"Blog de aquimicasa.net","article_publisher":"https:\/\/www.facebook.com\/aquimicasa.net","article_published_time":"2025-04-03T05:58:34+00:00","article_modified_time":"2025-04-25T17:56:26+00:00","og_image":[{"width":722,"height":442,"url":"https:\/\/www.aquimicasa.net\/blog\/wp-content\/uploads\/jubilados10.jpeg","type":"image\/jpeg"}],"author":"Eduardo Lizarraga","twitter_misc":{"Escrito por":"Eduardo Lizarraga","Tiempo de lectura":"9 minutos"},"schema":{"@context":"https:\/\/schema.org","@graph":[{"@type":"Article","@id":"https:\/\/www.aquimicasa.net\/blog\/opinion\/la-proxima-generacion-de-inquiokupas-seran-abuelos\/#article","isPartOf":{"@id":"https:\/\/www.aquimicasa.net\/blog\/opinion\/la-proxima-generacion-de-inquiokupas-seran-abuelos\/"},"author":{"name":"Eduardo Lizarraga","@id":"https:\/\/www.aquimicasa.net\/blog\/#\/schema\/person\/2cdfa2605534583395c8d7ce1d6cac14"},"headline":"La pr\u00f3xima generaci\u00f3n de inquiokupas ser\u00e1n abuelos","datePublished":"2025-04-03T05:58:34+00:00","dateModified":"2025-04-25T17:56:26+00:00","mainEntityOfPage":{"@id":"https:\/\/www.aquimicasa.net\/blog\/opinion\/la-proxima-generacion-de-inquiokupas-seran-abuelos\/"},"wordCount":1936,"commentCount":1,"publisher":{"@id":"https:\/\/www.aquimicasa.net\/blog\/#organization"},"image":{"@id":"https:\/\/www.aquimicasa.net\/blog\/opinion\/la-proxima-generacion-de-inquiokupas-seran-abuelos\/#primaryimage"},"thumbnailUrl":"https:\/\/www.aquimicasa.net\/blog\/wp-content\/uploads\/jubilados10.jpeg","keywords":["art\u00edculo de opini\u00f3n","Eduardo Lizarraga","newsletter 507","newsletter 508","newsletter 509"],"articleSection":["Opini\u00f3n"],"inLanguage":"es","potentialAction":[{"@type":"CommentAction","name":"Comment","target":["https:\/\/www.aquimicasa.net\/blog\/opinion\/la-proxima-generacion-de-inquiokupas-seran-abuelos\/#respond"]}]},{"@type":"WebPage","@id":"https:\/\/www.aquimicasa.net\/blog\/opinion\/la-proxima-generacion-de-inquiokupas-seran-abuelos\/","url":"https:\/\/www.aquimicasa.net\/blog\/opinion\/la-proxima-generacion-de-inquiokupas-seran-abuelos\/","name":"La pr\u00f3xima generaci\u00f3n de inquiokupas ser\u00e1n abuelos","isPartOf":{"@id":"https:\/\/www.aquimicasa.net\/blog\/#website"},"primaryImageOfPage":{"@id":"https:\/\/www.aquimicasa.net\/blog\/opinion\/la-proxima-generacion-de-inquiokupas-seran-abuelos\/#primaryimage"},"image":{"@id":"https:\/\/www.aquimicasa.net\/blog\/opinion\/la-proxima-generacion-de-inquiokupas-seran-abuelos\/#primaryimage"},"thumbnailUrl":"https:\/\/www.aquimicasa.net\/blog\/wp-content\/uploads\/jubilados10.jpeg","datePublished":"2025-04-03T05:58:34+00:00","dateModified":"2025-04-25T17:56:26+00:00","description":"El incremento de los alquileres dificulta el acceso a la vivienda para jubilados que no han experimentado subidas similares en sus pensiones.","breadcrumb":{"@id":"https:\/\/www.aquimicasa.net\/blog\/opinion\/la-proxima-generacion-de-inquiokupas-seran-abuelos\/#breadcrumb"},"inLanguage":"es","potentialAction":[{"@type":"ReadAction","target":["https:\/\/www.aquimicasa.net\/blog\/opinion\/la-proxima-generacion-de-inquiokupas-seran-abuelos\/"]}]},{"@type":"ImageObject","inLanguage":"es","@id":"https:\/\/www.aquimicasa.net\/blog\/opinion\/la-proxima-generacion-de-inquiokupas-seran-abuelos\/#primaryimage","url":"https:\/\/www.aquimicasa.net\/blog\/wp-content\/uploads\/jubilados10.jpeg","contentUrl":"https:\/\/www.aquimicasa.net\/blog\/wp-content\/uploads\/jubilados10.jpeg","width":722,"height":442,"caption":"La miseria puertas adentro se extiende entre los jubilados"},{"@type":"BreadcrumbList","@id":"https:\/\/www.aquimicasa.net\/blog\/opinion\/la-proxima-generacion-de-inquiokupas-seran-abuelos\/#breadcrumb","itemListElement":[{"@type":"ListItem","position":1,"name":"Portada","item":"https:\/\/www.aquimicasa.net\/blog\/"},{"@type":"ListItem","position":2,"name":"La pr\u00f3xima generaci\u00f3n de inquiokupas ser\u00e1n abuelos"}]},{"@type":"WebSite","@id":"https:\/\/www.aquimicasa.net\/blog\/#website","url":"https:\/\/www.aquimicasa.net\/blog\/","name":"Blog de aquimicasa.net","description":"Noticias del Mundo Inmobiliario","publisher":{"@id":"https:\/\/www.aquimicasa.net\/blog\/#organization"},"potentialAction":[{"@type":"SearchAction","target":{"@type":"EntryPoint","urlTemplate":"https:\/\/www.aquimicasa.net\/blog\/?s={search_term_string}"},"query-input":{"@type":"PropertyValueSpecification","valueRequired":true,"valueName":"search_term_string"}}],"inLanguage":"es"},{"@type":"Organization","@id":"https:\/\/www.aquimicasa.net\/blog\/#organization","name":"Blog de aquimicasa.net","url":"https:\/\/www.aquimicasa.net\/blog\/","logo":{"@type":"ImageObject","inLanguage":"es","@id":"https:\/\/www.aquimicasa.net\/blog\/#\/schema\/logo\/image\/","url":"https:\/\/www.aquimicasa.net\/blog\/wp-content\/uploads\/Logo-aquimicasa-1-e1528048213782.png","contentUrl":"https:\/\/www.aquimicasa.net\/blog\/wp-content\/uploads\/Logo-aquimicasa-1-e1528048213782.png","width":225,"height":225,"caption":"Blog de aquimicasa.net"},"image":{"@id":"https:\/\/www.aquimicasa.net\/blog\/#\/schema\/logo\/image\/"},"sameAs":["https:\/\/www.facebook.com\/aquimicasa.net","https:\/\/www.instagram.com\/","https:\/\/x.com\/EduLizarragaD","https:\/\/www.linkedin.com\/feed\/"]},{"@type":"Person","@id":"https:\/\/www.aquimicasa.net\/blog\/#\/schema\/person\/2cdfa2605534583395c8d7ce1d6cac14","name":"Eduardo Lizarraga","image":{"@type":"ImageObject","inLanguage":"es","@id":"https:\/\/secure.gravatar.com\/avatar\/bdabe1eeeed97b65a9cb7de2edd624b07995f7e13abc5fead15961f745f908cc?s=96&d=mm&r=g","url":"https:\/\/secure.gravatar.com\/avatar\/bdabe1eeeed97b65a9cb7de2edd624b07995f7e13abc5fead15961f745f908cc?s=96&d=mm&r=g","contentUrl":"https:\/\/secure.gravatar.com\/avatar\/bdabe1eeeed97b65a9cb7de2edd624b07995f7e13abc5fead15961f745f908cc?s=96&d=mm&r=g","caption":"Eduardo Lizarraga"},"description":"Periodista Econ\u00f3mico. Ha trabajado en diversos campos de la informaci\u00f3n. Corresponsal en conflictos, analista pol\u00edtico en Congreso y Senado, periodista del medio ambiente, editor, director editorial, director de comunicaci\u00f3n.... En estos momentos se ha especializado en el sector inmobiliario. Pero tambi\u00e9n es navegante y viajero, preocupado por la pobreza, el medio ambiente y por las actuaciones descontroladas del neoliberalismo empresarial y pol\u00edtico en todo el mundo. Los desahucios, la pobreza infantil y la falta de acceso a los suministros b\u00e1sicos son algunos de los grandes dramas de nuestra sociedad y que es preciso solucionar para hacerla m\u00e1s justa. CEO en www.aquimicasa.net","sameAs":["https:\/\/www.aquimicasa.net\/"],"url":"https:\/\/www.aquimicasa.net\/blog\/author\/eduardo\/"}]}},"jetpack_publicize_connections":[],"jetpack_featured_media_url":"https:\/\/www.aquimicasa.net\/blog\/wp-content\/uploads\/jubilados10.jpeg","jetpack_sharing_enabled":true,"jetpack_likes_enabled":true,"_links":{"self":[{"href":"https:\/\/www.aquimicasa.net\/blog\/wp-json\/wp\/v2\/posts\/50965","targetHints":{"allow":["GET"]}}],"collection":[{"href":"https:\/\/www.aquimicasa.net\/blog\/wp-json\/wp\/v2\/posts"}],"about":[{"href":"https:\/\/www.aquimicasa.net\/blog\/wp-json\/wp\/v2\/types\/post"}],"author":[{"embeddable":true,"href":"https:\/\/www.aquimicasa.net\/blog\/wp-json\/wp\/v2\/users\/3"}],"replies":[{"embeddable":true,"href":"https:\/\/www.aquimicasa.net\/blog\/wp-json\/wp\/v2\/comments?post=50965"}],"version-history":[{"count":6,"href":"https:\/\/www.aquimicasa.net\/blog\/wp-json\/wp\/v2\/posts\/50965\/revisions"}],"predecessor-version":[{"id":50975,"href":"https:\/\/www.aquimicasa.net\/blog\/wp-json\/wp\/v2\/posts\/50965\/revisions\/50975"}],"wp:featuredmedia":[{"embeddable":true,"href":"https:\/\/www.aquimicasa.net\/blog\/wp-json\/wp\/v2\/media\/50969"}],"wp:attachment":[{"href":"https:\/\/www.aquimicasa.net\/blog\/wp-json\/wp\/v2\/media?parent=50965"}],"wp:term":[{"taxonomy":"category","embeddable":true,"href":"https:\/\/www.aquimicasa.net\/blog\/wp-json\/wp\/v2\/categories?post=50965"},{"taxonomy":"post_tag","embeddable":true,"href":"https:\/\/www.aquimicasa.net\/blog\/wp-json\/wp\/v2\/tags?post=50965"}],"curies":[{"name":"wp","href":"https:\/\/api.w.org\/{rel}","templated":true}]}}