{"id":51002,"date":"2025-04-05T22:22:19","date_gmt":"2025-04-05T20:22:19","guid":{"rendered":"https:\/\/www.aquimicasa.net\/blog\/?p=51002"},"modified":"2025-04-05T22:23:21","modified_gmt":"2025-04-05T20:23:21","slug":"expropiar-las-viviendas-de-los-fondos-de-inversion-estadounidenses","status":"publish","type":"post","link":"https:\/\/www.aquimicasa.net\/blog\/vivienda\/noticias-mercado-inmobiliario\/expropiar-las-viviendas-de-los-fondos-de-inversion-estadounidenses\/","title":{"rendered":"Expropiar las viviendas de los fondos de inversi\u00f3n estadounidenses"},"content":{"rendered":"<div class=\"fusion-fullwidth fullwidth-box fusion-builder-row-1 fusion-flex-container nonhundred-percent-fullwidth non-hundred-percent-height-scrolling\" style=\"background-color: rgba(255,255,255,0);background-position: center center;background-repeat: no-repeat;border-width: 0px 0px 0px 0px;border-color:#eae9e9;border-style:solid;\" ><div class=\"fusion-builder-row fusion-row fusion-flex-align-items-flex-start\" style=\"max-width:1144px;margin-left: calc(-4% \/ 2 );margin-right: calc(-4% \/ 2 );\"><div class=\"fusion-layout-column fusion_builder_column fusion-builder-column-0 fusion_builder_column_1_1 1_1 fusion-flex-column\"><div class=\"fusion-column-wrapper fusion-flex-justify-content-flex-start fusion-content-layout-column\" style=\"background-position:left top;background-repeat:no-repeat;-webkit-background-size:cover;-moz-background-size:cover;-o-background-size:cover;background-size:cover;padding: 0px 0px 0px 0px;\"><div class=\"fusion-text fusion-text-1\"><h2 class=\"\" data-start=\"110\" data-end=\"191\"><strong>Ione Belarra insta al Gobierno a tomar medidas frente a los aranceles de Trump<\/strong><\/h2>\n<p class=\"\" data-start=\"193\" data-end=\"730\">La secretaria general de Podemos, Ione Belarra, ha instado al Gobierno espa\u00f1ol a adoptar medidas contundentes en respuesta a la reciente imposici\u00f3n de aranceles del 20% por parte del presidente estadounidense, Donald Trump, a productos procedentes de la Uni\u00f3n Europea. En una rueda de prensa celebrada el 3 de abril en el Congreso de los Diputados, Belarra enfatiz\u00f3 la necesidad de actuar con \u00abcontundencia y valent\u00eda\u00bb ante lo que considera una \u00abguerra comercial global\u00bb iniciada por Estados Unidos.<\/p>\n<h2 class=\"\" data-start=\"732\" data-end=\"807\"><strong>La Secretaria General de Podemos cita el art\u00edculo 128 de la Constituci\u00f3n<\/strong><\/h2>\n<p class=\"\" data-start=\"809\" data-end=\"1460\">Belarra propone la activaci\u00f3n inmediata del art\u00edculo 128 de la Constituci\u00f3n Espa\u00f1ola, que establece que \u00abtoda la riqueza del pa\u00eds en sus distintas formas y sea cual fuere su titularidad est\u00e1 subordinada al inter\u00e9s general\u00bb. Este art\u00edculo permite al Estado intervenir en empresas y sectores estrat\u00e9gicos cuando as\u00ed lo exija el inter\u00e9s general. La l\u00edder de Podemos sugiere que, en virtud de este precepto, se proceda a la expropiaci\u00f3n de las viviendas y participaciones que los fondos de inversi\u00f3n estadounidenses poseen en Espa\u00f1a, especialmente en sectores clave como la banca, la energ\u00eda y las telecomunicaciones.<\/p>\n<h2 class=\"\" data-start=\"1462\" data-end=\"1532\"><strong>Valent\u00eda ante la situaci\u00f3n de la vivienda y las agresiones de Trump<\/strong><\/h2>\n<p class=\"\" data-start=\"1534\" data-end=\"1988\">La propuesta de Belarra tambi\u00e9n se enmarca en el contexto de la crisis de vivienda que atraviesa Espa\u00f1a. Seg\u00fan datos recientes, los fondos de inversi\u00f3n extranjeros, conocidos como \u00abfondos buitre\u00bb, poseen una cantidad significativa de inmuebles en el pa\u00eds, lo que, seg\u00fan algunos expertos, contribuye al encarecimiento del mercado inmobiliario y dificulta el acceso a la vivienda para amplios sectores de la poblaci\u00f3n.<\/p>\n<p class=\"\" data-start=\"1990\" data-end=\"2502\">En este sentido, Belarra argumenta que la expropiaci\u00f3n de estas viviendas no solo servir\u00eda como respuesta a las medidas arancelarias de Trump, sino que tambi\u00e9n ayudar\u00eda a aumentar el parque p\u00fablico de vivienda y facilitar\u00eda el acceso a alquileres asequibles. La secretaria general de Podemos ha se\u00f1alado que \u00ablas casas son para vivir y no para especular\u00bb, abogando por pol\u00edticas que prioricen el derecho a la vivienda sobre los intereses especulativos de grandes inversores.<\/p>\n<h2 class=\"\" data-start=\"2504\" data-end=\"2549\"><strong>Reacciones y debates en el \u00e1mbito pol\u00edtico<\/strong><\/h2>\n<p class=\"\" data-start=\"2551\" data-end=\"2951\">La propuesta de expropiaci\u00f3n ha generado un intenso debate en el panorama pol\u00edtico espa\u00f1ol. Mientras que sectores afines a Podemos apoyan la medida como una forma de proteger el inter\u00e9s general y garantizar el derecho a la vivienda, otros actores pol\u00edticos y econ\u00f3micos han expresado su preocupaci\u00f3n por las posibles repercusiones en la inversi\u00f3n extranjera y la estabilidad del mercado inmobiliario.<\/p>\n<p class=\"\" data-start=\"2953\" data-end=\"3257\">Por ejemplo, algunos analistas se\u00f1alan que medidas de este tipo podr\u00edan desincentivar la inversi\u00f3n extranjera en el sector inmobiliario espa\u00f1ol, afectando negativamente a la econom\u00eda. Adem\u00e1s, se plantea el debate sobre la seguridad jur\u00eddica y el respeto a la propiedad privada en el marco constitucional.<\/p>\n<h2 class=\"\" data-start=\"3259\" data-end=\"3308\"><strong>Contexto internacional y medidas de represalia<\/strong><\/h2>\n<p class=\"\" data-start=\"3310\" data-end=\"3805\">La iniciativa de Belarra se produce en un contexto de tensiones comerciales entre Estados Unidos y la Uni\u00f3n Europea. La imposici\u00f3n de aranceles por parte de la administraci\u00f3n Trump ha sido criticada por diversos l\u00edderes europeos, quienes buscan formas de responder a estas medidas proteccionistas. En este marco, la propuesta de expropiar activos de fondos de inversi\u00f3n estadounidenses en Espa\u00f1a se presenta como una posible medida de represalia y defensa de los intereses econ\u00f3micos nacionales.<\/p>\n<h2 class=\"\" data-start=\"3807\" data-end=\"3820\"><strong>Responder a las medidas de Trump<\/strong><\/h2>\n<p class=\"\" data-start=\"3822\" data-end=\"4524\">La propuesta de Ione Belarra de expropiar las viviendas y participaciones de fondos de inversi\u00f3n estadounidenses en Espa\u00f1a abre un debate sobre las estrategias de respuesta a las pol\u00edticas comerciales de Estados Unidos y las medidas para abordar la crisis de vivienda en el pa\u00eds. Mientras algunos ven en esta iniciativa una forma de proteger el inter\u00e9s general y garantizar el derecho a la vivienda, otros advierten sobre las posibles consecuencias negativas en t\u00e9rminos de inversi\u00f3n y estabilidad econ\u00f3mica. En cualquier caso, la discusi\u00f3n pone de manifiesto la complejidad de equilibrar la soberan\u00eda econ\u00f3mica, las relaciones internacionales y los derechos fundamentales en el actual contexto global.<\/p>\n<\/div><\/div><style type=\"text\/css\">.fusion-body .fusion-builder-column-0{width:100% !important;margin-top : 0px;margin-bottom : 0px;}.fusion-builder-column-0 > .fusion-column-wrapper {padding-top : 0px !important;padding-right : 0px !important;margin-right : 1.92%;padding-bottom : 0px !important;padding-left : 0px !important;margin-left : 1.92%;}@media only screen and (max-width:1024px) {.fusion-body .fusion-builder-column-0{width:100% !important;}.fusion-builder-column-0 > .fusion-column-wrapper {margin-right : 1.92%;margin-left : 1.92%;}}@media only screen and (max-width:640px) {.fusion-body .fusion-builder-column-0{width:100% !important;}.fusion-builder-column-0 > .fusion-column-wrapper {margin-right : 1.92%;margin-left : 1.92%;}}<\/style><\/div><\/div><style type=\"text\/css\">.fusion-body .fusion-flex-container.fusion-builder-row-1{ padding-top : 0px;margin-top : 0px;padding-right : 0px;padding-bottom : 0px;margin-bottom : 0px;padding-left : 0px;}<\/style><\/div>\n","protected":false},"excerpt":{"rendered":"<p>La propuesta de Belarra tambi\u00e9n se enmarca en el contexto de la crisis de vivienda que atraviesa Espa\u00f1a. Seg\u00fan datos recientes, los fondos de inversi\u00f3n extranjeros, conocidos como \u00abfondos buitre\u00bb, poseen una cantidad significativa de inmuebles en el pa\u00eds, lo que, seg\u00fan algunos expertos, contribuye al encarecimiento del mercado inmobiliario y dificulta el acceso a la vivienda para amplios sectores de la poblaci\u00f3n.<\/p>\n","protected":false},"author":3,"featured_media":51012,"comment_status":"open","ping_status":"closed","sticky":false,"template":"","format":"standard","meta":{"_jetpack_memberships_contains_paid_content":false,"footnotes":"","jetpack_publicize_message":"","jetpack_publicize_feature_enabled":true,"jetpack_social_post_already_shared":true,"jetpack_social_options":{"image_generator_settings":{"template":"highway","default_image_id":0,"font":"","enabled":false},"version":2}},"categories":[7565],"tags":[8222],"class_list":["post-51002","post","type-post","status-publish","format-standard","has-post-thumbnail","hentry","category-noticias-mercado-inmobiliario","tag-newsletter-508"],"yoast_head":"<!-- This site is optimized with the Yoast SEO plugin v27.5 - https:\/\/yoast.com\/product\/yoast-seo-wordpress\/ -->\n<title>Expropiar las viviendas de los fondos de inversi\u00f3n estadounidenses<\/title>\n<meta name=\"robots\" content=\"index, follow, max-snippet:-1, max-image-preview:large, max-video-preview:-1\" \/>\n<link rel=\"canonical\" href=\"https:\/\/www.aquimicasa.net\/blog\/vivienda\/noticias-mercado-inmobiliario\/expropiar-las-viviendas-de-los-fondos-de-inversion-estadounidenses\/\" \/>\n<meta property=\"og:locale\" content=\"es_ES\" \/>\n<meta property=\"og:type\" content=\"article\" \/>\n<meta property=\"og:title\" content=\"Expropiar las viviendas de los fondos de inversi\u00f3n estadounidenses\" \/>\n<meta property=\"og:description\" content=\"La propuesta de Belarra tambi\u00e9n se enmarca en el contexto de la crisis de vivienda que atraviesa Espa\u00f1a. Seg\u00fan datos recientes, los fondos de inversi\u00f3n extranjeros, conocidos como &quot;fondos buitre&quot;, poseen una cantidad significativa de inmuebles en el pa\u00eds, lo que, seg\u00fan algunos expertos, contribuye al encarecimiento del mercado inmobiliario y dificulta el acceso a la vivienda para amplios sectores de la poblaci\u00f3n.\" \/>\n<meta property=\"og:url\" content=\"https:\/\/www.aquimicasa.net\/blog\/vivienda\/noticias-mercado-inmobiliario\/expropiar-las-viviendas-de-los-fondos-de-inversion-estadounidenses\/\" \/>\n<meta property=\"og:site_name\" content=\"Blog de aquimicasa.net\" \/>\n<meta property=\"article:publisher\" content=\"https:\/\/www.facebook.com\/aquimicasa.net\" \/>\n<meta property=\"article:published_time\" content=\"2025-04-05T20:22:19+00:00\" \/>\n<meta property=\"article:modified_time\" content=\"2025-04-05T20:23:21+00:00\" \/>\n<meta property=\"og:image\" content=\"https:\/\/www.aquimicasa.net\/blog\/wp-content\/uploads\/ione-belarra1-e1743884503520.jpg\" \/>\n\t<meta property=\"og:image:width\" content=\"600\" \/>\n\t<meta property=\"og:image:height\" content=\"400\" \/>\n\t<meta property=\"og:image:type\" content=\"image\/jpeg\" \/>\n<meta name=\"author\" content=\"Eduardo Lizarraga\" \/>\n<meta name=\"twitter:label1\" content=\"Escrito por\" \/>\n\t<meta name=\"twitter:data1\" content=\"Eduardo Lizarraga\" \/>\n\t<meta name=\"twitter:label2\" content=\"Tiempo de lectura\" \/>\n\t<meta name=\"twitter:data2\" content=\"4 minutos\" \/>\n<script type=\"application\/ld+json\" class=\"yoast-schema-graph\">{\"@context\":\"https:\\\/\\\/schema.org\",\"@graph\":[{\"@type\":\"Article\",\"@id\":\"https:\\\/\\\/www.aquimicasa.net\\\/blog\\\/vivienda\\\/noticias-mercado-inmobiliario\\\/expropiar-las-viviendas-de-los-fondos-de-inversion-estadounidenses\\\/#article\",\"isPartOf\":{\"@id\":\"https:\\\/\\\/www.aquimicasa.net\\\/blog\\\/vivienda\\\/noticias-mercado-inmobiliario\\\/expropiar-las-viviendas-de-los-fondos-de-inversion-estadounidenses\\\/\"},\"author\":{\"name\":\"Eduardo Lizarraga\",\"@id\":\"https:\\\/\\\/www.aquimicasa.net\\\/blog\\\/#\\\/schema\\\/person\\\/2cdfa2605534583395c8d7ce1d6cac14\"},\"headline\":\"Expropiar las viviendas de los fondos de inversi\u00f3n estadounidenses\",\"datePublished\":\"2025-04-05T20:22:19+00:00\",\"dateModified\":\"2025-04-05T20:23:21+00:00\",\"mainEntityOfPage\":{\"@id\":\"https:\\\/\\\/www.aquimicasa.net\\\/blog\\\/vivienda\\\/noticias-mercado-inmobiliario\\\/expropiar-las-viviendas-de-los-fondos-de-inversion-estadounidenses\\\/\"},\"wordCount\":970,\"commentCount\":0,\"publisher\":{\"@id\":\"https:\\\/\\\/www.aquimicasa.net\\\/blog\\\/#organization\"},\"image\":{\"@id\":\"https:\\\/\\\/www.aquimicasa.net\\\/blog\\\/vivienda\\\/noticias-mercado-inmobiliario\\\/expropiar-las-viviendas-de-los-fondos-de-inversion-estadounidenses\\\/#primaryimage\"},\"thumbnailUrl\":\"https:\\\/\\\/www.aquimicasa.net\\\/blog\\\/wp-content\\\/uploads\\\/ione-belarra1-e1743884503520.jpg\",\"keywords\":[\"newsletter 508\"],\"articleSection\":[\"Noticias Mercado Inmobiliario\"],\"inLanguage\":\"es\",\"potentialAction\":[{\"@type\":\"CommentAction\",\"name\":\"Comment\",\"target\":[\"https:\\\/\\\/www.aquimicasa.net\\\/blog\\\/vivienda\\\/noticias-mercado-inmobiliario\\\/expropiar-las-viviendas-de-los-fondos-de-inversion-estadounidenses\\\/#respond\"]}]},{\"@type\":\"WebPage\",\"@id\":\"https:\\\/\\\/www.aquimicasa.net\\\/blog\\\/vivienda\\\/noticias-mercado-inmobiliario\\\/expropiar-las-viviendas-de-los-fondos-de-inversion-estadounidenses\\\/\",\"url\":\"https:\\\/\\\/www.aquimicasa.net\\\/blog\\\/vivienda\\\/noticias-mercado-inmobiliario\\\/expropiar-las-viviendas-de-los-fondos-de-inversion-estadounidenses\\\/\",\"name\":\"Expropiar las viviendas de los fondos de inversi\u00f3n estadounidenses\",\"isPartOf\":{\"@id\":\"https:\\\/\\\/www.aquimicasa.net\\\/blog\\\/#website\"},\"primaryImageOfPage\":{\"@id\":\"https:\\\/\\\/www.aquimicasa.net\\\/blog\\\/vivienda\\\/noticias-mercado-inmobiliario\\\/expropiar-las-viviendas-de-los-fondos-de-inversion-estadounidenses\\\/#primaryimage\"},\"image\":{\"@id\":\"https:\\\/\\\/www.aquimicasa.net\\\/blog\\\/vivienda\\\/noticias-mercado-inmobiliario\\\/expropiar-las-viviendas-de-los-fondos-de-inversion-estadounidenses\\\/#primaryimage\"},\"thumbnailUrl\":\"https:\\\/\\\/www.aquimicasa.net\\\/blog\\\/wp-content\\\/uploads\\\/ione-belarra1-e1743884503520.jpg\",\"datePublished\":\"2025-04-05T20:22:19+00:00\",\"dateModified\":\"2025-04-05T20:23:21+00:00\",\"breadcrumb\":{\"@id\":\"https:\\\/\\\/www.aquimicasa.net\\\/blog\\\/vivienda\\\/noticias-mercado-inmobiliario\\\/expropiar-las-viviendas-de-los-fondos-de-inversion-estadounidenses\\\/#breadcrumb\"},\"inLanguage\":\"es\",\"potentialAction\":[{\"@type\":\"ReadAction\",\"target\":[\"https:\\\/\\\/www.aquimicasa.net\\\/blog\\\/vivienda\\\/noticias-mercado-inmobiliario\\\/expropiar-las-viviendas-de-los-fondos-de-inversion-estadounidenses\\\/\"]}]},{\"@type\":\"ImageObject\",\"inLanguage\":\"es\",\"@id\":\"https:\\\/\\\/www.aquimicasa.net\\\/blog\\\/vivienda\\\/noticias-mercado-inmobiliario\\\/expropiar-las-viviendas-de-los-fondos-de-inversion-estadounidenses\\\/#primaryimage\",\"url\":\"https:\\\/\\\/www.aquimicasa.net\\\/blog\\\/wp-content\\\/uploads\\\/ione-belarra1-e1743884503520.jpg\",\"contentUrl\":\"https:\\\/\\\/www.aquimicasa.net\\\/blog\\\/wp-content\\\/uploads\\\/ione-belarra1-e1743884503520.jpg\",\"width\":600,\"height\":400,\"caption\":\"Expropiar a los fondos de inversi\u00f3n estadounidenses\"},{\"@type\":\"BreadcrumbList\",\"@id\":\"https:\\\/\\\/www.aquimicasa.net\\\/blog\\\/vivienda\\\/noticias-mercado-inmobiliario\\\/expropiar-las-viviendas-de-los-fondos-de-inversion-estadounidenses\\\/#breadcrumb\",\"itemListElement\":[{\"@type\":\"ListItem\",\"position\":1,\"name\":\"Portada\",\"item\":\"https:\\\/\\\/www.aquimicasa.net\\\/blog\\\/\"},{\"@type\":\"ListItem\",\"position\":2,\"name\":\"Expropiar las viviendas de los fondos de inversi\u00f3n estadounidenses\"}]},{\"@type\":\"WebSite\",\"@id\":\"https:\\\/\\\/www.aquimicasa.net\\\/blog\\\/#website\",\"url\":\"https:\\\/\\\/www.aquimicasa.net\\\/blog\\\/\",\"name\":\"Blog de aquimicasa.net\",\"description\":\"Noticias del Mundo Inmobiliario\",\"publisher\":{\"@id\":\"https:\\\/\\\/www.aquimicasa.net\\\/blog\\\/#organization\"},\"potentialAction\":[{\"@type\":\"SearchAction\",\"target\":{\"@type\":\"EntryPoint\",\"urlTemplate\":\"https:\\\/\\\/www.aquimicasa.net\\\/blog\\\/?s={search_term_string}\"},\"query-input\":{\"@type\":\"PropertyValueSpecification\",\"valueRequired\":true,\"valueName\":\"search_term_string\"}}],\"inLanguage\":\"es\"},{\"@type\":\"Organization\",\"@id\":\"https:\\\/\\\/www.aquimicasa.net\\\/blog\\\/#organization\",\"name\":\"Blog de aquimicasa.net\",\"url\":\"https:\\\/\\\/www.aquimicasa.net\\\/blog\\\/\",\"logo\":{\"@type\":\"ImageObject\",\"inLanguage\":\"es\",\"@id\":\"https:\\\/\\\/www.aquimicasa.net\\\/blog\\\/#\\\/schema\\\/logo\\\/image\\\/\",\"url\":\"https:\\\/\\\/www.aquimicasa.net\\\/blog\\\/wp-content\\\/uploads\\\/Logo-aquimicasa-1-e1528048213782.png\",\"contentUrl\":\"https:\\\/\\\/www.aquimicasa.net\\\/blog\\\/wp-content\\\/uploads\\\/Logo-aquimicasa-1-e1528048213782.png\",\"width\":225,\"height\":225,\"caption\":\"Blog de aquimicasa.net\"},\"image\":{\"@id\":\"https:\\\/\\\/www.aquimicasa.net\\\/blog\\\/#\\\/schema\\\/logo\\\/image\\\/\"},\"sameAs\":[\"https:\\\/\\\/www.facebook.com\\\/aquimicasa.net\",\"https:\\\/\\\/www.instagram.com\\\/\",\"https:\\\/\\\/x.com\\\/EduLizarragaD\",\"https:\\\/\\\/www.linkedin.com\\\/feed\\\/\"]},{\"@type\":\"Person\",\"@id\":\"https:\\\/\\\/www.aquimicasa.net\\\/blog\\\/#\\\/schema\\\/person\\\/2cdfa2605534583395c8d7ce1d6cac14\",\"name\":\"Eduardo Lizarraga\",\"image\":{\"@type\":\"ImageObject\",\"inLanguage\":\"es\",\"@id\":\"https:\\\/\\\/secure.gravatar.com\\\/avatar\\\/bdabe1eeeed97b65a9cb7de2edd624b07995f7e13abc5fead15961f745f908cc?s=96&d=mm&r=g\",\"url\":\"https:\\\/\\\/secure.gravatar.com\\\/avatar\\\/bdabe1eeeed97b65a9cb7de2edd624b07995f7e13abc5fead15961f745f908cc?s=96&d=mm&r=g\",\"contentUrl\":\"https:\\\/\\\/secure.gravatar.com\\\/avatar\\\/bdabe1eeeed97b65a9cb7de2edd624b07995f7e13abc5fead15961f745f908cc?s=96&d=mm&r=g\",\"caption\":\"Eduardo Lizarraga\"},\"description\":\"Periodista Econ\u00f3mico. Ha trabajado en diversos campos de la informaci\u00f3n. Corresponsal en conflictos, analista pol\u00edtico en Congreso y Senado, periodista del medio ambiente, editor, director editorial, director de comunicaci\u00f3n.... En estos momentos se ha especializado en el sector inmobiliario. Pero tambi\u00e9n es navegante y viajero, preocupado por la pobreza, el medio ambiente y por las actuaciones descontroladas del neoliberalismo empresarial y pol\u00edtico en todo el mundo. Los desahucios, la pobreza infantil y la falta de acceso a los suministros b\u00e1sicos son algunos de los grandes dramas de nuestra sociedad y que es preciso solucionar para hacerla m\u00e1s justa. CEO en www.aquimicasa.net\",\"sameAs\":[\"https:\\\/\\\/www.aquimicasa.net\\\/\"],\"url\":\"https:\\\/\\\/www.aquimicasa.net\\\/blog\\\/author\\\/eduardo\\\/\"}]}<\/script>\n<!-- \/ Yoast SEO plugin. -->","yoast_head_json":{"title":"Expropiar las viviendas de los fondos de inversi\u00f3n estadounidenses","robots":{"index":"index","follow":"follow","max-snippet":"max-snippet:-1","max-image-preview":"max-image-preview:large","max-video-preview":"max-video-preview:-1"},"canonical":"https:\/\/www.aquimicasa.net\/blog\/vivienda\/noticias-mercado-inmobiliario\/expropiar-las-viviendas-de-los-fondos-de-inversion-estadounidenses\/","og_locale":"es_ES","og_type":"article","og_title":"Expropiar las viviendas de los fondos de inversi\u00f3n estadounidenses","og_description":"La propuesta de Belarra tambi\u00e9n se enmarca en el contexto de la crisis de vivienda que atraviesa Espa\u00f1a. Seg\u00fan datos recientes, los fondos de inversi\u00f3n extranjeros, conocidos como \"fondos buitre\", poseen una cantidad significativa de inmuebles en el pa\u00eds, lo que, seg\u00fan algunos expertos, contribuye al encarecimiento del mercado inmobiliario y dificulta el acceso a la vivienda para amplios sectores de la poblaci\u00f3n.","og_url":"https:\/\/www.aquimicasa.net\/blog\/vivienda\/noticias-mercado-inmobiliario\/expropiar-las-viviendas-de-los-fondos-de-inversion-estadounidenses\/","og_site_name":"Blog de aquimicasa.net","article_publisher":"https:\/\/www.facebook.com\/aquimicasa.net","article_published_time":"2025-04-05T20:22:19+00:00","article_modified_time":"2025-04-05T20:23:21+00:00","og_image":[{"width":600,"height":400,"url":"https:\/\/www.aquimicasa.net\/blog\/wp-content\/uploads\/ione-belarra1-e1743884503520.jpg","type":"image\/jpeg"}],"author":"Eduardo Lizarraga","twitter_misc":{"Escrito por":"Eduardo Lizarraga","Tiempo de lectura":"4 minutos"},"schema":{"@context":"https:\/\/schema.org","@graph":[{"@type":"Article","@id":"https:\/\/www.aquimicasa.net\/blog\/vivienda\/noticias-mercado-inmobiliario\/expropiar-las-viviendas-de-los-fondos-de-inversion-estadounidenses\/#article","isPartOf":{"@id":"https:\/\/www.aquimicasa.net\/blog\/vivienda\/noticias-mercado-inmobiliario\/expropiar-las-viviendas-de-los-fondos-de-inversion-estadounidenses\/"},"author":{"name":"Eduardo Lizarraga","@id":"https:\/\/www.aquimicasa.net\/blog\/#\/schema\/person\/2cdfa2605534583395c8d7ce1d6cac14"},"headline":"Expropiar las viviendas de los fondos de inversi\u00f3n estadounidenses","datePublished":"2025-04-05T20:22:19+00:00","dateModified":"2025-04-05T20:23:21+00:00","mainEntityOfPage":{"@id":"https:\/\/www.aquimicasa.net\/blog\/vivienda\/noticias-mercado-inmobiliario\/expropiar-las-viviendas-de-los-fondos-de-inversion-estadounidenses\/"},"wordCount":970,"commentCount":0,"publisher":{"@id":"https:\/\/www.aquimicasa.net\/blog\/#organization"},"image":{"@id":"https:\/\/www.aquimicasa.net\/blog\/vivienda\/noticias-mercado-inmobiliario\/expropiar-las-viviendas-de-los-fondos-de-inversion-estadounidenses\/#primaryimage"},"thumbnailUrl":"https:\/\/www.aquimicasa.net\/blog\/wp-content\/uploads\/ione-belarra1-e1743884503520.jpg","keywords":["newsletter 508"],"articleSection":["Noticias Mercado Inmobiliario"],"inLanguage":"es","potentialAction":[{"@type":"CommentAction","name":"Comment","target":["https:\/\/www.aquimicasa.net\/blog\/vivienda\/noticias-mercado-inmobiliario\/expropiar-las-viviendas-de-los-fondos-de-inversion-estadounidenses\/#respond"]}]},{"@type":"WebPage","@id":"https:\/\/www.aquimicasa.net\/blog\/vivienda\/noticias-mercado-inmobiliario\/expropiar-las-viviendas-de-los-fondos-de-inversion-estadounidenses\/","url":"https:\/\/www.aquimicasa.net\/blog\/vivienda\/noticias-mercado-inmobiliario\/expropiar-las-viviendas-de-los-fondos-de-inversion-estadounidenses\/","name":"Expropiar las viviendas de los fondos de inversi\u00f3n estadounidenses","isPartOf":{"@id":"https:\/\/www.aquimicasa.net\/blog\/#website"},"primaryImageOfPage":{"@id":"https:\/\/www.aquimicasa.net\/blog\/vivienda\/noticias-mercado-inmobiliario\/expropiar-las-viviendas-de-los-fondos-de-inversion-estadounidenses\/#primaryimage"},"image":{"@id":"https:\/\/www.aquimicasa.net\/blog\/vivienda\/noticias-mercado-inmobiliario\/expropiar-las-viviendas-de-los-fondos-de-inversion-estadounidenses\/#primaryimage"},"thumbnailUrl":"https:\/\/www.aquimicasa.net\/blog\/wp-content\/uploads\/ione-belarra1-e1743884503520.jpg","datePublished":"2025-04-05T20:22:19+00:00","dateModified":"2025-04-05T20:23:21+00:00","breadcrumb":{"@id":"https:\/\/www.aquimicasa.net\/blog\/vivienda\/noticias-mercado-inmobiliario\/expropiar-las-viviendas-de-los-fondos-de-inversion-estadounidenses\/#breadcrumb"},"inLanguage":"es","potentialAction":[{"@type":"ReadAction","target":["https:\/\/www.aquimicasa.net\/blog\/vivienda\/noticias-mercado-inmobiliario\/expropiar-las-viviendas-de-los-fondos-de-inversion-estadounidenses\/"]}]},{"@type":"ImageObject","inLanguage":"es","@id":"https:\/\/www.aquimicasa.net\/blog\/vivienda\/noticias-mercado-inmobiliario\/expropiar-las-viviendas-de-los-fondos-de-inversion-estadounidenses\/#primaryimage","url":"https:\/\/www.aquimicasa.net\/blog\/wp-content\/uploads\/ione-belarra1-e1743884503520.jpg","contentUrl":"https:\/\/www.aquimicasa.net\/blog\/wp-content\/uploads\/ione-belarra1-e1743884503520.jpg","width":600,"height":400,"caption":"Expropiar a los fondos de inversi\u00f3n estadounidenses"},{"@type":"BreadcrumbList","@id":"https:\/\/www.aquimicasa.net\/blog\/vivienda\/noticias-mercado-inmobiliario\/expropiar-las-viviendas-de-los-fondos-de-inversion-estadounidenses\/#breadcrumb","itemListElement":[{"@type":"ListItem","position":1,"name":"Portada","item":"https:\/\/www.aquimicasa.net\/blog\/"},{"@type":"ListItem","position":2,"name":"Expropiar las viviendas de los fondos de inversi\u00f3n estadounidenses"}]},{"@type":"WebSite","@id":"https:\/\/www.aquimicasa.net\/blog\/#website","url":"https:\/\/www.aquimicasa.net\/blog\/","name":"Blog de aquimicasa.net","description":"Noticias del Mundo Inmobiliario","publisher":{"@id":"https:\/\/www.aquimicasa.net\/blog\/#organization"},"potentialAction":[{"@type":"SearchAction","target":{"@type":"EntryPoint","urlTemplate":"https:\/\/www.aquimicasa.net\/blog\/?s={search_term_string}"},"query-input":{"@type":"PropertyValueSpecification","valueRequired":true,"valueName":"search_term_string"}}],"inLanguage":"es"},{"@type":"Organization","@id":"https:\/\/www.aquimicasa.net\/blog\/#organization","name":"Blog de aquimicasa.net","url":"https:\/\/www.aquimicasa.net\/blog\/","logo":{"@type":"ImageObject","inLanguage":"es","@id":"https:\/\/www.aquimicasa.net\/blog\/#\/schema\/logo\/image\/","url":"https:\/\/www.aquimicasa.net\/blog\/wp-content\/uploads\/Logo-aquimicasa-1-e1528048213782.png","contentUrl":"https:\/\/www.aquimicasa.net\/blog\/wp-content\/uploads\/Logo-aquimicasa-1-e1528048213782.png","width":225,"height":225,"caption":"Blog de aquimicasa.net"},"image":{"@id":"https:\/\/www.aquimicasa.net\/blog\/#\/schema\/logo\/image\/"},"sameAs":["https:\/\/www.facebook.com\/aquimicasa.net","https:\/\/www.instagram.com\/","https:\/\/x.com\/EduLizarragaD","https:\/\/www.linkedin.com\/feed\/"]},{"@type":"Person","@id":"https:\/\/www.aquimicasa.net\/blog\/#\/schema\/person\/2cdfa2605534583395c8d7ce1d6cac14","name":"Eduardo Lizarraga","image":{"@type":"ImageObject","inLanguage":"es","@id":"https:\/\/secure.gravatar.com\/avatar\/bdabe1eeeed97b65a9cb7de2edd624b07995f7e13abc5fead15961f745f908cc?s=96&d=mm&r=g","url":"https:\/\/secure.gravatar.com\/avatar\/bdabe1eeeed97b65a9cb7de2edd624b07995f7e13abc5fead15961f745f908cc?s=96&d=mm&r=g","contentUrl":"https:\/\/secure.gravatar.com\/avatar\/bdabe1eeeed97b65a9cb7de2edd624b07995f7e13abc5fead15961f745f908cc?s=96&d=mm&r=g","caption":"Eduardo Lizarraga"},"description":"Periodista Econ\u00f3mico. Ha trabajado en diversos campos de la informaci\u00f3n. Corresponsal en conflictos, analista pol\u00edtico en Congreso y Senado, periodista del medio ambiente, editor, director editorial, director de comunicaci\u00f3n.... En estos momentos se ha especializado en el sector inmobiliario. Pero tambi\u00e9n es navegante y viajero, preocupado por la pobreza, el medio ambiente y por las actuaciones descontroladas del neoliberalismo empresarial y pol\u00edtico en todo el mundo. Los desahucios, la pobreza infantil y la falta de acceso a los suministros b\u00e1sicos son algunos de los grandes dramas de nuestra sociedad y que es preciso solucionar para hacerla m\u00e1s justa. CEO en www.aquimicasa.net","sameAs":["https:\/\/www.aquimicasa.net\/"],"url":"https:\/\/www.aquimicasa.net\/blog\/author\/eduardo\/"}]}},"jetpack_publicize_connections":[],"jetpack_featured_media_url":"https:\/\/www.aquimicasa.net\/blog\/wp-content\/uploads\/ione-belarra1-e1743884503520.jpg","jetpack_sharing_enabled":true,"jetpack_likes_enabled":true,"_links":{"self":[{"href":"https:\/\/www.aquimicasa.net\/blog\/wp-json\/wp\/v2\/posts\/51002","targetHints":{"allow":["GET"]}}],"collection":[{"href":"https:\/\/www.aquimicasa.net\/blog\/wp-json\/wp\/v2\/posts"}],"about":[{"href":"https:\/\/www.aquimicasa.net\/blog\/wp-json\/wp\/v2\/types\/post"}],"author":[{"embeddable":true,"href":"https:\/\/www.aquimicasa.net\/blog\/wp-json\/wp\/v2\/users\/3"}],"replies":[{"embeddable":true,"href":"https:\/\/www.aquimicasa.net\/blog\/wp-json\/wp\/v2\/comments?post=51002"}],"version-history":[{"count":3,"href":"https:\/\/www.aquimicasa.net\/blog\/wp-json\/wp\/v2\/posts\/51002\/revisions"}],"predecessor-version":[{"id":51014,"href":"https:\/\/www.aquimicasa.net\/blog\/wp-json\/wp\/v2\/posts\/51002\/revisions\/51014"}],"wp:featuredmedia":[{"embeddable":true,"href":"https:\/\/www.aquimicasa.net\/blog\/wp-json\/wp\/v2\/media\/51012"}],"wp:attachment":[{"href":"https:\/\/www.aquimicasa.net\/blog\/wp-json\/wp\/v2\/media?parent=51002"}],"wp:term":[{"taxonomy":"category","embeddable":true,"href":"https:\/\/www.aquimicasa.net\/blog\/wp-json\/wp\/v2\/categories?post=51002"},{"taxonomy":"post_tag","embeddable":true,"href":"https:\/\/www.aquimicasa.net\/blog\/wp-json\/wp\/v2\/tags?post=51002"}],"curies":[{"name":"wp","href":"https:\/\/api.w.org\/{rel}","templated":true}]}}