{"id":51161,"date":"2025-04-17T22:05:35","date_gmt":"2025-04-17T20:05:35","guid":{"rendered":"https:\/\/www.aquimicasa.net\/blog\/?p=51161"},"modified":"2025-04-20T00:09:42","modified_gmt":"2025-04-19T22:09:42","slug":"%f0%9f%8f%97%ef%b8%8f-el-sector-del-hormigon-crece-un-28-en-el-2024","status":"publish","type":"post","link":"https:\/\/www.aquimicasa.net\/blog\/vivienda\/noticias-mercado-inmobiliario\/%f0%9f%8f%97%ef%b8%8f-el-sector-del-hormigon-crece-un-28-en-el-2024\/","title":{"rendered":"\ud83c\udfd7\ufe0f El sector del hormig\u00f3n crece un 2,8% en el 2024"},"content":{"rendered":"<div class=\"fusion-fullwidth fullwidth-box fusion-builder-row-1 fusion-flex-container nonhundred-percent-fullwidth non-hundred-percent-height-scrolling\" style=\"background-color: rgba(255,255,255,0);background-position: center center;background-repeat: no-repeat;border-width: 0px 0px 0px 0px;border-color:#eae9e9;border-style:solid;\" ><div class=\"fusion-builder-row fusion-row fusion-flex-align-items-flex-start\" style=\"max-width:1144px;margin-left: calc(-4% \/ 2 );margin-right: calc(-4% \/ 2 );\"><div class=\"fusion-layout-column fusion_builder_column fusion-builder-column-0 fusion_builder_column_1_1 1_1 fusion-flex-column\"><div class=\"fusion-column-wrapper fusion-flex-justify-content-flex-start fusion-content-layout-column\" style=\"background-position:left top;background-repeat:no-repeat;-webkit-background-size:cover;-moz-background-size:cover;-o-background-size:cover;background-size:cover;padding: 0px 0px 0px 0px;\"><div class=\"fusion-text fusion-text-1\"><p>El sector del <strong data-start=\"261\" data-end=\"283\">hormig\u00f3n preparado<\/strong> cerr\u00f3 2024 con una producci\u00f3n total de <strong data-start=\"323\" data-end=\"356\">27 millones de metros c\u00fabicos<\/strong>, lo que supone un <strong data-start=\"375\" data-end=\"424\">crecimiento del 2,8% respecto al a\u00f1o anterior<\/strong> y el volumen m\u00e1s alto registrado en m\u00e1s de una d\u00e9cada, seg\u00fan datos de ANEFHOP (Asociaci\u00f3n Nacional Espa\u00f1ola de Fabricantes de Hormig\u00f3n Preparado). Este repunte refleja cierta <strong data-start=\"600\" data-end=\"628\">recuperaci\u00f3n estructural<\/strong> tras los impactos de la pandemia y la crisis energ\u00e9tica, pero los problemas siguen presentes&#8230; y no son menores.<\/p>\n<p class=\"\" data-start=\"744\" data-end=\"1020\">Aunque se trata de una noticia positiva, el contexto invita a la cautela. Como en tantos otros sectores vinculados al <strong data-start=\"862\" data-end=\"906\">urbanismo, la obra p\u00fablica y la vivienda<\/strong>, el horizonte est\u00e1 lleno de <strong data-start=\"935\" data-end=\"1019\">nubarrones geopol\u00edticos, obst\u00e1culos estructurales y desequilibrios territoriales<\/strong>.<\/p>\n<h2 class=\"\" data-start=\"1027\" data-end=\"1109\">\ud83c\udf0d<strong> Los aranceles previstos por Trump crean incertidumbre en la evoluci\u00f3n futura<\/strong><\/h2>\n<p class=\"\" data-start=\"1111\" data-end=\"1422\">Uno de los factores que m\u00e1s preocupa en este inicio de 2025 es el retorno del fantasma del <strong data-start=\"1202\" data-end=\"1235\">proteccionismo norteamericano<\/strong>. La posible vuelta de Donald Trump a la presidencia de Estados Unidos y sus anuncios de <strong data-start=\"1324\" data-end=\"1358\">nuevos aranceles generalizados<\/strong> est\u00e1n empezando a dejar huella en la confianza de los mercados.<\/p>\n<p class=\"\" data-start=\"1424\" data-end=\"1905\"><img decoding=\"async\" class=\"quote-avatar\" src=\"https:\/\/elmercantil.com\/wp-content\/uploads\/2025\/04\/Carlos-Peraita-e1744717351937-150x150.jpeg\" alt=\"\" width=\"150\" height=\"150\" \/><br \/>\n<strong>Carlos Peraita. <\/strong>Aunque <strong data-start=\"1431\" data-end=\"1509\">estos aranceles no afectan directamente a las materias primas del hormig\u00f3n<\/strong>, s\u00ed pueden tener un <strong data-start=\"1530\" data-end=\"1569\">efecto domin\u00f3 en la econom\u00eda global<\/strong>, ralentizando el consumo, reduciendo la inversi\u00f3n p\u00fablica y afectando sectores esenciales como el turismo. En palabras de <strong data-start=\"1692\" data-end=\"1710\">Carlos Peraita<\/strong>, director general de ANEFHOP, <em data-start=\"1741\" data-end=\"1904\">\u00abla incertidumbre que generan los nuevos aranceles podr\u00eda afectar al consumo, la inversi\u00f3n p\u00fablica y al turismo, pilares esenciales para la actividad del sector\u00bb<\/em>.<\/p>\n<p class=\"\" data-start=\"1907\" data-end=\"2190\">No es un aviso menor. Un freno en estas tres palancas \u2014consumo, inversi\u00f3n y turismo\u2014 ser\u00eda como <strong data-start=\"2003\" data-end=\"2050\">quitar el cemento a la estructura econ\u00f3mica<\/strong> de sectores relacionados con la construcci\u00f3n y la vivienda, que viven de la obra nueva, la rehabilitaci\u00f3n y los grandes proyectos p\u00fablicos.<\/p>\n<h2 class=\"\" data-start=\"2197\" data-end=\"2281\">\ud83d\udc0c<strong> La lentitud en la ejecuci\u00f3n de las obras es otro problema en los datos anuales<\/strong><\/h2>\n<p class=\"\" data-start=\"2283\" data-end=\"2636\">M\u00e1s all\u00e1 del contexto internacional, el sector sigue arrastrando <strong data-start=\"2348\" data-end=\"2405\">problemas end\u00e9micos que limitan su verdadero despegue<\/strong>. La <strong data-start=\"2410\" data-end=\"2451\">lentitud en la ejecuci\u00f3n de las obras<\/strong>, la <strong data-start=\"2456\" data-end=\"2505\">escasa flexibilidad en los contratos p\u00fablicos<\/strong> (que no permiten revisar precios con agilidad) y la <strong data-start=\"2558\" data-end=\"2581\">burocracia excesiva<\/strong> son frenos conocidos por todos los agentes implicados.<\/p>\n<p class=\"\" data-start=\"2638\" data-end=\"3064\">Aunque se licitan m\u00e1s obras \u2014la cifra total en 2024 ascendi\u00f3 a <strong data-start=\"2701\" data-end=\"2729\">29.480 millones de euros<\/strong>, un <strong data-start=\"2734\" data-end=\"2767\">10,6% m\u00e1s que el a\u00f1o anterior<\/strong>, impulsadas por fondos europeos y organismos locales\u2014, eso <strong data-start=\"2827\" data-end=\"2879\">no se traduce autom\u00e1ticamente en producci\u00f3n real<\/strong>. Como advierte Peraita: <em data-start=\"2904\" data-end=\"3064\">\u00abLa licitaci\u00f3n no garantiza producci\u00f3n, especialmente si no se resuelven los cuellos de botella en ejecuci\u00f3n y los proyectos siguen sin arrancar con fluidez.\u00bb<\/em><\/p>\n<p class=\"\" data-start=\"3066\" data-end=\"3123\">A esto hay que sumar otro dato especialmente preocupante.<\/p>\n<h2 class=\"\" data-start=\"3130\" data-end=\"3185\">\ud83d\udc77\u200d\u2642\ufe0f <strong>Junto con la falta de mano de obra cualificada<\/strong><\/h2>\n<p class=\"\" data-start=\"3187\" data-end=\"3478\">S\u00ed, <strong data-start=\"3191\" data-end=\"3219\">falta gente en las obras<\/strong>. Y no hablamos solo de cantidad, sino de <strong data-start=\"3261\" data-end=\"3289\">mano de obra cualificada<\/strong>. \ud83c\udfd7\ufe0f La construcci\u00f3n, que durante d\u00e9cadas fue un gran empleador en Espa\u00f1a, sufre hoy una <strong data-start=\"3375\" data-end=\"3394\">fuga de talento<\/strong> hacia otros sectores, y no consigue atraer a j\u00f3venes ni formar relevo generacional.<\/p>\n<p class=\"\" data-start=\"3480\" data-end=\"3750\">Esto convierte a los proyectos en <strong data-start=\"3514\" data-end=\"3540\">estructuras inestables<\/strong>, incluso cuando hay presupuesto, materiales y demanda. Una promoci\u00f3n de vivienda, una infraestructura p\u00fablica o una obra civil pueden retrasarse indefinidamente si no hay personal que la ejecute con garant\u00edas.<\/p>\n<p class=\"\" data-start=\"3752\" data-end=\"3973\">Y esto, inevitablemente, <strong data-start=\"3777\" data-end=\"3815\">repercute en la oferta de vivienda<\/strong>: menos pisos, m\u00e1s lentos, m\u00e1s caros. En un momento donde la falta de vivienda asequible es uno de los grandes problemas nacionales, el impacto se multiplica.<\/p>\n<h2 class=\"\" data-start=\"3980\" data-end=\"4031\">\ud83c\udf26\ufe0f<strong> Un arranque de a\u00f1o condicionado por el clima<\/strong><\/h2>\n<p class=\"\" data-start=\"4033\" data-end=\"4349\">El primer trimestre de 2025 ha mostrado se\u00f1ales positivas en t\u00e9rminos de consumo de cemento \u2014<strong data-start=\"4126\" data-end=\"4161\">un 9,42% m\u00e1s en enero y febrero<\/strong>\u2014 lo que suele anticipar tambi\u00e9n un <strong data-start=\"4197\" data-end=\"4233\">buen comportamiento del hormig\u00f3n<\/strong>. Sin embargo, el mes de marzo ha sido <strong data-start=\"4272\" data-end=\"4298\">especialmente lluvioso<\/strong>, lo que ha afectado la producci\u00f3n en muchas zonas.<\/p>\n<p class=\"\" data-start=\"4351\" data-end=\"4605\">La meteorolog\u00eda vuelve a recordarnos que incluso en contextos de recuperaci\u00f3n, la <strong data-start=\"4433\" data-end=\"4481\">actividad en obra es extremadamente sensible<\/strong> a factores externos. Y esta vulnerabilidad es especialmente grave cuando se acumulan retrasos y cuellos de botella previos.<\/p>\n<h2 class=\"\" data-start=\"4612\" data-end=\"4653\">\ud83d\udcca<strong> Los datos por Comunidades Aut\u00f3nomas<\/strong><\/h2>\n<p class=\"\" data-start=\"4655\" data-end=\"4894\">El <strong data-start=\"4658\" data-end=\"4688\">comportamiento territorial<\/strong> del sector del hormig\u00f3n ha sido <strong data-start=\"4721\" data-end=\"4744\">claramente desigual<\/strong> durante 2024. Algunas regiones han vivido un crecimiento notable, mientras que los grandes n\u00facleos urbanos han mostrado una <strong data-start=\"4869\" data-end=\"4893\">actividad m\u00e1s t\u00edmida<\/strong>.<\/p>\n<p class=\"\" data-start=\"4896\" data-end=\"4947\"><strong data-start=\"4896\" data-end=\"4937\">Las comunidades con mayor crecimiento<\/strong> han sido:<\/p>\n<ul data-start=\"4949\" data-end=\"5076\">\n<li class=\"\" data-start=\"4949\" data-end=\"4976\">\n<p class=\"\" data-start=\"4951\" data-end=\"4976\"><strong data-start=\"4951\" data-end=\"4966\">Extremadura<\/strong>: +18,1%<\/p>\n<\/li>\n<li class=\"\" data-start=\"4977\" data-end=\"5008\">\n<p class=\"\" data-start=\"4979\" data-end=\"5008\"><strong data-start=\"4979\" data-end=\"4998\">Castilla y Le\u00f3n<\/strong>: +14,1%<\/p>\n<\/li>\n<li class=\"\" data-start=\"5009\" data-end=\"5031\">\n<p class=\"\" data-start=\"5011\" data-end=\"5031\"><strong data-start=\"5011\" data-end=\"5022\">Galicia<\/strong>: +8,8%<\/p>\n<\/li>\n<li class=\"\" data-start=\"5032\" data-end=\"5055\">\n<p class=\"\" data-start=\"5034\" data-end=\"5055\"><strong data-start=\"5034\" data-end=\"5046\">La Rioja<\/strong>: +8,2%<\/p>\n<\/li>\n<li class=\"\" data-start=\"5056\" data-end=\"5076\">\n<p class=\"\" data-start=\"5058\" data-end=\"5076\"><strong data-start=\"5058\" data-end=\"5071\">Cantabria<\/strong>: +6%<\/p>\n<\/li>\n<\/ul>\n<p class=\"\" data-start=\"5078\" data-end=\"5271\">En el lado contrario, llama la atenci\u00f3n que <strong data-start=\"5122\" data-end=\"5176\">Catalu\u00f1a, Andaluc\u00eda, Comunidad Valenciana y Madrid<\/strong>, que concentran el <strong data-start=\"5196\" data-end=\"5229\">51% de la producci\u00f3n nacional<\/strong>, solo hayan crecido un <strong data-start=\"5253\" data-end=\"5270\">0,9% conjunto<\/strong>.<\/p>\n<p class=\"\" data-start=\"5273\" data-end=\"5553\">Esta <strong data-start=\"5278\" data-end=\"5309\">descompensaci\u00f3n territorial<\/strong> es sintom\u00e1tica: refleja el diferente ritmo de ejecuci\u00f3n, la distinta agilidad administrativa, el acceso a financiaci\u00f3n p\u00fablica y hasta la influencia de fen\u00f3menos clim\u00e1ticos como la <strong data-start=\"5491\" data-end=\"5499\">DANA<\/strong> que afect\u00f3 al Levante en el \u00faltimo trimestre del a\u00f1o.<\/p>\n<h2 class=\"\" data-start=\"5560\" data-end=\"5607\">\ud83e\uddf1 <strong>Opini\u00f3n: Un crecimiento con pies de barro<\/strong><\/h2>\n<p class=\"\" data-start=\"5609\" data-end=\"5847\">Aunque las cifras del sector del hormig\u00f3n en 2024 son objetivamente buenas, es necesario <strong data-start=\"5698\" data-end=\"5719\">mirarlas con lupa<\/strong>. El crecimiento del 2,8% es bienvenido, pero llega tras a\u00f1os de estancamiento y no garantiza un cambio de tendencia sostenible.<\/p>\n<p class=\"\" data-start=\"5849\" data-end=\"6081\">Mientras <strong data-start=\"5858\" data-end=\"5916\">la inversi\u00f3n p\u00fablica siga sin ejecutarse de forma \u00e1gil<\/strong>, la mano de obra escasee y <strong data-start=\"5944\" data-end=\"5999\">el contexto internacional se vuelva a\u00fan m\u00e1s vol\u00e1til<\/strong>, lo que hoy parece una recuperaci\u00f3n puede convertirse f\u00e1cilmente en un espejismo.<\/p>\n<p class=\"\" data-start=\"6083\" data-end=\"6443\">Desde Aquimicasa, lo vemos cada d\u00eda: <strong data-start=\"6120\" data-end=\"6231\">si no se construye, no se vende; si no se vende, no se alquila; y si no se alquila, los precios se disparan<\/strong>. El hormig\u00f3n es la base f\u00edsica de la vivienda, pero necesita de una <strong data-start=\"6300\" data-end=\"6413\">planificaci\u00f3n institucional seria, una apuesta por la formaci\u00f3n profesional y una estrategia econ\u00f3mica s\u00f3lida<\/strong> para sostenerse en el tiempo.<\/p>\n<h2 class=\"\" data-start=\"6450\" data-end=\"6469\">\ud83e\udde9 <strong>Un sector en crecimiento no libre de amenazas<\/strong><\/h2>\n<p class=\"\" data-start=\"6471\" data-end=\"6899\">El <strong data-start=\"6474\" data-end=\"6507\">sector del hormig\u00f3n preparado<\/strong> ha mostrado signos de fortaleza en 2024, pero no est\u00e1 libre de amenazas. Es urgente resolver los problemas estructurales que impiden aprovechar el tir\u00f3n inversor y estabilizar el acceso a la vivienda. Porque el <strong data-start=\"6719\" data-end=\"6748\">hormig\u00f3n no se mueve solo<\/strong>: necesita personas, pol\u00edticas claras y un entorno econ\u00f3mico que le permita seguir siendo el <strong data-start=\"6841\" data-end=\"6884\">motor silencioso del crecimiento urbano<\/strong> en Espa\u00f1a \ud83c\udfd9\ufe0f.<\/p>\n<p class=\"\" data-start=\"6906\" data-end=\"7144\">\u00bfQuieres seguir al tanto de la evoluci\u00f3n del sector y c\u00f3mo afecta a la vivienda? Sigue el blog de Aquimicasa para estar informado con <strong data-start=\"7040\" data-end=\"7137\">an\u00e1lisis profesionales, noticias actualizadas y opini\u00f3n cr\u00edtica sobre el mercado inmobiliario<\/strong> \ud83c\udfe1\ud83d\udcc9\ud83d\udcc8<\/p>\n<\/div><\/div><style type=\"text\/css\">.fusion-body .fusion-builder-column-0{width:100% !important;margin-top : 0px;margin-bottom : 0px;}.fusion-builder-column-0 > .fusion-column-wrapper {padding-top : 0px !important;padding-right : 0px !important;margin-right : 1.92%;padding-bottom : 0px !important;padding-left : 0px !important;margin-left : 1.92%;}@media only screen and (max-width:1024px) {.fusion-body .fusion-builder-column-0{width:100% !important;}.fusion-builder-column-0 > .fusion-column-wrapper {margin-right : 1.92%;margin-left : 1.92%;}}@media only screen and (max-width:640px) {.fusion-body .fusion-builder-column-0{width:100% !important;}.fusion-builder-column-0 > .fusion-column-wrapper {margin-right : 1.92%;margin-left : 1.92%;}}<\/style><\/div><\/div><style type=\"text\/css\">.fusion-body .fusion-flex-container.fusion-builder-row-1{ padding-top : 0px;margin-top : 0px;padding-right : 0px;padding-bottom : 0px;margin-bottom : 0px;padding-left : 0px;}<\/style><\/div>\n","protected":false},"excerpt":{"rendered":"<p>El primer trimestre de 2025 ha mostrado se\u00f1ales positivas en t\u00e9rminos de consumo de cemento \u2014un 9,42% m\u00e1s en enero y febrero\u2014 lo que suele anticipar tambi\u00e9n un buen comportamiento del hormig\u00f3n. Sin embargo, el mes de marzo ha sido especialmente lluvioso, lo que ha afectado la producci\u00f3n en muchas zonas.<\/p>\n","protected":false},"author":3,"featured_media":51166,"comment_status":"open","ping_status":"closed","sticky":false,"template":"","format":"standard","meta":{"_jetpack_memberships_contains_paid_content":false,"footnotes":"","jetpack_publicize_message":"","jetpack_publicize_feature_enabled":true,"jetpack_social_post_already_shared":true,"jetpack_social_options":{"image_generator_settings":{"template":"highway","default_image_id":0,"font":"","enabled":false},"version":2}},"categories":[7565],"tags":[8224],"class_list":["post-51161","post","type-post","status-publish","format-standard","has-post-thumbnail","hentry","category-noticias-mercado-inmobiliario","tag-newsletter-510"],"yoast_head":"<!-- This site is optimized with the Yoast SEO plugin v27.5 - https:\/\/yoast.com\/product\/yoast-seo-wordpress\/ -->\n<title>El sector del hormig\u00f3n crece un 2,8% en el 2024<\/title>\n<meta name=\"description\" content=\"La construcci\u00f3n, sufre hoy una fuga de talento hacia otros sectores, y no consigue atraer a j\u00f3venes ni formar relevo generacional.\" \/>\n<meta name=\"robots\" content=\"index, follow, max-snippet:-1, max-image-preview:large, max-video-preview:-1\" \/>\n<link rel=\"canonical\" href=\"https:\/\/www.aquimicasa.net\/blog\/vivienda\/noticias-mercado-inmobiliario\/\ud83c\udfd7\ufe0f-el-sector-del-hormigon-crece-un-28-en-el-2024\/\" \/>\n<meta property=\"og:locale\" content=\"es_ES\" \/>\n<meta property=\"og:type\" content=\"article\" \/>\n<meta property=\"og:title\" content=\"El sector del hormig\u00f3n crece un 2,8% en el 2024\" \/>\n<meta property=\"og:description\" content=\"La construcci\u00f3n, sufre hoy una fuga de talento hacia otros sectores, y no consigue atraer a j\u00f3venes ni formar relevo generacional.\" \/>\n<meta property=\"og:url\" content=\"https:\/\/www.aquimicasa.net\/blog\/vivienda\/noticias-mercado-inmobiliario\/\ud83c\udfd7\ufe0f-el-sector-del-hormigon-crece-un-28-en-el-2024\/\" \/>\n<meta property=\"og:site_name\" content=\"Blog de aquimicasa.net\" \/>\n<meta property=\"article:publisher\" content=\"https:\/\/www.facebook.com\/aquimicasa.net\" \/>\n<meta property=\"article:published_time\" content=\"2025-04-17T20:05:35+00:00\" \/>\n<meta property=\"article:modified_time\" content=\"2025-04-19T22:09:42+00:00\" \/>\n<meta property=\"og:image\" content=\"https:\/\/www.aquimicasa.net\/blog\/wp-content\/uploads\/hormigon-e1744920293875.png\" \/>\n\t<meta property=\"og:image:width\" content=\"500\" \/>\n\t<meta property=\"og:image:height\" content=\"341\" \/>\n\t<meta property=\"og:image:type\" content=\"image\/png\" \/>\n<meta name=\"author\" content=\"Eduardo Lizarraga\" \/>\n<meta name=\"twitter:label1\" content=\"Escrito por\" \/>\n\t<meta name=\"twitter:data1\" content=\"Eduardo Lizarraga\" \/>\n\t<meta name=\"twitter:label2\" content=\"Tiempo de lectura\" \/>\n\t<meta name=\"twitter:data2\" content=\"6 minutos\" \/>\n<script type=\"application\/ld+json\" class=\"yoast-schema-graph\">{\"@context\":\"https:\\\/\\\/schema.org\",\"@graph\":[{\"@type\":\"Article\",\"@id\":\"https:\\\/\\\/www.aquimicasa.net\\\/blog\\\/vivienda\\\/noticias-mercado-inmobiliario\\\/%f0%9f%8f%97%ef%b8%8f-el-sector-del-hormigon-crece-un-28-en-el-2024\\\/#article\",\"isPartOf\":{\"@id\":\"https:\\\/\\\/www.aquimicasa.net\\\/blog\\\/vivienda\\\/noticias-mercado-inmobiliario\\\/%f0%9f%8f%97%ef%b8%8f-el-sector-del-hormigon-crece-un-28-en-el-2024\\\/\"},\"author\":{\"name\":\"Eduardo Lizarraga\",\"@id\":\"https:\\\/\\\/www.aquimicasa.net\\\/blog\\\/#\\\/schema\\\/person\\\/2cdfa2605534583395c8d7ce1d6cac14\"},\"headline\":\"\ud83c\udfd7\ufe0f El sector del hormig\u00f3n crece un 2,8% en el 2024\",\"datePublished\":\"2025-04-17T20:05:35+00:00\",\"dateModified\":\"2025-04-19T22:09:42+00:00\",\"mainEntityOfPage\":{\"@id\":\"https:\\\/\\\/www.aquimicasa.net\\\/blog\\\/vivienda\\\/noticias-mercado-inmobiliario\\\/%f0%9f%8f%97%ef%b8%8f-el-sector-del-hormigon-crece-un-28-en-el-2024\\\/\"},\"wordCount\":1368,\"commentCount\":0,\"publisher\":{\"@id\":\"https:\\\/\\\/www.aquimicasa.net\\\/blog\\\/#organization\"},\"image\":{\"@id\":\"https:\\\/\\\/www.aquimicasa.net\\\/blog\\\/vivienda\\\/noticias-mercado-inmobiliario\\\/%f0%9f%8f%97%ef%b8%8f-el-sector-del-hormigon-crece-un-28-en-el-2024\\\/#primaryimage\"},\"thumbnailUrl\":\"https:\\\/\\\/www.aquimicasa.net\\\/blog\\\/wp-content\\\/uploads\\\/hormigon-e1744920293875.png\",\"keywords\":[\"newsletter 510\"],\"articleSection\":[\"Noticias Mercado Inmobiliario\"],\"inLanguage\":\"es\",\"potentialAction\":[{\"@type\":\"CommentAction\",\"name\":\"Comment\",\"target\":[\"https:\\\/\\\/www.aquimicasa.net\\\/blog\\\/vivienda\\\/noticias-mercado-inmobiliario\\\/%f0%9f%8f%97%ef%b8%8f-el-sector-del-hormigon-crece-un-28-en-el-2024\\\/#respond\"]}]},{\"@type\":\"WebPage\",\"@id\":\"https:\\\/\\\/www.aquimicasa.net\\\/blog\\\/vivienda\\\/noticias-mercado-inmobiliario\\\/%f0%9f%8f%97%ef%b8%8f-el-sector-del-hormigon-crece-un-28-en-el-2024\\\/\",\"url\":\"https:\\\/\\\/www.aquimicasa.net\\\/blog\\\/vivienda\\\/noticias-mercado-inmobiliario\\\/%f0%9f%8f%97%ef%b8%8f-el-sector-del-hormigon-crece-un-28-en-el-2024\\\/\",\"name\":\"El sector del hormig\u00f3n crece un 2,8% en el 2024\",\"isPartOf\":{\"@id\":\"https:\\\/\\\/www.aquimicasa.net\\\/blog\\\/#website\"},\"primaryImageOfPage\":{\"@id\":\"https:\\\/\\\/www.aquimicasa.net\\\/blog\\\/vivienda\\\/noticias-mercado-inmobiliario\\\/%f0%9f%8f%97%ef%b8%8f-el-sector-del-hormigon-crece-un-28-en-el-2024\\\/#primaryimage\"},\"image\":{\"@id\":\"https:\\\/\\\/www.aquimicasa.net\\\/blog\\\/vivienda\\\/noticias-mercado-inmobiliario\\\/%f0%9f%8f%97%ef%b8%8f-el-sector-del-hormigon-crece-un-28-en-el-2024\\\/#primaryimage\"},\"thumbnailUrl\":\"https:\\\/\\\/www.aquimicasa.net\\\/blog\\\/wp-content\\\/uploads\\\/hormigon-e1744920293875.png\",\"datePublished\":\"2025-04-17T20:05:35+00:00\",\"dateModified\":\"2025-04-19T22:09:42+00:00\",\"description\":\"La construcci\u00f3n, sufre hoy una fuga de talento hacia otros sectores, y no consigue atraer a j\u00f3venes ni formar relevo generacional.\",\"breadcrumb\":{\"@id\":\"https:\\\/\\\/www.aquimicasa.net\\\/blog\\\/vivienda\\\/noticias-mercado-inmobiliario\\\/%f0%9f%8f%97%ef%b8%8f-el-sector-del-hormigon-crece-un-28-en-el-2024\\\/#breadcrumb\"},\"inLanguage\":\"es\",\"potentialAction\":[{\"@type\":\"ReadAction\",\"target\":[\"https:\\\/\\\/www.aquimicasa.net\\\/blog\\\/vivienda\\\/noticias-mercado-inmobiliario\\\/%f0%9f%8f%97%ef%b8%8f-el-sector-del-hormigon-crece-un-28-en-el-2024\\\/\"]}]},{\"@type\":\"ImageObject\",\"inLanguage\":\"es\",\"@id\":\"https:\\\/\\\/www.aquimicasa.net\\\/blog\\\/vivienda\\\/noticias-mercado-inmobiliario\\\/%f0%9f%8f%97%ef%b8%8f-el-sector-del-hormigon-crece-un-28-en-el-2024\\\/#primaryimage\",\"url\":\"https:\\\/\\\/www.aquimicasa.net\\\/blog\\\/wp-content\\\/uploads\\\/hormigon-e1744920293875.png\",\"contentUrl\":\"https:\\\/\\\/www.aquimicasa.net\\\/blog\\\/wp-content\\\/uploads\\\/hormigon-e1744920293875.png\",\"width\":500,\"height\":341,\"caption\":\"El sector del hormig\u00f3n tambi\u00e9n teme los aranceles de TRump\"},{\"@type\":\"BreadcrumbList\",\"@id\":\"https:\\\/\\\/www.aquimicasa.net\\\/blog\\\/vivienda\\\/noticias-mercado-inmobiliario\\\/%f0%9f%8f%97%ef%b8%8f-el-sector-del-hormigon-crece-un-28-en-el-2024\\\/#breadcrumb\",\"itemListElement\":[{\"@type\":\"ListItem\",\"position\":1,\"name\":\"Portada\",\"item\":\"https:\\\/\\\/www.aquimicasa.net\\\/blog\\\/\"},{\"@type\":\"ListItem\",\"position\":2,\"name\":\"\ud83c\udfd7\ufe0f El sector del hormig\u00f3n crece un 2,8% en el 2024\"}]},{\"@type\":\"WebSite\",\"@id\":\"https:\\\/\\\/www.aquimicasa.net\\\/blog\\\/#website\",\"url\":\"https:\\\/\\\/www.aquimicasa.net\\\/blog\\\/\",\"name\":\"Blog de aquimicasa.net\",\"description\":\"Noticias del Mundo Inmobiliario\",\"publisher\":{\"@id\":\"https:\\\/\\\/www.aquimicasa.net\\\/blog\\\/#organization\"},\"potentialAction\":[{\"@type\":\"SearchAction\",\"target\":{\"@type\":\"EntryPoint\",\"urlTemplate\":\"https:\\\/\\\/www.aquimicasa.net\\\/blog\\\/?s={search_term_string}\"},\"query-input\":{\"@type\":\"PropertyValueSpecification\",\"valueRequired\":true,\"valueName\":\"search_term_string\"}}],\"inLanguage\":\"es\"},{\"@type\":\"Organization\",\"@id\":\"https:\\\/\\\/www.aquimicasa.net\\\/blog\\\/#organization\",\"name\":\"Blog de aquimicasa.net\",\"url\":\"https:\\\/\\\/www.aquimicasa.net\\\/blog\\\/\",\"logo\":{\"@type\":\"ImageObject\",\"inLanguage\":\"es\",\"@id\":\"https:\\\/\\\/www.aquimicasa.net\\\/blog\\\/#\\\/schema\\\/logo\\\/image\\\/\",\"url\":\"https:\\\/\\\/www.aquimicasa.net\\\/blog\\\/wp-content\\\/uploads\\\/Logo-aquimicasa-1-e1528048213782.png\",\"contentUrl\":\"https:\\\/\\\/www.aquimicasa.net\\\/blog\\\/wp-content\\\/uploads\\\/Logo-aquimicasa-1-e1528048213782.png\",\"width\":225,\"height\":225,\"caption\":\"Blog de aquimicasa.net\"},\"image\":{\"@id\":\"https:\\\/\\\/www.aquimicasa.net\\\/blog\\\/#\\\/schema\\\/logo\\\/image\\\/\"},\"sameAs\":[\"https:\\\/\\\/www.facebook.com\\\/aquimicasa.net\",\"https:\\\/\\\/www.instagram.com\\\/\",\"https:\\\/\\\/x.com\\\/EduLizarragaD\",\"https:\\\/\\\/www.linkedin.com\\\/feed\\\/\"]},{\"@type\":\"Person\",\"@id\":\"https:\\\/\\\/www.aquimicasa.net\\\/blog\\\/#\\\/schema\\\/person\\\/2cdfa2605534583395c8d7ce1d6cac14\",\"name\":\"Eduardo Lizarraga\",\"image\":{\"@type\":\"ImageObject\",\"inLanguage\":\"es\",\"@id\":\"https:\\\/\\\/secure.gravatar.com\\\/avatar\\\/bdabe1eeeed97b65a9cb7de2edd624b07995f7e13abc5fead15961f745f908cc?s=96&d=mm&r=g\",\"url\":\"https:\\\/\\\/secure.gravatar.com\\\/avatar\\\/bdabe1eeeed97b65a9cb7de2edd624b07995f7e13abc5fead15961f745f908cc?s=96&d=mm&r=g\",\"contentUrl\":\"https:\\\/\\\/secure.gravatar.com\\\/avatar\\\/bdabe1eeeed97b65a9cb7de2edd624b07995f7e13abc5fead15961f745f908cc?s=96&d=mm&r=g\",\"caption\":\"Eduardo Lizarraga\"},\"description\":\"Periodista Econ\u00f3mico. Ha trabajado en diversos campos de la informaci\u00f3n. Corresponsal en conflictos, analista pol\u00edtico en Congreso y Senado, periodista del medio ambiente, editor, director editorial, director de comunicaci\u00f3n.... En estos momentos se ha especializado en el sector inmobiliario. Pero tambi\u00e9n es navegante y viajero, preocupado por la pobreza, el medio ambiente y por las actuaciones descontroladas del neoliberalismo empresarial y pol\u00edtico en todo el mundo. Los desahucios, la pobreza infantil y la falta de acceso a los suministros b\u00e1sicos son algunos de los grandes dramas de nuestra sociedad y que es preciso solucionar para hacerla m\u00e1s justa. CEO en www.aquimicasa.net\",\"sameAs\":[\"https:\\\/\\\/www.aquimicasa.net\\\/\"],\"url\":\"https:\\\/\\\/www.aquimicasa.net\\\/blog\\\/author\\\/eduardo\\\/\"}]}<\/script>\n<!-- \/ Yoast SEO plugin. -->","yoast_head_json":{"title":"El sector del hormig\u00f3n crece un 2,8% en el 2024","description":"La construcci\u00f3n, sufre hoy una fuga de talento hacia otros sectores, y no consigue atraer a j\u00f3venes ni formar relevo generacional.","robots":{"index":"index","follow":"follow","max-snippet":"max-snippet:-1","max-image-preview":"max-image-preview:large","max-video-preview":"max-video-preview:-1"},"canonical":"https:\/\/www.aquimicasa.net\/blog\/vivienda\/noticias-mercado-inmobiliario\/\ud83c\udfd7\ufe0f-el-sector-del-hormigon-crece-un-28-en-el-2024\/","og_locale":"es_ES","og_type":"article","og_title":"El sector del hormig\u00f3n crece un 2,8% en el 2024","og_description":"La construcci\u00f3n, sufre hoy una fuga de talento hacia otros sectores, y no consigue atraer a j\u00f3venes ni formar relevo generacional.","og_url":"https:\/\/www.aquimicasa.net\/blog\/vivienda\/noticias-mercado-inmobiliario\/\ud83c\udfd7\ufe0f-el-sector-del-hormigon-crece-un-28-en-el-2024\/","og_site_name":"Blog de aquimicasa.net","article_publisher":"https:\/\/www.facebook.com\/aquimicasa.net","article_published_time":"2025-04-17T20:05:35+00:00","article_modified_time":"2025-04-19T22:09:42+00:00","og_image":[{"width":500,"height":341,"url":"https:\/\/www.aquimicasa.net\/blog\/wp-content\/uploads\/hormigon-e1744920293875.png","type":"image\/png"}],"author":"Eduardo Lizarraga","twitter_misc":{"Escrito por":"Eduardo Lizarraga","Tiempo de lectura":"6 minutos"},"schema":{"@context":"https:\/\/schema.org","@graph":[{"@type":"Article","@id":"https:\/\/www.aquimicasa.net\/blog\/vivienda\/noticias-mercado-inmobiliario\/%f0%9f%8f%97%ef%b8%8f-el-sector-del-hormigon-crece-un-28-en-el-2024\/#article","isPartOf":{"@id":"https:\/\/www.aquimicasa.net\/blog\/vivienda\/noticias-mercado-inmobiliario\/%f0%9f%8f%97%ef%b8%8f-el-sector-del-hormigon-crece-un-28-en-el-2024\/"},"author":{"name":"Eduardo Lizarraga","@id":"https:\/\/www.aquimicasa.net\/blog\/#\/schema\/person\/2cdfa2605534583395c8d7ce1d6cac14"},"headline":"\ud83c\udfd7\ufe0f El sector del hormig\u00f3n crece un 2,8% en el 2024","datePublished":"2025-04-17T20:05:35+00:00","dateModified":"2025-04-19T22:09:42+00:00","mainEntityOfPage":{"@id":"https:\/\/www.aquimicasa.net\/blog\/vivienda\/noticias-mercado-inmobiliario\/%f0%9f%8f%97%ef%b8%8f-el-sector-del-hormigon-crece-un-28-en-el-2024\/"},"wordCount":1368,"commentCount":0,"publisher":{"@id":"https:\/\/www.aquimicasa.net\/blog\/#organization"},"image":{"@id":"https:\/\/www.aquimicasa.net\/blog\/vivienda\/noticias-mercado-inmobiliario\/%f0%9f%8f%97%ef%b8%8f-el-sector-del-hormigon-crece-un-28-en-el-2024\/#primaryimage"},"thumbnailUrl":"https:\/\/www.aquimicasa.net\/blog\/wp-content\/uploads\/hormigon-e1744920293875.png","keywords":["newsletter 510"],"articleSection":["Noticias Mercado Inmobiliario"],"inLanguage":"es","potentialAction":[{"@type":"CommentAction","name":"Comment","target":["https:\/\/www.aquimicasa.net\/blog\/vivienda\/noticias-mercado-inmobiliario\/%f0%9f%8f%97%ef%b8%8f-el-sector-del-hormigon-crece-un-28-en-el-2024\/#respond"]}]},{"@type":"WebPage","@id":"https:\/\/www.aquimicasa.net\/blog\/vivienda\/noticias-mercado-inmobiliario\/%f0%9f%8f%97%ef%b8%8f-el-sector-del-hormigon-crece-un-28-en-el-2024\/","url":"https:\/\/www.aquimicasa.net\/blog\/vivienda\/noticias-mercado-inmobiliario\/%f0%9f%8f%97%ef%b8%8f-el-sector-del-hormigon-crece-un-28-en-el-2024\/","name":"El sector del hormig\u00f3n crece un 2,8% en el 2024","isPartOf":{"@id":"https:\/\/www.aquimicasa.net\/blog\/#website"},"primaryImageOfPage":{"@id":"https:\/\/www.aquimicasa.net\/blog\/vivienda\/noticias-mercado-inmobiliario\/%f0%9f%8f%97%ef%b8%8f-el-sector-del-hormigon-crece-un-28-en-el-2024\/#primaryimage"},"image":{"@id":"https:\/\/www.aquimicasa.net\/blog\/vivienda\/noticias-mercado-inmobiliario\/%f0%9f%8f%97%ef%b8%8f-el-sector-del-hormigon-crece-un-28-en-el-2024\/#primaryimage"},"thumbnailUrl":"https:\/\/www.aquimicasa.net\/blog\/wp-content\/uploads\/hormigon-e1744920293875.png","datePublished":"2025-04-17T20:05:35+00:00","dateModified":"2025-04-19T22:09:42+00:00","description":"La construcci\u00f3n, sufre hoy una fuga de talento hacia otros sectores, y no consigue atraer a j\u00f3venes ni formar relevo generacional.","breadcrumb":{"@id":"https:\/\/www.aquimicasa.net\/blog\/vivienda\/noticias-mercado-inmobiliario\/%f0%9f%8f%97%ef%b8%8f-el-sector-del-hormigon-crece-un-28-en-el-2024\/#breadcrumb"},"inLanguage":"es","potentialAction":[{"@type":"ReadAction","target":["https:\/\/www.aquimicasa.net\/blog\/vivienda\/noticias-mercado-inmobiliario\/%f0%9f%8f%97%ef%b8%8f-el-sector-del-hormigon-crece-un-28-en-el-2024\/"]}]},{"@type":"ImageObject","inLanguage":"es","@id":"https:\/\/www.aquimicasa.net\/blog\/vivienda\/noticias-mercado-inmobiliario\/%f0%9f%8f%97%ef%b8%8f-el-sector-del-hormigon-crece-un-28-en-el-2024\/#primaryimage","url":"https:\/\/www.aquimicasa.net\/blog\/wp-content\/uploads\/hormigon-e1744920293875.png","contentUrl":"https:\/\/www.aquimicasa.net\/blog\/wp-content\/uploads\/hormigon-e1744920293875.png","width":500,"height":341,"caption":"El sector del hormig\u00f3n tambi\u00e9n teme los aranceles de TRump"},{"@type":"BreadcrumbList","@id":"https:\/\/www.aquimicasa.net\/blog\/vivienda\/noticias-mercado-inmobiliario\/%f0%9f%8f%97%ef%b8%8f-el-sector-del-hormigon-crece-un-28-en-el-2024\/#breadcrumb","itemListElement":[{"@type":"ListItem","position":1,"name":"Portada","item":"https:\/\/www.aquimicasa.net\/blog\/"},{"@type":"ListItem","position":2,"name":"\ud83c\udfd7\ufe0f El sector del hormig\u00f3n crece un 2,8% en el 2024"}]},{"@type":"WebSite","@id":"https:\/\/www.aquimicasa.net\/blog\/#website","url":"https:\/\/www.aquimicasa.net\/blog\/","name":"Blog de aquimicasa.net","description":"Noticias del Mundo Inmobiliario","publisher":{"@id":"https:\/\/www.aquimicasa.net\/blog\/#organization"},"potentialAction":[{"@type":"SearchAction","target":{"@type":"EntryPoint","urlTemplate":"https:\/\/www.aquimicasa.net\/blog\/?s={search_term_string}"},"query-input":{"@type":"PropertyValueSpecification","valueRequired":true,"valueName":"search_term_string"}}],"inLanguage":"es"},{"@type":"Organization","@id":"https:\/\/www.aquimicasa.net\/blog\/#organization","name":"Blog de aquimicasa.net","url":"https:\/\/www.aquimicasa.net\/blog\/","logo":{"@type":"ImageObject","inLanguage":"es","@id":"https:\/\/www.aquimicasa.net\/blog\/#\/schema\/logo\/image\/","url":"https:\/\/www.aquimicasa.net\/blog\/wp-content\/uploads\/Logo-aquimicasa-1-e1528048213782.png","contentUrl":"https:\/\/www.aquimicasa.net\/blog\/wp-content\/uploads\/Logo-aquimicasa-1-e1528048213782.png","width":225,"height":225,"caption":"Blog de aquimicasa.net"},"image":{"@id":"https:\/\/www.aquimicasa.net\/blog\/#\/schema\/logo\/image\/"},"sameAs":["https:\/\/www.facebook.com\/aquimicasa.net","https:\/\/www.instagram.com\/","https:\/\/x.com\/EduLizarragaD","https:\/\/www.linkedin.com\/feed\/"]},{"@type":"Person","@id":"https:\/\/www.aquimicasa.net\/blog\/#\/schema\/person\/2cdfa2605534583395c8d7ce1d6cac14","name":"Eduardo Lizarraga","image":{"@type":"ImageObject","inLanguage":"es","@id":"https:\/\/secure.gravatar.com\/avatar\/bdabe1eeeed97b65a9cb7de2edd624b07995f7e13abc5fead15961f745f908cc?s=96&d=mm&r=g","url":"https:\/\/secure.gravatar.com\/avatar\/bdabe1eeeed97b65a9cb7de2edd624b07995f7e13abc5fead15961f745f908cc?s=96&d=mm&r=g","contentUrl":"https:\/\/secure.gravatar.com\/avatar\/bdabe1eeeed97b65a9cb7de2edd624b07995f7e13abc5fead15961f745f908cc?s=96&d=mm&r=g","caption":"Eduardo Lizarraga"},"description":"Periodista Econ\u00f3mico. Ha trabajado en diversos campos de la informaci\u00f3n. Corresponsal en conflictos, analista pol\u00edtico en Congreso y Senado, periodista del medio ambiente, editor, director editorial, director de comunicaci\u00f3n.... En estos momentos se ha especializado en el sector inmobiliario. Pero tambi\u00e9n es navegante y viajero, preocupado por la pobreza, el medio ambiente y por las actuaciones descontroladas del neoliberalismo empresarial y pol\u00edtico en todo el mundo. Los desahucios, la pobreza infantil y la falta de acceso a los suministros b\u00e1sicos son algunos de los grandes dramas de nuestra sociedad y que es preciso solucionar para hacerla m\u00e1s justa. CEO en www.aquimicasa.net","sameAs":["https:\/\/www.aquimicasa.net\/"],"url":"https:\/\/www.aquimicasa.net\/blog\/author\/eduardo\/"}]}},"jetpack_publicize_connections":[],"jetpack_featured_media_url":"https:\/\/www.aquimicasa.net\/blog\/wp-content\/uploads\/hormigon-e1744920293875.png","jetpack_sharing_enabled":true,"jetpack_likes_enabled":true,"_links":{"self":[{"href":"https:\/\/www.aquimicasa.net\/blog\/wp-json\/wp\/v2\/posts\/51161","targetHints":{"allow":["GET"]}}],"collection":[{"href":"https:\/\/www.aquimicasa.net\/blog\/wp-json\/wp\/v2\/posts"}],"about":[{"href":"https:\/\/www.aquimicasa.net\/blog\/wp-json\/wp\/v2\/types\/post"}],"author":[{"embeddable":true,"href":"https:\/\/www.aquimicasa.net\/blog\/wp-json\/wp\/v2\/users\/3"}],"replies":[{"embeddable":true,"href":"https:\/\/www.aquimicasa.net\/blog\/wp-json\/wp\/v2\/comments?post=51161"}],"version-history":[{"count":4,"href":"https:\/\/www.aquimicasa.net\/blog\/wp-json\/wp\/v2\/posts\/51161\/revisions"}],"predecessor-version":[{"id":51165,"href":"https:\/\/www.aquimicasa.net\/blog\/wp-json\/wp\/v2\/posts\/51161\/revisions\/51165"}],"wp:featuredmedia":[{"embeddable":true,"href":"https:\/\/www.aquimicasa.net\/blog\/wp-json\/wp\/v2\/media\/51166"}],"wp:attachment":[{"href":"https:\/\/www.aquimicasa.net\/blog\/wp-json\/wp\/v2\/media?parent=51161"}],"wp:term":[{"taxonomy":"category","embeddable":true,"href":"https:\/\/www.aquimicasa.net\/blog\/wp-json\/wp\/v2\/categories?post=51161"},{"taxonomy":"post_tag","embeddable":true,"href":"https:\/\/www.aquimicasa.net\/blog\/wp-json\/wp\/v2\/tags?post=51161"}],"curies":[{"name":"wp","href":"https:\/\/api.w.org\/{rel}","templated":true}]}}