{"id":51189,"date":"2025-04-21T21:08:20","date_gmt":"2025-04-21T19:08:20","guid":{"rendered":"https:\/\/www.aquimicasa.net\/blog\/?p=51189"},"modified":"2025-04-23T19:15:07","modified_gmt":"2025-04-23T17:15:07","slug":"los-derechos-de-los-viajeros-pueden-estar-en-retroceso-%e2%9c%88%ef%b8%8f","status":"publish","type":"post","link":"https:\/\/www.aquimicasa.net\/blog\/consumo\/consumidores\/los-derechos-de-los-viajeros-pueden-estar-en-retroceso-%e2%9c%88%ef%b8%8f\/","title":{"rendered":"Los derechos de los viajeros pueden estar en retroceso \u2708\ufe0f"},"content":{"rendered":"<div class=\"fusion-fullwidth fullwidth-box fusion-builder-row-1 fusion-flex-container nonhundred-percent-fullwidth non-hundred-percent-height-scrolling\" style=\"background-color: rgba(255,255,255,0);background-position: center center;background-repeat: no-repeat;border-width: 0px 0px 0px 0px;border-color:#eae9e9;border-style:solid;\" ><div class=\"fusion-builder-row fusion-row fusion-flex-align-items-flex-start\" style=\"max-width:1144px;margin-left: calc(-4% \/ 2 );margin-right: calc(-4% \/ 2 );\"><div class=\"fusion-layout-column fusion_builder_column fusion-builder-column-0 fusion_builder_column_1_1 1_1 fusion-flex-column\"><div class=\"fusion-column-wrapper fusion-flex-justify-content-flex-start fusion-content-layout-column\" style=\"background-position:left top;background-repeat:no-repeat;-webkit-background-size:cover;-moz-background-size:cover;-o-background-size:cover;background-size:cover;padding: 0px 0px 0px 0px;\"><div class=\"fusion-text fusion-text-1\"><h2 data-pm-slice=\"1 1 &#091;&#093;\"><strong>Las asociaciones de consumidores preocupadas<\/strong> \ud83d\ude1f<\/h2>\n<p>El debate sobre la reforma del Reglamento Europeo que protege los <strong>derechos de los pasajeros<\/strong> est\u00e1 encendiendo todas las alarmas entre las organizaciones de consumidores. En pleno proceso de negociaci\u00f3n dentro de la Uni\u00f3n Europea, <strong>la Presidencia polaca est\u00e1 presionando para cerrar un acuerdo antes de junio<\/strong>, y no precisamente para fortalecer estos derechos. Muy al contrario, las asociaciones temen que se imponga una normativa m\u00e1s laxa, que limite considerablemente la protecci\u00f3n de los usuarios frente a las aerol\u00edneas.<\/p>\n<p>Organizaciones como <strong>CECU<\/strong> y <strong>ASUFIN<\/strong>, en coordinaci\u00f3n con el <strong>Consejo Europeo de Consumidores (BEUC)<\/strong>, han solicitado a los ministros espa\u00f1oles implicados que defiendan una postura firme a favor de los pasajeros. Las reclamaciones no son menores: se pretende, por ejemplo, <strong>elevar de 3 a 5 horas el umbral de retraso<\/strong> que da derecho a compensaci\u00f3n, lo que supondr\u00eda eliminar de un plumazo el derecho a ser indemnizado en el 85% de los casos actuales.<\/p>\n<h2><strong>Las aerol\u00edneas muestran tarifas opacas en cuestiones como el equipaje de mano<\/strong> \ud83e\uddf3<\/h2>\n<p>Aunque el <strong>Tribunal de Justicia de la Uni\u00f3n Europea (TJUE)<\/strong> ha dictaminado claramente que <strong>el equipaje de mano debe estar incluido en el precio del billete<\/strong>, muchas aerol\u00edneas siguen cobrando por \u00e9l de forma encubierta. Este tipo de tasas, adem\u00e1s de ser injustas, resultan totalmente opacas, pues el consumidor no las conoce hasta el \u00faltimo paso del proceso de compra.<\/p>\n<p><strong>Cinco aerol\u00edneas han sido ya sancionadas en Espa\u00f1a<\/strong> por aplicar este tipo de cargos desleales. Sin embargo, las pr\u00e1cticas contin\u00faan. Seg\u00fan datos del Ministerio de Derechos Sociales, Consumo y Agenda 2030, <strong>el 86% de los pasajeros considera que deber\u00eda poder llevar una maleta peque\u00f1a y un bolso sin coste adicional<\/strong>, algo que las compa\u00f1\u00edas siguen ignorando pese a las resoluciones judiciales.<\/p>\n<p>Esta situaci\u00f3n pone de manifiesto la <strong>urgente necesidad de establecer normas m\u00e1s claras y mecanismos de control m\u00e1s eficaces<\/strong>, que eviten que los consumidores sigan pagando por servicios que deber\u00edan estar incluidos de forma b\u00e1sica.<\/p>\n<h2><strong>Las plataformas de reservas juegan con el dinero de sus clientes<\/strong> \ud83d\udcb8<\/h2>\n<p>A las malas pr\u00e1cticas de las aerol\u00edneas se suma la <strong>falta de regulaci\u00f3n de las plataformas de reservas en l\u00ednea<\/strong>, como eDreams, Booking o Lastminute. Estas empresas, que se presentan como meras intermediarias, <strong>ocultan comisiones, dificultan los reembolsos y ofrecen un servicio de atenci\u00f3n al cliente pr\u00e1cticamente inexistente<\/strong>.<\/p>\n<p>Cuando un vuelo se cancela o se retrasa, los pasajeros que han reservado a trav\u00e9s de estas plataformas <strong>se ven atrapados en un limbo burocr\u00e1tico<\/strong>, donde ni la aerol\u00ednea ni el portal de reservas se responsabilizan de gestionar el reembolso. El resultado: <strong>decenas de euros perdidos y semanas de espera<\/strong> para resolver una reclamaci\u00f3n que deber\u00eda estar claramente regulada.<\/p>\n<p>Desde BEUC y sus organizaciones asociadas, se exige que estas plataformas <strong>sean sometidas a un marco normativo estricto<\/strong>, que impida este tipo de abusos y garantice los derechos de los consumidores en todo momento.<\/p>\n<h2><strong>Las compa\u00f1\u00edas a\u00e9reas ignoran las normativas<\/strong> \ud83d\udeab<\/h2>\n<p>La falta de cumplimiento por parte de las compa\u00f1\u00edas a\u00e9reas es tan generalizada que <strong>podemos hablar de un problema estructural<\/strong>. Las normas existen, pero <strong>su aplicaci\u00f3n es d\u00e9bil y las sanciones, insuficientes<\/strong>.<\/p>\n<p>Por ejemplo, en caso de cancelaci\u00f3n de un vuelo, <strong>las aerol\u00edneas deber\u00edan ofrecer transporte alternativo inmediato<\/strong>, incluso a trav\u00e9s de otras compa\u00f1\u00edas si fuera necesario. Sin embargo, la propuesta actual que se est\u00e1 negociando plantea <strong>obligar al pasajero a esperar hasta 8 horas antes de buscar una alternativa<\/strong>, lo que en la pr\u00e1ctica deja a los usuarios abandonados a su suerte.<\/p>\n<p>Seg\u00fan los c\u00e1lculos de BEUC, <strong>un pasajero llega a gastar una media de 770 euros en reservas de \u00faltima hora<\/strong>, alojamiento u otros servicios necesarios cuando las aerol\u00edneas no cumplen con sus obligaciones. Este gasto no solo es elevado, sino que supone una penalizaci\u00f3n injusta para quien ya ha sido perjudicado por la cancelaci\u00f3n o el retraso del vuelo.<\/p>\n<p>Adem\u00e1s, <strong>la falta de cooperaci\u00f3n entre las autoridades europeas, la ausencia de medidas disuasorias reales y las sanciones simb\u00f3licas<\/strong> hacen que las aerol\u00edneas act\u00faen con total impunidad. En este sentido, urge <strong>reforzar las competencias de investigaci\u00f3n y sanci\u00f3n<\/strong>, creando una <strong>estructura com\u00fan que coordine y castigue eficazmente las infracciones a nivel europeo<\/strong>.<\/p>\n<h2><strong>No a aligerar sus obligaciones, s\u00ed a mayor control<\/strong> \ud83d\uded1<\/h2>\n<p>La revisi\u00f3n del reglamento europeo no puede ser <strong>una puerta abierta a reducir los derechos de los pasajeros<\/strong>, como parece ser el objetivo actual. Todo lo contrario: en una era en la que los vuelos se han democratizado, es necesario garantizar un m\u00ednimo de <strong>seguridad jur\u00eddica, transparencia y protecci\u00f3n real para los consumidores<\/strong>.<\/p>\n<p><strong>Las asociaciones de consumidores europeas ya han alzado la voz, y Espa\u00f1a tiene una oportunidad \u00fanica para liderar esta defensa.<\/strong> Enviar cartas a los ministros implicados no es solo un gesto simb\u00f3lico, sino una llamada urgente a actuar con responsabilidad y firmeza.<\/p>\n<p>La ciudadan\u00eda no puede permitirse retrocesos en un \u00e1mbito tan fundamental como el derecho a viajar con garant\u00edas. <strong>La opacidad, la falta de atenci\u00f3n al cliente, los retrasos sin compensaci\u00f3n y las tasas injustificadas son solo algunas de las consecuencias de una regulaci\u00f3n laxa<\/strong>.<\/p>\n<p>Por eso, desde Aquimicasa nos sumamos a la demanda de <strong>un mayor control sobre las aerol\u00edneas y las plataformas digitales<\/strong>, y pedimos a nuestros representantes p\u00fablicos que no cedan a las presiones de las grandes corporaciones. Los consumidores <strong>no necesitan menos derechos, sino todo lo contrario: una normativa clara, efectiva y respetada.<\/strong><\/p>\n<p>Porque viajar es un derecho\u2026 \u00a1y defenderlo es una obligaci\u00f3n de todos! \u270a\ud83c\udf0d<\/p>\n<\/div><\/div><style type=\"text\/css\">.fusion-body .fusion-builder-column-0{width:100% !important;margin-top : 0px;margin-bottom : 0px;}.fusion-builder-column-0 > .fusion-column-wrapper {padding-top : 0px !important;padding-right : 0px !important;margin-right : 1.92%;padding-bottom : 0px !important;padding-left : 0px !important;margin-left : 1.92%;}@media only screen and (max-width:1024px) {.fusion-body .fusion-builder-column-0{width:100% !important;}.fusion-builder-column-0 > .fusion-column-wrapper {margin-right : 1.92%;margin-left : 1.92%;}}@media only screen and (max-width:640px) {.fusion-body .fusion-builder-column-0{width:100% !important;}.fusion-builder-column-0 > .fusion-column-wrapper {margin-right : 1.92%;margin-left : 1.92%;}}<\/style><\/div><\/div><style type=\"text\/css\">.fusion-body .fusion-flex-container.fusion-builder-row-1{ padding-top : 0px;margin-top : 0px;padding-right : 0px;padding-bottom : 0px;margin-bottom : 0px;padding-left : 0px;}<\/style><\/div>\n","protected":false},"excerpt":{"rendered":"<p>La revisi\u00f3n del reglamento europeo no puede ser una puerta abierta a reducir los derechos de los pasajeros, como parece ser el objetivo actual. Todo lo contrario: en una era en la que los vuelos se han democratizado, es necesario garantizar un m\u00ednimo de seguridad jur\u00eddica, transparencia y protecci\u00f3n real para los consumidores.<\/p>\n","protected":false},"author":3,"featured_media":51198,"comment_status":"open","ping_status":"closed","sticky":false,"template":"","format":"standard","meta":{"_jetpack_memberships_contains_paid_content":false,"footnotes":"","jetpack_publicize_message":"","jetpack_publicize_feature_enabled":true,"jetpack_social_post_already_shared":true,"jetpack_social_options":{"image_generator_settings":{"template":"highway","default_image_id":0,"font":"","enabled":false},"version":2}},"categories":[7512],"tags":[8224,7568],"class_list":["post-51189","post","type-post","status-publish","format-standard","has-post-thumbnail","hentry","category-consumidores","tag-newsletter-510","tag-noticia-de-portada"],"yoast_head":"<!-- This site is optimized with the Yoast SEO plugin v28.2 - https:\/\/yoast.com\/product\/yoast-seo-wordpress\/ -->\n<title>Los derechos de los viajeros pueden estar en retroceso \u2708\ufe0f<\/title>\n<meta name=\"description\" content=\"La reforma del Reglamento Europeo de los derechos de los pasajeros est\u00e1 encendiendo las alarmas entre las organizaciones de consumidores.\" \/>\n<meta name=\"robots\" content=\"index, follow, max-snippet:-1, max-image-preview:large, max-video-preview:-1\" \/>\n<link rel=\"canonical\" href=\"https:\/\/www.aquimicasa.net\/blog\/consumo\/consumidores\/los-derechos-de-los-viajeros-pueden-estar-en-retroceso-\u2708\ufe0f\/\" \/>\n<meta property=\"og:locale\" content=\"es_ES\" \/>\n<meta property=\"og:type\" content=\"article\" \/>\n<meta property=\"og:title\" content=\"Los derechos de los viajeros pueden estar en retroceso \u2708\ufe0f\" \/>\n<meta property=\"og:description\" content=\"La reforma del Reglamento Europeo de los derechos de los pasajeros est\u00e1 encendiendo las alarmas entre las organizaciones de consumidores.\" \/>\n<meta property=\"og:url\" content=\"https:\/\/www.aquimicasa.net\/blog\/consumo\/consumidores\/los-derechos-de-los-viajeros-pueden-estar-en-retroceso-\u2708\ufe0f\/\" \/>\n<meta property=\"og:site_name\" content=\"Blog de aquimicasa.net\" \/>\n<meta property=\"article:publisher\" content=\"https:\/\/www.facebook.com\/aquimicasa.net\" \/>\n<meta property=\"article:published_time\" content=\"2025-04-21T19:08:20+00:00\" \/>\n<meta property=\"article:modified_time\" content=\"2025-04-23T17:15:07+00:00\" \/>\n<meta property=\"og:image\" content=\"https:\/\/www.aquimicasa.net\/blog\/wp-content\/uploads\/vueling-1.jpg\" \/>\n\t<meta property=\"og:image:width\" content=\"1000\" \/>\n\t<meta property=\"og:image:height\" content=\"665\" \/>\n\t<meta property=\"og:image:type\" content=\"image\/jpeg\" \/>\n<meta name=\"author\" content=\"Eduardo Lizarraga\" \/>\n<meta name=\"twitter:label1\" content=\"Escrito por\" \/>\n\t<meta name=\"twitter:data1\" content=\"Eduardo Lizarraga\" \/>\n\t<meta name=\"twitter:label2\" content=\"Tiempo de lectura\" \/>\n\t<meta name=\"twitter:data2\" content=\"5 minutos\" \/>\n<script type=\"application\/ld+json\" class=\"yoast-schema-graph\">{\"@context\":\"https:\\\/\\\/schema.org\",\"@graph\":[{\"@type\":\"Article\",\"@id\":\"https:\\\/\\\/www.aquimicasa.net\\\/blog\\\/consumo\\\/consumidores\\\/los-derechos-de-los-viajeros-pueden-estar-en-retroceso-%e2%9c%88%ef%b8%8f\\\/#article\",\"isPartOf\":{\"@id\":\"https:\\\/\\\/www.aquimicasa.net\\\/blog\\\/consumo\\\/consumidores\\\/los-derechos-de-los-viajeros-pueden-estar-en-retroceso-%e2%9c%88%ef%b8%8f\\\/\"},\"author\":{\"name\":\"Eduardo Lizarraga\",\"@id\":\"https:\\\/\\\/www.aquimicasa.net\\\/blog\\\/#\\\/schema\\\/person\\\/2cdfa2605534583395c8d7ce1d6cac14\"},\"headline\":\"Los derechos de los viajeros pueden estar en retroceso \u2708\ufe0f\",\"datePublished\":\"2025-04-21T19:08:20+00:00\",\"dateModified\":\"2025-04-23T17:15:07+00:00\",\"mainEntityOfPage\":{\"@id\":\"https:\\\/\\\/www.aquimicasa.net\\\/blog\\\/consumo\\\/consumidores\\\/los-derechos-de-los-viajeros-pueden-estar-en-retroceso-%e2%9c%88%ef%b8%8f\\\/\"},\"wordCount\":1217,\"commentCount\":0,\"publisher\":{\"@id\":\"https:\\\/\\\/www.aquimicasa.net\\\/blog\\\/#organization\"},\"image\":{\"@id\":\"https:\\\/\\\/www.aquimicasa.net\\\/blog\\\/consumo\\\/consumidores\\\/los-derechos-de-los-viajeros-pueden-estar-en-retroceso-%e2%9c%88%ef%b8%8f\\\/#primaryimage\"},\"thumbnailUrl\":\"https:\\\/\\\/www.aquimicasa.net\\\/blog\\\/wp-content\\\/uploads\\\/vueling-1.jpg\",\"keywords\":[\"newsletter 510\",\"noticia de portada\"],\"articleSection\":[\"Consumidores\"],\"inLanguage\":\"es\",\"potentialAction\":[{\"@type\":\"CommentAction\",\"name\":\"Comment\",\"target\":[\"https:\\\/\\\/www.aquimicasa.net\\\/blog\\\/consumo\\\/consumidores\\\/los-derechos-de-los-viajeros-pueden-estar-en-retroceso-%e2%9c%88%ef%b8%8f\\\/#respond\"]}]},{\"@type\":\"WebPage\",\"@id\":\"https:\\\/\\\/www.aquimicasa.net\\\/blog\\\/consumo\\\/consumidores\\\/los-derechos-de-los-viajeros-pueden-estar-en-retroceso-%e2%9c%88%ef%b8%8f\\\/\",\"url\":\"https:\\\/\\\/www.aquimicasa.net\\\/blog\\\/consumo\\\/consumidores\\\/los-derechos-de-los-viajeros-pueden-estar-en-retroceso-%e2%9c%88%ef%b8%8f\\\/\",\"name\":\"Los derechos de los viajeros pueden estar en retroceso \u2708\ufe0f\",\"isPartOf\":{\"@id\":\"https:\\\/\\\/www.aquimicasa.net\\\/blog\\\/#website\"},\"primaryImageOfPage\":{\"@id\":\"https:\\\/\\\/www.aquimicasa.net\\\/blog\\\/consumo\\\/consumidores\\\/los-derechos-de-los-viajeros-pueden-estar-en-retroceso-%e2%9c%88%ef%b8%8f\\\/#primaryimage\"},\"image\":{\"@id\":\"https:\\\/\\\/www.aquimicasa.net\\\/blog\\\/consumo\\\/consumidores\\\/los-derechos-de-los-viajeros-pueden-estar-en-retroceso-%e2%9c%88%ef%b8%8f\\\/#primaryimage\"},\"thumbnailUrl\":\"https:\\\/\\\/www.aquimicasa.net\\\/blog\\\/wp-content\\\/uploads\\\/vueling-1.jpg\",\"datePublished\":\"2025-04-21T19:08:20+00:00\",\"dateModified\":\"2025-04-23T17:15:07+00:00\",\"description\":\"La reforma del Reglamento Europeo de los derechos de los pasajeros est\u00e1 encendiendo las alarmas entre las organizaciones de consumidores.\",\"breadcrumb\":{\"@id\":\"https:\\\/\\\/www.aquimicasa.net\\\/blog\\\/consumo\\\/consumidores\\\/los-derechos-de-los-viajeros-pueden-estar-en-retroceso-%e2%9c%88%ef%b8%8f\\\/#breadcrumb\"},\"inLanguage\":\"es\",\"potentialAction\":[{\"@type\":\"ReadAction\",\"target\":[\"https:\\\/\\\/www.aquimicasa.net\\\/blog\\\/consumo\\\/consumidores\\\/los-derechos-de-los-viajeros-pueden-estar-en-retroceso-%e2%9c%88%ef%b8%8f\\\/\"]}]},{\"@type\":\"ImageObject\",\"inLanguage\":\"es\",\"@id\":\"https:\\\/\\\/www.aquimicasa.net\\\/blog\\\/consumo\\\/consumidores\\\/los-derechos-de-los-viajeros-pueden-estar-en-retroceso-%e2%9c%88%ef%b8%8f\\\/#primaryimage\",\"url\":\"https:\\\/\\\/www.aquimicasa.net\\\/blog\\\/wp-content\\\/uploads\\\/vueling-1.jpg\",\"contentUrl\":\"https:\\\/\\\/www.aquimicasa.net\\\/blog\\\/wp-content\\\/uploads\\\/vueling-1.jpg\",\"width\":1000,\"height\":665,\"caption\":\"La batalla por el cobro del equipaje de mano\"},{\"@type\":\"BreadcrumbList\",\"@id\":\"https:\\\/\\\/www.aquimicasa.net\\\/blog\\\/consumo\\\/consumidores\\\/los-derechos-de-los-viajeros-pueden-estar-en-retroceso-%e2%9c%88%ef%b8%8f\\\/#breadcrumb\",\"itemListElement\":[{\"@type\":\"ListItem\",\"position\":1,\"name\":\"Portada\",\"item\":\"https:\\\/\\\/www.aquimicasa.net\\\/blog\\\/\"},{\"@type\":\"ListItem\",\"position\":2,\"name\":\"Los derechos de los viajeros pueden estar en retroceso \u2708\ufe0f\"}]},{\"@type\":\"WebSite\",\"@id\":\"https:\\\/\\\/www.aquimicasa.net\\\/blog\\\/#website\",\"url\":\"https:\\\/\\\/www.aquimicasa.net\\\/blog\\\/\",\"name\":\"Blog de aquimicasa.net\",\"description\":\"Noticias del Mundo Inmobiliario\",\"publisher\":{\"@id\":\"https:\\\/\\\/www.aquimicasa.net\\\/blog\\\/#organization\"},\"potentialAction\":[{\"@type\":\"SearchAction\",\"target\":{\"@type\":\"EntryPoint\",\"urlTemplate\":\"https:\\\/\\\/www.aquimicasa.net\\\/blog\\\/?s={search_term_string}\"},\"query-input\":{\"@type\":\"PropertyValueSpecification\",\"valueRequired\":true,\"valueName\":\"search_term_string\"}}],\"inLanguage\":\"es\"},{\"@type\":\"Organization\",\"@id\":\"https:\\\/\\\/www.aquimicasa.net\\\/blog\\\/#organization\",\"name\":\"Blog de aquimicasa.net\",\"url\":\"https:\\\/\\\/www.aquimicasa.net\\\/blog\\\/\",\"logo\":{\"@type\":\"ImageObject\",\"inLanguage\":\"es\",\"@id\":\"https:\\\/\\\/www.aquimicasa.net\\\/blog\\\/#\\\/schema\\\/logo\\\/image\\\/\",\"url\":\"https:\\\/\\\/www.aquimicasa.net\\\/blog\\\/wp-content\\\/uploads\\\/Logo-aquimicasa-1-e1528048213782.png\",\"contentUrl\":\"https:\\\/\\\/www.aquimicasa.net\\\/blog\\\/wp-content\\\/uploads\\\/Logo-aquimicasa-1-e1528048213782.png\",\"width\":225,\"height\":225,\"caption\":\"Blog de aquimicasa.net\"},\"image\":{\"@id\":\"https:\\\/\\\/www.aquimicasa.net\\\/blog\\\/#\\\/schema\\\/logo\\\/image\\\/\"},\"sameAs\":[\"https:\\\/\\\/www.facebook.com\\\/aquimicasa.net\",\"https:\\\/\\\/www.instagram.com\\\/\",\"https:\\\/\\\/x.com\\\/EduLizarragaD\",\"https:\\\/\\\/www.linkedin.com\\\/feed\\\/\"]},{\"@type\":\"Person\",\"@id\":\"https:\\\/\\\/www.aquimicasa.net\\\/blog\\\/#\\\/schema\\\/person\\\/2cdfa2605534583395c8d7ce1d6cac14\",\"name\":\"Eduardo Lizarraga\",\"image\":{\"@type\":\"ImageObject\",\"inLanguage\":\"es\",\"@id\":\"https:\\\/\\\/secure.gravatar.com\\\/avatar\\\/bdabe1eeeed97b65a9cb7de2edd624b07995f7e13abc5fead15961f745f908cc?s=96&d=mm&r=g\",\"url\":\"https:\\\/\\\/secure.gravatar.com\\\/avatar\\\/bdabe1eeeed97b65a9cb7de2edd624b07995f7e13abc5fead15961f745f908cc?s=96&d=mm&r=g\",\"contentUrl\":\"https:\\\/\\\/secure.gravatar.com\\\/avatar\\\/bdabe1eeeed97b65a9cb7de2edd624b07995f7e13abc5fead15961f745f908cc?s=96&d=mm&r=g\",\"caption\":\"Eduardo Lizarraga\"},\"description\":\"Periodista Econ\u00f3mico. Ha trabajado en diversos campos de la informaci\u00f3n. Corresponsal en conflictos, analista pol\u00edtico en Congreso y Senado, periodista del medio ambiente, editor, director editorial, director de comunicaci\u00f3n.... En estos momentos se ha especializado en el sector inmobiliario. Pero tambi\u00e9n es navegante y viajero, preocupado por la pobreza, el medio ambiente y por las actuaciones descontroladas del neoliberalismo empresarial y pol\u00edtico en todo el mundo. Los desahucios, la pobreza infantil y la falta de acceso a los suministros b\u00e1sicos son algunos de los grandes dramas de nuestra sociedad y que es preciso solucionar para hacerla m\u00e1s justa. CEO en www.aquimicasa.net\",\"sameAs\":[\"https:\\\/\\\/www.aquimicasa.net\\\/\"],\"url\":\"https:\\\/\\\/www.aquimicasa.net\\\/blog\\\/author\\\/eduardo\\\/\"}]}<\/script>\n<!-- \/ Yoast SEO plugin. -->","yoast_head_json":{"title":"Los derechos de los viajeros pueden estar en retroceso \u2708\ufe0f","description":"La reforma del Reglamento Europeo de los derechos de los pasajeros est\u00e1 encendiendo las alarmas entre las organizaciones de consumidores.","robots":{"index":"index","follow":"follow","max-snippet":"max-snippet:-1","max-image-preview":"max-image-preview:large","max-video-preview":"max-video-preview:-1"},"canonical":"https:\/\/www.aquimicasa.net\/blog\/consumo\/consumidores\/los-derechos-de-los-viajeros-pueden-estar-en-retroceso-\u2708\ufe0f\/","og_locale":"es_ES","og_type":"article","og_title":"Los derechos de los viajeros pueden estar en retroceso \u2708\ufe0f","og_description":"La reforma del Reglamento Europeo de los derechos de los pasajeros est\u00e1 encendiendo las alarmas entre las organizaciones de consumidores.","og_url":"https:\/\/www.aquimicasa.net\/blog\/consumo\/consumidores\/los-derechos-de-los-viajeros-pueden-estar-en-retroceso-\u2708\ufe0f\/","og_site_name":"Blog de aquimicasa.net","article_publisher":"https:\/\/www.facebook.com\/aquimicasa.net","article_published_time":"2025-04-21T19:08:20+00:00","article_modified_time":"2025-04-23T17:15:07+00:00","og_image":[{"width":1000,"height":665,"url":"https:\/\/www.aquimicasa.net\/blog\/wp-content\/uploads\/vueling-1.jpg","type":"image\/jpeg"}],"author":"Eduardo Lizarraga","twitter_misc":{"Escrito por":"Eduardo Lizarraga","Tiempo de lectura":"5 minutos"},"schema":{"@context":"https:\/\/schema.org","@graph":[{"@type":"Article","@id":"https:\/\/www.aquimicasa.net\/blog\/consumo\/consumidores\/los-derechos-de-los-viajeros-pueden-estar-en-retroceso-%e2%9c%88%ef%b8%8f\/#article","isPartOf":{"@id":"https:\/\/www.aquimicasa.net\/blog\/consumo\/consumidores\/los-derechos-de-los-viajeros-pueden-estar-en-retroceso-%e2%9c%88%ef%b8%8f\/"},"author":{"name":"Eduardo Lizarraga","@id":"https:\/\/www.aquimicasa.net\/blog\/#\/schema\/person\/2cdfa2605534583395c8d7ce1d6cac14"},"headline":"Los derechos de los viajeros pueden estar en retroceso \u2708\ufe0f","datePublished":"2025-04-21T19:08:20+00:00","dateModified":"2025-04-23T17:15:07+00:00","mainEntityOfPage":{"@id":"https:\/\/www.aquimicasa.net\/blog\/consumo\/consumidores\/los-derechos-de-los-viajeros-pueden-estar-en-retroceso-%e2%9c%88%ef%b8%8f\/"},"wordCount":1217,"commentCount":0,"publisher":{"@id":"https:\/\/www.aquimicasa.net\/blog\/#organization"},"image":{"@id":"https:\/\/www.aquimicasa.net\/blog\/consumo\/consumidores\/los-derechos-de-los-viajeros-pueden-estar-en-retroceso-%e2%9c%88%ef%b8%8f\/#primaryimage"},"thumbnailUrl":"https:\/\/www.aquimicasa.net\/blog\/wp-content\/uploads\/vueling-1.jpg","keywords":["newsletter 510","noticia de portada"],"articleSection":["Consumidores"],"inLanguage":"es","potentialAction":[{"@type":"CommentAction","name":"Comment","target":["https:\/\/www.aquimicasa.net\/blog\/consumo\/consumidores\/los-derechos-de-los-viajeros-pueden-estar-en-retroceso-%e2%9c%88%ef%b8%8f\/#respond"]}]},{"@type":"WebPage","@id":"https:\/\/www.aquimicasa.net\/blog\/consumo\/consumidores\/los-derechos-de-los-viajeros-pueden-estar-en-retroceso-%e2%9c%88%ef%b8%8f\/","url":"https:\/\/www.aquimicasa.net\/blog\/consumo\/consumidores\/los-derechos-de-los-viajeros-pueden-estar-en-retroceso-%e2%9c%88%ef%b8%8f\/","name":"Los derechos de los viajeros pueden estar en retroceso \u2708\ufe0f","isPartOf":{"@id":"https:\/\/www.aquimicasa.net\/blog\/#website"},"primaryImageOfPage":{"@id":"https:\/\/www.aquimicasa.net\/blog\/consumo\/consumidores\/los-derechos-de-los-viajeros-pueden-estar-en-retroceso-%e2%9c%88%ef%b8%8f\/#primaryimage"},"image":{"@id":"https:\/\/www.aquimicasa.net\/blog\/consumo\/consumidores\/los-derechos-de-los-viajeros-pueden-estar-en-retroceso-%e2%9c%88%ef%b8%8f\/#primaryimage"},"thumbnailUrl":"https:\/\/www.aquimicasa.net\/blog\/wp-content\/uploads\/vueling-1.jpg","datePublished":"2025-04-21T19:08:20+00:00","dateModified":"2025-04-23T17:15:07+00:00","description":"La reforma del Reglamento Europeo de los derechos de los pasajeros est\u00e1 encendiendo las alarmas entre las organizaciones de consumidores.","breadcrumb":{"@id":"https:\/\/www.aquimicasa.net\/blog\/consumo\/consumidores\/los-derechos-de-los-viajeros-pueden-estar-en-retroceso-%e2%9c%88%ef%b8%8f\/#breadcrumb"},"inLanguage":"es","potentialAction":[{"@type":"ReadAction","target":["https:\/\/www.aquimicasa.net\/blog\/consumo\/consumidores\/los-derechos-de-los-viajeros-pueden-estar-en-retroceso-%e2%9c%88%ef%b8%8f\/"]}]},{"@type":"ImageObject","inLanguage":"es","@id":"https:\/\/www.aquimicasa.net\/blog\/consumo\/consumidores\/los-derechos-de-los-viajeros-pueden-estar-en-retroceso-%e2%9c%88%ef%b8%8f\/#primaryimage","url":"https:\/\/www.aquimicasa.net\/blog\/wp-content\/uploads\/vueling-1.jpg","contentUrl":"https:\/\/www.aquimicasa.net\/blog\/wp-content\/uploads\/vueling-1.jpg","width":1000,"height":665,"caption":"La batalla por el cobro del equipaje de mano"},{"@type":"BreadcrumbList","@id":"https:\/\/www.aquimicasa.net\/blog\/consumo\/consumidores\/los-derechos-de-los-viajeros-pueden-estar-en-retroceso-%e2%9c%88%ef%b8%8f\/#breadcrumb","itemListElement":[{"@type":"ListItem","position":1,"name":"Portada","item":"https:\/\/www.aquimicasa.net\/blog\/"},{"@type":"ListItem","position":2,"name":"Los derechos de los viajeros pueden estar en retroceso \u2708\ufe0f"}]},{"@type":"WebSite","@id":"https:\/\/www.aquimicasa.net\/blog\/#website","url":"https:\/\/www.aquimicasa.net\/blog\/","name":"Blog de aquimicasa.net","description":"Noticias del Mundo Inmobiliario","publisher":{"@id":"https:\/\/www.aquimicasa.net\/blog\/#organization"},"potentialAction":[{"@type":"SearchAction","target":{"@type":"EntryPoint","urlTemplate":"https:\/\/www.aquimicasa.net\/blog\/?s={search_term_string}"},"query-input":{"@type":"PropertyValueSpecification","valueRequired":true,"valueName":"search_term_string"}}],"inLanguage":"es"},{"@type":"Organization","@id":"https:\/\/www.aquimicasa.net\/blog\/#organization","name":"Blog de aquimicasa.net","url":"https:\/\/www.aquimicasa.net\/blog\/","logo":{"@type":"ImageObject","inLanguage":"es","@id":"https:\/\/www.aquimicasa.net\/blog\/#\/schema\/logo\/image\/","url":"https:\/\/www.aquimicasa.net\/blog\/wp-content\/uploads\/Logo-aquimicasa-1-e1528048213782.png","contentUrl":"https:\/\/www.aquimicasa.net\/blog\/wp-content\/uploads\/Logo-aquimicasa-1-e1528048213782.png","width":225,"height":225,"caption":"Blog de aquimicasa.net"},"image":{"@id":"https:\/\/www.aquimicasa.net\/blog\/#\/schema\/logo\/image\/"},"sameAs":["https:\/\/www.facebook.com\/aquimicasa.net","https:\/\/www.instagram.com\/","https:\/\/x.com\/EduLizarragaD","https:\/\/www.linkedin.com\/feed\/"]},{"@type":"Person","@id":"https:\/\/www.aquimicasa.net\/blog\/#\/schema\/person\/2cdfa2605534583395c8d7ce1d6cac14","name":"Eduardo Lizarraga","image":{"@type":"ImageObject","inLanguage":"es","@id":"https:\/\/secure.gravatar.com\/avatar\/bdabe1eeeed97b65a9cb7de2edd624b07995f7e13abc5fead15961f745f908cc?s=96&d=mm&r=g","url":"https:\/\/secure.gravatar.com\/avatar\/bdabe1eeeed97b65a9cb7de2edd624b07995f7e13abc5fead15961f745f908cc?s=96&d=mm&r=g","contentUrl":"https:\/\/secure.gravatar.com\/avatar\/bdabe1eeeed97b65a9cb7de2edd624b07995f7e13abc5fead15961f745f908cc?s=96&d=mm&r=g","caption":"Eduardo Lizarraga"},"description":"Periodista Econ\u00f3mico. Ha trabajado en diversos campos de la informaci\u00f3n. Corresponsal en conflictos, analista pol\u00edtico en Congreso y Senado, periodista del medio ambiente, editor, director editorial, director de comunicaci\u00f3n.... En estos momentos se ha especializado en el sector inmobiliario. Pero tambi\u00e9n es navegante y viajero, preocupado por la pobreza, el medio ambiente y por las actuaciones descontroladas del neoliberalismo empresarial y pol\u00edtico en todo el mundo. Los desahucios, la pobreza infantil y la falta de acceso a los suministros b\u00e1sicos son algunos de los grandes dramas de nuestra sociedad y que es preciso solucionar para hacerla m\u00e1s justa. CEO en www.aquimicasa.net","sameAs":["https:\/\/www.aquimicasa.net\/"],"url":"https:\/\/www.aquimicasa.net\/blog\/author\/eduardo\/"}]}},"jetpack_publicize_connections":[],"jetpack_featured_media_url":"https:\/\/www.aquimicasa.net\/blog\/wp-content\/uploads\/vueling-1.jpg","jetpack_sharing_enabled":true,"jetpack_likes_enabled":true,"_links":{"self":[{"href":"https:\/\/www.aquimicasa.net\/blog\/wp-json\/wp\/v2\/posts\/51189","targetHints":{"allow":["GET"]}}],"collection":[{"href":"https:\/\/www.aquimicasa.net\/blog\/wp-json\/wp\/v2\/posts"}],"about":[{"href":"https:\/\/www.aquimicasa.net\/blog\/wp-json\/wp\/v2\/types\/post"}],"author":[{"embeddable":true,"href":"https:\/\/www.aquimicasa.net\/blog\/wp-json\/wp\/v2\/users\/3"}],"replies":[{"embeddable":true,"href":"https:\/\/www.aquimicasa.net\/blog\/wp-json\/wp\/v2\/comments?post=51189"}],"version-history":[{"count":2,"href":"https:\/\/www.aquimicasa.net\/blog\/wp-json\/wp\/v2\/posts\/51189\/revisions"}],"predecessor-version":[{"id":51197,"href":"https:\/\/www.aquimicasa.net\/blog\/wp-json\/wp\/v2\/posts\/51189\/revisions\/51197"}],"wp:featuredmedia":[{"embeddable":true,"href":"https:\/\/www.aquimicasa.net\/blog\/wp-json\/wp\/v2\/media\/51198"}],"wp:attachment":[{"href":"https:\/\/www.aquimicasa.net\/blog\/wp-json\/wp\/v2\/media?parent=51189"}],"wp:term":[{"taxonomy":"category","embeddable":true,"href":"https:\/\/www.aquimicasa.net\/blog\/wp-json\/wp\/v2\/categories?post=51189"},{"taxonomy":"post_tag","embeddable":true,"href":"https:\/\/www.aquimicasa.net\/blog\/wp-json\/wp\/v2\/tags?post=51189"}],"curies":[{"name":"wp","href":"https:\/\/api.w.org\/{rel}","templated":true}]}}