{"id":51205,"date":"2025-04-23T19:44:29","date_gmt":"2025-04-23T17:44:29","guid":{"rendered":"https:\/\/www.aquimicasa.net\/blog\/?p=51205"},"modified":"2025-04-23T19:44:29","modified_gmt":"2025-04-23T17:44:29","slug":"%f0%9f%8f%98%ef%b8%8f-el-govern-cierra-la-adquisicion-de-743-viviendas-a-cerberus","status":"publish","type":"post","link":"https:\/\/www.aquimicasa.net\/blog\/vivienda\/compraventa-de-viviendas\/%f0%9f%8f%98%ef%b8%8f-el-govern-cierra-la-adquisicion-de-743-viviendas-a-cerberus\/","title":{"rendered":"\ud83c\udfd8\ufe0f El Govern cierra la adquisici\u00f3n de 743 viviendas a Cerberus"},"content":{"rendered":"<div class=\"fusion-fullwidth fullwidth-box fusion-builder-row-1 fusion-flex-container nonhundred-percent-fullwidth non-hundred-percent-height-scrolling\" style=\"background-color: rgba(255,255,255,0);background-position: center center;background-repeat: no-repeat;border-width: 0px 0px 0px 0px;border-color:#eae9e9;border-style:solid;\" ><div class=\"fusion-builder-row fusion-row fusion-flex-align-items-flex-start\" style=\"max-width:1144px;margin-left: calc(-4% \/ 2 );margin-right: calc(-4% \/ 2 );\"><div class=\"fusion-layout-column fusion_builder_column fusion-builder-column-0 fusion_builder_column_1_1 1_1 fusion-flex-column\"><div class=\"fusion-column-wrapper fusion-flex-justify-content-flex-start fusion-content-layout-column\" style=\"background-position:left top;background-repeat:no-repeat;-webkit-background-size:cover;-moz-background-size:cover;-o-background-size:cover;background-size:cover;padding: 0px 0px 0px 0px;\"><div class=\"fusion-text fusion-text-1\"><p>El Govern de la Generalitat de Catalunya ha cerrado una operaci\u00f3n hist\u00f3rica para el mercado de la vivienda: la adquisici\u00f3n de <strong>743 pisos al fondo estadounidense Cerberus<\/strong>, a trav\u00e9s de su sociedad inmobiliaria Divarian. Con una inversi\u00f3n p\u00fablica de <strong>71 millones de euros<\/strong>, se trata de la mayor compra hasta la fecha realizada por el Ejecutivo catal\u00e1n mediante el <strong>derecho de tanteo y retracto<\/strong>, una herramienta legal pensada para que las administraciones p\u00fablicas puedan intervenir en el mercado inmobiliario y proteger el derecho a la vivienda.<\/p>\n<p>M\u00e1s all\u00e1 de los n\u00fameros, esta operaci\u00f3n tiene una enorme carga simb\u00f3lica y pol\u00edtica: <strong>Catalu\u00f1a planta cara a los fondos buitre y prioriza el derecho a una vivienda digna<\/strong> frente al beneficio especulativo. \u00bfSer\u00e1 este el principio del fin para los grandes fondos en el mercado catal\u00e1n? \ud83e\udd14<\/p>\n<h2>\ud83d\udecf\ufe0f <strong>La compra supondr\u00e1 la estabilidad para centenares de familias<\/strong><\/h2>\n<p>No estamos hablando de viviendas vac\u00edas ni de simples activos financieros. <strong>Estos 743 pisos est\u00e1n habitados por personas<\/strong>, muchas de ellas en situaci\u00f3n de vulnerabilidad, que ya han sido v\u00edctimas de desahucios y que en muchas ocasiones son sus antigus propietarios. Gracias al programa <strong>Reallotgem<\/strong>, impulsado por la Generalitat, pudieron permanecer en sus hogares con un alquiler social subvencionado por el Govern.<\/p>\n<p>Con esta adquisici\u00f3n, se garantiza la <strong>estabilidad residencial para todas estas familias<\/strong>, que podr\u00e1n seguir en sus viviendas, pagando un alquiler ajustado a sus ingresos y sin el miedo constante al desalojo. Como explic\u00f3 la consellera de Territori i Habitatge, <strong>S\u00edlvia Paneque<\/strong>, se cumple un triple objetivo:<\/p>\n<ul data-spread=\"false\">\n<li>Se ampl\u00eda el parque p\u00fablico de vivienda.<\/li>\n<li>Se protege a familias vulnerables.<\/li>\n<li>Se ahorran millones en subvenciones privadas, que ahora se integran en el sistema p\u00fablico. \u2705<\/li>\n<\/ul>\n<h2>\ud83c\udfda\ufe0f<strong> Proceden de desahucios y est\u00e1n habitadas por sus antiguos propietarios<\/strong><\/h2>\n<p>La historia de estas viviendas es la historia reciente del estallido de la burbuja inmobiliaria y sus consecuencias sociales. <strong>Proceden de ejecuciones hipotecarias<\/strong>, tras la crisis financiera de 2008. En su momento fueron adquiridas por Divarian, una sociedad conjunta entre el BBVA y Cerberus, creada para gestionar activos t\u00f3xicos.<\/p>\n<p>Muchas de las familias que ahora las habitan <strong>fueron desahuciadas por no poder hacer frente a las hipotecas<\/strong>. Sin embargo, gracias al programa Reallotgem, han podido regresar o mantenerse en sus casas.<\/p>\n<p>Ahora, con la compra por parte del Govern, esos pisos <strong>dejan de ser mercanc\u00eda en manos de un fondo buitre<\/strong> y se convierten en parte del parque p\u00fablico. Un giro necesario y ejemplar. \ud83d\ude4c<\/p>\n<h2>\u2696\ufe0f<strong> La acci\u00f3n se ha realizado por tanteo y retracto<\/strong><\/h2>\n<p>La operaci\u00f3n ha sido posible gracias al <strong>ejercicio del derecho de tanteo y retracto<\/strong>, que obliga a los grandes tenedores a ofrecer sus inmuebles a la administraci\u00f3n antes de venderlos en el mercado libre.<\/p>\n<p>Esta herramienta, poco conocida fuera del \u00e1mbito jur\u00eddico, se ha demostrado eficaz para <strong>evitar la especulaci\u00f3n con viviendas ocupadas o destinadas al alquiler social<\/strong>. El Govern ha actuado con rapidez: seg\u00fan Paneque, fue necesario <strong>articular los 72 millones de euros en cuesti\u00f3n de d\u00edas<\/strong>.<\/p>\n<p>La acci\u00f3n se enmarca en un plan m\u00e1s ambicioso: <strong>incorporar 50.000 viviendas al parque p\u00fablico de aqu\u00ed a 2030<\/strong>, mediante compra directa y nueva promoci\u00f3n. Una estrategia que busca frenar el desarraigo y la expulsi\u00f3n de residentes por presi\u00f3n inmobiliaria.<\/p>\n<h2>\ud83d\udcbc <strong>Las medidas del Govern por el alquiler social no gustan a los fondos de inversi\u00f3n que huyen de Catalu\u00f1a<\/strong><\/h2>\n<p>Y aqu\u00ed est\u00e1 la clave del conflicto: <strong>la intervenci\u00f3n p\u00fablica en el mercado del alquiler y la protecci\u00f3n del derecho a la vivienda est\u00e1n ahuyentando a los grandes fondos de inversi\u00f3n<\/strong>. \u00bfLa raz\u00f3n? La p\u00e9rdida de rentabilidad y la creciente inseguridad jur\u00eddica que perciben ante las medidas adoptadas por la Generalitat.<\/p>\n<p>Fondos como <strong>Blackstone, Cerberus, APG o Aware<\/strong>, a trav\u00e9s de sus socimis, han iniciado procesos de venta de sus carteras de viviendas en Catalu\u00f1a. Algunos lo hacen piso a piso; otros, como Cerberus, venden paquetes completos. Catalu\u00f1a ya <strong>no es negocio para los fondos buitre<\/strong>, y eso es una buena noticia para el acceso a la vivienda. \ud83d\udeaa<\/p>\n<p>Un directivo de uno de estos fondos afirmaba recientemente que \u00abqueriendo arreglar las cosas, las empeoran\u00bb. Una declaraci\u00f3n que revela mucho sobre la mentalidad con la que han operado estos fondos en Espa\u00f1a.<\/p>\n<h2>\ud83c\udf0d <strong>Las viviendas se encuentran diseminadas por Catalu\u00f1a<\/strong><\/h2>\n<p>Los 743 pisos adquiridos no se concentran en un solo n\u00facleo urbano, sino que est\u00e1n <strong>repartidos en un centenar de municipios<\/strong>.<\/p>\n<ul data-spread=\"false\">\n<li><strong>\u00c1rea metropolitana de Barcelona<\/strong>: 487 viviendas.<\/li>\n<li><strong>Lleida<\/strong>: 59.<\/li>\n<li><strong>Camp de Tarragona<\/strong>: 55.<\/li>\n<li><strong>Girona<\/strong>: 54.<\/li>\n<li><strong>Catalunya Central<\/strong>: 43.<\/li>\n<\/ul>\n<p>Esta distribuci\u00f3n permite que la intervenci\u00f3n tenga un <strong>impacto territorial amplio<\/strong>, reforzando la presencia p\u00fablica en zonas con fuerte presi\u00f3n residencial y donde el alquiler se ha convertido en un lujo inalcanzable.<\/p>\n<p>Adem\u00e1s, el Govern ya ha adquirido recientemente 452 pisos a InmoCaixa y planea convocatorias para destinar suelo a vivienda asequible. El objetivo es claro: <strong>transformar el modelo de acceso a la vivienda<\/strong>.<\/p>\n<h2>\ud83d\udd1a <strong>Catalu\u00f1a ya no es rentable para los fondos buitre\u2026\u00a0<\/strong><\/h2>\n<p>La decisi\u00f3n del Govern marca un antes y un despu\u00e9s en la pol\u00edtica de vivienda. Catalu\u00f1a se est\u00e1 consolidando como <strong>territorio poco atractivo para la especulaci\u00f3n inmobiliaria<\/strong>, y eso, aunque inc\u00f3modo para los grandes tenedores, <strong>es un triunfo para la ciudadan\u00eda<\/strong>.<\/p>\n<p>Ahora cabe preguntarse: si Catalu\u00f1a deja de ser terreno abonado para los fondos, <strong>\u00bfhacia d\u00f3nde se mover\u00e1n?<\/strong> Todo apunta a que <strong>Madrid<\/strong> ser\u00e1 el siguiente objetivo, como ya anticipan algunos movimientos en el mercado.<\/p>\n<p>La Comunidad de Madrid ha optado por pol\u00edticas contrarias a las catalanas: liberalizaci\u00f3n del suelo, falta de regulaci\u00f3n en el alquiler y escasa intervenci\u00f3n p\u00fablica. Un caldo de cultivo perfecto para que los fondos buitre <strong>se reorganicen y vuelvan a hacer negocio con la vivienda<\/strong>. \ud83c\udfe6<\/p>\n<h2>\ud83d\udce2 <strong>Conclusi\u00f3n: un cambio de paradigma necesario<\/strong><\/h2>\n<p>La compra de estos 743 pisos no es solo una operaci\u00f3n inmobiliaria. Es una declaraci\u00f3n pol\u00edtica, un ejemplo de c\u00f3mo <strong>una administraci\u00f3n valiente puede plantar cara al poder financiero en defensa del bien com\u00fan<\/strong>.<\/p>\n<p>El derecho a la vivienda digna est\u00e1 recogido en la Constituci\u00f3n, pero durante a\u00f1os ha sido ignorado en favor del libre mercado. Esta operaci\u00f3n del Govern catal\u00e1n demuestra que <strong>es posible otra manera de gestionar el territorio y el acceso a la vivienda<\/strong>.<\/p>\n<p>La ciudadan\u00eda necesita m\u00e1s acciones como esta. Necesitamos menos fondos buitre y m\u00e1s viviendas p\u00fablicas. Necesitamos un cambio de paradigma. Y, por una vez, parece que ese cambio empieza aqu\u00ed. \ud83d\udcaa\ud83c\udffd<\/p>\n<hr \/>\n<\/div><\/div><style type=\"text\/css\">.fusion-body .fusion-builder-column-0{width:100% !important;margin-top : 0px;margin-bottom : 0px;}.fusion-builder-column-0 > .fusion-column-wrapper {padding-top : 0px !important;padding-right : 0px !important;margin-right : 1.92%;padding-bottom : 0px !important;padding-left : 0px !important;margin-left : 1.92%;}@media only screen and (max-width:1024px) {.fusion-body .fusion-builder-column-0{width:100% !important;}.fusion-builder-column-0 > .fusion-column-wrapper {margin-right : 1.92%;margin-left : 1.92%;}}@media only screen and (max-width:640px) {.fusion-body .fusion-builder-column-0{width:100% !important;}.fusion-builder-column-0 > .fusion-column-wrapper {margin-right : 1.92%;margin-left : 1.92%;}}<\/style><\/div><\/div><style type=\"text\/css\">.fusion-body .fusion-flex-container.fusion-builder-row-1{ padding-top : 0px;margin-top : 0px;padding-right : 0px;padding-bottom : 0px;margin-bottom : 0px;padding-left : 0px;}<\/style><\/div>\n","protected":false},"excerpt":{"rendered":"<p>La historia de estas viviendas es la historia reciente del estallido de la burbuja inmobiliaria y sus consecuencias sociales. Proceden de ejecuciones hipotecarias, tras la crisis financiera de 2008. En su momento fueron adquiridas por Divarian, una sociedad conjunta entre el BBVA y Cerberus, creada para gestionar activos t\u00f3xicos.<\/p>\n","protected":false},"author":3,"featured_media":51227,"comment_status":"open","ping_status":"closed","sticky":false,"template":"","format":"standard","meta":{"_jetpack_memberships_contains_paid_content":false,"footnotes":"","jetpack_publicize_message":"","jetpack_publicize_feature_enabled":true,"jetpack_social_post_already_shared":true,"jetpack_social_options":{"image_generator_settings":{"template":"highway","default_image_id":0,"font":"","enabled":false},"version":2}},"categories":[100],"tags":[8224],"class_list":["post-51205","post","type-post","status-publish","format-standard","has-post-thumbnail","hentry","category-compraventa-de-viviendas","tag-newsletter-510"],"yoast_head":"<!-- This site is optimized with the Yoast SEO plugin v27.5 - https:\/\/yoast.com\/product\/yoast-seo-wordpress\/ -->\n<title>El Govern adquiere 743 pisos a Cerberus para alquiler social<\/title>\n<meta name=\"description\" content=\"La compra ha sido posible gracias al ejercicio del derecho de tanteo y retracto, que obliga a ofrecer sus inmuebles a la administraci\u00f3n\" \/>\n<meta name=\"robots\" content=\"index, follow, max-snippet:-1, max-image-preview:large, max-video-preview:-1\" \/>\n<link rel=\"canonical\" href=\"https:\/\/www.aquimicasa.net\/blog\/vivienda\/compraventa-de-viviendas\/\ud83c\udfd8\ufe0f-el-govern-cierra-la-adquisicion-de-743-viviendas-a-cerberus\/\" \/>\n<meta property=\"og:locale\" content=\"es_ES\" \/>\n<meta property=\"og:type\" content=\"article\" \/>\n<meta property=\"og:title\" content=\"El Govern adquiere 743 pisos a Cerberus para alquiler social\" \/>\n<meta property=\"og:description\" content=\"La compra ha sido posible gracias al ejercicio del derecho de tanteo y retracto, que obliga a ofrecer sus inmuebles a la administraci\u00f3n\" \/>\n<meta property=\"og:url\" content=\"https:\/\/www.aquimicasa.net\/blog\/vivienda\/compraventa-de-viviendas\/\ud83c\udfd8\ufe0f-el-govern-cierra-la-adquisicion-de-743-viviendas-a-cerberus\/\" \/>\n<meta property=\"og:site_name\" content=\"Blog de aquimicasa.net\" \/>\n<meta property=\"article:publisher\" content=\"https:\/\/www.facebook.com\/aquimicasa.net\" \/>\n<meta property=\"article:published_time\" content=\"2025-04-23T17:44:29+00:00\" \/>\n<meta property=\"og:image\" content=\"https:\/\/www.aquimicasa.net\/blog\/wp-content\/uploads\/generalitat001-1-e1745430260317.jpg\" \/>\n\t<meta property=\"og:image:width\" content=\"500\" \/>\n\t<meta property=\"og:image:height\" content=\"328\" \/>\n\t<meta property=\"og:image:type\" content=\"image\/jpeg\" \/>\n<meta name=\"author\" content=\"Eduardo Lizarraga\" \/>\n<meta name=\"twitter:label1\" content=\"Escrito por\" \/>\n\t<meta name=\"twitter:data1\" content=\"Eduardo Lizarraga\" \/>\n\t<meta name=\"twitter:label2\" content=\"Tiempo de lectura\" \/>\n\t<meta name=\"twitter:data2\" content=\"7 minutos\" \/>\n<script type=\"application\/ld+json\" class=\"yoast-schema-graph\">{\"@context\":\"https:\\\/\\\/schema.org\",\"@graph\":[{\"@type\":\"Article\",\"@id\":\"https:\\\/\\\/www.aquimicasa.net\\\/blog\\\/vivienda\\\/compraventa-de-viviendas\\\/%f0%9f%8f%98%ef%b8%8f-el-govern-cierra-la-adquisicion-de-743-viviendas-a-cerberus\\\/#article\",\"isPartOf\":{\"@id\":\"https:\\\/\\\/www.aquimicasa.net\\\/blog\\\/vivienda\\\/compraventa-de-viviendas\\\/%f0%9f%8f%98%ef%b8%8f-el-govern-cierra-la-adquisicion-de-743-viviendas-a-cerberus\\\/\"},\"author\":{\"name\":\"Eduardo Lizarraga\",\"@id\":\"https:\\\/\\\/www.aquimicasa.net\\\/blog\\\/#\\\/schema\\\/person\\\/2cdfa2605534583395c8d7ce1d6cac14\"},\"headline\":\"\ud83c\udfd8\ufe0f El Govern cierra la adquisici\u00f3n de 743 viviendas a Cerberus\",\"datePublished\":\"2025-04-23T17:44:29+00:00\",\"mainEntityOfPage\":{\"@id\":\"https:\\\/\\\/www.aquimicasa.net\\\/blog\\\/vivienda\\\/compraventa-de-viviendas\\\/%f0%9f%8f%98%ef%b8%8f-el-govern-cierra-la-adquisicion-de-743-viviendas-a-cerberus\\\/\"},\"wordCount\":1370,\"commentCount\":0,\"publisher\":{\"@id\":\"https:\\\/\\\/www.aquimicasa.net\\\/blog\\\/#organization\"},\"image\":{\"@id\":\"https:\\\/\\\/www.aquimicasa.net\\\/blog\\\/vivienda\\\/compraventa-de-viviendas\\\/%f0%9f%8f%98%ef%b8%8f-el-govern-cierra-la-adquisicion-de-743-viviendas-a-cerberus\\\/#primaryimage\"},\"thumbnailUrl\":\"https:\\\/\\\/www.aquimicasa.net\\\/blog\\\/wp-content\\\/uploads\\\/generalitat001-1-e1745430260317.jpg\",\"keywords\":[\"newsletter 510\"],\"articleSection\":[\"Compra Venta\"],\"inLanguage\":\"es\",\"potentialAction\":[{\"@type\":\"CommentAction\",\"name\":\"Comment\",\"target\":[\"https:\\\/\\\/www.aquimicasa.net\\\/blog\\\/vivienda\\\/compraventa-de-viviendas\\\/%f0%9f%8f%98%ef%b8%8f-el-govern-cierra-la-adquisicion-de-743-viviendas-a-cerberus\\\/#respond\"]}]},{\"@type\":\"WebPage\",\"@id\":\"https:\\\/\\\/www.aquimicasa.net\\\/blog\\\/vivienda\\\/compraventa-de-viviendas\\\/%f0%9f%8f%98%ef%b8%8f-el-govern-cierra-la-adquisicion-de-743-viviendas-a-cerberus\\\/\",\"url\":\"https:\\\/\\\/www.aquimicasa.net\\\/blog\\\/vivienda\\\/compraventa-de-viviendas\\\/%f0%9f%8f%98%ef%b8%8f-el-govern-cierra-la-adquisicion-de-743-viviendas-a-cerberus\\\/\",\"name\":\"El Govern adquiere 743 pisos a Cerberus para alquiler social\",\"isPartOf\":{\"@id\":\"https:\\\/\\\/www.aquimicasa.net\\\/blog\\\/#website\"},\"primaryImageOfPage\":{\"@id\":\"https:\\\/\\\/www.aquimicasa.net\\\/blog\\\/vivienda\\\/compraventa-de-viviendas\\\/%f0%9f%8f%98%ef%b8%8f-el-govern-cierra-la-adquisicion-de-743-viviendas-a-cerberus\\\/#primaryimage\"},\"image\":{\"@id\":\"https:\\\/\\\/www.aquimicasa.net\\\/blog\\\/vivienda\\\/compraventa-de-viviendas\\\/%f0%9f%8f%98%ef%b8%8f-el-govern-cierra-la-adquisicion-de-743-viviendas-a-cerberus\\\/#primaryimage\"},\"thumbnailUrl\":\"https:\\\/\\\/www.aquimicasa.net\\\/blog\\\/wp-content\\\/uploads\\\/generalitat001-1-e1745430260317.jpg\",\"datePublished\":\"2025-04-23T17:44:29+00:00\",\"description\":\"La compra ha sido posible gracias al ejercicio del derecho de tanteo y retracto, que obliga a ofrecer sus inmuebles a la administraci\u00f3n\",\"breadcrumb\":{\"@id\":\"https:\\\/\\\/www.aquimicasa.net\\\/blog\\\/vivienda\\\/compraventa-de-viviendas\\\/%f0%9f%8f%98%ef%b8%8f-el-govern-cierra-la-adquisicion-de-743-viviendas-a-cerberus\\\/#breadcrumb\"},\"inLanguage\":\"es\",\"potentialAction\":[{\"@type\":\"ReadAction\",\"target\":[\"https:\\\/\\\/www.aquimicasa.net\\\/blog\\\/vivienda\\\/compraventa-de-viviendas\\\/%f0%9f%8f%98%ef%b8%8f-el-govern-cierra-la-adquisicion-de-743-viviendas-a-cerberus\\\/\"]}]},{\"@type\":\"ImageObject\",\"inLanguage\":\"es\",\"@id\":\"https:\\\/\\\/www.aquimicasa.net\\\/blog\\\/vivienda\\\/compraventa-de-viviendas\\\/%f0%9f%8f%98%ef%b8%8f-el-govern-cierra-la-adquisicion-de-743-viviendas-a-cerberus\\\/#primaryimage\",\"url\":\"https:\\\/\\\/www.aquimicasa.net\\\/blog\\\/wp-content\\\/uploads\\\/generalitat001-1-e1745430260317.jpg\",\"contentUrl\":\"https:\\\/\\\/www.aquimicasa.net\\\/blog\\\/wp-content\\\/uploads\\\/generalitat001-1-e1745430260317.jpg\",\"width\":500,\"height\":328},{\"@type\":\"BreadcrumbList\",\"@id\":\"https:\\\/\\\/www.aquimicasa.net\\\/blog\\\/vivienda\\\/compraventa-de-viviendas\\\/%f0%9f%8f%98%ef%b8%8f-el-govern-cierra-la-adquisicion-de-743-viviendas-a-cerberus\\\/#breadcrumb\",\"itemListElement\":[{\"@type\":\"ListItem\",\"position\":1,\"name\":\"Portada\",\"item\":\"https:\\\/\\\/www.aquimicasa.net\\\/blog\\\/\"},{\"@type\":\"ListItem\",\"position\":2,\"name\":\"\ud83c\udfd8\ufe0f El Govern cierra la adquisici\u00f3n de 743 viviendas a Cerberus\"}]},{\"@type\":\"WebSite\",\"@id\":\"https:\\\/\\\/www.aquimicasa.net\\\/blog\\\/#website\",\"url\":\"https:\\\/\\\/www.aquimicasa.net\\\/blog\\\/\",\"name\":\"Blog de aquimicasa.net\",\"description\":\"Noticias del Mundo Inmobiliario\",\"publisher\":{\"@id\":\"https:\\\/\\\/www.aquimicasa.net\\\/blog\\\/#organization\"},\"potentialAction\":[{\"@type\":\"SearchAction\",\"target\":{\"@type\":\"EntryPoint\",\"urlTemplate\":\"https:\\\/\\\/www.aquimicasa.net\\\/blog\\\/?s={search_term_string}\"},\"query-input\":{\"@type\":\"PropertyValueSpecification\",\"valueRequired\":true,\"valueName\":\"search_term_string\"}}],\"inLanguage\":\"es\"},{\"@type\":\"Organization\",\"@id\":\"https:\\\/\\\/www.aquimicasa.net\\\/blog\\\/#organization\",\"name\":\"Blog de aquimicasa.net\",\"url\":\"https:\\\/\\\/www.aquimicasa.net\\\/blog\\\/\",\"logo\":{\"@type\":\"ImageObject\",\"inLanguage\":\"es\",\"@id\":\"https:\\\/\\\/www.aquimicasa.net\\\/blog\\\/#\\\/schema\\\/logo\\\/image\\\/\",\"url\":\"https:\\\/\\\/www.aquimicasa.net\\\/blog\\\/wp-content\\\/uploads\\\/Logo-aquimicasa-1-e1528048213782.png\",\"contentUrl\":\"https:\\\/\\\/www.aquimicasa.net\\\/blog\\\/wp-content\\\/uploads\\\/Logo-aquimicasa-1-e1528048213782.png\",\"width\":225,\"height\":225,\"caption\":\"Blog de aquimicasa.net\"},\"image\":{\"@id\":\"https:\\\/\\\/www.aquimicasa.net\\\/blog\\\/#\\\/schema\\\/logo\\\/image\\\/\"},\"sameAs\":[\"https:\\\/\\\/www.facebook.com\\\/aquimicasa.net\",\"https:\\\/\\\/www.instagram.com\\\/\",\"https:\\\/\\\/x.com\\\/EduLizarragaD\",\"https:\\\/\\\/www.linkedin.com\\\/feed\\\/\"]},{\"@type\":\"Person\",\"@id\":\"https:\\\/\\\/www.aquimicasa.net\\\/blog\\\/#\\\/schema\\\/person\\\/2cdfa2605534583395c8d7ce1d6cac14\",\"name\":\"Eduardo Lizarraga\",\"image\":{\"@type\":\"ImageObject\",\"inLanguage\":\"es\",\"@id\":\"https:\\\/\\\/secure.gravatar.com\\\/avatar\\\/bdabe1eeeed97b65a9cb7de2edd624b07995f7e13abc5fead15961f745f908cc?s=96&d=mm&r=g\",\"url\":\"https:\\\/\\\/secure.gravatar.com\\\/avatar\\\/bdabe1eeeed97b65a9cb7de2edd624b07995f7e13abc5fead15961f745f908cc?s=96&d=mm&r=g\",\"contentUrl\":\"https:\\\/\\\/secure.gravatar.com\\\/avatar\\\/bdabe1eeeed97b65a9cb7de2edd624b07995f7e13abc5fead15961f745f908cc?s=96&d=mm&r=g\",\"caption\":\"Eduardo Lizarraga\"},\"description\":\"Periodista Econ\u00f3mico. Ha trabajado en diversos campos de la informaci\u00f3n. Corresponsal en conflictos, analista pol\u00edtico en Congreso y Senado, periodista del medio ambiente, editor, director editorial, director de comunicaci\u00f3n.... En estos momentos se ha especializado en el sector inmobiliario. Pero tambi\u00e9n es navegante y viajero, preocupado por la pobreza, el medio ambiente y por las actuaciones descontroladas del neoliberalismo empresarial y pol\u00edtico en todo el mundo. Los desahucios, la pobreza infantil y la falta de acceso a los suministros b\u00e1sicos son algunos de los grandes dramas de nuestra sociedad y que es preciso solucionar para hacerla m\u00e1s justa. CEO en www.aquimicasa.net\",\"sameAs\":[\"https:\\\/\\\/www.aquimicasa.net\\\/\"],\"url\":\"https:\\\/\\\/www.aquimicasa.net\\\/blog\\\/author\\\/eduardo\\\/\"}]}<\/script>\n<!-- \/ Yoast SEO plugin. -->","yoast_head_json":{"title":"El Govern adquiere 743 pisos a Cerberus para alquiler social","description":"La compra ha sido posible gracias al ejercicio del derecho de tanteo y retracto, que obliga a ofrecer sus inmuebles a la administraci\u00f3n","robots":{"index":"index","follow":"follow","max-snippet":"max-snippet:-1","max-image-preview":"max-image-preview:large","max-video-preview":"max-video-preview:-1"},"canonical":"https:\/\/www.aquimicasa.net\/blog\/vivienda\/compraventa-de-viviendas\/\ud83c\udfd8\ufe0f-el-govern-cierra-la-adquisicion-de-743-viviendas-a-cerberus\/","og_locale":"es_ES","og_type":"article","og_title":"El Govern adquiere 743 pisos a Cerberus para alquiler social","og_description":"La compra ha sido posible gracias al ejercicio del derecho de tanteo y retracto, que obliga a ofrecer sus inmuebles a la administraci\u00f3n","og_url":"https:\/\/www.aquimicasa.net\/blog\/vivienda\/compraventa-de-viviendas\/\ud83c\udfd8\ufe0f-el-govern-cierra-la-adquisicion-de-743-viviendas-a-cerberus\/","og_site_name":"Blog de aquimicasa.net","article_publisher":"https:\/\/www.facebook.com\/aquimicasa.net","article_published_time":"2025-04-23T17:44:29+00:00","og_image":[{"width":500,"height":328,"url":"https:\/\/www.aquimicasa.net\/blog\/wp-content\/uploads\/generalitat001-1-e1745430260317.jpg","type":"image\/jpeg"}],"author":"Eduardo Lizarraga","twitter_misc":{"Escrito por":"Eduardo Lizarraga","Tiempo de lectura":"7 minutos"},"schema":{"@context":"https:\/\/schema.org","@graph":[{"@type":"Article","@id":"https:\/\/www.aquimicasa.net\/blog\/vivienda\/compraventa-de-viviendas\/%f0%9f%8f%98%ef%b8%8f-el-govern-cierra-la-adquisicion-de-743-viviendas-a-cerberus\/#article","isPartOf":{"@id":"https:\/\/www.aquimicasa.net\/blog\/vivienda\/compraventa-de-viviendas\/%f0%9f%8f%98%ef%b8%8f-el-govern-cierra-la-adquisicion-de-743-viviendas-a-cerberus\/"},"author":{"name":"Eduardo Lizarraga","@id":"https:\/\/www.aquimicasa.net\/blog\/#\/schema\/person\/2cdfa2605534583395c8d7ce1d6cac14"},"headline":"\ud83c\udfd8\ufe0f El Govern cierra la adquisici\u00f3n de 743 viviendas a Cerberus","datePublished":"2025-04-23T17:44:29+00:00","mainEntityOfPage":{"@id":"https:\/\/www.aquimicasa.net\/blog\/vivienda\/compraventa-de-viviendas\/%f0%9f%8f%98%ef%b8%8f-el-govern-cierra-la-adquisicion-de-743-viviendas-a-cerberus\/"},"wordCount":1370,"commentCount":0,"publisher":{"@id":"https:\/\/www.aquimicasa.net\/blog\/#organization"},"image":{"@id":"https:\/\/www.aquimicasa.net\/blog\/vivienda\/compraventa-de-viviendas\/%f0%9f%8f%98%ef%b8%8f-el-govern-cierra-la-adquisicion-de-743-viviendas-a-cerberus\/#primaryimage"},"thumbnailUrl":"https:\/\/www.aquimicasa.net\/blog\/wp-content\/uploads\/generalitat001-1-e1745430260317.jpg","keywords":["newsletter 510"],"articleSection":["Compra Venta"],"inLanguage":"es","potentialAction":[{"@type":"CommentAction","name":"Comment","target":["https:\/\/www.aquimicasa.net\/blog\/vivienda\/compraventa-de-viviendas\/%f0%9f%8f%98%ef%b8%8f-el-govern-cierra-la-adquisicion-de-743-viviendas-a-cerberus\/#respond"]}]},{"@type":"WebPage","@id":"https:\/\/www.aquimicasa.net\/blog\/vivienda\/compraventa-de-viviendas\/%f0%9f%8f%98%ef%b8%8f-el-govern-cierra-la-adquisicion-de-743-viviendas-a-cerberus\/","url":"https:\/\/www.aquimicasa.net\/blog\/vivienda\/compraventa-de-viviendas\/%f0%9f%8f%98%ef%b8%8f-el-govern-cierra-la-adquisicion-de-743-viviendas-a-cerberus\/","name":"El Govern adquiere 743 pisos a Cerberus para alquiler social","isPartOf":{"@id":"https:\/\/www.aquimicasa.net\/blog\/#website"},"primaryImageOfPage":{"@id":"https:\/\/www.aquimicasa.net\/blog\/vivienda\/compraventa-de-viviendas\/%f0%9f%8f%98%ef%b8%8f-el-govern-cierra-la-adquisicion-de-743-viviendas-a-cerberus\/#primaryimage"},"image":{"@id":"https:\/\/www.aquimicasa.net\/blog\/vivienda\/compraventa-de-viviendas\/%f0%9f%8f%98%ef%b8%8f-el-govern-cierra-la-adquisicion-de-743-viviendas-a-cerberus\/#primaryimage"},"thumbnailUrl":"https:\/\/www.aquimicasa.net\/blog\/wp-content\/uploads\/generalitat001-1-e1745430260317.jpg","datePublished":"2025-04-23T17:44:29+00:00","description":"La compra ha sido posible gracias al ejercicio del derecho de tanteo y retracto, que obliga a ofrecer sus inmuebles a la administraci\u00f3n","breadcrumb":{"@id":"https:\/\/www.aquimicasa.net\/blog\/vivienda\/compraventa-de-viviendas\/%f0%9f%8f%98%ef%b8%8f-el-govern-cierra-la-adquisicion-de-743-viviendas-a-cerberus\/#breadcrumb"},"inLanguage":"es","potentialAction":[{"@type":"ReadAction","target":["https:\/\/www.aquimicasa.net\/blog\/vivienda\/compraventa-de-viviendas\/%f0%9f%8f%98%ef%b8%8f-el-govern-cierra-la-adquisicion-de-743-viviendas-a-cerberus\/"]}]},{"@type":"ImageObject","inLanguage":"es","@id":"https:\/\/www.aquimicasa.net\/blog\/vivienda\/compraventa-de-viviendas\/%f0%9f%8f%98%ef%b8%8f-el-govern-cierra-la-adquisicion-de-743-viviendas-a-cerberus\/#primaryimage","url":"https:\/\/www.aquimicasa.net\/blog\/wp-content\/uploads\/generalitat001-1-e1745430260317.jpg","contentUrl":"https:\/\/www.aquimicasa.net\/blog\/wp-content\/uploads\/generalitat001-1-e1745430260317.jpg","width":500,"height":328},{"@type":"BreadcrumbList","@id":"https:\/\/www.aquimicasa.net\/blog\/vivienda\/compraventa-de-viviendas\/%f0%9f%8f%98%ef%b8%8f-el-govern-cierra-la-adquisicion-de-743-viviendas-a-cerberus\/#breadcrumb","itemListElement":[{"@type":"ListItem","position":1,"name":"Portada","item":"https:\/\/www.aquimicasa.net\/blog\/"},{"@type":"ListItem","position":2,"name":"\ud83c\udfd8\ufe0f El Govern cierra la adquisici\u00f3n de 743 viviendas a Cerberus"}]},{"@type":"WebSite","@id":"https:\/\/www.aquimicasa.net\/blog\/#website","url":"https:\/\/www.aquimicasa.net\/blog\/","name":"Blog de aquimicasa.net","description":"Noticias del Mundo Inmobiliario","publisher":{"@id":"https:\/\/www.aquimicasa.net\/blog\/#organization"},"potentialAction":[{"@type":"SearchAction","target":{"@type":"EntryPoint","urlTemplate":"https:\/\/www.aquimicasa.net\/blog\/?s={search_term_string}"},"query-input":{"@type":"PropertyValueSpecification","valueRequired":true,"valueName":"search_term_string"}}],"inLanguage":"es"},{"@type":"Organization","@id":"https:\/\/www.aquimicasa.net\/blog\/#organization","name":"Blog de aquimicasa.net","url":"https:\/\/www.aquimicasa.net\/blog\/","logo":{"@type":"ImageObject","inLanguage":"es","@id":"https:\/\/www.aquimicasa.net\/blog\/#\/schema\/logo\/image\/","url":"https:\/\/www.aquimicasa.net\/blog\/wp-content\/uploads\/Logo-aquimicasa-1-e1528048213782.png","contentUrl":"https:\/\/www.aquimicasa.net\/blog\/wp-content\/uploads\/Logo-aquimicasa-1-e1528048213782.png","width":225,"height":225,"caption":"Blog de aquimicasa.net"},"image":{"@id":"https:\/\/www.aquimicasa.net\/blog\/#\/schema\/logo\/image\/"},"sameAs":["https:\/\/www.facebook.com\/aquimicasa.net","https:\/\/www.instagram.com\/","https:\/\/x.com\/EduLizarragaD","https:\/\/www.linkedin.com\/feed\/"]},{"@type":"Person","@id":"https:\/\/www.aquimicasa.net\/blog\/#\/schema\/person\/2cdfa2605534583395c8d7ce1d6cac14","name":"Eduardo Lizarraga","image":{"@type":"ImageObject","inLanguage":"es","@id":"https:\/\/secure.gravatar.com\/avatar\/bdabe1eeeed97b65a9cb7de2edd624b07995f7e13abc5fead15961f745f908cc?s=96&d=mm&r=g","url":"https:\/\/secure.gravatar.com\/avatar\/bdabe1eeeed97b65a9cb7de2edd624b07995f7e13abc5fead15961f745f908cc?s=96&d=mm&r=g","contentUrl":"https:\/\/secure.gravatar.com\/avatar\/bdabe1eeeed97b65a9cb7de2edd624b07995f7e13abc5fead15961f745f908cc?s=96&d=mm&r=g","caption":"Eduardo Lizarraga"},"description":"Periodista Econ\u00f3mico. Ha trabajado en diversos campos de la informaci\u00f3n. Corresponsal en conflictos, analista pol\u00edtico en Congreso y Senado, periodista del medio ambiente, editor, director editorial, director de comunicaci\u00f3n.... En estos momentos se ha especializado en el sector inmobiliario. Pero tambi\u00e9n es navegante y viajero, preocupado por la pobreza, el medio ambiente y por las actuaciones descontroladas del neoliberalismo empresarial y pol\u00edtico en todo el mundo. Los desahucios, la pobreza infantil y la falta de acceso a los suministros b\u00e1sicos son algunos de los grandes dramas de nuestra sociedad y que es preciso solucionar para hacerla m\u00e1s justa. CEO en www.aquimicasa.net","sameAs":["https:\/\/www.aquimicasa.net\/"],"url":"https:\/\/www.aquimicasa.net\/blog\/author\/eduardo\/"}]}},"jetpack_publicize_connections":[],"jetpack_featured_media_url":"https:\/\/www.aquimicasa.net\/blog\/wp-content\/uploads\/generalitat001-1-e1745430260317.jpg","jetpack_sharing_enabled":true,"jetpack_likes_enabled":true,"_links":{"self":[{"href":"https:\/\/www.aquimicasa.net\/blog\/wp-json\/wp\/v2\/posts\/51205","targetHints":{"allow":["GET"]}}],"collection":[{"href":"https:\/\/www.aquimicasa.net\/blog\/wp-json\/wp\/v2\/posts"}],"about":[{"href":"https:\/\/www.aquimicasa.net\/blog\/wp-json\/wp\/v2\/types\/post"}],"author":[{"embeddable":true,"href":"https:\/\/www.aquimicasa.net\/blog\/wp-json\/wp\/v2\/users\/3"}],"replies":[{"embeddable":true,"href":"https:\/\/www.aquimicasa.net\/blog\/wp-json\/wp\/v2\/comments?post=51205"}],"version-history":[{"count":3,"href":"https:\/\/www.aquimicasa.net\/blog\/wp-json\/wp\/v2\/posts\/51205\/revisions"}],"predecessor-version":[{"id":51228,"href":"https:\/\/www.aquimicasa.net\/blog\/wp-json\/wp\/v2\/posts\/51205\/revisions\/51228"}],"wp:featuredmedia":[{"embeddable":true,"href":"https:\/\/www.aquimicasa.net\/blog\/wp-json\/wp\/v2\/media\/51227"}],"wp:attachment":[{"href":"https:\/\/www.aquimicasa.net\/blog\/wp-json\/wp\/v2\/media?parent=51205"}],"wp:term":[{"taxonomy":"category","embeddable":true,"href":"https:\/\/www.aquimicasa.net\/blog\/wp-json\/wp\/v2\/categories?post=51205"},{"taxonomy":"post_tag","embeddable":true,"href":"https:\/\/www.aquimicasa.net\/blog\/wp-json\/wp\/v2\/tags?post=51205"}],"curies":[{"name":"wp","href":"https:\/\/api.w.org\/{rel}","templated":true}]}}