{"id":51235,"date":"2025-04-24T23:07:58","date_gmt":"2025-04-24T21:07:58","guid":{"rendered":"https:\/\/www.aquimicasa.net\/blog\/?p=51235"},"modified":"2025-04-24T23:07:58","modified_gmt":"2025-04-24T21:07:58","slug":"bruselas-impone-multas-de-700-millones-de-euros-a-apple-y-meta","status":"publish","type":"post","link":"https:\/\/www.aquimicasa.net\/blog\/vivienda\/compraventa-de-viviendas\/bruselas-impone-multas-de-700-millones-de-euros-a-apple-y-meta\/","title":{"rendered":"Bruselas impone multas de 700 millones de euros a Apple y Meta \ud83d\udea8"},"content":{"rendered":"<div class=\"fusion-fullwidth fullwidth-box fusion-builder-row-1 fusion-flex-container nonhundred-percent-fullwidth non-hundred-percent-height-scrolling\" style=\"background-color: rgba(255,255,255,0);background-position: center center;background-repeat: no-repeat;border-width: 0px 0px 0px 0px;border-color:#eae9e9;border-style:solid;\" ><div class=\"fusion-builder-row fusion-row fusion-flex-align-items-flex-start\" style=\"max-width:1144px;margin-left: calc(-4% \/ 2 );margin-right: calc(-4% \/ 2 );\"><div class=\"fusion-layout-column fusion_builder_column fusion-builder-column-0 fusion_builder_column_1_1 1_1 fusion-flex-column\"><div class=\"fusion-column-wrapper fusion-flex-justify-content-flex-start fusion-content-layout-column\" style=\"background-position:left top;background-repeat:no-repeat;-webkit-background-size:cover;-moz-background-size:cover;-o-background-size:cover;background-size:cover;padding: 0px 0px 0px 0px;\"><div class=\"fusion-text fusion-text-1\"><p class=\"\" data-start=\"69\" data-end=\"484\">La Comisi\u00f3n Europea ha abierto una nueva etapa en la regulaci\u00f3n del poder de las grandes tecnol\u00f3gicas. Por primera vez, Bruselas aplica sanciones de calado bajo el paraguas de la <strong data-start=\"248\" data-end=\"283\">Ley de Mercados Digitales (DMA)<\/strong>: 500 millones de euros para Apple y otros 200 para Meta. Las cifras no son solo simb\u00f3licas. Son un mensaje claro: el poder de los <em data-start=\"414\" data-end=\"427\">gatekeepers<\/em> tiene l\u00edmites, y Europa est\u00e1 dispuesta a hacerlos valer.<\/p>\n<h2 class=\"\" data-start=\"486\" data-end=\"561\"><strong>Las sanciones pretenden evitar los abusos de las grandes tecnol\u00f3gicas<\/strong> \ud83d\uded1<\/h2>\n<p class=\"\" data-start=\"563\" data-end=\"806\">La DMA fue dise\u00f1ada con un objetivo n\u00edtido: <strong data-start=\"607\" data-end=\"666\">garantizar una competencia justa en la econom\u00eda digital<\/strong>. En otras palabras, evitar que unos pocos gigantes tecnol\u00f3gicos condicionen c\u00f3mo interact\u00faan los consumidores con los servicios digitales.<\/p>\n<p class=\"\" data-start=\"808\" data-end=\"1211\">Las pr\u00e1cticas sancionadas por Bruselas no son nuevas, pero hasta ahora las autoridades europeas carec\u00edan de herramientas eficaces para frenarlas. El caso de Apple es paradigm\u00e1tico: la compa\u00f1\u00eda impide a los desarrolladores de su App Store informar a los usuarios sobre alternativas m\u00e1s baratas fuera del ecosistema Apple. Un bloqueo que encarece el uso de apps y refuerza la dependencia de la plataforma.<\/p>\n<p class=\"\" data-start=\"1213\" data-end=\"1516\">Meta, por su parte, opt\u00f3 por un modelo controvertido: <strong data-start=\"1267\" data-end=\"1290\">\u201cpagar o consentir\u201d<\/strong>. Quien no quiera que sus datos personales sean utilizados para publicidad personalizada, debe pagar. Bruselas considera que no se trata de una elecci\u00f3n real, y que la medida vulnera la esencia de la nueva legislaci\u00f3n digital.<\/p>\n<p class=\"\" data-start=\"1518\" data-end=\"1715\">Ambas compa\u00f1\u00edas tendr\u00e1n ahora <strong data-start=\"1548\" data-end=\"1587\">60 d\u00edas para corregir sus pr\u00e1cticas<\/strong>, bajo amenaza de sanciones adicionales que podr\u00edan suponer hasta un 5% del volumen diario de negocio global de cada empresa. \ud83d\udcb0<\/p>\n<h2 class=\"\" data-start=\"1717\" data-end=\"1823\"><strong>Ribera avisa: \u00abtodas las compa\u00f1\u00edas que operan en la UE deben cumplir las leyes y valores de la UE\u00bb<\/strong><\/h2>\n<p class=\"\" data-start=\"1825\" data-end=\"2004\">La vicepresidenta Teresa Ribera ha sido clara: <em data-start=\"1872\" data-end=\"2002\">\u201cNo se trata de una guerra comercial. No tiene nada que ver con Estados Unidos. Es una cuesti\u00f3n de cumplir las reglas del juego\u201d<\/em>.<\/p>\n<p class=\"\" data-start=\"2006\" data-end=\"2294\">En su intervenci\u00f3n, Ribera subray\u00f3 que <strong data-start=\"2045\" data-end=\"2161\">la nueva legislaci\u00f3n europea no solo protege a los consumidores, sino que fomenta la innovaci\u00f3n y la competencia<\/strong>. Las normas est\u00e1n pensadas para abrir el mercado, no para cerrarlo. Y eso beneficia tanto a empresas europeas como a los ciudadanos.<\/p>\n<p class=\"\" data-start=\"2296\" data-end=\"2509\">Una regulaci\u00f3n fuerte, dijo, es tambi\u00e9n una manera de <strong data-start=\"2350\" data-end=\"2406\">liberar potencial y desbloquear nuevas oportunidades<\/strong>. En una Europa digital m\u00e1s justa, habr\u00e1 m\u00e1s competencia, mejores servicios y m\u00e1s libertad para elegir.<\/p>\n<h2 class=\"\" data-start=\"2511\" data-end=\"2558\"><strong>El modelo de negocio de Meta, en cuesti\u00f3n<\/strong> \u2696\ufe0f<\/h2>\n<p class=\"\" data-start=\"2560\" data-end=\"2855\">Meta se ha convertido en el s\u00edmbolo de la tensi\u00f3n entre privacidad y rentabilidad. Su sistema \u201cconsent-or-pay\u201d ha generado un rechazo amplio en Europa. Para muchos expertos, se trata de una <strong data-start=\"2750\" data-end=\"2787\">trampa legal disfrazada de opci\u00f3n<\/strong>: aceptar el uso de tus datos personales o pagar una tarifa mensual.<\/p>\n<p class=\"\" data-start=\"2857\" data-end=\"3076\">La Comisi\u00f3n sostiene que la propuesta de Meta <strong data-start=\"2903\" data-end=\"2948\">no ofrece una alternativa real al usuario<\/strong>. Adem\u00e1s, cuestiona que el uso masivo de datos sea proporcional o necesario para sostener el modelo de negocio de la plataforma.<\/p>\n<p class=\"\" data-start=\"3078\" data-end=\"3333\">Aunque Meta ha introducido en noviembre de 2024 <strong data-start=\"3126\" data-end=\"3145\">algunas mejoras<\/strong>, como un modelo gratuito con menor uso de datos, Bruselas considera que a\u00fan son insuficientes. El caso sigue abierto y podr\u00eda derivar en nuevas medidas si la empresa no ajusta su enfoque.<\/p>\n<h2 class=\"\" data-start=\"3335\" data-end=\"3380\"><strong>Alphabet y X tambi\u00e9n bajo investigaci\u00f3n<\/strong> \ud83d\udd0d<\/h2>\n<p class=\"\" data-start=\"3382\" data-end=\"3651\">Apple y Meta son solo la punta del iceberg. Alphabet, matriz de Google, tambi\u00e9n est\u00e1 en el punto de mira. Se le acusa de <strong data-start=\"3503\" data-end=\"3538\">favorecer sus propios servicios<\/strong> en los resultados de b\u00fasqueda y dificultar el acceso de los usuarios a aplicaciones alternativas en Google Play.<\/p>\n<p class=\"\" data-start=\"3653\" data-end=\"3985\">Asimismo, <strong data-start=\"3663\" data-end=\"3691\">X (antiguamente Twitter)<\/strong> tambi\u00e9n est\u00e1 siendo investigada por posibles incumplimientos bajo la <strong data-start=\"3761\" data-end=\"3797\">Ley de Servicios Digitales (DSA)<\/strong>, centrada en la lucha contra los contenidos ilegales y la transparencia en plataformas. El proceso est\u00e1 a\u00fan en fase preliminar, pero podr\u00eda culminar este verano con sanciones importantes.<\/p>\n<p class=\"\" data-start=\"3987\" data-end=\"4138\">Todo apunta a un cambio de paradigma: <strong data-start=\"4025\" data-end=\"4084\">las grandes tecnol\u00f3gicas ya no operan en un limbo legal<\/strong> en Europa. La era de la autorregulaci\u00f3n ha terminado.<\/p>\n<h2 class=\"\" data-start=\"4140\" data-end=\"4187\"><strong>\u00bfUn pulso comercial con Estados Unidos?<\/strong> \ud83c\udf0d\ud83d\udcbc<\/h2>\n<p class=\"\" data-start=\"4189\" data-end=\"4391\">Pese a las protestas diplom\u00e1ticas, Bruselas insiste en que estas decisiones <strong data-start=\"4265\" data-end=\"4326\">no tienen nada que ver con las negociaciones arancelarias<\/strong> entre la UE y EE. UU. No obstante, las tensiones son evidentes.<\/p>\n<p class=\"\" data-start=\"4393\" data-end=\"4635\">Con Donald Trump reactivando su ret\u00f3rica proteccionista y la UE apostando por una <strong data-start=\"4475\" data-end=\"4503\">soberan\u00eda digital fuerte<\/strong>, el enfrentamiento parece inevitable. Algunas voces en Washington ya acusan a Bruselas de actuar por motivos pol\u00edticos, no legales.<\/p>\n<p class=\"\" data-start=\"4637\" data-end=\"4888\">La Comisi\u00f3n, sin embargo, ha blindado sus decisiones con un <strong data-start=\"4697\" data-end=\"4738\">exhaustivo trabajo t\u00e9cnico y jur\u00eddico<\/strong>. Y asegura que, si Apple o Meta recurren ante los tribunales europeos, est\u00e1 preparada para defender la legalidad y proporcionalidad de las sanciones.<\/p>\n<h2 class=\"\" data-start=\"4890\" data-end=\"4964\"><strong>Una advertencia para el futuro: la regulaci\u00f3n digital no es opcional<\/strong> \ud83e\udded<\/h2>\n<p class=\"\" data-start=\"4966\" data-end=\"5211\">Estas multas no son solo una sanci\u00f3n: <strong data-start=\"5004\" data-end=\"5082\">son una advertencia clara para todas las tecnol\u00f3gicas que operan en Europa<\/strong>. La Ley de Mercados Digitales y la Ley de Servicios Digitales son herramientas con dientes, y Bruselas est\u00e1 dispuesta a usarlas.<\/p>\n<p class=\"\" data-start=\"5213\" data-end=\"5389\">Las empresas deber\u00e1n adaptarse a un nuevo entorno donde la transparencia, la competencia leal y la protecci\u00f3n de datos no son valores opcionales, sino <strong data-start=\"5364\" data-end=\"5388\">obligaciones legales<\/strong>.<\/p>\n<p class=\"\" data-start=\"5391\" data-end=\"5655\">Desde una perspectiva m\u00e1s amplia, se trata de <strong data-start=\"5437\" data-end=\"5489\">un reequilibrio del poder en la econom\u00eda digital<\/strong>. Europa no compite con Estados Unidos en capacidad tecnol\u00f3gica, pero s\u00ed puede marcar la diferencia en el terreno de las normas, los valores y los derechos digitales.<\/p>\n<h2 class=\"\" data-start=\"5657\" data-end=\"5694\"><strong>Con la soberan\u00edadigital Europa planta cara<\/strong> \ud83d\udee1\ufe0f<\/h2>\n<p class=\"\" data-start=\"5696\" data-end=\"5949\">Lo que est\u00e1 en juego con estas sanciones no es solo una disputa legal o econ\u00f3mica. Es una visi\u00f3n de futuro. Una <strong data-start=\"5808\" data-end=\"5852\">Europa que defiende su soberan\u00eda digital<\/strong>, que protege a sus ciudadanos y que apuesta por un ecosistema tecnol\u00f3gico abierto y competitivo.<\/p>\n<p class=\"\" data-start=\"5951\" data-end=\"6133\">Apple y Meta han aprendido que en Europa las reglas se cumplen. Alphabet, Amazon, X y otras plataformas har\u00e1n bien en tomar nota. La <strong data-start=\"6084\" data-end=\"6132\">era de la impunidad tecnol\u00f3gica ha terminado<\/strong>.<\/p>\n<p class=\"\" data-start=\"6135\" data-end=\"6324\">\ud83d\udcac Y t\u00fa, \u00bfcrees que estas medidas son suficientes para frenar el poder de las grandes tecnol\u00f3gicas? \u00bfO estamos asistiendo solo al comienzo de un largo pulso entre Bruselas y Silicon Valley?<\/p>\n<\/div><\/div><style type=\"text\/css\">.fusion-body .fusion-builder-column-0{width:100% !important;margin-top : 0px;margin-bottom : 0px;}.fusion-builder-column-0 > .fusion-column-wrapper {padding-top : 0px !important;padding-right : 0px !important;margin-right : 1.92%;padding-bottom : 0px !important;padding-left : 0px !important;margin-left : 1.92%;}@media only screen and (max-width:1024px) {.fusion-body .fusion-builder-column-0{width:100% !important;}.fusion-builder-column-0 > .fusion-column-wrapper {margin-right : 1.92%;margin-left : 1.92%;}}@media only screen and (max-width:640px) {.fusion-body .fusion-builder-column-0{width:100% !important;}.fusion-builder-column-0 > .fusion-column-wrapper {margin-right : 1.92%;margin-left : 1.92%;}}<\/style><\/div><\/div><style type=\"text\/css\">.fusion-body .fusion-flex-container.fusion-builder-row-1{ padding-top : 0px;margin-top : 0px;padding-right : 0px;padding-bottom : 0px;margin-bottom : 0px;padding-left : 0px;}<\/style><\/div>\n","protected":false},"excerpt":{"rendered":"<p>Con Donald Trump reactivando su ret\u00f3rica proteccionista y la UE apostando por una soberan\u00eda digital fuerte, el enfrentamiento parece inevitable. Algunas voces en Washington ya acusan a Bruselas de actuar por motivos pol\u00edticos, no legales.<\/p>\n","protected":false},"author":3,"featured_media":48127,"comment_status":"open","ping_status":"closed","sticky":false,"template":"","format":"standard","meta":{"_jetpack_memberships_contains_paid_content":false,"footnotes":"","jetpack_publicize_message":"","jetpack_publicize_feature_enabled":true,"jetpack_social_post_already_shared":true,"jetpack_social_options":{"image_generator_settings":{"template":"highway","default_image_id":0,"font":"","enabled":false},"version":2}},"categories":[100],"tags":[8225],"class_list":["post-51235","post","type-post","status-publish","format-standard","has-post-thumbnail","hentry","category-compraventa-de-viviendas","tag-newsletter-511"],"yoast_head":"<!-- This site is optimized with the Yoast SEO plugin v28.2 - https:\/\/yoast.com\/product\/yoast-seo-wordpress\/ -->\n<title>Bruselas impone multas de 700 millones de euros a Apple y Meta<\/title>\n<meta name=\"description\" content=\"&quot;No se trata de una guerra comercial. No tiene nada que ver con Estados Unidos. Es una cuesti\u00f3n de cumplir las reglas&quot; asegura Teresa Ribera\" \/>\n<meta name=\"robots\" content=\"index, follow, max-snippet:-1, max-image-preview:large, max-video-preview:-1\" \/>\n<link rel=\"canonical\" href=\"https:\/\/www.aquimicasa.net\/blog\/vivienda\/compraventa-de-viviendas\/bruselas-impone-multas-de-700-millones-de-euros-a-apple-y-meta\/\" \/>\n<meta property=\"og:locale\" content=\"es_ES\" \/>\n<meta property=\"og:type\" content=\"article\" \/>\n<meta property=\"og:title\" content=\"Bruselas impone multas de 700 millones de euros a Apple y Meta\" \/>\n<meta property=\"og:description\" content=\"&quot;No se trata de una guerra comercial. No tiene nada que ver con Estados Unidos. Es una cuesti\u00f3n de cumplir las reglas&quot; asegura Teresa Ribera\" \/>\n<meta property=\"og:url\" content=\"https:\/\/www.aquimicasa.net\/blog\/vivienda\/compraventa-de-viviendas\/bruselas-impone-multas-de-700-millones-de-euros-a-apple-y-meta\/\" \/>\n<meta property=\"og:site_name\" content=\"Blog de aquimicasa.net\" \/>\n<meta property=\"article:publisher\" content=\"https:\/\/www.facebook.com\/aquimicasa.net\" \/>\n<meta property=\"article:published_time\" content=\"2025-04-24T21:07:58+00:00\" \/>\n<meta property=\"og:image\" content=\"https:\/\/www.aquimicasa.net\/blog\/wp-content\/uploads\/meta-instagram-and-facebook-e1718738974435.png\" \/>\n\t<meta property=\"og:image:width\" content=\"600\" \/>\n\t<meta property=\"og:image:height\" content=\"350\" \/>\n\t<meta property=\"og:image:type\" content=\"image\/png\" \/>\n<meta name=\"author\" content=\"Eduardo Lizarraga\" \/>\n<meta name=\"twitter:label1\" content=\"Escrito por\" \/>\n\t<meta name=\"twitter:data1\" content=\"Eduardo Lizarraga\" \/>\n\t<meta name=\"twitter:label2\" content=\"Tiempo de lectura\" \/>\n\t<meta name=\"twitter:data2\" content=\"6 minutos\" \/>\n<script type=\"application\/ld+json\" class=\"yoast-schema-graph\">{\"@context\":\"https:\\\/\\\/schema.org\",\"@graph\":[{\"@type\":\"Article\",\"@id\":\"https:\\\/\\\/www.aquimicasa.net\\\/blog\\\/vivienda\\\/compraventa-de-viviendas\\\/bruselas-impone-multas-de-700-millones-de-euros-a-apple-y-meta\\\/#article\",\"isPartOf\":{\"@id\":\"https:\\\/\\\/www.aquimicasa.net\\\/blog\\\/vivienda\\\/compraventa-de-viviendas\\\/bruselas-impone-multas-de-700-millones-de-euros-a-apple-y-meta\\\/\"},\"author\":{\"name\":\"Eduardo Lizarraga\",\"@id\":\"https:\\\/\\\/www.aquimicasa.net\\\/blog\\\/#\\\/schema\\\/person\\\/2cdfa2605534583395c8d7ce1d6cac14\"},\"headline\":\"Bruselas impone multas de 700 millones de euros a Apple y Meta \ud83d\udea8\",\"datePublished\":\"2025-04-24T21:07:58+00:00\",\"mainEntityOfPage\":{\"@id\":\"https:\\\/\\\/www.aquimicasa.net\\\/blog\\\/vivienda\\\/compraventa-de-viviendas\\\/bruselas-impone-multas-de-700-millones-de-euros-a-apple-y-meta\\\/\"},\"wordCount\":1302,\"commentCount\":0,\"publisher\":{\"@id\":\"https:\\\/\\\/www.aquimicasa.net\\\/blog\\\/#organization\"},\"image\":{\"@id\":\"https:\\\/\\\/www.aquimicasa.net\\\/blog\\\/vivienda\\\/compraventa-de-viviendas\\\/bruselas-impone-multas-de-700-millones-de-euros-a-apple-y-meta\\\/#primaryimage\"},\"thumbnailUrl\":\"https:\\\/\\\/www.aquimicasa.net\\\/blog\\\/wp-content\\\/uploads\\\/meta-instagram-and-facebook-e1718738974435.png\",\"keywords\":[\"newsletter 511\"],\"articleSection\":[\"Compra Venta\"],\"inLanguage\":\"es\",\"potentialAction\":[{\"@type\":\"CommentAction\",\"name\":\"Comment\",\"target\":[\"https:\\\/\\\/www.aquimicasa.net\\\/blog\\\/vivienda\\\/compraventa-de-viviendas\\\/bruselas-impone-multas-de-700-millones-de-euros-a-apple-y-meta\\\/#respond\"]}]},{\"@type\":\"WebPage\",\"@id\":\"https:\\\/\\\/www.aquimicasa.net\\\/blog\\\/vivienda\\\/compraventa-de-viviendas\\\/bruselas-impone-multas-de-700-millones-de-euros-a-apple-y-meta\\\/\",\"url\":\"https:\\\/\\\/www.aquimicasa.net\\\/blog\\\/vivienda\\\/compraventa-de-viviendas\\\/bruselas-impone-multas-de-700-millones-de-euros-a-apple-y-meta\\\/\",\"name\":\"Bruselas impone multas de 700 millones de euros a Apple y Meta\",\"isPartOf\":{\"@id\":\"https:\\\/\\\/www.aquimicasa.net\\\/blog\\\/#website\"},\"primaryImageOfPage\":{\"@id\":\"https:\\\/\\\/www.aquimicasa.net\\\/blog\\\/vivienda\\\/compraventa-de-viviendas\\\/bruselas-impone-multas-de-700-millones-de-euros-a-apple-y-meta\\\/#primaryimage\"},\"image\":{\"@id\":\"https:\\\/\\\/www.aquimicasa.net\\\/blog\\\/vivienda\\\/compraventa-de-viviendas\\\/bruselas-impone-multas-de-700-millones-de-euros-a-apple-y-meta\\\/#primaryimage\"},\"thumbnailUrl\":\"https:\\\/\\\/www.aquimicasa.net\\\/blog\\\/wp-content\\\/uploads\\\/meta-instagram-and-facebook-e1718738974435.png\",\"datePublished\":\"2025-04-24T21:07:58+00:00\",\"description\":\"\\\"No se trata de una guerra comercial. No tiene nada que ver con Estados Unidos. Es una cuesti\u00f3n de cumplir las reglas\\\" asegura Teresa Ribera\",\"breadcrumb\":{\"@id\":\"https:\\\/\\\/www.aquimicasa.net\\\/blog\\\/vivienda\\\/compraventa-de-viviendas\\\/bruselas-impone-multas-de-700-millones-de-euros-a-apple-y-meta\\\/#breadcrumb\"},\"inLanguage\":\"es\",\"potentialAction\":[{\"@type\":\"ReadAction\",\"target\":[\"https:\\\/\\\/www.aquimicasa.net\\\/blog\\\/vivienda\\\/compraventa-de-viviendas\\\/bruselas-impone-multas-de-700-millones-de-euros-a-apple-y-meta\\\/\"]}]},{\"@type\":\"ImageObject\",\"inLanguage\":\"es\",\"@id\":\"https:\\\/\\\/www.aquimicasa.net\\\/blog\\\/vivienda\\\/compraventa-de-viviendas\\\/bruselas-impone-multas-de-700-millones-de-euros-a-apple-y-meta\\\/#primaryimage\",\"url\":\"https:\\\/\\\/www.aquimicasa.net\\\/blog\\\/wp-content\\\/uploads\\\/meta-instagram-and-facebook-e1718738974435.png\",\"contentUrl\":\"https:\\\/\\\/www.aquimicasa.net\\\/blog\\\/wp-content\\\/uploads\\\/meta-instagram-and-facebook-e1718738974435.png\",\"width\":600,\"height\":350,\"caption\":\"Meta y Apple sancionadas por la UE\"},{\"@type\":\"BreadcrumbList\",\"@id\":\"https:\\\/\\\/www.aquimicasa.net\\\/blog\\\/vivienda\\\/compraventa-de-viviendas\\\/bruselas-impone-multas-de-700-millones-de-euros-a-apple-y-meta\\\/#breadcrumb\",\"itemListElement\":[{\"@type\":\"ListItem\",\"position\":1,\"name\":\"Portada\",\"item\":\"https:\\\/\\\/www.aquimicasa.net\\\/blog\\\/\"},{\"@type\":\"ListItem\",\"position\":2,\"name\":\"Bruselas impone multas de 700 millones de euros a Apple y Meta \ud83d\udea8\"}]},{\"@type\":\"WebSite\",\"@id\":\"https:\\\/\\\/www.aquimicasa.net\\\/blog\\\/#website\",\"url\":\"https:\\\/\\\/www.aquimicasa.net\\\/blog\\\/\",\"name\":\"Blog de aquimicasa.net\",\"description\":\"Noticias del Mundo Inmobiliario\",\"publisher\":{\"@id\":\"https:\\\/\\\/www.aquimicasa.net\\\/blog\\\/#organization\"},\"potentialAction\":[{\"@type\":\"SearchAction\",\"target\":{\"@type\":\"EntryPoint\",\"urlTemplate\":\"https:\\\/\\\/www.aquimicasa.net\\\/blog\\\/?s={search_term_string}\"},\"query-input\":{\"@type\":\"PropertyValueSpecification\",\"valueRequired\":true,\"valueName\":\"search_term_string\"}}],\"inLanguage\":\"es\"},{\"@type\":\"Organization\",\"@id\":\"https:\\\/\\\/www.aquimicasa.net\\\/blog\\\/#organization\",\"name\":\"Blog de aquimicasa.net\",\"url\":\"https:\\\/\\\/www.aquimicasa.net\\\/blog\\\/\",\"logo\":{\"@type\":\"ImageObject\",\"inLanguage\":\"es\",\"@id\":\"https:\\\/\\\/www.aquimicasa.net\\\/blog\\\/#\\\/schema\\\/logo\\\/image\\\/\",\"url\":\"https:\\\/\\\/www.aquimicasa.net\\\/blog\\\/wp-content\\\/uploads\\\/Logo-aquimicasa-1-e1528048213782.png\",\"contentUrl\":\"https:\\\/\\\/www.aquimicasa.net\\\/blog\\\/wp-content\\\/uploads\\\/Logo-aquimicasa-1-e1528048213782.png\",\"width\":225,\"height\":225,\"caption\":\"Blog de aquimicasa.net\"},\"image\":{\"@id\":\"https:\\\/\\\/www.aquimicasa.net\\\/blog\\\/#\\\/schema\\\/logo\\\/image\\\/\"},\"sameAs\":[\"https:\\\/\\\/www.facebook.com\\\/aquimicasa.net\",\"https:\\\/\\\/www.instagram.com\\\/\",\"https:\\\/\\\/x.com\\\/EduLizarragaD\",\"https:\\\/\\\/www.linkedin.com\\\/feed\\\/\"]},{\"@type\":\"Person\",\"@id\":\"https:\\\/\\\/www.aquimicasa.net\\\/blog\\\/#\\\/schema\\\/person\\\/2cdfa2605534583395c8d7ce1d6cac14\",\"name\":\"Eduardo Lizarraga\",\"image\":{\"@type\":\"ImageObject\",\"inLanguage\":\"es\",\"@id\":\"https:\\\/\\\/secure.gravatar.com\\\/avatar\\\/bdabe1eeeed97b65a9cb7de2edd624b07995f7e13abc5fead15961f745f908cc?s=96&d=mm&r=g\",\"url\":\"https:\\\/\\\/secure.gravatar.com\\\/avatar\\\/bdabe1eeeed97b65a9cb7de2edd624b07995f7e13abc5fead15961f745f908cc?s=96&d=mm&r=g\",\"contentUrl\":\"https:\\\/\\\/secure.gravatar.com\\\/avatar\\\/bdabe1eeeed97b65a9cb7de2edd624b07995f7e13abc5fead15961f745f908cc?s=96&d=mm&r=g\",\"caption\":\"Eduardo Lizarraga\"},\"description\":\"Periodista Econ\u00f3mico. Ha trabajado en diversos campos de la informaci\u00f3n. Corresponsal en conflictos, analista pol\u00edtico en Congreso y Senado, periodista del medio ambiente, editor, director editorial, director de comunicaci\u00f3n.... En estos momentos se ha especializado en el sector inmobiliario. Pero tambi\u00e9n es navegante y viajero, preocupado por la pobreza, el medio ambiente y por las actuaciones descontroladas del neoliberalismo empresarial y pol\u00edtico en todo el mundo. Los desahucios, la pobreza infantil y la falta de acceso a los suministros b\u00e1sicos son algunos de los grandes dramas de nuestra sociedad y que es preciso solucionar para hacerla m\u00e1s justa. CEO en www.aquimicasa.net\",\"sameAs\":[\"https:\\\/\\\/www.aquimicasa.net\\\/\"],\"url\":\"https:\\\/\\\/www.aquimicasa.net\\\/blog\\\/author\\\/eduardo\\\/\"}]}<\/script>\n<!-- \/ Yoast SEO plugin. -->","yoast_head_json":{"title":"Bruselas impone multas de 700 millones de euros a Apple y Meta","description":"\"No se trata de una guerra comercial. No tiene nada que ver con Estados Unidos. Es una cuesti\u00f3n de cumplir las reglas\" asegura Teresa Ribera","robots":{"index":"index","follow":"follow","max-snippet":"max-snippet:-1","max-image-preview":"max-image-preview:large","max-video-preview":"max-video-preview:-1"},"canonical":"https:\/\/www.aquimicasa.net\/blog\/vivienda\/compraventa-de-viviendas\/bruselas-impone-multas-de-700-millones-de-euros-a-apple-y-meta\/","og_locale":"es_ES","og_type":"article","og_title":"Bruselas impone multas de 700 millones de euros a Apple y Meta","og_description":"\"No se trata de una guerra comercial. No tiene nada que ver con Estados Unidos. Es una cuesti\u00f3n de cumplir las reglas\" asegura Teresa Ribera","og_url":"https:\/\/www.aquimicasa.net\/blog\/vivienda\/compraventa-de-viviendas\/bruselas-impone-multas-de-700-millones-de-euros-a-apple-y-meta\/","og_site_name":"Blog de aquimicasa.net","article_publisher":"https:\/\/www.facebook.com\/aquimicasa.net","article_published_time":"2025-04-24T21:07:58+00:00","og_image":[{"width":600,"height":350,"url":"https:\/\/www.aquimicasa.net\/blog\/wp-content\/uploads\/meta-instagram-and-facebook-e1718738974435.png","type":"image\/png"}],"author":"Eduardo Lizarraga","twitter_misc":{"Escrito por":"Eduardo Lizarraga","Tiempo de lectura":"6 minutos"},"schema":{"@context":"https:\/\/schema.org","@graph":[{"@type":"Article","@id":"https:\/\/www.aquimicasa.net\/blog\/vivienda\/compraventa-de-viviendas\/bruselas-impone-multas-de-700-millones-de-euros-a-apple-y-meta\/#article","isPartOf":{"@id":"https:\/\/www.aquimicasa.net\/blog\/vivienda\/compraventa-de-viviendas\/bruselas-impone-multas-de-700-millones-de-euros-a-apple-y-meta\/"},"author":{"name":"Eduardo Lizarraga","@id":"https:\/\/www.aquimicasa.net\/blog\/#\/schema\/person\/2cdfa2605534583395c8d7ce1d6cac14"},"headline":"Bruselas impone multas de 700 millones de euros a Apple y Meta \ud83d\udea8","datePublished":"2025-04-24T21:07:58+00:00","mainEntityOfPage":{"@id":"https:\/\/www.aquimicasa.net\/blog\/vivienda\/compraventa-de-viviendas\/bruselas-impone-multas-de-700-millones-de-euros-a-apple-y-meta\/"},"wordCount":1302,"commentCount":0,"publisher":{"@id":"https:\/\/www.aquimicasa.net\/blog\/#organization"},"image":{"@id":"https:\/\/www.aquimicasa.net\/blog\/vivienda\/compraventa-de-viviendas\/bruselas-impone-multas-de-700-millones-de-euros-a-apple-y-meta\/#primaryimage"},"thumbnailUrl":"https:\/\/www.aquimicasa.net\/blog\/wp-content\/uploads\/meta-instagram-and-facebook-e1718738974435.png","keywords":["newsletter 511"],"articleSection":["Compra Venta"],"inLanguage":"es","potentialAction":[{"@type":"CommentAction","name":"Comment","target":["https:\/\/www.aquimicasa.net\/blog\/vivienda\/compraventa-de-viviendas\/bruselas-impone-multas-de-700-millones-de-euros-a-apple-y-meta\/#respond"]}]},{"@type":"WebPage","@id":"https:\/\/www.aquimicasa.net\/blog\/vivienda\/compraventa-de-viviendas\/bruselas-impone-multas-de-700-millones-de-euros-a-apple-y-meta\/","url":"https:\/\/www.aquimicasa.net\/blog\/vivienda\/compraventa-de-viviendas\/bruselas-impone-multas-de-700-millones-de-euros-a-apple-y-meta\/","name":"Bruselas impone multas de 700 millones de euros a Apple y Meta","isPartOf":{"@id":"https:\/\/www.aquimicasa.net\/blog\/#website"},"primaryImageOfPage":{"@id":"https:\/\/www.aquimicasa.net\/blog\/vivienda\/compraventa-de-viviendas\/bruselas-impone-multas-de-700-millones-de-euros-a-apple-y-meta\/#primaryimage"},"image":{"@id":"https:\/\/www.aquimicasa.net\/blog\/vivienda\/compraventa-de-viviendas\/bruselas-impone-multas-de-700-millones-de-euros-a-apple-y-meta\/#primaryimage"},"thumbnailUrl":"https:\/\/www.aquimicasa.net\/blog\/wp-content\/uploads\/meta-instagram-and-facebook-e1718738974435.png","datePublished":"2025-04-24T21:07:58+00:00","description":"\"No se trata de una guerra comercial. No tiene nada que ver con Estados Unidos. Es una cuesti\u00f3n de cumplir las reglas\" asegura Teresa Ribera","breadcrumb":{"@id":"https:\/\/www.aquimicasa.net\/blog\/vivienda\/compraventa-de-viviendas\/bruselas-impone-multas-de-700-millones-de-euros-a-apple-y-meta\/#breadcrumb"},"inLanguage":"es","potentialAction":[{"@type":"ReadAction","target":["https:\/\/www.aquimicasa.net\/blog\/vivienda\/compraventa-de-viviendas\/bruselas-impone-multas-de-700-millones-de-euros-a-apple-y-meta\/"]}]},{"@type":"ImageObject","inLanguage":"es","@id":"https:\/\/www.aquimicasa.net\/blog\/vivienda\/compraventa-de-viviendas\/bruselas-impone-multas-de-700-millones-de-euros-a-apple-y-meta\/#primaryimage","url":"https:\/\/www.aquimicasa.net\/blog\/wp-content\/uploads\/meta-instagram-and-facebook-e1718738974435.png","contentUrl":"https:\/\/www.aquimicasa.net\/blog\/wp-content\/uploads\/meta-instagram-and-facebook-e1718738974435.png","width":600,"height":350,"caption":"Meta y Apple sancionadas por la UE"},{"@type":"BreadcrumbList","@id":"https:\/\/www.aquimicasa.net\/blog\/vivienda\/compraventa-de-viviendas\/bruselas-impone-multas-de-700-millones-de-euros-a-apple-y-meta\/#breadcrumb","itemListElement":[{"@type":"ListItem","position":1,"name":"Portada","item":"https:\/\/www.aquimicasa.net\/blog\/"},{"@type":"ListItem","position":2,"name":"Bruselas impone multas de 700 millones de euros a Apple y Meta \ud83d\udea8"}]},{"@type":"WebSite","@id":"https:\/\/www.aquimicasa.net\/blog\/#website","url":"https:\/\/www.aquimicasa.net\/blog\/","name":"Blog de aquimicasa.net","description":"Noticias del Mundo Inmobiliario","publisher":{"@id":"https:\/\/www.aquimicasa.net\/blog\/#organization"},"potentialAction":[{"@type":"SearchAction","target":{"@type":"EntryPoint","urlTemplate":"https:\/\/www.aquimicasa.net\/blog\/?s={search_term_string}"},"query-input":{"@type":"PropertyValueSpecification","valueRequired":true,"valueName":"search_term_string"}}],"inLanguage":"es"},{"@type":"Organization","@id":"https:\/\/www.aquimicasa.net\/blog\/#organization","name":"Blog de aquimicasa.net","url":"https:\/\/www.aquimicasa.net\/blog\/","logo":{"@type":"ImageObject","inLanguage":"es","@id":"https:\/\/www.aquimicasa.net\/blog\/#\/schema\/logo\/image\/","url":"https:\/\/www.aquimicasa.net\/blog\/wp-content\/uploads\/Logo-aquimicasa-1-e1528048213782.png","contentUrl":"https:\/\/www.aquimicasa.net\/blog\/wp-content\/uploads\/Logo-aquimicasa-1-e1528048213782.png","width":225,"height":225,"caption":"Blog de aquimicasa.net"},"image":{"@id":"https:\/\/www.aquimicasa.net\/blog\/#\/schema\/logo\/image\/"},"sameAs":["https:\/\/www.facebook.com\/aquimicasa.net","https:\/\/www.instagram.com\/","https:\/\/x.com\/EduLizarragaD","https:\/\/www.linkedin.com\/feed\/"]},{"@type":"Person","@id":"https:\/\/www.aquimicasa.net\/blog\/#\/schema\/person\/2cdfa2605534583395c8d7ce1d6cac14","name":"Eduardo Lizarraga","image":{"@type":"ImageObject","inLanguage":"es","@id":"https:\/\/secure.gravatar.com\/avatar\/bdabe1eeeed97b65a9cb7de2edd624b07995f7e13abc5fead15961f745f908cc?s=96&d=mm&r=g","url":"https:\/\/secure.gravatar.com\/avatar\/bdabe1eeeed97b65a9cb7de2edd624b07995f7e13abc5fead15961f745f908cc?s=96&d=mm&r=g","contentUrl":"https:\/\/secure.gravatar.com\/avatar\/bdabe1eeeed97b65a9cb7de2edd624b07995f7e13abc5fead15961f745f908cc?s=96&d=mm&r=g","caption":"Eduardo Lizarraga"},"description":"Periodista Econ\u00f3mico. Ha trabajado en diversos campos de la informaci\u00f3n. Corresponsal en conflictos, analista pol\u00edtico en Congreso y Senado, periodista del medio ambiente, editor, director editorial, director de comunicaci\u00f3n.... En estos momentos se ha especializado en el sector inmobiliario. Pero tambi\u00e9n es navegante y viajero, preocupado por la pobreza, el medio ambiente y por las actuaciones descontroladas del neoliberalismo empresarial y pol\u00edtico en todo el mundo. Los desahucios, la pobreza infantil y la falta de acceso a los suministros b\u00e1sicos son algunos de los grandes dramas de nuestra sociedad y que es preciso solucionar para hacerla m\u00e1s justa. CEO en www.aquimicasa.net","sameAs":["https:\/\/www.aquimicasa.net\/"],"url":"https:\/\/www.aquimicasa.net\/blog\/author\/eduardo\/"}]}},"jetpack_publicize_connections":[],"jetpack_featured_media_url":"https:\/\/www.aquimicasa.net\/blog\/wp-content\/uploads\/meta-instagram-and-facebook-e1718738974435.png","jetpack_sharing_enabled":true,"jetpack_likes_enabled":true,"_links":{"self":[{"href":"https:\/\/www.aquimicasa.net\/blog\/wp-json\/wp\/v2\/posts\/51235","targetHints":{"allow":["GET"]}}],"collection":[{"href":"https:\/\/www.aquimicasa.net\/blog\/wp-json\/wp\/v2\/posts"}],"about":[{"href":"https:\/\/www.aquimicasa.net\/blog\/wp-json\/wp\/v2\/types\/post"}],"author":[{"embeddable":true,"href":"https:\/\/www.aquimicasa.net\/blog\/wp-json\/wp\/v2\/users\/3"}],"replies":[{"embeddable":true,"href":"https:\/\/www.aquimicasa.net\/blog\/wp-json\/wp\/v2\/comments?post=51235"}],"version-history":[{"count":3,"href":"https:\/\/www.aquimicasa.net\/blog\/wp-json\/wp\/v2\/posts\/51235\/revisions"}],"predecessor-version":[{"id":51256,"href":"https:\/\/www.aquimicasa.net\/blog\/wp-json\/wp\/v2\/posts\/51235\/revisions\/51256"}],"wp:featuredmedia":[{"embeddable":true,"href":"https:\/\/www.aquimicasa.net\/blog\/wp-json\/wp\/v2\/media\/48127"}],"wp:attachment":[{"href":"https:\/\/www.aquimicasa.net\/blog\/wp-json\/wp\/v2\/media?parent=51235"}],"wp:term":[{"taxonomy":"category","embeddable":true,"href":"https:\/\/www.aquimicasa.net\/blog\/wp-json\/wp\/v2\/categories?post=51235"},{"taxonomy":"post_tag","embeddable":true,"href":"https:\/\/www.aquimicasa.net\/blog\/wp-json\/wp\/v2\/tags?post=51235"}],"curies":[{"name":"wp","href":"https:\/\/api.w.org\/{rel}","templated":true}]}}