{"id":51360,"date":"2025-05-05T21:15:14","date_gmt":"2025-05-05T19:15:14","guid":{"rendered":"https:\/\/www.aquimicasa.net\/blog\/?p=51360"},"modified":"2025-05-05T21:15:14","modified_gmt":"2025-05-05T19:15:14","slug":"grandes-ciudades-europeas-por-el-derecho-a-la-vivienda","status":"publish","type":"post","link":"https:\/\/www.aquimicasa.net\/blog\/vivienda\/noticias-mercado-inmobiliario\/grandes-ciudades-europeas-por-el-derecho-a-la-vivienda\/","title":{"rendered":"\ud83c\udfd9\ufe0f Grandes ciudades europeas por el derecho a la vivienda"},"content":{"rendered":"<div class=\"fusion-fullwidth fullwidth-box fusion-builder-row-1 fusion-flex-container nonhundred-percent-fullwidth non-hundred-percent-height-scrolling\" style=\"background-color: rgba(255,255,255,0);background-position: center center;background-repeat: no-repeat;border-width: 0px 0px 0px 0px;border-color:#eae9e9;border-style:solid;\" ><div class=\"fusion-builder-row fusion-row fusion-flex-align-items-flex-start\" style=\"max-width:1144px;margin-left: calc(-4% \/ 2 );margin-right: calc(-4% \/ 2 );\"><div class=\"fusion-layout-column fusion_builder_column fusion-builder-column-0 fusion_builder_column_1_1 1_1 fusion-flex-column\"><div class=\"fusion-column-wrapper fusion-flex-justify-content-flex-start fusion-content-layout-column\" style=\"background-position:left top;background-repeat:no-repeat;-webkit-background-size:cover;-moz-background-size:cover;-o-background-size:cover;background-size:cover;padding: 0px 0px 0px 0px;\"><div class=\"fusion-text fusion-text-1\"><p>El alcalde de Barcelona, Jaume Collboni, la alcaldesa de Par\u00eds, Anne Hidalgo, y el alcalde de Roma, Roberto Gualtieri, han propuesto al presidente del Gobierno, Pedro S\u00e1nchez, que apoye la iniciativa de\u00a0<em>Majors for Housing<\/em>\u00a0de crear unos fondos europeos para la construcci\u00f3n de vivienda accesible.<\/p>\n<h2 class=\"\" data-start=\"62\" data-end=\"116\"><strong>Una crisis compartida que exige soluciones europeas<\/strong><\/h2>\n<p class=\"\" data-start=\"118\" data-end=\"449\">Las principales ciudades europeas, como Barcelona, Par\u00eds y Roma, enfrentan una crisis habitacional que afecta a millones de ciudadanos. Ante esta situaci\u00f3n, sus alcaldes han unido fuerzas para reclamar a la Uni\u00f3n Europea (UE) una respuesta decidida y coordinada que garantice el derecho a una vivienda digna y asequible para todos.<\/p>\n<h2 class=\"\" data-start=\"451\" data-end=\"517\"><strong>Barcelona, Par\u00eds y Roma piden a S\u00e1nchez que avale la iniciativa<\/strong><\/h2>\n<p class=\"\" data-start=\"519\" data-end=\"1005\">En el marco de la 40\u00aa Reuni\u00f3 Cercle d&#8217;Economia, los alcaldes de Barcelona, Jaume Collboni; de Par\u00eds, Anne Hidalgo; y de Roma, Roberto Gualtieri, se reunieron con el presidente del Gobierno espa\u00f1ol, Pedro S\u00e1nchez, para solicitar su apoyo a la iniciativa \u00abMayors for Housing\u00bb. Esta propuesta busca la creaci\u00f3n de fondos europeos destinados a la construcci\u00f3n de viviendas accesibles, similares a los fondos Next Generation impulsados tras la pandemia .<\/p>\n<p class=\"\" data-start=\"1007\" data-end=\"1368\">Collboni destac\u00f3 que la crisis de la vivienda \u00abafecta no solo a las familias m\u00e1s vulnerables, sino tambi\u00e9n a las de la clase trabajadora y clase media\u00bb, y record\u00f3 que los alcaldes que forman parte de esta iniciativa pidieron a la presidenta de la Comisi\u00f3n Europea, Ursula von der Leyen, impulsar pol\u00edticas efectivas a nivel europeo para el acceso a la vivienda.<\/p>\n<h2 class=\"\" data-start=\"1370\" data-end=\"1436\"><strong>La semana que viene presentar\u00e1n en Bruselas un plan de vivienda<\/strong><\/h2>\n<p class=\"\" data-start=\"1438\" data-end=\"1822\">La pr\u00f3xima semana, los alcaldes presentar\u00e1n en Bruselas un plan de vivienda dise\u00f1ado para abordar la crisis habitacional en sus ciudades. Este plan contempla la creaci\u00f3n de un fondo europeo para la vivienda, que permitir\u00eda financiar la construcci\u00f3n de viviendas p\u00fablicas, sociales y asequibles, as\u00ed como la rehabilitaci\u00f3n de viviendas existentes .<\/p>\n<p class=\"\" data-start=\"1824\" data-end=\"2244\">Anne Hidalgo subray\u00f3 la necesidad de \u00abuna coalici\u00f3n de Europa, Gobiernos nacionales, ciudades y tambi\u00e9n sector privado de la construcci\u00f3n\u00bb para afrontar el problema del acceso a la vivienda. Por su parte, Gualtieri enfatiz\u00f3 que se trata de un plan extraordinario que se basar\u00e1 \u00aben la combinaci\u00f3n de recursos p\u00fablicos y privados\u00bb y que abarcar\u00e1 la vivienda p\u00fablica, social, de mercado, de estudio y para personas mayores.<\/p>\n<h2 class=\"\" data-start=\"2246\" data-end=\"2320\"><strong>Grandes ciudades europeas con el mismo problema de acceso a la vivienda<\/strong><\/h2>\n<p class=\"\" data-start=\"2322\" data-end=\"2880\">La crisis de la vivienda no es exclusiva de Barcelona, Par\u00eds o Roma. Otras ciudades europeas, como \u00c1msterdam, Lisboa, Budapest y Mil\u00e1n, tambi\u00e9n enfrentan desaf\u00edos similares. En una carta dirigida a la presidenta de la Comisi\u00f3n Europea, Ursula von der Leyen, los alcaldes de estas ciudades destacaron que \u00abla falta de vivienda social y asequible, el incremento del precio de los alquileres y de los inmuebles, nos abocan a una problem\u00e1tica compleja que afecta sobre todo a la poblaci\u00f3n joven y a las clases trabajadoras\u00bb .<\/p>\n<p class=\"\" data-start=\"2882\" data-end=\"3150\">Adem\u00e1s, se\u00f1alaron que las inversiones en viviendas asequibles deber\u00edan quedar exentas de los l\u00edmites de d\u00e9ficit y deuda del Pacto de Crecimiento y Estabilidad de la UE, permitiendo as\u00ed una mayor inversi\u00f3n en pol\u00edticas de vivienda .<\/p>\n<h2 class=\"\" data-start=\"3152\" data-end=\"3229\"><strong>Pedir\u00e1n fondos europeos espec\u00edficos para promoci\u00f3n de viviendas accesibles<\/strong><\/h2>\n<p class=\"\" data-start=\"3231\" data-end=\"3386\">Los alcaldes europeos solicitar\u00e1n a la Comisi\u00f3n Europea la creaci\u00f3n de fondos espec\u00edficos para la promoci\u00f3n de viviendas accesibles. Esta petici\u00f3n incluye:<\/p>\n<ul data-start=\"3388\" data-end=\"4321\">\n<li class=\"\" data-start=\"3388\" data-end=\"3600\">\n<p class=\"\" data-start=\"3390\" data-end=\"3600\"><strong data-start=\"3390\" data-end=\"3446\">Acceso directo de las ciudades a los fondos europeos<\/strong>: Permitir que las ciudades gestionen directamente los fondos destinados a pol\u00edticas de vivienda, sin depender exclusivamente de los gobiernos nacionales.<\/p>\n<\/li>\n<li class=\"\" data-start=\"3602\" data-end=\"3811\">\n<p class=\"\" data-start=\"3604\" data-end=\"3811\"><strong data-start=\"3604\" data-end=\"3646\">Flexibilizaci\u00f3n de las reglas fiscales<\/strong>: Excluir las inversiones en vivienda asequible de los l\u00edmites de d\u00e9ficit y deuda establecidos por la UE, facilitando as\u00ed una mayor inversi\u00f3n p\u00fablica en este \u00e1mbito.<\/p>\n<\/li>\n<li class=\"\" data-start=\"3813\" data-end=\"4026\">\n<p class=\"\" data-start=\"3815\" data-end=\"4026\"><strong data-start=\"3815\" data-end=\"3860\">Reforma de las normas de ayudas estatales<\/strong>: Modificar las reglas de ayudas estatales para permitir que los gobiernos locales y nacionales financien proyectos de vivienda asequible sin restricciones excesivas.<\/p>\n<\/li>\n<li class=\"\" data-start=\"4028\" data-end=\"4321\">\n<p class=\"\" data-start=\"4030\" data-end=\"4321\"><strong data-start=\"4030\" data-end=\"4080\">Regulaci\u00f3n de los alquileres de corta duraci\u00f3n<\/strong>: Establecer un marco regulador europeo que limite el impacto de plataformas como Airbnb en el mercado de la vivienda, evitando la conversi\u00f3n masiva de viviendas residenciales en alojamientos tur\u00edsticos .<\/p>\n<\/li>\n<\/ul>\n<h2 class=\"\" data-start=\"4323\" data-end=\"4336\"><strong>La crisis de la vivienda en Europa requiere soluciones globales<\/strong><\/h2>\n<p class=\"\" data-start=\"4338\" data-end=\"4713\">La crisis de la vivienda en Europa requiere una respuesta coordinada y ambiciosa por parte de las instituciones europeas, los gobiernos nacionales y las autoridades locales. Las propuestas presentadas por los alcaldes de las principales ciudades europeas representan un paso importante hacia la garant\u00eda del derecho a una vivienda digna y asequible para todos los ciudadanos.<\/p>\n<p class=\"\" data-start=\"4715\" data-end=\"4933\">Es fundamental que la Uni\u00f3n Europea escuche estas demandas y act\u00fae con decisi\u00f3n para abordar una problem\u00e1tica que afecta a millones de personas y pone en riesgo la cohesi\u00f3n social y la estabilidad de nuestras ciudades.<\/p>\n<\/div><\/div><style type=\"text\/css\">.fusion-body .fusion-builder-column-0{width:100% !important;margin-top : 0px;margin-bottom : 0px;}.fusion-builder-column-0 > .fusion-column-wrapper {padding-top : 0px !important;padding-right : 0px !important;margin-right : 1.92%;padding-bottom : 0px !important;padding-left : 0px !important;margin-left : 1.92%;}@media only screen and (max-width:1024px) {.fusion-body .fusion-builder-column-0{width:100% !important;}.fusion-builder-column-0 > .fusion-column-wrapper {margin-right : 1.92%;margin-left : 1.92%;}}@media only screen and (max-width:640px) {.fusion-body .fusion-builder-column-0{width:100% !important;}.fusion-builder-column-0 > .fusion-column-wrapper {margin-right : 1.92%;margin-left : 1.92%;}}<\/style><\/div><\/div><style type=\"text\/css\">.fusion-body .fusion-flex-container.fusion-builder-row-1{ padding-top : 0px;margin-top : 0px;padding-right : 0px;padding-bottom : 0px;margin-bottom : 0px;padding-left : 0px;}<\/style><\/div>\n","protected":false},"excerpt":{"rendered":"<p>La pr\u00f3xima semana, los alcaldes presentar\u00e1n en Bruselas un plan de vivienda dise\u00f1ado para abordar la crisis habitacional en sus ciudades. Este plan contempla la creaci\u00f3n de un fondo europeo para la vivienda, que permitir\u00eda financiar la construcci\u00f3n de viviendas p\u00fablicas, sociales y asequibles, as\u00ed como la rehabilitaci\u00f3n de viviendas existentes .<\/p>\n","protected":false},"author":3,"featured_media":49575,"comment_status":"open","ping_status":"closed","sticky":false,"template":"","format":"standard","meta":{"_jetpack_memberships_contains_paid_content":false,"footnotes":"","jetpack_publicize_message":"","jetpack_publicize_feature_enabled":true,"jetpack_social_post_already_shared":true,"jetpack_social_options":{"image_generator_settings":{"template":"highway","default_image_id":0,"font":"","enabled":false},"version":2}},"categories":[7565],"tags":[8227],"class_list":["post-51360","post","type-post","status-publish","format-standard","has-post-thumbnail","hentry","category-noticias-mercado-inmobiliario","tag-newsletter-512"],"yoast_head":"<!-- This site is optimized with the Yoast SEO plugin v27.5 - https:\/\/yoast.com\/product\/yoast-seo-wordpress\/ -->\n<title>Grandes ciudades europeas por el derecho a la vivienda<\/title>\n<meta name=\"description\" content=\"Las principales ciudades europeas, como Barcelona, Par\u00eds y Roma, enfrentan una crisis habitacional que afecta a millones de ciudadanos\" \/>\n<meta name=\"robots\" content=\"index, follow, max-snippet:-1, max-image-preview:large, max-video-preview:-1\" \/>\n<link rel=\"canonical\" href=\"https:\/\/www.aquimicasa.net\/blog\/vivienda\/noticias-mercado-inmobiliario\/grandes-ciudades-europeas-por-el-derecho-a-la-vivienda\/\" \/>\n<meta property=\"og:locale\" content=\"es_ES\" \/>\n<meta property=\"og:type\" content=\"article\" \/>\n<meta property=\"og:title\" content=\"Grandes ciudades europeas por el derecho a la vivienda\" \/>\n<meta property=\"og:description\" content=\"Las principales ciudades europeas, como Barcelona, Par\u00eds y Roma, enfrentan una crisis habitacional que afecta a millones de ciudadanos\" \/>\n<meta property=\"og:url\" content=\"https:\/\/www.aquimicasa.net\/blog\/vivienda\/noticias-mercado-inmobiliario\/grandes-ciudades-europeas-por-el-derecho-a-la-vivienda\/\" \/>\n<meta property=\"og:site_name\" content=\"Blog de aquimicasa.net\" \/>\n<meta property=\"article:publisher\" content=\"https:\/\/www.facebook.com\/aquimicasa.net\" \/>\n<meta property=\"article:published_time\" content=\"2025-05-05T19:15:14+00:00\" \/>\n<meta property=\"og:image\" content=\"https:\/\/www.aquimicasa.net\/blog\/wp-content\/uploads\/Barcelona-52305-1-e1741985432113.jpg\" \/>\n\t<meta property=\"og:image:width\" content=\"600\" \/>\n\t<meta property=\"og:image:height\" content=\"337\" \/>\n\t<meta property=\"og:image:type\" content=\"image\/jpeg\" \/>\n<meta name=\"author\" content=\"Eduardo Lizarraga\" \/>\n<meta name=\"twitter:label1\" content=\"Escrito por\" \/>\n\t<meta name=\"twitter:data1\" content=\"Eduardo Lizarraga\" \/>\n\t<meta name=\"twitter:label2\" content=\"Tiempo de lectura\" \/>\n\t<meta name=\"twitter:data2\" content=\"5 minutos\" \/>\n<script type=\"application\/ld+json\" class=\"yoast-schema-graph\">{\"@context\":\"https:\\\/\\\/schema.org\",\"@graph\":[{\"@type\":\"Article\",\"@id\":\"https:\\\/\\\/www.aquimicasa.net\\\/blog\\\/vivienda\\\/noticias-mercado-inmobiliario\\\/grandes-ciudades-europeas-por-el-derecho-a-la-vivienda\\\/#article\",\"isPartOf\":{\"@id\":\"https:\\\/\\\/www.aquimicasa.net\\\/blog\\\/vivienda\\\/noticias-mercado-inmobiliario\\\/grandes-ciudades-europeas-por-el-derecho-a-la-vivienda\\\/\"},\"author\":{\"name\":\"Eduardo Lizarraga\",\"@id\":\"https:\\\/\\\/www.aquimicasa.net\\\/blog\\\/#\\\/schema\\\/person\\\/2cdfa2605534583395c8d7ce1d6cac14\"},\"headline\":\"\ud83c\udfd9\ufe0f Grandes ciudades europeas por el derecho a la vivienda\",\"datePublished\":\"2025-05-05T19:15:14+00:00\",\"mainEntityOfPage\":{\"@id\":\"https:\\\/\\\/www.aquimicasa.net\\\/blog\\\/vivienda\\\/noticias-mercado-inmobiliario\\\/grandes-ciudades-europeas-por-el-derecho-a-la-vivienda\\\/\"},\"wordCount\":1085,\"commentCount\":0,\"publisher\":{\"@id\":\"https:\\\/\\\/www.aquimicasa.net\\\/blog\\\/#organization\"},\"image\":{\"@id\":\"https:\\\/\\\/www.aquimicasa.net\\\/blog\\\/vivienda\\\/noticias-mercado-inmobiliario\\\/grandes-ciudades-europeas-por-el-derecho-a-la-vivienda\\\/#primaryimage\"},\"thumbnailUrl\":\"https:\\\/\\\/www.aquimicasa.net\\\/blog\\\/wp-content\\\/uploads\\\/Barcelona-52305-1-e1741985432113.jpg\",\"keywords\":[\"newsletter 512\"],\"articleSection\":[\"Noticias Mercado Inmobiliario\"],\"inLanguage\":\"es\",\"potentialAction\":[{\"@type\":\"CommentAction\",\"name\":\"Comment\",\"target\":[\"https:\\\/\\\/www.aquimicasa.net\\\/blog\\\/vivienda\\\/noticias-mercado-inmobiliario\\\/grandes-ciudades-europeas-por-el-derecho-a-la-vivienda\\\/#respond\"]}]},{\"@type\":\"WebPage\",\"@id\":\"https:\\\/\\\/www.aquimicasa.net\\\/blog\\\/vivienda\\\/noticias-mercado-inmobiliario\\\/grandes-ciudades-europeas-por-el-derecho-a-la-vivienda\\\/\",\"url\":\"https:\\\/\\\/www.aquimicasa.net\\\/blog\\\/vivienda\\\/noticias-mercado-inmobiliario\\\/grandes-ciudades-europeas-por-el-derecho-a-la-vivienda\\\/\",\"name\":\"Grandes ciudades europeas por el derecho a la vivienda\",\"isPartOf\":{\"@id\":\"https:\\\/\\\/www.aquimicasa.net\\\/blog\\\/#website\"},\"primaryImageOfPage\":{\"@id\":\"https:\\\/\\\/www.aquimicasa.net\\\/blog\\\/vivienda\\\/noticias-mercado-inmobiliario\\\/grandes-ciudades-europeas-por-el-derecho-a-la-vivienda\\\/#primaryimage\"},\"image\":{\"@id\":\"https:\\\/\\\/www.aquimicasa.net\\\/blog\\\/vivienda\\\/noticias-mercado-inmobiliario\\\/grandes-ciudades-europeas-por-el-derecho-a-la-vivienda\\\/#primaryimage\"},\"thumbnailUrl\":\"https:\\\/\\\/www.aquimicasa.net\\\/blog\\\/wp-content\\\/uploads\\\/Barcelona-52305-1-e1741985432113.jpg\",\"datePublished\":\"2025-05-05T19:15:14+00:00\",\"description\":\"Las principales ciudades europeas, como Barcelona, Par\u00eds y Roma, enfrentan una crisis habitacional que afecta a millones de ciudadanos\",\"breadcrumb\":{\"@id\":\"https:\\\/\\\/www.aquimicasa.net\\\/blog\\\/vivienda\\\/noticias-mercado-inmobiliario\\\/grandes-ciudades-europeas-por-el-derecho-a-la-vivienda\\\/#breadcrumb\"},\"inLanguage\":\"es\",\"potentialAction\":[{\"@type\":\"ReadAction\",\"target\":[\"https:\\\/\\\/www.aquimicasa.net\\\/blog\\\/vivienda\\\/noticias-mercado-inmobiliario\\\/grandes-ciudades-europeas-por-el-derecho-a-la-vivienda\\\/\"]}]},{\"@type\":\"ImageObject\",\"inLanguage\":\"es\",\"@id\":\"https:\\\/\\\/www.aquimicasa.net\\\/blog\\\/vivienda\\\/noticias-mercado-inmobiliario\\\/grandes-ciudades-europeas-por-el-derecho-a-la-vivienda\\\/#primaryimage\",\"url\":\"https:\\\/\\\/www.aquimicasa.net\\\/blog\\\/wp-content\\\/uploads\\\/Barcelona-52305-1-e1741985432113.jpg\",\"contentUrl\":\"https:\\\/\\\/www.aquimicasa.net\\\/blog\\\/wp-content\\\/uploads\\\/Barcelona-52305-1-e1741985432113.jpg\",\"width\":600,\"height\":337,\"caption\":\"Catalu\u00f1a seguir\u00e1 el modelo holand\u00e9s\"},{\"@type\":\"BreadcrumbList\",\"@id\":\"https:\\\/\\\/www.aquimicasa.net\\\/blog\\\/vivienda\\\/noticias-mercado-inmobiliario\\\/grandes-ciudades-europeas-por-el-derecho-a-la-vivienda\\\/#breadcrumb\",\"itemListElement\":[{\"@type\":\"ListItem\",\"position\":1,\"name\":\"Portada\",\"item\":\"https:\\\/\\\/www.aquimicasa.net\\\/blog\\\/\"},{\"@type\":\"ListItem\",\"position\":2,\"name\":\"\ud83c\udfd9\ufe0f Grandes ciudades europeas por el derecho a la vivienda\"}]},{\"@type\":\"WebSite\",\"@id\":\"https:\\\/\\\/www.aquimicasa.net\\\/blog\\\/#website\",\"url\":\"https:\\\/\\\/www.aquimicasa.net\\\/blog\\\/\",\"name\":\"Blog de aquimicasa.net\",\"description\":\"Noticias del Mundo Inmobiliario\",\"publisher\":{\"@id\":\"https:\\\/\\\/www.aquimicasa.net\\\/blog\\\/#organization\"},\"potentialAction\":[{\"@type\":\"SearchAction\",\"target\":{\"@type\":\"EntryPoint\",\"urlTemplate\":\"https:\\\/\\\/www.aquimicasa.net\\\/blog\\\/?s={search_term_string}\"},\"query-input\":{\"@type\":\"PropertyValueSpecification\",\"valueRequired\":true,\"valueName\":\"search_term_string\"}}],\"inLanguage\":\"es\"},{\"@type\":\"Organization\",\"@id\":\"https:\\\/\\\/www.aquimicasa.net\\\/blog\\\/#organization\",\"name\":\"Blog de aquimicasa.net\",\"url\":\"https:\\\/\\\/www.aquimicasa.net\\\/blog\\\/\",\"logo\":{\"@type\":\"ImageObject\",\"inLanguage\":\"es\",\"@id\":\"https:\\\/\\\/www.aquimicasa.net\\\/blog\\\/#\\\/schema\\\/logo\\\/image\\\/\",\"url\":\"https:\\\/\\\/www.aquimicasa.net\\\/blog\\\/wp-content\\\/uploads\\\/Logo-aquimicasa-1-e1528048213782.png\",\"contentUrl\":\"https:\\\/\\\/www.aquimicasa.net\\\/blog\\\/wp-content\\\/uploads\\\/Logo-aquimicasa-1-e1528048213782.png\",\"width\":225,\"height\":225,\"caption\":\"Blog de aquimicasa.net\"},\"image\":{\"@id\":\"https:\\\/\\\/www.aquimicasa.net\\\/blog\\\/#\\\/schema\\\/logo\\\/image\\\/\"},\"sameAs\":[\"https:\\\/\\\/www.facebook.com\\\/aquimicasa.net\",\"https:\\\/\\\/www.instagram.com\\\/\",\"https:\\\/\\\/x.com\\\/EduLizarragaD\",\"https:\\\/\\\/www.linkedin.com\\\/feed\\\/\"]},{\"@type\":\"Person\",\"@id\":\"https:\\\/\\\/www.aquimicasa.net\\\/blog\\\/#\\\/schema\\\/person\\\/2cdfa2605534583395c8d7ce1d6cac14\",\"name\":\"Eduardo Lizarraga\",\"image\":{\"@type\":\"ImageObject\",\"inLanguage\":\"es\",\"@id\":\"https:\\\/\\\/secure.gravatar.com\\\/avatar\\\/bdabe1eeeed97b65a9cb7de2edd624b07995f7e13abc5fead15961f745f908cc?s=96&d=mm&r=g\",\"url\":\"https:\\\/\\\/secure.gravatar.com\\\/avatar\\\/bdabe1eeeed97b65a9cb7de2edd624b07995f7e13abc5fead15961f745f908cc?s=96&d=mm&r=g\",\"contentUrl\":\"https:\\\/\\\/secure.gravatar.com\\\/avatar\\\/bdabe1eeeed97b65a9cb7de2edd624b07995f7e13abc5fead15961f745f908cc?s=96&d=mm&r=g\",\"caption\":\"Eduardo Lizarraga\"},\"description\":\"Periodista Econ\u00f3mico. Ha trabajado en diversos campos de la informaci\u00f3n. Corresponsal en conflictos, analista pol\u00edtico en Congreso y Senado, periodista del medio ambiente, editor, director editorial, director de comunicaci\u00f3n.... En estos momentos se ha especializado en el sector inmobiliario. Pero tambi\u00e9n es navegante y viajero, preocupado por la pobreza, el medio ambiente y por las actuaciones descontroladas del neoliberalismo empresarial y pol\u00edtico en todo el mundo. Los desahucios, la pobreza infantil y la falta de acceso a los suministros b\u00e1sicos son algunos de los grandes dramas de nuestra sociedad y que es preciso solucionar para hacerla m\u00e1s justa. CEO en www.aquimicasa.net\",\"sameAs\":[\"https:\\\/\\\/www.aquimicasa.net\\\/\"],\"url\":\"https:\\\/\\\/www.aquimicasa.net\\\/blog\\\/author\\\/eduardo\\\/\"}]}<\/script>\n<!-- \/ Yoast SEO plugin. -->","yoast_head_json":{"title":"Grandes ciudades europeas por el derecho a la vivienda","description":"Las principales ciudades europeas, como Barcelona, Par\u00eds y Roma, enfrentan una crisis habitacional que afecta a millones de ciudadanos","robots":{"index":"index","follow":"follow","max-snippet":"max-snippet:-1","max-image-preview":"max-image-preview:large","max-video-preview":"max-video-preview:-1"},"canonical":"https:\/\/www.aquimicasa.net\/blog\/vivienda\/noticias-mercado-inmobiliario\/grandes-ciudades-europeas-por-el-derecho-a-la-vivienda\/","og_locale":"es_ES","og_type":"article","og_title":"Grandes ciudades europeas por el derecho a la vivienda","og_description":"Las principales ciudades europeas, como Barcelona, Par\u00eds y Roma, enfrentan una crisis habitacional que afecta a millones de ciudadanos","og_url":"https:\/\/www.aquimicasa.net\/blog\/vivienda\/noticias-mercado-inmobiliario\/grandes-ciudades-europeas-por-el-derecho-a-la-vivienda\/","og_site_name":"Blog de aquimicasa.net","article_publisher":"https:\/\/www.facebook.com\/aquimicasa.net","article_published_time":"2025-05-05T19:15:14+00:00","og_image":[{"width":600,"height":337,"url":"https:\/\/www.aquimicasa.net\/blog\/wp-content\/uploads\/Barcelona-52305-1-e1741985432113.jpg","type":"image\/jpeg"}],"author":"Eduardo Lizarraga","twitter_misc":{"Escrito por":"Eduardo Lizarraga","Tiempo de lectura":"5 minutos"},"schema":{"@context":"https:\/\/schema.org","@graph":[{"@type":"Article","@id":"https:\/\/www.aquimicasa.net\/blog\/vivienda\/noticias-mercado-inmobiliario\/grandes-ciudades-europeas-por-el-derecho-a-la-vivienda\/#article","isPartOf":{"@id":"https:\/\/www.aquimicasa.net\/blog\/vivienda\/noticias-mercado-inmobiliario\/grandes-ciudades-europeas-por-el-derecho-a-la-vivienda\/"},"author":{"name":"Eduardo Lizarraga","@id":"https:\/\/www.aquimicasa.net\/blog\/#\/schema\/person\/2cdfa2605534583395c8d7ce1d6cac14"},"headline":"\ud83c\udfd9\ufe0f Grandes ciudades europeas por el derecho a la vivienda","datePublished":"2025-05-05T19:15:14+00:00","mainEntityOfPage":{"@id":"https:\/\/www.aquimicasa.net\/blog\/vivienda\/noticias-mercado-inmobiliario\/grandes-ciudades-europeas-por-el-derecho-a-la-vivienda\/"},"wordCount":1085,"commentCount":0,"publisher":{"@id":"https:\/\/www.aquimicasa.net\/blog\/#organization"},"image":{"@id":"https:\/\/www.aquimicasa.net\/blog\/vivienda\/noticias-mercado-inmobiliario\/grandes-ciudades-europeas-por-el-derecho-a-la-vivienda\/#primaryimage"},"thumbnailUrl":"https:\/\/www.aquimicasa.net\/blog\/wp-content\/uploads\/Barcelona-52305-1-e1741985432113.jpg","keywords":["newsletter 512"],"articleSection":["Noticias Mercado Inmobiliario"],"inLanguage":"es","potentialAction":[{"@type":"CommentAction","name":"Comment","target":["https:\/\/www.aquimicasa.net\/blog\/vivienda\/noticias-mercado-inmobiliario\/grandes-ciudades-europeas-por-el-derecho-a-la-vivienda\/#respond"]}]},{"@type":"WebPage","@id":"https:\/\/www.aquimicasa.net\/blog\/vivienda\/noticias-mercado-inmobiliario\/grandes-ciudades-europeas-por-el-derecho-a-la-vivienda\/","url":"https:\/\/www.aquimicasa.net\/blog\/vivienda\/noticias-mercado-inmobiliario\/grandes-ciudades-europeas-por-el-derecho-a-la-vivienda\/","name":"Grandes ciudades europeas por el derecho a la vivienda","isPartOf":{"@id":"https:\/\/www.aquimicasa.net\/blog\/#website"},"primaryImageOfPage":{"@id":"https:\/\/www.aquimicasa.net\/blog\/vivienda\/noticias-mercado-inmobiliario\/grandes-ciudades-europeas-por-el-derecho-a-la-vivienda\/#primaryimage"},"image":{"@id":"https:\/\/www.aquimicasa.net\/blog\/vivienda\/noticias-mercado-inmobiliario\/grandes-ciudades-europeas-por-el-derecho-a-la-vivienda\/#primaryimage"},"thumbnailUrl":"https:\/\/www.aquimicasa.net\/blog\/wp-content\/uploads\/Barcelona-52305-1-e1741985432113.jpg","datePublished":"2025-05-05T19:15:14+00:00","description":"Las principales ciudades europeas, como Barcelona, Par\u00eds y Roma, enfrentan una crisis habitacional que afecta a millones de ciudadanos","breadcrumb":{"@id":"https:\/\/www.aquimicasa.net\/blog\/vivienda\/noticias-mercado-inmobiliario\/grandes-ciudades-europeas-por-el-derecho-a-la-vivienda\/#breadcrumb"},"inLanguage":"es","potentialAction":[{"@type":"ReadAction","target":["https:\/\/www.aquimicasa.net\/blog\/vivienda\/noticias-mercado-inmobiliario\/grandes-ciudades-europeas-por-el-derecho-a-la-vivienda\/"]}]},{"@type":"ImageObject","inLanguage":"es","@id":"https:\/\/www.aquimicasa.net\/blog\/vivienda\/noticias-mercado-inmobiliario\/grandes-ciudades-europeas-por-el-derecho-a-la-vivienda\/#primaryimage","url":"https:\/\/www.aquimicasa.net\/blog\/wp-content\/uploads\/Barcelona-52305-1-e1741985432113.jpg","contentUrl":"https:\/\/www.aquimicasa.net\/blog\/wp-content\/uploads\/Barcelona-52305-1-e1741985432113.jpg","width":600,"height":337,"caption":"Catalu\u00f1a seguir\u00e1 el modelo holand\u00e9s"},{"@type":"BreadcrumbList","@id":"https:\/\/www.aquimicasa.net\/blog\/vivienda\/noticias-mercado-inmobiliario\/grandes-ciudades-europeas-por-el-derecho-a-la-vivienda\/#breadcrumb","itemListElement":[{"@type":"ListItem","position":1,"name":"Portada","item":"https:\/\/www.aquimicasa.net\/blog\/"},{"@type":"ListItem","position":2,"name":"\ud83c\udfd9\ufe0f Grandes ciudades europeas por el derecho a la vivienda"}]},{"@type":"WebSite","@id":"https:\/\/www.aquimicasa.net\/blog\/#website","url":"https:\/\/www.aquimicasa.net\/blog\/","name":"Blog de aquimicasa.net","description":"Noticias del Mundo Inmobiliario","publisher":{"@id":"https:\/\/www.aquimicasa.net\/blog\/#organization"},"potentialAction":[{"@type":"SearchAction","target":{"@type":"EntryPoint","urlTemplate":"https:\/\/www.aquimicasa.net\/blog\/?s={search_term_string}"},"query-input":{"@type":"PropertyValueSpecification","valueRequired":true,"valueName":"search_term_string"}}],"inLanguage":"es"},{"@type":"Organization","@id":"https:\/\/www.aquimicasa.net\/blog\/#organization","name":"Blog de aquimicasa.net","url":"https:\/\/www.aquimicasa.net\/blog\/","logo":{"@type":"ImageObject","inLanguage":"es","@id":"https:\/\/www.aquimicasa.net\/blog\/#\/schema\/logo\/image\/","url":"https:\/\/www.aquimicasa.net\/blog\/wp-content\/uploads\/Logo-aquimicasa-1-e1528048213782.png","contentUrl":"https:\/\/www.aquimicasa.net\/blog\/wp-content\/uploads\/Logo-aquimicasa-1-e1528048213782.png","width":225,"height":225,"caption":"Blog de aquimicasa.net"},"image":{"@id":"https:\/\/www.aquimicasa.net\/blog\/#\/schema\/logo\/image\/"},"sameAs":["https:\/\/www.facebook.com\/aquimicasa.net","https:\/\/www.instagram.com\/","https:\/\/x.com\/EduLizarragaD","https:\/\/www.linkedin.com\/feed\/"]},{"@type":"Person","@id":"https:\/\/www.aquimicasa.net\/blog\/#\/schema\/person\/2cdfa2605534583395c8d7ce1d6cac14","name":"Eduardo Lizarraga","image":{"@type":"ImageObject","inLanguage":"es","@id":"https:\/\/secure.gravatar.com\/avatar\/bdabe1eeeed97b65a9cb7de2edd624b07995f7e13abc5fead15961f745f908cc?s=96&d=mm&r=g","url":"https:\/\/secure.gravatar.com\/avatar\/bdabe1eeeed97b65a9cb7de2edd624b07995f7e13abc5fead15961f745f908cc?s=96&d=mm&r=g","contentUrl":"https:\/\/secure.gravatar.com\/avatar\/bdabe1eeeed97b65a9cb7de2edd624b07995f7e13abc5fead15961f745f908cc?s=96&d=mm&r=g","caption":"Eduardo Lizarraga"},"description":"Periodista Econ\u00f3mico. Ha trabajado en diversos campos de la informaci\u00f3n. Corresponsal en conflictos, analista pol\u00edtico en Congreso y Senado, periodista del medio ambiente, editor, director editorial, director de comunicaci\u00f3n.... En estos momentos se ha especializado en el sector inmobiliario. Pero tambi\u00e9n es navegante y viajero, preocupado por la pobreza, el medio ambiente y por las actuaciones descontroladas del neoliberalismo empresarial y pol\u00edtico en todo el mundo. Los desahucios, la pobreza infantil y la falta de acceso a los suministros b\u00e1sicos son algunos de los grandes dramas de nuestra sociedad y que es preciso solucionar para hacerla m\u00e1s justa. CEO en www.aquimicasa.net","sameAs":["https:\/\/www.aquimicasa.net\/"],"url":"https:\/\/www.aquimicasa.net\/blog\/author\/eduardo\/"}]}},"jetpack_publicize_connections":[],"jetpack_featured_media_url":"https:\/\/www.aquimicasa.net\/blog\/wp-content\/uploads\/Barcelona-52305-1-e1741985432113.jpg","jetpack_sharing_enabled":true,"jetpack_likes_enabled":true,"_links":{"self":[{"href":"https:\/\/www.aquimicasa.net\/blog\/wp-json\/wp\/v2\/posts\/51360","targetHints":{"allow":["GET"]}}],"collection":[{"href":"https:\/\/www.aquimicasa.net\/blog\/wp-json\/wp\/v2\/posts"}],"about":[{"href":"https:\/\/www.aquimicasa.net\/blog\/wp-json\/wp\/v2\/types\/post"}],"author":[{"embeddable":true,"href":"https:\/\/www.aquimicasa.net\/blog\/wp-json\/wp\/v2\/users\/3"}],"replies":[{"embeddable":true,"href":"https:\/\/www.aquimicasa.net\/blog\/wp-json\/wp\/v2\/comments?post=51360"}],"version-history":[{"count":2,"href":"https:\/\/www.aquimicasa.net\/blog\/wp-json\/wp\/v2\/posts\/51360\/revisions"}],"predecessor-version":[{"id":51362,"href":"https:\/\/www.aquimicasa.net\/blog\/wp-json\/wp\/v2\/posts\/51360\/revisions\/51362"}],"wp:featuredmedia":[{"embeddable":true,"href":"https:\/\/www.aquimicasa.net\/blog\/wp-json\/wp\/v2\/media\/49575"}],"wp:attachment":[{"href":"https:\/\/www.aquimicasa.net\/blog\/wp-json\/wp\/v2\/media?parent=51360"}],"wp:term":[{"taxonomy":"category","embeddable":true,"href":"https:\/\/www.aquimicasa.net\/blog\/wp-json\/wp\/v2\/categories?post=51360"},{"taxonomy":"post_tag","embeddable":true,"href":"https:\/\/www.aquimicasa.net\/blog\/wp-json\/wp\/v2\/tags?post=51360"}],"curies":[{"name":"wp","href":"https:\/\/api.w.org\/{rel}","templated":true}]}}