{"id":51469,"date":"2025-05-14T20:58:26","date_gmt":"2025-05-14T18:58:26","guid":{"rendered":"https:\/\/www.aquimicasa.net\/blog\/?p=51469"},"modified":"2025-05-14T20:58:26","modified_gmt":"2025-05-14T18:58:26","slug":"san-sebastian-ha-sido-declarada-zona-tensionada-%f0%9f%8f%99%ef%b8%8f%f0%9f%93%89","status":"publish","type":"post","link":"https:\/\/www.aquimicasa.net\/blog\/consumo\/consumidores\/san-sebastian-ha-sido-declarada-zona-tensionada-%f0%9f%8f%99%ef%b8%8f%f0%9f%93%89\/","title":{"rendered":"San Sebasti\u00e1n ha sido declarada zona tensionada \ud83c\udfd9\ufe0f\ud83d\udcc9"},"content":{"rendered":"<div class=\"fusion-fullwidth fullwidth-box fusion-builder-row-1 fusion-flex-container nonhundred-percent-fullwidth non-hundred-percent-height-scrolling\" style=\"background-color: rgba(255,255,255,0);background-position: center center;background-repeat: no-repeat;border-width: 0px 0px 0px 0px;border-color:#eae9e9;border-style:solid;\" ><div class=\"fusion-builder-row fusion-row fusion-flex-align-items-flex-start\" style=\"max-width:1144px;margin-left: calc(-4% \/ 2 );margin-right: calc(-4% \/ 2 );\"><div class=\"fusion-layout-column fusion_builder_column fusion-builder-column-0 fusion_builder_column_1_1 1_1 fusion-flex-column\"><div class=\"fusion-column-wrapper fusion-flex-justify-content-flex-start fusion-content-layout-column\" style=\"background-position:left top;background-repeat:no-repeat;-webkit-background-size:cover;-moz-background-size:cover;-o-background-size:cover;background-size:cover;padding: 0px 0px 0px 0px;\"><div class=\"fusion-text fusion-text-1\"><p class=\"\" data-start=\"57\" data-end=\"568\">San Sebasti\u00e1n ha sido oficialmente declarada <strong data-start=\"102\" data-end=\"144\">zona de mercado residencial tensionado<\/strong> por el Departamento de Vivienda y Agenda Urbana del Gobierno Vasco. A la espera de su publicaci\u00f3n definitiva en el <em data-start=\"260\" data-end=\"294\">Bolet\u00edn Oficial del Estado (BOE)<\/em>, prevista para el mes de julio, esta calificaci\u00f3n supone un punto de inflexi\u00f3n para la pol\u00edtica de vivienda en la capital guipuzcoana. El objetivo: <strong data-start=\"443\" data-end=\"565\">corregir las disfunciones del mercado, estabilizar los precios del alquiler y aumentar la oferta residencial asequible<\/strong>.<\/p>\n<p class=\"\" data-start=\"570\" data-end=\"987\">Se trata de la <strong data-start=\"585\" data-end=\"610\">primera capital vasca<\/strong> en obtener esta calificaci\u00f3n, que tendr\u00e1 una vigencia inicial de tres a\u00f1os. La medida se enmarca en la Ley de Vivienda estatal, pero ha sido trabajada y consensuada entre el <strong data-start=\"785\" data-end=\"861\">Ayuntamiento de San Sebasti\u00e1n, el Gobierno Vasco y el Gobierno de Espa\u00f1a<\/strong>, marcando una l\u00ednea de colaboraci\u00f3n interinstitucional que puede servir de modelo para otros municipios en situaci\u00f3n similar.<\/p>\n<h2 class=\"\" data-start=\"994\" data-end=\"1057\"><strong>La situaci\u00f3n del mercado de la vivienda en San Sebasti\u00e1n<\/strong> \ud83c\udfd8\ufe0f<\/h2>\n<p class=\"\" data-start=\"1059\" data-end=\"1326\">El diagn\u00f3stico es claro y preocupante: <strong data-start=\"1098\" data-end=\"1164\">Donostia es una de las ciudades m\u00e1s caras de Espa\u00f1a para vivir<\/strong>. Seg\u00fan los datos aportados por <strong data-start=\"1196\" data-end=\"1221\">Donostiako Etxegintza<\/strong>, el precio medio de compraventa ha alcanzado los <strong data-start=\"1271\" data-end=\"1285\">5.370 \u20ac\/m\u00b2<\/strong>, una de las cifras m\u00e1s altas del pa\u00eds.<\/p>\n<p class=\"\" data-start=\"1328\" data-end=\"1734\">En el mercado del alquiler, la situaci\u00f3n no es mucho m\u00e1s alentadora. El precio medio mensual en 2023 se situ\u00f3 en <strong data-start=\"1441\" data-end=\"1456\">1.037 euros<\/strong>, con un crecimiento del <strong data-start=\"1481\" data-end=\"1516\">13,6% en los \u00faltimos cinco a\u00f1os<\/strong>. Adem\u00e1s, el esfuerzo econ\u00f3mico que deben realizar los hogares para acceder a una vivienda ha superado el l\u00edmite del 30% recomendado por los organismos internacionales, alcanzando el <strong data-start=\"1699\" data-end=\"1731\">31,6% de la renta disponible<\/strong>.<\/p>\n<p class=\"\" data-start=\"1736\" data-end=\"1795\">A esta realidad se suma una oferta limitada y envejecida:<\/p>\n<ul data-start=\"1796\" data-end=\"2058\">\n<li class=\"\" data-start=\"1796\" data-end=\"1825\">\n<p class=\"\" data-start=\"1798\" data-end=\"1825\">95.000 viviendas en total<\/p>\n<\/li>\n<li class=\"\" data-start=\"1826\" data-end=\"1859\">\n<p class=\"\" data-start=\"1828\" data-end=\"1859\">Antig\u00fcedad media: <strong data-start=\"1846\" data-end=\"1857\">53 a\u00f1os<\/strong><\/p>\n<\/li>\n<li class=\"\" data-start=\"1860\" data-end=\"1937\">\n<p class=\"\" data-start=\"1862\" data-end=\"1937\">El <strong data-start=\"1865\" data-end=\"1891\">20% carece de ascensor<\/strong> (hasta el 31% en barrios como Intxaurrondo)<\/p>\n<\/li>\n<li class=\"\" data-start=\"1938\" data-end=\"1985\">\n<p class=\"\" data-start=\"1940\" data-end=\"1985\"><strong data-start=\"1940\" data-end=\"1966\">2.109 viviendas vac\u00edas<\/strong> (2,2% del total)<\/p>\n<\/li>\n<li class=\"\" data-start=\"1986\" data-end=\"2058\">\n<p class=\"\" data-start=\"1988\" data-end=\"2058\"><strong data-start=\"1988\" data-end=\"2018\">1.395 viviendas tur\u00edsticas<\/strong> (1,4%), concentradas en Centro y Gros<\/p>\n<\/li>\n<\/ul>\n<p class=\"\" data-start=\"2060\" data-end=\"2240\">La combinaci\u00f3n de alta demanda, poca oferta, viviendas envejecidas y precios disparados ha convertido a Donostia en un epicentro de la <strong data-start=\"2195\" data-end=\"2218\">crisis habitacional<\/strong> que atraviesa Espa\u00f1a.<\/p>\n<h2 class=\"\" data-start=\"2247\" data-end=\"2297\"><strong>Se trabaja en ampliar la oferta de vivienda<\/strong> \ud83c\udfd7\ufe0f<\/h2>\n<p class=\"\" data-start=\"2299\" data-end=\"2546\">El anuncio oficial ha sido presentado en el Ayuntamiento con la participaci\u00f3n del consejero de Vivienda y Agenda Urbana, <strong data-start=\"2420\" data-end=\"2436\">Denis Itxaso<\/strong>, y el alcalde, <strong data-start=\"2452\" data-end=\"2466\">Eneko Goia<\/strong>, quienes han subrayado la <strong data-start=\"2493\" data-end=\"2545\">necesidad de actuar con urgencia y determinaci\u00f3n<\/strong>.<\/p>\n<blockquote data-start=\"2548\" data-end=\"2898\">\n<p class=\"\" data-start=\"2550\" data-end=\"2898\">\u00abSan Sebasti\u00e1n es uno de los municipios vascos donde m\u00e1s se deja notar el tensionamiento del mercado\u00bb, ha declarado Itxaso. \u00abVamos a desplegar <strong data-start=\"2693\" data-end=\"2751\">todo el potencial de la declaraci\u00f3n de zona tensionada<\/strong>, desde la colaboraci\u00f3n interinstitucional hasta la protecci\u00f3n de las personas inquilinas, y siempre con garant\u00edas para las personas propietarias\u00bb.<\/p>\n<\/blockquote>\n<p class=\"\" data-start=\"2900\" data-end=\"3083\">Itxaso ha anunciado un <strong data-start=\"2923\" data-end=\"3005\">ambicioso plan de construcci\u00f3n de vivienda p\u00fablica y alojamientos dotacionales<\/strong>, con una previsi\u00f3n a corto y medio plazo de <strong data-start=\"3050\" data-end=\"3082\">m\u00e1s de 1.350 nuevas unidades<\/strong>:<\/p>\n<ul data-start=\"3085\" data-end=\"3329\">\n<li class=\"\" data-start=\"3085\" data-end=\"3121\">\n<p class=\"\" data-start=\"3087\" data-end=\"3121\"><strong data-start=\"3087\" data-end=\"3104\">Ciudad Jard\u00edn<\/strong>: 100 viviendas<\/p>\n<\/li>\n<li class=\"\" data-start=\"3122\" data-end=\"3164\">\n<p class=\"\" data-start=\"3124\" data-end=\"3164\"><strong data-start=\"3124\" data-end=\"3145\">Riberas de Loiola<\/strong>: 83 alojamientos<\/p>\n<\/li>\n<li class=\"\" data-start=\"3165\" data-end=\"3202\">\n<p class=\"\" data-start=\"3167\" data-end=\"3202\"><strong data-start=\"3167\" data-end=\"3185\">Txomin Enea II<\/strong>: 400 viviendas<\/p>\n<\/li>\n<li class=\"\" data-start=\"3203\" data-end=\"3240\">\n<p class=\"\" data-start=\"3205\" data-end=\"3240\"><strong data-start=\"3205\" data-end=\"3216\">Morlans<\/strong>: 160-180 alojamientos<\/p>\n<\/li>\n<li class=\"\" data-start=\"3241\" data-end=\"3277\">\n<p class=\"\" data-start=\"3243\" data-end=\"3277\"><strong data-start=\"3243\" data-end=\"3260\">Playa de V\u00edas<\/strong>: 500 viviendas<\/p>\n<\/li>\n<li class=\"\" data-start=\"3278\" data-end=\"3329\">\n<p class=\"\" data-start=\"3280\" data-end=\"3329\"><strong data-start=\"3280\" data-end=\"3310\">Campos El\u00edseos &#8211; Martutene<\/strong>: 98 alojamientos<\/p>\n<\/li>\n<\/ul>\n<p class=\"\" data-start=\"3331\" data-end=\"3499\">A m\u00e1s largo plazo, los acuerdos con el Ayuntamiento permitir\u00e1n avanzar en <strong data-start=\"3405\" data-end=\"3444\">operaciones urbanas de mayor calado<\/strong>, como los <strong data-start=\"3455\" data-end=\"3478\">Cuarteles de Loiola<\/strong> y <strong data-start=\"3481\" data-end=\"3498\">Auditz Akular<\/strong>.<\/p>\n<blockquote data-start=\"3501\" data-end=\"3712\">\n<p class=\"\" data-start=\"3503\" data-end=\"3712\">\u201cEstamos hablando de actuaciones clave para garantizar el acceso a la vivienda\u201d, ha se\u00f1alado Itxaso. \u201cContamos con la colaboraci\u00f3n del Ayuntamiento, y nuestra disposici\u00f3n es absoluta para avanzar con rapidez\u201d.<\/p>\n<\/blockquote>\n<h2 class=\"\" data-start=\"3719\" data-end=\"3785\"><strong>Vitoria-Gasteiz y Bilbao lo ser\u00e1n en las pr\u00f3ximas semanas<\/strong> \ud83d\uddfa\ufe0f\ud83d\udccc<\/h2>\n<p class=\"\" data-start=\"3787\" data-end=\"4044\">La declaraci\u00f3n de San Sebasti\u00e1n abre el camino para otras capitales vascas. Seg\u00fan ha confirmado el propio Departamento de Vivienda, <strong data-start=\"3919\" data-end=\"4000\">Vitoria-Gasteiz y Bilbao est\u00e1n en proceso de ser declaradas zonas tensionadas<\/strong>, previsiblemente en las pr\u00f3ximas semanas.<\/p>\n<p class=\"\" data-start=\"4046\" data-end=\"4410\">Este reconocimiento permitir\u00e1 la aplicaci\u00f3n de medidas similares en esas ciudades, donde tambi\u00e9n se detectan s\u00edntomas claros de <strong data-start=\"4174\" data-end=\"4220\">desequilibrio entre la oferta y la demanda<\/strong>, con una presi\u00f3n notable en el mercado del alquiler y dificultad de acceso a la vivienda para amplios sectores de la poblaci\u00f3n, especialmente j\u00f3venes y familias con ingresos medios o bajos.<\/p>\n<h2 class=\"\" data-start=\"4417\" data-end=\"4523\"><strong>Plan del Ayuntamiento de San Sebasti\u00e1n para incrementar la oferta de vivienda a precios asequibles<\/strong> \ud83d\udcc5\ud83c\udfe1<\/h2>\n<p class=\"\" data-start=\"4525\" data-end=\"4662\">El Ayuntamiento ha elaborado una <strong data-start=\"4558\" data-end=\"4602\">hoja de ruta para los pr\u00f3ximos tres a\u00f1os<\/strong>, con medidas estructuradas en <strong data-start=\"4633\" data-end=\"4661\">cuatro ejes estrat\u00e9gicos<\/strong>:<\/p>\n<h3 class=\"\" data-start=\"4664\" data-end=\"4701\"><strong>1. Fomento del alquiler asequible<\/strong><\/h3>\n<p class=\"\" data-start=\"4703\" data-end=\"4789\">Con una previsi\u00f3n de edificar <strong data-start=\"4733\" data-end=\"4772\">1.360 nuevas unidades residenciales<\/strong>, que incluyen:<\/p>\n<ul data-start=\"4790\" data-end=\"4860\">\n<li class=\"\" data-start=\"4790\" data-end=\"4824\">\n<p class=\"\" data-start=\"4792\" data-end=\"4824\"><strong data-start=\"4792\" data-end=\"4822\">1.018 viviendas protegidas<\/strong><\/p>\n<\/li>\n<li class=\"\" data-start=\"4825\" data-end=\"4860\">\n<p class=\"\" data-start=\"4827\" data-end=\"4860\"><strong data-start=\"4827\" data-end=\"4860\">342 alojamientos dotacionales<\/strong><\/p>\n<\/li>\n<\/ul>\n<p class=\"\" data-start=\"4862\" data-end=\"4899\">Distribuidas en diferentes \u00e1mbitos:<\/p>\n<ul data-start=\"4900\" data-end=\"5076\">\n<li class=\"\" data-start=\"4900\" data-end=\"4923\">\n<p class=\"\" data-start=\"4902\" data-end=\"4923\">Txomin Enea II: 400<\/p>\n<\/li>\n<li class=\"\" data-start=\"4924\" data-end=\"4944\">\n<p class=\"\" data-start=\"4926\" data-end=\"4944\">El Infierno: 305<\/p>\n<\/li>\n<li class=\"\" data-start=\"4945\" data-end=\"4965\">\n<p class=\"\" data-start=\"4947\" data-end=\"4965\">Morlans: 160-180<\/p>\n<\/li>\n<li class=\"\" data-start=\"4966\" data-end=\"5004\">\n<p class=\"\" data-start=\"4968\" data-end=\"5004\">Illarra e Illarra Berri: 156 + 105<\/p>\n<\/li>\n<li class=\"\" data-start=\"5005\" data-end=\"5020\">\n<p class=\"\" data-start=\"5007\" data-end=\"5020\">A\u00f1orga: 100<\/p>\n<\/li>\n<li class=\"\" data-start=\"5021\" data-end=\"5046\">\n<p class=\"\" data-start=\"5023\" data-end=\"5046\">Riberas de Loiola: 83<\/p>\n<\/li>\n<li class=\"\" data-start=\"5047\" data-end=\"5065\">\n<p class=\"\" data-start=\"5049\" data-end=\"5065\">Apostolado: 16<\/p>\n<\/li>\n<li class=\"\" data-start=\"5066\" data-end=\"5076\">\n<p class=\"\" data-start=\"5068\" data-end=\"5076\">Rodil: 9<\/p>\n<\/li>\n<\/ul>\n<h3 class=\"\" data-start=\"5078\" data-end=\"5130\"><strong>2. Rehabilitaci\u00f3n y regeneraci\u00f3n urbana<\/strong> \ud83c\udfda\ufe0f\u27a1\ufe0f\ud83c\udfd8\ufe0f<\/h3>\n<p class=\"\" data-start=\"5132\" data-end=\"5338\">Se impulsar\u00e1n actuaciones para <strong data-start=\"5163\" data-end=\"5230\">mejorar la habitabilidad, accesibilidad y eficiencia energ\u00e9tica<\/strong>, con especial atenci\u00f3n a los <strong data-start=\"5260\" data-end=\"5283\">barrios envejecidos<\/strong> y a las <strong data-start=\"5292\" data-end=\"5337\">personas mayores o con movilidad reducida<\/strong>.<\/p>\n<h3 class=\"\" data-start=\"5340\" data-end=\"5382\"><strong>3. Ampliaci\u00f3n de ayudas al alquiler<\/strong> \ud83d\udcb6<\/h3>\n<p class=\"\" data-start=\"5384\" data-end=\"5413\">Se reforzar\u00e1n programas como:<\/p>\n<ul data-start=\"5414\" data-end=\"5560\">\n<li class=\"\" data-start=\"5414\" data-end=\"5482\">\n<p class=\"\" data-start=\"5416\" data-end=\"5482\"><strong data-start=\"5416\" data-end=\"5430\">Gaztelagun<\/strong>: ayuda espec\u00edfica para j\u00f3venes menores de 36 a\u00f1os<\/p>\n<\/li>\n<li class=\"\" data-start=\"5483\" data-end=\"5526\">\n<p class=\"\" data-start=\"5485\" data-end=\"5526\"><strong data-start=\"5485\" data-end=\"5524\">Prestaciones Econ\u00f3micas de Vivienda<\/strong><\/p>\n<\/li>\n<li class=\"\" data-start=\"5527\" data-end=\"5560\">\n<p class=\"\" data-start=\"5529\" data-end=\"5560\"><strong data-start=\"5529\" data-end=\"5560\">Ayudas de Emergencia Social<\/strong><\/p>\n<\/li>\n<\/ul>\n<p class=\"\" data-start=\"5562\" data-end=\"5598\">En la actualidad, en Donostia hay:<\/p>\n<ul data-start=\"5599\" data-end=\"5765\">\n<li class=\"\" data-start=\"5599\" data-end=\"5644\">\n<p class=\"\" data-start=\"5601\" data-end=\"5644\"><strong data-start=\"5601\" data-end=\"5628\">452 expedientes activos<\/strong> de Gaztelagun<\/p>\n<\/li>\n<li class=\"\" data-start=\"5645\" data-end=\"5680\">\n<p class=\"\" data-start=\"5647\" data-end=\"5680\"><strong data-start=\"5647\" data-end=\"5678\">285 expedientes finalizados<\/strong><\/p>\n<\/li>\n<li class=\"\" data-start=\"5681\" data-end=\"5765\">\n<p class=\"\" data-start=\"5683\" data-end=\"5765\">Cientos de hogares que han podido estabilizar su situaci\u00f3n gracias a estas ayudas.<\/p>\n<\/li>\n<\/ul>\n<h3 class=\"\" data-start=\"5767\" data-end=\"5808\"><strong>4. Colaboraci\u00f3n interinstitucional<\/strong> \ud83e\udd1d<\/h3>\n<p class=\"\" data-start=\"5810\" data-end=\"6035\">El alcalde Eneko Goia ha resaltado que el Ayuntamiento mantiene una deuda de <strong data-start=\"5887\" data-end=\"5960\">150 millones de euros destinada a la construcci\u00f3n de vivienda p\u00fablica<\/strong>, y que la ciudad es propietaria de <strong data-start=\"5996\" data-end=\"6034\">m\u00e1s de 2.000 elementos alquilables<\/strong>.<\/p>\n<blockquote data-start=\"6037\" data-end=\"6175\">\n<p class=\"\" data-start=\"6039\" data-end=\"6175\">\u201cSomos el consistorio que m\u00e1s esfuerzo financiero realiza para generar vivienda p\u00fablica\u201d, ha dicho. \u201cPero necesitamos m\u00e1s herramientas\u201d.<\/p>\n<\/blockquote>\n<p class=\"\" data-start=\"6177\" data-end=\"6440\">Goia ha subrayado la buena <strong data-start=\"6204\" data-end=\"6276\">sinton\u00eda institucional con el Gobierno Vasco y el Gobierno de Espa\u00f1a<\/strong>, que ha permitido desbloquear, por ejemplo, el desarrollo de <strong data-start=\"6338\" data-end=\"6356\">Txomin Enea II<\/strong> una vez se cierre la c\u00e1rcel, y avanzar en <strong data-start=\"6399\" data-end=\"6439\">nuevos convenios de cesi\u00f3n de suelos<\/strong>.<\/p>\n<blockquote data-start=\"6442\" data-end=\"6682\">\n<p class=\"\" data-start=\"6444\" data-end=\"6682\">\u201cDonostia est\u00e1 implicada en la lucha contra el problema de la vivienda, pero hay que dar un paso m\u00e1s\u201d, ha se\u00f1alado. \u201cEsperamos que todas estas medidas tengan dotaci\u00f3n presupuestaria suficiente para avanzar con compromiso y determinaci\u00f3n\u201d.<\/p>\n<\/blockquote>\n<h2 class=\"\" data-start=\"6689\" data-end=\"6748\"><strong>Una respuesta estructural ante la crisis habitacional<\/strong> \ud83e\udde9<\/h2>\n<p class=\"\" data-start=\"6750\" data-end=\"7051\">La declaraci\u00f3n de San Sebasti\u00e1n como zona tensionada no es solo una etiqueta: es <strong data-start=\"6831\" data-end=\"6895\">una herramienta para intervenir en un mercado desequilibrado<\/strong>, donde los precios han expulsado a muchas familias del centro urbano y donde cada vez m\u00e1s personas tienen dificultades para encontrar una vivienda digna.<\/p>\n<p class=\"\" data-start=\"7053\" data-end=\"7438\">El trabajo conjunto entre <strong data-start=\"7079\" data-end=\"7132\">Ayuntamiento, Gobierno Vasco y Gobierno de Espa\u00f1a<\/strong> abre la puerta a soluciones reales y sostenidas en el tiempo. Si las medidas previstas se ejecutan con eficacia, <strong data-start=\"7246\" data-end=\"7300\">Donostia podr\u00eda convertirse en un ejemplo a seguir<\/strong>, dentro de una pol\u00edtica habitacional m\u00e1s justa y racional, donde el derecho a la vivienda deje de ser una quimera para tantas personas.<\/p>\n<p class=\"\" data-start=\"7440\" data-end=\"7679\">\ud83d\udccc <em data-start=\"7443\" data-end=\"7679\">La vivienda no puede ser un lujo. Y, como han demostrado Itxaso y Goia, con voluntad pol\u00edtica, planificaci\u00f3n y colaboraci\u00f3n, se pueden poner en marcha los cambios necesarios para que vuelva a ser un derecho real y efectivo para todos.<\/em><\/p>\n<p class=\"\" data-start=\"7687\" data-end=\"7873\">\u2705 <em data-start=\"7689\" data-end=\"7870\">Seguiremos informando desde Aquimicasa sobre la evoluci\u00f3n de este plan y su impacto en el mercado residencial. Porque el acceso a la vivienda digna debe ser una prioridad de pa\u00eds.<\/em> \ud83c\udfe1<\/p>\n<hr \/>\n<\/div><\/div><style type=\"text\/css\">.fusion-body .fusion-builder-column-0{width:100% !important;margin-top : 0px;margin-bottom : 0px;}.fusion-builder-column-0 > .fusion-column-wrapper {padding-top : 0px !important;padding-right : 0px !important;margin-right : 1.92%;padding-bottom : 0px !important;padding-left : 0px !important;margin-left : 1.92%;}@media only screen and (max-width:1024px) {.fusion-body .fusion-builder-column-0{width:100% !important;}.fusion-builder-column-0 > .fusion-column-wrapper {margin-right : 1.92%;margin-left : 1.92%;}}@media only screen and (max-width:640px) {.fusion-body .fusion-builder-column-0{width:100% !important;}.fusion-builder-column-0 > .fusion-column-wrapper {margin-right : 1.92%;margin-left : 1.92%;}}<\/style><\/div><\/div><style type=\"text\/css\">.fusion-body .fusion-flex-container.fusion-builder-row-1{ padding-top : 0px;margin-top : 0px;padding-right : 0px;padding-bottom : 0px;margin-bottom : 0px;padding-left : 0px;}<\/style><\/div>\n","protected":false},"excerpt":{"rendered":"<p>La declaraci\u00f3n de San Sebasti\u00e1n abre el camino para otras capitales vascas. Seg\u00fan ha confirmado el propio Departamento de Vivienda, Vitoria-Gasteiz y Bilbao est\u00e1n en proceso de ser declaradas zonas tensionadas, previsiblemente en las pr\u00f3ximas semanas.<\/p>\n","protected":false},"author":3,"featured_media":51479,"comment_status":"open","ping_status":"closed","sticky":false,"template":"","format":"standard","meta":{"_jetpack_memberships_contains_paid_content":false,"footnotes":"","jetpack_publicize_message":"","jetpack_publicize_feature_enabled":true,"jetpack_social_post_already_shared":true,"jetpack_social_options":{"image_generator_settings":{"template":"highway","default_image_id":0,"font":"","enabled":false},"version":2}},"categories":[120,7512],"tags":[8228],"class_list":["post-51469","post","type-post","status-publish","format-standard","has-post-thumbnail","hentry","category-alquileres","category-consumidores","tag-newsletter-513"],"yoast_head":"<!-- This site is optimized with the Yoast SEO plugin v27.5 - https:\/\/yoast.com\/product\/yoast-seo-wordpress\/ -->\n<title>San Sebasti\u00e1n ha sido declarada zona tensionada<\/title>\n<meta name=\"description\" content=\"Donostia es una de las ciudades m\u00e1s caras de Espa\u00f1a para vivir, el precio medio de compraventa ha alcanzado los 5.370 \u20ac\/m\u00b2\" \/>\n<meta name=\"robots\" content=\"index, follow, max-snippet:-1, max-image-preview:large, max-video-preview:-1\" \/>\n<link rel=\"canonical\" href=\"https:\/\/www.aquimicasa.net\/blog\/consumo\/consumidores\/san-sebastian-ha-sido-declarada-zona-tensionada-\ud83c\udfd9\ufe0f\ud83d\udcc9\/\" \/>\n<meta property=\"og:locale\" content=\"es_ES\" \/>\n<meta property=\"og:type\" content=\"article\" \/>\n<meta property=\"og:title\" content=\"San Sebasti\u00e1n ha sido declarada zona tensionada\" \/>\n<meta property=\"og:description\" content=\"Donostia es una de las ciudades m\u00e1s caras de Espa\u00f1a para vivir, el precio medio de compraventa ha alcanzado los 5.370 \u20ac\/m\u00b2\" \/>\n<meta property=\"og:url\" content=\"https:\/\/www.aquimicasa.net\/blog\/consumo\/consumidores\/san-sebastian-ha-sido-declarada-zona-tensionada-\ud83c\udfd9\ufe0f\ud83d\udcc9\/\" \/>\n<meta property=\"og:site_name\" content=\"Blog de aquimicasa.net\" \/>\n<meta property=\"article:publisher\" content=\"https:\/\/www.facebook.com\/aquimicasa.net\" \/>\n<meta property=\"article:published_time\" content=\"2025-05-14T18:58:26+00:00\" \/>\n<meta property=\"og:image\" content=\"https:\/\/www.aquimicasa.net\/blog\/wp-content\/uploads\/San-Sebastian-3.jpg\" \/>\n\t<meta property=\"og:image:width\" content=\"940\" \/>\n\t<meta property=\"og:image:height\" content=\"532\" \/>\n\t<meta property=\"og:image:type\" content=\"image\/jpeg\" \/>\n<meta name=\"author\" content=\"Eduardo Lizarraga\" \/>\n<meta name=\"twitter:label1\" content=\"Escrito por\" \/>\n\t<meta name=\"twitter:data1\" content=\"Eduardo Lizarraga\" \/>\n\t<meta name=\"twitter:label2\" content=\"Tiempo de lectura\" \/>\n\t<meta name=\"twitter:data2\" content=\"6 minutos\" \/>\n<script type=\"application\/ld+json\" class=\"yoast-schema-graph\">{\"@context\":\"https:\\\/\\\/schema.org\",\"@graph\":[{\"@type\":\"Article\",\"@id\":\"https:\\\/\\\/www.aquimicasa.net\\\/blog\\\/consumo\\\/consumidores\\\/san-sebastian-ha-sido-declarada-zona-tensionada-%f0%9f%8f%99%ef%b8%8f%f0%9f%93%89\\\/#article\",\"isPartOf\":{\"@id\":\"https:\\\/\\\/www.aquimicasa.net\\\/blog\\\/consumo\\\/consumidores\\\/san-sebastian-ha-sido-declarada-zona-tensionada-%f0%9f%8f%99%ef%b8%8f%f0%9f%93%89\\\/\"},\"author\":{\"name\":\"Eduardo Lizarraga\",\"@id\":\"https:\\\/\\\/www.aquimicasa.net\\\/blog\\\/#\\\/schema\\\/person\\\/2cdfa2605534583395c8d7ce1d6cac14\"},\"headline\":\"San Sebasti\u00e1n ha sido declarada zona tensionada \ud83c\udfd9\ufe0f\ud83d\udcc9\",\"datePublished\":\"2025-05-14T18:58:26+00:00\",\"mainEntityOfPage\":{\"@id\":\"https:\\\/\\\/www.aquimicasa.net\\\/blog\\\/consumo\\\/consumidores\\\/san-sebastian-ha-sido-declarada-zona-tensionada-%f0%9f%8f%99%ef%b8%8f%f0%9f%93%89\\\/\"},\"wordCount\":1449,\"commentCount\":0,\"publisher\":{\"@id\":\"https:\\\/\\\/www.aquimicasa.net\\\/blog\\\/#organization\"},\"image\":{\"@id\":\"https:\\\/\\\/www.aquimicasa.net\\\/blog\\\/consumo\\\/consumidores\\\/san-sebastian-ha-sido-declarada-zona-tensionada-%f0%9f%8f%99%ef%b8%8f%f0%9f%93%89\\\/#primaryimage\"},\"thumbnailUrl\":\"https:\\\/\\\/www.aquimicasa.net\\\/blog\\\/wp-content\\\/uploads\\\/San-Sebastian-3.jpg\",\"keywords\":[\"newsletter 513\"],\"articleSection\":[\"Alquiler\",\"Consumidores\"],\"inLanguage\":\"es\",\"potentialAction\":[{\"@type\":\"CommentAction\",\"name\":\"Comment\",\"target\":[\"https:\\\/\\\/www.aquimicasa.net\\\/blog\\\/consumo\\\/consumidores\\\/san-sebastian-ha-sido-declarada-zona-tensionada-%f0%9f%8f%99%ef%b8%8f%f0%9f%93%89\\\/#respond\"]}]},{\"@type\":\"WebPage\",\"@id\":\"https:\\\/\\\/www.aquimicasa.net\\\/blog\\\/consumo\\\/consumidores\\\/san-sebastian-ha-sido-declarada-zona-tensionada-%f0%9f%8f%99%ef%b8%8f%f0%9f%93%89\\\/\",\"url\":\"https:\\\/\\\/www.aquimicasa.net\\\/blog\\\/consumo\\\/consumidores\\\/san-sebastian-ha-sido-declarada-zona-tensionada-%f0%9f%8f%99%ef%b8%8f%f0%9f%93%89\\\/\",\"name\":\"San Sebasti\u00e1n ha sido declarada zona tensionada\",\"isPartOf\":{\"@id\":\"https:\\\/\\\/www.aquimicasa.net\\\/blog\\\/#website\"},\"primaryImageOfPage\":{\"@id\":\"https:\\\/\\\/www.aquimicasa.net\\\/blog\\\/consumo\\\/consumidores\\\/san-sebastian-ha-sido-declarada-zona-tensionada-%f0%9f%8f%99%ef%b8%8f%f0%9f%93%89\\\/#primaryimage\"},\"image\":{\"@id\":\"https:\\\/\\\/www.aquimicasa.net\\\/blog\\\/consumo\\\/consumidores\\\/san-sebastian-ha-sido-declarada-zona-tensionada-%f0%9f%8f%99%ef%b8%8f%f0%9f%93%89\\\/#primaryimage\"},\"thumbnailUrl\":\"https:\\\/\\\/www.aquimicasa.net\\\/blog\\\/wp-content\\\/uploads\\\/San-Sebastian-3.jpg\",\"datePublished\":\"2025-05-14T18:58:26+00:00\",\"description\":\"Donostia es una de las ciudades m\u00e1s caras de Espa\u00f1a para vivir, el precio medio de compraventa ha alcanzado los 5.370 \u20ac\\\/m\u00b2\",\"breadcrumb\":{\"@id\":\"https:\\\/\\\/www.aquimicasa.net\\\/blog\\\/consumo\\\/consumidores\\\/san-sebastian-ha-sido-declarada-zona-tensionada-%f0%9f%8f%99%ef%b8%8f%f0%9f%93%89\\\/#breadcrumb\"},\"inLanguage\":\"es\",\"potentialAction\":[{\"@type\":\"ReadAction\",\"target\":[\"https:\\\/\\\/www.aquimicasa.net\\\/blog\\\/consumo\\\/consumidores\\\/san-sebastian-ha-sido-declarada-zona-tensionada-%f0%9f%8f%99%ef%b8%8f%f0%9f%93%89\\\/\"]}]},{\"@type\":\"ImageObject\",\"inLanguage\":\"es\",\"@id\":\"https:\\\/\\\/www.aquimicasa.net\\\/blog\\\/consumo\\\/consumidores\\\/san-sebastian-ha-sido-declarada-zona-tensionada-%f0%9f%8f%99%ef%b8%8f%f0%9f%93%89\\\/#primaryimage\",\"url\":\"https:\\\/\\\/www.aquimicasa.net\\\/blog\\\/wp-content\\\/uploads\\\/San-Sebastian-3.jpg\",\"contentUrl\":\"https:\\\/\\\/www.aquimicasa.net\\\/blog\\\/wp-content\\\/uploads\\\/San-Sebastian-3.jpg\",\"width\":940,\"height\":532,\"caption\":\"San Sebastian restringe el uso turistico\"},{\"@type\":\"BreadcrumbList\",\"@id\":\"https:\\\/\\\/www.aquimicasa.net\\\/blog\\\/consumo\\\/consumidores\\\/san-sebastian-ha-sido-declarada-zona-tensionada-%f0%9f%8f%99%ef%b8%8f%f0%9f%93%89\\\/#breadcrumb\",\"itemListElement\":[{\"@type\":\"ListItem\",\"position\":1,\"name\":\"Portada\",\"item\":\"https:\\\/\\\/www.aquimicasa.net\\\/blog\\\/\"},{\"@type\":\"ListItem\",\"position\":2,\"name\":\"San Sebasti\u00e1n ha sido declarada zona tensionada \ud83c\udfd9\ufe0f\ud83d\udcc9\"}]},{\"@type\":\"WebSite\",\"@id\":\"https:\\\/\\\/www.aquimicasa.net\\\/blog\\\/#website\",\"url\":\"https:\\\/\\\/www.aquimicasa.net\\\/blog\\\/\",\"name\":\"Blog de aquimicasa.net\",\"description\":\"Noticias del Mundo Inmobiliario\",\"publisher\":{\"@id\":\"https:\\\/\\\/www.aquimicasa.net\\\/blog\\\/#organization\"},\"potentialAction\":[{\"@type\":\"SearchAction\",\"target\":{\"@type\":\"EntryPoint\",\"urlTemplate\":\"https:\\\/\\\/www.aquimicasa.net\\\/blog\\\/?s={search_term_string}\"},\"query-input\":{\"@type\":\"PropertyValueSpecification\",\"valueRequired\":true,\"valueName\":\"search_term_string\"}}],\"inLanguage\":\"es\"},{\"@type\":\"Organization\",\"@id\":\"https:\\\/\\\/www.aquimicasa.net\\\/blog\\\/#organization\",\"name\":\"Blog de aquimicasa.net\",\"url\":\"https:\\\/\\\/www.aquimicasa.net\\\/blog\\\/\",\"logo\":{\"@type\":\"ImageObject\",\"inLanguage\":\"es\",\"@id\":\"https:\\\/\\\/www.aquimicasa.net\\\/blog\\\/#\\\/schema\\\/logo\\\/image\\\/\",\"url\":\"https:\\\/\\\/www.aquimicasa.net\\\/blog\\\/wp-content\\\/uploads\\\/Logo-aquimicasa-1-e1528048213782.png\",\"contentUrl\":\"https:\\\/\\\/www.aquimicasa.net\\\/blog\\\/wp-content\\\/uploads\\\/Logo-aquimicasa-1-e1528048213782.png\",\"width\":225,\"height\":225,\"caption\":\"Blog de aquimicasa.net\"},\"image\":{\"@id\":\"https:\\\/\\\/www.aquimicasa.net\\\/blog\\\/#\\\/schema\\\/logo\\\/image\\\/\"},\"sameAs\":[\"https:\\\/\\\/www.facebook.com\\\/aquimicasa.net\",\"https:\\\/\\\/www.instagram.com\\\/\",\"https:\\\/\\\/x.com\\\/EduLizarragaD\",\"https:\\\/\\\/www.linkedin.com\\\/feed\\\/\"]},{\"@type\":\"Person\",\"@id\":\"https:\\\/\\\/www.aquimicasa.net\\\/blog\\\/#\\\/schema\\\/person\\\/2cdfa2605534583395c8d7ce1d6cac14\",\"name\":\"Eduardo Lizarraga\",\"image\":{\"@type\":\"ImageObject\",\"inLanguage\":\"es\",\"@id\":\"https:\\\/\\\/secure.gravatar.com\\\/avatar\\\/bdabe1eeeed97b65a9cb7de2edd624b07995f7e13abc5fead15961f745f908cc?s=96&d=mm&r=g\",\"url\":\"https:\\\/\\\/secure.gravatar.com\\\/avatar\\\/bdabe1eeeed97b65a9cb7de2edd624b07995f7e13abc5fead15961f745f908cc?s=96&d=mm&r=g\",\"contentUrl\":\"https:\\\/\\\/secure.gravatar.com\\\/avatar\\\/bdabe1eeeed97b65a9cb7de2edd624b07995f7e13abc5fead15961f745f908cc?s=96&d=mm&r=g\",\"caption\":\"Eduardo Lizarraga\"},\"description\":\"Periodista Econ\u00f3mico. Ha trabajado en diversos campos de la informaci\u00f3n. Corresponsal en conflictos, analista pol\u00edtico en Congreso y Senado, periodista del medio ambiente, editor, director editorial, director de comunicaci\u00f3n.... En estos momentos se ha especializado en el sector inmobiliario. Pero tambi\u00e9n es navegante y viajero, preocupado por la pobreza, el medio ambiente y por las actuaciones descontroladas del neoliberalismo empresarial y pol\u00edtico en todo el mundo. Los desahucios, la pobreza infantil y la falta de acceso a los suministros b\u00e1sicos son algunos de los grandes dramas de nuestra sociedad y que es preciso solucionar para hacerla m\u00e1s justa. CEO en www.aquimicasa.net\",\"sameAs\":[\"https:\\\/\\\/www.aquimicasa.net\\\/\"],\"url\":\"https:\\\/\\\/www.aquimicasa.net\\\/blog\\\/author\\\/eduardo\\\/\"}]}<\/script>\n<!-- \/ Yoast SEO plugin. -->","yoast_head_json":{"title":"San Sebasti\u00e1n ha sido declarada zona tensionada","description":"Donostia es una de las ciudades m\u00e1s caras de Espa\u00f1a para vivir, el precio medio de compraventa ha alcanzado los 5.370 \u20ac\/m\u00b2","robots":{"index":"index","follow":"follow","max-snippet":"max-snippet:-1","max-image-preview":"max-image-preview:large","max-video-preview":"max-video-preview:-1"},"canonical":"https:\/\/www.aquimicasa.net\/blog\/consumo\/consumidores\/san-sebastian-ha-sido-declarada-zona-tensionada-\ud83c\udfd9\ufe0f\ud83d\udcc9\/","og_locale":"es_ES","og_type":"article","og_title":"San Sebasti\u00e1n ha sido declarada zona tensionada","og_description":"Donostia es una de las ciudades m\u00e1s caras de Espa\u00f1a para vivir, el precio medio de compraventa ha alcanzado los 5.370 \u20ac\/m\u00b2","og_url":"https:\/\/www.aquimicasa.net\/blog\/consumo\/consumidores\/san-sebastian-ha-sido-declarada-zona-tensionada-\ud83c\udfd9\ufe0f\ud83d\udcc9\/","og_site_name":"Blog de aquimicasa.net","article_publisher":"https:\/\/www.facebook.com\/aquimicasa.net","article_published_time":"2025-05-14T18:58:26+00:00","og_image":[{"width":940,"height":532,"url":"https:\/\/www.aquimicasa.net\/blog\/wp-content\/uploads\/San-Sebastian-3.jpg","type":"image\/jpeg"}],"author":"Eduardo Lizarraga","twitter_misc":{"Escrito por":"Eduardo Lizarraga","Tiempo de lectura":"6 minutos"},"schema":{"@context":"https:\/\/schema.org","@graph":[{"@type":"Article","@id":"https:\/\/www.aquimicasa.net\/blog\/consumo\/consumidores\/san-sebastian-ha-sido-declarada-zona-tensionada-%f0%9f%8f%99%ef%b8%8f%f0%9f%93%89\/#article","isPartOf":{"@id":"https:\/\/www.aquimicasa.net\/blog\/consumo\/consumidores\/san-sebastian-ha-sido-declarada-zona-tensionada-%f0%9f%8f%99%ef%b8%8f%f0%9f%93%89\/"},"author":{"name":"Eduardo Lizarraga","@id":"https:\/\/www.aquimicasa.net\/blog\/#\/schema\/person\/2cdfa2605534583395c8d7ce1d6cac14"},"headline":"San Sebasti\u00e1n ha sido declarada zona tensionada \ud83c\udfd9\ufe0f\ud83d\udcc9","datePublished":"2025-05-14T18:58:26+00:00","mainEntityOfPage":{"@id":"https:\/\/www.aquimicasa.net\/blog\/consumo\/consumidores\/san-sebastian-ha-sido-declarada-zona-tensionada-%f0%9f%8f%99%ef%b8%8f%f0%9f%93%89\/"},"wordCount":1449,"commentCount":0,"publisher":{"@id":"https:\/\/www.aquimicasa.net\/blog\/#organization"},"image":{"@id":"https:\/\/www.aquimicasa.net\/blog\/consumo\/consumidores\/san-sebastian-ha-sido-declarada-zona-tensionada-%f0%9f%8f%99%ef%b8%8f%f0%9f%93%89\/#primaryimage"},"thumbnailUrl":"https:\/\/www.aquimicasa.net\/blog\/wp-content\/uploads\/San-Sebastian-3.jpg","keywords":["newsletter 513"],"articleSection":["Alquiler","Consumidores"],"inLanguage":"es","potentialAction":[{"@type":"CommentAction","name":"Comment","target":["https:\/\/www.aquimicasa.net\/blog\/consumo\/consumidores\/san-sebastian-ha-sido-declarada-zona-tensionada-%f0%9f%8f%99%ef%b8%8f%f0%9f%93%89\/#respond"]}]},{"@type":"WebPage","@id":"https:\/\/www.aquimicasa.net\/blog\/consumo\/consumidores\/san-sebastian-ha-sido-declarada-zona-tensionada-%f0%9f%8f%99%ef%b8%8f%f0%9f%93%89\/","url":"https:\/\/www.aquimicasa.net\/blog\/consumo\/consumidores\/san-sebastian-ha-sido-declarada-zona-tensionada-%f0%9f%8f%99%ef%b8%8f%f0%9f%93%89\/","name":"San Sebasti\u00e1n ha sido declarada zona tensionada","isPartOf":{"@id":"https:\/\/www.aquimicasa.net\/blog\/#website"},"primaryImageOfPage":{"@id":"https:\/\/www.aquimicasa.net\/blog\/consumo\/consumidores\/san-sebastian-ha-sido-declarada-zona-tensionada-%f0%9f%8f%99%ef%b8%8f%f0%9f%93%89\/#primaryimage"},"image":{"@id":"https:\/\/www.aquimicasa.net\/blog\/consumo\/consumidores\/san-sebastian-ha-sido-declarada-zona-tensionada-%f0%9f%8f%99%ef%b8%8f%f0%9f%93%89\/#primaryimage"},"thumbnailUrl":"https:\/\/www.aquimicasa.net\/blog\/wp-content\/uploads\/San-Sebastian-3.jpg","datePublished":"2025-05-14T18:58:26+00:00","description":"Donostia es una de las ciudades m\u00e1s caras de Espa\u00f1a para vivir, el precio medio de compraventa ha alcanzado los 5.370 \u20ac\/m\u00b2","breadcrumb":{"@id":"https:\/\/www.aquimicasa.net\/blog\/consumo\/consumidores\/san-sebastian-ha-sido-declarada-zona-tensionada-%f0%9f%8f%99%ef%b8%8f%f0%9f%93%89\/#breadcrumb"},"inLanguage":"es","potentialAction":[{"@type":"ReadAction","target":["https:\/\/www.aquimicasa.net\/blog\/consumo\/consumidores\/san-sebastian-ha-sido-declarada-zona-tensionada-%f0%9f%8f%99%ef%b8%8f%f0%9f%93%89\/"]}]},{"@type":"ImageObject","inLanguage":"es","@id":"https:\/\/www.aquimicasa.net\/blog\/consumo\/consumidores\/san-sebastian-ha-sido-declarada-zona-tensionada-%f0%9f%8f%99%ef%b8%8f%f0%9f%93%89\/#primaryimage","url":"https:\/\/www.aquimicasa.net\/blog\/wp-content\/uploads\/San-Sebastian-3.jpg","contentUrl":"https:\/\/www.aquimicasa.net\/blog\/wp-content\/uploads\/San-Sebastian-3.jpg","width":940,"height":532,"caption":"San Sebastian restringe el uso turistico"},{"@type":"BreadcrumbList","@id":"https:\/\/www.aquimicasa.net\/blog\/consumo\/consumidores\/san-sebastian-ha-sido-declarada-zona-tensionada-%f0%9f%8f%99%ef%b8%8f%f0%9f%93%89\/#breadcrumb","itemListElement":[{"@type":"ListItem","position":1,"name":"Portada","item":"https:\/\/www.aquimicasa.net\/blog\/"},{"@type":"ListItem","position":2,"name":"San Sebasti\u00e1n ha sido declarada zona tensionada \ud83c\udfd9\ufe0f\ud83d\udcc9"}]},{"@type":"WebSite","@id":"https:\/\/www.aquimicasa.net\/blog\/#website","url":"https:\/\/www.aquimicasa.net\/blog\/","name":"Blog de aquimicasa.net","description":"Noticias del Mundo Inmobiliario","publisher":{"@id":"https:\/\/www.aquimicasa.net\/blog\/#organization"},"potentialAction":[{"@type":"SearchAction","target":{"@type":"EntryPoint","urlTemplate":"https:\/\/www.aquimicasa.net\/blog\/?s={search_term_string}"},"query-input":{"@type":"PropertyValueSpecification","valueRequired":true,"valueName":"search_term_string"}}],"inLanguage":"es"},{"@type":"Organization","@id":"https:\/\/www.aquimicasa.net\/blog\/#organization","name":"Blog de aquimicasa.net","url":"https:\/\/www.aquimicasa.net\/blog\/","logo":{"@type":"ImageObject","inLanguage":"es","@id":"https:\/\/www.aquimicasa.net\/blog\/#\/schema\/logo\/image\/","url":"https:\/\/www.aquimicasa.net\/blog\/wp-content\/uploads\/Logo-aquimicasa-1-e1528048213782.png","contentUrl":"https:\/\/www.aquimicasa.net\/blog\/wp-content\/uploads\/Logo-aquimicasa-1-e1528048213782.png","width":225,"height":225,"caption":"Blog de aquimicasa.net"},"image":{"@id":"https:\/\/www.aquimicasa.net\/blog\/#\/schema\/logo\/image\/"},"sameAs":["https:\/\/www.facebook.com\/aquimicasa.net","https:\/\/www.instagram.com\/","https:\/\/x.com\/EduLizarragaD","https:\/\/www.linkedin.com\/feed\/"]},{"@type":"Person","@id":"https:\/\/www.aquimicasa.net\/blog\/#\/schema\/person\/2cdfa2605534583395c8d7ce1d6cac14","name":"Eduardo Lizarraga","image":{"@type":"ImageObject","inLanguage":"es","@id":"https:\/\/secure.gravatar.com\/avatar\/bdabe1eeeed97b65a9cb7de2edd624b07995f7e13abc5fead15961f745f908cc?s=96&d=mm&r=g","url":"https:\/\/secure.gravatar.com\/avatar\/bdabe1eeeed97b65a9cb7de2edd624b07995f7e13abc5fead15961f745f908cc?s=96&d=mm&r=g","contentUrl":"https:\/\/secure.gravatar.com\/avatar\/bdabe1eeeed97b65a9cb7de2edd624b07995f7e13abc5fead15961f745f908cc?s=96&d=mm&r=g","caption":"Eduardo Lizarraga"},"description":"Periodista Econ\u00f3mico. Ha trabajado en diversos campos de la informaci\u00f3n. Corresponsal en conflictos, analista pol\u00edtico en Congreso y Senado, periodista del medio ambiente, editor, director editorial, director de comunicaci\u00f3n.... En estos momentos se ha especializado en el sector inmobiliario. Pero tambi\u00e9n es navegante y viajero, preocupado por la pobreza, el medio ambiente y por las actuaciones descontroladas del neoliberalismo empresarial y pol\u00edtico en todo el mundo. Los desahucios, la pobreza infantil y la falta de acceso a los suministros b\u00e1sicos son algunos de los grandes dramas de nuestra sociedad y que es preciso solucionar para hacerla m\u00e1s justa. CEO en www.aquimicasa.net","sameAs":["https:\/\/www.aquimicasa.net\/"],"url":"https:\/\/www.aquimicasa.net\/blog\/author\/eduardo\/"}]}},"jetpack_publicize_connections":[],"jetpack_featured_media_url":"https:\/\/www.aquimicasa.net\/blog\/wp-content\/uploads\/San-Sebastian-3.jpg","jetpack_sharing_enabled":true,"jetpack_likes_enabled":true,"_links":{"self":[{"href":"https:\/\/www.aquimicasa.net\/blog\/wp-json\/wp\/v2\/posts\/51469","targetHints":{"allow":["GET"]}}],"collection":[{"href":"https:\/\/www.aquimicasa.net\/blog\/wp-json\/wp\/v2\/posts"}],"about":[{"href":"https:\/\/www.aquimicasa.net\/blog\/wp-json\/wp\/v2\/types\/post"}],"author":[{"embeddable":true,"href":"https:\/\/www.aquimicasa.net\/blog\/wp-json\/wp\/v2\/users\/3"}],"replies":[{"embeddable":true,"href":"https:\/\/www.aquimicasa.net\/blog\/wp-json\/wp\/v2\/comments?post=51469"}],"version-history":[{"count":3,"href":"https:\/\/www.aquimicasa.net\/blog\/wp-json\/wp\/v2\/posts\/51469\/revisions"}],"predecessor-version":[{"id":51480,"href":"https:\/\/www.aquimicasa.net\/blog\/wp-json\/wp\/v2\/posts\/51469\/revisions\/51480"}],"wp:featuredmedia":[{"embeddable":true,"href":"https:\/\/www.aquimicasa.net\/blog\/wp-json\/wp\/v2\/media\/51479"}],"wp:attachment":[{"href":"https:\/\/www.aquimicasa.net\/blog\/wp-json\/wp\/v2\/media?parent=51469"}],"wp:term":[{"taxonomy":"category","embeddable":true,"href":"https:\/\/www.aquimicasa.net\/blog\/wp-json\/wp\/v2\/categories?post=51469"},{"taxonomy":"post_tag","embeddable":true,"href":"https:\/\/www.aquimicasa.net\/blog\/wp-json\/wp\/v2\/tags?post=51469"}],"curies":[{"name":"wp","href":"https:\/\/api.w.org\/{rel}","templated":true}]}}