{"id":51611,"date":"2025-05-26T23:06:59","date_gmt":"2025-05-26T21:06:59","guid":{"rendered":"https:\/\/www.aquimicasa.net\/blog\/?p=51611"},"modified":"2025-05-26T23:06:59","modified_gmt":"2025-05-26T21:06:59","slug":"blackstone-sigue-a-los-otros-fondos-y-tambien-se-va-de-cataluna","status":"publish","type":"post","link":"https:\/\/www.aquimicasa.net\/blog\/vivienda\/alquileres\/blackstone-sigue-a-los-otros-fondos-y-tambien-se-va-de-cataluna\/","title":{"rendered":"Blackstone sigue a los otros fondos y tambi\u00e9n se va de Catalu\u00f1a"},"content":{"rendered":"<div class=\"fusion-fullwidth fullwidth-box fusion-builder-row-1 fusion-flex-container nonhundred-percent-fullwidth non-hundred-percent-height-scrolling\" style=\"background-color: rgba(255,255,255,0);background-position: center center;background-repeat: no-repeat;border-width: 0px 0px 0px 0px;border-color:#eae9e9;border-style:solid;\" ><div class=\"fusion-builder-row fusion-row fusion-flex-align-items-flex-start\" style=\"max-width:1144px;margin-left: calc(-4% \/ 2 );margin-right: calc(-4% \/ 2 );\"><div class=\"fusion-layout-column fusion_builder_column fusion-builder-column-0 fusion_builder_column_1_1 1_1 fusion-flex-column\"><div class=\"fusion-column-wrapper fusion-flex-justify-content-flex-start fusion-content-layout-column\" style=\"background-position:left top;background-repeat:no-repeat;-webkit-background-size:cover;-moz-background-size:cover;-o-background-size:cover;background-size:cover;padding: 0px 0px 0px 0px;\"><div class=\"fusion-text fusion-text-1\"><p class=\"\" data-start=\"67\" data-end=\"441\">La salida de los grandes fondos de inversi\u00f3n del mercado del alquiler en Catalu\u00f1a ya no es un hecho aislado, sino una tendencia consolidada. Blackstone, el mayor fondo inmobiliario del mundo, <strong data-start=\"259\" data-end=\"351\">se suma ahora al repliegue iniciado por otros gigantes como Patrizia, Cerberus o Vivenio<\/strong>, marcando un cambio de ciclo en el modelo de tenencia y gesti\u00f3n de vivienda en la regi\u00f3n.<\/p>\n<p class=\"\" data-start=\"443\" data-end=\"946\">A trav\u00e9s de distintas sociedades como <strong data-start=\"481\" data-end=\"499\">Testa o Fidere<\/strong>, Blackstone ha comenzado a comunicar a inquilinos con contratos vencidos que <strong data-start=\"577\" data-end=\"607\">no renovar\u00e1 sus alquileres<\/strong> y que las viviendas pasar\u00e1n a venta. A la vez, ha sacado al mercado, mediante su gestora de activos Aliseda, m\u00e1s de <strong data-start=\"724\" data-end=\"796\">500 suelos urbanizables con capacidad para levantar 13.000 viviendas<\/strong>. Todo ello en un movimiento que tiene un claro mensaje: <strong data-start=\"853\" data-end=\"945\">Catalu\u00f1a ha dejado de ser un destino rentable para el capital institucional inmobiliario<\/strong>.<\/p>\n<h2 class=\"\" data-start=\"953\" data-end=\"1046\"><strong>La regulaci\u00f3n del alquiler con la disminuci\u00f3n de su rentabilidad es la primera causa<\/strong> \ud83d\udcb8\ud83c\udfd8\ufe0f<\/h2>\n<p class=\"\" data-start=\"1048\" data-end=\"1304\">El detonante de esta desbandada es evidente: <strong data-start=\"1093\" data-end=\"1183\">la aplicaci\u00f3n del \u00edndice de precios del alquiler y la declaraci\u00f3n de zonas tensionadas<\/strong>. Catalu\u00f1a fue pionera en implementar estas medidas, y Barcelona, como epicentro inmobiliario, ha servido de laboratorio.<\/p>\n<p class=\"\" data-start=\"1306\" data-end=\"1593\">La limitaci\u00f3n de precios, sumada al <strong data-start=\"1342\" data-end=\"1398\">aumento de la presi\u00f3n fiscal y los costes operativos<\/strong>, ha llevado a muchos fondos a concluir que <strong data-start=\"1442\" data-end=\"1485\">los m\u00e1rgenes ya no justifican el riesgo<\/strong>. Rentabilidades que antes rondaban el 5%-6% han ca\u00eddo hasta el 3%-4%, seg\u00fan estimaciones del propio sector.<\/p>\n<p class=\"\" data-start=\"1595\" data-end=\"1886\">Y si bien esta regulaci\u00f3n persigue un objetivo social loable \u2014<strong data-start=\"1657\" data-end=\"1692\">contener el precio del alquiler<\/strong>\u2014, <strong data-start=\"1695\" data-end=\"1774\">no todos los actores estaban dispuestos a asumir la p\u00e9rdida de rentabilidad<\/strong>. Para los fondos, que operan con estructuras financieras exigentes e inversores que esperan sus dividendos, la matem\u00e1tica no sale. Y por tanto, se van.<\/p>\n<h2 class=\"\" data-start=\"1893\" data-end=\"1955\"><strong>Otras razones que impulsan la desbandada de los fondos<\/strong> \ud83e\uddfe\ud83d\udcc9<\/h2>\n<p class=\"\" data-start=\"1957\" data-end=\"2178\">La presi\u00f3n normativa no es el \u00fanico factor. Catalu\u00f1a ha sumado un nuevo cap\u00edtulo con el <strong data-start=\"2045\" data-end=\"2067\">Decreto Ley 5\/2025<\/strong>, que introduce una bater\u00eda de medidas fiscales orientadas a <strong data-start=\"2128\" data-end=\"2177\">penalizar fiscalmente a los grandes tenedores<\/strong>:<\/p>\n<ul data-start=\"2180\" data-end=\"2408\">\n<li class=\"\" data-start=\"2180\" data-end=\"2254\">\n<p class=\"\" data-start=\"2182\" data-end=\"2254\">\ud83d\udcb0 <strong data-start=\"2185\" data-end=\"2214\">Tipo del 20% sobre el ITP<\/strong> en la transmisi\u00f3n de edificios enteros.<\/p>\n<\/li>\n<li class=\"\" data-start=\"2255\" data-end=\"2299\">\n<p class=\"\" data-start=\"2257\" data-end=\"2299\">\ud83e\uddfe <strong data-start=\"2260\" data-end=\"2298\">Elevaci\u00f3n del AJD del 2,5% al 3,5%<\/strong>.<\/p>\n<\/li>\n<li class=\"\" data-start=\"2300\" data-end=\"2408\">\n<p class=\"\" data-start=\"2302\" data-end=\"2408\">\u274c <strong data-start=\"2304\" data-end=\"2346\">Eliminaci\u00f3n de bonificaciones fiscales<\/strong> para empresas inmobiliarias que destinan viviendas a reventa.<\/p>\n<\/li>\n<\/ul>\n<p class=\"\" data-start=\"2410\" data-end=\"2683\">Estas medidas han sido le\u00eddas como un <strong data-start=\"2448\" data-end=\"2492\">castigo directo al capital institucional<\/strong>, que ya no puede ni siquiera desinvertir con agilidad. Ante este panorama, muchas operaciones de venta en bloque <strong data-start=\"2606\" data-end=\"2627\">se han paralizado<\/strong>, y los fondos optan por estrategias de venta minorista.<\/p>\n<h2 class=\"\" data-start=\"2690\" data-end=\"2741\"><strong>Patrizia, Cerberus&#8230; y ahora Blackstone<\/strong> \ud83c\udfc3\u200d\u2642\ufe0f\ud83d\udcbc<\/h2>\n<p class=\"\" data-start=\"2743\" data-end=\"3032\">Blackstone no es el primero. Patrizia, el fondo alem\u00e1n, ya <strong data-start=\"2802\" data-end=\"2873\">anunci\u00f3 la venta unidad por unidad de sus 542 viviendas en alquiler<\/strong> en Catalu\u00f1a, ante la imposibilidad de encontrar un comprador global. Lo mismo ha hecho Vivenio. Cerberus tambi\u00e9n ha reducido significativamente su exposici\u00f3n.<\/p>\n<p class=\"\" data-start=\"3034\" data-end=\"3184\">Todos ellos comparten diagn\u00f3stico:<br data-start=\"3068\" data-end=\"3071\" \/>\u2705 <strong data-start=\"3073\" data-end=\"3104\">Menor rentabilidad esperada<\/strong><br data-start=\"3104\" data-end=\"3107\" \/>\u2705 <strong data-start=\"3109\" data-end=\"3148\">Marco fiscal y regulatorio incierto<\/strong><br data-start=\"3148\" data-end=\"3151\" \/>\u2705 <strong data-start=\"3153\" data-end=\"3184\">Mayor intervenci\u00f3n pol\u00edtica<\/strong><\/p>\n<p class=\"\" data-start=\"3186\" data-end=\"3479\"><strong data-start=\"3186\" data-end=\"3241\">No es que no haya demanda. Es que ya no hay margen.<\/strong> As\u00ed lo interpretan los analistas del mercado, que se\u00f1alan un punto clave: <strong data-start=\"3316\" data-end=\"3434\">estos fondos operan con exigencias de rentabilidad m\u00e1s propias del capital riesgo que de la econom\u00eda del bienestar<\/strong>. Si el entorno cambia, el capital se retira.<\/p>\n<h2 class=\"\" data-start=\"3486\" data-end=\"3587\"><strong>Hay que entender que esa p\u00e9rdida de rentabilidad es la que consigue una contenci\u00f3n de precios<\/strong> \ud83d\udd27\ud83d\udcc9<\/h2>\n<p class=\"\" data-start=\"3589\" data-end=\"3793\">Aqu\u00ed es donde el debate se vuelve m\u00e1s interesante. Porque es precisamente la presi\u00f3n regulatoria y la ca\u00edda de rentabilidad lo que est\u00e1 empezando a <strong data-start=\"3737\" data-end=\"3792\">frenar el crecimiento desorbitado de los alquileres<\/strong>.<\/p>\n<p class=\"\" data-start=\"3795\" data-end=\"4153\">Durante a\u00f1os, los grandes fondos compraron carteras enteras de viviendas \u2014muchas de ellas procedentes de bancos tras la crisis\u2014 con un modelo de negocio basado en la <strong data-start=\"3961\" data-end=\"3992\">revalorizaci\u00f3n del alquiler<\/strong> y en la gesti\u00f3n profesionalizada. Esto impuls\u00f3 los precios y <strong data-start=\"4054\" data-end=\"4115\">marc\u00f3 un nuevo est\u00e1ndar que arrastr\u00f3 al resto del mercado<\/strong>, incluidos los peque\u00f1os propietarios.<\/p>\n<p class=\"\" data-start=\"4155\" data-end=\"4408\">Ahora que ese modelo se resquebraja, tambi\u00e9n <strong data-start=\"4200\" data-end=\"4243\">empieza a caer la presi\u00f3n inflacionista<\/strong> en zonas tensionadas. Desde este punto de vista, <strong data-start=\"4293\" data-end=\"4351\">la marcha de estos fondos podr\u00eda considerarse positiva<\/strong>, como un paso necesario hacia un alquiler m\u00e1s accesible.<\/p>\n<h2 class=\"\" data-start=\"4415\" data-end=\"4481\"><strong>Pero tambi\u00e9n podr\u00eda tensionar m\u00e1s el mercado del alquiler<\/strong> \u26a0\ufe0f\ud83c\udfda\ufe0f<\/h2>\n<p class=\"\" data-start=\"4483\" data-end=\"4586\">Sin embargo, la otra cara de la moneda es menos optimista. La retirada de estos fondos implica tambi\u00e9n:<\/p>\n<ul data-start=\"4588\" data-end=\"4790\">\n<li class=\"\" data-start=\"4588\" data-end=\"4637\">\n<p class=\"\" data-start=\"4590\" data-end=\"4637\">\u274c <strong data-start=\"4592\" data-end=\"4637\">Menor oferta de alquiler profesionalizado<\/strong><\/p>\n<\/li>\n<li class=\"\" data-start=\"4638\" data-end=\"4692\">\n<p class=\"\" data-start=\"4640\" data-end=\"4692\">\ud83c\udfd8\ufe0f <strong data-start=\"4644\" data-end=\"4692\">Desaparici\u00f3n de carteras enteras del mercado<\/strong><\/p>\n<\/li>\n<li class=\"\" data-start=\"4693\" data-end=\"4751\">\n<p class=\"\" data-start=\"4695\" data-end=\"4751\">\ud83d\udd04 <strong data-start=\"4698\" data-end=\"4751\">Transformaci\u00f3n hacia usos tur\u00edsticos o temporales<\/strong><\/p>\n<\/li>\n<li class=\"\" data-start=\"4752\" data-end=\"4790\">\n<p class=\"\" data-start=\"4754\" data-end=\"4790\">\ud83d\udcbc <strong data-start=\"4757\" data-end=\"4790\">Mayor atomizaci\u00f3n del mercado<\/strong><\/p>\n<\/li>\n<\/ul>\n<p class=\"\" data-start=\"4792\" data-end=\"5135\">Si el parque de alquiler gestionado por fondos se fracciona en ventas individuales, muchas de esas viviendas <strong data-start=\"4901\" data-end=\"4949\">saldr\u00e1n del mercado del alquiler tradicional<\/strong>. Ya sea porque los compradores las destinan a uso propio, a alquiler temporal (no regulado), o simplemente a reventa, la realidad es que <strong data-start=\"5087\" data-end=\"5134\">la oferta total de alquiler puede disminuir<\/strong>.<\/p>\n<p class=\"\" data-start=\"5137\" data-end=\"5263\">En una ciudad como Barcelona, con fuerte presi\u00f3n demogr\u00e1fica y escasa vivienda disponible, esto <strong data-start=\"5233\" data-end=\"5262\">podr\u00eda agravar la escasez<\/strong>.<\/p>\n<h2 class=\"\" data-start=\"5270\" data-end=\"5356\"><strong>Muchos de los inmuebles pasar\u00e1n a manos de inversores privados de menor tama\u00f1o<\/strong> \ud83c\udfe0\ud83e\udd1d<\/h2>\n<p class=\"\" data-start=\"5358\" data-end=\"5668\">Este es otro giro que ya se est\u00e1 produciendo: <strong data-start=\"5404\" data-end=\"5478\">los grandes fondos venden en trozos, y compran los peque\u00f1os inversores<\/strong>. Un mercado que antes estaba dominado por operadores institucionales se fragmenta, y las viviendas acaban en manos de patrimonios familiares, peque\u00f1os inversores o compradores individuales.<\/p>\n<p class=\"\" data-start=\"5670\" data-end=\"5717\">Esto puede tener implicaciones contradictorias:<\/p>\n<ul data-start=\"5719\" data-end=\"5882\">\n<li class=\"\" data-start=\"5719\" data-end=\"5768\">\n<p class=\"\" data-start=\"5721\" data-end=\"5768\">\u2705 <strong data-start=\"5723\" data-end=\"5768\">M\u00e1s accesibilidad a la compra de vivienda<\/strong><\/p>\n<\/li>\n<li class=\"\" data-start=\"5769\" data-end=\"5814\">\n<p class=\"\" data-start=\"5771\" data-end=\"5814\">\u2705 <strong data-start=\"5773\" data-end=\"5814\">Mayor democratizaci\u00f3n de la propiedad<\/strong><\/p>\n<\/li>\n<li class=\"\" data-start=\"5815\" data-end=\"5849\">\n<p class=\"\" data-start=\"5817\" data-end=\"5849\">\u274c <strong data-start=\"5819\" data-end=\"5849\">Peor gesti\u00f3n de alquileres<\/strong><\/p>\n<\/li>\n<li class=\"\" data-start=\"5850\" data-end=\"5882\">\n<p class=\"\" data-start=\"5852\" data-end=\"5882\">\u274c <strong data-start=\"5854\" data-end=\"5882\">Menor profesionalizaci\u00f3n<\/strong><\/p>\n<\/li>\n<\/ul>\n<p class=\"\" data-start=\"5884\" data-end=\"6143\">La profesionalizaci\u00f3n del alquiler \u2014con garant\u00edas, atenci\u00f3n al cliente y cumplimiento normativo\u2014 era uno de los pocos elementos positivos que aportaban los fondos. Su retirada puede dar paso a un mercado <strong data-start=\"6088\" data-end=\"6142\">m\u00e1s precario, m\u00e1s desregulado y menos transparente<\/strong>.<\/p>\n<h2 class=\"\" data-start=\"6150\" data-end=\"6223\"><strong>\u00bfMenos fondos en el mercado, m\u00e1s vivienda asequible\u2026 o m\u00e1s tensi\u00f3n?<\/strong> \ud83e\udd14\ud83c\udfe1<\/h2>\n<p class=\"\" data-start=\"6225\" data-end=\"6459\">La retirada de Blackstone de Catalu\u00f1a marca un antes y un despu\u00e9s. El capital financiero abandona el mercado tensionado porque ya no es rentable. <strong data-start=\"6371\" data-end=\"6439\">Las pol\u00edticas p\u00fablicas han logrado frenar el modelo especulativo<\/strong>, al menos en parte.<\/p>\n<p class=\"\" data-start=\"6461\" data-end=\"6547\">Pero queda por resolver una pregunta inc\u00f3moda:<br data-start=\"6507\" data-end=\"6510\" \/>\ud83d\udc49 <strong data-start=\"6513\" data-end=\"6547\">\u00bfQui\u00e9n ocupar\u00e1 ahora su lugar?<\/strong><\/p>\n<p class=\"\" data-start=\"6549\" data-end=\"6722\">Porque si no es el Estado, ni las cooperativas, ni los grandes promotores nacionales, <strong data-start=\"6635\" data-end=\"6673\">el vac\u00edo puede quedarse sin cubrir<\/strong>. Y un mercado sin oferta es un mercado m\u00e1s caro.<\/p>\n<p class=\"\" data-start=\"6724\" data-end=\"6959\">La marcha de los fondos debe verse como <strong data-start=\"6764\" data-end=\"6829\">una oportunidad para repensar el modelo de alquiler en Espa\u00f1a<\/strong>. Pero tambi\u00e9n como una advertencia: <strong data-start=\"6866\" data-end=\"6958\">sin inversi\u00f3n no hay viviendas, y sin viviendas no hay soluci\u00f3n al problema del alquiler<\/strong>.<\/p>\n<p class=\"\" data-start=\"6961\" data-end=\"7226\">Est\u00e1 claro que la salida de estos fondos inversores propiciar\u00e1 un cambio en el mercado y con tensiones en los primeros momentos. Cuando la situaci\u00f3n se estabilice ser\u00e1 el momento de avanzar hacia un modelo equilibrado, donde la regulaci\u00f3n proteja sin espantar y donde el capital act\u00fae sin avasallar y si buscar rentabilidades de capital riesgo. Solo as\u00ed evitaremos que la alegr\u00eda por la disminuci\u00f3n de la especulaci\u00f3n con los alquileres <strong data-start=\"7156\" data-end=\"7219\">termine convirti\u00e9ndose en frustraci\u00f3n por la falta de pisos<\/strong> \ud83c\udfd8\ufe0f\ud83d\udcac.<\/p>\n<\/div><\/div><style type=\"text\/css\">.fusion-body .fusion-builder-column-0{width:100% !important;margin-top : 0px;margin-bottom : 0px;}.fusion-builder-column-0 > .fusion-column-wrapper {padding-top : 0px !important;padding-right : 0px !important;margin-right : 1.92%;padding-bottom : 0px !important;padding-left : 0px !important;margin-left : 1.92%;}@media only screen and (max-width:1024px) {.fusion-body .fusion-builder-column-0{width:100% !important;}.fusion-builder-column-0 > .fusion-column-wrapper {margin-right : 1.92%;margin-left : 1.92%;}}@media only screen and (max-width:640px) {.fusion-body .fusion-builder-column-0{width:100% !important;}.fusion-builder-column-0 > .fusion-column-wrapper {margin-right : 1.92%;margin-left : 1.92%;}}<\/style><\/div><\/div><style type=\"text\/css\">.fusion-body .fusion-flex-container.fusion-builder-row-1{ padding-top : 0px;margin-top : 0px;padding-right : 0px;padding-bottom : 0px;margin-bottom : 0px;padding-left : 0px;}<\/style><\/div>\n","protected":false},"excerpt":{"rendered":"<p>No es que no haya demanda. Es que ya no hay margen suficiente para su estructura e inversores. As\u00ed lo interpretan los analistas del mercado, que se\u00f1alan un punto clave: estos fondos operan con exigencias de rentabilidad m\u00e1s propias del capital riesgo que de la econom\u00eda del bienestar. Si el entorno cambia, el capital se retira.<\/p>\n","protected":false},"author":3,"featured_media":51623,"comment_status":"open","ping_status":"closed","sticky":false,"template":"","format":"standard","meta":{"_jetpack_memberships_contains_paid_content":false,"footnotes":"","jetpack_publicize_message":"","jetpack_publicize_feature_enabled":true,"jetpack_social_post_already_shared":true,"jetpack_social_options":{"image_generator_settings":{"template":"highway","default_image_id":0,"font":"","enabled":false},"version":2}},"categories":[120],"tags":[8230],"class_list":["post-51611","post","type-post","status-publish","format-standard","has-post-thumbnail","hentry","category-alquileres","tag-newsletter-515"],"yoast_head":"<!-- This site is optimized with the Yoast SEO plugin v27.5 - https:\/\/yoast.com\/product\/yoast-seo-wordpress\/ -->\n<title>Blackstone sigue a los otros fondos y tambi\u00e9n se va de Catalu\u00f1a<\/title>\n<meta name=\"description\" content=\"Blackstone ha comenzado a comunicar a inquilinos con contratos vencidos que no renovar\u00e1 sus alquileres y que las viviendas pasar\u00e1n a venta\" \/>\n<meta name=\"robots\" content=\"index, follow, max-snippet:-1, max-image-preview:large, max-video-preview:-1\" \/>\n<link rel=\"canonical\" href=\"https:\/\/www.aquimicasa.net\/blog\/vivienda\/alquileres\/blackstone-sigue-a-los-otros-fondos-y-tambien-se-va-de-cataluna\/\" \/>\n<meta property=\"og:locale\" content=\"es_ES\" \/>\n<meta property=\"og:type\" content=\"article\" \/>\n<meta property=\"og:title\" content=\"Blackstone sigue a los otros fondos y tambi\u00e9n se va de Catalu\u00f1a\" \/>\n<meta property=\"og:description\" content=\"Blackstone ha comenzado a comunicar a inquilinos con contratos vencidos que no renovar\u00e1 sus alquileres y que las viviendas pasar\u00e1n a venta\" \/>\n<meta property=\"og:url\" content=\"https:\/\/www.aquimicasa.net\/blog\/vivienda\/alquileres\/blackstone-sigue-a-los-otros-fondos-y-tambien-se-va-de-cataluna\/\" \/>\n<meta property=\"og:site_name\" content=\"Blog de aquimicasa.net\" \/>\n<meta property=\"article:publisher\" content=\"https:\/\/www.facebook.com\/aquimicasa.net\" \/>\n<meta property=\"article:published_time\" content=\"2025-05-26T21:06:59+00:00\" \/>\n<meta property=\"og:image\" content=\"https:\/\/www.aquimicasa.net\/blog\/wp-content\/uploads\/Blackstone-e1748293583947.jpg\" \/>\n\t<meta property=\"og:image:width\" content=\"600\" \/>\n\t<meta property=\"og:image:height\" content=\"338\" \/>\n\t<meta property=\"og:image:type\" content=\"image\/jpeg\" \/>\n<meta name=\"author\" content=\"Eduardo Lizarraga\" \/>\n<meta name=\"twitter:label1\" content=\"Escrito por\" \/>\n\t<meta name=\"twitter:data1\" content=\"Eduardo Lizarraga\" \/>\n\t<meta name=\"twitter:label2\" content=\"Tiempo de lectura\" \/>\n\t<meta name=\"twitter:data2\" content=\"6 minutos\" \/>\n<script type=\"application\/ld+json\" class=\"yoast-schema-graph\">{\"@context\":\"https:\\\/\\\/schema.org\",\"@graph\":[{\"@type\":\"Article\",\"@id\":\"https:\\\/\\\/www.aquimicasa.net\\\/blog\\\/vivienda\\\/alquileres\\\/blackstone-sigue-a-los-otros-fondos-y-tambien-se-va-de-cataluna\\\/#article\",\"isPartOf\":{\"@id\":\"https:\\\/\\\/www.aquimicasa.net\\\/blog\\\/vivienda\\\/alquileres\\\/blackstone-sigue-a-los-otros-fondos-y-tambien-se-va-de-cataluna\\\/\"},\"author\":{\"name\":\"Eduardo Lizarraga\",\"@id\":\"https:\\\/\\\/www.aquimicasa.net\\\/blog\\\/#\\\/schema\\\/person\\\/2cdfa2605534583395c8d7ce1d6cac14\"},\"headline\":\"Blackstone sigue a los otros fondos y tambi\u00e9n se va de Catalu\u00f1a\",\"datePublished\":\"2025-05-26T21:06:59+00:00\",\"mainEntityOfPage\":{\"@id\":\"https:\\\/\\\/www.aquimicasa.net\\\/blog\\\/vivienda\\\/alquileres\\\/blackstone-sigue-a-los-otros-fondos-y-tambien-se-va-de-cataluna\\\/\"},\"wordCount\":1451,\"commentCount\":0,\"publisher\":{\"@id\":\"https:\\\/\\\/www.aquimicasa.net\\\/blog\\\/#organization\"},\"image\":{\"@id\":\"https:\\\/\\\/www.aquimicasa.net\\\/blog\\\/vivienda\\\/alquileres\\\/blackstone-sigue-a-los-otros-fondos-y-tambien-se-va-de-cataluna\\\/#primaryimage\"},\"thumbnailUrl\":\"https:\\\/\\\/www.aquimicasa.net\\\/blog\\\/wp-content\\\/uploads\\\/Blackstone-e1748293583947.jpg\",\"keywords\":[\"newsletter 515\"],\"articleSection\":[\"Alquiler\"],\"inLanguage\":\"es\",\"potentialAction\":[{\"@type\":\"CommentAction\",\"name\":\"Comment\",\"target\":[\"https:\\\/\\\/www.aquimicasa.net\\\/blog\\\/vivienda\\\/alquileres\\\/blackstone-sigue-a-los-otros-fondos-y-tambien-se-va-de-cataluna\\\/#respond\"]}]},{\"@type\":\"WebPage\",\"@id\":\"https:\\\/\\\/www.aquimicasa.net\\\/blog\\\/vivienda\\\/alquileres\\\/blackstone-sigue-a-los-otros-fondos-y-tambien-se-va-de-cataluna\\\/\",\"url\":\"https:\\\/\\\/www.aquimicasa.net\\\/blog\\\/vivienda\\\/alquileres\\\/blackstone-sigue-a-los-otros-fondos-y-tambien-se-va-de-cataluna\\\/\",\"name\":\"Blackstone sigue a los otros fondos y tambi\u00e9n se va de Catalu\u00f1a\",\"isPartOf\":{\"@id\":\"https:\\\/\\\/www.aquimicasa.net\\\/blog\\\/#website\"},\"primaryImageOfPage\":{\"@id\":\"https:\\\/\\\/www.aquimicasa.net\\\/blog\\\/vivienda\\\/alquileres\\\/blackstone-sigue-a-los-otros-fondos-y-tambien-se-va-de-cataluna\\\/#primaryimage\"},\"image\":{\"@id\":\"https:\\\/\\\/www.aquimicasa.net\\\/blog\\\/vivienda\\\/alquileres\\\/blackstone-sigue-a-los-otros-fondos-y-tambien-se-va-de-cataluna\\\/#primaryimage\"},\"thumbnailUrl\":\"https:\\\/\\\/www.aquimicasa.net\\\/blog\\\/wp-content\\\/uploads\\\/Blackstone-e1748293583947.jpg\",\"datePublished\":\"2025-05-26T21:06:59+00:00\",\"description\":\"Blackstone ha comenzado a comunicar a inquilinos con contratos vencidos que no renovar\u00e1 sus alquileres y que las viviendas pasar\u00e1n a venta\",\"breadcrumb\":{\"@id\":\"https:\\\/\\\/www.aquimicasa.net\\\/blog\\\/vivienda\\\/alquileres\\\/blackstone-sigue-a-los-otros-fondos-y-tambien-se-va-de-cataluna\\\/#breadcrumb\"},\"inLanguage\":\"es\",\"potentialAction\":[{\"@type\":\"ReadAction\",\"target\":[\"https:\\\/\\\/www.aquimicasa.net\\\/blog\\\/vivienda\\\/alquileres\\\/blackstone-sigue-a-los-otros-fondos-y-tambien-se-va-de-cataluna\\\/\"]}]},{\"@type\":\"ImageObject\",\"inLanguage\":\"es\",\"@id\":\"https:\\\/\\\/www.aquimicasa.net\\\/blog\\\/vivienda\\\/alquileres\\\/blackstone-sigue-a-los-otros-fondos-y-tambien-se-va-de-cataluna\\\/#primaryimage\",\"url\":\"https:\\\/\\\/www.aquimicasa.net\\\/blog\\\/wp-content\\\/uploads\\\/Blackstone-e1748293583947.jpg\",\"contentUrl\":\"https:\\\/\\\/www.aquimicasa.net\\\/blog\\\/wp-content\\\/uploads\\\/Blackstone-e1748293583947.jpg\",\"width\":600,\"height\":338,\"caption\":\"Blackstone tambi\u00e9n se va de Catalu\u00f1a por la disminuci\u00f3n de la rentabilidad\"},{\"@type\":\"BreadcrumbList\",\"@id\":\"https:\\\/\\\/www.aquimicasa.net\\\/blog\\\/vivienda\\\/alquileres\\\/blackstone-sigue-a-los-otros-fondos-y-tambien-se-va-de-cataluna\\\/#breadcrumb\",\"itemListElement\":[{\"@type\":\"ListItem\",\"position\":1,\"name\":\"Portada\",\"item\":\"https:\\\/\\\/www.aquimicasa.net\\\/blog\\\/\"},{\"@type\":\"ListItem\",\"position\":2,\"name\":\"Blackstone sigue a los otros fondos y tambi\u00e9n se va de Catalu\u00f1a\"}]},{\"@type\":\"WebSite\",\"@id\":\"https:\\\/\\\/www.aquimicasa.net\\\/blog\\\/#website\",\"url\":\"https:\\\/\\\/www.aquimicasa.net\\\/blog\\\/\",\"name\":\"Blog de aquimicasa.net\",\"description\":\"Noticias del Mundo Inmobiliario\",\"publisher\":{\"@id\":\"https:\\\/\\\/www.aquimicasa.net\\\/blog\\\/#organization\"},\"potentialAction\":[{\"@type\":\"SearchAction\",\"target\":{\"@type\":\"EntryPoint\",\"urlTemplate\":\"https:\\\/\\\/www.aquimicasa.net\\\/blog\\\/?s={search_term_string}\"},\"query-input\":{\"@type\":\"PropertyValueSpecification\",\"valueRequired\":true,\"valueName\":\"search_term_string\"}}],\"inLanguage\":\"es\"},{\"@type\":\"Organization\",\"@id\":\"https:\\\/\\\/www.aquimicasa.net\\\/blog\\\/#organization\",\"name\":\"Blog de aquimicasa.net\",\"url\":\"https:\\\/\\\/www.aquimicasa.net\\\/blog\\\/\",\"logo\":{\"@type\":\"ImageObject\",\"inLanguage\":\"es\",\"@id\":\"https:\\\/\\\/www.aquimicasa.net\\\/blog\\\/#\\\/schema\\\/logo\\\/image\\\/\",\"url\":\"https:\\\/\\\/www.aquimicasa.net\\\/blog\\\/wp-content\\\/uploads\\\/Logo-aquimicasa-1-e1528048213782.png\",\"contentUrl\":\"https:\\\/\\\/www.aquimicasa.net\\\/blog\\\/wp-content\\\/uploads\\\/Logo-aquimicasa-1-e1528048213782.png\",\"width\":225,\"height\":225,\"caption\":\"Blog de aquimicasa.net\"},\"image\":{\"@id\":\"https:\\\/\\\/www.aquimicasa.net\\\/blog\\\/#\\\/schema\\\/logo\\\/image\\\/\"},\"sameAs\":[\"https:\\\/\\\/www.facebook.com\\\/aquimicasa.net\",\"https:\\\/\\\/www.instagram.com\\\/\",\"https:\\\/\\\/x.com\\\/EduLizarragaD\",\"https:\\\/\\\/www.linkedin.com\\\/feed\\\/\"]},{\"@type\":\"Person\",\"@id\":\"https:\\\/\\\/www.aquimicasa.net\\\/blog\\\/#\\\/schema\\\/person\\\/2cdfa2605534583395c8d7ce1d6cac14\",\"name\":\"Eduardo Lizarraga\",\"image\":{\"@type\":\"ImageObject\",\"inLanguage\":\"es\",\"@id\":\"https:\\\/\\\/secure.gravatar.com\\\/avatar\\\/bdabe1eeeed97b65a9cb7de2edd624b07995f7e13abc5fead15961f745f908cc?s=96&d=mm&r=g\",\"url\":\"https:\\\/\\\/secure.gravatar.com\\\/avatar\\\/bdabe1eeeed97b65a9cb7de2edd624b07995f7e13abc5fead15961f745f908cc?s=96&d=mm&r=g\",\"contentUrl\":\"https:\\\/\\\/secure.gravatar.com\\\/avatar\\\/bdabe1eeeed97b65a9cb7de2edd624b07995f7e13abc5fead15961f745f908cc?s=96&d=mm&r=g\",\"caption\":\"Eduardo Lizarraga\"},\"description\":\"Periodista Econ\u00f3mico. Ha trabajado en diversos campos de la informaci\u00f3n. Corresponsal en conflictos, analista pol\u00edtico en Congreso y Senado, periodista del medio ambiente, editor, director editorial, director de comunicaci\u00f3n.... En estos momentos se ha especializado en el sector inmobiliario. Pero tambi\u00e9n es navegante y viajero, preocupado por la pobreza, el medio ambiente y por las actuaciones descontroladas del neoliberalismo empresarial y pol\u00edtico en todo el mundo. Los desahucios, la pobreza infantil y la falta de acceso a los suministros b\u00e1sicos son algunos de los grandes dramas de nuestra sociedad y que es preciso solucionar para hacerla m\u00e1s justa. CEO en www.aquimicasa.net\",\"sameAs\":[\"https:\\\/\\\/www.aquimicasa.net\\\/\"],\"url\":\"https:\\\/\\\/www.aquimicasa.net\\\/blog\\\/author\\\/eduardo\\\/\"}]}<\/script>\n<!-- \/ Yoast SEO plugin. -->","yoast_head_json":{"title":"Blackstone sigue a los otros fondos y tambi\u00e9n se va de Catalu\u00f1a","description":"Blackstone ha comenzado a comunicar a inquilinos con contratos vencidos que no renovar\u00e1 sus alquileres y que las viviendas pasar\u00e1n a venta","robots":{"index":"index","follow":"follow","max-snippet":"max-snippet:-1","max-image-preview":"max-image-preview:large","max-video-preview":"max-video-preview:-1"},"canonical":"https:\/\/www.aquimicasa.net\/blog\/vivienda\/alquileres\/blackstone-sigue-a-los-otros-fondos-y-tambien-se-va-de-cataluna\/","og_locale":"es_ES","og_type":"article","og_title":"Blackstone sigue a los otros fondos y tambi\u00e9n se va de Catalu\u00f1a","og_description":"Blackstone ha comenzado a comunicar a inquilinos con contratos vencidos que no renovar\u00e1 sus alquileres y que las viviendas pasar\u00e1n a venta","og_url":"https:\/\/www.aquimicasa.net\/blog\/vivienda\/alquileres\/blackstone-sigue-a-los-otros-fondos-y-tambien-se-va-de-cataluna\/","og_site_name":"Blog de aquimicasa.net","article_publisher":"https:\/\/www.facebook.com\/aquimicasa.net","article_published_time":"2025-05-26T21:06:59+00:00","og_image":[{"width":600,"height":338,"url":"https:\/\/www.aquimicasa.net\/blog\/wp-content\/uploads\/Blackstone-e1748293583947.jpg","type":"image\/jpeg"}],"author":"Eduardo Lizarraga","twitter_misc":{"Escrito por":"Eduardo Lizarraga","Tiempo de lectura":"6 minutos"},"schema":{"@context":"https:\/\/schema.org","@graph":[{"@type":"Article","@id":"https:\/\/www.aquimicasa.net\/blog\/vivienda\/alquileres\/blackstone-sigue-a-los-otros-fondos-y-tambien-se-va-de-cataluna\/#article","isPartOf":{"@id":"https:\/\/www.aquimicasa.net\/blog\/vivienda\/alquileres\/blackstone-sigue-a-los-otros-fondos-y-tambien-se-va-de-cataluna\/"},"author":{"name":"Eduardo Lizarraga","@id":"https:\/\/www.aquimicasa.net\/blog\/#\/schema\/person\/2cdfa2605534583395c8d7ce1d6cac14"},"headline":"Blackstone sigue a los otros fondos y tambi\u00e9n se va de Catalu\u00f1a","datePublished":"2025-05-26T21:06:59+00:00","mainEntityOfPage":{"@id":"https:\/\/www.aquimicasa.net\/blog\/vivienda\/alquileres\/blackstone-sigue-a-los-otros-fondos-y-tambien-se-va-de-cataluna\/"},"wordCount":1451,"commentCount":0,"publisher":{"@id":"https:\/\/www.aquimicasa.net\/blog\/#organization"},"image":{"@id":"https:\/\/www.aquimicasa.net\/blog\/vivienda\/alquileres\/blackstone-sigue-a-los-otros-fondos-y-tambien-se-va-de-cataluna\/#primaryimage"},"thumbnailUrl":"https:\/\/www.aquimicasa.net\/blog\/wp-content\/uploads\/Blackstone-e1748293583947.jpg","keywords":["newsletter 515"],"articleSection":["Alquiler"],"inLanguage":"es","potentialAction":[{"@type":"CommentAction","name":"Comment","target":["https:\/\/www.aquimicasa.net\/blog\/vivienda\/alquileres\/blackstone-sigue-a-los-otros-fondos-y-tambien-se-va-de-cataluna\/#respond"]}]},{"@type":"WebPage","@id":"https:\/\/www.aquimicasa.net\/blog\/vivienda\/alquileres\/blackstone-sigue-a-los-otros-fondos-y-tambien-se-va-de-cataluna\/","url":"https:\/\/www.aquimicasa.net\/blog\/vivienda\/alquileres\/blackstone-sigue-a-los-otros-fondos-y-tambien-se-va-de-cataluna\/","name":"Blackstone sigue a los otros fondos y tambi\u00e9n se va de Catalu\u00f1a","isPartOf":{"@id":"https:\/\/www.aquimicasa.net\/blog\/#website"},"primaryImageOfPage":{"@id":"https:\/\/www.aquimicasa.net\/blog\/vivienda\/alquileres\/blackstone-sigue-a-los-otros-fondos-y-tambien-se-va-de-cataluna\/#primaryimage"},"image":{"@id":"https:\/\/www.aquimicasa.net\/blog\/vivienda\/alquileres\/blackstone-sigue-a-los-otros-fondos-y-tambien-se-va-de-cataluna\/#primaryimage"},"thumbnailUrl":"https:\/\/www.aquimicasa.net\/blog\/wp-content\/uploads\/Blackstone-e1748293583947.jpg","datePublished":"2025-05-26T21:06:59+00:00","description":"Blackstone ha comenzado a comunicar a inquilinos con contratos vencidos que no renovar\u00e1 sus alquileres y que las viviendas pasar\u00e1n a venta","breadcrumb":{"@id":"https:\/\/www.aquimicasa.net\/blog\/vivienda\/alquileres\/blackstone-sigue-a-los-otros-fondos-y-tambien-se-va-de-cataluna\/#breadcrumb"},"inLanguage":"es","potentialAction":[{"@type":"ReadAction","target":["https:\/\/www.aquimicasa.net\/blog\/vivienda\/alquileres\/blackstone-sigue-a-los-otros-fondos-y-tambien-se-va-de-cataluna\/"]}]},{"@type":"ImageObject","inLanguage":"es","@id":"https:\/\/www.aquimicasa.net\/blog\/vivienda\/alquileres\/blackstone-sigue-a-los-otros-fondos-y-tambien-se-va-de-cataluna\/#primaryimage","url":"https:\/\/www.aquimicasa.net\/blog\/wp-content\/uploads\/Blackstone-e1748293583947.jpg","contentUrl":"https:\/\/www.aquimicasa.net\/blog\/wp-content\/uploads\/Blackstone-e1748293583947.jpg","width":600,"height":338,"caption":"Blackstone tambi\u00e9n se va de Catalu\u00f1a por la disminuci\u00f3n de la rentabilidad"},{"@type":"BreadcrumbList","@id":"https:\/\/www.aquimicasa.net\/blog\/vivienda\/alquileres\/blackstone-sigue-a-los-otros-fondos-y-tambien-se-va-de-cataluna\/#breadcrumb","itemListElement":[{"@type":"ListItem","position":1,"name":"Portada","item":"https:\/\/www.aquimicasa.net\/blog\/"},{"@type":"ListItem","position":2,"name":"Blackstone sigue a los otros fondos y tambi\u00e9n se va de Catalu\u00f1a"}]},{"@type":"WebSite","@id":"https:\/\/www.aquimicasa.net\/blog\/#website","url":"https:\/\/www.aquimicasa.net\/blog\/","name":"Blog de aquimicasa.net","description":"Noticias del Mundo Inmobiliario","publisher":{"@id":"https:\/\/www.aquimicasa.net\/blog\/#organization"},"potentialAction":[{"@type":"SearchAction","target":{"@type":"EntryPoint","urlTemplate":"https:\/\/www.aquimicasa.net\/blog\/?s={search_term_string}"},"query-input":{"@type":"PropertyValueSpecification","valueRequired":true,"valueName":"search_term_string"}}],"inLanguage":"es"},{"@type":"Organization","@id":"https:\/\/www.aquimicasa.net\/blog\/#organization","name":"Blog de aquimicasa.net","url":"https:\/\/www.aquimicasa.net\/blog\/","logo":{"@type":"ImageObject","inLanguage":"es","@id":"https:\/\/www.aquimicasa.net\/blog\/#\/schema\/logo\/image\/","url":"https:\/\/www.aquimicasa.net\/blog\/wp-content\/uploads\/Logo-aquimicasa-1-e1528048213782.png","contentUrl":"https:\/\/www.aquimicasa.net\/blog\/wp-content\/uploads\/Logo-aquimicasa-1-e1528048213782.png","width":225,"height":225,"caption":"Blog de aquimicasa.net"},"image":{"@id":"https:\/\/www.aquimicasa.net\/blog\/#\/schema\/logo\/image\/"},"sameAs":["https:\/\/www.facebook.com\/aquimicasa.net","https:\/\/www.instagram.com\/","https:\/\/x.com\/EduLizarragaD","https:\/\/www.linkedin.com\/feed\/"]},{"@type":"Person","@id":"https:\/\/www.aquimicasa.net\/blog\/#\/schema\/person\/2cdfa2605534583395c8d7ce1d6cac14","name":"Eduardo Lizarraga","image":{"@type":"ImageObject","inLanguage":"es","@id":"https:\/\/secure.gravatar.com\/avatar\/bdabe1eeeed97b65a9cb7de2edd624b07995f7e13abc5fead15961f745f908cc?s=96&d=mm&r=g","url":"https:\/\/secure.gravatar.com\/avatar\/bdabe1eeeed97b65a9cb7de2edd624b07995f7e13abc5fead15961f745f908cc?s=96&d=mm&r=g","contentUrl":"https:\/\/secure.gravatar.com\/avatar\/bdabe1eeeed97b65a9cb7de2edd624b07995f7e13abc5fead15961f745f908cc?s=96&d=mm&r=g","caption":"Eduardo Lizarraga"},"description":"Periodista Econ\u00f3mico. Ha trabajado en diversos campos de la informaci\u00f3n. Corresponsal en conflictos, analista pol\u00edtico en Congreso y Senado, periodista del medio ambiente, editor, director editorial, director de comunicaci\u00f3n.... En estos momentos se ha especializado en el sector inmobiliario. Pero tambi\u00e9n es navegante y viajero, preocupado por la pobreza, el medio ambiente y por las actuaciones descontroladas del neoliberalismo empresarial y pol\u00edtico en todo el mundo. Los desahucios, la pobreza infantil y la falta de acceso a los suministros b\u00e1sicos son algunos de los grandes dramas de nuestra sociedad y que es preciso solucionar para hacerla m\u00e1s justa. CEO en www.aquimicasa.net","sameAs":["https:\/\/www.aquimicasa.net\/"],"url":"https:\/\/www.aquimicasa.net\/blog\/author\/eduardo\/"}]}},"jetpack_publicize_connections":[],"jetpack_featured_media_url":"https:\/\/www.aquimicasa.net\/blog\/wp-content\/uploads\/Blackstone-e1748293583947.jpg","jetpack_sharing_enabled":true,"jetpack_likes_enabled":true,"_links":{"self":[{"href":"https:\/\/www.aquimicasa.net\/blog\/wp-json\/wp\/v2\/posts\/51611","targetHints":{"allow":["GET"]}}],"collection":[{"href":"https:\/\/www.aquimicasa.net\/blog\/wp-json\/wp\/v2\/posts"}],"about":[{"href":"https:\/\/www.aquimicasa.net\/blog\/wp-json\/wp\/v2\/types\/post"}],"author":[{"embeddable":true,"href":"https:\/\/www.aquimicasa.net\/blog\/wp-json\/wp\/v2\/users\/3"}],"replies":[{"embeddable":true,"href":"https:\/\/www.aquimicasa.net\/blog\/wp-json\/wp\/v2\/comments?post=51611"}],"version-history":[{"count":2,"href":"https:\/\/www.aquimicasa.net\/blog\/wp-json\/wp\/v2\/posts\/51611\/revisions"}],"predecessor-version":[{"id":51622,"href":"https:\/\/www.aquimicasa.net\/blog\/wp-json\/wp\/v2\/posts\/51611\/revisions\/51622"}],"wp:featuredmedia":[{"embeddable":true,"href":"https:\/\/www.aquimicasa.net\/blog\/wp-json\/wp\/v2\/media\/51623"}],"wp:attachment":[{"href":"https:\/\/www.aquimicasa.net\/blog\/wp-json\/wp\/v2\/media?parent=51611"}],"wp:term":[{"taxonomy":"category","embeddable":true,"href":"https:\/\/www.aquimicasa.net\/blog\/wp-json\/wp\/v2\/categories?post=51611"},{"taxonomy":"post_tag","embeddable":true,"href":"https:\/\/www.aquimicasa.net\/blog\/wp-json\/wp\/v2\/tags?post=51611"}],"curies":[{"name":"wp","href":"https:\/\/api.w.org\/{rel}","templated":true}]}}