{"id":51638,"date":"2025-05-28T18:33:36","date_gmt":"2025-05-28T16:33:36","guid":{"rendered":"https:\/\/www.aquimicasa.net\/blog\/?p=51638"},"modified":"2025-05-28T18:33:36","modified_gmt":"2025-05-28T16:33:36","slug":"el-banco-de-espana-avisa-de-la-sobrevaloracion-de-la-vivienda","status":"publish","type":"post","link":"https:\/\/www.aquimicasa.net\/blog\/vivienda\/compraventa-de-viviendas\/el-banco-de-espana-avisa-de-la-sobrevaloracion-de-la-vivienda\/","title":{"rendered":"El Banco de Espa\u00f1a avisa de la sobrevaloraci\u00f3n de la vivienda"},"content":{"rendered":"<div class=\"fusion-fullwidth fullwidth-box fusion-builder-row-1 fusion-flex-container nonhundred-percent-fullwidth non-hundred-percent-height-scrolling\" style=\"background-color: rgba(255,255,255,0);background-position: center center;background-repeat: no-repeat;border-width: 0px 0px 0px 0px;border-color:#eae9e9;border-style:solid;\" ><div class=\"fusion-builder-row fusion-row fusion-flex-align-items-flex-start\" style=\"max-width:1144px;margin-left: calc(-4% \/ 2 );margin-right: calc(-4% \/ 2 );\"><div class=\"fusion-layout-column fusion_builder_column fusion-builder-column-0 fusion_builder_column_1_1 1_1 fusion-flex-column\"><div class=\"fusion-column-wrapper fusion-flex-justify-content-flex-start fusion-content-layout-column\" style=\"background-position:left top;background-repeat:no-repeat;-webkit-background-size:cover;-moz-background-size:cover;-o-background-size:cover;background-size:cover;padding: 0px 0px 0px 0px;\"><div class=\"fusion-text fusion-text-1\"><p data-start=\"76\" data-end=\"447\">El <strong data-start=\"79\" data-end=\"98\">Banco de Espa\u00f1a<\/strong> ha encendido las alarmas ante la escalada de precios en el mercado inmobiliario. En su reciente <em data-start=\"195\" data-end=\"248\">Informe de Estabilidad Financiera de Primavera 2025<\/em>, el organismo advierte sobre una <strong data-start=\"282\" data-end=\"318\">sobrevaloraci\u00f3n de hasta el 8,5%<\/strong> en los precios de la vivienda, una cifra que, aunque moderada, no deja de ser preocupante .<\/p>\n<h2 data-start=\"449\" data-end=\"517\">\ud83c\udfda\ufe0f<strong> Evitando los errores del pasado: no repetir la crisis de 2008<\/strong><\/h2>\n<p data-start=\"519\" data-end=\"1035\">Recordemos que la crisis financiera de 2008 fue, en gran parte, consecuencia de una burbuja inmobiliaria alimentada por una concesi\u00f3n de cr\u00e9ditos hipotecarios sin control. El Banco de Espa\u00f1a, consciente de este precedente, busca evitar que la historia se repita. Seg\u00fan Daniel P\u00e9rez Cid, director general de Estabilidad Financiera, se est\u00e1 desarrollando un marco de actuaci\u00f3n para limitar las condiciones de concesi\u00f3n de cr\u00e9dito hipotecario en caso de que el mercado se tensione .<\/p>\n<h2 data-start=\"1037\" data-end=\"1087\">\ud83d\udcc8<strong> \u00bfQu\u00e9 significa una sobrevaloraci\u00f3n del 8,5%?<\/strong><\/h2>\n<p data-start=\"1089\" data-end=\"1508\">Una sobrevaloraci\u00f3n del 8,5% implica que los precios de la vivienda est\u00e1n por encima de su valor real de mercado. Esto puede deberse a diversos factores, como la especulaci\u00f3n, la demanda descontrolada o la falta de oferta. Aunque el Banco de Espa\u00f1a considera este nivel de sobrevaloraci\u00f3n como \u00abmoderado\u00bb, no deja de ser un indicio de que el mercado podr\u00eda estar sobrecalent\u00e1ndose .<\/p>\n<h2 data-start=\"1510\" data-end=\"1577\">\ud83d\uded1 <strong>Limitando las condiciones de concesi\u00f3n de cr\u00e9dito hipotecario<\/strong><\/h2>\n<p data-start=\"1579\" data-end=\"2032\">Para evitar una nueva burbuja inmobiliaria, el Banco de Espa\u00f1a prev\u00e9 implementar medidas macroprudenciales que limiten las condiciones de concesi\u00f3n de cr\u00e9dito hipotecario. Estas medidas podr\u00edan incluir restricciones en el <strong data-start=\"1801\" data-end=\"1824\">loan to value (LTV)<\/strong> y el <strong data-start=\"1830\" data-end=\"1854\">loan to income (LTI)<\/strong>, es decir, limitar el porcentaje del valor del inmueble que se puede financiar y la relaci\u00f3n entre la deuda y los ingresos del prestatario .<\/p>\n<h2 data-start=\"2034\" data-end=\"2079\"><strong>Europa ya ha tomado medidas similares<\/strong><\/h2>\n<p data-start=\"2081\" data-end=\"2554\">Espa\u00f1a es uno de los pocos pa\u00edses de la Uni\u00f3n Bancaria Europea que a\u00fan no ha activado este tipo de medidas. La mayor\u00eda de los pa\u00edses europeos ya han implementado l\u00edmites macroprudenciales estructurales sobre las condiciones de concesi\u00f3n de pr\u00e9stamos hipotecarios. La Junta Europea de Riesgo Sist\u00e9mico (JERS) ha recomendado al Banco de Espa\u00f1a considerar la introducci\u00f3n de estos l\u00edmites para garantizar est\u00e1ndares crediticios adecuados .<\/p>\n<h2 data-start=\"2556\" data-end=\"2602\">\ud83e\udd14<strong> \u00bfY qu\u00e9 pasa con el acceso a la vivienda?<\/strong><\/h2>\n<p data-start=\"2604\" data-end=\"2942\">Si bien estas medidas buscan proteger la estabilidad financiera, tambi\u00e9n podr\u00edan dificultar el acceso a la vivienda para muchas personas. Limitar la concesi\u00f3n de cr\u00e9ditos hipotecarios podr\u00eda dejar fuera del mercado a quienes no cumplen con los nuevos requisitos, agravando a\u00fan m\u00e1s la crisis de acceso a la vivienda que ya enfrenta Espa\u00f1a.<\/p>\n<h2 data-start=\"2944\" data-end=\"2965\">\ud83e\udde0 La exclusi\u00f3n al derecho a la vivienda<\/h2>\n<p data-start=\"2967\" data-end=\"3282\">Es evidente que se necesitan medidas para evitar una nueva crisis financiera, pero estas deben equilibrarse con la necesidad de garantizar el acceso a la vivienda. No podemos permitir que, en nombre de la estabilidad financiera, se excluya a una parte significativa de la poblaci\u00f3n del derecho a una vivienda digna.<\/p>\n<\/div><\/div><style type=\"text\/css\">.fusion-body .fusion-builder-column-0{width:100% !important;margin-top : 0px;margin-bottom : 0px;}.fusion-builder-column-0 > .fusion-column-wrapper {padding-top : 0px !important;padding-right : 0px !important;margin-right : 1.92%;padding-bottom : 0px !important;padding-left : 0px !important;margin-left : 1.92%;}@media only screen and (max-width:1024px) {.fusion-body .fusion-builder-column-0{width:100% !important;}.fusion-builder-column-0 > .fusion-column-wrapper {margin-right : 1.92%;margin-left : 1.92%;}}@media only screen and (max-width:640px) {.fusion-body .fusion-builder-column-0{width:100% !important;}.fusion-builder-column-0 > .fusion-column-wrapper {margin-right : 1.92%;margin-left : 1.92%;}}<\/style><\/div><\/div><style type=\"text\/css\">.fusion-body .fusion-flex-container.fusion-builder-row-1{ padding-top : 0px;margin-top : 0px;padding-right : 0px;padding-bottom : 0px;margin-bottom : 0px;padding-left : 0px;}<\/style><\/div>\n","protected":false},"excerpt":{"rendered":"<p>El Banco de Espa\u00f1a est\u00e1 desarrollando un marco de actuaci\u00f3n para limitar las condiciones de concesi\u00f3n de cr\u00e9dito hipotecario en caso de que el mercado se tensione .<\/p>\n","protected":false},"author":3,"featured_media":49391,"comment_status":"open","ping_status":"closed","sticky":false,"template":"","format":"standard","meta":{"_jetpack_memberships_contains_paid_content":false,"footnotes":"","jetpack_publicize_message":"","jetpack_publicize_feature_enabled":true,"jetpack_social_post_already_shared":true,"jetpack_social_options":{"image_generator_settings":{"template":"highway","default_image_id":0,"font":"","enabled":false},"version":2}},"categories":[100],"tags":[8230],"class_list":["post-51638","post","type-post","status-publish","format-standard","has-post-thumbnail","hentry","category-compraventa-de-viviendas","tag-newsletter-515"],"yoast_head":"<!-- This site is optimized with the Yoast SEO plugin v27.5 - https:\/\/yoast.com\/product\/yoast-seo-wordpress\/ -->\n<title>El Banco de Espa\u00f1a avisa de la sobrevaloraci\u00f3n de la vivienda<\/title>\n<meta name=\"description\" content=\"Una sobrevaloraci\u00f3n del 8,5% implica que los precios de la vivienda est\u00e1n por encima de su valor real de mercado.\" \/>\n<meta name=\"robots\" content=\"index, follow, max-snippet:-1, max-image-preview:large, max-video-preview:-1\" \/>\n<link rel=\"canonical\" href=\"https:\/\/www.aquimicasa.net\/blog\/vivienda\/compraventa-de-viviendas\/el-banco-de-espana-avisa-de-la-sobrevaloracion-de-la-vivienda\/\" \/>\n<meta property=\"og:locale\" content=\"es_ES\" \/>\n<meta property=\"og:type\" content=\"article\" \/>\n<meta property=\"og:title\" content=\"El Banco de Espa\u00f1a avisa de la sobrevaloraci\u00f3n de la vivienda\" \/>\n<meta property=\"og:description\" content=\"Una sobrevaloraci\u00f3n del 8,5% implica que los precios de la vivienda est\u00e1n por encima de su valor real de mercado.\" \/>\n<meta property=\"og:url\" content=\"https:\/\/www.aquimicasa.net\/blog\/vivienda\/compraventa-de-viviendas\/el-banco-de-espana-avisa-de-la-sobrevaloracion-de-la-vivienda\/\" \/>\n<meta property=\"og:site_name\" content=\"Blog de aquimicasa.net\" \/>\n<meta property=\"article:publisher\" content=\"https:\/\/www.facebook.com\/aquimicasa.net\" \/>\n<meta property=\"article:published_time\" content=\"2025-05-28T16:33:36+00:00\" \/>\n<meta property=\"og:image\" content=\"https:\/\/www.aquimicasa.net\/blog\/wp-content\/uploads\/Banco-de-Espana1.jpg\" \/>\n\t<meta property=\"og:image:width\" content=\"460\" \/>\n\t<meta property=\"og:image:height\" content=\"340\" \/>\n\t<meta property=\"og:image:type\" content=\"image\/jpeg\" \/>\n<meta name=\"author\" content=\"Eduardo Lizarraga\" \/>\n<meta name=\"twitter:label1\" content=\"Escrito por\" \/>\n\t<meta name=\"twitter:data1\" content=\"Eduardo Lizarraga\" \/>\n\t<meta name=\"twitter:label2\" content=\"Tiempo de lectura\" \/>\n\t<meta name=\"twitter:data2\" content=\"4 minutos\" \/>\n<script type=\"application\/ld+json\" class=\"yoast-schema-graph\">{\"@context\":\"https:\\\/\\\/schema.org\",\"@graph\":[{\"@type\":\"Article\",\"@id\":\"https:\\\/\\\/www.aquimicasa.net\\\/blog\\\/vivienda\\\/compraventa-de-viviendas\\\/el-banco-de-espana-avisa-de-la-sobrevaloracion-de-la-vivienda\\\/#article\",\"isPartOf\":{\"@id\":\"https:\\\/\\\/www.aquimicasa.net\\\/blog\\\/vivienda\\\/compraventa-de-viviendas\\\/el-banco-de-espana-avisa-de-la-sobrevaloracion-de-la-vivienda\\\/\"},\"author\":{\"name\":\"Eduardo Lizarraga\",\"@id\":\"https:\\\/\\\/www.aquimicasa.net\\\/blog\\\/#\\\/schema\\\/person\\\/2cdfa2605534583395c8d7ce1d6cac14\"},\"headline\":\"El Banco de Espa\u00f1a avisa de la sobrevaloraci\u00f3n de la vivienda\",\"datePublished\":\"2025-05-28T16:33:36+00:00\",\"mainEntityOfPage\":{\"@id\":\"https:\\\/\\\/www.aquimicasa.net\\\/blog\\\/vivienda\\\/compraventa-de-viviendas\\\/el-banco-de-espana-avisa-de-la-sobrevaloracion-de-la-vivienda\\\/\"},\"wordCount\":763,\"commentCount\":0,\"publisher\":{\"@id\":\"https:\\\/\\\/www.aquimicasa.net\\\/blog\\\/#organization\"},\"image\":{\"@id\":\"https:\\\/\\\/www.aquimicasa.net\\\/blog\\\/vivienda\\\/compraventa-de-viviendas\\\/el-banco-de-espana-avisa-de-la-sobrevaloracion-de-la-vivienda\\\/#primaryimage\"},\"thumbnailUrl\":\"https:\\\/\\\/www.aquimicasa.net\\\/blog\\\/wp-content\\\/uploads\\\/Banco-de-Espana1.jpg\",\"keywords\":[\"newsletter 515\"],\"articleSection\":[\"Compra Venta\"],\"inLanguage\":\"es\",\"potentialAction\":[{\"@type\":\"CommentAction\",\"name\":\"Comment\",\"target\":[\"https:\\\/\\\/www.aquimicasa.net\\\/blog\\\/vivienda\\\/compraventa-de-viviendas\\\/el-banco-de-espana-avisa-de-la-sobrevaloracion-de-la-vivienda\\\/#respond\"]}]},{\"@type\":\"WebPage\",\"@id\":\"https:\\\/\\\/www.aquimicasa.net\\\/blog\\\/vivienda\\\/compraventa-de-viviendas\\\/el-banco-de-espana-avisa-de-la-sobrevaloracion-de-la-vivienda\\\/\",\"url\":\"https:\\\/\\\/www.aquimicasa.net\\\/blog\\\/vivienda\\\/compraventa-de-viviendas\\\/el-banco-de-espana-avisa-de-la-sobrevaloracion-de-la-vivienda\\\/\",\"name\":\"El Banco de Espa\u00f1a avisa de la sobrevaloraci\u00f3n de la vivienda\",\"isPartOf\":{\"@id\":\"https:\\\/\\\/www.aquimicasa.net\\\/blog\\\/#website\"},\"primaryImageOfPage\":{\"@id\":\"https:\\\/\\\/www.aquimicasa.net\\\/blog\\\/vivienda\\\/compraventa-de-viviendas\\\/el-banco-de-espana-avisa-de-la-sobrevaloracion-de-la-vivienda\\\/#primaryimage\"},\"image\":{\"@id\":\"https:\\\/\\\/www.aquimicasa.net\\\/blog\\\/vivienda\\\/compraventa-de-viviendas\\\/el-banco-de-espana-avisa-de-la-sobrevaloracion-de-la-vivienda\\\/#primaryimage\"},\"thumbnailUrl\":\"https:\\\/\\\/www.aquimicasa.net\\\/blog\\\/wp-content\\\/uploads\\\/Banco-de-Espana1.jpg\",\"datePublished\":\"2025-05-28T16:33:36+00:00\",\"description\":\"Una sobrevaloraci\u00f3n del 8,5% implica que los precios de la vivienda est\u00e1n por encima de su valor real de mercado.\",\"breadcrumb\":{\"@id\":\"https:\\\/\\\/www.aquimicasa.net\\\/blog\\\/vivienda\\\/compraventa-de-viviendas\\\/el-banco-de-espana-avisa-de-la-sobrevaloracion-de-la-vivienda\\\/#breadcrumb\"},\"inLanguage\":\"es\",\"potentialAction\":[{\"@type\":\"ReadAction\",\"target\":[\"https:\\\/\\\/www.aquimicasa.net\\\/blog\\\/vivienda\\\/compraventa-de-viviendas\\\/el-banco-de-espana-avisa-de-la-sobrevaloracion-de-la-vivienda\\\/\"]}]},{\"@type\":\"ImageObject\",\"inLanguage\":\"es\",\"@id\":\"https:\\\/\\\/www.aquimicasa.net\\\/blog\\\/vivienda\\\/compraventa-de-viviendas\\\/el-banco-de-espana-avisa-de-la-sobrevaloracion-de-la-vivienda\\\/#primaryimage\",\"url\":\"https:\\\/\\\/www.aquimicasa.net\\\/blog\\\/wp-content\\\/uploads\\\/Banco-de-Espana1.jpg\",\"contentUrl\":\"https:\\\/\\\/www.aquimicasa.net\\\/blog\\\/wp-content\\\/uploads\\\/Banco-de-Espana1.jpg\",\"width\":460,\"height\":340,\"caption\":\"Las previsiones del Banco de Espa\u00f1a en el sector de la vivienda\"},{\"@type\":\"BreadcrumbList\",\"@id\":\"https:\\\/\\\/www.aquimicasa.net\\\/blog\\\/vivienda\\\/compraventa-de-viviendas\\\/el-banco-de-espana-avisa-de-la-sobrevaloracion-de-la-vivienda\\\/#breadcrumb\",\"itemListElement\":[{\"@type\":\"ListItem\",\"position\":1,\"name\":\"Portada\",\"item\":\"https:\\\/\\\/www.aquimicasa.net\\\/blog\\\/\"},{\"@type\":\"ListItem\",\"position\":2,\"name\":\"El Banco de Espa\u00f1a avisa de la sobrevaloraci\u00f3n de la vivienda\"}]},{\"@type\":\"WebSite\",\"@id\":\"https:\\\/\\\/www.aquimicasa.net\\\/blog\\\/#website\",\"url\":\"https:\\\/\\\/www.aquimicasa.net\\\/blog\\\/\",\"name\":\"Blog de aquimicasa.net\",\"description\":\"Noticias del Mundo Inmobiliario\",\"publisher\":{\"@id\":\"https:\\\/\\\/www.aquimicasa.net\\\/blog\\\/#organization\"},\"potentialAction\":[{\"@type\":\"SearchAction\",\"target\":{\"@type\":\"EntryPoint\",\"urlTemplate\":\"https:\\\/\\\/www.aquimicasa.net\\\/blog\\\/?s={search_term_string}\"},\"query-input\":{\"@type\":\"PropertyValueSpecification\",\"valueRequired\":true,\"valueName\":\"search_term_string\"}}],\"inLanguage\":\"es\"},{\"@type\":\"Organization\",\"@id\":\"https:\\\/\\\/www.aquimicasa.net\\\/blog\\\/#organization\",\"name\":\"Blog de aquimicasa.net\",\"url\":\"https:\\\/\\\/www.aquimicasa.net\\\/blog\\\/\",\"logo\":{\"@type\":\"ImageObject\",\"inLanguage\":\"es\",\"@id\":\"https:\\\/\\\/www.aquimicasa.net\\\/blog\\\/#\\\/schema\\\/logo\\\/image\\\/\",\"url\":\"https:\\\/\\\/www.aquimicasa.net\\\/blog\\\/wp-content\\\/uploads\\\/Logo-aquimicasa-1-e1528048213782.png\",\"contentUrl\":\"https:\\\/\\\/www.aquimicasa.net\\\/blog\\\/wp-content\\\/uploads\\\/Logo-aquimicasa-1-e1528048213782.png\",\"width\":225,\"height\":225,\"caption\":\"Blog de aquimicasa.net\"},\"image\":{\"@id\":\"https:\\\/\\\/www.aquimicasa.net\\\/blog\\\/#\\\/schema\\\/logo\\\/image\\\/\"},\"sameAs\":[\"https:\\\/\\\/www.facebook.com\\\/aquimicasa.net\",\"https:\\\/\\\/www.instagram.com\\\/\",\"https:\\\/\\\/x.com\\\/EduLizarragaD\",\"https:\\\/\\\/www.linkedin.com\\\/feed\\\/\"]},{\"@type\":\"Person\",\"@id\":\"https:\\\/\\\/www.aquimicasa.net\\\/blog\\\/#\\\/schema\\\/person\\\/2cdfa2605534583395c8d7ce1d6cac14\",\"name\":\"Eduardo Lizarraga\",\"image\":{\"@type\":\"ImageObject\",\"inLanguage\":\"es\",\"@id\":\"https:\\\/\\\/secure.gravatar.com\\\/avatar\\\/bdabe1eeeed97b65a9cb7de2edd624b07995f7e13abc5fead15961f745f908cc?s=96&d=mm&r=g\",\"url\":\"https:\\\/\\\/secure.gravatar.com\\\/avatar\\\/bdabe1eeeed97b65a9cb7de2edd624b07995f7e13abc5fead15961f745f908cc?s=96&d=mm&r=g\",\"contentUrl\":\"https:\\\/\\\/secure.gravatar.com\\\/avatar\\\/bdabe1eeeed97b65a9cb7de2edd624b07995f7e13abc5fead15961f745f908cc?s=96&d=mm&r=g\",\"caption\":\"Eduardo Lizarraga\"},\"description\":\"Periodista Econ\u00f3mico. Ha trabajado en diversos campos de la informaci\u00f3n. Corresponsal en conflictos, analista pol\u00edtico en Congreso y Senado, periodista del medio ambiente, editor, director editorial, director de comunicaci\u00f3n.... En estos momentos se ha especializado en el sector inmobiliario. Pero tambi\u00e9n es navegante y viajero, preocupado por la pobreza, el medio ambiente y por las actuaciones descontroladas del neoliberalismo empresarial y pol\u00edtico en todo el mundo. Los desahucios, la pobreza infantil y la falta de acceso a los suministros b\u00e1sicos son algunos de los grandes dramas de nuestra sociedad y que es preciso solucionar para hacerla m\u00e1s justa. CEO en www.aquimicasa.net\",\"sameAs\":[\"https:\\\/\\\/www.aquimicasa.net\\\/\"],\"url\":\"https:\\\/\\\/www.aquimicasa.net\\\/blog\\\/author\\\/eduardo\\\/\"}]}<\/script>\n<!-- \/ Yoast SEO plugin. -->","yoast_head_json":{"title":"El Banco de Espa\u00f1a avisa de la sobrevaloraci\u00f3n de la vivienda","description":"Una sobrevaloraci\u00f3n del 8,5% implica que los precios de la vivienda est\u00e1n por encima de su valor real de mercado.","robots":{"index":"index","follow":"follow","max-snippet":"max-snippet:-1","max-image-preview":"max-image-preview:large","max-video-preview":"max-video-preview:-1"},"canonical":"https:\/\/www.aquimicasa.net\/blog\/vivienda\/compraventa-de-viviendas\/el-banco-de-espana-avisa-de-la-sobrevaloracion-de-la-vivienda\/","og_locale":"es_ES","og_type":"article","og_title":"El Banco de Espa\u00f1a avisa de la sobrevaloraci\u00f3n de la vivienda","og_description":"Una sobrevaloraci\u00f3n del 8,5% implica que los precios de la vivienda est\u00e1n por encima de su valor real de mercado.","og_url":"https:\/\/www.aquimicasa.net\/blog\/vivienda\/compraventa-de-viviendas\/el-banco-de-espana-avisa-de-la-sobrevaloracion-de-la-vivienda\/","og_site_name":"Blog de aquimicasa.net","article_publisher":"https:\/\/www.facebook.com\/aquimicasa.net","article_published_time":"2025-05-28T16:33:36+00:00","og_image":[{"width":460,"height":340,"url":"https:\/\/www.aquimicasa.net\/blog\/wp-content\/uploads\/Banco-de-Espana1.jpg","type":"image\/jpeg"}],"author":"Eduardo Lizarraga","twitter_misc":{"Escrito por":"Eduardo Lizarraga","Tiempo de lectura":"4 minutos"},"schema":{"@context":"https:\/\/schema.org","@graph":[{"@type":"Article","@id":"https:\/\/www.aquimicasa.net\/blog\/vivienda\/compraventa-de-viviendas\/el-banco-de-espana-avisa-de-la-sobrevaloracion-de-la-vivienda\/#article","isPartOf":{"@id":"https:\/\/www.aquimicasa.net\/blog\/vivienda\/compraventa-de-viviendas\/el-banco-de-espana-avisa-de-la-sobrevaloracion-de-la-vivienda\/"},"author":{"name":"Eduardo Lizarraga","@id":"https:\/\/www.aquimicasa.net\/blog\/#\/schema\/person\/2cdfa2605534583395c8d7ce1d6cac14"},"headline":"El Banco de Espa\u00f1a avisa de la sobrevaloraci\u00f3n de la vivienda","datePublished":"2025-05-28T16:33:36+00:00","mainEntityOfPage":{"@id":"https:\/\/www.aquimicasa.net\/blog\/vivienda\/compraventa-de-viviendas\/el-banco-de-espana-avisa-de-la-sobrevaloracion-de-la-vivienda\/"},"wordCount":763,"commentCount":0,"publisher":{"@id":"https:\/\/www.aquimicasa.net\/blog\/#organization"},"image":{"@id":"https:\/\/www.aquimicasa.net\/blog\/vivienda\/compraventa-de-viviendas\/el-banco-de-espana-avisa-de-la-sobrevaloracion-de-la-vivienda\/#primaryimage"},"thumbnailUrl":"https:\/\/www.aquimicasa.net\/blog\/wp-content\/uploads\/Banco-de-Espana1.jpg","keywords":["newsletter 515"],"articleSection":["Compra Venta"],"inLanguage":"es","potentialAction":[{"@type":"CommentAction","name":"Comment","target":["https:\/\/www.aquimicasa.net\/blog\/vivienda\/compraventa-de-viviendas\/el-banco-de-espana-avisa-de-la-sobrevaloracion-de-la-vivienda\/#respond"]}]},{"@type":"WebPage","@id":"https:\/\/www.aquimicasa.net\/blog\/vivienda\/compraventa-de-viviendas\/el-banco-de-espana-avisa-de-la-sobrevaloracion-de-la-vivienda\/","url":"https:\/\/www.aquimicasa.net\/blog\/vivienda\/compraventa-de-viviendas\/el-banco-de-espana-avisa-de-la-sobrevaloracion-de-la-vivienda\/","name":"El Banco de Espa\u00f1a avisa de la sobrevaloraci\u00f3n de la vivienda","isPartOf":{"@id":"https:\/\/www.aquimicasa.net\/blog\/#website"},"primaryImageOfPage":{"@id":"https:\/\/www.aquimicasa.net\/blog\/vivienda\/compraventa-de-viviendas\/el-banco-de-espana-avisa-de-la-sobrevaloracion-de-la-vivienda\/#primaryimage"},"image":{"@id":"https:\/\/www.aquimicasa.net\/blog\/vivienda\/compraventa-de-viviendas\/el-banco-de-espana-avisa-de-la-sobrevaloracion-de-la-vivienda\/#primaryimage"},"thumbnailUrl":"https:\/\/www.aquimicasa.net\/blog\/wp-content\/uploads\/Banco-de-Espana1.jpg","datePublished":"2025-05-28T16:33:36+00:00","description":"Una sobrevaloraci\u00f3n del 8,5% implica que los precios de la vivienda est\u00e1n por encima de su valor real de mercado.","breadcrumb":{"@id":"https:\/\/www.aquimicasa.net\/blog\/vivienda\/compraventa-de-viviendas\/el-banco-de-espana-avisa-de-la-sobrevaloracion-de-la-vivienda\/#breadcrumb"},"inLanguage":"es","potentialAction":[{"@type":"ReadAction","target":["https:\/\/www.aquimicasa.net\/blog\/vivienda\/compraventa-de-viviendas\/el-banco-de-espana-avisa-de-la-sobrevaloracion-de-la-vivienda\/"]}]},{"@type":"ImageObject","inLanguage":"es","@id":"https:\/\/www.aquimicasa.net\/blog\/vivienda\/compraventa-de-viviendas\/el-banco-de-espana-avisa-de-la-sobrevaloracion-de-la-vivienda\/#primaryimage","url":"https:\/\/www.aquimicasa.net\/blog\/wp-content\/uploads\/Banco-de-Espana1.jpg","contentUrl":"https:\/\/www.aquimicasa.net\/blog\/wp-content\/uploads\/Banco-de-Espana1.jpg","width":460,"height":340,"caption":"Las previsiones del Banco de Espa\u00f1a en el sector de la vivienda"},{"@type":"BreadcrumbList","@id":"https:\/\/www.aquimicasa.net\/blog\/vivienda\/compraventa-de-viviendas\/el-banco-de-espana-avisa-de-la-sobrevaloracion-de-la-vivienda\/#breadcrumb","itemListElement":[{"@type":"ListItem","position":1,"name":"Portada","item":"https:\/\/www.aquimicasa.net\/blog\/"},{"@type":"ListItem","position":2,"name":"El Banco de Espa\u00f1a avisa de la sobrevaloraci\u00f3n de la vivienda"}]},{"@type":"WebSite","@id":"https:\/\/www.aquimicasa.net\/blog\/#website","url":"https:\/\/www.aquimicasa.net\/blog\/","name":"Blog de aquimicasa.net","description":"Noticias del Mundo Inmobiliario","publisher":{"@id":"https:\/\/www.aquimicasa.net\/blog\/#organization"},"potentialAction":[{"@type":"SearchAction","target":{"@type":"EntryPoint","urlTemplate":"https:\/\/www.aquimicasa.net\/blog\/?s={search_term_string}"},"query-input":{"@type":"PropertyValueSpecification","valueRequired":true,"valueName":"search_term_string"}}],"inLanguage":"es"},{"@type":"Organization","@id":"https:\/\/www.aquimicasa.net\/blog\/#organization","name":"Blog de aquimicasa.net","url":"https:\/\/www.aquimicasa.net\/blog\/","logo":{"@type":"ImageObject","inLanguage":"es","@id":"https:\/\/www.aquimicasa.net\/blog\/#\/schema\/logo\/image\/","url":"https:\/\/www.aquimicasa.net\/blog\/wp-content\/uploads\/Logo-aquimicasa-1-e1528048213782.png","contentUrl":"https:\/\/www.aquimicasa.net\/blog\/wp-content\/uploads\/Logo-aquimicasa-1-e1528048213782.png","width":225,"height":225,"caption":"Blog de aquimicasa.net"},"image":{"@id":"https:\/\/www.aquimicasa.net\/blog\/#\/schema\/logo\/image\/"},"sameAs":["https:\/\/www.facebook.com\/aquimicasa.net","https:\/\/www.instagram.com\/","https:\/\/x.com\/EduLizarragaD","https:\/\/www.linkedin.com\/feed\/"]},{"@type":"Person","@id":"https:\/\/www.aquimicasa.net\/blog\/#\/schema\/person\/2cdfa2605534583395c8d7ce1d6cac14","name":"Eduardo Lizarraga","image":{"@type":"ImageObject","inLanguage":"es","@id":"https:\/\/secure.gravatar.com\/avatar\/bdabe1eeeed97b65a9cb7de2edd624b07995f7e13abc5fead15961f745f908cc?s=96&d=mm&r=g","url":"https:\/\/secure.gravatar.com\/avatar\/bdabe1eeeed97b65a9cb7de2edd624b07995f7e13abc5fead15961f745f908cc?s=96&d=mm&r=g","contentUrl":"https:\/\/secure.gravatar.com\/avatar\/bdabe1eeeed97b65a9cb7de2edd624b07995f7e13abc5fead15961f745f908cc?s=96&d=mm&r=g","caption":"Eduardo Lizarraga"},"description":"Periodista Econ\u00f3mico. Ha trabajado en diversos campos de la informaci\u00f3n. Corresponsal en conflictos, analista pol\u00edtico en Congreso y Senado, periodista del medio ambiente, editor, director editorial, director de comunicaci\u00f3n.... En estos momentos se ha especializado en el sector inmobiliario. Pero tambi\u00e9n es navegante y viajero, preocupado por la pobreza, el medio ambiente y por las actuaciones descontroladas del neoliberalismo empresarial y pol\u00edtico en todo el mundo. Los desahucios, la pobreza infantil y la falta de acceso a los suministros b\u00e1sicos son algunos de los grandes dramas de nuestra sociedad y que es preciso solucionar para hacerla m\u00e1s justa. CEO en www.aquimicasa.net","sameAs":["https:\/\/www.aquimicasa.net\/"],"url":"https:\/\/www.aquimicasa.net\/blog\/author\/eduardo\/"}]}},"jetpack_publicize_connections":[],"jetpack_featured_media_url":"https:\/\/www.aquimicasa.net\/blog\/wp-content\/uploads\/Banco-de-Espana1.jpg","jetpack_sharing_enabled":true,"jetpack_likes_enabled":true,"_links":{"self":[{"href":"https:\/\/www.aquimicasa.net\/blog\/wp-json\/wp\/v2\/posts\/51638","targetHints":{"allow":["GET"]}}],"collection":[{"href":"https:\/\/www.aquimicasa.net\/blog\/wp-json\/wp\/v2\/posts"}],"about":[{"href":"https:\/\/www.aquimicasa.net\/blog\/wp-json\/wp\/v2\/types\/post"}],"author":[{"embeddable":true,"href":"https:\/\/www.aquimicasa.net\/blog\/wp-json\/wp\/v2\/users\/3"}],"replies":[{"embeddable":true,"href":"https:\/\/www.aquimicasa.net\/blog\/wp-json\/wp\/v2\/comments?post=51638"}],"version-history":[{"count":2,"href":"https:\/\/www.aquimicasa.net\/blog\/wp-json\/wp\/v2\/posts\/51638\/revisions"}],"predecessor-version":[{"id":51644,"href":"https:\/\/www.aquimicasa.net\/blog\/wp-json\/wp\/v2\/posts\/51638\/revisions\/51644"}],"wp:featuredmedia":[{"embeddable":true,"href":"https:\/\/www.aquimicasa.net\/blog\/wp-json\/wp\/v2\/media\/49391"}],"wp:attachment":[{"href":"https:\/\/www.aquimicasa.net\/blog\/wp-json\/wp\/v2\/media?parent=51638"}],"wp:term":[{"taxonomy":"category","embeddable":true,"href":"https:\/\/www.aquimicasa.net\/blog\/wp-json\/wp\/v2\/categories?post=51638"},{"taxonomy":"post_tag","embeddable":true,"href":"https:\/\/www.aquimicasa.net\/blog\/wp-json\/wp\/v2\/tags?post=51638"}],"curies":[{"name":"wp","href":"https:\/\/api.w.org\/{rel}","templated":true}]}}