{"id":51745,"date":"2025-06-07T12:00:19","date_gmt":"2025-06-07T10:00:19","guid":{"rendered":"https:\/\/www.aquimicasa.net\/blog\/?p=51745"},"modified":"2025-06-07T12:00:19","modified_gmt":"2025-06-07T10:00:19","slug":"alquilar-un-apartamento-en-la-playa-el-verano-el-rinon-y-todo-eso","status":"publish","type":"post","link":"https:\/\/www.aquimicasa.net\/blog\/vivienda\/compraventa-de-viviendas\/alquilar-un-apartamento-en-la-playa-el-verano-el-rinon-y-todo-eso\/","title":{"rendered":"Alquilar un apartamento en la playa el verano\u2026 el ri\u00f1\u00f3n y todo eso"},"content":{"rendered":"<div class=\"fusion-fullwidth fullwidth-box fusion-builder-row-1 fusion-flex-container nonhundred-percent-fullwidth non-hundred-percent-height-scrolling\" style=\"background-color: rgba(255,255,255,0);background-position: center center;background-repeat: no-repeat;border-width: 0px 0px 0px 0px;border-color:#eae9e9;border-style:solid;\" ><div class=\"fusion-builder-row fusion-row fusion-flex-align-items-flex-start\" style=\"max-width:1144px;margin-left: calc(-4% \/ 2 );margin-right: calc(-4% \/ 2 );\"><div class=\"fusion-layout-column fusion_builder_column fusion-builder-column-0 fusion_builder_column_1_1 1_1 fusion-flex-column\"><div class=\"fusion-column-wrapper fusion-flex-justify-content-flex-start fusion-content-layout-column\" style=\"background-position:left top;background-repeat:no-repeat;-webkit-background-size:cover;-moz-background-size:cover;-o-background-size:cover;background-size:cover;padding: 0px 0px 0px 0px;\"><div class=\"fusion-text fusion-text-1\"><section id=\"\" class=\"elementor-section elementor-top-section elementor-element elementor-element-628db73 elementor-section-boxed elementor-section-height-default elementor-section-height-default jet-parallax-section\" data-id=\"628db73\" data-element_type=\"section\" data-settings=\"{\">\n<div class=\"elementor-container elementor-column-gap-default\">\n<div class=\"elementor-column elementor-col-100 elementor-top-column elementor-element elementor-element-ca1274b\" data-id=\"ca1274b\" data-element_type=\"column\">\n<div class=\"elementor-widget-wrap elementor-element-populated\">\n<div class=\"elementor-element elementor-element-5e69467 elementor-widget elementor-widget-heading\" data-id=\"5e69467\" data-element_type=\"widget\" data-widget_type=\"heading.default\">\n<div class=\"elementor-widget-container\">\n<p data-start=\"83\" data-end=\"534\">El sue\u00f1o de veranear junto al mar se aleja cada vez m\u00e1s del bolsillo medio de los espa\u00f1oles. <strong data-start=\"176\" data-end=\"266\">Los precios de los alquileres vacacionales en la costa espa\u00f1ola siguen al alza en 2025<\/strong>, y aunque la subida media se ha moderado hasta el 7 %, lo cierto es que los importes siguen muy por encima del IPC y cada vez resulta m\u00e1s complicado encontrar algo \u201crazonable\u201d cerca de la arena sin hipotecar parte del sueldo o directamente renunciar a las vacaciones.<\/p>\n<p data-start=\"536\" data-end=\"831\">Y eso si es que logras reservar algo. Porque adem\u00e1s de caros, los alojamientos vuelan. La demanda sigue creciendo a pesar de los precios, empujada por un mercado tur\u00edstico voraz que convierte la vivienda en mercanc\u00eda rentable antes que en un derecho b\u00e1sico, incluso para unas simples vacaciones.<\/p>\n<h2 data-start=\"838\" data-end=\"901\"><strong>Incremento medio del 7 %, pero con zonas fuera de madre<\/strong> \ud83e\uddfe\ud83d\udcc8<\/h2>\n<p data-start=\"903\" data-end=\"1301\">Seg\u00fan el \u00faltimo <strong data-start=\"919\" data-end=\"956\">Informe de Alquiler en Costa 2025<\/strong> elaborado por Grupo Tecnitasa, <strong data-start=\"988\" data-end=\"1080\">alquilar un apartamento en primera l\u00ednea de playa cuesta ya 1.270 \u20ac a la semana de media<\/strong>, casi 110 euros m\u00e1s que el a\u00f1o pasado. Y eso, insistimos, es el promedio. Porque hay zonas donde el precio se ha disparado por encima del 12 %, convirtiendo el derecho al descanso estival en un lujo reservado a minor\u00edas.<\/p>\n<p data-start=\"1303\" data-end=\"1561\"><strong data-start=\"1303\" data-end=\"1356\">Este 7 % de subida media triplica el IPC previsto<\/strong>, y aunque es inferior al 10 % del verano pasado, sigue siendo una cifra insultante para miles de familias trabajadoras que ya deben cuadrar sus presupuestos anuales para poder pasar unos d\u00edas en la costa.<\/p>\n<p data-start=\"1563\" data-end=\"1732\">Y no estamos hablando de mansiones con piscina y pista de p\u00e1del: por ese precio, lo que se alquila en muchos casos es un piso de dos habitaciones con terraza compartida.<\/p>\n<h2 data-start=\"1739\" data-end=\"1814\"><strong>Puerto Ban\u00fas en cabeza y en el lado opuesto Castell\u00f3n o Cantabria<\/strong> \ud83d\udc8e\u27a1\ufe0f\ud83e\uddca<\/h2>\n<p data-start=\"1816\" data-end=\"2086\">Las zonas m\u00e1s exclusivas siguen disparadas y no conocen l\u00edmites. En <strong data-start=\"1884\" data-end=\"1911\">Puerto Ban\u00fas (Marbella)<\/strong> se alcanzan los <strong data-start=\"1928\" data-end=\"1975\">3.700 \u20ac\/semana por un apartamento de 110 m\u00b2<\/strong>, mientras que en <strong data-start=\"1993\" data-end=\"2016\">Santany\u00ed (Mallorca)<\/strong>, una vivienda aislada de 250 m\u00b2 se alquila por <strong data-start=\"2064\" data-end=\"2085\">3.400 \u20ac semanales<\/strong>.<\/p>\n<p data-start=\"2088\" data-end=\"2385\">En el extremo opuesto encontramos a\u00fan algunos reductos donde los precios se resisten al frenes\u00ed especulativo. En <strong data-start=\"2201\" data-end=\"2226\">Valdenoja (Santander)<\/strong>, un peque\u00f1o piso de 30 m\u00b2 se puede alquilar por <strong data-start=\"2275\" data-end=\"2296\">510 \u20ac a la semana<\/strong>, y en <strong data-start=\"2303\" data-end=\"2337\">Monc\u00f3far o Vinaroz (Castell\u00f3n)<\/strong> los apartamentos de 70 m\u00b2 rondan los <strong data-start=\"2375\" data-end=\"2384\">550 \u20ac<\/strong>.<\/p>\n<p data-start=\"2387\" data-end=\"2591\">Ahora bien, si uno se despista, tambi\u00e9n estas zonas se est\u00e1n encareciendo r\u00e1pidamente. Los \u201cchollos\u201d duran poco y se reparten entre quienes tienen la suerte (o la agilidad) de reservar antes de que llegue el verano.<\/p>\n<h2 data-start=\"2598\" data-end=\"2650\"><strong>Andaluc\u00eda la que m\u00e1s sube: hasta un 12 % m\u00e1s<\/strong> \ud83e\udde8\ud83c\udf1e<\/h2>\n<p data-start=\"2652\" data-end=\"2822\">La comunidad que <strong data-start=\"2669\" data-end=\"2749\">lidera el encarecimiento de los alquileres vacacionales en 2025 es Andaluc\u00eda<\/strong>, con aumentos que superan el 12 % en provincias como <strong data-start=\"2803\" data-end=\"2821\">C\u00e1diz y M\u00e1laga<\/strong>.<\/p>\n<ul data-start=\"2824\" data-end=\"3070\">\n<li data-start=\"2824\" data-end=\"2937\">\n<p data-start=\"2826\" data-end=\"2937\">En <strong data-start=\"2829\" data-end=\"2850\">San Roque (C\u00e1diz)<\/strong>, el alquiler de un apartamento de 130 m\u00b2 ha pasado de <strong data-start=\"2905\" data-end=\"2936\">1.900 \u20ac a 2.300 \u20ac semanales<\/strong>.<\/p>\n<\/li>\n<li data-start=\"2938\" data-end=\"3070\">\n<p data-start=\"2940\" data-end=\"3070\">En <strong data-start=\"2943\" data-end=\"2961\">Nerja (M\u00e1laga)<\/strong>, el alquiler en primera l\u00ednea de mar alcanza ya los <strong data-start=\"3014\" data-end=\"3032\">1.450 \u20ac\/semana<\/strong>, frente a los 850 \u20ac del a\u00f1o anterior.<\/p>\n<\/li>\n<\/ul>\n<p data-start=\"3072\" data-end=\"3304\">Estas cifras son reveladoras. En solo un a\u00f1o, una familia que quiera pasar una semana en Nerja necesita <strong data-start=\"3176\" data-end=\"3206\">un 70 % m\u00e1s de presupuesto<\/strong>, lo que nos lleva a una reflexi\u00f3n inc\u00f3moda: <strong data-start=\"3251\" data-end=\"3304\">\u00bfqui\u00e9n se puede permitir hoy veranear como antes?<\/strong><\/p>\n<p data-start=\"3306\" data-end=\"3571\">La respuesta est\u00e1 en el desequilibrio entre la oferta disponible, la alta demanda tur\u00edstica y una pol\u00edtica de vivienda que <strong data-start=\"3429\" data-end=\"3484\">fomenta el alquiler tur\u00edstico frente al residencial<\/strong>, haciendo que la rentabilidad est\u00e9 muy por encima de la funci\u00f3n social de la vivienda.<\/p>\n<h2 data-start=\"3578\" data-end=\"3655\"><strong>Tambi\u00e9n suben los precios en Galicia, Catalu\u00f1a y el norte peninsular<\/strong> \ud83c\udf0a\ud83c\udfde\ufe0f<\/h2>\n<p data-start=\"3657\" data-end=\"3779\">El alza no se limita al sur. El norte, anta\u00f1o refugio veraniego m\u00e1s econ\u00f3mico, tambi\u00e9n experimenta subidas significativas:<\/p>\n<ul data-start=\"3781\" data-end=\"4234\">\n<li data-start=\"3781\" data-end=\"3896\">\n<p data-start=\"3783\" data-end=\"3896\">En <strong data-start=\"3786\" data-end=\"3816\">A Coru\u00f1a (Playa de Riazor)<\/strong>, un piso de 85 m\u00b2 se alquila por <strong data-start=\"3850\" data-end=\"3868\">1.400 \u20ac\/semana<\/strong>, 100 euros m\u00e1s que en 2024.<\/p>\n<\/li>\n<li data-start=\"3897\" data-end=\"3964\">\n<p data-start=\"3899\" data-end=\"3964\">En <strong data-start=\"3902\" data-end=\"3919\">Vicedo (Lugo)<\/strong>, el alquiler sube de 550 a <strong data-start=\"3947\" data-end=\"3963\">650 \u20ac\/semana<\/strong>.<\/p>\n<\/li>\n<li data-start=\"3965\" data-end=\"4072\">\n<p data-start=\"3967\" data-end=\"4072\">En <strong data-start=\"3970\" data-end=\"3996\">Lloret de Mar (Girona)<\/strong>, el precio pasa de 1.000 a <strong data-start=\"4024\" data-end=\"4042\">1.200 \u20ac\/semana<\/strong> para un apartamento de 70 m\u00b2.<\/p>\n<\/li>\n<li data-start=\"4073\" data-end=\"4156\">\n<p data-start=\"4075\" data-end=\"4156\">En <strong data-start=\"4078\" data-end=\"4107\">Castelldefels (Barcelona)<\/strong>, los precios ya alcanzan los <strong data-start=\"4137\" data-end=\"4155\">1.830 \u20ac\/semana<\/strong>.<\/p>\n<\/li>\n<li data-start=\"4157\" data-end=\"4234\">\n<p data-start=\"4159\" data-end=\"4234\">En <strong data-start=\"4162\" data-end=\"4183\">Mundaka (Vizcaya)<\/strong>, un piso de 100 m\u00b2 se sit\u00faa en <strong data-start=\"4215\" data-end=\"4233\">1.060 \u20ac\/semana<\/strong>.<\/p>\n<\/li>\n<\/ul>\n<p data-start=\"4236\" data-end=\"4516\">Las subidas son generalizadas y, aunque con distinta intensidad, reflejan una din\u00e1mica especulativa que <strong data-start=\"4340\" data-end=\"4381\">afecta a casi todo el litoral espa\u00f1ol<\/strong>, empujando a los residentes de toda la vida y dificultando el acceso a una estancia veraniega a quienes no cuentan con altos ingresos.<\/p>\n<h2 data-start=\"4523\" data-end=\"4601\"><strong>\u00bfY d\u00f3nde se mantienen los precios del alquiler vacacional este verano?<\/strong> \u2696\ufe0f\ud83d\ude0c<\/h2>\n<p data-start=\"4603\" data-end=\"4697\">En algunas provincias, los precios han resistido el empuje inflacionario, al menos de momento:<\/p>\n<ul data-start=\"4699\" data-end=\"5047\">\n<li data-start=\"4699\" data-end=\"4780\">\n<p data-start=\"4701\" data-end=\"4780\">En <strong data-start=\"4704\" data-end=\"4728\">O Grove (Pontevedra)<\/strong>, un apartamento de 75 m\u00b2 sigue en <strong data-start=\"4763\" data-end=\"4779\">950 \u20ac\/semana<\/strong>.<\/p>\n<\/li>\n<li data-start=\"4781\" data-end=\"4870\">\n<p data-start=\"4783\" data-end=\"4870\">En <strong data-start=\"4786\" data-end=\"4808\">El Puig (Valencia)<\/strong>, se mantienen los <strong data-start=\"4827\" data-end=\"4843\">710 \u20ac\/semana<\/strong> por apartamentos de 80 m\u00b2.<\/p>\n<\/li>\n<li data-start=\"4871\" data-end=\"4967\">\n<p data-start=\"4873\" data-end=\"4967\">En <strong data-start=\"4876\" data-end=\"4899\">Islantilla (Huelva)<\/strong>, un adosado de 75 m\u00b2 cuesta lo mismo que en 2024: <strong data-start=\"4950\" data-end=\"4966\">985 \u20ac\/semana<\/strong>.<\/p>\n<\/li>\n<li data-start=\"4968\" data-end=\"5047\">\n<p data-start=\"4970\" data-end=\"5047\">En <strong data-start=\"4973\" data-end=\"4994\">Llanes (Asturias)<\/strong>, un apartamento de 60 m\u00b2 ronda los <strong data-start=\"5030\" data-end=\"5046\">780 \u20ac\/semana<\/strong>.<\/p>\n<\/li>\n<\/ul>\n<p data-start=\"5049\" data-end=\"5286\">Estos enclaves permiten a\u00fan cierto margen a los presupuestos m\u00e1s ajustados, aunque <strong data-start=\"5132\" data-end=\"5207\">la disponibilidad de estas viviendas es limitada y la competencia feroz<\/strong>. Aqu\u00ed gana el que reserva primero, y no necesariamente el que m\u00e1s lo necesita.<\/p>\n<h2 data-start=\"5293\" data-end=\"5363\"><strong>El mercado se modera\u2026 pero los precios siguen altos y subiendo<\/strong> \ud83d\udcca\ud83d\ude80<\/h2>\n<p data-start=\"5365\" data-end=\"5677\"><strong data-start=\"5365\" data-end=\"5462\">El mercado del alquiler vacacional se est\u00e1 desacelerando ligeramente, pero sigue siendo caro.<\/strong> El incremento del 7 % es m\u00e1s bajo que el del a\u00f1o pasado, s\u00ed, pero <strong data-start=\"5529\" data-end=\"5580\">se acumula sobre subidas continuadas desde 2020<\/strong>, lo que ha llevado a que el precio medio se haya encarecido casi un <strong data-start=\"5649\" data-end=\"5676\">40 % en solo cinco a\u00f1os<\/strong>.<\/p>\n<p data-start=\"5679\" data-end=\"5738\">Adem\u00e1s, el an\u00e1lisis muestra una oferta cada vez m\u00e1s dispar:<\/p>\n<ul data-start=\"5740\" data-end=\"5809\">\n<li data-start=\"5740\" data-end=\"5760\">\n<p data-start=\"5742\" data-end=\"5760\">Mejores calidades.<\/p>\n<\/li>\n<li data-start=\"5761\" data-end=\"5787\">\n<p data-start=\"5763\" data-end=\"5787\">Ubicaciones m\u00e1s premium.<\/p>\n<\/li>\n<li data-start=\"5788\" data-end=\"5809\">\n<p data-start=\"5790\" data-end=\"5809\">Servicios a\u00f1adidos.<\/p>\n<\/li>\n<\/ul>\n<p data-start=\"5811\" data-end=\"5929\">Todo eso sube la media y aleja a\u00fan m\u00e1s la posibilidad de veranear de forma asequible para buena parte de la poblaci\u00f3n.<\/p>\n<h2 data-start=\"5936\" data-end=\"6001\"><strong>Vacaciones para pocos, rentabilidad para muchos<\/strong> \ud83d\udcad\ud83c\udfda\ufe0f<\/h2>\n<p data-start=\"6003\" data-end=\"6334\">Lo que est\u00e1 ocurriendo con el alquiler vacacional no es un fen\u00f3meno nuevo, pero <strong data-start=\"6083\" data-end=\"6131\">en 2025 ha cristalizado un modelo excluyente<\/strong>: solo quien tiene dinero puede veranear en la costa, y los propietarios que apuestan por el alquiler tur\u00edstico obtienen rentabilidades que multiplican por tres o por cuatro las del alquiler tradicional.<\/p>\n<p data-start=\"6336\" data-end=\"6572\">No es casualidad. Es la consecuencia directa de un mercado de vivienda tensionado, de una <strong data-start=\"6426\" data-end=\"6477\">legislaci\u00f3n permisiva con el alquiler tur\u00edstico<\/strong> y de una <strong data-start=\"6487\" data-end=\"6522\">demanda internacional constante<\/strong> que empuja los precios hacia arriba a\u00f1o tras a\u00f1o.<\/p>\n<p data-start=\"6574\" data-end=\"6725\">Mientras tanto, <strong data-start=\"6590\" data-end=\"6652\">los residentes no encuentran vivienda a precios razonables<\/strong> y <strong data-start=\"6655\" data-end=\"6724\">los veraneantes espa\u00f1oles se ven expulsados de sus propias costas<\/strong>.<\/p>\n<p data-start=\"6727\" data-end=\"6885\">La paradoja es amarga: en un pa\u00eds con m\u00e1s de 3 millones de viviendas vac\u00edas, veranear en la playa se ha convertido en un lujo que no todos se pueden permitir.<\/p>\n<h2 data-start=\"6892\" data-end=\"6943\"><strong>Date prisa, que los precios siguen subiendo<\/strong> \ud83d\udcc5\u26a0\ufe0f<\/h2>\n<p data-start=\"6945\" data-end=\"7214\">Si est\u00e1s pensando en alquilar algo para este verano, no lo dejes para ma\u00f1ana. La oferta buena y asequible ya se ha reservado. <strong data-start=\"7071\" data-end=\"7131\">Los precios seguir\u00e1n subiendo conforme se acerque agosto<\/strong>, y los datos no mienten: quien espera, paga m\u00e1s\u2026 si es que llega a encontrar algo.<\/p>\n<p data-start=\"7221\" data-end=\"7602\">Vacaciones s\u00ed, pero no para todos. La evoluci\u00f3n del alquiler vacacional en 2025 es solo una cara m\u00e1s de la crisis estructural de la vivienda en Espa\u00f1a. Un mercado orientado al beneficio r\u00e1pido y la rentabilidad tur\u00edstica han convertido algo tan b\u00e1sico como veranear en un privilegio. Y mientras no cambien las reglas del juego, <strong data-start=\"7566\" data-end=\"7601\">seguir\u00e1n ganando los de siempre<\/strong>.<\/p>\n<p data-start=\"7604\" data-end=\"7854\" data-is-last-node=\"\" data-is-only-node=\"\">\ud83d\udccc <em data-start=\"7607\" data-end=\"7854\" data-is-last-node=\"\">\u00bfQuieres seguir el estado real del mercado inmobiliario? En Aquimicasa analizamos sin tapujos lo que pasa con la vivienda en Espa\u00f1a. Porque el derecho a una vivienda digna tambi\u00e9n deber\u00eda incluir, al menos una vez al a\u00f1o, el derecho a descansar.<\/em><\/p>\n<\/div>\n<\/div>\n<\/div>\n<\/div>\n<\/div>\n<\/section>\n<\/div><\/div><style type=\"text\/css\">.fusion-body .fusion-builder-column-0{width:100% !important;margin-top : 0px;margin-bottom : 0px;}.fusion-builder-column-0 > .fusion-column-wrapper {padding-top : 0px !important;padding-right : 0px !important;margin-right : 1.92%;padding-bottom : 0px !important;padding-left : 0px !important;margin-left : 1.92%;}@media only screen and (max-width:1024px) {.fusion-body .fusion-builder-column-0{width:100% !important;}.fusion-builder-column-0 > .fusion-column-wrapper {margin-right : 1.92%;margin-left : 1.92%;}}@media only screen and (max-width:640px) {.fusion-body .fusion-builder-column-0{width:100% !important;}.fusion-builder-column-0 > .fusion-column-wrapper {margin-right : 1.92%;margin-left : 1.92%;}}<\/style><\/div><\/div><style type=\"text\/css\">.fusion-body .fusion-flex-container.fusion-builder-row-1{ padding-top : 0px;margin-top : 0px;padding-right : 0px;padding-bottom : 0px;margin-bottom : 0px;padding-left : 0px;}<\/style><\/div>\n","protected":false},"excerpt":{"rendered":"<p>El mercado del alquiler vacacional se est\u00e1 desacelerando ligeramente, pero sigue siendo caro. El incremento del 7 % es m\u00e1s bajo que el del a\u00f1o pasado, s\u00ed, pero se acumula sobre subidas continuadas desde 2020, lo que ha llevado a que el precio medio se haya encarecido casi un 40 % en solo cinco a\u00f1os.<\/p>\n","protected":false},"author":3,"featured_media":51773,"comment_status":"closed","ping_status":"closed","sticky":false,"template":"","format":"standard","meta":{"_jetpack_memberships_contains_paid_content":false,"footnotes":"","jetpack_publicize_message":"","jetpack_publicize_feature_enabled":true,"jetpack_social_post_already_shared":true,"jetpack_social_options":{"image_generator_settings":{"template":"highway","default_image_id":0,"font":"","enabled":false},"version":2}},"categories":[120,100],"tags":[8233],"class_list":["post-51745","post","type-post","status-publish","format-standard","has-post-thumbnail","hentry","category-alquileres","category-compraventa-de-viviendas","tag-newsletter-517"],"yoast_head":"<!-- This site is optimized with the Yoast SEO plugin v28.2 - https:\/\/yoast.com\/product\/yoast-seo-wordpress\/ -->\n<title>Alquilar un apartamento en la playa el verano\u2026 el ri\u00f1\u00f3n y todo eso<\/title>\n<meta name=\"description\" content=\"Alquilar un apartamento en primera l\u00ednea de playa cuesta ya 1.270 \u20ac a la semana de media, casi 110 euros m\u00e1s que el a\u00f1o pasado\" \/>\n<meta name=\"robots\" content=\"index, follow, max-snippet:-1, max-image-preview:large, max-video-preview:-1\" \/>\n<link rel=\"canonical\" href=\"https:\/\/www.aquimicasa.net\/blog\/vivienda\/compraventa-de-viviendas\/alquilar-un-apartamento-en-la-playa-el-verano-el-rinon-y-todo-eso\/\" \/>\n<meta property=\"og:locale\" content=\"es_ES\" \/>\n<meta property=\"og:type\" content=\"article\" \/>\n<meta property=\"og:title\" content=\"Alquilar un apartamento en la playa el verano\u2026 el ri\u00f1\u00f3n y todo eso\" \/>\n<meta property=\"og:description\" content=\"Alquilar un apartamento en primera l\u00ednea de playa cuesta ya 1.270 \u20ac a la semana de media, casi 110 euros m\u00e1s que el a\u00f1o pasado\" \/>\n<meta property=\"og:url\" content=\"https:\/\/www.aquimicasa.net\/blog\/vivienda\/compraventa-de-viviendas\/alquilar-un-apartamento-en-la-playa-el-verano-el-rinon-y-todo-eso\/\" \/>\n<meta property=\"og:site_name\" content=\"Blog de aquimicasa.net\" \/>\n<meta property=\"article:publisher\" content=\"https:\/\/www.facebook.com\/aquimicasa.net\" \/>\n<meta property=\"article:published_time\" content=\"2025-06-07T10:00:19+00:00\" \/>\n<meta property=\"og:image\" content=\"https:\/\/www.aquimicasa.net\/blog\/wp-content\/uploads\/Playa-sagunto2.jpg\" \/>\n\t<meta property=\"og:image:width\" content=\"500\" \/>\n\t<meta property=\"og:image:height\" content=\"350\" \/>\n\t<meta property=\"og:image:type\" content=\"image\/jpeg\" \/>\n<meta name=\"author\" content=\"Eduardo Lizarraga\" \/>\n<meta name=\"twitter:label1\" content=\"Escrito por\" \/>\n\t<meta name=\"twitter:data1\" content=\"Eduardo Lizarraga\" \/>\n\t<meta name=\"twitter:label2\" content=\"Tiempo de lectura\" \/>\n\t<meta name=\"twitter:data2\" content=\"7 minutos\" \/>\n<script type=\"application\/ld+json\" class=\"yoast-schema-graph\">{\"@context\":\"https:\\\/\\\/schema.org\",\"@graph\":[{\"@type\":\"Article\",\"@id\":\"https:\\\/\\\/www.aquimicasa.net\\\/blog\\\/vivienda\\\/compraventa-de-viviendas\\\/alquilar-un-apartamento-en-la-playa-el-verano-el-rinon-y-todo-eso\\\/#article\",\"isPartOf\":{\"@id\":\"https:\\\/\\\/www.aquimicasa.net\\\/blog\\\/vivienda\\\/compraventa-de-viviendas\\\/alquilar-un-apartamento-en-la-playa-el-verano-el-rinon-y-todo-eso\\\/\"},\"author\":{\"name\":\"Eduardo Lizarraga\",\"@id\":\"https:\\\/\\\/www.aquimicasa.net\\\/blog\\\/#\\\/schema\\\/person\\\/2cdfa2605534583395c8d7ce1d6cac14\"},\"headline\":\"Alquilar un apartamento en la playa el verano\u2026 el ri\u00f1\u00f3n y todo eso\",\"datePublished\":\"2025-06-07T10:00:19+00:00\",\"mainEntityOfPage\":{\"@id\":\"https:\\\/\\\/www.aquimicasa.net\\\/blog\\\/vivienda\\\/compraventa-de-viviendas\\\/alquilar-un-apartamento-en-la-playa-el-verano-el-rinon-y-todo-eso\\\/\"},\"wordCount\":1540,\"publisher\":{\"@id\":\"https:\\\/\\\/www.aquimicasa.net\\\/blog\\\/#organization\"},\"image\":{\"@id\":\"https:\\\/\\\/www.aquimicasa.net\\\/blog\\\/vivienda\\\/compraventa-de-viviendas\\\/alquilar-un-apartamento-en-la-playa-el-verano-el-rinon-y-todo-eso\\\/#primaryimage\"},\"thumbnailUrl\":\"https:\\\/\\\/www.aquimicasa.net\\\/blog\\\/wp-content\\\/uploads\\\/Playa-sagunto2.jpg\",\"keywords\":[\"newsletter 517\"],\"articleSection\":[\"Alquiler\",\"Compra Venta\"],\"inLanguage\":\"es\"},{\"@type\":\"WebPage\",\"@id\":\"https:\\\/\\\/www.aquimicasa.net\\\/blog\\\/vivienda\\\/compraventa-de-viviendas\\\/alquilar-un-apartamento-en-la-playa-el-verano-el-rinon-y-todo-eso\\\/\",\"url\":\"https:\\\/\\\/www.aquimicasa.net\\\/blog\\\/vivienda\\\/compraventa-de-viviendas\\\/alquilar-un-apartamento-en-la-playa-el-verano-el-rinon-y-todo-eso\\\/\",\"name\":\"Alquilar un apartamento en la playa el verano\u2026 el ri\u00f1\u00f3n y todo eso\",\"isPartOf\":{\"@id\":\"https:\\\/\\\/www.aquimicasa.net\\\/blog\\\/#website\"},\"primaryImageOfPage\":{\"@id\":\"https:\\\/\\\/www.aquimicasa.net\\\/blog\\\/vivienda\\\/compraventa-de-viviendas\\\/alquilar-un-apartamento-en-la-playa-el-verano-el-rinon-y-todo-eso\\\/#primaryimage\"},\"image\":{\"@id\":\"https:\\\/\\\/www.aquimicasa.net\\\/blog\\\/vivienda\\\/compraventa-de-viviendas\\\/alquilar-un-apartamento-en-la-playa-el-verano-el-rinon-y-todo-eso\\\/#primaryimage\"},\"thumbnailUrl\":\"https:\\\/\\\/www.aquimicasa.net\\\/blog\\\/wp-content\\\/uploads\\\/Playa-sagunto2.jpg\",\"datePublished\":\"2025-06-07T10:00:19+00:00\",\"description\":\"Alquilar un apartamento en primera l\u00ednea de playa cuesta ya 1.270 \u20ac a la semana de media, casi 110 euros m\u00e1s que el a\u00f1o pasado\",\"breadcrumb\":{\"@id\":\"https:\\\/\\\/www.aquimicasa.net\\\/blog\\\/vivienda\\\/compraventa-de-viviendas\\\/alquilar-un-apartamento-en-la-playa-el-verano-el-rinon-y-todo-eso\\\/#breadcrumb\"},\"inLanguage\":\"es\",\"potentialAction\":[{\"@type\":\"ReadAction\",\"target\":[\"https:\\\/\\\/www.aquimicasa.net\\\/blog\\\/vivienda\\\/compraventa-de-viviendas\\\/alquilar-un-apartamento-en-la-playa-el-verano-el-rinon-y-todo-eso\\\/\"]}]},{\"@type\":\"ImageObject\",\"inLanguage\":\"es\",\"@id\":\"https:\\\/\\\/www.aquimicasa.net\\\/blog\\\/vivienda\\\/compraventa-de-viviendas\\\/alquilar-un-apartamento-en-la-playa-el-verano-el-rinon-y-todo-eso\\\/#primaryimage\",\"url\":\"https:\\\/\\\/www.aquimicasa.net\\\/blog\\\/wp-content\\\/uploads\\\/Playa-sagunto2.jpg\",\"contentUrl\":\"https:\\\/\\\/www.aquimicasa.net\\\/blog\\\/wp-content\\\/uploads\\\/Playa-sagunto2.jpg\",\"width\":500,\"height\":350,\"caption\":\"El apartamento en la playa vuelve a subir para este verano\"},{\"@type\":\"BreadcrumbList\",\"@id\":\"https:\\\/\\\/www.aquimicasa.net\\\/blog\\\/vivienda\\\/compraventa-de-viviendas\\\/alquilar-un-apartamento-en-la-playa-el-verano-el-rinon-y-todo-eso\\\/#breadcrumb\",\"itemListElement\":[{\"@type\":\"ListItem\",\"position\":1,\"name\":\"Portada\",\"item\":\"https:\\\/\\\/www.aquimicasa.net\\\/blog\\\/\"},{\"@type\":\"ListItem\",\"position\":2,\"name\":\"Alquilar un apartamento en la playa el verano\u2026 el ri\u00f1\u00f3n y todo eso\"}]},{\"@type\":\"WebSite\",\"@id\":\"https:\\\/\\\/www.aquimicasa.net\\\/blog\\\/#website\",\"url\":\"https:\\\/\\\/www.aquimicasa.net\\\/blog\\\/\",\"name\":\"Blog de aquimicasa.net\",\"description\":\"Noticias del Mundo Inmobiliario\",\"publisher\":{\"@id\":\"https:\\\/\\\/www.aquimicasa.net\\\/blog\\\/#organization\"},\"potentialAction\":[{\"@type\":\"SearchAction\",\"target\":{\"@type\":\"EntryPoint\",\"urlTemplate\":\"https:\\\/\\\/www.aquimicasa.net\\\/blog\\\/?s={search_term_string}\"},\"query-input\":{\"@type\":\"PropertyValueSpecification\",\"valueRequired\":true,\"valueName\":\"search_term_string\"}}],\"inLanguage\":\"es\"},{\"@type\":\"Organization\",\"@id\":\"https:\\\/\\\/www.aquimicasa.net\\\/blog\\\/#organization\",\"name\":\"Blog de aquimicasa.net\",\"url\":\"https:\\\/\\\/www.aquimicasa.net\\\/blog\\\/\",\"logo\":{\"@type\":\"ImageObject\",\"inLanguage\":\"es\",\"@id\":\"https:\\\/\\\/www.aquimicasa.net\\\/blog\\\/#\\\/schema\\\/logo\\\/image\\\/\",\"url\":\"https:\\\/\\\/www.aquimicasa.net\\\/blog\\\/wp-content\\\/uploads\\\/Logo-aquimicasa-1-e1528048213782.png\",\"contentUrl\":\"https:\\\/\\\/www.aquimicasa.net\\\/blog\\\/wp-content\\\/uploads\\\/Logo-aquimicasa-1-e1528048213782.png\",\"width\":225,\"height\":225,\"caption\":\"Blog de aquimicasa.net\"},\"image\":{\"@id\":\"https:\\\/\\\/www.aquimicasa.net\\\/blog\\\/#\\\/schema\\\/logo\\\/image\\\/\"},\"sameAs\":[\"https:\\\/\\\/www.facebook.com\\\/aquimicasa.net\",\"https:\\\/\\\/www.instagram.com\\\/\",\"https:\\\/\\\/x.com\\\/EduLizarragaD\",\"https:\\\/\\\/www.linkedin.com\\\/feed\\\/\"]},{\"@type\":\"Person\",\"@id\":\"https:\\\/\\\/www.aquimicasa.net\\\/blog\\\/#\\\/schema\\\/person\\\/2cdfa2605534583395c8d7ce1d6cac14\",\"name\":\"Eduardo Lizarraga\",\"image\":{\"@type\":\"ImageObject\",\"inLanguage\":\"es\",\"@id\":\"https:\\\/\\\/secure.gravatar.com\\\/avatar\\\/bdabe1eeeed97b65a9cb7de2edd624b07995f7e13abc5fead15961f745f908cc?s=96&d=mm&r=g\",\"url\":\"https:\\\/\\\/secure.gravatar.com\\\/avatar\\\/bdabe1eeeed97b65a9cb7de2edd624b07995f7e13abc5fead15961f745f908cc?s=96&d=mm&r=g\",\"contentUrl\":\"https:\\\/\\\/secure.gravatar.com\\\/avatar\\\/bdabe1eeeed97b65a9cb7de2edd624b07995f7e13abc5fead15961f745f908cc?s=96&d=mm&r=g\",\"caption\":\"Eduardo Lizarraga\"},\"description\":\"Periodista Econ\u00f3mico. Ha trabajado en diversos campos de la informaci\u00f3n. Corresponsal en conflictos, analista pol\u00edtico en Congreso y Senado, periodista del medio ambiente, editor, director editorial, director de comunicaci\u00f3n.... En estos momentos se ha especializado en el sector inmobiliario. Pero tambi\u00e9n es navegante y viajero, preocupado por la pobreza, el medio ambiente y por las actuaciones descontroladas del neoliberalismo empresarial y pol\u00edtico en todo el mundo. Los desahucios, la pobreza infantil y la falta de acceso a los suministros b\u00e1sicos son algunos de los grandes dramas de nuestra sociedad y que es preciso solucionar para hacerla m\u00e1s justa. CEO en www.aquimicasa.net\",\"sameAs\":[\"https:\\\/\\\/www.aquimicasa.net\\\/\"],\"url\":\"https:\\\/\\\/www.aquimicasa.net\\\/blog\\\/author\\\/eduardo\\\/\"}]}<\/script>\n<!-- \/ Yoast SEO plugin. -->","yoast_head_json":{"title":"Alquilar un apartamento en la playa el verano\u2026 el ri\u00f1\u00f3n y todo eso","description":"Alquilar un apartamento en primera l\u00ednea de playa cuesta ya 1.270 \u20ac a la semana de media, casi 110 euros m\u00e1s que el a\u00f1o pasado","robots":{"index":"index","follow":"follow","max-snippet":"max-snippet:-1","max-image-preview":"max-image-preview:large","max-video-preview":"max-video-preview:-1"},"canonical":"https:\/\/www.aquimicasa.net\/blog\/vivienda\/compraventa-de-viviendas\/alquilar-un-apartamento-en-la-playa-el-verano-el-rinon-y-todo-eso\/","og_locale":"es_ES","og_type":"article","og_title":"Alquilar un apartamento en la playa el verano\u2026 el ri\u00f1\u00f3n y todo eso","og_description":"Alquilar un apartamento en primera l\u00ednea de playa cuesta ya 1.270 \u20ac a la semana de media, casi 110 euros m\u00e1s que el a\u00f1o pasado","og_url":"https:\/\/www.aquimicasa.net\/blog\/vivienda\/compraventa-de-viviendas\/alquilar-un-apartamento-en-la-playa-el-verano-el-rinon-y-todo-eso\/","og_site_name":"Blog de aquimicasa.net","article_publisher":"https:\/\/www.facebook.com\/aquimicasa.net","article_published_time":"2025-06-07T10:00:19+00:00","og_image":[{"width":500,"height":350,"url":"https:\/\/www.aquimicasa.net\/blog\/wp-content\/uploads\/Playa-sagunto2.jpg","type":"image\/jpeg"}],"author":"Eduardo Lizarraga","twitter_misc":{"Escrito por":"Eduardo Lizarraga","Tiempo de lectura":"7 minutos"},"schema":{"@context":"https:\/\/schema.org","@graph":[{"@type":"Article","@id":"https:\/\/www.aquimicasa.net\/blog\/vivienda\/compraventa-de-viviendas\/alquilar-un-apartamento-en-la-playa-el-verano-el-rinon-y-todo-eso\/#article","isPartOf":{"@id":"https:\/\/www.aquimicasa.net\/blog\/vivienda\/compraventa-de-viviendas\/alquilar-un-apartamento-en-la-playa-el-verano-el-rinon-y-todo-eso\/"},"author":{"name":"Eduardo Lizarraga","@id":"https:\/\/www.aquimicasa.net\/blog\/#\/schema\/person\/2cdfa2605534583395c8d7ce1d6cac14"},"headline":"Alquilar un apartamento en la playa el verano\u2026 el ri\u00f1\u00f3n y todo eso","datePublished":"2025-06-07T10:00:19+00:00","mainEntityOfPage":{"@id":"https:\/\/www.aquimicasa.net\/blog\/vivienda\/compraventa-de-viviendas\/alquilar-un-apartamento-en-la-playa-el-verano-el-rinon-y-todo-eso\/"},"wordCount":1540,"publisher":{"@id":"https:\/\/www.aquimicasa.net\/blog\/#organization"},"image":{"@id":"https:\/\/www.aquimicasa.net\/blog\/vivienda\/compraventa-de-viviendas\/alquilar-un-apartamento-en-la-playa-el-verano-el-rinon-y-todo-eso\/#primaryimage"},"thumbnailUrl":"https:\/\/www.aquimicasa.net\/blog\/wp-content\/uploads\/Playa-sagunto2.jpg","keywords":["newsletter 517"],"articleSection":["Alquiler","Compra Venta"],"inLanguage":"es"},{"@type":"WebPage","@id":"https:\/\/www.aquimicasa.net\/blog\/vivienda\/compraventa-de-viviendas\/alquilar-un-apartamento-en-la-playa-el-verano-el-rinon-y-todo-eso\/","url":"https:\/\/www.aquimicasa.net\/blog\/vivienda\/compraventa-de-viviendas\/alquilar-un-apartamento-en-la-playa-el-verano-el-rinon-y-todo-eso\/","name":"Alquilar un apartamento en la playa el verano\u2026 el ri\u00f1\u00f3n y todo eso","isPartOf":{"@id":"https:\/\/www.aquimicasa.net\/blog\/#website"},"primaryImageOfPage":{"@id":"https:\/\/www.aquimicasa.net\/blog\/vivienda\/compraventa-de-viviendas\/alquilar-un-apartamento-en-la-playa-el-verano-el-rinon-y-todo-eso\/#primaryimage"},"image":{"@id":"https:\/\/www.aquimicasa.net\/blog\/vivienda\/compraventa-de-viviendas\/alquilar-un-apartamento-en-la-playa-el-verano-el-rinon-y-todo-eso\/#primaryimage"},"thumbnailUrl":"https:\/\/www.aquimicasa.net\/blog\/wp-content\/uploads\/Playa-sagunto2.jpg","datePublished":"2025-06-07T10:00:19+00:00","description":"Alquilar un apartamento en primera l\u00ednea de playa cuesta ya 1.270 \u20ac a la semana de media, casi 110 euros m\u00e1s que el a\u00f1o pasado","breadcrumb":{"@id":"https:\/\/www.aquimicasa.net\/blog\/vivienda\/compraventa-de-viviendas\/alquilar-un-apartamento-en-la-playa-el-verano-el-rinon-y-todo-eso\/#breadcrumb"},"inLanguage":"es","potentialAction":[{"@type":"ReadAction","target":["https:\/\/www.aquimicasa.net\/blog\/vivienda\/compraventa-de-viviendas\/alquilar-un-apartamento-en-la-playa-el-verano-el-rinon-y-todo-eso\/"]}]},{"@type":"ImageObject","inLanguage":"es","@id":"https:\/\/www.aquimicasa.net\/blog\/vivienda\/compraventa-de-viviendas\/alquilar-un-apartamento-en-la-playa-el-verano-el-rinon-y-todo-eso\/#primaryimage","url":"https:\/\/www.aquimicasa.net\/blog\/wp-content\/uploads\/Playa-sagunto2.jpg","contentUrl":"https:\/\/www.aquimicasa.net\/blog\/wp-content\/uploads\/Playa-sagunto2.jpg","width":500,"height":350,"caption":"El apartamento en la playa vuelve a subir para este verano"},{"@type":"BreadcrumbList","@id":"https:\/\/www.aquimicasa.net\/blog\/vivienda\/compraventa-de-viviendas\/alquilar-un-apartamento-en-la-playa-el-verano-el-rinon-y-todo-eso\/#breadcrumb","itemListElement":[{"@type":"ListItem","position":1,"name":"Portada","item":"https:\/\/www.aquimicasa.net\/blog\/"},{"@type":"ListItem","position":2,"name":"Alquilar un apartamento en la playa el verano\u2026 el ri\u00f1\u00f3n y todo eso"}]},{"@type":"WebSite","@id":"https:\/\/www.aquimicasa.net\/blog\/#website","url":"https:\/\/www.aquimicasa.net\/blog\/","name":"Blog de aquimicasa.net","description":"Noticias del Mundo Inmobiliario","publisher":{"@id":"https:\/\/www.aquimicasa.net\/blog\/#organization"},"potentialAction":[{"@type":"SearchAction","target":{"@type":"EntryPoint","urlTemplate":"https:\/\/www.aquimicasa.net\/blog\/?s={search_term_string}"},"query-input":{"@type":"PropertyValueSpecification","valueRequired":true,"valueName":"search_term_string"}}],"inLanguage":"es"},{"@type":"Organization","@id":"https:\/\/www.aquimicasa.net\/blog\/#organization","name":"Blog de aquimicasa.net","url":"https:\/\/www.aquimicasa.net\/blog\/","logo":{"@type":"ImageObject","inLanguage":"es","@id":"https:\/\/www.aquimicasa.net\/blog\/#\/schema\/logo\/image\/","url":"https:\/\/www.aquimicasa.net\/blog\/wp-content\/uploads\/Logo-aquimicasa-1-e1528048213782.png","contentUrl":"https:\/\/www.aquimicasa.net\/blog\/wp-content\/uploads\/Logo-aquimicasa-1-e1528048213782.png","width":225,"height":225,"caption":"Blog de aquimicasa.net"},"image":{"@id":"https:\/\/www.aquimicasa.net\/blog\/#\/schema\/logo\/image\/"},"sameAs":["https:\/\/www.facebook.com\/aquimicasa.net","https:\/\/www.instagram.com\/","https:\/\/x.com\/EduLizarragaD","https:\/\/www.linkedin.com\/feed\/"]},{"@type":"Person","@id":"https:\/\/www.aquimicasa.net\/blog\/#\/schema\/person\/2cdfa2605534583395c8d7ce1d6cac14","name":"Eduardo Lizarraga","image":{"@type":"ImageObject","inLanguage":"es","@id":"https:\/\/secure.gravatar.com\/avatar\/bdabe1eeeed97b65a9cb7de2edd624b07995f7e13abc5fead15961f745f908cc?s=96&d=mm&r=g","url":"https:\/\/secure.gravatar.com\/avatar\/bdabe1eeeed97b65a9cb7de2edd624b07995f7e13abc5fead15961f745f908cc?s=96&d=mm&r=g","contentUrl":"https:\/\/secure.gravatar.com\/avatar\/bdabe1eeeed97b65a9cb7de2edd624b07995f7e13abc5fead15961f745f908cc?s=96&d=mm&r=g","caption":"Eduardo Lizarraga"},"description":"Periodista Econ\u00f3mico. Ha trabajado en diversos campos de la informaci\u00f3n. Corresponsal en conflictos, analista pol\u00edtico en Congreso y Senado, periodista del medio ambiente, editor, director editorial, director de comunicaci\u00f3n.... En estos momentos se ha especializado en el sector inmobiliario. Pero tambi\u00e9n es navegante y viajero, preocupado por la pobreza, el medio ambiente y por las actuaciones descontroladas del neoliberalismo empresarial y pol\u00edtico en todo el mundo. Los desahucios, la pobreza infantil y la falta de acceso a los suministros b\u00e1sicos son algunos de los grandes dramas de nuestra sociedad y que es preciso solucionar para hacerla m\u00e1s justa. CEO en www.aquimicasa.net","sameAs":["https:\/\/www.aquimicasa.net\/"],"url":"https:\/\/www.aquimicasa.net\/blog\/author\/eduardo\/"}]}},"jetpack_publicize_connections":[],"jetpack_featured_media_url":"https:\/\/www.aquimicasa.net\/blog\/wp-content\/uploads\/Playa-sagunto2.jpg","jetpack_sharing_enabled":true,"jetpack_likes_enabled":true,"_links":{"self":[{"href":"https:\/\/www.aquimicasa.net\/blog\/wp-json\/wp\/v2\/posts\/51745","targetHints":{"allow":["GET"]}}],"collection":[{"href":"https:\/\/www.aquimicasa.net\/blog\/wp-json\/wp\/v2\/posts"}],"about":[{"href":"https:\/\/www.aquimicasa.net\/blog\/wp-json\/wp\/v2\/types\/post"}],"author":[{"embeddable":true,"href":"https:\/\/www.aquimicasa.net\/blog\/wp-json\/wp\/v2\/users\/3"}],"replies":[{"embeddable":true,"href":"https:\/\/www.aquimicasa.net\/blog\/wp-json\/wp\/v2\/comments?post=51745"}],"version-history":[{"count":3,"href":"https:\/\/www.aquimicasa.net\/blog\/wp-json\/wp\/v2\/posts\/51745\/revisions"}],"predecessor-version":[{"id":51775,"href":"https:\/\/www.aquimicasa.net\/blog\/wp-json\/wp\/v2\/posts\/51745\/revisions\/51775"}],"wp:featuredmedia":[{"embeddable":true,"href":"https:\/\/www.aquimicasa.net\/blog\/wp-json\/wp\/v2\/media\/51773"}],"wp:attachment":[{"href":"https:\/\/www.aquimicasa.net\/blog\/wp-json\/wp\/v2\/media?parent=51745"}],"wp:term":[{"taxonomy":"category","embeddable":true,"href":"https:\/\/www.aquimicasa.net\/blog\/wp-json\/wp\/v2\/categories?post=51745"},{"taxonomy":"post_tag","embeddable":true,"href":"https:\/\/www.aquimicasa.net\/blog\/wp-json\/wp\/v2\/tags?post=51745"}],"curies":[{"name":"wp","href":"https:\/\/api.w.org\/{rel}","templated":true}]}}