{"id":51849,"date":"2025-06-14T22:30:53","date_gmt":"2025-06-14T20:30:53","guid":{"rendered":"https:\/\/www.aquimicasa.net\/blog\/?p=51849"},"modified":"2025-06-14T22:30:53","modified_gmt":"2025-06-14T20:30:53","slug":"un-suicidio-por-desahucio-en-el-raval","status":"publish","type":"post","link":"https:\/\/www.aquimicasa.net\/blog\/vivienda\/compraventa-de-viviendas\/un-suicidio-por-desahucio-en-el-raval\/","title":{"rendered":"\ud83c\udfda\ufe0f Un suicidio por desahucio en El Raval"},"content":{"rendered":"<div class=\"fusion-fullwidth fullwidth-box fusion-builder-row-1 fusion-flex-container nonhundred-percent-fullwidth non-hundred-percent-height-scrolling\" style=\"background-color: rgba(255,255,255,0);background-position: center center;background-repeat: no-repeat;border-width: 0px 0px 0px 0px;border-color:#eae9e9;border-style:solid;\" ><div class=\"fusion-builder-row fusion-row fusion-flex-align-items-flex-start\" style=\"max-width:1144px;margin-left: calc(-4% \/ 2 );margin-right: calc(-4% \/ 2 );\"><div class=\"fusion-layout-column fusion_builder_column fusion-builder-column-0 fusion_builder_column_1_1 1_1 fusion-flex-column\"><div class=\"fusion-column-wrapper fusion-flex-justify-content-flex-start fusion-content-layout-column\" style=\"background-position:left top;background-repeat:no-repeat;-webkit-background-size:cover;-moz-background-size:cover;-o-background-size:cover;background-size:cover;padding: 0px 0px 0px 0px;\"><div class=\"fusion-text fusion-text-1\"><p data-start=\"0\" data-end=\"43\">\u00a0El pasado jueves, un nuevo episodio tr\u00e1gico visibiliz\u00f3 la grave problem\u00e1tica habitacional que atraviesa Espa\u00f1a. Un hombre de 73 a\u00f1os, identificado como N. B., falleci\u00f3 tras lanzarse por el balc\u00f3n de la vivienda de la que hab\u00eda sido desahuciado horas antes, en la calle de Robadors del barrio del Raval, en Barcelona. Seg\u00fan relataron testigos, la v\u00edctima volvi\u00f3 a entrar al inmueble por la tarde, y ante la presencia policial, aprovech\u00f3 un momento para correr hacia el balc\u00f3n y saltar desde la tercera planta. Los Mossos d\u2019Esquadra no pudieron evitar el desenlace.<\/p>\n<p data-start=\"610\" data-end=\"959\">Aunque los hechos se encuentran bajo investigaci\u00f3n, lo ocurrido es el reflejo de una realidad que se repite de forma silenciada: el v\u00ednculo entre desahucios, exclusi\u00f3n residencial, soledad y desesperaci\u00f3n. Un drama social que no ocupa titulares, pero que contin\u00faa creciendo en medio de un mercado inmobiliario cada vez m\u00e1s especulativo y excluyente.<\/p>\n<h2 data-start=\"966\" data-end=\"1060\">\ud83d\ude14 <strong>La p\u00e9rdida de la vivienda y encontrarse en la calle es uno de los shocks m\u00e1s traum\u00e1ticos<\/strong><\/h2>\n<p data-start=\"1062\" data-end=\"1578\">Perder el hogar no es solo quedarse sin techo. Supone una ruptura psicol\u00f3gica devastadora. Estudios en salud mental y trabajo social coinciden en se\u00f1alar que <strong data-start=\"1220\" data-end=\"1291\">el desahucio genera un trauma comparable al de una p\u00e9rdida familiar<\/strong>, agravado cuando no existe una red de apoyo. En el caso de N. B., las vecinas relatan que era una figura solitaria, con movilidad reducida y carente de v\u00ednculos s\u00f3lidos. \u201cSiempre iba con una muleta, solo. Dorm\u00eda en la calle antes de estar en ese piso\u201d, comenta una mujer del vecindario.<\/p>\n<p data-start=\"1580\" data-end=\"2144\">Seg\u00fan los datos m\u00e1s recientes del Consejo General del Poder Judicial (CGPJ), <strong data-start=\"1657\" data-end=\"1759\">las ejecuciones hipotecarias se han incrementado un 4,2% interanual en el primer trimestre de 2025<\/strong>, mientras que <strong data-start=\"1774\" data-end=\"1854\">los desahucios derivados de impagos de alquileres han aumentado m\u00e1s de un 6%<\/strong> en algunas comunidades como Catalu\u00f1a, Madrid y Andaluc\u00eda. Sin embargo, estos n\u00fameros esconden matices m\u00e1s duros: muchas de estas personas no tienen acceso a recursos p\u00fablicos, no aceptan ayuda institucional o simplemente no son localizadas por los servicios sociales antes del lanzamiento.<\/p>\n<p data-start=\"2146\" data-end=\"2555\">En este caso, el TSJC ha confirmado que el hombre no era quien inicialmente se hab\u00eda identificado como ocupante del piso, lo que complica todav\u00eda m\u00e1s el seguimiento por parte de los servicios sociales. Seg\u00fan el tribunal, <strong data-start=\"2367\" data-end=\"2463\">el Ayuntamiento de Barcelona acudi\u00f3 hasta tres veces al inmueble sin lograr contactar con \u00e9l<\/strong>. Al final, como tantas veces, el sistema falla en su engranaje m\u00e1s b\u00e1sico: llegar a tiempo.<\/p>\n<h2 data-start=\"2562\" data-end=\"2626\">\ud83e\uddfe <strong>El lanzamiento previo termin\u00f3 con un salto desde el balc\u00f3n<\/strong><\/h2>\n<p data-start=\"2628\" data-end=\"3072\">El suicidio de N. B. no fue un acto impulsivo. Vecinas que lo vieron salir del piso tras el lanzamiento judicial cuentan que advirti\u00f3 su intenci\u00f3n de volver a entrar y que, si lo echaban de nuevo, se tirar\u00eda. Y as\u00ed fue. Despu\u00e9s de la ejecuci\u00f3n, volvi\u00f3 a colarse en la vivienda. Al llegar la polic\u00eda, pidi\u00f3 entrar \u201ca por su ropa\u201d y, en una reacci\u00f3n desesperada, corri\u00f3 hacia el balc\u00f3n. \u201cUno de los Mossos casi lo agarra, pero no lleg\u00f3\u201d, relatan.<\/p>\n<p data-start=\"3074\" data-end=\"3365\">El hecho evidencia <strong data-start=\"3093\" data-end=\"3182\">la profunda desesperaci\u00f3n que puede causar la p\u00e9rdida de un espacio m\u00ednimo para vivir<\/strong>, incluso si ese espacio era ocupado. Porque el drama no es la ocupaci\u00f3n, sino no tener una alternativa. Y en ese punto confluyen muchas de las fallas del modelo habitacional espa\u00f1ol.<\/p>\n<p data-start=\"3367\" data-end=\"3809\">\ud83d\udc49 En muchos barrios de ciudades como Barcelona, Valencia o Madrid, los precios de alquiler han escalado hasta niveles imposibles para pensionistas, trabajadores con salarios bajos, y personas vulnerables. Las rentabilidades exigidas por muchos propietarios \u2014alentados por fondos buitre, alquiler tur\u00edstico o la falta de regulaci\u00f3n efectiva\u2014 hacen que <strong data-start=\"3719\" data-end=\"3764\">la vivienda asequible sea hoy una quimera<\/strong>, especialmente en el centro de las ciudades.<\/p>\n<h2 data-start=\"3816\" data-end=\"3895\">\ud83d\udcc8 <strong>El mercado de alquiler y la exclusi\u00f3n residencial: una bomba de relojer\u00eda<\/strong><\/h2>\n<p data-start=\"3897\" data-end=\"4286\">Mientras la agenda medi\u00e1tica se centra en los datos macroecon\u00f3micos o en los beneficios de grandes socimis y promotoras, la calle vive otra realidad: <strong data-start=\"4047\" data-end=\"4100\">cada vez m\u00e1s personas no pueden pagar su alquiler<\/strong> y acaban en procesos de desahucio. El informe 2024 de la Fundaci\u00f3n FOESSA ya alertaba de que m\u00e1s de <strong data-start=\"4201\" data-end=\"4285\">1,3 millones de personas est\u00e1n en situaci\u00f3n de inseguridad residencial en Espa\u00f1a<\/strong>.<\/p>\n<p data-start=\"4288\" data-end=\"4623\">Y lo que es peor: el n\u00famero de personas que <strong data-start=\"4332\" data-end=\"4401\">viven en situaci\u00f3n de calle ha aumentado m\u00e1s de un 20% desde 2019<\/strong>, seg\u00fan C\u00e1ritas. Un fen\u00f3meno invisibilizado, que apenas tiene espacio en los informativos, pero que se palpa en las puertas de juzgados, en las colas para alimentos, o en los albergues de emergencia cada vez m\u00e1s saturados.<\/p>\n<p data-start=\"4625\" data-end=\"4962\">Algunos ayuntamientos, como el de Barcelona, han tratado de articular medidas paliativas: mediaci\u00f3n, realojos, ayudas al alquiler. Pero los recursos son escasos y los criterios excluyentes. Muchos de los afectados, como el caso de N. B., ni siquiera acceden al radar asistencial. La Administraci\u00f3n, en estos casos, <strong data-start=\"4940\" data-end=\"4961\">llega tarde y mal<\/strong>.<\/p>\n<h2 data-start=\"4969\" data-end=\"5045\">\ud83d\udea8<strong> La situaci\u00f3n de los desahucios: datos oficiales y realidades ignoradas<\/strong><\/h2>\n<p data-start=\"5047\" data-end=\"5482\">En 2024, <strong data-start=\"5056\" data-end=\"5108\">se produjeron en Espa\u00f1a m\u00e1s de 38.000 desahucios<\/strong>, una cifra que se mantuvo relativamente estable respecto a 2023, pero que <strong data-start=\"5183\" data-end=\"5235\">esconde un repunte en los primeros meses de 2025<\/strong>, especialmente en los lanzamientos por impago de alquiler. Las plataformas por el derecho a la vivienda denuncian, adem\u00e1s, que <strong data-start=\"5363\" data-end=\"5437\">el fin de la moratoria estatal de desahucios para personas vulnerables<\/strong> ha dejado sin protecci\u00f3n a miles de hogares.<\/p>\n<p data-start=\"5484\" data-end=\"5826\">Los desahucios por impago hipotecario \u2014aunque en menor n\u00famero que en la anterior crisis\u2014 tambi\u00e9n han empezado a repuntar ligeramente. En buena parte, debido al efecto acumulado de <strong data-start=\"5664\" data-end=\"5689\">la subida del eur\u00edbor<\/strong>, que en mayo de 2025 volvi\u00f3 a rozar el 3,8%, presionando a muchas familias que contrataron hipotecas variables sin margen de adaptaci\u00f3n.<\/p>\n<p data-start=\"5828\" data-end=\"6049\">\ud83d\udc49 En este contexto, el caso de N. B. es una alerta roja que deber\u00eda forzar una respuesta institucional y pol\u00edtica urgente. Pero, como tantas veces, <strong data-start=\"5977\" data-end=\"6048\">la muerte por desahucio quedar\u00e1 reducida a una nota a pie de p\u00e1gina<\/strong>.<\/p>\n<h2 data-start=\"6056\" data-end=\"6114\">\ud83c\udfd8\ufe0f<strong> El Raval, s\u00edmbolo de la transformaci\u00f3n y del olvido<\/strong><\/h2>\n<p data-start=\"6116\" data-end=\"6521\">El barrio del Raval, donde ocurri\u00f3 este suicidio, es hoy <strong data-start=\"6173\" data-end=\"6198\">un espacio en disputa<\/strong>. Entre la gentrificaci\u00f3n, la turistificaci\u00f3n y la especulaci\u00f3n, <strong data-start=\"6263\" data-end=\"6315\">el tejido vecinal tradicional ha sido erosionado<\/strong>. \u201cYa no queda nada de lo que era esto hace 50 a\u00f1os\u201d, lamenta Jos\u00e9 Antonio Garc\u00eda, vecino del inmueble colindante. Las viviendas vac\u00edas conviven con pisos tur\u00edsticos, narcopisos y ocupaciones por necesidad.<\/p>\n<p data-start=\"6523\" data-end=\"6921\">La muerte de N. B. no es solo la tragedia de un hombre solo y desesperado. Es el reflejo de <strong data-start=\"6615\" data-end=\"6671\">un sistema que no garantiza el derecho a la vivienda<\/strong>. De una sociedad que, poco a poco, se acostumbra a que haya personas mayores sin hogar, a que haya ni\u00f1os creciendo en habitaciones de 10 metros cuadrados, a que haya familias que esconden su miedo a un desahucio entre pr\u00e9stamos, ansiedad y silencio.<\/p>\n<h2 data-start=\"6928\" data-end=\"6989\">\ud83d\udde3\ufe0f <strong>Una crisis estructural que necesita respuesta pol\u00edtica<\/strong><\/h2>\n<p data-start=\"6991\" data-end=\"7414\">Espa\u00f1a no tiene un problema de vivienda: <strong data-start=\"7032\" data-end=\"7077\">tiene una emergencia habitacional cr\u00f3nica<\/strong>. El Estado, las comunidades aut\u00f3nomas y los ayuntamientos deben actuar de forma coordinada, eficaz y con voluntad real. No es suficiente anunciar leyes, ni poner parches. <strong data-start=\"7249\" data-end=\"7306\">Hace falta construir vivienda p\u00fablica de forma masiva y a un precio acorde a los salarios medios de los espa\u00f1oles<\/strong>, regular el alquiler con medidas realmente efectivas, y ofrecer alternativas reales a quien no puede pagar.<\/p>\n<p data-start=\"7416\" data-end=\"7623\">Y tambi\u00e9n hace falta, como dec\u00eda una vecina del Raval, <strong data-start=\"7471\" data-end=\"7505\">\u201cun poco de conciencia social\u201d<\/strong>. Porque cada desahucio no es solo un procedimiento judicial. Puede ser el inicio de un infierno personal. O el final.<\/p>\n<\/div><\/div><style type=\"text\/css\">.fusion-body .fusion-builder-column-0{width:100% !important;margin-top : 0px;margin-bottom : 0px;}.fusion-builder-column-0 > .fusion-column-wrapper {padding-top : 0px !important;padding-right : 0px !important;margin-right : 1.92%;padding-bottom : 0px !important;padding-left : 0px !important;margin-left : 1.92%;}@media only screen and (max-width:1024px) {.fusion-body .fusion-builder-column-0{width:100% !important;}.fusion-builder-column-0 > .fusion-column-wrapper {margin-right : 1.92%;margin-left : 1.92%;}}@media only screen and (max-width:640px) {.fusion-body .fusion-builder-column-0{width:100% !important;}.fusion-builder-column-0 > .fusion-column-wrapper {margin-right : 1.92%;margin-left : 1.92%;}}<\/style><\/div><\/div><style type=\"text\/css\">.fusion-body .fusion-flex-container.fusion-builder-row-1{ padding-top : 0px;margin-top : 0px;padding-right : 0px;padding-bottom : 0px;margin-bottom : 0px;padding-left : 0px;}<\/style><\/div>\n","protected":false},"excerpt":{"rendered":"<p>Seg\u00fan los datos m\u00e1s recientes del Consejo General del Poder Judicial (CGPJ), las ejecuciones hipotecarias se han incrementado un 4,2% interanual en el primer trimestre de 2025, mientras que los desahucios derivados de impagos de alquileres han aumentado m\u00e1s de un 6% en algunas comunidades como Catalu\u00f1a, Madrid y Andaluc\u00eda.<\/p>\n","protected":false},"author":3,"featured_media":44190,"comment_status":"closed","ping_status":"closed","sticky":false,"template":"","format":"standard","meta":{"_jetpack_memberships_contains_paid_content":false,"footnotes":"","jetpack_publicize_message":"","jetpack_publicize_feature_enabled":true,"jetpack_social_post_already_shared":true,"jetpack_social_options":{"image_generator_settings":{"template":"highway","default_image_id":0,"font":"","enabled":false},"version":2}},"categories":[100],"tags":[8234],"class_list":["post-51849","post","type-post","status-publish","format-standard","has-post-thumbnail","hentry","category-compraventa-de-viviendas","tag-newsletter-518"],"yoast_head":"<!-- This site is optimized with the Yoast SEO plugin v27.4 - https:\/\/yoast.com\/product\/yoast-seo-wordpress\/ -->\n<title>Un suicidio por desahucio en El Raval<\/title>\n<meta name=\"description\" content=\"Lo sucedido es reflejo de una realidad que se repite silenciada: el v\u00ednculo entre desahucios, exclusi\u00f3n residencial, soledad y desesperaci\u00f3n\" \/>\n<meta name=\"robots\" content=\"index, follow, max-snippet:-1, max-image-preview:large, max-video-preview:-1\" \/>\n<link rel=\"canonical\" href=\"https:\/\/www.aquimicasa.net\/blog\/vivienda\/compraventa-de-viviendas\/un-suicidio-por-desahucio-en-el-raval\/\" \/>\n<meta property=\"og:locale\" content=\"es_ES\" \/>\n<meta property=\"og:type\" content=\"article\" \/>\n<meta property=\"og:title\" content=\"Un suicidio por desahucio en El Raval\" \/>\n<meta property=\"og:description\" content=\"Lo sucedido es reflejo de una realidad que se repite silenciada: el v\u00ednculo entre desahucios, exclusi\u00f3n residencial, soledad y desesperaci\u00f3n\" \/>\n<meta property=\"og:url\" content=\"https:\/\/www.aquimicasa.net\/blog\/vivienda\/compraventa-de-viviendas\/un-suicidio-por-desahucio-en-el-raval\/\" \/>\n<meta property=\"og:site_name\" content=\"Blog de aquimicasa.net\" \/>\n<meta property=\"article:publisher\" content=\"https:\/\/www.facebook.com\/aquimicasa.net\" \/>\n<meta property=\"article:published_time\" content=\"2025-06-14T20:30:53+00:00\" \/>\n<meta property=\"og:image\" content=\"https:\/\/www.aquimicasa.net\/blog\/wp-content\/uploads\/Stop-desahucios2-300x300-1.jpg\" \/>\n\t<meta property=\"og:image:width\" content=\"300\" \/>\n\t<meta property=\"og:image:height\" content=\"300\" \/>\n\t<meta property=\"og:image:type\" content=\"image\/jpeg\" \/>\n<meta name=\"author\" content=\"Eduardo Lizarraga\" \/>\n<meta name=\"twitter:label1\" content=\"Escrito por\" \/>\n\t<meta name=\"twitter:data1\" content=\"Eduardo Lizarraga\" \/>\n\t<meta name=\"twitter:label2\" content=\"Tiempo de lectura\" \/>\n\t<meta name=\"twitter:data2\" content=\"5 minutos\" \/>\n<script type=\"application\/ld+json\" class=\"yoast-schema-graph\">{\"@context\":\"https:\\\/\\\/schema.org\",\"@graph\":[{\"@type\":\"Article\",\"@id\":\"https:\\\/\\\/www.aquimicasa.net\\\/blog\\\/vivienda\\\/compraventa-de-viviendas\\\/un-suicidio-por-desahucio-en-el-raval\\\/#article\",\"isPartOf\":{\"@id\":\"https:\\\/\\\/www.aquimicasa.net\\\/blog\\\/vivienda\\\/compraventa-de-viviendas\\\/un-suicidio-por-desahucio-en-el-raval\\\/\"},\"author\":{\"name\":\"Eduardo Lizarraga\",\"@id\":\"https:\\\/\\\/www.aquimicasa.net\\\/blog\\\/#\\\/schema\\\/person\\\/2cdfa2605534583395c8d7ce1d6cac14\"},\"headline\":\"\ud83c\udfda\ufe0f Un suicidio por desahucio en El Raval\",\"datePublished\":\"2025-06-14T20:30:53+00:00\",\"mainEntityOfPage\":{\"@id\":\"https:\\\/\\\/www.aquimicasa.net\\\/blog\\\/vivienda\\\/compraventa-de-viviendas\\\/un-suicidio-por-desahucio-en-el-raval\\\/\"},\"wordCount\":1553,\"publisher\":{\"@id\":\"https:\\\/\\\/www.aquimicasa.net\\\/blog\\\/#organization\"},\"image\":{\"@id\":\"https:\\\/\\\/www.aquimicasa.net\\\/blog\\\/vivienda\\\/compraventa-de-viviendas\\\/un-suicidio-por-desahucio-en-el-raval\\\/#primaryimage\"},\"thumbnailUrl\":\"https:\\\/\\\/www.aquimicasa.net\\\/blog\\\/wp-content\\\/uploads\\\/Stop-desahucios2-300x300-1.jpg\",\"keywords\":[\"newsletter 518\"],\"articleSection\":[\"Compra Venta\"],\"inLanguage\":\"es\"},{\"@type\":\"WebPage\",\"@id\":\"https:\\\/\\\/www.aquimicasa.net\\\/blog\\\/vivienda\\\/compraventa-de-viviendas\\\/un-suicidio-por-desahucio-en-el-raval\\\/\",\"url\":\"https:\\\/\\\/www.aquimicasa.net\\\/blog\\\/vivienda\\\/compraventa-de-viviendas\\\/un-suicidio-por-desahucio-en-el-raval\\\/\",\"name\":\"Un suicidio por desahucio en El Raval\",\"isPartOf\":{\"@id\":\"https:\\\/\\\/www.aquimicasa.net\\\/blog\\\/#website\"},\"primaryImageOfPage\":{\"@id\":\"https:\\\/\\\/www.aquimicasa.net\\\/blog\\\/vivienda\\\/compraventa-de-viviendas\\\/un-suicidio-por-desahucio-en-el-raval\\\/#primaryimage\"},\"image\":{\"@id\":\"https:\\\/\\\/www.aquimicasa.net\\\/blog\\\/vivienda\\\/compraventa-de-viviendas\\\/un-suicidio-por-desahucio-en-el-raval\\\/#primaryimage\"},\"thumbnailUrl\":\"https:\\\/\\\/www.aquimicasa.net\\\/blog\\\/wp-content\\\/uploads\\\/Stop-desahucios2-300x300-1.jpg\",\"datePublished\":\"2025-06-14T20:30:53+00:00\",\"description\":\"Lo sucedido es reflejo de una realidad que se repite silenciada: el v\u00ednculo entre desahucios, exclusi\u00f3n residencial, soledad y desesperaci\u00f3n\",\"breadcrumb\":{\"@id\":\"https:\\\/\\\/www.aquimicasa.net\\\/blog\\\/vivienda\\\/compraventa-de-viviendas\\\/un-suicidio-por-desahucio-en-el-raval\\\/#breadcrumb\"},\"inLanguage\":\"es\",\"potentialAction\":[{\"@type\":\"ReadAction\",\"target\":[\"https:\\\/\\\/www.aquimicasa.net\\\/blog\\\/vivienda\\\/compraventa-de-viviendas\\\/un-suicidio-por-desahucio-en-el-raval\\\/\"]}]},{\"@type\":\"ImageObject\",\"inLanguage\":\"es\",\"@id\":\"https:\\\/\\\/www.aquimicasa.net\\\/blog\\\/vivienda\\\/compraventa-de-viviendas\\\/un-suicidio-por-desahucio-en-el-raval\\\/#primaryimage\",\"url\":\"https:\\\/\\\/www.aquimicasa.net\\\/blog\\\/wp-content\\\/uploads\\\/Stop-desahucios2-300x300-1.jpg\",\"contentUrl\":\"https:\\\/\\\/www.aquimicasa.net\\\/blog\\\/wp-content\\\/uploads\\\/Stop-desahucios2-300x300-1.jpg\",\"width\":300,\"height\":300,\"caption\":\"El suicidiopor desahucio es un fracaso colectivo de la sociedad\"},{\"@type\":\"BreadcrumbList\",\"@id\":\"https:\\\/\\\/www.aquimicasa.net\\\/blog\\\/vivienda\\\/compraventa-de-viviendas\\\/un-suicidio-por-desahucio-en-el-raval\\\/#breadcrumb\",\"itemListElement\":[{\"@type\":\"ListItem\",\"position\":1,\"name\":\"Portada\",\"item\":\"https:\\\/\\\/www.aquimicasa.net\\\/blog\\\/\"},{\"@type\":\"ListItem\",\"position\":2,\"name\":\"\ud83c\udfda\ufe0f Un suicidio por desahucio en El Raval\"}]},{\"@type\":\"WebSite\",\"@id\":\"https:\\\/\\\/www.aquimicasa.net\\\/blog\\\/#website\",\"url\":\"https:\\\/\\\/www.aquimicasa.net\\\/blog\\\/\",\"name\":\"Blog de aquimicasa.net\",\"description\":\"Noticias del Mundo Inmobiliario\",\"publisher\":{\"@id\":\"https:\\\/\\\/www.aquimicasa.net\\\/blog\\\/#organization\"},\"potentialAction\":[{\"@type\":\"SearchAction\",\"target\":{\"@type\":\"EntryPoint\",\"urlTemplate\":\"https:\\\/\\\/www.aquimicasa.net\\\/blog\\\/?s={search_term_string}\"},\"query-input\":{\"@type\":\"PropertyValueSpecification\",\"valueRequired\":true,\"valueName\":\"search_term_string\"}}],\"inLanguage\":\"es\"},{\"@type\":\"Organization\",\"@id\":\"https:\\\/\\\/www.aquimicasa.net\\\/blog\\\/#organization\",\"name\":\"Blog de aquimicasa.net\",\"url\":\"https:\\\/\\\/www.aquimicasa.net\\\/blog\\\/\",\"logo\":{\"@type\":\"ImageObject\",\"inLanguage\":\"es\",\"@id\":\"https:\\\/\\\/www.aquimicasa.net\\\/blog\\\/#\\\/schema\\\/logo\\\/image\\\/\",\"url\":\"https:\\\/\\\/www.aquimicasa.net\\\/blog\\\/wp-content\\\/uploads\\\/Logo-aquimicasa-1-e1528048213782.png\",\"contentUrl\":\"https:\\\/\\\/www.aquimicasa.net\\\/blog\\\/wp-content\\\/uploads\\\/Logo-aquimicasa-1-e1528048213782.png\",\"width\":225,\"height\":225,\"caption\":\"Blog de aquimicasa.net\"},\"image\":{\"@id\":\"https:\\\/\\\/www.aquimicasa.net\\\/blog\\\/#\\\/schema\\\/logo\\\/image\\\/\"},\"sameAs\":[\"https:\\\/\\\/www.facebook.com\\\/aquimicasa.net\",\"https:\\\/\\\/www.instagram.com\\\/\",\"https:\\\/\\\/x.com\\\/EduLizarragaD\",\"https:\\\/\\\/www.linkedin.com\\\/feed\\\/\"]},{\"@type\":\"Person\",\"@id\":\"https:\\\/\\\/www.aquimicasa.net\\\/blog\\\/#\\\/schema\\\/person\\\/2cdfa2605534583395c8d7ce1d6cac14\",\"name\":\"Eduardo Lizarraga\",\"image\":{\"@type\":\"ImageObject\",\"inLanguage\":\"es\",\"@id\":\"https:\\\/\\\/secure.gravatar.com\\\/avatar\\\/bdabe1eeeed97b65a9cb7de2edd624b07995f7e13abc5fead15961f745f908cc?s=96&d=mm&r=g\",\"url\":\"https:\\\/\\\/secure.gravatar.com\\\/avatar\\\/bdabe1eeeed97b65a9cb7de2edd624b07995f7e13abc5fead15961f745f908cc?s=96&d=mm&r=g\",\"contentUrl\":\"https:\\\/\\\/secure.gravatar.com\\\/avatar\\\/bdabe1eeeed97b65a9cb7de2edd624b07995f7e13abc5fead15961f745f908cc?s=96&d=mm&r=g\",\"caption\":\"Eduardo Lizarraga\"},\"description\":\"Periodista Econ\u00f3mico. Ha trabajado en diversos campos de la informaci\u00f3n. Corresponsal en conflictos, analista pol\u00edtico en Congreso y Senado, periodista del medio ambiente, editor, director editorial, director de comunicaci\u00f3n.... En estos momentos se ha especializado en el sector inmobiliario. Pero tambi\u00e9n es navegante y viajero, preocupado por la pobreza, el medio ambiente y por las actuaciones descontroladas del neoliberalismo empresarial y pol\u00edtico en todo el mundo. Los desahucios, la pobreza infantil y la falta de acceso a los suministros b\u00e1sicos son algunos de los grandes dramas de nuestra sociedad y que es preciso solucionar para hacerla m\u00e1s justa. CEO en www.aquimicasa.net\",\"sameAs\":[\"https:\\\/\\\/www.aquimicasa.net\\\/\"],\"url\":\"https:\\\/\\\/www.aquimicasa.net\\\/blog\\\/author\\\/eduardo\\\/\"}]}<\/script>\n<!-- \/ Yoast SEO plugin. -->","yoast_head_json":{"title":"Un suicidio por desahucio en El Raval","description":"Lo sucedido es reflejo de una realidad que se repite silenciada: el v\u00ednculo entre desahucios, exclusi\u00f3n residencial, soledad y desesperaci\u00f3n","robots":{"index":"index","follow":"follow","max-snippet":"max-snippet:-1","max-image-preview":"max-image-preview:large","max-video-preview":"max-video-preview:-1"},"canonical":"https:\/\/www.aquimicasa.net\/blog\/vivienda\/compraventa-de-viviendas\/un-suicidio-por-desahucio-en-el-raval\/","og_locale":"es_ES","og_type":"article","og_title":"Un suicidio por desahucio en El Raval","og_description":"Lo sucedido es reflejo de una realidad que se repite silenciada: el v\u00ednculo entre desahucios, exclusi\u00f3n residencial, soledad y desesperaci\u00f3n","og_url":"https:\/\/www.aquimicasa.net\/blog\/vivienda\/compraventa-de-viviendas\/un-suicidio-por-desahucio-en-el-raval\/","og_site_name":"Blog de aquimicasa.net","article_publisher":"https:\/\/www.facebook.com\/aquimicasa.net","article_published_time":"2025-06-14T20:30:53+00:00","og_image":[{"width":300,"height":300,"url":"https:\/\/www.aquimicasa.net\/blog\/wp-content\/uploads\/Stop-desahucios2-300x300-1.jpg","type":"image\/jpeg"}],"author":"Eduardo Lizarraga","twitter_misc":{"Escrito por":"Eduardo Lizarraga","Tiempo de lectura":"5 minutos"},"schema":{"@context":"https:\/\/schema.org","@graph":[{"@type":"Article","@id":"https:\/\/www.aquimicasa.net\/blog\/vivienda\/compraventa-de-viviendas\/un-suicidio-por-desahucio-en-el-raval\/#article","isPartOf":{"@id":"https:\/\/www.aquimicasa.net\/blog\/vivienda\/compraventa-de-viviendas\/un-suicidio-por-desahucio-en-el-raval\/"},"author":{"name":"Eduardo Lizarraga","@id":"https:\/\/www.aquimicasa.net\/blog\/#\/schema\/person\/2cdfa2605534583395c8d7ce1d6cac14"},"headline":"\ud83c\udfda\ufe0f Un suicidio por desahucio en El Raval","datePublished":"2025-06-14T20:30:53+00:00","mainEntityOfPage":{"@id":"https:\/\/www.aquimicasa.net\/blog\/vivienda\/compraventa-de-viviendas\/un-suicidio-por-desahucio-en-el-raval\/"},"wordCount":1553,"publisher":{"@id":"https:\/\/www.aquimicasa.net\/blog\/#organization"},"image":{"@id":"https:\/\/www.aquimicasa.net\/blog\/vivienda\/compraventa-de-viviendas\/un-suicidio-por-desahucio-en-el-raval\/#primaryimage"},"thumbnailUrl":"https:\/\/www.aquimicasa.net\/blog\/wp-content\/uploads\/Stop-desahucios2-300x300-1.jpg","keywords":["newsletter 518"],"articleSection":["Compra Venta"],"inLanguage":"es"},{"@type":"WebPage","@id":"https:\/\/www.aquimicasa.net\/blog\/vivienda\/compraventa-de-viviendas\/un-suicidio-por-desahucio-en-el-raval\/","url":"https:\/\/www.aquimicasa.net\/blog\/vivienda\/compraventa-de-viviendas\/un-suicidio-por-desahucio-en-el-raval\/","name":"Un suicidio por desahucio en El Raval","isPartOf":{"@id":"https:\/\/www.aquimicasa.net\/blog\/#website"},"primaryImageOfPage":{"@id":"https:\/\/www.aquimicasa.net\/blog\/vivienda\/compraventa-de-viviendas\/un-suicidio-por-desahucio-en-el-raval\/#primaryimage"},"image":{"@id":"https:\/\/www.aquimicasa.net\/blog\/vivienda\/compraventa-de-viviendas\/un-suicidio-por-desahucio-en-el-raval\/#primaryimage"},"thumbnailUrl":"https:\/\/www.aquimicasa.net\/blog\/wp-content\/uploads\/Stop-desahucios2-300x300-1.jpg","datePublished":"2025-06-14T20:30:53+00:00","description":"Lo sucedido es reflejo de una realidad que se repite silenciada: el v\u00ednculo entre desahucios, exclusi\u00f3n residencial, soledad y desesperaci\u00f3n","breadcrumb":{"@id":"https:\/\/www.aquimicasa.net\/blog\/vivienda\/compraventa-de-viviendas\/un-suicidio-por-desahucio-en-el-raval\/#breadcrumb"},"inLanguage":"es","potentialAction":[{"@type":"ReadAction","target":["https:\/\/www.aquimicasa.net\/blog\/vivienda\/compraventa-de-viviendas\/un-suicidio-por-desahucio-en-el-raval\/"]}]},{"@type":"ImageObject","inLanguage":"es","@id":"https:\/\/www.aquimicasa.net\/blog\/vivienda\/compraventa-de-viviendas\/un-suicidio-por-desahucio-en-el-raval\/#primaryimage","url":"https:\/\/www.aquimicasa.net\/blog\/wp-content\/uploads\/Stop-desahucios2-300x300-1.jpg","contentUrl":"https:\/\/www.aquimicasa.net\/blog\/wp-content\/uploads\/Stop-desahucios2-300x300-1.jpg","width":300,"height":300,"caption":"El suicidiopor desahucio es un fracaso colectivo de la sociedad"},{"@type":"BreadcrumbList","@id":"https:\/\/www.aquimicasa.net\/blog\/vivienda\/compraventa-de-viviendas\/un-suicidio-por-desahucio-en-el-raval\/#breadcrumb","itemListElement":[{"@type":"ListItem","position":1,"name":"Portada","item":"https:\/\/www.aquimicasa.net\/blog\/"},{"@type":"ListItem","position":2,"name":"\ud83c\udfda\ufe0f Un suicidio por desahucio en El Raval"}]},{"@type":"WebSite","@id":"https:\/\/www.aquimicasa.net\/blog\/#website","url":"https:\/\/www.aquimicasa.net\/blog\/","name":"Blog de aquimicasa.net","description":"Noticias del Mundo Inmobiliario","publisher":{"@id":"https:\/\/www.aquimicasa.net\/blog\/#organization"},"potentialAction":[{"@type":"SearchAction","target":{"@type":"EntryPoint","urlTemplate":"https:\/\/www.aquimicasa.net\/blog\/?s={search_term_string}"},"query-input":{"@type":"PropertyValueSpecification","valueRequired":true,"valueName":"search_term_string"}}],"inLanguage":"es"},{"@type":"Organization","@id":"https:\/\/www.aquimicasa.net\/blog\/#organization","name":"Blog de aquimicasa.net","url":"https:\/\/www.aquimicasa.net\/blog\/","logo":{"@type":"ImageObject","inLanguage":"es","@id":"https:\/\/www.aquimicasa.net\/blog\/#\/schema\/logo\/image\/","url":"https:\/\/www.aquimicasa.net\/blog\/wp-content\/uploads\/Logo-aquimicasa-1-e1528048213782.png","contentUrl":"https:\/\/www.aquimicasa.net\/blog\/wp-content\/uploads\/Logo-aquimicasa-1-e1528048213782.png","width":225,"height":225,"caption":"Blog de aquimicasa.net"},"image":{"@id":"https:\/\/www.aquimicasa.net\/blog\/#\/schema\/logo\/image\/"},"sameAs":["https:\/\/www.facebook.com\/aquimicasa.net","https:\/\/www.instagram.com\/","https:\/\/x.com\/EduLizarragaD","https:\/\/www.linkedin.com\/feed\/"]},{"@type":"Person","@id":"https:\/\/www.aquimicasa.net\/blog\/#\/schema\/person\/2cdfa2605534583395c8d7ce1d6cac14","name":"Eduardo Lizarraga","image":{"@type":"ImageObject","inLanguage":"es","@id":"https:\/\/secure.gravatar.com\/avatar\/bdabe1eeeed97b65a9cb7de2edd624b07995f7e13abc5fead15961f745f908cc?s=96&d=mm&r=g","url":"https:\/\/secure.gravatar.com\/avatar\/bdabe1eeeed97b65a9cb7de2edd624b07995f7e13abc5fead15961f745f908cc?s=96&d=mm&r=g","contentUrl":"https:\/\/secure.gravatar.com\/avatar\/bdabe1eeeed97b65a9cb7de2edd624b07995f7e13abc5fead15961f745f908cc?s=96&d=mm&r=g","caption":"Eduardo Lizarraga"},"description":"Periodista Econ\u00f3mico. Ha trabajado en diversos campos de la informaci\u00f3n. Corresponsal en conflictos, analista pol\u00edtico en Congreso y Senado, periodista del medio ambiente, editor, director editorial, director de comunicaci\u00f3n.... En estos momentos se ha especializado en el sector inmobiliario. Pero tambi\u00e9n es navegante y viajero, preocupado por la pobreza, el medio ambiente y por las actuaciones descontroladas del neoliberalismo empresarial y pol\u00edtico en todo el mundo. Los desahucios, la pobreza infantil y la falta de acceso a los suministros b\u00e1sicos son algunos de los grandes dramas de nuestra sociedad y que es preciso solucionar para hacerla m\u00e1s justa. CEO en www.aquimicasa.net","sameAs":["https:\/\/www.aquimicasa.net\/"],"url":"https:\/\/www.aquimicasa.net\/blog\/author\/eduardo\/"}]}},"jetpack_publicize_connections":[],"jetpack_featured_media_url":"https:\/\/www.aquimicasa.net\/blog\/wp-content\/uploads\/Stop-desahucios2-300x300-1.jpg","jetpack_sharing_enabled":true,"jetpack_likes_enabled":true,"_links":{"self":[{"href":"https:\/\/www.aquimicasa.net\/blog\/wp-json\/wp\/v2\/posts\/51849","targetHints":{"allow":["GET"]}}],"collection":[{"href":"https:\/\/www.aquimicasa.net\/blog\/wp-json\/wp\/v2\/posts"}],"about":[{"href":"https:\/\/www.aquimicasa.net\/blog\/wp-json\/wp\/v2\/types\/post"}],"author":[{"embeddable":true,"href":"https:\/\/www.aquimicasa.net\/blog\/wp-json\/wp\/v2\/users\/3"}],"replies":[{"embeddable":true,"href":"https:\/\/www.aquimicasa.net\/blog\/wp-json\/wp\/v2\/comments?post=51849"}],"version-history":[{"count":2,"href":"https:\/\/www.aquimicasa.net\/blog\/wp-json\/wp\/v2\/posts\/51849\/revisions"}],"predecessor-version":[{"id":51863,"href":"https:\/\/www.aquimicasa.net\/blog\/wp-json\/wp\/v2\/posts\/51849\/revisions\/51863"}],"wp:featuredmedia":[{"embeddable":true,"href":"https:\/\/www.aquimicasa.net\/blog\/wp-json\/wp\/v2\/media\/44190"}],"wp:attachment":[{"href":"https:\/\/www.aquimicasa.net\/blog\/wp-json\/wp\/v2\/media?parent=51849"}],"wp:term":[{"taxonomy":"category","embeddable":true,"href":"https:\/\/www.aquimicasa.net\/blog\/wp-json\/wp\/v2\/categories?post=51849"},{"taxonomy":"post_tag","embeddable":true,"href":"https:\/\/www.aquimicasa.net\/blog\/wp-json\/wp\/v2\/tags?post=51849"}],"curies":[{"name":"wp","href":"https:\/\/api.w.org\/{rel}","templated":true}]}}