{"id":52230,"date":"2025-07-11T23:13:53","date_gmt":"2025-07-11T21:13:53","guid":{"rendered":"https:\/\/www.aquimicasa.net\/blog\/?p=52230"},"modified":"2025-07-11T23:24:42","modified_gmt":"2025-07-11T21:24:42","slug":"la-vivienda-continua-siendo-el-principal-problema-de-los-espanoles","status":"publish","type":"post","link":"https:\/\/www.aquimicasa.net\/blog\/vivienda\/noticias-mercado-inmobiliario\/la-vivienda-continua-siendo-el-principal-problema-de-los-espanoles\/","title":{"rendered":"La vivienda contin\u00faa siendo el principal problema de los espa\u00f1oles"},"content":{"rendered":"<div class=\"fusion-fullwidth fullwidth-box fusion-builder-row-1 fusion-flex-container nonhundred-percent-fullwidth non-hundred-percent-height-scrolling\" style=\"background-color: rgba(255,255,255,0);background-position: center center;background-repeat: no-repeat;border-width: 0px 0px 0px 0px;border-color:#eae9e9;border-style:solid;\" ><div class=\"fusion-builder-row fusion-row fusion-flex-align-items-flex-start\" style=\"max-width:1144px;margin-left: calc(-4% \/ 2 );margin-right: calc(-4% \/ 2 );\"><div class=\"fusion-layout-column fusion_builder_column fusion-builder-column-0 fusion_builder_column_1_1 1_1 fusion-flex-column\"><div class=\"fusion-column-wrapper fusion-flex-justify-content-flex-start fusion-content-layout-column\" style=\"background-position:left top;background-repeat:no-repeat;-webkit-background-size:cover;-moz-background-size:cover;-o-background-size:cover;background-size:cover;padding: 0px 0px 0px 0px;\"><div class=\"fusion-text fusion-text-1\"><h1><\/h1>\n<p>Lo dice el <b>\u00faltimo Bar\u00f3metro de Opini\u00f3n del Centro de Investigaciones Sociol\u00f3gicas (CIS)<\/b>, pero lo saben tambi\u00e9n quienes cada mes intentan pagar un alquiler disparado, buscar una hipoteca imposible o simplemente so\u00f1ar con independizarse. <b>Por octavo mes consecutivo<\/b>, la vivienda lidera el ranking de preocupaciones ciudadanas. Que nadie se extra\u00f1e: no es un problema nuevo, pero s\u00ed uno que cada vez aprieta m\u00e1s.<\/p>\n<h2><strong>Las menciones a la corrupci\u00f3n han alcanzado su cifra r\u00e9cord de los \u00faltimos a\u00f1os con un 25,3%<\/strong><\/h2>\n<p>El estallido del caso <b>Santos Cerd\u00e1n<\/b>, ex secretario de Organizaci\u00f3n del PSOE, ha encendido otra vez los sensores del esc\u00e1ndalo. <b>La corrupci\u00f3n vuelve a ocupar titulares y a colarse en los bares<\/b>. El CIS muestra que las menciones a este problema se han disparado hasta un preocupante <b>25,3%<\/b>, una cifra que no se alcanzaba desde 2019. <b>Entre junio y julio ha subido 13,6 puntos<\/b>, lo cual sugiere que el personal ya no se traga la transparencia institucional ni con agua.<\/p>\n<h2><strong>El repunte de los alquileres vacacionales en verano es una constante en la serie estad\u00edstica del INE<\/strong><\/h2>\n<p><b>El verano no solo calienta las playas, tambi\u00e9n los precios del alquiler<\/b>. Como ya viene siendo habitual, la llegada de los turistas y la explosi\u00f3n de las plataformas de alquiler vacacional <b>han reducido dr\u00e1sticamente la oferta residencial tradicional<\/b>. Las cifras del INE lo confirman a\u00f1o tras a\u00f1o, pero <b>ni los gobiernos locales ni el central se deciden a poner el cascabel al gato<\/b>.<\/p>\n<p>El problema va m\u00e1s all\u00e1 de los destinos tur\u00edsticos: <b>Barcelona, Valencia, Madrid, M\u00e1laga, Palma o Sevilla<\/b> han experimentado repuntes constantes en los precios de los arrendamientos, directamente vinculados al alquiler tur\u00edstico. \u00bfMedidas? Muchas promesas, pocos hechos. Mientras tanto, <b>cada vez hay menos viviendas disponibles para vivir y m\u00e1s para hacer caja<\/b>.<\/p>\n<h2><strong>La inmigraci\u00f3n, con un 18,4%, se coloca en tercer lugar<\/strong><\/h2>\n<p>No es raro que en tiempos de tensi\u00f3n social, la <b>inmigraci\u00f3n vuelva a escalar en las preocupaciones de los encuestados<\/b>. Lo hace con un <b>18,4%<\/b>, una d\u00e9cima menos que el mes anterior, pero muy lejos del r\u00e9cord del 30,4% alcanzado en septiembre pasado. <b>Un debate que sigue politiz\u00e1ndose peligrosamente<\/b>, aunque las cifras reales del impacto migratorio sobre el mercado de la vivienda no sean, en ning\u00fan caso, el verdadero n\u00facleo del problema.<\/p>\n<h3><strong>\u00bfY qu\u00e9 pasa con el paro o la econom\u00eda?<\/strong><\/h3>\n<p>Curiosamente, tanto <b>el paro (15,1%)<\/b> como <b>la crisis econ\u00f3mica (16,7%)<\/b> bajan posiciones. Tal vez porque las cifras macroecon\u00f3micas insisten en que vamos bien, mientras la ciudadan\u00eda hace malabares en el supermercado y en el cajero. Y mientras tanto, <b>suben las menciones al mal gobierno y a los partidos pol\u00edticos<\/b>, que se colocan en el cuarto lugar con un <b>17,8%<\/b>. Claro, cuando el ruido pol\u00edtico tapa la realidad social, la desafecci\u00f3n se dispara.<\/p>\n<h2><strong>La vivienda, problema colectivo y personal<\/strong><\/h2>\n<p>El CIS recoge adem\u00e1s los <b>problemas personales que afectan directamente a los ciudadanos<\/b>. Y aqu\u00ed tambi\u00e9n la vivienda saca pecho: un <b>22,5%<\/b> dice estar directamente afectado por la situaci\u00f3n del mercado inmobiliario. Solo la crisis econ\u00f3mica (24,9%) y la sanidad (22,1%) la superan. <b>Es decir, no es solo una preocupaci\u00f3n nacional: es un drama dom\u00e9stico<\/b>, que se palpa cada mes en las cuentas bancarias.<\/p>\n<h2><strong>Desigualdades crecientes y acceso imposible a la vivienda<\/strong><\/h2>\n<p>El 39,4% de los encuestados afirma que <b>hay grandes desigualdades sociales<\/b> en Espa\u00f1a. Pero cuando se pregunta espec\u00edficamente por el acceso a la vivienda, la respuesta es a\u00fan m\u00e1s clara: un abrumador <b>83,6%<\/b> cree que no hay igualdad de oportunidades para conseguir una casa. <b>Esto no es opini\u00f3n: es un grito colectivo<\/b>.<\/p>\n<p>De hecho, el 58% cree que <b>dentro de diez a\u00f1os las desigualdades en renta e ingresos ser\u00e1n mayores<\/b>. Y un 52,4% asegura que tambi\u00e9n lo ser\u00e1n en el consumo de bienes y servicios. Vamos, que <b>los espa\u00f1oles saben perfectamente hacia d\u00f3nde va esto<\/b>: hacia un pa\u00eds dividido entre los que heredan casa y los que heredan alquiler.<\/p>\n<h2><strong>Valoraci\u00f3n de l\u00edderes: los pol\u00edticos siguen suspendiendo<\/strong><\/h2>\n<p>En plena tormenta pol\u00edtica, el CIS tambi\u00e9n pregunta por los l\u00edderes. <b>Pedro S\u00e1nchez lidera con una nota de 4,30<\/b>, seguido por Yolanda D\u00edaz (4,11), Feij\u00f3o (3,87) y Abascal (2,81). Ninguno aprueba. \u00bfConfianza? <b>S\u00e1nchez genera \u201cmucha o bastante\u201d confianza al 30,3%<\/b> de los espa\u00f1oles, y Feij\u00f3o al 21,9%. Para lo que se paga en asesores de comunicaci\u00f3n, no es para sacar pecho.<\/p>\n<h3><strong>Mientras tanto, la vivienda\u2026 sigue sin soluci\u00f3n<\/strong><\/h3>\n<p>\u00bfY qu\u00e9 hay del parque p\u00fablico? \u00bfY del control de precios? \u00bfY del acceso a la vivienda protegida? <b>Bien, gracias<\/b>. Las medidas de choque prometidas por gobiernos pasados y presentes no han conseguido detener la escalada. <b>La rentabilidad manda, la necesidad obedece<\/b>. Y cada a\u00f1o que pasa sin una intervenci\u00f3n efectiva del Estado, m\u00e1s se consolida este modelo basado en la expulsi\u00f3n de los residentes permanentes en favor del visitante temporal.<\/p>\n<h2><strong>Un problema estructural convertido en emergencia permanente<\/strong><\/h2>\n<p>Que la <b>vivienda sea el principal problema<\/b> de los espa\u00f1oles no deber\u00eda sorprender a nadie. Pero s\u00ed deber\u00eda <b>avergonzar a quienes legislan de espaldas al ciudadano<\/b>. La pol\u00edtica de vivienda en Espa\u00f1a no ha fracasado: simplemente no ha existido. Se ha dejado en manos del mercado y del capital. Y ahora, con pisos tur\u00edsticos por las nubes, alquileres imposibles y salarios estancados, el resultado es el que tenemos: <b>una generaci\u00f3n entera expulsada del derecho constitucional a un hogar<\/b>.<\/p>\n<p>Seguimos esperando soluciones, mientras <b>los datos del CIS nos recuerdan lo que ya sabemos<\/b>: en este pa\u00eds, tener casa ya no es un derecho. Es un privilegio.<\/p>\n<hr \/>\n<\/div><\/div><style type=\"text\/css\">.fusion-body .fusion-builder-column-0{width:100% !important;margin-top : 0px;margin-bottom : 0px;}.fusion-builder-column-0 > .fusion-column-wrapper {padding-top : 0px !important;padding-right : 0px !important;margin-right : 1.92%;padding-bottom : 0px !important;padding-left : 0px !important;margin-left : 1.92%;}@media only screen and (max-width:1024px) {.fusion-body .fusion-builder-column-0{width:100% !important;}.fusion-builder-column-0 > .fusion-column-wrapper {margin-right : 1.92%;margin-left : 1.92%;}}@media only screen and (max-width:640px) {.fusion-body .fusion-builder-column-0{width:100% !important;}.fusion-builder-column-0 > .fusion-column-wrapper {margin-right : 1.92%;margin-left : 1.92%;}}<\/style><\/div><\/div><style type=\"text\/css\">.fusion-body .fusion-flex-container.fusion-builder-row-1{ padding-top : 0px;margin-top : 0px;padding-right : 0px;padding-bottom : 0px;margin-bottom : 0px;padding-left : 0px;}<\/style><\/div>\n","protected":false},"excerpt":{"rendered":"<p>Por octavo mes consecutivo, la vivienda lidera el ranking de preocupaciones ciudadanas. Que nadie se extra\u00f1e: no es un problema nuevo, pero s\u00ed uno que cada vez aprieta m\u00e1s.<\/p>\n","protected":false},"author":3,"featured_media":51666,"comment_status":"closed","ping_status":"closed","sticky":false,"template":"","format":"standard","meta":{"_jetpack_memberships_contains_paid_content":false,"footnotes":"","jetpack_publicize_message":"","jetpack_publicize_feature_enabled":true,"jetpack_social_post_already_shared":true,"jetpack_social_options":{"image_generator_settings":{"template":"highway","default_image_id":0,"font":"","enabled":false},"version":2}},"categories":[7565],"tags":[8239],"class_list":["post-52230","post","type-post","status-publish","format-standard","has-post-thumbnail","hentry","category-noticias-mercado-inmobiliario","tag-newsletter-522"],"yoast_head":"<!-- This site is optimized with the Yoast SEO plugin v27.5 - https:\/\/yoast.com\/product\/yoast-seo-wordpress\/ -->\n<title>La vivienda contin\u00faa siendo el principal problema de los espa\u00f1oles<\/title>\n<meta name=\"description\" content=\"El CIS muestra que las menciones a la corrupci\u00f3n se han disparado hasta un preocupante 25,3%, una cifra que no se alcanzaba desde 2019.\" \/>\n<meta name=\"robots\" content=\"index, follow, max-snippet:-1, max-image-preview:large, max-video-preview:-1\" \/>\n<link rel=\"canonical\" href=\"https:\/\/www.aquimicasa.net\/blog\/vivienda\/noticias-mercado-inmobiliario\/la-vivienda-continua-siendo-el-principal-problema-de-los-espanoles\/\" \/>\n<meta property=\"og:locale\" content=\"es_ES\" \/>\n<meta property=\"og:type\" content=\"article\" \/>\n<meta property=\"og:title\" content=\"La vivienda contin\u00faa siendo el principal problema de los espa\u00f1oles\" \/>\n<meta property=\"og:description\" content=\"El CIS muestra que las menciones a la corrupci\u00f3n se han disparado hasta un preocupante 25,3%, una cifra que no se alcanzaba desde 2019.\" \/>\n<meta property=\"og:url\" content=\"https:\/\/www.aquimicasa.net\/blog\/vivienda\/noticias-mercado-inmobiliario\/la-vivienda-continua-siendo-el-principal-problema-de-los-espanoles\/\" \/>\n<meta property=\"og:site_name\" content=\"Blog de aquimicasa.net\" \/>\n<meta property=\"article:publisher\" content=\"https:\/\/www.facebook.com\/aquimicasa.net\" \/>\n<meta property=\"article:published_time\" content=\"2025-07-11T21:13:53+00:00\" \/>\n<meta property=\"article:modified_time\" content=\"2025-07-11T21:24:42+00:00\" \/>\n<meta property=\"og:image\" content=\"https:\/\/www.aquimicasa.net\/blog\/wp-content\/uploads\/dinero-y-casa-5-e1751016806616.jpg\" \/>\n\t<meta property=\"og:image:width\" content=\"500\" \/>\n\t<meta property=\"og:image:height\" content=\"334\" \/>\n\t<meta property=\"og:image:type\" content=\"image\/jpeg\" \/>\n<meta name=\"author\" content=\"Eduardo Lizarraga\" \/>\n<meta name=\"twitter:label1\" content=\"Escrito por\" \/>\n\t<meta name=\"twitter:data1\" content=\"Eduardo Lizarraga\" \/>\n\t<meta name=\"twitter:label2\" content=\"Tiempo de lectura\" \/>\n\t<meta name=\"twitter:data2\" content=\"5 minutos\" \/>\n<script type=\"application\/ld+json\" class=\"yoast-schema-graph\">{\"@context\":\"https:\\\/\\\/schema.org\",\"@graph\":[{\"@type\":\"Article\",\"@id\":\"https:\\\/\\\/www.aquimicasa.net\\\/blog\\\/vivienda\\\/noticias-mercado-inmobiliario\\\/la-vivienda-continua-siendo-el-principal-problema-de-los-espanoles\\\/#article\",\"isPartOf\":{\"@id\":\"https:\\\/\\\/www.aquimicasa.net\\\/blog\\\/vivienda\\\/noticias-mercado-inmobiliario\\\/la-vivienda-continua-siendo-el-principal-problema-de-los-espanoles\\\/\"},\"author\":{\"name\":\"Eduardo Lizarraga\",\"@id\":\"https:\\\/\\\/www.aquimicasa.net\\\/blog\\\/#\\\/schema\\\/person\\\/2cdfa2605534583395c8d7ce1d6cac14\"},\"headline\":\"La vivienda contin\u00faa siendo el principal problema de los espa\u00f1oles\",\"datePublished\":\"2025-07-11T21:13:53+00:00\",\"dateModified\":\"2025-07-11T21:24:42+00:00\",\"mainEntityOfPage\":{\"@id\":\"https:\\\/\\\/www.aquimicasa.net\\\/blog\\\/vivienda\\\/noticias-mercado-inmobiliario\\\/la-vivienda-continua-siendo-el-principal-problema-de-los-espanoles\\\/\"},\"wordCount\":1212,\"publisher\":{\"@id\":\"https:\\\/\\\/www.aquimicasa.net\\\/blog\\\/#organization\"},\"image\":{\"@id\":\"https:\\\/\\\/www.aquimicasa.net\\\/blog\\\/vivienda\\\/noticias-mercado-inmobiliario\\\/la-vivienda-continua-siendo-el-principal-problema-de-los-espanoles\\\/#primaryimage\"},\"thumbnailUrl\":\"https:\\\/\\\/www.aquimicasa.net\\\/blog\\\/wp-content\\\/uploads\\\/dinero-y-casa-5-e1751016806616.jpg\",\"keywords\":[\"newsletter 522\"],\"articleSection\":[\"Noticias Mercado Inmobiliario\"],\"inLanguage\":\"es\"},{\"@type\":\"WebPage\",\"@id\":\"https:\\\/\\\/www.aquimicasa.net\\\/blog\\\/vivienda\\\/noticias-mercado-inmobiliario\\\/la-vivienda-continua-siendo-el-principal-problema-de-los-espanoles\\\/\",\"url\":\"https:\\\/\\\/www.aquimicasa.net\\\/blog\\\/vivienda\\\/noticias-mercado-inmobiliario\\\/la-vivienda-continua-siendo-el-principal-problema-de-los-espanoles\\\/\",\"name\":\"La vivienda contin\u00faa siendo el principal problema de los espa\u00f1oles\",\"isPartOf\":{\"@id\":\"https:\\\/\\\/www.aquimicasa.net\\\/blog\\\/#website\"},\"primaryImageOfPage\":{\"@id\":\"https:\\\/\\\/www.aquimicasa.net\\\/blog\\\/vivienda\\\/noticias-mercado-inmobiliario\\\/la-vivienda-continua-siendo-el-principal-problema-de-los-espanoles\\\/#primaryimage\"},\"image\":{\"@id\":\"https:\\\/\\\/www.aquimicasa.net\\\/blog\\\/vivienda\\\/noticias-mercado-inmobiliario\\\/la-vivienda-continua-siendo-el-principal-problema-de-los-espanoles\\\/#primaryimage\"},\"thumbnailUrl\":\"https:\\\/\\\/www.aquimicasa.net\\\/blog\\\/wp-content\\\/uploads\\\/dinero-y-casa-5-e1751016806616.jpg\",\"datePublished\":\"2025-07-11T21:13:53+00:00\",\"dateModified\":\"2025-07-11T21:24:42+00:00\",\"description\":\"El CIS muestra que las menciones a la corrupci\u00f3n se han disparado hasta un preocupante 25,3%, una cifra que no se alcanzaba desde 2019.\",\"breadcrumb\":{\"@id\":\"https:\\\/\\\/www.aquimicasa.net\\\/blog\\\/vivienda\\\/noticias-mercado-inmobiliario\\\/la-vivienda-continua-siendo-el-principal-problema-de-los-espanoles\\\/#breadcrumb\"},\"inLanguage\":\"es\",\"potentialAction\":[{\"@type\":\"ReadAction\",\"target\":[\"https:\\\/\\\/www.aquimicasa.net\\\/blog\\\/vivienda\\\/noticias-mercado-inmobiliario\\\/la-vivienda-continua-siendo-el-principal-problema-de-los-espanoles\\\/\"]}]},{\"@type\":\"ImageObject\",\"inLanguage\":\"es\",\"@id\":\"https:\\\/\\\/www.aquimicasa.net\\\/blog\\\/vivienda\\\/noticias-mercado-inmobiliario\\\/la-vivienda-continua-siendo-el-principal-problema-de-los-espanoles\\\/#primaryimage\",\"url\":\"https:\\\/\\\/www.aquimicasa.net\\\/blog\\\/wp-content\\\/uploads\\\/dinero-y-casa-5-e1751016806616.jpg\",\"contentUrl\":\"https:\\\/\\\/www.aquimicasa.net\\\/blog\\\/wp-content\\\/uploads\\\/dinero-y-casa-5-e1751016806616.jpg\",\"width\":500,\"height\":334,\"caption\":\"Espa\u00f1a es el cuarto pa\u00eds de la UE en incremento de precio de la vivienda\"},{\"@type\":\"BreadcrumbList\",\"@id\":\"https:\\\/\\\/www.aquimicasa.net\\\/blog\\\/vivienda\\\/noticias-mercado-inmobiliario\\\/la-vivienda-continua-siendo-el-principal-problema-de-los-espanoles\\\/#breadcrumb\",\"itemListElement\":[{\"@type\":\"ListItem\",\"position\":1,\"name\":\"Portada\",\"item\":\"https:\\\/\\\/www.aquimicasa.net\\\/blog\\\/\"},{\"@type\":\"ListItem\",\"position\":2,\"name\":\"La vivienda contin\u00faa siendo el principal problema de los espa\u00f1oles\"}]},{\"@type\":\"WebSite\",\"@id\":\"https:\\\/\\\/www.aquimicasa.net\\\/blog\\\/#website\",\"url\":\"https:\\\/\\\/www.aquimicasa.net\\\/blog\\\/\",\"name\":\"Blog de aquimicasa.net\",\"description\":\"Noticias del Mundo Inmobiliario\",\"publisher\":{\"@id\":\"https:\\\/\\\/www.aquimicasa.net\\\/blog\\\/#organization\"},\"potentialAction\":[{\"@type\":\"SearchAction\",\"target\":{\"@type\":\"EntryPoint\",\"urlTemplate\":\"https:\\\/\\\/www.aquimicasa.net\\\/blog\\\/?s={search_term_string}\"},\"query-input\":{\"@type\":\"PropertyValueSpecification\",\"valueRequired\":true,\"valueName\":\"search_term_string\"}}],\"inLanguage\":\"es\"},{\"@type\":\"Organization\",\"@id\":\"https:\\\/\\\/www.aquimicasa.net\\\/blog\\\/#organization\",\"name\":\"Blog de aquimicasa.net\",\"url\":\"https:\\\/\\\/www.aquimicasa.net\\\/blog\\\/\",\"logo\":{\"@type\":\"ImageObject\",\"inLanguage\":\"es\",\"@id\":\"https:\\\/\\\/www.aquimicasa.net\\\/blog\\\/#\\\/schema\\\/logo\\\/image\\\/\",\"url\":\"https:\\\/\\\/www.aquimicasa.net\\\/blog\\\/wp-content\\\/uploads\\\/Logo-aquimicasa-1-e1528048213782.png\",\"contentUrl\":\"https:\\\/\\\/www.aquimicasa.net\\\/blog\\\/wp-content\\\/uploads\\\/Logo-aquimicasa-1-e1528048213782.png\",\"width\":225,\"height\":225,\"caption\":\"Blog de aquimicasa.net\"},\"image\":{\"@id\":\"https:\\\/\\\/www.aquimicasa.net\\\/blog\\\/#\\\/schema\\\/logo\\\/image\\\/\"},\"sameAs\":[\"https:\\\/\\\/www.facebook.com\\\/aquimicasa.net\",\"https:\\\/\\\/www.instagram.com\\\/\",\"https:\\\/\\\/x.com\\\/EduLizarragaD\",\"https:\\\/\\\/www.linkedin.com\\\/feed\\\/\"]},{\"@type\":\"Person\",\"@id\":\"https:\\\/\\\/www.aquimicasa.net\\\/blog\\\/#\\\/schema\\\/person\\\/2cdfa2605534583395c8d7ce1d6cac14\",\"name\":\"Eduardo Lizarraga\",\"image\":{\"@type\":\"ImageObject\",\"inLanguage\":\"es\",\"@id\":\"https:\\\/\\\/secure.gravatar.com\\\/avatar\\\/bdabe1eeeed97b65a9cb7de2edd624b07995f7e13abc5fead15961f745f908cc?s=96&d=mm&r=g\",\"url\":\"https:\\\/\\\/secure.gravatar.com\\\/avatar\\\/bdabe1eeeed97b65a9cb7de2edd624b07995f7e13abc5fead15961f745f908cc?s=96&d=mm&r=g\",\"contentUrl\":\"https:\\\/\\\/secure.gravatar.com\\\/avatar\\\/bdabe1eeeed97b65a9cb7de2edd624b07995f7e13abc5fead15961f745f908cc?s=96&d=mm&r=g\",\"caption\":\"Eduardo Lizarraga\"},\"description\":\"Periodista Econ\u00f3mico. Ha trabajado en diversos campos de la informaci\u00f3n. Corresponsal en conflictos, analista pol\u00edtico en Congreso y Senado, periodista del medio ambiente, editor, director editorial, director de comunicaci\u00f3n.... En estos momentos se ha especializado en el sector inmobiliario. Pero tambi\u00e9n es navegante y viajero, preocupado por la pobreza, el medio ambiente y por las actuaciones descontroladas del neoliberalismo empresarial y pol\u00edtico en todo el mundo. Los desahucios, la pobreza infantil y la falta de acceso a los suministros b\u00e1sicos son algunos de los grandes dramas de nuestra sociedad y que es preciso solucionar para hacerla m\u00e1s justa. CEO en www.aquimicasa.net\",\"sameAs\":[\"https:\\\/\\\/www.aquimicasa.net\\\/\"],\"url\":\"https:\\\/\\\/www.aquimicasa.net\\\/blog\\\/author\\\/eduardo\\\/\"}]}<\/script>\n<!-- \/ Yoast SEO plugin. -->","yoast_head_json":{"title":"La vivienda contin\u00faa siendo el principal problema de los espa\u00f1oles","description":"El CIS muestra que las menciones a la corrupci\u00f3n se han disparado hasta un preocupante 25,3%, una cifra que no se alcanzaba desde 2019.","robots":{"index":"index","follow":"follow","max-snippet":"max-snippet:-1","max-image-preview":"max-image-preview:large","max-video-preview":"max-video-preview:-1"},"canonical":"https:\/\/www.aquimicasa.net\/blog\/vivienda\/noticias-mercado-inmobiliario\/la-vivienda-continua-siendo-el-principal-problema-de-los-espanoles\/","og_locale":"es_ES","og_type":"article","og_title":"La vivienda contin\u00faa siendo el principal problema de los espa\u00f1oles","og_description":"El CIS muestra que las menciones a la corrupci\u00f3n se han disparado hasta un preocupante 25,3%, una cifra que no se alcanzaba desde 2019.","og_url":"https:\/\/www.aquimicasa.net\/blog\/vivienda\/noticias-mercado-inmobiliario\/la-vivienda-continua-siendo-el-principal-problema-de-los-espanoles\/","og_site_name":"Blog de aquimicasa.net","article_publisher":"https:\/\/www.facebook.com\/aquimicasa.net","article_published_time":"2025-07-11T21:13:53+00:00","article_modified_time":"2025-07-11T21:24:42+00:00","og_image":[{"width":500,"height":334,"url":"https:\/\/www.aquimicasa.net\/blog\/wp-content\/uploads\/dinero-y-casa-5-e1751016806616.jpg","type":"image\/jpeg"}],"author":"Eduardo Lizarraga","twitter_misc":{"Escrito por":"Eduardo Lizarraga","Tiempo de lectura":"5 minutos"},"schema":{"@context":"https:\/\/schema.org","@graph":[{"@type":"Article","@id":"https:\/\/www.aquimicasa.net\/blog\/vivienda\/noticias-mercado-inmobiliario\/la-vivienda-continua-siendo-el-principal-problema-de-los-espanoles\/#article","isPartOf":{"@id":"https:\/\/www.aquimicasa.net\/blog\/vivienda\/noticias-mercado-inmobiliario\/la-vivienda-continua-siendo-el-principal-problema-de-los-espanoles\/"},"author":{"name":"Eduardo Lizarraga","@id":"https:\/\/www.aquimicasa.net\/blog\/#\/schema\/person\/2cdfa2605534583395c8d7ce1d6cac14"},"headline":"La vivienda contin\u00faa siendo el principal problema de los espa\u00f1oles","datePublished":"2025-07-11T21:13:53+00:00","dateModified":"2025-07-11T21:24:42+00:00","mainEntityOfPage":{"@id":"https:\/\/www.aquimicasa.net\/blog\/vivienda\/noticias-mercado-inmobiliario\/la-vivienda-continua-siendo-el-principal-problema-de-los-espanoles\/"},"wordCount":1212,"publisher":{"@id":"https:\/\/www.aquimicasa.net\/blog\/#organization"},"image":{"@id":"https:\/\/www.aquimicasa.net\/blog\/vivienda\/noticias-mercado-inmobiliario\/la-vivienda-continua-siendo-el-principal-problema-de-los-espanoles\/#primaryimage"},"thumbnailUrl":"https:\/\/www.aquimicasa.net\/blog\/wp-content\/uploads\/dinero-y-casa-5-e1751016806616.jpg","keywords":["newsletter 522"],"articleSection":["Noticias Mercado Inmobiliario"],"inLanguage":"es"},{"@type":"WebPage","@id":"https:\/\/www.aquimicasa.net\/blog\/vivienda\/noticias-mercado-inmobiliario\/la-vivienda-continua-siendo-el-principal-problema-de-los-espanoles\/","url":"https:\/\/www.aquimicasa.net\/blog\/vivienda\/noticias-mercado-inmobiliario\/la-vivienda-continua-siendo-el-principal-problema-de-los-espanoles\/","name":"La vivienda contin\u00faa siendo el principal problema de los espa\u00f1oles","isPartOf":{"@id":"https:\/\/www.aquimicasa.net\/blog\/#website"},"primaryImageOfPage":{"@id":"https:\/\/www.aquimicasa.net\/blog\/vivienda\/noticias-mercado-inmobiliario\/la-vivienda-continua-siendo-el-principal-problema-de-los-espanoles\/#primaryimage"},"image":{"@id":"https:\/\/www.aquimicasa.net\/blog\/vivienda\/noticias-mercado-inmobiliario\/la-vivienda-continua-siendo-el-principal-problema-de-los-espanoles\/#primaryimage"},"thumbnailUrl":"https:\/\/www.aquimicasa.net\/blog\/wp-content\/uploads\/dinero-y-casa-5-e1751016806616.jpg","datePublished":"2025-07-11T21:13:53+00:00","dateModified":"2025-07-11T21:24:42+00:00","description":"El CIS muestra que las menciones a la corrupci\u00f3n se han disparado hasta un preocupante 25,3%, una cifra que no se alcanzaba desde 2019.","breadcrumb":{"@id":"https:\/\/www.aquimicasa.net\/blog\/vivienda\/noticias-mercado-inmobiliario\/la-vivienda-continua-siendo-el-principal-problema-de-los-espanoles\/#breadcrumb"},"inLanguage":"es","potentialAction":[{"@type":"ReadAction","target":["https:\/\/www.aquimicasa.net\/blog\/vivienda\/noticias-mercado-inmobiliario\/la-vivienda-continua-siendo-el-principal-problema-de-los-espanoles\/"]}]},{"@type":"ImageObject","inLanguage":"es","@id":"https:\/\/www.aquimicasa.net\/blog\/vivienda\/noticias-mercado-inmobiliario\/la-vivienda-continua-siendo-el-principal-problema-de-los-espanoles\/#primaryimage","url":"https:\/\/www.aquimicasa.net\/blog\/wp-content\/uploads\/dinero-y-casa-5-e1751016806616.jpg","contentUrl":"https:\/\/www.aquimicasa.net\/blog\/wp-content\/uploads\/dinero-y-casa-5-e1751016806616.jpg","width":500,"height":334,"caption":"Espa\u00f1a es el cuarto pa\u00eds de la UE en incremento de precio de la vivienda"},{"@type":"BreadcrumbList","@id":"https:\/\/www.aquimicasa.net\/blog\/vivienda\/noticias-mercado-inmobiliario\/la-vivienda-continua-siendo-el-principal-problema-de-los-espanoles\/#breadcrumb","itemListElement":[{"@type":"ListItem","position":1,"name":"Portada","item":"https:\/\/www.aquimicasa.net\/blog\/"},{"@type":"ListItem","position":2,"name":"La vivienda contin\u00faa siendo el principal problema de los espa\u00f1oles"}]},{"@type":"WebSite","@id":"https:\/\/www.aquimicasa.net\/blog\/#website","url":"https:\/\/www.aquimicasa.net\/blog\/","name":"Blog de aquimicasa.net","description":"Noticias del Mundo Inmobiliario","publisher":{"@id":"https:\/\/www.aquimicasa.net\/blog\/#organization"},"potentialAction":[{"@type":"SearchAction","target":{"@type":"EntryPoint","urlTemplate":"https:\/\/www.aquimicasa.net\/blog\/?s={search_term_string}"},"query-input":{"@type":"PropertyValueSpecification","valueRequired":true,"valueName":"search_term_string"}}],"inLanguage":"es"},{"@type":"Organization","@id":"https:\/\/www.aquimicasa.net\/blog\/#organization","name":"Blog de aquimicasa.net","url":"https:\/\/www.aquimicasa.net\/blog\/","logo":{"@type":"ImageObject","inLanguage":"es","@id":"https:\/\/www.aquimicasa.net\/blog\/#\/schema\/logo\/image\/","url":"https:\/\/www.aquimicasa.net\/blog\/wp-content\/uploads\/Logo-aquimicasa-1-e1528048213782.png","contentUrl":"https:\/\/www.aquimicasa.net\/blog\/wp-content\/uploads\/Logo-aquimicasa-1-e1528048213782.png","width":225,"height":225,"caption":"Blog de aquimicasa.net"},"image":{"@id":"https:\/\/www.aquimicasa.net\/blog\/#\/schema\/logo\/image\/"},"sameAs":["https:\/\/www.facebook.com\/aquimicasa.net","https:\/\/www.instagram.com\/","https:\/\/x.com\/EduLizarragaD","https:\/\/www.linkedin.com\/feed\/"]},{"@type":"Person","@id":"https:\/\/www.aquimicasa.net\/blog\/#\/schema\/person\/2cdfa2605534583395c8d7ce1d6cac14","name":"Eduardo Lizarraga","image":{"@type":"ImageObject","inLanguage":"es","@id":"https:\/\/secure.gravatar.com\/avatar\/bdabe1eeeed97b65a9cb7de2edd624b07995f7e13abc5fead15961f745f908cc?s=96&d=mm&r=g","url":"https:\/\/secure.gravatar.com\/avatar\/bdabe1eeeed97b65a9cb7de2edd624b07995f7e13abc5fead15961f745f908cc?s=96&d=mm&r=g","contentUrl":"https:\/\/secure.gravatar.com\/avatar\/bdabe1eeeed97b65a9cb7de2edd624b07995f7e13abc5fead15961f745f908cc?s=96&d=mm&r=g","caption":"Eduardo Lizarraga"},"description":"Periodista Econ\u00f3mico. Ha trabajado en diversos campos de la informaci\u00f3n. Corresponsal en conflictos, analista pol\u00edtico en Congreso y Senado, periodista del medio ambiente, editor, director editorial, director de comunicaci\u00f3n.... En estos momentos se ha especializado en el sector inmobiliario. Pero tambi\u00e9n es navegante y viajero, preocupado por la pobreza, el medio ambiente y por las actuaciones descontroladas del neoliberalismo empresarial y pol\u00edtico en todo el mundo. Los desahucios, la pobreza infantil y la falta de acceso a los suministros b\u00e1sicos son algunos de los grandes dramas de nuestra sociedad y que es preciso solucionar para hacerla m\u00e1s justa. CEO en www.aquimicasa.net","sameAs":["https:\/\/www.aquimicasa.net\/"],"url":"https:\/\/www.aquimicasa.net\/blog\/author\/eduardo\/"}]}},"jetpack_publicize_connections":[],"jetpack_featured_media_url":"https:\/\/www.aquimicasa.net\/blog\/wp-content\/uploads\/dinero-y-casa-5-e1751016806616.jpg","jetpack_sharing_enabled":true,"jetpack_likes_enabled":true,"_links":{"self":[{"href":"https:\/\/www.aquimicasa.net\/blog\/wp-json\/wp\/v2\/posts\/52230","targetHints":{"allow":["GET"]}}],"collection":[{"href":"https:\/\/www.aquimicasa.net\/blog\/wp-json\/wp\/v2\/posts"}],"about":[{"href":"https:\/\/www.aquimicasa.net\/blog\/wp-json\/wp\/v2\/types\/post"}],"author":[{"embeddable":true,"href":"https:\/\/www.aquimicasa.net\/blog\/wp-json\/wp\/v2\/users\/3"}],"replies":[{"embeddable":true,"href":"https:\/\/www.aquimicasa.net\/blog\/wp-json\/wp\/v2\/comments?post=52230"}],"version-history":[{"count":6,"href":"https:\/\/www.aquimicasa.net\/blog\/wp-json\/wp\/v2\/posts\/52230\/revisions"}],"predecessor-version":[{"id":52238,"href":"https:\/\/www.aquimicasa.net\/blog\/wp-json\/wp\/v2\/posts\/52230\/revisions\/52238"}],"wp:featuredmedia":[{"embeddable":true,"href":"https:\/\/www.aquimicasa.net\/blog\/wp-json\/wp\/v2\/media\/51666"}],"wp:attachment":[{"href":"https:\/\/www.aquimicasa.net\/blog\/wp-json\/wp\/v2\/media?parent=52230"}],"wp:term":[{"taxonomy":"category","embeddable":true,"href":"https:\/\/www.aquimicasa.net\/blog\/wp-json\/wp\/v2\/categories?post=52230"},{"taxonomy":"post_tag","embeddable":true,"href":"https:\/\/www.aquimicasa.net\/blog\/wp-json\/wp\/v2\/tags?post=52230"}],"curies":[{"name":"wp","href":"https:\/\/api.w.org\/{rel}","templated":true}]}}