{"id":52293,"date":"2025-07-14T22:23:29","date_gmt":"2025-07-14T20:23:29","guid":{"rendered":"https:\/\/www.aquimicasa.net\/blog\/?p=52293"},"modified":"2025-07-14T22:23:29","modified_gmt":"2025-07-14T20:23:29","slug":"preocupacion-en-el-foro-europeo-por-la-vivienda","status":"publish","type":"post","link":"https:\/\/www.aquimicasa.net\/blog\/vivienda\/noticias-mercado-inmobiliario\/preocupacion-en-el-foro-europeo-por-la-vivienda\/","title":{"rendered":"\ud83c\udfdb\ufe0f Preocupaci\u00f3n en el Foro Europeo por la vivienda"},"content":{"rendered":"<div class=\"fusion-fullwidth fullwidth-box fusion-builder-row-1 fusion-flex-container nonhundred-percent-fullwidth non-hundred-percent-height-scrolling\" style=\"background-color: rgba(255,255,255,0);background-position: center center;background-repeat: no-repeat;border-width: 0px 0px 0px 0px;border-color:#eae9e9;border-style:solid;\" ><div class=\"fusion-builder-row fusion-row fusion-flex-align-items-flex-start\" style=\"max-width:1144px;margin-left: calc(-4% \/ 2 );margin-right: calc(-4% \/ 2 );\"><div class=\"fusion-layout-column fusion_builder_column fusion-builder-column-0 fusion_builder_column_1_1 1_1 fusion-flex-column\"><div class=\"fusion-column-wrapper fusion-flex-justify-content-flex-start fusion-content-layout-column\" style=\"background-position:left top;background-repeat:no-repeat;-webkit-background-size:cover;-moz-background-size:cover;-o-background-size:cover;background-size:cover;padding: 0px 0px 0px 0px;\"><div class=\"fusion-text fusion-text-1\"><p data-start=\"248\" data-end=\"301\">El acceso a una vivienda digna est\u00e1 dejando de ser un derecho para convertirse en un privilegio. Y aunque lo llevamos denunciando desde hace tiempo, ahora el problema ha cruzado fronteras y ha llegado, por fin, al Parlamento Europeo. All\u00ed, el presidente de la Federaci\u00f3n Nacional de Asociaciones de Agencias Inmobiliarias de Espa\u00f1a (FAI), Jos\u00e9 Mar\u00eda Alfaro, ha expuesto con claridad meridiana que <strong data-start=\"700\" data-end=\"771\">la crisis habitacional en Espa\u00f1a no es coyuntural, sino estructural<\/strong>, y compromete el presente y el futuro de millones de ciudadanos.<\/p>\n<h2 data-start=\"838\" data-end=\"884\">\ud83d\udde3\ufe0f<strong> FAI expone su opini\u00f3n ante la situaci\u00f3n<\/strong><\/h2>\n<p data-start=\"886\" data-end=\"1273\">Durante su intervenci\u00f3n en el foro \u201cSeguridad jur\u00eddica en la adquisici\u00f3n de la vivienda\u201d, celebrado el 3 de julio en Bruselas, Alfaro fue contundente: <strong data-start=\"1037\" data-end=\"1076\">no estamos ante una crisis pasajera<\/strong>, sino frente a un problema enquistado, <strong data-start=\"1116\" data-end=\"1157\">agravado por a\u00f1os de dejadez pol\u00edtica<\/strong> y por haber convertido la vivienda en un activo de inversi\u00f3n en lugar de mantenerla como un derecho constitucional.<\/p>\n<p data-start=\"1275\" data-end=\"1685\">\ud83d\udcc9 El mercado del alquiler est\u00e1 completamente desequilibrado. La demanda crece sin control, mientras que la oferta no solo no aumenta, sino que se retrae d\u00eda tras d\u00eda. Esto est\u00e1 provocando un \u00e9xodo residencial desde los centros urbanos hacia periferias cada vez m\u00e1s lejanas, con el consiguiente <strong data-start=\"1570\" data-end=\"1684\">empeoramiento en la calidad de vida, el encarecimiento del transporte y el acceso limitado a servicios b\u00e1sicos<\/strong>.<\/p>\n<h2 data-start=\"1687\" data-end=\"1723\">\u2696\ufe0f<strong> La falta de seguridad jur\u00eddica<\/strong><\/h2>\n<p data-start=\"1725\" data-end=\"2057\">Uno de los puntos clave del discurso de Alfaro fue la <strong data-start=\"1779\" data-end=\"1818\">inseguridad jur\u00eddica en el alquiler<\/strong>, que est\u00e1 expulsando a los peque\u00f1os propietarios del mercado. En algunas provincias, los procedimientos judiciales por impago se alargan <strong data-start=\"1956\" data-end=\"1975\">m\u00e1s de 30 meses<\/strong>. \u00bfResultado? Miedo, retirada de viviendas y un mercado cada vez m\u00e1s opaco y caro.<\/p>\n<p data-start=\"2059\" data-end=\"2357\">Adem\u00e1s, esta escasez de alquiler <strong data-start=\"2092\" data-end=\"2181\">empuja a muchas personas con capacidad econ\u00f3mica a comprar una vivienda que no desean<\/strong>, simplemente porque no encuentran otra opci\u00f3n razonable. Una situaci\u00f3n que <strong data-start=\"2257\" data-end=\"2295\">distorsiona el mercado hipotecario<\/strong> y genera frustraci\u00f3n entre quienes simplemente quieren vivir.<\/p>\n<h2 data-start=\"2359\" data-end=\"2446\">\ud83d\udea7<strong> Escasa construcci\u00f3n de vivienda asequible y un reducido parque de vivienda social<\/strong><\/h2>\n<p data-start=\"2448\" data-end=\"2543\">El presidente de FAI tambi\u00e9n puso el dedo en la llaga de las causas estructurales. Entre ellas:<\/p>\n<ul data-start=\"2545\" data-end=\"2896\">\n<li data-start=\"2545\" data-end=\"2618\">\n<p data-start=\"2547\" data-end=\"2618\"><strong data-start=\"2547\" data-end=\"2589\">Un d\u00e9ficit de m\u00e1s de 600.000 viviendas<\/strong> acumulado desde hace a\u00f1os.<\/p>\n<\/li>\n<li data-start=\"2619\" data-end=\"2701\">\n<p data-start=\"2621\" data-end=\"2701\"><strong data-start=\"2621\" data-end=\"2663\">Escasa promoci\u00f3n de vivienda asequible<\/strong>, especialmente en grandes ciudades.<\/p>\n<\/li>\n<li data-start=\"2702\" data-end=\"2820\">\n<p data-start=\"2704\" data-end=\"2820\"><strong data-start=\"2704\" data-end=\"2746\">Un parque p\u00fablico de vivienda rid\u00edculo<\/strong>, que apenas alcanza el 1,5 % en Espa\u00f1a, frente al 9 % de media europea.<\/p>\n<\/li>\n<li data-start=\"2821\" data-end=\"2896\">\n<p data-start=\"2823\" data-end=\"2896\"><strong data-start=\"2823\" data-end=\"2850\">Una fiscalidad excesiva<\/strong> sobre la transmisi\u00f3n de la vivienda habitual.<\/p>\n<\/li>\n<\/ul>\n<p data-start=\"2898\" data-end=\"3108\">\ud83c\udfd7\ufe0f \u00bfY qu\u00e9 se ha hecho al respecto? Poco, muy poco. Porque mientras se habla mucho, <strong data-start=\"2982\" data-end=\"3026\">la construcci\u00f3n p\u00fablica sigue paralizada<\/strong>, los incentivos se diluyen en burocracia y el mercado hace y deshace a su antojo.<\/p>\n<h2 data-start=\"3110\" data-end=\"3159\">\ud83e\udde9 <strong>Tres mesas debate para analizar el problema<\/strong><\/h2>\n<p data-start=\"3161\" data-end=\"3314\">El foro, organizado por el Grupo Prensamedia, reuni\u00f3 a europarlamentarios, expertos y representantes del sector inmobiliario en <strong data-start=\"3289\" data-end=\"3313\">tres mesas de debate<\/strong>:<\/p>\n<h3 data-start=\"3316\" data-end=\"3337\">1\ufe0f\u20e3 <strong>Mesa pol\u00edtica<\/strong><\/h3>\n<p data-start=\"3339\" data-end=\"3547\">Conformada por los eurodiputados <strong data-start=\"3372\" data-end=\"3395\">Borja Gim\u00e9nez (PPE)<\/strong>, <strong data-start=\"3397\" data-end=\"3435\">Oihane Agirregoitia (Renew Europe)<\/strong> y <strong data-start=\"3438\" data-end=\"3459\">Alicia Homs (S&amp;D)<\/strong>, quienes abordaron la situaci\u00f3n desde el punto de vista legislativo europeo y nacional.<\/p>\n<h3 data-start=\"3549\" data-end=\"3571\">2\ufe0f\u20e3 <strong>Mesa sectorial<\/strong><\/h3>\n<p data-start=\"3573\" data-end=\"3851\">En ella participaron <strong data-start=\"3594\" data-end=\"3621\">Jos\u00e9 Mar\u00eda Alfaro (FAI)<\/strong>, <strong data-start=\"3623\" data-end=\"3695\">Ignacio Men\u00e9ndez-Mor\u00e1n (Asociaci\u00f3n Espa\u00f1ola de Brokers Hipotecarios)<\/strong>, <strong data-start=\"3697\" data-end=\"3727\">Pablo Casanova (DreamsKey)<\/strong> y <strong data-start=\"3730\" data-end=\"3786\">Marta Mar\u00edn (delegada del Gobierno Vasco para la UE)<\/strong>. Fue, sin duda, la m\u00e1s cr\u00edtica con el estado actual del mercado.<\/p>\n<h3 data-start=\"3853\" data-end=\"3873\">3\ufe0f\u20e3<strong> Mesa t\u00e9cnica<\/strong><\/h3>\n<p data-start=\"3875\" data-end=\"4182\">Formada por <strong data-start=\"3887\" data-end=\"3950\">Tatiana M\u00e1rquez Uriarte (Comisi\u00f3n sobre Vivienda Asequible)<\/strong>, <strong data-start=\"3952\" data-end=\"4007\">Enrique Maside (Colegio de Registradores de Espa\u00f1a)<\/strong>, <strong data-start=\"4009\" data-end=\"4031\">Javier Bur\u00f3n (AVS)<\/strong> y <strong data-start=\"4034\" data-end=\"4068\">Juan Manuel Revuelta (Finnova)<\/strong>. Aqu\u00ed se expusieron propuestas para impulsar la colaboraci\u00f3n p\u00fablico-privada y actualizar el parque inmobiliario.<\/p>\n<h2 data-start=\"4184\" data-end=\"4235\">\ud83e\udded<strong> Dejarlo en manos del mercado no es una opci\u00f3n<\/strong><\/h2>\n<p data-start=\"4237\" data-end=\"4512\">\ud83d\udce2 El mensaje fue claro: <strong data-start=\"4262\" data-end=\"4355\">la vivienda no puede seguir siendo reh\u00e9n del cortoplacismo ni del enfrentamiento pol\u00edtico<\/strong>. Alfaro apel\u00f3 al sentido com\u00fan y al compromiso pol\u00edtico real para afrontar la emergencia habitacional. Tambi\u00e9n hizo un llamamiento a Europa para avanzar en:<\/p>\n<ul data-start=\"4514\" data-end=\"4807\">\n<li data-start=\"4514\" data-end=\"4566\">\n<p data-start=\"4516\" data-end=\"4566\">Una <strong data-start=\"4520\" data-end=\"4565\">armonizaci\u00f3n de las pol\u00edticas de vivienda<\/strong>.<\/p>\n<\/li>\n<li data-start=\"4567\" data-end=\"4632\">\n<p data-start=\"4569\" data-end=\"4632\">La integraci\u00f3n de la <strong data-start=\"4590\" data-end=\"4631\">movilidad, el urbanismo y la vivienda<\/strong>.<\/p>\n<\/li>\n<li data-start=\"4633\" data-end=\"4724\">\n<p data-start=\"4635\" data-end=\"4724\">Un <strong data-start=\"4638\" data-end=\"4657\">pacto de Estado<\/strong>, alejado de ideolog\u00edas, que <strong data-start=\"4686\" data-end=\"4723\">ponga a las personas en el centro<\/strong>.<\/p>\n<\/li>\n<li data-start=\"4725\" data-end=\"4807\">\n<p data-start=\"4727\" data-end=\"4807\"><strong data-start=\"4727\" data-end=\"4760\">M\u00e1s inversi\u00f3n p\u00fablica directa<\/strong> en vivienda, no solo incentivos para terceros.<\/p>\n<\/li>\n<\/ul>\n<p data-start=\"4809\" data-end=\"5015\">La realidad es esta: <strong data-start=\"4830\" data-end=\"4897\">no se puede seguir fingiendo que el mercado lo solucionar\u00e1 todo<\/strong>, especialmente cuando ese mercado est\u00e1 controlado por grandes actores con intereses muy alejados del bienestar com\u00fan.<\/p>\n<h2 data-start=\"5022\" data-end=\"5061\">\ud83c\udfc1 <strong>La vivienda: \u00bfderecho o mercanc\u00eda?<\/strong><\/h2>\n<p data-start=\"5063\" data-end=\"5416\">Desde <strong data-start=\"5069\" data-end=\"5083\">Aquimicasa<\/strong>, insistimos en una verdad inc\u00f3moda pero innegable: <strong data-start=\"5135\" data-end=\"5284\">haber permitido que la vivienda sea tratada como una inversi\u00f3n en lugar de un derecho ha sido el mayor error de la pol\u00edtica habitacional espa\u00f1ola<\/strong>. Corregirlo ser\u00e1 costoso, lento y exigir\u00e1 valent\u00eda. Pero seguir por el mismo camino solo nos llevar\u00e1 a una crisis a\u00fan m\u00e1s profunda.<\/p>\n<p data-start=\"5418\" data-end=\"5626\">\ud83d\udcac Mientras tanto, <strong data-start=\"5437\" data-end=\"5487\">la ciudadan\u00eda sigue esperando pol\u00edticas reales<\/strong>, seguridad jur\u00eddica, viviendas asequibles y voluntad de colaboraci\u00f3n entre todas las administraciones. Porque sin vivienda, no hay futuro.<\/p>\n<\/div><\/div><style type=\"text\/css\">.fusion-body .fusion-builder-column-0{width:100% !important;margin-top : 0px;margin-bottom : 0px;}.fusion-builder-column-0 > .fusion-column-wrapper {padding-top : 0px !important;padding-right : 0px !important;margin-right : 1.92%;padding-bottom : 0px !important;padding-left : 0px !important;margin-left : 1.92%;}@media only screen and (max-width:1024px) {.fusion-body .fusion-builder-column-0{width:100% !important;}.fusion-builder-column-0 > .fusion-column-wrapper {margin-right : 1.92%;margin-left : 1.92%;}}@media only screen and (max-width:640px) {.fusion-body .fusion-builder-column-0{width:100% !important;}.fusion-builder-column-0 > .fusion-column-wrapper {margin-right : 1.92%;margin-left : 1.92%;}}<\/style><\/div><\/div><style type=\"text\/css\">.fusion-body .fusion-flex-container.fusion-builder-row-1{ padding-top : 0px;margin-top : 0px;padding-right : 0px;padding-bottom : 0px;margin-bottom : 0px;padding-left : 0px;}<\/style><\/div>\n","protected":false},"excerpt":{"rendered":"<p>El mercado del alquiler est\u00e1 completamente desequilibrado. La demanda crece sin control, mientras que la oferta no solo no aumenta, sino que se retrae d\u00eda tras d\u00eda. Esto est\u00e1 provocando un \u00e9xodo residencial desde los centros urbanos hacia periferias cada vez m\u00e1s lejanas, con el consiguiente empeoramiento en la calidad de vida, el encarecimiento del transporte y el acceso limitado a servicios b\u00e1sicos.<\/p>\n","protected":false},"author":3,"featured_media":46751,"comment_status":"closed","ping_status":"closed","sticky":false,"template":"","format":"standard","meta":{"_jetpack_memberships_contains_paid_content":false,"footnotes":"","jetpack_publicize_message":"","jetpack_publicize_feature_enabled":true,"jetpack_social_post_already_shared":true,"jetpack_social_options":{"image_generator_settings":{"template":"highway","default_image_id":0,"font":"","enabled":false},"version":2}},"categories":[7565],"tags":[8239],"class_list":["post-52293","post","type-post","status-publish","format-standard","has-post-thumbnail","hentry","category-noticias-mercado-inmobiliario","tag-newsletter-522"],"yoast_head":"<!-- This site is optimized with the Yoast SEO plugin v27.5 - https:\/\/yoast.com\/product\/yoast-seo-wordpress\/ -->\n<title>Preocupaci\u00f3n en el Foro Europeo por la vivienda<\/title>\n<meta name=\"description\" content=\"La crisis habitacional en Espa\u00f1a no es coyuntural, sino estructural, y compromete el presente y el futuro de millones de ciudadanos.\" \/>\n<meta name=\"robots\" content=\"index, follow, max-snippet:-1, max-image-preview:large, max-video-preview:-1\" \/>\n<link rel=\"canonical\" href=\"https:\/\/www.aquimicasa.net\/blog\/vivienda\/noticias-mercado-inmobiliario\/preocupacion-en-el-foro-europeo-por-la-vivienda\/\" \/>\n<meta property=\"og:locale\" content=\"es_ES\" \/>\n<meta property=\"og:type\" content=\"article\" \/>\n<meta property=\"og:title\" content=\"Preocupaci\u00f3n en el Foro Europeo por la vivienda\" \/>\n<meta property=\"og:description\" content=\"La crisis habitacional en Espa\u00f1a no es coyuntural, sino estructural, y compromete el presente y el futuro de millones de ciudadanos.\" \/>\n<meta property=\"og:url\" content=\"https:\/\/www.aquimicasa.net\/blog\/vivienda\/noticias-mercado-inmobiliario\/preocupacion-en-el-foro-europeo-por-la-vivienda\/\" \/>\n<meta property=\"og:site_name\" content=\"Blog de aquimicasa.net\" \/>\n<meta property=\"article:publisher\" content=\"https:\/\/www.facebook.com\/aquimicasa.net\" \/>\n<meta property=\"article:published_time\" content=\"2025-07-14T20:23:29+00:00\" \/>\n<meta property=\"og:image\" content=\"https:\/\/www.aquimicasa.net\/blog\/wp-content\/uploads\/Parlamento-europeo-1-e1707075177597.jpg\" \/>\n\t<meta property=\"og:image:width\" content=\"600\" \/>\n\t<meta property=\"og:image:height\" content=\"338\" \/>\n\t<meta property=\"og:image:type\" content=\"image\/jpeg\" \/>\n<meta name=\"author\" content=\"Eduardo Lizarraga\" \/>\n<meta name=\"twitter:label1\" content=\"Escrito por\" \/>\n\t<meta name=\"twitter:data1\" content=\"Eduardo Lizarraga\" \/>\n\t<meta name=\"twitter:label2\" content=\"Tiempo de lectura\" \/>\n\t<meta name=\"twitter:data2\" content=\"4 minutos\" \/>\n<script type=\"application\/ld+json\" class=\"yoast-schema-graph\">{\"@context\":\"https:\\\/\\\/schema.org\",\"@graph\":[{\"@type\":\"Article\",\"@id\":\"https:\\\/\\\/www.aquimicasa.net\\\/blog\\\/vivienda\\\/noticias-mercado-inmobiliario\\\/preocupacion-en-el-foro-europeo-por-la-vivienda\\\/#article\",\"isPartOf\":{\"@id\":\"https:\\\/\\\/www.aquimicasa.net\\\/blog\\\/vivienda\\\/noticias-mercado-inmobiliario\\\/preocupacion-en-el-foro-europeo-por-la-vivienda\\\/\"},\"author\":{\"name\":\"Eduardo Lizarraga\",\"@id\":\"https:\\\/\\\/www.aquimicasa.net\\\/blog\\\/#\\\/schema\\\/person\\\/2cdfa2605534583395c8d7ce1d6cac14\"},\"headline\":\"\ud83c\udfdb\ufe0f Preocupaci\u00f3n en el Foro Europeo por la vivienda\",\"datePublished\":\"2025-07-14T20:23:29+00:00\",\"mainEntityOfPage\":{\"@id\":\"https:\\\/\\\/www.aquimicasa.net\\\/blog\\\/vivienda\\\/noticias-mercado-inmobiliario\\\/preocupacion-en-el-foro-europeo-por-la-vivienda\\\/\"},\"wordCount\":1104,\"publisher\":{\"@id\":\"https:\\\/\\\/www.aquimicasa.net\\\/blog\\\/#organization\"},\"image\":{\"@id\":\"https:\\\/\\\/www.aquimicasa.net\\\/blog\\\/vivienda\\\/noticias-mercado-inmobiliario\\\/preocupacion-en-el-foro-europeo-por-la-vivienda\\\/#primaryimage\"},\"thumbnailUrl\":\"https:\\\/\\\/www.aquimicasa.net\\\/blog\\\/wp-content\\\/uploads\\\/Parlamento-europeo-1-e1707075177597.jpg\",\"keywords\":[\"newsletter 522\"],\"articleSection\":[\"Noticias Mercado Inmobiliario\"],\"inLanguage\":\"es\"},{\"@type\":\"WebPage\",\"@id\":\"https:\\\/\\\/www.aquimicasa.net\\\/blog\\\/vivienda\\\/noticias-mercado-inmobiliario\\\/preocupacion-en-el-foro-europeo-por-la-vivienda\\\/\",\"url\":\"https:\\\/\\\/www.aquimicasa.net\\\/blog\\\/vivienda\\\/noticias-mercado-inmobiliario\\\/preocupacion-en-el-foro-europeo-por-la-vivienda\\\/\",\"name\":\"Preocupaci\u00f3n en el Foro Europeo por la vivienda\",\"isPartOf\":{\"@id\":\"https:\\\/\\\/www.aquimicasa.net\\\/blog\\\/#website\"},\"primaryImageOfPage\":{\"@id\":\"https:\\\/\\\/www.aquimicasa.net\\\/blog\\\/vivienda\\\/noticias-mercado-inmobiliario\\\/preocupacion-en-el-foro-europeo-por-la-vivienda\\\/#primaryimage\"},\"image\":{\"@id\":\"https:\\\/\\\/www.aquimicasa.net\\\/blog\\\/vivienda\\\/noticias-mercado-inmobiliario\\\/preocupacion-en-el-foro-europeo-por-la-vivienda\\\/#primaryimage\"},\"thumbnailUrl\":\"https:\\\/\\\/www.aquimicasa.net\\\/blog\\\/wp-content\\\/uploads\\\/Parlamento-europeo-1-e1707075177597.jpg\",\"datePublished\":\"2025-07-14T20:23:29+00:00\",\"description\":\"La crisis habitacional en Espa\u00f1a no es coyuntural, sino estructural, y compromete el presente y el futuro de millones de ciudadanos.\",\"breadcrumb\":{\"@id\":\"https:\\\/\\\/www.aquimicasa.net\\\/blog\\\/vivienda\\\/noticias-mercado-inmobiliario\\\/preocupacion-en-el-foro-europeo-por-la-vivienda\\\/#breadcrumb\"},\"inLanguage\":\"es\",\"potentialAction\":[{\"@type\":\"ReadAction\",\"target\":[\"https:\\\/\\\/www.aquimicasa.net\\\/blog\\\/vivienda\\\/noticias-mercado-inmobiliario\\\/preocupacion-en-el-foro-europeo-por-la-vivienda\\\/\"]}]},{\"@type\":\"ImageObject\",\"inLanguage\":\"es\",\"@id\":\"https:\\\/\\\/www.aquimicasa.net\\\/blog\\\/vivienda\\\/noticias-mercado-inmobiliario\\\/preocupacion-en-el-foro-europeo-por-la-vivienda\\\/#primaryimage\",\"url\":\"https:\\\/\\\/www.aquimicasa.net\\\/blog\\\/wp-content\\\/uploads\\\/Parlamento-europeo-1-e1707075177597.jpg\",\"contentUrl\":\"https:\\\/\\\/www.aquimicasa.net\\\/blog\\\/wp-content\\\/uploads\\\/Parlamento-europeo-1-e1707075177597.jpg\",\"width\":600,\"height\":338,\"caption\":\"Jornada europea por la vivienda\"},{\"@type\":\"BreadcrumbList\",\"@id\":\"https:\\\/\\\/www.aquimicasa.net\\\/blog\\\/vivienda\\\/noticias-mercado-inmobiliario\\\/preocupacion-en-el-foro-europeo-por-la-vivienda\\\/#breadcrumb\",\"itemListElement\":[{\"@type\":\"ListItem\",\"position\":1,\"name\":\"Portada\",\"item\":\"https:\\\/\\\/www.aquimicasa.net\\\/blog\\\/\"},{\"@type\":\"ListItem\",\"position\":2,\"name\":\"\ud83c\udfdb\ufe0f Preocupaci\u00f3n en el Foro Europeo por la vivienda\"}]},{\"@type\":\"WebSite\",\"@id\":\"https:\\\/\\\/www.aquimicasa.net\\\/blog\\\/#website\",\"url\":\"https:\\\/\\\/www.aquimicasa.net\\\/blog\\\/\",\"name\":\"Blog de aquimicasa.net\",\"description\":\"Noticias del Mundo Inmobiliario\",\"publisher\":{\"@id\":\"https:\\\/\\\/www.aquimicasa.net\\\/blog\\\/#organization\"},\"potentialAction\":[{\"@type\":\"SearchAction\",\"target\":{\"@type\":\"EntryPoint\",\"urlTemplate\":\"https:\\\/\\\/www.aquimicasa.net\\\/blog\\\/?s={search_term_string}\"},\"query-input\":{\"@type\":\"PropertyValueSpecification\",\"valueRequired\":true,\"valueName\":\"search_term_string\"}}],\"inLanguage\":\"es\"},{\"@type\":\"Organization\",\"@id\":\"https:\\\/\\\/www.aquimicasa.net\\\/blog\\\/#organization\",\"name\":\"Blog de aquimicasa.net\",\"url\":\"https:\\\/\\\/www.aquimicasa.net\\\/blog\\\/\",\"logo\":{\"@type\":\"ImageObject\",\"inLanguage\":\"es\",\"@id\":\"https:\\\/\\\/www.aquimicasa.net\\\/blog\\\/#\\\/schema\\\/logo\\\/image\\\/\",\"url\":\"https:\\\/\\\/www.aquimicasa.net\\\/blog\\\/wp-content\\\/uploads\\\/Logo-aquimicasa-1-e1528048213782.png\",\"contentUrl\":\"https:\\\/\\\/www.aquimicasa.net\\\/blog\\\/wp-content\\\/uploads\\\/Logo-aquimicasa-1-e1528048213782.png\",\"width\":225,\"height\":225,\"caption\":\"Blog de aquimicasa.net\"},\"image\":{\"@id\":\"https:\\\/\\\/www.aquimicasa.net\\\/blog\\\/#\\\/schema\\\/logo\\\/image\\\/\"},\"sameAs\":[\"https:\\\/\\\/www.facebook.com\\\/aquimicasa.net\",\"https:\\\/\\\/www.instagram.com\\\/\",\"https:\\\/\\\/x.com\\\/EduLizarragaD\",\"https:\\\/\\\/www.linkedin.com\\\/feed\\\/\"]},{\"@type\":\"Person\",\"@id\":\"https:\\\/\\\/www.aquimicasa.net\\\/blog\\\/#\\\/schema\\\/person\\\/2cdfa2605534583395c8d7ce1d6cac14\",\"name\":\"Eduardo Lizarraga\",\"image\":{\"@type\":\"ImageObject\",\"inLanguage\":\"es\",\"@id\":\"https:\\\/\\\/secure.gravatar.com\\\/avatar\\\/bdabe1eeeed97b65a9cb7de2edd624b07995f7e13abc5fead15961f745f908cc?s=96&d=mm&r=g\",\"url\":\"https:\\\/\\\/secure.gravatar.com\\\/avatar\\\/bdabe1eeeed97b65a9cb7de2edd624b07995f7e13abc5fead15961f745f908cc?s=96&d=mm&r=g\",\"contentUrl\":\"https:\\\/\\\/secure.gravatar.com\\\/avatar\\\/bdabe1eeeed97b65a9cb7de2edd624b07995f7e13abc5fead15961f745f908cc?s=96&d=mm&r=g\",\"caption\":\"Eduardo Lizarraga\"},\"description\":\"Periodista Econ\u00f3mico. Ha trabajado en diversos campos de la informaci\u00f3n. Corresponsal en conflictos, analista pol\u00edtico en Congreso y Senado, periodista del medio ambiente, editor, director editorial, director de comunicaci\u00f3n.... En estos momentos se ha especializado en el sector inmobiliario. Pero tambi\u00e9n es navegante y viajero, preocupado por la pobreza, el medio ambiente y por las actuaciones descontroladas del neoliberalismo empresarial y pol\u00edtico en todo el mundo. Los desahucios, la pobreza infantil y la falta de acceso a los suministros b\u00e1sicos son algunos de los grandes dramas de nuestra sociedad y que es preciso solucionar para hacerla m\u00e1s justa. CEO en www.aquimicasa.net\",\"sameAs\":[\"https:\\\/\\\/www.aquimicasa.net\\\/\"],\"url\":\"https:\\\/\\\/www.aquimicasa.net\\\/blog\\\/author\\\/eduardo\\\/\"}]}<\/script>\n<!-- \/ Yoast SEO plugin. -->","yoast_head_json":{"title":"Preocupaci\u00f3n en el Foro Europeo por la vivienda","description":"La crisis habitacional en Espa\u00f1a no es coyuntural, sino estructural, y compromete el presente y el futuro de millones de ciudadanos.","robots":{"index":"index","follow":"follow","max-snippet":"max-snippet:-1","max-image-preview":"max-image-preview:large","max-video-preview":"max-video-preview:-1"},"canonical":"https:\/\/www.aquimicasa.net\/blog\/vivienda\/noticias-mercado-inmobiliario\/preocupacion-en-el-foro-europeo-por-la-vivienda\/","og_locale":"es_ES","og_type":"article","og_title":"Preocupaci\u00f3n en el Foro Europeo por la vivienda","og_description":"La crisis habitacional en Espa\u00f1a no es coyuntural, sino estructural, y compromete el presente y el futuro de millones de ciudadanos.","og_url":"https:\/\/www.aquimicasa.net\/blog\/vivienda\/noticias-mercado-inmobiliario\/preocupacion-en-el-foro-europeo-por-la-vivienda\/","og_site_name":"Blog de aquimicasa.net","article_publisher":"https:\/\/www.facebook.com\/aquimicasa.net","article_published_time":"2025-07-14T20:23:29+00:00","og_image":[{"width":600,"height":338,"url":"https:\/\/www.aquimicasa.net\/blog\/wp-content\/uploads\/Parlamento-europeo-1-e1707075177597.jpg","type":"image\/jpeg"}],"author":"Eduardo Lizarraga","twitter_misc":{"Escrito por":"Eduardo Lizarraga","Tiempo de lectura":"4 minutos"},"schema":{"@context":"https:\/\/schema.org","@graph":[{"@type":"Article","@id":"https:\/\/www.aquimicasa.net\/blog\/vivienda\/noticias-mercado-inmobiliario\/preocupacion-en-el-foro-europeo-por-la-vivienda\/#article","isPartOf":{"@id":"https:\/\/www.aquimicasa.net\/blog\/vivienda\/noticias-mercado-inmobiliario\/preocupacion-en-el-foro-europeo-por-la-vivienda\/"},"author":{"name":"Eduardo Lizarraga","@id":"https:\/\/www.aquimicasa.net\/blog\/#\/schema\/person\/2cdfa2605534583395c8d7ce1d6cac14"},"headline":"\ud83c\udfdb\ufe0f Preocupaci\u00f3n en el Foro Europeo por la vivienda","datePublished":"2025-07-14T20:23:29+00:00","mainEntityOfPage":{"@id":"https:\/\/www.aquimicasa.net\/blog\/vivienda\/noticias-mercado-inmobiliario\/preocupacion-en-el-foro-europeo-por-la-vivienda\/"},"wordCount":1104,"publisher":{"@id":"https:\/\/www.aquimicasa.net\/blog\/#organization"},"image":{"@id":"https:\/\/www.aquimicasa.net\/blog\/vivienda\/noticias-mercado-inmobiliario\/preocupacion-en-el-foro-europeo-por-la-vivienda\/#primaryimage"},"thumbnailUrl":"https:\/\/www.aquimicasa.net\/blog\/wp-content\/uploads\/Parlamento-europeo-1-e1707075177597.jpg","keywords":["newsletter 522"],"articleSection":["Noticias Mercado Inmobiliario"],"inLanguage":"es"},{"@type":"WebPage","@id":"https:\/\/www.aquimicasa.net\/blog\/vivienda\/noticias-mercado-inmobiliario\/preocupacion-en-el-foro-europeo-por-la-vivienda\/","url":"https:\/\/www.aquimicasa.net\/blog\/vivienda\/noticias-mercado-inmobiliario\/preocupacion-en-el-foro-europeo-por-la-vivienda\/","name":"Preocupaci\u00f3n en el Foro Europeo por la vivienda","isPartOf":{"@id":"https:\/\/www.aquimicasa.net\/blog\/#website"},"primaryImageOfPage":{"@id":"https:\/\/www.aquimicasa.net\/blog\/vivienda\/noticias-mercado-inmobiliario\/preocupacion-en-el-foro-europeo-por-la-vivienda\/#primaryimage"},"image":{"@id":"https:\/\/www.aquimicasa.net\/blog\/vivienda\/noticias-mercado-inmobiliario\/preocupacion-en-el-foro-europeo-por-la-vivienda\/#primaryimage"},"thumbnailUrl":"https:\/\/www.aquimicasa.net\/blog\/wp-content\/uploads\/Parlamento-europeo-1-e1707075177597.jpg","datePublished":"2025-07-14T20:23:29+00:00","description":"La crisis habitacional en Espa\u00f1a no es coyuntural, sino estructural, y compromete el presente y el futuro de millones de ciudadanos.","breadcrumb":{"@id":"https:\/\/www.aquimicasa.net\/blog\/vivienda\/noticias-mercado-inmobiliario\/preocupacion-en-el-foro-europeo-por-la-vivienda\/#breadcrumb"},"inLanguage":"es","potentialAction":[{"@type":"ReadAction","target":["https:\/\/www.aquimicasa.net\/blog\/vivienda\/noticias-mercado-inmobiliario\/preocupacion-en-el-foro-europeo-por-la-vivienda\/"]}]},{"@type":"ImageObject","inLanguage":"es","@id":"https:\/\/www.aquimicasa.net\/blog\/vivienda\/noticias-mercado-inmobiliario\/preocupacion-en-el-foro-europeo-por-la-vivienda\/#primaryimage","url":"https:\/\/www.aquimicasa.net\/blog\/wp-content\/uploads\/Parlamento-europeo-1-e1707075177597.jpg","contentUrl":"https:\/\/www.aquimicasa.net\/blog\/wp-content\/uploads\/Parlamento-europeo-1-e1707075177597.jpg","width":600,"height":338,"caption":"Jornada europea por la vivienda"},{"@type":"BreadcrumbList","@id":"https:\/\/www.aquimicasa.net\/blog\/vivienda\/noticias-mercado-inmobiliario\/preocupacion-en-el-foro-europeo-por-la-vivienda\/#breadcrumb","itemListElement":[{"@type":"ListItem","position":1,"name":"Portada","item":"https:\/\/www.aquimicasa.net\/blog\/"},{"@type":"ListItem","position":2,"name":"\ud83c\udfdb\ufe0f Preocupaci\u00f3n en el Foro Europeo por la vivienda"}]},{"@type":"WebSite","@id":"https:\/\/www.aquimicasa.net\/blog\/#website","url":"https:\/\/www.aquimicasa.net\/blog\/","name":"Blog de aquimicasa.net","description":"Noticias del Mundo Inmobiliario","publisher":{"@id":"https:\/\/www.aquimicasa.net\/blog\/#organization"},"potentialAction":[{"@type":"SearchAction","target":{"@type":"EntryPoint","urlTemplate":"https:\/\/www.aquimicasa.net\/blog\/?s={search_term_string}"},"query-input":{"@type":"PropertyValueSpecification","valueRequired":true,"valueName":"search_term_string"}}],"inLanguage":"es"},{"@type":"Organization","@id":"https:\/\/www.aquimicasa.net\/blog\/#organization","name":"Blog de aquimicasa.net","url":"https:\/\/www.aquimicasa.net\/blog\/","logo":{"@type":"ImageObject","inLanguage":"es","@id":"https:\/\/www.aquimicasa.net\/blog\/#\/schema\/logo\/image\/","url":"https:\/\/www.aquimicasa.net\/blog\/wp-content\/uploads\/Logo-aquimicasa-1-e1528048213782.png","contentUrl":"https:\/\/www.aquimicasa.net\/blog\/wp-content\/uploads\/Logo-aquimicasa-1-e1528048213782.png","width":225,"height":225,"caption":"Blog de aquimicasa.net"},"image":{"@id":"https:\/\/www.aquimicasa.net\/blog\/#\/schema\/logo\/image\/"},"sameAs":["https:\/\/www.facebook.com\/aquimicasa.net","https:\/\/www.instagram.com\/","https:\/\/x.com\/EduLizarragaD","https:\/\/www.linkedin.com\/feed\/"]},{"@type":"Person","@id":"https:\/\/www.aquimicasa.net\/blog\/#\/schema\/person\/2cdfa2605534583395c8d7ce1d6cac14","name":"Eduardo Lizarraga","image":{"@type":"ImageObject","inLanguage":"es","@id":"https:\/\/secure.gravatar.com\/avatar\/bdabe1eeeed97b65a9cb7de2edd624b07995f7e13abc5fead15961f745f908cc?s=96&d=mm&r=g","url":"https:\/\/secure.gravatar.com\/avatar\/bdabe1eeeed97b65a9cb7de2edd624b07995f7e13abc5fead15961f745f908cc?s=96&d=mm&r=g","contentUrl":"https:\/\/secure.gravatar.com\/avatar\/bdabe1eeeed97b65a9cb7de2edd624b07995f7e13abc5fead15961f745f908cc?s=96&d=mm&r=g","caption":"Eduardo Lizarraga"},"description":"Periodista Econ\u00f3mico. Ha trabajado en diversos campos de la informaci\u00f3n. Corresponsal en conflictos, analista pol\u00edtico en Congreso y Senado, periodista del medio ambiente, editor, director editorial, director de comunicaci\u00f3n.... En estos momentos se ha especializado en el sector inmobiliario. Pero tambi\u00e9n es navegante y viajero, preocupado por la pobreza, el medio ambiente y por las actuaciones descontroladas del neoliberalismo empresarial y pol\u00edtico en todo el mundo. Los desahucios, la pobreza infantil y la falta de acceso a los suministros b\u00e1sicos son algunos de los grandes dramas de nuestra sociedad y que es preciso solucionar para hacerla m\u00e1s justa. CEO en www.aquimicasa.net","sameAs":["https:\/\/www.aquimicasa.net\/"],"url":"https:\/\/www.aquimicasa.net\/blog\/author\/eduardo\/"}]}},"jetpack_publicize_connections":[],"jetpack_featured_media_url":"https:\/\/www.aquimicasa.net\/blog\/wp-content\/uploads\/Parlamento-europeo-1-e1707075177597.jpg","jetpack_sharing_enabled":true,"jetpack_likes_enabled":true,"_links":{"self":[{"href":"https:\/\/www.aquimicasa.net\/blog\/wp-json\/wp\/v2\/posts\/52293","targetHints":{"allow":["GET"]}}],"collection":[{"href":"https:\/\/www.aquimicasa.net\/blog\/wp-json\/wp\/v2\/posts"}],"about":[{"href":"https:\/\/www.aquimicasa.net\/blog\/wp-json\/wp\/v2\/types\/post"}],"author":[{"embeddable":true,"href":"https:\/\/www.aquimicasa.net\/blog\/wp-json\/wp\/v2\/users\/3"}],"replies":[{"embeddable":true,"href":"https:\/\/www.aquimicasa.net\/blog\/wp-json\/wp\/v2\/comments?post=52293"}],"version-history":[{"count":2,"href":"https:\/\/www.aquimicasa.net\/blog\/wp-json\/wp\/v2\/posts\/52293\/revisions"}],"predecessor-version":[{"id":52298,"href":"https:\/\/www.aquimicasa.net\/blog\/wp-json\/wp\/v2\/posts\/52293\/revisions\/52298"}],"wp:featuredmedia":[{"embeddable":true,"href":"https:\/\/www.aquimicasa.net\/blog\/wp-json\/wp\/v2\/media\/46751"}],"wp:attachment":[{"href":"https:\/\/www.aquimicasa.net\/blog\/wp-json\/wp\/v2\/media?parent=52293"}],"wp:term":[{"taxonomy":"category","embeddable":true,"href":"https:\/\/www.aquimicasa.net\/blog\/wp-json\/wp\/v2\/categories?post=52293"},{"taxonomy":"post_tag","embeddable":true,"href":"https:\/\/www.aquimicasa.net\/blog\/wp-json\/wp\/v2\/tags?post=52293"}],"curies":[{"name":"wp","href":"https:\/\/api.w.org\/{rel}","templated":true}]}}