{"id":52364,"date":"2025-07-20T20:51:47","date_gmt":"2025-07-20T18:51:47","guid":{"rendered":"https:\/\/www.aquimicasa.net\/blog\/?p=52364"},"modified":"2025-08-29T12:17:57","modified_gmt":"2025-08-29T10:17:57","slug":"se-incrementa-el-suelo-vendido-y-tambien-su-precio","status":"publish","type":"post","link":"https:\/\/www.aquimicasa.net\/blog\/vivienda\/compraventa-de-viviendas\/se-incrementa-el-suelo-vendido-y-tambien-su-precio\/","title":{"rendered":"Se incrementa el suelo vendido y tambi\u00e9n su precio"},"content":{"rendered":"<div class=\"fusion-fullwidth fullwidth-box fusion-builder-row-1 fusion-flex-container nonhundred-percent-fullwidth non-hundred-percent-height-scrolling\" style=\"background-color: rgba(255,255,255,0);background-position: center center;background-repeat: no-repeat;border-width: 0px 0px 0px 0px;border-color:#eae9e9;border-style:solid;\" ><div class=\"fusion-builder-row fusion-row fusion-flex-align-items-flex-start\" style=\"max-width:1144px;margin-left: calc(-4% \/ 2 );margin-right: calc(-4% \/ 2 );\"><div class=\"fusion-layout-column fusion_builder_column fusion-builder-column-0 fusion_builder_column_1_1 1_1 fusion-flex-column\"><div class=\"fusion-column-wrapper fusion-flex-justify-content-flex-start fusion-content-layout-column\" style=\"background-position:left top;background-repeat:no-repeat;-webkit-background-size:cover;-moz-background-size:cover;-o-background-size:cover;background-size:cover;padding: 0px 0px 0px 0px;\"><div class=\"fusion-text fusion-text-1\"><h2><strong>El suelo vendido en el primer trimestre ha aumentado un 21,6% interanual<\/strong><\/h2>\n<p>El sector residencial en ebullici\u00f3n \ud83c\udfd7\ufe0f. Uno de los argumentos que se esgrime de cara al reducido incremento de la oferta de vivienda es la falta de suelo para poder construir. Junto al suelo, se encuentran otros factores como los elevados costes de los materiales, la alta fiscalidad o incluso la escasez de mano de obra para llevar a cabo la construcci\u00f3n. Pues uno de estos factores, el suelo, ha iniciado el a\u00f1o con un importante incremento de ventas, seg\u00fan datos del Ministerio de Vivienda.<\/p>\n<p>Seg\u00fan los datos publicados por el Ministerio de Vivienda y Agenda Urbana dentro de su Observatorio de Vivienda y Suelo, la superficie de suelo objeto de transacci\u00f3n ha alcanzado las 719 hect\u00e1reas en el primer trimestre de 2025, lo que supone un aumento del 21,6% interanual, hasta un valor de 879,8 millones de euros, lo que representa un aumento del 1,5% con respecto al mismo trimestre del a\u00f1o anterior.<\/p>\n<h2><strong>El precio medio del suelo urbano se incrementa un 3,2%<\/strong><\/h2>\n<p>El precio medio del suelo urbano se sit\u00faa en 172,7 euros por metro cuadrado, lo que supone un incremento interanual del 3,2% \ud83d\udcc8. Este dato, aunque moderado, confirma que el encarecimiento del suelo no se detiene, lo que a su vez tiene un impacto directo sobre el precio final de la vivienda.<\/p>\n<p>Este fen\u00f3meno se produce en un contexto de elevada demanda, en el que la vivienda sigue funcionando como un refugio de inversi\u00f3n, tanto para grandes fondos como para peque\u00f1os ahorradores. A esto hay que sumar el crecimiento constante del mercado de segundas residencias, especialmente por parte de compradores extranjeros \ud83c\udfd6\ufe0f que buscan inmuebles en la costa espa\u00f1ola. Y por si fuera poco, la rentabilidad de la vivienda tur\u00edstica sigue siendo un aliciente para el peque\u00f1o inversor nacional.<\/p>\n<h2><strong>El n\u00famero de viviendas iniciadas asciende un 11,5% interanual<\/strong><\/h2>\n<p>Durante el primer trimestre de 2025, se han iniciado 34.416 viviendas, lo que supone un aumento interanual del 11,5%. Este es el mayor dato de un primer trimestre desde 2009. Es un crecimiento importante que demuestra el inter\u00e9s del sector promotor por responder a la demanda. Sin embargo, este esfuerzo no es suficiente para equilibrar el mercado.<\/p>\n<h2><strong>Disminuye el n\u00famero de viviendas puestas en el mercado<\/strong><\/h2>\n<p>Frente al crecimiento de las obras iniciadas, se encuentra un dato preocupante: el n\u00famero de viviendas libres terminadas ha ca\u00eddo un 7,9% respecto al mismo periodo del a\u00f1o anterior, alcanzando las 18.642 unidades. Esta descompensaci\u00f3n entre viviendas iniciadas y terminadas apunta a problemas en la ejecuci\u00f3n de los proyectos, ya sea por retrasos, costes o trabas administrativas.<\/p>\n<p>Adem\u00e1s, aunque se han concedido 2.497 calificaciones definitivas y 3.237 provisionales de vivienda protegida, este volumen sigue siendo claramente insuficiente frente a la magnitud del problema.<\/p>\n<h3><strong>Construcci\u00f3n insuficiente y demanda sin freno<\/strong><\/h3>\n<p>El gran problema estructural del mercado residencial espa\u00f1ol sigue siendo el mismo: no se construye suficiente vivienda asequible. La combinaci\u00f3n de encarecimiento del suelo, presi\u00f3n fiscal y rentabilidades orientadas al lujo o al turismo dejan fuera del mercado a una amplia mayor\u00eda social.<\/p>\n<p>La falta de una estrategia nacional clara y sostenida en el tiempo para promover vivienda p\u00fablica y social en cantidad suficiente impide que se reduzcan las tensiones del mercado. Y mientras tanto, las compras de vivienda para uso tur\u00edstico y de segunda residencia por parte de extranjeros siguen creciendo \ud83e\uddf3.<\/p>\n<p>El resultado es un mercado desequilibrado, donde los precios se mantienen elevados y la oferta se concentra en segmentos de alto poder adquisitivo. Sin una correcci\u00f3n de esta din\u00e1mica, el acceso a la vivienda para j\u00f3venes, familias con rentas medias o trabajadores esenciales seguir\u00e1 siendo una quimera.<\/p>\n<h3><strong>Una pol\u00edtica de vivienda a medio gas<\/strong><\/h3>\n<p>Las iniciativas p\u00fablicas, aunque necesarias, no est\u00e1n a la altura del reto. Los incentivos fiscales o las cesiones de suelo para promoci\u00f3n de alquiler social son insuficientes en volumen y, en ocasiones, excesivamente lentos en su ejecuci\u00f3n.<\/p>\n<p>La colaboraci\u00f3n p\u00fablico-privada podr\u00eda ser una v\u00eda para desbloquear suelo y canalizar inversi\u00f3n hacia vivienda asequible, pero hasta el momento, los resultados son limitados y se mantienen los cuellos de botella administrativos.<\/p>\n<h3><strong>Perspectivas a corto y medio plazo<\/strong><\/h3>\n<p>Todo indica que el precio del suelo seguir\u00e1 al alza mientras no haya una apuesta decidida por aumentar la oferta. Y esa apuesta pasa por revisar la planificaci\u00f3n urban\u00edstica, reducir la burocracia, incentivar la rehabilitaci\u00f3n y regeneraci\u00f3n urbana y garantizar el acceso a la vivienda como derecho y no solo como producto financiero.<\/p>\n<p>\ud83d\udce2 Si no se act\u00faa pronto, Espa\u00f1a seguir\u00e1 atrapada en una espiral de precios altos, oferta escasa y generaciones expulsadas del mercado residencial. La vivienda, m\u00e1s que nunca, necesita pol\u00edticas valientes y sostenidas, no parches temporales ni titulares huecos.<\/p>\n<\/div><\/div><style type=\"text\/css\">.fusion-body .fusion-builder-column-0{width:100% !important;margin-top : 0px;margin-bottom : 0px;}.fusion-builder-column-0 > .fusion-column-wrapper {padding-top : 0px !important;padding-right : 0px !important;margin-right : 1.92%;padding-bottom : 0px !important;padding-left : 0px !important;margin-left : 1.92%;}@media only screen and (max-width:1024px) {.fusion-body .fusion-builder-column-0{width:100% !important;}.fusion-builder-column-0 > .fusion-column-wrapper {margin-right : 1.92%;margin-left : 1.92%;}}@media only screen and (max-width:640px) {.fusion-body .fusion-builder-column-0{width:100% !important;}.fusion-builder-column-0 > .fusion-column-wrapper {margin-right : 1.92%;margin-left : 1.92%;}}<\/style><\/div><\/div><style type=\"text\/css\">.fusion-body .fusion-flex-container.fusion-builder-row-1{ padding-top : 0px;margin-top : 0px;padding-right : 0px;padding-bottom : 0px;margin-bottom : 0px;padding-left : 0px;}<\/style><\/div>\n","protected":false},"excerpt":{"rendered":"<p>La superficie de suelo objeto de transacci\u00f3n ha alcanzado las 719 hect\u00e1reas en el primer trimestre de 2025, lo que supone un aumento del 21,6% interanual, hasta un valor de 879,8 millones de euros, lo que representa un aumento del 1,5% con respecto al mismo trimestre del a\u00f1o anterior.<\/p>\n","protected":false},"author":3,"featured_media":47698,"comment_status":"closed","ping_status":"closed","sticky":false,"template":"","format":"standard","meta":{"_jetpack_memberships_contains_paid_content":false,"footnotes":"","jetpack_publicize_message":"","jetpack_publicize_feature_enabled":true,"jetpack_social_post_already_shared":true,"jetpack_social_options":{"image_generator_settings":{"template":"highway","default_image_id":0,"font":"","enabled":false},"version":2}},"categories":[100],"tags":[8241,8249],"class_list":["post-52364","post","type-post","status-publish","format-standard","has-post-thumbnail","hentry","category-compraventa-de-viviendas","tag-newsletter-523","tag-newsletter-527"],"yoast_head":"<!-- This site is optimized with the Yoast SEO plugin v28.2 - https:\/\/yoast.com\/product\/yoast-seo-wordpress\/ -->\n<title>Se incrementa el suelo vendido y tambi\u00e9n su precio<\/title>\n<meta name=\"description\" content=\"Todo indica que el precio del suelo seguir\u00e1 al alza mientras no haya una apuesta decidida por aumentar la oferta.\" \/>\n<meta name=\"robots\" content=\"index, follow, max-snippet:-1, max-image-preview:large, max-video-preview:-1\" \/>\n<link rel=\"canonical\" href=\"https:\/\/www.aquimicasa.net\/blog\/vivienda\/compraventa-de-viviendas\/se-incrementa-el-suelo-vendido-y-tambien-su-precio\/\" \/>\n<meta property=\"og:locale\" content=\"es_ES\" \/>\n<meta property=\"og:type\" content=\"article\" \/>\n<meta property=\"og:title\" content=\"Se incrementa el suelo vendido y tambi\u00e9n su precio\" \/>\n<meta property=\"og:description\" content=\"Todo indica que el precio del suelo seguir\u00e1 al alza mientras no haya una apuesta decidida por aumentar la oferta.\" \/>\n<meta property=\"og:url\" content=\"https:\/\/www.aquimicasa.net\/blog\/vivienda\/compraventa-de-viviendas\/se-incrementa-el-suelo-vendido-y-tambien-su-precio\/\" \/>\n<meta property=\"og:site_name\" content=\"Blog de aquimicasa.net\" \/>\n<meta property=\"article:publisher\" content=\"https:\/\/www.facebook.com\/aquimicasa.net\" \/>\n<meta property=\"article:published_time\" content=\"2025-07-20T18:51:47+00:00\" \/>\n<meta property=\"article:modified_time\" content=\"2025-08-29T10:17:57+00:00\" \/>\n<meta property=\"og:image\" content=\"https:\/\/www.aquimicasa.net\/blog\/wp-content\/uploads\/suelo-urbano-1.jpg\" \/>\n\t<meta property=\"og:image:width\" content=\"728\" \/>\n\t<meta property=\"og:image:height\" content=\"370\" \/>\n\t<meta property=\"og:image:type\" content=\"image\/jpeg\" \/>\n<meta name=\"author\" content=\"Eduardo Lizarraga\" \/>\n<meta name=\"twitter:label1\" content=\"Escrito por\" \/>\n\t<meta name=\"twitter:data1\" content=\"Eduardo Lizarraga\" \/>\n\t<meta name=\"twitter:label2\" content=\"Tiempo de lectura\" \/>\n\t<meta name=\"twitter:data2\" content=\"5 minutos\" \/>\n<script type=\"application\/ld+json\" class=\"yoast-schema-graph\">{\"@context\":\"https:\\\/\\\/schema.org\",\"@graph\":[{\"@type\":\"Article\",\"@id\":\"https:\\\/\\\/www.aquimicasa.net\\\/blog\\\/vivienda\\\/compraventa-de-viviendas\\\/se-incrementa-el-suelo-vendido-y-tambien-su-precio\\\/#article\",\"isPartOf\":{\"@id\":\"https:\\\/\\\/www.aquimicasa.net\\\/blog\\\/vivienda\\\/compraventa-de-viviendas\\\/se-incrementa-el-suelo-vendido-y-tambien-su-precio\\\/\"},\"author\":{\"name\":\"Eduardo Lizarraga\",\"@id\":\"https:\\\/\\\/www.aquimicasa.net\\\/blog\\\/#\\\/schema\\\/person\\\/2cdfa2605534583395c8d7ce1d6cac14\"},\"headline\":\"Se incrementa el suelo vendido y tambi\u00e9n su precio\",\"datePublished\":\"2025-07-20T18:51:47+00:00\",\"dateModified\":\"2025-08-29T10:17:57+00:00\",\"mainEntityOfPage\":{\"@id\":\"https:\\\/\\\/www.aquimicasa.net\\\/blog\\\/vivienda\\\/compraventa-de-viviendas\\\/se-incrementa-el-suelo-vendido-y-tambien-su-precio\\\/\"},\"wordCount\":1061,\"publisher\":{\"@id\":\"https:\\\/\\\/www.aquimicasa.net\\\/blog\\\/#organization\"},\"image\":{\"@id\":\"https:\\\/\\\/www.aquimicasa.net\\\/blog\\\/vivienda\\\/compraventa-de-viviendas\\\/se-incrementa-el-suelo-vendido-y-tambien-su-precio\\\/#primaryimage\"},\"thumbnailUrl\":\"https:\\\/\\\/www.aquimicasa.net\\\/blog\\\/wp-content\\\/uploads\\\/suelo-urbano-1.jpg\",\"keywords\":[\"newsletter 523\",\"newsletter 527\"],\"articleSection\":[\"Compra Venta\"],\"inLanguage\":\"es\"},{\"@type\":\"WebPage\",\"@id\":\"https:\\\/\\\/www.aquimicasa.net\\\/blog\\\/vivienda\\\/compraventa-de-viviendas\\\/se-incrementa-el-suelo-vendido-y-tambien-su-precio\\\/\",\"url\":\"https:\\\/\\\/www.aquimicasa.net\\\/blog\\\/vivienda\\\/compraventa-de-viviendas\\\/se-incrementa-el-suelo-vendido-y-tambien-su-precio\\\/\",\"name\":\"Se incrementa el suelo vendido y tambi\u00e9n su precio\",\"isPartOf\":{\"@id\":\"https:\\\/\\\/www.aquimicasa.net\\\/blog\\\/#website\"},\"primaryImageOfPage\":{\"@id\":\"https:\\\/\\\/www.aquimicasa.net\\\/blog\\\/vivienda\\\/compraventa-de-viviendas\\\/se-incrementa-el-suelo-vendido-y-tambien-su-precio\\\/#primaryimage\"},\"image\":{\"@id\":\"https:\\\/\\\/www.aquimicasa.net\\\/blog\\\/vivienda\\\/compraventa-de-viviendas\\\/se-incrementa-el-suelo-vendido-y-tambien-su-precio\\\/#primaryimage\"},\"thumbnailUrl\":\"https:\\\/\\\/www.aquimicasa.net\\\/blog\\\/wp-content\\\/uploads\\\/suelo-urbano-1.jpg\",\"datePublished\":\"2025-07-20T18:51:47+00:00\",\"dateModified\":\"2025-08-29T10:17:57+00:00\",\"description\":\"Todo indica que el precio del suelo seguir\u00e1 al alza mientras no haya una apuesta decidida por aumentar la oferta.\",\"breadcrumb\":{\"@id\":\"https:\\\/\\\/www.aquimicasa.net\\\/blog\\\/vivienda\\\/compraventa-de-viviendas\\\/se-incrementa-el-suelo-vendido-y-tambien-su-precio\\\/#breadcrumb\"},\"inLanguage\":\"es\",\"potentialAction\":[{\"@type\":\"ReadAction\",\"target\":[\"https:\\\/\\\/www.aquimicasa.net\\\/blog\\\/vivienda\\\/compraventa-de-viviendas\\\/se-incrementa-el-suelo-vendido-y-tambien-su-precio\\\/\"]}]},{\"@type\":\"ImageObject\",\"inLanguage\":\"es\",\"@id\":\"https:\\\/\\\/www.aquimicasa.net\\\/blog\\\/vivienda\\\/compraventa-de-viviendas\\\/se-incrementa-el-suelo-vendido-y-tambien-su-precio\\\/#primaryimage\",\"url\":\"https:\\\/\\\/www.aquimicasa.net\\\/blog\\\/wp-content\\\/uploads\\\/suelo-urbano-1.jpg\",\"contentUrl\":\"https:\\\/\\\/www.aquimicasa.net\\\/blog\\\/wp-content\\\/uploads\\\/suelo-urbano-1.jpg\",\"width\":728,\"height\":370,\"caption\":\"Se incrementa la venta de suelo para construir\"},{\"@type\":\"BreadcrumbList\",\"@id\":\"https:\\\/\\\/www.aquimicasa.net\\\/blog\\\/vivienda\\\/compraventa-de-viviendas\\\/se-incrementa-el-suelo-vendido-y-tambien-su-precio\\\/#breadcrumb\",\"itemListElement\":[{\"@type\":\"ListItem\",\"position\":1,\"name\":\"Portada\",\"item\":\"https:\\\/\\\/www.aquimicasa.net\\\/blog\\\/\"},{\"@type\":\"ListItem\",\"position\":2,\"name\":\"Se incrementa el suelo vendido y tambi\u00e9n su precio\"}]},{\"@type\":\"WebSite\",\"@id\":\"https:\\\/\\\/www.aquimicasa.net\\\/blog\\\/#website\",\"url\":\"https:\\\/\\\/www.aquimicasa.net\\\/blog\\\/\",\"name\":\"Blog de aquimicasa.net\",\"description\":\"Noticias del Mundo Inmobiliario\",\"publisher\":{\"@id\":\"https:\\\/\\\/www.aquimicasa.net\\\/blog\\\/#organization\"},\"potentialAction\":[{\"@type\":\"SearchAction\",\"target\":{\"@type\":\"EntryPoint\",\"urlTemplate\":\"https:\\\/\\\/www.aquimicasa.net\\\/blog\\\/?s={search_term_string}\"},\"query-input\":{\"@type\":\"PropertyValueSpecification\",\"valueRequired\":true,\"valueName\":\"search_term_string\"}}],\"inLanguage\":\"es\"},{\"@type\":\"Organization\",\"@id\":\"https:\\\/\\\/www.aquimicasa.net\\\/blog\\\/#organization\",\"name\":\"Blog de aquimicasa.net\",\"url\":\"https:\\\/\\\/www.aquimicasa.net\\\/blog\\\/\",\"logo\":{\"@type\":\"ImageObject\",\"inLanguage\":\"es\",\"@id\":\"https:\\\/\\\/www.aquimicasa.net\\\/blog\\\/#\\\/schema\\\/logo\\\/image\\\/\",\"url\":\"https:\\\/\\\/www.aquimicasa.net\\\/blog\\\/wp-content\\\/uploads\\\/Logo-aquimicasa-1-e1528048213782.png\",\"contentUrl\":\"https:\\\/\\\/www.aquimicasa.net\\\/blog\\\/wp-content\\\/uploads\\\/Logo-aquimicasa-1-e1528048213782.png\",\"width\":225,\"height\":225,\"caption\":\"Blog de aquimicasa.net\"},\"image\":{\"@id\":\"https:\\\/\\\/www.aquimicasa.net\\\/blog\\\/#\\\/schema\\\/logo\\\/image\\\/\"},\"sameAs\":[\"https:\\\/\\\/www.facebook.com\\\/aquimicasa.net\",\"https:\\\/\\\/www.instagram.com\\\/\",\"https:\\\/\\\/x.com\\\/EduLizarragaD\",\"https:\\\/\\\/www.linkedin.com\\\/feed\\\/\"]},{\"@type\":\"Person\",\"@id\":\"https:\\\/\\\/www.aquimicasa.net\\\/blog\\\/#\\\/schema\\\/person\\\/2cdfa2605534583395c8d7ce1d6cac14\",\"name\":\"Eduardo Lizarraga\",\"image\":{\"@type\":\"ImageObject\",\"inLanguage\":\"es\",\"@id\":\"https:\\\/\\\/secure.gravatar.com\\\/avatar\\\/bdabe1eeeed97b65a9cb7de2edd624b07995f7e13abc5fead15961f745f908cc?s=96&d=mm&r=g\",\"url\":\"https:\\\/\\\/secure.gravatar.com\\\/avatar\\\/bdabe1eeeed97b65a9cb7de2edd624b07995f7e13abc5fead15961f745f908cc?s=96&d=mm&r=g\",\"contentUrl\":\"https:\\\/\\\/secure.gravatar.com\\\/avatar\\\/bdabe1eeeed97b65a9cb7de2edd624b07995f7e13abc5fead15961f745f908cc?s=96&d=mm&r=g\",\"caption\":\"Eduardo Lizarraga\"},\"description\":\"Periodista Econ\u00f3mico. Ha trabajado en diversos campos de la informaci\u00f3n. Corresponsal en conflictos, analista pol\u00edtico en Congreso y Senado, periodista del medio ambiente, editor, director editorial, director de comunicaci\u00f3n.... En estos momentos se ha especializado en el sector inmobiliario. Pero tambi\u00e9n es navegante y viajero, preocupado por la pobreza, el medio ambiente y por las actuaciones descontroladas del neoliberalismo empresarial y pol\u00edtico en todo el mundo. Los desahucios, la pobreza infantil y la falta de acceso a los suministros b\u00e1sicos son algunos de los grandes dramas de nuestra sociedad y que es preciso solucionar para hacerla m\u00e1s justa. CEO en www.aquimicasa.net\",\"sameAs\":[\"https:\\\/\\\/www.aquimicasa.net\\\/\"],\"url\":\"https:\\\/\\\/www.aquimicasa.net\\\/blog\\\/author\\\/eduardo\\\/\"}]}<\/script>\n<!-- \/ Yoast SEO plugin. -->","yoast_head_json":{"title":"Se incrementa el suelo vendido y tambi\u00e9n su precio","description":"Todo indica que el precio del suelo seguir\u00e1 al alza mientras no haya una apuesta decidida por aumentar la oferta.","robots":{"index":"index","follow":"follow","max-snippet":"max-snippet:-1","max-image-preview":"max-image-preview:large","max-video-preview":"max-video-preview:-1"},"canonical":"https:\/\/www.aquimicasa.net\/blog\/vivienda\/compraventa-de-viviendas\/se-incrementa-el-suelo-vendido-y-tambien-su-precio\/","og_locale":"es_ES","og_type":"article","og_title":"Se incrementa el suelo vendido y tambi\u00e9n su precio","og_description":"Todo indica que el precio del suelo seguir\u00e1 al alza mientras no haya una apuesta decidida por aumentar la oferta.","og_url":"https:\/\/www.aquimicasa.net\/blog\/vivienda\/compraventa-de-viviendas\/se-incrementa-el-suelo-vendido-y-tambien-su-precio\/","og_site_name":"Blog de aquimicasa.net","article_publisher":"https:\/\/www.facebook.com\/aquimicasa.net","article_published_time":"2025-07-20T18:51:47+00:00","article_modified_time":"2025-08-29T10:17:57+00:00","og_image":[{"width":728,"height":370,"url":"https:\/\/www.aquimicasa.net\/blog\/wp-content\/uploads\/suelo-urbano-1.jpg","type":"image\/jpeg"}],"author":"Eduardo Lizarraga","twitter_misc":{"Escrito por":"Eduardo Lizarraga","Tiempo de lectura":"5 minutos"},"schema":{"@context":"https:\/\/schema.org","@graph":[{"@type":"Article","@id":"https:\/\/www.aquimicasa.net\/blog\/vivienda\/compraventa-de-viviendas\/se-incrementa-el-suelo-vendido-y-tambien-su-precio\/#article","isPartOf":{"@id":"https:\/\/www.aquimicasa.net\/blog\/vivienda\/compraventa-de-viviendas\/se-incrementa-el-suelo-vendido-y-tambien-su-precio\/"},"author":{"name":"Eduardo Lizarraga","@id":"https:\/\/www.aquimicasa.net\/blog\/#\/schema\/person\/2cdfa2605534583395c8d7ce1d6cac14"},"headline":"Se incrementa el suelo vendido y tambi\u00e9n su precio","datePublished":"2025-07-20T18:51:47+00:00","dateModified":"2025-08-29T10:17:57+00:00","mainEntityOfPage":{"@id":"https:\/\/www.aquimicasa.net\/blog\/vivienda\/compraventa-de-viviendas\/se-incrementa-el-suelo-vendido-y-tambien-su-precio\/"},"wordCount":1061,"publisher":{"@id":"https:\/\/www.aquimicasa.net\/blog\/#organization"},"image":{"@id":"https:\/\/www.aquimicasa.net\/blog\/vivienda\/compraventa-de-viviendas\/se-incrementa-el-suelo-vendido-y-tambien-su-precio\/#primaryimage"},"thumbnailUrl":"https:\/\/www.aquimicasa.net\/blog\/wp-content\/uploads\/suelo-urbano-1.jpg","keywords":["newsletter 523","newsletter 527"],"articleSection":["Compra Venta"],"inLanguage":"es"},{"@type":"WebPage","@id":"https:\/\/www.aquimicasa.net\/blog\/vivienda\/compraventa-de-viviendas\/se-incrementa-el-suelo-vendido-y-tambien-su-precio\/","url":"https:\/\/www.aquimicasa.net\/blog\/vivienda\/compraventa-de-viviendas\/se-incrementa-el-suelo-vendido-y-tambien-su-precio\/","name":"Se incrementa el suelo vendido y tambi\u00e9n su precio","isPartOf":{"@id":"https:\/\/www.aquimicasa.net\/blog\/#website"},"primaryImageOfPage":{"@id":"https:\/\/www.aquimicasa.net\/blog\/vivienda\/compraventa-de-viviendas\/se-incrementa-el-suelo-vendido-y-tambien-su-precio\/#primaryimage"},"image":{"@id":"https:\/\/www.aquimicasa.net\/blog\/vivienda\/compraventa-de-viviendas\/se-incrementa-el-suelo-vendido-y-tambien-su-precio\/#primaryimage"},"thumbnailUrl":"https:\/\/www.aquimicasa.net\/blog\/wp-content\/uploads\/suelo-urbano-1.jpg","datePublished":"2025-07-20T18:51:47+00:00","dateModified":"2025-08-29T10:17:57+00:00","description":"Todo indica que el precio del suelo seguir\u00e1 al alza mientras no haya una apuesta decidida por aumentar la oferta.","breadcrumb":{"@id":"https:\/\/www.aquimicasa.net\/blog\/vivienda\/compraventa-de-viviendas\/se-incrementa-el-suelo-vendido-y-tambien-su-precio\/#breadcrumb"},"inLanguage":"es","potentialAction":[{"@type":"ReadAction","target":["https:\/\/www.aquimicasa.net\/blog\/vivienda\/compraventa-de-viviendas\/se-incrementa-el-suelo-vendido-y-tambien-su-precio\/"]}]},{"@type":"ImageObject","inLanguage":"es","@id":"https:\/\/www.aquimicasa.net\/blog\/vivienda\/compraventa-de-viviendas\/se-incrementa-el-suelo-vendido-y-tambien-su-precio\/#primaryimage","url":"https:\/\/www.aquimicasa.net\/blog\/wp-content\/uploads\/suelo-urbano-1.jpg","contentUrl":"https:\/\/www.aquimicasa.net\/blog\/wp-content\/uploads\/suelo-urbano-1.jpg","width":728,"height":370,"caption":"Se incrementa la venta de suelo para construir"},{"@type":"BreadcrumbList","@id":"https:\/\/www.aquimicasa.net\/blog\/vivienda\/compraventa-de-viviendas\/se-incrementa-el-suelo-vendido-y-tambien-su-precio\/#breadcrumb","itemListElement":[{"@type":"ListItem","position":1,"name":"Portada","item":"https:\/\/www.aquimicasa.net\/blog\/"},{"@type":"ListItem","position":2,"name":"Se incrementa el suelo vendido y tambi\u00e9n su precio"}]},{"@type":"WebSite","@id":"https:\/\/www.aquimicasa.net\/blog\/#website","url":"https:\/\/www.aquimicasa.net\/blog\/","name":"Blog de aquimicasa.net","description":"Noticias del Mundo Inmobiliario","publisher":{"@id":"https:\/\/www.aquimicasa.net\/blog\/#organization"},"potentialAction":[{"@type":"SearchAction","target":{"@type":"EntryPoint","urlTemplate":"https:\/\/www.aquimicasa.net\/blog\/?s={search_term_string}"},"query-input":{"@type":"PropertyValueSpecification","valueRequired":true,"valueName":"search_term_string"}}],"inLanguage":"es"},{"@type":"Organization","@id":"https:\/\/www.aquimicasa.net\/blog\/#organization","name":"Blog de aquimicasa.net","url":"https:\/\/www.aquimicasa.net\/blog\/","logo":{"@type":"ImageObject","inLanguage":"es","@id":"https:\/\/www.aquimicasa.net\/blog\/#\/schema\/logo\/image\/","url":"https:\/\/www.aquimicasa.net\/blog\/wp-content\/uploads\/Logo-aquimicasa-1-e1528048213782.png","contentUrl":"https:\/\/www.aquimicasa.net\/blog\/wp-content\/uploads\/Logo-aquimicasa-1-e1528048213782.png","width":225,"height":225,"caption":"Blog de aquimicasa.net"},"image":{"@id":"https:\/\/www.aquimicasa.net\/blog\/#\/schema\/logo\/image\/"},"sameAs":["https:\/\/www.facebook.com\/aquimicasa.net","https:\/\/www.instagram.com\/","https:\/\/x.com\/EduLizarragaD","https:\/\/www.linkedin.com\/feed\/"]},{"@type":"Person","@id":"https:\/\/www.aquimicasa.net\/blog\/#\/schema\/person\/2cdfa2605534583395c8d7ce1d6cac14","name":"Eduardo Lizarraga","image":{"@type":"ImageObject","inLanguage":"es","@id":"https:\/\/secure.gravatar.com\/avatar\/bdabe1eeeed97b65a9cb7de2edd624b07995f7e13abc5fead15961f745f908cc?s=96&d=mm&r=g","url":"https:\/\/secure.gravatar.com\/avatar\/bdabe1eeeed97b65a9cb7de2edd624b07995f7e13abc5fead15961f745f908cc?s=96&d=mm&r=g","contentUrl":"https:\/\/secure.gravatar.com\/avatar\/bdabe1eeeed97b65a9cb7de2edd624b07995f7e13abc5fead15961f745f908cc?s=96&d=mm&r=g","caption":"Eduardo Lizarraga"},"description":"Periodista Econ\u00f3mico. Ha trabajado en diversos campos de la informaci\u00f3n. Corresponsal en conflictos, analista pol\u00edtico en Congreso y Senado, periodista del medio ambiente, editor, director editorial, director de comunicaci\u00f3n.... En estos momentos se ha especializado en el sector inmobiliario. Pero tambi\u00e9n es navegante y viajero, preocupado por la pobreza, el medio ambiente y por las actuaciones descontroladas del neoliberalismo empresarial y pol\u00edtico en todo el mundo. Los desahucios, la pobreza infantil y la falta de acceso a los suministros b\u00e1sicos son algunos de los grandes dramas de nuestra sociedad y que es preciso solucionar para hacerla m\u00e1s justa. CEO en www.aquimicasa.net","sameAs":["https:\/\/www.aquimicasa.net\/"],"url":"https:\/\/www.aquimicasa.net\/blog\/author\/eduardo\/"}]}},"jetpack_publicize_connections":[],"jetpack_featured_media_url":"https:\/\/www.aquimicasa.net\/blog\/wp-content\/uploads\/suelo-urbano-1.jpg","jetpack_sharing_enabled":true,"jetpack_likes_enabled":true,"_links":{"self":[{"href":"https:\/\/www.aquimicasa.net\/blog\/wp-json\/wp\/v2\/posts\/52364","targetHints":{"allow":["GET"]}}],"collection":[{"href":"https:\/\/www.aquimicasa.net\/blog\/wp-json\/wp\/v2\/posts"}],"about":[{"href":"https:\/\/www.aquimicasa.net\/blog\/wp-json\/wp\/v2\/types\/post"}],"author":[{"embeddable":true,"href":"https:\/\/www.aquimicasa.net\/blog\/wp-json\/wp\/v2\/users\/3"}],"replies":[{"embeddable":true,"href":"https:\/\/www.aquimicasa.net\/blog\/wp-json\/wp\/v2\/comments?post=52364"}],"version-history":[{"count":3,"href":"https:\/\/www.aquimicasa.net\/blog\/wp-json\/wp\/v2\/posts\/52364\/revisions"}],"predecessor-version":[{"id":52377,"href":"https:\/\/www.aquimicasa.net\/blog\/wp-json\/wp\/v2\/posts\/52364\/revisions\/52377"}],"wp:featuredmedia":[{"embeddable":true,"href":"https:\/\/www.aquimicasa.net\/blog\/wp-json\/wp\/v2\/media\/47698"}],"wp:attachment":[{"href":"https:\/\/www.aquimicasa.net\/blog\/wp-json\/wp\/v2\/media?parent=52364"}],"wp:term":[{"taxonomy":"category","embeddable":true,"href":"https:\/\/www.aquimicasa.net\/blog\/wp-json\/wp\/v2\/categories?post=52364"},{"taxonomy":"post_tag","embeddable":true,"href":"https:\/\/www.aquimicasa.net\/blog\/wp-json\/wp\/v2\/tags?post=52364"}],"curies":[{"name":"wp","href":"https:\/\/api.w.org\/{rel}","templated":true}]}}