{"id":52417,"date":"2025-07-23T18:44:56","date_gmt":"2025-07-23T16:44:56","guid":{"rendered":"https:\/\/www.aquimicasa.net\/blog\/?p=52417"},"modified":"2025-07-23T18:47:41","modified_gmt":"2025-07-23T16:47:41","slug":"fotocasa-habitaclia-y-milanuncios-cambian-de-manos","status":"publish","type":"post","link":"https:\/\/www.aquimicasa.net\/blog\/vivienda\/noticias-mercado-inmobiliario\/fotocasa-habitaclia-y-milanuncios-cambian-de-manos\/","title":{"rendered":"Fotocasa, Habitaclia y Milanuncios cambian de manos"},"content":{"rendered":"<div class=\"fusion-fullwidth fullwidth-box fusion-builder-row-1 fusion-flex-container nonhundred-percent-fullwidth non-hundred-percent-height-scrolling\" style=\"background-color: rgba(255,255,255,0);background-position: center center;background-repeat: no-repeat;border-width: 0px 0px 0px 0px;border-color:#eae9e9;border-style:solid;\" ><div class=\"fusion-builder-row fusion-row fusion-flex-align-items-flex-start\" style=\"max-width:1144px;margin-left: calc(-4% \/ 2 );margin-right: calc(-4% \/ 2 );\"><div class=\"fusion-layout-column fusion_builder_column fusion-builder-column-0 fusion_builder_column_1_1 1_1 fusion-flex-column\"><div class=\"fusion-column-wrapper fusion-flex-justify-content-flex-start fusion-content-layout-column\" style=\"background-position:left top;background-repeat:no-repeat;-webkit-background-size:cover;-moz-background-size:cover;-o-background-size:cover;background-size:cover;padding: 0px 0px 0px 0px;\"><div class=\"fusion-text fusion-text-1\"><p data-start=\"71\" data-end=\"634\">La reciente venta de los negocios espa\u00f1oles de Adevinta al fondo sueco EQT representa <strong data-start=\"157\" data-end=\"259\">uno de los movimientos m\u00e1s relevantes del a\u00f1o en el sector de los marketplaces digitales en Espa\u00f1a<\/strong>. Portales tan conocidos como <b>Fotocasa<\/b>, <b>Habitaclia<\/b>, <b>Milanuncios<\/b>, <b>InfoJobs<\/b>, <b>Coches.net<\/b> y <b>Motos.net<\/b> pasar\u00e1n a estar bajo el paraguas de EQT, grupo inversor que tambi\u00e9n mantiene una participaci\u00f3n minoritaria en Idealista. La operaci\u00f3n, sujeta a aprobaciones regulatorias, est\u00e1 prevista para cerrarse durante el primer trimestre de 2026.<\/p>\n<h2><strong>EQT, socio minoritario en Idealista compra Adevinta<\/strong><\/h2>\n<p data-start=\"713\" data-end=\"1108\">El grupo EQT, uno de los fondos de inversi\u00f3n m\u00e1s activos del panorama europeo, ha firmado un acuerdo con Adevinta \u2014empresa controlada por los fondos Permira y Blackstone\u2014 para adquirir su negocio en Espa\u00f1a. Esta adquisici\u00f3n consolida la apuesta estrat\u00e9gica de EQT por el segmento de los anuncios clasificados online, donde ya tiene una fuerte presencia a trav\u00e9s de su participaci\u00f3n en Idealista.<\/p>\n<p data-start=\"1110\" data-end=\"1424\">\ud83d\udccc <strong data-start=\"1113\" data-end=\"1181\">La operaci\u00f3n podr\u00eda rondar un importe de 2.000 millones de euros<\/strong>, seg\u00fan fuentes del sector consultadas por <em data-start=\"1224\" data-end=\"1235\">Expansi\u00f3n<\/em>. EQT habr\u00eda presentado una oferta vinculante ganadora sin necesidad de una larga fase de due diligence, adelant\u00e1ndose as\u00ed a otros candidatos como Apax, Advent, Hellman &amp; Friedman o Prosus.<\/p>\n<h2><strong>La operaci\u00f3n podr\u00eda rondar un importe de 2.000 millones<\/strong><\/h2>\n<p data-start=\"1507\" data-end=\"1965\">Los seis portales digitales adquiridos por EQT suman alrededor de <strong data-start=\"1573\" data-end=\"1610\">146 millones de visitas mensuales<\/strong>, con una plantilla total que supera los 1.600 empleados. Adevinta registr\u00f3 en 2023 una facturaci\u00f3n de <strong data-start=\"1713\" data-end=\"1741\">225,25 millones de euros<\/strong>, consolidando su posici\u00f3n como <strong data-start=\"1773\" data-end=\"1818\">l\u00edder del mercado espa\u00f1ol de clasificados<\/strong>. La compa\u00f1\u00eda reorganiz\u00f3 su estructura a finales de 2024, escindi\u00e9ndose en cinco unidades: Real Estate, Cross, Jobs, Motor y Products &amp; Technology.<\/p>\n<p data-start=\"1967\" data-end=\"2302\">\ud83d\udc49 Este cambio organizativo preparaba el terreno para una posible venta, que finalmente se ha materializado con la entrada de EQT. Cabe destacar que Adevinta Spain tiene su origen en Schibsted Classified Media Spain, tras una reorganizaci\u00f3n del grupo noruego Schibsted que separ\u00f3 sus operaciones internacionales bajo la marca Adevinta.<\/p>\n<h2><strong>La transacci\u00f3n se espera que se cierre durante el primer trimestre de 2026<\/strong><\/h2>\n<p data-start=\"2404\" data-end=\"2807\">Seg\u00fan el comunicado emitido por ambas compa\u00f1\u00edas, la venta refleja el \u00abnotable crecimiento\u00bb de las plataformas y la \u00abposici\u00f3n de liderazgo\u00bb de Adevinta en el mercado espa\u00f1ol. Jacob Aqraou, presidente ejecutivo de Adevinta, ha se\u00f1alado que est\u00e1n \u00abmuy contentos de que EQT haya adquirido nuestro negocio en Espa\u00f1a\u00bb, y ha expresado su confianza en que el fondo sueco impulsar\u00e1 el \u00e9xito de estas plataformas.<\/p>\n<p data-start=\"2809\" data-end=\"3149\">\ud83c\udfaf <strong data-start=\"2812\" data-end=\"2899\">EQT ha se\u00f1alado que su estrategia se centrar\u00e1 en reforzar la innovaci\u00f3n de producto<\/strong>, mejorar la experiencia del usuario y ampliar la infraestructura tecnol\u00f3gica basada en inteligencia artificial. Adem\u00e1s, ha prometido una colaboraci\u00f3n estrecha con los equipos directivos locales para apoyar su estrategia de crecimiento a largo plazo.<\/p>\n<h2><strong>\u00bfQu\u00e9 implica esta compra para el sector de los portales inmobiliarios en Espa\u00f1a?<\/strong><\/h2>\n<p data-start=\"3257\" data-end=\"3664\">Con esta adquisici\u00f3n, EQT refuerza su presencia en el mercado espa\u00f1ol tras su salida parcial de Idealista, del que vendi\u00f3 el 70% al fondo Cinven por 2.900 millones de euros en 2024, aunque mantiene a\u00fan el 18% de participaci\u00f3n. La operaci\u00f3n actual supone una <strong data-start=\"3515\" data-end=\"3571\">nueva etapa para portales como Fotocasa y Habitaclia<\/strong>, que compiten directamente con Idealista por el liderazgo del segmento inmobiliario digital.<\/p>\n<p data-start=\"3666\" data-end=\"4079\">\ud83c\udf0d Esta consolidaci\u00f3n pone de manifiesto el <strong data-start=\"3710\" data-end=\"3812\">inter\u00e9s sostenido de los grandes fondos internacionales en el sector de los marketplaces digitales<\/strong>, particularmente en Espa\u00f1a, donde la digitalizaci\u00f3n del mercado inmobiliario ha sido especialmente profunda. La competencia entre portales se intensificar\u00e1, y los usuarios podr\u00edan beneficiarse de <strong data-start=\"4009\" data-end=\"4078\">mejoras tecnol\u00f3gicas, m\u00e1s opciones y servicios m\u00e1s personalizados<\/strong>.<\/p>\n<h2><strong>Una apuesta por la innovaci\u00f3n y el liderazgo digital<\/strong><\/h2>\n<p data-start=\"4159\" data-end=\"4507\">Carlos Santana, socio de EQT y responsable de Capital Privado para Espa\u00f1a e Italia, ha explicado que esta compra encaja perfectamente con uno de los sectores estrat\u00e9gicos de su fondo: el internet de consumo. Ha subrayado que EQT utilizar\u00e1 su experiencia global y enfoque local para <strong data-start=\"4441\" data-end=\"4506\">impulsar el crecimiento sostenido de estos negocios en Espa\u00f1a<\/strong>.<\/p>\n<p data-start=\"4509\" data-end=\"4732\">\ud83e\udde0 El fondo planea una transformaci\u00f3n digital que incluye la automatizaci\u00f3n de procesos, mejoras en el rendimiento de las plataformas, desarrollo de nuevas funcionalidades y una <strong data-start=\"4687\" data-end=\"4731\">estrategia de datos orientada al usuario<\/strong>.<\/p>\n<h2>Goldman Sachs, LionTree y Linklaters en la asesor\u00eda de la operaci\u00f3n<\/h2>\n<p data-start=\"4827\" data-end=\"5251\">Para llevar a cabo esta compleja transacci\u00f3n, Adevinta ha contado con el asesoramiento financiero de Goldman Sachs Bank Europe SE (sucursal de \u00c1msterdam) y LionTree Advisors UK LLP, y con Linklaters S.L.P. como asesor legal. Esta estructura refleja la <strong data-start=\"5079\" data-end=\"5121\">complejidad y magnitud de la operaci\u00f3n<\/strong>, que implica el traspaso de activos digitales con una gran base de usuarios y relevancia estrat\u00e9gica en sus respectivos sectores.<\/p>\n<h2><strong>Impacto en el ecosistema Proptech y de empleo<\/strong><\/h2>\n<p data-start=\"5324\" data-end=\"5684\">M\u00e1s all\u00e1 de las cifras, esta operaci\u00f3n tendr\u00e1 un <strong data-start=\"5373\" data-end=\"5425\">fuerte impacto en el ecosistema proptech espa\u00f1ol<\/strong>, al consolidar a EQT como actor de referencia. Asimismo, se espera que la nueva etapa suponga una <strong data-start=\"5524\" data-end=\"5552\">reestructuraci\u00f3n interna<\/strong>, aunque ambas compa\u00f1\u00edas aseguran que se garantizar\u00e1 la continuidad de negocio y la protecci\u00f3n de los empleos durante la transici\u00f3n.<\/p>\n<p data-start=\"5686\" data-end=\"5918\">\ud83d\udc65 Adevinta ha insistido en que seguir\u00e1 apoyando a sus equipos en Espa\u00f1a mientras se materializa el cambio de propiedad, lo que podr\u00eda ofrecer estabilidad en un sector donde los movimientos corporativos suelen generar incertidumbre.<\/p>\n<h2><strong>Concentraci\u00f3n de poder en los marketplaces digitales<\/strong><\/h2>\n<p data-start=\"6012\" data-end=\"6442\">Esta adquisici\u00f3n reafirma la tendencia de <strong data-start=\"6054\" data-end=\"6136\">concentraci\u00f3n de grandes plataformas bajo el control de fondos internacionales<\/strong>, y deja claro que los marketplaces inmobiliarios y de empleo siguen siendo <strong data-start=\"6212\" data-end=\"6250\">activos estrat\u00e9gicos de gran valor<\/strong> en la econom\u00eda digital. Con EQT al frente, portales como <b>Fotocasa<\/b> y <b>Habitaclia<\/b> podr\u00edan vivir una transformaci\u00f3n que marque la diferencia en su competencia directa con Idealista.<\/p>\n<p data-start=\"6444\" data-end=\"6813\">\ud83d\udd0d En definitiva, el movimiento de EQT plantea un escenario competitivo a\u00fan m\u00e1s din\u00e1mico en el que la innovaci\u00f3n, la tecnolog\u00eda y el enfoque al usuario ser\u00e1n claves. Mientras tanto, <strong data-start=\"6626\" data-end=\"6812\">los usuarios finales \u2014tanto particulares como profesionales\u2014 seguir\u00e1n siendo los grandes protagonistas de esta batalla por el liderazgo en el mercado digital inmobiliario y de empleo<\/strong>.<\/p>\n<h3>#EQT #Adevinta #Fotocasa #Habitaclia #Milanuncios #Idealista #Inversi\u00f3nInmobiliaria #MarketplacesDigitales #NoticiasInmobiliarias #PortalesClasificados #CompraVentaDigital #SectorProptech<\/h3>\n<\/div><\/div><style type=\"text\/css\">.fusion-body .fusion-builder-column-0{width:100% !important;margin-top : 0px;margin-bottom : 0px;}.fusion-builder-column-0 > .fusion-column-wrapper {padding-top : 0px !important;padding-right : 0px !important;margin-right : 1.92%;padding-bottom : 0px !important;padding-left : 0px !important;margin-left : 1.92%;}@media only screen and (max-width:1024px) {.fusion-body .fusion-builder-column-0{width:100% !important;}.fusion-builder-column-0 > .fusion-column-wrapper {margin-right : 1.92%;margin-left : 1.92%;}}@media only screen and (max-width:640px) {.fusion-body .fusion-builder-column-0{width:100% !important;}.fusion-builder-column-0 > .fusion-column-wrapper {margin-right : 1.92%;margin-left : 1.92%;}}<\/style><\/div><\/div><style type=\"text\/css\">.fusion-body .fusion-flex-container.fusion-builder-row-1{ padding-top : 0px;margin-top : 0px;padding-right : 0px;padding-bottom : 0px;margin-bottom : 0px;padding-left : 0px;}<\/style><\/div>\n","protected":false},"excerpt":{"rendered":"<p>Con esta adquisici\u00f3n, EQT refuerza su presencia en el mercado espa\u00f1ol tras su salida parcial de Idealista, del que vendi\u00f3 el 70% al fondo Cinven por 2.900 millones de euros en 2024, aunque mantiene a\u00fan el 18% de participaci\u00f3n. La operaci\u00f3n actual supone una nueva etapa para portales como Fotocasa y Habitaclia, que compiten directamente con Idealista por el liderazgo del segmento inmobiliario digital.<\/p>\n","protected":false},"author":3,"featured_media":35867,"comment_status":"closed","ping_status":"closed","sticky":false,"template":"","format":"standard","meta":{"_jetpack_memberships_contains_paid_content":false,"footnotes":"","jetpack_publicize_message":"","jetpack_publicize_feature_enabled":true,"jetpack_social_post_already_shared":true,"jetpack_social_options":{"image_generator_settings":{"template":"highway","default_image_id":0,"font":"","enabled":false},"version":2}},"categories":[7565],"tags":[8241],"class_list":["post-52417","post","type-post","status-publish","format-standard","has-post-thumbnail","hentry","category-noticias-mercado-inmobiliario","tag-newsletter-523"],"yoast_head":"<!-- This site is optimized with the Yoast SEO plugin v27.5 - https:\/\/yoast.com\/product\/yoast-seo-wordpress\/ -->\n<title>Fotocasa, Habitaclia y Milanuncios cambian de manos<\/title>\n<meta name=\"description\" content=\"Los seis portales adquiridos por EQT suman alrededor de 146 millones de visitas mensuales, con una plantilla que supera los 1.600 empleados.\" \/>\n<meta name=\"robots\" content=\"index, follow, max-snippet:-1, max-image-preview:large, max-video-preview:-1\" \/>\n<link rel=\"canonical\" href=\"https:\/\/www.aquimicasa.net\/blog\/vivienda\/noticias-mercado-inmobiliario\/fotocasa-habitaclia-y-milanuncios-cambian-de-manos\/\" \/>\n<meta property=\"og:locale\" content=\"es_ES\" \/>\n<meta property=\"og:type\" content=\"article\" \/>\n<meta property=\"og:title\" content=\"Fotocasa, Habitaclia y Milanuncios cambian de manos\" \/>\n<meta property=\"og:description\" content=\"Los seis portales adquiridos por EQT suman alrededor de 146 millones de visitas mensuales, con una plantilla que supera los 1.600 empleados.\" \/>\n<meta property=\"og:url\" content=\"https:\/\/www.aquimicasa.net\/blog\/vivienda\/noticias-mercado-inmobiliario\/fotocasa-habitaclia-y-milanuncios-cambian-de-manos\/\" \/>\n<meta property=\"og:site_name\" content=\"Blog de aquimicasa.net\" \/>\n<meta property=\"article:publisher\" content=\"https:\/\/www.facebook.com\/aquimicasa.net\" \/>\n<meta property=\"article:published_time\" content=\"2025-07-23T16:44:56+00:00\" \/>\n<meta property=\"article:modified_time\" content=\"2025-07-23T16:47:41+00:00\" \/>\n<meta property=\"og:image\" content=\"https:\/\/www.aquimicasa.net\/blog\/wp-content\/uploads\/Portales-inmobiliarios.jpg\" \/>\n\t<meta property=\"og:image:width\" content=\"768\" \/>\n\t<meta property=\"og:image:height\" content=\"384\" \/>\n\t<meta property=\"og:image:type\" content=\"image\/jpeg\" \/>\n<meta name=\"author\" content=\"Eduardo Lizarraga\" \/>\n<meta name=\"twitter:label1\" content=\"Escrito por\" \/>\n\t<meta name=\"twitter:data1\" content=\"Eduardo Lizarraga\" \/>\n\t<meta name=\"twitter:label2\" content=\"Tiempo de lectura\" \/>\n\t<meta name=\"twitter:data2\" content=\"6 minutos\" \/>\n<script type=\"application\/ld+json\" class=\"yoast-schema-graph\">{\"@context\":\"https:\\\/\\\/schema.org\",\"@graph\":[{\"@type\":\"Article\",\"@id\":\"https:\\\/\\\/www.aquimicasa.net\\\/blog\\\/vivienda\\\/noticias-mercado-inmobiliario\\\/fotocasa-habitaclia-y-milanuncios-cambian-de-manos\\\/#article\",\"isPartOf\":{\"@id\":\"https:\\\/\\\/www.aquimicasa.net\\\/blog\\\/vivienda\\\/noticias-mercado-inmobiliario\\\/fotocasa-habitaclia-y-milanuncios-cambian-de-manos\\\/\"},\"author\":{\"name\":\"Eduardo Lizarraga\",\"@id\":\"https:\\\/\\\/www.aquimicasa.net\\\/blog\\\/#\\\/schema\\\/person\\\/2cdfa2605534583395c8d7ce1d6cac14\"},\"headline\":\"Fotocasa, Habitaclia y Milanuncios cambian de manos\",\"datePublished\":\"2025-07-23T16:44:56+00:00\",\"dateModified\":\"2025-07-23T16:47:41+00:00\",\"mainEntityOfPage\":{\"@id\":\"https:\\\/\\\/www.aquimicasa.net\\\/blog\\\/vivienda\\\/noticias-mercado-inmobiliario\\\/fotocasa-habitaclia-y-milanuncios-cambian-de-manos\\\/\"},\"wordCount\":1304,\"publisher\":{\"@id\":\"https:\\\/\\\/www.aquimicasa.net\\\/blog\\\/#organization\"},\"image\":{\"@id\":\"https:\\\/\\\/www.aquimicasa.net\\\/blog\\\/vivienda\\\/noticias-mercado-inmobiliario\\\/fotocasa-habitaclia-y-milanuncios-cambian-de-manos\\\/#primaryimage\"},\"thumbnailUrl\":\"https:\\\/\\\/www.aquimicasa.net\\\/blog\\\/wp-content\\\/uploads\\\/Portales-inmobiliarios.jpg\",\"keywords\":[\"newsletter 523\"],\"articleSection\":[\"Noticias Mercado Inmobiliario\"],\"inLanguage\":\"es\"},{\"@type\":\"WebPage\",\"@id\":\"https:\\\/\\\/www.aquimicasa.net\\\/blog\\\/vivienda\\\/noticias-mercado-inmobiliario\\\/fotocasa-habitaclia-y-milanuncios-cambian-de-manos\\\/\",\"url\":\"https:\\\/\\\/www.aquimicasa.net\\\/blog\\\/vivienda\\\/noticias-mercado-inmobiliario\\\/fotocasa-habitaclia-y-milanuncios-cambian-de-manos\\\/\",\"name\":\"Fotocasa, Habitaclia y Milanuncios cambian de manos\",\"isPartOf\":{\"@id\":\"https:\\\/\\\/www.aquimicasa.net\\\/blog\\\/#website\"},\"primaryImageOfPage\":{\"@id\":\"https:\\\/\\\/www.aquimicasa.net\\\/blog\\\/vivienda\\\/noticias-mercado-inmobiliario\\\/fotocasa-habitaclia-y-milanuncios-cambian-de-manos\\\/#primaryimage\"},\"image\":{\"@id\":\"https:\\\/\\\/www.aquimicasa.net\\\/blog\\\/vivienda\\\/noticias-mercado-inmobiliario\\\/fotocasa-habitaclia-y-milanuncios-cambian-de-manos\\\/#primaryimage\"},\"thumbnailUrl\":\"https:\\\/\\\/www.aquimicasa.net\\\/blog\\\/wp-content\\\/uploads\\\/Portales-inmobiliarios.jpg\",\"datePublished\":\"2025-07-23T16:44:56+00:00\",\"dateModified\":\"2025-07-23T16:47:41+00:00\",\"description\":\"Los seis portales adquiridos por EQT suman alrededor de 146 millones de visitas mensuales, con una plantilla que supera los 1.600 empleados.\",\"breadcrumb\":{\"@id\":\"https:\\\/\\\/www.aquimicasa.net\\\/blog\\\/vivienda\\\/noticias-mercado-inmobiliario\\\/fotocasa-habitaclia-y-milanuncios-cambian-de-manos\\\/#breadcrumb\"},\"inLanguage\":\"es\",\"potentialAction\":[{\"@type\":\"ReadAction\",\"target\":[\"https:\\\/\\\/www.aquimicasa.net\\\/blog\\\/vivienda\\\/noticias-mercado-inmobiliario\\\/fotocasa-habitaclia-y-milanuncios-cambian-de-manos\\\/\"]}]},{\"@type\":\"ImageObject\",\"inLanguage\":\"es\",\"@id\":\"https:\\\/\\\/www.aquimicasa.net\\\/blog\\\/vivienda\\\/noticias-mercado-inmobiliario\\\/fotocasa-habitaclia-y-milanuncios-cambian-de-manos\\\/#primaryimage\",\"url\":\"https:\\\/\\\/www.aquimicasa.net\\\/blog\\\/wp-content\\\/uploads\\\/Portales-inmobiliarios.jpg\",\"contentUrl\":\"https:\\\/\\\/www.aquimicasa.net\\\/blog\\\/wp-content\\\/uploads\\\/Portales-inmobiliarios.jpg\",\"width\":768,\"height\":384,\"caption\":\"IScout24 formaliza la compra de Fotocasa e Idealista\"},{\"@type\":\"BreadcrumbList\",\"@id\":\"https:\\\/\\\/www.aquimicasa.net\\\/blog\\\/vivienda\\\/noticias-mercado-inmobiliario\\\/fotocasa-habitaclia-y-milanuncios-cambian-de-manos\\\/#breadcrumb\",\"itemListElement\":[{\"@type\":\"ListItem\",\"position\":1,\"name\":\"Portada\",\"item\":\"https:\\\/\\\/www.aquimicasa.net\\\/blog\\\/\"},{\"@type\":\"ListItem\",\"position\":2,\"name\":\"Fotocasa, Habitaclia y Milanuncios cambian de manos\"}]},{\"@type\":\"WebSite\",\"@id\":\"https:\\\/\\\/www.aquimicasa.net\\\/blog\\\/#website\",\"url\":\"https:\\\/\\\/www.aquimicasa.net\\\/blog\\\/\",\"name\":\"Blog de aquimicasa.net\",\"description\":\"Noticias del Mundo Inmobiliario\",\"publisher\":{\"@id\":\"https:\\\/\\\/www.aquimicasa.net\\\/blog\\\/#organization\"},\"potentialAction\":[{\"@type\":\"SearchAction\",\"target\":{\"@type\":\"EntryPoint\",\"urlTemplate\":\"https:\\\/\\\/www.aquimicasa.net\\\/blog\\\/?s={search_term_string}\"},\"query-input\":{\"@type\":\"PropertyValueSpecification\",\"valueRequired\":true,\"valueName\":\"search_term_string\"}}],\"inLanguage\":\"es\"},{\"@type\":\"Organization\",\"@id\":\"https:\\\/\\\/www.aquimicasa.net\\\/blog\\\/#organization\",\"name\":\"Blog de aquimicasa.net\",\"url\":\"https:\\\/\\\/www.aquimicasa.net\\\/blog\\\/\",\"logo\":{\"@type\":\"ImageObject\",\"inLanguage\":\"es\",\"@id\":\"https:\\\/\\\/www.aquimicasa.net\\\/blog\\\/#\\\/schema\\\/logo\\\/image\\\/\",\"url\":\"https:\\\/\\\/www.aquimicasa.net\\\/blog\\\/wp-content\\\/uploads\\\/Logo-aquimicasa-1-e1528048213782.png\",\"contentUrl\":\"https:\\\/\\\/www.aquimicasa.net\\\/blog\\\/wp-content\\\/uploads\\\/Logo-aquimicasa-1-e1528048213782.png\",\"width\":225,\"height\":225,\"caption\":\"Blog de aquimicasa.net\"},\"image\":{\"@id\":\"https:\\\/\\\/www.aquimicasa.net\\\/blog\\\/#\\\/schema\\\/logo\\\/image\\\/\"},\"sameAs\":[\"https:\\\/\\\/www.facebook.com\\\/aquimicasa.net\",\"https:\\\/\\\/www.instagram.com\\\/\",\"https:\\\/\\\/x.com\\\/EduLizarragaD\",\"https:\\\/\\\/www.linkedin.com\\\/feed\\\/\"]},{\"@type\":\"Person\",\"@id\":\"https:\\\/\\\/www.aquimicasa.net\\\/blog\\\/#\\\/schema\\\/person\\\/2cdfa2605534583395c8d7ce1d6cac14\",\"name\":\"Eduardo Lizarraga\",\"image\":{\"@type\":\"ImageObject\",\"inLanguage\":\"es\",\"@id\":\"https:\\\/\\\/secure.gravatar.com\\\/avatar\\\/bdabe1eeeed97b65a9cb7de2edd624b07995f7e13abc5fead15961f745f908cc?s=96&d=mm&r=g\",\"url\":\"https:\\\/\\\/secure.gravatar.com\\\/avatar\\\/bdabe1eeeed97b65a9cb7de2edd624b07995f7e13abc5fead15961f745f908cc?s=96&d=mm&r=g\",\"contentUrl\":\"https:\\\/\\\/secure.gravatar.com\\\/avatar\\\/bdabe1eeeed97b65a9cb7de2edd624b07995f7e13abc5fead15961f745f908cc?s=96&d=mm&r=g\",\"caption\":\"Eduardo Lizarraga\"},\"description\":\"Periodista Econ\u00f3mico. Ha trabajado en diversos campos de la informaci\u00f3n. Corresponsal en conflictos, analista pol\u00edtico en Congreso y Senado, periodista del medio ambiente, editor, director editorial, director de comunicaci\u00f3n.... En estos momentos se ha especializado en el sector inmobiliario. Pero tambi\u00e9n es navegante y viajero, preocupado por la pobreza, el medio ambiente y por las actuaciones descontroladas del neoliberalismo empresarial y pol\u00edtico en todo el mundo. Los desahucios, la pobreza infantil y la falta de acceso a los suministros b\u00e1sicos son algunos de los grandes dramas de nuestra sociedad y que es preciso solucionar para hacerla m\u00e1s justa. CEO en www.aquimicasa.net\",\"sameAs\":[\"https:\\\/\\\/www.aquimicasa.net\\\/\"],\"url\":\"https:\\\/\\\/www.aquimicasa.net\\\/blog\\\/author\\\/eduardo\\\/\"}]}<\/script>\n<!-- \/ Yoast SEO plugin. -->","yoast_head_json":{"title":"Fotocasa, Habitaclia y Milanuncios cambian de manos","description":"Los seis portales adquiridos por EQT suman alrededor de 146 millones de visitas mensuales, con una plantilla que supera los 1.600 empleados.","robots":{"index":"index","follow":"follow","max-snippet":"max-snippet:-1","max-image-preview":"max-image-preview:large","max-video-preview":"max-video-preview:-1"},"canonical":"https:\/\/www.aquimicasa.net\/blog\/vivienda\/noticias-mercado-inmobiliario\/fotocasa-habitaclia-y-milanuncios-cambian-de-manos\/","og_locale":"es_ES","og_type":"article","og_title":"Fotocasa, Habitaclia y Milanuncios cambian de manos","og_description":"Los seis portales adquiridos por EQT suman alrededor de 146 millones de visitas mensuales, con una plantilla que supera los 1.600 empleados.","og_url":"https:\/\/www.aquimicasa.net\/blog\/vivienda\/noticias-mercado-inmobiliario\/fotocasa-habitaclia-y-milanuncios-cambian-de-manos\/","og_site_name":"Blog de aquimicasa.net","article_publisher":"https:\/\/www.facebook.com\/aquimicasa.net","article_published_time":"2025-07-23T16:44:56+00:00","article_modified_time":"2025-07-23T16:47:41+00:00","og_image":[{"width":768,"height":384,"url":"https:\/\/www.aquimicasa.net\/blog\/wp-content\/uploads\/Portales-inmobiliarios.jpg","type":"image\/jpeg"}],"author":"Eduardo Lizarraga","twitter_misc":{"Escrito por":"Eduardo Lizarraga","Tiempo de lectura":"6 minutos"},"schema":{"@context":"https:\/\/schema.org","@graph":[{"@type":"Article","@id":"https:\/\/www.aquimicasa.net\/blog\/vivienda\/noticias-mercado-inmobiliario\/fotocasa-habitaclia-y-milanuncios-cambian-de-manos\/#article","isPartOf":{"@id":"https:\/\/www.aquimicasa.net\/blog\/vivienda\/noticias-mercado-inmobiliario\/fotocasa-habitaclia-y-milanuncios-cambian-de-manos\/"},"author":{"name":"Eduardo Lizarraga","@id":"https:\/\/www.aquimicasa.net\/blog\/#\/schema\/person\/2cdfa2605534583395c8d7ce1d6cac14"},"headline":"Fotocasa, Habitaclia y Milanuncios cambian de manos","datePublished":"2025-07-23T16:44:56+00:00","dateModified":"2025-07-23T16:47:41+00:00","mainEntityOfPage":{"@id":"https:\/\/www.aquimicasa.net\/blog\/vivienda\/noticias-mercado-inmobiliario\/fotocasa-habitaclia-y-milanuncios-cambian-de-manos\/"},"wordCount":1304,"publisher":{"@id":"https:\/\/www.aquimicasa.net\/blog\/#organization"},"image":{"@id":"https:\/\/www.aquimicasa.net\/blog\/vivienda\/noticias-mercado-inmobiliario\/fotocasa-habitaclia-y-milanuncios-cambian-de-manos\/#primaryimage"},"thumbnailUrl":"https:\/\/www.aquimicasa.net\/blog\/wp-content\/uploads\/Portales-inmobiliarios.jpg","keywords":["newsletter 523"],"articleSection":["Noticias Mercado Inmobiliario"],"inLanguage":"es"},{"@type":"WebPage","@id":"https:\/\/www.aquimicasa.net\/blog\/vivienda\/noticias-mercado-inmobiliario\/fotocasa-habitaclia-y-milanuncios-cambian-de-manos\/","url":"https:\/\/www.aquimicasa.net\/blog\/vivienda\/noticias-mercado-inmobiliario\/fotocasa-habitaclia-y-milanuncios-cambian-de-manos\/","name":"Fotocasa, Habitaclia y Milanuncios cambian de manos","isPartOf":{"@id":"https:\/\/www.aquimicasa.net\/blog\/#website"},"primaryImageOfPage":{"@id":"https:\/\/www.aquimicasa.net\/blog\/vivienda\/noticias-mercado-inmobiliario\/fotocasa-habitaclia-y-milanuncios-cambian-de-manos\/#primaryimage"},"image":{"@id":"https:\/\/www.aquimicasa.net\/blog\/vivienda\/noticias-mercado-inmobiliario\/fotocasa-habitaclia-y-milanuncios-cambian-de-manos\/#primaryimage"},"thumbnailUrl":"https:\/\/www.aquimicasa.net\/blog\/wp-content\/uploads\/Portales-inmobiliarios.jpg","datePublished":"2025-07-23T16:44:56+00:00","dateModified":"2025-07-23T16:47:41+00:00","description":"Los seis portales adquiridos por EQT suman alrededor de 146 millones de visitas mensuales, con una plantilla que supera los 1.600 empleados.","breadcrumb":{"@id":"https:\/\/www.aquimicasa.net\/blog\/vivienda\/noticias-mercado-inmobiliario\/fotocasa-habitaclia-y-milanuncios-cambian-de-manos\/#breadcrumb"},"inLanguage":"es","potentialAction":[{"@type":"ReadAction","target":["https:\/\/www.aquimicasa.net\/blog\/vivienda\/noticias-mercado-inmobiliario\/fotocasa-habitaclia-y-milanuncios-cambian-de-manos\/"]}]},{"@type":"ImageObject","inLanguage":"es","@id":"https:\/\/www.aquimicasa.net\/blog\/vivienda\/noticias-mercado-inmobiliario\/fotocasa-habitaclia-y-milanuncios-cambian-de-manos\/#primaryimage","url":"https:\/\/www.aquimicasa.net\/blog\/wp-content\/uploads\/Portales-inmobiliarios.jpg","contentUrl":"https:\/\/www.aquimicasa.net\/blog\/wp-content\/uploads\/Portales-inmobiliarios.jpg","width":768,"height":384,"caption":"IScout24 formaliza la compra de Fotocasa e Idealista"},{"@type":"BreadcrumbList","@id":"https:\/\/www.aquimicasa.net\/blog\/vivienda\/noticias-mercado-inmobiliario\/fotocasa-habitaclia-y-milanuncios-cambian-de-manos\/#breadcrumb","itemListElement":[{"@type":"ListItem","position":1,"name":"Portada","item":"https:\/\/www.aquimicasa.net\/blog\/"},{"@type":"ListItem","position":2,"name":"Fotocasa, Habitaclia y Milanuncios cambian de manos"}]},{"@type":"WebSite","@id":"https:\/\/www.aquimicasa.net\/blog\/#website","url":"https:\/\/www.aquimicasa.net\/blog\/","name":"Blog de aquimicasa.net","description":"Noticias del Mundo Inmobiliario","publisher":{"@id":"https:\/\/www.aquimicasa.net\/blog\/#organization"},"potentialAction":[{"@type":"SearchAction","target":{"@type":"EntryPoint","urlTemplate":"https:\/\/www.aquimicasa.net\/blog\/?s={search_term_string}"},"query-input":{"@type":"PropertyValueSpecification","valueRequired":true,"valueName":"search_term_string"}}],"inLanguage":"es"},{"@type":"Organization","@id":"https:\/\/www.aquimicasa.net\/blog\/#organization","name":"Blog de aquimicasa.net","url":"https:\/\/www.aquimicasa.net\/blog\/","logo":{"@type":"ImageObject","inLanguage":"es","@id":"https:\/\/www.aquimicasa.net\/blog\/#\/schema\/logo\/image\/","url":"https:\/\/www.aquimicasa.net\/blog\/wp-content\/uploads\/Logo-aquimicasa-1-e1528048213782.png","contentUrl":"https:\/\/www.aquimicasa.net\/blog\/wp-content\/uploads\/Logo-aquimicasa-1-e1528048213782.png","width":225,"height":225,"caption":"Blog de aquimicasa.net"},"image":{"@id":"https:\/\/www.aquimicasa.net\/blog\/#\/schema\/logo\/image\/"},"sameAs":["https:\/\/www.facebook.com\/aquimicasa.net","https:\/\/www.instagram.com\/","https:\/\/x.com\/EduLizarragaD","https:\/\/www.linkedin.com\/feed\/"]},{"@type":"Person","@id":"https:\/\/www.aquimicasa.net\/blog\/#\/schema\/person\/2cdfa2605534583395c8d7ce1d6cac14","name":"Eduardo Lizarraga","image":{"@type":"ImageObject","inLanguage":"es","@id":"https:\/\/secure.gravatar.com\/avatar\/bdabe1eeeed97b65a9cb7de2edd624b07995f7e13abc5fead15961f745f908cc?s=96&d=mm&r=g","url":"https:\/\/secure.gravatar.com\/avatar\/bdabe1eeeed97b65a9cb7de2edd624b07995f7e13abc5fead15961f745f908cc?s=96&d=mm&r=g","contentUrl":"https:\/\/secure.gravatar.com\/avatar\/bdabe1eeeed97b65a9cb7de2edd624b07995f7e13abc5fead15961f745f908cc?s=96&d=mm&r=g","caption":"Eduardo Lizarraga"},"description":"Periodista Econ\u00f3mico. Ha trabajado en diversos campos de la informaci\u00f3n. Corresponsal en conflictos, analista pol\u00edtico en Congreso y Senado, periodista del medio ambiente, editor, director editorial, director de comunicaci\u00f3n.... En estos momentos se ha especializado en el sector inmobiliario. Pero tambi\u00e9n es navegante y viajero, preocupado por la pobreza, el medio ambiente y por las actuaciones descontroladas del neoliberalismo empresarial y pol\u00edtico en todo el mundo. Los desahucios, la pobreza infantil y la falta de acceso a los suministros b\u00e1sicos son algunos de los grandes dramas de nuestra sociedad y que es preciso solucionar para hacerla m\u00e1s justa. CEO en www.aquimicasa.net","sameAs":["https:\/\/www.aquimicasa.net\/"],"url":"https:\/\/www.aquimicasa.net\/blog\/author\/eduardo\/"}]}},"jetpack_publicize_connections":[],"jetpack_featured_media_url":"https:\/\/www.aquimicasa.net\/blog\/wp-content\/uploads\/Portales-inmobiliarios.jpg","jetpack_sharing_enabled":true,"jetpack_likes_enabled":true,"_links":{"self":[{"href":"https:\/\/www.aquimicasa.net\/blog\/wp-json\/wp\/v2\/posts\/52417","targetHints":{"allow":["GET"]}}],"collection":[{"href":"https:\/\/www.aquimicasa.net\/blog\/wp-json\/wp\/v2\/posts"}],"about":[{"href":"https:\/\/www.aquimicasa.net\/blog\/wp-json\/wp\/v2\/types\/post"}],"author":[{"embeddable":true,"href":"https:\/\/www.aquimicasa.net\/blog\/wp-json\/wp\/v2\/users\/3"}],"replies":[{"embeddable":true,"href":"https:\/\/www.aquimicasa.net\/blog\/wp-json\/wp\/v2\/comments?post=52417"}],"version-history":[{"count":5,"href":"https:\/\/www.aquimicasa.net\/blog\/wp-json\/wp\/v2\/posts\/52417\/revisions"}],"predecessor-version":[{"id":52423,"href":"https:\/\/www.aquimicasa.net\/blog\/wp-json\/wp\/v2\/posts\/52417\/revisions\/52423"}],"wp:featuredmedia":[{"embeddable":true,"href":"https:\/\/www.aquimicasa.net\/blog\/wp-json\/wp\/v2\/media\/35867"}],"wp:attachment":[{"href":"https:\/\/www.aquimicasa.net\/blog\/wp-json\/wp\/v2\/media?parent=52417"}],"wp:term":[{"taxonomy":"category","embeddable":true,"href":"https:\/\/www.aquimicasa.net\/blog\/wp-json\/wp\/v2\/categories?post=52417"},{"taxonomy":"post_tag","embeddable":true,"href":"https:\/\/www.aquimicasa.net\/blog\/wp-json\/wp\/v2\/tags?post=52417"}],"curies":[{"name":"wp","href":"https:\/\/api.w.org\/{rel}","templated":true}]}}