{"id":52620,"date":"2025-08-10T18:34:13","date_gmt":"2025-08-10T16:34:13","guid":{"rendered":"https:\/\/www.aquimicasa.net\/blog\/?p=52620"},"modified":"2025-09-15T18:26:03","modified_gmt":"2025-09-15T16:26:03","slug":"la-consultas-de-inquilinos-en-las-organizaciones-de-consumo","status":"publish","type":"post","link":"https:\/\/www.aquimicasa.net\/blog\/consumo\/asociacion-de-consumidores\/la-consultas-de-inquilinos-en-las-organizaciones-de-consumo\/","title":{"rendered":"La consultas de inquilinos en las organizaciones de consumo"},"content":{"rendered":"<div class=\"fusion-fullwidth fullwidth-box fusion-builder-row-1 fusion-flex-container nonhundred-percent-fullwidth non-hundred-percent-height-scrolling\" style=\"background-color: rgba(255,255,255,0);background-position: center center;background-repeat: no-repeat;border-width: 0px 0px 0px 0px;border-color:#eae9e9;border-style:solid;\" ><div class=\"fusion-builder-row fusion-row fusion-flex-align-items-flex-start\" style=\"max-width:1144px;margin-left: calc(-4% \/ 2 );margin-right: calc(-4% \/ 2 );\"><div class=\"fusion-layout-column fusion_builder_column fusion-builder-column-0 fusion_builder_column_1_1 1_1 fusion-flex-column\"><div class=\"fusion-column-wrapper fusion-flex-justify-content-flex-start fusion-content-layout-column\" style=\"background-position:left top;background-repeat:no-repeat;-webkit-background-size:cover;-moz-background-size:cover;-o-background-size:cover;background-size:cover;padding: 0px 0px 0px 0px;\"><div class=\"fusion-text fusion-text-1\"><div class=\"teaser-holder\">\n<p>En un contexto de creciente tensi\u00f3n en el mercado del alquiler, las organizaciones de consumidores registran un aumento significativo de consultas por parte de inquilinos preocupados por las condiciones de sus contratos. La Organizaci\u00f3n de Consumidores y Usuarios (OCU) ha confirmado que en el \u00faltimo a\u00f1o ha recibido m\u00e1s de <b>25.000 consultas relacionadas con arrendamientos<\/b>, un indicador claro de la falta de oferta, el endurecimiento de las condiciones y el desconocimiento generalizado de los derechos y obligaciones que regula la Ley de Arrendamientos Urbanos (LAU). Los meses de agosto y septiembre, cuando se concentra la mayor firma de contratos de alquiler, son tambi\u00e9n los de mayor actividad en los servicios de asesoramiento. Aunque la LAU busca un equilibrio entre propietarios e inquilinos, deja margen para la negociaci\u00f3n de ciertas cl\u00e1usulas, lo que puede derivar en perjuicios si no se revisan con detenimiento antes de firmar.<\/p>\n<h2><strong>OCU recibe 25.000 consultas<\/strong><\/h2>\n<p>Entre las consultas atendidas por OCU, cinco puntos destacan por su frecuencia y relevancia. El primero es la <b>actualizaci\u00f3n de la renta<\/b>. Si el contrato no especifica este punto, el arrendador no podr\u00e1 subir el precio durante toda la vigencia del alquiler. En caso de que s\u00ed se incluya, la subida est\u00e1 limitada por ley: en contratos firmados desde el 26 de mayo de 2023 se aplica el \u00cdndice de Referencia de Arrendamientos Urbanos (IRAV), mientras que en los anteriores se mantiene el IPC como tope. El segundo punto es el <b>preaviso para la finalizaci\u00f3n del alquiler<\/b>. La ley establece que no puede ser inferior a cuatro meses. Si el arrendador incumple este plazo, el contrato podr\u00eda prorrogarse autom\u00e1ticamente tres a\u00f1os m\u00e1s si as\u00ed lo solicita el inquilino.<\/p>\n<h2><strong>No incluir cl\u00e1usulas como la actualizaci\u00f3n de la renta y la posibilidad de recuperar la vivienda por necesidad perjudicaran al propietario<\/strong><\/h2>\n<p>Otro aspecto conflictivo es la <b>recuperaci\u00f3n de la vivienda por necesidad<\/b> del propietario o de familiares cercanos. La ley lo permite antes de los cinco a\u00f1os de contrato, pero solo si esta cl\u00e1usula figura por escrito en el contrato inicial. Su ausencia implica que el propietario pierde la posibilidad de reclamar el inmueble por esta v\u00eda.<\/p>\n<h2><strong>Las cl\u00e1usulas que perjudican al inquilino no son negociables<\/strong><\/h2>\n<p>Aunque algunos contratos incluyen la obligaci\u00f3n del inquilino de pagar <b>obras de conservaci\u00f3n<\/b>, la LAU establece que estas son responsabilidad del arrendador. Lo mismo ocurre con los gastos de comunidad: por defecto los paga el propietario, aunque puede pactarse lo contrario siempre que quede claramente reflejado en el contrato y el inquilino sea informado del importe exacto en el momento de la firma. Sin embargo, las cl\u00e1usulas que contravengan derechos irrenunciables del inquilino no tienen validez legal, incluso aunque este las firme.<\/p>\n<h2><strong>Las consultas m\u00e1s comunes<\/strong><\/h2>\n<p>OCU se\u00f1ala que, adem\u00e1s de estos cinco puntos, se multiplican las dudas sobre <b>mercados tensionados<\/b>. En las zonas declaradas como tales (parte de Catalu\u00f1a, municipios de Navarra, Pa\u00eds Vasco y La Coru\u00f1a), la renta inicial de un contrato debe ajustarse al precio del contrato anterior de esa vivienda y no puede superar el l\u00edmite legal establecido. Adem\u00e1s, el pago de honorarios de agencia recae siempre sobre el arrendador. El repunte de consultas tambi\u00e9n refleja un escenario en el que la demanda de vivienda en alquiler supera con creces la oferta disponible, lo que dificulta que el inquilino pueda negociar condiciones m\u00e1s favorables. Esta situaci\u00f3n se ve agravada por el crecimiento del <b>alquiler tur\u00edstico<\/b>, que retrae parte del parque residencial, especialmente en zonas costeras y ciudades con alta afluencia tur\u00edstica. El resultado es un encarecimiento generalizado de los precios y una mayor presi\u00f3n sobre el mercado convencional.<\/p>\n<h2><strong>La oferta del alquiler tur\u00edstico contin\u00faa increment\u00e1ndose<\/strong><\/h2>\n<p>Seg\u00fan datos de portales inmobiliarios, en algunas ciudades el alquiler tur\u00edstico ya supone m\u00e1s del 15% de la oferta total, lo que empuja a los inquilinos a aceptar condiciones menos ventajosas por miedo a perder la vivienda deseada. OCU insiste en la importancia de que los arrendatarios <b>lean detenidamente cada cl\u00e1usula<\/b>, se informen de sus derechos y soliciten la modificaci\u00f3n de aquellas que puedan generarles perjuicio, recordando que la firma de un contrato no siempre implica la renuncia a derechos reconocidos por la ley. La organizaci\u00f3n alerta tambi\u00e9n del riesgo de contratos verbales o poco detallados, que pueden derivar en conflictos futuros. En este escenario, con un mercado tensionado, precios al alza y un marco legal en constante actualizaci\u00f3n, la transparencia y la informaci\u00f3n se convierten en herramientas esenciales para proteger a ambas partes. La proliferaci\u00f3n de cl\u00e1usulas abusivas y la dificultad para negociar condiciones ponen de relieve la necesidad de reforzar la educaci\u00f3n legal en materia de vivienda y de mejorar los mecanismos de control sobre el mercado del alquiler. #alquileres #OCU #vivienda #mercadotensionado #derechosinquilinos #contratodealquiler #consumo #mercadoinmobiliario #viviendaturistica #LeyArrendamientosUrbanos #actualizacionrenta #gastoscomunidad #clausulasabusivas #propietarios #inquilinos<\/p>\n<\/div>\n<\/div><\/div><style type=\"text\/css\">.fusion-body .fusion-builder-column-0{width:100% !important;margin-top : 0px;margin-bottom : 0px;}.fusion-builder-column-0 > .fusion-column-wrapper {padding-top : 0px !important;padding-right : 0px !important;margin-right : 1.92%;padding-bottom : 0px !important;padding-left : 0px !important;margin-left : 1.92%;}@media only screen and (max-width:1024px) {.fusion-body .fusion-builder-column-0{width:100% !important;}.fusion-builder-column-0 > .fusion-column-wrapper {margin-right : 1.92%;margin-left : 1.92%;}}@media only screen and (max-width:640px) {.fusion-body .fusion-builder-column-0{width:100% !important;}.fusion-builder-column-0 > .fusion-column-wrapper {margin-right : 1.92%;margin-left : 1.92%;}}<\/style><\/div><\/div><style type=\"text\/css\">.fusion-body .fusion-flex-container.fusion-builder-row-1{ padding-top : 0px;margin-top : 0px;padding-right : 0px;padding-bottom : 0px;margin-bottom : 0px;padding-left : 0px;}<\/style><\/div>\n","protected":false},"excerpt":{"rendered":"<p>La Organizaci\u00f3n de Consumidores y Usuarios (OCU) ha confirmado que en el \u00faltimo a\u00f1o ha recibido m\u00e1s de 25.000 consultas relacionadas con arrendamientos, un indicador claro de la falta de oferta, el endurecimiento de las condiciones y el desconocimiento generalizado de los derechos y obligaciones que regula la Ley de Arrendamientos Urbanos (LAU).<\/p>\n","protected":false},"author":3,"featured_media":47367,"comment_status":"closed","ping_status":"closed","sticky":false,"template":"","format":"standard","meta":{"_jetpack_memberships_contains_paid_content":false,"footnotes":"","jetpack_publicize_message":"","jetpack_publicize_feature_enabled":true,"jetpack_social_post_already_shared":true,"jetpack_social_options":{"image_generator_settings":{"template":"highway","default_image_id":0,"font":"","enabled":false},"version":2}},"categories":[641],"tags":[8247,8252],"class_list":["post-52620","post","type-post","status-publish","format-standard","has-post-thumbnail","hentry","category-asociacion-de-consumidores","tag-newsletter-526","tag-newsletter-530"],"yoast_head":"<!-- This site is optimized with the Yoast SEO plugin v27.5 - https:\/\/yoast.com\/product\/yoast-seo-wordpress\/ -->\n<title>La consultas de inquilinos en las organizaciones de consumo<\/title>\n<meta name=\"description\" content=\"Si el contrato no especifica la actualizaci\u00f3n de la renta, el arrendador no podr\u00e1 subir el precio durante toda la vigencia del alquiler\" \/>\n<meta name=\"robots\" content=\"index, follow, max-snippet:-1, max-image-preview:large, max-video-preview:-1\" \/>\n<link rel=\"canonical\" href=\"https:\/\/www.aquimicasa.net\/blog\/consumo\/asociacion-de-consumidores\/la-consultas-de-inquilinos-en-las-organizaciones-de-consumo\/\" \/>\n<meta property=\"og:locale\" content=\"es_ES\" \/>\n<meta property=\"og:type\" content=\"article\" \/>\n<meta property=\"og:title\" content=\"La consultas de inquilinos en las organizaciones de consumo\" \/>\n<meta property=\"og:description\" content=\"Si el contrato no especifica la actualizaci\u00f3n de la renta, el arrendador no podr\u00e1 subir el precio durante toda la vigencia del alquiler\" \/>\n<meta property=\"og:url\" content=\"https:\/\/www.aquimicasa.net\/blog\/consumo\/asociacion-de-consumidores\/la-consultas-de-inquilinos-en-las-organizaciones-de-consumo\/\" \/>\n<meta property=\"og:site_name\" content=\"Blog de aquimicasa.net\" \/>\n<meta property=\"article:publisher\" content=\"https:\/\/www.facebook.com\/aquimicasa.net\" \/>\n<meta property=\"article:published_time\" content=\"2025-08-10T16:34:13+00:00\" \/>\n<meta property=\"article:modified_time\" content=\"2025-09-15T16:26:03+00:00\" \/>\n<meta property=\"og:image\" content=\"https:\/\/www.aquimicasa.net\/blog\/wp-content\/uploads\/alquiler-temporal-e1712213834215.jpeg\" \/>\n\t<meta property=\"og:image:width\" content=\"500\" \/>\n\t<meta property=\"og:image:height\" content=\"313\" \/>\n\t<meta property=\"og:image:type\" content=\"image\/jpeg\" \/>\n<meta name=\"author\" content=\"Eduardo Lizarraga\" \/>\n<meta name=\"twitter:label1\" content=\"Escrito por\" \/>\n\t<meta name=\"twitter:data1\" content=\"Eduardo Lizarraga\" \/>\n\t<meta name=\"twitter:label2\" content=\"Tiempo de lectura\" \/>\n\t<meta name=\"twitter:data2\" content=\"5 minutos\" \/>\n<script type=\"application\/ld+json\" class=\"yoast-schema-graph\">{\"@context\":\"https:\\\/\\\/schema.org\",\"@graph\":[{\"@type\":\"Article\",\"@id\":\"https:\\\/\\\/www.aquimicasa.net\\\/blog\\\/consumo\\\/asociacion-de-consumidores\\\/la-consultas-de-inquilinos-en-las-organizaciones-de-consumo\\\/#article\",\"isPartOf\":{\"@id\":\"https:\\\/\\\/www.aquimicasa.net\\\/blog\\\/consumo\\\/asociacion-de-consumidores\\\/la-consultas-de-inquilinos-en-las-organizaciones-de-consumo\\\/\"},\"author\":{\"name\":\"Eduardo Lizarraga\",\"@id\":\"https:\\\/\\\/www.aquimicasa.net\\\/blog\\\/#\\\/schema\\\/person\\\/2cdfa2605534583395c8d7ce1d6cac14\"},\"headline\":\"La consultas de inquilinos en las organizaciones de consumo\",\"datePublished\":\"2025-08-10T16:34:13+00:00\",\"dateModified\":\"2025-09-15T16:26:03+00:00\",\"mainEntityOfPage\":{\"@id\":\"https:\\\/\\\/www.aquimicasa.net\\\/blog\\\/consumo\\\/asociacion-de-consumidores\\\/la-consultas-de-inquilinos-en-las-organizaciones-de-consumo\\\/\"},\"wordCount\":1083,\"publisher\":{\"@id\":\"https:\\\/\\\/www.aquimicasa.net\\\/blog\\\/#organization\"},\"image\":{\"@id\":\"https:\\\/\\\/www.aquimicasa.net\\\/blog\\\/consumo\\\/asociacion-de-consumidores\\\/la-consultas-de-inquilinos-en-las-organizaciones-de-consumo\\\/#primaryimage\"},\"thumbnailUrl\":\"https:\\\/\\\/www.aquimicasa.net\\\/blog\\\/wp-content\\\/uploads\\\/alquiler-temporal-e1712213834215.jpeg\",\"keywords\":[\"newsletter 526\",\"newsletter 530\"],\"articleSection\":[\"Asociaciones de Consumidores\"],\"inLanguage\":\"es\"},{\"@type\":\"WebPage\",\"@id\":\"https:\\\/\\\/www.aquimicasa.net\\\/blog\\\/consumo\\\/asociacion-de-consumidores\\\/la-consultas-de-inquilinos-en-las-organizaciones-de-consumo\\\/\",\"url\":\"https:\\\/\\\/www.aquimicasa.net\\\/blog\\\/consumo\\\/asociacion-de-consumidores\\\/la-consultas-de-inquilinos-en-las-organizaciones-de-consumo\\\/\",\"name\":\"La consultas de inquilinos en las organizaciones de consumo\",\"isPartOf\":{\"@id\":\"https:\\\/\\\/www.aquimicasa.net\\\/blog\\\/#website\"},\"primaryImageOfPage\":{\"@id\":\"https:\\\/\\\/www.aquimicasa.net\\\/blog\\\/consumo\\\/asociacion-de-consumidores\\\/la-consultas-de-inquilinos-en-las-organizaciones-de-consumo\\\/#primaryimage\"},\"image\":{\"@id\":\"https:\\\/\\\/www.aquimicasa.net\\\/blog\\\/consumo\\\/asociacion-de-consumidores\\\/la-consultas-de-inquilinos-en-las-organizaciones-de-consumo\\\/#primaryimage\"},\"thumbnailUrl\":\"https:\\\/\\\/www.aquimicasa.net\\\/blog\\\/wp-content\\\/uploads\\\/alquiler-temporal-e1712213834215.jpeg\",\"datePublished\":\"2025-08-10T16:34:13+00:00\",\"dateModified\":\"2025-09-15T16:26:03+00:00\",\"description\":\"Si el contrato no especifica la actualizaci\u00f3n de la renta, el arrendador no podr\u00e1 subir el precio durante toda la vigencia del alquiler\",\"breadcrumb\":{\"@id\":\"https:\\\/\\\/www.aquimicasa.net\\\/blog\\\/consumo\\\/asociacion-de-consumidores\\\/la-consultas-de-inquilinos-en-las-organizaciones-de-consumo\\\/#breadcrumb\"},\"inLanguage\":\"es\",\"potentialAction\":[{\"@type\":\"ReadAction\",\"target\":[\"https:\\\/\\\/www.aquimicasa.net\\\/blog\\\/consumo\\\/asociacion-de-consumidores\\\/la-consultas-de-inquilinos-en-las-organizaciones-de-consumo\\\/\"]}]},{\"@type\":\"ImageObject\",\"inLanguage\":\"es\",\"@id\":\"https:\\\/\\\/www.aquimicasa.net\\\/blog\\\/consumo\\\/asociacion-de-consumidores\\\/la-consultas-de-inquilinos-en-las-organizaciones-de-consumo\\\/#primaryimage\",\"url\":\"https:\\\/\\\/www.aquimicasa.net\\\/blog\\\/wp-content\\\/uploads\\\/alquiler-temporal-e1712213834215.jpeg\",\"contentUrl\":\"https:\\\/\\\/www.aquimicasa.net\\\/blog\\\/wp-content\\\/uploads\\\/alquiler-temporal-e1712213834215.jpeg\",\"width\":500,\"height\":313,\"caption\":\"La normativa catalana para el alquiler temporal llegar\u00e1 al resto del Estado\"},{\"@type\":\"BreadcrumbList\",\"@id\":\"https:\\\/\\\/www.aquimicasa.net\\\/blog\\\/consumo\\\/asociacion-de-consumidores\\\/la-consultas-de-inquilinos-en-las-organizaciones-de-consumo\\\/#breadcrumb\",\"itemListElement\":[{\"@type\":\"ListItem\",\"position\":1,\"name\":\"Portada\",\"item\":\"https:\\\/\\\/www.aquimicasa.net\\\/blog\\\/\"},{\"@type\":\"ListItem\",\"position\":2,\"name\":\"La consultas de inquilinos en las organizaciones de consumo\"}]},{\"@type\":\"WebSite\",\"@id\":\"https:\\\/\\\/www.aquimicasa.net\\\/blog\\\/#website\",\"url\":\"https:\\\/\\\/www.aquimicasa.net\\\/blog\\\/\",\"name\":\"Blog de aquimicasa.net\",\"description\":\"Noticias del Mundo Inmobiliario\",\"publisher\":{\"@id\":\"https:\\\/\\\/www.aquimicasa.net\\\/blog\\\/#organization\"},\"potentialAction\":[{\"@type\":\"SearchAction\",\"target\":{\"@type\":\"EntryPoint\",\"urlTemplate\":\"https:\\\/\\\/www.aquimicasa.net\\\/blog\\\/?s={search_term_string}\"},\"query-input\":{\"@type\":\"PropertyValueSpecification\",\"valueRequired\":true,\"valueName\":\"search_term_string\"}}],\"inLanguage\":\"es\"},{\"@type\":\"Organization\",\"@id\":\"https:\\\/\\\/www.aquimicasa.net\\\/blog\\\/#organization\",\"name\":\"Blog de aquimicasa.net\",\"url\":\"https:\\\/\\\/www.aquimicasa.net\\\/blog\\\/\",\"logo\":{\"@type\":\"ImageObject\",\"inLanguage\":\"es\",\"@id\":\"https:\\\/\\\/www.aquimicasa.net\\\/blog\\\/#\\\/schema\\\/logo\\\/image\\\/\",\"url\":\"https:\\\/\\\/www.aquimicasa.net\\\/blog\\\/wp-content\\\/uploads\\\/Logo-aquimicasa-1-e1528048213782.png\",\"contentUrl\":\"https:\\\/\\\/www.aquimicasa.net\\\/blog\\\/wp-content\\\/uploads\\\/Logo-aquimicasa-1-e1528048213782.png\",\"width\":225,\"height\":225,\"caption\":\"Blog de aquimicasa.net\"},\"image\":{\"@id\":\"https:\\\/\\\/www.aquimicasa.net\\\/blog\\\/#\\\/schema\\\/logo\\\/image\\\/\"},\"sameAs\":[\"https:\\\/\\\/www.facebook.com\\\/aquimicasa.net\",\"https:\\\/\\\/www.instagram.com\\\/\",\"https:\\\/\\\/x.com\\\/EduLizarragaD\",\"https:\\\/\\\/www.linkedin.com\\\/feed\\\/\"]},{\"@type\":\"Person\",\"@id\":\"https:\\\/\\\/www.aquimicasa.net\\\/blog\\\/#\\\/schema\\\/person\\\/2cdfa2605534583395c8d7ce1d6cac14\",\"name\":\"Eduardo Lizarraga\",\"image\":{\"@type\":\"ImageObject\",\"inLanguage\":\"es\",\"@id\":\"https:\\\/\\\/secure.gravatar.com\\\/avatar\\\/bdabe1eeeed97b65a9cb7de2edd624b07995f7e13abc5fead15961f745f908cc?s=96&d=mm&r=g\",\"url\":\"https:\\\/\\\/secure.gravatar.com\\\/avatar\\\/bdabe1eeeed97b65a9cb7de2edd624b07995f7e13abc5fead15961f745f908cc?s=96&d=mm&r=g\",\"contentUrl\":\"https:\\\/\\\/secure.gravatar.com\\\/avatar\\\/bdabe1eeeed97b65a9cb7de2edd624b07995f7e13abc5fead15961f745f908cc?s=96&d=mm&r=g\",\"caption\":\"Eduardo Lizarraga\"},\"description\":\"Periodista Econ\u00f3mico. Ha trabajado en diversos campos de la informaci\u00f3n. Corresponsal en conflictos, analista pol\u00edtico en Congreso y Senado, periodista del medio ambiente, editor, director editorial, director de comunicaci\u00f3n.... En estos momentos se ha especializado en el sector inmobiliario. Pero tambi\u00e9n es navegante y viajero, preocupado por la pobreza, el medio ambiente y por las actuaciones descontroladas del neoliberalismo empresarial y pol\u00edtico en todo el mundo. Los desahucios, la pobreza infantil y la falta de acceso a los suministros b\u00e1sicos son algunos de los grandes dramas de nuestra sociedad y que es preciso solucionar para hacerla m\u00e1s justa. CEO en www.aquimicasa.net\",\"sameAs\":[\"https:\\\/\\\/www.aquimicasa.net\\\/\"],\"url\":\"https:\\\/\\\/www.aquimicasa.net\\\/blog\\\/author\\\/eduardo\\\/\"}]}<\/script>\n<!-- \/ Yoast SEO plugin. -->","yoast_head_json":{"title":"La consultas de inquilinos en las organizaciones de consumo","description":"Si el contrato no especifica la actualizaci\u00f3n de la renta, el arrendador no podr\u00e1 subir el precio durante toda la vigencia del alquiler","robots":{"index":"index","follow":"follow","max-snippet":"max-snippet:-1","max-image-preview":"max-image-preview:large","max-video-preview":"max-video-preview:-1"},"canonical":"https:\/\/www.aquimicasa.net\/blog\/consumo\/asociacion-de-consumidores\/la-consultas-de-inquilinos-en-las-organizaciones-de-consumo\/","og_locale":"es_ES","og_type":"article","og_title":"La consultas de inquilinos en las organizaciones de consumo","og_description":"Si el contrato no especifica la actualizaci\u00f3n de la renta, el arrendador no podr\u00e1 subir el precio durante toda la vigencia del alquiler","og_url":"https:\/\/www.aquimicasa.net\/blog\/consumo\/asociacion-de-consumidores\/la-consultas-de-inquilinos-en-las-organizaciones-de-consumo\/","og_site_name":"Blog de aquimicasa.net","article_publisher":"https:\/\/www.facebook.com\/aquimicasa.net","article_published_time":"2025-08-10T16:34:13+00:00","article_modified_time":"2025-09-15T16:26:03+00:00","og_image":[{"width":500,"height":313,"url":"https:\/\/www.aquimicasa.net\/blog\/wp-content\/uploads\/alquiler-temporal-e1712213834215.jpeg","type":"image\/jpeg"}],"author":"Eduardo Lizarraga","twitter_misc":{"Escrito por":"Eduardo Lizarraga","Tiempo de lectura":"5 minutos"},"schema":{"@context":"https:\/\/schema.org","@graph":[{"@type":"Article","@id":"https:\/\/www.aquimicasa.net\/blog\/consumo\/asociacion-de-consumidores\/la-consultas-de-inquilinos-en-las-organizaciones-de-consumo\/#article","isPartOf":{"@id":"https:\/\/www.aquimicasa.net\/blog\/consumo\/asociacion-de-consumidores\/la-consultas-de-inquilinos-en-las-organizaciones-de-consumo\/"},"author":{"name":"Eduardo Lizarraga","@id":"https:\/\/www.aquimicasa.net\/blog\/#\/schema\/person\/2cdfa2605534583395c8d7ce1d6cac14"},"headline":"La consultas de inquilinos en las organizaciones de consumo","datePublished":"2025-08-10T16:34:13+00:00","dateModified":"2025-09-15T16:26:03+00:00","mainEntityOfPage":{"@id":"https:\/\/www.aquimicasa.net\/blog\/consumo\/asociacion-de-consumidores\/la-consultas-de-inquilinos-en-las-organizaciones-de-consumo\/"},"wordCount":1083,"publisher":{"@id":"https:\/\/www.aquimicasa.net\/blog\/#organization"},"image":{"@id":"https:\/\/www.aquimicasa.net\/blog\/consumo\/asociacion-de-consumidores\/la-consultas-de-inquilinos-en-las-organizaciones-de-consumo\/#primaryimage"},"thumbnailUrl":"https:\/\/www.aquimicasa.net\/blog\/wp-content\/uploads\/alquiler-temporal-e1712213834215.jpeg","keywords":["newsletter 526","newsletter 530"],"articleSection":["Asociaciones de Consumidores"],"inLanguage":"es"},{"@type":"WebPage","@id":"https:\/\/www.aquimicasa.net\/blog\/consumo\/asociacion-de-consumidores\/la-consultas-de-inquilinos-en-las-organizaciones-de-consumo\/","url":"https:\/\/www.aquimicasa.net\/blog\/consumo\/asociacion-de-consumidores\/la-consultas-de-inquilinos-en-las-organizaciones-de-consumo\/","name":"La consultas de inquilinos en las organizaciones de consumo","isPartOf":{"@id":"https:\/\/www.aquimicasa.net\/blog\/#website"},"primaryImageOfPage":{"@id":"https:\/\/www.aquimicasa.net\/blog\/consumo\/asociacion-de-consumidores\/la-consultas-de-inquilinos-en-las-organizaciones-de-consumo\/#primaryimage"},"image":{"@id":"https:\/\/www.aquimicasa.net\/blog\/consumo\/asociacion-de-consumidores\/la-consultas-de-inquilinos-en-las-organizaciones-de-consumo\/#primaryimage"},"thumbnailUrl":"https:\/\/www.aquimicasa.net\/blog\/wp-content\/uploads\/alquiler-temporal-e1712213834215.jpeg","datePublished":"2025-08-10T16:34:13+00:00","dateModified":"2025-09-15T16:26:03+00:00","description":"Si el contrato no especifica la actualizaci\u00f3n de la renta, el arrendador no podr\u00e1 subir el precio durante toda la vigencia del alquiler","breadcrumb":{"@id":"https:\/\/www.aquimicasa.net\/blog\/consumo\/asociacion-de-consumidores\/la-consultas-de-inquilinos-en-las-organizaciones-de-consumo\/#breadcrumb"},"inLanguage":"es","potentialAction":[{"@type":"ReadAction","target":["https:\/\/www.aquimicasa.net\/blog\/consumo\/asociacion-de-consumidores\/la-consultas-de-inquilinos-en-las-organizaciones-de-consumo\/"]}]},{"@type":"ImageObject","inLanguage":"es","@id":"https:\/\/www.aquimicasa.net\/blog\/consumo\/asociacion-de-consumidores\/la-consultas-de-inquilinos-en-las-organizaciones-de-consumo\/#primaryimage","url":"https:\/\/www.aquimicasa.net\/blog\/wp-content\/uploads\/alquiler-temporal-e1712213834215.jpeg","contentUrl":"https:\/\/www.aquimicasa.net\/blog\/wp-content\/uploads\/alquiler-temporal-e1712213834215.jpeg","width":500,"height":313,"caption":"La normativa catalana para el alquiler temporal llegar\u00e1 al resto del Estado"},{"@type":"BreadcrumbList","@id":"https:\/\/www.aquimicasa.net\/blog\/consumo\/asociacion-de-consumidores\/la-consultas-de-inquilinos-en-las-organizaciones-de-consumo\/#breadcrumb","itemListElement":[{"@type":"ListItem","position":1,"name":"Portada","item":"https:\/\/www.aquimicasa.net\/blog\/"},{"@type":"ListItem","position":2,"name":"La consultas de inquilinos en las organizaciones de consumo"}]},{"@type":"WebSite","@id":"https:\/\/www.aquimicasa.net\/blog\/#website","url":"https:\/\/www.aquimicasa.net\/blog\/","name":"Blog de aquimicasa.net","description":"Noticias del Mundo Inmobiliario","publisher":{"@id":"https:\/\/www.aquimicasa.net\/blog\/#organization"},"potentialAction":[{"@type":"SearchAction","target":{"@type":"EntryPoint","urlTemplate":"https:\/\/www.aquimicasa.net\/blog\/?s={search_term_string}"},"query-input":{"@type":"PropertyValueSpecification","valueRequired":true,"valueName":"search_term_string"}}],"inLanguage":"es"},{"@type":"Organization","@id":"https:\/\/www.aquimicasa.net\/blog\/#organization","name":"Blog de aquimicasa.net","url":"https:\/\/www.aquimicasa.net\/blog\/","logo":{"@type":"ImageObject","inLanguage":"es","@id":"https:\/\/www.aquimicasa.net\/blog\/#\/schema\/logo\/image\/","url":"https:\/\/www.aquimicasa.net\/blog\/wp-content\/uploads\/Logo-aquimicasa-1-e1528048213782.png","contentUrl":"https:\/\/www.aquimicasa.net\/blog\/wp-content\/uploads\/Logo-aquimicasa-1-e1528048213782.png","width":225,"height":225,"caption":"Blog de aquimicasa.net"},"image":{"@id":"https:\/\/www.aquimicasa.net\/blog\/#\/schema\/logo\/image\/"},"sameAs":["https:\/\/www.facebook.com\/aquimicasa.net","https:\/\/www.instagram.com\/","https:\/\/x.com\/EduLizarragaD","https:\/\/www.linkedin.com\/feed\/"]},{"@type":"Person","@id":"https:\/\/www.aquimicasa.net\/blog\/#\/schema\/person\/2cdfa2605534583395c8d7ce1d6cac14","name":"Eduardo Lizarraga","image":{"@type":"ImageObject","inLanguage":"es","@id":"https:\/\/secure.gravatar.com\/avatar\/bdabe1eeeed97b65a9cb7de2edd624b07995f7e13abc5fead15961f745f908cc?s=96&d=mm&r=g","url":"https:\/\/secure.gravatar.com\/avatar\/bdabe1eeeed97b65a9cb7de2edd624b07995f7e13abc5fead15961f745f908cc?s=96&d=mm&r=g","contentUrl":"https:\/\/secure.gravatar.com\/avatar\/bdabe1eeeed97b65a9cb7de2edd624b07995f7e13abc5fead15961f745f908cc?s=96&d=mm&r=g","caption":"Eduardo Lizarraga"},"description":"Periodista Econ\u00f3mico. Ha trabajado en diversos campos de la informaci\u00f3n. Corresponsal en conflictos, analista pol\u00edtico en Congreso y Senado, periodista del medio ambiente, editor, director editorial, director de comunicaci\u00f3n.... En estos momentos se ha especializado en el sector inmobiliario. Pero tambi\u00e9n es navegante y viajero, preocupado por la pobreza, el medio ambiente y por las actuaciones descontroladas del neoliberalismo empresarial y pol\u00edtico en todo el mundo. Los desahucios, la pobreza infantil y la falta de acceso a los suministros b\u00e1sicos son algunos de los grandes dramas de nuestra sociedad y que es preciso solucionar para hacerla m\u00e1s justa. CEO en www.aquimicasa.net","sameAs":["https:\/\/www.aquimicasa.net\/"],"url":"https:\/\/www.aquimicasa.net\/blog\/author\/eduardo\/"}]}},"jetpack_publicize_connections":[],"jetpack_featured_media_url":"https:\/\/www.aquimicasa.net\/blog\/wp-content\/uploads\/alquiler-temporal-e1712213834215.jpeg","jetpack_sharing_enabled":true,"jetpack_likes_enabled":true,"_links":{"self":[{"href":"https:\/\/www.aquimicasa.net\/blog\/wp-json\/wp\/v2\/posts\/52620","targetHints":{"allow":["GET"]}}],"collection":[{"href":"https:\/\/www.aquimicasa.net\/blog\/wp-json\/wp\/v2\/posts"}],"about":[{"href":"https:\/\/www.aquimicasa.net\/blog\/wp-json\/wp\/v2\/types\/post"}],"author":[{"embeddable":true,"href":"https:\/\/www.aquimicasa.net\/blog\/wp-json\/wp\/v2\/users\/3"}],"replies":[{"embeddable":true,"href":"https:\/\/www.aquimicasa.net\/blog\/wp-json\/wp\/v2\/comments?post=52620"}],"version-history":[{"count":5,"href":"https:\/\/www.aquimicasa.net\/blog\/wp-json\/wp\/v2\/posts\/52620\/revisions"}],"predecessor-version":[{"id":52661,"href":"https:\/\/www.aquimicasa.net\/blog\/wp-json\/wp\/v2\/posts\/52620\/revisions\/52661"}],"wp:featuredmedia":[{"embeddable":true,"href":"https:\/\/www.aquimicasa.net\/blog\/wp-json\/wp\/v2\/media\/47367"}],"wp:attachment":[{"href":"https:\/\/www.aquimicasa.net\/blog\/wp-json\/wp\/v2\/media?parent=52620"}],"wp:term":[{"taxonomy":"category","embeddable":true,"href":"https:\/\/www.aquimicasa.net\/blog\/wp-json\/wp\/v2\/categories?post=52620"},{"taxonomy":"post_tag","embeddable":true,"href":"https:\/\/www.aquimicasa.net\/blog\/wp-json\/wp\/v2\/tags?post=52620"}],"curies":[{"name":"wp","href":"https:\/\/api.w.org\/{rel}","templated":true}]}}