{"id":52819,"date":"2025-08-31T12:48:22","date_gmt":"2025-08-31T10:48:22","guid":{"rendered":"https:\/\/www.aquimicasa.net\/blog\/?p=52819"},"modified":"2025-08-31T12:48:22","modified_gmt":"2025-08-31T10:48:22","slug":"madrid-prohibe-los-pisos-turisticos-en-edificios-residenciales","status":"publish","type":"post","link":"https:\/\/www.aquimicasa.net\/blog\/vivienda\/alquileres\/madrid-prohibe-los-pisos-turisticos-en-edificios-residenciales\/","title":{"rendered":"Madrid proh\u00edbe los pisos tur\u00edsticos en edificios residenciales"},"content":{"rendered":"<div class=\"fusion-fullwidth fullwidth-box fusion-builder-row-1 fusion-flex-container nonhundred-percent-fullwidth non-hundred-percent-height-scrolling\" style=\"background-color: rgba(255,255,255,0);background-position: center center;background-repeat: no-repeat;border-width: 0px 0px 0px 0px;border-color:#eae9e9;border-style:solid;\" ><div class=\"fusion-builder-row fusion-row fusion-flex-align-items-flex-start\" style=\"max-width:1144px;margin-left: calc(-4% \/ 2 );margin-right: calc(-4% \/ 2 );\"><div class=\"fusion-layout-column fusion_builder_column fusion-builder-column-0 fusion_builder_column_1_1 1_1 fusion-flex-column\"><div class=\"fusion-column-wrapper fusion-flex-justify-content-flex-start fusion-content-layout-column\" style=\"background-position:left top;background-repeat:no-repeat;-webkit-background-size:cover;-moz-background-size:cover;-o-background-size:cover;background-size:cover;padding: 0px 0px 0px 0px;\"><div class=\"fusion-text fusion-text-1\"><p data-start=\"277\" data-end=\"773\">La Comunidad de Madrid ha aprobado definitivamente la modificaci\u00f3n del Plan General de Ordenaci\u00f3n Urbana que permitir\u00e1 que el <b>Plan Reside<\/b> entre en vigor en los pr\u00f3ximos d\u00edas. Con esta decisi\u00f3n, el Ayuntamiento de Madrid pone fin a la proliferaci\u00f3n de <b>pisos tur\u00edsticos en edificios residenciales<\/b>, un fen\u00f3meno que en los \u00faltimos a\u00f1os hab\u00eda generado una intensa presi\u00f3n sobre la vivienda habitual, la convivencia vecinal y la propia identidad de los barrios del centro de la capital.<\/p>\n<p data-start=\"775\" data-end=\"1173\">El Plan Reside llega en un momento de gran debate sobre el acceso a la vivienda en Espa\u00f1a y busca reequilibrar el uso de los espacios urbanos, priorizando el <b>uso residencial<\/b> frente a la explotaci\u00f3n tur\u00edstica descontrolada. La medida supone un punto de inflexi\u00f3n en la pol\u00edtica urban\u00edstica madrile\u00f1a y puede marcar un precedente para otras grandes ciudades que afrontan problemas similares.<\/p>\n<h2><strong>El Plan Reside entrar\u00e1 en vigor en los pr\u00f3ximos d\u00edas<\/strong><\/h2>\n<p data-start=\"1242\" data-end=\"1606\">Una vez publicado en el Bolet\u00edn Oficial de la Comunidad de Madrid, el <b>Plan Reside<\/b> ser\u00e1 plenamente aplicable. Su entrada en vigor prohibir\u00e1 de forma inmediata que operen <b>pisos tur\u00edsticos en edificios residenciales<\/b>, concentrando esta actividad exclusivamente en inmuebles destinados en su totalidad a la explotaci\u00f3n tur\u00edstica o en ejes terciarizados.<\/p>\n<p data-start=\"1608\" data-end=\"1945\">La normativa tambi\u00e9n restringir\u00e1 las nuevas licencias en el centro hist\u00f3rico de la ciudad, donde se hab\u00eda concentrado el mayor n\u00famero de viviendas destinadas al alquiler tur\u00edstico. Seg\u00fan el consistorio, el objetivo es \u201cordenar la oferta tur\u00edstica, mejorar la convivencia vecinal y recuperar el parque de vivienda para uso residencial\u201d.<\/p>\n<h2><strong>\u00bfQu\u00e9 busca el Plan Reside?<\/strong><\/h2>\n<p data-start=\"1991\" data-end=\"2349\">El delegado de Urbanismo, Medio Ambiente y Movilidad, <b>Borja Carabante<\/b>, ha subrayado que el <b>Plan Reside nace para proteger e incentivar el uso residencial en la ciudad<\/b>. La idea es garantizar que el centro de Madrid siga siendo un espacio habitable para los ciudadanos y no un parque tem\u00e1tico dominado por alojamientos temporales para turistas.<\/p>\n<p data-start=\"2351\" data-end=\"2394\">Entre sus objetivos principales destacan:<\/p>\n<ul data-start=\"2396\" data-end=\"2812\">\n<li data-start=\"2396\" data-end=\"2468\">\n<p data-start=\"2398\" data-end=\"2468\"><strong data-start=\"2398\" data-end=\"2435\">Frenar la expulsi\u00f3n de residentes<\/strong> de los barrios m\u00e1s demandados.<\/p>\n<\/li>\n<li data-start=\"2469\" data-end=\"2606\">\n<p data-start=\"2471\" data-end=\"2606\"><strong data-start=\"2471\" data-end=\"2505\">Mejorar la convivencia vecinal<\/strong>, evitando los problemas derivados del trasiego constante de turistas en comunidades residenciales.<\/p>\n<\/li>\n<li data-start=\"2607\" data-end=\"2695\">\n<p data-start=\"2609\" data-end=\"2695\"><strong data-start=\"2609\" data-end=\"2640\">Ordenar la oferta tur\u00edstica<\/strong>, estableciendo criterios claros para los operadores.<\/p>\n<\/li>\n<li data-start=\"2696\" data-end=\"2812\">\n<p data-start=\"2698\" data-end=\"2812\"><strong data-start=\"2698\" data-end=\"2729\">Recuperar vivienda habitual<\/strong> en zonas de alta demanda, reforzando el mercado residencial frente al tur\u00edstico.<\/p>\n<\/li>\n<\/ul>\n<h2><strong>\u00bfCu\u00e1les son sus principales medidas?<\/strong><\/h2>\n<p data-start=\"2868\" data-end=\"3017\">El <b>Plan Reside<\/b> se articula en torno a varias medidas clave que cambian de manera significativa el panorama del alquiler tur\u00edstico en Madrid:<\/p>\n<p data-start=\"3019\" data-end=\"3182\">\u25b6\ufe0f <b>Prohibici\u00f3n de pisos tur\u00edsticos en edificios residenciales.<\/b> La actividad solo podr\u00e1 desarrollarse en inmuebles dedicados por completo al uso tur\u00edstico.<\/p>\n<p data-start=\"3184\" data-end=\"3372\">\u25b6\ufe0f <b>Licencias condicionadas fuera del centro hist\u00f3rico.<\/b> Solo se conceder\u00e1n a pisos con acceso independiente en planta baja o primera planta, evitando as\u00ed conflictos de convivencia.<\/p>\n<p data-start=\"3374\" data-end=\"3561\">\u25b6\ufe0f <b>Transformaci\u00f3n de dotacionales obsoletos.<\/b> Se permitir\u00e1 reconvertir equipamientos privados en viviendas de alquiler asequible o coliving, siempre que se rehabilite el inmueble.<\/p>\n<p data-start=\"3563\" data-end=\"3753\">\u25b6\ufe0f <b>Licencias temporales.<\/b> En inmuebles destinados \u00edntegramente a uso tur\u00edstico, la licencia tendr\u00e1 una duraci\u00f3n m\u00e1xima de 15 a\u00f1os, tras la cual el edificio volver\u00e1 a ser residencial.<\/p>\n<p data-start=\"3755\" data-end=\"3921\">\u25b6\ufe0f <b>Incentivos urban\u00edsticos.<\/b> Se facilitar\u00e1 la transformaci\u00f3n de edificios de oficinas en viviendas residenciales, aumentando la oferta de pisos en la capital.<\/p>\n<p data-start=\"3923\" data-end=\"4103\">\u25b6\ufe0f <b>Protecci\u00f3n del comercio local.<\/b> Se proh\u00edbe su conversi\u00f3n en pisos tur\u00edsticos o viviendas en las principales v\u00edas comerciales, preservando el tejido econ\u00f3mico del centro.<\/p>\n<h2><strong>Borja Carabante asegura que el plan nace para proteger e incentivar el uso residencial en la ciudad<\/strong><\/h2>\n<p data-start=\"4222\" data-end=\"4535\">El delegado Carabante ha insistido en que la prioridad es garantizar la sostenibilidad del modelo urbano de Madrid: \u201cSe trata de recuperar un <b>equilibrio entre actividad tur\u00edstica y residencial<\/b>. El turismo es esencial para la ciudad, pero no puede ser a costa de expulsar a los madrile\u00f1os de sus barrios\u201d.<\/p>\n<p data-start=\"4537\" data-end=\"4874\">Seg\u00fan datos municipales, en el centro hist\u00f3rico se concentran m\u00e1s de 12.000 pisos tur\u00edsticos, de los cuales cerca del 70 % operaban en edificios residenciales. Este fen\u00f3meno hab\u00eda reducido dr\u00e1sticamente la oferta de vivienda para alquiler convencional y disparado los precios, dificultando el acceso a j\u00f3venes, familias y trabajadores.<\/p>\n<h2><strong>\u00bfQu\u00e9 repercusiones puede tener en el sector tur\u00edstico en Madrid?<\/strong><\/h2>\n<p data-start=\"4958\" data-end=\"5265\">La aprobaci\u00f3n del <b>Plan Reside<\/b> generar\u00e1 cambios de calado en el sector tur\u00edstico madrile\u00f1o. Por un lado, reducir\u00e1 de manera significativa la oferta de <b>pisos tur\u00edsticos<\/b> en el centro, obligando a los operadores a concentrarse en bloques exclusivos o a trasladar su actividad a zonas terciarias.<\/p>\n<p data-start=\"5267\" data-end=\"5622\">Para los hoteles tradicionales, esta medida puede suponer una oportunidad. Durante a\u00f1os, los hoteleros hab\u00edan denunciado la competencia desleal de las plataformas de alquiler tur\u00edstico, que operaban sin los mismos requisitos fiscales ni de seguridad. La restricci\u00f3n devolver\u00e1 parte de la demanda al alojamiento reglado, fortaleciendo al sector hotelero.<\/p>\n<p data-start=\"5624\" data-end=\"6008\">No obstante, tambi\u00e9n existen voces cr\u00edticas. Algunos operadores tur\u00edsticos temen que la reducci\u00f3n de oferta encarezca los precios del alojamiento y reduzca la competitividad de Madrid frente a otras capitales europeas. Aun as\u00ed, el Ayuntamiento sostiene que la medida busca garantizar un modelo tur\u00edstico m\u00e1s ordenado, sostenible y compatible con la vida cotidiana de los madrile\u00f1os.<\/p>\n<h2><strong>Un impacto directo en la vivienda y el consumo<\/strong><\/h2>\n<p data-start=\"6074\" data-end=\"6418\">La decisi\u00f3n de <b>prohibir pisos tur\u00edsticos en edificios residenciales<\/b> tendr\u00e1 un efecto inmediato sobre el mercado de la vivienda. Al liberar miles de inmuebles que hasta ahora estaban destinados al alquiler tur\u00edstico, se espera que parte de ellos regresen al mercado residencial, ampliando la oferta y conteniendo la escalada de precios.<\/p>\n<p data-start=\"6420\" data-end=\"6800\">Este efecto ser\u00e1 especialmente visible en barrios como Sol, Malasa\u00f1a, Lavapi\u00e9s o La Latina, donde la presi\u00f3n de la vivienda tur\u00edstica hab\u00eda expulsado a residentes tradicionales y transformado por completo la estructura comercial. La vuelta de pisos al mercado de alquiler habitual podr\u00eda favorecer una cierta estabilizaci\u00f3n de rentas y mejorar la cohesi\u00f3n social de estas zonas.<\/p>\n<p data-start=\"6802\" data-end=\"7028\">Adem\u00e1s, el Plan Reside abre la puerta a nuevas f\u00f3rmulas de vivienda, como el coliving o los alquileres asequibles en dotacionales rehabilitados, lo que refuerza la apuesta por un urbanismo al servicio de la vida residencial.<\/p>\n<h2><strong>Madrid marca el camino hacia un nuevo equilibrio<\/strong><\/h2>\n<p data-start=\"7108\" data-end=\"7479\">La aprobaci\u00f3n del <b>Plan Reside<\/b> y la <b>prohibici\u00f3n de pisos tur\u00edsticos en edificios residenciales<\/b> supone un antes y un despu\u00e9s en la pol\u00edtica urban\u00edstica de Madrid. En una ciudad tensionada por la falta de vivienda y el aumento de precios, el consistorio ha decidido priorizar el uso residencial frente a la expansi\u00f3n ilimitada de los alojamientos tur\u00edsticos.<\/p>\n<p data-start=\"7481\" data-end=\"7706\">Aunque el sector tur\u00edstico tendr\u00e1 que adaptarse a un nuevo escenario m\u00e1s regulado, la medida persigue un modelo urbano equilibrado, donde la convivencia, la vivienda y la actividad econ\u00f3mica puedan coexistir sin conflictos.<\/p>\n<p data-start=\"7708\" data-end=\"7992\">Madrid se convierte as\u00ed en una de las primeras grandes capitales europeas en aplicar una regulaci\u00f3n tan restrictiva sobre los pisos tur\u00edsticos, una decisi\u00f3n que probablemente ser\u00e1 observada con atenci\u00f3n por ciudades como Barcelona, Lisboa o \u00c1msterdam, que enfrentan retos similares.<\/p>\n<\/div><\/div><style type=\"text\/css\">.fusion-body .fusion-builder-column-0{width:100% !important;margin-top : 0px;margin-bottom : 0px;}.fusion-builder-column-0 > .fusion-column-wrapper {padding-top : 0px !important;padding-right : 0px !important;margin-right : 1.92%;padding-bottom : 0px !important;padding-left : 0px !important;margin-left : 1.92%;}@media only screen and (max-width:1024px) {.fusion-body .fusion-builder-column-0{width:100% !important;}.fusion-builder-column-0 > .fusion-column-wrapper {margin-right : 1.92%;margin-left : 1.92%;}}@media only screen and (max-width:640px) {.fusion-body .fusion-builder-column-0{width:100% !important;}.fusion-builder-column-0 > .fusion-column-wrapper {margin-right : 1.92%;margin-left : 1.92%;}}<\/style><\/div><\/div><style type=\"text\/css\">.fusion-body .fusion-flex-container.fusion-builder-row-1{ padding-top : 0px;margin-top : 0px;padding-right : 0px;padding-bottom : 0px;margin-bottom : 0px;padding-left : 0px;}<\/style><\/div>\n","protected":false},"excerpt":{"rendered":"<p>La normativa tambi\u00e9n restringir\u00e1 las nuevas licencias en el centro hist\u00f3rico de la ciudad, donde se hab\u00eda concentrado el mayor n\u00famero de viviendas destinadas al alquiler tur\u00edstico. Seg\u00fan el consistorio, el objetivo es \u201cordenar la oferta tur\u00edstica, mejorar la convivencia vecinal y recuperar el parque de vivienda para uso residencial\u201d.<\/p>\n","protected":false},"author":3,"featured_media":49439,"comment_status":"closed","ping_status":"closed","sticky":false,"template":"","format":"standard","meta":{"_jetpack_memberships_contains_paid_content":false,"footnotes":"","jetpack_publicize_message":"","jetpack_publicize_feature_enabled":true,"jetpack_social_post_already_shared":true,"jetpack_social_options":{"image_generator_settings":{"template":"highway","default_image_id":0,"font":"","enabled":false},"version":2}},"categories":[120],"tags":[8251],"class_list":["post-52819","post","type-post","status-publish","format-standard","has-post-thumbnail","hentry","category-alquileres","tag-newsletter-529"],"yoast_head":"<!-- This site is optimized with the Yoast SEO plugin v28.2 - https:\/\/yoast.com\/product\/yoast-seo-wordpress\/ -->\n<title>Madrid proh\u00edbe los pisos tur\u00edsticos en edificios residenciales<\/title>\n<meta name=\"description\" content=\"En el centro hist\u00f3rico se concentran m\u00e1s de 12.000 pisos tur\u00edsticos, de los cuales cerca del 70 % operan en edificios residenciales.\" \/>\n<meta name=\"robots\" content=\"index, follow, max-snippet:-1, max-image-preview:large, max-video-preview:-1\" \/>\n<link rel=\"canonical\" href=\"https:\/\/www.aquimicasa.net\/blog\/vivienda\/alquileres\/madrid-prohibe-los-pisos-turisticos-en-edificios-residenciales\/\" \/>\n<meta property=\"og:locale\" content=\"es_ES\" \/>\n<meta property=\"og:type\" content=\"article\" \/>\n<meta property=\"og:title\" content=\"Madrid proh\u00edbe los pisos tur\u00edsticos en edificios residenciales\" \/>\n<meta property=\"og:description\" content=\"En el centro hist\u00f3rico se concentran m\u00e1s de 12.000 pisos tur\u00edsticos, de los cuales cerca del 70 % operan en edificios residenciales.\" \/>\n<meta property=\"og:url\" content=\"https:\/\/www.aquimicasa.net\/blog\/vivienda\/alquileres\/madrid-prohibe-los-pisos-turisticos-en-edificios-residenciales\/\" \/>\n<meta property=\"og:site_name\" content=\"Blog de aquimicasa.net\" \/>\n<meta property=\"article:publisher\" content=\"https:\/\/www.facebook.com\/aquimicasa.net\" \/>\n<meta property=\"article:published_time\" content=\"2025-08-31T10:48:22+00:00\" \/>\n<meta property=\"og:image\" content=\"https:\/\/www.aquimicasa.net\/blog\/wp-content\/uploads\/Madrid3-5-e1731173985333.jpg\" \/>\n\t<meta property=\"og:image:width\" content=\"600\" \/>\n\t<meta property=\"og:image:height\" content=\"326\" \/>\n\t<meta property=\"og:image:type\" content=\"image\/jpeg\" \/>\n<meta name=\"author\" content=\"Eduardo Lizarraga\" \/>\n<meta name=\"twitter:label1\" content=\"Escrito por\" \/>\n\t<meta name=\"twitter:data1\" content=\"Eduardo Lizarraga\" \/>\n\t<meta name=\"twitter:label2\" content=\"Tiempo de lectura\" \/>\n\t<meta name=\"twitter:data2\" content=\"6 minutos\" \/>\n<script type=\"application\/ld+json\" class=\"yoast-schema-graph\">{\"@context\":\"https:\\\/\\\/schema.org\",\"@graph\":[{\"@type\":\"Article\",\"@id\":\"https:\\\/\\\/www.aquimicasa.net\\\/blog\\\/vivienda\\\/alquileres\\\/madrid-prohibe-los-pisos-turisticos-en-edificios-residenciales\\\/#article\",\"isPartOf\":{\"@id\":\"https:\\\/\\\/www.aquimicasa.net\\\/blog\\\/vivienda\\\/alquileres\\\/madrid-prohibe-los-pisos-turisticos-en-edificios-residenciales\\\/\"},\"author\":{\"name\":\"Eduardo Lizarraga\",\"@id\":\"https:\\\/\\\/www.aquimicasa.net\\\/blog\\\/#\\\/schema\\\/person\\\/2cdfa2605534583395c8d7ce1d6cac14\"},\"headline\":\"Madrid proh\u00edbe los pisos tur\u00edsticos en edificios residenciales\",\"datePublished\":\"2025-08-31T10:48:22+00:00\",\"mainEntityOfPage\":{\"@id\":\"https:\\\/\\\/www.aquimicasa.net\\\/blog\\\/vivienda\\\/alquileres\\\/madrid-prohibe-los-pisos-turisticos-en-edificios-residenciales\\\/\"},\"wordCount\":1457,\"publisher\":{\"@id\":\"https:\\\/\\\/www.aquimicasa.net\\\/blog\\\/#organization\"},\"image\":{\"@id\":\"https:\\\/\\\/www.aquimicasa.net\\\/blog\\\/vivienda\\\/alquileres\\\/madrid-prohibe-los-pisos-turisticos-en-edificios-residenciales\\\/#primaryimage\"},\"thumbnailUrl\":\"https:\\\/\\\/www.aquimicasa.net\\\/blog\\\/wp-content\\\/uploads\\\/Madrid3-5-e1731173985333.jpg\",\"keywords\":[\"newsletter 529\"],\"articleSection\":[\"Alquiler\"],\"inLanguage\":\"es\"},{\"@type\":\"WebPage\",\"@id\":\"https:\\\/\\\/www.aquimicasa.net\\\/blog\\\/vivienda\\\/alquileres\\\/madrid-prohibe-los-pisos-turisticos-en-edificios-residenciales\\\/\",\"url\":\"https:\\\/\\\/www.aquimicasa.net\\\/blog\\\/vivienda\\\/alquileres\\\/madrid-prohibe-los-pisos-turisticos-en-edificios-residenciales\\\/\",\"name\":\"Madrid proh\u00edbe los pisos tur\u00edsticos en edificios residenciales\",\"isPartOf\":{\"@id\":\"https:\\\/\\\/www.aquimicasa.net\\\/blog\\\/#website\"},\"primaryImageOfPage\":{\"@id\":\"https:\\\/\\\/www.aquimicasa.net\\\/blog\\\/vivienda\\\/alquileres\\\/madrid-prohibe-los-pisos-turisticos-en-edificios-residenciales\\\/#primaryimage\"},\"image\":{\"@id\":\"https:\\\/\\\/www.aquimicasa.net\\\/blog\\\/vivienda\\\/alquileres\\\/madrid-prohibe-los-pisos-turisticos-en-edificios-residenciales\\\/#primaryimage\"},\"thumbnailUrl\":\"https:\\\/\\\/www.aquimicasa.net\\\/blog\\\/wp-content\\\/uploads\\\/Madrid3-5-e1731173985333.jpg\",\"datePublished\":\"2025-08-31T10:48:22+00:00\",\"description\":\"En el centro hist\u00f3rico se concentran m\u00e1s de 12.000 pisos tur\u00edsticos, de los cuales cerca del 70 % operan en edificios residenciales.\",\"breadcrumb\":{\"@id\":\"https:\\\/\\\/www.aquimicasa.net\\\/blog\\\/vivienda\\\/alquileres\\\/madrid-prohibe-los-pisos-turisticos-en-edificios-residenciales\\\/#breadcrumb\"},\"inLanguage\":\"es\",\"potentialAction\":[{\"@type\":\"ReadAction\",\"target\":[\"https:\\\/\\\/www.aquimicasa.net\\\/blog\\\/vivienda\\\/alquileres\\\/madrid-prohibe-los-pisos-turisticos-en-edificios-residenciales\\\/\"]}]},{\"@type\":\"ImageObject\",\"inLanguage\":\"es\",\"@id\":\"https:\\\/\\\/www.aquimicasa.net\\\/blog\\\/vivienda\\\/alquileres\\\/madrid-prohibe-los-pisos-turisticos-en-edificios-residenciales\\\/#primaryimage\",\"url\":\"https:\\\/\\\/www.aquimicasa.net\\\/blog\\\/wp-content\\\/uploads\\\/Madrid3-5-e1731173985333.jpg\",\"contentUrl\":\"https:\\\/\\\/www.aquimicasa.net\\\/blog\\\/wp-content\\\/uploads\\\/Madrid3-5-e1731173985333.jpg\",\"width\":600,\"height\":326,\"caption\":\"En Madrid contin\u00faa creciendo la morosidad en los alquileres\"},{\"@type\":\"BreadcrumbList\",\"@id\":\"https:\\\/\\\/www.aquimicasa.net\\\/blog\\\/vivienda\\\/alquileres\\\/madrid-prohibe-los-pisos-turisticos-en-edificios-residenciales\\\/#breadcrumb\",\"itemListElement\":[{\"@type\":\"ListItem\",\"position\":1,\"name\":\"Portada\",\"item\":\"https:\\\/\\\/www.aquimicasa.net\\\/blog\\\/\"},{\"@type\":\"ListItem\",\"position\":2,\"name\":\"Madrid proh\u00edbe los pisos tur\u00edsticos en edificios residenciales\"}]},{\"@type\":\"WebSite\",\"@id\":\"https:\\\/\\\/www.aquimicasa.net\\\/blog\\\/#website\",\"url\":\"https:\\\/\\\/www.aquimicasa.net\\\/blog\\\/\",\"name\":\"Blog de aquimicasa.net\",\"description\":\"Noticias del Mundo Inmobiliario\",\"publisher\":{\"@id\":\"https:\\\/\\\/www.aquimicasa.net\\\/blog\\\/#organization\"},\"potentialAction\":[{\"@type\":\"SearchAction\",\"target\":{\"@type\":\"EntryPoint\",\"urlTemplate\":\"https:\\\/\\\/www.aquimicasa.net\\\/blog\\\/?s={search_term_string}\"},\"query-input\":{\"@type\":\"PropertyValueSpecification\",\"valueRequired\":true,\"valueName\":\"search_term_string\"}}],\"inLanguage\":\"es\"},{\"@type\":\"Organization\",\"@id\":\"https:\\\/\\\/www.aquimicasa.net\\\/blog\\\/#organization\",\"name\":\"Blog de aquimicasa.net\",\"url\":\"https:\\\/\\\/www.aquimicasa.net\\\/blog\\\/\",\"logo\":{\"@type\":\"ImageObject\",\"inLanguage\":\"es\",\"@id\":\"https:\\\/\\\/www.aquimicasa.net\\\/blog\\\/#\\\/schema\\\/logo\\\/image\\\/\",\"url\":\"https:\\\/\\\/www.aquimicasa.net\\\/blog\\\/wp-content\\\/uploads\\\/Logo-aquimicasa-1-e1528048213782.png\",\"contentUrl\":\"https:\\\/\\\/www.aquimicasa.net\\\/blog\\\/wp-content\\\/uploads\\\/Logo-aquimicasa-1-e1528048213782.png\",\"width\":225,\"height\":225,\"caption\":\"Blog de aquimicasa.net\"},\"image\":{\"@id\":\"https:\\\/\\\/www.aquimicasa.net\\\/blog\\\/#\\\/schema\\\/logo\\\/image\\\/\"},\"sameAs\":[\"https:\\\/\\\/www.facebook.com\\\/aquimicasa.net\",\"https:\\\/\\\/www.instagram.com\\\/\",\"https:\\\/\\\/x.com\\\/EduLizarragaD\",\"https:\\\/\\\/www.linkedin.com\\\/feed\\\/\"]},{\"@type\":\"Person\",\"@id\":\"https:\\\/\\\/www.aquimicasa.net\\\/blog\\\/#\\\/schema\\\/person\\\/2cdfa2605534583395c8d7ce1d6cac14\",\"name\":\"Eduardo Lizarraga\",\"image\":{\"@type\":\"ImageObject\",\"inLanguage\":\"es\",\"@id\":\"https:\\\/\\\/secure.gravatar.com\\\/avatar\\\/bdabe1eeeed97b65a9cb7de2edd624b07995f7e13abc5fead15961f745f908cc?s=96&d=mm&r=g\",\"url\":\"https:\\\/\\\/secure.gravatar.com\\\/avatar\\\/bdabe1eeeed97b65a9cb7de2edd624b07995f7e13abc5fead15961f745f908cc?s=96&d=mm&r=g\",\"contentUrl\":\"https:\\\/\\\/secure.gravatar.com\\\/avatar\\\/bdabe1eeeed97b65a9cb7de2edd624b07995f7e13abc5fead15961f745f908cc?s=96&d=mm&r=g\",\"caption\":\"Eduardo Lizarraga\"},\"description\":\"Periodista Econ\u00f3mico. Ha trabajado en diversos campos de la informaci\u00f3n. Corresponsal en conflictos, analista pol\u00edtico en Congreso y Senado, periodista del medio ambiente, editor, director editorial, director de comunicaci\u00f3n.... En estos momentos se ha especializado en el sector inmobiliario. Pero tambi\u00e9n es navegante y viajero, preocupado por la pobreza, el medio ambiente y por las actuaciones descontroladas del neoliberalismo empresarial y pol\u00edtico en todo el mundo. Los desahucios, la pobreza infantil y la falta de acceso a los suministros b\u00e1sicos son algunos de los grandes dramas de nuestra sociedad y que es preciso solucionar para hacerla m\u00e1s justa. CEO en www.aquimicasa.net\",\"sameAs\":[\"https:\\\/\\\/www.aquimicasa.net\\\/\"],\"url\":\"https:\\\/\\\/www.aquimicasa.net\\\/blog\\\/author\\\/eduardo\\\/\"}]}<\/script>\n<!-- \/ Yoast SEO plugin. -->","yoast_head_json":{"title":"Madrid proh\u00edbe los pisos tur\u00edsticos en edificios residenciales","description":"En el centro hist\u00f3rico se concentran m\u00e1s de 12.000 pisos tur\u00edsticos, de los cuales cerca del 70 % operan en edificios residenciales.","robots":{"index":"index","follow":"follow","max-snippet":"max-snippet:-1","max-image-preview":"max-image-preview:large","max-video-preview":"max-video-preview:-1"},"canonical":"https:\/\/www.aquimicasa.net\/blog\/vivienda\/alquileres\/madrid-prohibe-los-pisos-turisticos-en-edificios-residenciales\/","og_locale":"es_ES","og_type":"article","og_title":"Madrid proh\u00edbe los pisos tur\u00edsticos en edificios residenciales","og_description":"En el centro hist\u00f3rico se concentran m\u00e1s de 12.000 pisos tur\u00edsticos, de los cuales cerca del 70 % operan en edificios residenciales.","og_url":"https:\/\/www.aquimicasa.net\/blog\/vivienda\/alquileres\/madrid-prohibe-los-pisos-turisticos-en-edificios-residenciales\/","og_site_name":"Blog de aquimicasa.net","article_publisher":"https:\/\/www.facebook.com\/aquimicasa.net","article_published_time":"2025-08-31T10:48:22+00:00","og_image":[{"width":600,"height":326,"url":"https:\/\/www.aquimicasa.net\/blog\/wp-content\/uploads\/Madrid3-5-e1731173985333.jpg","type":"image\/jpeg"}],"author":"Eduardo Lizarraga","twitter_misc":{"Escrito por":"Eduardo Lizarraga","Tiempo de lectura":"6 minutos"},"schema":{"@context":"https:\/\/schema.org","@graph":[{"@type":"Article","@id":"https:\/\/www.aquimicasa.net\/blog\/vivienda\/alquileres\/madrid-prohibe-los-pisos-turisticos-en-edificios-residenciales\/#article","isPartOf":{"@id":"https:\/\/www.aquimicasa.net\/blog\/vivienda\/alquileres\/madrid-prohibe-los-pisos-turisticos-en-edificios-residenciales\/"},"author":{"name":"Eduardo Lizarraga","@id":"https:\/\/www.aquimicasa.net\/blog\/#\/schema\/person\/2cdfa2605534583395c8d7ce1d6cac14"},"headline":"Madrid proh\u00edbe los pisos tur\u00edsticos en edificios residenciales","datePublished":"2025-08-31T10:48:22+00:00","mainEntityOfPage":{"@id":"https:\/\/www.aquimicasa.net\/blog\/vivienda\/alquileres\/madrid-prohibe-los-pisos-turisticos-en-edificios-residenciales\/"},"wordCount":1457,"publisher":{"@id":"https:\/\/www.aquimicasa.net\/blog\/#organization"},"image":{"@id":"https:\/\/www.aquimicasa.net\/blog\/vivienda\/alquileres\/madrid-prohibe-los-pisos-turisticos-en-edificios-residenciales\/#primaryimage"},"thumbnailUrl":"https:\/\/www.aquimicasa.net\/blog\/wp-content\/uploads\/Madrid3-5-e1731173985333.jpg","keywords":["newsletter 529"],"articleSection":["Alquiler"],"inLanguage":"es"},{"@type":"WebPage","@id":"https:\/\/www.aquimicasa.net\/blog\/vivienda\/alquileres\/madrid-prohibe-los-pisos-turisticos-en-edificios-residenciales\/","url":"https:\/\/www.aquimicasa.net\/blog\/vivienda\/alquileres\/madrid-prohibe-los-pisos-turisticos-en-edificios-residenciales\/","name":"Madrid proh\u00edbe los pisos tur\u00edsticos en edificios residenciales","isPartOf":{"@id":"https:\/\/www.aquimicasa.net\/blog\/#website"},"primaryImageOfPage":{"@id":"https:\/\/www.aquimicasa.net\/blog\/vivienda\/alquileres\/madrid-prohibe-los-pisos-turisticos-en-edificios-residenciales\/#primaryimage"},"image":{"@id":"https:\/\/www.aquimicasa.net\/blog\/vivienda\/alquileres\/madrid-prohibe-los-pisos-turisticos-en-edificios-residenciales\/#primaryimage"},"thumbnailUrl":"https:\/\/www.aquimicasa.net\/blog\/wp-content\/uploads\/Madrid3-5-e1731173985333.jpg","datePublished":"2025-08-31T10:48:22+00:00","description":"En el centro hist\u00f3rico se concentran m\u00e1s de 12.000 pisos tur\u00edsticos, de los cuales cerca del 70 % operan en edificios residenciales.","breadcrumb":{"@id":"https:\/\/www.aquimicasa.net\/blog\/vivienda\/alquileres\/madrid-prohibe-los-pisos-turisticos-en-edificios-residenciales\/#breadcrumb"},"inLanguage":"es","potentialAction":[{"@type":"ReadAction","target":["https:\/\/www.aquimicasa.net\/blog\/vivienda\/alquileres\/madrid-prohibe-los-pisos-turisticos-en-edificios-residenciales\/"]}]},{"@type":"ImageObject","inLanguage":"es","@id":"https:\/\/www.aquimicasa.net\/blog\/vivienda\/alquileres\/madrid-prohibe-los-pisos-turisticos-en-edificios-residenciales\/#primaryimage","url":"https:\/\/www.aquimicasa.net\/blog\/wp-content\/uploads\/Madrid3-5-e1731173985333.jpg","contentUrl":"https:\/\/www.aquimicasa.net\/blog\/wp-content\/uploads\/Madrid3-5-e1731173985333.jpg","width":600,"height":326,"caption":"En Madrid contin\u00faa creciendo la morosidad en los alquileres"},{"@type":"BreadcrumbList","@id":"https:\/\/www.aquimicasa.net\/blog\/vivienda\/alquileres\/madrid-prohibe-los-pisos-turisticos-en-edificios-residenciales\/#breadcrumb","itemListElement":[{"@type":"ListItem","position":1,"name":"Portada","item":"https:\/\/www.aquimicasa.net\/blog\/"},{"@type":"ListItem","position":2,"name":"Madrid proh\u00edbe los pisos tur\u00edsticos en edificios residenciales"}]},{"@type":"WebSite","@id":"https:\/\/www.aquimicasa.net\/blog\/#website","url":"https:\/\/www.aquimicasa.net\/blog\/","name":"Blog de aquimicasa.net","description":"Noticias del Mundo Inmobiliario","publisher":{"@id":"https:\/\/www.aquimicasa.net\/blog\/#organization"},"potentialAction":[{"@type":"SearchAction","target":{"@type":"EntryPoint","urlTemplate":"https:\/\/www.aquimicasa.net\/blog\/?s={search_term_string}"},"query-input":{"@type":"PropertyValueSpecification","valueRequired":true,"valueName":"search_term_string"}}],"inLanguage":"es"},{"@type":"Organization","@id":"https:\/\/www.aquimicasa.net\/blog\/#organization","name":"Blog de aquimicasa.net","url":"https:\/\/www.aquimicasa.net\/blog\/","logo":{"@type":"ImageObject","inLanguage":"es","@id":"https:\/\/www.aquimicasa.net\/blog\/#\/schema\/logo\/image\/","url":"https:\/\/www.aquimicasa.net\/blog\/wp-content\/uploads\/Logo-aquimicasa-1-e1528048213782.png","contentUrl":"https:\/\/www.aquimicasa.net\/blog\/wp-content\/uploads\/Logo-aquimicasa-1-e1528048213782.png","width":225,"height":225,"caption":"Blog de aquimicasa.net"},"image":{"@id":"https:\/\/www.aquimicasa.net\/blog\/#\/schema\/logo\/image\/"},"sameAs":["https:\/\/www.facebook.com\/aquimicasa.net","https:\/\/www.instagram.com\/","https:\/\/x.com\/EduLizarragaD","https:\/\/www.linkedin.com\/feed\/"]},{"@type":"Person","@id":"https:\/\/www.aquimicasa.net\/blog\/#\/schema\/person\/2cdfa2605534583395c8d7ce1d6cac14","name":"Eduardo Lizarraga","image":{"@type":"ImageObject","inLanguage":"es","@id":"https:\/\/secure.gravatar.com\/avatar\/bdabe1eeeed97b65a9cb7de2edd624b07995f7e13abc5fead15961f745f908cc?s=96&d=mm&r=g","url":"https:\/\/secure.gravatar.com\/avatar\/bdabe1eeeed97b65a9cb7de2edd624b07995f7e13abc5fead15961f745f908cc?s=96&d=mm&r=g","contentUrl":"https:\/\/secure.gravatar.com\/avatar\/bdabe1eeeed97b65a9cb7de2edd624b07995f7e13abc5fead15961f745f908cc?s=96&d=mm&r=g","caption":"Eduardo Lizarraga"},"description":"Periodista Econ\u00f3mico. Ha trabajado en diversos campos de la informaci\u00f3n. Corresponsal en conflictos, analista pol\u00edtico en Congreso y Senado, periodista del medio ambiente, editor, director editorial, director de comunicaci\u00f3n.... En estos momentos se ha especializado en el sector inmobiliario. Pero tambi\u00e9n es navegante y viajero, preocupado por la pobreza, el medio ambiente y por las actuaciones descontroladas del neoliberalismo empresarial y pol\u00edtico en todo el mundo. Los desahucios, la pobreza infantil y la falta de acceso a los suministros b\u00e1sicos son algunos de los grandes dramas de nuestra sociedad y que es preciso solucionar para hacerla m\u00e1s justa. CEO en www.aquimicasa.net","sameAs":["https:\/\/www.aquimicasa.net\/"],"url":"https:\/\/www.aquimicasa.net\/blog\/author\/eduardo\/"}]}},"jetpack_publicize_connections":[],"jetpack_featured_media_url":"https:\/\/www.aquimicasa.net\/blog\/wp-content\/uploads\/Madrid3-5-e1731173985333.jpg","jetpack_sharing_enabled":true,"jetpack_likes_enabled":true,"_links":{"self":[{"href":"https:\/\/www.aquimicasa.net\/blog\/wp-json\/wp\/v2\/posts\/52819","targetHints":{"allow":["GET"]}}],"collection":[{"href":"https:\/\/www.aquimicasa.net\/blog\/wp-json\/wp\/v2\/posts"}],"about":[{"href":"https:\/\/www.aquimicasa.net\/blog\/wp-json\/wp\/v2\/types\/post"}],"author":[{"embeddable":true,"href":"https:\/\/www.aquimicasa.net\/blog\/wp-json\/wp\/v2\/users\/3"}],"replies":[{"embeddable":true,"href":"https:\/\/www.aquimicasa.net\/blog\/wp-json\/wp\/v2\/comments?post=52819"}],"version-history":[{"count":4,"href":"https:\/\/www.aquimicasa.net\/blog\/wp-json\/wp\/v2\/posts\/52819\/revisions"}],"predecessor-version":[{"id":52856,"href":"https:\/\/www.aquimicasa.net\/blog\/wp-json\/wp\/v2\/posts\/52819\/revisions\/52856"}],"wp:featuredmedia":[{"embeddable":true,"href":"https:\/\/www.aquimicasa.net\/blog\/wp-json\/wp\/v2\/media\/49439"}],"wp:attachment":[{"href":"https:\/\/www.aquimicasa.net\/blog\/wp-json\/wp\/v2\/media?parent=52819"}],"wp:term":[{"taxonomy":"category","embeddable":true,"href":"https:\/\/www.aquimicasa.net\/blog\/wp-json\/wp\/v2\/categories?post=52819"},{"taxonomy":"post_tag","embeddable":true,"href":"https:\/\/www.aquimicasa.net\/blog\/wp-json\/wp\/v2\/tags?post=52819"}],"curies":[{"name":"wp","href":"https:\/\/api.w.org\/{rel}","templated":true}]}}