{"id":52892,"date":"2025-09-03T18:47:00","date_gmt":"2025-09-03T16:47:00","guid":{"rendered":"https:\/\/www.aquimicasa.net\/blog\/?p=52892"},"modified":"2025-09-03T18:47:00","modified_gmt":"2025-09-03T16:47:00","slug":"informacion-on-line-del-registro-a-los-afectados-por-los-incendios","status":"publish","type":"post","link":"https:\/\/www.aquimicasa.net\/blog\/vivienda\/noticias-mercado-inmobiliario\/informacion-on-line-del-registro-a-los-afectados-por-los-incendios\/","title":{"rendered":"Informaci\u00f3n on line del Registro a los afectados por los incendios"},"content":{"rendered":"<div class=\"fusion-fullwidth fullwidth-box fusion-builder-row-1 fusion-flex-container nonhundred-percent-fullwidth non-hundred-percent-height-scrolling\" style=\"background-color: rgba(255,255,255,0);background-position: center center;background-repeat: no-repeat;border-width: 0px 0px 0px 0px;border-color:#eae9e9;border-style:solid;\" ><div class=\"fusion-builder-row fusion-row fusion-flex-align-items-flex-start\" style=\"max-width:1144px;margin-left: calc(-4% \/ 2 );margin-right: calc(-4% \/ 2 );\"><div class=\"fusion-layout-column fusion_builder_column fusion-builder-column-0 fusion_builder_column_1_1 1_1 fusion-flex-column\"><div class=\"fusion-column-wrapper fusion-flex-justify-content-flex-start fusion-content-layout-column\" style=\"background-position:left top;background-repeat:no-repeat;-webkit-background-size:cover;-moz-background-size:cover;-o-background-size:cover;background-size:cover;padding: 0px 0px 0px 0px;\"><div class=\"fusion-text fusion-text-1\"><article class=\"text-token-text-primary w-full focus:outline-none scroll-mt-&#091;calc(var(--header-height)+min(200px,max(70px,20svh)))&#093;\" dir=\"auto\" tabindex=\"-1\" data-turn-id=\"325c719a-b0c9-45c0-92e4-b25811362c6a\" data-testid=\"conversation-turn-30\" data-scroll-anchor=\"true\" data-turn=\"assistant\">\n<div class=\"text-base my-auto mx-auto pb-10 &#091;--thread-content-margin:--spacing(4)&#093; @&#091;37rem&#093;:&#091;--thread-content-margin:--spacing(6)&#093; @&#091;72rem&#093;:&#091;--thread-content-margin:--spacing(16)&#093; px-(--thread-content-margin)\">\n<div class=\"&#091;--thread-content-max-width:32rem&#093; @&#091;34rem&#093;:&#091;--thread-content-max-width:40rem&#093; @&#091;64rem&#093;:&#091;--thread-content-max-width:48rem&#093; mx-auto max-w-(--thread-content-max-width) flex-1 group\/turn-messages focus-visible:outline-hidden relative flex w-full min-w-0 flex-col agent-turn\" tabindex=\"-1\">\n<div class=\"flex max-w-full flex-col grow\">\n<div class=\"min-h-8 text-message relative flex w-full flex-col items-end gap-2 text-start break-words whitespace-normal &#091;.text-message+&amp;&#093;:mt-5\" dir=\"auto\" data-message-author-role=\"assistant\" data-message-id=\"1afc43be-28e9-4fa9-94cd-d290513c9949\" data-message-model-slug=\"gpt-5\">\n<div class=\"flex w-full flex-col gap-1 empty:hidden first:pt-&#091;3px&#093;\">\n<div class=\"markdown prose dark:prose-invert w-full break-words light markdown-new-styling\">\n<p data-start=\"366\" data-end=\"864\">La reciente oleada de incendios forestales que ha azotado Espa\u00f1a este verano ha dejado tras de s\u00ed un balance desolador: <strong data-start=\"486\" data-end=\"553\">miles de damnificados en Extremadura, Castilla y Le\u00f3n y Galicia<\/strong> que han visto c\u00f3mo sus propiedades quedaban da\u00f1adas o completamente arrasadas por el fuego. A los efectos devastadores del cambio clim\u00e1tico se suma la falta de prevenci\u00f3n estructural, lo que ha incrementado el n\u00famero de hect\u00e1reas calcinadas y el impacto sobre viviendas, explotaciones agr\u00edcolas y forestales.<\/p>\n<p data-start=\"866\" data-end=\"1252\">En este contexto, el <strong data-start=\"887\" data-end=\"925\">Colegio de Registradores de Espa\u00f1a<\/strong> ha habilitado un mecanismo online para que los afectados puedan acreditar de forma sencilla y gratuita la titularidad de sus bienes inmuebles. Se trata de una medida clave, ya que contar con esta documentaci\u00f3n es fundamental para acceder a indemnizaciones, ayudas y procedimientos de reconstrucci\u00f3n tras un desastre natural.<\/p>\n<h2 data-start=\"1259\" data-end=\"1304\"><strong>El Portal Registral de Emergencias (PRE)<\/strong><\/h2>\n<p data-start=\"1306\" data-end=\"1753\">El <strong data-start=\"1309\" data-end=\"1350\">Portal Registral de Emergencias (PRE)<\/strong> se ha consolidado como una herramienta esencial en la gesti\u00f3n de cat\u00e1strofes naturales. Esta plataforma, gestionada por el Colegio de Registradores, permite <strong data-start=\"1508\" data-end=\"1564\">identificar parcelas, fincas y edificaciones da\u00f1adas<\/strong> mediante la integraci\u00f3n de los datos registrales con informaci\u00f3n georreferenciada procedente de sistemas como <strong data-start=\"1675\" data-end=\"1689\">Copernicus<\/strong>, el programa de observaci\u00f3n de la Tierra de la Uni\u00f3n Europea.<\/p>\n<p data-start=\"1755\" data-end=\"1812\">En el caso de los incendios de 2025, el PRE estima que:<\/p>\n<ul data-start=\"1814\" data-end=\"2070\">\n<li data-start=\"1814\" data-end=\"1860\">\n<p data-start=\"1816\" data-end=\"1860\">Se han visto afectados <strong data-start=\"1839\" data-end=\"1857\">155 municipios<\/strong>.<\/p>\n<\/li>\n<li data-start=\"1861\" data-end=\"1905\">\n<p data-start=\"1863\" data-end=\"1905\">Han ardido m\u00e1s de <strong data-start=\"1881\" data-end=\"1902\">320.193 hect\u00e1reas<\/strong>.<\/p>\n<\/li>\n<li data-start=\"1906\" data-end=\"2008\">\n<p data-start=\"1908\" data-end=\"2008\">Se han registrado da\u00f1os en <strong data-start=\"1935\" data-end=\"2005\">17.957 fincas registrales, 547.294 parcelas y 4.684 construcciones<\/strong>.<\/p>\n<\/li>\n<li data-start=\"2009\" data-end=\"2070\">\n<p data-start=\"2011\" data-end=\"2070\">Todo ello corresponde a <strong data-start=\"2035\" data-end=\"2067\">35 Registros de la Propiedad<\/strong>.<\/p>\n<\/li>\n<\/ul>\n<p data-start=\"2072\" data-end=\"2419\">El precedente m\u00e1s cercano lo encontramos en la <strong data-start=\"2119\" data-end=\"2135\">DANA de 2024<\/strong>, cuando el PRE identific\u00f3 <strong data-start=\"2162\" data-end=\"2202\">134.418 fincas registrales afectadas<\/strong>, facilitando que los propietarios pudieran acreditar su titularidad mediante notas simples gratuitas. Aquella experiencia demostr\u00f3 la importancia de contar con un sistema \u00e1gil y fiable en situaciones de emergencia.<\/p>\n<h2 data-start=\"2426\" data-end=\"2465\"><strong>La declaraci\u00f3n de suelo incendiado<\/strong><\/h2>\n<p data-start=\"2467\" data-end=\"2768\">Otro aspecto fundamental tras un incendio es la <strong data-start=\"2515\" data-end=\"2558\">declaraci\u00f3n oficial de suelo incendiado<\/strong>, que debe realizar la <strong data-start=\"2581\" data-end=\"2619\">Administraci\u00f3n forestal competente<\/strong>. Seg\u00fan la normativa vigente, esta comunicaci\u00f3n al Registro de la Propiedad debe incluir una certificaci\u00f3n y un plano georreferenciado del terreno.<\/p>\n<p data-start=\"2770\" data-end=\"2980\">Este proceso permite inscribir en el Registro una <strong data-start=\"2820\" data-end=\"2837\">nota marginal<\/strong> que declara el car\u00e1cter de suelo forestal protegido durante <strong data-start=\"2898\" data-end=\"2909\">30 a\u00f1os<\/strong>, lo que impide cualquier transformaci\u00f3n urban\u00edstica o cambio de uso.<\/p>\n<p data-start=\"2982\" data-end=\"3274\">De esta forma, se evita la especulaci\u00f3n y se protege el territorio frente a intentos de recalificaci\u00f3n inmediata tras el incendio. La transparencia y el control registral garantizan que la recuperaci\u00f3n de los terrenos se produzca de manera ordenada y con criterios ambientales responsables.<\/p>\n<h2 data-start=\"3281\" data-end=\"3340\"><strong>La obtenci\u00f3n gratuita de las notas simples registrales<\/strong><\/h2>\n<p data-start=\"3342\" data-end=\"3611\">Uno de los puntos m\u00e1s relevantes para los afectados por los incendios es la <strong data-start=\"3418\" data-end=\"3473\">obtenci\u00f3n gratuita de las notas simples registrales<\/strong>. Estas notas son documentos oficiales que acreditan la <strong data-start=\"3529\" data-end=\"3577\">titularidad y caracter\u00edsticas de un inmueble<\/strong> en el Registro de la Propiedad.<\/p>\n<p data-start=\"3613\" data-end=\"3976\">Gracias al <strong data-start=\"3624\" data-end=\"3660\">Real Decreto-ley de 26 de agosto<\/strong>, los damnificados pueden solicitar estas notas sin coste alguno, tanto de manera presencial en el Registro correspondiente como a trav\u00e9s de la v\u00eda telem\u00e1tica en la web del Colegio de Registradores: <a href=\"https:\/\/www.registradores.org\/ayuda-afectados-incendios?utm_source=chatgpt.com\" class=\"decorated-link\" target=\"_new\" rel=\"nofollow noopener\" data-start=\"3859\" data-end=\"3973\">https:\/\/www.registradores.org\/ayuda-afectados-incendios<\/a>.<\/p>\n<p data-start=\"3978\" data-end=\"4221\">El formulario habilitado en este portal permite que la petici\u00f3n se realice <strong data-start=\"4053\" data-end=\"4085\">de forma r\u00e1pida y autom\u00e1tica<\/strong>, evitando desplazamientos innecesarios en un momento especialmente delicado para las familias que han perdido parte de su patrimonio.<\/p>\n<h2 data-start=\"4228\" data-end=\"4317\"><strong>La herramienta puede ser de gran utilidad para combatir los efectos de los incendios<\/strong><\/h2>\n<p data-start=\"4319\" data-end=\"4501\">Los registradores han destacado que el <strong data-start=\"4358\" data-end=\"4393\">Portal Registral de Emergencias<\/strong> no solo es \u00fatil para los ciudadanos, sino tambi\u00e9n para <strong data-start=\"4449\" data-end=\"4498\">autoridades, instituciones y Administraciones<\/strong>.<\/p>\n<p data-start=\"4503\" data-end=\"4548\">Entre sus principales ventajas encontramos:<\/p>\n<ul data-start=\"4550\" data-end=\"5084\">\n<li data-start=\"4550\" data-end=\"4698\">\n<p data-start=\"4552\" data-end=\"4698\"><strong data-start=\"4552\" data-end=\"4586\">Acreditaci\u00f3n de la titularidad<\/strong> de las fincas da\u00f1adas, lo que permite acceder a indemnizaciones del <strong data-start=\"4655\" data-end=\"4695\">Consorcio de Compensaci\u00f3n de Seguros<\/strong>.<\/p>\n<\/li>\n<li data-start=\"4699\" data-end=\"4838\">\n<p data-start=\"4701\" data-end=\"4838\"><strong data-start=\"4701\" data-end=\"4736\">Localizaci\u00f3n geogr\u00e1fica precisa<\/strong> de parcelas y edificaciones afectadas, fundamental para verificar el alcance real de la cat\u00e1strofe.<\/p>\n<\/li>\n<li data-start=\"4839\" data-end=\"4963\">\n<p data-start=\"4841\" data-end=\"4963\"><strong data-start=\"4841\" data-end=\"4866\">Estad\u00edsticas globales<\/strong> sobre el impacto de los incendios, que ayudan a dise\u00f1ar planes de reconstrucci\u00f3n y prevenci\u00f3n.<\/p>\n<\/li>\n<li data-start=\"4964\" data-end=\"5084\">\n<p data-start=\"4966\" data-end=\"5084\"><strong data-start=\"4966\" data-end=\"5012\">Disponibilidad inmediata de la informaci\u00f3n<\/strong>, lo que acelera los procesos administrativos en momentos de urgencia.<\/p>\n<\/li>\n<\/ul>\n<p data-start=\"5086\" data-end=\"5364\">La experiencia previa durante la <strong data-start=\"5119\" data-end=\"5154\">erupci\u00f3n del volc\u00e1n de La Palma<\/strong> confirm\u00f3 el valor de este sistema: gracias al cruce de datos entre registros y Copernicus, se pudo conocer en tiempo real el alcance de la destrucci\u00f3n y facilitar ayudas de forma m\u00e1s \u00e1gil a los damnificados.<\/p>\n<h2 data-start=\"5371\" data-end=\"5436\"><strong>Un paso hacia la digitalizaci\u00f3n de la gesti\u00f3n de emergencias<\/strong><\/h2>\n<p data-start=\"5438\" data-end=\"5802\">El esfuerzo del Colegio de Registradores se enmarca en un contexto m\u00e1s amplio: la necesidad de digitalizar los procesos vinculados a la <strong data-start=\"5574\" data-end=\"5600\">propiedad inmobiliaria<\/strong> en Espa\u00f1a. La rapidez y fiabilidad en el acceso a los datos registrales son factores determinantes para reducir el impacto econ\u00f3mico y social de cat\u00e1strofes como incendios, inundaciones o terremotos.<\/p>\n<p data-start=\"5804\" data-end=\"6158\">La puesta en marcha de estas medidas demuestra c\u00f3mo la <strong data-start=\"5859\" data-end=\"5910\">tecnolog\u00eda aplicada al Registro de la Propiedad<\/strong> puede convertirse en una herramienta clave para la ciudadan\u00eda. No solo se trata de proteger la seguridad jur\u00eddica, sino de ofrecer <strong data-start=\"6042\" data-end=\"6067\">respuestas inmediatas<\/strong> ante desastres naturales que cada vez son m\u00e1s frecuentes debido al <strong data-start=\"6135\" data-end=\"6155\">cambio clim\u00e1tico<\/strong>.<\/p>\n<h2 data-start=\"6165\" data-end=\"6180\"><strong>Un respaldo esencial para los damnificados<\/strong><\/h2>\n<p data-start=\"6182\" data-end=\"6428\">Los incendios de este verano han dejado un reguero de p\u00e9rdidas materiales y humanas en varias comunidades aut\u00f3nomas. En este escenario, disponer de informaci\u00f3n registral clara y gratuita es fundamental para iniciar los tr\u00e1mites de recuperaci\u00f3n.<\/p>\n<p data-start=\"6430\" data-end=\"6689\">El <strong data-start=\"6433\" data-end=\"6474\">Portal Registral de Emergencias (PRE)<\/strong> y la <strong data-start=\"6480\" data-end=\"6520\">expedici\u00f3n gratuita de notas simples<\/strong> constituyen un respaldo esencial para los damnificados, que podr\u00e1n acreditar la titularidad de sus propiedades y acceder con mayor facilidad a las ayudas disponibles.<\/p>\n<p data-start=\"6691\" data-end=\"7021\">El compromiso del Colegio de Registradores de Espa\u00f1a no solo alivia la situaci\u00f3n de los afectados, sino que sienta las bases de un <strong data-start=\"6822\" data-end=\"6886\">sistema preventivo y de gesti\u00f3n de emergencias m\u00e1s eficiente<\/strong>, donde la informaci\u00f3n y la transparencia se convierten en las mejores herramientas contra los efectos devastadores de los incendios.<\/p>\n<hr data-start=\"7023\" data-end=\"7026\" \/>\n<p data-start=\"7028\" data-end=\"7209\" data-is-last-node=\"\" data-is-only-node=\"\">\ud83d\udccc \u00bfQuieres que te prepare este mismo art\u00edculo en una <strong data-start=\"7082\" data-end=\"7122\">versi\u00f3n reducida para redes sociales<\/strong> con titulares atractivos y frases clave que dirijan tr\u00e1fico al blog de <strong data-start=\"7194\" data-end=\"7208\">Aquimicasa<\/strong>?<\/p>\n<\/div>\n<\/div>\n<\/div>\n<\/div>\n<div class=\"flex min-h-&#091;46px&#093; justify-start\"><\/div>\n<div class=\"mt-3 w-full empty:hidden\">\n<div class=\"text-center\"><\/div>\n<\/div>\n<\/div>\n<\/div>\n<\/article>\n<div class=\"pointer-events-none h-px w-px\" aria-hidden=\"true\" data-edge=\"true\"><\/div>\n<\/div><\/div><style type=\"text\/css\">.fusion-body .fusion-builder-column-0{width:100% !important;margin-top : 0px;margin-bottom : 0px;}.fusion-builder-column-0 > .fusion-column-wrapper {padding-top : 0px !important;padding-right : 0px !important;margin-right : 1.92%;padding-bottom : 0px !important;padding-left : 0px !important;margin-left : 1.92%;}@media only screen and (max-width:1024px) {.fusion-body .fusion-builder-column-0{width:100% !important;}.fusion-builder-column-0 > .fusion-column-wrapper {margin-right : 1.92%;margin-left : 1.92%;}}@media only screen and (max-width:640px) {.fusion-body .fusion-builder-column-0{width:100% !important;}.fusion-builder-column-0 > .fusion-column-wrapper {margin-right : 1.92%;margin-left : 1.92%;}}<\/style><\/div><\/div><style type=\"text\/css\">.fusion-body .fusion-flex-container.fusion-builder-row-1{ padding-top : 0px;margin-top : 0px;padding-right : 0px;padding-bottom : 0px;margin-bottom : 0px;padding-left : 0px;}<\/style><\/div>\n","protected":false},"excerpt":{"rendered":"<p>El Colegio de Registradores de Espa\u00f1a ha habilitado un mecanismo online para que los afectados puedan acreditar de forma sencilla y gratuita la titularidad de sus bienes inmuebles. Se trata de una medida clave, ya que contar con esta documentaci\u00f3n es fundamental para acceder a indemnizaciones, ayudas y procedimientos de reconstrucci\u00f3n tras un desastre natural.<\/p>\n","protected":false},"author":3,"featured_media":52899,"comment_status":"closed","ping_status":"closed","sticky":false,"template":"","format":"standard","meta":{"_jetpack_memberships_contains_paid_content":false,"footnotes":"","jetpack_publicize_message":"","jetpack_publicize_feature_enabled":true,"jetpack_social_post_already_shared":true,"jetpack_social_options":{"image_generator_settings":{"template":"highway","default_image_id":0,"font":"","enabled":false},"version":2}},"categories":[7565],"tags":[8251],"class_list":["post-52892","post","type-post","status-publish","format-standard","has-post-thumbnail","hentry","category-noticias-mercado-inmobiliario","tag-newsletter-529"],"yoast_head":"<!-- This site is optimized with the Yoast SEO plugin v27.5 - https:\/\/yoast.com\/product\/yoast-seo-wordpress\/ -->\n<title>Informaci\u00f3n on line del Registro a los afectados por los incendios<\/title>\n<meta name=\"description\" content=\"El Portal Registral de Emergencias (PRE) y la expedici\u00f3n gratuita de notas simples constituyen un respaldo esencial para los damnificados\" \/>\n<meta name=\"robots\" content=\"index, follow, max-snippet:-1, max-image-preview:large, max-video-preview:-1\" \/>\n<link rel=\"canonical\" href=\"https:\/\/www.aquimicasa.net\/blog\/vivienda\/noticias-mercado-inmobiliario\/informacion-on-line-del-registro-a-los-afectados-por-los-incendios\/\" \/>\n<meta property=\"og:locale\" content=\"es_ES\" \/>\n<meta property=\"og:type\" content=\"article\" \/>\n<meta property=\"og:title\" content=\"Informaci\u00f3n on line del Registro a los afectados por los incendios\" \/>\n<meta property=\"og:description\" content=\"El Portal Registral de Emergencias (PRE) y la expedici\u00f3n gratuita de notas simples constituyen un respaldo esencial para los damnificados\" \/>\n<meta property=\"og:url\" content=\"https:\/\/www.aquimicasa.net\/blog\/vivienda\/noticias-mercado-inmobiliario\/informacion-on-line-del-registro-a-los-afectados-por-los-incendios\/\" \/>\n<meta property=\"og:site_name\" content=\"Blog de aquimicasa.net\" \/>\n<meta property=\"article:publisher\" content=\"https:\/\/www.facebook.com\/aquimicasa.net\" \/>\n<meta property=\"article:published_time\" content=\"2025-09-03T16:47:00+00:00\" \/>\n<meta property=\"og:image\" content=\"https:\/\/www.aquimicasa.net\/blog\/wp-content\/uploads\/incendios2.png\" \/>\n\t<meta property=\"og:image:width\" content=\"792\" \/>\n\t<meta property=\"og:image:height\" content=\"446\" \/>\n\t<meta property=\"og:image:type\" content=\"image\/png\" \/>\n<meta name=\"author\" content=\"Eduardo Lizarraga\" \/>\n<meta name=\"twitter:label1\" content=\"Escrito por\" \/>\n\t<meta name=\"twitter:data1\" content=\"Eduardo Lizarraga\" \/>\n\t<meta name=\"twitter:label2\" content=\"Tiempo de lectura\" \/>\n\t<meta name=\"twitter:data2\" content=\"6 minutos\" \/>\n<script type=\"application\/ld+json\" class=\"yoast-schema-graph\">{\"@context\":\"https:\\\/\\\/schema.org\",\"@graph\":[{\"@type\":\"Article\",\"@id\":\"https:\\\/\\\/www.aquimicasa.net\\\/blog\\\/vivienda\\\/noticias-mercado-inmobiliario\\\/informacion-on-line-del-registro-a-los-afectados-por-los-incendios\\\/#article\",\"isPartOf\":{\"@id\":\"https:\\\/\\\/www.aquimicasa.net\\\/blog\\\/vivienda\\\/noticias-mercado-inmobiliario\\\/informacion-on-line-del-registro-a-los-afectados-por-los-incendios\\\/\"},\"author\":{\"name\":\"Eduardo Lizarraga\",\"@id\":\"https:\\\/\\\/www.aquimicasa.net\\\/blog\\\/#\\\/schema\\\/person\\\/2cdfa2605534583395c8d7ce1d6cac14\"},\"headline\":\"Informaci\u00f3n on line del Registro a los afectados por los incendios\",\"datePublished\":\"2025-09-03T16:47:00+00:00\",\"mainEntityOfPage\":{\"@id\":\"https:\\\/\\\/www.aquimicasa.net\\\/blog\\\/vivienda\\\/noticias-mercado-inmobiliario\\\/informacion-on-line-del-registro-a-los-afectados-por-los-incendios\\\/\"},\"wordCount\":1305,\"publisher\":{\"@id\":\"https:\\\/\\\/www.aquimicasa.net\\\/blog\\\/#organization\"},\"image\":{\"@id\":\"https:\\\/\\\/www.aquimicasa.net\\\/blog\\\/vivienda\\\/noticias-mercado-inmobiliario\\\/informacion-on-line-del-registro-a-los-afectados-por-los-incendios\\\/#primaryimage\"},\"thumbnailUrl\":\"https:\\\/\\\/www.aquimicasa.net\\\/blog\\\/wp-content\\\/uploads\\\/incendios2.png\",\"keywords\":[\"newsletter 529\"],\"articleSection\":[\"Noticias Mercado Inmobiliario\"],\"inLanguage\":\"es\"},{\"@type\":\"WebPage\",\"@id\":\"https:\\\/\\\/www.aquimicasa.net\\\/blog\\\/vivienda\\\/noticias-mercado-inmobiliario\\\/informacion-on-line-del-registro-a-los-afectados-por-los-incendios\\\/\",\"url\":\"https:\\\/\\\/www.aquimicasa.net\\\/blog\\\/vivienda\\\/noticias-mercado-inmobiliario\\\/informacion-on-line-del-registro-a-los-afectados-por-los-incendios\\\/\",\"name\":\"Informaci\u00f3n on line del Registro a los afectados por los incendios\",\"isPartOf\":{\"@id\":\"https:\\\/\\\/www.aquimicasa.net\\\/blog\\\/#website\"},\"primaryImageOfPage\":{\"@id\":\"https:\\\/\\\/www.aquimicasa.net\\\/blog\\\/vivienda\\\/noticias-mercado-inmobiliario\\\/informacion-on-line-del-registro-a-los-afectados-por-los-incendios\\\/#primaryimage\"},\"image\":{\"@id\":\"https:\\\/\\\/www.aquimicasa.net\\\/blog\\\/vivienda\\\/noticias-mercado-inmobiliario\\\/informacion-on-line-del-registro-a-los-afectados-por-los-incendios\\\/#primaryimage\"},\"thumbnailUrl\":\"https:\\\/\\\/www.aquimicasa.net\\\/blog\\\/wp-content\\\/uploads\\\/incendios2.png\",\"datePublished\":\"2025-09-03T16:47:00+00:00\",\"description\":\"El Portal Registral de Emergencias (PRE) y la expedici\u00f3n gratuita de notas simples constituyen un respaldo esencial para los damnificados\",\"breadcrumb\":{\"@id\":\"https:\\\/\\\/www.aquimicasa.net\\\/blog\\\/vivienda\\\/noticias-mercado-inmobiliario\\\/informacion-on-line-del-registro-a-los-afectados-por-los-incendios\\\/#breadcrumb\"},\"inLanguage\":\"es\",\"potentialAction\":[{\"@type\":\"ReadAction\",\"target\":[\"https:\\\/\\\/www.aquimicasa.net\\\/blog\\\/vivienda\\\/noticias-mercado-inmobiliario\\\/informacion-on-line-del-registro-a-los-afectados-por-los-incendios\\\/\"]}]},{\"@type\":\"ImageObject\",\"inLanguage\":\"es\",\"@id\":\"https:\\\/\\\/www.aquimicasa.net\\\/blog\\\/vivienda\\\/noticias-mercado-inmobiliario\\\/informacion-on-line-del-registro-a-los-afectados-por-los-incendios\\\/#primaryimage\",\"url\":\"https:\\\/\\\/www.aquimicasa.net\\\/blog\\\/wp-content\\\/uploads\\\/incendios2.png\",\"contentUrl\":\"https:\\\/\\\/www.aquimicasa.net\\\/blog\\\/wp-content\\\/uploads\\\/incendios2.png\",\"width\":792,\"height\":446,\"caption\":\"Para los damnificados por los incendios\"},{\"@type\":\"BreadcrumbList\",\"@id\":\"https:\\\/\\\/www.aquimicasa.net\\\/blog\\\/vivienda\\\/noticias-mercado-inmobiliario\\\/informacion-on-line-del-registro-a-los-afectados-por-los-incendios\\\/#breadcrumb\",\"itemListElement\":[{\"@type\":\"ListItem\",\"position\":1,\"name\":\"Portada\",\"item\":\"https:\\\/\\\/www.aquimicasa.net\\\/blog\\\/\"},{\"@type\":\"ListItem\",\"position\":2,\"name\":\"Informaci\u00f3n on line del Registro a los afectados por los incendios\"}]},{\"@type\":\"WebSite\",\"@id\":\"https:\\\/\\\/www.aquimicasa.net\\\/blog\\\/#website\",\"url\":\"https:\\\/\\\/www.aquimicasa.net\\\/blog\\\/\",\"name\":\"Blog de aquimicasa.net\",\"description\":\"Noticias del Mundo Inmobiliario\",\"publisher\":{\"@id\":\"https:\\\/\\\/www.aquimicasa.net\\\/blog\\\/#organization\"},\"potentialAction\":[{\"@type\":\"SearchAction\",\"target\":{\"@type\":\"EntryPoint\",\"urlTemplate\":\"https:\\\/\\\/www.aquimicasa.net\\\/blog\\\/?s={search_term_string}\"},\"query-input\":{\"@type\":\"PropertyValueSpecification\",\"valueRequired\":true,\"valueName\":\"search_term_string\"}}],\"inLanguage\":\"es\"},{\"@type\":\"Organization\",\"@id\":\"https:\\\/\\\/www.aquimicasa.net\\\/blog\\\/#organization\",\"name\":\"Blog de aquimicasa.net\",\"url\":\"https:\\\/\\\/www.aquimicasa.net\\\/blog\\\/\",\"logo\":{\"@type\":\"ImageObject\",\"inLanguage\":\"es\",\"@id\":\"https:\\\/\\\/www.aquimicasa.net\\\/blog\\\/#\\\/schema\\\/logo\\\/image\\\/\",\"url\":\"https:\\\/\\\/www.aquimicasa.net\\\/blog\\\/wp-content\\\/uploads\\\/Logo-aquimicasa-1-e1528048213782.png\",\"contentUrl\":\"https:\\\/\\\/www.aquimicasa.net\\\/blog\\\/wp-content\\\/uploads\\\/Logo-aquimicasa-1-e1528048213782.png\",\"width\":225,\"height\":225,\"caption\":\"Blog de aquimicasa.net\"},\"image\":{\"@id\":\"https:\\\/\\\/www.aquimicasa.net\\\/blog\\\/#\\\/schema\\\/logo\\\/image\\\/\"},\"sameAs\":[\"https:\\\/\\\/www.facebook.com\\\/aquimicasa.net\",\"https:\\\/\\\/www.instagram.com\\\/\",\"https:\\\/\\\/x.com\\\/EduLizarragaD\",\"https:\\\/\\\/www.linkedin.com\\\/feed\\\/\"]},{\"@type\":\"Person\",\"@id\":\"https:\\\/\\\/www.aquimicasa.net\\\/blog\\\/#\\\/schema\\\/person\\\/2cdfa2605534583395c8d7ce1d6cac14\",\"name\":\"Eduardo Lizarraga\",\"image\":{\"@type\":\"ImageObject\",\"inLanguage\":\"es\",\"@id\":\"https:\\\/\\\/secure.gravatar.com\\\/avatar\\\/bdabe1eeeed97b65a9cb7de2edd624b07995f7e13abc5fead15961f745f908cc?s=96&d=mm&r=g\",\"url\":\"https:\\\/\\\/secure.gravatar.com\\\/avatar\\\/bdabe1eeeed97b65a9cb7de2edd624b07995f7e13abc5fead15961f745f908cc?s=96&d=mm&r=g\",\"contentUrl\":\"https:\\\/\\\/secure.gravatar.com\\\/avatar\\\/bdabe1eeeed97b65a9cb7de2edd624b07995f7e13abc5fead15961f745f908cc?s=96&d=mm&r=g\",\"caption\":\"Eduardo Lizarraga\"},\"description\":\"Periodista Econ\u00f3mico. Ha trabajado en diversos campos de la informaci\u00f3n. Corresponsal en conflictos, analista pol\u00edtico en Congreso y Senado, periodista del medio ambiente, editor, director editorial, director de comunicaci\u00f3n.... En estos momentos se ha especializado en el sector inmobiliario. Pero tambi\u00e9n es navegante y viajero, preocupado por la pobreza, el medio ambiente y por las actuaciones descontroladas del neoliberalismo empresarial y pol\u00edtico en todo el mundo. Los desahucios, la pobreza infantil y la falta de acceso a los suministros b\u00e1sicos son algunos de los grandes dramas de nuestra sociedad y que es preciso solucionar para hacerla m\u00e1s justa. CEO en www.aquimicasa.net\",\"sameAs\":[\"https:\\\/\\\/www.aquimicasa.net\\\/\"],\"url\":\"https:\\\/\\\/www.aquimicasa.net\\\/blog\\\/author\\\/eduardo\\\/\"}]}<\/script>\n<!-- \/ Yoast SEO plugin. -->","yoast_head_json":{"title":"Informaci\u00f3n on line del Registro a los afectados por los incendios","description":"El Portal Registral de Emergencias (PRE) y la expedici\u00f3n gratuita de notas simples constituyen un respaldo esencial para los damnificados","robots":{"index":"index","follow":"follow","max-snippet":"max-snippet:-1","max-image-preview":"max-image-preview:large","max-video-preview":"max-video-preview:-1"},"canonical":"https:\/\/www.aquimicasa.net\/blog\/vivienda\/noticias-mercado-inmobiliario\/informacion-on-line-del-registro-a-los-afectados-por-los-incendios\/","og_locale":"es_ES","og_type":"article","og_title":"Informaci\u00f3n on line del Registro a los afectados por los incendios","og_description":"El Portal Registral de Emergencias (PRE) y la expedici\u00f3n gratuita de notas simples constituyen un respaldo esencial para los damnificados","og_url":"https:\/\/www.aquimicasa.net\/blog\/vivienda\/noticias-mercado-inmobiliario\/informacion-on-line-del-registro-a-los-afectados-por-los-incendios\/","og_site_name":"Blog de aquimicasa.net","article_publisher":"https:\/\/www.facebook.com\/aquimicasa.net","article_published_time":"2025-09-03T16:47:00+00:00","og_image":[{"width":792,"height":446,"url":"https:\/\/www.aquimicasa.net\/blog\/wp-content\/uploads\/incendios2.png","type":"image\/png"}],"author":"Eduardo Lizarraga","twitter_misc":{"Escrito por":"Eduardo Lizarraga","Tiempo de lectura":"6 minutos"},"schema":{"@context":"https:\/\/schema.org","@graph":[{"@type":"Article","@id":"https:\/\/www.aquimicasa.net\/blog\/vivienda\/noticias-mercado-inmobiliario\/informacion-on-line-del-registro-a-los-afectados-por-los-incendios\/#article","isPartOf":{"@id":"https:\/\/www.aquimicasa.net\/blog\/vivienda\/noticias-mercado-inmobiliario\/informacion-on-line-del-registro-a-los-afectados-por-los-incendios\/"},"author":{"name":"Eduardo Lizarraga","@id":"https:\/\/www.aquimicasa.net\/blog\/#\/schema\/person\/2cdfa2605534583395c8d7ce1d6cac14"},"headline":"Informaci\u00f3n on line del Registro a los afectados por los incendios","datePublished":"2025-09-03T16:47:00+00:00","mainEntityOfPage":{"@id":"https:\/\/www.aquimicasa.net\/blog\/vivienda\/noticias-mercado-inmobiliario\/informacion-on-line-del-registro-a-los-afectados-por-los-incendios\/"},"wordCount":1305,"publisher":{"@id":"https:\/\/www.aquimicasa.net\/blog\/#organization"},"image":{"@id":"https:\/\/www.aquimicasa.net\/blog\/vivienda\/noticias-mercado-inmobiliario\/informacion-on-line-del-registro-a-los-afectados-por-los-incendios\/#primaryimage"},"thumbnailUrl":"https:\/\/www.aquimicasa.net\/blog\/wp-content\/uploads\/incendios2.png","keywords":["newsletter 529"],"articleSection":["Noticias Mercado Inmobiliario"],"inLanguage":"es"},{"@type":"WebPage","@id":"https:\/\/www.aquimicasa.net\/blog\/vivienda\/noticias-mercado-inmobiliario\/informacion-on-line-del-registro-a-los-afectados-por-los-incendios\/","url":"https:\/\/www.aquimicasa.net\/blog\/vivienda\/noticias-mercado-inmobiliario\/informacion-on-line-del-registro-a-los-afectados-por-los-incendios\/","name":"Informaci\u00f3n on line del Registro a los afectados por los incendios","isPartOf":{"@id":"https:\/\/www.aquimicasa.net\/blog\/#website"},"primaryImageOfPage":{"@id":"https:\/\/www.aquimicasa.net\/blog\/vivienda\/noticias-mercado-inmobiliario\/informacion-on-line-del-registro-a-los-afectados-por-los-incendios\/#primaryimage"},"image":{"@id":"https:\/\/www.aquimicasa.net\/blog\/vivienda\/noticias-mercado-inmobiliario\/informacion-on-line-del-registro-a-los-afectados-por-los-incendios\/#primaryimage"},"thumbnailUrl":"https:\/\/www.aquimicasa.net\/blog\/wp-content\/uploads\/incendios2.png","datePublished":"2025-09-03T16:47:00+00:00","description":"El Portal Registral de Emergencias (PRE) y la expedici\u00f3n gratuita de notas simples constituyen un respaldo esencial para los damnificados","breadcrumb":{"@id":"https:\/\/www.aquimicasa.net\/blog\/vivienda\/noticias-mercado-inmobiliario\/informacion-on-line-del-registro-a-los-afectados-por-los-incendios\/#breadcrumb"},"inLanguage":"es","potentialAction":[{"@type":"ReadAction","target":["https:\/\/www.aquimicasa.net\/blog\/vivienda\/noticias-mercado-inmobiliario\/informacion-on-line-del-registro-a-los-afectados-por-los-incendios\/"]}]},{"@type":"ImageObject","inLanguage":"es","@id":"https:\/\/www.aquimicasa.net\/blog\/vivienda\/noticias-mercado-inmobiliario\/informacion-on-line-del-registro-a-los-afectados-por-los-incendios\/#primaryimage","url":"https:\/\/www.aquimicasa.net\/blog\/wp-content\/uploads\/incendios2.png","contentUrl":"https:\/\/www.aquimicasa.net\/blog\/wp-content\/uploads\/incendios2.png","width":792,"height":446,"caption":"Para los damnificados por los incendios"},{"@type":"BreadcrumbList","@id":"https:\/\/www.aquimicasa.net\/blog\/vivienda\/noticias-mercado-inmobiliario\/informacion-on-line-del-registro-a-los-afectados-por-los-incendios\/#breadcrumb","itemListElement":[{"@type":"ListItem","position":1,"name":"Portada","item":"https:\/\/www.aquimicasa.net\/blog\/"},{"@type":"ListItem","position":2,"name":"Informaci\u00f3n on line del Registro a los afectados por los incendios"}]},{"@type":"WebSite","@id":"https:\/\/www.aquimicasa.net\/blog\/#website","url":"https:\/\/www.aquimicasa.net\/blog\/","name":"Blog de aquimicasa.net","description":"Noticias del Mundo Inmobiliario","publisher":{"@id":"https:\/\/www.aquimicasa.net\/blog\/#organization"},"potentialAction":[{"@type":"SearchAction","target":{"@type":"EntryPoint","urlTemplate":"https:\/\/www.aquimicasa.net\/blog\/?s={search_term_string}"},"query-input":{"@type":"PropertyValueSpecification","valueRequired":true,"valueName":"search_term_string"}}],"inLanguage":"es"},{"@type":"Organization","@id":"https:\/\/www.aquimicasa.net\/blog\/#organization","name":"Blog de aquimicasa.net","url":"https:\/\/www.aquimicasa.net\/blog\/","logo":{"@type":"ImageObject","inLanguage":"es","@id":"https:\/\/www.aquimicasa.net\/blog\/#\/schema\/logo\/image\/","url":"https:\/\/www.aquimicasa.net\/blog\/wp-content\/uploads\/Logo-aquimicasa-1-e1528048213782.png","contentUrl":"https:\/\/www.aquimicasa.net\/blog\/wp-content\/uploads\/Logo-aquimicasa-1-e1528048213782.png","width":225,"height":225,"caption":"Blog de aquimicasa.net"},"image":{"@id":"https:\/\/www.aquimicasa.net\/blog\/#\/schema\/logo\/image\/"},"sameAs":["https:\/\/www.facebook.com\/aquimicasa.net","https:\/\/www.instagram.com\/","https:\/\/x.com\/EduLizarragaD","https:\/\/www.linkedin.com\/feed\/"]},{"@type":"Person","@id":"https:\/\/www.aquimicasa.net\/blog\/#\/schema\/person\/2cdfa2605534583395c8d7ce1d6cac14","name":"Eduardo Lizarraga","image":{"@type":"ImageObject","inLanguage":"es","@id":"https:\/\/secure.gravatar.com\/avatar\/bdabe1eeeed97b65a9cb7de2edd624b07995f7e13abc5fead15961f745f908cc?s=96&d=mm&r=g","url":"https:\/\/secure.gravatar.com\/avatar\/bdabe1eeeed97b65a9cb7de2edd624b07995f7e13abc5fead15961f745f908cc?s=96&d=mm&r=g","contentUrl":"https:\/\/secure.gravatar.com\/avatar\/bdabe1eeeed97b65a9cb7de2edd624b07995f7e13abc5fead15961f745f908cc?s=96&d=mm&r=g","caption":"Eduardo Lizarraga"},"description":"Periodista Econ\u00f3mico. Ha trabajado en diversos campos de la informaci\u00f3n. Corresponsal en conflictos, analista pol\u00edtico en Congreso y Senado, periodista del medio ambiente, editor, director editorial, director de comunicaci\u00f3n.... En estos momentos se ha especializado en el sector inmobiliario. Pero tambi\u00e9n es navegante y viajero, preocupado por la pobreza, el medio ambiente y por las actuaciones descontroladas del neoliberalismo empresarial y pol\u00edtico en todo el mundo. Los desahucios, la pobreza infantil y la falta de acceso a los suministros b\u00e1sicos son algunos de los grandes dramas de nuestra sociedad y que es preciso solucionar para hacerla m\u00e1s justa. CEO en www.aquimicasa.net","sameAs":["https:\/\/www.aquimicasa.net\/"],"url":"https:\/\/www.aquimicasa.net\/blog\/author\/eduardo\/"}]}},"jetpack_publicize_connections":[],"jetpack_featured_media_url":"https:\/\/www.aquimicasa.net\/blog\/wp-content\/uploads\/incendios2.png","jetpack_sharing_enabled":true,"jetpack_likes_enabled":true,"_links":{"self":[{"href":"https:\/\/www.aquimicasa.net\/blog\/wp-json\/wp\/v2\/posts\/52892","targetHints":{"allow":["GET"]}}],"collection":[{"href":"https:\/\/www.aquimicasa.net\/blog\/wp-json\/wp\/v2\/posts"}],"about":[{"href":"https:\/\/www.aquimicasa.net\/blog\/wp-json\/wp\/v2\/types\/post"}],"author":[{"embeddable":true,"href":"https:\/\/www.aquimicasa.net\/blog\/wp-json\/wp\/v2\/users\/3"}],"replies":[{"embeddable":true,"href":"https:\/\/www.aquimicasa.net\/blog\/wp-json\/wp\/v2\/comments?post=52892"}],"version-history":[{"count":3,"href":"https:\/\/www.aquimicasa.net\/blog\/wp-json\/wp\/v2\/posts\/52892\/revisions"}],"predecessor-version":[{"id":52898,"href":"https:\/\/www.aquimicasa.net\/blog\/wp-json\/wp\/v2\/posts\/52892\/revisions\/52898"}],"wp:featuredmedia":[{"embeddable":true,"href":"https:\/\/www.aquimicasa.net\/blog\/wp-json\/wp\/v2\/media\/52899"}],"wp:attachment":[{"href":"https:\/\/www.aquimicasa.net\/blog\/wp-json\/wp\/v2\/media?parent=52892"}],"wp:term":[{"taxonomy":"category","embeddable":true,"href":"https:\/\/www.aquimicasa.net\/blog\/wp-json\/wp\/v2\/categories?post=52892"},{"taxonomy":"post_tag","embeddable":true,"href":"https:\/\/www.aquimicasa.net\/blog\/wp-json\/wp\/v2\/tags?post=52892"}],"curies":[{"name":"wp","href":"https:\/\/api.w.org\/{rel}","templated":true}]}}