{"id":53026,"date":"2025-09-12T22:23:21","date_gmt":"2025-09-12T20:23:21","guid":{"rendered":"https:\/\/www.aquimicasa.net\/blog\/?p=53026"},"modified":"2025-09-12T22:23:21","modified_gmt":"2025-09-12T20:23:21","slug":"la-eurocamara-insta-a-los-paises-europeos-a-invertir-en-vivienda","status":"publish","type":"post","link":"https:\/\/www.aquimicasa.net\/blog\/vivienda\/noticias-mercado-inmobiliario\/la-eurocamara-insta-a-los-paises-europeos-a-invertir-en-vivienda\/","title":{"rendered":"La Euroc\u00e1mara insta a los pa\u00edses europeos a invertir en vivienda"},"content":{"rendered":"<div class=\"fusion-fullwidth fullwidth-box fusion-builder-row-1 fusion-flex-container nonhundred-percent-fullwidth non-hundred-percent-height-scrolling\" style=\"background-color: rgba(255,255,255,0);background-position: center center;background-repeat: no-repeat;border-width: 0px 0px 0px 0px;border-color:#eae9e9;border-style:solid;\" ><div class=\"fusion-builder-row fusion-row fusion-flex-align-items-flex-start\" style=\"max-width:1144px;margin-left: calc(-4% \/ 2 );margin-right: calc(-4% \/ 2 );\"><div class=\"fusion-layout-column fusion_builder_column fusion-builder-column-0 fusion_builder_column_1_1 1_1 fusion-flex-column\"><div class=\"fusion-column-wrapper fusion-flex-justify-content-flex-start fusion-content-layout-column\" style=\"background-position:left top;background-repeat:no-repeat;-webkit-background-size:cover;-moz-background-size:cover;-o-background-size:cover;background-size:cover;padding: 0px 0px 0px 0px;\"><div class=\"fusion-text fusion-text-1\"><p>La crisis de la vivienda en Europa ha dejado de ser un problema aislado de determinadas ciudades para convertirse en una cuesti\u00f3n estructural que afecta al conjunto del continente. El pleno del Parlamento Europeo ha urgido a los Estados miembros a <b>invertir en vivienda utilizando los fondos regionales<\/b>, apostando por una mayor inversi\u00f3n p\u00fablica, un parque m\u00e1s amplio de vivienda social y medidas espec\u00edficas para garantizar <b>alquileres asequibles<\/b> a los colectivos m\u00e1s vulnerables. La resoluci\u00f3n, aprobada con 462 votos a favor, 142 en contra y 63 abstenciones, subraya una realidad que Bruselas no puede seguir ignorando: <b>millones de europeos dedican m\u00e1s del 40 % de su renta mensual a la vivienda<\/b>, lo que genera desigualdad y exclusi\u00f3n social.<\/p>\n<h2><strong>Los fondos regionales un instrumento a utilizar en esta necesidad europea<\/strong><\/h2>\n<p>La Euroc\u00e1mara ha reclamado que los <b>fondos de la Pol\u00edtica de Cohesi\u00f3n<\/b> tengan un papel mucho m\u00e1s relevante en la respuesta a la crisis habitacional. Hasta ahora, estos fondos se utilizaban principalmente para proyectos de eficiencia energ\u00e9tica o integraci\u00f3n de energ\u00edas renovables en edificios. Sin embargo, la revisi\u00f3n aprobada en Bruselas permite destinar parte de esos recursos a <b>construcci\u00f3n de nueva vivienda, rehabilitaci\u00f3n del parque existente y programas de acceso al alquiler<\/b>. Se trata de una medida crucial para paliar la falta de oferta que asfixia a buena parte de las capitales europeas. En el marco financiero 2021-2027, la Uni\u00f3n Europea tiene previsto movilizar <b>392.000 millones de euros<\/b> a trav\u00e9s del FEDER, el FSE y el FTJ. El reto ahora es que los gobiernos nacionales prioricen la vivienda en el reparto de esos fondos.<\/p>\n<h2><strong>\u00bfCu\u00e1l es la situaci\u00f3n de la vivienda en Europa en cuanto a precio y disponibilidad?<\/strong><\/h2>\n<p>La realidad es preocupante. En la mayor\u00eda de los pa\u00edses europeos, la <b>oferta de vivienda es insuficiente<\/b> frente a la fuerte demanda. Ciudades como Berl\u00edn, Par\u00eds, Madrid o \u00c1msterdam han visto c\u00f3mo los precios se disparaban en la \u00faltima d\u00e9cada, generando una <b>brecha creciente entre ingresos y coste del alojamiento<\/b>. En muchos casos, los hogares de renta media y baja se ven expulsados a la periferia, mientras que los j\u00f3venes retrasan su emancipaci\u00f3n. Los eurodiputados apuntan a factores como la <b>escasez de mano de obra en la construcci\u00f3n<\/b>, el <b>aumento del coste de materiales<\/b> y una din\u00e1mica de mercado dominada por la especulaci\u00f3n. El resultado es que el derecho a la vivienda se ve cada vez m\u00e1s comprometido en beneficio de intereses financieros.<\/p>\n<h2><strong>La Euroc\u00e1mara denuncia la especulaci\u00f3n en la vivienda<\/strong><\/h2>\n<p>El mensaje del Parlamento Europeo es inequ\u00edvoco: <b>la vivienda no debe ser un veh\u00edculo para la especulaci\u00f3n<\/b>. El eurodiputado socialista Marcos Ros lo resumi\u00f3 con contundencia: \u00abLa vivienda es la base sobre la que la ciudadan\u00eda construye sus vidas\u00bb. La presi\u00f3n ejercida por fondos de inversi\u00f3n, grandes tenedores y operaciones especulativas ha convertido a la vivienda en un activo financiero con alta rentabilidad, dejando en segundo plano su funci\u00f3n social. Esta situaci\u00f3n agrava la desigualdad y genera una fractura social en la que millones de europeos quedan al margen de un bien tan b\u00e1sico como el acceso a un hogar.<\/p>\n<h2><strong>La revisi\u00f3n de la Pol\u00edtica de Cohesi\u00f3n y la vivienda<\/strong><\/h2>\n<p>La revisi\u00f3n de la <b>Pol\u00edtica de Cohesi\u00f3n<\/b> aprobada por la Euroc\u00e1mara abre un nuevo horizonte. Los eurodiputados han dado luz verde a que los pa\u00edses redirijan recursos hacia la vivienda, lo que supone un giro respecto a las prioridades de inversi\u00f3n comunitaria. Con m\u00e1s de 400 votos a favor, esta reforma permite utilizar fondos para <b>reforzar la vivienda social, garantizar alquileres asequibles y rehabilitar edificios en malas condiciones<\/b>. Adem\u00e1s, aunque la revisi\u00f3n tambi\u00e9n contempla otros \u00e1mbitos como seguridad, defensa o gesti\u00f3n del agua, por primera vez la vivienda se coloca en el centro de las pol\u00edticas de cohesi\u00f3n territorial.<\/p>\n<h2><strong>Un reto compartido en la Uni\u00f3n Europea<\/strong><\/h2>\n<p>La resoluci\u00f3n no es solo una llamada a la acci\u00f3n, es un recordatorio de que la <b>crisis de la vivienda es un desaf\u00edo com\u00fan<\/b>. La Uni\u00f3n Europea ha identificado un fallo de mercado que los Estados no pueden resolver \u00fanicamente con medidas privadas. La inversi\u00f3n p\u00fablica y el uso estrat\u00e9gico de los fondos europeos aparecen como la v\u00eda m\u00e1s eficaz para garantizar que todos los ciudadanos puedan acceder a una vivienda digna. La pregunta ahora es si los gobiernos nacionales estar\u00e1n a la altura y priorizar\u00e1n este problema con la urgencia que requiere. De lo contrario, la brecha entre el derecho a la vivienda y la especulaci\u00f3n seguir\u00e1 ampli\u00e1ndose en el coraz\u00f3n de Europa.<\/p>\n<\/div><\/div><style type=\"text\/css\">.fusion-body .fusion-builder-column-0{width:100% !important;margin-top : 0px;margin-bottom : 0px;}.fusion-builder-column-0 > .fusion-column-wrapper {padding-top : 0px !important;padding-right : 0px !important;margin-right : 1.92%;padding-bottom : 0px !important;padding-left : 0px !important;margin-left : 1.92%;}@media only screen and (max-width:1024px) {.fusion-body .fusion-builder-column-0{width:100% !important;}.fusion-builder-column-0 > .fusion-column-wrapper {margin-right : 1.92%;margin-left : 1.92%;}}@media only screen and (max-width:640px) {.fusion-body .fusion-builder-column-0{width:100% !important;}.fusion-builder-column-0 > .fusion-column-wrapper {margin-right : 1.92%;margin-left : 1.92%;}}<\/style><\/div><\/div><style type=\"text\/css\">.fusion-body .fusion-flex-container.fusion-builder-row-1{ padding-top : 0px;margin-top : 0px;padding-right : 0px;padding-bottom : 0px;margin-bottom : 0px;padding-left : 0px;}<\/style><\/div>\n","protected":false},"excerpt":{"rendered":"<p>El pleno del Parlamento Europeo ha urgido a los Estados miembros a invertir en vivienda utilizando los fondos regionales, apostando por una mayor inversi\u00f3n p\u00fablica, un parque m\u00e1s amplio de vivienda social y medidas espec\u00edficas para garantizar alquileres asequibles a los colectivos m\u00e1s vulnerables.<\/p>\n","protected":false},"author":3,"featured_media":46750,"comment_status":"closed","ping_status":"closed","sticky":false,"template":"","format":"standard","meta":{"_jetpack_memberships_contains_paid_content":false,"footnotes":"","jetpack_publicize_message":"","jetpack_publicize_feature_enabled":true,"jetpack_social_post_already_shared":true,"jetpack_social_options":{"image_generator_settings":{"template":"highway","default_image_id":0,"font":"","enabled":false},"version":2}},"categories":[7565],"tags":[8253],"class_list":["post-53026","post","type-post","status-publish","format-standard","has-post-thumbnail","hentry","category-noticias-mercado-inmobiliario","tag-newsletter-531"],"yoast_head":"<!-- This site is optimized with the Yoast SEO plugin v27.5 - https:\/\/yoast.com\/product\/yoast-seo-wordpress\/ -->\n<title>La Euroc\u00e1mara insta a los pa\u00edses europeos a invertir en vivienda<\/title>\n<meta name=\"description\" content=\"El mensaje del Parlamento Europeo es inequ\u00edvoco: la vivienda no debe ser un veh\u00edculo para la especulaci\u00f3n.\" \/>\n<meta name=\"robots\" content=\"index, follow, max-snippet:-1, max-image-preview:large, max-video-preview:-1\" \/>\n<link rel=\"canonical\" href=\"https:\/\/www.aquimicasa.net\/blog\/vivienda\/noticias-mercado-inmobiliario\/la-eurocamara-insta-a-los-paises-europeos-a-invertir-en-vivienda\/\" \/>\n<meta property=\"og:locale\" content=\"es_ES\" \/>\n<meta property=\"og:type\" content=\"article\" \/>\n<meta property=\"og:title\" content=\"La Euroc\u00e1mara insta a los pa\u00edses europeos a invertir en vivienda\" \/>\n<meta property=\"og:description\" content=\"El mensaje del Parlamento Europeo es inequ\u00edvoco: la vivienda no debe ser un veh\u00edculo para la especulaci\u00f3n.\" \/>\n<meta property=\"og:url\" content=\"https:\/\/www.aquimicasa.net\/blog\/vivienda\/noticias-mercado-inmobiliario\/la-eurocamara-insta-a-los-paises-europeos-a-invertir-en-vivienda\/\" \/>\n<meta property=\"og:site_name\" content=\"Blog de aquimicasa.net\" \/>\n<meta property=\"article:publisher\" content=\"https:\/\/www.facebook.com\/aquimicasa.net\" \/>\n<meta property=\"article:published_time\" content=\"2025-09-12T20:23:21+00:00\" \/>\n<meta property=\"og:image\" content=\"https:\/\/www.aquimicasa.net\/blog\/wp-content\/uploads\/Parlamento-europeo.jpg\" \/>\n\t<meta property=\"og:image:width\" content=\"800\" \/>\n\t<meta property=\"og:image:height\" content=\"450\" \/>\n\t<meta property=\"og:image:type\" content=\"image\/jpeg\" \/>\n<meta name=\"author\" content=\"Eduardo Lizarraga\" \/>\n<meta name=\"twitter:label1\" content=\"Escrito por\" \/>\n\t<meta name=\"twitter:data1\" content=\"Eduardo Lizarraga\" \/>\n\t<meta name=\"twitter:label2\" content=\"Tiempo de lectura\" \/>\n\t<meta name=\"twitter:data2\" content=\"4 minutos\" \/>\n<script type=\"application\/ld+json\" class=\"yoast-schema-graph\">{\"@context\":\"https:\\\/\\\/schema.org\",\"@graph\":[{\"@type\":\"Article\",\"@id\":\"https:\\\/\\\/www.aquimicasa.net\\\/blog\\\/vivienda\\\/noticias-mercado-inmobiliario\\\/la-eurocamara-insta-a-los-paises-europeos-a-invertir-en-vivienda\\\/#article\",\"isPartOf\":{\"@id\":\"https:\\\/\\\/www.aquimicasa.net\\\/blog\\\/vivienda\\\/noticias-mercado-inmobiliario\\\/la-eurocamara-insta-a-los-paises-europeos-a-invertir-en-vivienda\\\/\"},\"author\":{\"name\":\"Eduardo Lizarraga\",\"@id\":\"https:\\\/\\\/www.aquimicasa.net\\\/blog\\\/#\\\/schema\\\/person\\\/2cdfa2605534583395c8d7ce1d6cac14\"},\"headline\":\"La Euroc\u00e1mara insta a los pa\u00edses europeos a invertir en vivienda\",\"datePublished\":\"2025-09-12T20:23:21+00:00\",\"mainEntityOfPage\":{\"@id\":\"https:\\\/\\\/www.aquimicasa.net\\\/blog\\\/vivienda\\\/noticias-mercado-inmobiliario\\\/la-eurocamara-insta-a-los-paises-europeos-a-invertir-en-vivienda\\\/\"},\"wordCount\":1062,\"publisher\":{\"@id\":\"https:\\\/\\\/www.aquimicasa.net\\\/blog\\\/#organization\"},\"image\":{\"@id\":\"https:\\\/\\\/www.aquimicasa.net\\\/blog\\\/vivienda\\\/noticias-mercado-inmobiliario\\\/la-eurocamara-insta-a-los-paises-europeos-a-invertir-en-vivienda\\\/#primaryimage\"},\"thumbnailUrl\":\"https:\\\/\\\/www.aquimicasa.net\\\/blog\\\/wp-content\\\/uploads\\\/Parlamento-europeo.jpg\",\"keywords\":[\"newsletter 531\"],\"articleSection\":[\"Noticias Mercado Inmobiliario\"],\"inLanguage\":\"es\"},{\"@type\":\"WebPage\",\"@id\":\"https:\\\/\\\/www.aquimicasa.net\\\/blog\\\/vivienda\\\/noticias-mercado-inmobiliario\\\/la-eurocamara-insta-a-los-paises-europeos-a-invertir-en-vivienda\\\/\",\"url\":\"https:\\\/\\\/www.aquimicasa.net\\\/blog\\\/vivienda\\\/noticias-mercado-inmobiliario\\\/la-eurocamara-insta-a-los-paises-europeos-a-invertir-en-vivienda\\\/\",\"name\":\"La Euroc\u00e1mara insta a los pa\u00edses europeos a invertir en vivienda\",\"isPartOf\":{\"@id\":\"https:\\\/\\\/www.aquimicasa.net\\\/blog\\\/#website\"},\"primaryImageOfPage\":{\"@id\":\"https:\\\/\\\/www.aquimicasa.net\\\/blog\\\/vivienda\\\/noticias-mercado-inmobiliario\\\/la-eurocamara-insta-a-los-paises-europeos-a-invertir-en-vivienda\\\/#primaryimage\"},\"image\":{\"@id\":\"https:\\\/\\\/www.aquimicasa.net\\\/blog\\\/vivienda\\\/noticias-mercado-inmobiliario\\\/la-eurocamara-insta-a-los-paises-europeos-a-invertir-en-vivienda\\\/#primaryimage\"},\"thumbnailUrl\":\"https:\\\/\\\/www.aquimicasa.net\\\/blog\\\/wp-content\\\/uploads\\\/Parlamento-europeo.jpg\",\"datePublished\":\"2025-09-12T20:23:21+00:00\",\"description\":\"El mensaje del Parlamento Europeo es inequ\u00edvoco: la vivienda no debe ser un veh\u00edculo para la especulaci\u00f3n.\",\"breadcrumb\":{\"@id\":\"https:\\\/\\\/www.aquimicasa.net\\\/blog\\\/vivienda\\\/noticias-mercado-inmobiliario\\\/la-eurocamara-insta-a-los-paises-europeos-a-invertir-en-vivienda\\\/#breadcrumb\"},\"inLanguage\":\"es\",\"potentialAction\":[{\"@type\":\"ReadAction\",\"target\":[\"https:\\\/\\\/www.aquimicasa.net\\\/blog\\\/vivienda\\\/noticias-mercado-inmobiliario\\\/la-eurocamara-insta-a-los-paises-europeos-a-invertir-en-vivienda\\\/\"]}]},{\"@type\":\"ImageObject\",\"inLanguage\":\"es\",\"@id\":\"https:\\\/\\\/www.aquimicasa.net\\\/blog\\\/vivienda\\\/noticias-mercado-inmobiliario\\\/la-eurocamara-insta-a-los-paises-europeos-a-invertir-en-vivienda\\\/#primaryimage\",\"url\":\"https:\\\/\\\/www.aquimicasa.net\\\/blog\\\/wp-content\\\/uploads\\\/Parlamento-europeo.jpg\",\"contentUrl\":\"https:\\\/\\\/www.aquimicasa.net\\\/blog\\\/wp-content\\\/uploads\\\/Parlamento-europeo.jpg\",\"width\":800,\"height\":450,\"caption\":\"El Parlamento Europeo y la vivienda\"},{\"@type\":\"BreadcrumbList\",\"@id\":\"https:\\\/\\\/www.aquimicasa.net\\\/blog\\\/vivienda\\\/noticias-mercado-inmobiliario\\\/la-eurocamara-insta-a-los-paises-europeos-a-invertir-en-vivienda\\\/#breadcrumb\",\"itemListElement\":[{\"@type\":\"ListItem\",\"position\":1,\"name\":\"Portada\",\"item\":\"https:\\\/\\\/www.aquimicasa.net\\\/blog\\\/\"},{\"@type\":\"ListItem\",\"position\":2,\"name\":\"La Euroc\u00e1mara insta a los pa\u00edses europeos a invertir en vivienda\"}]},{\"@type\":\"WebSite\",\"@id\":\"https:\\\/\\\/www.aquimicasa.net\\\/blog\\\/#website\",\"url\":\"https:\\\/\\\/www.aquimicasa.net\\\/blog\\\/\",\"name\":\"Blog de aquimicasa.net\",\"description\":\"Noticias del Mundo Inmobiliario\",\"publisher\":{\"@id\":\"https:\\\/\\\/www.aquimicasa.net\\\/blog\\\/#organization\"},\"potentialAction\":[{\"@type\":\"SearchAction\",\"target\":{\"@type\":\"EntryPoint\",\"urlTemplate\":\"https:\\\/\\\/www.aquimicasa.net\\\/blog\\\/?s={search_term_string}\"},\"query-input\":{\"@type\":\"PropertyValueSpecification\",\"valueRequired\":true,\"valueName\":\"search_term_string\"}}],\"inLanguage\":\"es\"},{\"@type\":\"Organization\",\"@id\":\"https:\\\/\\\/www.aquimicasa.net\\\/blog\\\/#organization\",\"name\":\"Blog de aquimicasa.net\",\"url\":\"https:\\\/\\\/www.aquimicasa.net\\\/blog\\\/\",\"logo\":{\"@type\":\"ImageObject\",\"inLanguage\":\"es\",\"@id\":\"https:\\\/\\\/www.aquimicasa.net\\\/blog\\\/#\\\/schema\\\/logo\\\/image\\\/\",\"url\":\"https:\\\/\\\/www.aquimicasa.net\\\/blog\\\/wp-content\\\/uploads\\\/Logo-aquimicasa-1-e1528048213782.png\",\"contentUrl\":\"https:\\\/\\\/www.aquimicasa.net\\\/blog\\\/wp-content\\\/uploads\\\/Logo-aquimicasa-1-e1528048213782.png\",\"width\":225,\"height\":225,\"caption\":\"Blog de aquimicasa.net\"},\"image\":{\"@id\":\"https:\\\/\\\/www.aquimicasa.net\\\/blog\\\/#\\\/schema\\\/logo\\\/image\\\/\"},\"sameAs\":[\"https:\\\/\\\/www.facebook.com\\\/aquimicasa.net\",\"https:\\\/\\\/www.instagram.com\\\/\",\"https:\\\/\\\/x.com\\\/EduLizarragaD\",\"https:\\\/\\\/www.linkedin.com\\\/feed\\\/\"]},{\"@type\":\"Person\",\"@id\":\"https:\\\/\\\/www.aquimicasa.net\\\/blog\\\/#\\\/schema\\\/person\\\/2cdfa2605534583395c8d7ce1d6cac14\",\"name\":\"Eduardo Lizarraga\",\"image\":{\"@type\":\"ImageObject\",\"inLanguage\":\"es\",\"@id\":\"https:\\\/\\\/secure.gravatar.com\\\/avatar\\\/bdabe1eeeed97b65a9cb7de2edd624b07995f7e13abc5fead15961f745f908cc?s=96&d=mm&r=g\",\"url\":\"https:\\\/\\\/secure.gravatar.com\\\/avatar\\\/bdabe1eeeed97b65a9cb7de2edd624b07995f7e13abc5fead15961f745f908cc?s=96&d=mm&r=g\",\"contentUrl\":\"https:\\\/\\\/secure.gravatar.com\\\/avatar\\\/bdabe1eeeed97b65a9cb7de2edd624b07995f7e13abc5fead15961f745f908cc?s=96&d=mm&r=g\",\"caption\":\"Eduardo Lizarraga\"},\"description\":\"Periodista Econ\u00f3mico. Ha trabajado en diversos campos de la informaci\u00f3n. Corresponsal en conflictos, analista pol\u00edtico en Congreso y Senado, periodista del medio ambiente, editor, director editorial, director de comunicaci\u00f3n.... En estos momentos se ha especializado en el sector inmobiliario. Pero tambi\u00e9n es navegante y viajero, preocupado por la pobreza, el medio ambiente y por las actuaciones descontroladas del neoliberalismo empresarial y pol\u00edtico en todo el mundo. Los desahucios, la pobreza infantil y la falta de acceso a los suministros b\u00e1sicos son algunos de los grandes dramas de nuestra sociedad y que es preciso solucionar para hacerla m\u00e1s justa. CEO en www.aquimicasa.net\",\"sameAs\":[\"https:\\\/\\\/www.aquimicasa.net\\\/\"],\"url\":\"https:\\\/\\\/www.aquimicasa.net\\\/blog\\\/author\\\/eduardo\\\/\"}]}<\/script>\n<!-- \/ Yoast SEO plugin. -->","yoast_head_json":{"title":"La Euroc\u00e1mara insta a los pa\u00edses europeos a invertir en vivienda","description":"El mensaje del Parlamento Europeo es inequ\u00edvoco: la vivienda no debe ser un veh\u00edculo para la especulaci\u00f3n.","robots":{"index":"index","follow":"follow","max-snippet":"max-snippet:-1","max-image-preview":"max-image-preview:large","max-video-preview":"max-video-preview:-1"},"canonical":"https:\/\/www.aquimicasa.net\/blog\/vivienda\/noticias-mercado-inmobiliario\/la-eurocamara-insta-a-los-paises-europeos-a-invertir-en-vivienda\/","og_locale":"es_ES","og_type":"article","og_title":"La Euroc\u00e1mara insta a los pa\u00edses europeos a invertir en vivienda","og_description":"El mensaje del Parlamento Europeo es inequ\u00edvoco: la vivienda no debe ser un veh\u00edculo para la especulaci\u00f3n.","og_url":"https:\/\/www.aquimicasa.net\/blog\/vivienda\/noticias-mercado-inmobiliario\/la-eurocamara-insta-a-los-paises-europeos-a-invertir-en-vivienda\/","og_site_name":"Blog de aquimicasa.net","article_publisher":"https:\/\/www.facebook.com\/aquimicasa.net","article_published_time":"2025-09-12T20:23:21+00:00","og_image":[{"width":800,"height":450,"url":"https:\/\/www.aquimicasa.net\/blog\/wp-content\/uploads\/Parlamento-europeo.jpg","type":"image\/jpeg"}],"author":"Eduardo Lizarraga","twitter_misc":{"Escrito por":"Eduardo Lizarraga","Tiempo de lectura":"4 minutos"},"schema":{"@context":"https:\/\/schema.org","@graph":[{"@type":"Article","@id":"https:\/\/www.aquimicasa.net\/blog\/vivienda\/noticias-mercado-inmobiliario\/la-eurocamara-insta-a-los-paises-europeos-a-invertir-en-vivienda\/#article","isPartOf":{"@id":"https:\/\/www.aquimicasa.net\/blog\/vivienda\/noticias-mercado-inmobiliario\/la-eurocamara-insta-a-los-paises-europeos-a-invertir-en-vivienda\/"},"author":{"name":"Eduardo Lizarraga","@id":"https:\/\/www.aquimicasa.net\/blog\/#\/schema\/person\/2cdfa2605534583395c8d7ce1d6cac14"},"headline":"La Euroc\u00e1mara insta a los pa\u00edses europeos a invertir en vivienda","datePublished":"2025-09-12T20:23:21+00:00","mainEntityOfPage":{"@id":"https:\/\/www.aquimicasa.net\/blog\/vivienda\/noticias-mercado-inmobiliario\/la-eurocamara-insta-a-los-paises-europeos-a-invertir-en-vivienda\/"},"wordCount":1062,"publisher":{"@id":"https:\/\/www.aquimicasa.net\/blog\/#organization"},"image":{"@id":"https:\/\/www.aquimicasa.net\/blog\/vivienda\/noticias-mercado-inmobiliario\/la-eurocamara-insta-a-los-paises-europeos-a-invertir-en-vivienda\/#primaryimage"},"thumbnailUrl":"https:\/\/www.aquimicasa.net\/blog\/wp-content\/uploads\/Parlamento-europeo.jpg","keywords":["newsletter 531"],"articleSection":["Noticias Mercado Inmobiliario"],"inLanguage":"es"},{"@type":"WebPage","@id":"https:\/\/www.aquimicasa.net\/blog\/vivienda\/noticias-mercado-inmobiliario\/la-eurocamara-insta-a-los-paises-europeos-a-invertir-en-vivienda\/","url":"https:\/\/www.aquimicasa.net\/blog\/vivienda\/noticias-mercado-inmobiliario\/la-eurocamara-insta-a-los-paises-europeos-a-invertir-en-vivienda\/","name":"La Euroc\u00e1mara insta a los pa\u00edses europeos a invertir en vivienda","isPartOf":{"@id":"https:\/\/www.aquimicasa.net\/blog\/#website"},"primaryImageOfPage":{"@id":"https:\/\/www.aquimicasa.net\/blog\/vivienda\/noticias-mercado-inmobiliario\/la-eurocamara-insta-a-los-paises-europeos-a-invertir-en-vivienda\/#primaryimage"},"image":{"@id":"https:\/\/www.aquimicasa.net\/blog\/vivienda\/noticias-mercado-inmobiliario\/la-eurocamara-insta-a-los-paises-europeos-a-invertir-en-vivienda\/#primaryimage"},"thumbnailUrl":"https:\/\/www.aquimicasa.net\/blog\/wp-content\/uploads\/Parlamento-europeo.jpg","datePublished":"2025-09-12T20:23:21+00:00","description":"El mensaje del Parlamento Europeo es inequ\u00edvoco: la vivienda no debe ser un veh\u00edculo para la especulaci\u00f3n.","breadcrumb":{"@id":"https:\/\/www.aquimicasa.net\/blog\/vivienda\/noticias-mercado-inmobiliario\/la-eurocamara-insta-a-los-paises-europeos-a-invertir-en-vivienda\/#breadcrumb"},"inLanguage":"es","potentialAction":[{"@type":"ReadAction","target":["https:\/\/www.aquimicasa.net\/blog\/vivienda\/noticias-mercado-inmobiliario\/la-eurocamara-insta-a-los-paises-europeos-a-invertir-en-vivienda\/"]}]},{"@type":"ImageObject","inLanguage":"es","@id":"https:\/\/www.aquimicasa.net\/blog\/vivienda\/noticias-mercado-inmobiliario\/la-eurocamara-insta-a-los-paises-europeos-a-invertir-en-vivienda\/#primaryimage","url":"https:\/\/www.aquimicasa.net\/blog\/wp-content\/uploads\/Parlamento-europeo.jpg","contentUrl":"https:\/\/www.aquimicasa.net\/blog\/wp-content\/uploads\/Parlamento-europeo.jpg","width":800,"height":450,"caption":"El Parlamento Europeo y la vivienda"},{"@type":"BreadcrumbList","@id":"https:\/\/www.aquimicasa.net\/blog\/vivienda\/noticias-mercado-inmobiliario\/la-eurocamara-insta-a-los-paises-europeos-a-invertir-en-vivienda\/#breadcrumb","itemListElement":[{"@type":"ListItem","position":1,"name":"Portada","item":"https:\/\/www.aquimicasa.net\/blog\/"},{"@type":"ListItem","position":2,"name":"La Euroc\u00e1mara insta a los pa\u00edses europeos a invertir en vivienda"}]},{"@type":"WebSite","@id":"https:\/\/www.aquimicasa.net\/blog\/#website","url":"https:\/\/www.aquimicasa.net\/blog\/","name":"Blog de aquimicasa.net","description":"Noticias del Mundo Inmobiliario","publisher":{"@id":"https:\/\/www.aquimicasa.net\/blog\/#organization"},"potentialAction":[{"@type":"SearchAction","target":{"@type":"EntryPoint","urlTemplate":"https:\/\/www.aquimicasa.net\/blog\/?s={search_term_string}"},"query-input":{"@type":"PropertyValueSpecification","valueRequired":true,"valueName":"search_term_string"}}],"inLanguage":"es"},{"@type":"Organization","@id":"https:\/\/www.aquimicasa.net\/blog\/#organization","name":"Blog de aquimicasa.net","url":"https:\/\/www.aquimicasa.net\/blog\/","logo":{"@type":"ImageObject","inLanguage":"es","@id":"https:\/\/www.aquimicasa.net\/blog\/#\/schema\/logo\/image\/","url":"https:\/\/www.aquimicasa.net\/blog\/wp-content\/uploads\/Logo-aquimicasa-1-e1528048213782.png","contentUrl":"https:\/\/www.aquimicasa.net\/blog\/wp-content\/uploads\/Logo-aquimicasa-1-e1528048213782.png","width":225,"height":225,"caption":"Blog de aquimicasa.net"},"image":{"@id":"https:\/\/www.aquimicasa.net\/blog\/#\/schema\/logo\/image\/"},"sameAs":["https:\/\/www.facebook.com\/aquimicasa.net","https:\/\/www.instagram.com\/","https:\/\/x.com\/EduLizarragaD","https:\/\/www.linkedin.com\/feed\/"]},{"@type":"Person","@id":"https:\/\/www.aquimicasa.net\/blog\/#\/schema\/person\/2cdfa2605534583395c8d7ce1d6cac14","name":"Eduardo Lizarraga","image":{"@type":"ImageObject","inLanguage":"es","@id":"https:\/\/secure.gravatar.com\/avatar\/bdabe1eeeed97b65a9cb7de2edd624b07995f7e13abc5fead15961f745f908cc?s=96&d=mm&r=g","url":"https:\/\/secure.gravatar.com\/avatar\/bdabe1eeeed97b65a9cb7de2edd624b07995f7e13abc5fead15961f745f908cc?s=96&d=mm&r=g","contentUrl":"https:\/\/secure.gravatar.com\/avatar\/bdabe1eeeed97b65a9cb7de2edd624b07995f7e13abc5fead15961f745f908cc?s=96&d=mm&r=g","caption":"Eduardo Lizarraga"},"description":"Periodista Econ\u00f3mico. Ha trabajado en diversos campos de la informaci\u00f3n. Corresponsal en conflictos, analista pol\u00edtico en Congreso y Senado, periodista del medio ambiente, editor, director editorial, director de comunicaci\u00f3n.... En estos momentos se ha especializado en el sector inmobiliario. Pero tambi\u00e9n es navegante y viajero, preocupado por la pobreza, el medio ambiente y por las actuaciones descontroladas del neoliberalismo empresarial y pol\u00edtico en todo el mundo. Los desahucios, la pobreza infantil y la falta de acceso a los suministros b\u00e1sicos son algunos de los grandes dramas de nuestra sociedad y que es preciso solucionar para hacerla m\u00e1s justa. CEO en www.aquimicasa.net","sameAs":["https:\/\/www.aquimicasa.net\/"],"url":"https:\/\/www.aquimicasa.net\/blog\/author\/eduardo\/"}]}},"jetpack_publicize_connections":[],"jetpack_featured_media_url":"https:\/\/www.aquimicasa.net\/blog\/wp-content\/uploads\/Parlamento-europeo.jpg","jetpack_sharing_enabled":true,"jetpack_likes_enabled":true,"_links":{"self":[{"href":"https:\/\/www.aquimicasa.net\/blog\/wp-json\/wp\/v2\/posts\/53026","targetHints":{"allow":["GET"]}}],"collection":[{"href":"https:\/\/www.aquimicasa.net\/blog\/wp-json\/wp\/v2\/posts"}],"about":[{"href":"https:\/\/www.aquimicasa.net\/blog\/wp-json\/wp\/v2\/types\/post"}],"author":[{"embeddable":true,"href":"https:\/\/www.aquimicasa.net\/blog\/wp-json\/wp\/v2\/users\/3"}],"replies":[{"embeddable":true,"href":"https:\/\/www.aquimicasa.net\/blog\/wp-json\/wp\/v2\/comments?post=53026"}],"version-history":[{"count":5,"href":"https:\/\/www.aquimicasa.net\/blog\/wp-json\/wp\/v2\/posts\/53026\/revisions"}],"predecessor-version":[{"id":53035,"href":"https:\/\/www.aquimicasa.net\/blog\/wp-json\/wp\/v2\/posts\/53026\/revisions\/53035"}],"wp:featuredmedia":[{"embeddable":true,"href":"https:\/\/www.aquimicasa.net\/blog\/wp-json\/wp\/v2\/media\/46750"}],"wp:attachment":[{"href":"https:\/\/www.aquimicasa.net\/blog\/wp-json\/wp\/v2\/media?parent=53026"}],"wp:term":[{"taxonomy":"category","embeddable":true,"href":"https:\/\/www.aquimicasa.net\/blog\/wp-json\/wp\/v2\/categories?post=53026"},{"taxonomy":"post_tag","embeddable":true,"href":"https:\/\/www.aquimicasa.net\/blog\/wp-json\/wp\/v2\/tags?post=53026"}],"curies":[{"name":"wp","href":"https:\/\/api.w.org\/{rel}","templated":true}]}}