{"id":53496,"date":"2025-10-13T21:26:29","date_gmt":"2025-10-13T19:26:29","guid":{"rendered":"https:\/\/www.aquimicasa.net\/blog\/?p=53496"},"modified":"2025-10-13T21:29:37","modified_gmt":"2025-10-13T19:29:37","slug":"ante-la-propuesta-de-intervenir-el-mercado-de-la-vivienda","status":"publish","type":"post","link":"https:\/\/www.aquimicasa.net\/blog\/vivienda\/alquileres\/ante-la-propuesta-de-intervenir-el-mercado-de-la-vivienda\/","title":{"rendered":"Ante la propuesta de intervenir el mercado de la vivienda"},"content":{"rendered":"<div class=\"fusion-fullwidth fullwidth-box fusion-builder-row-1 fusion-flex-container nonhundred-percent-fullwidth non-hundred-percent-height-scrolling\" style=\"background-color: rgba(255,255,255,0);background-position: center center;background-repeat: no-repeat;border-width: 0px 0px 0px 0px;border-color:#eae9e9;border-style:solid;\" ><div class=\"fusion-builder-row fusion-row fusion-flex-align-items-flex-start\" style=\"max-width:1144px;margin-left: calc(-4% \/ 2 );margin-right: calc(-4% \/ 2 );\"><div class=\"fusion-layout-column fusion_builder_column fusion-builder-column-0 fusion_builder_column_1_1 1_1 fusion-flex-column\"><div class=\"fusion-column-wrapper fusion-flex-justify-content-flex-start fusion-content-layout-column\" style=\"background-position:left top;background-repeat:no-repeat;-webkit-background-size:cover;-moz-background-size:cover;-o-background-size:cover;background-size:cover;padding: 0px 0px 0px 0px;\"><div class=\"fusion-text fusion-text-1\"><h2>Preguntas y respuestas sobre la propuesta de Sumar y sus consecuencias para el mercado de la vivienda<\/h2>\n<p data-start=\"496\" data-end=\"1083\">El paquete de medidas que plantea <b>Sumar<\/b> ha abierto un nuevo frente en el debate sobre el acceso a la vivienda en Espa\u00f1a. La iniciativa, que se presenta como un <b>plan de intervenci\u00f3n urgente<\/b>, pretende frenar la escalada de precios y reforzar la protecci\u00f3n de los inquilinos, pero tambi\u00e9n ha generado interrogantes entre propietarios, promotores y economistas. En este espacio recopilamos las <b>principales dudas que surgen en torno a la propuesta<\/b>, su posible aplicaci\u00f3n y las consecuencias que podr\u00eda tener sobre el mercado inmobiliario si llegara a ponerse en marcha.<\/p>\n<p data-start=\"1085\" data-end=\"1429\"><strong>\u00bfQu\u00e9 pretende exactamente Sumar con esta intervenci\u00f3n?<\/strong><br data-start=\"1146\" data-end=\"1149\" \/>El objetivo principal es <b>garantizar el derecho a la vivienda<\/b> limitando la especulaci\u00f3n y ofreciendo protecci\u00f3n inmediata a los inquilinos. Se busca congelar los alquileres, ampliar su duraci\u00f3n y frenar el uso de contratos temporales o tur\u00edsticos que encarecen el mercado.<\/p>\n<p data-start=\"1431\" data-end=\"1788\"><strong>\u00bfQu\u00e9 implicar\u00eda la congelaci\u00f3n de los contratos de alquiler?<\/strong><br data-start=\"1498\" data-end=\"1501\" \/>De aprobarse, supondr\u00eda que <b>los precios se mantendr\u00edan estables durante varios a\u00f1os<\/b>, lo que dar\u00eda seguridad a los inquilinos pero podr\u00eda reducir la oferta disponible y perjudicar\u00eda las rentas de los propietarios. Los contratos vigentes se prorrogar\u00edan autom\u00e1ticamente y las renovaciones deber\u00edan mantener el precio anterior.<\/p>\n<p data-start=\"1790\" data-end=\"2120\"><strong>\u00bfC\u00f3mo afectar\u00edan las medidas fiscales a los propietarios con varias viviendas?<\/strong><br data-start=\"1853\" data-end=\"1856\" \/>El plan contempla que los due\u00f1os de <b>cuatro o m\u00e1s inmuebles tributen un 5% anual<\/b> sobre su patrimonio inmobiliario. Esta medida busca penalizar la acumulaci\u00f3n de viviendas con fines especulativos, aunque el sector teme que desincentive la inversi\u00f3n privada.<\/p>\n<p data-start=\"2122\" data-end=\"2454\"><strong>\u00bfQu\u00e9 cambios habr\u00eda en los pisos tur\u00edsticos?<\/strong><br data-start=\"2173\" data-end=\"2176\" \/>Sumar propone que <b>todo alquiler de m\u00e1s de 30 d\u00edas se considere tur\u00edstico, restringiendo as\u00ed la denominaci\u00f3n \u00abde temporada\u00bb <\/b>y tribute al 21% de IVA, adem\u00e1s de exigir registro obligatorio. El objetivo es controlar el crecimiento de este tipo de alojamientos, que est\u00e1 expulsando a los residentes de los centros urbanos.<\/p>\n<p data-start=\"2456\" data-end=\"2794\"><strong>\u00bfPor qu\u00e9 se cuestiona la viabilidad legal de estas medidas?<\/strong><br data-start=\"2522\" data-end=\"2525\" \/>Porque muchas competencias en materia de vivienda son <b>auton\u00f3micas y locales<\/b>, lo que limita el alcance de un decreto estatal. Adem\u00e1s, la falta de apoyo parlamentario har\u00eda dif\u00edcil su convalidaci\u00f3n, incluso si el Gobierno lo aprueba inicialmente por decreto-ley.<\/p>\n<p data-start=\"2796\" data-end=\"3143\"><strong>\u00bfPodr\u00edan bajar los precios de la vivienda con esta intervenci\u00f3n?<\/strong><br data-start=\"2867\" data-end=\"2870\" \/>A corto plazo, es poco probable. El mercado tiende a <b>ajustarse lentamente<\/b> y la falta de oferta estructural seguir\u00eda presionando los precios. Sin embargo, un control efectivo del alquiler y el aumento de la vivienda p\u00fablica podr\u00edan estabilizar la tendencia al alza.<\/p>\n<p data-start=\"3145\" data-end=\"3465\"><strong>\u00bfQu\u00e9 opinan los economistas sobre la propuesta?<\/strong><br data-start=\"3199\" data-end=\"3202\" \/>La mayor\u00eda coincide en que es <b>una respuesta pol\u00edtica a una emergencia social real<\/b>, pero advierten que la intervenci\u00f3n excesiva puede generar efectos secundarios, como la contracci\u00f3n de la oferta o el traslado de capital hacia otros segmentos del mercado.<\/p>\n<p data-start=\"3467\" data-end=\"3798\"><strong>\u00bfQu\u00e9 consecuencias tendr\u00eda para los inquilinos actuales?<\/strong><br data-start=\"3530\" data-end=\"3533\" \/>Los arrendatarios ver\u00edan <b>reforzados sus derechos y estabilidad<\/b>. Las pr\u00f3rrogas autom\u00e1ticas y el tope de precios les permitir\u00edan planificar a medio plazo sin temor a subidas abusivas, aunque podr\u00edan encontrar m\u00e1s dificultades para acceder a nuevas viviendas.<\/p>\n<p data-start=\"3800\" data-end=\"4110\"><strong>\u00bfY para quienes buscan comprar una vivienda?<\/strong><br data-start=\"3851\" data-end=\"3854\" \/>El impacto ser\u00eda indirecto. La limitaci\u00f3n a la compra para alquiler podr\u00eda <b>reducir la demanda especulativa<\/b> y moderar el alza de precios, pero sin una mayor oferta de vivienda asequible, las dificultades para comprar seguir\u00e1n siendo significativas.<\/p>\n<p data-start=\"4112\" data-end=\"4431\"><strong>\u00bfQu\u00e9 papel juega la inversi\u00f3n p\u00fablica en todo esto?<\/strong><br data-start=\"4170\" data-end=\"4173\" \/>Sumar propone aumentar la <b>inversi\u00f3n en vivienda social y p\u00fablica<\/b> para ampliar el parque de alquiler asequible. Sin embargo, la ejecuci\u00f3n de esas partidas depende de los pr\u00f3ximos presupuestos y del compromiso real del Gobierno en materia de vivienda.<\/p>\n<p data-start=\"4433\" data-end=\"4740\"><strong>\u00bfPor qu\u00e9 el Gobierno no ha actuado antes?<\/strong><br data-start=\"4481\" data-end=\"4484\" \/>Porque la vivienda se ha convertido en una <b>patata caliente pol\u00edtica<\/b>. Todos los partidos la se\u00f1alan como prioridad, pero pocos asumen el coste de intervenir un mercado que mueve miles de millones y en el que confluyen intereses p\u00fablicos y privados.<\/p>\n<p data-start=\"4742\" data-end=\"5061\"><strong>\u00bfEs probable que estas medidas prosperen?<\/strong><br data-start=\"4790\" data-end=\"4793\" \/>A d\u00eda de hoy, las posibilidades son reducidas. El PSOE muestra <b>reticencias a apoyar un decreto tan intervencionista<\/b>, y los apoyos parlamentarios de Sumar no son suficientes. Aun as\u00ed, la propuesta ha logrado situar el debate en el centro de la agenda pol\u00edtica.<\/p>\n<p data-start=\"5063\" data-end=\"5659\"><strong>Los precios siguen subiendo a la par que los pol\u00edticos discuten<\/strong><br data-start=\"5080\" data-end=\"5083\" \/>La propuesta de <b>Sumar para intervenir el mercado de la vivienda<\/b> representa uno de los intentos m\u00e1s ambiciosos de los \u00faltimos a\u00f1os para contener la especulaci\u00f3n y garantizar el derecho a una vivienda digna. Sin embargo, su viabilidad pol\u00edtica es limitada y su aplicaci\u00f3n podr\u00eda tensionar a\u00fan m\u00e1s la relaci\u00f3n entre el PSOE y su socio de coalici\u00f3n. Mientras tanto, la realidad del mercado avanza por su cuenta: <b>los precios siguen subiendo<\/b>, el alquiler se encarece y miles de familias contin\u00faan atrapadas entre la inacci\u00f3n pol\u00edtica y la falta de medidas efectivas.<\/p>\n<\/div><\/div><style type=\"text\/css\">.fusion-body .fusion-builder-column-0{width:100% !important;margin-top : 0px;margin-bottom : 0px;}.fusion-builder-column-0 > .fusion-column-wrapper {padding-top : 0px !important;padding-right : 0px !important;margin-right : 1.92%;padding-bottom : 0px !important;padding-left : 0px !important;margin-left : 1.92%;}@media only screen and (max-width:1024px) {.fusion-body .fusion-builder-column-0{width:100% !important;}.fusion-builder-column-0 > .fusion-column-wrapper {margin-right : 1.92%;margin-left : 1.92%;}}@media only screen and (max-width:640px) {.fusion-body .fusion-builder-column-0{width:100% !important;}.fusion-builder-column-0 > .fusion-column-wrapper {margin-right : 1.92%;margin-left : 1.92%;}}<\/style><\/div><\/div><style type=\"text\/css\">.fusion-body .fusion-flex-container.fusion-builder-row-1{ padding-top : 0px;margin-top : 0px;padding-right : 0px;padding-bottom : 0px;margin-bottom : 0px;padding-left : 0px;}<\/style><\/div>\n","protected":false},"excerpt":{"rendered":"<p>La iniciativa, que se presenta como un plan de intervenci\u00f3n urgente, pretende frenar la escalada de precios y reforzar la protecci\u00f3n de los inquilinos, pero tambi\u00e9n ha generado interrogantes entre propietarios, promotores y economistas.<\/p>\n","protected":false},"author":3,"featured_media":53501,"comment_status":"closed","ping_status":"closed","sticky":false,"template":"","format":"standard","meta":{"_jetpack_memberships_contains_paid_content":false,"footnotes":"","jetpack_publicize_message":"","jetpack_publicize_feature_enabled":true,"jetpack_social_post_already_shared":true,"jetpack_social_options":{"image_generator_settings":{"template":"highway","default_image_id":0,"font":"","enabled":false},"version":2}},"categories":[120],"tags":[],"class_list":["post-53496","post","type-post","status-publish","format-standard","has-post-thumbnail","hentry","category-alquileres"],"yoast_head":"<!-- This site is optimized with the Yoast SEO plugin v28.2 - https:\/\/yoast.com\/product\/yoast-seo-wordpress\/ -->\n<title>Ante la propuesta de intervenir el mercado de la vivienda<\/title>\n<meta name=\"description\" content=\"El paquete de medidas que plantea Sumar ha abierto un nuevo frente en el debate sobre el acceso a la vivienda en Espa\u00f1a\" \/>\n<meta name=\"robots\" content=\"index, follow, max-snippet:-1, max-image-preview:large, max-video-preview:-1\" \/>\n<link rel=\"canonical\" href=\"https:\/\/www.aquimicasa.net\/blog\/vivienda\/alquileres\/ante-la-propuesta-de-intervenir-el-mercado-de-la-vivienda\/\" \/>\n<meta property=\"og:locale\" content=\"es_ES\" \/>\n<meta property=\"og:type\" content=\"article\" \/>\n<meta property=\"og:title\" content=\"Ante la propuesta de intervenir el mercado de la vivienda\" \/>\n<meta property=\"og:description\" content=\"El paquete de medidas que plantea Sumar ha abierto un nuevo frente en el debate sobre el acceso a la vivienda en Espa\u00f1a\" \/>\n<meta property=\"og:url\" content=\"https:\/\/www.aquimicasa.net\/blog\/vivienda\/alquileres\/ante-la-propuesta-de-intervenir-el-mercado-de-la-vivienda\/\" \/>\n<meta property=\"og:site_name\" content=\"Blog de aquimicasa.net\" \/>\n<meta property=\"article:publisher\" content=\"https:\/\/www.facebook.com\/aquimicasa.net\" \/>\n<meta property=\"article:published_time\" content=\"2025-10-13T19:26:29+00:00\" \/>\n<meta property=\"article:modified_time\" content=\"2025-10-13T19:29:37+00:00\" \/>\n<meta property=\"og:image\" content=\"https:\/\/www.aquimicasa.net\/blog\/wp-content\/uploads\/alquiler-lio1-e1760383414762.jpg\" \/>\n\t<meta property=\"og:image:width\" content=\"600\" \/>\n\t<meta property=\"og:image:height\" content=\"338\" \/>\n\t<meta property=\"og:image:type\" content=\"image\/jpeg\" \/>\n<meta name=\"author\" content=\"Eduardo Lizarraga\" \/>\n<meta name=\"twitter:label1\" content=\"Escrito por\" \/>\n\t<meta name=\"twitter:data1\" content=\"Eduardo Lizarraga\" \/>\n\t<meta name=\"twitter:label2\" content=\"Tiempo de lectura\" \/>\n\t<meta name=\"twitter:data2\" content=\"5 minutos\" \/>\n<script type=\"application\/ld+json\" class=\"yoast-schema-graph\">{\"@context\":\"https:\\\/\\\/schema.org\",\"@graph\":[{\"@type\":\"Article\",\"@id\":\"https:\\\/\\\/www.aquimicasa.net\\\/blog\\\/vivienda\\\/alquileres\\\/ante-la-propuesta-de-intervenir-el-mercado-de-la-vivienda\\\/#article\",\"isPartOf\":{\"@id\":\"https:\\\/\\\/www.aquimicasa.net\\\/blog\\\/vivienda\\\/alquileres\\\/ante-la-propuesta-de-intervenir-el-mercado-de-la-vivienda\\\/\"},\"author\":{\"name\":\"Eduardo Lizarraga\",\"@id\":\"https:\\\/\\\/www.aquimicasa.net\\\/blog\\\/#\\\/schema\\\/person\\\/2cdfa2605534583395c8d7ce1d6cac14\"},\"headline\":\"Ante la propuesta de intervenir el mercado de la vivienda\",\"datePublished\":\"2025-10-13T19:26:29+00:00\",\"dateModified\":\"2025-10-13T19:29:37+00:00\",\"mainEntityOfPage\":{\"@id\":\"https:\\\/\\\/www.aquimicasa.net\\\/blog\\\/vivienda\\\/alquileres\\\/ante-la-propuesta-de-intervenir-el-mercado-de-la-vivienda\\\/\"},\"wordCount\":1134,\"publisher\":{\"@id\":\"https:\\\/\\\/www.aquimicasa.net\\\/blog\\\/#organization\"},\"image\":{\"@id\":\"https:\\\/\\\/www.aquimicasa.net\\\/blog\\\/vivienda\\\/alquileres\\\/ante-la-propuesta-de-intervenir-el-mercado-de-la-vivienda\\\/#primaryimage\"},\"thumbnailUrl\":\"https:\\\/\\\/www.aquimicasa.net\\\/blog\\\/wp-content\\\/uploads\\\/alquiler-lio1-e1760383414762.jpg\",\"articleSection\":[\"Alquiler\"],\"inLanguage\":\"es\"},{\"@type\":\"WebPage\",\"@id\":\"https:\\\/\\\/www.aquimicasa.net\\\/blog\\\/vivienda\\\/alquileres\\\/ante-la-propuesta-de-intervenir-el-mercado-de-la-vivienda\\\/\",\"url\":\"https:\\\/\\\/www.aquimicasa.net\\\/blog\\\/vivienda\\\/alquileres\\\/ante-la-propuesta-de-intervenir-el-mercado-de-la-vivienda\\\/\",\"name\":\"Ante la propuesta de intervenir el mercado de la vivienda\",\"isPartOf\":{\"@id\":\"https:\\\/\\\/www.aquimicasa.net\\\/blog\\\/#website\"},\"primaryImageOfPage\":{\"@id\":\"https:\\\/\\\/www.aquimicasa.net\\\/blog\\\/vivienda\\\/alquileres\\\/ante-la-propuesta-de-intervenir-el-mercado-de-la-vivienda\\\/#primaryimage\"},\"image\":{\"@id\":\"https:\\\/\\\/www.aquimicasa.net\\\/blog\\\/vivienda\\\/alquileres\\\/ante-la-propuesta-de-intervenir-el-mercado-de-la-vivienda\\\/#primaryimage\"},\"thumbnailUrl\":\"https:\\\/\\\/www.aquimicasa.net\\\/blog\\\/wp-content\\\/uploads\\\/alquiler-lio1-e1760383414762.jpg\",\"datePublished\":\"2025-10-13T19:26:29+00:00\",\"dateModified\":\"2025-10-13T19:29:37+00:00\",\"description\":\"El paquete de medidas que plantea Sumar ha abierto un nuevo frente en el debate sobre el acceso a la vivienda en Espa\u00f1a\",\"breadcrumb\":{\"@id\":\"https:\\\/\\\/www.aquimicasa.net\\\/blog\\\/vivienda\\\/alquileres\\\/ante-la-propuesta-de-intervenir-el-mercado-de-la-vivienda\\\/#breadcrumb\"},\"inLanguage\":\"es\",\"potentialAction\":[{\"@type\":\"ReadAction\",\"target\":[\"https:\\\/\\\/www.aquimicasa.net\\\/blog\\\/vivienda\\\/alquileres\\\/ante-la-propuesta-de-intervenir-el-mercado-de-la-vivienda\\\/\"]}]},{\"@type\":\"ImageObject\",\"inLanguage\":\"es\",\"@id\":\"https:\\\/\\\/www.aquimicasa.net\\\/blog\\\/vivienda\\\/alquileres\\\/ante-la-propuesta-de-intervenir-el-mercado-de-la-vivienda\\\/#primaryimage\",\"url\":\"https:\\\/\\\/www.aquimicasa.net\\\/blog\\\/wp-content\\\/uploads\\\/alquiler-lio1-e1760383414762.jpg\",\"contentUrl\":\"https:\\\/\\\/www.aquimicasa.net\\\/blog\\\/wp-content\\\/uploads\\\/alquiler-lio1-e1760383414762.jpg\",\"width\":600,\"height\":338,\"caption\":\"La rentabiloidad del alquiler\"},{\"@type\":\"BreadcrumbList\",\"@id\":\"https:\\\/\\\/www.aquimicasa.net\\\/blog\\\/vivienda\\\/alquileres\\\/ante-la-propuesta-de-intervenir-el-mercado-de-la-vivienda\\\/#breadcrumb\",\"itemListElement\":[{\"@type\":\"ListItem\",\"position\":1,\"name\":\"Portada\",\"item\":\"https:\\\/\\\/www.aquimicasa.net\\\/blog\\\/\"},{\"@type\":\"ListItem\",\"position\":2,\"name\":\"Ante la propuesta de intervenir el mercado de la vivienda\"}]},{\"@type\":\"WebSite\",\"@id\":\"https:\\\/\\\/www.aquimicasa.net\\\/blog\\\/#website\",\"url\":\"https:\\\/\\\/www.aquimicasa.net\\\/blog\\\/\",\"name\":\"Blog de aquimicasa.net\",\"description\":\"Noticias del Mundo Inmobiliario\",\"publisher\":{\"@id\":\"https:\\\/\\\/www.aquimicasa.net\\\/blog\\\/#organization\"},\"potentialAction\":[{\"@type\":\"SearchAction\",\"target\":{\"@type\":\"EntryPoint\",\"urlTemplate\":\"https:\\\/\\\/www.aquimicasa.net\\\/blog\\\/?s={search_term_string}\"},\"query-input\":{\"@type\":\"PropertyValueSpecification\",\"valueRequired\":true,\"valueName\":\"search_term_string\"}}],\"inLanguage\":\"es\"},{\"@type\":\"Organization\",\"@id\":\"https:\\\/\\\/www.aquimicasa.net\\\/blog\\\/#organization\",\"name\":\"Blog de aquimicasa.net\",\"url\":\"https:\\\/\\\/www.aquimicasa.net\\\/blog\\\/\",\"logo\":{\"@type\":\"ImageObject\",\"inLanguage\":\"es\",\"@id\":\"https:\\\/\\\/www.aquimicasa.net\\\/blog\\\/#\\\/schema\\\/logo\\\/image\\\/\",\"url\":\"https:\\\/\\\/www.aquimicasa.net\\\/blog\\\/wp-content\\\/uploads\\\/Logo-aquimicasa-1-e1528048213782.png\",\"contentUrl\":\"https:\\\/\\\/www.aquimicasa.net\\\/blog\\\/wp-content\\\/uploads\\\/Logo-aquimicasa-1-e1528048213782.png\",\"width\":225,\"height\":225,\"caption\":\"Blog de aquimicasa.net\"},\"image\":{\"@id\":\"https:\\\/\\\/www.aquimicasa.net\\\/blog\\\/#\\\/schema\\\/logo\\\/image\\\/\"},\"sameAs\":[\"https:\\\/\\\/www.facebook.com\\\/aquimicasa.net\",\"https:\\\/\\\/www.instagram.com\\\/\",\"https:\\\/\\\/x.com\\\/EduLizarragaD\",\"https:\\\/\\\/www.linkedin.com\\\/feed\\\/\"]},{\"@type\":\"Person\",\"@id\":\"https:\\\/\\\/www.aquimicasa.net\\\/blog\\\/#\\\/schema\\\/person\\\/2cdfa2605534583395c8d7ce1d6cac14\",\"name\":\"Eduardo Lizarraga\",\"image\":{\"@type\":\"ImageObject\",\"inLanguage\":\"es\",\"@id\":\"https:\\\/\\\/secure.gravatar.com\\\/avatar\\\/bdabe1eeeed97b65a9cb7de2edd624b07995f7e13abc5fead15961f745f908cc?s=96&d=mm&r=g\",\"url\":\"https:\\\/\\\/secure.gravatar.com\\\/avatar\\\/bdabe1eeeed97b65a9cb7de2edd624b07995f7e13abc5fead15961f745f908cc?s=96&d=mm&r=g\",\"contentUrl\":\"https:\\\/\\\/secure.gravatar.com\\\/avatar\\\/bdabe1eeeed97b65a9cb7de2edd624b07995f7e13abc5fead15961f745f908cc?s=96&d=mm&r=g\",\"caption\":\"Eduardo Lizarraga\"},\"description\":\"Periodista Econ\u00f3mico. Ha trabajado en diversos campos de la informaci\u00f3n. Corresponsal en conflictos, analista pol\u00edtico en Congreso y Senado, periodista del medio ambiente, editor, director editorial, director de comunicaci\u00f3n.... En estos momentos se ha especializado en el sector inmobiliario. Pero tambi\u00e9n es navegante y viajero, preocupado por la pobreza, el medio ambiente y por las actuaciones descontroladas del neoliberalismo empresarial y pol\u00edtico en todo el mundo. Los desahucios, la pobreza infantil y la falta de acceso a los suministros b\u00e1sicos son algunos de los grandes dramas de nuestra sociedad y que es preciso solucionar para hacerla m\u00e1s justa. CEO en www.aquimicasa.net\",\"sameAs\":[\"https:\\\/\\\/www.aquimicasa.net\\\/\"],\"url\":\"https:\\\/\\\/www.aquimicasa.net\\\/blog\\\/author\\\/eduardo\\\/\"}]}<\/script>\n<!-- \/ Yoast SEO plugin. -->","yoast_head_json":{"title":"Ante la propuesta de intervenir el mercado de la vivienda","description":"El paquete de medidas que plantea Sumar ha abierto un nuevo frente en el debate sobre el acceso a la vivienda en Espa\u00f1a","robots":{"index":"index","follow":"follow","max-snippet":"max-snippet:-1","max-image-preview":"max-image-preview:large","max-video-preview":"max-video-preview:-1"},"canonical":"https:\/\/www.aquimicasa.net\/blog\/vivienda\/alquileres\/ante-la-propuesta-de-intervenir-el-mercado-de-la-vivienda\/","og_locale":"es_ES","og_type":"article","og_title":"Ante la propuesta de intervenir el mercado de la vivienda","og_description":"El paquete de medidas que plantea Sumar ha abierto un nuevo frente en el debate sobre el acceso a la vivienda en Espa\u00f1a","og_url":"https:\/\/www.aquimicasa.net\/blog\/vivienda\/alquileres\/ante-la-propuesta-de-intervenir-el-mercado-de-la-vivienda\/","og_site_name":"Blog de aquimicasa.net","article_publisher":"https:\/\/www.facebook.com\/aquimicasa.net","article_published_time":"2025-10-13T19:26:29+00:00","article_modified_time":"2025-10-13T19:29:37+00:00","og_image":[{"width":600,"height":338,"url":"https:\/\/www.aquimicasa.net\/blog\/wp-content\/uploads\/alquiler-lio1-e1760383414762.jpg","type":"image\/jpeg"}],"author":"Eduardo Lizarraga","twitter_misc":{"Escrito por":"Eduardo Lizarraga","Tiempo de lectura":"5 minutos"},"schema":{"@context":"https:\/\/schema.org","@graph":[{"@type":"Article","@id":"https:\/\/www.aquimicasa.net\/blog\/vivienda\/alquileres\/ante-la-propuesta-de-intervenir-el-mercado-de-la-vivienda\/#article","isPartOf":{"@id":"https:\/\/www.aquimicasa.net\/blog\/vivienda\/alquileres\/ante-la-propuesta-de-intervenir-el-mercado-de-la-vivienda\/"},"author":{"name":"Eduardo Lizarraga","@id":"https:\/\/www.aquimicasa.net\/blog\/#\/schema\/person\/2cdfa2605534583395c8d7ce1d6cac14"},"headline":"Ante la propuesta de intervenir el mercado de la vivienda","datePublished":"2025-10-13T19:26:29+00:00","dateModified":"2025-10-13T19:29:37+00:00","mainEntityOfPage":{"@id":"https:\/\/www.aquimicasa.net\/blog\/vivienda\/alquileres\/ante-la-propuesta-de-intervenir-el-mercado-de-la-vivienda\/"},"wordCount":1134,"publisher":{"@id":"https:\/\/www.aquimicasa.net\/blog\/#organization"},"image":{"@id":"https:\/\/www.aquimicasa.net\/blog\/vivienda\/alquileres\/ante-la-propuesta-de-intervenir-el-mercado-de-la-vivienda\/#primaryimage"},"thumbnailUrl":"https:\/\/www.aquimicasa.net\/blog\/wp-content\/uploads\/alquiler-lio1-e1760383414762.jpg","articleSection":["Alquiler"],"inLanguage":"es"},{"@type":"WebPage","@id":"https:\/\/www.aquimicasa.net\/blog\/vivienda\/alquileres\/ante-la-propuesta-de-intervenir-el-mercado-de-la-vivienda\/","url":"https:\/\/www.aquimicasa.net\/blog\/vivienda\/alquileres\/ante-la-propuesta-de-intervenir-el-mercado-de-la-vivienda\/","name":"Ante la propuesta de intervenir el mercado de la vivienda","isPartOf":{"@id":"https:\/\/www.aquimicasa.net\/blog\/#website"},"primaryImageOfPage":{"@id":"https:\/\/www.aquimicasa.net\/blog\/vivienda\/alquileres\/ante-la-propuesta-de-intervenir-el-mercado-de-la-vivienda\/#primaryimage"},"image":{"@id":"https:\/\/www.aquimicasa.net\/blog\/vivienda\/alquileres\/ante-la-propuesta-de-intervenir-el-mercado-de-la-vivienda\/#primaryimage"},"thumbnailUrl":"https:\/\/www.aquimicasa.net\/blog\/wp-content\/uploads\/alquiler-lio1-e1760383414762.jpg","datePublished":"2025-10-13T19:26:29+00:00","dateModified":"2025-10-13T19:29:37+00:00","description":"El paquete de medidas que plantea Sumar ha abierto un nuevo frente en el debate sobre el acceso a la vivienda en Espa\u00f1a","breadcrumb":{"@id":"https:\/\/www.aquimicasa.net\/blog\/vivienda\/alquileres\/ante-la-propuesta-de-intervenir-el-mercado-de-la-vivienda\/#breadcrumb"},"inLanguage":"es","potentialAction":[{"@type":"ReadAction","target":["https:\/\/www.aquimicasa.net\/blog\/vivienda\/alquileres\/ante-la-propuesta-de-intervenir-el-mercado-de-la-vivienda\/"]}]},{"@type":"ImageObject","inLanguage":"es","@id":"https:\/\/www.aquimicasa.net\/blog\/vivienda\/alquileres\/ante-la-propuesta-de-intervenir-el-mercado-de-la-vivienda\/#primaryimage","url":"https:\/\/www.aquimicasa.net\/blog\/wp-content\/uploads\/alquiler-lio1-e1760383414762.jpg","contentUrl":"https:\/\/www.aquimicasa.net\/blog\/wp-content\/uploads\/alquiler-lio1-e1760383414762.jpg","width":600,"height":338,"caption":"La rentabiloidad del alquiler"},{"@type":"BreadcrumbList","@id":"https:\/\/www.aquimicasa.net\/blog\/vivienda\/alquileres\/ante-la-propuesta-de-intervenir-el-mercado-de-la-vivienda\/#breadcrumb","itemListElement":[{"@type":"ListItem","position":1,"name":"Portada","item":"https:\/\/www.aquimicasa.net\/blog\/"},{"@type":"ListItem","position":2,"name":"Ante la propuesta de intervenir el mercado de la vivienda"}]},{"@type":"WebSite","@id":"https:\/\/www.aquimicasa.net\/blog\/#website","url":"https:\/\/www.aquimicasa.net\/blog\/","name":"Blog de aquimicasa.net","description":"Noticias del Mundo Inmobiliario","publisher":{"@id":"https:\/\/www.aquimicasa.net\/blog\/#organization"},"potentialAction":[{"@type":"SearchAction","target":{"@type":"EntryPoint","urlTemplate":"https:\/\/www.aquimicasa.net\/blog\/?s={search_term_string}"},"query-input":{"@type":"PropertyValueSpecification","valueRequired":true,"valueName":"search_term_string"}}],"inLanguage":"es"},{"@type":"Organization","@id":"https:\/\/www.aquimicasa.net\/blog\/#organization","name":"Blog de aquimicasa.net","url":"https:\/\/www.aquimicasa.net\/blog\/","logo":{"@type":"ImageObject","inLanguage":"es","@id":"https:\/\/www.aquimicasa.net\/blog\/#\/schema\/logo\/image\/","url":"https:\/\/www.aquimicasa.net\/blog\/wp-content\/uploads\/Logo-aquimicasa-1-e1528048213782.png","contentUrl":"https:\/\/www.aquimicasa.net\/blog\/wp-content\/uploads\/Logo-aquimicasa-1-e1528048213782.png","width":225,"height":225,"caption":"Blog de aquimicasa.net"},"image":{"@id":"https:\/\/www.aquimicasa.net\/blog\/#\/schema\/logo\/image\/"},"sameAs":["https:\/\/www.facebook.com\/aquimicasa.net","https:\/\/www.instagram.com\/","https:\/\/x.com\/EduLizarragaD","https:\/\/www.linkedin.com\/feed\/"]},{"@type":"Person","@id":"https:\/\/www.aquimicasa.net\/blog\/#\/schema\/person\/2cdfa2605534583395c8d7ce1d6cac14","name":"Eduardo Lizarraga","image":{"@type":"ImageObject","inLanguage":"es","@id":"https:\/\/secure.gravatar.com\/avatar\/bdabe1eeeed97b65a9cb7de2edd624b07995f7e13abc5fead15961f745f908cc?s=96&d=mm&r=g","url":"https:\/\/secure.gravatar.com\/avatar\/bdabe1eeeed97b65a9cb7de2edd624b07995f7e13abc5fead15961f745f908cc?s=96&d=mm&r=g","contentUrl":"https:\/\/secure.gravatar.com\/avatar\/bdabe1eeeed97b65a9cb7de2edd624b07995f7e13abc5fead15961f745f908cc?s=96&d=mm&r=g","caption":"Eduardo Lizarraga"},"description":"Periodista Econ\u00f3mico. Ha trabajado en diversos campos de la informaci\u00f3n. Corresponsal en conflictos, analista pol\u00edtico en Congreso y Senado, periodista del medio ambiente, editor, director editorial, director de comunicaci\u00f3n.... En estos momentos se ha especializado en el sector inmobiliario. Pero tambi\u00e9n es navegante y viajero, preocupado por la pobreza, el medio ambiente y por las actuaciones descontroladas del neoliberalismo empresarial y pol\u00edtico en todo el mundo. Los desahucios, la pobreza infantil y la falta de acceso a los suministros b\u00e1sicos son algunos de los grandes dramas de nuestra sociedad y que es preciso solucionar para hacerla m\u00e1s justa. CEO en www.aquimicasa.net","sameAs":["https:\/\/www.aquimicasa.net\/"],"url":"https:\/\/www.aquimicasa.net\/blog\/author\/eduardo\/"}]}},"jetpack_publicize_connections":[],"jetpack_featured_media_url":"https:\/\/www.aquimicasa.net\/blog\/wp-content\/uploads\/alquiler-lio1-e1760383414762.jpg","jetpack_sharing_enabled":true,"jetpack_likes_enabled":true,"_links":{"self":[{"href":"https:\/\/www.aquimicasa.net\/blog\/wp-json\/wp\/v2\/posts\/53496","targetHints":{"allow":["GET"]}}],"collection":[{"href":"https:\/\/www.aquimicasa.net\/blog\/wp-json\/wp\/v2\/posts"}],"about":[{"href":"https:\/\/www.aquimicasa.net\/blog\/wp-json\/wp\/v2\/types\/post"}],"author":[{"embeddable":true,"href":"https:\/\/www.aquimicasa.net\/blog\/wp-json\/wp\/v2\/users\/3"}],"replies":[{"embeddable":true,"href":"https:\/\/www.aquimicasa.net\/blog\/wp-json\/wp\/v2\/comments?post=53496"}],"version-history":[{"count":4,"href":"https:\/\/www.aquimicasa.net\/blog\/wp-json\/wp\/v2\/posts\/53496\/revisions"}],"predecessor-version":[{"id":53503,"href":"https:\/\/www.aquimicasa.net\/blog\/wp-json\/wp\/v2\/posts\/53496\/revisions\/53503"}],"wp:featuredmedia":[{"embeddable":true,"href":"https:\/\/www.aquimicasa.net\/blog\/wp-json\/wp\/v2\/media\/53501"}],"wp:attachment":[{"href":"https:\/\/www.aquimicasa.net\/blog\/wp-json\/wp\/v2\/media?parent=53496"}],"wp:term":[{"taxonomy":"category","embeddable":true,"href":"https:\/\/www.aquimicasa.net\/blog\/wp-json\/wp\/v2\/categories?post=53496"},{"taxonomy":"post_tag","embeddable":true,"href":"https:\/\/www.aquimicasa.net\/blog\/wp-json\/wp\/v2\/tags?post=53496"}],"curies":[{"name":"wp","href":"https:\/\/api.w.org\/{rel}","templated":true}]}}