{"id":53828,"date":"2025-11-03T21:28:16","date_gmt":"2025-11-03T20:28:16","guid":{"rendered":"https:\/\/www.aquimicasa.net\/blog\/?p=53828"},"modified":"2025-11-03T21:28:16","modified_gmt":"2025-11-03T20:28:16","slug":"el-govern-compra-170-viviendas-propiedad-de-inmocaixa","status":"publish","type":"post","link":"https:\/\/www.aquimicasa.net\/blog\/vivienda\/alquileres\/el-govern-compra-170-viviendas-propiedad-de-inmocaixa\/","title":{"rendered":"El Govern compra 170 viviendas propiedad de InmoCaixa"},"content":{"rendered":"<div class=\"fusion-fullwidth fullwidth-box fusion-builder-row-1 fusion-flex-container nonhundred-percent-fullwidth non-hundred-percent-height-scrolling\" style=\"background-color: rgba(255,255,255,0);background-position: center center;background-repeat: no-repeat;border-width: 0px 0px 0px 0px;border-color:#eae9e9;border-style:solid;\" ><div class=\"fusion-builder-row fusion-row fusion-flex-align-items-flex-start\" style=\"max-width:1144px;margin-left: calc(-4% \/ 2 );margin-right: calc(-4% \/ 2 );\"><div class=\"fusion-layout-column fusion_builder_column fusion-builder-column-0 fusion_builder_column_1_1 1_1 fusion-flex-column\"><div class=\"fusion-column-wrapper fusion-flex-justify-content-flex-start fusion-content-layout-column\" style=\"background-position:left top;background-repeat:no-repeat;-webkit-background-size:cover;-moz-background-size:cover;-o-background-size:cover;background-size:cover;padding: 0px 0px 0px 0px;\"><div class=\"fusion-text fusion-text-1\"><h2 data-start=\"59\" data-end=\"91\"><strong>Una ubicaci\u00f3n algo dispersa<\/strong><\/h2>\n<p data-start=\"93\" data-end=\"1080\">El presidente de la Generalitat, <strong data-start=\"126\" data-end=\"143\">Salvador Illa<\/strong>, ha anunciado que el pr\u00f3ximo <strong data-start=\"173\" data-end=\"192\">13 de noviembre<\/strong> el Govern formalizar\u00e1 la compra de <strong data-start=\"228\" data-end=\"290\">170 viviendas de protecci\u00f3n oficial propiedad de InmoCaixa<\/strong>, filial inmobiliaria de CriteriaCaixa, por unos <strong data-start=\"339\" data-end=\"363\">15 millones de euros<\/strong>. Las promociones se ubican en <strong data-start=\"394\" data-end=\"423\">Lleida, Mollet del Vall\u00e8s<\/strong> y <strong data-start=\"426\" data-end=\"438\">Banyoles<\/strong>, municipios que reflejan una dispersi\u00f3n geogr\u00e1fica pero tambi\u00e9n la intenci\u00f3n del Ejecutivo catal\u00e1n de <strong data-start=\"541\" data-end=\"583\">reforzar el parque p\u00fablico de vivienda<\/strong> en diferentes zonas del territorio. Con un <strong data-start=\"627\" data-end=\"672\">precio medio de 88.200 euros por inmueble<\/strong>, esta adquisici\u00f3n ser\u00e1 la <strong data-start=\"699\" data-end=\"720\">tercera operaci\u00f3n<\/strong> cerrada con InmoCaixa y eleva a <strong data-start=\"753\" data-end=\"803\">843 las viviendas compradas por la Generalitat<\/strong> desde que Illa asumi\u00f3 la presidencia. El movimiento forma parte de la estrategia para <strong data-start=\"890\" data-end=\"937\">incrementar el parque de alquiler asequible<\/strong> y frenar la p\u00e9rdida de vivienda protegida hacia el mercado libre, donde los precios siguen fuera del alcance de buena parte de la poblaci\u00f3n.<\/p>\n<h2 data-start=\"1082\" data-end=\"1159\"><strong>Una situaci\u00f3n actual conflictiva por la existencia de cl\u00e1usulas abusivas<\/strong><\/h2>\n<p data-start=\"1161\" data-end=\"2311\">El anuncio se produce en un <strong data-start=\"1189\" data-end=\"1224\">contexto de alta tensi\u00f3n social<\/strong> en torno a la vivienda p\u00fablica. En Banyoles viven varios inquilinos en <strong data-start=\"1296\" data-end=\"1343\">huelga de alquileres desde hace siete meses<\/strong>, un movimiento impulsado por el <strong data-start=\"1376\" data-end=\"1405\">Sindicato de Alquiladoras<\/strong>, que re\u00fane a <strong data-start=\"1419\" data-end=\"1434\">68 familias<\/strong> de Banyoles, Sentmenat, Sitges y Palau-solit\u00e0 i Plegamans. Estas familias denuncian <strong data-start=\"1519\" data-end=\"1541\">cl\u00e1usulas abusivas<\/strong> en los contratos de InmoCaixa y la falta de respuestas efectivas a su situaci\u00f3n. La protesta, que ya ha acumulado <strong data-start=\"1656\" data-end=\"1690\">m\u00e1s de 230.000 euros retenidos<\/strong> por un centenar de personas, lleg\u00f3 incluso al <strong data-start=\"1737\" data-end=\"1764\">Palau de la Generalitat<\/strong>, donde una delegaci\u00f3n del <strong data-start=\"1791\" data-end=\"1818\">Sindicato de Inquilinos<\/strong> se reuni\u00f3 con Salvador Illa para abordar el conflicto. El president reconoci\u00f3 la necesidad de resolver estos casos y reafirm\u00f3 que la prioridad del Govern es <strong data-start=\"1976\" data-end=\"2015\">garantizar el derecho a la vivienda<\/strong> y asegurar que esta se conciba como un <strong data-start=\"2055\" data-end=\"2070\">bien social<\/strong>, no como un <strong data-start=\"2083\" data-end=\"2104\">activo financiero<\/strong>. La compra de los inmuebles de InmoCaixa puede aliviar parcialmente este conflicto, siempre que el traspaso se traduzca en <strong data-start=\"2228\" data-end=\"2269\">mejoras efectivas para los inquilinos<\/strong> y una gesti\u00f3n p\u00fablica m\u00e1s transparente.<\/p>\n<h2 data-start=\"2313\" data-end=\"2368\"><strong>El Govern negocia actualmente nuevas adquisiciones<\/strong><\/h2>\n<p data-start=\"2370\" data-end=\"3302\">La operaci\u00f3n con InmoCaixa no ser\u00e1 la \u00faltima. Illa confirm\u00f3 que <strong data-start=\"2434\" data-end=\"2508\">el Govern negocia actualmente la compra de 1.107 viviendas adicionales<\/strong>, en lo que se perfila como una de las mayores operaciones de recuperaci\u00f3n de vivienda p\u00fablica en la historia de la Generalitat. Esta iniciativa se enmarca en el <strong data-start=\"2670\" data-end=\"2693\">Plan Impulso 10.000<\/strong>, activado en marzo de 2023 por el anterior ejecutivo de Pere Aragon\u00e8s, con el objetivo de <strong data-start=\"2784\" data-end=\"2865\">aumentar en 10.000 las viviendas p\u00fablicas disponibles para alquiler asequible<\/strong>. Hasta agosto de 2024, la Generalitat hab\u00eda adquirido <strong data-start=\"2920\" data-end=\"2979\">925 viviendas de grandes tenedores a trav\u00e9s del Incas\u00f2l<\/strong>, y con las nuevas compras se espera superar las <strong data-start=\"3028\" data-end=\"3077\">1.900 unidades incorporadas al parque p\u00fablico<\/strong>. Illa defendi\u00f3 que su gobierno est\u00e1 haciendo \u201c<strong data-start=\"3124\" data-end=\"3179\">m\u00e1s por la vivienda que ninguna otra administraci\u00f3n<\/strong>\u201d, subrayando que esta pol\u00edtica de adquisiciones es un <strong data-start=\"3234\" data-end=\"3259\">instrumento inmediato<\/strong> para atender la emergencia habitacional.<\/p>\n<p data-start=\"3304\" data-end=\"3784\">Adem\u00e1s, el president anunci\u00f3 la firma de un <strong data-start=\"3348\" data-end=\"3374\">acuerdo con los Comuns<\/strong> para reforzar las pol\u00edticas frente a los <strong data-start=\"3416\" data-end=\"3450\">desahucios y grandes tenedores<\/strong>, con el prop\u00f3sito de <strong data-start=\"3472\" data-end=\"3526\">mantener las viviendas en manos del sector p\u00fablico<\/strong> y destinarlas a <strong data-start=\"3543\" data-end=\"3574\">alquiler social o asequible<\/strong>. Estas medidas buscan dar una respuesta pr\u00e1ctica a la crisis de acceso a la vivienda, sin esperar a que la construcci\u00f3n de nuevas promociones \u2014que requiere a\u00f1os de desarrollo\u2014 pueda dar resultados tangibles.<\/p>\n<h2 data-start=\"3786\" data-end=\"3876\"><strong>La crisis de acceso a la vivienda en Catalu\u00f1a, l\u00edder en desahucios e inquiokupaciones<\/strong><\/h2>\n<p data-start=\"3878\" data-end=\"4643\">Catalu\u00f1a sigue siendo <strong data-start=\"3900\" data-end=\"3945\">la comunidad con m\u00e1s desahucios de Espa\u00f1a<\/strong> y tambi\u00e9n <strong data-start=\"3956\" data-end=\"4050\">una de las m\u00e1s afectadas por los fen\u00f3menos de inquiokupaci\u00f3n y sobreendeudamiento familiar<\/strong>. A pesar de los esfuerzos auton\u00f3micos, el parque de vivienda p\u00fablica apenas alcanza el <strong data-start=\"4138\" data-end=\"4167\">2% del total de viviendas<\/strong>, una cifra muy inferior a la media europea, situada en torno al 15%. La falta de vivienda asequible contin\u00faa empujando a miles de familias hacia la precariedad residencial, con un impacto especialmente grave en los j\u00f3venes y en los hogares con rentas bajas. En este contexto, <strong data-start=\"4444\" data-end=\"4489\">la compra directa de viviendas existentes<\/strong> se ha convertido en una herramienta clave para <strong data-start=\"4537\" data-end=\"4572\">incrementar la oferta inmediata<\/strong>, evitando que unidades de protecci\u00f3n oficial pasen al mercado libre.<\/p>\n<p data-start=\"4645\" data-end=\"5053\">La operaci\u00f3n con InmoCaixa, adem\u00e1s de su relevancia pol\u00edtica y econ\u00f3mica, simboliza <strong data-start=\"4729\" data-end=\"4789\">un cambio de enfoque en la pol\u00edtica de vivienda catalana<\/strong>: pasar de la reacci\u00f3n a la acci\u00f3n. El Govern est\u00e1 apostando por <strong data-start=\"4854\" data-end=\"4894\">intervenir activamente en el mercado<\/strong>, comprando inmuebles de grandes tenedores para <strong data-start=\"4942\" data-end=\"4986\">ponerlos al servicio del alquiler social<\/strong> y <strong data-start=\"4989\" data-end=\"5050\">garantizar el derecho constitucional a una vivienda digna<\/strong>.<\/p>\n<p data-start=\"5055\" data-end=\"5758\" data-is-last-node=\"\" data-is-only-node=\"\">La adquisici\u00f3n de <strong data-start=\"5073\" data-end=\"5115\">170 viviendas por 15 millones de euros<\/strong> no resolver\u00e1 el problema estructural de acceso a la vivienda, pero <strong data-start=\"5183\" data-end=\"5234\">marca un paso decidido en la direcci\u00f3n correcta<\/strong>. En un momento en que la urgencia habitacional no puede esperar a los plazos de la obra nueva, esta pol\u00edtica de compra p\u00fablica <strong data-start=\"5362\" data-end=\"5400\">responde a una necesidad inmediata<\/strong>: <strong data-start=\"5402\" data-end=\"5437\">disponer de vivienda para ahora<\/strong>, sin renunciar a los proyectos de construcci\u00f3n futura. Si la Generalitat mantiene este ritmo de adquisiciones y logra gestionar de forma eficiente las nuevas incorporaciones, <strong data-start=\"5613\" data-end=\"5689\">Catalu\u00f1a podr\u00eda situarse a la vanguardia en pol\u00edticas de vivienda social<\/strong>, transformando una crisis cr\u00f3nica en una oportunidad de cambio real.<\/p>\n<\/div><\/div><style type=\"text\/css\">.fusion-body .fusion-builder-column-0{width:100% !important;margin-top : 0px;margin-bottom : 0px;}.fusion-builder-column-0 > .fusion-column-wrapper {padding-top : 0px !important;padding-right : 0px !important;margin-right : 1.92%;padding-bottom : 0px !important;padding-left : 0px !important;margin-left : 1.92%;}@media only screen and (max-width:1024px) {.fusion-body .fusion-builder-column-0{width:100% !important;}.fusion-builder-column-0 > .fusion-column-wrapper {margin-right : 1.92%;margin-left : 1.92%;}}@media only screen and (max-width:640px) {.fusion-body .fusion-builder-column-0{width:100% !important;}.fusion-builder-column-0 > .fusion-column-wrapper {margin-right : 1.92%;margin-left : 1.92%;}}<\/style><\/div><\/div><style type=\"text\/css\">.fusion-body .fusion-flex-container.fusion-builder-row-1{ padding-top : 0px;margin-top : 0px;padding-right : 0px;padding-bottom : 0px;margin-bottom : 0px;padding-left : 0px;}<\/style><\/div>\n","protected":false},"excerpt":{"rendered":"<p>La operaci\u00f3n con InmoCaixa, adem\u00e1s de su relevancia pol\u00edtica y econ\u00f3mica, simboliza un cambio de enfoque en la pol\u00edtica de vivienda catalana: pasar de la reacci\u00f3n a la acci\u00f3n. El Govern est\u00e1 apostando por intervenir activamente en el mercado, comprando inmuebles de grandes tenedores para ponerlos al servicio del alquiler social y garantizar el derecho constitucional a una vivienda digna.<\/p>\n","protected":false},"author":3,"featured_media":53476,"comment_status":"closed","ping_status":"closed","sticky":false,"template":"","format":"standard","meta":{"_jetpack_memberships_contains_paid_content":false,"footnotes":"","jetpack_publicize_message":"","jetpack_publicize_feature_enabled":true,"jetpack_social_post_already_shared":true,"jetpack_social_options":{"image_generator_settings":{"template":"highway","default_image_id":0,"font":"","enabled":false},"version":2}},"categories":[120],"tags":[8261],"class_list":["post-53828","post","type-post","status-publish","format-standard","has-post-thumbnail","hentry","category-alquileres","tag-newsletter-538"],"yoast_head":"<!-- This site is optimized with the Yoast SEO plugin v28.2 - https:\/\/yoast.com\/product\/yoast-seo-wordpress\/ -->\n<title>El Govern compra 170 viviendas propiedad de InmoCaixa<\/title>\n<meta name=\"description\" content=\"El Govern negocia actualmente la compra de 1.107 viviendas en una de las mayores operaciones de recuperaci\u00f3n de vivienda p\u00fablica\" \/>\n<meta name=\"robots\" content=\"index, follow, max-snippet:-1, max-image-preview:large, max-video-preview:-1\" \/>\n<link rel=\"canonical\" href=\"https:\/\/www.aquimicasa.net\/blog\/vivienda\/alquileres\/el-govern-compra-170-viviendas-propiedad-de-inmocaixa\/\" \/>\n<meta property=\"og:locale\" content=\"es_ES\" \/>\n<meta property=\"og:type\" content=\"article\" \/>\n<meta property=\"og:title\" content=\"El Govern compra 170 viviendas propiedad de InmoCaixa\" \/>\n<meta property=\"og:description\" content=\"El Govern negocia actualmente la compra de 1.107 viviendas en una de las mayores operaciones de recuperaci\u00f3n de vivienda p\u00fablica\" \/>\n<meta property=\"og:url\" content=\"https:\/\/www.aquimicasa.net\/blog\/vivienda\/alquileres\/el-govern-compra-170-viviendas-propiedad-de-inmocaixa\/\" \/>\n<meta property=\"og:site_name\" content=\"Blog de aquimicasa.net\" \/>\n<meta property=\"article:publisher\" content=\"https:\/\/www.facebook.com\/aquimicasa.net\" \/>\n<meta property=\"article:published_time\" content=\"2025-11-03T20:28:16+00:00\" \/>\n<meta property=\"og:image\" content=\"https:\/\/www.aquimicasa.net\/blog\/wp-content\/uploads\/Illa-e1760211941280.jpg\" \/>\n\t<meta property=\"og:image:width\" content=\"550\" \/>\n\t<meta property=\"og:image:height\" content=\"309\" \/>\n\t<meta property=\"og:image:type\" content=\"image\/jpeg\" \/>\n<meta name=\"author\" content=\"Eduardo Lizarraga\" \/>\n<meta name=\"twitter:label1\" content=\"Escrito por\" \/>\n\t<meta name=\"twitter:data1\" content=\"Eduardo Lizarraga\" \/>\n\t<meta name=\"twitter:label2\" content=\"Tiempo de lectura\" \/>\n\t<meta name=\"twitter:data2\" content=\"5 minutos\" \/>\n<script type=\"application\/ld+json\" class=\"yoast-schema-graph\">{\"@context\":\"https:\\\/\\\/schema.org\",\"@graph\":[{\"@type\":\"Article\",\"@id\":\"https:\\\/\\\/www.aquimicasa.net\\\/blog\\\/vivienda\\\/alquileres\\\/el-govern-compra-170-viviendas-propiedad-de-inmocaixa\\\/#article\",\"isPartOf\":{\"@id\":\"https:\\\/\\\/www.aquimicasa.net\\\/blog\\\/vivienda\\\/alquileres\\\/el-govern-compra-170-viviendas-propiedad-de-inmocaixa\\\/\"},\"author\":{\"name\":\"Eduardo Lizarraga\",\"@id\":\"https:\\\/\\\/www.aquimicasa.net\\\/blog\\\/#\\\/schema\\\/person\\\/2cdfa2605534583395c8d7ce1d6cac14\"},\"headline\":\"El Govern compra 170 viviendas propiedad de InmoCaixa\",\"datePublished\":\"2025-11-03T20:28:16+00:00\",\"mainEntityOfPage\":{\"@id\":\"https:\\\/\\\/www.aquimicasa.net\\\/blog\\\/vivienda\\\/alquileres\\\/el-govern-compra-170-viviendas-propiedad-de-inmocaixa\\\/\"},\"wordCount\":1162,\"publisher\":{\"@id\":\"https:\\\/\\\/www.aquimicasa.net\\\/blog\\\/#organization\"},\"image\":{\"@id\":\"https:\\\/\\\/www.aquimicasa.net\\\/blog\\\/vivienda\\\/alquileres\\\/el-govern-compra-170-viviendas-propiedad-de-inmocaixa\\\/#primaryimage\"},\"thumbnailUrl\":\"https:\\\/\\\/www.aquimicasa.net\\\/blog\\\/wp-content\\\/uploads\\\/Illa-e1760211941280.jpg\",\"keywords\":[\"newsletter 538\"],\"articleSection\":[\"Alquiler\"],\"inLanguage\":\"es\"},{\"@type\":\"WebPage\",\"@id\":\"https:\\\/\\\/www.aquimicasa.net\\\/blog\\\/vivienda\\\/alquileres\\\/el-govern-compra-170-viviendas-propiedad-de-inmocaixa\\\/\",\"url\":\"https:\\\/\\\/www.aquimicasa.net\\\/blog\\\/vivienda\\\/alquileres\\\/el-govern-compra-170-viviendas-propiedad-de-inmocaixa\\\/\",\"name\":\"El Govern compra 170 viviendas propiedad de InmoCaixa\",\"isPartOf\":{\"@id\":\"https:\\\/\\\/www.aquimicasa.net\\\/blog\\\/#website\"},\"primaryImageOfPage\":{\"@id\":\"https:\\\/\\\/www.aquimicasa.net\\\/blog\\\/vivienda\\\/alquileres\\\/el-govern-compra-170-viviendas-propiedad-de-inmocaixa\\\/#primaryimage\"},\"image\":{\"@id\":\"https:\\\/\\\/www.aquimicasa.net\\\/blog\\\/vivienda\\\/alquileres\\\/el-govern-compra-170-viviendas-propiedad-de-inmocaixa\\\/#primaryimage\"},\"thumbnailUrl\":\"https:\\\/\\\/www.aquimicasa.net\\\/blog\\\/wp-content\\\/uploads\\\/Illa-e1760211941280.jpg\",\"datePublished\":\"2025-11-03T20:28:16+00:00\",\"description\":\"El Govern negocia actualmente la compra de 1.107 viviendas en una de las mayores operaciones de recuperaci\u00f3n de vivienda p\u00fablica\",\"breadcrumb\":{\"@id\":\"https:\\\/\\\/www.aquimicasa.net\\\/blog\\\/vivienda\\\/alquileres\\\/el-govern-compra-170-viviendas-propiedad-de-inmocaixa\\\/#breadcrumb\"},\"inLanguage\":\"es\",\"potentialAction\":[{\"@type\":\"ReadAction\",\"target\":[\"https:\\\/\\\/www.aquimicasa.net\\\/blog\\\/vivienda\\\/alquileres\\\/el-govern-compra-170-viviendas-propiedad-de-inmocaixa\\\/\"]}]},{\"@type\":\"ImageObject\",\"inLanguage\":\"es\",\"@id\":\"https:\\\/\\\/www.aquimicasa.net\\\/blog\\\/vivienda\\\/alquileres\\\/el-govern-compra-170-viviendas-propiedad-de-inmocaixa\\\/#primaryimage\",\"url\":\"https:\\\/\\\/www.aquimicasa.net\\\/blog\\\/wp-content\\\/uploads\\\/Illa-e1760211941280.jpg\",\"contentUrl\":\"https:\\\/\\\/www.aquimicasa.net\\\/blog\\\/wp-content\\\/uploads\\\/Illa-e1760211941280.jpg\",\"width\":550,\"height\":309,\"caption\":\"Acuerdo entre el Govern y 31 municipios\"},{\"@type\":\"BreadcrumbList\",\"@id\":\"https:\\\/\\\/www.aquimicasa.net\\\/blog\\\/vivienda\\\/alquileres\\\/el-govern-compra-170-viviendas-propiedad-de-inmocaixa\\\/#breadcrumb\",\"itemListElement\":[{\"@type\":\"ListItem\",\"position\":1,\"name\":\"Portada\",\"item\":\"https:\\\/\\\/www.aquimicasa.net\\\/blog\\\/\"},{\"@type\":\"ListItem\",\"position\":2,\"name\":\"El Govern compra 170 viviendas propiedad de InmoCaixa\"}]},{\"@type\":\"WebSite\",\"@id\":\"https:\\\/\\\/www.aquimicasa.net\\\/blog\\\/#website\",\"url\":\"https:\\\/\\\/www.aquimicasa.net\\\/blog\\\/\",\"name\":\"Blog de aquimicasa.net\",\"description\":\"Noticias del Mundo Inmobiliario\",\"publisher\":{\"@id\":\"https:\\\/\\\/www.aquimicasa.net\\\/blog\\\/#organization\"},\"potentialAction\":[{\"@type\":\"SearchAction\",\"target\":{\"@type\":\"EntryPoint\",\"urlTemplate\":\"https:\\\/\\\/www.aquimicasa.net\\\/blog\\\/?s={search_term_string}\"},\"query-input\":{\"@type\":\"PropertyValueSpecification\",\"valueRequired\":true,\"valueName\":\"search_term_string\"}}],\"inLanguage\":\"es\"},{\"@type\":\"Organization\",\"@id\":\"https:\\\/\\\/www.aquimicasa.net\\\/blog\\\/#organization\",\"name\":\"Blog de aquimicasa.net\",\"url\":\"https:\\\/\\\/www.aquimicasa.net\\\/blog\\\/\",\"logo\":{\"@type\":\"ImageObject\",\"inLanguage\":\"es\",\"@id\":\"https:\\\/\\\/www.aquimicasa.net\\\/blog\\\/#\\\/schema\\\/logo\\\/image\\\/\",\"url\":\"https:\\\/\\\/www.aquimicasa.net\\\/blog\\\/wp-content\\\/uploads\\\/Logo-aquimicasa-1-e1528048213782.png\",\"contentUrl\":\"https:\\\/\\\/www.aquimicasa.net\\\/blog\\\/wp-content\\\/uploads\\\/Logo-aquimicasa-1-e1528048213782.png\",\"width\":225,\"height\":225,\"caption\":\"Blog de aquimicasa.net\"},\"image\":{\"@id\":\"https:\\\/\\\/www.aquimicasa.net\\\/blog\\\/#\\\/schema\\\/logo\\\/image\\\/\"},\"sameAs\":[\"https:\\\/\\\/www.facebook.com\\\/aquimicasa.net\",\"https:\\\/\\\/www.instagram.com\\\/\",\"https:\\\/\\\/x.com\\\/EduLizarragaD\",\"https:\\\/\\\/www.linkedin.com\\\/feed\\\/\"]},{\"@type\":\"Person\",\"@id\":\"https:\\\/\\\/www.aquimicasa.net\\\/blog\\\/#\\\/schema\\\/person\\\/2cdfa2605534583395c8d7ce1d6cac14\",\"name\":\"Eduardo Lizarraga\",\"image\":{\"@type\":\"ImageObject\",\"inLanguage\":\"es\",\"@id\":\"https:\\\/\\\/secure.gravatar.com\\\/avatar\\\/bdabe1eeeed97b65a9cb7de2edd624b07995f7e13abc5fead15961f745f908cc?s=96&d=mm&r=g\",\"url\":\"https:\\\/\\\/secure.gravatar.com\\\/avatar\\\/bdabe1eeeed97b65a9cb7de2edd624b07995f7e13abc5fead15961f745f908cc?s=96&d=mm&r=g\",\"contentUrl\":\"https:\\\/\\\/secure.gravatar.com\\\/avatar\\\/bdabe1eeeed97b65a9cb7de2edd624b07995f7e13abc5fead15961f745f908cc?s=96&d=mm&r=g\",\"caption\":\"Eduardo Lizarraga\"},\"description\":\"Periodista Econ\u00f3mico. Ha trabajado en diversos campos de la informaci\u00f3n. Corresponsal en conflictos, analista pol\u00edtico en Congreso y Senado, periodista del medio ambiente, editor, director editorial, director de comunicaci\u00f3n.... En estos momentos se ha especializado en el sector inmobiliario. Pero tambi\u00e9n es navegante y viajero, preocupado por la pobreza, el medio ambiente y por las actuaciones descontroladas del neoliberalismo empresarial y pol\u00edtico en todo el mundo. Los desahucios, la pobreza infantil y la falta de acceso a los suministros b\u00e1sicos son algunos de los grandes dramas de nuestra sociedad y que es preciso solucionar para hacerla m\u00e1s justa. CEO en www.aquimicasa.net\",\"sameAs\":[\"https:\\\/\\\/www.aquimicasa.net\\\/\"],\"url\":\"https:\\\/\\\/www.aquimicasa.net\\\/blog\\\/author\\\/eduardo\\\/\"}]}<\/script>\n<!-- \/ Yoast SEO plugin. -->","yoast_head_json":{"title":"El Govern compra 170 viviendas propiedad de InmoCaixa","description":"El Govern negocia actualmente la compra de 1.107 viviendas en una de las mayores operaciones de recuperaci\u00f3n de vivienda p\u00fablica","robots":{"index":"index","follow":"follow","max-snippet":"max-snippet:-1","max-image-preview":"max-image-preview:large","max-video-preview":"max-video-preview:-1"},"canonical":"https:\/\/www.aquimicasa.net\/blog\/vivienda\/alquileres\/el-govern-compra-170-viviendas-propiedad-de-inmocaixa\/","og_locale":"es_ES","og_type":"article","og_title":"El Govern compra 170 viviendas propiedad de InmoCaixa","og_description":"El Govern negocia actualmente la compra de 1.107 viviendas en una de las mayores operaciones de recuperaci\u00f3n de vivienda p\u00fablica","og_url":"https:\/\/www.aquimicasa.net\/blog\/vivienda\/alquileres\/el-govern-compra-170-viviendas-propiedad-de-inmocaixa\/","og_site_name":"Blog de aquimicasa.net","article_publisher":"https:\/\/www.facebook.com\/aquimicasa.net","article_published_time":"2025-11-03T20:28:16+00:00","og_image":[{"width":550,"height":309,"url":"https:\/\/www.aquimicasa.net\/blog\/wp-content\/uploads\/Illa-e1760211941280.jpg","type":"image\/jpeg"}],"author":"Eduardo Lizarraga","twitter_misc":{"Escrito por":"Eduardo Lizarraga","Tiempo de lectura":"5 minutos"},"schema":{"@context":"https:\/\/schema.org","@graph":[{"@type":"Article","@id":"https:\/\/www.aquimicasa.net\/blog\/vivienda\/alquileres\/el-govern-compra-170-viviendas-propiedad-de-inmocaixa\/#article","isPartOf":{"@id":"https:\/\/www.aquimicasa.net\/blog\/vivienda\/alquileres\/el-govern-compra-170-viviendas-propiedad-de-inmocaixa\/"},"author":{"name":"Eduardo Lizarraga","@id":"https:\/\/www.aquimicasa.net\/blog\/#\/schema\/person\/2cdfa2605534583395c8d7ce1d6cac14"},"headline":"El Govern compra 170 viviendas propiedad de InmoCaixa","datePublished":"2025-11-03T20:28:16+00:00","mainEntityOfPage":{"@id":"https:\/\/www.aquimicasa.net\/blog\/vivienda\/alquileres\/el-govern-compra-170-viviendas-propiedad-de-inmocaixa\/"},"wordCount":1162,"publisher":{"@id":"https:\/\/www.aquimicasa.net\/blog\/#organization"},"image":{"@id":"https:\/\/www.aquimicasa.net\/blog\/vivienda\/alquileres\/el-govern-compra-170-viviendas-propiedad-de-inmocaixa\/#primaryimage"},"thumbnailUrl":"https:\/\/www.aquimicasa.net\/blog\/wp-content\/uploads\/Illa-e1760211941280.jpg","keywords":["newsletter 538"],"articleSection":["Alquiler"],"inLanguage":"es"},{"@type":"WebPage","@id":"https:\/\/www.aquimicasa.net\/blog\/vivienda\/alquileres\/el-govern-compra-170-viviendas-propiedad-de-inmocaixa\/","url":"https:\/\/www.aquimicasa.net\/blog\/vivienda\/alquileres\/el-govern-compra-170-viviendas-propiedad-de-inmocaixa\/","name":"El Govern compra 170 viviendas propiedad de InmoCaixa","isPartOf":{"@id":"https:\/\/www.aquimicasa.net\/blog\/#website"},"primaryImageOfPage":{"@id":"https:\/\/www.aquimicasa.net\/blog\/vivienda\/alquileres\/el-govern-compra-170-viviendas-propiedad-de-inmocaixa\/#primaryimage"},"image":{"@id":"https:\/\/www.aquimicasa.net\/blog\/vivienda\/alquileres\/el-govern-compra-170-viviendas-propiedad-de-inmocaixa\/#primaryimage"},"thumbnailUrl":"https:\/\/www.aquimicasa.net\/blog\/wp-content\/uploads\/Illa-e1760211941280.jpg","datePublished":"2025-11-03T20:28:16+00:00","description":"El Govern negocia actualmente la compra de 1.107 viviendas en una de las mayores operaciones de recuperaci\u00f3n de vivienda p\u00fablica","breadcrumb":{"@id":"https:\/\/www.aquimicasa.net\/blog\/vivienda\/alquileres\/el-govern-compra-170-viviendas-propiedad-de-inmocaixa\/#breadcrumb"},"inLanguage":"es","potentialAction":[{"@type":"ReadAction","target":["https:\/\/www.aquimicasa.net\/blog\/vivienda\/alquileres\/el-govern-compra-170-viviendas-propiedad-de-inmocaixa\/"]}]},{"@type":"ImageObject","inLanguage":"es","@id":"https:\/\/www.aquimicasa.net\/blog\/vivienda\/alquileres\/el-govern-compra-170-viviendas-propiedad-de-inmocaixa\/#primaryimage","url":"https:\/\/www.aquimicasa.net\/blog\/wp-content\/uploads\/Illa-e1760211941280.jpg","contentUrl":"https:\/\/www.aquimicasa.net\/blog\/wp-content\/uploads\/Illa-e1760211941280.jpg","width":550,"height":309,"caption":"Acuerdo entre el Govern y 31 municipios"},{"@type":"BreadcrumbList","@id":"https:\/\/www.aquimicasa.net\/blog\/vivienda\/alquileres\/el-govern-compra-170-viviendas-propiedad-de-inmocaixa\/#breadcrumb","itemListElement":[{"@type":"ListItem","position":1,"name":"Portada","item":"https:\/\/www.aquimicasa.net\/blog\/"},{"@type":"ListItem","position":2,"name":"El Govern compra 170 viviendas propiedad de InmoCaixa"}]},{"@type":"WebSite","@id":"https:\/\/www.aquimicasa.net\/blog\/#website","url":"https:\/\/www.aquimicasa.net\/blog\/","name":"Blog de aquimicasa.net","description":"Noticias del Mundo Inmobiliario","publisher":{"@id":"https:\/\/www.aquimicasa.net\/blog\/#organization"},"potentialAction":[{"@type":"SearchAction","target":{"@type":"EntryPoint","urlTemplate":"https:\/\/www.aquimicasa.net\/blog\/?s={search_term_string}"},"query-input":{"@type":"PropertyValueSpecification","valueRequired":true,"valueName":"search_term_string"}}],"inLanguage":"es"},{"@type":"Organization","@id":"https:\/\/www.aquimicasa.net\/blog\/#organization","name":"Blog de aquimicasa.net","url":"https:\/\/www.aquimicasa.net\/blog\/","logo":{"@type":"ImageObject","inLanguage":"es","@id":"https:\/\/www.aquimicasa.net\/blog\/#\/schema\/logo\/image\/","url":"https:\/\/www.aquimicasa.net\/blog\/wp-content\/uploads\/Logo-aquimicasa-1-e1528048213782.png","contentUrl":"https:\/\/www.aquimicasa.net\/blog\/wp-content\/uploads\/Logo-aquimicasa-1-e1528048213782.png","width":225,"height":225,"caption":"Blog de aquimicasa.net"},"image":{"@id":"https:\/\/www.aquimicasa.net\/blog\/#\/schema\/logo\/image\/"},"sameAs":["https:\/\/www.facebook.com\/aquimicasa.net","https:\/\/www.instagram.com\/","https:\/\/x.com\/EduLizarragaD","https:\/\/www.linkedin.com\/feed\/"]},{"@type":"Person","@id":"https:\/\/www.aquimicasa.net\/blog\/#\/schema\/person\/2cdfa2605534583395c8d7ce1d6cac14","name":"Eduardo Lizarraga","image":{"@type":"ImageObject","inLanguage":"es","@id":"https:\/\/secure.gravatar.com\/avatar\/bdabe1eeeed97b65a9cb7de2edd624b07995f7e13abc5fead15961f745f908cc?s=96&d=mm&r=g","url":"https:\/\/secure.gravatar.com\/avatar\/bdabe1eeeed97b65a9cb7de2edd624b07995f7e13abc5fead15961f745f908cc?s=96&d=mm&r=g","contentUrl":"https:\/\/secure.gravatar.com\/avatar\/bdabe1eeeed97b65a9cb7de2edd624b07995f7e13abc5fead15961f745f908cc?s=96&d=mm&r=g","caption":"Eduardo Lizarraga"},"description":"Periodista Econ\u00f3mico. Ha trabajado en diversos campos de la informaci\u00f3n. Corresponsal en conflictos, analista pol\u00edtico en Congreso y Senado, periodista del medio ambiente, editor, director editorial, director de comunicaci\u00f3n.... En estos momentos se ha especializado en el sector inmobiliario. Pero tambi\u00e9n es navegante y viajero, preocupado por la pobreza, el medio ambiente y por las actuaciones descontroladas del neoliberalismo empresarial y pol\u00edtico en todo el mundo. Los desahucios, la pobreza infantil y la falta de acceso a los suministros b\u00e1sicos son algunos de los grandes dramas de nuestra sociedad y que es preciso solucionar para hacerla m\u00e1s justa. CEO en www.aquimicasa.net","sameAs":["https:\/\/www.aquimicasa.net\/"],"url":"https:\/\/www.aquimicasa.net\/blog\/author\/eduardo\/"}]}},"jetpack_publicize_connections":[],"jetpack_featured_media_url":"https:\/\/www.aquimicasa.net\/blog\/wp-content\/uploads\/Illa-e1760211941280.jpg","jetpack_sharing_enabled":true,"jetpack_likes_enabled":true,"_links":{"self":[{"href":"https:\/\/www.aquimicasa.net\/blog\/wp-json\/wp\/v2\/posts\/53828","targetHints":{"allow":["GET"]}}],"collection":[{"href":"https:\/\/www.aquimicasa.net\/blog\/wp-json\/wp\/v2\/posts"}],"about":[{"href":"https:\/\/www.aquimicasa.net\/blog\/wp-json\/wp\/v2\/types\/post"}],"author":[{"embeddable":true,"href":"https:\/\/www.aquimicasa.net\/blog\/wp-json\/wp\/v2\/users\/3"}],"replies":[{"embeddable":true,"href":"https:\/\/www.aquimicasa.net\/blog\/wp-json\/wp\/v2\/comments?post=53828"}],"version-history":[{"count":2,"href":"https:\/\/www.aquimicasa.net\/blog\/wp-json\/wp\/v2\/posts\/53828\/revisions"}],"predecessor-version":[{"id":53836,"href":"https:\/\/www.aquimicasa.net\/blog\/wp-json\/wp\/v2\/posts\/53828\/revisions\/53836"}],"wp:featuredmedia":[{"embeddable":true,"href":"https:\/\/www.aquimicasa.net\/blog\/wp-json\/wp\/v2\/media\/53476"}],"wp:attachment":[{"href":"https:\/\/www.aquimicasa.net\/blog\/wp-json\/wp\/v2\/media?parent=53828"}],"wp:term":[{"taxonomy":"category","embeddable":true,"href":"https:\/\/www.aquimicasa.net\/blog\/wp-json\/wp\/v2\/categories?post=53828"},{"taxonomy":"post_tag","embeddable":true,"href":"https:\/\/www.aquimicasa.net\/blog\/wp-json\/wp\/v2\/tags?post=53828"}],"curies":[{"name":"wp","href":"https:\/\/api.w.org\/{rel}","templated":true}]}}