{"id":53843,"date":"2025-11-12T19:28:10","date_gmt":"2025-11-12T18:28:10","guid":{"rendered":"https:\/\/www.aquimicasa.net\/blog\/?p=53843"},"modified":"2025-11-12T19:58:54","modified_gmt":"2025-11-12T18:58:54","slug":"una-inmobiliaria-reincidente-y-perdiendo-el-oremus","status":"publish","type":"post","link":"https:\/\/www.aquimicasa.net\/blog\/vivienda\/alquileres\/una-inmobiliaria-reincidente-y-perdiendo-el-oremus\/","title":{"rendered":"Una inmobiliaria reincidente y perdiendo el oremus"},"content":{"rendered":"<div class=\"fusion-fullwidth fullwidth-box fusion-builder-row-1 fusion-flex-container nonhundred-percent-fullwidth non-hundred-percent-height-scrolling\" style=\"background-color: rgba(255,255,255,0);background-position: center center;background-repeat: no-repeat;border-width: 0px 0px 0px 0px;border-color:#eae9e9;border-style:solid;\" ><div class=\"fusion-builder-row fusion-row fusion-flex-align-items-flex-start\" style=\"max-width:1144px;margin-left: calc(-4% \/ 2 );margin-right: calc(-4% \/ 2 );\"><div class=\"fusion-layout-column fusion_builder_column fusion-builder-column-0 fusion_builder_column_1_1 1_1 fusion-flex-column\"><div class=\"fusion-column-wrapper fusion-flex-justify-content-flex-start fusion-content-layout-column\" style=\"background-position:left top;background-repeat:no-repeat;-webkit-background-size:cover;-moz-background-size:cover;-o-background-size:cover;background-size:cover;padding: 0px 0px 0px 0px;\"><div class=\"fusion-text fusion-text-1\"><p data-start=\"359\" data-end=\"909\">En el mundo inmobiliario sevillano hay casos que rozan el esperpento, y este es uno de ellos. Una empresa reincidente, una sanci\u00f3n rid\u00edcula y una reacci\u00f3n impropia de quien presume de profesional. Todo un retrato de ese peque\u00f1o universo donde algunos se creen due\u00f1os del alquiler, la ley y hasta del respeto ajeno.<\/p>\n<h2 data-start=\"911\" data-end=\"992\"><strong data-start=\"911\" data-end=\"990\">Imponer el pago de honorarios a inquilinos va contra la legislaci\u00f3n vigente<\/strong><\/h2>\n<p class=\"my-2 &#091;&amp;+p&#093;:mt-4 &#091;&amp;_strong:has(+br)&#093;:inline-block &#091;&amp;_strong:has(+br)&#093;:pb-2\">Pese a que la ley es clara \u2014el arrendatario no debe pagar honorarios de agencia en los contratos de vivienda habitual\u2014, hay quienes insisten en reinterpretarla como mejor les conviene. Es el caso de\u00a0<strong>Francisco Javier Ortiz Riquelme<\/strong>, responsable de la antigua\u00a0<strong>Estudio Inmobiliario Javier Ortiz<\/strong>, sancionado con 7.000 euros por cobrar comisiones ilegales a los inquilinos. Una multa tan baja que no asusta ni al m\u00e1s t\u00edmido de los infractores. Y as\u00ed ha ocurrido: Ortiz ha vuelto al ruedo con otro nombre comercial,\u00a0<strong>Elite Homes Real Estate<\/strong>, pero con los mismos vicios profesionales.<\/p>\n<p class=\"my-2 &#091;&amp;+p&#093;:mt-4 &#091;&amp;_strong:has(+br)&#093;:inline-block &#091;&amp;_strong:has(+br)&#093;:pb-2\">Mientras tanto, las autoridades de consumo de la Junta de Andaluc\u00eda siguen confiando en que la pedagog\u00eda de las multas simb\u00f3licas funcione. Pero los hechos demuestran que no: las infracciones se repiten y los consumidores siguen desprotegidos ante el descaro de algunos operadores.<\/p>\n<h2 data-start=\"1506\" data-end=\"1561\"><strong data-start=\"1506\" data-end=\"1559\">Reincidencia en la infracci\u00f3n cambiando el nombre<\/strong><\/h2>\n<p class=\"my-2 &#091;&amp;+p&#093;:mt-4 &#091;&amp;_strong:has(+br)&#093;:inline-block &#091;&amp;_strong:has(+br)&#093;:pb-2\">El mecanismo es casi po\u00e9tico: cambia el r\u00f3tulo, pero no el modus operandi. Elite Homes Real Estate nace en mayo y ya promete perpetuar el legado de su antecesora. Sin p\u00e1gina web ni transparencia, pero con mucha habilidad para camuflar comisiones bajo el t\u00edtulo de\u00a0<strong>\u201cservicios de asesoramiento e intervenci\u00f3n durante la vigencia del contrato\u201d<\/strong>. Eso s\u00ed, cobrando el equivalente a una mensualidad m\u00e1s IVA, como si el 21% a\u00f1adiera legitimidad a la estafa.<\/p>\n<p class=\"my-2 &#091;&amp;+p&#093;:mt-4 &#091;&amp;_strong:has(+br)&#093;:inline-block &#091;&amp;_strong:has(+br)&#093;:pb-2\">FACUA Sevilla ha vuelto a denunciar al empresario por mantener esta pr\u00e1ctica fraudulenta en al menos una docena de anuncios del portal Idealista. Y, adem\u00e1s, ha solicitado que la nueva multa sea ejemplar:\u00a0<strong>reincidencia tipificada como infracci\u00f3n muy grave y comiso del beneficio il\u00edcito obtenido<\/strong>. Dicho de otra forma, que la sanci\u00f3n sirva por una vez para algo.<\/p>\n<h2 data-start=\"2043\" data-end=\"2094\"><strong data-start=\"2043\" data-end=\"2092\">Amenazas contra la asociaci\u00f3n de consumidores<\/strong><\/h2>\n<p class=\"my-2 &#091;&amp;+p&#093;:mt-4 &#091;&amp;_strong:has(+br)&#093;:inline-block &#091;&amp;_strong:has(+br)&#093;:pb-2\">Pero lo que ya pertenece a los anales del surrealismo es la reacci\u00f3n del denunciado. En lugar de rectificar, exigir disculpas o esconderse un poco,\u00a0<strong>Ortiz ha optado por amenazar de manera directa y grosera<\/strong>\u00a0al secretario general de FACUA, Rub\u00e9n S\u00e1nchez. No son simples improperios: los mensajes de WhatsApp rezuman intimidaci\u00f3n, soberbia y un aire mafioso impropio de quien gestiona contratos de alquiler.<\/p>\n<p class=\"my-2 &#091;&amp;+p&#093;:mt-4 &#091;&amp;_strong:has(+br)&#093;:inline-block &#091;&amp;_strong:has(+br)&#093;:pb-2\">Frases como \u201c\u00bfquieres que te haga una visita?\u201d o \u201cte voy a hundir, hijo de la gran puta\u201d definen no solo su car\u00e1cter, sino la cultura de impunidad que todav\u00eda campea en ciertos despachos. Una amenaza a quien cumple con su deber c\u00edvico denunciando irregularidades no dice nada bueno del profesional\u2026 pero s\u00ed mucho del tipo de negocio que representa.<\/p>\n<h2 data-start=\"2591\" data-end=\"2631\"><strong data-start=\"2591\" data-end=\"2629\">Denuncia por amenazas y coacciones<\/strong><\/h2>\n<p class=\"my-2 &#091;&amp;+p&#093;:mt-4 &#091;&amp;_strong:has(+br)&#093;:inline-block &#091;&amp;_strong:has(+br)&#093;:pb-2\">Ante semejante comportamiento,\u00a0<strong>FACUA ha interpuesto denuncia en los juzgados de Sevilla<\/strong>\u00a0por amenazas y coacciones. Una decisi\u00f3n necesaria y ejemplar, porque no puede tolerarse que un infractor pretenda acallar a los defensores de los consumidores mediante la intimidaci\u00f3n. Lo preocupante es que el episodio no es una an\u00e9cdota aislada: el sector acumula casos de empresas que eluden multas, cambian de raz\u00f3n social y siguen actuando como si la ley fuese un obst\u00e1culo administrativo m\u00e1s.<\/p>\n<p class=\"my-2 &#091;&amp;+p&#093;:mt-4 &#091;&amp;_strong:has(+br)&#093;:inline-block &#091;&amp;_strong:has(+br)&#093;:pb-2\">La autoridad de consumo deber\u00eda preguntarse cu\u00e1nto da\u00f1o hace esta permisividad. Sancionar con 7.000 euros a quien factura miles mes a mes por pr\u00e1cticas ilegales no es castigo, es casi un incentivo para reincidir.<\/p>\n<h2 data-start=\"3036\" data-end=\"3126\"><strong data-start=\"3036\" data-end=\"3124\">La ley hay que cumplirla aunque no guste y las amenazas son comportamientos mafiosos<\/strong><\/h2>\n<p class=\"my-2 &#091;&amp;+p&#093;:mt-4 &#091;&amp;_strong:has(+br)&#093;:inline-block &#091;&amp;_strong:has(+br)&#093;:pb-2\">Si un profesional inmobiliario no est\u00e1 de acuerdo con la legislaci\u00f3n de arrendamientos urbanos, tiene una salida muy sencilla:\u00a0<strong>no dedicarse al alquiler de vivienda habitual<\/strong>. Lo que no puede hacer es\u00a0<strong>aprovecharse de la necesidad de los inquilinos<\/strong>\u00a0y actuar como si la ley fuera opcional. La legalidad no es un men\u00fa a la carta. Y si adem\u00e1s se acompa\u00f1a con un repertorio de coacciones verbales, el negocio deja de ser cuestionable para entrar en el terreno del delito.<\/p>\n<p class=\"my-2 &#091;&amp;+p&#093;:mt-4 &#091;&amp;_strong:has(+br)&#093;:inline-block &#091;&amp;_strong:has(+br)&#093;:pb-2\">Porque esto no va de opiniones o interpretaciones jur\u00eddicas, sino de\u00a0<strong>cumplir la ley<\/strong>. Quien no lo hace, y encima intenta silenciar a quienes lo denuncian, muestra una forma de actuar\u00a0<strong>m\u00e1s cercana al hampa que al mercado inmobiliario moderno<\/strong>.<\/p>\n<h2 data-start=\"3570\" data-end=\"3624\"><strong data-start=\"3570\" data-end=\"3622\">Estos escasos ejemplos dan mala imagen al sector<\/strong><\/h2>\n<p class=\"my-2 &#091;&amp;+p&#093;:mt-4 &#091;&amp;_strong:has(+br)&#093;:inline-block &#091;&amp;_strong:has(+br)&#093;:pb-2\">El caso de Elite Homes Real Estate no es solo un episodio lamentable, sino un ejemplo del da\u00f1o reputacional que generan unos pocos sobre un sector entero. Los profesionales que trabajan cumpliendo las normas, que respetan a los inquilinos y entienden la funci\u00f3n social de la vivienda, ven c\u00f3mo su credibilidad se contamina por la conducta de quienes confunden el negocio con la extorsi\u00f3n.<\/p>\n<p class=\"my-2 &#091;&amp;+p&#093;:mt-4 &#091;&amp;_strong:has(+br)&#093;:inline-block &#091;&amp;_strong:has(+br)&#093;:pb-2\">El mercado inmobiliario espa\u00f1ol ya sufre bastante desconfianza social. Casos como este refuerzan la percepci\u00f3n de abuso y arbitrariedad, justo cuando m\u00e1s falta hace transparencia y \u00e9tica. Quiz\u00e1s sea hora de que las sanciones sean proporcionales al beneficio obtenido y de que las autoridades act\u00faen con la misma contundencia con la que los infractores amenazan por WhatsApp.<\/p>\n<p class=\"my-2 &#091;&amp;+p&#093;:mt-4 &#091;&amp;_strong:has(+br)&#093;:inline-block &#091;&amp;_strong:has(+br)&#093;:pb-2\">El caso de Elite Homes Real Estate no es solo un episodio lamentable, sino un ejemplo del da\u00f1o reputacional que generan unos pocos sobre un sector entero. Los profesionales que trabajan cumpliendo las normas, que respetan a los inquilinos y entienden la funci\u00f3n social de la vivienda, ven c\u00f3mo su credibilidad se contamina por la conducta de quienes confunden el negocio con la extorsi\u00f3n.<\/p>\n<p class=\"my-2 &#091;&amp;+p&#093;:mt-4 &#091;&amp;_strong:has(+br)&#093;:inline-block &#091;&amp;_strong:has(+br)&#093;:pb-2\">El mercado inmobiliario espa\u00f1ol ya sufre bastante desconfianza social. Casos como este refuerzan la percepci\u00f3n de abuso y arbitrariedad, justo cuando m\u00e1s falta hace transparencia y \u00e9tica. Quiz\u00e1s sea hora de que las sanciones sean proporcionales al beneficio obtenido y de que las autoridades act\u00faen con la misma contundencia con la que los infractores amenazan por WhatsApp.<\/p>\n<p class=\"my-2 &#091;&amp;+p&#093;:mt-4 &#091;&amp;_strong:has(+br)&#093;:inline-block &#091;&amp;_strong:has(+br)&#093;:pb-2\"><em>A veces, el ruido m\u00e1s alto en el mercado inmobiliario no lo hacen las excavadoras, sino los egos desbocados. Y en Sevilla, parece que algunos todav\u00eda no han entendido que la ley no se negocia, se cumple. Aunque no guste.<\/em><\/p>\n<\/div><\/div><style type=\"text\/css\">.fusion-body .fusion-builder-column-0{width:100% !important;margin-top : 0px;margin-bottom : 0px;}.fusion-builder-column-0 > .fusion-column-wrapper {padding-top : 0px !important;padding-right : 0px !important;margin-right : 1.92%;padding-bottom : 0px !important;padding-left : 0px !important;margin-left : 1.92%;}@media only screen and (max-width:1024px) {.fusion-body .fusion-builder-column-0{width:100% !important;}.fusion-builder-column-0 > .fusion-column-wrapper {margin-right : 1.92%;margin-left : 1.92%;}}@media only screen and (max-width:640px) {.fusion-body .fusion-builder-column-0{width:100% !important;}.fusion-builder-column-0 > .fusion-column-wrapper {margin-right : 1.92%;margin-left : 1.92%;}}<\/style><\/div><\/div><style type=\"text\/css\">.fusion-body .fusion-flex-container.fusion-builder-row-1{ padding-top : 0px;margin-top : 0px;padding-right : 0px;padding-bottom : 0px;margin-bottom : 0px;padding-left : 0px;}<\/style><\/div>\n","protected":false},"excerpt":{"rendered":"<p>El caso de Elite Homes Real Estate no es solo un episodio lamentable, sino un ejemplo del da\u00f1o reputacional que generan unos pocos sobre un sector entero. Los profesionales que trabajan cumpliendo las normas, que respetan a los inquilinos y entienden la funci\u00f3n social de la vivienda, ven c\u00f3mo su credibilidad se contamina por la conducta de quienes confunden el negocio con la extorsi\u00f3n.<\/p>\n<p>El mercado inmobiliario espa\u00f1ol ya sufre bastante desconfianza social. Casos como este refuerzan la percepci\u00f3n de abuso y arbitrariedad, justo cuando m\u00e1s falta hace transparencia y \u00e9tica. Quiz\u00e1s sea hora de que las sanciones sean proporcionales al beneficio obtenido y de que las autoridades act\u00faen con la misma contundencia con la que los infractores amenazan por WhatsApp.<\/p>\n<p>A veces, el ruido m\u00e1s alto en el mercado inmobiliario no lo hacen las excavadoras, sino los egos desbocados. Y en Sevilla, parece que algunos todav\u00eda no han entendido que la ley no se negocia, se cumple. Aunque no guste.<\/p>\n","protected":false},"author":3,"featured_media":25422,"comment_status":"closed","ping_status":"closed","sticky":false,"template":"","format":"standard","meta":{"_jetpack_memberships_contains_paid_content":false,"footnotes":"","jetpack_publicize_message":"","jetpack_publicize_feature_enabled":true,"jetpack_social_post_already_shared":true,"jetpack_social_options":{"image_generator_settings":{"template":"highway","default_image_id":0,"font":"","enabled":false},"version":2}},"categories":[120],"tags":[8262],"class_list":["post-53843","post","type-post","status-publish","format-standard","has-post-thumbnail","hentry","category-alquileres","tag-newsletter-539"],"yoast_head":"<!-- This site is optimized with the Yoast SEO plugin v28.2 - https:\/\/yoast.com\/product\/yoast-seo-wordpress\/ -->\n<title>Una inmobiliaria reincidente y perdiendo el oremus<\/title>\n<meta name=\"description\" content=\"Cobrar a los inquilinos por servicios que la ley establece que debe asumir el propietario no es un simple error: es ilegal.\" \/>\n<meta name=\"robots\" content=\"index, follow, max-snippet:-1, max-image-preview:large, max-video-preview:-1\" \/>\n<link rel=\"canonical\" href=\"https:\/\/www.aquimicasa.net\/blog\/vivienda\/alquileres\/una-inmobiliaria-reincidente-y-perdiendo-el-oremus\/\" \/>\n<meta property=\"og:locale\" content=\"es_ES\" \/>\n<meta property=\"og:type\" content=\"article\" \/>\n<meta property=\"og:title\" content=\"Una inmobiliaria reincidente y perdiendo el oremus\" \/>\n<meta property=\"og:description\" content=\"Cobrar a los inquilinos por servicios que la ley establece que debe asumir el propietario no es un simple error: es ilegal.\" \/>\n<meta property=\"og:url\" content=\"https:\/\/www.aquimicasa.net\/blog\/vivienda\/alquileres\/una-inmobiliaria-reincidente-y-perdiendo-el-oremus\/\" \/>\n<meta property=\"og:site_name\" content=\"Blog de aquimicasa.net\" \/>\n<meta property=\"article:publisher\" content=\"https:\/\/www.facebook.com\/aquimicasa.net\" \/>\n<meta property=\"article:published_time\" content=\"2025-11-12T18:28:10+00:00\" \/>\n<meta property=\"article:modified_time\" content=\"2025-11-12T18:58:54+00:00\" \/>\n<meta property=\"og:image\" content=\"https:\/\/www.aquimicasa.net\/blog\/wp-content\/uploads\/Sevilla4-e1756311425539.jpg\" \/>\n\t<meta property=\"og:image:width\" content=\"500\" \/>\n\t<meta property=\"og:image:height\" content=\"334\" \/>\n\t<meta property=\"og:image:type\" content=\"image\/jpeg\" \/>\n<meta name=\"author\" content=\"Eduardo Lizarraga\" \/>\n<meta name=\"twitter:label1\" content=\"Escrito por\" \/>\n\t<meta name=\"twitter:data1\" content=\"Eduardo Lizarraga\" \/>\n\t<meta name=\"twitter:label2\" content=\"Tiempo de lectura\" \/>\n\t<meta name=\"twitter:data2\" content=\"4 minutos\" \/>\n<script type=\"application\/ld+json\" class=\"yoast-schema-graph\">{\"@context\":\"https:\\\/\\\/schema.org\",\"@graph\":[{\"@type\":\"Article\",\"@id\":\"https:\\\/\\\/www.aquimicasa.net\\\/blog\\\/vivienda\\\/alquileres\\\/una-inmobiliaria-reincidente-y-perdiendo-el-oremus\\\/#article\",\"isPartOf\":{\"@id\":\"https:\\\/\\\/www.aquimicasa.net\\\/blog\\\/vivienda\\\/alquileres\\\/una-inmobiliaria-reincidente-y-perdiendo-el-oremus\\\/\"},\"author\":{\"name\":\"Eduardo Lizarraga\",\"@id\":\"https:\\\/\\\/www.aquimicasa.net\\\/blog\\\/#\\\/schema\\\/person\\\/2cdfa2605534583395c8d7ce1d6cac14\"},\"headline\":\"Una inmobiliaria reincidente y perdiendo el oremus\",\"datePublished\":\"2025-11-12T18:28:10+00:00\",\"dateModified\":\"2025-11-12T18:58:54+00:00\",\"mainEntityOfPage\":{\"@id\":\"https:\\\/\\\/www.aquimicasa.net\\\/blog\\\/vivienda\\\/alquileres\\\/una-inmobiliaria-reincidente-y-perdiendo-el-oremus\\\/\"},\"wordCount\":1319,\"publisher\":{\"@id\":\"https:\\\/\\\/www.aquimicasa.net\\\/blog\\\/#organization\"},\"image\":{\"@id\":\"https:\\\/\\\/www.aquimicasa.net\\\/blog\\\/vivienda\\\/alquileres\\\/una-inmobiliaria-reincidente-y-perdiendo-el-oremus\\\/#primaryimage\"},\"thumbnailUrl\":\"https:\\\/\\\/www.aquimicasa.net\\\/blog\\\/wp-content\\\/uploads\\\/Sevilla4-e1756311425539.jpg\",\"keywords\":[\"newsletter 539\"],\"articleSection\":[\"Alquiler\"],\"inLanguage\":\"es\"},{\"@type\":\"WebPage\",\"@id\":\"https:\\\/\\\/www.aquimicasa.net\\\/blog\\\/vivienda\\\/alquileres\\\/una-inmobiliaria-reincidente-y-perdiendo-el-oremus\\\/\",\"url\":\"https:\\\/\\\/www.aquimicasa.net\\\/blog\\\/vivienda\\\/alquileres\\\/una-inmobiliaria-reincidente-y-perdiendo-el-oremus\\\/\",\"name\":\"Una inmobiliaria reincidente y perdiendo el oremus\",\"isPartOf\":{\"@id\":\"https:\\\/\\\/www.aquimicasa.net\\\/blog\\\/#website\"},\"primaryImageOfPage\":{\"@id\":\"https:\\\/\\\/www.aquimicasa.net\\\/blog\\\/vivienda\\\/alquileres\\\/una-inmobiliaria-reincidente-y-perdiendo-el-oremus\\\/#primaryimage\"},\"image\":{\"@id\":\"https:\\\/\\\/www.aquimicasa.net\\\/blog\\\/vivienda\\\/alquileres\\\/una-inmobiliaria-reincidente-y-perdiendo-el-oremus\\\/#primaryimage\"},\"thumbnailUrl\":\"https:\\\/\\\/www.aquimicasa.net\\\/blog\\\/wp-content\\\/uploads\\\/Sevilla4-e1756311425539.jpg\",\"datePublished\":\"2025-11-12T18:28:10+00:00\",\"dateModified\":\"2025-11-12T18:58:54+00:00\",\"description\":\"Cobrar a los inquilinos por servicios que la ley establece que debe asumir el propietario no es un simple error: es ilegal.\",\"breadcrumb\":{\"@id\":\"https:\\\/\\\/www.aquimicasa.net\\\/blog\\\/vivienda\\\/alquileres\\\/una-inmobiliaria-reincidente-y-perdiendo-el-oremus\\\/#breadcrumb\"},\"inLanguage\":\"es\",\"potentialAction\":[{\"@type\":\"ReadAction\",\"target\":[\"https:\\\/\\\/www.aquimicasa.net\\\/blog\\\/vivienda\\\/alquileres\\\/una-inmobiliaria-reincidente-y-perdiendo-el-oremus\\\/\"]}]},{\"@type\":\"ImageObject\",\"inLanguage\":\"es\",\"@id\":\"https:\\\/\\\/www.aquimicasa.net\\\/blog\\\/vivienda\\\/alquileres\\\/una-inmobiliaria-reincidente-y-perdiendo-el-oremus\\\/#primaryimage\",\"url\":\"https:\\\/\\\/www.aquimicasa.net\\\/blog\\\/wp-content\\\/uploads\\\/Sevilla4-e1756311425539.jpg\",\"contentUrl\":\"https:\\\/\\\/www.aquimicasa.net\\\/blog\\\/wp-content\\\/uploads\\\/Sevilla4-e1756311425539.jpg\",\"width\":500,\"height\":334,\"caption\":\"Aprobado el Registro obligatorio de agentes inmobiliarios en Andaluc\u00eda\"},{\"@type\":\"BreadcrumbList\",\"@id\":\"https:\\\/\\\/www.aquimicasa.net\\\/blog\\\/vivienda\\\/alquileres\\\/una-inmobiliaria-reincidente-y-perdiendo-el-oremus\\\/#breadcrumb\",\"itemListElement\":[{\"@type\":\"ListItem\",\"position\":1,\"name\":\"Portada\",\"item\":\"https:\\\/\\\/www.aquimicasa.net\\\/blog\\\/\"},{\"@type\":\"ListItem\",\"position\":2,\"name\":\"Una inmobiliaria reincidente y perdiendo el oremus\"}]},{\"@type\":\"WebSite\",\"@id\":\"https:\\\/\\\/www.aquimicasa.net\\\/blog\\\/#website\",\"url\":\"https:\\\/\\\/www.aquimicasa.net\\\/blog\\\/\",\"name\":\"Blog de aquimicasa.net\",\"description\":\"Noticias del Mundo Inmobiliario\",\"publisher\":{\"@id\":\"https:\\\/\\\/www.aquimicasa.net\\\/blog\\\/#organization\"},\"potentialAction\":[{\"@type\":\"SearchAction\",\"target\":{\"@type\":\"EntryPoint\",\"urlTemplate\":\"https:\\\/\\\/www.aquimicasa.net\\\/blog\\\/?s={search_term_string}\"},\"query-input\":{\"@type\":\"PropertyValueSpecification\",\"valueRequired\":true,\"valueName\":\"search_term_string\"}}],\"inLanguage\":\"es\"},{\"@type\":\"Organization\",\"@id\":\"https:\\\/\\\/www.aquimicasa.net\\\/blog\\\/#organization\",\"name\":\"Blog de aquimicasa.net\",\"url\":\"https:\\\/\\\/www.aquimicasa.net\\\/blog\\\/\",\"logo\":{\"@type\":\"ImageObject\",\"inLanguage\":\"es\",\"@id\":\"https:\\\/\\\/www.aquimicasa.net\\\/blog\\\/#\\\/schema\\\/logo\\\/image\\\/\",\"url\":\"https:\\\/\\\/www.aquimicasa.net\\\/blog\\\/wp-content\\\/uploads\\\/Logo-aquimicasa-1-e1528048213782.png\",\"contentUrl\":\"https:\\\/\\\/www.aquimicasa.net\\\/blog\\\/wp-content\\\/uploads\\\/Logo-aquimicasa-1-e1528048213782.png\",\"width\":225,\"height\":225,\"caption\":\"Blog de aquimicasa.net\"},\"image\":{\"@id\":\"https:\\\/\\\/www.aquimicasa.net\\\/blog\\\/#\\\/schema\\\/logo\\\/image\\\/\"},\"sameAs\":[\"https:\\\/\\\/www.facebook.com\\\/aquimicasa.net\",\"https:\\\/\\\/www.instagram.com\\\/\",\"https:\\\/\\\/x.com\\\/EduLizarragaD\",\"https:\\\/\\\/www.linkedin.com\\\/feed\\\/\"]},{\"@type\":\"Person\",\"@id\":\"https:\\\/\\\/www.aquimicasa.net\\\/blog\\\/#\\\/schema\\\/person\\\/2cdfa2605534583395c8d7ce1d6cac14\",\"name\":\"Eduardo Lizarraga\",\"image\":{\"@type\":\"ImageObject\",\"inLanguage\":\"es\",\"@id\":\"https:\\\/\\\/secure.gravatar.com\\\/avatar\\\/bdabe1eeeed97b65a9cb7de2edd624b07995f7e13abc5fead15961f745f908cc?s=96&d=mm&r=g\",\"url\":\"https:\\\/\\\/secure.gravatar.com\\\/avatar\\\/bdabe1eeeed97b65a9cb7de2edd624b07995f7e13abc5fead15961f745f908cc?s=96&d=mm&r=g\",\"contentUrl\":\"https:\\\/\\\/secure.gravatar.com\\\/avatar\\\/bdabe1eeeed97b65a9cb7de2edd624b07995f7e13abc5fead15961f745f908cc?s=96&d=mm&r=g\",\"caption\":\"Eduardo Lizarraga\"},\"description\":\"Periodista Econ\u00f3mico. Ha trabajado en diversos campos de la informaci\u00f3n. Corresponsal en conflictos, analista pol\u00edtico en Congreso y Senado, periodista del medio ambiente, editor, director editorial, director de comunicaci\u00f3n.... En estos momentos se ha especializado en el sector inmobiliario. Pero tambi\u00e9n es navegante y viajero, preocupado por la pobreza, el medio ambiente y por las actuaciones descontroladas del neoliberalismo empresarial y pol\u00edtico en todo el mundo. Los desahucios, la pobreza infantil y la falta de acceso a los suministros b\u00e1sicos son algunos de los grandes dramas de nuestra sociedad y que es preciso solucionar para hacerla m\u00e1s justa. CEO en www.aquimicasa.net\",\"sameAs\":[\"https:\\\/\\\/www.aquimicasa.net\\\/\"],\"url\":\"https:\\\/\\\/www.aquimicasa.net\\\/blog\\\/author\\\/eduardo\\\/\"}]}<\/script>\n<!-- \/ Yoast SEO plugin. -->","yoast_head_json":{"title":"Una inmobiliaria reincidente y perdiendo el oremus","description":"Cobrar a los inquilinos por servicios que la ley establece que debe asumir el propietario no es un simple error: es ilegal.","robots":{"index":"index","follow":"follow","max-snippet":"max-snippet:-1","max-image-preview":"max-image-preview:large","max-video-preview":"max-video-preview:-1"},"canonical":"https:\/\/www.aquimicasa.net\/blog\/vivienda\/alquileres\/una-inmobiliaria-reincidente-y-perdiendo-el-oremus\/","og_locale":"es_ES","og_type":"article","og_title":"Una inmobiliaria reincidente y perdiendo el oremus","og_description":"Cobrar a los inquilinos por servicios que la ley establece que debe asumir el propietario no es un simple error: es ilegal.","og_url":"https:\/\/www.aquimicasa.net\/blog\/vivienda\/alquileres\/una-inmobiliaria-reincidente-y-perdiendo-el-oremus\/","og_site_name":"Blog de aquimicasa.net","article_publisher":"https:\/\/www.facebook.com\/aquimicasa.net","article_published_time":"2025-11-12T18:28:10+00:00","article_modified_time":"2025-11-12T18:58:54+00:00","og_image":[{"width":500,"height":334,"url":"https:\/\/www.aquimicasa.net\/blog\/wp-content\/uploads\/Sevilla4-e1756311425539.jpg","type":"image\/jpeg"}],"author":"Eduardo Lizarraga","twitter_misc":{"Escrito por":"Eduardo Lizarraga","Tiempo de lectura":"4 minutos"},"schema":{"@context":"https:\/\/schema.org","@graph":[{"@type":"Article","@id":"https:\/\/www.aquimicasa.net\/blog\/vivienda\/alquileres\/una-inmobiliaria-reincidente-y-perdiendo-el-oremus\/#article","isPartOf":{"@id":"https:\/\/www.aquimicasa.net\/blog\/vivienda\/alquileres\/una-inmobiliaria-reincidente-y-perdiendo-el-oremus\/"},"author":{"name":"Eduardo Lizarraga","@id":"https:\/\/www.aquimicasa.net\/blog\/#\/schema\/person\/2cdfa2605534583395c8d7ce1d6cac14"},"headline":"Una inmobiliaria reincidente y perdiendo el oremus","datePublished":"2025-11-12T18:28:10+00:00","dateModified":"2025-11-12T18:58:54+00:00","mainEntityOfPage":{"@id":"https:\/\/www.aquimicasa.net\/blog\/vivienda\/alquileres\/una-inmobiliaria-reincidente-y-perdiendo-el-oremus\/"},"wordCount":1319,"publisher":{"@id":"https:\/\/www.aquimicasa.net\/blog\/#organization"},"image":{"@id":"https:\/\/www.aquimicasa.net\/blog\/vivienda\/alquileres\/una-inmobiliaria-reincidente-y-perdiendo-el-oremus\/#primaryimage"},"thumbnailUrl":"https:\/\/www.aquimicasa.net\/blog\/wp-content\/uploads\/Sevilla4-e1756311425539.jpg","keywords":["newsletter 539"],"articleSection":["Alquiler"],"inLanguage":"es"},{"@type":"WebPage","@id":"https:\/\/www.aquimicasa.net\/blog\/vivienda\/alquileres\/una-inmobiliaria-reincidente-y-perdiendo-el-oremus\/","url":"https:\/\/www.aquimicasa.net\/blog\/vivienda\/alquileres\/una-inmobiliaria-reincidente-y-perdiendo-el-oremus\/","name":"Una inmobiliaria reincidente y perdiendo el oremus","isPartOf":{"@id":"https:\/\/www.aquimicasa.net\/blog\/#website"},"primaryImageOfPage":{"@id":"https:\/\/www.aquimicasa.net\/blog\/vivienda\/alquileres\/una-inmobiliaria-reincidente-y-perdiendo-el-oremus\/#primaryimage"},"image":{"@id":"https:\/\/www.aquimicasa.net\/blog\/vivienda\/alquileres\/una-inmobiliaria-reincidente-y-perdiendo-el-oremus\/#primaryimage"},"thumbnailUrl":"https:\/\/www.aquimicasa.net\/blog\/wp-content\/uploads\/Sevilla4-e1756311425539.jpg","datePublished":"2025-11-12T18:28:10+00:00","dateModified":"2025-11-12T18:58:54+00:00","description":"Cobrar a los inquilinos por servicios que la ley establece que debe asumir el propietario no es un simple error: es ilegal.","breadcrumb":{"@id":"https:\/\/www.aquimicasa.net\/blog\/vivienda\/alquileres\/una-inmobiliaria-reincidente-y-perdiendo-el-oremus\/#breadcrumb"},"inLanguage":"es","potentialAction":[{"@type":"ReadAction","target":["https:\/\/www.aquimicasa.net\/blog\/vivienda\/alquileres\/una-inmobiliaria-reincidente-y-perdiendo-el-oremus\/"]}]},{"@type":"ImageObject","inLanguage":"es","@id":"https:\/\/www.aquimicasa.net\/blog\/vivienda\/alquileres\/una-inmobiliaria-reincidente-y-perdiendo-el-oremus\/#primaryimage","url":"https:\/\/www.aquimicasa.net\/blog\/wp-content\/uploads\/Sevilla4-e1756311425539.jpg","contentUrl":"https:\/\/www.aquimicasa.net\/blog\/wp-content\/uploads\/Sevilla4-e1756311425539.jpg","width":500,"height":334,"caption":"Aprobado el Registro obligatorio de agentes inmobiliarios en Andaluc\u00eda"},{"@type":"BreadcrumbList","@id":"https:\/\/www.aquimicasa.net\/blog\/vivienda\/alquileres\/una-inmobiliaria-reincidente-y-perdiendo-el-oremus\/#breadcrumb","itemListElement":[{"@type":"ListItem","position":1,"name":"Portada","item":"https:\/\/www.aquimicasa.net\/blog\/"},{"@type":"ListItem","position":2,"name":"Una inmobiliaria reincidente y perdiendo el oremus"}]},{"@type":"WebSite","@id":"https:\/\/www.aquimicasa.net\/blog\/#website","url":"https:\/\/www.aquimicasa.net\/blog\/","name":"Blog de aquimicasa.net","description":"Noticias del Mundo Inmobiliario","publisher":{"@id":"https:\/\/www.aquimicasa.net\/blog\/#organization"},"potentialAction":[{"@type":"SearchAction","target":{"@type":"EntryPoint","urlTemplate":"https:\/\/www.aquimicasa.net\/blog\/?s={search_term_string}"},"query-input":{"@type":"PropertyValueSpecification","valueRequired":true,"valueName":"search_term_string"}}],"inLanguage":"es"},{"@type":"Organization","@id":"https:\/\/www.aquimicasa.net\/blog\/#organization","name":"Blog de aquimicasa.net","url":"https:\/\/www.aquimicasa.net\/blog\/","logo":{"@type":"ImageObject","inLanguage":"es","@id":"https:\/\/www.aquimicasa.net\/blog\/#\/schema\/logo\/image\/","url":"https:\/\/www.aquimicasa.net\/blog\/wp-content\/uploads\/Logo-aquimicasa-1-e1528048213782.png","contentUrl":"https:\/\/www.aquimicasa.net\/blog\/wp-content\/uploads\/Logo-aquimicasa-1-e1528048213782.png","width":225,"height":225,"caption":"Blog de aquimicasa.net"},"image":{"@id":"https:\/\/www.aquimicasa.net\/blog\/#\/schema\/logo\/image\/"},"sameAs":["https:\/\/www.facebook.com\/aquimicasa.net","https:\/\/www.instagram.com\/","https:\/\/x.com\/EduLizarragaD","https:\/\/www.linkedin.com\/feed\/"]},{"@type":"Person","@id":"https:\/\/www.aquimicasa.net\/blog\/#\/schema\/person\/2cdfa2605534583395c8d7ce1d6cac14","name":"Eduardo Lizarraga","image":{"@type":"ImageObject","inLanguage":"es","@id":"https:\/\/secure.gravatar.com\/avatar\/bdabe1eeeed97b65a9cb7de2edd624b07995f7e13abc5fead15961f745f908cc?s=96&d=mm&r=g","url":"https:\/\/secure.gravatar.com\/avatar\/bdabe1eeeed97b65a9cb7de2edd624b07995f7e13abc5fead15961f745f908cc?s=96&d=mm&r=g","contentUrl":"https:\/\/secure.gravatar.com\/avatar\/bdabe1eeeed97b65a9cb7de2edd624b07995f7e13abc5fead15961f745f908cc?s=96&d=mm&r=g","caption":"Eduardo Lizarraga"},"description":"Periodista Econ\u00f3mico. Ha trabajado en diversos campos de la informaci\u00f3n. Corresponsal en conflictos, analista pol\u00edtico en Congreso y Senado, periodista del medio ambiente, editor, director editorial, director de comunicaci\u00f3n.... En estos momentos se ha especializado en el sector inmobiliario. Pero tambi\u00e9n es navegante y viajero, preocupado por la pobreza, el medio ambiente y por las actuaciones descontroladas del neoliberalismo empresarial y pol\u00edtico en todo el mundo. Los desahucios, la pobreza infantil y la falta de acceso a los suministros b\u00e1sicos son algunos de los grandes dramas de nuestra sociedad y que es preciso solucionar para hacerla m\u00e1s justa. CEO en www.aquimicasa.net","sameAs":["https:\/\/www.aquimicasa.net\/"],"url":"https:\/\/www.aquimicasa.net\/blog\/author\/eduardo\/"}]}},"jetpack_publicize_connections":[],"jetpack_featured_media_url":"https:\/\/www.aquimicasa.net\/blog\/wp-content\/uploads\/Sevilla4-e1756311425539.jpg","jetpack_sharing_enabled":true,"jetpack_likes_enabled":true,"_links":{"self":[{"href":"https:\/\/www.aquimicasa.net\/blog\/wp-json\/wp\/v2\/posts\/53843","targetHints":{"allow":["GET"]}}],"collection":[{"href":"https:\/\/www.aquimicasa.net\/blog\/wp-json\/wp\/v2\/posts"}],"about":[{"href":"https:\/\/www.aquimicasa.net\/blog\/wp-json\/wp\/v2\/types\/post"}],"author":[{"embeddable":true,"href":"https:\/\/www.aquimicasa.net\/blog\/wp-json\/wp\/v2\/users\/3"}],"replies":[{"embeddable":true,"href":"https:\/\/www.aquimicasa.net\/blog\/wp-json\/wp\/v2\/comments?post=53843"}],"version-history":[{"count":7,"href":"https:\/\/www.aquimicasa.net\/blog\/wp-json\/wp\/v2\/posts\/53843\/revisions"}],"predecessor-version":[{"id":53954,"href":"https:\/\/www.aquimicasa.net\/blog\/wp-json\/wp\/v2\/posts\/53843\/revisions\/53954"}],"wp:featuredmedia":[{"embeddable":true,"href":"https:\/\/www.aquimicasa.net\/blog\/wp-json\/wp\/v2\/media\/25422"}],"wp:attachment":[{"href":"https:\/\/www.aquimicasa.net\/blog\/wp-json\/wp\/v2\/media?parent=53843"}],"wp:term":[{"taxonomy":"category","embeddable":true,"href":"https:\/\/www.aquimicasa.net\/blog\/wp-json\/wp\/v2\/categories?post=53843"},{"taxonomy":"post_tag","embeddable":true,"href":"https:\/\/www.aquimicasa.net\/blog\/wp-json\/wp\/v2\/tags?post=53843"}],"curies":[{"name":"wp","href":"https:\/\/api.w.org\/{rel}","templated":true}]}}