{"id":54116,"date":"2025-11-30T18:02:10","date_gmt":"2025-11-30T17:02:10","guid":{"rendered":"https:\/\/www.aquimicasa.net\/blog\/?p=54116"},"modified":"2025-11-30T18:02:10","modified_gmt":"2025-11-30T17:02:10","slug":"sumar-solicita-la-comparecencia-de-idealista-y-fotocasa","status":"publish","type":"post","link":"https:\/\/www.aquimicasa.net\/blog\/administracion-y-gobierno\/partidos\/sumar-solicita-la-comparecencia-de-idealista-y-fotocasa\/","title":{"rendered":"Sumar solicita la comparecencia de Idealista y Fotocasa"},"content":{"rendered":"<div class=\"fusion-fullwidth fullwidth-box fusion-builder-row-1 fusion-flex-container nonhundred-percent-fullwidth non-hundred-percent-height-scrolling\" style=\"background-color: rgba(255,255,255,0);background-position: center center;background-repeat: no-repeat;border-width: 0px 0px 0px 0px;border-color:#eae9e9;border-style:solid;\" ><div class=\"fusion-builder-row fusion-row fusion-flex-align-items-flex-start\" style=\"max-width:1144px;margin-left: calc(-4% \/ 2 );margin-right: calc(-4% \/ 2 );\"><div class=\"fusion-layout-column fusion_builder_column fusion-builder-column-0 fusion_builder_column_1_1 1_1 fusion-flex-column\"><div class=\"fusion-column-wrapper fusion-flex-justify-content-flex-start fusion-content-layout-column\" style=\"background-position:left top;background-repeat:no-repeat;-webkit-background-size:cover;-moz-background-size:cover;-o-background-size:cover;background-size:cover;padding: 0px 0px 0px 0px;\"><div class=\"fusion-text fusion-text-1\"><p data-start=\"65\" data-end=\"810\">Transparencia, competencia leal y protecci\u00f3n de los consumidores. Tres conceptos que, seg\u00fan <strong data-start=\"157\" data-end=\"166\">Sumar<\/strong>, se han vuelto imprescindibles para entender qu\u00e9 est\u00e1 ocurriendo en el mercado inmobiliario digital y por qu\u00e9 miles de familias espa\u00f1olas se enfrentan a precios cada vez m\u00e1s inaccesibles. Por ello, el grupo plurinacional ha solicitado oficialmente en el Congreso la <strong data-start=\"433\" data-end=\"488\">comparecencia de directivos de Idealista y Fotocasa<\/strong>, los dos grandes portales inmobiliarios del pa\u00eds, con el fin de aclarar c\u00f3mo funcionan sus algoritmos y cu\u00e1l es su impacto real en los anuncios, los precios y las posibilidades de acceso a la vivienda. Una petici\u00f3n que pone de nuevo en el centro del debate pol\u00edtico la relaci\u00f3n entre datos, mercado y derechos ciudadanos.<\/p>\n<h2 data-start=\"877\" data-end=\"939\"><strong data-start=\"877\" data-end=\"939\">Conocer la influencia de los algoritmos en los precios<\/strong><\/h2>\n<p data-start=\"941\" data-end=\"1507\">La iniciativa, registrada en la Comisi\u00f3n de Econom\u00eda, Comercio y Transformaci\u00f3n Digital, busca arrojar luz sobre un aspecto cada vez m\u00e1s se\u00f1alado por expertos, organismos p\u00fablicos y colectivos sociales: <strong data-start=\"1144\" data-end=\"1187\">la influencia directa de los algoritmos<\/strong> en la visibilidad de los anuncios y, por tanto, en la evoluci\u00f3n de los precios del mercado inmobiliario. La diputada Tesh Sidi (M\u00e1s Madrid) y su compa\u00f1era Alda Recas subrayan en la solicitud la \u201copacidad\u201d de estas plataformas respecto al funcionamiento interno de sus modelos de recomendaci\u00f3n, selecci\u00f3n y priorizaci\u00f3n.<\/p>\n<p data-start=\"1509\" data-end=\"1965\">Seg\u00fan Sumar, Idealista y Fotocasa no solo act\u00faan como escaparates digitales, sino como <strong data-start=\"1596\" data-end=\"1653\">actores determinantes en la configuraci\u00f3n del mercado<\/strong>, capaces de alterar tendencias, condicionar la percepci\u00f3n del usuario y favorecer a quienes pueden pagar por aparecer mejor posicionados. Una din\u00e1mica que podr\u00eda provocar, de facto, <strong data-start=\"1836\" data-end=\"1882\">una burbuja en los precios de los anuncios<\/strong>, muy alejada del valor real de compraventa registrado posteriormente ante notario.<\/p>\n<p data-start=\"1967\" data-end=\"2432\">La preocupaci\u00f3n no es nueva: expertos como Esther Paniagua, investigadora en gobernanza digital, llevan tiempo alertando de que pagar por subir posiciones en los listados, contratar tasaciones digitales o pagar por mejorar fotograf\u00edas puede distorsionar la competencia y favorecer a los grandes inversores frente al peque\u00f1o propietario. En definitiva, un sistema de visibilidad que, sin controles independientes, podr\u00eda estar impulsando los precios artificialmente.<\/p>\n<h2 data-start=\"2499\" data-end=\"2585\"><strong data-start=\"2499\" data-end=\"2585\">Transparencia, competencia leal y protecci\u00f3n de los consumidores como objetivo<\/strong><\/h2>\n<p data-start=\"2587\" data-end=\"3059\">La solicitud de Sumar tambi\u00e9n apunta al cumplimiento de la normativa vigente. Tanto la legislaci\u00f3n espa\u00f1ola como la europea \u2014con especial referencia a la <strong data-start=\"2741\" data-end=\"2777\">Ley de Servicios Digitales (DSA)<\/strong>\u2014 obligan a las grandes plataformas a garantizar transparencia en el funcionamiento de sus algoritmos, evitar pr\u00e1cticas discriminatorias y asegurar una competencia justa. Y sin embargo, seg\u00fan los expertos consultados por Aquimicasa, la supervisi\u00f3n p\u00fablica sigue siendo insuficiente.<\/p>\n<p data-start=\"3061\" data-end=\"3629\">El jurista y especialista en comunicaci\u00f3n digital Borja Adsuara recuerda que, si los algoritmos priorizan contenidos seg\u00fan criterios econ\u00f3micos o comerciales ocultos, estar\u00edamos ante una <strong data-start=\"3248\" data-end=\"3279\">manipulaci\u00f3n del consumidor<\/strong>, algo ya prohibido por la Ley de Competencia Desleal y la Ley General de Publicidad. Adem\u00e1s, Adsuara se\u00f1ala que la falta de adaptaci\u00f3n del Gobierno espa\u00f1ol al reglamento europeo podr\u00eda derivar en <strong data-start=\"3476\" data-end=\"3509\">sanciones graves para el pa\u00eds<\/strong>. \u201cEn vez de multar a las plataformas, la UE podr\u00eda terminar multando a Espa\u00f1a por no aplicar la legislaci\u00f3n\u201d, advierte.<\/p>\n<h2 data-start=\"3631\" data-end=\"3694\"><strong data-start=\"3631\" data-end=\"3694\">La burbuja de los precios en los anuncios inmobiliarios<\/strong><\/h2>\n<p data-start=\"3696\" data-end=\"4360\">El debate sobre la transparencia se alimenta tambi\u00e9n de los datos. Seg\u00fan un estudio reciente de <strong data-start=\"3792\" data-end=\"3812\">UVE Valoraciones<\/strong>, la diferencia entre los precios anunciados en Idealista y Fotocasa y los precios reales de compraventa se ha disparado hasta el <strong data-start=\"3942\" data-end=\"3949\">44%<\/strong>. Una brecha que hace apenas cinco a\u00f1os era del 12%. \u00bfSignifica esto que los algoritmos influyen en el alza artificial de los precios? No hay pruebas concluyentes a\u00fan, pero los expertos consideran razonable la hip\u00f3tesis. Lo que s\u00ed parece claro es que la visibilidad digital condiciona la percepci\u00f3n y el comportamiento del mercado, generando efectos sist\u00e9micos que afectan tanto a compradores como a vendedores.<\/p>\n<h2 data-start=\"4427\" data-end=\"4498\"><strong data-start=\"4427\" data-end=\"4498\">\u00a0\u00bfManipulan las plataformas de anuncios el mercado inmobiliario?<\/strong><\/h2>\n<p data-start=\"4500\" data-end=\"4969\">Para Sumar y M\u00e1s Madrid, la prioridad es hacer p\u00fablica la informaci\u00f3n necesaria para despejar esta gran inc\u00f3gnita. Por ello, la comparecencia solicitada pretende que tanto <strong data-start=\"4672\" data-end=\"4696\">Pablo \u00c1lvarez-Cascos<\/strong> (Idealista) como <strong data-start=\"4714\" data-end=\"4729\">Mar\u00eda Matos<\/strong> (Fotocasa) expliquen qu\u00e9 par\u00e1metros utilizan sus algoritmos, si existe segmentaci\u00f3n discriminatoria de usuarios, si se favorece a anunciantes que pagan por servicios extra y qu\u00e9 mecanismos de supervisi\u00f3n interna aplican para evitar abusos.<\/p>\n<p data-start=\"4971\" data-end=\"5324\">Una cuesti\u00f3n clave es la <strong data-start=\"4996\" data-end=\"5024\">segmentaci\u00f3n de usuarios<\/strong>, que puede generar desigualdad en el acceso a los anuncios seg\u00fan criterios como ubicaci\u00f3n geogr\u00e1fica, comportamiento digital, capacidad econ\u00f3mica o incluso origen nacional. Una pr\u00e1ctica que, si se realiza sin transparencia, podr\u00eda vulnerar normativas europeas y derechos b\u00e1sicos de los consumidores.<\/p>\n<h2 data-start=\"5326\" data-end=\"5416\"><strong data-start=\"5326\" data-end=\"5416\">Las plataformas inmobiliarias discriminan por medio de la segmentaci\u00f3n de usuarios<\/strong><\/h2>\n<p data-start=\"5418\" data-end=\"5844\">La segmentaci\u00f3n, tal y como recuerdan los expertos, puede producirse tanto porque el anunciante la solicite como porque el propio algoritmo del portal la aplique autom\u00e1ticamente. De un modo u otro, el resultado es el mismo: un mercado donde no todos los usuarios ven lo mismo ni en las mismas condiciones, y donde <strong data-start=\"5732\" data-end=\"5773\">quien paga m\u00e1s obtiene m\u00e1s exposici\u00f3n<\/strong>, moldeando artificialmente lo que se percibe como \u201cprecio de mercado\u201d.<\/p>\n<hr \/>\n<\/div><\/div><style type=\"text\/css\">.fusion-body .fusion-builder-column-0{width:100% !important;margin-top : 0px;margin-bottom : 0px;}.fusion-builder-column-0 > .fusion-column-wrapper {padding-top : 0px !important;padding-right : 0px !important;margin-right : 1.92%;padding-bottom : 0px !important;padding-left : 0px !important;margin-left : 1.92%;}@media only screen and (max-width:1024px) {.fusion-body .fusion-builder-column-0{width:100% !important;}.fusion-builder-column-0 > .fusion-column-wrapper {margin-right : 1.92%;margin-left : 1.92%;}}@media only screen and (max-width:640px) {.fusion-body .fusion-builder-column-0{width:100% !important;}.fusion-builder-column-0 > .fusion-column-wrapper {margin-right : 1.92%;margin-left : 1.92%;}}<\/style><\/div><\/div><style type=\"text\/css\">.fusion-body .fusion-flex-container.fusion-builder-row-1{ padding-top : 0px;margin-top : 0px;padding-right : 0px;padding-bottom : 0px;margin-bottom : 0px;padding-left : 0px;}<\/style><\/div>\n","protected":false},"excerpt":{"rendered":"<p>La iniciativa, registrada en la Comisi\u00f3n de Econom\u00eda, Comercio y Transformaci\u00f3n Digital, busca arrojar luz sobre un aspecto cada vez m\u00e1s se\u00f1alado por expertos, organismos p\u00fablicos y colectivos sociales: la influencia directa de los algoritmos en la visibilidad de los anuncios y, por tanto, en la evoluci\u00f3n de los precios del mercado inmobiliario.<\/p>\n","protected":false},"author":3,"featured_media":50883,"comment_status":"closed","ping_status":"closed","sticky":false,"template":"","format":"standard","meta":{"_jetpack_memberships_contains_paid_content":false,"footnotes":"","jetpack_publicize_message":"","jetpack_publicize_feature_enabled":true,"jetpack_social_post_already_shared":true,"jetpack_social_options":{"image_generator_settings":{"template":"highway","default_image_id":0,"font":"","enabled":false},"version":2}},"categories":[489],"tags":[8266],"class_list":["post-54116","post","type-post","status-publish","format-standard","has-post-thumbnail","hentry","category-partidos","tag-newsletter-542"],"yoast_head":"<!-- This site is optimized with the Yoast SEO plugin v27.5 - https:\/\/yoast.com\/product\/yoast-seo-wordpress\/ -->\n<title>Sumar solicita la comparecencia de Idealista y Fotocasa<\/title>\n<meta name=\"robots\" content=\"index, follow, max-snippet:-1, max-image-preview:large, max-video-preview:-1\" \/>\n<link rel=\"canonical\" href=\"https:\/\/www.aquimicasa.net\/blog\/administracion-y-gobierno\/partidos\/sumar-solicita-la-comparecencia-de-idealista-y-fotocasa\/\" \/>\n<meta property=\"og:locale\" content=\"es_ES\" \/>\n<meta property=\"og:type\" content=\"article\" \/>\n<meta property=\"og:title\" content=\"Sumar solicita la comparecencia de Idealista y Fotocasa\" \/>\n<meta property=\"og:description\" content=\"La iniciativa, registrada en la Comisi\u00f3n de Econom\u00eda, Comercio y Transformaci\u00f3n Digital, busca arrojar luz sobre un aspecto cada vez m\u00e1s se\u00f1alado por expertos, organismos p\u00fablicos y colectivos sociales: la influencia directa de los algoritmos en la visibilidad de los anuncios y, por tanto, en la evoluci\u00f3n de los precios del mercado inmobiliario.\" \/>\n<meta property=\"og:url\" content=\"https:\/\/www.aquimicasa.net\/blog\/administracion-y-gobierno\/partidos\/sumar-solicita-la-comparecencia-de-idealista-y-fotocasa\/\" \/>\n<meta property=\"og:site_name\" content=\"Blog de aquimicasa.net\" \/>\n<meta property=\"article:publisher\" content=\"https:\/\/www.facebook.com\/aquimicasa.net\" \/>\n<meta property=\"article:published_time\" content=\"2025-11-30T17:02:10+00:00\" \/>\n<meta property=\"og:image\" content=\"https:\/\/www.aquimicasa.net\/blog\/wp-content\/uploads\/Congreso-de-los-diputados5.jpg\" \/>\n\t<meta property=\"og:image:width\" content=\"655\" \/>\n\t<meta property=\"og:image:height\" content=\"368\" \/>\n\t<meta property=\"og:image:type\" content=\"image\/jpeg\" \/>\n<meta name=\"author\" content=\"Eduardo Lizarraga\" \/>\n<meta name=\"twitter:label1\" content=\"Escrito por\" \/>\n\t<meta name=\"twitter:data1\" content=\"Eduardo Lizarraga\" \/>\n\t<meta name=\"twitter:label2\" content=\"Tiempo de lectura\" \/>\n\t<meta name=\"twitter:data2\" content=\"5 minutos\" \/>\n<script type=\"application\/ld+json\" class=\"yoast-schema-graph\">{\"@context\":\"https:\\\/\\\/schema.org\",\"@graph\":[{\"@type\":\"Article\",\"@id\":\"https:\\\/\\\/www.aquimicasa.net\\\/blog\\\/administracion-y-gobierno\\\/partidos\\\/sumar-solicita-la-comparecencia-de-idealista-y-fotocasa\\\/#article\",\"isPartOf\":{\"@id\":\"https:\\\/\\\/www.aquimicasa.net\\\/blog\\\/administracion-y-gobierno\\\/partidos\\\/sumar-solicita-la-comparecencia-de-idealista-y-fotocasa\\\/\"},\"author\":{\"name\":\"Eduardo Lizarraga\",\"@id\":\"https:\\\/\\\/www.aquimicasa.net\\\/blog\\\/#\\\/schema\\\/person\\\/2cdfa2605534583395c8d7ce1d6cac14\"},\"headline\":\"Sumar solicita la comparecencia de Idealista y Fotocasa\",\"datePublished\":\"2025-11-30T17:02:10+00:00\",\"mainEntityOfPage\":{\"@id\":\"https:\\\/\\\/www.aquimicasa.net\\\/blog\\\/administracion-y-gobierno\\\/partidos\\\/sumar-solicita-la-comparecencia-de-idealista-y-fotocasa\\\/\"},\"wordCount\":1143,\"publisher\":{\"@id\":\"https:\\\/\\\/www.aquimicasa.net\\\/blog\\\/#organization\"},\"image\":{\"@id\":\"https:\\\/\\\/www.aquimicasa.net\\\/blog\\\/administracion-y-gobierno\\\/partidos\\\/sumar-solicita-la-comparecencia-de-idealista-y-fotocasa\\\/#primaryimage\"},\"thumbnailUrl\":\"https:\\\/\\\/www.aquimicasa.net\\\/blog\\\/wp-content\\\/uploads\\\/Congreso-de-los-diputados5.jpg\",\"keywords\":[\"newsletter 542\"],\"articleSection\":[\"Partidos\"],\"inLanguage\":\"es\"},{\"@type\":\"WebPage\",\"@id\":\"https:\\\/\\\/www.aquimicasa.net\\\/blog\\\/administracion-y-gobierno\\\/partidos\\\/sumar-solicita-la-comparecencia-de-idealista-y-fotocasa\\\/\",\"url\":\"https:\\\/\\\/www.aquimicasa.net\\\/blog\\\/administracion-y-gobierno\\\/partidos\\\/sumar-solicita-la-comparecencia-de-idealista-y-fotocasa\\\/\",\"name\":\"Sumar solicita la comparecencia de Idealista y Fotocasa\",\"isPartOf\":{\"@id\":\"https:\\\/\\\/www.aquimicasa.net\\\/blog\\\/#website\"},\"primaryImageOfPage\":{\"@id\":\"https:\\\/\\\/www.aquimicasa.net\\\/blog\\\/administracion-y-gobierno\\\/partidos\\\/sumar-solicita-la-comparecencia-de-idealista-y-fotocasa\\\/#primaryimage\"},\"image\":{\"@id\":\"https:\\\/\\\/www.aquimicasa.net\\\/blog\\\/administracion-y-gobierno\\\/partidos\\\/sumar-solicita-la-comparecencia-de-idealista-y-fotocasa\\\/#primaryimage\"},\"thumbnailUrl\":\"https:\\\/\\\/www.aquimicasa.net\\\/blog\\\/wp-content\\\/uploads\\\/Congreso-de-los-diputados5.jpg\",\"datePublished\":\"2025-11-30T17:02:10+00:00\",\"breadcrumb\":{\"@id\":\"https:\\\/\\\/www.aquimicasa.net\\\/blog\\\/administracion-y-gobierno\\\/partidos\\\/sumar-solicita-la-comparecencia-de-idealista-y-fotocasa\\\/#breadcrumb\"},\"inLanguage\":\"es\",\"potentialAction\":[{\"@type\":\"ReadAction\",\"target\":[\"https:\\\/\\\/www.aquimicasa.net\\\/blog\\\/administracion-y-gobierno\\\/partidos\\\/sumar-solicita-la-comparecencia-de-idealista-y-fotocasa\\\/\"]}]},{\"@type\":\"ImageObject\",\"inLanguage\":\"es\",\"@id\":\"https:\\\/\\\/www.aquimicasa.net\\\/blog\\\/administracion-y-gobierno\\\/partidos\\\/sumar-solicita-la-comparecencia-de-idealista-y-fotocasa\\\/#primaryimage\",\"url\":\"https:\\\/\\\/www.aquimicasa.net\\\/blog\\\/wp-content\\\/uploads\\\/Congreso-de-los-diputados5.jpg\",\"contentUrl\":\"https:\\\/\\\/www.aquimicasa.net\\\/blog\\\/wp-content\\\/uploads\\\/Congreso-de-los-diputados5.jpg\",\"width\":655,\"height\":368,\"caption\":\"El decreto dedicado a vivienda tiene dif\u00edcil su aprobaci\u00f3n en el Cogreso\"},{\"@type\":\"BreadcrumbList\",\"@id\":\"https:\\\/\\\/www.aquimicasa.net\\\/blog\\\/administracion-y-gobierno\\\/partidos\\\/sumar-solicita-la-comparecencia-de-idealista-y-fotocasa\\\/#breadcrumb\",\"itemListElement\":[{\"@type\":\"ListItem\",\"position\":1,\"name\":\"Portada\",\"item\":\"https:\\\/\\\/www.aquimicasa.net\\\/blog\\\/\"},{\"@type\":\"ListItem\",\"position\":2,\"name\":\"Sumar solicita la comparecencia de Idealista y Fotocasa\"}]},{\"@type\":\"WebSite\",\"@id\":\"https:\\\/\\\/www.aquimicasa.net\\\/blog\\\/#website\",\"url\":\"https:\\\/\\\/www.aquimicasa.net\\\/blog\\\/\",\"name\":\"Blog de aquimicasa.net\",\"description\":\"Noticias del Mundo Inmobiliario\",\"publisher\":{\"@id\":\"https:\\\/\\\/www.aquimicasa.net\\\/blog\\\/#organization\"},\"potentialAction\":[{\"@type\":\"SearchAction\",\"target\":{\"@type\":\"EntryPoint\",\"urlTemplate\":\"https:\\\/\\\/www.aquimicasa.net\\\/blog\\\/?s={search_term_string}\"},\"query-input\":{\"@type\":\"PropertyValueSpecification\",\"valueRequired\":true,\"valueName\":\"search_term_string\"}}],\"inLanguage\":\"es\"},{\"@type\":\"Organization\",\"@id\":\"https:\\\/\\\/www.aquimicasa.net\\\/blog\\\/#organization\",\"name\":\"Blog de aquimicasa.net\",\"url\":\"https:\\\/\\\/www.aquimicasa.net\\\/blog\\\/\",\"logo\":{\"@type\":\"ImageObject\",\"inLanguage\":\"es\",\"@id\":\"https:\\\/\\\/www.aquimicasa.net\\\/blog\\\/#\\\/schema\\\/logo\\\/image\\\/\",\"url\":\"https:\\\/\\\/www.aquimicasa.net\\\/blog\\\/wp-content\\\/uploads\\\/Logo-aquimicasa-1-e1528048213782.png\",\"contentUrl\":\"https:\\\/\\\/www.aquimicasa.net\\\/blog\\\/wp-content\\\/uploads\\\/Logo-aquimicasa-1-e1528048213782.png\",\"width\":225,\"height\":225,\"caption\":\"Blog de aquimicasa.net\"},\"image\":{\"@id\":\"https:\\\/\\\/www.aquimicasa.net\\\/blog\\\/#\\\/schema\\\/logo\\\/image\\\/\"},\"sameAs\":[\"https:\\\/\\\/www.facebook.com\\\/aquimicasa.net\",\"https:\\\/\\\/www.instagram.com\\\/\",\"https:\\\/\\\/x.com\\\/EduLizarragaD\",\"https:\\\/\\\/www.linkedin.com\\\/feed\\\/\"]},{\"@type\":\"Person\",\"@id\":\"https:\\\/\\\/www.aquimicasa.net\\\/blog\\\/#\\\/schema\\\/person\\\/2cdfa2605534583395c8d7ce1d6cac14\",\"name\":\"Eduardo Lizarraga\",\"image\":{\"@type\":\"ImageObject\",\"inLanguage\":\"es\",\"@id\":\"https:\\\/\\\/secure.gravatar.com\\\/avatar\\\/bdabe1eeeed97b65a9cb7de2edd624b07995f7e13abc5fead15961f745f908cc?s=96&d=mm&r=g\",\"url\":\"https:\\\/\\\/secure.gravatar.com\\\/avatar\\\/bdabe1eeeed97b65a9cb7de2edd624b07995f7e13abc5fead15961f745f908cc?s=96&d=mm&r=g\",\"contentUrl\":\"https:\\\/\\\/secure.gravatar.com\\\/avatar\\\/bdabe1eeeed97b65a9cb7de2edd624b07995f7e13abc5fead15961f745f908cc?s=96&d=mm&r=g\",\"caption\":\"Eduardo Lizarraga\"},\"description\":\"Periodista Econ\u00f3mico. Ha trabajado en diversos campos de la informaci\u00f3n. Corresponsal en conflictos, analista pol\u00edtico en Congreso y Senado, periodista del medio ambiente, editor, director editorial, director de comunicaci\u00f3n.... En estos momentos se ha especializado en el sector inmobiliario. Pero tambi\u00e9n es navegante y viajero, preocupado por la pobreza, el medio ambiente y por las actuaciones descontroladas del neoliberalismo empresarial y pol\u00edtico en todo el mundo. Los desahucios, la pobreza infantil y la falta de acceso a los suministros b\u00e1sicos son algunos de los grandes dramas de nuestra sociedad y que es preciso solucionar para hacerla m\u00e1s justa. CEO en www.aquimicasa.net\",\"sameAs\":[\"https:\\\/\\\/www.aquimicasa.net\\\/\"],\"url\":\"https:\\\/\\\/www.aquimicasa.net\\\/blog\\\/author\\\/eduardo\\\/\"}]}<\/script>\n<!-- \/ Yoast SEO plugin. -->","yoast_head_json":{"title":"Sumar solicita la comparecencia de Idealista y Fotocasa","robots":{"index":"index","follow":"follow","max-snippet":"max-snippet:-1","max-image-preview":"max-image-preview:large","max-video-preview":"max-video-preview:-1"},"canonical":"https:\/\/www.aquimicasa.net\/blog\/administracion-y-gobierno\/partidos\/sumar-solicita-la-comparecencia-de-idealista-y-fotocasa\/","og_locale":"es_ES","og_type":"article","og_title":"Sumar solicita la comparecencia de Idealista y Fotocasa","og_description":"La iniciativa, registrada en la Comisi\u00f3n de Econom\u00eda, Comercio y Transformaci\u00f3n Digital, busca arrojar luz sobre un aspecto cada vez m\u00e1s se\u00f1alado por expertos, organismos p\u00fablicos y colectivos sociales: la influencia directa de los algoritmos en la visibilidad de los anuncios y, por tanto, en la evoluci\u00f3n de los precios del mercado inmobiliario.","og_url":"https:\/\/www.aquimicasa.net\/blog\/administracion-y-gobierno\/partidos\/sumar-solicita-la-comparecencia-de-idealista-y-fotocasa\/","og_site_name":"Blog de aquimicasa.net","article_publisher":"https:\/\/www.facebook.com\/aquimicasa.net","article_published_time":"2025-11-30T17:02:10+00:00","og_image":[{"width":655,"height":368,"url":"https:\/\/www.aquimicasa.net\/blog\/wp-content\/uploads\/Congreso-de-los-diputados5.jpg","type":"image\/jpeg"}],"author":"Eduardo Lizarraga","twitter_misc":{"Escrito por":"Eduardo Lizarraga","Tiempo de lectura":"5 minutos"},"schema":{"@context":"https:\/\/schema.org","@graph":[{"@type":"Article","@id":"https:\/\/www.aquimicasa.net\/blog\/administracion-y-gobierno\/partidos\/sumar-solicita-la-comparecencia-de-idealista-y-fotocasa\/#article","isPartOf":{"@id":"https:\/\/www.aquimicasa.net\/blog\/administracion-y-gobierno\/partidos\/sumar-solicita-la-comparecencia-de-idealista-y-fotocasa\/"},"author":{"name":"Eduardo Lizarraga","@id":"https:\/\/www.aquimicasa.net\/blog\/#\/schema\/person\/2cdfa2605534583395c8d7ce1d6cac14"},"headline":"Sumar solicita la comparecencia de Idealista y Fotocasa","datePublished":"2025-11-30T17:02:10+00:00","mainEntityOfPage":{"@id":"https:\/\/www.aquimicasa.net\/blog\/administracion-y-gobierno\/partidos\/sumar-solicita-la-comparecencia-de-idealista-y-fotocasa\/"},"wordCount":1143,"publisher":{"@id":"https:\/\/www.aquimicasa.net\/blog\/#organization"},"image":{"@id":"https:\/\/www.aquimicasa.net\/blog\/administracion-y-gobierno\/partidos\/sumar-solicita-la-comparecencia-de-idealista-y-fotocasa\/#primaryimage"},"thumbnailUrl":"https:\/\/www.aquimicasa.net\/blog\/wp-content\/uploads\/Congreso-de-los-diputados5.jpg","keywords":["newsletter 542"],"articleSection":["Partidos"],"inLanguage":"es"},{"@type":"WebPage","@id":"https:\/\/www.aquimicasa.net\/blog\/administracion-y-gobierno\/partidos\/sumar-solicita-la-comparecencia-de-idealista-y-fotocasa\/","url":"https:\/\/www.aquimicasa.net\/blog\/administracion-y-gobierno\/partidos\/sumar-solicita-la-comparecencia-de-idealista-y-fotocasa\/","name":"Sumar solicita la comparecencia de Idealista y Fotocasa","isPartOf":{"@id":"https:\/\/www.aquimicasa.net\/blog\/#website"},"primaryImageOfPage":{"@id":"https:\/\/www.aquimicasa.net\/blog\/administracion-y-gobierno\/partidos\/sumar-solicita-la-comparecencia-de-idealista-y-fotocasa\/#primaryimage"},"image":{"@id":"https:\/\/www.aquimicasa.net\/blog\/administracion-y-gobierno\/partidos\/sumar-solicita-la-comparecencia-de-idealista-y-fotocasa\/#primaryimage"},"thumbnailUrl":"https:\/\/www.aquimicasa.net\/blog\/wp-content\/uploads\/Congreso-de-los-diputados5.jpg","datePublished":"2025-11-30T17:02:10+00:00","breadcrumb":{"@id":"https:\/\/www.aquimicasa.net\/blog\/administracion-y-gobierno\/partidos\/sumar-solicita-la-comparecencia-de-idealista-y-fotocasa\/#breadcrumb"},"inLanguage":"es","potentialAction":[{"@type":"ReadAction","target":["https:\/\/www.aquimicasa.net\/blog\/administracion-y-gobierno\/partidos\/sumar-solicita-la-comparecencia-de-idealista-y-fotocasa\/"]}]},{"@type":"ImageObject","inLanguage":"es","@id":"https:\/\/www.aquimicasa.net\/blog\/administracion-y-gobierno\/partidos\/sumar-solicita-la-comparecencia-de-idealista-y-fotocasa\/#primaryimage","url":"https:\/\/www.aquimicasa.net\/blog\/wp-content\/uploads\/Congreso-de-los-diputados5.jpg","contentUrl":"https:\/\/www.aquimicasa.net\/blog\/wp-content\/uploads\/Congreso-de-los-diputados5.jpg","width":655,"height":368,"caption":"El decreto dedicado a vivienda tiene dif\u00edcil su aprobaci\u00f3n en el Cogreso"},{"@type":"BreadcrumbList","@id":"https:\/\/www.aquimicasa.net\/blog\/administracion-y-gobierno\/partidos\/sumar-solicita-la-comparecencia-de-idealista-y-fotocasa\/#breadcrumb","itemListElement":[{"@type":"ListItem","position":1,"name":"Portada","item":"https:\/\/www.aquimicasa.net\/blog\/"},{"@type":"ListItem","position":2,"name":"Sumar solicita la comparecencia de Idealista y Fotocasa"}]},{"@type":"WebSite","@id":"https:\/\/www.aquimicasa.net\/blog\/#website","url":"https:\/\/www.aquimicasa.net\/blog\/","name":"Blog de aquimicasa.net","description":"Noticias del Mundo Inmobiliario","publisher":{"@id":"https:\/\/www.aquimicasa.net\/blog\/#organization"},"potentialAction":[{"@type":"SearchAction","target":{"@type":"EntryPoint","urlTemplate":"https:\/\/www.aquimicasa.net\/blog\/?s={search_term_string}"},"query-input":{"@type":"PropertyValueSpecification","valueRequired":true,"valueName":"search_term_string"}}],"inLanguage":"es"},{"@type":"Organization","@id":"https:\/\/www.aquimicasa.net\/blog\/#organization","name":"Blog de aquimicasa.net","url":"https:\/\/www.aquimicasa.net\/blog\/","logo":{"@type":"ImageObject","inLanguage":"es","@id":"https:\/\/www.aquimicasa.net\/blog\/#\/schema\/logo\/image\/","url":"https:\/\/www.aquimicasa.net\/blog\/wp-content\/uploads\/Logo-aquimicasa-1-e1528048213782.png","contentUrl":"https:\/\/www.aquimicasa.net\/blog\/wp-content\/uploads\/Logo-aquimicasa-1-e1528048213782.png","width":225,"height":225,"caption":"Blog de aquimicasa.net"},"image":{"@id":"https:\/\/www.aquimicasa.net\/blog\/#\/schema\/logo\/image\/"},"sameAs":["https:\/\/www.facebook.com\/aquimicasa.net","https:\/\/www.instagram.com\/","https:\/\/x.com\/EduLizarragaD","https:\/\/www.linkedin.com\/feed\/"]},{"@type":"Person","@id":"https:\/\/www.aquimicasa.net\/blog\/#\/schema\/person\/2cdfa2605534583395c8d7ce1d6cac14","name":"Eduardo Lizarraga","image":{"@type":"ImageObject","inLanguage":"es","@id":"https:\/\/secure.gravatar.com\/avatar\/bdabe1eeeed97b65a9cb7de2edd624b07995f7e13abc5fead15961f745f908cc?s=96&d=mm&r=g","url":"https:\/\/secure.gravatar.com\/avatar\/bdabe1eeeed97b65a9cb7de2edd624b07995f7e13abc5fead15961f745f908cc?s=96&d=mm&r=g","contentUrl":"https:\/\/secure.gravatar.com\/avatar\/bdabe1eeeed97b65a9cb7de2edd624b07995f7e13abc5fead15961f745f908cc?s=96&d=mm&r=g","caption":"Eduardo Lizarraga"},"description":"Periodista Econ\u00f3mico. Ha trabajado en diversos campos de la informaci\u00f3n. Corresponsal en conflictos, analista pol\u00edtico en Congreso y Senado, periodista del medio ambiente, editor, director editorial, director de comunicaci\u00f3n.... En estos momentos se ha especializado en el sector inmobiliario. Pero tambi\u00e9n es navegante y viajero, preocupado por la pobreza, el medio ambiente y por las actuaciones descontroladas del neoliberalismo empresarial y pol\u00edtico en todo el mundo. Los desahucios, la pobreza infantil y la falta de acceso a los suministros b\u00e1sicos son algunos de los grandes dramas de nuestra sociedad y que es preciso solucionar para hacerla m\u00e1s justa. CEO en www.aquimicasa.net","sameAs":["https:\/\/www.aquimicasa.net\/"],"url":"https:\/\/www.aquimicasa.net\/blog\/author\/eduardo\/"}]}},"jetpack_publicize_connections":[],"jetpack_featured_media_url":"https:\/\/www.aquimicasa.net\/blog\/wp-content\/uploads\/Congreso-de-los-diputados5.jpg","jetpack_sharing_enabled":true,"jetpack_likes_enabled":true,"_links":{"self":[{"href":"https:\/\/www.aquimicasa.net\/blog\/wp-json\/wp\/v2\/posts\/54116","targetHints":{"allow":["GET"]}}],"collection":[{"href":"https:\/\/www.aquimicasa.net\/blog\/wp-json\/wp\/v2\/posts"}],"about":[{"href":"https:\/\/www.aquimicasa.net\/blog\/wp-json\/wp\/v2\/types\/post"}],"author":[{"embeddable":true,"href":"https:\/\/www.aquimicasa.net\/blog\/wp-json\/wp\/v2\/users\/3"}],"replies":[{"embeddable":true,"href":"https:\/\/www.aquimicasa.net\/blog\/wp-json\/wp\/v2\/comments?post=54116"}],"version-history":[{"count":2,"href":"https:\/\/www.aquimicasa.net\/blog\/wp-json\/wp\/v2\/posts\/54116\/revisions"}],"predecessor-version":[{"id":54172,"href":"https:\/\/www.aquimicasa.net\/blog\/wp-json\/wp\/v2\/posts\/54116\/revisions\/54172"}],"wp:featuredmedia":[{"embeddable":true,"href":"https:\/\/www.aquimicasa.net\/blog\/wp-json\/wp\/v2\/media\/50883"}],"wp:attachment":[{"href":"https:\/\/www.aquimicasa.net\/blog\/wp-json\/wp\/v2\/media?parent=54116"}],"wp:term":[{"taxonomy":"category","embeddable":true,"href":"https:\/\/www.aquimicasa.net\/blog\/wp-json\/wp\/v2\/categories?post=54116"},{"taxonomy":"post_tag","embeddable":true,"href":"https:\/\/www.aquimicasa.net\/blog\/wp-json\/wp\/v2\/tags?post=54116"}],"curies":[{"name":"wp","href":"https:\/\/api.w.org\/{rel}","templated":true}]}}