{"id":54191,"date":"2025-12-02T21:32:23","date_gmt":"2025-12-02T20:32:23","guid":{"rendered":"https:\/\/www.aquimicasa.net\/blog\/?p=54191"},"modified":"2025-12-02T21:32:23","modified_gmt":"2025-12-02T20:32:23","slug":"gloval-nos-adelanta-el-precio-de-la-vivienda-en-el-tercer-trimestre","status":"publish","type":"post","link":"https:\/\/www.aquimicasa.net\/blog\/vivienda\/compraventa-de-viviendas\/gloval-nos-adelanta-el-precio-de-la-vivienda-en-el-tercer-trimestre\/","title":{"rendered":"Gloval nos adelanta el precio de la vivienda en el tercer trimestre de 2025"},"content":{"rendered":"<div class=\"fusion-fullwidth fullwidth-box fusion-builder-row-1 fusion-flex-container nonhundred-percent-fullwidth non-hundred-percent-height-scrolling\" style=\"background-color: rgba(255,255,255,0);background-position: center center;background-repeat: no-repeat;border-width: 0px 0px 0px 0px;border-color:#eae9e9;border-style:solid;\" ><div class=\"fusion-builder-row fusion-row fusion-flex-align-items-flex-start\" style=\"max-width:1144px;margin-left: calc(-4% \/ 2 );margin-right: calc(-4% \/ 2 );\"><div class=\"fusion-layout-column fusion_builder_column fusion-builder-column-0 fusion_builder_column_1_1 1_1 fusion-flex-column\"><div class=\"fusion-column-wrapper fusion-flex-justify-content-flex-start fusion-content-layout-column\" style=\"background-position:left top;background-repeat:no-repeat;-webkit-background-size:cover;-moz-background-size:cover;-o-background-size:cover;background-size:cover;padding: 0px 0px 0px 0px;\"><div class=\"fusion-text fusion-text-1\"><div class=\"vc_custom_heading_wrap \">\n<div class=\"heading-text el-text\">\n<article class=\"text-token-text-primary w-full focus:outline-none &#091;--shadow-height:45px&#093; has-data-writing-block:pointer-events-none has-data-writing-block:-mt-(--shadow-height) has-data-writing-block:pt-(--shadow-height) &#091;&amp;:has(&#091;data-writing-block&#093;)&gt;*&#093;:pointer-events-auto scroll-mt-&#091;calc(var(--header-height)+min(200px,max(70px,20svh)))&#093;\" dir=\"auto\" tabindex=\"-1\" data-turn-id=\"request-691f7eca-f844-8325-acfc-a1001c749f9a-0\" data-testid=\"conversation-turn-364\" data-scroll-anchor=\"true\" data-turn=\"assistant\">\n<div class=\"text-base my-auto mx-auto pb-10 &#091;--thread-content-margin:--spacing(4)&#093; thread-sm:&#091;--thread-content-margin:--spacing(6)&#093; thread-lg:&#091;--thread-content-margin:--spacing(16)&#093; px-(--thread-content-margin)\">\n<div class=\"&#091;--thread-content-max-width:40rem&#093; thread-lg:&#091;--thread-content-max-width:48rem&#093; mx-auto max-w-(--thread-content-max-width) flex-1 group\/turn-messages focus-visible:outline-hidden relative flex w-full min-w-0 flex-col agent-turn\" tabindex=\"-1\">\n<div class=\"flex max-w-full flex-col grow\">\n<div class=\"min-h-8 text-message relative flex w-full flex-col items-end gap-2 text-start break-words whitespace-normal &#091;.text-message+&amp;&#093;:mt-1\" dir=\"auto\" data-message-author-role=\"assistant\" data-message-id=\"963c32b2-ca8b-4788-b11f-40c00abd9812\" data-message-model-slug=\"gpt-5-1\">\n<div class=\"flex w-full flex-col gap-1 empty:hidden first:pt-&#091;1px&#093;\">\n<div class=\"markdown prose dark:prose-invert w-full break-words light markdown-new-styling\">\n<p>El mercado residencial espa\u00f1ol entra en el tercer trimestre de 2025 con un comportamiento que vuelve a encender las alarmas sobre el acceso a la vivienda, el esfuerzo hipotecario y la presi\u00f3n que soportan las \u00e1reas metropolitanas de Madrid y Barcelona. El nuevo informe del <b>Bar\u00f3metro del Mercado Residencial de Gloval Analytics<\/b>, correspondiente a su decimonovena edici\u00f3n, confirma que los valores unitarios siguen una tendencia al alza tanto en las capitales como en sus coronas urbanas. Un escenario que, lejos de estabilizarse, parece apuntar hacia un cierre de a\u00f1o marcado por tensiones estructurales, falta de oferta y una demanda que contin\u00faa empujando los precios al l\u00edmite de lo asumible para una gran parte de los hogares. Seg\u00fan Gloval, los <b>precios de la vivienda mantienen crecimientos anuales positivos<\/b> en Madrid y Barcelona, y aunque se observan ritmos distintos entre ambas \u00e1reas, la din\u00e1mica general sigue siendo inequ\u00edvoca: m\u00e1s presi\u00f3n, m\u00e1s demanda y una accesibilidad cada vez m\u00e1s deteriorada.<\/p>\n<h2><strong>Evoluci\u00f3n de los precios de la vivienda en Madrid y el \u00e1rea metropolitana<\/strong><\/h2>\n<p>La evoluci\u00f3n del mercado madrile\u00f1o contin\u00faa siendo especialmente intensa. Gloval confirma que <b>todos los municipios del \u00e1rea metropolitana de Madrid registran crecimientos anuales<\/b> en el valor unitario de la vivienda, sin ning\u00fan retroceso trimestral en ninguno de ellos, un comportamiento que no se observaba con esta homogeneidad desde antes de la pandemia. El municipio de Madrid lidera el avance con un incremento anual del <b>+19,0%<\/b>, superando con holgura el crecimiento del trimestre anterior y consolidando una tendencia de dos d\u00edgitos que empuja al alza todo su entorno. En el \u00e1rea de influencia, el crecimiento medio anual se sit\u00faa en el <b>+16,3%<\/b>, reflejando la fortaleza de una demanda que, ante la escasez de oferta en la capital, se desplaza hacia los municipios lim\u00edtrofes en busca de precios m\u00e1s asumibles. Entre las localidades con mayor intensidad en el incremento destacan <b>Fuenlabrada, Alcorc\u00f3n, Coslada y Legan\u00e9s<\/b>, todas con subidas notables que evidencian el desplazamiento natural de compradores hacia zonas bien comunicadas y con m\u00e1s disponibilidad de vivienda. Este fen\u00f3meno est\u00e1 profundizando la brecha entre quienes pueden acceder a la compra y quienes se ven relegados al mercado del alquiler, ya tensionado por la fuerte demanda y por un parque inmobiliario que contin\u00faa siendo escaso.<\/p>\n<h2><strong>El \u00e1rea metropolitana de Madrid: municipios en efervescencia de precios y demanda<\/strong><\/h2>\n<p>El comportamiento del cintur\u00f3n madrile\u00f1o refleja un mercado que ha entrado en una fase de clara efervescencia. La combinaci\u00f3n de subida de precios, menor oferta y un movimiento constante de compradores desde Madrid capital est\u00e1 provocando que municipios tradicionalmente m\u00e1s accesibles comiencen a acercarse a cifras que hace apenas dos a\u00f1os parec\u00edan inalcanzables. Esta situaci\u00f3n afecta directamente al esfuerzo hipotecario de las familias y a la presi\u00f3n sobre los servicios urbanos, generando un escenario donde la demanda se mantiene s\u00f3lida, pero la capacidad de compra tiende a deteriorarse trimestre tras trimestre. En un momento en el que la pol\u00edtica de vivienda sigue sin ofrecer soluciones estructurales, la periferia madrile\u00f1a se est\u00e1 convirtiendo en el principal term\u00f3metro de la desigualdad residencial.<\/p>\n<h2>Evoluci\u00f3n de los precios de la vivienda en Barcelona y su \u00e1rea metropolitana<\/h2>\n<p>En Barcelona, el informe de Gloval se\u00f1ala que el municipio registra un <b>crecimiento anual del +15,2%<\/b> en los valores unitarios medios, manteniendo la tendencia positiva del \u00faltimo a\u00f1o y alej\u00e1ndose definitivamente de la fase de contenci\u00f3n observada en ciclos anteriores. Aunque el incremento es menor que en Madrid, sigue siendo especialmente relevante en una ciudad donde la falta de vivienda asequible ha sido un problema estructural durante m\u00e1s de una d\u00e9cada. En el \u00e1rea metropolitana, la variaci\u00f3n media anual se sit\u00faa en el <b>+10,3%<\/b>, un crecimiento m\u00e1s moderado que el de la capital, pero igualmente significativo. Los municipios que m\u00e1s destacan en esta subida son <b>Esplugues de Llobregat, Badalona, Sant Adri\u00e0 de Bes\u00f3s y L\u2019Hospitalet de Llobregat<\/b>, configurando un mapa donde la presi\u00f3n de demanda se distribuye de forma desigual.<\/p>\n<h2><strong>La tradicional \u00e1rea metropolitana de Barcelona se fragmenta en zonas de precios<\/strong><\/h2>\n<p>El informe evidencia un fen\u00f3meno preocupante: la hist\u00f3rica \u00e1rea metropolitana de Barcelona, tradicionalmente compacta en din\u00e1micas residenciales, <b>se est\u00e1 fragmentando en microzonas de precios que avanzan a ritmos distintos<\/b>. Mientras algunos municipios aceleran su revalorizaci\u00f3n, otros mantienen crecimientos m\u00e1s discretos, generando una brecha territorial que complica a\u00fan m\u00e1s el acceso a la vivienda. Esta desigualdad interna no solo afecta al precio, sino tambi\u00e9n a la distribuci\u00f3n de la demanda, a la movilidad cotidiana y a la capacidad de muchas familias para mantenerse en su entorno habitual. La ciudad y su \u00e1rea de influencia siguen atrayendo empleo, actividad econ\u00f3mica y poblaci\u00f3n, pero carecen de un parque de vivienda acorde a su presi\u00f3n demogr\u00e1fica. El resultado es un mercado tenso, caro y que avanza hacia una fragmentaci\u00f3n creciente entre municipios \u201caccesibles\u201d y municipios completamente fuera del alcance de la poblaci\u00f3n media.<\/p>\n<h2><strong>El precio de la vivienda sube mucho m\u00e1s que los salarios<\/strong><\/h2>\n<p data-start=\"5822\" data-end=\"6349\" data-is-last-node=\"\" data-is-only-node=\"\">En conjunto, el avance de los valores unitarios en Madrid y Barcelona confirma lo que desde Aquimicasa venimos alertando durante los \u00faltimos meses: <b>la vivienda en Espa\u00f1a se est\u00e1 encareciendo a un ritmo muy superior al del crecimiento salarial<\/b>, mientras las pol\u00edticas p\u00fablicas siguen sin ofrecer herramientas capaces de frenar la escalada. Este tercer trimestre de 2025 anticipa un cierre de a\u00f1o complejo, en el que el acceso a la vivienda continuar\u00e1 siendo uno de los principales desaf\u00edos sociales y econ\u00f3micos del pa\u00eds.<\/p>\n<\/div>\n<\/div>\n<\/div>\n<\/div>\n<\/div>\n<\/div>\n<\/article>\n<\/div>\n<\/div>\n<\/div><\/div><style type=\"text\/css\">.fusion-body .fusion-builder-column-0{width:100% !important;margin-top : 0px;margin-bottom : 0px;}.fusion-builder-column-0 > .fusion-column-wrapper {padding-top : 0px !important;padding-right : 0px !important;margin-right : 1.92%;padding-bottom : 0px !important;padding-left : 0px !important;margin-left : 1.92%;}@media only screen and (max-width:1024px) {.fusion-body .fusion-builder-column-0{width:100% !important;}.fusion-builder-column-0 > .fusion-column-wrapper {margin-right : 1.92%;margin-left : 1.92%;}}@media only screen and (max-width:640px) {.fusion-body .fusion-builder-column-0{width:100% !important;}.fusion-builder-column-0 > .fusion-column-wrapper {margin-right : 1.92%;margin-left : 1.92%;}}<\/style><\/div><\/div><style type=\"text\/css\">.fusion-body .fusion-flex-container.fusion-builder-row-1{ padding-top : 0px;margin-top : 0px;padding-right : 0px;padding-bottom : 0px;margin-bottom : 0px;padding-left : 0px;}<\/style><\/div>\n","protected":false},"excerpt":{"rendered":"<p>Seg\u00fan Gloval, los precios de la vivienda mantienen crecimientos anuales positivos en Madrid y Barcelona, y aunque se observan ritmos distintos entre ambas \u00e1reas, la din\u00e1mica general sigue siendo inequ\u00edvoca: m\u00e1s presi\u00f3n, m\u00e1s demanda y una accesibilidad cada vez m\u00e1s deteriorada.<\/p>\n","protected":false},"author":3,"featured_media":48623,"comment_status":"closed","ping_status":"closed","sticky":false,"template":"","format":"standard","meta":{"_jetpack_memberships_contains_paid_content":false,"footnotes":"","jetpack_publicize_message":"","jetpack_publicize_feature_enabled":true,"jetpack_social_post_already_shared":true,"jetpack_social_options":{"image_generator_settings":{"template":"highway","default_image_id":0,"font":"","enabled":false},"version":2}},"categories":[100],"tags":[8266],"class_list":["post-54191","post","type-post","status-publish","format-standard","has-post-thumbnail","hentry","category-compraventa-de-viviendas","tag-newsletter-542"],"yoast_head":"<!-- This site is optimized with the Yoast SEO plugin v28.2 - https:\/\/yoast.com\/product\/yoast-seo-wordpress\/ -->\n<title>Gloval nos adelanta el precio de la vivienda en el tercer trimestre<\/title>\n<meta name=\"description\" content=\"Vamos hacia un cierre de a\u00f1o marcado por tensiones estructurales, falta de oferta y demanda que empuja los precios al l\u00edmite de lo asumible\" \/>\n<meta name=\"robots\" content=\"index, follow, max-snippet:-1, max-image-preview:large, max-video-preview:-1\" \/>\n<link rel=\"canonical\" href=\"https:\/\/www.aquimicasa.net\/blog\/vivienda\/compraventa-de-viviendas\/gloval-nos-adelanta-el-precio-de-la-vivienda-en-el-tercer-trimestre\/\" \/>\n<meta property=\"og:locale\" content=\"es_ES\" \/>\n<meta property=\"og:type\" content=\"article\" \/>\n<meta property=\"og:title\" content=\"Gloval nos adelanta el precio de la vivienda en el tercer trimestre\" \/>\n<meta property=\"og:description\" content=\"Vamos hacia un cierre de a\u00f1o marcado por tensiones estructurales, falta de oferta y demanda que empuja los precios al l\u00edmite de lo asumible\" \/>\n<meta property=\"og:url\" content=\"https:\/\/www.aquimicasa.net\/blog\/vivienda\/compraventa-de-viviendas\/gloval-nos-adelanta-el-precio-de-la-vivienda-en-el-tercer-trimestre\/\" \/>\n<meta property=\"og:site_name\" content=\"Blog de aquimicasa.net\" \/>\n<meta property=\"article:publisher\" content=\"https:\/\/www.facebook.com\/aquimicasa.net\" \/>\n<meta property=\"article:published_time\" content=\"2025-12-02T20:32:23+00:00\" \/>\n<meta property=\"og:image\" content=\"https:\/\/www.aquimicasa.net\/blog\/wp-content\/uploads\/Madrid3-4.jpg\" \/>\n\t<meta property=\"og:image:width\" content=\"1260\" \/>\n\t<meta property=\"og:image:height\" content=\"685\" \/>\n\t<meta property=\"og:image:type\" content=\"image\/jpeg\" \/>\n<meta name=\"author\" content=\"Eduardo Lizarraga\" \/>\n<meta name=\"twitter:label1\" content=\"Escrito por\" \/>\n\t<meta name=\"twitter:data1\" content=\"Eduardo Lizarraga\" \/>\n\t<meta name=\"twitter:label2\" content=\"Tiempo de lectura\" \/>\n\t<meta name=\"twitter:data2\" content=\"5 minutos\" \/>\n<script type=\"application\/ld+json\" class=\"yoast-schema-graph\">{\"@context\":\"https:\\\/\\\/schema.org\",\"@graph\":[{\"@type\":\"Article\",\"@id\":\"https:\\\/\\\/www.aquimicasa.net\\\/blog\\\/vivienda\\\/compraventa-de-viviendas\\\/gloval-nos-adelanta-el-precio-de-la-vivienda-en-el-tercer-trimestre\\\/#article\",\"isPartOf\":{\"@id\":\"https:\\\/\\\/www.aquimicasa.net\\\/blog\\\/vivienda\\\/compraventa-de-viviendas\\\/gloval-nos-adelanta-el-precio-de-la-vivienda-en-el-tercer-trimestre\\\/\"},\"author\":{\"name\":\"Eduardo Lizarraga\",\"@id\":\"https:\\\/\\\/www.aquimicasa.net\\\/blog\\\/#\\\/schema\\\/person\\\/2cdfa2605534583395c8d7ce1d6cac14\"},\"headline\":\"Gloval nos adelanta el precio de la vivienda en el tercer trimestre de 2025\",\"datePublished\":\"2025-12-02T20:32:23+00:00\",\"mainEntityOfPage\":{\"@id\":\"https:\\\/\\\/www.aquimicasa.net\\\/blog\\\/vivienda\\\/compraventa-de-viviendas\\\/gloval-nos-adelanta-el-precio-de-la-vivienda-en-el-tercer-trimestre\\\/\"},\"wordCount\":1214,\"publisher\":{\"@id\":\"https:\\\/\\\/www.aquimicasa.net\\\/blog\\\/#organization\"},\"image\":{\"@id\":\"https:\\\/\\\/www.aquimicasa.net\\\/blog\\\/vivienda\\\/compraventa-de-viviendas\\\/gloval-nos-adelanta-el-precio-de-la-vivienda-en-el-tercer-trimestre\\\/#primaryimage\"},\"thumbnailUrl\":\"https:\\\/\\\/www.aquimicasa.net\\\/blog\\\/wp-content\\\/uploads\\\/Madrid3-4.jpg\",\"keywords\":[\"newsletter 542\"],\"articleSection\":[\"Compra Venta\"],\"inLanguage\":\"es\"},{\"@type\":\"WebPage\",\"@id\":\"https:\\\/\\\/www.aquimicasa.net\\\/blog\\\/vivienda\\\/compraventa-de-viviendas\\\/gloval-nos-adelanta-el-precio-de-la-vivienda-en-el-tercer-trimestre\\\/\",\"url\":\"https:\\\/\\\/www.aquimicasa.net\\\/blog\\\/vivienda\\\/compraventa-de-viviendas\\\/gloval-nos-adelanta-el-precio-de-la-vivienda-en-el-tercer-trimestre\\\/\",\"name\":\"Gloval nos adelanta el precio de la vivienda en el tercer trimestre\",\"isPartOf\":{\"@id\":\"https:\\\/\\\/www.aquimicasa.net\\\/blog\\\/#website\"},\"primaryImageOfPage\":{\"@id\":\"https:\\\/\\\/www.aquimicasa.net\\\/blog\\\/vivienda\\\/compraventa-de-viviendas\\\/gloval-nos-adelanta-el-precio-de-la-vivienda-en-el-tercer-trimestre\\\/#primaryimage\"},\"image\":{\"@id\":\"https:\\\/\\\/www.aquimicasa.net\\\/blog\\\/vivienda\\\/compraventa-de-viviendas\\\/gloval-nos-adelanta-el-precio-de-la-vivienda-en-el-tercer-trimestre\\\/#primaryimage\"},\"thumbnailUrl\":\"https:\\\/\\\/www.aquimicasa.net\\\/blog\\\/wp-content\\\/uploads\\\/Madrid3-4.jpg\",\"datePublished\":\"2025-12-02T20:32:23+00:00\",\"description\":\"Vamos hacia un cierre de a\u00f1o marcado por tensiones estructurales, falta de oferta y demanda que empuja los precios al l\u00edmite de lo asumible\",\"breadcrumb\":{\"@id\":\"https:\\\/\\\/www.aquimicasa.net\\\/blog\\\/vivienda\\\/compraventa-de-viviendas\\\/gloval-nos-adelanta-el-precio-de-la-vivienda-en-el-tercer-trimestre\\\/#breadcrumb\"},\"inLanguage\":\"es\",\"potentialAction\":[{\"@type\":\"ReadAction\",\"target\":[\"https:\\\/\\\/www.aquimicasa.net\\\/blog\\\/vivienda\\\/compraventa-de-viviendas\\\/gloval-nos-adelanta-el-precio-de-la-vivienda-en-el-tercer-trimestre\\\/\"]}]},{\"@type\":\"ImageObject\",\"inLanguage\":\"es\",\"@id\":\"https:\\\/\\\/www.aquimicasa.net\\\/blog\\\/vivienda\\\/compraventa-de-viviendas\\\/gloval-nos-adelanta-el-precio-de-la-vivienda-en-el-tercer-trimestre\\\/#primaryimage\",\"url\":\"https:\\\/\\\/www.aquimicasa.net\\\/blog\\\/wp-content\\\/uploads\\\/Madrid3-4.jpg\",\"contentUrl\":\"https:\\\/\\\/www.aquimicasa.net\\\/blog\\\/wp-content\\\/uploads\\\/Madrid3-4.jpg\",\"width\":1260,\"height\":685,\"caption\":\"Las ciudades siguen subiendo sus precios\"},{\"@type\":\"BreadcrumbList\",\"@id\":\"https:\\\/\\\/www.aquimicasa.net\\\/blog\\\/vivienda\\\/compraventa-de-viviendas\\\/gloval-nos-adelanta-el-precio-de-la-vivienda-en-el-tercer-trimestre\\\/#breadcrumb\",\"itemListElement\":[{\"@type\":\"ListItem\",\"position\":1,\"name\":\"Portada\",\"item\":\"https:\\\/\\\/www.aquimicasa.net\\\/blog\\\/\"},{\"@type\":\"ListItem\",\"position\":2,\"name\":\"Gloval nos adelanta el precio de la vivienda en el tercer trimestre de 2025\"}]},{\"@type\":\"WebSite\",\"@id\":\"https:\\\/\\\/www.aquimicasa.net\\\/blog\\\/#website\",\"url\":\"https:\\\/\\\/www.aquimicasa.net\\\/blog\\\/\",\"name\":\"Blog de aquimicasa.net\",\"description\":\"Noticias del Mundo Inmobiliario\",\"publisher\":{\"@id\":\"https:\\\/\\\/www.aquimicasa.net\\\/blog\\\/#organization\"},\"potentialAction\":[{\"@type\":\"SearchAction\",\"target\":{\"@type\":\"EntryPoint\",\"urlTemplate\":\"https:\\\/\\\/www.aquimicasa.net\\\/blog\\\/?s={search_term_string}\"},\"query-input\":{\"@type\":\"PropertyValueSpecification\",\"valueRequired\":true,\"valueName\":\"search_term_string\"}}],\"inLanguage\":\"es\"},{\"@type\":\"Organization\",\"@id\":\"https:\\\/\\\/www.aquimicasa.net\\\/blog\\\/#organization\",\"name\":\"Blog de aquimicasa.net\",\"url\":\"https:\\\/\\\/www.aquimicasa.net\\\/blog\\\/\",\"logo\":{\"@type\":\"ImageObject\",\"inLanguage\":\"es\",\"@id\":\"https:\\\/\\\/www.aquimicasa.net\\\/blog\\\/#\\\/schema\\\/logo\\\/image\\\/\",\"url\":\"https:\\\/\\\/www.aquimicasa.net\\\/blog\\\/wp-content\\\/uploads\\\/Logo-aquimicasa-1-e1528048213782.png\",\"contentUrl\":\"https:\\\/\\\/www.aquimicasa.net\\\/blog\\\/wp-content\\\/uploads\\\/Logo-aquimicasa-1-e1528048213782.png\",\"width\":225,\"height\":225,\"caption\":\"Blog de aquimicasa.net\"},\"image\":{\"@id\":\"https:\\\/\\\/www.aquimicasa.net\\\/blog\\\/#\\\/schema\\\/logo\\\/image\\\/\"},\"sameAs\":[\"https:\\\/\\\/www.facebook.com\\\/aquimicasa.net\",\"https:\\\/\\\/www.instagram.com\\\/\",\"https:\\\/\\\/x.com\\\/EduLizarragaD\",\"https:\\\/\\\/www.linkedin.com\\\/feed\\\/\"]},{\"@type\":\"Person\",\"@id\":\"https:\\\/\\\/www.aquimicasa.net\\\/blog\\\/#\\\/schema\\\/person\\\/2cdfa2605534583395c8d7ce1d6cac14\",\"name\":\"Eduardo Lizarraga\",\"image\":{\"@type\":\"ImageObject\",\"inLanguage\":\"es\",\"@id\":\"https:\\\/\\\/secure.gravatar.com\\\/avatar\\\/bdabe1eeeed97b65a9cb7de2edd624b07995f7e13abc5fead15961f745f908cc?s=96&d=mm&r=g\",\"url\":\"https:\\\/\\\/secure.gravatar.com\\\/avatar\\\/bdabe1eeeed97b65a9cb7de2edd624b07995f7e13abc5fead15961f745f908cc?s=96&d=mm&r=g\",\"contentUrl\":\"https:\\\/\\\/secure.gravatar.com\\\/avatar\\\/bdabe1eeeed97b65a9cb7de2edd624b07995f7e13abc5fead15961f745f908cc?s=96&d=mm&r=g\",\"caption\":\"Eduardo Lizarraga\"},\"description\":\"Periodista Econ\u00f3mico. Ha trabajado en diversos campos de la informaci\u00f3n. Corresponsal en conflictos, analista pol\u00edtico en Congreso y Senado, periodista del medio ambiente, editor, director editorial, director de comunicaci\u00f3n.... En estos momentos se ha especializado en el sector inmobiliario. Pero tambi\u00e9n es navegante y viajero, preocupado por la pobreza, el medio ambiente y por las actuaciones descontroladas del neoliberalismo empresarial y pol\u00edtico en todo el mundo. Los desahucios, la pobreza infantil y la falta de acceso a los suministros b\u00e1sicos son algunos de los grandes dramas de nuestra sociedad y que es preciso solucionar para hacerla m\u00e1s justa. CEO en www.aquimicasa.net\",\"sameAs\":[\"https:\\\/\\\/www.aquimicasa.net\\\/\"],\"url\":\"https:\\\/\\\/www.aquimicasa.net\\\/blog\\\/author\\\/eduardo\\\/\"}]}<\/script>\n<!-- \/ Yoast SEO plugin. -->","yoast_head_json":{"title":"Gloval nos adelanta el precio de la vivienda en el tercer trimestre","description":"Vamos hacia un cierre de a\u00f1o marcado por tensiones estructurales, falta de oferta y demanda que empuja los precios al l\u00edmite de lo asumible","robots":{"index":"index","follow":"follow","max-snippet":"max-snippet:-1","max-image-preview":"max-image-preview:large","max-video-preview":"max-video-preview:-1"},"canonical":"https:\/\/www.aquimicasa.net\/blog\/vivienda\/compraventa-de-viviendas\/gloval-nos-adelanta-el-precio-de-la-vivienda-en-el-tercer-trimestre\/","og_locale":"es_ES","og_type":"article","og_title":"Gloval nos adelanta el precio de la vivienda en el tercer trimestre","og_description":"Vamos hacia un cierre de a\u00f1o marcado por tensiones estructurales, falta de oferta y demanda que empuja los precios al l\u00edmite de lo asumible","og_url":"https:\/\/www.aquimicasa.net\/blog\/vivienda\/compraventa-de-viviendas\/gloval-nos-adelanta-el-precio-de-la-vivienda-en-el-tercer-trimestre\/","og_site_name":"Blog de aquimicasa.net","article_publisher":"https:\/\/www.facebook.com\/aquimicasa.net","article_published_time":"2025-12-02T20:32:23+00:00","og_image":[{"width":1260,"height":685,"url":"https:\/\/www.aquimicasa.net\/blog\/wp-content\/uploads\/Madrid3-4.jpg","type":"image\/jpeg"}],"author":"Eduardo Lizarraga","twitter_misc":{"Escrito por":"Eduardo Lizarraga","Tiempo de lectura":"5 minutos"},"schema":{"@context":"https:\/\/schema.org","@graph":[{"@type":"Article","@id":"https:\/\/www.aquimicasa.net\/blog\/vivienda\/compraventa-de-viviendas\/gloval-nos-adelanta-el-precio-de-la-vivienda-en-el-tercer-trimestre\/#article","isPartOf":{"@id":"https:\/\/www.aquimicasa.net\/blog\/vivienda\/compraventa-de-viviendas\/gloval-nos-adelanta-el-precio-de-la-vivienda-en-el-tercer-trimestre\/"},"author":{"name":"Eduardo Lizarraga","@id":"https:\/\/www.aquimicasa.net\/blog\/#\/schema\/person\/2cdfa2605534583395c8d7ce1d6cac14"},"headline":"Gloval nos adelanta el precio de la vivienda en el tercer trimestre de 2025","datePublished":"2025-12-02T20:32:23+00:00","mainEntityOfPage":{"@id":"https:\/\/www.aquimicasa.net\/blog\/vivienda\/compraventa-de-viviendas\/gloval-nos-adelanta-el-precio-de-la-vivienda-en-el-tercer-trimestre\/"},"wordCount":1214,"publisher":{"@id":"https:\/\/www.aquimicasa.net\/blog\/#organization"},"image":{"@id":"https:\/\/www.aquimicasa.net\/blog\/vivienda\/compraventa-de-viviendas\/gloval-nos-adelanta-el-precio-de-la-vivienda-en-el-tercer-trimestre\/#primaryimage"},"thumbnailUrl":"https:\/\/www.aquimicasa.net\/blog\/wp-content\/uploads\/Madrid3-4.jpg","keywords":["newsletter 542"],"articleSection":["Compra Venta"],"inLanguage":"es"},{"@type":"WebPage","@id":"https:\/\/www.aquimicasa.net\/blog\/vivienda\/compraventa-de-viviendas\/gloval-nos-adelanta-el-precio-de-la-vivienda-en-el-tercer-trimestre\/","url":"https:\/\/www.aquimicasa.net\/blog\/vivienda\/compraventa-de-viviendas\/gloval-nos-adelanta-el-precio-de-la-vivienda-en-el-tercer-trimestre\/","name":"Gloval nos adelanta el precio de la vivienda en el tercer trimestre","isPartOf":{"@id":"https:\/\/www.aquimicasa.net\/blog\/#website"},"primaryImageOfPage":{"@id":"https:\/\/www.aquimicasa.net\/blog\/vivienda\/compraventa-de-viviendas\/gloval-nos-adelanta-el-precio-de-la-vivienda-en-el-tercer-trimestre\/#primaryimage"},"image":{"@id":"https:\/\/www.aquimicasa.net\/blog\/vivienda\/compraventa-de-viviendas\/gloval-nos-adelanta-el-precio-de-la-vivienda-en-el-tercer-trimestre\/#primaryimage"},"thumbnailUrl":"https:\/\/www.aquimicasa.net\/blog\/wp-content\/uploads\/Madrid3-4.jpg","datePublished":"2025-12-02T20:32:23+00:00","description":"Vamos hacia un cierre de a\u00f1o marcado por tensiones estructurales, falta de oferta y demanda que empuja los precios al l\u00edmite de lo asumible","breadcrumb":{"@id":"https:\/\/www.aquimicasa.net\/blog\/vivienda\/compraventa-de-viviendas\/gloval-nos-adelanta-el-precio-de-la-vivienda-en-el-tercer-trimestre\/#breadcrumb"},"inLanguage":"es","potentialAction":[{"@type":"ReadAction","target":["https:\/\/www.aquimicasa.net\/blog\/vivienda\/compraventa-de-viviendas\/gloval-nos-adelanta-el-precio-de-la-vivienda-en-el-tercer-trimestre\/"]}]},{"@type":"ImageObject","inLanguage":"es","@id":"https:\/\/www.aquimicasa.net\/blog\/vivienda\/compraventa-de-viviendas\/gloval-nos-adelanta-el-precio-de-la-vivienda-en-el-tercer-trimestre\/#primaryimage","url":"https:\/\/www.aquimicasa.net\/blog\/wp-content\/uploads\/Madrid3-4.jpg","contentUrl":"https:\/\/www.aquimicasa.net\/blog\/wp-content\/uploads\/Madrid3-4.jpg","width":1260,"height":685,"caption":"Las ciudades siguen subiendo sus precios"},{"@type":"BreadcrumbList","@id":"https:\/\/www.aquimicasa.net\/blog\/vivienda\/compraventa-de-viviendas\/gloval-nos-adelanta-el-precio-de-la-vivienda-en-el-tercer-trimestre\/#breadcrumb","itemListElement":[{"@type":"ListItem","position":1,"name":"Portada","item":"https:\/\/www.aquimicasa.net\/blog\/"},{"@type":"ListItem","position":2,"name":"Gloval nos adelanta el precio de la vivienda en el tercer trimestre de 2025"}]},{"@type":"WebSite","@id":"https:\/\/www.aquimicasa.net\/blog\/#website","url":"https:\/\/www.aquimicasa.net\/blog\/","name":"Blog de aquimicasa.net","description":"Noticias del Mundo Inmobiliario","publisher":{"@id":"https:\/\/www.aquimicasa.net\/blog\/#organization"},"potentialAction":[{"@type":"SearchAction","target":{"@type":"EntryPoint","urlTemplate":"https:\/\/www.aquimicasa.net\/blog\/?s={search_term_string}"},"query-input":{"@type":"PropertyValueSpecification","valueRequired":true,"valueName":"search_term_string"}}],"inLanguage":"es"},{"@type":"Organization","@id":"https:\/\/www.aquimicasa.net\/blog\/#organization","name":"Blog de aquimicasa.net","url":"https:\/\/www.aquimicasa.net\/blog\/","logo":{"@type":"ImageObject","inLanguage":"es","@id":"https:\/\/www.aquimicasa.net\/blog\/#\/schema\/logo\/image\/","url":"https:\/\/www.aquimicasa.net\/blog\/wp-content\/uploads\/Logo-aquimicasa-1-e1528048213782.png","contentUrl":"https:\/\/www.aquimicasa.net\/blog\/wp-content\/uploads\/Logo-aquimicasa-1-e1528048213782.png","width":225,"height":225,"caption":"Blog de aquimicasa.net"},"image":{"@id":"https:\/\/www.aquimicasa.net\/blog\/#\/schema\/logo\/image\/"},"sameAs":["https:\/\/www.facebook.com\/aquimicasa.net","https:\/\/www.instagram.com\/","https:\/\/x.com\/EduLizarragaD","https:\/\/www.linkedin.com\/feed\/"]},{"@type":"Person","@id":"https:\/\/www.aquimicasa.net\/blog\/#\/schema\/person\/2cdfa2605534583395c8d7ce1d6cac14","name":"Eduardo Lizarraga","image":{"@type":"ImageObject","inLanguage":"es","@id":"https:\/\/secure.gravatar.com\/avatar\/bdabe1eeeed97b65a9cb7de2edd624b07995f7e13abc5fead15961f745f908cc?s=96&d=mm&r=g","url":"https:\/\/secure.gravatar.com\/avatar\/bdabe1eeeed97b65a9cb7de2edd624b07995f7e13abc5fead15961f745f908cc?s=96&d=mm&r=g","contentUrl":"https:\/\/secure.gravatar.com\/avatar\/bdabe1eeeed97b65a9cb7de2edd624b07995f7e13abc5fead15961f745f908cc?s=96&d=mm&r=g","caption":"Eduardo Lizarraga"},"description":"Periodista Econ\u00f3mico. Ha trabajado en diversos campos de la informaci\u00f3n. Corresponsal en conflictos, analista pol\u00edtico en Congreso y Senado, periodista del medio ambiente, editor, director editorial, director de comunicaci\u00f3n.... En estos momentos se ha especializado en el sector inmobiliario. Pero tambi\u00e9n es navegante y viajero, preocupado por la pobreza, el medio ambiente y por las actuaciones descontroladas del neoliberalismo empresarial y pol\u00edtico en todo el mundo. Los desahucios, la pobreza infantil y la falta de acceso a los suministros b\u00e1sicos son algunos de los grandes dramas de nuestra sociedad y que es preciso solucionar para hacerla m\u00e1s justa. CEO en www.aquimicasa.net","sameAs":["https:\/\/www.aquimicasa.net\/"],"url":"https:\/\/www.aquimicasa.net\/blog\/author\/eduardo\/"}]}},"jetpack_publicize_connections":[],"jetpack_featured_media_url":"https:\/\/www.aquimicasa.net\/blog\/wp-content\/uploads\/Madrid3-4.jpg","jetpack_sharing_enabled":true,"jetpack_likes_enabled":true,"_links":{"self":[{"href":"https:\/\/www.aquimicasa.net\/blog\/wp-json\/wp\/v2\/posts\/54191","targetHints":{"allow":["GET"]}}],"collection":[{"href":"https:\/\/www.aquimicasa.net\/blog\/wp-json\/wp\/v2\/posts"}],"about":[{"href":"https:\/\/www.aquimicasa.net\/blog\/wp-json\/wp\/v2\/types\/post"}],"author":[{"embeddable":true,"href":"https:\/\/www.aquimicasa.net\/blog\/wp-json\/wp\/v2\/users\/3"}],"replies":[{"embeddable":true,"href":"https:\/\/www.aquimicasa.net\/blog\/wp-json\/wp\/v2\/comments?post=54191"}],"version-history":[{"count":4,"href":"https:\/\/www.aquimicasa.net\/blog\/wp-json\/wp\/v2\/posts\/54191\/revisions"}],"predecessor-version":[{"id":54199,"href":"https:\/\/www.aquimicasa.net\/blog\/wp-json\/wp\/v2\/posts\/54191\/revisions\/54199"}],"wp:featuredmedia":[{"embeddable":true,"href":"https:\/\/www.aquimicasa.net\/blog\/wp-json\/wp\/v2\/media\/48623"}],"wp:attachment":[{"href":"https:\/\/www.aquimicasa.net\/blog\/wp-json\/wp\/v2\/media?parent=54191"}],"wp:term":[{"taxonomy":"category","embeddable":true,"href":"https:\/\/www.aquimicasa.net\/blog\/wp-json\/wp\/v2\/categories?post=54191"},{"taxonomy":"post_tag","embeddable":true,"href":"https:\/\/www.aquimicasa.net\/blog\/wp-json\/wp\/v2\/tags?post=54191"}],"curies":[{"name":"wp","href":"https:\/\/api.w.org\/{rel}","templated":true}]}}