{"id":54291,"date":"2025-12-10T17:57:15","date_gmt":"2025-12-10T16:57:15","guid":{"rendered":"https:\/\/www.aquimicasa.net\/blog\/?p=54291"},"modified":"2025-12-10T17:57:15","modified_gmt":"2025-12-10T16:57:15","slug":"aval-ante-eventuales-impagos-de-rentas-para-contratos-de-alquiler","status":"publish","type":"post","link":"https:\/\/www.aquimicasa.net\/blog\/vivienda\/compraventa-de-viviendas\/aval-ante-eventuales-impagos-de-rentas-para-contratos-de-alquiler\/","title":{"rendered":"Aval ante eventuales impagos de rentas para contratos de alquiler"},"content":{"rendered":"<div class=\"fusion-fullwidth fullwidth-box fusion-builder-row-1 fusion-flex-container nonhundred-percent-fullwidth non-hundred-percent-height-scrolling\" style=\"background-color: rgba(255,255,255,0);background-position: center center;background-repeat: no-repeat;border-width: 0px 0px 0px 0px;border-color:#eae9e9;border-style:solid;\" ><div class=\"fusion-builder-row fusion-row fusion-flex-align-items-flex-start\" style=\"max-width:1144px;margin-left: calc(-4% \/ 2 );margin-right: calc(-4% \/ 2 );\"><div class=\"fusion-layout-column fusion_builder_column fusion-builder-column-0 fusion_builder_column_1_1 1_1 fusion-flex-column\"><div class=\"fusion-column-wrapper fusion-flex-justify-content-flex-start fusion-content-layout-column\" style=\"background-position:left top;background-repeat:no-repeat;-webkit-background-size:cover;-moz-background-size:cover;-o-background-size:cover;background-size:cover;padding: 0px 0px 0px 0px;\"><div class=\"fusion-text fusion-text-1\"><p data-start=\"282\" data-end=\"973\">El Gobierno ha puesto en marcha una nueva herramienta de intervenci\u00f3n en el mercado del alquiler con la aprobaci\u00f3n de un <strong data-start=\"403\" data-end=\"463\">Real Decreto que regula un aval p\u00fablico frente a impagos<\/strong>. Una medida que busca \u2014al menos en teor\u00eda\u2014 ofrecer tranquilidad a los propietarios y <strong data-start=\"549\" data-end=\"583\">aumentar la oferta de alquiler<\/strong> en un mercado tensionado y cr\u00f3nicamente escaso. La gesti\u00f3n recaer\u00e1 en las comunidades aut\u00f3nomas de r\u00e9gimen com\u00fan, adem\u00e1s de Ceuta y Melilla, y se aplicar\u00e1 exclusivamente a contratos vigentes a <strong data-start=\"777\" data-end=\"800\">30 de enero de 2025<\/strong>. El Ejecutivo pretende, con esta f\u00f3rmula, reforzar la seguridad jur\u00eddica de quienes arriendan sus viviendas y facilitar el acceso a los colectivos con mayores dificultades.<\/p>\n<h2 data-start=\"975\" data-end=\"1087\"><strong data-start=\"978\" data-end=\"1087\">Facilitar el acceso a la vivienda de determinados colectivos, como los j\u00f3venes y las personas vulnerables<\/strong><\/h2>\n<p data-start=\"1089\" data-end=\"1872\">El dise\u00f1o de la medida pivota sobre dos grupos prioritarios: <strong data-start=\"1150\" data-end=\"1180\">j\u00f3venes menores de 35 a\u00f1os<\/strong> y <strong data-start=\"1183\" data-end=\"1207\">personas vulnerables<\/strong>, tal y como se definan en cada comunidad aut\u00f3noma. El Gobierno parte de una premisa clara: la imposibilidad de acceder al alquiler ya no es solo econ\u00f3mica, sino tambi\u00e9n estructural. Con este aval, pretende que los propietarios est\u00e9n m\u00e1s dispuestos a firmar contratos con estos colectivos, sabiendo que estar\u00e1n cubiertos ante posibles incidencias.<br data-start=\"1554\" data-end=\"1557\" \/>El Real Decreto subraya que esta cobertura solo ser\u00e1 aplicable si los arrendadores cumplen todas las obligaciones legales: estar al corriente de pagos con Hacienda y Seguridad Social, <strong data-start=\"1741\" data-end=\"1776\">depositar la fianza obligatoria<\/strong>, y firmar contratos que respeten los l\u00edmites del <strong data-start=\"1826\" data-end=\"1871\">\u00edndice estatal de referencia del alquiler<\/strong>.<\/p>\n<h2 data-start=\"1874\" data-end=\"1909\"><strong data-start=\"1877\" data-end=\"1909\">Las condiciones para el aval<\/strong><\/h2>\n<p data-start=\"1911\" data-end=\"2609\">Para acogerse al sistema, los propietarios deber\u00e1n cumplir una serie de requisitos concretos. Entre ellos destacan:<br data-start=\"2026\" data-end=\"2029\" \/>\u2013 <strong data-start=\"2031\" data-end=\"2108\">Firmar un contrato con personas vulnerables o j\u00f3venes menores de 35 a\u00f1os.<\/strong><br data-start=\"2108\" data-end=\"2111\" \/>\u2013 <strong data-start=\"2113\" data-end=\"2180\">Cobrar una renta que no supere el \u00edndice estatal de referencia.<\/strong><br data-start=\"2180\" data-end=\"2183\" \/>\u2013 <strong data-start=\"2185\" data-end=\"2262\">Depositar la fianza legal obligatoria del contrato y sus actualizaciones.<\/strong><br data-start=\"2262\" data-end=\"2265\" \/>\u2013 <strong data-start=\"2267\" data-end=\"2328\">Firmar el compromiso relativo al aval con el arrendatario<\/strong>, un documento normalizado aprobado por la Administraci\u00f3n.<br data-start=\"2386\" data-end=\"2389\" \/>El Gobierno busca as\u00ed garantizar que el aval no se convierta en una herramienta de distorsi\u00f3n del mercado, sino en un mecanismo para moderar precios y dar estabilidad a perfiles que suelen quedar fuera del mercado libre.<\/p>\n<h2 data-start=\"2611\" data-end=\"2700\"><strong data-start=\"2614\" data-end=\"2700\">Las comunidades aut\u00f3nomas gestionar\u00e1n el aval y podr\u00e1n fijar criterios adicionales<\/strong><\/h2>\n<p data-start=\"2702\" data-end=\"3267\">La gesti\u00f3n ser\u00e1 \u00edntegramente auton\u00f3mica, y ah\u00ed reside uno de los desaf\u00edos. Las comunidades podr\u00e1n <strong data-start=\"2800\" data-end=\"2837\">introducir requisitos adicionales<\/strong>, ampliar definiciones de vulnerabilidad o establecer l\u00edmites complementarios. El Real Decreto subraya que esta cobertura solo ser\u00e1 aplicable si los arrendadores cumplen todas las obligaciones legales: estar al corriente de pagos con Hacienda y Seguridad Social, <strong data-start=\"1741\" data-end=\"1776\">depositar la fianza obligatoria<\/strong>, y firmar contratos que respeten los l\u00edmites del <strong data-start=\"1826\" data-end=\"1871\">\u00edndice estatal de referencia del alquiler<\/strong>.. Este margen auton\u00f3mico puede generar diferencias territoriales relevantes, lo que ya anticipa debates sobre la equidad en el acceso al sistema.<br data-start=\"3059\" data-end=\"3062\" \/>Ser\u00e1 tambi\u00e9n responsabilidad de las autonom\u00edas remitir <strong data-start=\"3117\" data-end=\"3184\">informaci\u00f3n semestral al Ministerio de Vivienda y Agenda Urbana<\/strong>, detallando los avales aplicados, los impagos cubiertos y los criterios empleados.<\/p>\n<h2 data-start=\"3269\" data-end=\"3303\"><strong data-start=\"3272\" data-end=\"3303\">Las compensaciones del aval<\/strong><\/h2>\n<p data-start=\"3305\" data-end=\"3843\">El aval cubrir\u00e1 hasta tres tipos de incidencias:<br data-start=\"3353\" data-end=\"3356\" \/>\u2013 <strong data-start=\"3358\" data-end=\"3391\">Impago de rentas de alquiler.<\/strong><br data-start=\"3391\" data-end=\"3394\" \/>\u2013 <strong data-start=\"3396\" data-end=\"3433\">Da\u00f1os ocasionados en la vivienda.<\/strong><br data-start=\"3433\" data-end=\"3436\" \/>\u2013 <strong data-start=\"3438\" data-end=\"3494\">Costes de suministros que queden pendientes de pago.<\/strong><br data-start=\"3494\" data-end=\"3497\" \/>Es decir, se trata de una cobertura amplia, pensada para reducir la incertidumbre del propietario y evitar el recurrido argumento del \u201criesgo\u201d como justificaci\u00f3n para elevar precios o descartar inquilinos vulnerables. La cobertura, no obstante, solo se aplicar\u00e1 para los contratos <strong data-start=\"3778\" data-end=\"3812\">vigentes a 30 de enero de 2025<\/strong>, lo que acota su alcance real.<\/p>\n<h2 data-start=\"3845\" data-end=\"3891\"><strong data-start=\"3848\" data-end=\"3891\">Las personas que podr\u00e1n acceder al aval<\/strong><\/h2>\n<p data-start=\"3893\" data-end=\"4511\">La norma establece dos tipos de beneficiarios:<br data-start=\"3939\" data-end=\"3942\" \/>\u2013 <strong data-start=\"3944\" data-end=\"3981\">Los arrendadores de las viviendas<\/strong>, siempre que cumplan los requisitos.<br data-start=\"4018\" data-end=\"4021\" \/>\u2013 <strong data-start=\"4023\" data-end=\"4060\">Las propias comunidades aut\u00f3nomas<\/strong>, en el caso de que hayan suscrito un seguro con los propietarios.<br data-start=\"4126\" data-end=\"4129\" \/>Ambos deber\u00e1n estar al corriente de sus obligaciones con Hacienda y la Seguridad Social.<br data-start=\"4217\" data-end=\"4220\" \/>El Gobierno ha anunciado que <strong data-start=\"4249\" data-end=\"4299\">habilitar\u00e1 una l\u00ednea presupuestaria espec\u00edfica<\/strong> para financiar esta cobertura, aunque todav\u00eda no ha detallado el importe. Las autonom\u00edas, por su parte, recibir\u00e1n cada a\u00f1o la transferencia presupuestaria correspondiente, previa certificaci\u00f3n del coste asumido.<\/p>\n<h2 data-start=\"4513\" data-end=\"4594\"><strong data-start=\"4516\" data-end=\"4594\">Una herramienta necesaria\u2026 pero insuficiente ante la magnitud del problema<\/strong><\/h2>\n<p data-start=\"4596\" data-end=\"5270\">Con este aval, el Ejecutivo busca reforzar la seguridad jur\u00eddica y estimular la oferta, pero lo cierto es que su impacto depender\u00e1 de tres factores esenciales: el <strong data-start=\"4759\" data-end=\"4780\">presupuesto final<\/strong>, la <strong data-start=\"4785\" data-end=\"4827\">velocidad de implementaci\u00f3n auton\u00f3mica<\/strong> y el <strong data-start=\"4833\" data-end=\"4879\">peso real del \u00edndice estatal de referencia<\/strong> en los contratos.<br data-start=\"4897\" data-end=\"4900\" \/>Mientras tanto, Espa\u00f1a afronta un escenario donde los alquileres llevan a\u00f1os en m\u00e1ximos hist\u00f3ricos, con una <strong data-start=\"5008\" data-end=\"5029\">demanda disparada<\/strong>, una <strong data-start=\"5035\" data-end=\"5056\">oferta en m\u00ednimos<\/strong> y un mercado marcado por la precariedad de miles de hogares. La nueva medida puede aportar algo de ox\u00edgeno, pero dif\u00edcilmente resolver\u00e1 un problema estructural que excede \u2014y mucho\u2014 a un simple mecanismo de avales.<\/p>\n<\/div><\/div><style type=\"text\/css\">.fusion-body .fusion-builder-column-0{width:100% !important;margin-top : 0px;margin-bottom : 0px;}.fusion-builder-column-0 > .fusion-column-wrapper {padding-top : 0px !important;padding-right : 0px !important;margin-right : 1.92%;padding-bottom : 0px !important;padding-left : 0px !important;margin-left : 1.92%;}@media only screen and (max-width:1024px) {.fusion-body .fusion-builder-column-0{width:100% !important;}.fusion-builder-column-0 > .fusion-column-wrapper {margin-right : 1.92%;margin-left : 1.92%;}}@media only screen and (max-width:640px) {.fusion-body .fusion-builder-column-0{width:100% !important;}.fusion-builder-column-0 > .fusion-column-wrapper {margin-right : 1.92%;margin-left : 1.92%;}}<\/style><\/div><\/div><style type=\"text\/css\">.fusion-body .fusion-flex-container.fusion-builder-row-1{ padding-top : 0px;margin-top : 0px;padding-right : 0px;padding-bottom : 0px;margin-bottom : 0px;padding-left : 0px;}<\/style><\/div>\n","protected":false},"excerpt":{"rendered":"<p>El Real Decreto subraya que esta cobertura solo ser\u00e1 aplicable si los arrendadores cumplen todas las obligaciones legales: estar al corriente de pagos con Hacienda y Seguridad Social, depositar la fianza obligatoria, y firmar contratos que respeten los l\u00edmites del \u00edndice estatal de referencia del alquiler.<\/p>\n","protected":false},"author":3,"featured_media":49030,"comment_status":"closed","ping_status":"closed","sticky":false,"template":"","format":"standard","meta":{"_jetpack_memberships_contains_paid_content":false,"footnotes":"","jetpack_publicize_message":"","jetpack_publicize_feature_enabled":true,"jetpack_social_post_already_shared":true,"jetpack_social_options":{"image_generator_settings":{"template":"highway","default_image_id":0,"font":"","enabled":false},"version":2}},"categories":[100],"tags":[8267],"class_list":["post-54291","post","type-post","status-publish","format-standard","has-post-thumbnail","hentry","category-compraventa-de-viviendas","tag-newsletter-543"],"yoast_head":"<!-- This site is optimized with the Yoast SEO plugin v28.2 - https:\/\/yoast.com\/product\/yoast-seo-wordpress\/ -->\n<title>Aval ante eventuales impagos de rentas para contratos de alquiler<\/title>\n<meta name=\"description\" content=\"Las comunidades podr\u00e1n introducir requisitos adicionales, ampliar definiciones de vulnerabilidad o establecer l\u00edmites complementarios.\" \/>\n<meta name=\"robots\" content=\"index, follow, max-snippet:-1, max-image-preview:large, max-video-preview:-1\" \/>\n<link rel=\"canonical\" href=\"https:\/\/www.aquimicasa.net\/blog\/vivienda\/compraventa-de-viviendas\/aval-ante-eventuales-impagos-de-rentas-para-contratos-de-alquiler\/\" \/>\n<meta property=\"og:locale\" content=\"es_ES\" \/>\n<meta property=\"og:type\" content=\"article\" \/>\n<meta property=\"og:title\" content=\"Aval ante eventuales impagos de rentas para contratos de alquiler\" \/>\n<meta property=\"og:description\" content=\"Las comunidades podr\u00e1n introducir requisitos adicionales, ampliar definiciones de vulnerabilidad o establecer l\u00edmites complementarios.\" \/>\n<meta property=\"og:url\" content=\"https:\/\/www.aquimicasa.net\/blog\/vivienda\/compraventa-de-viviendas\/aval-ante-eventuales-impagos-de-rentas-para-contratos-de-alquiler\/\" \/>\n<meta property=\"og:site_name\" content=\"Blog de aquimicasa.net\" \/>\n<meta property=\"article:publisher\" content=\"https:\/\/www.facebook.com\/aquimicasa.net\" \/>\n<meta property=\"article:published_time\" content=\"2025-12-10T16:57:15+00:00\" \/>\n<meta property=\"og:image\" content=\"https:\/\/www.aquimicasa.net\/blog\/wp-content\/uploads\/Banner_Residencial-Jovenes_banner-secundario_Mobile_ES-e1765385824197.jpg\" \/>\n\t<meta property=\"og:image:width\" content=\"500\" \/>\n\t<meta property=\"og:image:height\" content=\"432\" \/>\n\t<meta property=\"og:image:type\" content=\"image\/jpeg\" \/>\n<meta name=\"author\" content=\"Eduardo Lizarraga\" \/>\n<meta name=\"twitter:label1\" content=\"Escrito por\" \/>\n\t<meta name=\"twitter:data1\" content=\"Eduardo Lizarraga\" \/>\n\t<meta name=\"twitter:label2\" content=\"Tiempo de lectura\" \/>\n\t<meta name=\"twitter:data2\" content=\"4 minutos\" \/>\n<script type=\"application\/ld+json\" class=\"yoast-schema-graph\">{\"@context\":\"https:\\\/\\\/schema.org\",\"@graph\":[{\"@type\":\"Article\",\"@id\":\"https:\\\/\\\/www.aquimicasa.net\\\/blog\\\/vivienda\\\/compraventa-de-viviendas\\\/aval-ante-eventuales-impagos-de-rentas-para-contratos-de-alquiler\\\/#article\",\"isPartOf\":{\"@id\":\"https:\\\/\\\/www.aquimicasa.net\\\/blog\\\/vivienda\\\/compraventa-de-viviendas\\\/aval-ante-eventuales-impagos-de-rentas-para-contratos-de-alquiler\\\/\"},\"author\":{\"name\":\"Eduardo Lizarraga\",\"@id\":\"https:\\\/\\\/www.aquimicasa.net\\\/blog\\\/#\\\/schema\\\/person\\\/2cdfa2605534583395c8d7ce1d6cac14\"},\"headline\":\"Aval ante eventuales impagos de rentas para contratos de alquiler\",\"datePublished\":\"2025-12-10T16:57:15+00:00\",\"mainEntityOfPage\":{\"@id\":\"https:\\\/\\\/www.aquimicasa.net\\\/blog\\\/vivienda\\\/compraventa-de-viviendas\\\/aval-ante-eventuales-impagos-de-rentas-para-contratos-de-alquiler\\\/\"},\"wordCount\":1076,\"publisher\":{\"@id\":\"https:\\\/\\\/www.aquimicasa.net\\\/blog\\\/#organization\"},\"image\":{\"@id\":\"https:\\\/\\\/www.aquimicasa.net\\\/blog\\\/vivienda\\\/compraventa-de-viviendas\\\/aval-ante-eventuales-impagos-de-rentas-para-contratos-de-alquiler\\\/#primaryimage\"},\"thumbnailUrl\":\"https:\\\/\\\/www.aquimicasa.net\\\/blog\\\/wp-content\\\/uploads\\\/Banner_Residencial-Jovenes_banner-secundario_Mobile_ES-e1765385824197.jpg\",\"keywords\":[\"newsletter 543\"],\"articleSection\":[\"Compra Venta\"],\"inLanguage\":\"es\"},{\"@type\":\"WebPage\",\"@id\":\"https:\\\/\\\/www.aquimicasa.net\\\/blog\\\/vivienda\\\/compraventa-de-viviendas\\\/aval-ante-eventuales-impagos-de-rentas-para-contratos-de-alquiler\\\/\",\"url\":\"https:\\\/\\\/www.aquimicasa.net\\\/blog\\\/vivienda\\\/compraventa-de-viviendas\\\/aval-ante-eventuales-impagos-de-rentas-para-contratos-de-alquiler\\\/\",\"name\":\"Aval ante eventuales impagos de rentas para contratos de alquiler\",\"isPartOf\":{\"@id\":\"https:\\\/\\\/www.aquimicasa.net\\\/blog\\\/#website\"},\"primaryImageOfPage\":{\"@id\":\"https:\\\/\\\/www.aquimicasa.net\\\/blog\\\/vivienda\\\/compraventa-de-viviendas\\\/aval-ante-eventuales-impagos-de-rentas-para-contratos-de-alquiler\\\/#primaryimage\"},\"image\":{\"@id\":\"https:\\\/\\\/www.aquimicasa.net\\\/blog\\\/vivienda\\\/compraventa-de-viviendas\\\/aval-ante-eventuales-impagos-de-rentas-para-contratos-de-alquiler\\\/#primaryimage\"},\"thumbnailUrl\":\"https:\\\/\\\/www.aquimicasa.net\\\/blog\\\/wp-content\\\/uploads\\\/Banner_Residencial-Jovenes_banner-secundario_Mobile_ES-e1765385824197.jpg\",\"datePublished\":\"2025-12-10T16:57:15+00:00\",\"description\":\"Las comunidades podr\u00e1n introducir requisitos adicionales, ampliar definiciones de vulnerabilidad o establecer l\u00edmites complementarios.\",\"breadcrumb\":{\"@id\":\"https:\\\/\\\/www.aquimicasa.net\\\/blog\\\/vivienda\\\/compraventa-de-viviendas\\\/aval-ante-eventuales-impagos-de-rentas-para-contratos-de-alquiler\\\/#breadcrumb\"},\"inLanguage\":\"es\",\"potentialAction\":[{\"@type\":\"ReadAction\",\"target\":[\"https:\\\/\\\/www.aquimicasa.net\\\/blog\\\/vivienda\\\/compraventa-de-viviendas\\\/aval-ante-eventuales-impagos-de-rentas-para-contratos-de-alquiler\\\/\"]}]},{\"@type\":\"ImageObject\",\"inLanguage\":\"es\",\"@id\":\"https:\\\/\\\/www.aquimicasa.net\\\/blog\\\/vivienda\\\/compraventa-de-viviendas\\\/aval-ante-eventuales-impagos-de-rentas-para-contratos-de-alquiler\\\/#primaryimage\",\"url\":\"https:\\\/\\\/www.aquimicasa.net\\\/blog\\\/wp-content\\\/uploads\\\/Banner_Residencial-Jovenes_banner-secundario_Mobile_ES-e1765385824197.jpg\",\"contentUrl\":\"https:\\\/\\\/www.aquimicasa.net\\\/blog\\\/wp-content\\\/uploads\\\/Banner_Residencial-Jovenes_banner-secundario_Mobile_ES-e1765385824197.jpg\",\"width\":500,\"height\":432,\"caption\":\"Un aval para facilitar el alquiler a los j\u00f3venes\"},{\"@type\":\"BreadcrumbList\",\"@id\":\"https:\\\/\\\/www.aquimicasa.net\\\/blog\\\/vivienda\\\/compraventa-de-viviendas\\\/aval-ante-eventuales-impagos-de-rentas-para-contratos-de-alquiler\\\/#breadcrumb\",\"itemListElement\":[{\"@type\":\"ListItem\",\"position\":1,\"name\":\"Portada\",\"item\":\"https:\\\/\\\/www.aquimicasa.net\\\/blog\\\/\"},{\"@type\":\"ListItem\",\"position\":2,\"name\":\"Aval ante eventuales impagos de rentas para contratos de alquiler\"}]},{\"@type\":\"WebSite\",\"@id\":\"https:\\\/\\\/www.aquimicasa.net\\\/blog\\\/#website\",\"url\":\"https:\\\/\\\/www.aquimicasa.net\\\/blog\\\/\",\"name\":\"Blog de aquimicasa.net\",\"description\":\"Noticias del Mundo Inmobiliario\",\"publisher\":{\"@id\":\"https:\\\/\\\/www.aquimicasa.net\\\/blog\\\/#organization\"},\"potentialAction\":[{\"@type\":\"SearchAction\",\"target\":{\"@type\":\"EntryPoint\",\"urlTemplate\":\"https:\\\/\\\/www.aquimicasa.net\\\/blog\\\/?s={search_term_string}\"},\"query-input\":{\"@type\":\"PropertyValueSpecification\",\"valueRequired\":true,\"valueName\":\"search_term_string\"}}],\"inLanguage\":\"es\"},{\"@type\":\"Organization\",\"@id\":\"https:\\\/\\\/www.aquimicasa.net\\\/blog\\\/#organization\",\"name\":\"Blog de aquimicasa.net\",\"url\":\"https:\\\/\\\/www.aquimicasa.net\\\/blog\\\/\",\"logo\":{\"@type\":\"ImageObject\",\"inLanguage\":\"es\",\"@id\":\"https:\\\/\\\/www.aquimicasa.net\\\/blog\\\/#\\\/schema\\\/logo\\\/image\\\/\",\"url\":\"https:\\\/\\\/www.aquimicasa.net\\\/blog\\\/wp-content\\\/uploads\\\/Logo-aquimicasa-1-e1528048213782.png\",\"contentUrl\":\"https:\\\/\\\/www.aquimicasa.net\\\/blog\\\/wp-content\\\/uploads\\\/Logo-aquimicasa-1-e1528048213782.png\",\"width\":225,\"height\":225,\"caption\":\"Blog de aquimicasa.net\"},\"image\":{\"@id\":\"https:\\\/\\\/www.aquimicasa.net\\\/blog\\\/#\\\/schema\\\/logo\\\/image\\\/\"},\"sameAs\":[\"https:\\\/\\\/www.facebook.com\\\/aquimicasa.net\",\"https:\\\/\\\/www.instagram.com\\\/\",\"https:\\\/\\\/x.com\\\/EduLizarragaD\",\"https:\\\/\\\/www.linkedin.com\\\/feed\\\/\"]},{\"@type\":\"Person\",\"@id\":\"https:\\\/\\\/www.aquimicasa.net\\\/blog\\\/#\\\/schema\\\/person\\\/2cdfa2605534583395c8d7ce1d6cac14\",\"name\":\"Eduardo Lizarraga\",\"image\":{\"@type\":\"ImageObject\",\"inLanguage\":\"es\",\"@id\":\"https:\\\/\\\/secure.gravatar.com\\\/avatar\\\/bdabe1eeeed97b65a9cb7de2edd624b07995f7e13abc5fead15961f745f908cc?s=96&d=mm&r=g\",\"url\":\"https:\\\/\\\/secure.gravatar.com\\\/avatar\\\/bdabe1eeeed97b65a9cb7de2edd624b07995f7e13abc5fead15961f745f908cc?s=96&d=mm&r=g\",\"contentUrl\":\"https:\\\/\\\/secure.gravatar.com\\\/avatar\\\/bdabe1eeeed97b65a9cb7de2edd624b07995f7e13abc5fead15961f745f908cc?s=96&d=mm&r=g\",\"caption\":\"Eduardo Lizarraga\"},\"description\":\"Periodista Econ\u00f3mico. Ha trabajado en diversos campos de la informaci\u00f3n. Corresponsal en conflictos, analista pol\u00edtico en Congreso y Senado, periodista del medio ambiente, editor, director editorial, director de comunicaci\u00f3n.... En estos momentos se ha especializado en el sector inmobiliario. Pero tambi\u00e9n es navegante y viajero, preocupado por la pobreza, el medio ambiente y por las actuaciones descontroladas del neoliberalismo empresarial y pol\u00edtico en todo el mundo. Los desahucios, la pobreza infantil y la falta de acceso a los suministros b\u00e1sicos son algunos de los grandes dramas de nuestra sociedad y que es preciso solucionar para hacerla m\u00e1s justa. CEO en www.aquimicasa.net\",\"sameAs\":[\"https:\\\/\\\/www.aquimicasa.net\\\/\"],\"url\":\"https:\\\/\\\/www.aquimicasa.net\\\/blog\\\/author\\\/eduardo\\\/\"}]}<\/script>\n<!-- \/ Yoast SEO plugin. -->","yoast_head_json":{"title":"Aval ante eventuales impagos de rentas para contratos de alquiler","description":"Las comunidades podr\u00e1n introducir requisitos adicionales, ampliar definiciones de vulnerabilidad o establecer l\u00edmites complementarios.","robots":{"index":"index","follow":"follow","max-snippet":"max-snippet:-1","max-image-preview":"max-image-preview:large","max-video-preview":"max-video-preview:-1"},"canonical":"https:\/\/www.aquimicasa.net\/blog\/vivienda\/compraventa-de-viviendas\/aval-ante-eventuales-impagos-de-rentas-para-contratos-de-alquiler\/","og_locale":"es_ES","og_type":"article","og_title":"Aval ante eventuales impagos de rentas para contratos de alquiler","og_description":"Las comunidades podr\u00e1n introducir requisitos adicionales, ampliar definiciones de vulnerabilidad o establecer l\u00edmites complementarios.","og_url":"https:\/\/www.aquimicasa.net\/blog\/vivienda\/compraventa-de-viviendas\/aval-ante-eventuales-impagos-de-rentas-para-contratos-de-alquiler\/","og_site_name":"Blog de aquimicasa.net","article_publisher":"https:\/\/www.facebook.com\/aquimicasa.net","article_published_time":"2025-12-10T16:57:15+00:00","og_image":[{"width":500,"height":432,"url":"https:\/\/www.aquimicasa.net\/blog\/wp-content\/uploads\/Banner_Residencial-Jovenes_banner-secundario_Mobile_ES-e1765385824197.jpg","type":"image\/jpeg"}],"author":"Eduardo Lizarraga","twitter_misc":{"Escrito por":"Eduardo Lizarraga","Tiempo de lectura":"4 minutos"},"schema":{"@context":"https:\/\/schema.org","@graph":[{"@type":"Article","@id":"https:\/\/www.aquimicasa.net\/blog\/vivienda\/compraventa-de-viviendas\/aval-ante-eventuales-impagos-de-rentas-para-contratos-de-alquiler\/#article","isPartOf":{"@id":"https:\/\/www.aquimicasa.net\/blog\/vivienda\/compraventa-de-viviendas\/aval-ante-eventuales-impagos-de-rentas-para-contratos-de-alquiler\/"},"author":{"name":"Eduardo Lizarraga","@id":"https:\/\/www.aquimicasa.net\/blog\/#\/schema\/person\/2cdfa2605534583395c8d7ce1d6cac14"},"headline":"Aval ante eventuales impagos de rentas para contratos de alquiler","datePublished":"2025-12-10T16:57:15+00:00","mainEntityOfPage":{"@id":"https:\/\/www.aquimicasa.net\/blog\/vivienda\/compraventa-de-viviendas\/aval-ante-eventuales-impagos-de-rentas-para-contratos-de-alquiler\/"},"wordCount":1076,"publisher":{"@id":"https:\/\/www.aquimicasa.net\/blog\/#organization"},"image":{"@id":"https:\/\/www.aquimicasa.net\/blog\/vivienda\/compraventa-de-viviendas\/aval-ante-eventuales-impagos-de-rentas-para-contratos-de-alquiler\/#primaryimage"},"thumbnailUrl":"https:\/\/www.aquimicasa.net\/blog\/wp-content\/uploads\/Banner_Residencial-Jovenes_banner-secundario_Mobile_ES-e1765385824197.jpg","keywords":["newsletter 543"],"articleSection":["Compra Venta"],"inLanguage":"es"},{"@type":"WebPage","@id":"https:\/\/www.aquimicasa.net\/blog\/vivienda\/compraventa-de-viviendas\/aval-ante-eventuales-impagos-de-rentas-para-contratos-de-alquiler\/","url":"https:\/\/www.aquimicasa.net\/blog\/vivienda\/compraventa-de-viviendas\/aval-ante-eventuales-impagos-de-rentas-para-contratos-de-alquiler\/","name":"Aval ante eventuales impagos de rentas para contratos de alquiler","isPartOf":{"@id":"https:\/\/www.aquimicasa.net\/blog\/#website"},"primaryImageOfPage":{"@id":"https:\/\/www.aquimicasa.net\/blog\/vivienda\/compraventa-de-viviendas\/aval-ante-eventuales-impagos-de-rentas-para-contratos-de-alquiler\/#primaryimage"},"image":{"@id":"https:\/\/www.aquimicasa.net\/blog\/vivienda\/compraventa-de-viviendas\/aval-ante-eventuales-impagos-de-rentas-para-contratos-de-alquiler\/#primaryimage"},"thumbnailUrl":"https:\/\/www.aquimicasa.net\/blog\/wp-content\/uploads\/Banner_Residencial-Jovenes_banner-secundario_Mobile_ES-e1765385824197.jpg","datePublished":"2025-12-10T16:57:15+00:00","description":"Las comunidades podr\u00e1n introducir requisitos adicionales, ampliar definiciones de vulnerabilidad o establecer l\u00edmites complementarios.","breadcrumb":{"@id":"https:\/\/www.aquimicasa.net\/blog\/vivienda\/compraventa-de-viviendas\/aval-ante-eventuales-impagos-de-rentas-para-contratos-de-alquiler\/#breadcrumb"},"inLanguage":"es","potentialAction":[{"@type":"ReadAction","target":["https:\/\/www.aquimicasa.net\/blog\/vivienda\/compraventa-de-viviendas\/aval-ante-eventuales-impagos-de-rentas-para-contratos-de-alquiler\/"]}]},{"@type":"ImageObject","inLanguage":"es","@id":"https:\/\/www.aquimicasa.net\/blog\/vivienda\/compraventa-de-viviendas\/aval-ante-eventuales-impagos-de-rentas-para-contratos-de-alquiler\/#primaryimage","url":"https:\/\/www.aquimicasa.net\/blog\/wp-content\/uploads\/Banner_Residencial-Jovenes_banner-secundario_Mobile_ES-e1765385824197.jpg","contentUrl":"https:\/\/www.aquimicasa.net\/blog\/wp-content\/uploads\/Banner_Residencial-Jovenes_banner-secundario_Mobile_ES-e1765385824197.jpg","width":500,"height":432,"caption":"Un aval para facilitar el alquiler a los j\u00f3venes"},{"@type":"BreadcrumbList","@id":"https:\/\/www.aquimicasa.net\/blog\/vivienda\/compraventa-de-viviendas\/aval-ante-eventuales-impagos-de-rentas-para-contratos-de-alquiler\/#breadcrumb","itemListElement":[{"@type":"ListItem","position":1,"name":"Portada","item":"https:\/\/www.aquimicasa.net\/blog\/"},{"@type":"ListItem","position":2,"name":"Aval ante eventuales impagos de rentas para contratos de alquiler"}]},{"@type":"WebSite","@id":"https:\/\/www.aquimicasa.net\/blog\/#website","url":"https:\/\/www.aquimicasa.net\/blog\/","name":"Blog de aquimicasa.net","description":"Noticias del Mundo Inmobiliario","publisher":{"@id":"https:\/\/www.aquimicasa.net\/blog\/#organization"},"potentialAction":[{"@type":"SearchAction","target":{"@type":"EntryPoint","urlTemplate":"https:\/\/www.aquimicasa.net\/blog\/?s={search_term_string}"},"query-input":{"@type":"PropertyValueSpecification","valueRequired":true,"valueName":"search_term_string"}}],"inLanguage":"es"},{"@type":"Organization","@id":"https:\/\/www.aquimicasa.net\/blog\/#organization","name":"Blog de aquimicasa.net","url":"https:\/\/www.aquimicasa.net\/blog\/","logo":{"@type":"ImageObject","inLanguage":"es","@id":"https:\/\/www.aquimicasa.net\/blog\/#\/schema\/logo\/image\/","url":"https:\/\/www.aquimicasa.net\/blog\/wp-content\/uploads\/Logo-aquimicasa-1-e1528048213782.png","contentUrl":"https:\/\/www.aquimicasa.net\/blog\/wp-content\/uploads\/Logo-aquimicasa-1-e1528048213782.png","width":225,"height":225,"caption":"Blog de aquimicasa.net"},"image":{"@id":"https:\/\/www.aquimicasa.net\/blog\/#\/schema\/logo\/image\/"},"sameAs":["https:\/\/www.facebook.com\/aquimicasa.net","https:\/\/www.instagram.com\/","https:\/\/x.com\/EduLizarragaD","https:\/\/www.linkedin.com\/feed\/"]},{"@type":"Person","@id":"https:\/\/www.aquimicasa.net\/blog\/#\/schema\/person\/2cdfa2605534583395c8d7ce1d6cac14","name":"Eduardo Lizarraga","image":{"@type":"ImageObject","inLanguage":"es","@id":"https:\/\/secure.gravatar.com\/avatar\/bdabe1eeeed97b65a9cb7de2edd624b07995f7e13abc5fead15961f745f908cc?s=96&d=mm&r=g","url":"https:\/\/secure.gravatar.com\/avatar\/bdabe1eeeed97b65a9cb7de2edd624b07995f7e13abc5fead15961f745f908cc?s=96&d=mm&r=g","contentUrl":"https:\/\/secure.gravatar.com\/avatar\/bdabe1eeeed97b65a9cb7de2edd624b07995f7e13abc5fead15961f745f908cc?s=96&d=mm&r=g","caption":"Eduardo Lizarraga"},"description":"Periodista Econ\u00f3mico. Ha trabajado en diversos campos de la informaci\u00f3n. Corresponsal en conflictos, analista pol\u00edtico en Congreso y Senado, periodista del medio ambiente, editor, director editorial, director de comunicaci\u00f3n.... En estos momentos se ha especializado en el sector inmobiliario. Pero tambi\u00e9n es navegante y viajero, preocupado por la pobreza, el medio ambiente y por las actuaciones descontroladas del neoliberalismo empresarial y pol\u00edtico en todo el mundo. Los desahucios, la pobreza infantil y la falta de acceso a los suministros b\u00e1sicos son algunos de los grandes dramas de nuestra sociedad y que es preciso solucionar para hacerla m\u00e1s justa. CEO en www.aquimicasa.net","sameAs":["https:\/\/www.aquimicasa.net\/"],"url":"https:\/\/www.aquimicasa.net\/blog\/author\/eduardo\/"}]}},"jetpack_publicize_connections":[],"jetpack_featured_media_url":"https:\/\/www.aquimicasa.net\/blog\/wp-content\/uploads\/Banner_Residencial-Jovenes_banner-secundario_Mobile_ES-e1765385824197.jpg","jetpack_sharing_enabled":true,"jetpack_likes_enabled":true,"_links":{"self":[{"href":"https:\/\/www.aquimicasa.net\/blog\/wp-json\/wp\/v2\/posts\/54291","targetHints":{"allow":["GET"]}}],"collection":[{"href":"https:\/\/www.aquimicasa.net\/blog\/wp-json\/wp\/v2\/posts"}],"about":[{"href":"https:\/\/www.aquimicasa.net\/blog\/wp-json\/wp\/v2\/types\/post"}],"author":[{"embeddable":true,"href":"https:\/\/www.aquimicasa.net\/blog\/wp-json\/wp\/v2\/users\/3"}],"replies":[{"embeddable":true,"href":"https:\/\/www.aquimicasa.net\/blog\/wp-json\/wp\/v2\/comments?post=54291"}],"version-history":[{"count":6,"href":"https:\/\/www.aquimicasa.net\/blog\/wp-json\/wp\/v2\/posts\/54291\/revisions"}],"predecessor-version":[{"id":54301,"href":"https:\/\/www.aquimicasa.net\/blog\/wp-json\/wp\/v2\/posts\/54291\/revisions\/54301"}],"wp:featuredmedia":[{"embeddable":true,"href":"https:\/\/www.aquimicasa.net\/blog\/wp-json\/wp\/v2\/media\/49030"}],"wp:attachment":[{"href":"https:\/\/www.aquimicasa.net\/blog\/wp-json\/wp\/v2\/media?parent=54291"}],"wp:term":[{"taxonomy":"category","embeddable":true,"href":"https:\/\/www.aquimicasa.net\/blog\/wp-json\/wp\/v2\/categories?post=54291"},{"taxonomy":"post_tag","embeddable":true,"href":"https:\/\/www.aquimicasa.net\/blog\/wp-json\/wp\/v2\/tags?post=54291"}],"curies":[{"name":"wp","href":"https:\/\/api.w.org\/{rel}","templated":true}]}}