{"id":54363,"date":"2025-12-16T07:16:39","date_gmt":"2025-12-16T06:16:39","guid":{"rendered":"https:\/\/www.aquimicasa.net\/blog\/?p=54363"},"modified":"2025-12-16T07:17:52","modified_gmt":"2025-12-16T06:17:52","slug":"ata-denuncia-al-gobierno-por-no-trasponer-la-directiva-del-iva","status":"publish","type":"post","link":"https:\/\/www.aquimicasa.net\/blog\/justicia\/leyes\/ata-denuncia-al-gobierno-por-no-trasponer-la-directiva-del-iva\/","title":{"rendered":"ATA denuncia al Gobierno por no trasponer la directiva del IVA"},"content":{"rendered":"<div class=\"fusion-fullwidth fullwidth-box fusion-builder-row-1 fusion-flex-container nonhundred-percent-fullwidth non-hundred-percent-height-scrolling\" style=\"background-color: rgba(255,255,255,0);background-position: center center;background-repeat: no-repeat;border-width: 0px 0px 0px 0px;border-color:#eae9e9;border-style:solid;\" ><div class=\"fusion-builder-row fusion-row fusion-flex-align-items-flex-start\" style=\"max-width:1144px;margin-left: calc(-4% \/ 2 );margin-right: calc(-4% \/ 2 );\"><div class=\"fusion-layout-column fusion_builder_column fusion-builder-column-0 fusion_builder_column_1_1 1_1 fusion-flex-column\"><div class=\"fusion-column-wrapper fusion-flex-justify-content-flex-start fusion-content-layout-column\" style=\"background-position:left top;background-repeat:no-repeat;-webkit-background-size:cover;-moz-background-size:cover;-o-background-size:cover;background-size:cover;padding: 0px 0px 0px 0px;\"><div class=\"fusion-text fusion-text-1\"><div class=\"flex flex-col text-sm pb-25\">\n<article class=\"text-token-text-primary w-full focus:outline-none &#091;--shadow-height:45px&#093; has-data-writing-block:pointer-events-none has-data-writing-block:-mt-(--shadow-height) has-data-writing-block:pt-(--shadow-height) &#091;&amp;:has(&#091;data-writing-block&#093;)&gt;*&#093;:pointer-events-auto scroll-mt-&#091;calc(var(--header-height)+min(200px,max(70px,20svh)))&#093;\" dir=\"auto\" tabindex=\"-1\" data-turn-id=\"359e81fa-4146-40a1-beb8-e8e4203b0555\" data-testid=\"conversation-turn-109\" data-scroll-anchor=\"true\" data-turn=\"assistant\">\n<div class=\"text-base my-auto mx-auto pb-10 &#091;--thread-content-margin:--spacing(4)&#093; @w-sm\/main:&#091;--thread-content-margin:--spacing(6)&#093; @w-lg\/main:&#091;--thread-content-margin:--spacing(16)&#093; px-(--thread-content-margin)\">\n<div class=\"&#091;--thread-content-max-width:40rem&#093; @w-lg\/main:&#091;--thread-content-max-width:48rem&#093; mx-auto max-w-(--thread-content-max-width) flex-1 group\/turn-messages focus-visible:outline-hidden relative flex w-full min-w-0 flex-col agent-turn\" tabindex=\"-1\">\n<div class=\"flex max-w-full flex-col grow\">\n<div class=\"min-h-8 text-message relative flex w-full flex-col items-end gap-2 text-start break-words whitespace-normal &#091;.text-message+&amp;&#093;:mt-1\" dir=\"auto\" data-message-author-role=\"assistant\" data-message-id=\"c30ef524-882a-4ffc-9ab6-16c546ef4dab\" data-message-model-slug=\"gpt-5-2\">\n<div class=\"flex w-full flex-col gap-1 empty:hidden first:pt-&#091;1px&#093;\">\n<div class=\"markdown prose dark:prose-invert w-full break-words light markdown-new-styling\">\n<p data-start=\"75\" data-end=\"682\">La <strong data-start=\"78\" data-end=\"163\">Federaci\u00f3n Nacional de Asociaciones de Empresarios y Trabajadores Aut\u00f3nomos (ATA)<\/strong> ha presentado una <strong data-start=\"182\" data-end=\"255\">denuncia formal ante la Comisi\u00f3n Europea contra el Gobierno de Espa\u00f1a<\/strong> por no haber traspuesto la directiva comunitaria que regula el <strong data-start=\"319\" data-end=\"394\">r\u00e9gimen especial de exenci\u00f3n del IVA para aut\u00f3nomos y peque\u00f1as empresas<\/strong>, conocido como <strong data-start=\"410\" data-end=\"430\">IVA franquiciado<\/strong>. Una omisi\u00f3n que, seg\u00fan la organizaci\u00f3n, <strong data-start=\"472\" data-end=\"539\">perjudica gravemente la competitividad de los peque\u00f1os negocios<\/strong>, incrementa la carga administrativa y sit\u00faa a los aut\u00f3nomos espa\u00f1oles en una posici\u00f3n de clara desventaja frente al resto de la Uni\u00f3n Europea.<\/p>\n<p data-start=\"684\" data-end=\"1147\">Esta denuncia llega en un contexto econ\u00f3mico especialmente delicado, marcado por el <strong data-start=\"768\" data-end=\"801\">encarecimiento de la vivienda<\/strong>, la presi\u00f3n fiscal, el aumento de los costes empresariales y un consumo cada vez m\u00e1s contenido. Para ATA, la falta de aplicaci\u00f3n de esta directiva supone <strong data-start=\"956\" data-end=\"1018\">otra traba m\u00e1s para la supervivencia de miles de aut\u00f3nomos<\/strong>, muchos de ellos vinculados directa o indirectamente al sector inmobiliario, la construcci\u00f3n, la rehabilitaci\u00f3n y los servicios.<\/p>\n<h2 data-start=\"1149\" data-end=\"1305\"><strong>Los aut\u00f3nomos y peque\u00f1as empresas con una facturaci\u00f3n inferior a los 85.000 euros anuales estar\u00edan exentos de repercutir, liquidar y declarar el impuesto<\/strong><\/h2>\n<p data-start=\"1307\" data-end=\"1720\">La directiva europea permite que <strong data-start=\"1340\" data-end=\"1423\">aut\u00f3nomos y peque\u00f1as empresas con una facturaci\u00f3n anual inferior a 85.000 euros<\/strong> puedan <strong data-start=\"1431\" data-end=\"1458\">emitir facturas sin IVA<\/strong>, quedando exentos de repercutirlo, liquidarlo y declararlo trimestralmente. En la pr\u00e1ctica, esto supondr\u00eda <strong data-start=\"1566\" data-end=\"1644\">una reducci\u00f3n significativa de las obligaciones fiscales y administrativas<\/strong>, especialmente relevante para peque\u00f1os negocios con m\u00e1rgenes muy ajustados.<\/p>\n<p data-start=\"1722\" data-end=\"2106\">ATA denuncia que el Ejecutivo espa\u00f1ol <strong data-start=\"1760\" data-end=\"1807\">no ha traspuesto la Directiva (UE) 2020\/285<\/strong>, que modific\u00f3 la Directiva 2006\/112\/CE con el objetivo de <strong data-start=\"1866\" data-end=\"1917\">modernizar y armonizar el sistema com\u00fan del IVA<\/strong> en toda la Uni\u00f3n Europea. Esta normativa buscaba facilitar la actividad de los peque\u00f1os operadores econ\u00f3micos y <strong data-start=\"2030\" data-end=\"2055\">reducir la burocracia<\/strong>, una reclamaci\u00f3n hist\u00f3rica del colectivo aut\u00f3nomo.<\/p>\n<p data-start=\"2108\" data-end=\"2318\">Desde la organizaci\u00f3n recuerdan que <strong data-start=\"2144\" data-end=\"2183\">Espa\u00f1a es actualmente una excepci\u00f3n<\/strong> dentro del marco comunitario, al no permitir este r\u00e9gimen de exenci\u00f3n generalizado pese a estar contemplado en la legislaci\u00f3n europea.<\/p>\n<h2 data-start=\"2320\" data-end=\"2399\"><strong>\u00bfQu\u00e9 plazos ha incumplido el Gobierno con la Directiva del IVA franquiciado?<\/strong><\/h2>\n<p data-start=\"2401\" data-end=\"2834\">Seg\u00fan detalla ATA en su denuncia, el Gobierno espa\u00f1ol ha incumplido <strong data-start=\"2469\" data-end=\"2489\">dos plazos clave<\/strong> fijados por la normativa comunitaria.<br data-start=\"2527\" data-end=\"2530\" \/>Por un lado, el <strong data-start=\"2546\" data-end=\"2572\">plazo de transposici\u00f3n<\/strong>, que obligaba a los Estados miembros a adoptar y publicar las disposiciones necesarias <strong data-start=\"2660\" data-end=\"2697\">antes del 31 de diciembre de 2024<\/strong>.<br data-start=\"2698\" data-end=\"2701\" \/>Por otro, el <strong data-start=\"2714\" data-end=\"2737\">plazo de aplicaci\u00f3n<\/strong>, que establec\u00eda que las nuevas normas deb\u00edan estar en vigor <strong data-start=\"2798\" data-end=\"2833\">a partir del 1 de enero de 2025<\/strong>.<\/p>\n<p data-start=\"2836\" data-end=\"3171\">A d\u00eda de hoy, <strong data-start=\"2850\" data-end=\"2904\">no se ha aprobado ninguna modificaci\u00f3n legislativa<\/strong> que incorpore este r\u00e9gimen a la Ley 37\/1992 del Impuesto sobre el Valor A\u00f1adido. Para ATA, esta inacci\u00f3n genera <strong data-start=\"3017\" data-end=\"3041\">inseguridad jur\u00eddica<\/strong>, vulnera principios b\u00e1sicos del Derecho de la Uni\u00f3n Europea y <strong data-start=\"3104\" data-end=\"3170\">perjudica directamente la actividad econ\u00f3mica de los aut\u00f3nomos<\/strong>.<\/p>\n<p data-start=\"3173\" data-end=\"3414\">El presidente nacional de ATA, <strong data-start=\"3204\" data-end=\"3220\">Lorenzo Amor<\/strong>, ha sido especialmente contundente al se\u00f1alar que esta situaci\u00f3n \u201c<strong data-start=\"3287\" data-end=\"3412\">resta competitividad a nuestros negocios y supone una carga innecesaria que no soportan los aut\u00f3nomos del resto de Europa<\/strong>\u201d.<\/p>\n<h2 data-start=\"3416\" data-end=\"3549\">Los aut\u00f3nomos espa\u00f1oles son los \u00fanicos en la Uni\u00f3n Europea que no se pueden acoger a este modelo si facturan menos de 85.000 euros<\/h2>\n<p data-start=\"3551\" data-end=\"3924\">Uno de los argumentos centrales de la denuncia es que <strong data-start=\"3605\" data-end=\"3656\">los aut\u00f3nomos espa\u00f1oles son los \u00fanicos de la UE<\/strong> que no pueden beneficiarse del IVA franquiciado pese a cumplir el umbral de facturaci\u00f3n. ATA considera que esta diferencia supone una <strong data-start=\"3791\" data-end=\"3815\">discriminaci\u00f3n clara<\/strong> y una vulneraci\u00f3n de los principios de <strong data-start=\"3855\" data-end=\"3923\">competencia leal, proporcionalidad y libertad de establecimiento<\/strong>.<\/p>\n<p data-start=\"3926\" data-end=\"4216\">La organizaci\u00f3n tambi\u00e9n alerta de que la falta de un umbral de exenci\u00f3n claro y de procedimientos adaptados <strong data-start=\"4034\" data-end=\"4131\">obliga a muchos peque\u00f1os negocios a convivir con una presi\u00f3n fiscal y administrativa excesiva<\/strong>, especialmente en sectores de baja rentabilidad o muy expuestos a la estacionalidad.<\/p>\n<p data-start=\"4218\" data-end=\"4463\">En un escenario donde <strong data-start=\"4240\" data-end=\"4321\">el acceso a la vivienda, el alquiler de locales, la financiaci\u00f3n y el consumo<\/strong> ya condicionan la actividad econ\u00f3mica, este sobrecoste fiscal se convierte en <strong data-start=\"4400\" data-end=\"4462\">un obst\u00e1culo a\u00f1adido para emprender o mantenerse en activo<\/strong>.<\/p>\n<h2 data-start=\"4465\" data-end=\"4559\"><strong>El Gobierno asegura que es \u201cuna opci\u00f3n\u201d que el legislador espa\u00f1ol ha decidido no incorporar<\/strong><\/h2>\n<p data-start=\"4561\" data-end=\"4963\">Frente a la denuncia de ATA, el Gobierno ha defendido su postura se\u00f1alando que la aplicaci\u00f3n del IVA franquiciado es <strong data-start=\"4678\" data-end=\"4723\">\u201cuna opci\u00f3n\u201d contemplada por la directiva<\/strong>, pero no una obligaci\u00f3n autom\u00e1tica. As\u00ed lo expres\u00f3 en una enmienda incluida en un proyecto de ley actualmente en tramitaci\u00f3n parlamentaria, donde se justifica la decisi\u00f3n de <strong data-start=\"4898\" data-end=\"4962\">no extender este r\u00e9gimen al conjunto de aut\u00f3nomos nacionales<\/strong>.<\/p>\n<p data-start=\"4965\" data-end=\"5212\">El Ejecutivo plantea limitar esta exenci\u00f3n \u00fanicamente a profesionales que realicen operaciones intracomunitarias por debajo de determinados umbrales, dejando fuera a la mayor\u00eda de peque\u00f1os negocios que operan exclusivamente en el mercado interior.<\/p>\n<p data-start=\"5214\" data-end=\"5712\">Para ATA, esta interpretaci\u00f3n <strong data-start=\"5244\" data-end=\"5294\">vac\u00eda de contenido el esp\u00edritu de la directiva<\/strong> y mantiene a los aut\u00f3nomos espa\u00f1oles en una posici\u00f3n de clara desventaja frente a sus hom\u00f3logos europeos. La asociaci\u00f3n insiste en que <strong data-start=\"5430\" data-end=\"5464\">no se trata solo de fiscalidad<\/strong>, sino de facilitar actividad econ\u00f3mica, reducir trabas y <strong data-start=\"5522\" data-end=\"5567\">favorecer un tejido productivo m\u00e1s s\u00f3lido<\/strong>, algo especialmente necesario en un contexto marcado por la crisis de la vivienda, el encarecimiento de los costes y la incertidumbre econ\u00f3mica.<\/p>\n<p data-start=\"5714\" data-end=\"5822\" data-is-last-node=\"\" data-is-only-node=\"\">#Aut\u00f3nomos #IVA #IVAFRANQUICIADO #ATA #Fiscalidad #Consumo #Peque\u00f1asEmpresas #Econom\u00eda #Vivienda #Aquimicasa<\/p>\n<\/div>\n<\/div>\n<\/div>\n<\/div>\n<\/div>\n<\/div>\n<\/article>\n<\/div>\n<div class=\"pointer-events-none h-px w-px absolute bottom-0\" aria-hidden=\"true\" data-edge=\"true\"><\/div>\n<\/div><\/div><style type=\"text\/css\">.fusion-body .fusion-builder-column-0{width:100% !important;margin-top : 0px;margin-bottom : 0px;}.fusion-builder-column-0 > .fusion-column-wrapper {padding-top : 0px !important;padding-right : 0px !important;margin-right : 1.92%;padding-bottom : 0px !important;padding-left : 0px !important;margin-left : 1.92%;}@media only screen and (max-width:1024px) {.fusion-body .fusion-builder-column-0{width:100% !important;}.fusion-builder-column-0 > .fusion-column-wrapper {margin-right : 1.92%;margin-left : 1.92%;}}@media only screen and (max-width:640px) {.fusion-body .fusion-builder-column-0{width:100% !important;}.fusion-builder-column-0 > .fusion-column-wrapper {margin-right : 1.92%;margin-left : 1.92%;}}<\/style><\/div><\/div><style type=\"text\/css\">.fusion-body .fusion-flex-container.fusion-builder-row-1{ padding-top : 0px;margin-top : 0px;padding-right : 0px;padding-bottom : 0px;margin-bottom : 0px;padding-left : 0px;}<\/style><\/div>\n","protected":false},"excerpt":{"rendered":"<p>Para ATA, la falta de aplicaci\u00f3n de esta directiva supone otra traba m\u00e1s para la supervivencia de miles de aut\u00f3nomos, muchos de ellos vinculados directa o indirectamente al sector inmobiliario, la intermediaci\u00f3n, la construcci\u00f3n, la rehabilitaci\u00f3n y los servicios.<\/p>\n","protected":false},"author":3,"featured_media":54371,"comment_status":"closed","ping_status":"closed","sticky":false,"template":"","format":"standard","meta":{"_jetpack_memberships_contains_paid_content":false,"footnotes":"","jetpack_publicize_message":"","jetpack_publicize_feature_enabled":true,"jetpack_social_post_already_shared":true,"jetpack_social_options":{"image_generator_settings":{"template":"highway","default_image_id":0,"font":"","enabled":false},"version":2}},"categories":[104],"tags":[8269],"class_list":["post-54363","post","type-post","status-publish","format-standard","has-post-thumbnail","hentry","category-leyes","tag-newsletter-544"],"yoast_head":"<!-- This site is optimized with the Yoast SEO plugin v28.2 - https:\/\/yoast.com\/product\/yoast-seo-wordpress\/ -->\n<title>ATA denuncia al Gobierno por no trasponer la directiva del IVA<\/title>\n<meta name=\"description\" content=\"Esta situaci\u00f3n \u201cresta competitividad a nuestros negocios y supone una carga innecesaria que no soportan los aut\u00f3nomos del resto de Europa\u201d.\" \/>\n<meta name=\"robots\" content=\"index, follow, max-snippet:-1, max-image-preview:large, max-video-preview:-1\" \/>\n<link rel=\"canonical\" href=\"https:\/\/www.aquimicasa.net\/blog\/justicia\/leyes\/ata-denuncia-al-gobierno-por-no-trasponer-la-directiva-del-iva\/\" \/>\n<meta property=\"og:locale\" content=\"es_ES\" \/>\n<meta property=\"og:type\" content=\"article\" \/>\n<meta property=\"og:title\" content=\"ATA denuncia al Gobierno por no trasponer la directiva del IVA\" \/>\n<meta property=\"og:description\" content=\"Esta situaci\u00f3n \u201cresta competitividad a nuestros negocios y supone una carga innecesaria que no soportan los aut\u00f3nomos del resto de Europa\u201d.\" \/>\n<meta property=\"og:url\" content=\"https:\/\/www.aquimicasa.net\/blog\/justicia\/leyes\/ata-denuncia-al-gobierno-por-no-trasponer-la-directiva-del-iva\/\" \/>\n<meta property=\"og:site_name\" content=\"Blog de aquimicasa.net\" \/>\n<meta property=\"article:publisher\" content=\"https:\/\/www.facebook.com\/aquimicasa.net\" \/>\n<meta property=\"article:published_time\" content=\"2025-12-16T06:16:39+00:00\" \/>\n<meta property=\"article:modified_time\" content=\"2025-12-16T06:17:52+00:00\" \/>\n<meta property=\"og:image\" content=\"https:\/\/www.aquimicasa.net\/blog\/wp-content\/uploads\/Montero-e1765865765579.jpg\" \/>\n\t<meta property=\"og:image:width\" content=\"600\" \/>\n\t<meta property=\"og:image:height\" content=\"338\" \/>\n\t<meta property=\"og:image:type\" content=\"image\/jpeg\" \/>\n<meta name=\"author\" content=\"Eduardo Lizarraga\" \/>\n<meta name=\"twitter:label1\" content=\"Escrito por\" \/>\n\t<meta name=\"twitter:data1\" content=\"Eduardo Lizarraga\" \/>\n\t<meta name=\"twitter:label2\" content=\"Tiempo de lectura\" \/>\n\t<meta name=\"twitter:data2\" content=\"5 minutos\" \/>\n<script type=\"application\/ld+json\" class=\"yoast-schema-graph\">{\"@context\":\"https:\\\/\\\/schema.org\",\"@graph\":[{\"@type\":\"Article\",\"@id\":\"https:\\\/\\\/www.aquimicasa.net\\\/blog\\\/justicia\\\/leyes\\\/ata-denuncia-al-gobierno-por-no-trasponer-la-directiva-del-iva\\\/#article\",\"isPartOf\":{\"@id\":\"https:\\\/\\\/www.aquimicasa.net\\\/blog\\\/justicia\\\/leyes\\\/ata-denuncia-al-gobierno-por-no-trasponer-la-directiva-del-iva\\\/\"},\"author\":{\"name\":\"Eduardo Lizarraga\",\"@id\":\"https:\\\/\\\/www.aquimicasa.net\\\/blog\\\/#\\\/schema\\\/person\\\/2cdfa2605534583395c8d7ce1d6cac14\"},\"headline\":\"ATA denuncia al Gobierno por no trasponer la directiva del IVA\",\"datePublished\":\"2025-12-16T06:16:39+00:00\",\"dateModified\":\"2025-12-16T06:17:52+00:00\",\"mainEntityOfPage\":{\"@id\":\"https:\\\/\\\/www.aquimicasa.net\\\/blog\\\/justicia\\\/leyes\\\/ata-denuncia-al-gobierno-por-no-trasponer-la-directiva-del-iva\\\/\"},\"wordCount\":1200,\"publisher\":{\"@id\":\"https:\\\/\\\/www.aquimicasa.net\\\/blog\\\/#organization\"},\"image\":{\"@id\":\"https:\\\/\\\/www.aquimicasa.net\\\/blog\\\/justicia\\\/leyes\\\/ata-denuncia-al-gobierno-por-no-trasponer-la-directiva-del-iva\\\/#primaryimage\"},\"thumbnailUrl\":\"https:\\\/\\\/www.aquimicasa.net\\\/blog\\\/wp-content\\\/uploads\\\/Montero-e1765865765579.jpg\",\"keywords\":[\"newsletter 544\"],\"articleSection\":[\"Leyes\"],\"inLanguage\":\"es\"},{\"@type\":\"WebPage\",\"@id\":\"https:\\\/\\\/www.aquimicasa.net\\\/blog\\\/justicia\\\/leyes\\\/ata-denuncia-al-gobierno-por-no-trasponer-la-directiva-del-iva\\\/\",\"url\":\"https:\\\/\\\/www.aquimicasa.net\\\/blog\\\/justicia\\\/leyes\\\/ata-denuncia-al-gobierno-por-no-trasponer-la-directiva-del-iva\\\/\",\"name\":\"ATA denuncia al Gobierno por no trasponer la directiva del IVA\",\"isPartOf\":{\"@id\":\"https:\\\/\\\/www.aquimicasa.net\\\/blog\\\/#website\"},\"primaryImageOfPage\":{\"@id\":\"https:\\\/\\\/www.aquimicasa.net\\\/blog\\\/justicia\\\/leyes\\\/ata-denuncia-al-gobierno-por-no-trasponer-la-directiva-del-iva\\\/#primaryimage\"},\"image\":{\"@id\":\"https:\\\/\\\/www.aquimicasa.net\\\/blog\\\/justicia\\\/leyes\\\/ata-denuncia-al-gobierno-por-no-trasponer-la-directiva-del-iva\\\/#primaryimage\"},\"thumbnailUrl\":\"https:\\\/\\\/www.aquimicasa.net\\\/blog\\\/wp-content\\\/uploads\\\/Montero-e1765865765579.jpg\",\"datePublished\":\"2025-12-16T06:16:39+00:00\",\"dateModified\":\"2025-12-16T06:17:52+00:00\",\"description\":\"Esta situaci\u00f3n \u201cresta competitividad a nuestros negocios y supone una carga innecesaria que no soportan los aut\u00f3nomos del resto de Europa\u201d.\",\"breadcrumb\":{\"@id\":\"https:\\\/\\\/www.aquimicasa.net\\\/blog\\\/justicia\\\/leyes\\\/ata-denuncia-al-gobierno-por-no-trasponer-la-directiva-del-iva\\\/#breadcrumb\"},\"inLanguage\":\"es\",\"potentialAction\":[{\"@type\":\"ReadAction\",\"target\":[\"https:\\\/\\\/www.aquimicasa.net\\\/blog\\\/justicia\\\/leyes\\\/ata-denuncia-al-gobierno-por-no-trasponer-la-directiva-del-iva\\\/\"]}]},{\"@type\":\"ImageObject\",\"inLanguage\":\"es\",\"@id\":\"https:\\\/\\\/www.aquimicasa.net\\\/blog\\\/justicia\\\/leyes\\\/ata-denuncia-al-gobierno-por-no-trasponer-la-directiva-del-iva\\\/#primaryimage\",\"url\":\"https:\\\/\\\/www.aquimicasa.net\\\/blog\\\/wp-content\\\/uploads\\\/Montero-e1765865765579.jpg\",\"contentUrl\":\"https:\\\/\\\/www.aquimicasa.net\\\/blog\\\/wp-content\\\/uploads\\\/Montero-e1765865765579.jpg\",\"width\":600,\"height\":338,\"caption\":\"ATA denuncia al Gobierno por no trasponer la Directiva del IVA franquiciado\"},{\"@type\":\"BreadcrumbList\",\"@id\":\"https:\\\/\\\/www.aquimicasa.net\\\/blog\\\/justicia\\\/leyes\\\/ata-denuncia-al-gobierno-por-no-trasponer-la-directiva-del-iva\\\/#breadcrumb\",\"itemListElement\":[{\"@type\":\"ListItem\",\"position\":1,\"name\":\"Portada\",\"item\":\"https:\\\/\\\/www.aquimicasa.net\\\/blog\\\/\"},{\"@type\":\"ListItem\",\"position\":2,\"name\":\"ATA denuncia al Gobierno por no trasponer la directiva del IVA\"}]},{\"@type\":\"WebSite\",\"@id\":\"https:\\\/\\\/www.aquimicasa.net\\\/blog\\\/#website\",\"url\":\"https:\\\/\\\/www.aquimicasa.net\\\/blog\\\/\",\"name\":\"Blog de aquimicasa.net\",\"description\":\"Noticias del Mundo Inmobiliario\",\"publisher\":{\"@id\":\"https:\\\/\\\/www.aquimicasa.net\\\/blog\\\/#organization\"},\"potentialAction\":[{\"@type\":\"SearchAction\",\"target\":{\"@type\":\"EntryPoint\",\"urlTemplate\":\"https:\\\/\\\/www.aquimicasa.net\\\/blog\\\/?s={search_term_string}\"},\"query-input\":{\"@type\":\"PropertyValueSpecification\",\"valueRequired\":true,\"valueName\":\"search_term_string\"}}],\"inLanguage\":\"es\"},{\"@type\":\"Organization\",\"@id\":\"https:\\\/\\\/www.aquimicasa.net\\\/blog\\\/#organization\",\"name\":\"Blog de aquimicasa.net\",\"url\":\"https:\\\/\\\/www.aquimicasa.net\\\/blog\\\/\",\"logo\":{\"@type\":\"ImageObject\",\"inLanguage\":\"es\",\"@id\":\"https:\\\/\\\/www.aquimicasa.net\\\/blog\\\/#\\\/schema\\\/logo\\\/image\\\/\",\"url\":\"https:\\\/\\\/www.aquimicasa.net\\\/blog\\\/wp-content\\\/uploads\\\/Logo-aquimicasa-1-e1528048213782.png\",\"contentUrl\":\"https:\\\/\\\/www.aquimicasa.net\\\/blog\\\/wp-content\\\/uploads\\\/Logo-aquimicasa-1-e1528048213782.png\",\"width\":225,\"height\":225,\"caption\":\"Blog de aquimicasa.net\"},\"image\":{\"@id\":\"https:\\\/\\\/www.aquimicasa.net\\\/blog\\\/#\\\/schema\\\/logo\\\/image\\\/\"},\"sameAs\":[\"https:\\\/\\\/www.facebook.com\\\/aquimicasa.net\",\"https:\\\/\\\/www.instagram.com\\\/\",\"https:\\\/\\\/x.com\\\/EduLizarragaD\",\"https:\\\/\\\/www.linkedin.com\\\/feed\\\/\"]},{\"@type\":\"Person\",\"@id\":\"https:\\\/\\\/www.aquimicasa.net\\\/blog\\\/#\\\/schema\\\/person\\\/2cdfa2605534583395c8d7ce1d6cac14\",\"name\":\"Eduardo Lizarraga\",\"image\":{\"@type\":\"ImageObject\",\"inLanguage\":\"es\",\"@id\":\"https:\\\/\\\/secure.gravatar.com\\\/avatar\\\/bdabe1eeeed97b65a9cb7de2edd624b07995f7e13abc5fead15961f745f908cc?s=96&d=mm&r=g\",\"url\":\"https:\\\/\\\/secure.gravatar.com\\\/avatar\\\/bdabe1eeeed97b65a9cb7de2edd624b07995f7e13abc5fead15961f745f908cc?s=96&d=mm&r=g\",\"contentUrl\":\"https:\\\/\\\/secure.gravatar.com\\\/avatar\\\/bdabe1eeeed97b65a9cb7de2edd624b07995f7e13abc5fead15961f745f908cc?s=96&d=mm&r=g\",\"caption\":\"Eduardo Lizarraga\"},\"description\":\"Periodista Econ\u00f3mico. Ha trabajado en diversos campos de la informaci\u00f3n. Corresponsal en conflictos, analista pol\u00edtico en Congreso y Senado, periodista del medio ambiente, editor, director editorial, director de comunicaci\u00f3n.... En estos momentos se ha especializado en el sector inmobiliario. Pero tambi\u00e9n es navegante y viajero, preocupado por la pobreza, el medio ambiente y por las actuaciones descontroladas del neoliberalismo empresarial y pol\u00edtico en todo el mundo. Los desahucios, la pobreza infantil y la falta de acceso a los suministros b\u00e1sicos son algunos de los grandes dramas de nuestra sociedad y que es preciso solucionar para hacerla m\u00e1s justa. CEO en www.aquimicasa.net\",\"sameAs\":[\"https:\\\/\\\/www.aquimicasa.net\\\/\"],\"url\":\"https:\\\/\\\/www.aquimicasa.net\\\/blog\\\/author\\\/eduardo\\\/\"}]}<\/script>\n<!-- \/ Yoast SEO plugin. -->","yoast_head_json":{"title":"ATA denuncia al Gobierno por no trasponer la directiva del IVA","description":"Esta situaci\u00f3n \u201cresta competitividad a nuestros negocios y supone una carga innecesaria que no soportan los aut\u00f3nomos del resto de Europa\u201d.","robots":{"index":"index","follow":"follow","max-snippet":"max-snippet:-1","max-image-preview":"max-image-preview:large","max-video-preview":"max-video-preview:-1"},"canonical":"https:\/\/www.aquimicasa.net\/blog\/justicia\/leyes\/ata-denuncia-al-gobierno-por-no-trasponer-la-directiva-del-iva\/","og_locale":"es_ES","og_type":"article","og_title":"ATA denuncia al Gobierno por no trasponer la directiva del IVA","og_description":"Esta situaci\u00f3n \u201cresta competitividad a nuestros negocios y supone una carga innecesaria que no soportan los aut\u00f3nomos del resto de Europa\u201d.","og_url":"https:\/\/www.aquimicasa.net\/blog\/justicia\/leyes\/ata-denuncia-al-gobierno-por-no-trasponer-la-directiva-del-iva\/","og_site_name":"Blog de aquimicasa.net","article_publisher":"https:\/\/www.facebook.com\/aquimicasa.net","article_published_time":"2025-12-16T06:16:39+00:00","article_modified_time":"2025-12-16T06:17:52+00:00","og_image":[{"width":600,"height":338,"url":"https:\/\/www.aquimicasa.net\/blog\/wp-content\/uploads\/Montero-e1765865765579.jpg","type":"image\/jpeg"}],"author":"Eduardo Lizarraga","twitter_misc":{"Escrito por":"Eduardo Lizarraga","Tiempo de lectura":"5 minutos"},"schema":{"@context":"https:\/\/schema.org","@graph":[{"@type":"Article","@id":"https:\/\/www.aquimicasa.net\/blog\/justicia\/leyes\/ata-denuncia-al-gobierno-por-no-trasponer-la-directiva-del-iva\/#article","isPartOf":{"@id":"https:\/\/www.aquimicasa.net\/blog\/justicia\/leyes\/ata-denuncia-al-gobierno-por-no-trasponer-la-directiva-del-iva\/"},"author":{"name":"Eduardo Lizarraga","@id":"https:\/\/www.aquimicasa.net\/blog\/#\/schema\/person\/2cdfa2605534583395c8d7ce1d6cac14"},"headline":"ATA denuncia al Gobierno por no trasponer la directiva del IVA","datePublished":"2025-12-16T06:16:39+00:00","dateModified":"2025-12-16T06:17:52+00:00","mainEntityOfPage":{"@id":"https:\/\/www.aquimicasa.net\/blog\/justicia\/leyes\/ata-denuncia-al-gobierno-por-no-trasponer-la-directiva-del-iva\/"},"wordCount":1200,"publisher":{"@id":"https:\/\/www.aquimicasa.net\/blog\/#organization"},"image":{"@id":"https:\/\/www.aquimicasa.net\/blog\/justicia\/leyes\/ata-denuncia-al-gobierno-por-no-trasponer-la-directiva-del-iva\/#primaryimage"},"thumbnailUrl":"https:\/\/www.aquimicasa.net\/blog\/wp-content\/uploads\/Montero-e1765865765579.jpg","keywords":["newsletter 544"],"articleSection":["Leyes"],"inLanguage":"es"},{"@type":"WebPage","@id":"https:\/\/www.aquimicasa.net\/blog\/justicia\/leyes\/ata-denuncia-al-gobierno-por-no-trasponer-la-directiva-del-iva\/","url":"https:\/\/www.aquimicasa.net\/blog\/justicia\/leyes\/ata-denuncia-al-gobierno-por-no-trasponer-la-directiva-del-iva\/","name":"ATA denuncia al Gobierno por no trasponer la directiva del IVA","isPartOf":{"@id":"https:\/\/www.aquimicasa.net\/blog\/#website"},"primaryImageOfPage":{"@id":"https:\/\/www.aquimicasa.net\/blog\/justicia\/leyes\/ata-denuncia-al-gobierno-por-no-trasponer-la-directiva-del-iva\/#primaryimage"},"image":{"@id":"https:\/\/www.aquimicasa.net\/blog\/justicia\/leyes\/ata-denuncia-al-gobierno-por-no-trasponer-la-directiva-del-iva\/#primaryimage"},"thumbnailUrl":"https:\/\/www.aquimicasa.net\/blog\/wp-content\/uploads\/Montero-e1765865765579.jpg","datePublished":"2025-12-16T06:16:39+00:00","dateModified":"2025-12-16T06:17:52+00:00","description":"Esta situaci\u00f3n \u201cresta competitividad a nuestros negocios y supone una carga innecesaria que no soportan los aut\u00f3nomos del resto de Europa\u201d.","breadcrumb":{"@id":"https:\/\/www.aquimicasa.net\/blog\/justicia\/leyes\/ata-denuncia-al-gobierno-por-no-trasponer-la-directiva-del-iva\/#breadcrumb"},"inLanguage":"es","potentialAction":[{"@type":"ReadAction","target":["https:\/\/www.aquimicasa.net\/blog\/justicia\/leyes\/ata-denuncia-al-gobierno-por-no-trasponer-la-directiva-del-iva\/"]}]},{"@type":"ImageObject","inLanguage":"es","@id":"https:\/\/www.aquimicasa.net\/blog\/justicia\/leyes\/ata-denuncia-al-gobierno-por-no-trasponer-la-directiva-del-iva\/#primaryimage","url":"https:\/\/www.aquimicasa.net\/blog\/wp-content\/uploads\/Montero-e1765865765579.jpg","contentUrl":"https:\/\/www.aquimicasa.net\/blog\/wp-content\/uploads\/Montero-e1765865765579.jpg","width":600,"height":338,"caption":"ATA denuncia al Gobierno por no trasponer la Directiva del IVA franquiciado"},{"@type":"BreadcrumbList","@id":"https:\/\/www.aquimicasa.net\/blog\/justicia\/leyes\/ata-denuncia-al-gobierno-por-no-trasponer-la-directiva-del-iva\/#breadcrumb","itemListElement":[{"@type":"ListItem","position":1,"name":"Portada","item":"https:\/\/www.aquimicasa.net\/blog\/"},{"@type":"ListItem","position":2,"name":"ATA denuncia al Gobierno por no trasponer la directiva del IVA"}]},{"@type":"WebSite","@id":"https:\/\/www.aquimicasa.net\/blog\/#website","url":"https:\/\/www.aquimicasa.net\/blog\/","name":"Blog de aquimicasa.net","description":"Noticias del Mundo Inmobiliario","publisher":{"@id":"https:\/\/www.aquimicasa.net\/blog\/#organization"},"potentialAction":[{"@type":"SearchAction","target":{"@type":"EntryPoint","urlTemplate":"https:\/\/www.aquimicasa.net\/blog\/?s={search_term_string}"},"query-input":{"@type":"PropertyValueSpecification","valueRequired":true,"valueName":"search_term_string"}}],"inLanguage":"es"},{"@type":"Organization","@id":"https:\/\/www.aquimicasa.net\/blog\/#organization","name":"Blog de aquimicasa.net","url":"https:\/\/www.aquimicasa.net\/blog\/","logo":{"@type":"ImageObject","inLanguage":"es","@id":"https:\/\/www.aquimicasa.net\/blog\/#\/schema\/logo\/image\/","url":"https:\/\/www.aquimicasa.net\/blog\/wp-content\/uploads\/Logo-aquimicasa-1-e1528048213782.png","contentUrl":"https:\/\/www.aquimicasa.net\/blog\/wp-content\/uploads\/Logo-aquimicasa-1-e1528048213782.png","width":225,"height":225,"caption":"Blog de aquimicasa.net"},"image":{"@id":"https:\/\/www.aquimicasa.net\/blog\/#\/schema\/logo\/image\/"},"sameAs":["https:\/\/www.facebook.com\/aquimicasa.net","https:\/\/www.instagram.com\/","https:\/\/x.com\/EduLizarragaD","https:\/\/www.linkedin.com\/feed\/"]},{"@type":"Person","@id":"https:\/\/www.aquimicasa.net\/blog\/#\/schema\/person\/2cdfa2605534583395c8d7ce1d6cac14","name":"Eduardo Lizarraga","image":{"@type":"ImageObject","inLanguage":"es","@id":"https:\/\/secure.gravatar.com\/avatar\/bdabe1eeeed97b65a9cb7de2edd624b07995f7e13abc5fead15961f745f908cc?s=96&d=mm&r=g","url":"https:\/\/secure.gravatar.com\/avatar\/bdabe1eeeed97b65a9cb7de2edd624b07995f7e13abc5fead15961f745f908cc?s=96&d=mm&r=g","contentUrl":"https:\/\/secure.gravatar.com\/avatar\/bdabe1eeeed97b65a9cb7de2edd624b07995f7e13abc5fead15961f745f908cc?s=96&d=mm&r=g","caption":"Eduardo Lizarraga"},"description":"Periodista Econ\u00f3mico. Ha trabajado en diversos campos de la informaci\u00f3n. Corresponsal en conflictos, analista pol\u00edtico en Congreso y Senado, periodista del medio ambiente, editor, director editorial, director de comunicaci\u00f3n.... En estos momentos se ha especializado en el sector inmobiliario. Pero tambi\u00e9n es navegante y viajero, preocupado por la pobreza, el medio ambiente y por las actuaciones descontroladas del neoliberalismo empresarial y pol\u00edtico en todo el mundo. Los desahucios, la pobreza infantil y la falta de acceso a los suministros b\u00e1sicos son algunos de los grandes dramas de nuestra sociedad y que es preciso solucionar para hacerla m\u00e1s justa. CEO en www.aquimicasa.net","sameAs":["https:\/\/www.aquimicasa.net\/"],"url":"https:\/\/www.aquimicasa.net\/blog\/author\/eduardo\/"}]}},"jetpack_publicize_connections":[],"jetpack_featured_media_url":"https:\/\/www.aquimicasa.net\/blog\/wp-content\/uploads\/Montero-e1765865765579.jpg","jetpack_sharing_enabled":true,"jetpack_likes_enabled":true,"_links":{"self":[{"href":"https:\/\/www.aquimicasa.net\/blog\/wp-json\/wp\/v2\/posts\/54363","targetHints":{"allow":["GET"]}}],"collection":[{"href":"https:\/\/www.aquimicasa.net\/blog\/wp-json\/wp\/v2\/posts"}],"about":[{"href":"https:\/\/www.aquimicasa.net\/blog\/wp-json\/wp\/v2\/types\/post"}],"author":[{"embeddable":true,"href":"https:\/\/www.aquimicasa.net\/blog\/wp-json\/wp\/v2\/users\/3"}],"replies":[{"embeddable":true,"href":"https:\/\/www.aquimicasa.net\/blog\/wp-json\/wp\/v2\/comments?post=54363"}],"version-history":[{"count":3,"href":"https:\/\/www.aquimicasa.net\/blog\/wp-json\/wp\/v2\/posts\/54363\/revisions"}],"predecessor-version":[{"id":54373,"href":"https:\/\/www.aquimicasa.net\/blog\/wp-json\/wp\/v2\/posts\/54363\/revisions\/54373"}],"wp:featuredmedia":[{"embeddable":true,"href":"https:\/\/www.aquimicasa.net\/blog\/wp-json\/wp\/v2\/media\/54371"}],"wp:attachment":[{"href":"https:\/\/www.aquimicasa.net\/blog\/wp-json\/wp\/v2\/media?parent=54363"}],"wp:term":[{"taxonomy":"category","embeddable":true,"href":"https:\/\/www.aquimicasa.net\/blog\/wp-json\/wp\/v2\/categories?post=54363"},{"taxonomy":"post_tag","embeddable":true,"href":"https:\/\/www.aquimicasa.net\/blog\/wp-json\/wp\/v2\/tags?post=54363"}],"curies":[{"name":"wp","href":"https:\/\/api.w.org\/{rel}","templated":true}]}}