{"id":54421,"date":"2025-12-27T18:48:17","date_gmt":"2025-12-27T17:48:17","guid":{"rendered":"https:\/\/www.aquimicasa.net\/blog\/?p=54421"},"modified":"2025-12-28T11:19:38","modified_gmt":"2025-12-28T10:19:38","slug":"espana-cerrara-2025-creciendo-un-4-en-produccion-constructiva","status":"publish","type":"post","link":"https:\/\/www.aquimicasa.net\/blog\/vivienda\/construccion-de-viviendas\/espana-cerrara-2025-creciendo-un-4-en-produccion-constructiva\/","title":{"rendered":"Espa\u00f1a cerrar\u00e1 2025 creciendo un 4 % en producci\u00f3n constructiva"},"content":{"rendered":"<div class=\"fusion-fullwidth fullwidth-box fusion-builder-row-1 fusion-flex-container nonhundred-percent-fullwidth non-hundred-percent-height-scrolling\" style=\"background-color: rgba(255,255,255,0);background-position: center center;background-repeat: no-repeat;border-width: 0px 0px 0px 0px;border-color:#eae9e9;border-style:solid;\" ><div class=\"fusion-builder-row fusion-row fusion-flex-align-items-flex-start\" style=\"max-width:1144px;margin-left: calc(-4% \/ 2 );margin-right: calc(-4% \/ 2 );\"><div class=\"fusion-layout-column fusion_builder_column fusion-builder-column-0 fusion_builder_column_1_1 1_1 fusion-flex-column\"><div class=\"fusion-column-wrapper fusion-flex-justify-content-flex-start fusion-content-layout-column\" style=\"background-position:left top;background-repeat:no-repeat;-webkit-background-size:cover;-moz-background-size:cover;-o-background-size:cover;background-size:cover;padding: 0px 0px 0px 0px;\"><div class=\"fusion-text fusion-text-1\"><p data-start=\"407\" data-end=\"952\">La actividad de la construcci\u00f3n en Europa comienza a mostrar <strong data-start=\"468\" data-end=\"533\">se\u00f1ales de estabilizaci\u00f3n tras varios ejercicios de debilidad<\/strong>, aunque el panorama sigue siendo desigual seg\u00fan pa\u00edses y segmentos. Las \u00faltimas cifras correspondientes al mes de octubre, junto con las previsiones anuales recogidas en el informe <strong data-start=\"715\" data-end=\"746\">Euroconstruct Invierno 2025<\/strong>, permiten dibujar una radiograf\u00eda clara del sector: <strong data-start=\"799\" data-end=\"868\">crecimiento moderado en Europa y mejores perspectivas para Espa\u00f1a<\/strong>, pese a las tensiones estructurales que siguen afectando al mercado de la vivienda.<\/p>\n<p data-start=\"954\" data-end=\"1353\">Seg\u00fan el informe presentado en el <strong data-start=\"988\" data-end=\"1054\">Centro de Estudios y Experimentaci\u00f3n de Obras P\u00fablicas (CEDEX)<\/strong> por el <strong data-start=\"1062\" data-end=\"1127\">Instituto de Tecnolog\u00eda de la Construcci\u00f3n de Catalu\u00f1a (ITeC)<\/strong> y la <strong data-start=\"1133\" data-end=\"1177\">Federaci\u00f3n de Gremios de la Construcci\u00f3n<\/strong>, <strong data-start=\"1179\" data-end=\"1256\">Espa\u00f1a cerrar\u00e1 2025 con un crecimiento del 4 % en producci\u00f3n constructiva<\/strong>, muy por encima de la media europea, que se mover\u00e1 en torno al <strong data-start=\"1320\" data-end=\"1352\">2,2 % anual a partir de 2026<\/strong>.<\/p>\n<p data-start=\"1355\" data-end=\"1620\">Este avance se produce en un contexto marcado por la <strong data-start=\"1408\" data-end=\"1429\">falta de vivienda<\/strong>, el encarecimiento del acceso a la compra y al alquiler, el impacto de los costes financieros y la necesidad de aumentar la oferta para responder a una demanda estructuralmente insatisfecha.<\/p>\n<h2 data-start=\"1622\" data-end=\"1662\"><strong>La situaci\u00f3n en los diferentes pa\u00edses<\/strong><\/h2>\n<p data-start=\"1664\" data-end=\"1962\">El informe Euroconstruct describe un <strong data-start=\"1701\" data-end=\"1745\">escenario europeo claramente heterog\u00e9neo<\/strong>. El periodo comprendido entre 2023 y 2025 ha sido calificado como \u201cpoco memorable\u201d para la construcci\u00f3n: <strong data-start=\"1851\" data-end=\"1916\">sin grandes desplomes, pero tambi\u00e9n sin un crecimiento s\u00f3lido<\/strong> que permita hablar de una recuperaci\u00f3n plena.<\/p>\n<p data-start=\"1964\" data-end=\"2314\">Entre los pa\u00edses con mejor comportamiento destacan <strong data-start=\"2015\" data-end=\"2046\">Portugal, Polonia e Irlanda<\/strong>, que han logrado incrementos acumulados superiores al <strong data-start=\"2101\" data-end=\"2119\">5 % desde 2022<\/strong>, situ\u00e1ndose como los mercados m\u00e1s din\u00e1micos del continente. Tambi\u00e9n <strong data-start=\"2188\" data-end=\"2206\">Estados Unidos<\/strong>, utilizado como referencia externa, mantiene un crecimiento robusto que contrasta con la evoluci\u00f3n europea.<\/p>\n<p data-start=\"2316\" data-end=\"2667\">En una posici\u00f3n intermedia se sit\u00faan <strong data-start=\"2353\" data-end=\"2373\">Italia y Francia<\/strong>, que han conseguido recuperar niveles de producci\u00f3n similares a los anteriores a la crisis, aunque sin mostrar una aceleraci\u00f3n clara. En el extremo opuesto aparecen <strong data-start=\"2539\" data-end=\"2573\">los pa\u00edses n\u00f3rdicos y Alemania<\/strong>, que contin\u00faan sin alcanzar los registros previos y seguir\u00e1n rezagados, al menos, hasta 2026.<\/p>\n<p data-start=\"2669\" data-end=\"2883\">Este comportamiento desigual refleja <strong data-start=\"2706\" data-end=\"2882\">la diferente capacidad de respuesta de cada mercado a factores como los tipos de inter\u00e9s, el coste de los materiales, la disponibilidad de suelo y la regulaci\u00f3n urban\u00edstica<\/strong>.<\/p>\n<h2 data-start=\"2885\" data-end=\"2922\"><strong>La comparaci\u00f3n con el a\u00f1o anterior<\/strong><\/h2>\n<p data-start=\"2924\" data-end=\"3308\">Los datos de <strong data-start=\"2937\" data-end=\"2976\">Eurostat correspondientes a octubre<\/strong> confirman un <strong data-start=\"2990\" data-end=\"3021\">cambio gradual de tendencia<\/strong> en la actividad constructiva europea. En la <strong data-start=\"3066\" data-end=\"3079\">zona euro<\/strong>, la producci\u00f3n del sector avanz\u00f3 un <strong data-start=\"3116\" data-end=\"3133\">0,9 % mensual<\/strong>, tras la ca\u00edda del <strong data-start=\"3153\" data-end=\"3187\">0,6 % registrada en septiembre<\/strong>. En el conjunto de la <strong data-start=\"3210\" data-end=\"3227\">Uni\u00f3n Europea<\/strong>, el incremento fue del <strong data-start=\"3251\" data-end=\"3260\">0,8 %<\/strong>, frente al descenso del 0,1 % del mes anterior.<\/p>\n<p data-start=\"3310\" data-end=\"3582\">En t\u00e9rminos interanuales, la construcci\u00f3n en la eurozona se situ\u00f3 <strong data-start=\"3376\" data-end=\"3432\">cinco d\u00e9cimas por encima de octubre del a\u00f1o anterior<\/strong>, mientras que en el conjunto de los Veintisiete el aumento fue del <strong data-start=\"3500\" data-end=\"3509\">1,3 %<\/strong>, lo que confirma que el sector comienza a dejar atr\u00e1s los n\u00fameros rojos.<\/p>\n<p data-start=\"3584\" data-end=\"3847\">Por pa\u00edses, <strong data-start=\"3596\" data-end=\"3639\">Eslovenia lider\u00f3 los repuntes mensuales<\/strong>, con un aumento del <strong data-start=\"3660\" data-end=\"3667\">6 %<\/strong>, seguida de <strong data-start=\"3680\" data-end=\"3719\">Alemania (3,3 %) y Portugal (3,1 %)<\/strong>. En el lado contrario, los descensos m\u00e1s acusados se registraron en <strong data-start=\"3788\" data-end=\"3846\">Eslovaquia (-3,7 %), Hungr\u00eda (-2 %) y Ruman\u00eda (-1,9 %)<\/strong>.<\/p>\n<p data-start=\"3849\" data-end=\"4091\">En la comparaci\u00f3n interanual, Eslovenia volvi\u00f3 a destacar con un <strong data-start=\"3914\" data-end=\"3937\">incremento del 36 %<\/strong>, seguida de Ruman\u00eda (13,9 %) y Hungr\u00eda (9,7 %). En cambio, <strong data-start=\"3997\" data-end=\"4047\">Espa\u00f1a registr\u00f3 una ca\u00edda interanual del 3,6 %<\/strong>, junto a Austria (-2 %) y Francia (-1,3 %).<\/p>\n<h2 data-start=\"4093\" data-end=\"4143\"><strong>El problema de la mano de obra y sus soluciones<\/strong><\/h2>\n<p data-start=\"4145\" data-end=\"4412\">Uno de los <strong data-start=\"4156\" data-end=\"4226\">grandes cuellos de botella del sector de la construcci\u00f3n en Europa<\/strong> sigue siendo la <strong data-start=\"4243\" data-end=\"4282\">escasez de mano de obra cualificada<\/strong>, una problem\u00e1tica especialmente relevante en un contexto de envejecimiento de la poblaci\u00f3n activa y falta de relevo generacional.<\/p>\n<p data-start=\"4414\" data-end=\"4732\">En el caso de Espa\u00f1a, esta carencia est\u00e1 impulsando cambios estructurales en el modelo productivo. La <strong data-start=\"4516\" data-end=\"4548\">construcci\u00f3n industrializada<\/strong>, la <strong data-start=\"4553\" data-end=\"4581\">robotizaci\u00f3n de procesos<\/strong> y la <strong data-start=\"4587\" data-end=\"4632\">mayor eficiencia en la ejecuci\u00f3n de obras<\/strong> comienzan a ganar peso como respuesta a la dificultad para cubrir puestos de trabajo tradicionales.<\/p>\n<p data-start=\"4734\" data-end=\"4988\">Los expertos coinciden en que ser\u00e1 imprescindible <strong data-start=\"4784\" data-end=\"4823\">reforzar las pol\u00edticas de formaci\u00f3n<\/strong>, atraer trabajadores al sector y mejorar las condiciones laborales si se quiere sostener el crecimiento previsto y dar respuesta a la creciente demanda de vivienda.<\/p>\n<h2 data-start=\"4990\" data-end=\"5015\"><strong>La situaci\u00f3n de Espa\u00f1a<\/strong><\/h2>\n<p data-start=\"5017\" data-end=\"5403\">Pese a la ca\u00edda interanual registrada en octubre, <strong data-start=\"5067\" data-end=\"5169\">Espa\u00f1a se consolida como uno de los mercados con mejores perspectivas de crecimiento a medio plazo<\/strong>, junto con <strong data-start=\"5181\" data-end=\"5206\">Reino Unido y Polonia<\/strong>. En t\u00e9rminos mensuales, la actividad constructora espa\u00f1ola <strong data-start=\"5266\" data-end=\"5296\">creci\u00f3 un 0,5 % en octubre<\/strong>, tras la fuerte ca\u00edda del 1,5 % registrada en septiembre, lo que apunta a una <strong data-start=\"5375\" data-end=\"5402\">recuperaci\u00f3n progresiva<\/strong>.<\/p>\n<p data-start=\"5405\" data-end=\"5696\">El mercado espa\u00f1ol parte de una base s\u00f3lida: <strong data-start=\"5450\" data-end=\"5495\">un pa\u00eds de casi 50 millones de habitantes<\/strong>, con una demanda estructural de vivienda muy elevada, especialmente en las grandes \u00e1reas urbanas y zonas tur\u00edsticas, y con un d\u00e9ficit acumulado de oferta que presiona los precios de compra y alquiler.<\/p>\n<p data-start=\"5698\" data-end=\"5878\">Este desequilibrio entre oferta y demanda explica buena parte de la <strong data-start=\"5766\" data-end=\"5811\">tensi\u00f3n social en el acceso a la vivienda<\/strong>, uno de los ejes centrales del debate econ\u00f3mico y pol\u00edtico actual.<\/p>\n<h2 data-start=\"5880\" data-end=\"5918\"><strong>Las oportunidades en rehabilitaci\u00f3n<\/strong><\/h2>\n<p data-start=\"5920\" data-end=\"6248\">Uno de los grandes vectores de crecimiento para los pr\u00f3ximos a\u00f1os ser\u00e1 la <strong data-start=\"5994\" data-end=\"6012\">rehabilitaci\u00f3n<\/strong>, tanto residencial como urbana. Espa\u00f1a ha absorbido gran parte del stock acumulado en ejercicios anteriores, lo que abre una nueva etapa en la que <strong data-start=\"6160\" data-end=\"6194\">la mejora del parque existente<\/strong> gana protagonismo frente a la obra nueva tradicional.<\/p>\n<p data-start=\"6250\" data-end=\"6632\">Los <strong data-start=\"6254\" data-end=\"6289\">fondos europeos Next Generation<\/strong> refuerzan esta tendencia, especialmente en actuaciones vinculadas a la <strong data-start=\"6361\" data-end=\"6390\">rehabilitaci\u00f3n energ\u00e9tica<\/strong>, la eficiencia y la regeneraci\u00f3n urbana. El informe Euroconstruct destaca un <strong data-start=\"6468\" data-end=\"6517\">aumento significativo del n\u00famero de proyectos<\/strong> y de la <strong data-start=\"6526\" data-end=\"6559\">inversi\u00f3n media por actuaci\u00f3n<\/strong>, lo que convierte este segmento en uno de los grandes nichos del sector.<\/p>\n<p data-start=\"6634\" data-end=\"6855\">Si la ejecuci\u00f3n de estos fondos resulta eficaz, la rehabilitaci\u00f3n puede convertirse en una <strong data-start=\"6725\" data-end=\"6776\">palanca clave para aumentar la oferta habitable<\/strong>, reducir el consumo energ\u00e9tico y aliviar parte de la presi\u00f3n sobre el mercado.<\/p>\n<h2 data-start=\"6857\" data-end=\"6916\"><strong>Perspectivas para el 2026 en Espa\u00f1a y el resto de Europa<\/strong><\/h2>\n<p data-start=\"6918\" data-end=\"7176\">Las previsiones apuntan a que, tras el ajuste posterior a los m\u00e1ximos de 2022 y el estancamiento vivido entre 2023 y 2025, <strong data-start=\"7041\" data-end=\"7132\">la construcci\u00f3n europea entrar\u00e1 a partir de 2026 en una fase de crecimiento normalizado<\/strong>, con una media anual en torno al <strong data-start=\"7166\" data-end=\"7175\">2,2 %<\/strong>.<\/p>\n<p data-start=\"7178\" data-end=\"7569\">En este nuevo ciclo, <strong data-start=\"7199\" data-end=\"7232\">Espa\u00f1a, Reino Unido y Polonia<\/strong> aparecen como los pa\u00edses con mejores perspectivas, mientras que <strong data-start=\"7297\" data-end=\"7349\">Alemania seguir\u00e1 siendo el gran mercado rezagado<\/strong>. Para el sector inmobiliario y de la vivienda, este escenario plantea tanto oportunidades como desaf\u00edos: <strong data-start=\"7455\" data-end=\"7568\">m\u00e1s actividad constructiva, pero tambi\u00e9n la necesidad de acompasar crecimiento, regulaci\u00f3n y acceso asequible<\/strong>.<\/p>\n<p data-start=\"7571\" data-end=\"7868\">El reto ser\u00e1 que este crecimiento se traduzca en <strong data-start=\"7620\" data-end=\"7647\">m\u00e1s vivienda disponible<\/strong>, precios m\u00e1s contenidos y un mercado menos dependiente de la especulaci\u00f3n, en un contexto donde la vivienda se ha convertido en uno de los principales problemas econ\u00f3micos y sociales de Espa\u00f1a y de buena parte de Europa.<\/p>\n<p data-start=\"7870\" data-end=\"7998\">#construcci\u00f3n #vivienda #mercadoinmobiliario #obra #rehabilitaci\u00f3n #viviendaasequible #Euroconstruct #Espa\u00f1a #Europa #Aquimicasa<\/p>\n<\/div><\/div><style type=\"text\/css\">.fusion-body .fusion-builder-column-0{width:100% !important;margin-top : 0px;margin-bottom : 0px;}.fusion-builder-column-0 > .fusion-column-wrapper {padding-top : 0px !important;padding-right : 0px !important;margin-right : 1.92%;padding-bottom : 0px !important;padding-left : 0px !important;margin-left : 1.92%;}@media only screen and (max-width:1024px) {.fusion-body .fusion-builder-column-0{width:100% !important;}.fusion-builder-column-0 > .fusion-column-wrapper {margin-right : 1.92%;margin-left : 1.92%;}}@media only screen and (max-width:640px) {.fusion-body .fusion-builder-column-0{width:100% !important;}.fusion-builder-column-0 > .fusion-column-wrapper {margin-right : 1.92%;margin-left : 1.92%;}}<\/style><\/div><\/div><style type=\"text\/css\">.fusion-body .fusion-flex-container.fusion-builder-row-1{ padding-top : 0px;margin-top : 0px;padding-right : 0px;padding-bottom : 0px;margin-bottom : 0px;padding-left : 0px;}<\/style><\/div>\n","protected":false},"excerpt":{"rendered":"<p>La construcci\u00f3n industrializada, la robotizaci\u00f3n de procesos y la mayor eficiencia en la ejecuci\u00f3n de obras comienzan a ganar peso como respuesta a la dificultad para cubrir puestos de trabajo tradicionales.<\/p>\n","protected":false},"author":3,"featured_media":53834,"comment_status":"closed","ping_status":"closed","sticky":false,"template":"","format":"standard","meta":{"_jetpack_memberships_contains_paid_content":false,"footnotes":"","jetpack_publicize_message":"","jetpack_publicize_feature_enabled":true,"jetpack_social_post_already_shared":true,"jetpack_social_options":{"image_generator_settings":{"template":"highway","default_image_id":0,"font":"","enabled":false},"version":2}},"categories":[96],"tags":[8271],"class_list":["post-54421","post","type-post","status-publish","format-standard","has-post-thumbnail","hentry","category-construccion-de-viviendas","tag-newsletter-546"],"yoast_head":"<!-- This site is optimized with the Yoast SEO plugin v27.5 - https:\/\/yoast.com\/product\/yoast-seo-wordpress\/ -->\n<title>Espa\u00f1a cerrar\u00e1 2025 creciendo un 4 % en producci\u00f3n constructiva<\/title>\n<meta name=\"description\" content=\"la construcci\u00f3n europea entrar\u00e1 a partir de 2026 en una fase de crecimiento normalizado, con una media anual en torno al 2,2 %.\" \/>\n<meta name=\"robots\" content=\"index, follow, max-snippet:-1, max-image-preview:large, max-video-preview:-1\" \/>\n<link rel=\"canonical\" href=\"https:\/\/www.aquimicasa.net\/blog\/vivienda\/construccion-de-viviendas\/espana-cerrara-2025-creciendo-un-4-en-produccion-constructiva\/\" \/>\n<meta property=\"og:locale\" content=\"es_ES\" \/>\n<meta property=\"og:type\" content=\"article\" \/>\n<meta property=\"og:title\" content=\"Espa\u00f1a cerrar\u00e1 2025 creciendo un 4 % en producci\u00f3n constructiva\" \/>\n<meta property=\"og:description\" content=\"la construcci\u00f3n europea entrar\u00e1 a partir de 2026 en una fase de crecimiento normalizado, con una media anual en torno al 2,2 %.\" \/>\n<meta property=\"og:url\" content=\"https:\/\/www.aquimicasa.net\/blog\/vivienda\/construccion-de-viviendas\/espana-cerrara-2025-creciendo-un-4-en-produccion-constructiva\/\" \/>\n<meta property=\"og:site_name\" content=\"Blog de aquimicasa.net\" \/>\n<meta property=\"article:publisher\" content=\"https:\/\/www.facebook.com\/aquimicasa.net\" \/>\n<meta property=\"article:published_time\" content=\"2025-12-27T17:48:17+00:00\" \/>\n<meta property=\"article:modified_time\" content=\"2025-12-28T10:19:38+00:00\" \/>\n<meta property=\"og:image\" content=\"https:\/\/www.aquimicasa.net\/blog\/wp-content\/uploads\/construccion-de-viviendas4-1-e1762200022965.jpg\" \/>\n\t<meta property=\"og:image:width\" content=\"600\" \/>\n\t<meta property=\"og:image:height\" content=\"360\" \/>\n\t<meta property=\"og:image:type\" content=\"image\/jpeg\" \/>\n<meta name=\"author\" content=\"Eduardo Lizarraga\" \/>\n<meta name=\"twitter:label1\" content=\"Escrito por\" \/>\n\t<meta name=\"twitter:data1\" content=\"Eduardo Lizarraga\" \/>\n\t<meta name=\"twitter:label2\" content=\"Tiempo de lectura\" \/>\n\t<meta name=\"twitter:data2\" content=\"6 minutos\" \/>\n<script type=\"application\/ld+json\" class=\"yoast-schema-graph\">{\"@context\":\"https:\\\/\\\/schema.org\",\"@graph\":[{\"@type\":\"Article\",\"@id\":\"https:\\\/\\\/www.aquimicasa.net\\\/blog\\\/vivienda\\\/construccion-de-viviendas\\\/espana-cerrara-2025-creciendo-un-4-en-produccion-constructiva\\\/#article\",\"isPartOf\":{\"@id\":\"https:\\\/\\\/www.aquimicasa.net\\\/blog\\\/vivienda\\\/construccion-de-viviendas\\\/espana-cerrara-2025-creciendo-un-4-en-produccion-constructiva\\\/\"},\"author\":{\"name\":\"Eduardo Lizarraga\",\"@id\":\"https:\\\/\\\/www.aquimicasa.net\\\/blog\\\/#\\\/schema\\\/person\\\/2cdfa2605534583395c8d7ce1d6cac14\"},\"headline\":\"Espa\u00f1a cerrar\u00e1 2025 creciendo un 4 % en producci\u00f3n constructiva\",\"datePublished\":\"2025-12-27T17:48:17+00:00\",\"dateModified\":\"2025-12-28T10:19:38+00:00\",\"mainEntityOfPage\":{\"@id\":\"https:\\\/\\\/www.aquimicasa.net\\\/blog\\\/vivienda\\\/construccion-de-viviendas\\\/espana-cerrara-2025-creciendo-un-4-en-produccion-constructiva\\\/\"},\"wordCount\":1463,\"publisher\":{\"@id\":\"https:\\\/\\\/www.aquimicasa.net\\\/blog\\\/#organization\"},\"image\":{\"@id\":\"https:\\\/\\\/www.aquimicasa.net\\\/blog\\\/vivienda\\\/construccion-de-viviendas\\\/espana-cerrara-2025-creciendo-un-4-en-produccion-constructiva\\\/#primaryimage\"},\"thumbnailUrl\":\"https:\\\/\\\/www.aquimicasa.net\\\/blog\\\/wp-content\\\/uploads\\\/construccion-de-viviendas4-1-e1762200022965.jpg\",\"keywords\":[\"newsletter 546\"],\"articleSection\":[\"Obra Nueva\"],\"inLanguage\":\"es\"},{\"@type\":\"WebPage\",\"@id\":\"https:\\\/\\\/www.aquimicasa.net\\\/blog\\\/vivienda\\\/construccion-de-viviendas\\\/espana-cerrara-2025-creciendo-un-4-en-produccion-constructiva\\\/\",\"url\":\"https:\\\/\\\/www.aquimicasa.net\\\/blog\\\/vivienda\\\/construccion-de-viviendas\\\/espana-cerrara-2025-creciendo-un-4-en-produccion-constructiva\\\/\",\"name\":\"Espa\u00f1a cerrar\u00e1 2025 creciendo un 4 % en producci\u00f3n constructiva\",\"isPartOf\":{\"@id\":\"https:\\\/\\\/www.aquimicasa.net\\\/blog\\\/#website\"},\"primaryImageOfPage\":{\"@id\":\"https:\\\/\\\/www.aquimicasa.net\\\/blog\\\/vivienda\\\/construccion-de-viviendas\\\/espana-cerrara-2025-creciendo-un-4-en-produccion-constructiva\\\/#primaryimage\"},\"image\":{\"@id\":\"https:\\\/\\\/www.aquimicasa.net\\\/blog\\\/vivienda\\\/construccion-de-viviendas\\\/espana-cerrara-2025-creciendo-un-4-en-produccion-constructiva\\\/#primaryimage\"},\"thumbnailUrl\":\"https:\\\/\\\/www.aquimicasa.net\\\/blog\\\/wp-content\\\/uploads\\\/construccion-de-viviendas4-1-e1762200022965.jpg\",\"datePublished\":\"2025-12-27T17:48:17+00:00\",\"dateModified\":\"2025-12-28T10:19:38+00:00\",\"description\":\"la construcci\u00f3n europea entrar\u00e1 a partir de 2026 en una fase de crecimiento normalizado, con una media anual en torno al 2,2 %.\",\"breadcrumb\":{\"@id\":\"https:\\\/\\\/www.aquimicasa.net\\\/blog\\\/vivienda\\\/construccion-de-viviendas\\\/espana-cerrara-2025-creciendo-un-4-en-produccion-constructiva\\\/#breadcrumb\"},\"inLanguage\":\"es\",\"potentialAction\":[{\"@type\":\"ReadAction\",\"target\":[\"https:\\\/\\\/www.aquimicasa.net\\\/blog\\\/vivienda\\\/construccion-de-viviendas\\\/espana-cerrara-2025-creciendo-un-4-en-produccion-constructiva\\\/\"]}]},{\"@type\":\"ImageObject\",\"inLanguage\":\"es\",\"@id\":\"https:\\\/\\\/www.aquimicasa.net\\\/blog\\\/vivienda\\\/construccion-de-viviendas\\\/espana-cerrara-2025-creciendo-un-4-en-produccion-constructiva\\\/#primaryimage\",\"url\":\"https:\\\/\\\/www.aquimicasa.net\\\/blog\\\/wp-content\\\/uploads\\\/construccion-de-viviendas4-1-e1762200022965.jpg\",\"contentUrl\":\"https:\\\/\\\/www.aquimicasa.net\\\/blog\\\/wp-content\\\/uploads\\\/construccion-de-viviendas4-1-e1762200022965.jpg\",\"width\":600,\"height\":360,\"caption\":\"C\u00edda del sector de la construcci\u00f3n en febrero\"},{\"@type\":\"BreadcrumbList\",\"@id\":\"https:\\\/\\\/www.aquimicasa.net\\\/blog\\\/vivienda\\\/construccion-de-viviendas\\\/espana-cerrara-2025-creciendo-un-4-en-produccion-constructiva\\\/#breadcrumb\",\"itemListElement\":[{\"@type\":\"ListItem\",\"position\":1,\"name\":\"Portada\",\"item\":\"https:\\\/\\\/www.aquimicasa.net\\\/blog\\\/\"},{\"@type\":\"ListItem\",\"position\":2,\"name\":\"Espa\u00f1a cerrar\u00e1 2025 creciendo un 4 % en producci\u00f3n constructiva\"}]},{\"@type\":\"WebSite\",\"@id\":\"https:\\\/\\\/www.aquimicasa.net\\\/blog\\\/#website\",\"url\":\"https:\\\/\\\/www.aquimicasa.net\\\/blog\\\/\",\"name\":\"Blog de aquimicasa.net\",\"description\":\"Noticias del Mundo Inmobiliario\",\"publisher\":{\"@id\":\"https:\\\/\\\/www.aquimicasa.net\\\/blog\\\/#organization\"},\"potentialAction\":[{\"@type\":\"SearchAction\",\"target\":{\"@type\":\"EntryPoint\",\"urlTemplate\":\"https:\\\/\\\/www.aquimicasa.net\\\/blog\\\/?s={search_term_string}\"},\"query-input\":{\"@type\":\"PropertyValueSpecification\",\"valueRequired\":true,\"valueName\":\"search_term_string\"}}],\"inLanguage\":\"es\"},{\"@type\":\"Organization\",\"@id\":\"https:\\\/\\\/www.aquimicasa.net\\\/blog\\\/#organization\",\"name\":\"Blog de aquimicasa.net\",\"url\":\"https:\\\/\\\/www.aquimicasa.net\\\/blog\\\/\",\"logo\":{\"@type\":\"ImageObject\",\"inLanguage\":\"es\",\"@id\":\"https:\\\/\\\/www.aquimicasa.net\\\/blog\\\/#\\\/schema\\\/logo\\\/image\\\/\",\"url\":\"https:\\\/\\\/www.aquimicasa.net\\\/blog\\\/wp-content\\\/uploads\\\/Logo-aquimicasa-1-e1528048213782.png\",\"contentUrl\":\"https:\\\/\\\/www.aquimicasa.net\\\/blog\\\/wp-content\\\/uploads\\\/Logo-aquimicasa-1-e1528048213782.png\",\"width\":225,\"height\":225,\"caption\":\"Blog de aquimicasa.net\"},\"image\":{\"@id\":\"https:\\\/\\\/www.aquimicasa.net\\\/blog\\\/#\\\/schema\\\/logo\\\/image\\\/\"},\"sameAs\":[\"https:\\\/\\\/www.facebook.com\\\/aquimicasa.net\",\"https:\\\/\\\/www.instagram.com\\\/\",\"https:\\\/\\\/x.com\\\/EduLizarragaD\",\"https:\\\/\\\/www.linkedin.com\\\/feed\\\/\"]},{\"@type\":\"Person\",\"@id\":\"https:\\\/\\\/www.aquimicasa.net\\\/blog\\\/#\\\/schema\\\/person\\\/2cdfa2605534583395c8d7ce1d6cac14\",\"name\":\"Eduardo Lizarraga\",\"image\":{\"@type\":\"ImageObject\",\"inLanguage\":\"es\",\"@id\":\"https:\\\/\\\/secure.gravatar.com\\\/avatar\\\/bdabe1eeeed97b65a9cb7de2edd624b07995f7e13abc5fead15961f745f908cc?s=96&d=mm&r=g\",\"url\":\"https:\\\/\\\/secure.gravatar.com\\\/avatar\\\/bdabe1eeeed97b65a9cb7de2edd624b07995f7e13abc5fead15961f745f908cc?s=96&d=mm&r=g\",\"contentUrl\":\"https:\\\/\\\/secure.gravatar.com\\\/avatar\\\/bdabe1eeeed97b65a9cb7de2edd624b07995f7e13abc5fead15961f745f908cc?s=96&d=mm&r=g\",\"caption\":\"Eduardo Lizarraga\"},\"description\":\"Periodista Econ\u00f3mico. Ha trabajado en diversos campos de la informaci\u00f3n. Corresponsal en conflictos, analista pol\u00edtico en Congreso y Senado, periodista del medio ambiente, editor, director editorial, director de comunicaci\u00f3n.... En estos momentos se ha especializado en el sector inmobiliario. Pero tambi\u00e9n es navegante y viajero, preocupado por la pobreza, el medio ambiente y por las actuaciones descontroladas del neoliberalismo empresarial y pol\u00edtico en todo el mundo. Los desahucios, la pobreza infantil y la falta de acceso a los suministros b\u00e1sicos son algunos de los grandes dramas de nuestra sociedad y que es preciso solucionar para hacerla m\u00e1s justa. CEO en www.aquimicasa.net\",\"sameAs\":[\"https:\\\/\\\/www.aquimicasa.net\\\/\"],\"url\":\"https:\\\/\\\/www.aquimicasa.net\\\/blog\\\/author\\\/eduardo\\\/\"}]}<\/script>\n<!-- \/ Yoast SEO plugin. -->","yoast_head_json":{"title":"Espa\u00f1a cerrar\u00e1 2025 creciendo un 4 % en producci\u00f3n constructiva","description":"la construcci\u00f3n europea entrar\u00e1 a partir de 2026 en una fase de crecimiento normalizado, con una media anual en torno al 2,2 %.","robots":{"index":"index","follow":"follow","max-snippet":"max-snippet:-1","max-image-preview":"max-image-preview:large","max-video-preview":"max-video-preview:-1"},"canonical":"https:\/\/www.aquimicasa.net\/blog\/vivienda\/construccion-de-viviendas\/espana-cerrara-2025-creciendo-un-4-en-produccion-constructiva\/","og_locale":"es_ES","og_type":"article","og_title":"Espa\u00f1a cerrar\u00e1 2025 creciendo un 4 % en producci\u00f3n constructiva","og_description":"la construcci\u00f3n europea entrar\u00e1 a partir de 2026 en una fase de crecimiento normalizado, con una media anual en torno al 2,2 %.","og_url":"https:\/\/www.aquimicasa.net\/blog\/vivienda\/construccion-de-viviendas\/espana-cerrara-2025-creciendo-un-4-en-produccion-constructiva\/","og_site_name":"Blog de aquimicasa.net","article_publisher":"https:\/\/www.facebook.com\/aquimicasa.net","article_published_time":"2025-12-27T17:48:17+00:00","article_modified_time":"2025-12-28T10:19:38+00:00","og_image":[{"width":600,"height":360,"url":"https:\/\/www.aquimicasa.net\/blog\/wp-content\/uploads\/construccion-de-viviendas4-1-e1762200022965.jpg","type":"image\/jpeg"}],"author":"Eduardo Lizarraga","twitter_misc":{"Escrito por":"Eduardo Lizarraga","Tiempo de lectura":"6 minutos"},"schema":{"@context":"https:\/\/schema.org","@graph":[{"@type":"Article","@id":"https:\/\/www.aquimicasa.net\/blog\/vivienda\/construccion-de-viviendas\/espana-cerrara-2025-creciendo-un-4-en-produccion-constructiva\/#article","isPartOf":{"@id":"https:\/\/www.aquimicasa.net\/blog\/vivienda\/construccion-de-viviendas\/espana-cerrara-2025-creciendo-un-4-en-produccion-constructiva\/"},"author":{"name":"Eduardo Lizarraga","@id":"https:\/\/www.aquimicasa.net\/blog\/#\/schema\/person\/2cdfa2605534583395c8d7ce1d6cac14"},"headline":"Espa\u00f1a cerrar\u00e1 2025 creciendo un 4 % en producci\u00f3n constructiva","datePublished":"2025-12-27T17:48:17+00:00","dateModified":"2025-12-28T10:19:38+00:00","mainEntityOfPage":{"@id":"https:\/\/www.aquimicasa.net\/blog\/vivienda\/construccion-de-viviendas\/espana-cerrara-2025-creciendo-un-4-en-produccion-constructiva\/"},"wordCount":1463,"publisher":{"@id":"https:\/\/www.aquimicasa.net\/blog\/#organization"},"image":{"@id":"https:\/\/www.aquimicasa.net\/blog\/vivienda\/construccion-de-viviendas\/espana-cerrara-2025-creciendo-un-4-en-produccion-constructiva\/#primaryimage"},"thumbnailUrl":"https:\/\/www.aquimicasa.net\/blog\/wp-content\/uploads\/construccion-de-viviendas4-1-e1762200022965.jpg","keywords":["newsletter 546"],"articleSection":["Obra Nueva"],"inLanguage":"es"},{"@type":"WebPage","@id":"https:\/\/www.aquimicasa.net\/blog\/vivienda\/construccion-de-viviendas\/espana-cerrara-2025-creciendo-un-4-en-produccion-constructiva\/","url":"https:\/\/www.aquimicasa.net\/blog\/vivienda\/construccion-de-viviendas\/espana-cerrara-2025-creciendo-un-4-en-produccion-constructiva\/","name":"Espa\u00f1a cerrar\u00e1 2025 creciendo un 4 % en producci\u00f3n constructiva","isPartOf":{"@id":"https:\/\/www.aquimicasa.net\/blog\/#website"},"primaryImageOfPage":{"@id":"https:\/\/www.aquimicasa.net\/blog\/vivienda\/construccion-de-viviendas\/espana-cerrara-2025-creciendo-un-4-en-produccion-constructiva\/#primaryimage"},"image":{"@id":"https:\/\/www.aquimicasa.net\/blog\/vivienda\/construccion-de-viviendas\/espana-cerrara-2025-creciendo-un-4-en-produccion-constructiva\/#primaryimage"},"thumbnailUrl":"https:\/\/www.aquimicasa.net\/blog\/wp-content\/uploads\/construccion-de-viviendas4-1-e1762200022965.jpg","datePublished":"2025-12-27T17:48:17+00:00","dateModified":"2025-12-28T10:19:38+00:00","description":"la construcci\u00f3n europea entrar\u00e1 a partir de 2026 en una fase de crecimiento normalizado, con una media anual en torno al 2,2 %.","breadcrumb":{"@id":"https:\/\/www.aquimicasa.net\/blog\/vivienda\/construccion-de-viviendas\/espana-cerrara-2025-creciendo-un-4-en-produccion-constructiva\/#breadcrumb"},"inLanguage":"es","potentialAction":[{"@type":"ReadAction","target":["https:\/\/www.aquimicasa.net\/blog\/vivienda\/construccion-de-viviendas\/espana-cerrara-2025-creciendo-un-4-en-produccion-constructiva\/"]}]},{"@type":"ImageObject","inLanguage":"es","@id":"https:\/\/www.aquimicasa.net\/blog\/vivienda\/construccion-de-viviendas\/espana-cerrara-2025-creciendo-un-4-en-produccion-constructiva\/#primaryimage","url":"https:\/\/www.aquimicasa.net\/blog\/wp-content\/uploads\/construccion-de-viviendas4-1-e1762200022965.jpg","contentUrl":"https:\/\/www.aquimicasa.net\/blog\/wp-content\/uploads\/construccion-de-viviendas4-1-e1762200022965.jpg","width":600,"height":360,"caption":"C\u00edda del sector de la construcci\u00f3n en febrero"},{"@type":"BreadcrumbList","@id":"https:\/\/www.aquimicasa.net\/blog\/vivienda\/construccion-de-viviendas\/espana-cerrara-2025-creciendo-un-4-en-produccion-constructiva\/#breadcrumb","itemListElement":[{"@type":"ListItem","position":1,"name":"Portada","item":"https:\/\/www.aquimicasa.net\/blog\/"},{"@type":"ListItem","position":2,"name":"Espa\u00f1a cerrar\u00e1 2025 creciendo un 4 % en producci\u00f3n constructiva"}]},{"@type":"WebSite","@id":"https:\/\/www.aquimicasa.net\/blog\/#website","url":"https:\/\/www.aquimicasa.net\/blog\/","name":"Blog de aquimicasa.net","description":"Noticias del Mundo Inmobiliario","publisher":{"@id":"https:\/\/www.aquimicasa.net\/blog\/#organization"},"potentialAction":[{"@type":"SearchAction","target":{"@type":"EntryPoint","urlTemplate":"https:\/\/www.aquimicasa.net\/blog\/?s={search_term_string}"},"query-input":{"@type":"PropertyValueSpecification","valueRequired":true,"valueName":"search_term_string"}}],"inLanguage":"es"},{"@type":"Organization","@id":"https:\/\/www.aquimicasa.net\/blog\/#organization","name":"Blog de aquimicasa.net","url":"https:\/\/www.aquimicasa.net\/blog\/","logo":{"@type":"ImageObject","inLanguage":"es","@id":"https:\/\/www.aquimicasa.net\/blog\/#\/schema\/logo\/image\/","url":"https:\/\/www.aquimicasa.net\/blog\/wp-content\/uploads\/Logo-aquimicasa-1-e1528048213782.png","contentUrl":"https:\/\/www.aquimicasa.net\/blog\/wp-content\/uploads\/Logo-aquimicasa-1-e1528048213782.png","width":225,"height":225,"caption":"Blog de aquimicasa.net"},"image":{"@id":"https:\/\/www.aquimicasa.net\/blog\/#\/schema\/logo\/image\/"},"sameAs":["https:\/\/www.facebook.com\/aquimicasa.net","https:\/\/www.instagram.com\/","https:\/\/x.com\/EduLizarragaD","https:\/\/www.linkedin.com\/feed\/"]},{"@type":"Person","@id":"https:\/\/www.aquimicasa.net\/blog\/#\/schema\/person\/2cdfa2605534583395c8d7ce1d6cac14","name":"Eduardo Lizarraga","image":{"@type":"ImageObject","inLanguage":"es","@id":"https:\/\/secure.gravatar.com\/avatar\/bdabe1eeeed97b65a9cb7de2edd624b07995f7e13abc5fead15961f745f908cc?s=96&d=mm&r=g","url":"https:\/\/secure.gravatar.com\/avatar\/bdabe1eeeed97b65a9cb7de2edd624b07995f7e13abc5fead15961f745f908cc?s=96&d=mm&r=g","contentUrl":"https:\/\/secure.gravatar.com\/avatar\/bdabe1eeeed97b65a9cb7de2edd624b07995f7e13abc5fead15961f745f908cc?s=96&d=mm&r=g","caption":"Eduardo Lizarraga"},"description":"Periodista Econ\u00f3mico. Ha trabajado en diversos campos de la informaci\u00f3n. Corresponsal en conflictos, analista pol\u00edtico en Congreso y Senado, periodista del medio ambiente, editor, director editorial, director de comunicaci\u00f3n.... En estos momentos se ha especializado en el sector inmobiliario. Pero tambi\u00e9n es navegante y viajero, preocupado por la pobreza, el medio ambiente y por las actuaciones descontroladas del neoliberalismo empresarial y pol\u00edtico en todo el mundo. Los desahucios, la pobreza infantil y la falta de acceso a los suministros b\u00e1sicos son algunos de los grandes dramas de nuestra sociedad y que es preciso solucionar para hacerla m\u00e1s justa. CEO en www.aquimicasa.net","sameAs":["https:\/\/www.aquimicasa.net\/"],"url":"https:\/\/www.aquimicasa.net\/blog\/author\/eduardo\/"}]}},"jetpack_publicize_connections":[],"jetpack_featured_media_url":"https:\/\/www.aquimicasa.net\/blog\/wp-content\/uploads\/construccion-de-viviendas4-1-e1762200022965.jpg","jetpack_sharing_enabled":true,"jetpack_likes_enabled":true,"_links":{"self":[{"href":"https:\/\/www.aquimicasa.net\/blog\/wp-json\/wp\/v2\/posts\/54421","targetHints":{"allow":["GET"]}}],"collection":[{"href":"https:\/\/www.aquimicasa.net\/blog\/wp-json\/wp\/v2\/posts"}],"about":[{"href":"https:\/\/www.aquimicasa.net\/blog\/wp-json\/wp\/v2\/types\/post"}],"author":[{"embeddable":true,"href":"https:\/\/www.aquimicasa.net\/blog\/wp-json\/wp\/v2\/users\/3"}],"replies":[{"embeddable":true,"href":"https:\/\/www.aquimicasa.net\/blog\/wp-json\/wp\/v2\/comments?post=54421"}],"version-history":[{"count":6,"href":"https:\/\/www.aquimicasa.net\/blog\/wp-json\/wp\/v2\/posts\/54421\/revisions"}],"predecessor-version":[{"id":54516,"href":"https:\/\/www.aquimicasa.net\/blog\/wp-json\/wp\/v2\/posts\/54421\/revisions\/54516"}],"wp:featuredmedia":[{"embeddable":true,"href":"https:\/\/www.aquimicasa.net\/blog\/wp-json\/wp\/v2\/media\/53834"}],"wp:attachment":[{"href":"https:\/\/www.aquimicasa.net\/blog\/wp-json\/wp\/v2\/media?parent=54421"}],"wp:term":[{"taxonomy":"category","embeddable":true,"href":"https:\/\/www.aquimicasa.net\/blog\/wp-json\/wp\/v2\/categories?post=54421"},{"taxonomy":"post_tag","embeddable":true,"href":"https:\/\/www.aquimicasa.net\/blog\/wp-json\/wp\/v2\/tags?post=54421"}],"curies":[{"name":"wp","href":"https:\/\/api.w.org\/{rel}","templated":true}]}}