{"id":54433,"date":"2025-12-20T20:52:45","date_gmt":"2025-12-20T19:52:45","guid":{"rendered":"https:\/\/www.aquimicasa.net\/blog\/?p=54433"},"modified":"2025-12-20T20:52:45","modified_gmt":"2025-12-20T19:52:45","slug":"abierta-la-primera-convocatoria-para-vivienda-de-casa-47","status":"publish","type":"post","link":"https:\/\/www.aquimicasa.net\/blog\/vivienda\/alquileres\/abierta-la-primera-convocatoria-para-vivienda-de-casa-47\/","title":{"rendered":"Abierta la primera convocatoria para vivienda de CASA 47"},"content":{"rendered":"<div class=\"fusion-fullwidth fullwidth-box fusion-builder-row-1 fusion-flex-container nonhundred-percent-fullwidth non-hundred-percent-height-scrolling\" style=\"background-color: rgba(255,255,255,0);background-position: center center;background-repeat: no-repeat;border-width: 0px 0px 0px 0px;border-color:#eae9e9;border-style:solid;\" ><div class=\"fusion-builder-row fusion-row fusion-flex-align-items-flex-start\" style=\"max-width:1144px;margin-left: calc(-4% \/ 2 );margin-right: calc(-4% \/ 2 );\"><div class=\"fusion-layout-column fusion_builder_column fusion-builder-column-0 fusion_builder_column_1_1 1_1 fusion-flex-column\"><div class=\"fusion-column-wrapper fusion-flex-justify-content-flex-start fusion-content-layout-column\" style=\"background-position:left top;background-repeat:no-repeat;-webkit-background-size:cover;-moz-background-size:cover;-o-background-size:cover;background-size:cover;padding: 0px 0px 0px 0px;\"><div class=\"fusion-text fusion-text-1\"><p data-path-to-node=\"1\">El sector de la vivienda en Espa\u00f1a vive un momento de transformaci\u00f3n estructural con la entrada en escena de nuevos mecanismos de gesti\u00f3n estatal. En un contexto marcado por la <b data-path-to-node=\"1\" data-index-in-node=\"177\">escasez de oferta<\/b>, el encarecimiento de las <b data-path-to-node=\"1\" data-index-in-node=\"221\">hipotecas<\/b> tras las fluctuaciones del <b data-path-to-node=\"1\" data-index-in-node=\"258\">eur\u00edbor<\/b> y la dificultad de acceso al mercado libre, nace la <b data-path-to-node=\"1\" data-index-in-node=\"318\">Entidad Estatal de Vivienda CASA 47<\/b>. Esta instituci\u00f3n acaba de lanzar su primera convocatoria piloto para la inscripci\u00f3n de ciudadanos interesados en acceder a un parque de <b data-path-to-node=\"1\" data-index-in-node=\"491\">171 viviendas en r\u00e9gimen de alquiler asequible<\/b>, procedentes de la <b data-path-to-node=\"1\" data-index-in-node=\"557\">Sareb<\/b>. La iniciativa busca dar una respuesta directa a la problem\u00e1tica habitacional, centr\u00e1ndose en garantizar el derecho constitucional a una <b data-path-to-node=\"1\" data-index-in-node=\"700\">vivienda digna y adecuada<\/b>.<\/p>\n<h2 data-path-to-node=\"2\"><strong>Viviendas en Vigo, Valencia y Mieres<\/strong><\/h2>\n<p data-path-to-node=\"3\">La distribuci\u00f3n territorial de esta primera fase se concentra en tres focos estrat\u00e9gicos con realidades de mercado diferenciadas. En <b data-path-to-node=\"3\" data-index-in-node=\"133\">Vigo (Pontevedra)<\/b>, se ofertan <b data-path-to-node=\"3\" data-index-in-node=\"163\">67 viviendas<\/b> con una superficie media de 79 m2 y un precio medio de <b data-path-to-node=\"3\" data-index-in-node=\"231\">662 euros<\/b>. Estos inmuebles se sit\u00faan un <b data-path-to-node=\"3\" data-index-in-node=\"271\">35% por debajo del precio de mercado<\/b>, gravando un coste de <b data-path-to-node=\"3\" data-index-in-node=\"330\">8,8 euros por metro cuadrado<\/b>. Es importante destacar que estas unidades no disponen de mobiliario, por lo que se aplicar\u00e1 una <b data-path-to-node=\"3\" data-index-in-node=\"456\">carencia de tres meses<\/b> en el cobro de la renta. Por su parte, en la <b data-path-to-node=\"3\" data-index-in-node=\"524\">provincia de Valencia<\/b>, se han habilitado otras <b data-path-to-node=\"3\" data-index-in-node=\"571\">67 viviendas<\/b> con un alquiler medio de <b data-path-to-node=\"3\" data-index-in-node=\"609\">486 euros<\/b>. Estas se localizan en municipios especialmente afectados por la <b data-path-to-node=\"3\" data-index-in-node=\"684\">Dana<\/b>, como <b data-path-to-node=\"3\" data-index-in-node=\"695\">Ribarroja del Turia<\/b>, <b data-path-to-node=\"3\" data-index-in-node=\"716\">Vilamarxant<\/b>, <b data-path-to-node=\"3\" data-index-in-node=\"729\">Carlet<\/b> o <b data-path-to-node=\"3\" data-index-in-node=\"738\">Y\u00e1tova<\/b>, entre otros. Finalmente, en <b data-path-to-node=\"3\" data-index-in-node=\"774\">Mieres (Asturias)<\/b>, se convocan <b data-path-to-node=\"3\" data-index-in-node=\"805\">37 viviendas<\/b> calificadas como <b data-path-to-node=\"3\" data-index-in-node=\"835\">Viviendas de Protecci\u00f3n Auton\u00f3mica (VPA)<\/b>, con un precio medio de <b data-path-to-node=\"3\" data-index-in-node=\"900\">416 euros<\/b> y una superficie de 71 m2, cuya gesti\u00f3n depender\u00e1 tambi\u00e9n del visado del Principado de Asturias.<\/p>\n<h2 data-path-to-node=\"4\"><strong>\u00bfC\u00f3mo son las inscripciones para estas viviendas?<\/strong><\/h2>\n<p data-path-to-node=\"5\">El proceso de registro es \u00edntegramente telem\u00e1tico para facilitar la agilidad del sistema. Los ciudadanos interesados tienen hasta el <b data-path-to-node=\"5\" data-index-in-node=\"133\">20 de febrero<\/b> para formalizar su solicitud a trav\u00e9s del portal oficial <b data-path-to-node=\"5\" data-index-in-node=\"204\">www.casa47.es<\/b>. En la plataforma, los usuarios pueden consultar una <b data-path-to-node=\"5\" data-index-in-node=\"271\">ficha individualizada<\/b> de cada inmueble que incluye fotograf\u00edas, ubicaci\u00f3n exacta y, fundamentalmente, la <b data-path-to-node=\"5\" data-index-in-node=\"376\">renta anual m\u00e1xima<\/b> que debe tener la <b data-path-to-node=\"5\" data-index-in-node=\"413\">unidad b\u00e1sica de convivencia<\/b> para poder optar a la adjudicaci\u00f3n. Este filtro es esencial para asegurar que el recurso llegue a las familias y personas que realmente necesitan un <b data-path-to-node=\"5\" data-index-in-node=\"591\">alquiler asequible<\/b>. La transparencia en los precios y los requisitos de renta anual es la base de este nuevo modelo de consumo inmobiliario p\u00fablico.<\/p>\n<h2 data-path-to-node=\"6\"><strong>Proceso de asignaci\u00f3n de las viviendas<\/strong><\/h2>\n<p data-path-to-node=\"7\">La equidad en la entrega de llaves est\u00e1 garantizada mediante un <b data-path-to-node=\"7\" data-index-in-node=\"64\">sorteo ante notario<\/b>. En este acto se elegir\u00e1 un n\u00famero al azar que determinar\u00e1 el orden de prelaci\u00f3n para todas las solicitudes recibidas. El sistema asignar\u00e1 a cada unidad de convivencia la primera vivienda disponible de su listado de preferencias. Una vez superado el <b data-path-to-node=\"7\" data-index-in-node=\"334\">filtro de requisitos<\/b>, los beneficiarios realizar\u00e1n una asignaci\u00f3n provisional que les permitir\u00e1 <b data-path-to-node=\"7\" data-index-in-node=\"430\">visitar la vivienda<\/b> antes de la firma definitiva. Una de las grandes novedades de <b data-path-to-node=\"7\" data-index-in-node=\"512\">CASA 47<\/b> es la estabilidad del contrato, que puede alcanzar una duraci\u00f3n de hasta <b data-path-to-node=\"7\" data-index-in-node=\"593\">75 a\u00f1os<\/b>, mediante un alquiler inicial de 14 a\u00f1os y <b data-path-to-node=\"7\" data-index-in-node=\"644\">pr\u00f3rrogas autom\u00e1ticas de 7 a\u00f1os<\/b>, siempre que se mantengan las condiciones de la unidad de convivencia.<\/p>\n<h3 data-path-to-node=\"8\"><strong>Sobre la Entidad Estatal de Vivienda CASA 47<\/strong><\/h3>\n<p data-path-to-node=\"9\"><b data-path-to-node=\"9\" data-index-in-node=\"0\">CASA 47<\/b> nace con la misi\u00f3n de gestionar el ciclo residencial completo: desde la urbanizaci\u00f3n de suelos hasta la <b data-path-to-node=\"9\" data-index-in-node=\"112\">gesti\u00f3n de alquileres<\/b>. Su objetivo final es consolidar un parque estatal s\u00f3lido que amortig\u00fce las tensiones del mercado de compraventas y alquileres en Espa\u00f1a, cumpliendo estrictamente con el <b data-path-to-node=\"9\" data-index-in-node=\"304\">Art\u00edculo 47 de la Constituci\u00f3n Espa\u00f1ola<\/b>. Con esta primera convocatoria, se pone en marcha un motor p\u00fablico destinado a combatir la <b data-path-to-node=\"9\" data-index-in-node=\"435\">falta de vivienda<\/b> y ofrecer alternativas reales frente a la presi\u00f3n financiera de las hipotecas actuales.<\/p>\n<\/div><\/div><style type=\"text\/css\">.fusion-body .fusion-builder-column-0{width:100% !important;margin-top : 0px;margin-bottom : 0px;}.fusion-builder-column-0 > .fusion-column-wrapper {padding-top : 0px !important;padding-right : 0px !important;margin-right : 1.92%;padding-bottom : 0px !important;padding-left : 0px !important;margin-left : 1.92%;}@media only screen and (max-width:1024px) {.fusion-body .fusion-builder-column-0{width:100% !important;}.fusion-builder-column-0 > .fusion-column-wrapper {margin-right : 1.92%;margin-left : 1.92%;}}@media only screen and (max-width:640px) {.fusion-body .fusion-builder-column-0{width:100% !important;}.fusion-builder-column-0 > .fusion-column-wrapper {margin-right : 1.92%;margin-left : 1.92%;}}<\/style><\/div><\/div><style type=\"text\/css\">.fusion-body .fusion-flex-container.fusion-builder-row-1{ padding-top : 0px;margin-top : 0px;padding-right : 0px;padding-bottom : 0px;margin-bottom : 0px;padding-left : 0px;}<\/style><\/div>\n","protected":false},"excerpt":{"rendered":"<p>Una de las grandes novedades de CASA 47 es la estabilidad del contrato, que puede alcanzar una duraci\u00f3n de hasta 75 a\u00f1os, mediante un alquiler inicial de 14 a\u00f1os y pr\u00f3rrogas autom\u00e1ticas de 7 a\u00f1os, siempre que se mantengan las condiciones de la unidad de convivencia.<\/p>\n","protected":false},"author":3,"featured_media":54278,"comment_status":"closed","ping_status":"closed","sticky":false,"template":"","format":"standard","meta":{"_jetpack_memberships_contains_paid_content":false,"footnotes":"","jetpack_publicize_message":"","jetpack_publicize_feature_enabled":true,"jetpack_social_post_already_shared":true,"jetpack_social_options":{"image_generator_settings":{"template":"highway","default_image_id":0,"font":"","enabled":false},"version":2}},"categories":[120],"tags":[8270],"class_list":["post-54433","post","type-post","status-publish","format-standard","has-post-thumbnail","hentry","category-alquileres","tag-newsletter-545"],"yoast_head":"<!-- This site is optimized with the Yoast SEO plugin v28.2 - https:\/\/yoast.com\/product\/yoast-seo-wordpress\/ -->\n<title>Abierta primera convocatoria para vivienda de CASA 47<\/title>\n<meta name=\"description\" content=\"Primera convocatoria para la inscripci\u00f3n de ciudadanos interesados en acceder a un parque de 171 viviendas en r\u00e9gimen de alquiler asequible\" \/>\n<meta name=\"robots\" content=\"index, follow, max-snippet:-1, max-image-preview:large, max-video-preview:-1\" \/>\n<link rel=\"canonical\" href=\"https:\/\/www.aquimicasa.net\/blog\/vivienda\/alquileres\/abierta-la-primera-convocatoria-para-vivienda-de-casa-47\/\" \/>\n<meta property=\"og:locale\" content=\"es_ES\" \/>\n<meta property=\"og:type\" content=\"article\" \/>\n<meta property=\"og:title\" content=\"Abierta primera convocatoria para vivienda de CASA 47\" \/>\n<meta property=\"og:description\" content=\"Primera convocatoria para la inscripci\u00f3n de ciudadanos interesados en acceder a un parque de 171 viviendas en r\u00e9gimen de alquiler asequible\" \/>\n<meta property=\"og:url\" content=\"https:\/\/www.aquimicasa.net\/blog\/vivienda\/alquileres\/abierta-la-primera-convocatoria-para-vivienda-de-casa-47\/\" \/>\n<meta property=\"og:site_name\" content=\"Blog de aquimicasa.net\" \/>\n<meta property=\"article:publisher\" content=\"https:\/\/www.facebook.com\/aquimicasa.net\" \/>\n<meta property=\"article:published_time\" content=\"2025-12-20T19:52:45+00:00\" \/>\n<meta property=\"og:image\" content=\"https:\/\/www.aquimicasa.net\/blog\/wp-content\/uploads\/casa-47-scaled-e1765137410162.jpg\" \/>\n\t<meta property=\"og:image:width\" content=\"500\" \/>\n\t<meta property=\"og:image:height\" content=\"333\" \/>\n\t<meta property=\"og:image:type\" content=\"image\/jpeg\" \/>\n<meta name=\"author\" content=\"Eduardo Lizarraga\" \/>\n<meta name=\"twitter:label1\" content=\"Escrito por\" \/>\n\t<meta name=\"twitter:data1\" content=\"Eduardo Lizarraga\" \/>\n\t<meta name=\"twitter:label2\" content=\"Tiempo de lectura\" \/>\n\t<meta name=\"twitter:data2\" content=\"4 minutos\" \/>\n<script type=\"application\/ld+json\" class=\"yoast-schema-graph\">{\"@context\":\"https:\\\/\\\/schema.org\",\"@graph\":[{\"@type\":\"Article\",\"@id\":\"https:\\\/\\\/www.aquimicasa.net\\\/blog\\\/vivienda\\\/alquileres\\\/abierta-la-primera-convocatoria-para-vivienda-de-casa-47\\\/#article\",\"isPartOf\":{\"@id\":\"https:\\\/\\\/www.aquimicasa.net\\\/blog\\\/vivienda\\\/alquileres\\\/abierta-la-primera-convocatoria-para-vivienda-de-casa-47\\\/\"},\"author\":{\"name\":\"Eduardo Lizarraga\",\"@id\":\"https:\\\/\\\/www.aquimicasa.net\\\/blog\\\/#\\\/schema\\\/person\\\/2cdfa2605534583395c8d7ce1d6cac14\"},\"headline\":\"Abierta la primera convocatoria para vivienda de CASA 47\",\"datePublished\":\"2025-12-20T19:52:45+00:00\",\"mainEntityOfPage\":{\"@id\":\"https:\\\/\\\/www.aquimicasa.net\\\/blog\\\/vivienda\\\/alquileres\\\/abierta-la-primera-convocatoria-para-vivienda-de-casa-47\\\/\"},\"wordCount\":901,\"publisher\":{\"@id\":\"https:\\\/\\\/www.aquimicasa.net\\\/blog\\\/#organization\"},\"image\":{\"@id\":\"https:\\\/\\\/www.aquimicasa.net\\\/blog\\\/vivienda\\\/alquileres\\\/abierta-la-primera-convocatoria-para-vivienda-de-casa-47\\\/#primaryimage\"},\"thumbnailUrl\":\"https:\\\/\\\/www.aquimicasa.net\\\/blog\\\/wp-content\\\/uploads\\\/casa-47-scaled-e1765137410162.jpg\",\"keywords\":[\"newsletter 545\"],\"articleSection\":[\"Alquiler\"],\"inLanguage\":\"es\"},{\"@type\":\"WebPage\",\"@id\":\"https:\\\/\\\/www.aquimicasa.net\\\/blog\\\/vivienda\\\/alquileres\\\/abierta-la-primera-convocatoria-para-vivienda-de-casa-47\\\/\",\"url\":\"https:\\\/\\\/www.aquimicasa.net\\\/blog\\\/vivienda\\\/alquileres\\\/abierta-la-primera-convocatoria-para-vivienda-de-casa-47\\\/\",\"name\":\"Abierta primera convocatoria para vivienda de CASA 47\",\"isPartOf\":{\"@id\":\"https:\\\/\\\/www.aquimicasa.net\\\/blog\\\/#website\"},\"primaryImageOfPage\":{\"@id\":\"https:\\\/\\\/www.aquimicasa.net\\\/blog\\\/vivienda\\\/alquileres\\\/abierta-la-primera-convocatoria-para-vivienda-de-casa-47\\\/#primaryimage\"},\"image\":{\"@id\":\"https:\\\/\\\/www.aquimicasa.net\\\/blog\\\/vivienda\\\/alquileres\\\/abierta-la-primera-convocatoria-para-vivienda-de-casa-47\\\/#primaryimage\"},\"thumbnailUrl\":\"https:\\\/\\\/www.aquimicasa.net\\\/blog\\\/wp-content\\\/uploads\\\/casa-47-scaled-e1765137410162.jpg\",\"datePublished\":\"2025-12-20T19:52:45+00:00\",\"description\":\"Primera convocatoria para la inscripci\u00f3n de ciudadanos interesados en acceder a un parque de 171 viviendas en r\u00e9gimen de alquiler asequible\",\"breadcrumb\":{\"@id\":\"https:\\\/\\\/www.aquimicasa.net\\\/blog\\\/vivienda\\\/alquileres\\\/abierta-la-primera-convocatoria-para-vivienda-de-casa-47\\\/#breadcrumb\"},\"inLanguage\":\"es\",\"potentialAction\":[{\"@type\":\"ReadAction\",\"target\":[\"https:\\\/\\\/www.aquimicasa.net\\\/blog\\\/vivienda\\\/alquileres\\\/abierta-la-primera-convocatoria-para-vivienda-de-casa-47\\\/\"]}]},{\"@type\":\"ImageObject\",\"inLanguage\":\"es\",\"@id\":\"https:\\\/\\\/www.aquimicasa.net\\\/blog\\\/vivienda\\\/alquileres\\\/abierta-la-primera-convocatoria-para-vivienda-de-casa-47\\\/#primaryimage\",\"url\":\"https:\\\/\\\/www.aquimicasa.net\\\/blog\\\/wp-content\\\/uploads\\\/casa-47-scaled-e1765137410162.jpg\",\"contentUrl\":\"https:\\\/\\\/www.aquimicasa.net\\\/blog\\\/wp-content\\\/uploads\\\/casa-47-scaled-e1765137410162.jpg\",\"width\":500,\"height\":333,\"caption\":\"Isabel Rodr\u00edguez presenta CASA 47\"},{\"@type\":\"BreadcrumbList\",\"@id\":\"https:\\\/\\\/www.aquimicasa.net\\\/blog\\\/vivienda\\\/alquileres\\\/abierta-la-primera-convocatoria-para-vivienda-de-casa-47\\\/#breadcrumb\",\"itemListElement\":[{\"@type\":\"ListItem\",\"position\":1,\"name\":\"Portada\",\"item\":\"https:\\\/\\\/www.aquimicasa.net\\\/blog\\\/\"},{\"@type\":\"ListItem\",\"position\":2,\"name\":\"Abierta la primera convocatoria para vivienda de CASA 47\"}]},{\"@type\":\"WebSite\",\"@id\":\"https:\\\/\\\/www.aquimicasa.net\\\/blog\\\/#website\",\"url\":\"https:\\\/\\\/www.aquimicasa.net\\\/blog\\\/\",\"name\":\"Blog de aquimicasa.net\",\"description\":\"Noticias del Mundo Inmobiliario\",\"publisher\":{\"@id\":\"https:\\\/\\\/www.aquimicasa.net\\\/blog\\\/#organization\"},\"potentialAction\":[{\"@type\":\"SearchAction\",\"target\":{\"@type\":\"EntryPoint\",\"urlTemplate\":\"https:\\\/\\\/www.aquimicasa.net\\\/blog\\\/?s={search_term_string}\"},\"query-input\":{\"@type\":\"PropertyValueSpecification\",\"valueRequired\":true,\"valueName\":\"search_term_string\"}}],\"inLanguage\":\"es\"},{\"@type\":\"Organization\",\"@id\":\"https:\\\/\\\/www.aquimicasa.net\\\/blog\\\/#organization\",\"name\":\"Blog de aquimicasa.net\",\"url\":\"https:\\\/\\\/www.aquimicasa.net\\\/blog\\\/\",\"logo\":{\"@type\":\"ImageObject\",\"inLanguage\":\"es\",\"@id\":\"https:\\\/\\\/www.aquimicasa.net\\\/blog\\\/#\\\/schema\\\/logo\\\/image\\\/\",\"url\":\"https:\\\/\\\/www.aquimicasa.net\\\/blog\\\/wp-content\\\/uploads\\\/Logo-aquimicasa-1-e1528048213782.png\",\"contentUrl\":\"https:\\\/\\\/www.aquimicasa.net\\\/blog\\\/wp-content\\\/uploads\\\/Logo-aquimicasa-1-e1528048213782.png\",\"width\":225,\"height\":225,\"caption\":\"Blog de aquimicasa.net\"},\"image\":{\"@id\":\"https:\\\/\\\/www.aquimicasa.net\\\/blog\\\/#\\\/schema\\\/logo\\\/image\\\/\"},\"sameAs\":[\"https:\\\/\\\/www.facebook.com\\\/aquimicasa.net\",\"https:\\\/\\\/www.instagram.com\\\/\",\"https:\\\/\\\/x.com\\\/EduLizarragaD\",\"https:\\\/\\\/www.linkedin.com\\\/feed\\\/\"]},{\"@type\":\"Person\",\"@id\":\"https:\\\/\\\/www.aquimicasa.net\\\/blog\\\/#\\\/schema\\\/person\\\/2cdfa2605534583395c8d7ce1d6cac14\",\"name\":\"Eduardo Lizarraga\",\"image\":{\"@type\":\"ImageObject\",\"inLanguage\":\"es\",\"@id\":\"https:\\\/\\\/secure.gravatar.com\\\/avatar\\\/bdabe1eeeed97b65a9cb7de2edd624b07995f7e13abc5fead15961f745f908cc?s=96&d=mm&r=g\",\"url\":\"https:\\\/\\\/secure.gravatar.com\\\/avatar\\\/bdabe1eeeed97b65a9cb7de2edd624b07995f7e13abc5fead15961f745f908cc?s=96&d=mm&r=g\",\"contentUrl\":\"https:\\\/\\\/secure.gravatar.com\\\/avatar\\\/bdabe1eeeed97b65a9cb7de2edd624b07995f7e13abc5fead15961f745f908cc?s=96&d=mm&r=g\",\"caption\":\"Eduardo Lizarraga\"},\"description\":\"Periodista Econ\u00f3mico. Ha trabajado en diversos campos de la informaci\u00f3n. Corresponsal en conflictos, analista pol\u00edtico en Congreso y Senado, periodista del medio ambiente, editor, director editorial, director de comunicaci\u00f3n.... En estos momentos se ha especializado en el sector inmobiliario. Pero tambi\u00e9n es navegante y viajero, preocupado por la pobreza, el medio ambiente y por las actuaciones descontroladas del neoliberalismo empresarial y pol\u00edtico en todo el mundo. Los desahucios, la pobreza infantil y la falta de acceso a los suministros b\u00e1sicos son algunos de los grandes dramas de nuestra sociedad y que es preciso solucionar para hacerla m\u00e1s justa. CEO en www.aquimicasa.net\",\"sameAs\":[\"https:\\\/\\\/www.aquimicasa.net\\\/\"],\"url\":\"https:\\\/\\\/www.aquimicasa.net\\\/blog\\\/author\\\/eduardo\\\/\"}]}<\/script>\n<!-- \/ Yoast SEO plugin. -->","yoast_head_json":{"title":"Abierta primera convocatoria para vivienda de CASA 47","description":"Primera convocatoria para la inscripci\u00f3n de ciudadanos interesados en acceder a un parque de 171 viviendas en r\u00e9gimen de alquiler asequible","robots":{"index":"index","follow":"follow","max-snippet":"max-snippet:-1","max-image-preview":"max-image-preview:large","max-video-preview":"max-video-preview:-1"},"canonical":"https:\/\/www.aquimicasa.net\/blog\/vivienda\/alquileres\/abierta-la-primera-convocatoria-para-vivienda-de-casa-47\/","og_locale":"es_ES","og_type":"article","og_title":"Abierta primera convocatoria para vivienda de CASA 47","og_description":"Primera convocatoria para la inscripci\u00f3n de ciudadanos interesados en acceder a un parque de 171 viviendas en r\u00e9gimen de alquiler asequible","og_url":"https:\/\/www.aquimicasa.net\/blog\/vivienda\/alquileres\/abierta-la-primera-convocatoria-para-vivienda-de-casa-47\/","og_site_name":"Blog de aquimicasa.net","article_publisher":"https:\/\/www.facebook.com\/aquimicasa.net","article_published_time":"2025-12-20T19:52:45+00:00","og_image":[{"width":500,"height":333,"url":"https:\/\/www.aquimicasa.net\/blog\/wp-content\/uploads\/casa-47-scaled-e1765137410162.jpg","type":"image\/jpeg"}],"author":"Eduardo Lizarraga","twitter_misc":{"Escrito por":"Eduardo Lizarraga","Tiempo de lectura":"4 minutos"},"schema":{"@context":"https:\/\/schema.org","@graph":[{"@type":"Article","@id":"https:\/\/www.aquimicasa.net\/blog\/vivienda\/alquileres\/abierta-la-primera-convocatoria-para-vivienda-de-casa-47\/#article","isPartOf":{"@id":"https:\/\/www.aquimicasa.net\/blog\/vivienda\/alquileres\/abierta-la-primera-convocatoria-para-vivienda-de-casa-47\/"},"author":{"name":"Eduardo Lizarraga","@id":"https:\/\/www.aquimicasa.net\/blog\/#\/schema\/person\/2cdfa2605534583395c8d7ce1d6cac14"},"headline":"Abierta la primera convocatoria para vivienda de CASA 47","datePublished":"2025-12-20T19:52:45+00:00","mainEntityOfPage":{"@id":"https:\/\/www.aquimicasa.net\/blog\/vivienda\/alquileres\/abierta-la-primera-convocatoria-para-vivienda-de-casa-47\/"},"wordCount":901,"publisher":{"@id":"https:\/\/www.aquimicasa.net\/blog\/#organization"},"image":{"@id":"https:\/\/www.aquimicasa.net\/blog\/vivienda\/alquileres\/abierta-la-primera-convocatoria-para-vivienda-de-casa-47\/#primaryimage"},"thumbnailUrl":"https:\/\/www.aquimicasa.net\/blog\/wp-content\/uploads\/casa-47-scaled-e1765137410162.jpg","keywords":["newsletter 545"],"articleSection":["Alquiler"],"inLanguage":"es"},{"@type":"WebPage","@id":"https:\/\/www.aquimicasa.net\/blog\/vivienda\/alquileres\/abierta-la-primera-convocatoria-para-vivienda-de-casa-47\/","url":"https:\/\/www.aquimicasa.net\/blog\/vivienda\/alquileres\/abierta-la-primera-convocatoria-para-vivienda-de-casa-47\/","name":"Abierta primera convocatoria para vivienda de CASA 47","isPartOf":{"@id":"https:\/\/www.aquimicasa.net\/blog\/#website"},"primaryImageOfPage":{"@id":"https:\/\/www.aquimicasa.net\/blog\/vivienda\/alquileres\/abierta-la-primera-convocatoria-para-vivienda-de-casa-47\/#primaryimage"},"image":{"@id":"https:\/\/www.aquimicasa.net\/blog\/vivienda\/alquileres\/abierta-la-primera-convocatoria-para-vivienda-de-casa-47\/#primaryimage"},"thumbnailUrl":"https:\/\/www.aquimicasa.net\/blog\/wp-content\/uploads\/casa-47-scaled-e1765137410162.jpg","datePublished":"2025-12-20T19:52:45+00:00","description":"Primera convocatoria para la inscripci\u00f3n de ciudadanos interesados en acceder a un parque de 171 viviendas en r\u00e9gimen de alquiler asequible","breadcrumb":{"@id":"https:\/\/www.aquimicasa.net\/blog\/vivienda\/alquileres\/abierta-la-primera-convocatoria-para-vivienda-de-casa-47\/#breadcrumb"},"inLanguage":"es","potentialAction":[{"@type":"ReadAction","target":["https:\/\/www.aquimicasa.net\/blog\/vivienda\/alquileres\/abierta-la-primera-convocatoria-para-vivienda-de-casa-47\/"]}]},{"@type":"ImageObject","inLanguage":"es","@id":"https:\/\/www.aquimicasa.net\/blog\/vivienda\/alquileres\/abierta-la-primera-convocatoria-para-vivienda-de-casa-47\/#primaryimage","url":"https:\/\/www.aquimicasa.net\/blog\/wp-content\/uploads\/casa-47-scaled-e1765137410162.jpg","contentUrl":"https:\/\/www.aquimicasa.net\/blog\/wp-content\/uploads\/casa-47-scaled-e1765137410162.jpg","width":500,"height":333,"caption":"Isabel Rodr\u00edguez presenta CASA 47"},{"@type":"BreadcrumbList","@id":"https:\/\/www.aquimicasa.net\/blog\/vivienda\/alquileres\/abierta-la-primera-convocatoria-para-vivienda-de-casa-47\/#breadcrumb","itemListElement":[{"@type":"ListItem","position":1,"name":"Portada","item":"https:\/\/www.aquimicasa.net\/blog\/"},{"@type":"ListItem","position":2,"name":"Abierta la primera convocatoria para vivienda de CASA 47"}]},{"@type":"WebSite","@id":"https:\/\/www.aquimicasa.net\/blog\/#website","url":"https:\/\/www.aquimicasa.net\/blog\/","name":"Blog de aquimicasa.net","description":"Noticias del Mundo Inmobiliario","publisher":{"@id":"https:\/\/www.aquimicasa.net\/blog\/#organization"},"potentialAction":[{"@type":"SearchAction","target":{"@type":"EntryPoint","urlTemplate":"https:\/\/www.aquimicasa.net\/blog\/?s={search_term_string}"},"query-input":{"@type":"PropertyValueSpecification","valueRequired":true,"valueName":"search_term_string"}}],"inLanguage":"es"},{"@type":"Organization","@id":"https:\/\/www.aquimicasa.net\/blog\/#organization","name":"Blog de aquimicasa.net","url":"https:\/\/www.aquimicasa.net\/blog\/","logo":{"@type":"ImageObject","inLanguage":"es","@id":"https:\/\/www.aquimicasa.net\/blog\/#\/schema\/logo\/image\/","url":"https:\/\/www.aquimicasa.net\/blog\/wp-content\/uploads\/Logo-aquimicasa-1-e1528048213782.png","contentUrl":"https:\/\/www.aquimicasa.net\/blog\/wp-content\/uploads\/Logo-aquimicasa-1-e1528048213782.png","width":225,"height":225,"caption":"Blog de aquimicasa.net"},"image":{"@id":"https:\/\/www.aquimicasa.net\/blog\/#\/schema\/logo\/image\/"},"sameAs":["https:\/\/www.facebook.com\/aquimicasa.net","https:\/\/www.instagram.com\/","https:\/\/x.com\/EduLizarragaD","https:\/\/www.linkedin.com\/feed\/"]},{"@type":"Person","@id":"https:\/\/www.aquimicasa.net\/blog\/#\/schema\/person\/2cdfa2605534583395c8d7ce1d6cac14","name":"Eduardo Lizarraga","image":{"@type":"ImageObject","inLanguage":"es","@id":"https:\/\/secure.gravatar.com\/avatar\/bdabe1eeeed97b65a9cb7de2edd624b07995f7e13abc5fead15961f745f908cc?s=96&d=mm&r=g","url":"https:\/\/secure.gravatar.com\/avatar\/bdabe1eeeed97b65a9cb7de2edd624b07995f7e13abc5fead15961f745f908cc?s=96&d=mm&r=g","contentUrl":"https:\/\/secure.gravatar.com\/avatar\/bdabe1eeeed97b65a9cb7de2edd624b07995f7e13abc5fead15961f745f908cc?s=96&d=mm&r=g","caption":"Eduardo Lizarraga"},"description":"Periodista Econ\u00f3mico. Ha trabajado en diversos campos de la informaci\u00f3n. Corresponsal en conflictos, analista pol\u00edtico en Congreso y Senado, periodista del medio ambiente, editor, director editorial, director de comunicaci\u00f3n.... En estos momentos se ha especializado en el sector inmobiliario. Pero tambi\u00e9n es navegante y viajero, preocupado por la pobreza, el medio ambiente y por las actuaciones descontroladas del neoliberalismo empresarial y pol\u00edtico en todo el mundo. Los desahucios, la pobreza infantil y la falta de acceso a los suministros b\u00e1sicos son algunos de los grandes dramas de nuestra sociedad y que es preciso solucionar para hacerla m\u00e1s justa. CEO en www.aquimicasa.net","sameAs":["https:\/\/www.aquimicasa.net\/"],"url":"https:\/\/www.aquimicasa.net\/blog\/author\/eduardo\/"}]}},"jetpack_publicize_connections":[],"jetpack_featured_media_url":"https:\/\/www.aquimicasa.net\/blog\/wp-content\/uploads\/casa-47-scaled-e1765137410162.jpg","jetpack_sharing_enabled":true,"jetpack_likes_enabled":true,"_links":{"self":[{"href":"https:\/\/www.aquimicasa.net\/blog\/wp-json\/wp\/v2\/posts\/54433","targetHints":{"allow":["GET"]}}],"collection":[{"href":"https:\/\/www.aquimicasa.net\/blog\/wp-json\/wp\/v2\/posts"}],"about":[{"href":"https:\/\/www.aquimicasa.net\/blog\/wp-json\/wp\/v2\/types\/post"}],"author":[{"embeddable":true,"href":"https:\/\/www.aquimicasa.net\/blog\/wp-json\/wp\/v2\/users\/3"}],"replies":[{"embeddable":true,"href":"https:\/\/www.aquimicasa.net\/blog\/wp-json\/wp\/v2\/comments?post=54433"}],"version-history":[{"count":2,"href":"https:\/\/www.aquimicasa.net\/blog\/wp-json\/wp\/v2\/posts\/54433\/revisions"}],"predecessor-version":[{"id":54435,"href":"https:\/\/www.aquimicasa.net\/blog\/wp-json\/wp\/v2\/posts\/54433\/revisions\/54435"}],"wp:featuredmedia":[{"embeddable":true,"href":"https:\/\/www.aquimicasa.net\/blog\/wp-json\/wp\/v2\/media\/54278"}],"wp:attachment":[{"href":"https:\/\/www.aquimicasa.net\/blog\/wp-json\/wp\/v2\/media?parent=54433"}],"wp:term":[{"taxonomy":"category","embeddable":true,"href":"https:\/\/www.aquimicasa.net\/blog\/wp-json\/wp\/v2\/categories?post=54433"},{"taxonomy":"post_tag","embeddable":true,"href":"https:\/\/www.aquimicasa.net\/blog\/wp-json\/wp\/v2\/tags?post=54433"}],"curies":[{"name":"wp","href":"https:\/\/api.w.org\/{rel}","templated":true}]}}