{"id":54488,"date":"2025-12-26T22:31:59","date_gmt":"2025-12-26T21:31:59","guid":{"rendered":"https:\/\/www.aquimicasa.net\/blog\/?p=54488"},"modified":"2025-12-28T11:21:18","modified_gmt":"2025-12-28T10:21:18","slug":"las-previsiones-del-banco-de-espana-en-el-sector-de-la-vivienda","status":"publish","type":"post","link":"https:\/\/www.aquimicasa.net\/blog\/economia\/banco-de-espana\/las-previsiones-del-banco-de-espana-en-el-sector-de-la-vivienda\/","title":{"rendered":"Las previsiones del Banco de Espa\u00f1a en el sector de la vivienda"},"content":{"rendered":"<div class=\"fusion-fullwidth fullwidth-box fusion-builder-row-1 fusion-flex-container nonhundred-percent-fullwidth non-hundred-percent-height-scrolling\" style=\"background-color: rgba(255,255,255,0);background-position: center center;background-repeat: no-repeat;border-width: 0px 0px 0px 0px;border-color:#eae9e9;border-style:solid;\" ><div class=\"fusion-builder-row fusion-row fusion-flex-align-items-flex-start\" style=\"max-width:1144px;margin-left: calc(-4% \/ 2 );margin-right: calc(-4% \/ 2 );\"><div class=\"fusion-layout-column fusion_builder_column fusion-builder-column-0 fusion_builder_column_1_1 1_1 fusion-flex-column\"><div class=\"fusion-column-wrapper fusion-flex-justify-content-flex-start fusion-content-layout-column\" style=\"background-position:left top;background-repeat:no-repeat;-webkit-background-size:cover;-moz-background-size:cover;-o-background-size:cover;background-size:cover;padding: 0px 0px 0px 0px;\"><div class=\"fusion-text fusion-text-1\"><h1 data-path-to-node=\"2\"><\/h1>\n<p data-path-to-node=\"3\">El <b data-path-to-node=\"3\" data-index-in-node=\"3\">Banco de Espa\u00f1a<\/b> ha actualizado sus proyecciones macroecon\u00f3micas para el cierre de 2025 y el horizonte 2026-2027, dibujando un escenario de crecimiento s\u00f3lido pero no exento de desaf\u00edos estructurales. Seg\u00fan el \u00faltimo informe presentado por el organismo que lidera <b data-path-to-node=\"3\" data-index-in-node=\"266\">Jos\u00e9 Luis Escriv\u00e1<\/b>, la econom\u00eda espa\u00f1ola cerrar\u00e1 este ejercicio con un <b data-path-to-node=\"3\" data-index-in-node=\"336\">crecimiento del PIB del 2,9%<\/b>, tres d\u00e9cimas m\u00e1s de lo previsto en septiembre. Sin embargo, detr\u00e1s de estas cifras positivas de actividad y consumo, el supervisor financiero lanza una advertencia clara: el mercado inmobiliario se ha convertido en una de las variables m\u00e1s cr\u00edticas para la estabilidad futura.<\/p>\n<h2 data-path-to-node=\"4\"><strong>La vivienda sigue siendo uno de los mayores focos de incertidumbre<\/strong><\/h2>\n<p data-path-to-node=\"5\">Para los analistas del supervisor, el comportamiento del sector residencial ha escalado posiciones en la lista de riesgos internos. La <b data-path-to-node=\"5\" data-index-in-node=\"135\">vivienda<\/b> ya no es solo una cuesti\u00f3n de bienestar social, sino una <b data-path-to-node=\"5\" data-index-in-node=\"201\">fuente de riesgo potencial para la evoluci\u00f3n de la econom\u00eda<\/b> en su conjunto. Seg\u00fan la encuesta de valoraci\u00f3n de riesgos del organismo, la preocupaci\u00f3n por el mercado inmobiliario ha aumentado significativamente en el \u00faltimo trimestre, superando incluso a las tensiones geopol\u00edticas en la escala de prioridades de los economistas.<\/p>\n<p data-path-to-node=\"6\">Esta incertidumbre radica en que el crecimiento del PIB a medio plazo \u2014que se moderar\u00e1 hacia el <b data-path-to-node=\"6\" data-index-in-node=\"96\">2,2% en 2026 y el 1,9% en 2027<\/b>\u2014 depender\u00e1 en gran medida de c\u00f3mo se resuelvan las presiones en los precios y la inversi\u00f3n residencial. El Banco de Espa\u00f1a recalca que existe un \u00abgrado significativo de incertidumbre\u00bb sobre si el sector podr\u00e1 absorber la demanda actual sin generar desequilibrios mayores.<\/p>\n<h2 data-path-to-node=\"7\"><strong>El precio de la vivienda presionado por la demanda seguir\u00e1 subiendo<\/strong><\/h2>\n<p data-path-to-node=\"8\">Uno de los datos m\u00e1s contundentes del informe es la confirmaci\u00f3n de un <b data-path-to-node=\"8\" data-index-in-node=\"71\">crecimiento de los precios de la vivienda del 12,8% interanual<\/b> hasta el cierre de septiembre. Esta escalada no parece tener un freno cercano debido a la <b data-path-to-node=\"8\" data-index-in-node=\"224\">rigidez de la oferta<\/b> frente a una fortaleza de la demanda que no decae.<\/p>\n<p data-path-to-node=\"9\">El supervisor advierte que, mientras la oferta de nuevos inmuebles permanezca estancada, los precios continuar\u00e1n reflejando esta tensi\u00f3n. En un entorno donde la <b data-path-to-node=\"9\" data-index-in-node=\"161\">inflaci\u00f3n subyacente<\/b> (que excluye energ\u00eda y alimentos frescos) muestra cierta resistencia al bajar \u2014situ\u00e1ndose en el <b data-path-to-node=\"9\" data-index-in-node=\"278\">2,6% este a\u00f1o<\/b>\u2014, el coste de acceso a la vivienda se consolida como un factor inflacionista de primer orden que afecta directamente a la renta disponible de las familias.<\/p>\n<h2 data-path-to-node=\"10\"><strong>Moderaci\u00f3n en el ritmo de concesi\u00f3n de visados para la construcci\u00f3n de vivienda<\/strong><\/h2>\n<p data-path-to-node=\"11\">A pesar de que la demanda exige m\u00e1s producto, los datos de producci\u00f3n muestran se\u00f1ales preocupantes. El Banco de Espa\u00f1a observa una <b data-path-to-node=\"11\" data-index-in-node=\"132\">\u00abdesaceleraci\u00f3n\u00bb en la concesi\u00f3n de visados de obra nueva<\/b> durante el \u00faltimo trimestre de este a\u00f1o. Este fen\u00f3meno es el resultado de diversas <b data-path-to-node=\"11\" data-index-in-node=\"273\">fricciones administrativas y regulatorias<\/b> tanto en la gesti\u00f3n del suelo como en los procesos de edificaci\u00f3n.<\/p>\n<p data-path-to-node=\"12\">Esta p\u00e9rdida de dinamismo en la inversi\u00f3n residencial sugiere que, a corto plazo, la oferta no ser\u00e1 capaz de equilibrar el mercado. Si bien los indicadores de empleo en la construcci\u00f3n y el consumo de cemento se mantienen estables, la falta de nuevos proyectos visados limita la capacidad del sector para actuar como motor de crecimiento y como alivio para los precios de <b data-path-to-node=\"12\" data-index-in-node=\"372\">compraventa y alquiler<\/b>.<\/p>\n<h2 data-path-to-node=\"13\"><strong>Incremento de la demanda de vivienda, impulsado por los flujos migratorios y la creaci\u00f3n neta de hogares<\/strong><\/h2>\n<p data-path-to-node=\"14\">Frente a la debilidad de la oferta, el lado de la demanda presenta un vigor inusitado. El informe destaca que el <b data-path-to-node=\"14\" data-index-in-node=\"113\">notable incremento de la demanda<\/b> est\u00e1 siendo alimentado principalmente por dos factores: los <b data-path-to-node=\"14\" data-index-in-node=\"206\">flujos migratorios<\/b> y una <b data-path-to-node=\"14\" data-index-in-node=\"231\">creaci\u00f3n neta de hogares<\/b> que supera las previsiones anteriores.<\/p>\n<p data-path-to-node=\"15\">Este dinamismo demogr\u00e1fico presiona no solo el mercado de compra, sino de manera muy especial el de <b data-path-to-node=\"15\" data-index-in-node=\"100\">alquiler<\/b>, especialmente en las grandes \u00e1reas urbanas. El Banco de Espa\u00f1a estima que, si los niveles de construcci\u00f3n residencial lograran ganar impulso para satisfacer esta demanda, el crecimiento del PIB podr\u00eda incluso superar las previsiones actuales en una o tres d\u00e9cimas para los a\u00f1os 2026 y 2027.<\/p>\n<h2 data-path-to-node=\"16\"><strong>El gasto de los hogares sostiene la econom\u00eda<\/strong><\/h2>\n<p data-path-to-node=\"17\">El motor que est\u00e1 permitiendo a Espa\u00f1a crecer por encima de la media de la zona euro (que se sit\u00faa en un modesto 1,4% para 2025) es la <b data-path-to-node=\"17\" data-index-in-node=\"135\">robustez del consumo privado<\/b>. Las familias espa\u00f1olas est\u00e1n gastando, especialmente en bienes duraderos, gracias a la <b data-path-to-node=\"17\" data-index-in-node=\"252\">mejora de las condiciones financieras<\/b> y al dinamismo del empleo, con una <b data-path-to-node=\"17\" data-index-in-node=\"325\">tasa de paro que bajar\u00e1 al 10% en 2026<\/b>.<\/p>\n<p data-path-to-node=\"18\">Un dato revelador para el sector financiero y de <b data-path-to-node=\"18\" data-index-in-node=\"49\">hipotecas<\/b> es el cambio en el patr\u00f3n del cr\u00e9dito. Mientras que la financiaci\u00f3n para la adquisici\u00f3n de vivienda ha moderado su crecimiento hasta niveles del <b data-path-to-node=\"18\" data-index-in-node=\"204\">2%<\/b>, los <b data-path-to-node=\"18\" data-index-in-node=\"212\">pr\u00e9stamos al consumo han repuntado un 5,25%<\/b>. Esto indica que, ante la dificultad de acceder a una vivienda por los altos precios y la rigidez de la oferta, parte del ahorro y la capacidad de endeudamiento de las familias se est\u00e1 desviando hacia el consumo de otros bienes, aunque la <b data-path-to-node=\"18\" data-index-in-node=\"495\">tasa de ahorro<\/b> se mantendr\u00e1 en niveles hist\u00f3ricamente altos, por encima del 11%.<\/p>\n<p data-path-to-node=\"19\">En definitiva, las previsiones del Banco de Espa\u00f1a dibujan un pa\u00eds que crece gracias al consumo, pero que tiene en la <b data-path-to-node=\"19\" data-index-in-node=\"118\">vivienda su gran asignatura pendiente<\/b>. La resoluci\u00f3n de las \u00abfricciones\u00bb en la oferta y la gesti\u00f3n de la demanda creciente ser\u00e1n determinantes para que el sector inmobiliario deje de ser un foco de incertidumbre y se convierta en un pilar de estabilidad econ\u00f3mica.<\/p>\n<\/div><\/div><style type=\"text\/css\">.fusion-body .fusion-builder-column-0{width:100% !important;margin-top : 0px;margin-bottom : 0px;}.fusion-builder-column-0 > .fusion-column-wrapper {padding-top : 0px !important;padding-right : 0px !important;margin-right : 1.92%;padding-bottom : 0px !important;padding-left : 0px !important;margin-left : 1.92%;}@media only screen and (max-width:1024px) {.fusion-body .fusion-builder-column-0{width:100% !important;}.fusion-builder-column-0 > .fusion-column-wrapper {margin-right : 1.92%;margin-left : 1.92%;}}@media only screen and (max-width:640px) {.fusion-body .fusion-builder-column-0{width:100% !important;}.fusion-builder-column-0 > .fusion-column-wrapper {margin-right : 1.92%;margin-left : 1.92%;}}<\/style><\/div><\/div><style type=\"text\/css\">.fusion-body .fusion-flex-container.fusion-builder-row-1{ padding-top : 0px;margin-top : 0px;padding-right : 0px;padding-bottom : 0px;margin-bottom : 0px;padding-left : 0px;}<\/style><\/div>\n","protected":false},"excerpt":{"rendered":"<p>A pesar de que la demanda exige m\u00e1s producto, los datos de producci\u00f3n muestran se\u00f1ales preocupantes. El Banco de Espa\u00f1a observa una \u00abdesaceleraci\u00f3n\u00bb en la concesi\u00f3n de visados de obra nueva durante el \u00faltimo trimestre de este a\u00f1o. Este fen\u00f3meno es el resultado de diversas fricciones administrativas y regulatorias tanto en la gesti\u00f3n del suelo como en los procesos de edificaci\u00f3n.<\/p>\n","protected":false},"author":3,"featured_media":49391,"comment_status":"closed","ping_status":"closed","sticky":false,"template":"","format":"standard","meta":{"_jetpack_memberships_contains_paid_content":false,"footnotes":"","jetpack_publicize_message":"","jetpack_publicize_feature_enabled":true,"jetpack_social_post_already_shared":true,"jetpack_social_options":{"image_generator_settings":{"template":"highway","default_image_id":0,"font":"","enabled":false},"version":2}},"categories":[4126],"tags":[8271],"class_list":["post-54488","post","type-post","status-publish","format-standard","has-post-thumbnail","hentry","category-banco-de-espana","tag-newsletter-546"],"yoast_head":"<!-- This site is optimized with the Yoast SEO plugin v27.4 - https:\/\/yoast.com\/product\/yoast-seo-wordpress\/ -->\n<title>Las previsiones del Banco de Espa\u00f1a en el sector de la vivienda<\/title>\n<meta name=\"description\" content=\"Seg\u00fan el Banco de Espa\u00f1a el mercado inmobiliario se ha convertido en una de las variables m\u00e1s cr\u00edticas para la estabilidad futura.\" \/>\n<meta name=\"robots\" content=\"index, follow, max-snippet:-1, max-image-preview:large, max-video-preview:-1\" \/>\n<link rel=\"canonical\" href=\"https:\/\/www.aquimicasa.net\/blog\/economia\/banco-de-espana\/las-previsiones-del-banco-de-espana-en-el-sector-de-la-vivienda\/\" \/>\n<meta property=\"og:locale\" content=\"es_ES\" \/>\n<meta property=\"og:type\" content=\"article\" \/>\n<meta property=\"og:title\" content=\"Las previsiones del Banco de Espa\u00f1a en el sector de la vivienda\" \/>\n<meta property=\"og:description\" content=\"Seg\u00fan el Banco de Espa\u00f1a el mercado inmobiliario se ha convertido en una de las variables m\u00e1s cr\u00edticas para la estabilidad futura.\" \/>\n<meta property=\"og:url\" content=\"https:\/\/www.aquimicasa.net\/blog\/economia\/banco-de-espana\/las-previsiones-del-banco-de-espana-en-el-sector-de-la-vivienda\/\" \/>\n<meta property=\"og:site_name\" content=\"Blog de aquimicasa.net\" \/>\n<meta property=\"article:publisher\" content=\"https:\/\/www.facebook.com\/aquimicasa.net\" \/>\n<meta property=\"article:published_time\" content=\"2025-12-26T21:31:59+00:00\" \/>\n<meta property=\"article:modified_time\" content=\"2025-12-28T10:21:18+00:00\" \/>\n<meta property=\"og:image\" content=\"https:\/\/www.aquimicasa.net\/blog\/wp-content\/uploads\/Banco-de-Espana1.jpg\" \/>\n\t<meta property=\"og:image:width\" content=\"460\" \/>\n\t<meta property=\"og:image:height\" content=\"340\" \/>\n\t<meta property=\"og:image:type\" content=\"image\/jpeg\" \/>\n<meta name=\"author\" content=\"Eduardo Lizarraga\" \/>\n<meta name=\"twitter:label1\" content=\"Escrito por\" \/>\n\t<meta name=\"twitter:data1\" content=\"Eduardo Lizarraga\" \/>\n\t<meta name=\"twitter:label2\" content=\"Tiempo de lectura\" \/>\n\t<meta name=\"twitter:data2\" content=\"5 minutos\" \/>\n<script type=\"application\/ld+json\" class=\"yoast-schema-graph\">{\"@context\":\"https:\\\/\\\/schema.org\",\"@graph\":[{\"@type\":\"Article\",\"@id\":\"https:\\\/\\\/www.aquimicasa.net\\\/blog\\\/economia\\\/banco-de-espana\\\/las-previsiones-del-banco-de-espana-en-el-sector-de-la-vivienda\\\/#article\",\"isPartOf\":{\"@id\":\"https:\\\/\\\/www.aquimicasa.net\\\/blog\\\/economia\\\/banco-de-espana\\\/las-previsiones-del-banco-de-espana-en-el-sector-de-la-vivienda\\\/\"},\"author\":{\"name\":\"Eduardo Lizarraga\",\"@id\":\"https:\\\/\\\/www.aquimicasa.net\\\/blog\\\/#\\\/schema\\\/person\\\/2cdfa2605534583395c8d7ce1d6cac14\"},\"headline\":\"Las previsiones del Banco de Espa\u00f1a en el sector de la vivienda\",\"datePublished\":\"2025-12-26T21:31:59+00:00\",\"dateModified\":\"2025-12-28T10:21:18+00:00\",\"mainEntityOfPage\":{\"@id\":\"https:\\\/\\\/www.aquimicasa.net\\\/blog\\\/economia\\\/banco-de-espana\\\/las-previsiones-del-banco-de-espana-en-el-sector-de-la-vivienda\\\/\"},\"wordCount\":1200,\"publisher\":{\"@id\":\"https:\\\/\\\/www.aquimicasa.net\\\/blog\\\/#organization\"},\"image\":{\"@id\":\"https:\\\/\\\/www.aquimicasa.net\\\/blog\\\/economia\\\/banco-de-espana\\\/las-previsiones-del-banco-de-espana-en-el-sector-de-la-vivienda\\\/#primaryimage\"},\"thumbnailUrl\":\"https:\\\/\\\/www.aquimicasa.net\\\/blog\\\/wp-content\\\/uploads\\\/Banco-de-Espana1.jpg\",\"keywords\":[\"newsletter 546\"],\"articleSection\":[\"Banco de Espa\u00f1a\"],\"inLanguage\":\"es\"},{\"@type\":\"WebPage\",\"@id\":\"https:\\\/\\\/www.aquimicasa.net\\\/blog\\\/economia\\\/banco-de-espana\\\/las-previsiones-del-banco-de-espana-en-el-sector-de-la-vivienda\\\/\",\"url\":\"https:\\\/\\\/www.aquimicasa.net\\\/blog\\\/economia\\\/banco-de-espana\\\/las-previsiones-del-banco-de-espana-en-el-sector-de-la-vivienda\\\/\",\"name\":\"Las previsiones del Banco de Espa\u00f1a en el sector de la vivienda\",\"isPartOf\":{\"@id\":\"https:\\\/\\\/www.aquimicasa.net\\\/blog\\\/#website\"},\"primaryImageOfPage\":{\"@id\":\"https:\\\/\\\/www.aquimicasa.net\\\/blog\\\/economia\\\/banco-de-espana\\\/las-previsiones-del-banco-de-espana-en-el-sector-de-la-vivienda\\\/#primaryimage\"},\"image\":{\"@id\":\"https:\\\/\\\/www.aquimicasa.net\\\/blog\\\/economia\\\/banco-de-espana\\\/las-previsiones-del-banco-de-espana-en-el-sector-de-la-vivienda\\\/#primaryimage\"},\"thumbnailUrl\":\"https:\\\/\\\/www.aquimicasa.net\\\/blog\\\/wp-content\\\/uploads\\\/Banco-de-Espana1.jpg\",\"datePublished\":\"2025-12-26T21:31:59+00:00\",\"dateModified\":\"2025-12-28T10:21:18+00:00\",\"description\":\"Seg\u00fan el Banco de Espa\u00f1a el mercado inmobiliario se ha convertido en una de las variables m\u00e1s cr\u00edticas para la estabilidad futura.\",\"breadcrumb\":{\"@id\":\"https:\\\/\\\/www.aquimicasa.net\\\/blog\\\/economia\\\/banco-de-espana\\\/las-previsiones-del-banco-de-espana-en-el-sector-de-la-vivienda\\\/#breadcrumb\"},\"inLanguage\":\"es\",\"potentialAction\":[{\"@type\":\"ReadAction\",\"target\":[\"https:\\\/\\\/www.aquimicasa.net\\\/blog\\\/economia\\\/banco-de-espana\\\/las-previsiones-del-banco-de-espana-en-el-sector-de-la-vivienda\\\/\"]}]},{\"@type\":\"ImageObject\",\"inLanguage\":\"es\",\"@id\":\"https:\\\/\\\/www.aquimicasa.net\\\/blog\\\/economia\\\/banco-de-espana\\\/las-previsiones-del-banco-de-espana-en-el-sector-de-la-vivienda\\\/#primaryimage\",\"url\":\"https:\\\/\\\/www.aquimicasa.net\\\/blog\\\/wp-content\\\/uploads\\\/Banco-de-Espana1.jpg\",\"contentUrl\":\"https:\\\/\\\/www.aquimicasa.net\\\/blog\\\/wp-content\\\/uploads\\\/Banco-de-Espana1.jpg\",\"width\":460,\"height\":340,\"caption\":\"Las previsiones del Banco de Espa\u00f1a en el sector de la vivienda\"},{\"@type\":\"BreadcrumbList\",\"@id\":\"https:\\\/\\\/www.aquimicasa.net\\\/blog\\\/economia\\\/banco-de-espana\\\/las-previsiones-del-banco-de-espana-en-el-sector-de-la-vivienda\\\/#breadcrumb\",\"itemListElement\":[{\"@type\":\"ListItem\",\"position\":1,\"name\":\"Portada\",\"item\":\"https:\\\/\\\/www.aquimicasa.net\\\/blog\\\/\"},{\"@type\":\"ListItem\",\"position\":2,\"name\":\"Las previsiones del Banco de Espa\u00f1a en el sector de la vivienda\"}]},{\"@type\":\"WebSite\",\"@id\":\"https:\\\/\\\/www.aquimicasa.net\\\/blog\\\/#website\",\"url\":\"https:\\\/\\\/www.aquimicasa.net\\\/blog\\\/\",\"name\":\"Blog de aquimicasa.net\",\"description\":\"Noticias del Mundo Inmobiliario\",\"publisher\":{\"@id\":\"https:\\\/\\\/www.aquimicasa.net\\\/blog\\\/#organization\"},\"potentialAction\":[{\"@type\":\"SearchAction\",\"target\":{\"@type\":\"EntryPoint\",\"urlTemplate\":\"https:\\\/\\\/www.aquimicasa.net\\\/blog\\\/?s={search_term_string}\"},\"query-input\":{\"@type\":\"PropertyValueSpecification\",\"valueRequired\":true,\"valueName\":\"search_term_string\"}}],\"inLanguage\":\"es\"},{\"@type\":\"Organization\",\"@id\":\"https:\\\/\\\/www.aquimicasa.net\\\/blog\\\/#organization\",\"name\":\"Blog de aquimicasa.net\",\"url\":\"https:\\\/\\\/www.aquimicasa.net\\\/blog\\\/\",\"logo\":{\"@type\":\"ImageObject\",\"inLanguage\":\"es\",\"@id\":\"https:\\\/\\\/www.aquimicasa.net\\\/blog\\\/#\\\/schema\\\/logo\\\/image\\\/\",\"url\":\"https:\\\/\\\/www.aquimicasa.net\\\/blog\\\/wp-content\\\/uploads\\\/Logo-aquimicasa-1-e1528048213782.png\",\"contentUrl\":\"https:\\\/\\\/www.aquimicasa.net\\\/blog\\\/wp-content\\\/uploads\\\/Logo-aquimicasa-1-e1528048213782.png\",\"width\":225,\"height\":225,\"caption\":\"Blog de aquimicasa.net\"},\"image\":{\"@id\":\"https:\\\/\\\/www.aquimicasa.net\\\/blog\\\/#\\\/schema\\\/logo\\\/image\\\/\"},\"sameAs\":[\"https:\\\/\\\/www.facebook.com\\\/aquimicasa.net\",\"https:\\\/\\\/www.instagram.com\\\/\",\"https:\\\/\\\/x.com\\\/EduLizarragaD\",\"https:\\\/\\\/www.linkedin.com\\\/feed\\\/\"]},{\"@type\":\"Person\",\"@id\":\"https:\\\/\\\/www.aquimicasa.net\\\/blog\\\/#\\\/schema\\\/person\\\/2cdfa2605534583395c8d7ce1d6cac14\",\"name\":\"Eduardo Lizarraga\",\"image\":{\"@type\":\"ImageObject\",\"inLanguage\":\"es\",\"@id\":\"https:\\\/\\\/secure.gravatar.com\\\/avatar\\\/bdabe1eeeed97b65a9cb7de2edd624b07995f7e13abc5fead15961f745f908cc?s=96&d=mm&r=g\",\"url\":\"https:\\\/\\\/secure.gravatar.com\\\/avatar\\\/bdabe1eeeed97b65a9cb7de2edd624b07995f7e13abc5fead15961f745f908cc?s=96&d=mm&r=g\",\"contentUrl\":\"https:\\\/\\\/secure.gravatar.com\\\/avatar\\\/bdabe1eeeed97b65a9cb7de2edd624b07995f7e13abc5fead15961f745f908cc?s=96&d=mm&r=g\",\"caption\":\"Eduardo Lizarraga\"},\"description\":\"Periodista Econ\u00f3mico. Ha trabajado en diversos campos de la informaci\u00f3n. Corresponsal en conflictos, analista pol\u00edtico en Congreso y Senado, periodista del medio ambiente, editor, director editorial, director de comunicaci\u00f3n.... En estos momentos se ha especializado en el sector inmobiliario. Pero tambi\u00e9n es navegante y viajero, preocupado por la pobreza, el medio ambiente y por las actuaciones descontroladas del neoliberalismo empresarial y pol\u00edtico en todo el mundo. Los desahucios, la pobreza infantil y la falta de acceso a los suministros b\u00e1sicos son algunos de los grandes dramas de nuestra sociedad y que es preciso solucionar para hacerla m\u00e1s justa. CEO en www.aquimicasa.net\",\"sameAs\":[\"https:\\\/\\\/www.aquimicasa.net\\\/\"],\"url\":\"https:\\\/\\\/www.aquimicasa.net\\\/blog\\\/author\\\/eduardo\\\/\"}]}<\/script>\n<!-- \/ Yoast SEO plugin. -->","yoast_head_json":{"title":"Las previsiones del Banco de Espa\u00f1a en el sector de la vivienda","description":"Seg\u00fan el Banco de Espa\u00f1a el mercado inmobiliario se ha convertido en una de las variables m\u00e1s cr\u00edticas para la estabilidad futura.","robots":{"index":"index","follow":"follow","max-snippet":"max-snippet:-1","max-image-preview":"max-image-preview:large","max-video-preview":"max-video-preview:-1"},"canonical":"https:\/\/www.aquimicasa.net\/blog\/economia\/banco-de-espana\/las-previsiones-del-banco-de-espana-en-el-sector-de-la-vivienda\/","og_locale":"es_ES","og_type":"article","og_title":"Las previsiones del Banco de Espa\u00f1a en el sector de la vivienda","og_description":"Seg\u00fan el Banco de Espa\u00f1a el mercado inmobiliario se ha convertido en una de las variables m\u00e1s cr\u00edticas para la estabilidad futura.","og_url":"https:\/\/www.aquimicasa.net\/blog\/economia\/banco-de-espana\/las-previsiones-del-banco-de-espana-en-el-sector-de-la-vivienda\/","og_site_name":"Blog de aquimicasa.net","article_publisher":"https:\/\/www.facebook.com\/aquimicasa.net","article_published_time":"2025-12-26T21:31:59+00:00","article_modified_time":"2025-12-28T10:21:18+00:00","og_image":[{"width":460,"height":340,"url":"https:\/\/www.aquimicasa.net\/blog\/wp-content\/uploads\/Banco-de-Espana1.jpg","type":"image\/jpeg"}],"author":"Eduardo Lizarraga","twitter_misc":{"Escrito por":"Eduardo Lizarraga","Tiempo de lectura":"5 minutos"},"schema":{"@context":"https:\/\/schema.org","@graph":[{"@type":"Article","@id":"https:\/\/www.aquimicasa.net\/blog\/economia\/banco-de-espana\/las-previsiones-del-banco-de-espana-en-el-sector-de-la-vivienda\/#article","isPartOf":{"@id":"https:\/\/www.aquimicasa.net\/blog\/economia\/banco-de-espana\/las-previsiones-del-banco-de-espana-en-el-sector-de-la-vivienda\/"},"author":{"name":"Eduardo Lizarraga","@id":"https:\/\/www.aquimicasa.net\/blog\/#\/schema\/person\/2cdfa2605534583395c8d7ce1d6cac14"},"headline":"Las previsiones del Banco de Espa\u00f1a en el sector de la vivienda","datePublished":"2025-12-26T21:31:59+00:00","dateModified":"2025-12-28T10:21:18+00:00","mainEntityOfPage":{"@id":"https:\/\/www.aquimicasa.net\/blog\/economia\/banco-de-espana\/las-previsiones-del-banco-de-espana-en-el-sector-de-la-vivienda\/"},"wordCount":1200,"publisher":{"@id":"https:\/\/www.aquimicasa.net\/blog\/#organization"},"image":{"@id":"https:\/\/www.aquimicasa.net\/blog\/economia\/banco-de-espana\/las-previsiones-del-banco-de-espana-en-el-sector-de-la-vivienda\/#primaryimage"},"thumbnailUrl":"https:\/\/www.aquimicasa.net\/blog\/wp-content\/uploads\/Banco-de-Espana1.jpg","keywords":["newsletter 546"],"articleSection":["Banco de Espa\u00f1a"],"inLanguage":"es"},{"@type":"WebPage","@id":"https:\/\/www.aquimicasa.net\/blog\/economia\/banco-de-espana\/las-previsiones-del-banco-de-espana-en-el-sector-de-la-vivienda\/","url":"https:\/\/www.aquimicasa.net\/blog\/economia\/banco-de-espana\/las-previsiones-del-banco-de-espana-en-el-sector-de-la-vivienda\/","name":"Las previsiones del Banco de Espa\u00f1a en el sector de la vivienda","isPartOf":{"@id":"https:\/\/www.aquimicasa.net\/blog\/#website"},"primaryImageOfPage":{"@id":"https:\/\/www.aquimicasa.net\/blog\/economia\/banco-de-espana\/las-previsiones-del-banco-de-espana-en-el-sector-de-la-vivienda\/#primaryimage"},"image":{"@id":"https:\/\/www.aquimicasa.net\/blog\/economia\/banco-de-espana\/las-previsiones-del-banco-de-espana-en-el-sector-de-la-vivienda\/#primaryimage"},"thumbnailUrl":"https:\/\/www.aquimicasa.net\/blog\/wp-content\/uploads\/Banco-de-Espana1.jpg","datePublished":"2025-12-26T21:31:59+00:00","dateModified":"2025-12-28T10:21:18+00:00","description":"Seg\u00fan el Banco de Espa\u00f1a el mercado inmobiliario se ha convertido en una de las variables m\u00e1s cr\u00edticas para la estabilidad futura.","breadcrumb":{"@id":"https:\/\/www.aquimicasa.net\/blog\/economia\/banco-de-espana\/las-previsiones-del-banco-de-espana-en-el-sector-de-la-vivienda\/#breadcrumb"},"inLanguage":"es","potentialAction":[{"@type":"ReadAction","target":["https:\/\/www.aquimicasa.net\/blog\/economia\/banco-de-espana\/las-previsiones-del-banco-de-espana-en-el-sector-de-la-vivienda\/"]}]},{"@type":"ImageObject","inLanguage":"es","@id":"https:\/\/www.aquimicasa.net\/blog\/economia\/banco-de-espana\/las-previsiones-del-banco-de-espana-en-el-sector-de-la-vivienda\/#primaryimage","url":"https:\/\/www.aquimicasa.net\/blog\/wp-content\/uploads\/Banco-de-Espana1.jpg","contentUrl":"https:\/\/www.aquimicasa.net\/blog\/wp-content\/uploads\/Banco-de-Espana1.jpg","width":460,"height":340,"caption":"Las previsiones del Banco de Espa\u00f1a en el sector de la vivienda"},{"@type":"BreadcrumbList","@id":"https:\/\/www.aquimicasa.net\/blog\/economia\/banco-de-espana\/las-previsiones-del-banco-de-espana-en-el-sector-de-la-vivienda\/#breadcrumb","itemListElement":[{"@type":"ListItem","position":1,"name":"Portada","item":"https:\/\/www.aquimicasa.net\/blog\/"},{"@type":"ListItem","position":2,"name":"Las previsiones del Banco de Espa\u00f1a en el sector de la vivienda"}]},{"@type":"WebSite","@id":"https:\/\/www.aquimicasa.net\/blog\/#website","url":"https:\/\/www.aquimicasa.net\/blog\/","name":"Blog de aquimicasa.net","description":"Noticias del Mundo Inmobiliario","publisher":{"@id":"https:\/\/www.aquimicasa.net\/blog\/#organization"},"potentialAction":[{"@type":"SearchAction","target":{"@type":"EntryPoint","urlTemplate":"https:\/\/www.aquimicasa.net\/blog\/?s={search_term_string}"},"query-input":{"@type":"PropertyValueSpecification","valueRequired":true,"valueName":"search_term_string"}}],"inLanguage":"es"},{"@type":"Organization","@id":"https:\/\/www.aquimicasa.net\/blog\/#organization","name":"Blog de aquimicasa.net","url":"https:\/\/www.aquimicasa.net\/blog\/","logo":{"@type":"ImageObject","inLanguage":"es","@id":"https:\/\/www.aquimicasa.net\/blog\/#\/schema\/logo\/image\/","url":"https:\/\/www.aquimicasa.net\/blog\/wp-content\/uploads\/Logo-aquimicasa-1-e1528048213782.png","contentUrl":"https:\/\/www.aquimicasa.net\/blog\/wp-content\/uploads\/Logo-aquimicasa-1-e1528048213782.png","width":225,"height":225,"caption":"Blog de aquimicasa.net"},"image":{"@id":"https:\/\/www.aquimicasa.net\/blog\/#\/schema\/logo\/image\/"},"sameAs":["https:\/\/www.facebook.com\/aquimicasa.net","https:\/\/www.instagram.com\/","https:\/\/x.com\/EduLizarragaD","https:\/\/www.linkedin.com\/feed\/"]},{"@type":"Person","@id":"https:\/\/www.aquimicasa.net\/blog\/#\/schema\/person\/2cdfa2605534583395c8d7ce1d6cac14","name":"Eduardo Lizarraga","image":{"@type":"ImageObject","inLanguage":"es","@id":"https:\/\/secure.gravatar.com\/avatar\/bdabe1eeeed97b65a9cb7de2edd624b07995f7e13abc5fead15961f745f908cc?s=96&d=mm&r=g","url":"https:\/\/secure.gravatar.com\/avatar\/bdabe1eeeed97b65a9cb7de2edd624b07995f7e13abc5fead15961f745f908cc?s=96&d=mm&r=g","contentUrl":"https:\/\/secure.gravatar.com\/avatar\/bdabe1eeeed97b65a9cb7de2edd624b07995f7e13abc5fead15961f745f908cc?s=96&d=mm&r=g","caption":"Eduardo Lizarraga"},"description":"Periodista Econ\u00f3mico. Ha trabajado en diversos campos de la informaci\u00f3n. Corresponsal en conflictos, analista pol\u00edtico en Congreso y Senado, periodista del medio ambiente, editor, director editorial, director de comunicaci\u00f3n.... En estos momentos se ha especializado en el sector inmobiliario. Pero tambi\u00e9n es navegante y viajero, preocupado por la pobreza, el medio ambiente y por las actuaciones descontroladas del neoliberalismo empresarial y pol\u00edtico en todo el mundo. Los desahucios, la pobreza infantil y la falta de acceso a los suministros b\u00e1sicos son algunos de los grandes dramas de nuestra sociedad y que es preciso solucionar para hacerla m\u00e1s justa. CEO en www.aquimicasa.net","sameAs":["https:\/\/www.aquimicasa.net\/"],"url":"https:\/\/www.aquimicasa.net\/blog\/author\/eduardo\/"}]}},"jetpack_publicize_connections":[],"jetpack_featured_media_url":"https:\/\/www.aquimicasa.net\/blog\/wp-content\/uploads\/Banco-de-Espana1.jpg","jetpack_sharing_enabled":true,"jetpack_likes_enabled":true,"_links":{"self":[{"href":"https:\/\/www.aquimicasa.net\/blog\/wp-json\/wp\/v2\/posts\/54488","targetHints":{"allow":["GET"]}}],"collection":[{"href":"https:\/\/www.aquimicasa.net\/blog\/wp-json\/wp\/v2\/posts"}],"about":[{"href":"https:\/\/www.aquimicasa.net\/blog\/wp-json\/wp\/v2\/types\/post"}],"author":[{"embeddable":true,"href":"https:\/\/www.aquimicasa.net\/blog\/wp-json\/wp\/v2\/users\/3"}],"replies":[{"embeddable":true,"href":"https:\/\/www.aquimicasa.net\/blog\/wp-json\/wp\/v2\/comments?post=54488"}],"version-history":[{"count":6,"href":"https:\/\/www.aquimicasa.net\/blog\/wp-json\/wp\/v2\/posts\/54488\/revisions"}],"predecessor-version":[{"id":54502,"href":"https:\/\/www.aquimicasa.net\/blog\/wp-json\/wp\/v2\/posts\/54488\/revisions\/54502"}],"wp:featuredmedia":[{"embeddable":true,"href":"https:\/\/www.aquimicasa.net\/blog\/wp-json\/wp\/v2\/media\/49391"}],"wp:attachment":[{"href":"https:\/\/www.aquimicasa.net\/blog\/wp-json\/wp\/v2\/media?parent=54488"}],"wp:term":[{"taxonomy":"category","embeddable":true,"href":"https:\/\/www.aquimicasa.net\/blog\/wp-json\/wp\/v2\/categories?post=54488"},{"taxonomy":"post_tag","embeddable":true,"href":"https:\/\/www.aquimicasa.net\/blog\/wp-json\/wp\/v2\/tags?post=54488"}],"curies":[{"name":"wp","href":"https:\/\/api.w.org\/{rel}","templated":true}]}}