{"id":54532,"date":"2025-12-29T21:27:52","date_gmt":"2025-12-29T20:27:52","guid":{"rendered":"https:\/\/www.aquimicasa.net\/blog\/?p=54532"},"modified":"2025-12-29T21:27:52","modified_gmt":"2025-12-29T20:27:52","slug":"el-precio-de-la-vivienda-nueva-sube-un-8-9-anual","status":"publish","type":"post","link":"https:\/\/www.aquimicasa.net\/blog\/vivienda\/construccion-de-viviendas\/el-precio-de-la-vivienda-nueva-sube-un-8-9-anual\/","title":{"rendered":"El precio de la vivienda nueva sube un 8.9% anual"},"content":{"rendered":"<div class=\"fusion-fullwidth fullwidth-box fusion-builder-row-1 fusion-flex-container nonhundred-percent-fullwidth non-hundred-percent-height-scrolling\" style=\"background-color: rgba(255,255,255,0);background-position: center center;background-repeat: no-repeat;border-width: 0px 0px 0px 0px;border-color:#eae9e9;border-style:solid;\" ><div class=\"fusion-builder-row fusion-row fusion-flex-align-items-flex-start\" style=\"max-width:1144px;margin-left: calc(-4% \/ 2 );margin-right: calc(-4% \/ 2 );\"><div class=\"fusion-layout-column fusion_builder_column fusion-builder-column-0 fusion_builder_column_1_1 1_1 fusion-flex-column\"><div class=\"fusion-column-wrapper fusion-flex-justify-content-flex-start fusion-content-layout-column\" style=\"background-position:left top;background-repeat:no-repeat;-webkit-background-size:cover;-moz-background-size:cover;-o-background-size:cover;background-size:cover;padding: 0px 0px 0px 0px;\"><div class=\"fusion-text fusion-text-1\"><section class=\"o-section\">\n<div class=\"o-container \">\n<div id=\"m91977-91975-91978\">\n<article class=\"u-grid u-grid-columns-3 u-grid-col-gap-20 c-detail c-detail__case-01\">\n<div id=\"startContent\" class=\"u-grid-col-span-2\">\n<div id=\"trinityContainerScript\" class=\"c-detail__body u-pt-0 u-bt-none-i\">\n<div class=\"flex flex-col text-sm pb-25\">\n<article class=\"text-token-text-primary w-full focus:outline-none &#091;--shadow-height:45px&#093; has-data-writing-block:pointer-events-none has-data-writing-block:-mt-(--shadow-height) has-data-writing-block:pt-(--shadow-height) &#091;&amp;:has(&#091;data-writing-block&#093;)&gt;*&#093;:pointer-events-auto scroll-mt-&#091;calc(var(--header-height)+min(200px,max(70px,20svh)))&#093;\" dir=\"auto\" tabindex=\"-1\" data-turn-id=\"request-694f87fb-50a4-832a-93be-16e6456f352f-5\" data-testid=\"conversation-turn-114\" data-scroll-anchor=\"true\" data-turn=\"assistant\">\n<div class=\"text-base my-auto mx-auto pb-10 &#091;--thread-content-margin:--spacing(4)&#093; @w-sm\/main:&#091;--thread-content-margin:--spacing(6)&#093; @w-lg\/main:&#091;--thread-content-margin:--spacing(16)&#093; px-(--thread-content-margin)\">\n<div class=\"&#091;--thread-content-max-width:40rem&#093; @w-lg\/main:&#091;--thread-content-max-width:48rem&#093; mx-auto max-w-(--thread-content-max-width) flex-1 group\/turn-messages focus-visible:outline-hidden relative flex w-full min-w-0 flex-col agent-turn\" tabindex=\"-1\">\n<div class=\"flex max-w-full flex-col grow\">\n<div class=\"min-h-8 text-message relative flex w-full flex-col items-end gap-2 text-start break-words whitespace-normal &#091;.text-message+&amp;&#093;:mt-1\" dir=\"auto\" data-message-author-role=\"assistant\" data-message-id=\"03d3a502-33ef-48e9-b114-7b7614eea8d4\" data-message-model-slug=\"gpt-5-2\">\n<div class=\"flex w-full flex-col gap-1 empty:hidden first:pt-&#091;1px&#093;\">\n<div class=\"markdown prose dark:prose-invert w-full break-words light markdown-new-styling\">\n<p data-start=\"283\" data-end=\"896\">El mercado residencial espa\u00f1ol vuelve a marcar m\u00e1ximos hist\u00f3ricos en el segmento de la obra nueva. El <strong data-start=\"385\" data-end=\"422\">precio medio de la vivienda nueva<\/strong> ha cerrado diciembre con un <strong data-start=\"451\" data-end=\"485\">incremento interanual del 8,9%<\/strong> y una subida semestral del 4,7%, hasta situarse en <strong data-start=\"537\" data-end=\"571\">3.298 euros por metro cuadrado<\/strong>, seg\u00fan el \u00faltimo informe de <strong data-start=\"600\" data-end=\"638\">Tendencias del Sector Inmobiliario<\/strong> elaborado por Sociedad de Tasaci\u00f3n. Este crecimiento se produce en un contexto de <strong data-start=\"721\" data-end=\"742\">demanda sostenida<\/strong>, condiciones de financiaci\u00f3n todav\u00eda atractivas y una <strong data-start=\"797\" data-end=\"831\">oferta claramente insuficiente<\/strong>, especialmente en los principales mercados urbanos y tur\u00edsticos.<\/p>\n<p data-start=\"898\" data-end=\"1332\">Este nuevo repunte consolida una tendencia alcista que se mantiene desde hace varios ejercicios y que refleja los desequilibrios estructurales del mercado inmobiliario espa\u00f1ol, donde la producci\u00f3n de vivienda nueva no logra acompasar el ritmo de crecimiento de la demanda. Como consecuencia, el acceso a la vivienda contin\u00faa deterior\u00e1ndose, tanto en compraventa como en alquiler, con un impacto directo en los hogares y en el consumo.<\/p>\n<h2 data-start=\"1334\" data-end=\"1395\"><strong>El ritmo de crecimiento es el m\u00e1s alto de los \u00faltimos 19 a\u00f1os<\/strong><\/h2>\n<p data-start=\"1397\" data-end=\"1771\">Uno de los datos m\u00e1s relevantes del informe es que el <strong data-start=\"1451\" data-end=\"1507\">ritmo de crecimiento del precio de la vivienda nueva<\/strong> registrado al cierre de 2025 es el <strong data-start=\"1543\" data-end=\"1581\">m\u00e1s elevado de los \u00faltimos 19 a\u00f1os<\/strong>. En t\u00e9rminos pr\u00e1cticos, una vivienda tipo de 100 metros cuadrados alcanza ya un valor medio de <strong data-start=\"1677\" data-end=\"1694\">329.800 euros<\/strong>, una cifra que deja fuera del mercado a una parte creciente de la poblaci\u00f3n.<\/p>\n<p data-start=\"1773\" data-end=\"2215\">Desde Sociedad de Tasaci\u00f3n se\u00f1alan que el mercado residencial ha mantenido un <strong data-start=\"1851\" data-end=\"1894\">elevado nivel de actividad durante 2025<\/strong>, consolidando una fase expansiva del ciclo inmobiliario. No obstante, comienzan a aparecer <strong data-start=\"1986\" data-end=\"2008\">se\u00f1ales de madurez<\/strong>, a medida que los precios se aproximan a los l\u00edmites de accesibilidad de la demanda. Esta situaci\u00f3n genera tensiones crecientes, especialmente entre los compradores j\u00f3venes y las familias con rentas medias.<\/p>\n<p data-start=\"2217\" data-end=\"2536\">Las previsiones para los pr\u00f3ximos meses apuntan a la continuidad de esta tendencia. A cierre del primer trimestre de 2026, Sociedad de Tasaci\u00f3n proyecta un precio medio de <strong data-start=\"2389\" data-end=\"2423\">3.365 euros por metro cuadrado<\/strong>, lo que supondr\u00eda mantener una subida interanual del 8,9% y un incremento semestral algo m\u00e1s moderado, del 4,3%.<\/p>\n<h2 data-start=\"2538\" data-end=\"2594\"><strong>El precio de la vivienda nueva por Comunidades Aut\u00f3nomas<\/strong><\/h2>\n<p data-start=\"2596\" data-end=\"2942\">El an\u00e1lisis territorial muestra importantes diferencias entre comunidades aut\u00f3nomas. <strong data-start=\"2681\" data-end=\"2693\">Catalu\u00f1a<\/strong>, con <strong data-start=\"2699\" data-end=\"2733\">5.288 euros por metro cuadrado<\/strong>, <strong data-start=\"2735\" data-end=\"2758\">Comunidad de Madrid<\/strong> (5.172 euros) y <strong data-start=\"2775\" data-end=\"2789\">Pa\u00eds Vasco<\/strong> (3.582 euros) se sit\u00faan como las regiones con el precio de la vivienda nueva m\u00e1s elevado en t\u00e9rminos absolutos, superando ampliamente la media nacional.<\/p>\n<p data-start=\"2944\" data-end=\"3252\">Junto a estas, otras seis comunidades aut\u00f3nomas han alcanzado <strong data-start=\"3006\" data-end=\"3028\">m\u00e1ximos hist\u00f3ricos<\/strong> en la serie de precios de vivienda nueva: <strong data-start=\"3071\" data-end=\"3146\">Andaluc\u00eda, Asturias, Baleares, Canarias, Comunidad Valenciana y Galicia<\/strong>, lo que evidencia que la presi\u00f3n sobre los precios no se limita \u00fanicamente a los grandes n\u00facleos urbanos.<\/p>\n<p data-start=\"3254\" data-end=\"3677\">En cuanto a la evoluci\u00f3n anual, todas las comunidades han registrado subidas. La variaci\u00f3n positiva oscila entre el <strong data-start=\"3370\" data-end=\"3390\">4,4% de Asturias<\/strong> y el <strong data-start=\"3396\" data-end=\"3431\">10,7% de la Comunidad de Madrid<\/strong>, que lidera el crecimiento del precio en 2025. Le siguen <strong data-start=\"3489\" data-end=\"3501\">Baleares<\/strong> (+10,1%), <strong data-start=\"3512\" data-end=\"3524\">Catalu\u00f1a<\/strong> (+9,6%) y <strong data-start=\"3535\" data-end=\"3559\">Comunidad Valenciana<\/strong> (+8,6%). En el extremo contrario, solo <strong data-start=\"3599\" data-end=\"3611\">Asturias<\/strong> y <strong data-start=\"3614\" data-end=\"3636\">Castilla-La Mancha<\/strong> presentan incrementos por debajo del 5%.<\/p>\n<p data-start=\"3679\" data-end=\"4032\">A nivel de capitales de provincia, en <strong data-start=\"3717\" data-end=\"3733\">14 de las 52<\/strong>, incluyendo Ceuta y Melilla, la vivienda nueva ya se sit\u00faa en m\u00e1ximos hist\u00f3ricos, entre ellas <strong data-start=\"3828\" data-end=\"3932\">Barcelona, Madrid, San Sebasti\u00e1n, Bilbao, Palma de Mallorca, M\u00e1laga, Valencia, A Coru\u00f1a y Las Palmas<\/strong>, lo que confirma la intensidad del encarecimiento en los principales polos econ\u00f3micos y tur\u00edsticos.<\/p>\n<h2 data-start=\"4034\" data-end=\"4086\"><strong>El \u00edndice de esfuerzo inmobiliario contin\u00faa subiendo<\/strong><\/h2>\n<p data-start=\"4088\" data-end=\"4494\">El <strong data-start=\"4091\" data-end=\"4126\">\u00cdndice de Esfuerzo Inmobiliario<\/strong> elaborado por Sociedad de Tasaci\u00f3n, que mide los a\u00f1os de salario \u00edntegro necesarios para adquirir una vivienda media, se ha situado en <strong data-start=\"4262\" data-end=\"4274\">7,6 a\u00f1os<\/strong> en el cuarto trimestre de 2025. Este indicador ha registrado un leve aumento trimestral del 0,2% y un incremento interanual del 1,7%, manteni\u00e9ndose relativamente estable desde mediados de 2022, pero en niveles elevados.<\/p>\n<p data-start=\"4496\" data-end=\"4977\">Por comunidades aut\u00f3nomas, <strong data-start=\"4523\" data-end=\"4535\">Baleares<\/strong> contin\u00faa siendo el territorio con mayor esfuerzo, con <strong data-start=\"4590\" data-end=\"4622\">19,4 a\u00f1os de salario \u00edntegro<\/strong>, a pesar de haber registrado un descenso interanual del 3,7%. En el lado opuesto se sit\u00faa <strong data-start=\"4713\" data-end=\"4728\">Extremadura<\/strong>, donde se requieren <strong data-start=\"4749\" data-end=\"4772\">4,9 a\u00f1os de salario<\/strong> para la compra de una vivienda. La <strong data-start=\"4808\" data-end=\"4831\">Comunidad de Madrid<\/strong>, con <strong data-start=\"4837\" data-end=\"4850\">10,2 a\u00f1os<\/strong>, vuelve a alcanzar cifras que no se ve\u00edan desde 2012, reflejando la creciente dificultad de acceso a la vivienda en la regi\u00f3n.<\/p>\n<h2 data-start=\"4979\" data-end=\"5010\"><strong>Previsiones para el pr\u00f3ximo a\u00f1o<\/strong><\/h2>\n<p data-start=\"5012\" data-end=\"5448\">De cara a 2026, las previsiones apuntan a un escenario de <strong data-start=\"5070\" data-end=\"5111\">moderaci\u00f3n en el ritmo de crecimiento<\/strong>, pero sin correcciones significativas de precios. La <strong data-start=\"5165\" data-end=\"5195\">escasez de suelo finalista<\/strong>, el aumento de los <strong data-start=\"5215\" data-end=\"5241\">costes de construcci\u00f3n<\/strong>, que ya superan los <strong data-start=\"5262\" data-end=\"5296\">1.360 euros por metro cuadrado<\/strong>, y las futuras exigencias t\u00e9cnicas y regulatorias, como la modificaci\u00f3n del C\u00f3digo T\u00e9cnico de la Edificaci\u00f3n, seguir\u00e1n presionando al alza los precios.<\/p>\n<p data-start=\"5450\" data-end=\"5746\">A ello se suma un <strong data-start=\"5468\" data-end=\"5504\">\u00cdndice de Confianza Inmobiliario<\/strong> que encadena ocho trimestres consecutivos de crecimiento y se sit\u00faa en un nuevo m\u00e1ximo hist\u00f3rico de <strong data-start=\"5605\" data-end=\"5630\">59,2 puntos sobre 100<\/strong>, lo que refleja que el sector mantiene expectativas positivas a pesar de las crecientes tensiones de accesibilidad.<\/p>\n<p data-start=\"5748\" data-end=\"6152\" data-is-last-node=\"\" data-is-only-node=\"\">En este contexto, el encarecimiento de la vivienda nueva se consolida como uno de los <strong data-start=\"5834\" data-end=\"5891\">principales desaf\u00edos del mercado inmobiliario espa\u00f1ol<\/strong>, con efectos directos sobre las compraventas, las hipotecas, el alquiler y el consumo, y vuelve a poner en primer plano la necesidad de <strong data-start=\"6028\" data-end=\"6065\">incrementar la oferta de vivienda<\/strong> como elemento clave para contener los precios y mejorar el acceso a un derecho b\u00e1sico.<\/p>\n<\/div>\n<\/div>\n<\/div>\n<\/div>\n<\/div>\n<\/div>\n<\/article>\n<\/div>\n<\/div>\n<\/div>\n<\/article>\n<\/div>\n<\/div>\n<\/section>\n<\/div><\/div><style type=\"text\/css\">.fusion-body .fusion-builder-column-0{width:100% !important;margin-top : 0px;margin-bottom : 0px;}.fusion-builder-column-0 > .fusion-column-wrapper {padding-top : 0px !important;padding-right : 0px !important;margin-right : 1.92%;padding-bottom : 0px !important;padding-left : 0px !important;margin-left : 1.92%;}@media only screen and (max-width:1024px) {.fusion-body .fusion-builder-column-0{width:100% !important;}.fusion-builder-column-0 > .fusion-column-wrapper {margin-right : 1.92%;margin-left : 1.92%;}}@media only screen and (max-width:640px) {.fusion-body .fusion-builder-column-0{width:100% !important;}.fusion-builder-column-0 > .fusion-column-wrapper {margin-right : 1.92%;margin-left : 1.92%;}}<\/style><\/div><\/div><style type=\"text\/css\">.fusion-body .fusion-flex-container.fusion-builder-row-1{ padding-top : 0px;margin-top : 0px;padding-right : 0px;padding-bottom : 0px;margin-bottom : 0px;padding-left : 0px;}<\/style><\/div>\n","protected":false},"excerpt":{"rendered":"<p>Este nuevo repunte consolida una tendencia alcista que se mantiene desde hace varios ejercicios y que refleja los desequilibrios estructurales del mercado inmobiliario espa\u00f1ol, donde la producci\u00f3n de vivienda nueva no logra acompasar el ritmo de crecimiento de la demanda<\/p>\n","protected":false},"author":3,"featured_media":48520,"comment_status":"closed","ping_status":"closed","sticky":false,"template":"","format":"standard","meta":{"_jetpack_memberships_contains_paid_content":false,"footnotes":"","jetpack_publicize_message":"","jetpack_publicize_feature_enabled":true,"jetpack_social_post_already_shared":true,"jetpack_social_options":{"image_generator_settings":{"template":"highway","default_image_id":0,"font":"","enabled":false},"version":2}},"categories":[96],"tags":[8271],"class_list":["post-54532","post","type-post","status-publish","format-standard","has-post-thumbnail","hentry","category-construccion-de-viviendas","tag-newsletter-546"],"yoast_head":"<!-- This site is optimized with the Yoast SEO plugin v27.5 - https:\/\/yoast.com\/product\/yoast-seo-wordpress\/ -->\n<title>El precio de la vivienda nueva sube un 8.9% anual<\/title>\n<meta name=\"description\" content=\"El encarecimiento de la vivienda nueva se consolida como uno de los principales desaf\u00edos del mercado inmobiliario espa\u00f1ol\" \/>\n<meta name=\"robots\" content=\"index, follow, max-snippet:-1, max-image-preview:large, max-video-preview:-1\" \/>\n<link rel=\"canonical\" href=\"https:\/\/www.aquimicasa.net\/blog\/vivienda\/construccion-de-viviendas\/el-precio-de-la-vivienda-nueva-sube-un-8-9-anual\/\" \/>\n<meta property=\"og:locale\" content=\"es_ES\" \/>\n<meta property=\"og:type\" content=\"article\" \/>\n<meta property=\"og:title\" content=\"El precio de la vivienda nueva sube un 8.9% anual\" \/>\n<meta property=\"og:description\" content=\"El encarecimiento de la vivienda nueva se consolida como uno de los principales desaf\u00edos del mercado inmobiliario espa\u00f1ol\" \/>\n<meta property=\"og:url\" content=\"https:\/\/www.aquimicasa.net\/blog\/vivienda\/construccion-de-viviendas\/el-precio-de-la-vivienda-nueva-sube-un-8-9-anual\/\" \/>\n<meta property=\"og:site_name\" content=\"Blog de aquimicasa.net\" \/>\n<meta property=\"article:publisher\" content=\"https:\/\/www.facebook.com\/aquimicasa.net\" \/>\n<meta property=\"article:published_time\" content=\"2025-12-29T20:27:52+00:00\" \/>\n<meta property=\"og:image\" content=\"https:\/\/www.aquimicasa.net\/blog\/wp-content\/uploads\/vivienda-nueva.jpg\" \/>\n\t<meta property=\"og:image:width\" content=\"768\" \/>\n\t<meta property=\"og:image:height\" content=\"516\" \/>\n\t<meta property=\"og:image:type\" content=\"image\/jpeg\" \/>\n<meta name=\"author\" content=\"Eduardo Lizarraga\" \/>\n<meta name=\"twitter:label1\" content=\"Escrito por\" \/>\n\t<meta name=\"twitter:data1\" content=\"Eduardo Lizarraga\" \/>\n\t<meta name=\"twitter:label2\" content=\"Tiempo de lectura\" \/>\n\t<meta name=\"twitter:data2\" content=\"5 minutos\" \/>\n<script type=\"application\/ld+json\" class=\"yoast-schema-graph\">{\"@context\":\"https:\\\/\\\/schema.org\",\"@graph\":[{\"@type\":\"Article\",\"@id\":\"https:\\\/\\\/www.aquimicasa.net\\\/blog\\\/vivienda\\\/construccion-de-viviendas\\\/el-precio-de-la-vivienda-nueva-sube-un-8-9-anual\\\/#article\",\"isPartOf\":{\"@id\":\"https:\\\/\\\/www.aquimicasa.net\\\/blog\\\/vivienda\\\/construccion-de-viviendas\\\/el-precio-de-la-vivienda-nueva-sube-un-8-9-anual\\\/\"},\"author\":{\"name\":\"Eduardo Lizarraga\",\"@id\":\"https:\\\/\\\/www.aquimicasa.net\\\/blog\\\/#\\\/schema\\\/person\\\/2cdfa2605534583395c8d7ce1d6cac14\"},\"headline\":\"El precio de la vivienda nueva sube un 8.9% anual\",\"datePublished\":\"2025-12-29T20:27:52+00:00\",\"mainEntityOfPage\":{\"@id\":\"https:\\\/\\\/www.aquimicasa.net\\\/blog\\\/vivienda\\\/construccion-de-viviendas\\\/el-precio-de-la-vivienda-nueva-sube-un-8-9-anual\\\/\"},\"wordCount\":1186,\"publisher\":{\"@id\":\"https:\\\/\\\/www.aquimicasa.net\\\/blog\\\/#organization\"},\"image\":{\"@id\":\"https:\\\/\\\/www.aquimicasa.net\\\/blog\\\/vivienda\\\/construccion-de-viviendas\\\/el-precio-de-la-vivienda-nueva-sube-un-8-9-anual\\\/#primaryimage\"},\"thumbnailUrl\":\"https:\\\/\\\/www.aquimicasa.net\\\/blog\\\/wp-content\\\/uploads\\\/vivienda-nueva.jpg\",\"keywords\":[\"newsletter 546\"],\"articleSection\":[\"Obra Nueva\"],\"inLanguage\":\"es\"},{\"@type\":\"WebPage\",\"@id\":\"https:\\\/\\\/www.aquimicasa.net\\\/blog\\\/vivienda\\\/construccion-de-viviendas\\\/el-precio-de-la-vivienda-nueva-sube-un-8-9-anual\\\/\",\"url\":\"https:\\\/\\\/www.aquimicasa.net\\\/blog\\\/vivienda\\\/construccion-de-viviendas\\\/el-precio-de-la-vivienda-nueva-sube-un-8-9-anual\\\/\",\"name\":\"El precio de la vivienda nueva sube un 8.9% anual\",\"isPartOf\":{\"@id\":\"https:\\\/\\\/www.aquimicasa.net\\\/blog\\\/#website\"},\"primaryImageOfPage\":{\"@id\":\"https:\\\/\\\/www.aquimicasa.net\\\/blog\\\/vivienda\\\/construccion-de-viviendas\\\/el-precio-de-la-vivienda-nueva-sube-un-8-9-anual\\\/#primaryimage\"},\"image\":{\"@id\":\"https:\\\/\\\/www.aquimicasa.net\\\/blog\\\/vivienda\\\/construccion-de-viviendas\\\/el-precio-de-la-vivienda-nueva-sube-un-8-9-anual\\\/#primaryimage\"},\"thumbnailUrl\":\"https:\\\/\\\/www.aquimicasa.net\\\/blog\\\/wp-content\\\/uploads\\\/vivienda-nueva.jpg\",\"datePublished\":\"2025-12-29T20:27:52+00:00\",\"description\":\"El encarecimiento de la vivienda nueva se consolida como uno de los principales desaf\u00edos del mercado inmobiliario espa\u00f1ol\",\"breadcrumb\":{\"@id\":\"https:\\\/\\\/www.aquimicasa.net\\\/blog\\\/vivienda\\\/construccion-de-viviendas\\\/el-precio-de-la-vivienda-nueva-sube-un-8-9-anual\\\/#breadcrumb\"},\"inLanguage\":\"es\",\"potentialAction\":[{\"@type\":\"ReadAction\",\"target\":[\"https:\\\/\\\/www.aquimicasa.net\\\/blog\\\/vivienda\\\/construccion-de-viviendas\\\/el-precio-de-la-vivienda-nueva-sube-un-8-9-anual\\\/\"]}]},{\"@type\":\"ImageObject\",\"inLanguage\":\"es\",\"@id\":\"https:\\\/\\\/www.aquimicasa.net\\\/blog\\\/vivienda\\\/construccion-de-viviendas\\\/el-precio-de-la-vivienda-nueva-sube-un-8-9-anual\\\/#primaryimage\",\"url\":\"https:\\\/\\\/www.aquimicasa.net\\\/blog\\\/wp-content\\\/uploads\\\/vivienda-nueva.jpg\",\"contentUrl\":\"https:\\\/\\\/www.aquimicasa.net\\\/blog\\\/wp-content\\\/uploads\\\/vivienda-nueva.jpg\",\"width\":768,\"height\":516,\"caption\":\"La vivienda nueva se encarece un 8,9% en 2025\"},{\"@type\":\"BreadcrumbList\",\"@id\":\"https:\\\/\\\/www.aquimicasa.net\\\/blog\\\/vivienda\\\/construccion-de-viviendas\\\/el-precio-de-la-vivienda-nueva-sube-un-8-9-anual\\\/#breadcrumb\",\"itemListElement\":[{\"@type\":\"ListItem\",\"position\":1,\"name\":\"Portada\",\"item\":\"https:\\\/\\\/www.aquimicasa.net\\\/blog\\\/\"},{\"@type\":\"ListItem\",\"position\":2,\"name\":\"El precio de la vivienda nueva sube un 8.9% anual\"}]},{\"@type\":\"WebSite\",\"@id\":\"https:\\\/\\\/www.aquimicasa.net\\\/blog\\\/#website\",\"url\":\"https:\\\/\\\/www.aquimicasa.net\\\/blog\\\/\",\"name\":\"Blog de aquimicasa.net\",\"description\":\"Noticias del Mundo Inmobiliario\",\"publisher\":{\"@id\":\"https:\\\/\\\/www.aquimicasa.net\\\/blog\\\/#organization\"},\"potentialAction\":[{\"@type\":\"SearchAction\",\"target\":{\"@type\":\"EntryPoint\",\"urlTemplate\":\"https:\\\/\\\/www.aquimicasa.net\\\/blog\\\/?s={search_term_string}\"},\"query-input\":{\"@type\":\"PropertyValueSpecification\",\"valueRequired\":true,\"valueName\":\"search_term_string\"}}],\"inLanguage\":\"es\"},{\"@type\":\"Organization\",\"@id\":\"https:\\\/\\\/www.aquimicasa.net\\\/blog\\\/#organization\",\"name\":\"Blog de aquimicasa.net\",\"url\":\"https:\\\/\\\/www.aquimicasa.net\\\/blog\\\/\",\"logo\":{\"@type\":\"ImageObject\",\"inLanguage\":\"es\",\"@id\":\"https:\\\/\\\/www.aquimicasa.net\\\/blog\\\/#\\\/schema\\\/logo\\\/image\\\/\",\"url\":\"https:\\\/\\\/www.aquimicasa.net\\\/blog\\\/wp-content\\\/uploads\\\/Logo-aquimicasa-1-e1528048213782.png\",\"contentUrl\":\"https:\\\/\\\/www.aquimicasa.net\\\/blog\\\/wp-content\\\/uploads\\\/Logo-aquimicasa-1-e1528048213782.png\",\"width\":225,\"height\":225,\"caption\":\"Blog de aquimicasa.net\"},\"image\":{\"@id\":\"https:\\\/\\\/www.aquimicasa.net\\\/blog\\\/#\\\/schema\\\/logo\\\/image\\\/\"},\"sameAs\":[\"https:\\\/\\\/www.facebook.com\\\/aquimicasa.net\",\"https:\\\/\\\/www.instagram.com\\\/\",\"https:\\\/\\\/x.com\\\/EduLizarragaD\",\"https:\\\/\\\/www.linkedin.com\\\/feed\\\/\"]},{\"@type\":\"Person\",\"@id\":\"https:\\\/\\\/www.aquimicasa.net\\\/blog\\\/#\\\/schema\\\/person\\\/2cdfa2605534583395c8d7ce1d6cac14\",\"name\":\"Eduardo Lizarraga\",\"image\":{\"@type\":\"ImageObject\",\"inLanguage\":\"es\",\"@id\":\"https:\\\/\\\/secure.gravatar.com\\\/avatar\\\/bdabe1eeeed97b65a9cb7de2edd624b07995f7e13abc5fead15961f745f908cc?s=96&d=mm&r=g\",\"url\":\"https:\\\/\\\/secure.gravatar.com\\\/avatar\\\/bdabe1eeeed97b65a9cb7de2edd624b07995f7e13abc5fead15961f745f908cc?s=96&d=mm&r=g\",\"contentUrl\":\"https:\\\/\\\/secure.gravatar.com\\\/avatar\\\/bdabe1eeeed97b65a9cb7de2edd624b07995f7e13abc5fead15961f745f908cc?s=96&d=mm&r=g\",\"caption\":\"Eduardo Lizarraga\"},\"description\":\"Periodista Econ\u00f3mico. Ha trabajado en diversos campos de la informaci\u00f3n. Corresponsal en conflictos, analista pol\u00edtico en Congreso y Senado, periodista del medio ambiente, editor, director editorial, director de comunicaci\u00f3n.... En estos momentos se ha especializado en el sector inmobiliario. Pero tambi\u00e9n es navegante y viajero, preocupado por la pobreza, el medio ambiente y por las actuaciones descontroladas del neoliberalismo empresarial y pol\u00edtico en todo el mundo. Los desahucios, la pobreza infantil y la falta de acceso a los suministros b\u00e1sicos son algunos de los grandes dramas de nuestra sociedad y que es preciso solucionar para hacerla m\u00e1s justa. CEO en www.aquimicasa.net\",\"sameAs\":[\"https:\\\/\\\/www.aquimicasa.net\\\/\"],\"url\":\"https:\\\/\\\/www.aquimicasa.net\\\/blog\\\/author\\\/eduardo\\\/\"}]}<\/script>\n<!-- \/ Yoast SEO plugin. -->","yoast_head_json":{"title":"El precio de la vivienda nueva sube un 8.9% anual","description":"El encarecimiento de la vivienda nueva se consolida como uno de los principales desaf\u00edos del mercado inmobiliario espa\u00f1ol","robots":{"index":"index","follow":"follow","max-snippet":"max-snippet:-1","max-image-preview":"max-image-preview:large","max-video-preview":"max-video-preview:-1"},"canonical":"https:\/\/www.aquimicasa.net\/blog\/vivienda\/construccion-de-viviendas\/el-precio-de-la-vivienda-nueva-sube-un-8-9-anual\/","og_locale":"es_ES","og_type":"article","og_title":"El precio de la vivienda nueva sube un 8.9% anual","og_description":"El encarecimiento de la vivienda nueva se consolida como uno de los principales desaf\u00edos del mercado inmobiliario espa\u00f1ol","og_url":"https:\/\/www.aquimicasa.net\/blog\/vivienda\/construccion-de-viviendas\/el-precio-de-la-vivienda-nueva-sube-un-8-9-anual\/","og_site_name":"Blog de aquimicasa.net","article_publisher":"https:\/\/www.facebook.com\/aquimicasa.net","article_published_time":"2025-12-29T20:27:52+00:00","og_image":[{"width":768,"height":516,"url":"https:\/\/www.aquimicasa.net\/blog\/wp-content\/uploads\/vivienda-nueva.jpg","type":"image\/jpeg"}],"author":"Eduardo Lizarraga","twitter_misc":{"Escrito por":"Eduardo Lizarraga","Tiempo de lectura":"5 minutos"},"schema":{"@context":"https:\/\/schema.org","@graph":[{"@type":"Article","@id":"https:\/\/www.aquimicasa.net\/blog\/vivienda\/construccion-de-viviendas\/el-precio-de-la-vivienda-nueva-sube-un-8-9-anual\/#article","isPartOf":{"@id":"https:\/\/www.aquimicasa.net\/blog\/vivienda\/construccion-de-viviendas\/el-precio-de-la-vivienda-nueva-sube-un-8-9-anual\/"},"author":{"name":"Eduardo Lizarraga","@id":"https:\/\/www.aquimicasa.net\/blog\/#\/schema\/person\/2cdfa2605534583395c8d7ce1d6cac14"},"headline":"El precio de la vivienda nueva sube un 8.9% anual","datePublished":"2025-12-29T20:27:52+00:00","mainEntityOfPage":{"@id":"https:\/\/www.aquimicasa.net\/blog\/vivienda\/construccion-de-viviendas\/el-precio-de-la-vivienda-nueva-sube-un-8-9-anual\/"},"wordCount":1186,"publisher":{"@id":"https:\/\/www.aquimicasa.net\/blog\/#organization"},"image":{"@id":"https:\/\/www.aquimicasa.net\/blog\/vivienda\/construccion-de-viviendas\/el-precio-de-la-vivienda-nueva-sube-un-8-9-anual\/#primaryimage"},"thumbnailUrl":"https:\/\/www.aquimicasa.net\/blog\/wp-content\/uploads\/vivienda-nueva.jpg","keywords":["newsletter 546"],"articleSection":["Obra Nueva"],"inLanguage":"es"},{"@type":"WebPage","@id":"https:\/\/www.aquimicasa.net\/blog\/vivienda\/construccion-de-viviendas\/el-precio-de-la-vivienda-nueva-sube-un-8-9-anual\/","url":"https:\/\/www.aquimicasa.net\/blog\/vivienda\/construccion-de-viviendas\/el-precio-de-la-vivienda-nueva-sube-un-8-9-anual\/","name":"El precio de la vivienda nueva sube un 8.9% anual","isPartOf":{"@id":"https:\/\/www.aquimicasa.net\/blog\/#website"},"primaryImageOfPage":{"@id":"https:\/\/www.aquimicasa.net\/blog\/vivienda\/construccion-de-viviendas\/el-precio-de-la-vivienda-nueva-sube-un-8-9-anual\/#primaryimage"},"image":{"@id":"https:\/\/www.aquimicasa.net\/blog\/vivienda\/construccion-de-viviendas\/el-precio-de-la-vivienda-nueva-sube-un-8-9-anual\/#primaryimage"},"thumbnailUrl":"https:\/\/www.aquimicasa.net\/blog\/wp-content\/uploads\/vivienda-nueva.jpg","datePublished":"2025-12-29T20:27:52+00:00","description":"El encarecimiento de la vivienda nueva se consolida como uno de los principales desaf\u00edos del mercado inmobiliario espa\u00f1ol","breadcrumb":{"@id":"https:\/\/www.aquimicasa.net\/blog\/vivienda\/construccion-de-viviendas\/el-precio-de-la-vivienda-nueva-sube-un-8-9-anual\/#breadcrumb"},"inLanguage":"es","potentialAction":[{"@type":"ReadAction","target":["https:\/\/www.aquimicasa.net\/blog\/vivienda\/construccion-de-viviendas\/el-precio-de-la-vivienda-nueva-sube-un-8-9-anual\/"]}]},{"@type":"ImageObject","inLanguage":"es","@id":"https:\/\/www.aquimicasa.net\/blog\/vivienda\/construccion-de-viviendas\/el-precio-de-la-vivienda-nueva-sube-un-8-9-anual\/#primaryimage","url":"https:\/\/www.aquimicasa.net\/blog\/wp-content\/uploads\/vivienda-nueva.jpg","contentUrl":"https:\/\/www.aquimicasa.net\/blog\/wp-content\/uploads\/vivienda-nueva.jpg","width":768,"height":516,"caption":"La vivienda nueva se encarece un 8,9% en 2025"},{"@type":"BreadcrumbList","@id":"https:\/\/www.aquimicasa.net\/blog\/vivienda\/construccion-de-viviendas\/el-precio-de-la-vivienda-nueva-sube-un-8-9-anual\/#breadcrumb","itemListElement":[{"@type":"ListItem","position":1,"name":"Portada","item":"https:\/\/www.aquimicasa.net\/blog\/"},{"@type":"ListItem","position":2,"name":"El precio de la vivienda nueva sube un 8.9% anual"}]},{"@type":"WebSite","@id":"https:\/\/www.aquimicasa.net\/blog\/#website","url":"https:\/\/www.aquimicasa.net\/blog\/","name":"Blog de aquimicasa.net","description":"Noticias del Mundo Inmobiliario","publisher":{"@id":"https:\/\/www.aquimicasa.net\/blog\/#organization"},"potentialAction":[{"@type":"SearchAction","target":{"@type":"EntryPoint","urlTemplate":"https:\/\/www.aquimicasa.net\/blog\/?s={search_term_string}"},"query-input":{"@type":"PropertyValueSpecification","valueRequired":true,"valueName":"search_term_string"}}],"inLanguage":"es"},{"@type":"Organization","@id":"https:\/\/www.aquimicasa.net\/blog\/#organization","name":"Blog de aquimicasa.net","url":"https:\/\/www.aquimicasa.net\/blog\/","logo":{"@type":"ImageObject","inLanguage":"es","@id":"https:\/\/www.aquimicasa.net\/blog\/#\/schema\/logo\/image\/","url":"https:\/\/www.aquimicasa.net\/blog\/wp-content\/uploads\/Logo-aquimicasa-1-e1528048213782.png","contentUrl":"https:\/\/www.aquimicasa.net\/blog\/wp-content\/uploads\/Logo-aquimicasa-1-e1528048213782.png","width":225,"height":225,"caption":"Blog de aquimicasa.net"},"image":{"@id":"https:\/\/www.aquimicasa.net\/blog\/#\/schema\/logo\/image\/"},"sameAs":["https:\/\/www.facebook.com\/aquimicasa.net","https:\/\/www.instagram.com\/","https:\/\/x.com\/EduLizarragaD","https:\/\/www.linkedin.com\/feed\/"]},{"@type":"Person","@id":"https:\/\/www.aquimicasa.net\/blog\/#\/schema\/person\/2cdfa2605534583395c8d7ce1d6cac14","name":"Eduardo Lizarraga","image":{"@type":"ImageObject","inLanguage":"es","@id":"https:\/\/secure.gravatar.com\/avatar\/bdabe1eeeed97b65a9cb7de2edd624b07995f7e13abc5fead15961f745f908cc?s=96&d=mm&r=g","url":"https:\/\/secure.gravatar.com\/avatar\/bdabe1eeeed97b65a9cb7de2edd624b07995f7e13abc5fead15961f745f908cc?s=96&d=mm&r=g","contentUrl":"https:\/\/secure.gravatar.com\/avatar\/bdabe1eeeed97b65a9cb7de2edd624b07995f7e13abc5fead15961f745f908cc?s=96&d=mm&r=g","caption":"Eduardo Lizarraga"},"description":"Periodista Econ\u00f3mico. Ha trabajado en diversos campos de la informaci\u00f3n. Corresponsal en conflictos, analista pol\u00edtico en Congreso y Senado, periodista del medio ambiente, editor, director editorial, director de comunicaci\u00f3n.... En estos momentos se ha especializado en el sector inmobiliario. Pero tambi\u00e9n es navegante y viajero, preocupado por la pobreza, el medio ambiente y por las actuaciones descontroladas del neoliberalismo empresarial y pol\u00edtico en todo el mundo. Los desahucios, la pobreza infantil y la falta de acceso a los suministros b\u00e1sicos son algunos de los grandes dramas de nuestra sociedad y que es preciso solucionar para hacerla m\u00e1s justa. CEO en www.aquimicasa.net","sameAs":["https:\/\/www.aquimicasa.net\/"],"url":"https:\/\/www.aquimicasa.net\/blog\/author\/eduardo\/"}]}},"jetpack_publicize_connections":[],"jetpack_featured_media_url":"https:\/\/www.aquimicasa.net\/blog\/wp-content\/uploads\/vivienda-nueva.jpg","jetpack_sharing_enabled":true,"jetpack_likes_enabled":true,"_links":{"self":[{"href":"https:\/\/www.aquimicasa.net\/blog\/wp-json\/wp\/v2\/posts\/54532","targetHints":{"allow":["GET"]}}],"collection":[{"href":"https:\/\/www.aquimicasa.net\/blog\/wp-json\/wp\/v2\/posts"}],"about":[{"href":"https:\/\/www.aquimicasa.net\/blog\/wp-json\/wp\/v2\/types\/post"}],"author":[{"embeddable":true,"href":"https:\/\/www.aquimicasa.net\/blog\/wp-json\/wp\/v2\/users\/3"}],"replies":[{"embeddable":true,"href":"https:\/\/www.aquimicasa.net\/blog\/wp-json\/wp\/v2\/comments?post=54532"}],"version-history":[{"count":3,"href":"https:\/\/www.aquimicasa.net\/blog\/wp-json\/wp\/v2\/posts\/54532\/revisions"}],"predecessor-version":[{"id":54539,"href":"https:\/\/www.aquimicasa.net\/blog\/wp-json\/wp\/v2\/posts\/54532\/revisions\/54539"}],"wp:featuredmedia":[{"embeddable":true,"href":"https:\/\/www.aquimicasa.net\/blog\/wp-json\/wp\/v2\/media\/48520"}],"wp:attachment":[{"href":"https:\/\/www.aquimicasa.net\/blog\/wp-json\/wp\/v2\/media?parent=54532"}],"wp:term":[{"taxonomy":"category","embeddable":true,"href":"https:\/\/www.aquimicasa.net\/blog\/wp-json\/wp\/v2\/categories?post=54532"},{"taxonomy":"post_tag","embeddable":true,"href":"https:\/\/www.aquimicasa.net\/blog\/wp-json\/wp\/v2\/tags?post=54532"}],"curies":[{"name":"wp","href":"https:\/\/api.w.org\/{rel}","templated":true}]}}