{"id":54615,"date":"2026-01-07T17:13:28","date_gmt":"2026-01-07T16:13:28","guid":{"rendered":"https:\/\/www.aquimicasa.net\/blog\/?p=54615"},"modified":"2026-01-07T17:13:28","modified_gmt":"2026-01-07T16:13:28","slug":"1-132-pequenos-comercios-desaparecieron-cada-mes-en-2025","status":"publish","type":"post","link":"https:\/\/www.aquimicasa.net\/blog\/economia\/noticias-economia\/1-132-pequenos-comercios-desaparecieron-cada-mes-en-2025\/","title":{"rendered":"1.132 peque\u00f1os comercios desaparecieron cada mes en 2025"},"content":{"rendered":"<div class=\"fusion-fullwidth fullwidth-box fusion-builder-row-1 fusion-flex-container nonhundred-percent-fullwidth non-hundred-percent-height-scrolling\" style=\"background-color: rgba(255,255,255,0);background-position: center center;background-repeat: no-repeat;border-width: 0px 0px 0px 0px;border-color:#eae9e9;border-style:solid;\" ><div class=\"fusion-builder-row fusion-row fusion-flex-align-items-flex-start\" style=\"max-width:1144px;margin-left: calc(-4% \/ 2 );margin-right: calc(-4% \/ 2 );\"><div class=\"fusion-layout-column fusion_builder_column fusion-builder-column-0 fusion_builder_column_1_1 1_1 fusion-flex-column\"><div class=\"fusion-column-wrapper fusion-flex-justify-content-flex-start fusion-content-layout-column\" style=\"background-position:left top;background-repeat:no-repeat;-webkit-background-size:cover;-moz-background-size:cover;-o-background-size:cover;background-size:cover;padding: 0px 0px 0px 0px;\"><div class=\"fusion-text fusion-text-1\"><p data-path-to-node=\"4\">El tejido empresarial espa\u00f1ol se enfrenta a una de sus crisis m\u00e1s agudas. Tal y como advert\u00edamos desde principios del pasado a\u00f1o y seg\u00fan confirman los \u00faltimos datos de <b data-path-to-node=\"4\" data-index-in-node=\"160\">UPTA (Uni\u00f3n de Profesionales y Trabajadores Aut\u00f3nomos)<\/b>, el sector del comercio minorista ha sufrido un golpe devastador al cierre del \u00faltimo ejercicio. Las cifras son claras y alarmantes: <b data-path-to-node=\"4\" data-index-in-node=\"348\">13.586 comercios echaron el cierre definitivamente en 2025<\/b>.<\/p>\n<p data-path-to-node=\"5\">Este dato supone una media escalofriante: <b data-path-to-node=\"5\" data-index-in-node=\"42\">1.132 peque\u00f1os negocios desaparecen cada mes<\/b>. La tendencia, lejos de frenarse, se aceler\u00f3 en la recta final del a\u00f1o. Solo en diciembre de 2025 se perdieron <b data-path-to-node=\"5\" data-index-in-node=\"198\">2.347 comercios<\/b>, un dato sensiblemente peor que los 1.748 registrados en el mismo mes de 2024. Este incremento en la p\u00e9rdida interanual evidencia que el problema no solo persiste, sino que se intensifica, dejando tras de s\u00ed un panorama de persianas bajadas y locales vac\u00edos en nuestras ciudades.<\/p>\n<h2 data-path-to-node=\"6\"><strong>La situaci\u00f3n del peque\u00f1o comercio se ha convertido en una emergencia estructural<\/strong><\/h2>\n<p data-path-to-node=\"7\">Desde UPTA alertan de que ya no estamos ante una crisis coyuntural, sino ante una <b data-path-to-node=\"7\" data-index-in-node=\"82\">emergencia estructural<\/b>. Eduardo Abad, presidente de la organizaci\u00f3n, ha se\u00f1alado que aunque 2025 ha tenido un crecimiento general en el trabajo aut\u00f3nomo, este dato enmascara una realidad mucho m\u00e1s cruda: la destrucci\u00f3n del comercio tradicional.<\/p>\n<p data-path-to-node=\"8\">La previsi\u00f3n no invita al optimismo. Siguiendo la pauta de los \u00faltimos a\u00f1os y ante la ausencia de medidas correctoras contundentes, los expertos pronostican que <b data-path-to-node=\"8\" data-index-in-node=\"161\">en 2026 volver\u00e1n a perderse m\u00e1s de 12.000 comercios<\/b> si no se produce un cambio urgente en las pol\u00edticas de apoyo. Esta sangr\u00eda amenaza con vaciar el tejido comercial del pa\u00eds, afectando directamente a la vida urbana y al valor inmobiliario de las zonas afectadas.<\/p>\n<h2 data-path-to-node=\"9\"><strong>Causas principales de esta desaparici\u00f3n<\/strong><\/h2>\n<p data-path-to-node=\"10\">\u00bfPor qu\u00e9 cierran m\u00e1s de mil tiendas al mes? El an\u00e1lisis de la situaci\u00f3n revela una \u00abtormenta perfecta\u00bb compuesta por varios factores que ahogan al aut\u00f3nomo:<\/p>\n<ul data-path-to-node=\"11\">\n<li>\n<p data-path-to-node=\"11,0,0\"><b data-path-to-node=\"11,0,0\" data-index-in-node=\"0\">Aumento de los costes fijos:<\/b> El precio de la energ\u00eda, los alquileres comerciales y los suministros han mermado los m\u00e1rgenes de beneficio.<\/p>\n<\/li>\n<li>\n<p data-path-to-node=\"11,1,0\"><b data-path-to-node=\"11,1,0\" data-index-in-node=\"0\">Presi\u00f3n fiscal:<\/b> Las obligaciones tributarias siguen siendo una losa dif\u00edcil de sostener para negocios con facturaci\u00f3n reducida.<\/p>\n<\/li>\n<li>\n<p data-path-to-node=\"11,2,0\"><b data-path-to-node=\"11,2,0\" data-index-in-node=\"0\">Competencia desigual:<\/b> La lucha contra las grandes plataformas de venta online y las grandes superficies se libra en condiciones de inferioridad.<\/p>\n<\/li>\n<li>\n<p data-path-to-node=\"11,3,0\"><b data-path-to-node=\"11,3,0\" data-index-in-node=\"0\">Falta de relevo generacional:<\/b> Muchos negocios cierran por jubilaci\u00f3n sin encontrar sucesores.<\/p>\n<\/li>\n<li>\n<p data-path-to-node=\"11,4,0\"><b data-path-to-node=\"11,4,0\" data-index-in-node=\"0\">Falta de pol\u00edticas p\u00fablicas eficaces:<\/b> Se echa en falta una protecci\u00f3n real y planes de modernizaci\u00f3n y digitalizaci\u00f3n efectivos.<\/p>\n<\/li>\n<\/ul>\n<h2 data-path-to-node=\"12\"><strong>Las bondades del peque\u00f1o comercio en relaci\u00f3n a la calidad del empleo y el entramado social de los barrios<\/strong><\/h2>\n<p data-path-to-node=\"13\">El cierre masivo de estos establecimientos no es solo un drama econ\u00f3mico, es un problema de <b data-path-to-node=\"13\" data-index-in-node=\"92\">cohesi\u00f3n social<\/b>. El comercio de proximidad v\u00e9rtebra la vida de los barrios, aporta seguridad a las calles e identidad a los municipios.<\/p>\n<p data-path-to-node=\"14\">Desde UPTA insisten en la calidad del empleo: <i data-path-to-node=\"14\" data-index-in-node=\"46\">\u00abAbogamos por fomentar aut\u00f3nomos de calidad, capaces de generar recursos econ\u00f3micos suficientes para vivir dignamente\u00bb<\/i>. Actualmente, cerca de <b data-path-to-node=\"14\" data-index-in-node=\"188\">medio mill\u00f3n de aut\u00f3nomos malviven con ingresos por debajo de los 700 euros mensuales<\/b>. La desaparici\u00f3n de la tienda de barrio elimina un tipo de empleo arraigado y fomenta la precarizaci\u00f3n, convirtiendo nuestros centros urbanos en zonas dormitorio sin servicios.<\/p>\n<h2 data-path-to-node=\"15\"><strong>M\u00e1s de 13.000 locales sin futuro si no se reconvierten en vivienda<\/strong><\/h2>\n<p data-path-to-node=\"16\">Aqu\u00ed es donde entra en juego el <b data-path-to-node=\"16\" data-index-in-node=\"32\">sector inmobiliario y la crisis de vivienda<\/b>. Con la desaparici\u00f3n de 13.586 comercios solo en 2025, el mercado se inunda de locales vac\u00edos que dif\u00edcilmente volver\u00e1n a tener actividad comercial.<\/p>\n<p data-path-to-node=\"17\">Ante la falta de oferta de vivienda en alquiler y venta, y con los precios en m\u00e1ximos hist\u00f3ricos, estos locales representan una <b data-path-to-node=\"17\" data-index-in-node=\"128\">oportunidad crucial para el mercado habitacional<\/b>. Si el comercio no es viable, la <b data-path-to-node=\"17\" data-index-in-node=\"210\">reconversi\u00f3n de locales en vivienda (Cambio de Uso)<\/b> se presenta como la salida m\u00e1s l\u00f3gica tanto para los propietarios \u2014que necesitan rentabilizar el activo\u2014 como para una sociedad demandante de techo.<\/p>\n<h2 data-path-to-node=\"18\"><strong>\u00bfC\u00f3mo hacer para reconvertir un local en vivienda?<\/strong><\/h2>\n<p data-path-to-node=\"19\">Transformar un local comercial en un hogar legal y confortable requiere cumplir estrictamente con la normativa urban\u00edstica. Los pasos esenciales incluyen:<\/p>\n<ol start=\"1\" data-path-to-node=\"20\">\n<li>\n<p data-path-to-node=\"20,0,0\"><b data-path-to-node=\"20,0,0\" data-index-in-node=\"0\">Estudio de viabilidad urban\u00edstica:<\/b> Consultar en el Ayuntamiento si el suelo permite el uso residencial y si la densidad de viviendas de la zona no est\u00e1 ya cubierta.<\/p>\n<\/li>\n<li>\n<p data-path-to-node=\"20,1,0\"><b data-path-to-node=\"20,1,0\" data-index-in-node=\"0\">Proyecto t\u00e9cnico:<\/b> Un arquitecto debe redactar un proyecto de cambio de uso que cumpla con el <b data-path-to-node=\"20,1,0\" data-index-in-node=\"93\">C\u00f3digo T\u00e9cnico de la Edificaci\u00f3n (CTE)<\/b>.<\/p>\n<\/li>\n<li>\n<p data-path-to-node=\"20,2,0\"><b data-path-to-node=\"20,2,0\" data-index-in-node=\"0\">Licencia de obras y cambio de uso:<\/b> Solicitar los permisos municipales pertinentes y abonar las tasas.<\/p>\n<\/li>\n<li>\n<p data-path-to-node=\"20,3,0\"><b data-path-to-node=\"20,3,0\" data-index-in-node=\"0\">C\u00e9dula de habitabilidad y Certificado Energ\u00e9tico:<\/b> Una vez terminada la obra, son imprescindibles para poder vivir, alquilar o vender el inmueble como casa.<\/p>\n<\/li>\n<li>\n<p data-path-to-node=\"20,4,0\"><b data-path-to-node=\"20,4,0\" data-index-in-node=\"0\">Registro de la Propiedad:<\/b> Inscribir el cambio para que conste oficialmente como vivienda.<\/p>\n<\/li>\n<\/ol>\n<h2 data-path-to-node=\"21\"><strong>\u00bfCu\u00e1les son los principales inconvenientes para lograr este cambio de uso?<\/strong><\/h2>\n<p data-path-to-node=\"22\">No todos los locales cerrados en 2025 podr\u00e1n ser viviendas. Existen barreras t\u00e9cnicas y legales importantes:<\/p>\n<ul data-path-to-node=\"23\">\n<li>\n<p data-path-to-node=\"23,0,0\"><b data-path-to-node=\"23,0,0\" data-index-in-node=\"0\">Normas de la Comunidad de Propietarios:<\/b> Los estatutos del edificio pueden prohibir expresamente el cambio de uso o la segregaci\u00f3n de locales.<\/p>\n<\/li>\n<li>\n<p data-path-to-node=\"23,1,0\"><b data-path-to-node=\"23,1,0\" data-index-in-node=\"0\">Condiciones de habitabilidad:<\/b> El local debe cumplir requisitos m\u00ednimos de superficie (generalmente m\u00e1s de 38-40 m\u00b2 \u00fatiles), altura de techos (habitualmente 2,50 m) y longitud de fachada.<\/p>\n<\/li>\n<li>\n<p data-path-to-node=\"23,2,0\"><b data-path-to-node=\"23,2,0\" data-index-in-node=\"0\">Ventilaci\u00f3n e iluminaci\u00f3n:<\/b> Es obligatorio que las estancias principales tengan luz natural y ventilaci\u00f3n directa (generalmente un porcentaje de la superficie \u00fatil).<\/p>\n<\/li>\n<li>\n<p data-path-to-node=\"23,3,0\"><b data-path-to-node=\"23,3,0\" data-index-in-node=\"0\">Accesibilidad:<\/b> El acceso debe ser seguro y cumplir con la normativa de eliminaci\u00f3n de barreras arquitect\u00f3nicas.<\/p>\n<\/li>\n<\/ul>\n<h2 data-path-to-node=\"24\"><strong>\u00bfQu\u00e9 est\u00e1n haciendo al respecto los ayuntamientos y Comunidades Aut\u00f3nomas?<\/strong><\/h2>\n<p data-path-to-node=\"25\">Ante la emergencia habitacional y el vaciado comercial, la administraci\u00f3n comienza a reaccionar. Diversas Comunidades Aut\u00f3nomas y Ayuntamientos est\u00e1n <b data-path-to-node=\"25\" data-index-in-node=\"150\">flexibilizando las normativas urban\u00edsticas<\/b> para facilitar estos cambios de uso.<\/p>\n<p data-path-to-node=\"26\">El objetivo es doble: <b data-path-to-node=\"26\" data-index-in-node=\"22\">evitar la degradaci\u00f3n de los barrios<\/b> con locales cerrados y <b data-path-to-node=\"26\" data-index-in-node=\"82\">aumentar el parque de vivienda disponible<\/b> para aliviar la tensi\u00f3n de los precios de alquileres e hipotecas. Simplificar la burocracia para convertir un antiguo comercio en un loft o apartamento es, hoy por hoy, una de las v\u00e1lvulas de escape m\u00e1s eficaces para el mercado inmobiliario espa\u00f1ol.<\/p>\n<h3 data-path-to-node=\"28\"><strong>\u00bfTe planteas invertir en un local para convertirlo en vivienda?<\/strong><\/h3>\n<p data-path-to-node=\"29\">Desde <b data-path-to-node=\"29\" data-index-in-node=\"6\">Aquimicasa<\/b>, podemos asesorarte sobre la viabilidad, la rentabilidad y los tr\u00e1mites necesarios para dar una segunda vida a estos espacios. Cont\u00e1ctanos y te recomendaremos alg\u00fan profesional que analice tu caso.<\/p>\n<\/div><\/div><style type=\"text\/css\">.fusion-body .fusion-builder-column-0{width:100% !important;margin-top : 0px;margin-bottom : 0px;}.fusion-builder-column-0 > .fusion-column-wrapper {padding-top : 0px !important;padding-right : 0px !important;margin-right : 1.92%;padding-bottom : 0px !important;padding-left : 0px !important;margin-left : 1.92%;}@media only screen and (max-width:1024px) {.fusion-body .fusion-builder-column-0{width:100% !important;}.fusion-builder-column-0 > .fusion-column-wrapper {margin-right : 1.92%;margin-left : 1.92%;}}@media only screen and (max-width:640px) {.fusion-body .fusion-builder-column-0{width:100% !important;}.fusion-builder-column-0 > .fusion-column-wrapper {margin-right : 1.92%;margin-left : 1.92%;}}<\/style><\/div><\/div><style type=\"text\/css\">.fusion-body .fusion-flex-container.fusion-builder-row-1{ padding-top : 0px;margin-top : 0px;padding-right : 0px;padding-bottom : 0px;margin-bottom : 0px;padding-left : 0px;}<\/style><\/div>\n","protected":false},"excerpt":{"rendered":"<p>Ante la emergencia habitacional y el vaciado comercial, la administraci\u00f3n comienza a reaccionar. Diversas Comunidades Aut\u00f3nomas y Ayuntamientos est\u00e1n flexibilizando las normativas urban\u00edsticas para facilitar estos cambios de uso.<\/p>\n","protected":false},"author":3,"featured_media":54623,"comment_status":"closed","ping_status":"closed","sticky":false,"template":"","format":"standard","meta":{"_jetpack_memberships_contains_paid_content":false,"footnotes":"","jetpack_publicize_message":"","jetpack_publicize_feature_enabled":true,"jetpack_social_post_already_shared":true,"jetpack_social_options":{"image_generator_settings":{"template":"highway","default_image_id":0,"font":"","enabled":false},"version":2}},"categories":[7564],"tags":[8272],"class_list":["post-54615","post","type-post","status-publish","format-standard","has-post-thumbnail","hentry","category-noticias-economia","tag-newsletter-547"],"yoast_head":"<!-- This site is optimized with the Yoast SEO plugin v27.4 - https:\/\/yoast.com\/product\/yoast-seo-wordpress\/ -->\n<title>1.132 peque\u00f1os comercios desaparecieron cada mes en 2025<\/title>\n<meta name=\"description\" content=\"Con la desaparici\u00f3n de 13.586 comercios solo en 2025, Espa\u00f1a se llena de locales vac\u00edos que dif\u00edcilmente volver\u00e1n a tener actividad comercial.\" \/>\n<meta name=\"robots\" content=\"index, follow, max-snippet:-1, max-image-preview:large, max-video-preview:-1\" \/>\n<link rel=\"canonical\" href=\"https:\/\/www.aquimicasa.net\/blog\/economia\/noticias-economia\/1-132-pequenos-comercios-desaparecieron-cada-mes-en-2025\/\" \/>\n<meta property=\"og:locale\" content=\"es_ES\" \/>\n<meta property=\"og:type\" content=\"article\" \/>\n<meta property=\"og:title\" content=\"1.132 peque\u00f1os comercios desaparecieron cada mes en 2025\" \/>\n<meta property=\"og:description\" content=\"Con la desaparici\u00f3n de 13.586 comercios solo en 2025, Espa\u00f1a se llena de locales vac\u00edos que dif\u00edcilmente volver\u00e1n a tener actividad comercial.\" \/>\n<meta property=\"og:url\" content=\"https:\/\/www.aquimicasa.net\/blog\/economia\/noticias-economia\/1-132-pequenos-comercios-desaparecieron-cada-mes-en-2025\/\" \/>\n<meta property=\"og:site_name\" content=\"Blog de aquimicasa.net\" \/>\n<meta property=\"article:publisher\" content=\"https:\/\/www.facebook.com\/aquimicasa.net\" \/>\n<meta property=\"article:published_time\" content=\"2026-01-07T16:13:28+00:00\" \/>\n<meta property=\"og:image\" content=\"https:\/\/www.aquimicasa.net\/blog\/wp-content\/uploads\/locales-comerciales-cerrados2-1.jpg\" \/>\n\t<meta property=\"og:image:width\" content=\"789\" \/>\n\t<meta property=\"og:image:height\" content=\"550\" \/>\n\t<meta property=\"og:image:type\" content=\"image\/jpeg\" \/>\n<meta name=\"author\" content=\"Eduardo Lizarraga\" \/>\n<meta name=\"twitter:label1\" content=\"Escrito por\" \/>\n\t<meta name=\"twitter:data1\" content=\"Eduardo Lizarraga\" \/>\n\t<meta name=\"twitter:label2\" content=\"Tiempo de lectura\" \/>\n\t<meta name=\"twitter:data2\" content=\"6 minutos\" \/>\n<script type=\"application\/ld+json\" class=\"yoast-schema-graph\">{\"@context\":\"https:\\\/\\\/schema.org\",\"@graph\":[{\"@type\":\"Article\",\"@id\":\"https:\\\/\\\/www.aquimicasa.net\\\/blog\\\/economia\\\/noticias-economia\\\/1-132-pequenos-comercios-desaparecieron-cada-mes-en-2025\\\/#article\",\"isPartOf\":{\"@id\":\"https:\\\/\\\/www.aquimicasa.net\\\/blog\\\/economia\\\/noticias-economia\\\/1-132-pequenos-comercios-desaparecieron-cada-mes-en-2025\\\/\"},\"author\":{\"name\":\"Eduardo Lizarraga\",\"@id\":\"https:\\\/\\\/www.aquimicasa.net\\\/blog\\\/#\\\/schema\\\/person\\\/2cdfa2605534583395c8d7ce1d6cac14\"},\"headline\":\"1.132 peque\u00f1os comercios desaparecieron cada mes en 2025\",\"datePublished\":\"2026-01-07T16:13:28+00:00\",\"mainEntityOfPage\":{\"@id\":\"https:\\\/\\\/www.aquimicasa.net\\\/blog\\\/economia\\\/noticias-economia\\\/1-132-pequenos-comercios-desaparecieron-cada-mes-en-2025\\\/\"},\"wordCount\":1349,\"publisher\":{\"@id\":\"https:\\\/\\\/www.aquimicasa.net\\\/blog\\\/#organization\"},\"image\":{\"@id\":\"https:\\\/\\\/www.aquimicasa.net\\\/blog\\\/economia\\\/noticias-economia\\\/1-132-pequenos-comercios-desaparecieron-cada-mes-en-2025\\\/#primaryimage\"},\"thumbnailUrl\":\"https:\\\/\\\/www.aquimicasa.net\\\/blog\\\/wp-content\\\/uploads\\\/locales-comerciales-cerrados2-1.jpg\",\"keywords\":[\"newsletter 547\"],\"articleSection\":[\"Noticias Econom\u00eda\"],\"inLanguage\":\"es\"},{\"@type\":\"WebPage\",\"@id\":\"https:\\\/\\\/www.aquimicasa.net\\\/blog\\\/economia\\\/noticias-economia\\\/1-132-pequenos-comercios-desaparecieron-cada-mes-en-2025\\\/\",\"url\":\"https:\\\/\\\/www.aquimicasa.net\\\/blog\\\/economia\\\/noticias-economia\\\/1-132-pequenos-comercios-desaparecieron-cada-mes-en-2025\\\/\",\"name\":\"1.132 peque\u00f1os comercios desaparecieron cada mes en 2025\",\"isPartOf\":{\"@id\":\"https:\\\/\\\/www.aquimicasa.net\\\/blog\\\/#website\"},\"primaryImageOfPage\":{\"@id\":\"https:\\\/\\\/www.aquimicasa.net\\\/blog\\\/economia\\\/noticias-economia\\\/1-132-pequenos-comercios-desaparecieron-cada-mes-en-2025\\\/#primaryimage\"},\"image\":{\"@id\":\"https:\\\/\\\/www.aquimicasa.net\\\/blog\\\/economia\\\/noticias-economia\\\/1-132-pequenos-comercios-desaparecieron-cada-mes-en-2025\\\/#primaryimage\"},\"thumbnailUrl\":\"https:\\\/\\\/www.aquimicasa.net\\\/blog\\\/wp-content\\\/uploads\\\/locales-comerciales-cerrados2-1.jpg\",\"datePublished\":\"2026-01-07T16:13:28+00:00\",\"description\":\"Con la desaparici\u00f3n de 13.586 comercios solo en 2025, Espa\u00f1a se llena de locales vac\u00edos que dif\u00edcilmente volver\u00e1n a tener actividad comercial.\",\"breadcrumb\":{\"@id\":\"https:\\\/\\\/www.aquimicasa.net\\\/blog\\\/economia\\\/noticias-economia\\\/1-132-pequenos-comercios-desaparecieron-cada-mes-en-2025\\\/#breadcrumb\"},\"inLanguage\":\"es\",\"potentialAction\":[{\"@type\":\"ReadAction\",\"target\":[\"https:\\\/\\\/www.aquimicasa.net\\\/blog\\\/economia\\\/noticias-economia\\\/1-132-pequenos-comercios-desaparecieron-cada-mes-en-2025\\\/\"]}]},{\"@type\":\"ImageObject\",\"inLanguage\":\"es\",\"@id\":\"https:\\\/\\\/www.aquimicasa.net\\\/blog\\\/economia\\\/noticias-economia\\\/1-132-pequenos-comercios-desaparecieron-cada-mes-en-2025\\\/#primaryimage\",\"url\":\"https:\\\/\\\/www.aquimicasa.net\\\/blog\\\/wp-content\\\/uploads\\\/locales-comerciales-cerrados2-1.jpg\",\"contentUrl\":\"https:\\\/\\\/www.aquimicasa.net\\\/blog\\\/wp-content\\\/uploads\\\/locales-comerciales-cerrados2-1.jpg\",\"width\":789,\"height\":550,\"caption\":\"Las ciudades se llenan de locales comerciales cerrados\"},{\"@type\":\"BreadcrumbList\",\"@id\":\"https:\\\/\\\/www.aquimicasa.net\\\/blog\\\/economia\\\/noticias-economia\\\/1-132-pequenos-comercios-desaparecieron-cada-mes-en-2025\\\/#breadcrumb\",\"itemListElement\":[{\"@type\":\"ListItem\",\"position\":1,\"name\":\"Portada\",\"item\":\"https:\\\/\\\/www.aquimicasa.net\\\/blog\\\/\"},{\"@type\":\"ListItem\",\"position\":2,\"name\":\"1.132 peque\u00f1os comercios desaparecieron cada mes en 2025\"}]},{\"@type\":\"WebSite\",\"@id\":\"https:\\\/\\\/www.aquimicasa.net\\\/blog\\\/#website\",\"url\":\"https:\\\/\\\/www.aquimicasa.net\\\/blog\\\/\",\"name\":\"Blog de aquimicasa.net\",\"description\":\"Noticias del Mundo Inmobiliario\",\"publisher\":{\"@id\":\"https:\\\/\\\/www.aquimicasa.net\\\/blog\\\/#organization\"},\"potentialAction\":[{\"@type\":\"SearchAction\",\"target\":{\"@type\":\"EntryPoint\",\"urlTemplate\":\"https:\\\/\\\/www.aquimicasa.net\\\/blog\\\/?s={search_term_string}\"},\"query-input\":{\"@type\":\"PropertyValueSpecification\",\"valueRequired\":true,\"valueName\":\"search_term_string\"}}],\"inLanguage\":\"es\"},{\"@type\":\"Organization\",\"@id\":\"https:\\\/\\\/www.aquimicasa.net\\\/blog\\\/#organization\",\"name\":\"Blog de aquimicasa.net\",\"url\":\"https:\\\/\\\/www.aquimicasa.net\\\/blog\\\/\",\"logo\":{\"@type\":\"ImageObject\",\"inLanguage\":\"es\",\"@id\":\"https:\\\/\\\/www.aquimicasa.net\\\/blog\\\/#\\\/schema\\\/logo\\\/image\\\/\",\"url\":\"https:\\\/\\\/www.aquimicasa.net\\\/blog\\\/wp-content\\\/uploads\\\/Logo-aquimicasa-1-e1528048213782.png\",\"contentUrl\":\"https:\\\/\\\/www.aquimicasa.net\\\/blog\\\/wp-content\\\/uploads\\\/Logo-aquimicasa-1-e1528048213782.png\",\"width\":225,\"height\":225,\"caption\":\"Blog de aquimicasa.net\"},\"image\":{\"@id\":\"https:\\\/\\\/www.aquimicasa.net\\\/blog\\\/#\\\/schema\\\/logo\\\/image\\\/\"},\"sameAs\":[\"https:\\\/\\\/www.facebook.com\\\/aquimicasa.net\",\"https:\\\/\\\/www.instagram.com\\\/\",\"https:\\\/\\\/x.com\\\/EduLizarragaD\",\"https:\\\/\\\/www.linkedin.com\\\/feed\\\/\"]},{\"@type\":\"Person\",\"@id\":\"https:\\\/\\\/www.aquimicasa.net\\\/blog\\\/#\\\/schema\\\/person\\\/2cdfa2605534583395c8d7ce1d6cac14\",\"name\":\"Eduardo Lizarraga\",\"image\":{\"@type\":\"ImageObject\",\"inLanguage\":\"es\",\"@id\":\"https:\\\/\\\/secure.gravatar.com\\\/avatar\\\/bdabe1eeeed97b65a9cb7de2edd624b07995f7e13abc5fead15961f745f908cc?s=96&d=mm&r=g\",\"url\":\"https:\\\/\\\/secure.gravatar.com\\\/avatar\\\/bdabe1eeeed97b65a9cb7de2edd624b07995f7e13abc5fead15961f745f908cc?s=96&d=mm&r=g\",\"contentUrl\":\"https:\\\/\\\/secure.gravatar.com\\\/avatar\\\/bdabe1eeeed97b65a9cb7de2edd624b07995f7e13abc5fead15961f745f908cc?s=96&d=mm&r=g\",\"caption\":\"Eduardo Lizarraga\"},\"description\":\"Periodista Econ\u00f3mico. Ha trabajado en diversos campos de la informaci\u00f3n. Corresponsal en conflictos, analista pol\u00edtico en Congreso y Senado, periodista del medio ambiente, editor, director editorial, director de comunicaci\u00f3n.... En estos momentos se ha especializado en el sector inmobiliario. Pero tambi\u00e9n es navegante y viajero, preocupado por la pobreza, el medio ambiente y por las actuaciones descontroladas del neoliberalismo empresarial y pol\u00edtico en todo el mundo. Los desahucios, la pobreza infantil y la falta de acceso a los suministros b\u00e1sicos son algunos de los grandes dramas de nuestra sociedad y que es preciso solucionar para hacerla m\u00e1s justa. CEO en www.aquimicasa.net\",\"sameAs\":[\"https:\\\/\\\/www.aquimicasa.net\\\/\"],\"url\":\"https:\\\/\\\/www.aquimicasa.net\\\/blog\\\/author\\\/eduardo\\\/\"}]}<\/script>\n<!-- \/ Yoast SEO plugin. -->","yoast_head_json":{"title":"1.132 peque\u00f1os comercios desaparecieron cada mes en 2025","description":"Con la desaparici\u00f3n de 13.586 comercios solo en 2025, Espa\u00f1a se llena de locales vac\u00edos que dif\u00edcilmente volver\u00e1n a tener actividad comercial.","robots":{"index":"index","follow":"follow","max-snippet":"max-snippet:-1","max-image-preview":"max-image-preview:large","max-video-preview":"max-video-preview:-1"},"canonical":"https:\/\/www.aquimicasa.net\/blog\/economia\/noticias-economia\/1-132-pequenos-comercios-desaparecieron-cada-mes-en-2025\/","og_locale":"es_ES","og_type":"article","og_title":"1.132 peque\u00f1os comercios desaparecieron cada mes en 2025","og_description":"Con la desaparici\u00f3n de 13.586 comercios solo en 2025, Espa\u00f1a se llena de locales vac\u00edos que dif\u00edcilmente volver\u00e1n a tener actividad comercial.","og_url":"https:\/\/www.aquimicasa.net\/blog\/economia\/noticias-economia\/1-132-pequenos-comercios-desaparecieron-cada-mes-en-2025\/","og_site_name":"Blog de aquimicasa.net","article_publisher":"https:\/\/www.facebook.com\/aquimicasa.net","article_published_time":"2026-01-07T16:13:28+00:00","og_image":[{"width":789,"height":550,"url":"https:\/\/www.aquimicasa.net\/blog\/wp-content\/uploads\/locales-comerciales-cerrados2-1.jpg","type":"image\/jpeg"}],"author":"Eduardo Lizarraga","twitter_misc":{"Escrito por":"Eduardo Lizarraga","Tiempo de lectura":"6 minutos"},"schema":{"@context":"https:\/\/schema.org","@graph":[{"@type":"Article","@id":"https:\/\/www.aquimicasa.net\/blog\/economia\/noticias-economia\/1-132-pequenos-comercios-desaparecieron-cada-mes-en-2025\/#article","isPartOf":{"@id":"https:\/\/www.aquimicasa.net\/blog\/economia\/noticias-economia\/1-132-pequenos-comercios-desaparecieron-cada-mes-en-2025\/"},"author":{"name":"Eduardo Lizarraga","@id":"https:\/\/www.aquimicasa.net\/blog\/#\/schema\/person\/2cdfa2605534583395c8d7ce1d6cac14"},"headline":"1.132 peque\u00f1os comercios desaparecieron cada mes en 2025","datePublished":"2026-01-07T16:13:28+00:00","mainEntityOfPage":{"@id":"https:\/\/www.aquimicasa.net\/blog\/economia\/noticias-economia\/1-132-pequenos-comercios-desaparecieron-cada-mes-en-2025\/"},"wordCount":1349,"publisher":{"@id":"https:\/\/www.aquimicasa.net\/blog\/#organization"},"image":{"@id":"https:\/\/www.aquimicasa.net\/blog\/economia\/noticias-economia\/1-132-pequenos-comercios-desaparecieron-cada-mes-en-2025\/#primaryimage"},"thumbnailUrl":"https:\/\/www.aquimicasa.net\/blog\/wp-content\/uploads\/locales-comerciales-cerrados2-1.jpg","keywords":["newsletter 547"],"articleSection":["Noticias Econom\u00eda"],"inLanguage":"es"},{"@type":"WebPage","@id":"https:\/\/www.aquimicasa.net\/blog\/economia\/noticias-economia\/1-132-pequenos-comercios-desaparecieron-cada-mes-en-2025\/","url":"https:\/\/www.aquimicasa.net\/blog\/economia\/noticias-economia\/1-132-pequenos-comercios-desaparecieron-cada-mes-en-2025\/","name":"1.132 peque\u00f1os comercios desaparecieron cada mes en 2025","isPartOf":{"@id":"https:\/\/www.aquimicasa.net\/blog\/#website"},"primaryImageOfPage":{"@id":"https:\/\/www.aquimicasa.net\/blog\/economia\/noticias-economia\/1-132-pequenos-comercios-desaparecieron-cada-mes-en-2025\/#primaryimage"},"image":{"@id":"https:\/\/www.aquimicasa.net\/blog\/economia\/noticias-economia\/1-132-pequenos-comercios-desaparecieron-cada-mes-en-2025\/#primaryimage"},"thumbnailUrl":"https:\/\/www.aquimicasa.net\/blog\/wp-content\/uploads\/locales-comerciales-cerrados2-1.jpg","datePublished":"2026-01-07T16:13:28+00:00","description":"Con la desaparici\u00f3n de 13.586 comercios solo en 2025, Espa\u00f1a se llena de locales vac\u00edos que dif\u00edcilmente volver\u00e1n a tener actividad comercial.","breadcrumb":{"@id":"https:\/\/www.aquimicasa.net\/blog\/economia\/noticias-economia\/1-132-pequenos-comercios-desaparecieron-cada-mes-en-2025\/#breadcrumb"},"inLanguage":"es","potentialAction":[{"@type":"ReadAction","target":["https:\/\/www.aquimicasa.net\/blog\/economia\/noticias-economia\/1-132-pequenos-comercios-desaparecieron-cada-mes-en-2025\/"]}]},{"@type":"ImageObject","inLanguage":"es","@id":"https:\/\/www.aquimicasa.net\/blog\/economia\/noticias-economia\/1-132-pequenos-comercios-desaparecieron-cada-mes-en-2025\/#primaryimage","url":"https:\/\/www.aquimicasa.net\/blog\/wp-content\/uploads\/locales-comerciales-cerrados2-1.jpg","contentUrl":"https:\/\/www.aquimicasa.net\/blog\/wp-content\/uploads\/locales-comerciales-cerrados2-1.jpg","width":789,"height":550,"caption":"Las ciudades se llenan de locales comerciales cerrados"},{"@type":"BreadcrumbList","@id":"https:\/\/www.aquimicasa.net\/blog\/economia\/noticias-economia\/1-132-pequenos-comercios-desaparecieron-cada-mes-en-2025\/#breadcrumb","itemListElement":[{"@type":"ListItem","position":1,"name":"Portada","item":"https:\/\/www.aquimicasa.net\/blog\/"},{"@type":"ListItem","position":2,"name":"1.132 peque\u00f1os comercios desaparecieron cada mes en 2025"}]},{"@type":"WebSite","@id":"https:\/\/www.aquimicasa.net\/blog\/#website","url":"https:\/\/www.aquimicasa.net\/blog\/","name":"Blog de aquimicasa.net","description":"Noticias del Mundo Inmobiliario","publisher":{"@id":"https:\/\/www.aquimicasa.net\/blog\/#organization"},"potentialAction":[{"@type":"SearchAction","target":{"@type":"EntryPoint","urlTemplate":"https:\/\/www.aquimicasa.net\/blog\/?s={search_term_string}"},"query-input":{"@type":"PropertyValueSpecification","valueRequired":true,"valueName":"search_term_string"}}],"inLanguage":"es"},{"@type":"Organization","@id":"https:\/\/www.aquimicasa.net\/blog\/#organization","name":"Blog de aquimicasa.net","url":"https:\/\/www.aquimicasa.net\/blog\/","logo":{"@type":"ImageObject","inLanguage":"es","@id":"https:\/\/www.aquimicasa.net\/blog\/#\/schema\/logo\/image\/","url":"https:\/\/www.aquimicasa.net\/blog\/wp-content\/uploads\/Logo-aquimicasa-1-e1528048213782.png","contentUrl":"https:\/\/www.aquimicasa.net\/blog\/wp-content\/uploads\/Logo-aquimicasa-1-e1528048213782.png","width":225,"height":225,"caption":"Blog de aquimicasa.net"},"image":{"@id":"https:\/\/www.aquimicasa.net\/blog\/#\/schema\/logo\/image\/"},"sameAs":["https:\/\/www.facebook.com\/aquimicasa.net","https:\/\/www.instagram.com\/","https:\/\/x.com\/EduLizarragaD","https:\/\/www.linkedin.com\/feed\/"]},{"@type":"Person","@id":"https:\/\/www.aquimicasa.net\/blog\/#\/schema\/person\/2cdfa2605534583395c8d7ce1d6cac14","name":"Eduardo Lizarraga","image":{"@type":"ImageObject","inLanguage":"es","@id":"https:\/\/secure.gravatar.com\/avatar\/bdabe1eeeed97b65a9cb7de2edd624b07995f7e13abc5fead15961f745f908cc?s=96&d=mm&r=g","url":"https:\/\/secure.gravatar.com\/avatar\/bdabe1eeeed97b65a9cb7de2edd624b07995f7e13abc5fead15961f745f908cc?s=96&d=mm&r=g","contentUrl":"https:\/\/secure.gravatar.com\/avatar\/bdabe1eeeed97b65a9cb7de2edd624b07995f7e13abc5fead15961f745f908cc?s=96&d=mm&r=g","caption":"Eduardo Lizarraga"},"description":"Periodista Econ\u00f3mico. Ha trabajado en diversos campos de la informaci\u00f3n. Corresponsal en conflictos, analista pol\u00edtico en Congreso y Senado, periodista del medio ambiente, editor, director editorial, director de comunicaci\u00f3n.... En estos momentos se ha especializado en el sector inmobiliario. Pero tambi\u00e9n es navegante y viajero, preocupado por la pobreza, el medio ambiente y por las actuaciones descontroladas del neoliberalismo empresarial y pol\u00edtico en todo el mundo. Los desahucios, la pobreza infantil y la falta de acceso a los suministros b\u00e1sicos son algunos de los grandes dramas de nuestra sociedad y que es preciso solucionar para hacerla m\u00e1s justa. CEO en www.aquimicasa.net","sameAs":["https:\/\/www.aquimicasa.net\/"],"url":"https:\/\/www.aquimicasa.net\/blog\/author\/eduardo\/"}]}},"jetpack_publicize_connections":[],"jetpack_featured_media_url":"https:\/\/www.aquimicasa.net\/blog\/wp-content\/uploads\/locales-comerciales-cerrados2-1.jpg","jetpack_sharing_enabled":true,"jetpack_likes_enabled":true,"_links":{"self":[{"href":"https:\/\/www.aquimicasa.net\/blog\/wp-json\/wp\/v2\/posts\/54615","targetHints":{"allow":["GET"]}}],"collection":[{"href":"https:\/\/www.aquimicasa.net\/blog\/wp-json\/wp\/v2\/posts"}],"about":[{"href":"https:\/\/www.aquimicasa.net\/blog\/wp-json\/wp\/v2\/types\/post"}],"author":[{"embeddable":true,"href":"https:\/\/www.aquimicasa.net\/blog\/wp-json\/wp\/v2\/users\/3"}],"replies":[{"embeddable":true,"href":"https:\/\/www.aquimicasa.net\/blog\/wp-json\/wp\/v2\/comments?post=54615"}],"version-history":[{"count":3,"href":"https:\/\/www.aquimicasa.net\/blog\/wp-json\/wp\/v2\/posts\/54615\/revisions"}],"predecessor-version":[{"id":54624,"href":"https:\/\/www.aquimicasa.net\/blog\/wp-json\/wp\/v2\/posts\/54615\/revisions\/54624"}],"wp:featuredmedia":[{"embeddable":true,"href":"https:\/\/www.aquimicasa.net\/blog\/wp-json\/wp\/v2\/media\/54623"}],"wp:attachment":[{"href":"https:\/\/www.aquimicasa.net\/blog\/wp-json\/wp\/v2\/media?parent=54615"}],"wp:term":[{"taxonomy":"category","embeddable":true,"href":"https:\/\/www.aquimicasa.net\/blog\/wp-json\/wp\/v2\/categories?post=54615"},{"taxonomy":"post_tag","embeddable":true,"href":"https:\/\/www.aquimicasa.net\/blog\/wp-json\/wp\/v2\/tags?post=54615"}],"curies":[{"name":"wp","href":"https:\/\/api.w.org\/{rel}","templated":true}]}}