{"id":54618,"date":"2026-01-08T23:07:29","date_gmt":"2026-01-08T22:07:29","guid":{"rendered":"https:\/\/www.aquimicasa.net\/blog\/?p=54618"},"modified":"2026-01-08T23:07:29","modified_gmt":"2026-01-08T22:07:29","slug":"cambio-de-uso-de-locales-por-viviendas-en-zaragoza","status":"publish","type":"post","link":"https:\/\/www.aquimicasa.net\/blog\/vivienda\/alquileres\/cambio-de-uso-de-locales-por-viviendas-en-zaragoza\/","title":{"rendered":"Cambio de uso de locales por viviendas en Zaragoza"},"content":{"rendered":"<div class=\"fusion-fullwidth fullwidth-box fusion-builder-row-1 fusion-flex-container nonhundred-percent-fullwidth non-hundred-percent-height-scrolling\" style=\"background-color: rgba(255,255,255,0);background-position: center center;background-repeat: no-repeat;border-width: 0px 0px 0px 0px;border-color:#eae9e9;border-style:solid;\" ><div class=\"fusion-builder-row fusion-row fusion-flex-align-items-flex-start\" style=\"max-width:1144px;margin-left: calc(-4% \/ 2 );margin-right: calc(-4% \/ 2 );\"><div class=\"fusion-layout-column fusion_builder_column fusion-builder-column-0 fusion_builder_column_1_1 1_1 fusion-flex-column\"><div class=\"fusion-column-wrapper fusion-flex-justify-content-flex-start fusion-content-layout-column\" style=\"background-position:left top;background-repeat:no-repeat;-webkit-background-size:cover;-moz-background-size:cover;-o-background-size:cover;background-size:cover;padding: 0px 0px 0px 0px;\"><div class=\"fusion-text fusion-text-1\"><p data-path-to-node=\"3\">La crisis de acceso a la vivienda y la transformaci\u00f3n del comercio minorista son dos de los grandes retos que enfrenta el mercado inmobiliario espa\u00f1ol. En este contexto, el <b data-path-to-node=\"3\" data-index-in-node=\"173\">Ayuntamiento de Zaragoza<\/b> se ha posicionado como un referente en la b\u00fasqueda de soluciones habitacionales mediante la recuperaci\u00f3n de patrimonio construido. La estrategia de Urbanismo, enfocada en dar una segunda vida a los espacios comerciales en desuso, ha cogido velocidad de crucero.<\/p>\n<p data-path-to-node=\"4\">La capital aragonesa ha consolidado una normativa que permite aliviar la falta de oferta residencial mientras revitaliza los barrios: la <b data-path-to-node=\"4\" data-index-in-node=\"137\">transformaci\u00f3n de locales vac\u00edos en hogares<\/b>. Esta medida, que combina flexibilidad normativa con protecci\u00f3n del tejido comercial tradicional, ofrece una alternativa real tanto para inversores particulares como para quienes buscan su primera vivienda en zonas consolidadas.<\/p>\n<h2 data-path-to-node=\"5\"><strong>Durante al a\u00f1o 2025 se han concedido 60 licencias para cambios de uso<\/strong><\/h2>\n<p data-path-to-node=\"6\">El balance del \u00faltimo a\u00f1o confirma el \u00e9xito de la iniciativa. Seg\u00fan datos del \u00e1rea de Urbanismo, el <b data-path-to-node=\"6\" data-index-in-node=\"100\">Ayuntamiento de Zaragoza ha concedido en 2025 un total de 60 licencias<\/b> para reconvertir antiguos locales sin actividad. Estos permisos se han traducido en la creaci\u00f3n de <b data-path-to-node=\"6\" data-index-in-node=\"270\">73 viviendas nuevas<\/b> en el mercado.<\/p>\n<p data-path-to-node=\"7\">La tendencia es claramente ascendente. Si observamos la evoluci\u00f3n desde 2021, a\u00f1o en que se aprob\u00f3 la modificaci\u00f3n 176 del Plan General de Ordenaci\u00f3n Urbana (PGOU), se han aprobado un total de <b data-path-to-node=\"7\" data-index-in-node=\"193\">147 expedientes que han generado 207 nuevas viviendas<\/b>. El dato m\u00e1s revelador es la aceleraci\u00f3n del proceso: <b data-path-to-node=\"7\" data-index-in-node=\"301\">en el \u00faltimo a\u00f1o se han concedido el 35% de todos los nuevos hogares<\/b> obtenidos mediante esta f\u00f3rmula desde su inicio.<\/p>\n<p data-path-to-node=\"8\">El concejal de Urbanismo, Infraestructuras, Energ\u00eda y Vivienda, <b data-path-to-node=\"8\" data-index-in-node=\"64\">V\u00edctor Serrano<\/b>, ha destacado que la medida ha calado en diversos barrios. El reparto geogr\u00e1fico de las licencias en 2025 muestra una clara predilecci\u00f3n por distritos tradicionales:<\/p>\n<ul data-path-to-node=\"9\">\n<li>\n<p data-path-to-node=\"9,0,0\"><b data-path-to-node=\"9,0,0\" data-index-in-node=\"0\">Delicias:<\/b> Lidera la lista con <b data-path-to-node=\"9,0,0\" data-index-in-node=\"30\">14 locales convertidos en 17 viviendas<\/b>.<\/p>\n<\/li>\n<li>\n<p data-path-to-node=\"9,1,0\"><b data-path-to-node=\"9,1,0\" data-index-in-node=\"0\">San Jos\u00e9:<\/b> 10 licencias para 11 pisos.<\/p>\n<\/li>\n<li>\n<p data-path-to-node=\"9,2,0\"><b data-path-to-node=\"9,2,0\" data-index-in-node=\"0\">Las Fuentes:<\/b> 10 licencias para 11 pisos.<\/p>\n<\/li>\n<\/ul>\n<p data-path-to-node=\"10\">En el acumulado hist\u00f3rico desde 2021, <b data-path-to-node=\"10\" data-index-in-node=\"38\">Delicias<\/b> (33 locales), <b data-path-to-node=\"10\" data-index-in-node=\"61\">San Jos\u00e9<\/b> (28) y <b data-path-to-node=\"10\" data-index-in-node=\"77\">El Rabal<\/b> (22) se confirman como las zonas donde esta soluci\u00f3n habitacional tiene mayor impacto.<\/p>\n<h2 data-path-to-node=\"11\"><strong>Distintas razones por las que crece el cambio de uso<\/strong><\/h2>\n<p data-path-to-node=\"12\">El auge de estas conversiones no es casualidad. V\u00edctor Serrano atribuye este \u00abcrecimiento notable\u00bb a una combinaci\u00f3n de madurez administrativa y oportunidad de mercado. Por un lado, la <b data-path-to-node=\"12\" data-index-in-node=\"185\">normativa ya se ha asentado<\/b>, lo que permite a t\u00e9cnicos y ciudadanos gestionar los expedientes con mayor agilidad.<\/p>\n<p data-path-to-node=\"13\">Por otro lado, el perfil del solicitante es clave para entender este fen\u00f3meno. Lejos de ser una operaci\u00f3n exclusiva de grandes tenedores, el <b data-path-to-node=\"13\" data-index-in-node=\"141\">51,7% de los permisos otorgados este a\u00f1o corresponden a ciudadanos particulares<\/b>. El resto, en gran medida, son empresas de dise\u00f1o y gremios locales. Esto demuestra que es una soluci\u00f3n enfocada en <b data-path-to-node=\"13\" data-index-in-node=\"337\">residentes que apuestan por vivir en barrios consolidados<\/b>, huyendo de la periferia y aprovechando la infraestructura existente.<\/p>\n<p data-path-to-node=\"14\">Adem\u00e1s, la <b data-path-to-node=\"14\" data-index-in-node=\"11\">flexibilizaci\u00f3n de la normativa en 2024<\/b> ha sido determinante. Un ejemplo claro es el distrito de <b data-path-to-node=\"14\" data-index-in-node=\"108\">Las Fuentes<\/b>, que ha pasado de tener solo 2 licencias en a\u00f1os anteriores a sumar 8 licencias (11 viviendas) solo en 2025, gracias a la eliminaci\u00f3n de trabas burocr\u00e1ticas innecesarias.<\/p>\n<h2 data-path-to-node=\"15\"><strong>M\u00e1s de 1.800 locales vac\u00edos<\/strong><\/h2>\n<p data-path-to-node=\"16\">La medida nace para atacar un problema estructural de la ciudad. Las estimaciones del sector comercial apuntaban a la existencia de <b data-path-to-node=\"16\" data-index-in-node=\"132\">cerca de 1.800 locales vac\u00edos en Zaragoza<\/b>, muchos de ellos cerrados durante largos periodos y sin expectativas de alquiler comercial. Esta situaci\u00f3n provocaba un <b data-path-to-node=\"16\" data-index-in-node=\"294\">deterioro de la escena urbana<\/b> y una p\u00e9rdida de vitalidad en las calles.<\/p>\n<p data-path-to-node=\"17\">Siguiendo la <b data-path-to-node=\"17\" data-index-in-node=\"13\">tendencia urban\u00edstica europea<\/b> de reaprovechar lo construido, Zaragoza ha optado por \u00abdar una nueva vida a los edificios existentes\u00bb. Convertir estos espacios cerrados en viviendas no solo aumenta la oferta inmobiliaria, sino que mejora la seguridad y la est\u00e9tica de las calles, evitando el \u00abefecto persiana bajada\u00bb que deval\u00faa los barrios.<\/p>\n<h2 data-path-to-node=\"18\"><strong>Condiciones b\u00e1sicas para permitir este tipo de cambios de uso<\/strong><\/h2>\n<p data-path-to-node=\"19\">Aunque la administraci\u00f3n facilita el proceso, no \u00abtodo vale\u00bb. Para garantizar la habitabilidad y la calidad de las nuevas residencias, el Ayuntamiento exige el cumplimiento estricto de unas condiciones b\u00e1sicas, consultables en la web de Urbanismo:<\/p>\n<ol start=\"1\" data-path-to-node=\"20\">\n<li>\n<p data-path-to-node=\"20,0,0\"><b data-path-to-node=\"20,0,0\" data-index-in-node=\"0\">Inactividad:<\/b> El local debe llevar sin actividad un m\u00ednimo de <b data-path-to-node=\"20,0,0\" data-index-in-node=\"61\">36 meses (3 a\u00f1os)<\/b>.<\/p>\n<\/li>\n<li>\n<p data-path-to-node=\"20,1,0\"><b data-path-to-node=\"20,1,0\" data-index-in-node=\"0\">Altura:<\/b> Debe contar con una altura libre m\u00ednima de <b data-path-to-node=\"20,1,0\" data-index-in-node=\"51\">2,5 metros<\/b>.<\/p>\n<\/li>\n<li>\n<p data-path-to-node=\"20,2,0\"><b data-path-to-node=\"20,2,0\" data-index-in-node=\"0\">Superficie:<\/b> Se exige un m\u00ednimo de <b data-path-to-node=\"20,2,0\" data-index-in-node=\"34\">45 metros cuadrados<\/b> \u00fatiles. Si el local supera los 140 m\u00b2, la vivienda resultante deber\u00e1 tener al menos <b data-path-to-node=\"20,2,0\" data-index-in-node=\"138\">55 metros cuadrados<\/b>.<\/p>\n<\/li>\n<li>\n<p data-path-to-node=\"20,3,0\"><b data-path-to-node=\"20,3,0\" data-index-in-node=\"0\">Habitabilidad:<\/b> Requisitos estrictos sobre <b data-path-to-node=\"20,3,0\" data-index-in-node=\"42\">salidas de humos, ventilaci\u00f3n e iluminaci\u00f3n exterior<\/b>.<\/p>\n<\/li>\n<\/ol>\n<p data-path-to-node=\"21\">Estas normas aseguran que las nuevas viviendas ofrezcan condiciones dignas y no se conviertan en infraviviendas.<\/p>\n<h2 data-path-to-node=\"22\">No se permite en todas las ubicaciones<\/h2>\n<p data-path-to-node=\"23\">La segunda modificaci\u00f3n del PGOU en 2024 introdujo matices importantes para proteger el comercio donde este a\u00fan funciona. Aunque la norma general permite el cambio de uso en las calles que no est\u00e9n expresamente prohibidas, existen limitaciones claras:<\/p>\n<ul data-path-to-node=\"24\">\n<li>\n<p data-path-to-node=\"24,0,0\"><b data-path-to-node=\"24,0,0\" data-index-in-node=\"0\">Zonas Saturadas:<\/b> En \u00e1reas como <b data-path-to-node=\"24,0,0\" data-index-in-node=\"31\">Zumalac\u00e1rregui o Moncasi<\/b>, se permite el cambio a vivienda \u00fanicamente si el n\u00famero de establecimientos ha ca\u00eddo m\u00e1s de un 60% respecto a la declaraci\u00f3n de zona saturada. Esto ayuda a reducir las molestias por ruido asociadas al ocio nocturno, sustituy\u00e9ndolas por uso residencial.<\/p>\n<\/li>\n<li>\n<p data-path-to-node=\"24,1,0\"><b data-path-to-node=\"24,1,0\" data-index-in-node=\"0\">V\u00edas de alta capacidad:<\/b> En calles con cinco o m\u00e1s carriles, se requiere un <b data-path-to-node=\"24,1,0\" data-index-in-node=\"75\">estudio ac\u00fastico espec\u00edfico<\/b> para garantizar el confort sonoro.<\/p>\n<\/li>\n<\/ul>\n<p data-path-to-node=\"25\">Sin embargo, el cambio de uso queda <b data-path-to-node=\"25\" data-index-in-node=\"36\">totalmente prohibido<\/b> en las \u00abcalles estructurales\u00bb y ejes comerciales principales, para preservar la actividad econ\u00f3mica de la ciudad. Entre las v\u00edas donde <b data-path-to-node=\"25\" data-index-in-node=\"192\">no se puede convertir un local en vivienda<\/b> destacan:<\/p>\n<ul data-path-to-node=\"26\">\n<li>\n<p data-path-to-node=\"26,0,0\"><b data-path-to-node=\"26,0,0\" data-index-in-node=\"0\">Centro Hist\u00f3rico:<\/b> Alfonso I, Don Jaime I, Coso, Independencia, entre otras.<\/p>\n<\/li>\n<li>\n<p data-path-to-node=\"26,1,0\"><b data-path-to-node=\"26,1,0\" data-index-in-node=\"0\">El Tubo:<\/b> Calles como M\u00e1rtires o Libertad.<\/p>\n<\/li>\n<li>\n<p data-path-to-node=\"26,2,0\"><b data-path-to-node=\"26,2,0\" data-index-in-node=\"0\">Ensanche:<\/b> Constituci\u00f3n, Gran V\u00eda, o Fernando el Cat\u00f3lico.<\/p>\n<\/li>\n<\/ul>\n<h2 data-path-to-node=\"27\"><strong>M\u00e1s de 1.300 locales comerciales cierran cada mes en Espa\u00f1a<\/strong><\/h2>\n<p data-path-to-node=\"28\">Aunque los datos espec\u00edficos analizados corresponden a Zaragoza, esta estrategia responde a una realidad nacional alarmante para el sector inmobiliario y el retail. En Espa\u00f1a, se estima que cierran una media de <b data-path-to-node=\"28\" data-index-in-node=\"211\">1.300 locales comerciales al mes<\/b>, v\u00edctimas del auge del comercio electr\u00f3nico y los cambios en los h\u00e1bitos de consumo.<\/p>\n<p data-path-to-node=\"29\">La iniciativa de Zaragoza se presenta como un modelo replicable para otras ciudades que sufren la paradoja de tener <b data-path-to-node=\"29\" data-index-in-node=\"116\">miles de metros cuadrados vac\u00edos a pie de calle<\/b> mientras los precios del alquiler y la compra de vivienda marcan m\u00e1ximos hist\u00f3ricos. Transformar el problema del cierre comercial en una soluci\u00f3n habitacional es, hoy por hoy, una de las herramientas m\u00e1s eficientes para equilibrar el mercado de la vivienda.<\/p>\n<\/div><\/div><style type=\"text\/css\">.fusion-body .fusion-builder-column-0{width:100% !important;margin-top : 0px;margin-bottom : 0px;}.fusion-builder-column-0 > .fusion-column-wrapper {padding-top : 0px !important;padding-right : 0px !important;margin-right : 1.92%;padding-bottom : 0px !important;padding-left : 0px !important;margin-left : 1.92%;}@media only screen and (max-width:1024px) {.fusion-body .fusion-builder-column-0{width:100% !important;}.fusion-builder-column-0 > .fusion-column-wrapper {margin-right : 1.92%;margin-left : 1.92%;}}@media only screen and (max-width:640px) {.fusion-body .fusion-builder-column-0{width:100% !important;}.fusion-builder-column-0 > .fusion-column-wrapper {margin-right : 1.92%;margin-left : 1.92%;}}<\/style><\/div><\/div><style type=\"text\/css\">.fusion-body .fusion-flex-container.fusion-builder-row-1{ padding-top : 0px;margin-top : 0px;padding-right : 0px;padding-bottom : 0px;margin-bottom : 0px;padding-left : 0px;}<\/style><\/div>\n","protected":false},"excerpt":{"rendered":"<p>La capital aragonesa ha consolidado una normativa que permite aliviar la falta de oferta residencial mientras revitaliza los barrios: la transformaci\u00f3n de locales vac\u00edos en hogares. Esta medida, que combina flexibilidad normativa con protecci\u00f3n del tejido comercial tradicional, ofrece una alternativa real tanto para inversores particulares como para quienes buscan su primera vivienda en zonas consolidadas.<\/p>\n","protected":false},"author":3,"featured_media":26029,"comment_status":"closed","ping_status":"closed","sticky":false,"template":"","format":"standard","meta":{"_jetpack_memberships_contains_paid_content":false,"footnotes":"","jetpack_publicize_message":"","jetpack_publicize_feature_enabled":true,"jetpack_social_post_already_shared":true,"jetpack_social_options":{"image_generator_settings":{"template":"highway","default_image_id":0,"font":"","enabled":false},"version":2}},"categories":[120],"tags":[8273],"class_list":["post-54618","post","type-post","status-publish","format-standard","has-post-thumbnail","hentry","category-alquileres","tag-newsletter-548"],"yoast_head":"<!-- This site is optimized with the Yoast SEO plugin v27.4 - https:\/\/yoast.com\/product\/yoast-seo-wordpress\/ -->\n<title>Cambio de uso de locales por viviendas en Zaragoza<\/title>\n<meta name=\"description\" content=\"Siguiendo la tendencia urban\u00edstica europea de reaprovechar lo construido, Zaragoza opta por dar una nueva vida a los edificios existentes\" \/>\n<meta name=\"robots\" content=\"index, follow, max-snippet:-1, max-image-preview:large, max-video-preview:-1\" \/>\n<link rel=\"canonical\" href=\"https:\/\/www.aquimicasa.net\/blog\/vivienda\/alquileres\/cambio-de-uso-de-locales-por-viviendas-en-zaragoza\/\" \/>\n<meta property=\"og:locale\" content=\"es_ES\" \/>\n<meta property=\"og:type\" content=\"article\" \/>\n<meta property=\"og:title\" content=\"Cambio de uso de locales por viviendas en Zaragoza\" \/>\n<meta property=\"og:description\" content=\"Siguiendo la tendencia urban\u00edstica europea de reaprovechar lo construido, Zaragoza opta por dar una nueva vida a los edificios existentes\" \/>\n<meta property=\"og:url\" content=\"https:\/\/www.aquimicasa.net\/blog\/vivienda\/alquileres\/cambio-de-uso-de-locales-por-viviendas-en-zaragoza\/\" \/>\n<meta property=\"og:site_name\" content=\"Blog de aquimicasa.net\" \/>\n<meta property=\"article:publisher\" content=\"https:\/\/www.facebook.com\/aquimicasa.net\" \/>\n<meta property=\"article:published_time\" content=\"2026-01-08T22:07:29+00:00\" \/>\n<meta property=\"og:image\" content=\"https:\/\/www.aquimicasa.net\/blog\/wp-content\/uploads\/Zaragoza6-2.jpg\" \/>\n\t<meta property=\"og:image:width\" content=\"787\" \/>\n\t<meta property=\"og:image:height\" content=\"479\" \/>\n\t<meta property=\"og:image:type\" content=\"image\/jpeg\" \/>\n<meta name=\"author\" content=\"Eduardo Lizarraga\" \/>\n<meta name=\"twitter:label1\" content=\"Escrito por\" \/>\n\t<meta name=\"twitter:data1\" content=\"Eduardo Lizarraga\" \/>\n\t<meta name=\"twitter:label2\" content=\"Tiempo de lectura\" \/>\n\t<meta name=\"twitter:data2\" content=\"6 minutos\" \/>\n<script type=\"application\/ld+json\" class=\"yoast-schema-graph\">{\"@context\":\"https:\\\/\\\/schema.org\",\"@graph\":[{\"@type\":\"Article\",\"@id\":\"https:\\\/\\\/www.aquimicasa.net\\\/blog\\\/vivienda\\\/alquileres\\\/cambio-de-uso-de-locales-por-viviendas-en-zaragoza\\\/#article\",\"isPartOf\":{\"@id\":\"https:\\\/\\\/www.aquimicasa.net\\\/blog\\\/vivienda\\\/alquileres\\\/cambio-de-uso-de-locales-por-viviendas-en-zaragoza\\\/\"},\"author\":{\"name\":\"Eduardo Lizarraga\",\"@id\":\"https:\\\/\\\/www.aquimicasa.net\\\/blog\\\/#\\\/schema\\\/person\\\/2cdfa2605534583395c8d7ce1d6cac14\"},\"headline\":\"Cambio de uso de locales por viviendas en Zaragoza\",\"datePublished\":\"2026-01-08T22:07:29+00:00\",\"mainEntityOfPage\":{\"@id\":\"https:\\\/\\\/www.aquimicasa.net\\\/blog\\\/vivienda\\\/alquileres\\\/cambio-de-uso-de-locales-por-viviendas-en-zaragoza\\\/\"},\"wordCount\":1370,\"publisher\":{\"@id\":\"https:\\\/\\\/www.aquimicasa.net\\\/blog\\\/#organization\"},\"image\":{\"@id\":\"https:\\\/\\\/www.aquimicasa.net\\\/blog\\\/vivienda\\\/alquileres\\\/cambio-de-uso-de-locales-por-viviendas-en-zaragoza\\\/#primaryimage\"},\"thumbnailUrl\":\"https:\\\/\\\/www.aquimicasa.net\\\/blog\\\/wp-content\\\/uploads\\\/Zaragoza6-2.jpg\",\"keywords\":[\"newsletter 548\"],\"articleSection\":[\"Alquiler\"],\"inLanguage\":\"es\"},{\"@type\":\"WebPage\",\"@id\":\"https:\\\/\\\/www.aquimicasa.net\\\/blog\\\/vivienda\\\/alquileres\\\/cambio-de-uso-de-locales-por-viviendas-en-zaragoza\\\/\",\"url\":\"https:\\\/\\\/www.aquimicasa.net\\\/blog\\\/vivienda\\\/alquileres\\\/cambio-de-uso-de-locales-por-viviendas-en-zaragoza\\\/\",\"name\":\"Cambio de uso de locales por viviendas en Zaragoza\",\"isPartOf\":{\"@id\":\"https:\\\/\\\/www.aquimicasa.net\\\/blog\\\/#website\"},\"primaryImageOfPage\":{\"@id\":\"https:\\\/\\\/www.aquimicasa.net\\\/blog\\\/vivienda\\\/alquileres\\\/cambio-de-uso-de-locales-por-viviendas-en-zaragoza\\\/#primaryimage\"},\"image\":{\"@id\":\"https:\\\/\\\/www.aquimicasa.net\\\/blog\\\/vivienda\\\/alquileres\\\/cambio-de-uso-de-locales-por-viviendas-en-zaragoza\\\/#primaryimage\"},\"thumbnailUrl\":\"https:\\\/\\\/www.aquimicasa.net\\\/blog\\\/wp-content\\\/uploads\\\/Zaragoza6-2.jpg\",\"datePublished\":\"2026-01-08T22:07:29+00:00\",\"description\":\"Siguiendo la tendencia urban\u00edstica europea de reaprovechar lo construido, Zaragoza opta por dar una nueva vida a los edificios existentes\",\"breadcrumb\":{\"@id\":\"https:\\\/\\\/www.aquimicasa.net\\\/blog\\\/vivienda\\\/alquileres\\\/cambio-de-uso-de-locales-por-viviendas-en-zaragoza\\\/#breadcrumb\"},\"inLanguage\":\"es\",\"potentialAction\":[{\"@type\":\"ReadAction\",\"target\":[\"https:\\\/\\\/www.aquimicasa.net\\\/blog\\\/vivienda\\\/alquileres\\\/cambio-de-uso-de-locales-por-viviendas-en-zaragoza\\\/\"]}]},{\"@type\":\"ImageObject\",\"inLanguage\":\"es\",\"@id\":\"https:\\\/\\\/www.aquimicasa.net\\\/blog\\\/vivienda\\\/alquileres\\\/cambio-de-uso-de-locales-por-viviendas-en-zaragoza\\\/#primaryimage\",\"url\":\"https:\\\/\\\/www.aquimicasa.net\\\/blog\\\/wp-content\\\/uploads\\\/Zaragoza6-2.jpg\",\"contentUrl\":\"https:\\\/\\\/www.aquimicasa.net\\\/blog\\\/wp-content\\\/uploads\\\/Zaragoza6-2.jpg\",\"width\":787,\"height\":479,\"caption\":\"Cambio de uso de locales en Zaragoza\"},{\"@type\":\"BreadcrumbList\",\"@id\":\"https:\\\/\\\/www.aquimicasa.net\\\/blog\\\/vivienda\\\/alquileres\\\/cambio-de-uso-de-locales-por-viviendas-en-zaragoza\\\/#breadcrumb\",\"itemListElement\":[{\"@type\":\"ListItem\",\"position\":1,\"name\":\"Portada\",\"item\":\"https:\\\/\\\/www.aquimicasa.net\\\/blog\\\/\"},{\"@type\":\"ListItem\",\"position\":2,\"name\":\"Cambio de uso de locales por viviendas en Zaragoza\"}]},{\"@type\":\"WebSite\",\"@id\":\"https:\\\/\\\/www.aquimicasa.net\\\/blog\\\/#website\",\"url\":\"https:\\\/\\\/www.aquimicasa.net\\\/blog\\\/\",\"name\":\"Blog de aquimicasa.net\",\"description\":\"Noticias del Mundo Inmobiliario\",\"publisher\":{\"@id\":\"https:\\\/\\\/www.aquimicasa.net\\\/blog\\\/#organization\"},\"potentialAction\":[{\"@type\":\"SearchAction\",\"target\":{\"@type\":\"EntryPoint\",\"urlTemplate\":\"https:\\\/\\\/www.aquimicasa.net\\\/blog\\\/?s={search_term_string}\"},\"query-input\":{\"@type\":\"PropertyValueSpecification\",\"valueRequired\":true,\"valueName\":\"search_term_string\"}}],\"inLanguage\":\"es\"},{\"@type\":\"Organization\",\"@id\":\"https:\\\/\\\/www.aquimicasa.net\\\/blog\\\/#organization\",\"name\":\"Blog de aquimicasa.net\",\"url\":\"https:\\\/\\\/www.aquimicasa.net\\\/blog\\\/\",\"logo\":{\"@type\":\"ImageObject\",\"inLanguage\":\"es\",\"@id\":\"https:\\\/\\\/www.aquimicasa.net\\\/blog\\\/#\\\/schema\\\/logo\\\/image\\\/\",\"url\":\"https:\\\/\\\/www.aquimicasa.net\\\/blog\\\/wp-content\\\/uploads\\\/Logo-aquimicasa-1-e1528048213782.png\",\"contentUrl\":\"https:\\\/\\\/www.aquimicasa.net\\\/blog\\\/wp-content\\\/uploads\\\/Logo-aquimicasa-1-e1528048213782.png\",\"width\":225,\"height\":225,\"caption\":\"Blog de aquimicasa.net\"},\"image\":{\"@id\":\"https:\\\/\\\/www.aquimicasa.net\\\/blog\\\/#\\\/schema\\\/logo\\\/image\\\/\"},\"sameAs\":[\"https:\\\/\\\/www.facebook.com\\\/aquimicasa.net\",\"https:\\\/\\\/www.instagram.com\\\/\",\"https:\\\/\\\/x.com\\\/EduLizarragaD\",\"https:\\\/\\\/www.linkedin.com\\\/feed\\\/\"]},{\"@type\":\"Person\",\"@id\":\"https:\\\/\\\/www.aquimicasa.net\\\/blog\\\/#\\\/schema\\\/person\\\/2cdfa2605534583395c8d7ce1d6cac14\",\"name\":\"Eduardo Lizarraga\",\"image\":{\"@type\":\"ImageObject\",\"inLanguage\":\"es\",\"@id\":\"https:\\\/\\\/secure.gravatar.com\\\/avatar\\\/bdabe1eeeed97b65a9cb7de2edd624b07995f7e13abc5fead15961f745f908cc?s=96&d=mm&r=g\",\"url\":\"https:\\\/\\\/secure.gravatar.com\\\/avatar\\\/bdabe1eeeed97b65a9cb7de2edd624b07995f7e13abc5fead15961f745f908cc?s=96&d=mm&r=g\",\"contentUrl\":\"https:\\\/\\\/secure.gravatar.com\\\/avatar\\\/bdabe1eeeed97b65a9cb7de2edd624b07995f7e13abc5fead15961f745f908cc?s=96&d=mm&r=g\",\"caption\":\"Eduardo Lizarraga\"},\"description\":\"Periodista Econ\u00f3mico. Ha trabajado en diversos campos de la informaci\u00f3n. Corresponsal en conflictos, analista pol\u00edtico en Congreso y Senado, periodista del medio ambiente, editor, director editorial, director de comunicaci\u00f3n.... En estos momentos se ha especializado en el sector inmobiliario. Pero tambi\u00e9n es navegante y viajero, preocupado por la pobreza, el medio ambiente y por las actuaciones descontroladas del neoliberalismo empresarial y pol\u00edtico en todo el mundo. Los desahucios, la pobreza infantil y la falta de acceso a los suministros b\u00e1sicos son algunos de los grandes dramas de nuestra sociedad y que es preciso solucionar para hacerla m\u00e1s justa. CEO en www.aquimicasa.net\",\"sameAs\":[\"https:\\\/\\\/www.aquimicasa.net\\\/\"],\"url\":\"https:\\\/\\\/www.aquimicasa.net\\\/blog\\\/author\\\/eduardo\\\/\"}]}<\/script>\n<!-- \/ Yoast SEO plugin. -->","yoast_head_json":{"title":"Cambio de uso de locales por viviendas en Zaragoza","description":"Siguiendo la tendencia urban\u00edstica europea de reaprovechar lo construido, Zaragoza opta por dar una nueva vida a los edificios existentes","robots":{"index":"index","follow":"follow","max-snippet":"max-snippet:-1","max-image-preview":"max-image-preview:large","max-video-preview":"max-video-preview:-1"},"canonical":"https:\/\/www.aquimicasa.net\/blog\/vivienda\/alquileres\/cambio-de-uso-de-locales-por-viviendas-en-zaragoza\/","og_locale":"es_ES","og_type":"article","og_title":"Cambio de uso de locales por viviendas en Zaragoza","og_description":"Siguiendo la tendencia urban\u00edstica europea de reaprovechar lo construido, Zaragoza opta por dar una nueva vida a los edificios existentes","og_url":"https:\/\/www.aquimicasa.net\/blog\/vivienda\/alquileres\/cambio-de-uso-de-locales-por-viviendas-en-zaragoza\/","og_site_name":"Blog de aquimicasa.net","article_publisher":"https:\/\/www.facebook.com\/aquimicasa.net","article_published_time":"2026-01-08T22:07:29+00:00","og_image":[{"width":787,"height":479,"url":"https:\/\/www.aquimicasa.net\/blog\/wp-content\/uploads\/Zaragoza6-2.jpg","type":"image\/jpeg"}],"author":"Eduardo Lizarraga","twitter_misc":{"Escrito por":"Eduardo Lizarraga","Tiempo de lectura":"6 minutos"},"schema":{"@context":"https:\/\/schema.org","@graph":[{"@type":"Article","@id":"https:\/\/www.aquimicasa.net\/blog\/vivienda\/alquileres\/cambio-de-uso-de-locales-por-viviendas-en-zaragoza\/#article","isPartOf":{"@id":"https:\/\/www.aquimicasa.net\/blog\/vivienda\/alquileres\/cambio-de-uso-de-locales-por-viviendas-en-zaragoza\/"},"author":{"name":"Eduardo Lizarraga","@id":"https:\/\/www.aquimicasa.net\/blog\/#\/schema\/person\/2cdfa2605534583395c8d7ce1d6cac14"},"headline":"Cambio de uso de locales por viviendas en Zaragoza","datePublished":"2026-01-08T22:07:29+00:00","mainEntityOfPage":{"@id":"https:\/\/www.aquimicasa.net\/blog\/vivienda\/alquileres\/cambio-de-uso-de-locales-por-viviendas-en-zaragoza\/"},"wordCount":1370,"publisher":{"@id":"https:\/\/www.aquimicasa.net\/blog\/#organization"},"image":{"@id":"https:\/\/www.aquimicasa.net\/blog\/vivienda\/alquileres\/cambio-de-uso-de-locales-por-viviendas-en-zaragoza\/#primaryimage"},"thumbnailUrl":"https:\/\/www.aquimicasa.net\/blog\/wp-content\/uploads\/Zaragoza6-2.jpg","keywords":["newsletter 548"],"articleSection":["Alquiler"],"inLanguage":"es"},{"@type":"WebPage","@id":"https:\/\/www.aquimicasa.net\/blog\/vivienda\/alquileres\/cambio-de-uso-de-locales-por-viviendas-en-zaragoza\/","url":"https:\/\/www.aquimicasa.net\/blog\/vivienda\/alquileres\/cambio-de-uso-de-locales-por-viviendas-en-zaragoza\/","name":"Cambio de uso de locales por viviendas en Zaragoza","isPartOf":{"@id":"https:\/\/www.aquimicasa.net\/blog\/#website"},"primaryImageOfPage":{"@id":"https:\/\/www.aquimicasa.net\/blog\/vivienda\/alquileres\/cambio-de-uso-de-locales-por-viviendas-en-zaragoza\/#primaryimage"},"image":{"@id":"https:\/\/www.aquimicasa.net\/blog\/vivienda\/alquileres\/cambio-de-uso-de-locales-por-viviendas-en-zaragoza\/#primaryimage"},"thumbnailUrl":"https:\/\/www.aquimicasa.net\/blog\/wp-content\/uploads\/Zaragoza6-2.jpg","datePublished":"2026-01-08T22:07:29+00:00","description":"Siguiendo la tendencia urban\u00edstica europea de reaprovechar lo construido, Zaragoza opta por dar una nueva vida a los edificios existentes","breadcrumb":{"@id":"https:\/\/www.aquimicasa.net\/blog\/vivienda\/alquileres\/cambio-de-uso-de-locales-por-viviendas-en-zaragoza\/#breadcrumb"},"inLanguage":"es","potentialAction":[{"@type":"ReadAction","target":["https:\/\/www.aquimicasa.net\/blog\/vivienda\/alquileres\/cambio-de-uso-de-locales-por-viviendas-en-zaragoza\/"]}]},{"@type":"ImageObject","inLanguage":"es","@id":"https:\/\/www.aquimicasa.net\/blog\/vivienda\/alquileres\/cambio-de-uso-de-locales-por-viviendas-en-zaragoza\/#primaryimage","url":"https:\/\/www.aquimicasa.net\/blog\/wp-content\/uploads\/Zaragoza6-2.jpg","contentUrl":"https:\/\/www.aquimicasa.net\/blog\/wp-content\/uploads\/Zaragoza6-2.jpg","width":787,"height":479,"caption":"Cambio de uso de locales en Zaragoza"},{"@type":"BreadcrumbList","@id":"https:\/\/www.aquimicasa.net\/blog\/vivienda\/alquileres\/cambio-de-uso-de-locales-por-viviendas-en-zaragoza\/#breadcrumb","itemListElement":[{"@type":"ListItem","position":1,"name":"Portada","item":"https:\/\/www.aquimicasa.net\/blog\/"},{"@type":"ListItem","position":2,"name":"Cambio de uso de locales por viviendas en Zaragoza"}]},{"@type":"WebSite","@id":"https:\/\/www.aquimicasa.net\/blog\/#website","url":"https:\/\/www.aquimicasa.net\/blog\/","name":"Blog de aquimicasa.net","description":"Noticias del Mundo Inmobiliario","publisher":{"@id":"https:\/\/www.aquimicasa.net\/blog\/#organization"},"potentialAction":[{"@type":"SearchAction","target":{"@type":"EntryPoint","urlTemplate":"https:\/\/www.aquimicasa.net\/blog\/?s={search_term_string}"},"query-input":{"@type":"PropertyValueSpecification","valueRequired":true,"valueName":"search_term_string"}}],"inLanguage":"es"},{"@type":"Organization","@id":"https:\/\/www.aquimicasa.net\/blog\/#organization","name":"Blog de aquimicasa.net","url":"https:\/\/www.aquimicasa.net\/blog\/","logo":{"@type":"ImageObject","inLanguage":"es","@id":"https:\/\/www.aquimicasa.net\/blog\/#\/schema\/logo\/image\/","url":"https:\/\/www.aquimicasa.net\/blog\/wp-content\/uploads\/Logo-aquimicasa-1-e1528048213782.png","contentUrl":"https:\/\/www.aquimicasa.net\/blog\/wp-content\/uploads\/Logo-aquimicasa-1-e1528048213782.png","width":225,"height":225,"caption":"Blog de aquimicasa.net"},"image":{"@id":"https:\/\/www.aquimicasa.net\/blog\/#\/schema\/logo\/image\/"},"sameAs":["https:\/\/www.facebook.com\/aquimicasa.net","https:\/\/www.instagram.com\/","https:\/\/x.com\/EduLizarragaD","https:\/\/www.linkedin.com\/feed\/"]},{"@type":"Person","@id":"https:\/\/www.aquimicasa.net\/blog\/#\/schema\/person\/2cdfa2605534583395c8d7ce1d6cac14","name":"Eduardo Lizarraga","image":{"@type":"ImageObject","inLanguage":"es","@id":"https:\/\/secure.gravatar.com\/avatar\/bdabe1eeeed97b65a9cb7de2edd624b07995f7e13abc5fead15961f745f908cc?s=96&d=mm&r=g","url":"https:\/\/secure.gravatar.com\/avatar\/bdabe1eeeed97b65a9cb7de2edd624b07995f7e13abc5fead15961f745f908cc?s=96&d=mm&r=g","contentUrl":"https:\/\/secure.gravatar.com\/avatar\/bdabe1eeeed97b65a9cb7de2edd624b07995f7e13abc5fead15961f745f908cc?s=96&d=mm&r=g","caption":"Eduardo Lizarraga"},"description":"Periodista Econ\u00f3mico. Ha trabajado en diversos campos de la informaci\u00f3n. Corresponsal en conflictos, analista pol\u00edtico en Congreso y Senado, periodista del medio ambiente, editor, director editorial, director de comunicaci\u00f3n.... En estos momentos se ha especializado en el sector inmobiliario. Pero tambi\u00e9n es navegante y viajero, preocupado por la pobreza, el medio ambiente y por las actuaciones descontroladas del neoliberalismo empresarial y pol\u00edtico en todo el mundo. Los desahucios, la pobreza infantil y la falta de acceso a los suministros b\u00e1sicos son algunos de los grandes dramas de nuestra sociedad y que es preciso solucionar para hacerla m\u00e1s justa. CEO en www.aquimicasa.net","sameAs":["https:\/\/www.aquimicasa.net\/"],"url":"https:\/\/www.aquimicasa.net\/blog\/author\/eduardo\/"}]}},"jetpack_publicize_connections":[],"jetpack_featured_media_url":"https:\/\/www.aquimicasa.net\/blog\/wp-content\/uploads\/Zaragoza6-2.jpg","jetpack_sharing_enabled":true,"jetpack_likes_enabled":true,"_links":{"self":[{"href":"https:\/\/www.aquimicasa.net\/blog\/wp-json\/wp\/v2\/posts\/54618","targetHints":{"allow":["GET"]}}],"collection":[{"href":"https:\/\/www.aquimicasa.net\/blog\/wp-json\/wp\/v2\/posts"}],"about":[{"href":"https:\/\/www.aquimicasa.net\/blog\/wp-json\/wp\/v2\/types\/post"}],"author":[{"embeddable":true,"href":"https:\/\/www.aquimicasa.net\/blog\/wp-json\/wp\/v2\/users\/3"}],"replies":[{"embeddable":true,"href":"https:\/\/www.aquimicasa.net\/blog\/wp-json\/wp\/v2\/comments?post=54618"}],"version-history":[{"count":3,"href":"https:\/\/www.aquimicasa.net\/blog\/wp-json\/wp\/v2\/posts\/54618\/revisions"}],"predecessor-version":[{"id":54647,"href":"https:\/\/www.aquimicasa.net\/blog\/wp-json\/wp\/v2\/posts\/54618\/revisions\/54647"}],"wp:featuredmedia":[{"embeddable":true,"href":"https:\/\/www.aquimicasa.net\/blog\/wp-json\/wp\/v2\/media\/26029"}],"wp:attachment":[{"href":"https:\/\/www.aquimicasa.net\/blog\/wp-json\/wp\/v2\/media?parent=54618"}],"wp:term":[{"taxonomy":"category","embeddable":true,"href":"https:\/\/www.aquimicasa.net\/blog\/wp-json\/wp\/v2\/categories?post=54618"},{"taxonomy":"post_tag","embeddable":true,"href":"https:\/\/www.aquimicasa.net\/blog\/wp-json\/wp\/v2\/tags?post=54618"}],"curies":[{"name":"wp","href":"https:\/\/api.w.org\/{rel}","templated":true}]}}