{"id":54840,"date":"2026-01-25T21:57:23","date_gmt":"2026-01-25T20:57:23","guid":{"rendered":"https:\/\/www.aquimicasa.net\/blog\/?p=54840"},"modified":"2026-01-25T21:57:23","modified_gmt":"2026-01-25T20:57:23","slug":"promotores-y-constructores-tienen-un-buen-ano-y-se-afianzan","status":"publish","type":"post","link":"https:\/\/www.aquimicasa.net\/blog\/vivienda\/compraventa-de-viviendas\/promotores-y-constructores-tienen-un-buen-ano-y-se-afianzan\/","title":{"rendered":"Promotores y constructores tienen un buen a\u00f1o y se afianzan"},"content":{"rendered":"<div class=\"fusion-fullwidth fullwidth-box fusion-builder-row-1 fusion-flex-container nonhundred-percent-fullwidth non-hundred-percent-height-scrolling\" style=\"background-color: rgba(255,255,255,0);background-position: center center;background-repeat: no-repeat;border-width: 0px 0px 0px 0px;border-color:#eae9e9;border-style:solid;\" ><div class=\"fusion-builder-row fusion-row fusion-flex-align-items-flex-start\" style=\"max-width:1144px;margin-left: calc(-4% \/ 2 );margin-right: calc(-4% \/ 2 );\"><div class=\"fusion-layout-column fusion_builder_column fusion-builder-column-0 fusion_builder_column_1_1 1_1 fusion-flex-column\"><div class=\"fusion-column-wrapper fusion-flex-justify-content-flex-start fusion-content-layout-column\" style=\"background-position:left top;background-repeat:no-repeat;-webkit-background-size:cover;-moz-background-size:cover;-o-background-size:cover;background-size:cover;padding: 0px 0px 0px 0px;\"><div class=\"fusion-text fusion-text-1\"><p data-start=\"475\" data-end=\"1328\">El mercado inmobiliario espa\u00f1ol ha cerrado un ejercicio especialmente favorable para los sectores promotor y constructor, a pesar de operar en un contexto marcado por la <strong data-start=\"645\" data-end=\"744\">escasez de oferta,\u00a0 el exceso regulatorio y la falta de suelo finalista<\/strong>. Lejos de frenar la actividad, estos factores han contribuido a reforzar una din\u00e1mica de precios al alza y una demanda que no muestra signos de agotamiento, dando como resultado un <strong data-start=\"926\" data-end=\"984\">incremento significativo de los m\u00e1rgenes empresariales<\/strong> y la consolidaci\u00f3n de la recuperaci\u00f3n en el sector de la construcci\u00f3n. El encarecimiento de la vivienda, con subidas que duplican la media europea, ha tenido un impacto directo en la cuenta de resultados de las grandes compa\u00f1\u00edas del sector, que han sabido trasladar el aumento de costes al precio final sin deteriorar la absorci\u00f3n del mercado.<\/p>\n<h2><strong>Las principales compa\u00f1\u00edas promotoras incrementan sus m\u00e1rgenes<\/strong><\/h2>\n<p data-start=\"1402\" data-end=\"2477\">El comportamiento de las grandes promotoras cotizadas es uno de los indicadores m\u00e1s claros del buen momento que atraviesa el negocio promotor. La combinaci\u00f3n de <strong data-start=\"1563\" data-end=\"1603\">demanda s\u00f3lida y oferta insuficiente<\/strong> ha permitido a las principales compa\u00f1\u00edas mantener niveles elevados de rentabilidad y reforzar su posici\u00f3n en el mercado residencial. Neinor Homes se ha situado a la cabeza del sector al cerrar el primer semestre de 2025 con un <strong data-start=\"1831\" data-end=\"1855\">margen bruto del 30%<\/strong>, ligeramente superior al del ejercicio anterior, consolid\u00e1ndose como una de las promotoras m\u00e1s rentables tanto en el \u00e1mbito nacional como internacional. Aedas Homes, por su parte, ha alcanzado un margen bruto promotor del <strong data-start=\"2078\" data-end=\"2087\">23,5%<\/strong> en el primer semestre de su ejercicio fiscal 2025\/2026, mejorando sus registros previos, mientras que Metrovacesa se ha situado en el <strong data-start=\"2222\" data-end=\"2231\">22,5%<\/strong>, tras un ligero ajuste respecto al a\u00f1o anterior. En conjunto, estas cifras confirman que los <strong data-start=\"2325\" data-end=\"2374\">m\u00e1rgenes de rentabilidad de las inmobiliarias<\/strong> se mantienen en niveles hist\u00f3ricamente elevados, incluso en un entorno de encarecimiento generalizado.<\/p>\n<h2><strong>El sector de la construcci\u00f3n consolida su recuperaci\u00f3n en un escenario de mayor estabilidad y confianza<\/strong><\/h2>\n<p data-start=\"2593\" data-end=\"3354\">Paralelamente al buen comportamiento del negocio promotor, el <strong data-start=\"2655\" data-end=\"2713\">sector de la construcci\u00f3n ha afianzado su recuperaci\u00f3n<\/strong> y refuerza su papel como uno de los motores de la actividad econ\u00f3mica. El cierre de 2025 muestra una evoluci\u00f3n positiva de los principales indicadores, con crecimiento sostenido en hipotecas, licitaciones, visados y empleo. Este avance se apoya en un entorno de mayor estabilidad y confianza, tanto desde el punto de vista empresarial como financiero, y en una mejora progresiva de la actividad tanto en edificaci\u00f3n residencial como en obra civil. El dinamismo del sector se refleja tambi\u00e9n en su capacidad para generar empleo y en el aumento de empresas activas, lo que contribuye a consolidar su peso dentro del tejido productivo espa\u00f1ol.<\/p>\n<h2><strong>Los principales datos del sector<\/strong><\/h2>\n<p data-start=\"3399\" data-end=\"4116\">Los datos agregados confirman esta evoluci\u00f3n positiva. El n\u00famero de <strong data-start=\"3467\" data-end=\"3496\">hipotecas sobre viviendas<\/strong> alcanz\u00f3 las <strong data-start=\"3509\" data-end=\"3532\">419.913 operaciones<\/strong> hasta octubre, mientras que la <strong data-start=\"3564\" data-end=\"3586\">licitaci\u00f3n p\u00fablica<\/strong> ascendi\u00f3 a <strong data-start=\"3598\" data-end=\"3626\">28.726 millones de euros<\/strong> hasta noviembre. El <strong data-start=\"3647\" data-end=\"3669\">consumo de cemento<\/strong> se situ\u00f3 en <strong data-start=\"3682\" data-end=\"3713\">15,23 millones de toneladas<\/strong>, un indicador clave de la intensidad de la actividad constructora, y los <strong data-start=\"3787\" data-end=\"3806\">visados de obra<\/strong> registraron un total de <strong data-start=\"3831\" data-end=\"3842\">138.268<\/strong> entre enero y octubre. En t\u00e9rminos laborales, el n\u00famero de personas ocupadas en la construcci\u00f3n alcanz\u00f3 <strong data-start=\"3947\" data-end=\"3973\">1.557.080 trabajadores<\/strong> en el tercer trimestre, consolidando una tendencia de crecimiento sostenido que refuerza la percepci\u00f3n de recuperaci\u00f3n estructural del sector.<\/p>\n<h2><strong>El crecimiento del empleo joven es se\u00f1al de futuro<\/strong><\/h2>\n<p data-start=\"4179\" data-end=\"4830\">Uno de los elementos m\u00e1s relevantes de esta recuperaci\u00f3n es el comportamiento del empleo. El aumento de personas ocupadas y la reducci\u00f3n del paro reflejan una <strong data-start=\"4338\" data-end=\"4371\">mayor demanda de mano de obra<\/strong>, pero destaca especialmente el <strong data-start=\"4403\" data-end=\"4435\">crecimiento del empleo joven<\/strong>, que contribuye a rejuvenecer un sector tradicionalmente envejecido. Esta incorporaci\u00f3n de nuevos perfiles profesionales mejora la capacidad de adaptaci\u00f3n del sector a los retos tecnol\u00f3gicos, normativos y productivos, y refuerza su sostenibilidad a medio y largo plazo. El empleo se consolida as\u00ed como uno de los pilares fundamentales del buen momento que atraviesan promotores y constructores.<\/p>\n<h2><strong>Control de costes y plazos son los desaf\u00edos inmediatos<\/strong><\/h2>\n<p data-start=\"4897\" data-end=\"6032\">Pese a este escenario favorable, el sector no est\u00e1 exento de riesgos. El <strong data-start=\"4970\" data-end=\"5018\">encarecimiento de los costes de construcci\u00f3n<\/strong> se ha consolidado como uno de los principales factores de presi\u00f3n sobre la viabilidad de las promociones residenciales. La edificaci\u00f3n representa de media el <strong data-start=\"5177\" data-end=\"5202\">52,5% del coste total<\/strong> de una promoci\u00f3n plurifamiliar, con un coste medio de <strong data-start=\"5257\" data-end=\"5271\">1.428 \u20ac\/m\u00b2<\/strong>, lo que convierte cualquier desviaci\u00f3n en un elemento cr\u00edtico para la rentabilidad. En este contexto, el <strong data-start=\"5377\" data-end=\"5407\">control de costes y plazos<\/strong> adquiere un papel central. Herramientas como el project monitoring permiten un seguimiento t\u00e9cnico y administrativo riguroso de las obras, facilitando la detecci\u00f3n temprana de desviaciones y reforzando la seguridad para promotores, inversores y entidades financieras. Los datos muestran que el <strong data-start=\"5702\" data-end=\"5769\">75,2% de los proyectos supervisados cumple los plazos previstos<\/strong> y que <strong data-start=\"5776\" data-end=\"5848\">casi la mitad de las promociones finaliza sin desviaciones de costes<\/strong>, lo que pone de relieve la importancia de una gesti\u00f3n precisa en un ciclo donde la rentabilidad depende cada vez m\u00e1s del control exhaustivo de los riesgos asociados a la construcci\u00f3n.<\/p>\n<\/div><\/div><style type=\"text\/css\">.fusion-body .fusion-builder-column-0{width:100% !important;margin-top : 0px;margin-bottom : 0px;}.fusion-builder-column-0 > .fusion-column-wrapper {padding-top : 0px !important;padding-right : 0px !important;margin-right : 1.92%;padding-bottom : 0px !important;padding-left : 0px !important;margin-left : 1.92%;}@media only screen and (max-width:1024px) {.fusion-body .fusion-builder-column-0{width:100% !important;}.fusion-builder-column-0 > .fusion-column-wrapper {margin-right : 1.92%;margin-left : 1.92%;}}@media only screen and (max-width:640px) {.fusion-body .fusion-builder-column-0{width:100% !important;}.fusion-builder-column-0 > .fusion-column-wrapper {margin-right : 1.92%;margin-left : 1.92%;}}<\/style><\/div><\/div><style type=\"text\/css\">.fusion-body .fusion-flex-container.fusion-builder-row-1{ padding-top : 0px;margin-top : 0px;padding-right : 0px;padding-bottom : 0px;margin-bottom : 0px;padding-left : 0px;}<\/style><\/div>\n","protected":false},"excerpt":{"rendered":"<p>El encarecimiento de los costes de construcci\u00f3n se ha consolidado como uno de los principales factores de presi\u00f3n sobre la viabilidad de las promociones residenciales. La edificaci\u00f3n representa de media el 52,5% del coste total de una promoci\u00f3n plurifamiliar, con un coste medio de 1.428 \u20ac\/m\u00b2, lo que convierte cualquier desviaci\u00f3n en un elemento cr\u00edtico para la rentabilidad. En este contexto, el control de costes y plazos adquiere un papel central.<\/p>\n","protected":false},"author":3,"featured_media":53834,"comment_status":"closed","ping_status":"closed","sticky":false,"template":"","format":"standard","meta":{"_jetpack_memberships_contains_paid_content":false,"footnotes":"","jetpack_publicize_message":"","jetpack_publicize_feature_enabled":true,"jetpack_social_post_already_shared":true,"jetpack_social_options":{"image_generator_settings":{"template":"highway","default_image_id":0,"font":"","enabled":false},"version":2}},"categories":[100,96],"tags":[8275],"class_list":["post-54840","post","type-post","status-publish","format-standard","has-post-thumbnail","hentry","category-compraventa-de-viviendas","category-construccion-de-viviendas","tag-newsletter-550"],"yoast_head":"<!-- This site is optimized with the Yoast SEO plugin v27.5 - https:\/\/yoast.com\/product\/yoast-seo-wordpress\/ -->\n<title>Promotores y constructores tienen un buen a\u00f1o y se afianzan<\/title>\n<meta name=\"description\" content=\"El sector de la construcci\u00f3n ha afianzado su recuperaci\u00f3n y refuerza su papel como uno de los motores de la actividad econ\u00f3mica\" \/>\n<meta name=\"robots\" content=\"index, follow, max-snippet:-1, max-image-preview:large, max-video-preview:-1\" \/>\n<link rel=\"canonical\" href=\"https:\/\/www.aquimicasa.net\/blog\/vivienda\/compraventa-de-viviendas\/promotores-y-constructores-tienen-un-buen-ano-y-se-afianzan\/\" \/>\n<meta property=\"og:locale\" content=\"es_ES\" \/>\n<meta property=\"og:type\" content=\"article\" \/>\n<meta property=\"og:title\" content=\"Promotores y constructores tienen un buen a\u00f1o y se afianzan\" \/>\n<meta property=\"og:description\" content=\"El sector de la construcci\u00f3n ha afianzado su recuperaci\u00f3n y refuerza su papel como uno de los motores de la actividad econ\u00f3mica\" \/>\n<meta property=\"og:url\" content=\"https:\/\/www.aquimicasa.net\/blog\/vivienda\/compraventa-de-viviendas\/promotores-y-constructores-tienen-un-buen-ano-y-se-afianzan\/\" \/>\n<meta property=\"og:site_name\" content=\"Blog de aquimicasa.net\" \/>\n<meta property=\"article:publisher\" content=\"https:\/\/www.facebook.com\/aquimicasa.net\" \/>\n<meta property=\"article:published_time\" content=\"2026-01-25T20:57:23+00:00\" \/>\n<meta property=\"og:image\" content=\"https:\/\/www.aquimicasa.net\/blog\/wp-content\/uploads\/construccion-de-viviendas4-1-e1762200022965.jpg\" \/>\n\t<meta property=\"og:image:width\" content=\"600\" \/>\n\t<meta property=\"og:image:height\" content=\"360\" \/>\n\t<meta property=\"og:image:type\" content=\"image\/jpeg\" \/>\n<meta name=\"author\" content=\"Eduardo Lizarraga\" \/>\n<meta name=\"twitter:label1\" content=\"Escrito por\" \/>\n\t<meta name=\"twitter:data1\" content=\"Eduardo Lizarraga\" \/>\n\t<meta name=\"twitter:label2\" content=\"Tiempo de lectura\" \/>\n\t<meta name=\"twitter:data2\" content=\"5 minutos\" \/>\n<script type=\"application\/ld+json\" class=\"yoast-schema-graph\">{\"@context\":\"https:\\\/\\\/schema.org\",\"@graph\":[{\"@type\":\"Article\",\"@id\":\"https:\\\/\\\/www.aquimicasa.net\\\/blog\\\/vivienda\\\/compraventa-de-viviendas\\\/promotores-y-constructores-tienen-un-buen-ano-y-se-afianzan\\\/#article\",\"isPartOf\":{\"@id\":\"https:\\\/\\\/www.aquimicasa.net\\\/blog\\\/vivienda\\\/compraventa-de-viviendas\\\/promotores-y-constructores-tienen-un-buen-ano-y-se-afianzan\\\/\"},\"author\":{\"name\":\"Eduardo Lizarraga\",\"@id\":\"https:\\\/\\\/www.aquimicasa.net\\\/blog\\\/#\\\/schema\\\/person\\\/2cdfa2605534583395c8d7ce1d6cac14\"},\"headline\":\"Promotores y constructores tienen un buen a\u00f1o y se afianzan\",\"datePublished\":\"2026-01-25T20:57:23+00:00\",\"mainEntityOfPage\":{\"@id\":\"https:\\\/\\\/www.aquimicasa.net\\\/blog\\\/vivienda\\\/compraventa-de-viviendas\\\/promotores-y-constructores-tienen-un-buen-ano-y-se-afianzan\\\/\"},\"wordCount\":1119,\"publisher\":{\"@id\":\"https:\\\/\\\/www.aquimicasa.net\\\/blog\\\/#organization\"},\"image\":{\"@id\":\"https:\\\/\\\/www.aquimicasa.net\\\/blog\\\/vivienda\\\/compraventa-de-viviendas\\\/promotores-y-constructores-tienen-un-buen-ano-y-se-afianzan\\\/#primaryimage\"},\"thumbnailUrl\":\"https:\\\/\\\/www.aquimicasa.net\\\/blog\\\/wp-content\\\/uploads\\\/construccion-de-viviendas4-1-e1762200022965.jpg\",\"keywords\":[\"newsletter 550\"],\"articleSection\":[\"Compra Venta\",\"Obra Nueva\"],\"inLanguage\":\"es\"},{\"@type\":\"WebPage\",\"@id\":\"https:\\\/\\\/www.aquimicasa.net\\\/blog\\\/vivienda\\\/compraventa-de-viviendas\\\/promotores-y-constructores-tienen-un-buen-ano-y-se-afianzan\\\/\",\"url\":\"https:\\\/\\\/www.aquimicasa.net\\\/blog\\\/vivienda\\\/compraventa-de-viviendas\\\/promotores-y-constructores-tienen-un-buen-ano-y-se-afianzan\\\/\",\"name\":\"Promotores y constructores tienen un buen a\u00f1o y se afianzan\",\"isPartOf\":{\"@id\":\"https:\\\/\\\/www.aquimicasa.net\\\/blog\\\/#website\"},\"primaryImageOfPage\":{\"@id\":\"https:\\\/\\\/www.aquimicasa.net\\\/blog\\\/vivienda\\\/compraventa-de-viviendas\\\/promotores-y-constructores-tienen-un-buen-ano-y-se-afianzan\\\/#primaryimage\"},\"image\":{\"@id\":\"https:\\\/\\\/www.aquimicasa.net\\\/blog\\\/vivienda\\\/compraventa-de-viviendas\\\/promotores-y-constructores-tienen-un-buen-ano-y-se-afianzan\\\/#primaryimage\"},\"thumbnailUrl\":\"https:\\\/\\\/www.aquimicasa.net\\\/blog\\\/wp-content\\\/uploads\\\/construccion-de-viviendas4-1-e1762200022965.jpg\",\"datePublished\":\"2026-01-25T20:57:23+00:00\",\"description\":\"El sector de la construcci\u00f3n ha afianzado su recuperaci\u00f3n y refuerza su papel como uno de los motores de la actividad econ\u00f3mica\",\"breadcrumb\":{\"@id\":\"https:\\\/\\\/www.aquimicasa.net\\\/blog\\\/vivienda\\\/compraventa-de-viviendas\\\/promotores-y-constructores-tienen-un-buen-ano-y-se-afianzan\\\/#breadcrumb\"},\"inLanguage\":\"es\",\"potentialAction\":[{\"@type\":\"ReadAction\",\"target\":[\"https:\\\/\\\/www.aquimicasa.net\\\/blog\\\/vivienda\\\/compraventa-de-viviendas\\\/promotores-y-constructores-tienen-un-buen-ano-y-se-afianzan\\\/\"]}]},{\"@type\":\"ImageObject\",\"inLanguage\":\"es\",\"@id\":\"https:\\\/\\\/www.aquimicasa.net\\\/blog\\\/vivienda\\\/compraventa-de-viviendas\\\/promotores-y-constructores-tienen-un-buen-ano-y-se-afianzan\\\/#primaryimage\",\"url\":\"https:\\\/\\\/www.aquimicasa.net\\\/blog\\\/wp-content\\\/uploads\\\/construccion-de-viviendas4-1-e1762200022965.jpg\",\"contentUrl\":\"https:\\\/\\\/www.aquimicasa.net\\\/blog\\\/wp-content\\\/uploads\\\/construccion-de-viviendas4-1-e1762200022965.jpg\",\"width\":600,\"height\":360,\"caption\":\"C\u00edda del sector de la construcci\u00f3n en febrero\"},{\"@type\":\"BreadcrumbList\",\"@id\":\"https:\\\/\\\/www.aquimicasa.net\\\/blog\\\/vivienda\\\/compraventa-de-viviendas\\\/promotores-y-constructores-tienen-un-buen-ano-y-se-afianzan\\\/#breadcrumb\",\"itemListElement\":[{\"@type\":\"ListItem\",\"position\":1,\"name\":\"Portada\",\"item\":\"https:\\\/\\\/www.aquimicasa.net\\\/blog\\\/\"},{\"@type\":\"ListItem\",\"position\":2,\"name\":\"Promotores y constructores tienen un buen a\u00f1o y se afianzan\"}]},{\"@type\":\"WebSite\",\"@id\":\"https:\\\/\\\/www.aquimicasa.net\\\/blog\\\/#website\",\"url\":\"https:\\\/\\\/www.aquimicasa.net\\\/blog\\\/\",\"name\":\"Blog de aquimicasa.net\",\"description\":\"Noticias del Mundo Inmobiliario\",\"publisher\":{\"@id\":\"https:\\\/\\\/www.aquimicasa.net\\\/blog\\\/#organization\"},\"potentialAction\":[{\"@type\":\"SearchAction\",\"target\":{\"@type\":\"EntryPoint\",\"urlTemplate\":\"https:\\\/\\\/www.aquimicasa.net\\\/blog\\\/?s={search_term_string}\"},\"query-input\":{\"@type\":\"PropertyValueSpecification\",\"valueRequired\":true,\"valueName\":\"search_term_string\"}}],\"inLanguage\":\"es\"},{\"@type\":\"Organization\",\"@id\":\"https:\\\/\\\/www.aquimicasa.net\\\/blog\\\/#organization\",\"name\":\"Blog de aquimicasa.net\",\"url\":\"https:\\\/\\\/www.aquimicasa.net\\\/blog\\\/\",\"logo\":{\"@type\":\"ImageObject\",\"inLanguage\":\"es\",\"@id\":\"https:\\\/\\\/www.aquimicasa.net\\\/blog\\\/#\\\/schema\\\/logo\\\/image\\\/\",\"url\":\"https:\\\/\\\/www.aquimicasa.net\\\/blog\\\/wp-content\\\/uploads\\\/Logo-aquimicasa-1-e1528048213782.png\",\"contentUrl\":\"https:\\\/\\\/www.aquimicasa.net\\\/blog\\\/wp-content\\\/uploads\\\/Logo-aquimicasa-1-e1528048213782.png\",\"width\":225,\"height\":225,\"caption\":\"Blog de aquimicasa.net\"},\"image\":{\"@id\":\"https:\\\/\\\/www.aquimicasa.net\\\/blog\\\/#\\\/schema\\\/logo\\\/image\\\/\"},\"sameAs\":[\"https:\\\/\\\/www.facebook.com\\\/aquimicasa.net\",\"https:\\\/\\\/www.instagram.com\\\/\",\"https:\\\/\\\/x.com\\\/EduLizarragaD\",\"https:\\\/\\\/www.linkedin.com\\\/feed\\\/\"]},{\"@type\":\"Person\",\"@id\":\"https:\\\/\\\/www.aquimicasa.net\\\/blog\\\/#\\\/schema\\\/person\\\/2cdfa2605534583395c8d7ce1d6cac14\",\"name\":\"Eduardo Lizarraga\",\"image\":{\"@type\":\"ImageObject\",\"inLanguage\":\"es\",\"@id\":\"https:\\\/\\\/secure.gravatar.com\\\/avatar\\\/bdabe1eeeed97b65a9cb7de2edd624b07995f7e13abc5fead15961f745f908cc?s=96&d=mm&r=g\",\"url\":\"https:\\\/\\\/secure.gravatar.com\\\/avatar\\\/bdabe1eeeed97b65a9cb7de2edd624b07995f7e13abc5fead15961f745f908cc?s=96&d=mm&r=g\",\"contentUrl\":\"https:\\\/\\\/secure.gravatar.com\\\/avatar\\\/bdabe1eeeed97b65a9cb7de2edd624b07995f7e13abc5fead15961f745f908cc?s=96&d=mm&r=g\",\"caption\":\"Eduardo Lizarraga\"},\"description\":\"Periodista Econ\u00f3mico. Ha trabajado en diversos campos de la informaci\u00f3n. Corresponsal en conflictos, analista pol\u00edtico en Congreso y Senado, periodista del medio ambiente, editor, director editorial, director de comunicaci\u00f3n.... En estos momentos se ha especializado en el sector inmobiliario. Pero tambi\u00e9n es navegante y viajero, preocupado por la pobreza, el medio ambiente y por las actuaciones descontroladas del neoliberalismo empresarial y pol\u00edtico en todo el mundo. Los desahucios, la pobreza infantil y la falta de acceso a los suministros b\u00e1sicos son algunos de los grandes dramas de nuestra sociedad y que es preciso solucionar para hacerla m\u00e1s justa. CEO en www.aquimicasa.net\",\"sameAs\":[\"https:\\\/\\\/www.aquimicasa.net\\\/\"],\"url\":\"https:\\\/\\\/www.aquimicasa.net\\\/blog\\\/author\\\/eduardo\\\/\"}]}<\/script>\n<!-- \/ Yoast SEO plugin. -->","yoast_head_json":{"title":"Promotores y constructores tienen un buen a\u00f1o y se afianzan","description":"El sector de la construcci\u00f3n ha afianzado su recuperaci\u00f3n y refuerza su papel como uno de los motores de la actividad econ\u00f3mica","robots":{"index":"index","follow":"follow","max-snippet":"max-snippet:-1","max-image-preview":"max-image-preview:large","max-video-preview":"max-video-preview:-1"},"canonical":"https:\/\/www.aquimicasa.net\/blog\/vivienda\/compraventa-de-viviendas\/promotores-y-constructores-tienen-un-buen-ano-y-se-afianzan\/","og_locale":"es_ES","og_type":"article","og_title":"Promotores y constructores tienen un buen a\u00f1o y se afianzan","og_description":"El sector de la construcci\u00f3n ha afianzado su recuperaci\u00f3n y refuerza su papel como uno de los motores de la actividad econ\u00f3mica","og_url":"https:\/\/www.aquimicasa.net\/blog\/vivienda\/compraventa-de-viviendas\/promotores-y-constructores-tienen-un-buen-ano-y-se-afianzan\/","og_site_name":"Blog de aquimicasa.net","article_publisher":"https:\/\/www.facebook.com\/aquimicasa.net","article_published_time":"2026-01-25T20:57:23+00:00","og_image":[{"width":600,"height":360,"url":"https:\/\/www.aquimicasa.net\/blog\/wp-content\/uploads\/construccion-de-viviendas4-1-e1762200022965.jpg","type":"image\/jpeg"}],"author":"Eduardo Lizarraga","twitter_misc":{"Escrito por":"Eduardo Lizarraga","Tiempo de lectura":"5 minutos"},"schema":{"@context":"https:\/\/schema.org","@graph":[{"@type":"Article","@id":"https:\/\/www.aquimicasa.net\/blog\/vivienda\/compraventa-de-viviendas\/promotores-y-constructores-tienen-un-buen-ano-y-se-afianzan\/#article","isPartOf":{"@id":"https:\/\/www.aquimicasa.net\/blog\/vivienda\/compraventa-de-viviendas\/promotores-y-constructores-tienen-un-buen-ano-y-se-afianzan\/"},"author":{"name":"Eduardo Lizarraga","@id":"https:\/\/www.aquimicasa.net\/blog\/#\/schema\/person\/2cdfa2605534583395c8d7ce1d6cac14"},"headline":"Promotores y constructores tienen un buen a\u00f1o y se afianzan","datePublished":"2026-01-25T20:57:23+00:00","mainEntityOfPage":{"@id":"https:\/\/www.aquimicasa.net\/blog\/vivienda\/compraventa-de-viviendas\/promotores-y-constructores-tienen-un-buen-ano-y-se-afianzan\/"},"wordCount":1119,"publisher":{"@id":"https:\/\/www.aquimicasa.net\/blog\/#organization"},"image":{"@id":"https:\/\/www.aquimicasa.net\/blog\/vivienda\/compraventa-de-viviendas\/promotores-y-constructores-tienen-un-buen-ano-y-se-afianzan\/#primaryimage"},"thumbnailUrl":"https:\/\/www.aquimicasa.net\/blog\/wp-content\/uploads\/construccion-de-viviendas4-1-e1762200022965.jpg","keywords":["newsletter 550"],"articleSection":["Compra Venta","Obra Nueva"],"inLanguage":"es"},{"@type":"WebPage","@id":"https:\/\/www.aquimicasa.net\/blog\/vivienda\/compraventa-de-viviendas\/promotores-y-constructores-tienen-un-buen-ano-y-se-afianzan\/","url":"https:\/\/www.aquimicasa.net\/blog\/vivienda\/compraventa-de-viviendas\/promotores-y-constructores-tienen-un-buen-ano-y-se-afianzan\/","name":"Promotores y constructores tienen un buen a\u00f1o y se afianzan","isPartOf":{"@id":"https:\/\/www.aquimicasa.net\/blog\/#website"},"primaryImageOfPage":{"@id":"https:\/\/www.aquimicasa.net\/blog\/vivienda\/compraventa-de-viviendas\/promotores-y-constructores-tienen-un-buen-ano-y-se-afianzan\/#primaryimage"},"image":{"@id":"https:\/\/www.aquimicasa.net\/blog\/vivienda\/compraventa-de-viviendas\/promotores-y-constructores-tienen-un-buen-ano-y-se-afianzan\/#primaryimage"},"thumbnailUrl":"https:\/\/www.aquimicasa.net\/blog\/wp-content\/uploads\/construccion-de-viviendas4-1-e1762200022965.jpg","datePublished":"2026-01-25T20:57:23+00:00","description":"El sector de la construcci\u00f3n ha afianzado su recuperaci\u00f3n y refuerza su papel como uno de los motores de la actividad econ\u00f3mica","breadcrumb":{"@id":"https:\/\/www.aquimicasa.net\/blog\/vivienda\/compraventa-de-viviendas\/promotores-y-constructores-tienen-un-buen-ano-y-se-afianzan\/#breadcrumb"},"inLanguage":"es","potentialAction":[{"@type":"ReadAction","target":["https:\/\/www.aquimicasa.net\/blog\/vivienda\/compraventa-de-viviendas\/promotores-y-constructores-tienen-un-buen-ano-y-se-afianzan\/"]}]},{"@type":"ImageObject","inLanguage":"es","@id":"https:\/\/www.aquimicasa.net\/blog\/vivienda\/compraventa-de-viviendas\/promotores-y-constructores-tienen-un-buen-ano-y-se-afianzan\/#primaryimage","url":"https:\/\/www.aquimicasa.net\/blog\/wp-content\/uploads\/construccion-de-viviendas4-1-e1762200022965.jpg","contentUrl":"https:\/\/www.aquimicasa.net\/blog\/wp-content\/uploads\/construccion-de-viviendas4-1-e1762200022965.jpg","width":600,"height":360,"caption":"C\u00edda del sector de la construcci\u00f3n en febrero"},{"@type":"BreadcrumbList","@id":"https:\/\/www.aquimicasa.net\/blog\/vivienda\/compraventa-de-viviendas\/promotores-y-constructores-tienen-un-buen-ano-y-se-afianzan\/#breadcrumb","itemListElement":[{"@type":"ListItem","position":1,"name":"Portada","item":"https:\/\/www.aquimicasa.net\/blog\/"},{"@type":"ListItem","position":2,"name":"Promotores y constructores tienen un buen a\u00f1o y se afianzan"}]},{"@type":"WebSite","@id":"https:\/\/www.aquimicasa.net\/blog\/#website","url":"https:\/\/www.aquimicasa.net\/blog\/","name":"Blog de aquimicasa.net","description":"Noticias del Mundo Inmobiliario","publisher":{"@id":"https:\/\/www.aquimicasa.net\/blog\/#organization"},"potentialAction":[{"@type":"SearchAction","target":{"@type":"EntryPoint","urlTemplate":"https:\/\/www.aquimicasa.net\/blog\/?s={search_term_string}"},"query-input":{"@type":"PropertyValueSpecification","valueRequired":true,"valueName":"search_term_string"}}],"inLanguage":"es"},{"@type":"Organization","@id":"https:\/\/www.aquimicasa.net\/blog\/#organization","name":"Blog de aquimicasa.net","url":"https:\/\/www.aquimicasa.net\/blog\/","logo":{"@type":"ImageObject","inLanguage":"es","@id":"https:\/\/www.aquimicasa.net\/blog\/#\/schema\/logo\/image\/","url":"https:\/\/www.aquimicasa.net\/blog\/wp-content\/uploads\/Logo-aquimicasa-1-e1528048213782.png","contentUrl":"https:\/\/www.aquimicasa.net\/blog\/wp-content\/uploads\/Logo-aquimicasa-1-e1528048213782.png","width":225,"height":225,"caption":"Blog de aquimicasa.net"},"image":{"@id":"https:\/\/www.aquimicasa.net\/blog\/#\/schema\/logo\/image\/"},"sameAs":["https:\/\/www.facebook.com\/aquimicasa.net","https:\/\/www.instagram.com\/","https:\/\/x.com\/EduLizarragaD","https:\/\/www.linkedin.com\/feed\/"]},{"@type":"Person","@id":"https:\/\/www.aquimicasa.net\/blog\/#\/schema\/person\/2cdfa2605534583395c8d7ce1d6cac14","name":"Eduardo Lizarraga","image":{"@type":"ImageObject","inLanguage":"es","@id":"https:\/\/secure.gravatar.com\/avatar\/bdabe1eeeed97b65a9cb7de2edd624b07995f7e13abc5fead15961f745f908cc?s=96&d=mm&r=g","url":"https:\/\/secure.gravatar.com\/avatar\/bdabe1eeeed97b65a9cb7de2edd624b07995f7e13abc5fead15961f745f908cc?s=96&d=mm&r=g","contentUrl":"https:\/\/secure.gravatar.com\/avatar\/bdabe1eeeed97b65a9cb7de2edd624b07995f7e13abc5fead15961f745f908cc?s=96&d=mm&r=g","caption":"Eduardo Lizarraga"},"description":"Periodista Econ\u00f3mico. Ha trabajado en diversos campos de la informaci\u00f3n. Corresponsal en conflictos, analista pol\u00edtico en Congreso y Senado, periodista del medio ambiente, editor, director editorial, director de comunicaci\u00f3n.... En estos momentos se ha especializado en el sector inmobiliario. Pero tambi\u00e9n es navegante y viajero, preocupado por la pobreza, el medio ambiente y por las actuaciones descontroladas del neoliberalismo empresarial y pol\u00edtico en todo el mundo. Los desahucios, la pobreza infantil y la falta de acceso a los suministros b\u00e1sicos son algunos de los grandes dramas de nuestra sociedad y que es preciso solucionar para hacerla m\u00e1s justa. CEO en www.aquimicasa.net","sameAs":["https:\/\/www.aquimicasa.net\/"],"url":"https:\/\/www.aquimicasa.net\/blog\/author\/eduardo\/"}]}},"jetpack_publicize_connections":[],"jetpack_featured_media_url":"https:\/\/www.aquimicasa.net\/blog\/wp-content\/uploads\/construccion-de-viviendas4-1-e1762200022965.jpg","jetpack_sharing_enabled":true,"jetpack_likes_enabled":true,"_links":{"self":[{"href":"https:\/\/www.aquimicasa.net\/blog\/wp-json\/wp\/v2\/posts\/54840","targetHints":{"allow":["GET"]}}],"collection":[{"href":"https:\/\/www.aquimicasa.net\/blog\/wp-json\/wp\/v2\/posts"}],"about":[{"href":"https:\/\/www.aquimicasa.net\/blog\/wp-json\/wp\/v2\/types\/post"}],"author":[{"embeddable":true,"href":"https:\/\/www.aquimicasa.net\/blog\/wp-json\/wp\/v2\/users\/3"}],"replies":[{"embeddable":true,"href":"https:\/\/www.aquimicasa.net\/blog\/wp-json\/wp\/v2\/comments?post=54840"}],"version-history":[{"count":6,"href":"https:\/\/www.aquimicasa.net\/blog\/wp-json\/wp\/v2\/posts\/54840\/revisions"}],"predecessor-version":[{"id":54863,"href":"https:\/\/www.aquimicasa.net\/blog\/wp-json\/wp\/v2\/posts\/54840\/revisions\/54863"}],"wp:featuredmedia":[{"embeddable":true,"href":"https:\/\/www.aquimicasa.net\/blog\/wp-json\/wp\/v2\/media\/53834"}],"wp:attachment":[{"href":"https:\/\/www.aquimicasa.net\/blog\/wp-json\/wp\/v2\/media?parent=54840"}],"wp:term":[{"taxonomy":"category","embeddable":true,"href":"https:\/\/www.aquimicasa.net\/blog\/wp-json\/wp\/v2\/categories?post=54840"},{"taxonomy":"post_tag","embeddable":true,"href":"https:\/\/www.aquimicasa.net\/blog\/wp-json\/wp\/v2\/tags?post=54840"}],"curies":[{"name":"wp","href":"https:\/\/api.w.org\/{rel}","templated":true}]}}