{"id":54905,"date":"2026-01-28T16:59:25","date_gmt":"2026-01-28T15:59:25","guid":{"rendered":"https:\/\/www.aquimicasa.net\/blog\/?p=54905"},"modified":"2026-01-28T16:59:25","modified_gmt":"2026-01-28T15:59:25","slug":"ayudas-de-300-millones-a-propietarios-por-el-impago-del-alquiler","status":"publish","type":"post","link":"https:\/\/www.aquimicasa.net\/blog\/vivienda\/alquileres\/ayudas-de-300-millones-a-propietarios-por-el-impago-del-alquiler\/","title":{"rendered":"Ayudas de 300 millones a propietarios por el impago del alquiler"},"content":{"rendered":"<div class=\"fusion-fullwidth fullwidth-box fusion-builder-row-1 fusion-flex-container nonhundred-percent-fullwidth non-hundred-percent-height-scrolling\" style=\"background-color: rgba(255,255,255,0);background-position: center center;background-repeat: no-repeat;border-width: 0px 0px 0px 0px;border-color:#eae9e9;border-style:solid;\" ><div class=\"fusion-builder-row fusion-row fusion-flex-align-items-flex-start\" style=\"max-width:1144px;margin-left: calc(-4% \/ 2 );margin-right: calc(-4% \/ 2 );\"><div class=\"fusion-layout-column fusion_builder_column fusion-builder-column-0 fusion_builder_column_1_1 1_1 fusion-flex-column\"><div class=\"fusion-column-wrapper fusion-flex-justify-content-flex-start fusion-content-layout-column\" style=\"background-position:left top;background-repeat:no-repeat;-webkit-background-size:cover;-moz-background-size:cover;-o-background-size:cover;background-size:cover;padding: 0px 0px 0px 0px;\"><div class=\"fusion-text fusion-text-1\"><div class=\"relative basis-auto flex-col -mb-(--composer-overlap-px) &#091;--composer-overlap-px:28px&#093; grow flex\">\n<div class=\"flex flex-col text-sm pb-25\">\n<article class=\"text-token-text-primary w-full focus:outline-none &#091;--shadow-height:45px&#093; has-data-writing-block:pointer-events-none has-data-writing-block:-mt-(--shadow-height) has-data-writing-block:pt-(--shadow-height) &#091;&amp;:has(&#091;data-writing-block&#093;)&gt;*&#093;:pointer-events-auto scroll-mt-&#091;calc(var(--header-height)+min(200px,max(70px,20svh)))&#093;\" dir=\"auto\" tabindex=\"-1\" data-turn-id=\"request-697716bb-7168-8330-b6f0-a3a907782a29-4\" data-testid=\"conversation-turn-56\" data-scroll-anchor=\"true\" data-turn=\"assistant\">\n<div class=\"text-base my-auto mx-auto pb-10 &#091;--thread-content-margin:--spacing(4)&#093; @w-sm\/main:&#091;--thread-content-margin:--spacing(6)&#093; @w-lg\/main:&#091;--thread-content-margin:--spacing(16)&#093; px-(--thread-content-margin)\">\n<div class=\"&#091;--thread-content-max-width:40rem&#093; @w-lg\/main:&#091;--thread-content-max-width:48rem&#093; mx-auto max-w-(--thread-content-max-width) flex-1 group\/turn-messages focus-visible:outline-hidden relative flex w-full min-w-0 flex-col agent-turn\" tabindex=\"-1\">\n<div class=\"flex max-w-full flex-col grow\">\n<div class=\"min-h-8 text-message relative flex w-full flex-col items-end gap-2 text-start break-words whitespace-normal &#091;.text-message+&amp;&#093;:mt-1\" dir=\"auto\" data-message-author-role=\"assistant\" data-message-id=\"15c086df-7d28-4503-b364-3f23c1d2431c\" data-message-model-slug=\"gpt-5-2\">\n<div class=\"flex w-full flex-col gap-1 empty:hidden first:pt-&#091;1px&#093;\">\n<div class=\"markdown prose dark:prose-invert w-full wrap-break-word light markdown-new-styling\">\n<p data-start=\"603\" data-end=\"1307\">El problema de los <strong data-start=\"622\" data-end=\"648\">impagos en el alquiler<\/strong> vuelve al centro del debate pol\u00edtico en un momento especialmente delicado para el mercado de la vivienda en Espa\u00f1a. La falta de oferta, el aumento de las rentas y la creciente desconfianza de los propietarios hacia el arrendamiento han llevado al Gobierno a activar un nuevo mecanismo de protecci\u00f3n destinado a evitar que m\u00e1s pisos salgan del mercado. En este contexto, el ministro de la Presidencia, Justicia y Relaciones con las Cortes, <strong data-start=\"1088\" data-end=\"1105\">F\u00e9lix Bola\u00f1os<\/strong>, ha anunciado en el Congreso que las ayudas a propietarios por impagos de sus inquilinos, reclamadas por Junts, se <strong data-start=\"1221\" data-end=\"1258\">dotar\u00e1n con 300 millones de euros<\/strong> tras su aprobaci\u00f3n en el Consejo de Ministros.<\/p>\n<p data-start=\"1309\" data-end=\"1855\">El anuncio se produjo durante la defensa del decreto ley que incluye medidas del escudo social, como la <strong data-start=\"1413\" data-end=\"1448\">revalorizaci\u00f3n de las pensiones<\/strong>, la <strong data-start=\"1453\" data-end=\"1486\">prohibici\u00f3n de los desahucios<\/strong> y el <strong data-start=\"1492\" data-end=\"1547\">corte de suministros b\u00e1sicos a personas vulnerables<\/strong>, un paquete normativo cuya convalidaci\u00f3n parlamentaria se prev\u00e9 complicada por el rechazo anunciado de PP, Vox y Junts. Pese a ello, el ministro avanz\u00f3 la cifra con la que se financiar\u00e1 este programa, aprobado ya en diciembre mediante real decreto, pero que hasta ahora carec\u00eda de respaldo presupuestario.<\/p>\n<p data-start=\"1857\" data-end=\"2224\">\u201c<strong data-start=\"1858\" data-end=\"2079\">El pasado mes de diciembre aprobamos una novedosa l\u00ednea de avales para arrendadores que hoy mismo hemos dotado con 300 millones de euros en Consejo de Ministros para casos de impago de la renta a peque\u00f1os arrendadores<\/strong>\u201d, afirm\u00f3 Bola\u00f1os desde la tribuna del Congreso, subrayando el car\u00e1cter pionero de esta medida dentro de la pol\u00edtica de vivienda del Ejecutivo.<\/p>\n<h2 data-start=\"2226\" data-end=\"2307\"><strong>En estudio ampliar y mejorar este mecanismo de protecci\u00f3n a los arrendadores<\/strong><\/h2>\n<p data-start=\"2309\" data-end=\"2921\">M\u00e1s all\u00e1 de la dotaci\u00f3n inicial, el Gobierno no descarta ir un paso m\u00e1s all\u00e1. El propio ministro reconoci\u00f3 que el Ejecutivo est\u00e1 <strong data-start=\"2438\" data-end=\"2532\">estudiando f\u00f3rmulas para ampliar y mejorar este mecanismo de protecci\u00f3n a los arrendadores<\/strong>, al considerar que el miedo al impago es uno de los factores que explica por qu\u00e9 miles de viviendas permanecen vac\u00edas. \u201c<strong data-start=\"2653\" data-end=\"2741\">No hay excusas para dejar una vivienda vac\u00eda cuando en ella podr\u00eda vivir una familia<\/strong>\u201d, defendi\u00f3 Bola\u00f1os, en una clara apelaci\u00f3n a la responsabilidad social de los propietarios, pero tambi\u00e9n al dise\u00f1o de incentivos que devuelvan confianza al mercado del alquiler.<\/p>\n<p data-start=\"2923\" data-end=\"3318\">Esta l\u00ednea de avales forma parte del <strong data-start=\"2960\" data-end=\"3033\">Proyecto de Real Decreto del nuevo Plan Estatal de Vivienda 2026-2030<\/strong>, todav\u00eda pendiente de aprobaci\u00f3n definitiva, y se suma a otras iniciativas recientes, como la bonificaci\u00f3n del 100 % del IRPF a los caseros que renueven contratos sin subir el precio del alquiler, una medida que ha abierto fricciones incluso dentro del propio Gobierno de coalici\u00f3n.<\/p>\n<h2 data-start=\"3320\" data-end=\"3402\"><strong>Las condiciones para poder acogerse al seguro p\u00fablico de impagos del alquiler<\/strong><\/h2>\n<p data-start=\"3404\" data-end=\"3898\">El acceso a este seguro p\u00fablico no ser\u00e1 generalizado. El Consejo de Ministros ha aprobado un real decreto que regula una <strong data-start=\"3525\" data-end=\"3609\">cobertura frente a impagos de rentas, da\u00f1os en la vivienda y suministros debidos<\/strong>, aplicable \u00fanicamente a contratos de alquiler dirigidos a <strong data-start=\"3668\" data-end=\"3702\">j\u00f3venes y personas vulnerables<\/strong> vigentes a 30 de enero de 2025. La gesti\u00f3n de estas compensaciones corresponder\u00e1 a las comunidades aut\u00f3nomas, aunque por el momento no se ha detallado el presupuesto asignado a cada territorio.<\/p>\n<p data-start=\"3900\" data-end=\"4559\">Para poder acogerse a esta cobertura, los propietarios deber\u00e1n cumplir <strong data-start=\"3971\" data-end=\"3996\">condiciones estrictas<\/strong>. Entre ellas, firmar contratos con menores de 35 a\u00f1os o personas vulnerables seg\u00fan los criterios de cada comunidad aut\u00f3noma, <strong data-start=\"4122\" data-end=\"4192\">no superar el \u00edndice estatal de referencia del precio del alquiler<\/strong>, depositar la fianza legal obligatoria y sus actualizaciones, y suscribir con el arrendatario el compromiso relativo al aval conforme al modelo aprobado por la Administraci\u00f3n. Adem\u00e1s, las comunidades aut\u00f3nomas podr\u00e1n establecer <strong data-start=\"4421\" data-end=\"4446\">criterios adicionales<\/strong>, lo que introduce un componente de desigualdad territorial que ya genera incertidumbre entre los arrendadores.<\/p>\n<h2 data-start=\"4561\" data-end=\"4633\"><strong>Impago de alquiler, da\u00f1os causados al inmueble o gastos en consumos<\/strong><\/h2>\n<p data-start=\"4635\" data-end=\"5121\">Las compensaciones cubiertas por este aval p\u00fablico incluyen <strong data-start=\"4695\" data-end=\"4735\">el impago de las rentas del alquiler<\/strong>, <strong data-start=\"4737\" data-end=\"4773\">los da\u00f1os causados a la vivienda<\/strong> y <strong data-start=\"4776\" data-end=\"4826\">el coste de los suministros pendientes de pago<\/strong>, uno de los aspectos m\u00e1s conflictivos en los procesos de desahucio. Los beneficiarios deber\u00e1n estar al corriente de sus obligaciones tributarias y con la Seguridad Social, y podr\u00e1n ser tanto los propietarios individuales como las comunidades que hayan suscrito un seguro con los arrendadores.<\/p>\n<p data-start=\"5123\" data-end=\"5626\">El Ministerio de Vivienda y Agenda Urbana transferir\u00e1 los fondos a las comunidades aut\u00f3nomas, previo certificado, previsiblemente en el \u00faltimo trimestre del a\u00f1o, y estas deber\u00e1n remitir informaci\u00f3n semestral sobre las coberturas aplicadas. En un escenario marcado por la <strong data-start=\"5394\" data-end=\"5429\">escasez de vivienda en alquiler<\/strong>, el aumento de precios y la retirada progresiva de peque\u00f1os propietarios, este aval p\u00fablico se presenta como una herramienta clave para intentar recomponer un mercado cada vez m\u00e1s tensionado \ud83c\udfe0.<\/p>\n<\/div>\n<\/div>\n<\/div>\n<\/div>\n<\/div>\n<\/div>\n<\/article>\n<\/div>\n<\/div>\n<\/div><\/div><style type=\"text\/css\">.fusion-body .fusion-builder-column-0{width:100% !important;margin-top : 0px;margin-bottom : 0px;}.fusion-builder-column-0 > .fusion-column-wrapper {padding-top : 0px !important;padding-right : 0px !important;margin-right : 1.92%;padding-bottom : 0px !important;padding-left : 0px !important;margin-left : 1.92%;}@media only screen and (max-width:1024px) {.fusion-body .fusion-builder-column-0{width:100% !important;}.fusion-builder-column-0 > .fusion-column-wrapper {margin-right : 1.92%;margin-left : 1.92%;}}@media only screen and (max-width:640px) {.fusion-body .fusion-builder-column-0{width:100% !important;}.fusion-builder-column-0 > .fusion-column-wrapper {margin-right : 1.92%;margin-left : 1.92%;}}<\/style><\/div><\/div><style type=\"text\/css\">.fusion-body .fusion-flex-container.fusion-builder-row-1{ padding-top : 0px;margin-top : 0px;padding-right : 0px;padding-bottom : 0px;margin-bottom : 0px;padding-left : 0px;}<\/style><\/div>\n","protected":false},"excerpt":{"rendered":"<p>El Consejo de Ministros ha aprobado un real decreto que regula una cobertura frente a impagos de rentas, da\u00f1os en la vivienda y suministros debidos, aplicable \u00fanicamente a contratos de alquiler dirigidos a j\u00f3venes y personas vulnerables vigentes a 30 de enero de 2025.<\/p>\n","protected":false},"author":3,"featured_media":53799,"comment_status":"closed","ping_status":"closed","sticky":false,"template":"","format":"standard","meta":{"_jetpack_memberships_contains_paid_content":false,"footnotes":"","jetpack_publicize_message":"","jetpack_publicize_feature_enabled":true,"jetpack_social_post_already_shared":true,"jetpack_social_options":{"image_generator_settings":{"template":"highway","default_image_id":0,"font":"","enabled":false},"version":2}},"categories":[120],"tags":[8275],"class_list":["post-54905","post","type-post","status-publish","format-standard","has-post-thumbnail","hentry","category-alquileres","tag-newsletter-550"],"yoast_head":"<!-- This site is optimized with the Yoast SEO plugin v27.4 - https:\/\/yoast.com\/product\/yoast-seo-wordpress\/ -->\n<title>Ayudas de 300 millones a propietarios por el impago del alquiler<\/title>\n<meta name=\"description\" content=\"El Ejecutivo est\u00e1 estudiando f\u00f3rmulas para ampliar y mejorar este mecanismo de protecci\u00f3n a los arrendadores\" \/>\n<meta name=\"robots\" content=\"index, follow, max-snippet:-1, max-image-preview:large, max-video-preview:-1\" \/>\n<link rel=\"canonical\" href=\"https:\/\/www.aquimicasa.net\/blog\/vivienda\/alquileres\/ayudas-de-300-millones-a-propietarios-por-el-impago-del-alquiler\/\" \/>\n<meta property=\"og:locale\" content=\"es_ES\" \/>\n<meta property=\"og:type\" content=\"article\" \/>\n<meta property=\"og:title\" content=\"Ayudas de 300 millones a propietarios por el impago del alquiler\" \/>\n<meta property=\"og:description\" content=\"El Ejecutivo est\u00e1 estudiando f\u00f3rmulas para ampliar y mejorar este mecanismo de protecci\u00f3n a los arrendadores\" \/>\n<meta property=\"og:url\" content=\"https:\/\/www.aquimicasa.net\/blog\/vivienda\/alquileres\/ayudas-de-300-millones-a-propietarios-por-el-impago-del-alquiler\/\" \/>\n<meta property=\"og:site_name\" content=\"Blog de aquimicasa.net\" \/>\n<meta property=\"article:publisher\" content=\"https:\/\/www.facebook.com\/aquimicasa.net\" \/>\n<meta property=\"article:published_time\" content=\"2026-01-28T15:59:25+00:00\" \/>\n<meta property=\"og:image\" content=\"https:\/\/www.aquimicasa.net\/blog\/wp-content\/uploads\/Alquileres1-2-2.png\" \/>\n\t<meta property=\"og:image:width\" content=\"470\" \/>\n\t<meta property=\"og:image:height\" content=\"315\" \/>\n\t<meta property=\"og:image:type\" content=\"image\/png\" \/>\n<meta name=\"author\" content=\"Eduardo Lizarraga\" \/>\n<meta name=\"twitter:label1\" content=\"Escrito por\" \/>\n\t<meta name=\"twitter:data1\" content=\"Eduardo Lizarraga\" \/>\n\t<meta name=\"twitter:label2\" content=\"Tiempo de lectura\" \/>\n\t<meta name=\"twitter:data2\" content=\"5 minutos\" \/>\n<script type=\"application\/ld+json\" class=\"yoast-schema-graph\">{\"@context\":\"https:\\\/\\\/schema.org\",\"@graph\":[{\"@type\":\"Article\",\"@id\":\"https:\\\/\\\/www.aquimicasa.net\\\/blog\\\/vivienda\\\/alquileres\\\/ayudas-de-300-millones-a-propietarios-por-el-impago-del-alquiler\\\/#article\",\"isPartOf\":{\"@id\":\"https:\\\/\\\/www.aquimicasa.net\\\/blog\\\/vivienda\\\/alquileres\\\/ayudas-de-300-millones-a-propietarios-por-el-impago-del-alquiler\\\/\"},\"author\":{\"name\":\"Eduardo Lizarraga\",\"@id\":\"https:\\\/\\\/www.aquimicasa.net\\\/blog\\\/#\\\/schema\\\/person\\\/2cdfa2605534583395c8d7ce1d6cac14\"},\"headline\":\"Ayudas de 300 millones a propietarios por el impago del alquiler\",\"datePublished\":\"2026-01-28T15:59:25+00:00\",\"mainEntityOfPage\":{\"@id\":\"https:\\\/\\\/www.aquimicasa.net\\\/blog\\\/vivienda\\\/alquileres\\\/ayudas-de-300-millones-a-propietarios-por-el-impago-del-alquiler\\\/\"},\"wordCount\":1073,\"publisher\":{\"@id\":\"https:\\\/\\\/www.aquimicasa.net\\\/blog\\\/#organization\"},\"image\":{\"@id\":\"https:\\\/\\\/www.aquimicasa.net\\\/blog\\\/vivienda\\\/alquileres\\\/ayudas-de-300-millones-a-propietarios-por-el-impago-del-alquiler\\\/#primaryimage\"},\"thumbnailUrl\":\"https:\\\/\\\/www.aquimicasa.net\\\/blog\\\/wp-content\\\/uploads\\\/Alquileres1-2-2.png\",\"keywords\":[\"newsletter 550\"],\"articleSection\":[\"Alquiler\"],\"inLanguage\":\"es\"},{\"@type\":\"WebPage\",\"@id\":\"https:\\\/\\\/www.aquimicasa.net\\\/blog\\\/vivienda\\\/alquileres\\\/ayudas-de-300-millones-a-propietarios-por-el-impago-del-alquiler\\\/\",\"url\":\"https:\\\/\\\/www.aquimicasa.net\\\/blog\\\/vivienda\\\/alquileres\\\/ayudas-de-300-millones-a-propietarios-por-el-impago-del-alquiler\\\/\",\"name\":\"Ayudas de 300 millones a propietarios por el impago del alquiler\",\"isPartOf\":{\"@id\":\"https:\\\/\\\/www.aquimicasa.net\\\/blog\\\/#website\"},\"primaryImageOfPage\":{\"@id\":\"https:\\\/\\\/www.aquimicasa.net\\\/blog\\\/vivienda\\\/alquileres\\\/ayudas-de-300-millones-a-propietarios-por-el-impago-del-alquiler\\\/#primaryimage\"},\"image\":{\"@id\":\"https:\\\/\\\/www.aquimicasa.net\\\/blog\\\/vivienda\\\/alquileres\\\/ayudas-de-300-millones-a-propietarios-por-el-impago-del-alquiler\\\/#primaryimage\"},\"thumbnailUrl\":\"https:\\\/\\\/www.aquimicasa.net\\\/blog\\\/wp-content\\\/uploads\\\/Alquileres1-2-2.png\",\"datePublished\":\"2026-01-28T15:59:25+00:00\",\"description\":\"El Ejecutivo est\u00e1 estudiando f\u00f3rmulas para ampliar y mejorar este mecanismo de protecci\u00f3n a los arrendadores\",\"breadcrumb\":{\"@id\":\"https:\\\/\\\/www.aquimicasa.net\\\/blog\\\/vivienda\\\/alquileres\\\/ayudas-de-300-millones-a-propietarios-por-el-impago-del-alquiler\\\/#breadcrumb\"},\"inLanguage\":\"es\",\"potentialAction\":[{\"@type\":\"ReadAction\",\"target\":[\"https:\\\/\\\/www.aquimicasa.net\\\/blog\\\/vivienda\\\/alquileres\\\/ayudas-de-300-millones-a-propietarios-por-el-impago-del-alquiler\\\/\"]}]},{\"@type\":\"ImageObject\",\"inLanguage\":\"es\",\"@id\":\"https:\\\/\\\/www.aquimicasa.net\\\/blog\\\/vivienda\\\/alquileres\\\/ayudas-de-300-millones-a-propietarios-por-el-impago-del-alquiler\\\/#primaryimage\",\"url\":\"https:\\\/\\\/www.aquimicasa.net\\\/blog\\\/wp-content\\\/uploads\\\/Alquileres1-2-2.png\",\"contentUrl\":\"https:\\\/\\\/www.aquimicasa.net\\\/blog\\\/wp-content\\\/uploads\\\/Alquileres1-2-2.png\",\"width\":470,\"height\":315,\"caption\":\"La mayor\u00eda de los alquileres se actualizar\u00e1n al 2%\"},{\"@type\":\"BreadcrumbList\",\"@id\":\"https:\\\/\\\/www.aquimicasa.net\\\/blog\\\/vivienda\\\/alquileres\\\/ayudas-de-300-millones-a-propietarios-por-el-impago-del-alquiler\\\/#breadcrumb\",\"itemListElement\":[{\"@type\":\"ListItem\",\"position\":1,\"name\":\"Portada\",\"item\":\"https:\\\/\\\/www.aquimicasa.net\\\/blog\\\/\"},{\"@type\":\"ListItem\",\"position\":2,\"name\":\"Ayudas de 300 millones a propietarios por el impago del alquiler\"}]},{\"@type\":\"WebSite\",\"@id\":\"https:\\\/\\\/www.aquimicasa.net\\\/blog\\\/#website\",\"url\":\"https:\\\/\\\/www.aquimicasa.net\\\/blog\\\/\",\"name\":\"Blog de aquimicasa.net\",\"description\":\"Noticias del Mundo Inmobiliario\",\"publisher\":{\"@id\":\"https:\\\/\\\/www.aquimicasa.net\\\/blog\\\/#organization\"},\"potentialAction\":[{\"@type\":\"SearchAction\",\"target\":{\"@type\":\"EntryPoint\",\"urlTemplate\":\"https:\\\/\\\/www.aquimicasa.net\\\/blog\\\/?s={search_term_string}\"},\"query-input\":{\"@type\":\"PropertyValueSpecification\",\"valueRequired\":true,\"valueName\":\"search_term_string\"}}],\"inLanguage\":\"es\"},{\"@type\":\"Organization\",\"@id\":\"https:\\\/\\\/www.aquimicasa.net\\\/blog\\\/#organization\",\"name\":\"Blog de aquimicasa.net\",\"url\":\"https:\\\/\\\/www.aquimicasa.net\\\/blog\\\/\",\"logo\":{\"@type\":\"ImageObject\",\"inLanguage\":\"es\",\"@id\":\"https:\\\/\\\/www.aquimicasa.net\\\/blog\\\/#\\\/schema\\\/logo\\\/image\\\/\",\"url\":\"https:\\\/\\\/www.aquimicasa.net\\\/blog\\\/wp-content\\\/uploads\\\/Logo-aquimicasa-1-e1528048213782.png\",\"contentUrl\":\"https:\\\/\\\/www.aquimicasa.net\\\/blog\\\/wp-content\\\/uploads\\\/Logo-aquimicasa-1-e1528048213782.png\",\"width\":225,\"height\":225,\"caption\":\"Blog de aquimicasa.net\"},\"image\":{\"@id\":\"https:\\\/\\\/www.aquimicasa.net\\\/blog\\\/#\\\/schema\\\/logo\\\/image\\\/\"},\"sameAs\":[\"https:\\\/\\\/www.facebook.com\\\/aquimicasa.net\",\"https:\\\/\\\/www.instagram.com\\\/\",\"https:\\\/\\\/x.com\\\/EduLizarragaD\",\"https:\\\/\\\/www.linkedin.com\\\/feed\\\/\"]},{\"@type\":\"Person\",\"@id\":\"https:\\\/\\\/www.aquimicasa.net\\\/blog\\\/#\\\/schema\\\/person\\\/2cdfa2605534583395c8d7ce1d6cac14\",\"name\":\"Eduardo Lizarraga\",\"image\":{\"@type\":\"ImageObject\",\"inLanguage\":\"es\",\"@id\":\"https:\\\/\\\/secure.gravatar.com\\\/avatar\\\/bdabe1eeeed97b65a9cb7de2edd624b07995f7e13abc5fead15961f745f908cc?s=96&d=mm&r=g\",\"url\":\"https:\\\/\\\/secure.gravatar.com\\\/avatar\\\/bdabe1eeeed97b65a9cb7de2edd624b07995f7e13abc5fead15961f745f908cc?s=96&d=mm&r=g\",\"contentUrl\":\"https:\\\/\\\/secure.gravatar.com\\\/avatar\\\/bdabe1eeeed97b65a9cb7de2edd624b07995f7e13abc5fead15961f745f908cc?s=96&d=mm&r=g\",\"caption\":\"Eduardo Lizarraga\"},\"description\":\"Periodista Econ\u00f3mico. Ha trabajado en diversos campos de la informaci\u00f3n. Corresponsal en conflictos, analista pol\u00edtico en Congreso y Senado, periodista del medio ambiente, editor, director editorial, director de comunicaci\u00f3n.... En estos momentos se ha especializado en el sector inmobiliario. Pero tambi\u00e9n es navegante y viajero, preocupado por la pobreza, el medio ambiente y por las actuaciones descontroladas del neoliberalismo empresarial y pol\u00edtico en todo el mundo. Los desahucios, la pobreza infantil y la falta de acceso a los suministros b\u00e1sicos son algunos de los grandes dramas de nuestra sociedad y que es preciso solucionar para hacerla m\u00e1s justa. CEO en www.aquimicasa.net\",\"sameAs\":[\"https:\\\/\\\/www.aquimicasa.net\\\/\"],\"url\":\"https:\\\/\\\/www.aquimicasa.net\\\/blog\\\/author\\\/eduardo\\\/\"}]}<\/script>\n<!-- \/ Yoast SEO plugin. -->","yoast_head_json":{"title":"Ayudas de 300 millones a propietarios por el impago del alquiler","description":"El Ejecutivo est\u00e1 estudiando f\u00f3rmulas para ampliar y mejorar este mecanismo de protecci\u00f3n a los arrendadores","robots":{"index":"index","follow":"follow","max-snippet":"max-snippet:-1","max-image-preview":"max-image-preview:large","max-video-preview":"max-video-preview:-1"},"canonical":"https:\/\/www.aquimicasa.net\/blog\/vivienda\/alquileres\/ayudas-de-300-millones-a-propietarios-por-el-impago-del-alquiler\/","og_locale":"es_ES","og_type":"article","og_title":"Ayudas de 300 millones a propietarios por el impago del alquiler","og_description":"El Ejecutivo est\u00e1 estudiando f\u00f3rmulas para ampliar y mejorar este mecanismo de protecci\u00f3n a los arrendadores","og_url":"https:\/\/www.aquimicasa.net\/blog\/vivienda\/alquileres\/ayudas-de-300-millones-a-propietarios-por-el-impago-del-alquiler\/","og_site_name":"Blog de aquimicasa.net","article_publisher":"https:\/\/www.facebook.com\/aquimicasa.net","article_published_time":"2026-01-28T15:59:25+00:00","og_image":[{"width":470,"height":315,"url":"https:\/\/www.aquimicasa.net\/blog\/wp-content\/uploads\/Alquileres1-2-2.png","type":"image\/png"}],"author":"Eduardo Lizarraga","twitter_misc":{"Escrito por":"Eduardo Lizarraga","Tiempo de lectura":"5 minutos"},"schema":{"@context":"https:\/\/schema.org","@graph":[{"@type":"Article","@id":"https:\/\/www.aquimicasa.net\/blog\/vivienda\/alquileres\/ayudas-de-300-millones-a-propietarios-por-el-impago-del-alquiler\/#article","isPartOf":{"@id":"https:\/\/www.aquimicasa.net\/blog\/vivienda\/alquileres\/ayudas-de-300-millones-a-propietarios-por-el-impago-del-alquiler\/"},"author":{"name":"Eduardo Lizarraga","@id":"https:\/\/www.aquimicasa.net\/blog\/#\/schema\/person\/2cdfa2605534583395c8d7ce1d6cac14"},"headline":"Ayudas de 300 millones a propietarios por el impago del alquiler","datePublished":"2026-01-28T15:59:25+00:00","mainEntityOfPage":{"@id":"https:\/\/www.aquimicasa.net\/blog\/vivienda\/alquileres\/ayudas-de-300-millones-a-propietarios-por-el-impago-del-alquiler\/"},"wordCount":1073,"publisher":{"@id":"https:\/\/www.aquimicasa.net\/blog\/#organization"},"image":{"@id":"https:\/\/www.aquimicasa.net\/blog\/vivienda\/alquileres\/ayudas-de-300-millones-a-propietarios-por-el-impago-del-alquiler\/#primaryimage"},"thumbnailUrl":"https:\/\/www.aquimicasa.net\/blog\/wp-content\/uploads\/Alquileres1-2-2.png","keywords":["newsletter 550"],"articleSection":["Alquiler"],"inLanguage":"es"},{"@type":"WebPage","@id":"https:\/\/www.aquimicasa.net\/blog\/vivienda\/alquileres\/ayudas-de-300-millones-a-propietarios-por-el-impago-del-alquiler\/","url":"https:\/\/www.aquimicasa.net\/blog\/vivienda\/alquileres\/ayudas-de-300-millones-a-propietarios-por-el-impago-del-alquiler\/","name":"Ayudas de 300 millones a propietarios por el impago del alquiler","isPartOf":{"@id":"https:\/\/www.aquimicasa.net\/blog\/#website"},"primaryImageOfPage":{"@id":"https:\/\/www.aquimicasa.net\/blog\/vivienda\/alquileres\/ayudas-de-300-millones-a-propietarios-por-el-impago-del-alquiler\/#primaryimage"},"image":{"@id":"https:\/\/www.aquimicasa.net\/blog\/vivienda\/alquileres\/ayudas-de-300-millones-a-propietarios-por-el-impago-del-alquiler\/#primaryimage"},"thumbnailUrl":"https:\/\/www.aquimicasa.net\/blog\/wp-content\/uploads\/Alquileres1-2-2.png","datePublished":"2026-01-28T15:59:25+00:00","description":"El Ejecutivo est\u00e1 estudiando f\u00f3rmulas para ampliar y mejorar este mecanismo de protecci\u00f3n a los arrendadores","breadcrumb":{"@id":"https:\/\/www.aquimicasa.net\/blog\/vivienda\/alquileres\/ayudas-de-300-millones-a-propietarios-por-el-impago-del-alquiler\/#breadcrumb"},"inLanguage":"es","potentialAction":[{"@type":"ReadAction","target":["https:\/\/www.aquimicasa.net\/blog\/vivienda\/alquileres\/ayudas-de-300-millones-a-propietarios-por-el-impago-del-alquiler\/"]}]},{"@type":"ImageObject","inLanguage":"es","@id":"https:\/\/www.aquimicasa.net\/blog\/vivienda\/alquileres\/ayudas-de-300-millones-a-propietarios-por-el-impago-del-alquiler\/#primaryimage","url":"https:\/\/www.aquimicasa.net\/blog\/wp-content\/uploads\/Alquileres1-2-2.png","contentUrl":"https:\/\/www.aquimicasa.net\/blog\/wp-content\/uploads\/Alquileres1-2-2.png","width":470,"height":315,"caption":"La mayor\u00eda de los alquileres se actualizar\u00e1n al 2%"},{"@type":"BreadcrumbList","@id":"https:\/\/www.aquimicasa.net\/blog\/vivienda\/alquileres\/ayudas-de-300-millones-a-propietarios-por-el-impago-del-alquiler\/#breadcrumb","itemListElement":[{"@type":"ListItem","position":1,"name":"Portada","item":"https:\/\/www.aquimicasa.net\/blog\/"},{"@type":"ListItem","position":2,"name":"Ayudas de 300 millones a propietarios por el impago del alquiler"}]},{"@type":"WebSite","@id":"https:\/\/www.aquimicasa.net\/blog\/#website","url":"https:\/\/www.aquimicasa.net\/blog\/","name":"Blog de aquimicasa.net","description":"Noticias del Mundo Inmobiliario","publisher":{"@id":"https:\/\/www.aquimicasa.net\/blog\/#organization"},"potentialAction":[{"@type":"SearchAction","target":{"@type":"EntryPoint","urlTemplate":"https:\/\/www.aquimicasa.net\/blog\/?s={search_term_string}"},"query-input":{"@type":"PropertyValueSpecification","valueRequired":true,"valueName":"search_term_string"}}],"inLanguage":"es"},{"@type":"Organization","@id":"https:\/\/www.aquimicasa.net\/blog\/#organization","name":"Blog de aquimicasa.net","url":"https:\/\/www.aquimicasa.net\/blog\/","logo":{"@type":"ImageObject","inLanguage":"es","@id":"https:\/\/www.aquimicasa.net\/blog\/#\/schema\/logo\/image\/","url":"https:\/\/www.aquimicasa.net\/blog\/wp-content\/uploads\/Logo-aquimicasa-1-e1528048213782.png","contentUrl":"https:\/\/www.aquimicasa.net\/blog\/wp-content\/uploads\/Logo-aquimicasa-1-e1528048213782.png","width":225,"height":225,"caption":"Blog de aquimicasa.net"},"image":{"@id":"https:\/\/www.aquimicasa.net\/blog\/#\/schema\/logo\/image\/"},"sameAs":["https:\/\/www.facebook.com\/aquimicasa.net","https:\/\/www.instagram.com\/","https:\/\/x.com\/EduLizarragaD","https:\/\/www.linkedin.com\/feed\/"]},{"@type":"Person","@id":"https:\/\/www.aquimicasa.net\/blog\/#\/schema\/person\/2cdfa2605534583395c8d7ce1d6cac14","name":"Eduardo Lizarraga","image":{"@type":"ImageObject","inLanguage":"es","@id":"https:\/\/secure.gravatar.com\/avatar\/bdabe1eeeed97b65a9cb7de2edd624b07995f7e13abc5fead15961f745f908cc?s=96&d=mm&r=g","url":"https:\/\/secure.gravatar.com\/avatar\/bdabe1eeeed97b65a9cb7de2edd624b07995f7e13abc5fead15961f745f908cc?s=96&d=mm&r=g","contentUrl":"https:\/\/secure.gravatar.com\/avatar\/bdabe1eeeed97b65a9cb7de2edd624b07995f7e13abc5fead15961f745f908cc?s=96&d=mm&r=g","caption":"Eduardo Lizarraga"},"description":"Periodista Econ\u00f3mico. Ha trabajado en diversos campos de la informaci\u00f3n. Corresponsal en conflictos, analista pol\u00edtico en Congreso y Senado, periodista del medio ambiente, editor, director editorial, director de comunicaci\u00f3n.... En estos momentos se ha especializado en el sector inmobiliario. Pero tambi\u00e9n es navegante y viajero, preocupado por la pobreza, el medio ambiente y por las actuaciones descontroladas del neoliberalismo empresarial y pol\u00edtico en todo el mundo. Los desahucios, la pobreza infantil y la falta de acceso a los suministros b\u00e1sicos son algunos de los grandes dramas de nuestra sociedad y que es preciso solucionar para hacerla m\u00e1s justa. CEO en www.aquimicasa.net","sameAs":["https:\/\/www.aquimicasa.net\/"],"url":"https:\/\/www.aquimicasa.net\/blog\/author\/eduardo\/"}]}},"jetpack_publicize_connections":[],"jetpack_featured_media_url":"https:\/\/www.aquimicasa.net\/blog\/wp-content\/uploads\/Alquileres1-2-2.png","jetpack_sharing_enabled":true,"jetpack_likes_enabled":true,"_links":{"self":[{"href":"https:\/\/www.aquimicasa.net\/blog\/wp-json\/wp\/v2\/posts\/54905","targetHints":{"allow":["GET"]}}],"collection":[{"href":"https:\/\/www.aquimicasa.net\/blog\/wp-json\/wp\/v2\/posts"}],"about":[{"href":"https:\/\/www.aquimicasa.net\/blog\/wp-json\/wp\/v2\/types\/post"}],"author":[{"embeddable":true,"href":"https:\/\/www.aquimicasa.net\/blog\/wp-json\/wp\/v2\/users\/3"}],"replies":[{"embeddable":true,"href":"https:\/\/www.aquimicasa.net\/blog\/wp-json\/wp\/v2\/comments?post=54905"}],"version-history":[{"count":3,"href":"https:\/\/www.aquimicasa.net\/blog\/wp-json\/wp\/v2\/posts\/54905\/revisions"}],"predecessor-version":[{"id":54908,"href":"https:\/\/www.aquimicasa.net\/blog\/wp-json\/wp\/v2\/posts\/54905\/revisions\/54908"}],"wp:featuredmedia":[{"embeddable":true,"href":"https:\/\/www.aquimicasa.net\/blog\/wp-json\/wp\/v2\/media\/53799"}],"wp:attachment":[{"href":"https:\/\/www.aquimicasa.net\/blog\/wp-json\/wp\/v2\/media?parent=54905"}],"wp:term":[{"taxonomy":"category","embeddable":true,"href":"https:\/\/www.aquimicasa.net\/blog\/wp-json\/wp\/v2\/categories?post=54905"},{"taxonomy":"post_tag","embeddable":true,"href":"https:\/\/www.aquimicasa.net\/blog\/wp-json\/wp\/v2\/tags?post=54905"}],"curies":[{"name":"wp","href":"https:\/\/api.w.org\/{rel}","templated":true}]}}