{"id":54963,"date":"2026-02-05T21:07:38","date_gmt":"2026-02-05T20:07:38","guid":{"rendered":"https:\/\/www.aquimicasa.net\/blog\/?p=54963"},"modified":"2026-02-05T21:07:38","modified_gmt":"2026-02-05T20:07:38","slug":"hernani-tolosa-y-lezo-se-declaran-zonas-tensionadas","status":"publish","type":"post","link":"https:\/\/www.aquimicasa.net\/blog\/vivienda\/compraventa-de-viviendas\/hernani-tolosa-y-lezo-se-declaran-zonas-tensionadas\/","title":{"rendered":"Hernani, Tolosa y Lezo, se declaran zonas tensionadas"},"content":{"rendered":"<div class=\"fusion-fullwidth fullwidth-box fusion-builder-row-1 fusion-flex-container nonhundred-percent-fullwidth non-hundred-percent-height-scrolling\" style=\"background-color: rgba(255,255,255,0);background-position: center center;background-repeat: no-repeat;border-width: 0px 0px 0px 0px;border-color:#eae9e9;border-style:solid;\" ><div class=\"fusion-builder-row fusion-row fusion-flex-align-items-flex-start\" style=\"max-width:1144px;margin-left: calc(-4% \/ 2 );margin-right: calc(-4% \/ 2 );\"><div class=\"fusion-layout-column fusion_builder_column fusion-builder-column-0 fusion_builder_column_1_1 1_1 fusion-flex-column\"><div class=\"fusion-column-wrapper fusion-flex-justify-content-flex-start fusion-content-layout-column\" style=\"background-position:left top;background-repeat:no-repeat;-webkit-background-size:cover;-moz-background-size:cover;-o-background-size:cover;background-size:cover;padding: 0px 0px 0px 0px;\"><div class=\"fusion-text fusion-text-1\"><p data-start=\"59\" data-end=\"545\">La pol\u00edtica de contenci\u00f3n del mercado del alquiler contin\u00faa avanzando en el Pa\u00eds Vasco. El <strong data-start=\"150\" data-end=\"186\">Bolet\u00edn Oficial del Estado (BOE)<\/strong> ha publicado la declaraci\u00f3n como <strong data-start=\"220\" data-end=\"263\">zonas de mercado residencial tensionado<\/strong> de los municipios guipuzcoanos de <strong data-start=\"298\" data-end=\"324\">Hernani, Tolosa y Lezo<\/strong>, una decisi\u00f3n impulsada por el Ministerio de Vivienda y Agenda Urbana que dirige <strong data-start=\"406\" data-end=\"426\">Isabel Rodr\u00edguez<\/strong> y que consolida el despliegue de este instrumento en uno de los territorios con mayor presi\u00f3n inmobiliaria del Estado.<\/p>\n<p data-start=\"547\" data-end=\"1268\">Con estas nuevas incorporaciones, <strong data-start=\"581\" data-end=\"682\">ya son 14 los municipios vascos declarados zonas tensionadas y 308 en todo el conjunto del Estado<\/strong>, una cifra que evidencia la magnitud del problema de acceso a la vivienda, especialmente en aquellas \u00e1reas donde los precios del alquiler han crecido muy por encima de los salarios y de la capacidad real de los hogares. En el caso de Euskadi, el dato es especialmente significativo: <strong data-start=\"966\" data-end=\"1056\">m\u00e1s de la mitad de su poblaci\u00f3n reside ya en municipios considerados zonas tensionadas<\/strong>, entre ellos las tres capitales de provincia, <strong data-start=\"1103\" data-end=\"1155\">Bilbao, Donostia\/San Sebasti\u00e1n y Vitoria-Gasteiz<\/strong>, adem\u00e1s de un n\u00famero creciente de localidades medias donde el mercado se ha ido estrechando de forma progresiva.<\/p>\n<p data-start=\"1270\" data-end=\"1687\">La declaraci\u00f3n de Hernani, Tolosa y Lezo refuerza la estrategia de intervenci\u00f3n p\u00fablica en Gipuzkoa, provincia que concentra <strong data-start=\"1395\" data-end=\"1436\">diez de los catorce municipios vascos<\/strong> incluidos en este r\u00e9gimen. Se trata de un territorio con una fuerte presi\u00f3n de la demanda, escasez estructural de vivienda en alquiler y un parque p\u00fablico limitado, factores que han contribuido a una escalada sostenida de precios en los \u00faltimos a\u00f1os.<\/p>\n<p data-start=\"1689\" data-end=\"2269\">Desde el Ministerio de Vivienda se insiste en que la herramienta est\u00e1 mostrando resultados all\u00ed donde se aplica. \u201c<strong data-start=\"1803\" data-end=\"1944\">La declaraci\u00f3n de zonas tensionadas est\u00e1 funcionando all\u00ed donde se aplica, manteniendo la formalizaci\u00f3n de los contratos, que no caen<\/strong>\u201d, se\u00f1al\u00f3 la ministra Isabel Rodr\u00edguez durante su comparecencia en la Comisi\u00f3n de Vivienda y Agenda Urbana del Congreso. Un mensaje dirigido tambi\u00e9n a los territorios que a\u00fan no han activado este mecanismo, en los que el Gobierno central observa una mayor volatilidad del mercado y una presi\u00f3n creciente sobre los inquilinos.<\/p>\n<h2 data-start=\"2271\" data-end=\"2324\"><strong data-start=\"2271\" data-end=\"2324\">El ejemplo de Navarra, donde bajan los alquileres<\/strong><\/h2>\n<p data-start=\"2326\" data-end=\"2875\">Uno de los argumentos que el Ejecutivo utiliza para defender la eficacia de las zonas tensionadas es el caso de <strong data-start=\"2438\" data-end=\"2449\">Navarra<\/strong>, comunidad que ha aplicado de forma temprana medidas de contenci\u00f3n y donde los datos empiezan a reflejar <strong data-start=\"2555\" data-end=\"2621\">una moderaci\u00f3n e incluso descensos en los precios del alquiler<\/strong> en determinadas \u00e1reas. Aunque el contexto territorial y socioecon\u00f3mico no es id\u00e9ntico, el ejemplo navarro se presenta como una evidencia de que la regulaci\u00f3n, acompa\u00f1ada de pol\u00edticas de incremento de la oferta, puede tener un impacto real en el mercado.<\/p>\n<p data-start=\"2877\" data-end=\"3272\">Este punto es clave en la lectura estructural del problema de la vivienda. La contenci\u00f3n de precios, por s\u00ed sola, no resuelve la falta de vivienda, pero puede ganar tiempo mientras se activan <strong data-start=\"3069\" data-end=\"3147\">pol\u00edticas de obra p\u00fablica, rehabilitaci\u00f3n y movilizaci\u00f3n de vivienda vac\u00eda<\/strong>, aspectos que la Ley de Vivienda incorpora como obligaciones para las administraciones competentes en las zonas tensionadas.<\/p>\n<h2 data-start=\"3274\" data-end=\"3317\"><strong data-start=\"3274\" data-end=\"3317\">\u00bfQu\u00e9 es una zona de mercado tensionado?<\/strong><\/h2>\n<p data-start=\"3319\" data-end=\"3765\">La Ley por el Derecho a la Vivienda regula un procedimiento espec\u00edfico para declarar zonas de mercado residencial tensionado en aquellos \u00e1mbitos donde se dan <strong data-start=\"3477\" data-end=\"3534\">incrementos desproporcionados del precio del alquiler<\/strong> o donde el esfuerzo econ\u00f3mico de los hogares para acceder a una vivienda supera determinados umbrales. Esta declaraci\u00f3n permite aplicar medidas de <strong data-start=\"3682\" data-end=\"3707\">contenci\u00f3n de precios<\/strong> y establece un marco de intervenci\u00f3n p\u00fablica m\u00e1s intenso.<\/p>\n<p data-start=\"3767\" data-end=\"4204\">En la pr\u00e1ctica, los efectos de la declaraci\u00f3n se despliegan de forma inmediata. <strong data-start=\"3847\" data-end=\"3947\">Todos los nuevos contratos de alquiler deben estar referenciados al precio del contrato anterior<\/strong>, evitando as\u00ed subidas abruptas que hasta ahora eran habituales en mercados muy tensionados. Este mecanismo busca frenar la escalada especulativa sin provocar una retirada masiva de viviendas del mercado, uno de los temores recurrentes en el debate p\u00fablico.<\/p>\n<p data-start=\"4206\" data-end=\"4708\">Pero la ley va m\u00e1s all\u00e1 del control de precios. La declaraci\u00f3n de zona tensionada conlleva la <strong data-start=\"4300\" data-end=\"4388\">obligaci\u00f3n de que las administraciones p\u00fablicas ejecuten un plan de medidas urgentes<\/strong> para incrementar la oferta de vivienda en alquiler. El objetivo es que, en un plazo m\u00e1ximo de <strong data-start=\"4483\" data-end=\"4496\">tres a\u00f1os<\/strong>, la situaci\u00f3n del mercado haya sido revertida mediante la construcci\u00f3n de nueva vivienda p\u00fablica, la rehabilitaci\u00f3n de inmuebles, la movilizaci\u00f3n de vivienda vac\u00eda y la colaboraci\u00f3n con otros agentes del sector.<\/p>\n<p data-start=\"4710\" data-end=\"5249\" data-is-last-node=\"\" data-is-only-node=\"\">La incorporaci\u00f3n de Hernani, Tolosa y Lezo a este r\u00e9gimen vuelve a poner de relieve una realidad cada vez m\u00e1s extendida: la <strong data-start=\"4834\" data-end=\"4912\">crisis de acceso a la vivienda ya no es exclusiva de las grandes capitales<\/strong>, sino que afecta de lleno a municipios medianos y \u00e1reas metropolitanas. En este contexto, el papel de la <strong data-start=\"5018\" data-end=\"5071\">obra p\u00fablica y de una planificaci\u00f3n urbana activa<\/strong> se perfila como un elemento central para garantizar el derecho a la vivienda y evitar que la presi\u00f3n del mercado siga expulsando poblaci\u00f3n de sus lugares de residencia habitual.<\/p>\n<\/div><\/div><style type=\"text\/css\">.fusion-body .fusion-builder-column-0{width:100% !important;margin-top : 0px;margin-bottom : 0px;}.fusion-builder-column-0 > .fusion-column-wrapper {padding-top : 0px !important;padding-right : 0px !important;margin-right : 1.92%;padding-bottom : 0px !important;padding-left : 0px !important;margin-left : 1.92%;}@media only screen and (max-width:1024px) {.fusion-body .fusion-builder-column-0{width:100% !important;}.fusion-builder-column-0 > .fusion-column-wrapper {margin-right : 1.92%;margin-left : 1.92%;}}@media only screen and (max-width:640px) {.fusion-body .fusion-builder-column-0{width:100% !important;}.fusion-builder-column-0 > .fusion-column-wrapper {margin-right : 1.92%;margin-left : 1.92%;}}<\/style><\/div><\/div><style type=\"text\/css\">.fusion-body .fusion-flex-container.fusion-builder-row-1{ padding-top : 0px;margin-top : 0px;padding-right : 0px;padding-bottom : 0px;margin-bottom : 0px;padding-left : 0px;}<\/style><\/div>\n","protected":false},"excerpt":{"rendered":"<p>En Euskadi, m\u00e1s de la mitad de su poblaci\u00f3n reside ya en municipios considerados zonas tensionadas, entre ellos las tres capitales de provincia, Bilbao, Donostia\/San Sebasti\u00e1n y Vitoria-Gasteiz, adem\u00e1s de un n\u00famero creciente de localidades medias donde el mercado se ha ido estrechando de forma progresiva.<\/p>\n","protected":false},"author":3,"featured_media":55009,"comment_status":"closed","ping_status":"closed","sticky":false,"template":"","format":"standard","meta":{"_jetpack_memberships_contains_paid_content":false,"footnotes":"","jetpack_publicize_message":"","jetpack_publicize_feature_enabled":true,"jetpack_social_post_already_shared":true,"jetpack_social_options":{"image_generator_settings":{"template":"highway","default_image_id":0,"font":"","enabled":false},"version":2}},"categories":[100],"tags":[8277],"class_list":["post-54963","post","type-post","status-publish","format-standard","has-post-thumbnail","hentry","category-compraventa-de-viviendas","tag-newsletter-552"],"yoast_head":"<!-- This site is optimized with the Yoast SEO plugin v27.5 - https:\/\/yoast.com\/product\/yoast-seo-wordpress\/ -->\n<title>Hernani, Tolosa y Lezo, se declaran zonas tensionadas<\/title>\n<meta name=\"description\" content=\"Con estas nuevas incorporaciones, ya son 14 los municipios vascos declarados zonas tensionadas y 308 en todo el conjunto del Estado\" \/>\n<meta name=\"robots\" content=\"index, follow, max-snippet:-1, max-image-preview:large, max-video-preview:-1\" \/>\n<link rel=\"canonical\" href=\"https:\/\/www.aquimicasa.net\/blog\/vivienda\/compraventa-de-viviendas\/hernani-tolosa-y-lezo-se-declaran-zonas-tensionadas\/\" \/>\n<meta property=\"og:locale\" content=\"es_ES\" \/>\n<meta property=\"og:type\" content=\"article\" \/>\n<meta property=\"og:title\" content=\"Hernani, Tolosa y Lezo, se declaran zonas tensionadas\" \/>\n<meta property=\"og:description\" content=\"Con estas nuevas incorporaciones, ya son 14 los municipios vascos declarados zonas tensionadas y 308 en todo el conjunto del Estado\" \/>\n<meta property=\"og:url\" content=\"https:\/\/www.aquimicasa.net\/blog\/vivienda\/compraventa-de-viviendas\/hernani-tolosa-y-lezo-se-declaran-zonas-tensionadas\/\" \/>\n<meta property=\"og:site_name\" content=\"Blog de aquimicasa.net\" \/>\n<meta property=\"article:publisher\" content=\"https:\/\/www.facebook.com\/aquimicasa.net\" \/>\n<meta property=\"article:published_time\" content=\"2026-02-05T20:07:38+00:00\" \/>\n<meta property=\"og:image\" content=\"https:\/\/www.aquimicasa.net\/blog\/wp-content\/uploads\/Tolosa1-e1770322025663.jpg\" \/>\n\t<meta property=\"og:image:width\" content=\"600\" \/>\n\t<meta property=\"og:image:height\" content=\"449\" \/>\n\t<meta property=\"og:image:type\" content=\"image\/jpeg\" \/>\n<meta name=\"author\" content=\"Eduardo Lizarraga\" \/>\n<meta name=\"twitter:label1\" content=\"Escrito por\" \/>\n\t<meta name=\"twitter:data1\" content=\"Eduardo Lizarraga\" \/>\n\t<meta name=\"twitter:label2\" content=\"Tiempo de lectura\" \/>\n\t<meta name=\"twitter:data2\" content=\"5 minutos\" \/>\n<script type=\"application\/ld+json\" class=\"yoast-schema-graph\">{\"@context\":\"https:\\\/\\\/schema.org\",\"@graph\":[{\"@type\":\"Article\",\"@id\":\"https:\\\/\\\/www.aquimicasa.net\\\/blog\\\/vivienda\\\/compraventa-de-viviendas\\\/hernani-tolosa-y-lezo-se-declaran-zonas-tensionadas\\\/#article\",\"isPartOf\":{\"@id\":\"https:\\\/\\\/www.aquimicasa.net\\\/blog\\\/vivienda\\\/compraventa-de-viviendas\\\/hernani-tolosa-y-lezo-se-declaran-zonas-tensionadas\\\/\"},\"author\":{\"name\":\"Eduardo Lizarraga\",\"@id\":\"https:\\\/\\\/www.aquimicasa.net\\\/blog\\\/#\\\/schema\\\/person\\\/2cdfa2605534583395c8d7ce1d6cac14\"},\"headline\":\"Hernani, Tolosa y Lezo, se declaran zonas tensionadas\",\"datePublished\":\"2026-02-05T20:07:38+00:00\",\"mainEntityOfPage\":{\"@id\":\"https:\\\/\\\/www.aquimicasa.net\\\/blog\\\/vivienda\\\/compraventa-de-viviendas\\\/hernani-tolosa-y-lezo-se-declaran-zonas-tensionadas\\\/\"},\"wordCount\":1121,\"publisher\":{\"@id\":\"https:\\\/\\\/www.aquimicasa.net\\\/blog\\\/#organization\"},\"image\":{\"@id\":\"https:\\\/\\\/www.aquimicasa.net\\\/blog\\\/vivienda\\\/compraventa-de-viviendas\\\/hernani-tolosa-y-lezo-se-declaran-zonas-tensionadas\\\/#primaryimage\"},\"thumbnailUrl\":\"https:\\\/\\\/www.aquimicasa.net\\\/blog\\\/wp-content\\\/uploads\\\/Tolosa1-e1770322025663.jpg\",\"keywords\":[\"newsletter 552\"],\"articleSection\":[\"Compra Venta\"],\"inLanguage\":\"es\"},{\"@type\":\"WebPage\",\"@id\":\"https:\\\/\\\/www.aquimicasa.net\\\/blog\\\/vivienda\\\/compraventa-de-viviendas\\\/hernani-tolosa-y-lezo-se-declaran-zonas-tensionadas\\\/\",\"url\":\"https:\\\/\\\/www.aquimicasa.net\\\/blog\\\/vivienda\\\/compraventa-de-viviendas\\\/hernani-tolosa-y-lezo-se-declaran-zonas-tensionadas\\\/\",\"name\":\"Hernani, Tolosa y Lezo, se declaran zonas tensionadas\",\"isPartOf\":{\"@id\":\"https:\\\/\\\/www.aquimicasa.net\\\/blog\\\/#website\"},\"primaryImageOfPage\":{\"@id\":\"https:\\\/\\\/www.aquimicasa.net\\\/blog\\\/vivienda\\\/compraventa-de-viviendas\\\/hernani-tolosa-y-lezo-se-declaran-zonas-tensionadas\\\/#primaryimage\"},\"image\":{\"@id\":\"https:\\\/\\\/www.aquimicasa.net\\\/blog\\\/vivienda\\\/compraventa-de-viviendas\\\/hernani-tolosa-y-lezo-se-declaran-zonas-tensionadas\\\/#primaryimage\"},\"thumbnailUrl\":\"https:\\\/\\\/www.aquimicasa.net\\\/blog\\\/wp-content\\\/uploads\\\/Tolosa1-e1770322025663.jpg\",\"datePublished\":\"2026-02-05T20:07:38+00:00\",\"description\":\"Con estas nuevas incorporaciones, ya son 14 los municipios vascos declarados zonas tensionadas y 308 en todo el conjunto del Estado\",\"breadcrumb\":{\"@id\":\"https:\\\/\\\/www.aquimicasa.net\\\/blog\\\/vivienda\\\/compraventa-de-viviendas\\\/hernani-tolosa-y-lezo-se-declaran-zonas-tensionadas\\\/#breadcrumb\"},\"inLanguage\":\"es\",\"potentialAction\":[{\"@type\":\"ReadAction\",\"target\":[\"https:\\\/\\\/www.aquimicasa.net\\\/blog\\\/vivienda\\\/compraventa-de-viviendas\\\/hernani-tolosa-y-lezo-se-declaran-zonas-tensionadas\\\/\"]}]},{\"@type\":\"ImageObject\",\"inLanguage\":\"es\",\"@id\":\"https:\\\/\\\/www.aquimicasa.net\\\/blog\\\/vivienda\\\/compraventa-de-viviendas\\\/hernani-tolosa-y-lezo-se-declaran-zonas-tensionadas\\\/#primaryimage\",\"url\":\"https:\\\/\\\/www.aquimicasa.net\\\/blog\\\/wp-content\\\/uploads\\\/Tolosa1-e1770322025663.jpg\",\"contentUrl\":\"https:\\\/\\\/www.aquimicasa.net\\\/blog\\\/wp-content\\\/uploads\\\/Tolosa1-e1770322025663.jpg\",\"width\":600,\"height\":449,\"caption\":\"Tolosa es uno de los tres nuevos municipios declarados zona tensionada\"},{\"@type\":\"BreadcrumbList\",\"@id\":\"https:\\\/\\\/www.aquimicasa.net\\\/blog\\\/vivienda\\\/compraventa-de-viviendas\\\/hernani-tolosa-y-lezo-se-declaran-zonas-tensionadas\\\/#breadcrumb\",\"itemListElement\":[{\"@type\":\"ListItem\",\"position\":1,\"name\":\"Portada\",\"item\":\"https:\\\/\\\/www.aquimicasa.net\\\/blog\\\/\"},{\"@type\":\"ListItem\",\"position\":2,\"name\":\"Hernani, Tolosa y Lezo, se declaran zonas tensionadas\"}]},{\"@type\":\"WebSite\",\"@id\":\"https:\\\/\\\/www.aquimicasa.net\\\/blog\\\/#website\",\"url\":\"https:\\\/\\\/www.aquimicasa.net\\\/blog\\\/\",\"name\":\"Blog de aquimicasa.net\",\"description\":\"Noticias del Mundo Inmobiliario\",\"publisher\":{\"@id\":\"https:\\\/\\\/www.aquimicasa.net\\\/blog\\\/#organization\"},\"potentialAction\":[{\"@type\":\"SearchAction\",\"target\":{\"@type\":\"EntryPoint\",\"urlTemplate\":\"https:\\\/\\\/www.aquimicasa.net\\\/blog\\\/?s={search_term_string}\"},\"query-input\":{\"@type\":\"PropertyValueSpecification\",\"valueRequired\":true,\"valueName\":\"search_term_string\"}}],\"inLanguage\":\"es\"},{\"@type\":\"Organization\",\"@id\":\"https:\\\/\\\/www.aquimicasa.net\\\/blog\\\/#organization\",\"name\":\"Blog de aquimicasa.net\",\"url\":\"https:\\\/\\\/www.aquimicasa.net\\\/blog\\\/\",\"logo\":{\"@type\":\"ImageObject\",\"inLanguage\":\"es\",\"@id\":\"https:\\\/\\\/www.aquimicasa.net\\\/blog\\\/#\\\/schema\\\/logo\\\/image\\\/\",\"url\":\"https:\\\/\\\/www.aquimicasa.net\\\/blog\\\/wp-content\\\/uploads\\\/Logo-aquimicasa-1-e1528048213782.png\",\"contentUrl\":\"https:\\\/\\\/www.aquimicasa.net\\\/blog\\\/wp-content\\\/uploads\\\/Logo-aquimicasa-1-e1528048213782.png\",\"width\":225,\"height\":225,\"caption\":\"Blog de aquimicasa.net\"},\"image\":{\"@id\":\"https:\\\/\\\/www.aquimicasa.net\\\/blog\\\/#\\\/schema\\\/logo\\\/image\\\/\"},\"sameAs\":[\"https:\\\/\\\/www.facebook.com\\\/aquimicasa.net\",\"https:\\\/\\\/www.instagram.com\\\/\",\"https:\\\/\\\/x.com\\\/EduLizarragaD\",\"https:\\\/\\\/www.linkedin.com\\\/feed\\\/\"]},{\"@type\":\"Person\",\"@id\":\"https:\\\/\\\/www.aquimicasa.net\\\/blog\\\/#\\\/schema\\\/person\\\/2cdfa2605534583395c8d7ce1d6cac14\",\"name\":\"Eduardo Lizarraga\",\"image\":{\"@type\":\"ImageObject\",\"inLanguage\":\"es\",\"@id\":\"https:\\\/\\\/secure.gravatar.com\\\/avatar\\\/bdabe1eeeed97b65a9cb7de2edd624b07995f7e13abc5fead15961f745f908cc?s=96&d=mm&r=g\",\"url\":\"https:\\\/\\\/secure.gravatar.com\\\/avatar\\\/bdabe1eeeed97b65a9cb7de2edd624b07995f7e13abc5fead15961f745f908cc?s=96&d=mm&r=g\",\"contentUrl\":\"https:\\\/\\\/secure.gravatar.com\\\/avatar\\\/bdabe1eeeed97b65a9cb7de2edd624b07995f7e13abc5fead15961f745f908cc?s=96&d=mm&r=g\",\"caption\":\"Eduardo Lizarraga\"},\"description\":\"Periodista Econ\u00f3mico. Ha trabajado en diversos campos de la informaci\u00f3n. Corresponsal en conflictos, analista pol\u00edtico en Congreso y Senado, periodista del medio ambiente, editor, director editorial, director de comunicaci\u00f3n.... En estos momentos se ha especializado en el sector inmobiliario. Pero tambi\u00e9n es navegante y viajero, preocupado por la pobreza, el medio ambiente y por las actuaciones descontroladas del neoliberalismo empresarial y pol\u00edtico en todo el mundo. Los desahucios, la pobreza infantil y la falta de acceso a los suministros b\u00e1sicos son algunos de los grandes dramas de nuestra sociedad y que es preciso solucionar para hacerla m\u00e1s justa. CEO en www.aquimicasa.net\",\"sameAs\":[\"https:\\\/\\\/www.aquimicasa.net\\\/\"],\"url\":\"https:\\\/\\\/www.aquimicasa.net\\\/blog\\\/author\\\/eduardo\\\/\"}]}<\/script>\n<!-- \/ Yoast SEO plugin. -->","yoast_head_json":{"title":"Hernani, Tolosa y Lezo, se declaran zonas tensionadas","description":"Con estas nuevas incorporaciones, ya son 14 los municipios vascos declarados zonas tensionadas y 308 en todo el conjunto del Estado","robots":{"index":"index","follow":"follow","max-snippet":"max-snippet:-1","max-image-preview":"max-image-preview:large","max-video-preview":"max-video-preview:-1"},"canonical":"https:\/\/www.aquimicasa.net\/blog\/vivienda\/compraventa-de-viviendas\/hernani-tolosa-y-lezo-se-declaran-zonas-tensionadas\/","og_locale":"es_ES","og_type":"article","og_title":"Hernani, Tolosa y Lezo, se declaran zonas tensionadas","og_description":"Con estas nuevas incorporaciones, ya son 14 los municipios vascos declarados zonas tensionadas y 308 en todo el conjunto del Estado","og_url":"https:\/\/www.aquimicasa.net\/blog\/vivienda\/compraventa-de-viviendas\/hernani-tolosa-y-lezo-se-declaran-zonas-tensionadas\/","og_site_name":"Blog de aquimicasa.net","article_publisher":"https:\/\/www.facebook.com\/aquimicasa.net","article_published_time":"2026-02-05T20:07:38+00:00","og_image":[{"width":600,"height":449,"url":"https:\/\/www.aquimicasa.net\/blog\/wp-content\/uploads\/Tolosa1-e1770322025663.jpg","type":"image\/jpeg"}],"author":"Eduardo Lizarraga","twitter_misc":{"Escrito por":"Eduardo Lizarraga","Tiempo de lectura":"5 minutos"},"schema":{"@context":"https:\/\/schema.org","@graph":[{"@type":"Article","@id":"https:\/\/www.aquimicasa.net\/blog\/vivienda\/compraventa-de-viviendas\/hernani-tolosa-y-lezo-se-declaran-zonas-tensionadas\/#article","isPartOf":{"@id":"https:\/\/www.aquimicasa.net\/blog\/vivienda\/compraventa-de-viviendas\/hernani-tolosa-y-lezo-se-declaran-zonas-tensionadas\/"},"author":{"name":"Eduardo Lizarraga","@id":"https:\/\/www.aquimicasa.net\/blog\/#\/schema\/person\/2cdfa2605534583395c8d7ce1d6cac14"},"headline":"Hernani, Tolosa y Lezo, se declaran zonas tensionadas","datePublished":"2026-02-05T20:07:38+00:00","mainEntityOfPage":{"@id":"https:\/\/www.aquimicasa.net\/blog\/vivienda\/compraventa-de-viviendas\/hernani-tolosa-y-lezo-se-declaran-zonas-tensionadas\/"},"wordCount":1121,"publisher":{"@id":"https:\/\/www.aquimicasa.net\/blog\/#organization"},"image":{"@id":"https:\/\/www.aquimicasa.net\/blog\/vivienda\/compraventa-de-viviendas\/hernani-tolosa-y-lezo-se-declaran-zonas-tensionadas\/#primaryimage"},"thumbnailUrl":"https:\/\/www.aquimicasa.net\/blog\/wp-content\/uploads\/Tolosa1-e1770322025663.jpg","keywords":["newsletter 552"],"articleSection":["Compra Venta"],"inLanguage":"es"},{"@type":"WebPage","@id":"https:\/\/www.aquimicasa.net\/blog\/vivienda\/compraventa-de-viviendas\/hernani-tolosa-y-lezo-se-declaran-zonas-tensionadas\/","url":"https:\/\/www.aquimicasa.net\/blog\/vivienda\/compraventa-de-viviendas\/hernani-tolosa-y-lezo-se-declaran-zonas-tensionadas\/","name":"Hernani, Tolosa y Lezo, se declaran zonas tensionadas","isPartOf":{"@id":"https:\/\/www.aquimicasa.net\/blog\/#website"},"primaryImageOfPage":{"@id":"https:\/\/www.aquimicasa.net\/blog\/vivienda\/compraventa-de-viviendas\/hernani-tolosa-y-lezo-se-declaran-zonas-tensionadas\/#primaryimage"},"image":{"@id":"https:\/\/www.aquimicasa.net\/blog\/vivienda\/compraventa-de-viviendas\/hernani-tolosa-y-lezo-se-declaran-zonas-tensionadas\/#primaryimage"},"thumbnailUrl":"https:\/\/www.aquimicasa.net\/blog\/wp-content\/uploads\/Tolosa1-e1770322025663.jpg","datePublished":"2026-02-05T20:07:38+00:00","description":"Con estas nuevas incorporaciones, ya son 14 los municipios vascos declarados zonas tensionadas y 308 en todo el conjunto del Estado","breadcrumb":{"@id":"https:\/\/www.aquimicasa.net\/blog\/vivienda\/compraventa-de-viviendas\/hernani-tolosa-y-lezo-se-declaran-zonas-tensionadas\/#breadcrumb"},"inLanguage":"es","potentialAction":[{"@type":"ReadAction","target":["https:\/\/www.aquimicasa.net\/blog\/vivienda\/compraventa-de-viviendas\/hernani-tolosa-y-lezo-se-declaran-zonas-tensionadas\/"]}]},{"@type":"ImageObject","inLanguage":"es","@id":"https:\/\/www.aquimicasa.net\/blog\/vivienda\/compraventa-de-viviendas\/hernani-tolosa-y-lezo-se-declaran-zonas-tensionadas\/#primaryimage","url":"https:\/\/www.aquimicasa.net\/blog\/wp-content\/uploads\/Tolosa1-e1770322025663.jpg","contentUrl":"https:\/\/www.aquimicasa.net\/blog\/wp-content\/uploads\/Tolosa1-e1770322025663.jpg","width":600,"height":449,"caption":"Tolosa es uno de los tres nuevos municipios declarados zona tensionada"},{"@type":"BreadcrumbList","@id":"https:\/\/www.aquimicasa.net\/blog\/vivienda\/compraventa-de-viviendas\/hernani-tolosa-y-lezo-se-declaran-zonas-tensionadas\/#breadcrumb","itemListElement":[{"@type":"ListItem","position":1,"name":"Portada","item":"https:\/\/www.aquimicasa.net\/blog\/"},{"@type":"ListItem","position":2,"name":"Hernani, Tolosa y Lezo, se declaran zonas tensionadas"}]},{"@type":"WebSite","@id":"https:\/\/www.aquimicasa.net\/blog\/#website","url":"https:\/\/www.aquimicasa.net\/blog\/","name":"Blog de aquimicasa.net","description":"Noticias del Mundo Inmobiliario","publisher":{"@id":"https:\/\/www.aquimicasa.net\/blog\/#organization"},"potentialAction":[{"@type":"SearchAction","target":{"@type":"EntryPoint","urlTemplate":"https:\/\/www.aquimicasa.net\/blog\/?s={search_term_string}"},"query-input":{"@type":"PropertyValueSpecification","valueRequired":true,"valueName":"search_term_string"}}],"inLanguage":"es"},{"@type":"Organization","@id":"https:\/\/www.aquimicasa.net\/blog\/#organization","name":"Blog de aquimicasa.net","url":"https:\/\/www.aquimicasa.net\/blog\/","logo":{"@type":"ImageObject","inLanguage":"es","@id":"https:\/\/www.aquimicasa.net\/blog\/#\/schema\/logo\/image\/","url":"https:\/\/www.aquimicasa.net\/blog\/wp-content\/uploads\/Logo-aquimicasa-1-e1528048213782.png","contentUrl":"https:\/\/www.aquimicasa.net\/blog\/wp-content\/uploads\/Logo-aquimicasa-1-e1528048213782.png","width":225,"height":225,"caption":"Blog de aquimicasa.net"},"image":{"@id":"https:\/\/www.aquimicasa.net\/blog\/#\/schema\/logo\/image\/"},"sameAs":["https:\/\/www.facebook.com\/aquimicasa.net","https:\/\/www.instagram.com\/","https:\/\/x.com\/EduLizarragaD","https:\/\/www.linkedin.com\/feed\/"]},{"@type":"Person","@id":"https:\/\/www.aquimicasa.net\/blog\/#\/schema\/person\/2cdfa2605534583395c8d7ce1d6cac14","name":"Eduardo Lizarraga","image":{"@type":"ImageObject","inLanguage":"es","@id":"https:\/\/secure.gravatar.com\/avatar\/bdabe1eeeed97b65a9cb7de2edd624b07995f7e13abc5fead15961f745f908cc?s=96&d=mm&r=g","url":"https:\/\/secure.gravatar.com\/avatar\/bdabe1eeeed97b65a9cb7de2edd624b07995f7e13abc5fead15961f745f908cc?s=96&d=mm&r=g","contentUrl":"https:\/\/secure.gravatar.com\/avatar\/bdabe1eeeed97b65a9cb7de2edd624b07995f7e13abc5fead15961f745f908cc?s=96&d=mm&r=g","caption":"Eduardo Lizarraga"},"description":"Periodista Econ\u00f3mico. Ha trabajado en diversos campos de la informaci\u00f3n. Corresponsal en conflictos, analista pol\u00edtico en Congreso y Senado, periodista del medio ambiente, editor, director editorial, director de comunicaci\u00f3n.... En estos momentos se ha especializado en el sector inmobiliario. Pero tambi\u00e9n es navegante y viajero, preocupado por la pobreza, el medio ambiente y por las actuaciones descontroladas del neoliberalismo empresarial y pol\u00edtico en todo el mundo. Los desahucios, la pobreza infantil y la falta de acceso a los suministros b\u00e1sicos son algunos de los grandes dramas de nuestra sociedad y que es preciso solucionar para hacerla m\u00e1s justa. CEO en www.aquimicasa.net","sameAs":["https:\/\/www.aquimicasa.net\/"],"url":"https:\/\/www.aquimicasa.net\/blog\/author\/eduardo\/"}]}},"jetpack_publicize_connections":[],"jetpack_featured_media_url":"https:\/\/www.aquimicasa.net\/blog\/wp-content\/uploads\/Tolosa1-e1770322025663.jpg","jetpack_sharing_enabled":true,"jetpack_likes_enabled":true,"_links":{"self":[{"href":"https:\/\/www.aquimicasa.net\/blog\/wp-json\/wp\/v2\/posts\/54963","targetHints":{"allow":["GET"]}}],"collection":[{"href":"https:\/\/www.aquimicasa.net\/blog\/wp-json\/wp\/v2\/posts"}],"about":[{"href":"https:\/\/www.aquimicasa.net\/blog\/wp-json\/wp\/v2\/types\/post"}],"author":[{"embeddable":true,"href":"https:\/\/www.aquimicasa.net\/blog\/wp-json\/wp\/v2\/users\/3"}],"replies":[{"embeddable":true,"href":"https:\/\/www.aquimicasa.net\/blog\/wp-json\/wp\/v2\/comments?post=54963"}],"version-history":[{"count":4,"href":"https:\/\/www.aquimicasa.net\/blog\/wp-json\/wp\/v2\/posts\/54963\/revisions"}],"predecessor-version":[{"id":55008,"href":"https:\/\/www.aquimicasa.net\/blog\/wp-json\/wp\/v2\/posts\/54963\/revisions\/55008"}],"wp:featuredmedia":[{"embeddable":true,"href":"https:\/\/www.aquimicasa.net\/blog\/wp-json\/wp\/v2\/media\/55009"}],"wp:attachment":[{"href":"https:\/\/www.aquimicasa.net\/blog\/wp-json\/wp\/v2\/media?parent=54963"}],"wp:term":[{"taxonomy":"category","embeddable":true,"href":"https:\/\/www.aquimicasa.net\/blog\/wp-json\/wp\/v2\/categories?post=54963"},{"taxonomy":"post_tag","embeddable":true,"href":"https:\/\/www.aquimicasa.net\/blog\/wp-json\/wp\/v2\/tags?post=54963"}],"curies":[{"name":"wp","href":"https:\/\/api.w.org\/{rel}","templated":true}]}}