{"id":54998,"date":"2026-02-05T21:56:12","date_gmt":"2026-02-05T20:56:12","guid":{"rendered":"https:\/\/www.aquimicasa.net\/blog\/?p=54998"},"modified":"2026-02-05T21:56:12","modified_gmt":"2026-02-05T20:56:12","slug":"record-de-precios-de-la-vivienda-en-2025-segun-los-registradores","status":"publish","type":"post","link":"https:\/\/www.aquimicasa.net\/blog\/vivienda\/compraventa-de-viviendas\/record-de-precios-de-la-vivienda-en-2025-segun-los-registradores\/","title":{"rendered":"R\u00e9cord de precios de la vivienda en 2025 seg\u00fan los registradores"},"content":{"rendered":"<div class=\"fusion-fullwidth fullwidth-box fusion-builder-row-1 fusion-flex-container nonhundred-percent-fullwidth non-hundred-percent-height-scrolling\" style=\"background-color: rgba(255,255,255,0);background-position: center center;background-repeat: no-repeat;border-width: 0px 0px 0px 0px;border-color:#eae9e9;border-style:solid;\" ><div class=\"fusion-builder-row fusion-row fusion-flex-align-items-flex-start\" style=\"max-width:1144px;margin-left: calc(-4% \/ 2 );margin-right: calc(-4% \/ 2 );\"><div class=\"fusion-layout-column fusion_builder_column fusion-builder-column-0 fusion_builder_column_1_1 1_1 fusion-flex-column\"><div class=\"fusion-column-wrapper fusion-flex-justify-content-flex-start fusion-content-layout-column\" style=\"background-position:left top;background-repeat:no-repeat;-webkit-background-size:cover;-moz-background-size:cover;-o-background-size:cover;background-size:cover;padding: 0px 0px 0px 0px;\"><div class=\"fusion-text fusion-text-1\"><p>El mercado inmobiliario espa\u00f1ol cerr\u00f3 2025 con una combinaci\u00f3n tan intensa como preocupante de <strong data-start=\"168\" data-end=\"209\">m\u00e1xima actividad y precios hist\u00f3ricos<\/strong>, seg\u00fan los datos presentados por el Colegio de Registradores a partir de su <strong data-start=\"286\" data-end=\"368\">Estad\u00edstica Registral Inmobiliaria del cuarto trimestre y del conjunto del a\u00f1o<\/strong>. Las cifras confirman que la vivienda se consolida como uno de los principales focos de tensi\u00f3n econ\u00f3mica y social, con una escalada de precios que avanza a mayor ritmo que los ingresos y que vuelve a poner sobre la mesa la insuficiencia estructural de la oferta, especialmente de vivienda asequible y de obra nueva.<\/p>\n<div class=\"flex flex-col text-sm pb-25\">\n<article class=\"text-token-text-primary w-full focus:outline-none &#091;--shadow-height:45px&#093; has-data-writing-block:pointer-events-none has-data-writing-block:-mt-(--shadow-height) has-data-writing-block:pt-(--shadow-height) &#091;&amp;:has(&#091;data-writing-block&#093;)&gt;*&#093;:pointer-events-auto scroll-mt-&#091;calc(var(--header-height)+min(200px,max(70px,20svh)))&#093;\" dir=\"auto\" tabindex=\"-1\" data-turn-id=\"request-6981a274-fd40-832d-bbca-01acdef28c73-1\" data-testid=\"conversation-turn-20\" data-scroll-anchor=\"true\" data-turn=\"assistant\">\n<div class=\"text-base my-auto mx-auto pb-10 &#091;--thread-content-margin:--spacing(4)&#093; @w-sm\/main:&#091;--thread-content-margin:--spacing(6)&#093; @w-lg\/main:&#091;--thread-content-margin:--spacing(16)&#093; px-(--thread-content-margin)\">\n<div class=\"&#091;--thread-content-max-width:40rem&#093; @w-lg\/main:&#091;--thread-content-max-width:48rem&#093; mx-auto max-w-(--thread-content-max-width) flex-1 group\/turn-messages focus-visible:outline-hidden relative flex w-full min-w-0 flex-col agent-turn\" tabindex=\"-1\">\n<div class=\"flex max-w-full flex-col grow\">\n<div class=\"min-h-8 text-message relative flex w-full flex-col items-end gap-2 text-start break-words whitespace-normal &#091;.text-message+&amp;&#093;:mt-1\" dir=\"auto\" data-message-author-role=\"assistant\" data-message-id=\"5577dc3b-d4b1-4ccc-8a32-6d78ababc914\" data-message-model-slug=\"gpt-5-2\">\n<div class=\"flex w-full flex-col gap-1 empty:hidden first:pt-&#091;1px&#093;\">\n<div class=\"markdown prose dark:prose-invert w-full wrap-break-word light markdown-new-styling\">\n<p data-start=\"687\" data-end=\"1420\">En t\u00e9rminos de actividad, <strong data-start=\"713\" data-end=\"773\">el n\u00famero de compraventas supera las 705.000 operaciones<\/strong>, con un crecimiento anual del 10,7% y el mayor volumen desde 2008. Solo en el cuarto trimestre se registraron 178.270 transacciones, el segundo mejor dato trimestral desde el tercer trimestre de 2007. El grueso del mercado sigue apoy\u00e1ndose en la vivienda usada, que alcanza <strong data-start=\"1048\" data-end=\"1070\">m\u00e1ximos hist\u00f3ricos<\/strong> con 556.091 operaciones en el conjunto del a\u00f1o, cifras que no se ve\u00edan desde el pico del ciclo anterior en 2006. La vivienda nueva, por su parte, suma 149.266 compraventas, con un incremento interanual del 13,3%, claramente condicionado por la <strong data-start=\"1315\" data-end=\"1348\">escasez de nueva construcci\u00f3n<\/strong>, uno de los grandes cuellos de botella del sistema residencial espa\u00f1ol.<\/p>\n<p data-start=\"1422\" data-end=\"1853\">Este dinamismo se ha producido en todas las comunidades aut\u00f3nomas, con crecimientos especialmente intensos en <strong data-start=\"1532\" data-end=\"1583\">Regi\u00f3n de Murcia, Extremadura y Castilla y Le\u00f3n<\/strong>, donde las tasas se sit\u00faan en torno al 18%. Sin embargo, los grandes mercados \u2014Andaluc\u00eda, Comunidad Valenciana, Catalu\u00f1a y Comunidad de Madrid\u2014 concentran cerca del <strong data-start=\"1749\" data-end=\"1781\">65% del total de operaciones<\/strong>, confirmando su papel central en la configuraci\u00f3n del mercado nacional.<\/p>\n<h2 data-start=\"1855\" data-end=\"1919\"><strong data-start=\"1855\" data-end=\"1919\">Las compraventas por extranjeros rozan las 100.000 viviendas<\/strong><\/h2>\n<p data-start=\"1921\" data-end=\"2362\">Uno de los elementos estructurales que siguen marcando el mercado es la <strong data-start=\"1993\" data-end=\"2015\">demanda extranjera<\/strong>, que mantiene un peso elevado y estable. En 2025, el <strong data-start=\"2069\" data-end=\"2143\">13,8% de las compraventas fueron realizadas por ciudadanos extranjeros<\/strong>, lo que supone cerca de <strong data-start=\"2168\" data-end=\"2190\">97.300 operaciones<\/strong>, un nuevo m\u00e1ximo hist\u00f3rico en t\u00e9rminos absolutos. M\u00e1s del 60% de estas compras corresponden a ciudadanos europeos, con los brit\u00e1nicos, alemanes y neerlandeses a la cabeza.<\/p>\n<p data-start=\"2364\" data-end=\"2760\">Por territorios, el impacto es especialmente relevante en <strong data-start=\"2422\" data-end=\"2490\">Illes Balears, Comunitat Valenciana, Canarias y Regi\u00f3n de Murcia<\/strong>, donde los compradores extranjeros superan ampliamente el 20% del total. El caso de <strong data-start=\"2575\" data-end=\"2587\">Alicante<\/strong> vuelve a destacar, con casi la mitad de las operaciones en manos de no residentes, una realidad que contribuye a tensionar a\u00fan m\u00e1s los precios en mercados ya muy ajustados.<\/p>\n<h2 data-start=\"2762\" data-end=\"2812\"><strong data-start=\"2762\" data-end=\"2812\">Suben los precios de la vivienda nueva y usada<\/strong><\/h2>\n<p data-start=\"2814\" data-end=\"3238\">El apartado de precios es, sin duda, el que m\u00e1s inquietud genera. El <strong data-start=\"2883\" data-end=\"2936\">\u00cdndice de Precios de Vivienda de Ventas Repetidas<\/strong> alcanza un nuevo m\u00e1ximo hist\u00f3rico tras crecer un 2,6% trimestral y situarse <strong data-start=\"3013\" data-end=\"3059\">un 29,3% por encima de los m\u00e1ximos de 2007<\/strong>. El precio medio de la vivienda se incrementa un 9,5% interanual, hasta los <strong data-start=\"3136\" data-end=\"3170\">2.354 euros por metro cuadrado<\/strong>, el nivel m\u00e1s alto de toda la serie hist\u00f3rica de los Registradores.<\/p>\n<p data-start=\"3240\" data-end=\"3674\">Tanto la vivienda usada como la nueva cierran el a\u00f1o en valores r\u00e9cord. La vivienda usada alcanza los <strong data-start=\"3342\" data-end=\"3356\">2.317 \u20ac\/m\u00b2<\/strong>, mientras que la vivienda nueva sube con m\u00e1s fuerza, hasta los <strong data-start=\"3420\" data-end=\"3434\">2.500 \u20ac\/m\u00b2<\/strong>, con un incremento trimestral del 3,7%. Una evoluci\u00f3n que refuerza la idea de que <strong data-start=\"3517\" data-end=\"3602\">la falta de oferta de obra nueva est\u00e1 trasladando presi\u00f3n al conjunto del mercado<\/strong>, elevando precios incluso en segmentos tradicionalmente m\u00e1s contenidos.<\/p>\n<h2 data-start=\"3676\" data-end=\"3721\"><strong data-start=\"3676\" data-end=\"3721\">El incremento de los precios por regiones<\/strong><\/h2>\n<p data-start=\"3723\" data-end=\"4130\">Las diferencias territoriales siguen siendo muy marcadas. <strong data-start=\"3781\" data-end=\"3842\">Comunidad de Madrid, Illes Balears, Pa\u00eds Vasco y Catalu\u00f1a<\/strong> encabezan los precios medios auton\u00f3micos, mientras que por provincias destacan Madrid, Baleares, Gipuzkoa, Bizkaia y M\u00e1laga. En el caso de las capitales, <strong data-start=\"3997\" data-end=\"4053\">San Sebasti\u00e1n se mantiene como la m\u00e1s cara de Espa\u00f1a<\/strong>, superando los 6.100 \u20ac\/m\u00b2, por delante de Madrid, Barcelona, Palma y Bilbao.<\/p>\n<p data-start=\"4132\" data-end=\"4347\">En total, <strong data-start=\"4142\" data-end=\"4206\">diecis\u00e9is comunidades aut\u00f3nomas y treinta y nueve provincias<\/strong> han registrado incrementos trimestrales, lo que evidencia que la escalada de precios ya no es un fen\u00f3meno localizado, sino <strong data-start=\"4330\" data-end=\"4346\">generalizado<\/strong>.<\/p>\n<h2 data-start=\"4349\" data-end=\"4380\"><strong data-start=\"4349\" data-end=\"4380\">Las hipotecas suben un 7,2%<\/strong><\/h2>\n<p data-start=\"4382\" data-end=\"4771\">El dinamismo del mercado tambi\u00e9n se refleja en la financiaci\u00f3n. En el cuarto trimestre se constituyeron <strong data-start=\"4486\" data-end=\"4507\">132.385 hipotecas<\/strong>, un 7,2% m\u00e1s que en el trimestre anterior. En el conjunto del a\u00f1o se alcanzan <strong data-start=\"4586\" data-end=\"4607\">498.500 hipotecas<\/strong>, con un crecimiento interanual del 14,5%. Andaluc\u00eda, Catalu\u00f1a, Madrid y Comunitat Valenciana concentran el mayor volumen, en l\u00ednea con su peso en las compraventas.<\/p>\n<p data-start=\"4773\" data-end=\"5156\">El <strong data-start=\"4776\" data-end=\"4824\">endeudamiento hipotecario por metro cuadrado<\/strong> vuelve a aumentar por und\u00e9cimo trimestre consecutivo y se sit\u00faa en <strong data-start=\"4892\" data-end=\"4906\">1.763 \u20ac\/m\u00b2<\/strong>, con un incremento interanual del 13,9%. Los indicadores de accesibilidad, lejos de mejorar, <strong data-start=\"5000\" data-end=\"5025\">siguen deterior\u00e1ndose<\/strong>, y la cuota hipotecaria media ya absorbe el 33,8% del salario, un nivel que los Registradores consideran cada vez m\u00e1s preocupante.<\/p>\n<h2 data-start=\"5158\" data-end=\"5231\"><strong data-start=\"5158\" data-end=\"5231\">Los Registradores muestran su preocupaci\u00f3n por la escalada de precios<\/strong><\/h2>\n<p data-start=\"5233\" data-end=\"5639\">Desde el propio Colegio de Registradores se lanza un mensaje claro de alerta. \u201c<strong data-start=\"5312\" data-end=\"5367\">Esta situaci\u00f3n no es sostenible indefinidamente<\/strong>\u201d, advierte el informe, que reconoce que la fortaleza de la demanda se apoya en factores demogr\u00e1ficos, econ\u00f3micos y financieros, pero subraya que <strong data-start=\"5513\" data-end=\"5588\">el crecimiento continuado de los precios acabar\u00e1 limitando la actividad<\/strong> y agravando los problemas de acceso a la vivienda.<\/p>\n<p data-start=\"5641\" data-end=\"6161\" data-is-last-node=\"\" data-is-only-node=\"\">En este contexto, los datos vuelven a se\u00f1alar un problema de fondo: <strong data-start=\"5709\" data-end=\"5751\">la insuficiente producci\u00f3n de vivienda<\/strong>, especialmente de vivienda p\u00fablica y asequible. Sin un impulso decidido de la <strong data-start=\"5830\" data-end=\"5846\">obra p\u00fablica<\/strong>, de la colaboraci\u00f3n institucional y de pol\u00edticas orientadas a ampliar la oferta, el mercado seguir\u00e1 funcionando bajo una tensi\u00f3n creciente, con precios r\u00e9cord, mayor endeudamiento y una brecha cada vez m\u00e1s profunda entre el mercado inmobiliario y la capacidad real de los hogares para acceder a una vivienda digna.<\/p>\n<\/div>\n<\/div>\n<\/div>\n<\/div>\n<div class=\"z-0 flex min-h-&#091;46px&#093; justify-start\"><\/div>\n<div class=\"mt-3 w-full empty:hidden\">\n<div class=\"text-center\"><\/div>\n<\/div>\n<\/div>\n<\/div>\n<\/article>\n<\/div>\n<div class=\"pointer-events-none h-px w-px absolute bottom-0\" aria-hidden=\"true\" data-edge=\"true\"><\/div>\n<\/div><\/div><style type=\"text\/css\">.fusion-body .fusion-builder-column-0{width:100% !important;margin-top : 0px;margin-bottom : 0px;}.fusion-builder-column-0 > .fusion-column-wrapper {padding-top : 0px !important;padding-right : 0px !important;margin-right : 1.92%;padding-bottom : 0px !important;padding-left : 0px !important;margin-left : 1.92%;}@media only screen and (max-width:1024px) {.fusion-body .fusion-builder-column-0{width:100% !important;}.fusion-builder-column-0 > .fusion-column-wrapper {margin-right : 1.92%;margin-left : 1.92%;}}@media only screen and (max-width:640px) {.fusion-body .fusion-builder-column-0{width:100% !important;}.fusion-builder-column-0 > .fusion-column-wrapper {margin-right : 1.92%;margin-left : 1.92%;}}<\/style><\/div><\/div><style type=\"text\/css\">.fusion-body .fusion-flex-container.fusion-builder-row-1{ padding-top : 0px;margin-top : 0px;padding-right : 0px;padding-bottom : 0px;margin-bottom : 0px;padding-left : 0px;}<\/style><\/div>\n","protected":false},"excerpt":{"rendered":"<p>En t\u00e9rminos de actividad, el n\u00famero de compraventas supera las 705.000 operaciones, con un crecimiento anual del 10,7% y el mayor volumen desde 2008. Solo en el cuarto trimestre se registraron 178.270 transacciones, el segundo mejor dato trimestral desde el tercer trimestre de 2007.<\/p>\n","protected":false},"author":3,"featured_media":55011,"comment_status":"closed","ping_status":"closed","sticky":false,"template":"","format":"standard","meta":{"_jetpack_memberships_contains_paid_content":false,"footnotes":"","jetpack_publicize_message":"","jetpack_publicize_feature_enabled":true,"jetpack_social_post_already_shared":true,"jetpack_social_options":{"image_generator_settings":{"template":"highway","default_image_id":0,"font":"","enabled":false},"version":2}},"categories":[100],"tags":[8277],"class_list":["post-54998","post","type-post","status-publish","format-standard","has-post-thumbnail","hentry","category-compraventa-de-viviendas","tag-newsletter-552"],"yoast_head":"<!-- This site is optimized with the Yoast SEO plugin v27.5 - https:\/\/yoast.com\/product\/yoast-seo-wordpress\/ -->\n<title>R\u00e9cord de precios de la vivienda en 2025 seg\u00fan los registradores<\/title>\n<meta name=\"description\" content=\"El precio medio de la vivienda se incrementa un 9,5% interanual, hasta los 2.354 euros por metro cuadrado, el m\u00e1s alto de la serie hist\u00f3rica\" \/>\n<meta name=\"robots\" content=\"index, follow, max-snippet:-1, max-image-preview:large, max-video-preview:-1\" \/>\n<link rel=\"canonical\" href=\"https:\/\/www.aquimicasa.net\/blog\/vivienda\/compraventa-de-viviendas\/record-de-precios-de-la-vivienda-en-2025-segun-los-registradores\/\" \/>\n<meta property=\"og:locale\" content=\"es_ES\" \/>\n<meta property=\"og:type\" content=\"article\" \/>\n<meta property=\"og:title\" content=\"R\u00e9cord de precios de la vivienda en 2025 seg\u00fan los registradores\" \/>\n<meta property=\"og:description\" content=\"El precio medio de la vivienda se incrementa un 9,5% interanual, hasta los 2.354 euros por metro cuadrado, el m\u00e1s alto de la serie hist\u00f3rica\" \/>\n<meta property=\"og:url\" content=\"https:\/\/www.aquimicasa.net\/blog\/vivienda\/compraventa-de-viviendas\/record-de-precios-de-la-vivienda-en-2025-segun-los-registradores\/\" \/>\n<meta property=\"og:site_name\" content=\"Blog de aquimicasa.net\" \/>\n<meta property=\"article:publisher\" content=\"https:\/\/www.facebook.com\/aquimicasa.net\" \/>\n<meta property=\"article:published_time\" content=\"2026-02-05T20:56:12+00:00\" \/>\n<meta property=\"og:image\" content=\"https:\/\/www.aquimicasa.net\/blog\/wp-content\/uploads\/registradores_0H0A8111-1-scaled-e1770324935386.jpg\" \/>\n\t<meta property=\"og:image:width\" content=\"600\" \/>\n\t<meta property=\"og:image:height\" content=\"315\" \/>\n\t<meta property=\"og:image:type\" content=\"image\/jpeg\" \/>\n<meta name=\"author\" content=\"Eduardo Lizarraga\" \/>\n<meta name=\"twitter:label1\" content=\"Escrito por\" \/>\n\t<meta name=\"twitter:data1\" content=\"Eduardo Lizarraga\" \/>\n\t<meta name=\"twitter:label2\" content=\"Tiempo de lectura\" \/>\n\t<meta name=\"twitter:data2\" content=\"9 minutos\" \/>\n<script type=\"application\/ld+json\" class=\"yoast-schema-graph\">{\"@context\":\"https:\\\/\\\/schema.org\",\"@graph\":[{\"@type\":\"Article\",\"@id\":\"https:\\\/\\\/www.aquimicasa.net\\\/blog\\\/vivienda\\\/compraventa-de-viviendas\\\/record-de-precios-de-la-vivienda-en-2025-segun-los-registradores\\\/#article\",\"isPartOf\":{\"@id\":\"https:\\\/\\\/www.aquimicasa.net\\\/blog\\\/vivienda\\\/compraventa-de-viviendas\\\/record-de-precios-de-la-vivienda-en-2025-segun-los-registradores\\\/\"},\"author\":{\"name\":\"Eduardo Lizarraga\",\"@id\":\"https:\\\/\\\/www.aquimicasa.net\\\/blog\\\/#\\\/schema\\\/person\\\/2cdfa2605534583395c8d7ce1d6cac14\"},\"headline\":\"R\u00e9cord de precios de la vivienda en 2025 seg\u00fan los registradores\",\"datePublished\":\"2026-02-05T20:56:12+00:00\",\"mainEntityOfPage\":{\"@id\":\"https:\\\/\\\/www.aquimicasa.net\\\/blog\\\/vivienda\\\/compraventa-de-viviendas\\\/record-de-precios-de-la-vivienda-en-2025-segun-los-registradores\\\/\"},\"wordCount\":1219,\"publisher\":{\"@id\":\"https:\\\/\\\/www.aquimicasa.net\\\/blog\\\/#organization\"},\"image\":{\"@id\":\"https:\\\/\\\/www.aquimicasa.net\\\/blog\\\/vivienda\\\/compraventa-de-viviendas\\\/record-de-precios-de-la-vivienda-en-2025-segun-los-registradores\\\/#primaryimage\"},\"thumbnailUrl\":\"https:\\\/\\\/www.aquimicasa.net\\\/blog\\\/wp-content\\\/uploads\\\/registradores_0H0A8111-1-scaled-e1770324935386.jpg\",\"keywords\":[\"newsletter 552\"],\"articleSection\":[\"Compra Venta\"],\"inLanguage\":\"es\"},{\"@type\":\"WebPage\",\"@id\":\"https:\\\/\\\/www.aquimicasa.net\\\/blog\\\/vivienda\\\/compraventa-de-viviendas\\\/record-de-precios-de-la-vivienda-en-2025-segun-los-registradores\\\/\",\"url\":\"https:\\\/\\\/www.aquimicasa.net\\\/blog\\\/vivienda\\\/compraventa-de-viviendas\\\/record-de-precios-de-la-vivienda-en-2025-segun-los-registradores\\\/\",\"name\":\"R\u00e9cord de precios de la vivienda en 2025 seg\u00fan los registradores\",\"isPartOf\":{\"@id\":\"https:\\\/\\\/www.aquimicasa.net\\\/blog\\\/#website\"},\"primaryImageOfPage\":{\"@id\":\"https:\\\/\\\/www.aquimicasa.net\\\/blog\\\/vivienda\\\/compraventa-de-viviendas\\\/record-de-precios-de-la-vivienda-en-2025-segun-los-registradores\\\/#primaryimage\"},\"image\":{\"@id\":\"https:\\\/\\\/www.aquimicasa.net\\\/blog\\\/vivienda\\\/compraventa-de-viviendas\\\/record-de-precios-de-la-vivienda-en-2025-segun-los-registradores\\\/#primaryimage\"},\"thumbnailUrl\":\"https:\\\/\\\/www.aquimicasa.net\\\/blog\\\/wp-content\\\/uploads\\\/registradores_0H0A8111-1-scaled-e1770324935386.jpg\",\"datePublished\":\"2026-02-05T20:56:12+00:00\",\"description\":\"El precio medio de la vivienda se incrementa un 9,5% interanual, hasta los 2.354 euros por metro cuadrado, el m\u00e1s alto de la serie hist\u00f3rica\",\"breadcrumb\":{\"@id\":\"https:\\\/\\\/www.aquimicasa.net\\\/blog\\\/vivienda\\\/compraventa-de-viviendas\\\/record-de-precios-de-la-vivienda-en-2025-segun-los-registradores\\\/#breadcrumb\"},\"inLanguage\":\"es\",\"potentialAction\":[{\"@type\":\"ReadAction\",\"target\":[\"https:\\\/\\\/www.aquimicasa.net\\\/blog\\\/vivienda\\\/compraventa-de-viviendas\\\/record-de-precios-de-la-vivienda-en-2025-segun-los-registradores\\\/\"]}]},{\"@type\":\"ImageObject\",\"inLanguage\":\"es\",\"@id\":\"https:\\\/\\\/www.aquimicasa.net\\\/blog\\\/vivienda\\\/compraventa-de-viviendas\\\/record-de-precios-de-la-vivienda-en-2025-segun-los-registradores\\\/#primaryimage\",\"url\":\"https:\\\/\\\/www.aquimicasa.net\\\/blog\\\/wp-content\\\/uploads\\\/registradores_0H0A8111-1-scaled-e1770324935386.jpg\",\"contentUrl\":\"https:\\\/\\\/www.aquimicasa.net\\\/blog\\\/wp-content\\\/uploads\\\/registradores_0H0A8111-1-scaled-e1770324935386.jpg\",\"width\":600,\"height\":315,\"caption\":\"Los Registradores advierten por la incontenible subida de precios\"},{\"@type\":\"BreadcrumbList\",\"@id\":\"https:\\\/\\\/www.aquimicasa.net\\\/blog\\\/vivienda\\\/compraventa-de-viviendas\\\/record-de-precios-de-la-vivienda-en-2025-segun-los-registradores\\\/#breadcrumb\",\"itemListElement\":[{\"@type\":\"ListItem\",\"position\":1,\"name\":\"Portada\",\"item\":\"https:\\\/\\\/www.aquimicasa.net\\\/blog\\\/\"},{\"@type\":\"ListItem\",\"position\":2,\"name\":\"R\u00e9cord de precios de la vivienda en 2025 seg\u00fan los registradores\"}]},{\"@type\":\"WebSite\",\"@id\":\"https:\\\/\\\/www.aquimicasa.net\\\/blog\\\/#website\",\"url\":\"https:\\\/\\\/www.aquimicasa.net\\\/blog\\\/\",\"name\":\"Blog de aquimicasa.net\",\"description\":\"Noticias del Mundo Inmobiliario\",\"publisher\":{\"@id\":\"https:\\\/\\\/www.aquimicasa.net\\\/blog\\\/#organization\"},\"potentialAction\":[{\"@type\":\"SearchAction\",\"target\":{\"@type\":\"EntryPoint\",\"urlTemplate\":\"https:\\\/\\\/www.aquimicasa.net\\\/blog\\\/?s={search_term_string}\"},\"query-input\":{\"@type\":\"PropertyValueSpecification\",\"valueRequired\":true,\"valueName\":\"search_term_string\"}}],\"inLanguage\":\"es\"},{\"@type\":\"Organization\",\"@id\":\"https:\\\/\\\/www.aquimicasa.net\\\/blog\\\/#organization\",\"name\":\"Blog de aquimicasa.net\",\"url\":\"https:\\\/\\\/www.aquimicasa.net\\\/blog\\\/\",\"logo\":{\"@type\":\"ImageObject\",\"inLanguage\":\"es\",\"@id\":\"https:\\\/\\\/www.aquimicasa.net\\\/blog\\\/#\\\/schema\\\/logo\\\/image\\\/\",\"url\":\"https:\\\/\\\/www.aquimicasa.net\\\/blog\\\/wp-content\\\/uploads\\\/Logo-aquimicasa-1-e1528048213782.png\",\"contentUrl\":\"https:\\\/\\\/www.aquimicasa.net\\\/blog\\\/wp-content\\\/uploads\\\/Logo-aquimicasa-1-e1528048213782.png\",\"width\":225,\"height\":225,\"caption\":\"Blog de aquimicasa.net\"},\"image\":{\"@id\":\"https:\\\/\\\/www.aquimicasa.net\\\/blog\\\/#\\\/schema\\\/logo\\\/image\\\/\"},\"sameAs\":[\"https:\\\/\\\/www.facebook.com\\\/aquimicasa.net\",\"https:\\\/\\\/www.instagram.com\\\/\",\"https:\\\/\\\/x.com\\\/EduLizarragaD\",\"https:\\\/\\\/www.linkedin.com\\\/feed\\\/\"]},{\"@type\":\"Person\",\"@id\":\"https:\\\/\\\/www.aquimicasa.net\\\/blog\\\/#\\\/schema\\\/person\\\/2cdfa2605534583395c8d7ce1d6cac14\",\"name\":\"Eduardo Lizarraga\",\"image\":{\"@type\":\"ImageObject\",\"inLanguage\":\"es\",\"@id\":\"https:\\\/\\\/secure.gravatar.com\\\/avatar\\\/bdabe1eeeed97b65a9cb7de2edd624b07995f7e13abc5fead15961f745f908cc?s=96&d=mm&r=g\",\"url\":\"https:\\\/\\\/secure.gravatar.com\\\/avatar\\\/bdabe1eeeed97b65a9cb7de2edd624b07995f7e13abc5fead15961f745f908cc?s=96&d=mm&r=g\",\"contentUrl\":\"https:\\\/\\\/secure.gravatar.com\\\/avatar\\\/bdabe1eeeed97b65a9cb7de2edd624b07995f7e13abc5fead15961f745f908cc?s=96&d=mm&r=g\",\"caption\":\"Eduardo Lizarraga\"},\"description\":\"Periodista Econ\u00f3mico. Ha trabajado en diversos campos de la informaci\u00f3n. Corresponsal en conflictos, analista pol\u00edtico en Congreso y Senado, periodista del medio ambiente, editor, director editorial, director de comunicaci\u00f3n.... En estos momentos se ha especializado en el sector inmobiliario. Pero tambi\u00e9n es navegante y viajero, preocupado por la pobreza, el medio ambiente y por las actuaciones descontroladas del neoliberalismo empresarial y pol\u00edtico en todo el mundo. Los desahucios, la pobreza infantil y la falta de acceso a los suministros b\u00e1sicos son algunos de los grandes dramas de nuestra sociedad y que es preciso solucionar para hacerla m\u00e1s justa. CEO en www.aquimicasa.net\",\"sameAs\":[\"https:\\\/\\\/www.aquimicasa.net\\\/\"],\"url\":\"https:\\\/\\\/www.aquimicasa.net\\\/blog\\\/author\\\/eduardo\\\/\"}]}<\/script>\n<!-- \/ Yoast SEO plugin. -->","yoast_head_json":{"title":"R\u00e9cord de precios de la vivienda en 2025 seg\u00fan los registradores","description":"El precio medio de la vivienda se incrementa un 9,5% interanual, hasta los 2.354 euros por metro cuadrado, el m\u00e1s alto de la serie hist\u00f3rica","robots":{"index":"index","follow":"follow","max-snippet":"max-snippet:-1","max-image-preview":"max-image-preview:large","max-video-preview":"max-video-preview:-1"},"canonical":"https:\/\/www.aquimicasa.net\/blog\/vivienda\/compraventa-de-viviendas\/record-de-precios-de-la-vivienda-en-2025-segun-los-registradores\/","og_locale":"es_ES","og_type":"article","og_title":"R\u00e9cord de precios de la vivienda en 2025 seg\u00fan los registradores","og_description":"El precio medio de la vivienda se incrementa un 9,5% interanual, hasta los 2.354 euros por metro cuadrado, el m\u00e1s alto de la serie hist\u00f3rica","og_url":"https:\/\/www.aquimicasa.net\/blog\/vivienda\/compraventa-de-viviendas\/record-de-precios-de-la-vivienda-en-2025-segun-los-registradores\/","og_site_name":"Blog de aquimicasa.net","article_publisher":"https:\/\/www.facebook.com\/aquimicasa.net","article_published_time":"2026-02-05T20:56:12+00:00","og_image":[{"width":600,"height":315,"url":"https:\/\/www.aquimicasa.net\/blog\/wp-content\/uploads\/registradores_0H0A8111-1-scaled-e1770324935386.jpg","type":"image\/jpeg"}],"author":"Eduardo Lizarraga","twitter_misc":{"Escrito por":"Eduardo Lizarraga","Tiempo de lectura":"9 minutos"},"schema":{"@context":"https:\/\/schema.org","@graph":[{"@type":"Article","@id":"https:\/\/www.aquimicasa.net\/blog\/vivienda\/compraventa-de-viviendas\/record-de-precios-de-la-vivienda-en-2025-segun-los-registradores\/#article","isPartOf":{"@id":"https:\/\/www.aquimicasa.net\/blog\/vivienda\/compraventa-de-viviendas\/record-de-precios-de-la-vivienda-en-2025-segun-los-registradores\/"},"author":{"name":"Eduardo Lizarraga","@id":"https:\/\/www.aquimicasa.net\/blog\/#\/schema\/person\/2cdfa2605534583395c8d7ce1d6cac14"},"headline":"R\u00e9cord de precios de la vivienda en 2025 seg\u00fan los registradores","datePublished":"2026-02-05T20:56:12+00:00","mainEntityOfPage":{"@id":"https:\/\/www.aquimicasa.net\/blog\/vivienda\/compraventa-de-viviendas\/record-de-precios-de-la-vivienda-en-2025-segun-los-registradores\/"},"wordCount":1219,"publisher":{"@id":"https:\/\/www.aquimicasa.net\/blog\/#organization"},"image":{"@id":"https:\/\/www.aquimicasa.net\/blog\/vivienda\/compraventa-de-viviendas\/record-de-precios-de-la-vivienda-en-2025-segun-los-registradores\/#primaryimage"},"thumbnailUrl":"https:\/\/www.aquimicasa.net\/blog\/wp-content\/uploads\/registradores_0H0A8111-1-scaled-e1770324935386.jpg","keywords":["newsletter 552"],"articleSection":["Compra Venta"],"inLanguage":"es"},{"@type":"WebPage","@id":"https:\/\/www.aquimicasa.net\/blog\/vivienda\/compraventa-de-viviendas\/record-de-precios-de-la-vivienda-en-2025-segun-los-registradores\/","url":"https:\/\/www.aquimicasa.net\/blog\/vivienda\/compraventa-de-viviendas\/record-de-precios-de-la-vivienda-en-2025-segun-los-registradores\/","name":"R\u00e9cord de precios de la vivienda en 2025 seg\u00fan los registradores","isPartOf":{"@id":"https:\/\/www.aquimicasa.net\/blog\/#website"},"primaryImageOfPage":{"@id":"https:\/\/www.aquimicasa.net\/blog\/vivienda\/compraventa-de-viviendas\/record-de-precios-de-la-vivienda-en-2025-segun-los-registradores\/#primaryimage"},"image":{"@id":"https:\/\/www.aquimicasa.net\/blog\/vivienda\/compraventa-de-viviendas\/record-de-precios-de-la-vivienda-en-2025-segun-los-registradores\/#primaryimage"},"thumbnailUrl":"https:\/\/www.aquimicasa.net\/blog\/wp-content\/uploads\/registradores_0H0A8111-1-scaled-e1770324935386.jpg","datePublished":"2026-02-05T20:56:12+00:00","description":"El precio medio de la vivienda se incrementa un 9,5% interanual, hasta los 2.354 euros por metro cuadrado, el m\u00e1s alto de la serie hist\u00f3rica","breadcrumb":{"@id":"https:\/\/www.aquimicasa.net\/blog\/vivienda\/compraventa-de-viviendas\/record-de-precios-de-la-vivienda-en-2025-segun-los-registradores\/#breadcrumb"},"inLanguage":"es","potentialAction":[{"@type":"ReadAction","target":["https:\/\/www.aquimicasa.net\/blog\/vivienda\/compraventa-de-viviendas\/record-de-precios-de-la-vivienda-en-2025-segun-los-registradores\/"]}]},{"@type":"ImageObject","inLanguage":"es","@id":"https:\/\/www.aquimicasa.net\/blog\/vivienda\/compraventa-de-viviendas\/record-de-precios-de-la-vivienda-en-2025-segun-los-registradores\/#primaryimage","url":"https:\/\/www.aquimicasa.net\/blog\/wp-content\/uploads\/registradores_0H0A8111-1-scaled-e1770324935386.jpg","contentUrl":"https:\/\/www.aquimicasa.net\/blog\/wp-content\/uploads\/registradores_0H0A8111-1-scaled-e1770324935386.jpg","width":600,"height":315,"caption":"Los Registradores advierten por la incontenible subida de precios"},{"@type":"BreadcrumbList","@id":"https:\/\/www.aquimicasa.net\/blog\/vivienda\/compraventa-de-viviendas\/record-de-precios-de-la-vivienda-en-2025-segun-los-registradores\/#breadcrumb","itemListElement":[{"@type":"ListItem","position":1,"name":"Portada","item":"https:\/\/www.aquimicasa.net\/blog\/"},{"@type":"ListItem","position":2,"name":"R\u00e9cord de precios de la vivienda en 2025 seg\u00fan los registradores"}]},{"@type":"WebSite","@id":"https:\/\/www.aquimicasa.net\/blog\/#website","url":"https:\/\/www.aquimicasa.net\/blog\/","name":"Blog de aquimicasa.net","description":"Noticias del Mundo Inmobiliario","publisher":{"@id":"https:\/\/www.aquimicasa.net\/blog\/#organization"},"potentialAction":[{"@type":"SearchAction","target":{"@type":"EntryPoint","urlTemplate":"https:\/\/www.aquimicasa.net\/blog\/?s={search_term_string}"},"query-input":{"@type":"PropertyValueSpecification","valueRequired":true,"valueName":"search_term_string"}}],"inLanguage":"es"},{"@type":"Organization","@id":"https:\/\/www.aquimicasa.net\/blog\/#organization","name":"Blog de aquimicasa.net","url":"https:\/\/www.aquimicasa.net\/blog\/","logo":{"@type":"ImageObject","inLanguage":"es","@id":"https:\/\/www.aquimicasa.net\/blog\/#\/schema\/logo\/image\/","url":"https:\/\/www.aquimicasa.net\/blog\/wp-content\/uploads\/Logo-aquimicasa-1-e1528048213782.png","contentUrl":"https:\/\/www.aquimicasa.net\/blog\/wp-content\/uploads\/Logo-aquimicasa-1-e1528048213782.png","width":225,"height":225,"caption":"Blog de aquimicasa.net"},"image":{"@id":"https:\/\/www.aquimicasa.net\/blog\/#\/schema\/logo\/image\/"},"sameAs":["https:\/\/www.facebook.com\/aquimicasa.net","https:\/\/www.instagram.com\/","https:\/\/x.com\/EduLizarragaD","https:\/\/www.linkedin.com\/feed\/"]},{"@type":"Person","@id":"https:\/\/www.aquimicasa.net\/blog\/#\/schema\/person\/2cdfa2605534583395c8d7ce1d6cac14","name":"Eduardo Lizarraga","image":{"@type":"ImageObject","inLanguage":"es","@id":"https:\/\/secure.gravatar.com\/avatar\/bdabe1eeeed97b65a9cb7de2edd624b07995f7e13abc5fead15961f745f908cc?s=96&d=mm&r=g","url":"https:\/\/secure.gravatar.com\/avatar\/bdabe1eeeed97b65a9cb7de2edd624b07995f7e13abc5fead15961f745f908cc?s=96&d=mm&r=g","contentUrl":"https:\/\/secure.gravatar.com\/avatar\/bdabe1eeeed97b65a9cb7de2edd624b07995f7e13abc5fead15961f745f908cc?s=96&d=mm&r=g","caption":"Eduardo Lizarraga"},"description":"Periodista Econ\u00f3mico. Ha trabajado en diversos campos de la informaci\u00f3n. Corresponsal en conflictos, analista pol\u00edtico en Congreso y Senado, periodista del medio ambiente, editor, director editorial, director de comunicaci\u00f3n.... En estos momentos se ha especializado en el sector inmobiliario. Pero tambi\u00e9n es navegante y viajero, preocupado por la pobreza, el medio ambiente y por las actuaciones descontroladas del neoliberalismo empresarial y pol\u00edtico en todo el mundo. Los desahucios, la pobreza infantil y la falta de acceso a los suministros b\u00e1sicos son algunos de los grandes dramas de nuestra sociedad y que es preciso solucionar para hacerla m\u00e1s justa. CEO en www.aquimicasa.net","sameAs":["https:\/\/www.aquimicasa.net\/"],"url":"https:\/\/www.aquimicasa.net\/blog\/author\/eduardo\/"}]}},"jetpack_publicize_connections":[],"jetpack_featured_media_url":"https:\/\/www.aquimicasa.net\/blog\/wp-content\/uploads\/registradores_0H0A8111-1-scaled-e1770324935386.jpg","jetpack_sharing_enabled":true,"jetpack_likes_enabled":true,"_links":{"self":[{"href":"https:\/\/www.aquimicasa.net\/blog\/wp-json\/wp\/v2\/posts\/54998","targetHints":{"allow":["GET"]}}],"collection":[{"href":"https:\/\/www.aquimicasa.net\/blog\/wp-json\/wp\/v2\/posts"}],"about":[{"href":"https:\/\/www.aquimicasa.net\/blog\/wp-json\/wp\/v2\/types\/post"}],"author":[{"embeddable":true,"href":"https:\/\/www.aquimicasa.net\/blog\/wp-json\/wp\/v2\/users\/3"}],"replies":[{"embeddable":true,"href":"https:\/\/www.aquimicasa.net\/blog\/wp-json\/wp\/v2\/comments?post=54998"}],"version-history":[{"count":3,"href":"https:\/\/www.aquimicasa.net\/blog\/wp-json\/wp\/v2\/posts\/54998\/revisions"}],"predecessor-version":[{"id":55012,"href":"https:\/\/www.aquimicasa.net\/blog\/wp-json\/wp\/v2\/posts\/54998\/revisions\/55012"}],"wp:featuredmedia":[{"embeddable":true,"href":"https:\/\/www.aquimicasa.net\/blog\/wp-json\/wp\/v2\/media\/55011"}],"wp:attachment":[{"href":"https:\/\/www.aquimicasa.net\/blog\/wp-json\/wp\/v2\/media?parent=54998"}],"wp:term":[{"taxonomy":"category","embeddable":true,"href":"https:\/\/www.aquimicasa.net\/blog\/wp-json\/wp\/v2\/categories?post=54998"},{"taxonomy":"post_tag","embeddable":true,"href":"https:\/\/www.aquimicasa.net\/blog\/wp-json\/wp\/v2\/tags?post=54998"}],"curies":[{"name":"wp","href":"https:\/\/api.w.org\/{rel}","templated":true}]}}