{"id":55013,"date":"2026-02-10T21:22:22","date_gmt":"2026-02-10T20:22:22","guid":{"rendered":"https:\/\/www.aquimicasa.net\/blog\/?p=55013"},"modified":"2026-02-10T21:24:48","modified_gmt":"2026-02-10T20:24:48","slug":"nuevas-facilidades-para-el-cambio-de-uso-que-tal-vez-no-conocias","status":"publish","type":"post","link":"https:\/\/www.aquimicasa.net\/blog\/vivienda\/compraventa-de-viviendas\/nuevas-facilidades-para-el-cambio-de-uso-que-tal-vez-no-conocias\/","title":{"rendered":"Nuevas facilidades para el cambio de uso que tal vez no conoc\u00edas"},"content":{"rendered":"<div class=\"fusion-fullwidth fullwidth-box fusion-builder-row-1 fusion-flex-container nonhundred-percent-fullwidth non-hundred-percent-height-scrolling\" style=\"background-color: rgba(255,255,255,0);background-position: center center;background-repeat: no-repeat;border-width: 0px 0px 0px 0px;border-color:#eae9e9;border-style:solid;\" ><div class=\"fusion-builder-row fusion-row fusion-flex-align-items-flex-start\" style=\"max-width:1144px;margin-left: calc(-4% \/ 2 );margin-right: calc(-4% \/ 2 );\"><div class=\"fusion-layout-column fusion_builder_column fusion-builder-column-0 fusion_builder_column_1_1 1_1 fusion-flex-column\"><div class=\"fusion-column-wrapper fusion-flex-justify-content-flex-start fusion-content-layout-column\" style=\"background-position:left top;background-repeat:no-repeat;-webkit-background-size:cover;-moz-background-size:cover;-o-background-size:cover;background-size:cover;padding: 0px 0px 0px 0px;\"><div class=\"fusion-text fusion-text-1\"><p data-start=\"69\" data-end=\"1039\">El cambio de uso de locales, oficinas y naves a vivienda ha dejado de ser una pr\u00e1ctica marginal para convertirse en una <strong data-start=\"189\" data-end=\"249\">pieza estrat\u00e9gica dentro del mercado residencial espa\u00f1ol<\/strong>. En un contexto marcado por la falta de oferta, el encarecimiento del alquiler y la presi\u00f3n sobre la vivienda nueva, las recientes aclaraciones fiscales y doctrinales suponen un giro relevante. La consulta vinculante V1621-25 y la doctrina del Tribunal Supremo han abierto la puerta a <strong data-start=\"535\" data-end=\"603\">nuevas facilidades para el cambio de uso que tal vez no conoc\u00edas<\/strong>, aportando seguridad jur\u00eddica a promotores, inversores y peque\u00f1os propietarios que buscan transformar espacios infrautilizados en viviendas habitables. Este movimiento no es ajeno a la problem\u00e1tica estructural del mercado: mientras el parque p\u00fablico sigue siendo insuficiente y la obra nueva no cubre la demanda, <strong data-start=\"917\" data-end=\"982\">centenares de miles de locales y oficinas permanecen cerrados<\/strong>, sin aportar soluci\u00f3n alguna a la crisis habitacional.<\/p>\n<h2 data-start=\"1040\" data-end=\"1125\"><strong>Ya no se exige disponer de c\u00e9dula de habitabilidad para aplicar el tipo reducido<\/strong><\/h2>\n<p data-start=\"1126\" data-end=\"1781\">Uno de los cambios m\u00e1s relevantes es que <strong data-start=\"1167\" data-end=\"1298\">ya no se exige disponer de c\u00e9dula de habitabilidad o licencia de primera ocupaci\u00f3n para aplicar el tipo reducido del 10% de IVA<\/strong>, siempre que el inmueble sea objetivamente apto para uso residencial. Lo determinante pasa a ser la aptitud t\u00e9cnica del inmueble, acreditable mediante proyecto, informes y cumplimiento normativo. Este matiz no es menor: elimina un cuello de botella administrativo y facilita operaciones que, hasta ahora, quedaban bloqueadas por la rigidez formal. En un mercado tensionado, cada vivienda que pueda incorporarse con mayor agilidad supone aliviar presi\u00f3n sobre precios y alquileres.<\/p>\n<h2 data-start=\"1782\" data-end=\"1841\"><strong>La deducibilidad del IVA y otras cuestiones impositivas<\/strong><\/h2>\n<p data-start=\"1842\" data-end=\"2673\">La fiscalidad sigue siendo el eje central del cambio de uso. Para que la transmisi\u00f3n tribute como primera entrega sujeta y no exenta de IVA es necesario que las obras tengan la consideraci\u00f3n de <strong data-start=\"2036\" data-end=\"2054\">rehabilitaci\u00f3n<\/strong> conforme al art\u00edculo 20.Uno.22\u00ba de la Ley del IVA. Esto exige que m\u00e1s del 50% del coste se destine a elementos estructurales y que el importe total supere el 25% del valor del edificio excluido el suelo. Si no se cumplen estos requisitos, la entrega ser\u00e1 segunda transmisi\u00f3n y quedar\u00e1 exenta, con el consiguiente impacto en la <strong data-start=\"2382\" data-end=\"2417\">deducibilidad del IVA soportado<\/strong>. Esta diferencia fiscal puede determinar la rentabilidad de la operaci\u00f3n y exige planificaci\u00f3n desde el inicio. Adem\u00e1s, cuando concurren operaciones sujetas y exentas, entra en juego la regla de prorrata, lo que obliga a un an\u00e1lisis impositivo riguroso.<\/p>\n<h2 data-start=\"1842\" data-end=\"2673\"><strong>La inversi\u00f3n del sujeto pasivo a efectos del IVA<\/strong><\/h2>\n<p data-start=\"1842\" data-end=\"2673\">En este contexto fiscal cobra especial relevancia la <strong data-start=\"53\" data-end=\"146\">inversi\u00f3n del sujeto pasivo en obras de transformaci\u00f3n y rehabilitaci\u00f3n a efectos del IVA<\/strong>, (un mecanismo previsto en el art\u00edculo 84.1.2\u00ba.f) de la Ley del IVA que altera qui\u00e9n debe ingresar el impuesto. Cuando se cumplen los requisitos legales \u2014esto es, que el destinatario act\u00fae como empresario o profesional, que exista una ejecuci\u00f3n de obra y que la actuaci\u00f3n tenga la consideraci\u00f3n de construcci\u00f3n o rehabilitaci\u00f3n\u2014 no es el contratista quien repercute el IVA en factura, sino el propio promotor quien debe autorrepercut\u00edrselo e ingresarlo mediante la correspondiente autoliquidaci\u00f3n. Este sistema evita tensiones de tesorer\u00eda y reduce riesgos de fraude, pero exige una calificaci\u00f3n t\u00e9cnica precisa de las obras. Si la actuaci\u00f3n no alcanza la condici\u00f3n de rehabilitaci\u00f3n en los t\u00e9rminos exigidos por la ley \u2014superaci\u00f3n del 50% en elementos estructurales y del 25% del valor del edificio\u2014, la inversi\u00f3n del sujeto pasivo no resulta aplicable, y el tratamiento cambia radicalmente. De ah\u00ed que la correcta planificaci\u00f3n contractual y documental desde el inicio del proyecto sea determinante para garantizar seguridad jur\u00eddica y optimizar la carga fiscal de la operaci\u00f3n.<\/p>\n<h2 data-start=\"2674\" data-end=\"2758\"><strong>Centenares de miles de locales, oficinas o naves susceptibles de cambiar de uso<\/strong><\/h2>\n<p data-start=\"2759\" data-end=\"3386\">Espa\u00f1a acumula un stock significativo de locales vac\u00edos, oficinas obsoletas y naves infrautilizadas. La digitalizaci\u00f3n del comercio y el teletrabajo han acelerado esta realidad. Convertir estos espacios en vivienda no solo es una oportunidad de negocio, sino una respuesta directa a la escasez residencial. <strong data-start=\"3066\" data-end=\"3124\">Centenares de miles de inmuebles podr\u00edan reconvertirse<\/strong>, especialmente en \u00e1reas urbanas consolidadas donde la demanda es intensa y el suelo disponible escaso. Esta v\u00eda permite generar oferta sin consumir nuevo suelo y complementa la limitada capacidad de la obra p\u00fablica para ampliar el parque social a corto plazo.<\/p>\n<h2 data-start=\"3387\" data-end=\"3451\"><strong>Los ayuntamientos deber\u00e1n pasar a una actitud m\u00e1s favorables<\/strong><\/h2>\n<p data-start=\"3452\" data-end=\"4122\">La normativa urban\u00edstica municipal sigue siendo un factor determinante. Mientras algunos ayuntamientos han entendido que facilitar el cambio de uso es una herramienta eficaz para aumentar vivienda, otros mantienen criterios restrictivos que ralentizan proyectos viables. En plena crisis de acceso a la vivienda, <strong data-start=\"3764\" data-end=\"3835\">una actitud m\u00e1s favorable por parte de las administraciones locales<\/strong> puede marcar la diferencia entre sumar oferta o perpetuar la escasez. El debate conecta directamente con el papel de la obra p\u00fablica: sin suelo suficiente y con ritmos de promoci\u00f3n p\u00fablica limitados, la colaboraci\u00f3n indirecta mediante flexibilizaci\u00f3n normativa resulta imprescindible.<\/p>\n<h2 data-start=\"4123\" data-end=\"4184\"><strong>Caladeros de vivienda y tambi\u00e9n de captaci\u00f3n inmobiliaria<\/strong><\/h2>\n<p data-start=\"4185\" data-end=\"4686\">El cambio de uso no solo genera nuevas viviendas; tambi\u00e9n abre oportunidades en la captaci\u00f3n inmobiliaria. Para agencias y profesionales, identificar locales con potencial de reconversi\u00f3n se ha convertido en una v\u00eda de negocio creciente. Estos activos, tradicionalmente dif\u00edciles de vender, adquieren una nueva dimensi\u00f3n cuando se analizan bajo la \u00f3ptica residencial. En un mercado competitivo, <strong data-start=\"4580\" data-end=\"4644\">la anticipaci\u00f3n y la detecci\u00f3n de oportunidades urban\u00edsticas<\/strong> pueden suponer una ventaja estrat\u00e9gica.<\/p>\n<h2 data-start=\"4687\" data-end=\"4737\"><strong>El asesoramiento del profesional inmobiliario<\/strong><\/h2>\n<p data-start=\"4738\" data-end=\"5686\" data-is-last-node=\"\" data-is-only-node=\"\">En este nuevo escenario, el asesoramiento especializado es clave. El cambio de uso implica an\u00e1lisis urban\u00edstico, t\u00e9cnico, fiscal y registral. Un error en la calificaci\u00f3n de las obras o en la interpretaci\u00f3n normativa puede alterar por completo la tributaci\u00f3n o bloquear la operaci\u00f3n. Por ello, el papel del profesional inmobiliario se refuerza como garante de viabilidad y seguridad jur\u00eddica. En un mercado donde la falta de vivienda es estructural y la obra p\u00fablica avanza a ritmos insuficientes, <strong data-start=\"5235\" data-end=\"5364\">las nuevas facilidades fiscales y doctrinales para el cambio de uso se perfilan como una herramienta real para ampliar oferta<\/strong>, dinamizar activos infrautilizados y contribuir, aunque sea parcialmente, a aliviar la tensi\u00f3n que soportan compraventas, alquileres y financiaci\u00f3n hipotecaria. La cuesti\u00f3n ahora no es si el cambio de uso es posible, sino si las administraciones estar\u00e1n dispuestas a convertir esta v\u00eda en una pol\u00edtica activa de vivienda.<\/p>\n<\/div><\/div><style type=\"text\/css\">.fusion-body .fusion-builder-column-0{width:100% !important;margin-top : 0px;margin-bottom : 0px;}.fusion-builder-column-0 > .fusion-column-wrapper {padding-top : 0px !important;padding-right : 0px !important;margin-right : 1.92%;padding-bottom : 0px !important;padding-left : 0px !important;margin-left : 1.92%;}@media only screen and (max-width:1024px) {.fusion-body .fusion-builder-column-0{width:100% !important;}.fusion-builder-column-0 > .fusion-column-wrapper {margin-right : 1.92%;margin-left : 1.92%;}}@media only screen and (max-width:640px) {.fusion-body .fusion-builder-column-0{width:100% !important;}.fusion-builder-column-0 > .fusion-column-wrapper {margin-right : 1.92%;margin-left : 1.92%;}}<\/style><\/div><\/div><style type=\"text\/css\">.fusion-body .fusion-flex-container.fusion-builder-row-1{ padding-top : 0px;margin-top : 0px;padding-right : 0px;padding-bottom : 0px;margin-bottom : 0px;padding-left : 0px;}<\/style><\/div>\n","protected":false},"excerpt":{"rendered":"<p>El cambio de uso implica an\u00e1lisis urban\u00edstico, t\u00e9cnico, fiscal y registral. Un error en la calificaci\u00f3n de las obras o en la interpretaci\u00f3n normativa puede alterar por completo la tributaci\u00f3n o bloquear la operaci\u00f3n. Por ello, el papel del profesional inmobiliario se refuerza como garante de viabilidad y seguridad jur\u00eddica<\/p>\n","protected":false},"author":3,"featured_media":53907,"comment_status":"closed","ping_status":"closed","sticky":false,"template":"","format":"standard","meta":{"_jetpack_memberships_contains_paid_content":false,"footnotes":"","jetpack_publicize_message":"","jetpack_publicize_feature_enabled":true,"jetpack_social_post_already_shared":true,"jetpack_social_options":{"image_generator_settings":{"template":"highway","default_image_id":0,"font":"","enabled":false},"version":2}},"categories":[100],"tags":[8277],"class_list":["post-55013","post","type-post","status-publish","format-standard","has-post-thumbnail","hentry","category-compraventa-de-viviendas","tag-newsletter-552"],"yoast_head":"<!-- This site is optimized with the Yoast SEO plugin v27.5 - https:\/\/yoast.com\/product\/yoast-seo-wordpress\/ -->\n<title>Nuevas facilidades para el cambio de uso que tal vez no conoc\u00edas<\/title>\n<meta name=\"description\" content=\"Ya no se exige disponer de c\u00e9dula de habitabilidad o licencia de primera ocupaci\u00f3n para aplicar el tipo reducido del 10% de IVA,\" \/>\n<meta name=\"robots\" content=\"index, follow, max-snippet:-1, max-image-preview:large, max-video-preview:-1\" \/>\n<link rel=\"canonical\" href=\"https:\/\/www.aquimicasa.net\/blog\/vivienda\/compraventa-de-viviendas\/nuevas-facilidades-para-el-cambio-de-uso-que-tal-vez-no-conocias\/\" \/>\n<meta property=\"og:locale\" content=\"es_ES\" \/>\n<meta property=\"og:type\" content=\"article\" \/>\n<meta property=\"og:title\" content=\"Nuevas facilidades para el cambio de uso que tal vez no conoc\u00edas\" \/>\n<meta property=\"og:description\" content=\"Ya no se exige disponer de c\u00e9dula de habitabilidad o licencia de primera ocupaci\u00f3n para aplicar el tipo reducido del 10% de IVA,\" \/>\n<meta property=\"og:url\" content=\"https:\/\/www.aquimicasa.net\/blog\/vivienda\/compraventa-de-viviendas\/nuevas-facilidades-para-el-cambio-de-uso-que-tal-vez-no-conocias\/\" \/>\n<meta property=\"og:site_name\" content=\"Blog de aquimicasa.net\" \/>\n<meta property=\"article:publisher\" content=\"https:\/\/www.facebook.com\/aquimicasa.net\" \/>\n<meta property=\"article:published_time\" content=\"2026-02-10T20:22:22+00:00\" \/>\n<meta property=\"article:modified_time\" content=\"2026-02-10T20:24:48+00:00\" \/>\n<meta property=\"og:image\" content=\"https:\/\/www.aquimicasa.net\/blog\/wp-content\/uploads\/locales-comerciales-cerrados1-1-e1762547141500.jpg\" \/>\n\t<meta property=\"og:image:width\" content=\"600\" \/>\n\t<meta property=\"og:image:height\" content=\"342\" \/>\n\t<meta property=\"og:image:type\" content=\"image\/jpeg\" \/>\n<meta name=\"author\" content=\"Eduardo Lizarraga\" \/>\n<meta name=\"twitter:label1\" content=\"Escrito por\" \/>\n\t<meta name=\"twitter:data1\" content=\"Eduardo Lizarraga\" \/>\n\t<meta name=\"twitter:label2\" content=\"Tiempo de lectura\" \/>\n\t<meta name=\"twitter:data2\" content=\"6 minutos\" \/>\n<script type=\"application\/ld+json\" class=\"yoast-schema-graph\">{\"@context\":\"https:\\\/\\\/schema.org\",\"@graph\":[{\"@type\":\"Article\",\"@id\":\"https:\\\/\\\/www.aquimicasa.net\\\/blog\\\/vivienda\\\/compraventa-de-viviendas\\\/nuevas-facilidades-para-el-cambio-de-uso-que-tal-vez-no-conocias\\\/#article\",\"isPartOf\":{\"@id\":\"https:\\\/\\\/www.aquimicasa.net\\\/blog\\\/vivienda\\\/compraventa-de-viviendas\\\/nuevas-facilidades-para-el-cambio-de-uso-que-tal-vez-no-conocias\\\/\"},\"author\":{\"name\":\"Eduardo Lizarraga\",\"@id\":\"https:\\\/\\\/www.aquimicasa.net\\\/blog\\\/#\\\/schema\\\/person\\\/2cdfa2605534583395c8d7ce1d6cac14\"},\"headline\":\"Nuevas facilidades para el cambio de uso que tal vez no conoc\u00edas\",\"datePublished\":\"2026-02-10T20:22:22+00:00\",\"dateModified\":\"2026-02-10T20:24:48+00:00\",\"mainEntityOfPage\":{\"@id\":\"https:\\\/\\\/www.aquimicasa.net\\\/blog\\\/vivienda\\\/compraventa-de-viviendas\\\/nuevas-facilidades-para-el-cambio-de-uso-que-tal-vez-no-conocias\\\/\"},\"wordCount\":1373,\"publisher\":{\"@id\":\"https:\\\/\\\/www.aquimicasa.net\\\/blog\\\/#organization\"},\"image\":{\"@id\":\"https:\\\/\\\/www.aquimicasa.net\\\/blog\\\/vivienda\\\/compraventa-de-viviendas\\\/nuevas-facilidades-para-el-cambio-de-uso-que-tal-vez-no-conocias\\\/#primaryimage\"},\"thumbnailUrl\":\"https:\\\/\\\/www.aquimicasa.net\\\/blog\\\/wp-content\\\/uploads\\\/locales-comerciales-cerrados1-1-e1762547141500.jpg\",\"keywords\":[\"newsletter 552\"],\"articleSection\":[\"Compra Venta\"],\"inLanguage\":\"es\"},{\"@type\":\"WebPage\",\"@id\":\"https:\\\/\\\/www.aquimicasa.net\\\/blog\\\/vivienda\\\/compraventa-de-viviendas\\\/nuevas-facilidades-para-el-cambio-de-uso-que-tal-vez-no-conocias\\\/\",\"url\":\"https:\\\/\\\/www.aquimicasa.net\\\/blog\\\/vivienda\\\/compraventa-de-viviendas\\\/nuevas-facilidades-para-el-cambio-de-uso-que-tal-vez-no-conocias\\\/\",\"name\":\"Nuevas facilidades para el cambio de uso que tal vez no conoc\u00edas\",\"isPartOf\":{\"@id\":\"https:\\\/\\\/www.aquimicasa.net\\\/blog\\\/#website\"},\"primaryImageOfPage\":{\"@id\":\"https:\\\/\\\/www.aquimicasa.net\\\/blog\\\/vivienda\\\/compraventa-de-viviendas\\\/nuevas-facilidades-para-el-cambio-de-uso-que-tal-vez-no-conocias\\\/#primaryimage\"},\"image\":{\"@id\":\"https:\\\/\\\/www.aquimicasa.net\\\/blog\\\/vivienda\\\/compraventa-de-viviendas\\\/nuevas-facilidades-para-el-cambio-de-uso-que-tal-vez-no-conocias\\\/#primaryimage\"},\"thumbnailUrl\":\"https:\\\/\\\/www.aquimicasa.net\\\/blog\\\/wp-content\\\/uploads\\\/locales-comerciales-cerrados1-1-e1762547141500.jpg\",\"datePublished\":\"2026-02-10T20:22:22+00:00\",\"dateModified\":\"2026-02-10T20:24:48+00:00\",\"description\":\"Ya no se exige disponer de c\u00e9dula de habitabilidad o licencia de primera ocupaci\u00f3n para aplicar el tipo reducido del 10% de IVA,\",\"breadcrumb\":{\"@id\":\"https:\\\/\\\/www.aquimicasa.net\\\/blog\\\/vivienda\\\/compraventa-de-viviendas\\\/nuevas-facilidades-para-el-cambio-de-uso-que-tal-vez-no-conocias\\\/#breadcrumb\"},\"inLanguage\":\"es\",\"potentialAction\":[{\"@type\":\"ReadAction\",\"target\":[\"https:\\\/\\\/www.aquimicasa.net\\\/blog\\\/vivienda\\\/compraventa-de-viviendas\\\/nuevas-facilidades-para-el-cambio-de-uso-que-tal-vez-no-conocias\\\/\"]}]},{\"@type\":\"ImageObject\",\"inLanguage\":\"es\",\"@id\":\"https:\\\/\\\/www.aquimicasa.net\\\/blog\\\/vivienda\\\/compraventa-de-viviendas\\\/nuevas-facilidades-para-el-cambio-de-uso-que-tal-vez-no-conocias\\\/#primaryimage\",\"url\":\"https:\\\/\\\/www.aquimicasa.net\\\/blog\\\/wp-content\\\/uploads\\\/locales-comerciales-cerrados1-1-e1762547141500.jpg\",\"contentUrl\":\"https:\\\/\\\/www.aquimicasa.net\\\/blog\\\/wp-content\\\/uploads\\\/locales-comerciales-cerrados1-1-e1762547141500.jpg\",\"width\":600,\"height\":342,\"caption\":\"????????????????????????????????????\"},{\"@type\":\"BreadcrumbList\",\"@id\":\"https:\\\/\\\/www.aquimicasa.net\\\/blog\\\/vivienda\\\/compraventa-de-viviendas\\\/nuevas-facilidades-para-el-cambio-de-uso-que-tal-vez-no-conocias\\\/#breadcrumb\",\"itemListElement\":[{\"@type\":\"ListItem\",\"position\":1,\"name\":\"Portada\",\"item\":\"https:\\\/\\\/www.aquimicasa.net\\\/blog\\\/\"},{\"@type\":\"ListItem\",\"position\":2,\"name\":\"Nuevas facilidades para el cambio de uso que tal vez no conoc\u00edas\"}]},{\"@type\":\"WebSite\",\"@id\":\"https:\\\/\\\/www.aquimicasa.net\\\/blog\\\/#website\",\"url\":\"https:\\\/\\\/www.aquimicasa.net\\\/blog\\\/\",\"name\":\"Blog de aquimicasa.net\",\"description\":\"Noticias del Mundo Inmobiliario\",\"publisher\":{\"@id\":\"https:\\\/\\\/www.aquimicasa.net\\\/blog\\\/#organization\"},\"potentialAction\":[{\"@type\":\"SearchAction\",\"target\":{\"@type\":\"EntryPoint\",\"urlTemplate\":\"https:\\\/\\\/www.aquimicasa.net\\\/blog\\\/?s={search_term_string}\"},\"query-input\":{\"@type\":\"PropertyValueSpecification\",\"valueRequired\":true,\"valueName\":\"search_term_string\"}}],\"inLanguage\":\"es\"},{\"@type\":\"Organization\",\"@id\":\"https:\\\/\\\/www.aquimicasa.net\\\/blog\\\/#organization\",\"name\":\"Blog de aquimicasa.net\",\"url\":\"https:\\\/\\\/www.aquimicasa.net\\\/blog\\\/\",\"logo\":{\"@type\":\"ImageObject\",\"inLanguage\":\"es\",\"@id\":\"https:\\\/\\\/www.aquimicasa.net\\\/blog\\\/#\\\/schema\\\/logo\\\/image\\\/\",\"url\":\"https:\\\/\\\/www.aquimicasa.net\\\/blog\\\/wp-content\\\/uploads\\\/Logo-aquimicasa-1-e1528048213782.png\",\"contentUrl\":\"https:\\\/\\\/www.aquimicasa.net\\\/blog\\\/wp-content\\\/uploads\\\/Logo-aquimicasa-1-e1528048213782.png\",\"width\":225,\"height\":225,\"caption\":\"Blog de aquimicasa.net\"},\"image\":{\"@id\":\"https:\\\/\\\/www.aquimicasa.net\\\/blog\\\/#\\\/schema\\\/logo\\\/image\\\/\"},\"sameAs\":[\"https:\\\/\\\/www.facebook.com\\\/aquimicasa.net\",\"https:\\\/\\\/www.instagram.com\\\/\",\"https:\\\/\\\/x.com\\\/EduLizarragaD\",\"https:\\\/\\\/www.linkedin.com\\\/feed\\\/\"]},{\"@type\":\"Person\",\"@id\":\"https:\\\/\\\/www.aquimicasa.net\\\/blog\\\/#\\\/schema\\\/person\\\/2cdfa2605534583395c8d7ce1d6cac14\",\"name\":\"Eduardo Lizarraga\",\"image\":{\"@type\":\"ImageObject\",\"inLanguage\":\"es\",\"@id\":\"https:\\\/\\\/secure.gravatar.com\\\/avatar\\\/bdabe1eeeed97b65a9cb7de2edd624b07995f7e13abc5fead15961f745f908cc?s=96&d=mm&r=g\",\"url\":\"https:\\\/\\\/secure.gravatar.com\\\/avatar\\\/bdabe1eeeed97b65a9cb7de2edd624b07995f7e13abc5fead15961f745f908cc?s=96&d=mm&r=g\",\"contentUrl\":\"https:\\\/\\\/secure.gravatar.com\\\/avatar\\\/bdabe1eeeed97b65a9cb7de2edd624b07995f7e13abc5fead15961f745f908cc?s=96&d=mm&r=g\",\"caption\":\"Eduardo Lizarraga\"},\"description\":\"Periodista Econ\u00f3mico. Ha trabajado en diversos campos de la informaci\u00f3n. Corresponsal en conflictos, analista pol\u00edtico en Congreso y Senado, periodista del medio ambiente, editor, director editorial, director de comunicaci\u00f3n.... En estos momentos se ha especializado en el sector inmobiliario. Pero tambi\u00e9n es navegante y viajero, preocupado por la pobreza, el medio ambiente y por las actuaciones descontroladas del neoliberalismo empresarial y pol\u00edtico en todo el mundo. Los desahucios, la pobreza infantil y la falta de acceso a los suministros b\u00e1sicos son algunos de los grandes dramas de nuestra sociedad y que es preciso solucionar para hacerla m\u00e1s justa. CEO en www.aquimicasa.net\",\"sameAs\":[\"https:\\\/\\\/www.aquimicasa.net\\\/\"],\"url\":\"https:\\\/\\\/www.aquimicasa.net\\\/blog\\\/author\\\/eduardo\\\/\"}]}<\/script>\n<!-- \/ Yoast SEO plugin. -->","yoast_head_json":{"title":"Nuevas facilidades para el cambio de uso que tal vez no conoc\u00edas","description":"Ya no se exige disponer de c\u00e9dula de habitabilidad o licencia de primera ocupaci\u00f3n para aplicar el tipo reducido del 10% de IVA,","robots":{"index":"index","follow":"follow","max-snippet":"max-snippet:-1","max-image-preview":"max-image-preview:large","max-video-preview":"max-video-preview:-1"},"canonical":"https:\/\/www.aquimicasa.net\/blog\/vivienda\/compraventa-de-viviendas\/nuevas-facilidades-para-el-cambio-de-uso-que-tal-vez-no-conocias\/","og_locale":"es_ES","og_type":"article","og_title":"Nuevas facilidades para el cambio de uso que tal vez no conoc\u00edas","og_description":"Ya no se exige disponer de c\u00e9dula de habitabilidad o licencia de primera ocupaci\u00f3n para aplicar el tipo reducido del 10% de IVA,","og_url":"https:\/\/www.aquimicasa.net\/blog\/vivienda\/compraventa-de-viviendas\/nuevas-facilidades-para-el-cambio-de-uso-que-tal-vez-no-conocias\/","og_site_name":"Blog de aquimicasa.net","article_publisher":"https:\/\/www.facebook.com\/aquimicasa.net","article_published_time":"2026-02-10T20:22:22+00:00","article_modified_time":"2026-02-10T20:24:48+00:00","og_image":[{"width":600,"height":342,"url":"https:\/\/www.aquimicasa.net\/blog\/wp-content\/uploads\/locales-comerciales-cerrados1-1-e1762547141500.jpg","type":"image\/jpeg"}],"author":"Eduardo Lizarraga","twitter_misc":{"Escrito por":"Eduardo Lizarraga","Tiempo de lectura":"6 minutos"},"schema":{"@context":"https:\/\/schema.org","@graph":[{"@type":"Article","@id":"https:\/\/www.aquimicasa.net\/blog\/vivienda\/compraventa-de-viviendas\/nuevas-facilidades-para-el-cambio-de-uso-que-tal-vez-no-conocias\/#article","isPartOf":{"@id":"https:\/\/www.aquimicasa.net\/blog\/vivienda\/compraventa-de-viviendas\/nuevas-facilidades-para-el-cambio-de-uso-que-tal-vez-no-conocias\/"},"author":{"name":"Eduardo Lizarraga","@id":"https:\/\/www.aquimicasa.net\/blog\/#\/schema\/person\/2cdfa2605534583395c8d7ce1d6cac14"},"headline":"Nuevas facilidades para el cambio de uso que tal vez no conoc\u00edas","datePublished":"2026-02-10T20:22:22+00:00","dateModified":"2026-02-10T20:24:48+00:00","mainEntityOfPage":{"@id":"https:\/\/www.aquimicasa.net\/blog\/vivienda\/compraventa-de-viviendas\/nuevas-facilidades-para-el-cambio-de-uso-que-tal-vez-no-conocias\/"},"wordCount":1373,"publisher":{"@id":"https:\/\/www.aquimicasa.net\/blog\/#organization"},"image":{"@id":"https:\/\/www.aquimicasa.net\/blog\/vivienda\/compraventa-de-viviendas\/nuevas-facilidades-para-el-cambio-de-uso-que-tal-vez-no-conocias\/#primaryimage"},"thumbnailUrl":"https:\/\/www.aquimicasa.net\/blog\/wp-content\/uploads\/locales-comerciales-cerrados1-1-e1762547141500.jpg","keywords":["newsletter 552"],"articleSection":["Compra Venta"],"inLanguage":"es"},{"@type":"WebPage","@id":"https:\/\/www.aquimicasa.net\/blog\/vivienda\/compraventa-de-viviendas\/nuevas-facilidades-para-el-cambio-de-uso-que-tal-vez-no-conocias\/","url":"https:\/\/www.aquimicasa.net\/blog\/vivienda\/compraventa-de-viviendas\/nuevas-facilidades-para-el-cambio-de-uso-que-tal-vez-no-conocias\/","name":"Nuevas facilidades para el cambio de uso que tal vez no conoc\u00edas","isPartOf":{"@id":"https:\/\/www.aquimicasa.net\/blog\/#website"},"primaryImageOfPage":{"@id":"https:\/\/www.aquimicasa.net\/blog\/vivienda\/compraventa-de-viviendas\/nuevas-facilidades-para-el-cambio-de-uso-que-tal-vez-no-conocias\/#primaryimage"},"image":{"@id":"https:\/\/www.aquimicasa.net\/blog\/vivienda\/compraventa-de-viviendas\/nuevas-facilidades-para-el-cambio-de-uso-que-tal-vez-no-conocias\/#primaryimage"},"thumbnailUrl":"https:\/\/www.aquimicasa.net\/blog\/wp-content\/uploads\/locales-comerciales-cerrados1-1-e1762547141500.jpg","datePublished":"2026-02-10T20:22:22+00:00","dateModified":"2026-02-10T20:24:48+00:00","description":"Ya no se exige disponer de c\u00e9dula de habitabilidad o licencia de primera ocupaci\u00f3n para aplicar el tipo reducido del 10% de IVA,","breadcrumb":{"@id":"https:\/\/www.aquimicasa.net\/blog\/vivienda\/compraventa-de-viviendas\/nuevas-facilidades-para-el-cambio-de-uso-que-tal-vez-no-conocias\/#breadcrumb"},"inLanguage":"es","potentialAction":[{"@type":"ReadAction","target":["https:\/\/www.aquimicasa.net\/blog\/vivienda\/compraventa-de-viviendas\/nuevas-facilidades-para-el-cambio-de-uso-que-tal-vez-no-conocias\/"]}]},{"@type":"ImageObject","inLanguage":"es","@id":"https:\/\/www.aquimicasa.net\/blog\/vivienda\/compraventa-de-viviendas\/nuevas-facilidades-para-el-cambio-de-uso-que-tal-vez-no-conocias\/#primaryimage","url":"https:\/\/www.aquimicasa.net\/blog\/wp-content\/uploads\/locales-comerciales-cerrados1-1-e1762547141500.jpg","contentUrl":"https:\/\/www.aquimicasa.net\/blog\/wp-content\/uploads\/locales-comerciales-cerrados1-1-e1762547141500.jpg","width":600,"height":342,"caption":"????????????????????????????????????"},{"@type":"BreadcrumbList","@id":"https:\/\/www.aquimicasa.net\/blog\/vivienda\/compraventa-de-viviendas\/nuevas-facilidades-para-el-cambio-de-uso-que-tal-vez-no-conocias\/#breadcrumb","itemListElement":[{"@type":"ListItem","position":1,"name":"Portada","item":"https:\/\/www.aquimicasa.net\/blog\/"},{"@type":"ListItem","position":2,"name":"Nuevas facilidades para el cambio de uso que tal vez no conoc\u00edas"}]},{"@type":"WebSite","@id":"https:\/\/www.aquimicasa.net\/blog\/#website","url":"https:\/\/www.aquimicasa.net\/blog\/","name":"Blog de aquimicasa.net","description":"Noticias del Mundo Inmobiliario","publisher":{"@id":"https:\/\/www.aquimicasa.net\/blog\/#organization"},"potentialAction":[{"@type":"SearchAction","target":{"@type":"EntryPoint","urlTemplate":"https:\/\/www.aquimicasa.net\/blog\/?s={search_term_string}"},"query-input":{"@type":"PropertyValueSpecification","valueRequired":true,"valueName":"search_term_string"}}],"inLanguage":"es"},{"@type":"Organization","@id":"https:\/\/www.aquimicasa.net\/blog\/#organization","name":"Blog de aquimicasa.net","url":"https:\/\/www.aquimicasa.net\/blog\/","logo":{"@type":"ImageObject","inLanguage":"es","@id":"https:\/\/www.aquimicasa.net\/blog\/#\/schema\/logo\/image\/","url":"https:\/\/www.aquimicasa.net\/blog\/wp-content\/uploads\/Logo-aquimicasa-1-e1528048213782.png","contentUrl":"https:\/\/www.aquimicasa.net\/blog\/wp-content\/uploads\/Logo-aquimicasa-1-e1528048213782.png","width":225,"height":225,"caption":"Blog de aquimicasa.net"},"image":{"@id":"https:\/\/www.aquimicasa.net\/blog\/#\/schema\/logo\/image\/"},"sameAs":["https:\/\/www.facebook.com\/aquimicasa.net","https:\/\/www.instagram.com\/","https:\/\/x.com\/EduLizarragaD","https:\/\/www.linkedin.com\/feed\/"]},{"@type":"Person","@id":"https:\/\/www.aquimicasa.net\/blog\/#\/schema\/person\/2cdfa2605534583395c8d7ce1d6cac14","name":"Eduardo Lizarraga","image":{"@type":"ImageObject","inLanguage":"es","@id":"https:\/\/secure.gravatar.com\/avatar\/bdabe1eeeed97b65a9cb7de2edd624b07995f7e13abc5fead15961f745f908cc?s=96&d=mm&r=g","url":"https:\/\/secure.gravatar.com\/avatar\/bdabe1eeeed97b65a9cb7de2edd624b07995f7e13abc5fead15961f745f908cc?s=96&d=mm&r=g","contentUrl":"https:\/\/secure.gravatar.com\/avatar\/bdabe1eeeed97b65a9cb7de2edd624b07995f7e13abc5fead15961f745f908cc?s=96&d=mm&r=g","caption":"Eduardo Lizarraga"},"description":"Periodista Econ\u00f3mico. Ha trabajado en diversos campos de la informaci\u00f3n. Corresponsal en conflictos, analista pol\u00edtico en Congreso y Senado, periodista del medio ambiente, editor, director editorial, director de comunicaci\u00f3n.... En estos momentos se ha especializado en el sector inmobiliario. Pero tambi\u00e9n es navegante y viajero, preocupado por la pobreza, el medio ambiente y por las actuaciones descontroladas del neoliberalismo empresarial y pol\u00edtico en todo el mundo. Los desahucios, la pobreza infantil y la falta de acceso a los suministros b\u00e1sicos son algunos de los grandes dramas de nuestra sociedad y que es preciso solucionar para hacerla m\u00e1s justa. CEO en www.aquimicasa.net","sameAs":["https:\/\/www.aquimicasa.net\/"],"url":"https:\/\/www.aquimicasa.net\/blog\/author\/eduardo\/"}]}},"jetpack_publicize_connections":[],"jetpack_featured_media_url":"https:\/\/www.aquimicasa.net\/blog\/wp-content\/uploads\/locales-comerciales-cerrados1-1-e1762547141500.jpg","jetpack_sharing_enabled":true,"jetpack_likes_enabled":true,"_links":{"self":[{"href":"https:\/\/www.aquimicasa.net\/blog\/wp-json\/wp\/v2\/posts\/55013","targetHints":{"allow":["GET"]}}],"collection":[{"href":"https:\/\/www.aquimicasa.net\/blog\/wp-json\/wp\/v2\/posts"}],"about":[{"href":"https:\/\/www.aquimicasa.net\/blog\/wp-json\/wp\/v2\/types\/post"}],"author":[{"embeddable":true,"href":"https:\/\/www.aquimicasa.net\/blog\/wp-json\/wp\/v2\/users\/3"}],"replies":[{"embeddable":true,"href":"https:\/\/www.aquimicasa.net\/blog\/wp-json\/wp\/v2\/comments?post=55013"}],"version-history":[{"count":5,"href":"https:\/\/www.aquimicasa.net\/blog\/wp-json\/wp\/v2\/posts\/55013\/revisions"}],"predecessor-version":[{"id":55062,"href":"https:\/\/www.aquimicasa.net\/blog\/wp-json\/wp\/v2\/posts\/55013\/revisions\/55062"}],"wp:featuredmedia":[{"embeddable":true,"href":"https:\/\/www.aquimicasa.net\/blog\/wp-json\/wp\/v2\/media\/53907"}],"wp:attachment":[{"href":"https:\/\/www.aquimicasa.net\/blog\/wp-json\/wp\/v2\/media?parent=55013"}],"wp:term":[{"taxonomy":"category","embeddable":true,"href":"https:\/\/www.aquimicasa.net\/blog\/wp-json\/wp\/v2\/categories?post=55013"},{"taxonomy":"post_tag","embeddable":true,"href":"https:\/\/www.aquimicasa.net\/blog\/wp-json\/wp\/v2\/tags?post=55013"}],"curies":[{"name":"wp","href":"https:\/\/api.w.org\/{rel}","templated":true}]}}