{"id":55016,"date":"2026-02-06T22:34:44","date_gmt":"2026-02-06T21:34:44","guid":{"rendered":"https:\/\/www.aquimicasa.net\/blog\/?p=55016"},"modified":"2026-02-06T22:34:44","modified_gmt":"2026-02-06T21:34:44","slug":"el-precio-de-la-vivienda-vuelve-a-incrementarse-en-enero","status":"publish","type":"post","link":"https:\/\/www.aquimicasa.net\/blog\/vivienda\/compraventa-de-viviendas\/el-precio-de-la-vivienda-vuelve-a-incrementarse-en-enero\/","title":{"rendered":"El precio de la vivienda vuelve a incrementarse en enero"},"content":{"rendered":"<div class=\"fusion-fullwidth fullwidth-box fusion-builder-row-1 fusion-flex-container nonhundred-percent-fullwidth non-hundred-percent-height-scrolling\" style=\"background-color: rgba(255,255,255,0);background-position: center center;background-repeat: no-repeat;border-width: 0px 0px 0px 0px;border-color:#eae9e9;border-style:solid;\" ><div class=\"fusion-builder-row fusion-row fusion-flex-align-items-flex-start\" style=\"max-width:1144px;margin-left: calc(-4% \/ 2 );margin-right: calc(-4% \/ 2 );\"><div class=\"fusion-layout-column fusion_builder_column fusion-builder-column-0 fusion_builder_column_1_1 1_1 fusion-flex-column\"><div class=\"fusion-column-wrapper fusion-flex-justify-content-flex-start fusion-content-layout-column\" style=\"background-position:left top;background-repeat:no-repeat;-webkit-background-size:cover;-moz-background-size:cover;-o-background-size:cover;background-size:cover;padding: 0px 0px 0px 0px;\"><div class=\"fusion-text fusion-text-1\"><div class=\"flex flex-col text-sm pb-25\">\n<article class=\"text-token-text-primary w-full focus:outline-none &#091;--shadow-height:45px&#093; has-data-writing-block:pointer-events-none has-data-writing-block:-mt-(--shadow-height) has-data-writing-block:pt-(--shadow-height) &#091;&amp;:has(&#091;data-writing-block&#093;)&gt;*&#093;:pointer-events-auto scroll-mt-&#091;calc(var(--header-height)+min(200px,max(70px,20svh)))&#093;\" dir=\"auto\" tabindex=\"-1\" data-turn-id=\"request-6981a274-fd40-832d-bbca-01acdef28c73-1\" data-testid=\"conversation-turn-24\" data-scroll-anchor=\"true\" data-turn=\"assistant\">\n<div class=\"text-base my-auto mx-auto pb-10 &#091;--thread-content-margin:--spacing(4)&#093; @w-sm\/main:&#091;--thread-content-margin:--spacing(6)&#093; @w-lg\/main:&#091;--thread-content-margin:--spacing(16)&#093; px-(--thread-content-margin)\">\n<div class=\"&#091;--thread-content-max-width:40rem&#093; @w-lg\/main:&#091;--thread-content-max-width:48rem&#093; mx-auto max-w-(--thread-content-max-width) flex-1 group\/turn-messages focus-visible:outline-hidden relative flex w-full min-w-0 flex-col agent-turn\" tabindex=\"-1\">\n<div class=\"flex max-w-full flex-col grow\">\n<div class=\"min-h-8 text-message relative flex w-full flex-col items-end gap-2 text-start break-words whitespace-normal &#091;.text-message+&amp;&#093;:mt-1\" dir=\"auto\" data-message-author-role=\"assistant\" data-message-id=\"4f944029-bcb0-4b72-bafb-7dfc6fb5d5b8\" data-message-model-slug=\"gpt-5-2\">\n<div class=\"flex w-full flex-col gap-1 empty:hidden first:pt-&#091;1px&#093;\">\n<div class=\"markdown prose dark:prose-invert w-full wrap-break-word light markdown-new-styling\">\n<p data-start=\"62\" data-end=\"584\">El arranque de a\u00f1o confirma los peores temores de miles de hogares: <strong data-start=\"130\" data-end=\"278\">la vivienda vuelve a encarecerse con fuerza y consolida una tendencia que amenaza con expulsar del mercado a una parte creciente de la poblaci\u00f3n<\/strong>. El \u00cdndice IMIE General y Grandes Mercados refleja que el valor medio de la vivienda nueva y usada registr\u00f3 en enero una variaci\u00f3n mensual del +0,9 % y una variaci\u00f3n interanual del +14,4 %, un crecimiento que se sit\u00faa 11,7 puntos por encima de la inflaci\u00f3n y que prolonga el intenso ritmo alcista de 2025.<\/p>\n<p data-start=\"586\" data-end=\"1038\">Detr\u00e1s del dato hay una lectura estructural inquietante. Espa\u00f1a afronta un escenario en el que confluyen <strong data-start=\"691\" data-end=\"827\">salarios moderados, escasez cr\u00f3nica de oferta y un previsible endurecimiento de las condiciones hipotecarias por parte de los bancos<\/strong>. Si a ello se suma la posibilidad de que el cr\u00e9dito vuelva a encarecerse o, al menos, no mejore sustancialmente, 2026 podr\u00eda resultar incluso m\u00e1s complejo para el acceso a la vivienda que el ejercicio anterior.<\/p>\n<h2 data-start=\"1040\" data-end=\"1102\"><strong>La vivienda sube un 14,4% anual respecto a enero del 2025<\/strong><\/h2>\n<p data-start=\"1104\" data-end=\"1473\">El incremento interanual del 14,4 % no es homog\u00e9neo, pero s\u00ed generalizado. En t\u00e9rminos nominales, todos los grandes grupos analizados \u2014salvo los municipios de interior\u2014 registran aumentos superiores al 10 %. La presi\u00f3n se concentra especialmente en zonas con fuerte actividad econ\u00f3mica o atractivo tur\u00edstico, donde la demanda supera con claridad a la oferta disponible.<\/p>\n<p data-start=\"1475\" data-end=\"1829\"><img decoding=\"async\" class=\"alignnone wp-image-41440\" src=\"https:\/\/www.aquimicasa.net\/blog\/wp-content\/uploads\/Cristina-Arias-Tinsa-3-300x142.jpg\" alt=\"Cristina Arias Tinsa\" width=\"262\" height=\"124\" srcset=\"https:\/\/www.aquimicasa.net\/blog\/wp-content\/uploads\/Cristina-Arias-Tinsa-3-150x71.jpg 150w, https:\/\/www.aquimicasa.net\/blog\/wp-content\/uploads\/Cristina-Arias-Tinsa-3-200x95.jpg 200w, https:\/\/www.aquimicasa.net\/blog\/wp-content\/uploads\/Cristina-Arias-Tinsa-3-300x142.jpg 300w, https:\/\/www.aquimicasa.net\/blog\/wp-content\/uploads\/Cristina-Arias-Tinsa-3-400x190.jpg 400w, https:\/\/www.aquimicasa.net\/blog\/wp-content\/uploads\/Cristina-Arias-Tinsa-3-600x284.jpg 600w, https:\/\/www.aquimicasa.net\/blog\/wp-content\/uploads\/Cristina-Arias-Tinsa-3.jpg 728w\" sizes=\"(max-width: 262px) 100vw, 262px\" \/> \u00a0Cristina Arias, directora del Servicio de Estudios de Tinsa by Accumin, lo resume con claridad: <strong data-start=\"1571\" data-end=\"1826\">\u201cEn enero se han vuelto a registrar intensas tasas de crecimiento de los precios residenciales en todas las zonas, especialmente en torno a los polos de empleo y focos tur\u00edsticos, en donde la brecha entre demanda y oferta de vivienda es m\u00e1s acentuada\u201d<\/strong>.<\/p>\n<p data-start=\"1831\" data-end=\"2276\">Arias advierte adem\u00e1s de una tendencia que se consolida desde 2025: <strong data-start=\"1899\" data-end=\"2094\">\u201cContin\u00faa as\u00ed la tendencia iniciada hacia una mayor dificultad de acceso para el hogar medio en los principales polos de actividad y una ampliaci\u00f3n de las \u00e1reas de influencia de las ciudades\u201d<\/strong>. Es decir, el encarecimiento no solo expulsa a los compradores de los centros urbanos, sino que empuja la demanda hacia periferias cada vez m\u00e1s amplias, tensionando nuevos mercados.<\/p>\n<p data-start=\"2278\" data-end=\"2700\">Las compraventas del pasado a\u00f1o se mantuvieron en niveles robustos gracias al crecimiento demogr\u00e1fico, la resistencia del empleo y un coste hipotecario m\u00e1s contenido que en 2023. Sin embargo, Arias introduce el elemento clave del desequilibrio estructural: <strong data-start=\"2535\" data-end=\"2697\">\u201cLa construcci\u00f3n produjo un volumen de vivienda que contin\u00faa siendo escaso para atender a la creaci\u00f3n de hogares y aliviar los tensionamientos de los precios\u201d<\/strong>.<\/p>\n<p data-start=\"2702\" data-end=\"2771\">Esa es la ra\u00edz del problema: no faltan compradores, faltan viviendas.<\/p>\n<h2 data-start=\"2773\" data-end=\"2879\"><strong>Las subidas m\u00e1s importantes se dan en \u2018Islas\u2019 (+21,6 % interanual) y \u2018\u00c1reas metropolitanas\u2019 (+16,6 %)<\/strong><\/h2>\n<p data-start=\"2881\" data-end=\"3155\">El comportamiento territorial confirma d\u00f3nde se concentra la presi\u00f3n. Las \u2018Islas\u2019 lideran los incrementos con un 21,6 % interanual, seguidas de las \u2018\u00c1reas metropolitanas\u2019 con un 16,6 %. Son precisamente los entornos donde confluyen empleo, inversi\u00f3n y demanda internacional.<\/p>\n<p data-start=\"3157\" data-end=\"3535\">En t\u00e9rminos mensuales, el dinamismo tambi\u00e9n es notable. Entre diciembre y enero, el valor medio creci\u00f3 un 2,6 % en las \u2018Islas\u2019, el mayor avance del conjunto analizado, mientras que \u2018\u00c1reas Metropolitanas\u2019 y \u2018Costa mediterr\u00e1nea\u2019 registraron subidas del 1,2 %. Las \u2018Capitales y grandes ciudades\u2019 moderaron algo el ritmo mensual (0,3 %), pero mantienen un impulso acumulado elevado.<\/p>\n<p data-start=\"3537\" data-end=\"3930\">Este patr\u00f3n territorial no es casual. En las \u00e1reas metropolitanas se concentra el empleo cualificado y los servicios; en las islas y costa mediterr\u00e1nea, el atractivo tur\u00edstico y la inversi\u00f3n extranjera. En ambos casos, <strong data-start=\"3756\" data-end=\"3814\">la oferta de vivienda nueva es claramente insuficiente<\/strong>, y la obra p\u00fablica en vivienda protegida sigue muy lejos de los niveles necesarios para compensar el desequilibrio.<\/p>\n<p data-start=\"3932\" data-end=\"4275\">La consecuencia es directa: la brecha entre quienes pueden comprar y quienes no se ensancha. Los j\u00f3venes, las familias con rentas medias y los trabajadores esenciales encuentran cada vez m\u00e1s dif\u00edcil acceder a una vivienda en propiedad y, a su vez, presionan el mercado del alquiler, que ya muestra s\u00edntomas de saturaci\u00f3n en numerosas ciudades.<\/p>\n<h2 data-start=\"4277\" data-end=\"4377\"><strong>El valor medio de la vivienda en Espa\u00f1a se encuentra un 5,6 % por debajo de los m\u00e1ximos de 2007<\/strong><\/h2>\n<p data-start=\"4379\" data-end=\"4704\">Uno de los argumentos recurrentes es que el precio medio a\u00fan no ha alcanzado los m\u00e1ximos nominales del boom de 2007. En efecto, el valor actual se sit\u00faa un 5,6 % por debajo de aquel pico en t\u00e9rminos nominales. Sin embargo, la comparaci\u00f3n real \u2014descontando inflaci\u00f3n\u2014 sit\u00faa los precios un 16 % por debajo del m\u00e1ximo hist\u00f3rico.<\/p>\n<p data-start=\"4706\" data-end=\"5077\">Este dato invita a la prudencia, pero no elimina la preocupaci\u00f3n. Porque el contexto socioecon\u00f3mico es distinto: <strong data-start=\"4819\" data-end=\"4881\">los salarios no han crecido al mismo ritmo que la vivienda<\/strong>, el ahorro acumulado tras la pandemia se ha ido diluyendo y las condiciones financieras tienden a endurecerse. Adem\u00e1s, el esfuerzo hipotecario que deben asumir los hogares vuelve a incrementarse.<\/p>\n<p data-start=\"5079\" data-end=\"5472\">Los bancos ya han comenzado a ajustar sus ofertas, especialmente en hipotecas fijas y mixtas. Si el BCE mantiene la cautela y no ejecuta recortes inmediatos, el acceso al cr\u00e9dito podr\u00eda complicarse a\u00fan m\u00e1s. Y aunque una eventual bajada del precio del dinero aliviar\u00eda las cuotas, tambi\u00e9n podr\u00eda reactivar la demanda y presionar nuevamente los precios al alza, si la oferta sigue sin responder.<\/p>\n<p data-start=\"5474\" data-end=\"5833\">Ah\u00ed reside el dilema estructural del mercado espa\u00f1ol: <strong data-start=\"5528\" data-end=\"5629\">la pol\u00edtica monetaria puede suavizar el coste financiero, pero no resuelve la escasez de vivienda<\/strong>. Sin un impulso decidido de la obra p\u00fablica, sin mayor colaboraci\u00f3n p\u00fablico-privada y sin agilizaci\u00f3n de suelo y licencias, la producci\u00f3n seguir\u00e1 siendo insuficiente para absorber la creaci\u00f3n de hogares.<\/p>\n<p data-start=\"5835\" data-end=\"6098\">El IMIE ha actualizado adem\u00e1s su algoritmo de c\u00e1lculo para mejorar la robustez estad\u00edstica y la segmentaci\u00f3n entre obra nueva y usada, lo que refuerza la fiabilidad de la tendencia observada. Y esa tendencia es inequ\u00edvoca: el precio sigue subiendo con intensidad.<\/p>\n<p data-start=\"6100\" data-end=\"6431\">En este escenario, el riesgo no es solo econ\u00f3mico, sino social. <strong data-start=\"6164\" data-end=\"6293\">Cada punto porcentual de incremento en el precio de la vivienda ampl\u00eda la brecha entre propietarios y quienes aspiran a serlo<\/strong>. Si 2025 ya fue un a\u00f1o de tensi\u00f3n, 2026 podr\u00eda convertirse en un ejercicio a\u00fan m\u00e1s restrictivo para el acceso a la vivienda en propiedad.<\/p>\n<p data-start=\"6433\" data-end=\"6811\" data-is-last-node=\"\" data-is-only-node=\"\">La conclusi\u00f3n es clara: mientras la oferta no aumente de forma significativa, especialmente mediante vivienda asequible y protegida impulsada desde el sector p\u00fablico, el mercado continuar\u00e1 tensionado. Y en un pa\u00eds con salarios moderados y creciente presi\u00f3n demogr\u00e1fica en determinadas \u00e1reas, la vivienda seguir\u00e1 siendo el principal factor de desigualdad econ\u00f3mica y territorial.<\/p>\n<\/div>\n<\/div>\n<\/div>\n<\/div>\n<\/div>\n<\/div>\n<\/article>\n<\/div>\n<\/div><\/div><style type=\"text\/css\">.fusion-body .fusion-builder-column-0{width:100% !important;margin-top : 0px;margin-bottom : 0px;}.fusion-builder-column-0 > .fusion-column-wrapper {padding-top : 0px !important;padding-right : 0px !important;margin-right : 1.92%;padding-bottom : 0px !important;padding-left : 0px !important;margin-left : 1.92%;}@media only screen and (max-width:1024px) {.fusion-body .fusion-builder-column-0{width:100% !important;}.fusion-builder-column-0 > .fusion-column-wrapper {margin-right : 1.92%;margin-left : 1.92%;}}@media only screen and (max-width:640px) {.fusion-body .fusion-builder-column-0{width:100% !important;}.fusion-builder-column-0 > .fusion-column-wrapper {margin-right : 1.92%;margin-left : 1.92%;}}<\/style><\/div><\/div><style type=\"text\/css\">.fusion-body .fusion-flex-container.fusion-builder-row-1{ padding-top : 0px;margin-top : 0px;padding-right : 0px;padding-bottom : 0px;margin-bottom : 0px;padding-left : 0px;}<\/style><\/div>\n","protected":false},"excerpt":{"rendered":"<p>Mientras la oferta no aumente de forma significativa, especialmente mediante vivienda asequible y protegida impulsada desde el sector p\u00fablico, el mercado continuar\u00e1 tensionado. Y en un pa\u00eds con salarios moderados y creciente presi\u00f3n demogr\u00e1fica en determinadas \u00e1reas, la vivienda seguir\u00e1 siendo el principal factor de desigualdad econ\u00f3mica y territorial.<\/p>\n","protected":false},"author":3,"featured_media":51666,"comment_status":"closed","ping_status":"closed","sticky":false,"template":"","format":"standard","meta":{"_jetpack_memberships_contains_paid_content":false,"footnotes":"","jetpack_publicize_message":"","jetpack_publicize_feature_enabled":true,"jetpack_social_post_already_shared":true,"jetpack_social_options":{"image_generator_settings":{"template":"highway","default_image_id":0,"font":"","enabled":false},"version":2}},"categories":[100],"tags":[8277],"class_list":["post-55016","post","type-post","status-publish","format-standard","has-post-thumbnail","hentry","category-compraventa-de-viviendas","tag-newsletter-552"],"yoast_head":"<!-- This site is optimized with the Yoast SEO plugin v27.5 - https:\/\/yoast.com\/product\/yoast-seo-wordpress\/ -->\n<title>El precio de la vivienda vuelve a incrementarse en enero<\/title>\n<meta name=\"description\" content=\"El dilema estructural del mercado espa\u00f1ol: la pol\u00edtica monetaria puede suavizar el coste financiero, pero no resuelve la escasez de vivienda\" \/>\n<meta name=\"robots\" content=\"index, follow, max-snippet:-1, max-image-preview:large, max-video-preview:-1\" \/>\n<link rel=\"canonical\" href=\"https:\/\/www.aquimicasa.net\/blog\/vivienda\/compraventa-de-viviendas\/el-precio-de-la-vivienda-vuelve-a-incrementarse-en-enero\/\" \/>\n<meta property=\"og:locale\" content=\"es_ES\" \/>\n<meta property=\"og:type\" content=\"article\" \/>\n<meta property=\"og:title\" content=\"El precio de la vivienda vuelve a incrementarse en enero\" \/>\n<meta property=\"og:description\" content=\"El dilema estructural del mercado espa\u00f1ol: la pol\u00edtica monetaria puede suavizar el coste financiero, pero no resuelve la escasez de vivienda\" \/>\n<meta property=\"og:url\" content=\"https:\/\/www.aquimicasa.net\/blog\/vivienda\/compraventa-de-viviendas\/el-precio-de-la-vivienda-vuelve-a-incrementarse-en-enero\/\" \/>\n<meta property=\"og:site_name\" content=\"Blog de aquimicasa.net\" \/>\n<meta property=\"article:publisher\" content=\"https:\/\/www.facebook.com\/aquimicasa.net\" \/>\n<meta property=\"article:published_time\" content=\"2026-02-06T21:34:44+00:00\" \/>\n<meta property=\"og:image\" content=\"https:\/\/www.aquimicasa.net\/blog\/wp-content\/uploads\/dinero-y-casa-5-e1751016806616.jpg\" \/>\n\t<meta property=\"og:image:width\" content=\"500\" \/>\n\t<meta property=\"og:image:height\" content=\"334\" \/>\n\t<meta property=\"og:image:type\" content=\"image\/jpeg\" \/>\n<meta name=\"author\" content=\"Eduardo Lizarraga\" \/>\n<meta name=\"twitter:label1\" content=\"Escrito por\" \/>\n\t<meta name=\"twitter:data1\" content=\"Eduardo Lizarraga\" \/>\n\t<meta name=\"twitter:label2\" content=\"Tiempo de lectura\" \/>\n\t<meta name=\"twitter:data2\" content=\"10 minutos\" \/>\n<script type=\"application\/ld+json\" class=\"yoast-schema-graph\">{\"@context\":\"https:\\\/\\\/schema.org\",\"@graph\":[{\"@type\":\"Article\",\"@id\":\"https:\\\/\\\/www.aquimicasa.net\\\/blog\\\/vivienda\\\/compraventa-de-viviendas\\\/el-precio-de-la-vivienda-vuelve-a-incrementarse-en-enero\\\/#article\",\"isPartOf\":{\"@id\":\"https:\\\/\\\/www.aquimicasa.net\\\/blog\\\/vivienda\\\/compraventa-de-viviendas\\\/el-precio-de-la-vivienda-vuelve-a-incrementarse-en-enero\\\/\"},\"author\":{\"name\":\"Eduardo Lizarraga\",\"@id\":\"https:\\\/\\\/www.aquimicasa.net\\\/blog\\\/#\\\/schema\\\/person\\\/2cdfa2605534583395c8d7ce1d6cac14\"},\"headline\":\"El precio de la vivienda vuelve a incrementarse en enero\",\"datePublished\":\"2026-02-06T21:34:44+00:00\",\"mainEntityOfPage\":{\"@id\":\"https:\\\/\\\/www.aquimicasa.net\\\/blog\\\/vivienda\\\/compraventa-de-viviendas\\\/el-precio-de-la-vivienda-vuelve-a-incrementarse-en-enero\\\/\"},\"wordCount\":1365,\"publisher\":{\"@id\":\"https:\\\/\\\/www.aquimicasa.net\\\/blog\\\/#organization\"},\"image\":{\"@id\":\"https:\\\/\\\/www.aquimicasa.net\\\/blog\\\/vivienda\\\/compraventa-de-viviendas\\\/el-precio-de-la-vivienda-vuelve-a-incrementarse-en-enero\\\/#primaryimage\"},\"thumbnailUrl\":\"https:\\\/\\\/www.aquimicasa.net\\\/blog\\\/wp-content\\\/uploads\\\/dinero-y-casa-5-e1751016806616.jpg\",\"keywords\":[\"newsletter 552\"],\"articleSection\":[\"Compra Venta\"],\"inLanguage\":\"es\"},{\"@type\":\"WebPage\",\"@id\":\"https:\\\/\\\/www.aquimicasa.net\\\/blog\\\/vivienda\\\/compraventa-de-viviendas\\\/el-precio-de-la-vivienda-vuelve-a-incrementarse-en-enero\\\/\",\"url\":\"https:\\\/\\\/www.aquimicasa.net\\\/blog\\\/vivienda\\\/compraventa-de-viviendas\\\/el-precio-de-la-vivienda-vuelve-a-incrementarse-en-enero\\\/\",\"name\":\"El precio de la vivienda vuelve a incrementarse en enero\",\"isPartOf\":{\"@id\":\"https:\\\/\\\/www.aquimicasa.net\\\/blog\\\/#website\"},\"primaryImageOfPage\":{\"@id\":\"https:\\\/\\\/www.aquimicasa.net\\\/blog\\\/vivienda\\\/compraventa-de-viviendas\\\/el-precio-de-la-vivienda-vuelve-a-incrementarse-en-enero\\\/#primaryimage\"},\"image\":{\"@id\":\"https:\\\/\\\/www.aquimicasa.net\\\/blog\\\/vivienda\\\/compraventa-de-viviendas\\\/el-precio-de-la-vivienda-vuelve-a-incrementarse-en-enero\\\/#primaryimage\"},\"thumbnailUrl\":\"https:\\\/\\\/www.aquimicasa.net\\\/blog\\\/wp-content\\\/uploads\\\/dinero-y-casa-5-e1751016806616.jpg\",\"datePublished\":\"2026-02-06T21:34:44+00:00\",\"description\":\"El dilema estructural del mercado espa\u00f1ol: la pol\u00edtica monetaria puede suavizar el coste financiero, pero no resuelve la escasez de vivienda\",\"breadcrumb\":{\"@id\":\"https:\\\/\\\/www.aquimicasa.net\\\/blog\\\/vivienda\\\/compraventa-de-viviendas\\\/el-precio-de-la-vivienda-vuelve-a-incrementarse-en-enero\\\/#breadcrumb\"},\"inLanguage\":\"es\",\"potentialAction\":[{\"@type\":\"ReadAction\",\"target\":[\"https:\\\/\\\/www.aquimicasa.net\\\/blog\\\/vivienda\\\/compraventa-de-viviendas\\\/el-precio-de-la-vivienda-vuelve-a-incrementarse-en-enero\\\/\"]}]},{\"@type\":\"ImageObject\",\"inLanguage\":\"es\",\"@id\":\"https:\\\/\\\/www.aquimicasa.net\\\/blog\\\/vivienda\\\/compraventa-de-viviendas\\\/el-precio-de-la-vivienda-vuelve-a-incrementarse-en-enero\\\/#primaryimage\",\"url\":\"https:\\\/\\\/www.aquimicasa.net\\\/blog\\\/wp-content\\\/uploads\\\/dinero-y-casa-5-e1751016806616.jpg\",\"contentUrl\":\"https:\\\/\\\/www.aquimicasa.net\\\/blog\\\/wp-content\\\/uploads\\\/dinero-y-casa-5-e1751016806616.jpg\",\"width\":500,\"height\":334,\"caption\":\"Espa\u00f1a es el cuarto pa\u00eds de la UE en incremento de precio de la vivienda\"},{\"@type\":\"BreadcrumbList\",\"@id\":\"https:\\\/\\\/www.aquimicasa.net\\\/blog\\\/vivienda\\\/compraventa-de-viviendas\\\/el-precio-de-la-vivienda-vuelve-a-incrementarse-en-enero\\\/#breadcrumb\",\"itemListElement\":[{\"@type\":\"ListItem\",\"position\":1,\"name\":\"Portada\",\"item\":\"https:\\\/\\\/www.aquimicasa.net\\\/blog\\\/\"},{\"@type\":\"ListItem\",\"position\":2,\"name\":\"El precio de la vivienda vuelve a incrementarse en enero\"}]},{\"@type\":\"WebSite\",\"@id\":\"https:\\\/\\\/www.aquimicasa.net\\\/blog\\\/#website\",\"url\":\"https:\\\/\\\/www.aquimicasa.net\\\/blog\\\/\",\"name\":\"Blog de aquimicasa.net\",\"description\":\"Noticias del Mundo Inmobiliario\",\"publisher\":{\"@id\":\"https:\\\/\\\/www.aquimicasa.net\\\/blog\\\/#organization\"},\"potentialAction\":[{\"@type\":\"SearchAction\",\"target\":{\"@type\":\"EntryPoint\",\"urlTemplate\":\"https:\\\/\\\/www.aquimicasa.net\\\/blog\\\/?s={search_term_string}\"},\"query-input\":{\"@type\":\"PropertyValueSpecification\",\"valueRequired\":true,\"valueName\":\"search_term_string\"}}],\"inLanguage\":\"es\"},{\"@type\":\"Organization\",\"@id\":\"https:\\\/\\\/www.aquimicasa.net\\\/blog\\\/#organization\",\"name\":\"Blog de aquimicasa.net\",\"url\":\"https:\\\/\\\/www.aquimicasa.net\\\/blog\\\/\",\"logo\":{\"@type\":\"ImageObject\",\"inLanguage\":\"es\",\"@id\":\"https:\\\/\\\/www.aquimicasa.net\\\/blog\\\/#\\\/schema\\\/logo\\\/image\\\/\",\"url\":\"https:\\\/\\\/www.aquimicasa.net\\\/blog\\\/wp-content\\\/uploads\\\/Logo-aquimicasa-1-e1528048213782.png\",\"contentUrl\":\"https:\\\/\\\/www.aquimicasa.net\\\/blog\\\/wp-content\\\/uploads\\\/Logo-aquimicasa-1-e1528048213782.png\",\"width\":225,\"height\":225,\"caption\":\"Blog de aquimicasa.net\"},\"image\":{\"@id\":\"https:\\\/\\\/www.aquimicasa.net\\\/blog\\\/#\\\/schema\\\/logo\\\/image\\\/\"},\"sameAs\":[\"https:\\\/\\\/www.facebook.com\\\/aquimicasa.net\",\"https:\\\/\\\/www.instagram.com\\\/\",\"https:\\\/\\\/x.com\\\/EduLizarragaD\",\"https:\\\/\\\/www.linkedin.com\\\/feed\\\/\"]},{\"@type\":\"Person\",\"@id\":\"https:\\\/\\\/www.aquimicasa.net\\\/blog\\\/#\\\/schema\\\/person\\\/2cdfa2605534583395c8d7ce1d6cac14\",\"name\":\"Eduardo Lizarraga\",\"image\":{\"@type\":\"ImageObject\",\"inLanguage\":\"es\",\"@id\":\"https:\\\/\\\/secure.gravatar.com\\\/avatar\\\/bdabe1eeeed97b65a9cb7de2edd624b07995f7e13abc5fead15961f745f908cc?s=96&d=mm&r=g\",\"url\":\"https:\\\/\\\/secure.gravatar.com\\\/avatar\\\/bdabe1eeeed97b65a9cb7de2edd624b07995f7e13abc5fead15961f745f908cc?s=96&d=mm&r=g\",\"contentUrl\":\"https:\\\/\\\/secure.gravatar.com\\\/avatar\\\/bdabe1eeeed97b65a9cb7de2edd624b07995f7e13abc5fead15961f745f908cc?s=96&d=mm&r=g\",\"caption\":\"Eduardo Lizarraga\"},\"description\":\"Periodista Econ\u00f3mico. Ha trabajado en diversos campos de la informaci\u00f3n. Corresponsal en conflictos, analista pol\u00edtico en Congreso y Senado, periodista del medio ambiente, editor, director editorial, director de comunicaci\u00f3n.... En estos momentos se ha especializado en el sector inmobiliario. Pero tambi\u00e9n es navegante y viajero, preocupado por la pobreza, el medio ambiente y por las actuaciones descontroladas del neoliberalismo empresarial y pol\u00edtico en todo el mundo. Los desahucios, la pobreza infantil y la falta de acceso a los suministros b\u00e1sicos son algunos de los grandes dramas de nuestra sociedad y que es preciso solucionar para hacerla m\u00e1s justa. CEO en www.aquimicasa.net\",\"sameAs\":[\"https:\\\/\\\/www.aquimicasa.net\\\/\"],\"url\":\"https:\\\/\\\/www.aquimicasa.net\\\/blog\\\/author\\\/eduardo\\\/\"}]}<\/script>\n<!-- \/ Yoast SEO plugin. -->","yoast_head_json":{"title":"El precio de la vivienda vuelve a incrementarse en enero","description":"El dilema estructural del mercado espa\u00f1ol: la pol\u00edtica monetaria puede suavizar el coste financiero, pero no resuelve la escasez de vivienda","robots":{"index":"index","follow":"follow","max-snippet":"max-snippet:-1","max-image-preview":"max-image-preview:large","max-video-preview":"max-video-preview:-1"},"canonical":"https:\/\/www.aquimicasa.net\/blog\/vivienda\/compraventa-de-viviendas\/el-precio-de-la-vivienda-vuelve-a-incrementarse-en-enero\/","og_locale":"es_ES","og_type":"article","og_title":"El precio de la vivienda vuelve a incrementarse en enero","og_description":"El dilema estructural del mercado espa\u00f1ol: la pol\u00edtica monetaria puede suavizar el coste financiero, pero no resuelve la escasez de vivienda","og_url":"https:\/\/www.aquimicasa.net\/blog\/vivienda\/compraventa-de-viviendas\/el-precio-de-la-vivienda-vuelve-a-incrementarse-en-enero\/","og_site_name":"Blog de aquimicasa.net","article_publisher":"https:\/\/www.facebook.com\/aquimicasa.net","article_published_time":"2026-02-06T21:34:44+00:00","og_image":[{"width":500,"height":334,"url":"https:\/\/www.aquimicasa.net\/blog\/wp-content\/uploads\/dinero-y-casa-5-e1751016806616.jpg","type":"image\/jpeg"}],"author":"Eduardo Lizarraga","twitter_misc":{"Escrito por":"Eduardo Lizarraga","Tiempo de lectura":"10 minutos"},"schema":{"@context":"https:\/\/schema.org","@graph":[{"@type":"Article","@id":"https:\/\/www.aquimicasa.net\/blog\/vivienda\/compraventa-de-viviendas\/el-precio-de-la-vivienda-vuelve-a-incrementarse-en-enero\/#article","isPartOf":{"@id":"https:\/\/www.aquimicasa.net\/blog\/vivienda\/compraventa-de-viviendas\/el-precio-de-la-vivienda-vuelve-a-incrementarse-en-enero\/"},"author":{"name":"Eduardo Lizarraga","@id":"https:\/\/www.aquimicasa.net\/blog\/#\/schema\/person\/2cdfa2605534583395c8d7ce1d6cac14"},"headline":"El precio de la vivienda vuelve a incrementarse en enero","datePublished":"2026-02-06T21:34:44+00:00","mainEntityOfPage":{"@id":"https:\/\/www.aquimicasa.net\/blog\/vivienda\/compraventa-de-viviendas\/el-precio-de-la-vivienda-vuelve-a-incrementarse-en-enero\/"},"wordCount":1365,"publisher":{"@id":"https:\/\/www.aquimicasa.net\/blog\/#organization"},"image":{"@id":"https:\/\/www.aquimicasa.net\/blog\/vivienda\/compraventa-de-viviendas\/el-precio-de-la-vivienda-vuelve-a-incrementarse-en-enero\/#primaryimage"},"thumbnailUrl":"https:\/\/www.aquimicasa.net\/blog\/wp-content\/uploads\/dinero-y-casa-5-e1751016806616.jpg","keywords":["newsletter 552"],"articleSection":["Compra Venta"],"inLanguage":"es"},{"@type":"WebPage","@id":"https:\/\/www.aquimicasa.net\/blog\/vivienda\/compraventa-de-viviendas\/el-precio-de-la-vivienda-vuelve-a-incrementarse-en-enero\/","url":"https:\/\/www.aquimicasa.net\/blog\/vivienda\/compraventa-de-viviendas\/el-precio-de-la-vivienda-vuelve-a-incrementarse-en-enero\/","name":"El precio de la vivienda vuelve a incrementarse en enero","isPartOf":{"@id":"https:\/\/www.aquimicasa.net\/blog\/#website"},"primaryImageOfPage":{"@id":"https:\/\/www.aquimicasa.net\/blog\/vivienda\/compraventa-de-viviendas\/el-precio-de-la-vivienda-vuelve-a-incrementarse-en-enero\/#primaryimage"},"image":{"@id":"https:\/\/www.aquimicasa.net\/blog\/vivienda\/compraventa-de-viviendas\/el-precio-de-la-vivienda-vuelve-a-incrementarse-en-enero\/#primaryimage"},"thumbnailUrl":"https:\/\/www.aquimicasa.net\/blog\/wp-content\/uploads\/dinero-y-casa-5-e1751016806616.jpg","datePublished":"2026-02-06T21:34:44+00:00","description":"El dilema estructural del mercado espa\u00f1ol: la pol\u00edtica monetaria puede suavizar el coste financiero, pero no resuelve la escasez de vivienda","breadcrumb":{"@id":"https:\/\/www.aquimicasa.net\/blog\/vivienda\/compraventa-de-viviendas\/el-precio-de-la-vivienda-vuelve-a-incrementarse-en-enero\/#breadcrumb"},"inLanguage":"es","potentialAction":[{"@type":"ReadAction","target":["https:\/\/www.aquimicasa.net\/blog\/vivienda\/compraventa-de-viviendas\/el-precio-de-la-vivienda-vuelve-a-incrementarse-en-enero\/"]}]},{"@type":"ImageObject","inLanguage":"es","@id":"https:\/\/www.aquimicasa.net\/blog\/vivienda\/compraventa-de-viviendas\/el-precio-de-la-vivienda-vuelve-a-incrementarse-en-enero\/#primaryimage","url":"https:\/\/www.aquimicasa.net\/blog\/wp-content\/uploads\/dinero-y-casa-5-e1751016806616.jpg","contentUrl":"https:\/\/www.aquimicasa.net\/blog\/wp-content\/uploads\/dinero-y-casa-5-e1751016806616.jpg","width":500,"height":334,"caption":"Espa\u00f1a es el cuarto pa\u00eds de la UE en incremento de precio de la vivienda"},{"@type":"BreadcrumbList","@id":"https:\/\/www.aquimicasa.net\/blog\/vivienda\/compraventa-de-viviendas\/el-precio-de-la-vivienda-vuelve-a-incrementarse-en-enero\/#breadcrumb","itemListElement":[{"@type":"ListItem","position":1,"name":"Portada","item":"https:\/\/www.aquimicasa.net\/blog\/"},{"@type":"ListItem","position":2,"name":"El precio de la vivienda vuelve a incrementarse en enero"}]},{"@type":"WebSite","@id":"https:\/\/www.aquimicasa.net\/blog\/#website","url":"https:\/\/www.aquimicasa.net\/blog\/","name":"Blog de aquimicasa.net","description":"Noticias del Mundo Inmobiliario","publisher":{"@id":"https:\/\/www.aquimicasa.net\/blog\/#organization"},"potentialAction":[{"@type":"SearchAction","target":{"@type":"EntryPoint","urlTemplate":"https:\/\/www.aquimicasa.net\/blog\/?s={search_term_string}"},"query-input":{"@type":"PropertyValueSpecification","valueRequired":true,"valueName":"search_term_string"}}],"inLanguage":"es"},{"@type":"Organization","@id":"https:\/\/www.aquimicasa.net\/blog\/#organization","name":"Blog de aquimicasa.net","url":"https:\/\/www.aquimicasa.net\/blog\/","logo":{"@type":"ImageObject","inLanguage":"es","@id":"https:\/\/www.aquimicasa.net\/blog\/#\/schema\/logo\/image\/","url":"https:\/\/www.aquimicasa.net\/blog\/wp-content\/uploads\/Logo-aquimicasa-1-e1528048213782.png","contentUrl":"https:\/\/www.aquimicasa.net\/blog\/wp-content\/uploads\/Logo-aquimicasa-1-e1528048213782.png","width":225,"height":225,"caption":"Blog de aquimicasa.net"},"image":{"@id":"https:\/\/www.aquimicasa.net\/blog\/#\/schema\/logo\/image\/"},"sameAs":["https:\/\/www.facebook.com\/aquimicasa.net","https:\/\/www.instagram.com\/","https:\/\/x.com\/EduLizarragaD","https:\/\/www.linkedin.com\/feed\/"]},{"@type":"Person","@id":"https:\/\/www.aquimicasa.net\/blog\/#\/schema\/person\/2cdfa2605534583395c8d7ce1d6cac14","name":"Eduardo Lizarraga","image":{"@type":"ImageObject","inLanguage":"es","@id":"https:\/\/secure.gravatar.com\/avatar\/bdabe1eeeed97b65a9cb7de2edd624b07995f7e13abc5fead15961f745f908cc?s=96&d=mm&r=g","url":"https:\/\/secure.gravatar.com\/avatar\/bdabe1eeeed97b65a9cb7de2edd624b07995f7e13abc5fead15961f745f908cc?s=96&d=mm&r=g","contentUrl":"https:\/\/secure.gravatar.com\/avatar\/bdabe1eeeed97b65a9cb7de2edd624b07995f7e13abc5fead15961f745f908cc?s=96&d=mm&r=g","caption":"Eduardo Lizarraga"},"description":"Periodista Econ\u00f3mico. Ha trabajado en diversos campos de la informaci\u00f3n. Corresponsal en conflictos, analista pol\u00edtico en Congreso y Senado, periodista del medio ambiente, editor, director editorial, director de comunicaci\u00f3n.... En estos momentos se ha especializado en el sector inmobiliario. Pero tambi\u00e9n es navegante y viajero, preocupado por la pobreza, el medio ambiente y por las actuaciones descontroladas del neoliberalismo empresarial y pol\u00edtico en todo el mundo. Los desahucios, la pobreza infantil y la falta de acceso a los suministros b\u00e1sicos son algunos de los grandes dramas de nuestra sociedad y que es preciso solucionar para hacerla m\u00e1s justa. CEO en www.aquimicasa.net","sameAs":["https:\/\/www.aquimicasa.net\/"],"url":"https:\/\/www.aquimicasa.net\/blog\/author\/eduardo\/"}]}},"jetpack_publicize_connections":[],"jetpack_featured_media_url":"https:\/\/www.aquimicasa.net\/blog\/wp-content\/uploads\/dinero-y-casa-5-e1751016806616.jpg","jetpack_sharing_enabled":true,"jetpack_likes_enabled":true,"_links":{"self":[{"href":"https:\/\/www.aquimicasa.net\/blog\/wp-json\/wp\/v2\/posts\/55016","targetHints":{"allow":["GET"]}}],"collection":[{"href":"https:\/\/www.aquimicasa.net\/blog\/wp-json\/wp\/v2\/posts"}],"about":[{"href":"https:\/\/www.aquimicasa.net\/blog\/wp-json\/wp\/v2\/types\/post"}],"author":[{"embeddable":true,"href":"https:\/\/www.aquimicasa.net\/blog\/wp-json\/wp\/v2\/users\/3"}],"replies":[{"embeddable":true,"href":"https:\/\/www.aquimicasa.net\/blog\/wp-json\/wp\/v2\/comments?post=55016"}],"version-history":[{"count":2,"href":"https:\/\/www.aquimicasa.net\/blog\/wp-json\/wp\/v2\/posts\/55016\/revisions"}],"predecessor-version":[{"id":55022,"href":"https:\/\/www.aquimicasa.net\/blog\/wp-json\/wp\/v2\/posts\/55016\/revisions\/55022"}],"wp:featuredmedia":[{"embeddable":true,"href":"https:\/\/www.aquimicasa.net\/blog\/wp-json\/wp\/v2\/media\/51666"}],"wp:attachment":[{"href":"https:\/\/www.aquimicasa.net\/blog\/wp-json\/wp\/v2\/media?parent=55016"}],"wp:term":[{"taxonomy":"category","embeddable":true,"href":"https:\/\/www.aquimicasa.net\/blog\/wp-json\/wp\/v2\/categories?post=55016"},{"taxonomy":"post_tag","embeddable":true,"href":"https:\/\/www.aquimicasa.net\/blog\/wp-json\/wp\/v2\/tags?post=55016"}],"curies":[{"name":"wp","href":"https:\/\/api.w.org\/{rel}","templated":true}]}}