{"id":55102,"date":"2026-02-15T14:11:22","date_gmt":"2026-02-15T13:11:22","guid":{"rendered":"https:\/\/www.aquimicasa.net\/blog\/?p=55102"},"modified":"2026-02-15T14:11:22","modified_gmt":"2026-02-15T13:11:22","slug":"el-supremo-blinda-el-derecho-de-tanteo-de-los-inquilinos","status":"publish","type":"post","link":"https:\/\/www.aquimicasa.net\/blog\/vivienda\/alquileres\/el-supremo-blinda-el-derecho-de-tanteo-de-los-inquilinos\/","title":{"rendered":"EL Supremo blinda el derecho de tanteo de los inquilinos"},"content":{"rendered":"<div class=\"fusion-fullwidth fullwidth-box fusion-builder-row-1 fusion-flex-container nonhundred-percent-fullwidth non-hundred-percent-height-scrolling\" style=\"background-color: rgba(255,255,255,0);background-position: center center;background-repeat: no-repeat;border-width: 0px 0px 0px 0px;border-color:#eae9e9;border-style:solid;\" ><div class=\"fusion-builder-row fusion-row fusion-flex-align-items-flex-start\" style=\"max-width:1144px;margin-left: calc(-4% \/ 2 );margin-right: calc(-4% \/ 2 );\"><div class=\"fusion-layout-column fusion_builder_column fusion-builder-column-0 fusion_builder_column_1_1 1_1 fusion-flex-column\"><div class=\"fusion-column-wrapper fusion-flex-justify-content-flex-start fusion-content-layout-column\" style=\"background-position:left top;background-repeat:no-repeat;-webkit-background-size:cover;-moz-background-size:cover;-o-background-size:cover;background-size:cover;padding: 0px 0px 0px 0px;\"><div class=\"fusion-text fusion-text-1\"><div class=\"articleHead col-lg-12 col-md-12\">\n<div class=\"articleHead_wrap\">\n<p data-start=\"78\" data-end=\"789\">El Tribunal Supremo ha dictado una sentencia que refuerza de forma clara el derecho de tanteo y retracto de los inquilinos cuando la vivienda en la que residen es vendida a un fondo de inversi\u00f3n. La resoluci\u00f3n llega muchos a\u00f1os despu\u00e9s de que, en plena resaca de la crisis financiera y al inicio de la pasada d\u00e9cada, miles de viviendas fueran transmitidas en bloque a grandes inversores sin que sus ocupantes pudieran ejercer en la pr\u00e1ctica ese derecho en igualdad de condiciones. Aun as\u00ed, la decisi\u00f3n judicial supone <strong data-start=\"596\" data-end=\"661\">un avance significativo en la protecci\u00f3n de los arrendatarios<\/strong> y marca un punto de inflexi\u00f3n en la interpretaci\u00f3n de la Ley de Arrendamientos Urbanos en operaciones masivas de compraventa.<\/p>\n<h2 data-start=\"790\" data-end=\"890\"><strong>La sentencia Impide que los fondos se amparen en que la operaci\u00f3n est\u00e1 inscrita en el Registro.<\/strong><\/h2>\n<p data-start=\"891\" data-end=\"1602\">El alto tribunal deja claro que la mera inscripci\u00f3n de la transmisi\u00f3n en el Registro de la Propiedad no es suficiente para entender cumplido el deber de informaci\u00f3n al inquilino. La sentencia establece que <strong data-start=\"1097\" data-end=\"1167\">la publicidad registral no desplaza el deber legal de notificaci\u00f3n<\/strong>, de modo que solo cuando el arrendatario tenga un conocimiento completo y exacto de la venta podr\u00e1 empezar a contar el plazo de 30 d\u00edas para ejercer su derecho de retracto. El caso analizado part\u00eda de la venta en 2016 de un paquete de 19 viviendas de un banco a un fondo, sin comunicaci\u00f3n directa al inquilino afectado. La empresa defend\u00eda que la inscripci\u00f3n registral bastaba como publicidad. El Supremo lo descarta con rotundidad.<\/p>\n<h2 data-start=\"1603\" data-end=\"1725\"><strong>La Ley de Arrendamientos Urbanos no contempla que el inquilino deba asumir la carga de acceder al Registro Mercantil<\/strong><\/h2>\n<p data-start=\"1726\" data-end=\"2440\">La resoluci\u00f3n subraya que la Ley de Arrendamientos Urbanos impone al comprador la obligaci\u00f3n de notificar la operaci\u00f3n y sus condiciones, incluido el precio. <strong data-start=\"1884\" data-end=\"2046\">No corresponde al inquilino indagar en registros p\u00fablicos para conocer un cambio de titularidad que afecta directamente a su derecho de adquisici\u00f3n preferente<\/strong>. Aceptar lo contrario, se\u00f1ala la sentencia, equivaldr\u00eda a convertir el incumplimiento de la obligaci\u00f3n legal en una ventaja para quien lo comete. Esta interpretaci\u00f3n garantista refuerza la posici\u00f3n del arrendatario frente a operaciones complejas entre servicers y fondos de inversi\u00f3n, donde se transmiten edificios completos o carteras de activos con viviendas vac\u00edas, ocupadas y arrendadas.<\/p>\n<h2 data-start=\"2441\" data-end=\"2547\"><strong>La sentencia incrementa la posible p\u00e9rdida de rentabilidad en determinadas operaciones de los fondos.<\/strong><\/h2>\n<p data-start=\"2548\" data-end=\"3547\">El impacto pr\u00e1ctico es evidente. Aunque la venta se formalice en bloque, cada finca debe individualizarse y asign\u00e1rsele un precio concreto por razones fiscales y registrales. Esto abre la puerta a que el inquilino ejerza el retracto tomando como referencia ese valor individualizado, que en muchas ocasiones es inferior al precio de mercado al formar parte de una operaci\u00f3n global. <strong data-start=\"2930\" data-end=\"3034\">Se incrementa as\u00ed el riesgo para la rentabilidad prevista por los fondos en determinadas operaciones<\/strong>, especialmente en un contexto en el que varias comunidades aut\u00f3nomas han endurecido la regulaci\u00f3n del alquiler y el Gobierno estudia incentivos fiscales en el IRPF para propietarios que moderen las rentas. No es casual que en los \u00faltimos a\u00f1os algunos grandes tenedores est\u00e9n optando por vender carteras de viviendas en alquiler aprovechando un mercado alcista, tras haberlas adquirido en su d\u00eda a precios muy reducidos y sin que los antiguos propietarios pudieran ejercer el tanteo en condiciones equiparables.<\/p>\n<h2 data-start=\"3548\" data-end=\"3673\"><strong>La no aplicaci\u00f3n de una sentencia similar par las compraventas afect\u00f3 a centenares de miles de desahucios en la burbuja.<\/strong><\/h2>\n<p data-start=\"3674\" data-end=\"4614\" data-is-last-node=\"\" data-is-only-node=\"\">Durante los a\u00f1os m\u00e1s duros de la crisis inmobiliaria, la ausencia de una doctrina clara y garantista en operaciones masivas facilit\u00f3 la transmisi\u00f3n de viviendas ocupadas a fondos sin una protecci\u00f3n efectiva de sus residentes. <strong data-start=\"3900\" data-end=\"4050\">La falta de aplicaci\u00f3n rigurosa del derecho de tanteo y retracto en aquel momento contribuy\u00f3 a una cadena de desahucios y desplazamientos forzosos<\/strong> que marcaron a cientos de miles de familias. La sentencia actual no repara el pasado, pero s\u00ed introduce un criterio que puede evitar que se reproduzcan situaciones similares en el futuro. En un mercado del alquiler tensionado, con precios elevados y un debate abierto sobre el papel de los grandes tenedores, el pronunciamiento del Supremo representa un paso hacia una mayor equidad. Aunque llega tarde para muchos, supone una se\u00f1al de que el marco jur\u00eddico comienza, por fin, a equilibrar la balanza entre el derecho a la rentabilidad y el derecho a la vivienda.<\/p>\n<\/div>\n<\/div>\n<\/div><\/div><style type=\"text\/css\">.fusion-body .fusion-builder-column-0{width:100% !important;margin-top : 0px;margin-bottom : 0px;}.fusion-builder-column-0 > .fusion-column-wrapper {padding-top : 0px !important;padding-right : 0px !important;margin-right : 1.92%;padding-bottom : 0px !important;padding-left : 0px !important;margin-left : 1.92%;}@media only screen and (max-width:1024px) {.fusion-body .fusion-builder-column-0{width:100% !important;}.fusion-builder-column-0 > .fusion-column-wrapper {margin-right : 1.92%;margin-left : 1.92%;}}@media only screen and (max-width:640px) {.fusion-body .fusion-builder-column-0{width:100% !important;}.fusion-builder-column-0 > .fusion-column-wrapper {margin-right : 1.92%;margin-left : 1.92%;}}<\/style><\/div><\/div><style type=\"text\/css\">.fusion-body .fusion-flex-container.fusion-builder-row-1{ padding-top : 0px;margin-top : 0px;padding-right : 0px;padding-bottom : 0px;margin-bottom : 0px;padding-left : 0px;}<\/style><\/div>\n","protected":false},"excerpt":{"rendered":"<p>El impacto pr\u00e1ctico es evidente. Aunque la venta se formalice en bloque, cada finca debe individualizarse y asign\u00e1rsele un precio concreto por razones fiscales y registrales. Esto abre la puerta a que el inquilino ejerza el retracto tomando como referencia ese valor individualizado, que en muchas ocasiones es inferior al precio de mercado al formar parte de una operaci\u00f3n global.<\/p>\n","protected":false},"author":3,"featured_media":55113,"comment_status":"closed","ping_status":"closed","sticky":false,"template":"","format":"standard","meta":{"_jetpack_memberships_contains_paid_content":false,"footnotes":"","jetpack_publicize_message":"","jetpack_publicize_feature_enabled":true,"jetpack_social_post_already_shared":true,"jetpack_social_options":{"image_generator_settings":{"template":"highway","default_image_id":0,"font":"","enabled":false},"version":2}},"categories":[120],"tags":[8278],"class_list":["post-55102","post","type-post","status-publish","format-standard","has-post-thumbnail","hentry","category-alquileres","tag-newsletter-553"],"yoast_head":"<!-- This site is optimized with the Yoast SEO plugin v27.4 - https:\/\/yoast.com\/product\/yoast-seo-wordpress\/ -->\n<title>EL Supremo blinda el derecho de tanteo de los inquilinos<\/title>\n<meta name=\"description\" content=\"La sentencia marca un punto de inflexi\u00f3n en la interpretaci\u00f3n de la Ley de Arrendamientos Urbanos en operaciones masivas de compraventa.\" \/>\n<meta name=\"robots\" content=\"index, follow, max-snippet:-1, max-image-preview:large, max-video-preview:-1\" \/>\n<link rel=\"canonical\" href=\"https:\/\/www.aquimicasa.net\/blog\/vivienda\/alquileres\/el-supremo-blinda-el-derecho-de-tanteo-de-los-inquilinos\/\" \/>\n<meta property=\"og:locale\" content=\"es_ES\" \/>\n<meta property=\"og:type\" content=\"article\" \/>\n<meta property=\"og:title\" content=\"EL Supremo blinda el derecho de tanteo de los inquilinos\" \/>\n<meta property=\"og:description\" content=\"La sentencia marca un punto de inflexi\u00f3n en la interpretaci\u00f3n de la Ley de Arrendamientos Urbanos en operaciones masivas de compraventa.\" \/>\n<meta property=\"og:url\" content=\"https:\/\/www.aquimicasa.net\/blog\/vivienda\/alquileres\/el-supremo-blinda-el-derecho-de-tanteo-de-los-inquilinos\/\" \/>\n<meta property=\"og:site_name\" content=\"Blog de aquimicasa.net\" \/>\n<meta property=\"article:publisher\" content=\"https:\/\/www.facebook.com\/aquimicasa.net\" \/>\n<meta property=\"article:published_time\" content=\"2026-02-15T13:11:22+00:00\" \/>\n<meta property=\"og:image\" content=\"https:\/\/www.aquimicasa.net\/blog\/wp-content\/uploads\/Buitres-y-viviendas-sociales-10-e1771160827313.png\" \/>\n\t<meta property=\"og:image:width\" content=\"600\" \/>\n\t<meta property=\"og:image:height\" content=\"336\" \/>\n\t<meta property=\"og:image:type\" content=\"image\/png\" \/>\n<meta name=\"author\" content=\"Eduardo Lizarraga\" \/>\n<meta name=\"twitter:label1\" content=\"Escrito por\" \/>\n\t<meta name=\"twitter:data1\" content=\"Eduardo Lizarraga\" \/>\n\t<meta name=\"twitter:label2\" content=\"Tiempo de lectura\" \/>\n\t<meta name=\"twitter:data2\" content=\"4 minutos\" \/>\n<script type=\"application\/ld+json\" class=\"yoast-schema-graph\">{\"@context\":\"https:\\\/\\\/schema.org\",\"@graph\":[{\"@type\":\"Article\",\"@id\":\"https:\\\/\\\/www.aquimicasa.net\\\/blog\\\/vivienda\\\/alquileres\\\/el-supremo-blinda-el-derecho-de-tanteo-de-los-inquilinos\\\/#article\",\"isPartOf\":{\"@id\":\"https:\\\/\\\/www.aquimicasa.net\\\/blog\\\/vivienda\\\/alquileres\\\/el-supremo-blinda-el-derecho-de-tanteo-de-los-inquilinos\\\/\"},\"author\":{\"name\":\"Eduardo Lizarraga\",\"@id\":\"https:\\\/\\\/www.aquimicasa.net\\\/blog\\\/#\\\/schema\\\/person\\\/2cdfa2605534583395c8d7ce1d6cac14\"},\"headline\":\"EL Supremo blinda el derecho de tanteo de los inquilinos\",\"datePublished\":\"2026-02-15T13:11:22+00:00\",\"mainEntityOfPage\":{\"@id\":\"https:\\\/\\\/www.aquimicasa.net\\\/blog\\\/vivienda\\\/alquileres\\\/el-supremo-blinda-el-derecho-de-tanteo-de-los-inquilinos\\\/\"},\"wordCount\":1007,\"publisher\":{\"@id\":\"https:\\\/\\\/www.aquimicasa.net\\\/blog\\\/#organization\"},\"image\":{\"@id\":\"https:\\\/\\\/www.aquimicasa.net\\\/blog\\\/vivienda\\\/alquileres\\\/el-supremo-blinda-el-derecho-de-tanteo-de-los-inquilinos\\\/#primaryimage\"},\"thumbnailUrl\":\"https:\\\/\\\/www.aquimicasa.net\\\/blog\\\/wp-content\\\/uploads\\\/Buitres-y-viviendas-sociales-10-e1771160827313.png\",\"keywords\":[\"newsletter 553\"],\"articleSection\":[\"Alquiler\"],\"inLanguage\":\"es\"},{\"@type\":\"WebPage\",\"@id\":\"https:\\\/\\\/www.aquimicasa.net\\\/blog\\\/vivienda\\\/alquileres\\\/el-supremo-blinda-el-derecho-de-tanteo-de-los-inquilinos\\\/\",\"url\":\"https:\\\/\\\/www.aquimicasa.net\\\/blog\\\/vivienda\\\/alquileres\\\/el-supremo-blinda-el-derecho-de-tanteo-de-los-inquilinos\\\/\",\"name\":\"EL Supremo blinda el derecho de tanteo de los inquilinos\",\"isPartOf\":{\"@id\":\"https:\\\/\\\/www.aquimicasa.net\\\/blog\\\/#website\"},\"primaryImageOfPage\":{\"@id\":\"https:\\\/\\\/www.aquimicasa.net\\\/blog\\\/vivienda\\\/alquileres\\\/el-supremo-blinda-el-derecho-de-tanteo-de-los-inquilinos\\\/#primaryimage\"},\"image\":{\"@id\":\"https:\\\/\\\/www.aquimicasa.net\\\/blog\\\/vivienda\\\/alquileres\\\/el-supremo-blinda-el-derecho-de-tanteo-de-los-inquilinos\\\/#primaryimage\"},\"thumbnailUrl\":\"https:\\\/\\\/www.aquimicasa.net\\\/blog\\\/wp-content\\\/uploads\\\/Buitres-y-viviendas-sociales-10-e1771160827313.png\",\"datePublished\":\"2026-02-15T13:11:22+00:00\",\"description\":\"La sentencia marca un punto de inflexi\u00f3n en la interpretaci\u00f3n de la Ley de Arrendamientos Urbanos en operaciones masivas de compraventa.\",\"breadcrumb\":{\"@id\":\"https:\\\/\\\/www.aquimicasa.net\\\/blog\\\/vivienda\\\/alquileres\\\/el-supremo-blinda-el-derecho-de-tanteo-de-los-inquilinos\\\/#breadcrumb\"},\"inLanguage\":\"es\",\"potentialAction\":[{\"@type\":\"ReadAction\",\"target\":[\"https:\\\/\\\/www.aquimicasa.net\\\/blog\\\/vivienda\\\/alquileres\\\/el-supremo-blinda-el-derecho-de-tanteo-de-los-inquilinos\\\/\"]}]},{\"@type\":\"ImageObject\",\"inLanguage\":\"es\",\"@id\":\"https:\\\/\\\/www.aquimicasa.net\\\/blog\\\/vivienda\\\/alquileres\\\/el-supremo-blinda-el-derecho-de-tanteo-de-los-inquilinos\\\/#primaryimage\",\"url\":\"https:\\\/\\\/www.aquimicasa.net\\\/blog\\\/wp-content\\\/uploads\\\/Buitres-y-viviendas-sociales-10-e1771160827313.png\",\"contentUrl\":\"https:\\\/\\\/www.aquimicasa.net\\\/blog\\\/wp-content\\\/uploads\\\/Buitres-y-viviendas-sociales-10-e1771160827313.png\",\"width\":600,\"height\":336,\"caption\":\"Fondos buitre y viviendas en alquiler\"},{\"@type\":\"BreadcrumbList\",\"@id\":\"https:\\\/\\\/www.aquimicasa.net\\\/blog\\\/vivienda\\\/alquileres\\\/el-supremo-blinda-el-derecho-de-tanteo-de-los-inquilinos\\\/#breadcrumb\",\"itemListElement\":[{\"@type\":\"ListItem\",\"position\":1,\"name\":\"Portada\",\"item\":\"https:\\\/\\\/www.aquimicasa.net\\\/blog\\\/\"},{\"@type\":\"ListItem\",\"position\":2,\"name\":\"EL Supremo blinda el derecho de tanteo de los inquilinos\"}]},{\"@type\":\"WebSite\",\"@id\":\"https:\\\/\\\/www.aquimicasa.net\\\/blog\\\/#website\",\"url\":\"https:\\\/\\\/www.aquimicasa.net\\\/blog\\\/\",\"name\":\"Blog de aquimicasa.net\",\"description\":\"Noticias del Mundo Inmobiliario\",\"publisher\":{\"@id\":\"https:\\\/\\\/www.aquimicasa.net\\\/blog\\\/#organization\"},\"potentialAction\":[{\"@type\":\"SearchAction\",\"target\":{\"@type\":\"EntryPoint\",\"urlTemplate\":\"https:\\\/\\\/www.aquimicasa.net\\\/blog\\\/?s={search_term_string}\"},\"query-input\":{\"@type\":\"PropertyValueSpecification\",\"valueRequired\":true,\"valueName\":\"search_term_string\"}}],\"inLanguage\":\"es\"},{\"@type\":\"Organization\",\"@id\":\"https:\\\/\\\/www.aquimicasa.net\\\/blog\\\/#organization\",\"name\":\"Blog de aquimicasa.net\",\"url\":\"https:\\\/\\\/www.aquimicasa.net\\\/blog\\\/\",\"logo\":{\"@type\":\"ImageObject\",\"inLanguage\":\"es\",\"@id\":\"https:\\\/\\\/www.aquimicasa.net\\\/blog\\\/#\\\/schema\\\/logo\\\/image\\\/\",\"url\":\"https:\\\/\\\/www.aquimicasa.net\\\/blog\\\/wp-content\\\/uploads\\\/Logo-aquimicasa-1-e1528048213782.png\",\"contentUrl\":\"https:\\\/\\\/www.aquimicasa.net\\\/blog\\\/wp-content\\\/uploads\\\/Logo-aquimicasa-1-e1528048213782.png\",\"width\":225,\"height\":225,\"caption\":\"Blog de aquimicasa.net\"},\"image\":{\"@id\":\"https:\\\/\\\/www.aquimicasa.net\\\/blog\\\/#\\\/schema\\\/logo\\\/image\\\/\"},\"sameAs\":[\"https:\\\/\\\/www.facebook.com\\\/aquimicasa.net\",\"https:\\\/\\\/www.instagram.com\\\/\",\"https:\\\/\\\/x.com\\\/EduLizarragaD\",\"https:\\\/\\\/www.linkedin.com\\\/feed\\\/\"]},{\"@type\":\"Person\",\"@id\":\"https:\\\/\\\/www.aquimicasa.net\\\/blog\\\/#\\\/schema\\\/person\\\/2cdfa2605534583395c8d7ce1d6cac14\",\"name\":\"Eduardo Lizarraga\",\"image\":{\"@type\":\"ImageObject\",\"inLanguage\":\"es\",\"@id\":\"https:\\\/\\\/secure.gravatar.com\\\/avatar\\\/bdabe1eeeed97b65a9cb7de2edd624b07995f7e13abc5fead15961f745f908cc?s=96&d=mm&r=g\",\"url\":\"https:\\\/\\\/secure.gravatar.com\\\/avatar\\\/bdabe1eeeed97b65a9cb7de2edd624b07995f7e13abc5fead15961f745f908cc?s=96&d=mm&r=g\",\"contentUrl\":\"https:\\\/\\\/secure.gravatar.com\\\/avatar\\\/bdabe1eeeed97b65a9cb7de2edd624b07995f7e13abc5fead15961f745f908cc?s=96&d=mm&r=g\",\"caption\":\"Eduardo Lizarraga\"},\"description\":\"Periodista Econ\u00f3mico. Ha trabajado en diversos campos de la informaci\u00f3n. Corresponsal en conflictos, analista pol\u00edtico en Congreso y Senado, periodista del medio ambiente, editor, director editorial, director de comunicaci\u00f3n.... En estos momentos se ha especializado en el sector inmobiliario. Pero tambi\u00e9n es navegante y viajero, preocupado por la pobreza, el medio ambiente y por las actuaciones descontroladas del neoliberalismo empresarial y pol\u00edtico en todo el mundo. Los desahucios, la pobreza infantil y la falta de acceso a los suministros b\u00e1sicos son algunos de los grandes dramas de nuestra sociedad y que es preciso solucionar para hacerla m\u00e1s justa. CEO en www.aquimicasa.net\",\"sameAs\":[\"https:\\\/\\\/www.aquimicasa.net\\\/\"],\"url\":\"https:\\\/\\\/www.aquimicasa.net\\\/blog\\\/author\\\/eduardo\\\/\"}]}<\/script>\n<!-- \/ Yoast SEO plugin. -->","yoast_head_json":{"title":"EL Supremo blinda el derecho de tanteo de los inquilinos","description":"La sentencia marca un punto de inflexi\u00f3n en la interpretaci\u00f3n de la Ley de Arrendamientos Urbanos en operaciones masivas de compraventa.","robots":{"index":"index","follow":"follow","max-snippet":"max-snippet:-1","max-image-preview":"max-image-preview:large","max-video-preview":"max-video-preview:-1"},"canonical":"https:\/\/www.aquimicasa.net\/blog\/vivienda\/alquileres\/el-supremo-blinda-el-derecho-de-tanteo-de-los-inquilinos\/","og_locale":"es_ES","og_type":"article","og_title":"EL Supremo blinda el derecho de tanteo de los inquilinos","og_description":"La sentencia marca un punto de inflexi\u00f3n en la interpretaci\u00f3n de la Ley de Arrendamientos Urbanos en operaciones masivas de compraventa.","og_url":"https:\/\/www.aquimicasa.net\/blog\/vivienda\/alquileres\/el-supremo-blinda-el-derecho-de-tanteo-de-los-inquilinos\/","og_site_name":"Blog de aquimicasa.net","article_publisher":"https:\/\/www.facebook.com\/aquimicasa.net","article_published_time":"2026-02-15T13:11:22+00:00","og_image":[{"width":600,"height":336,"url":"https:\/\/www.aquimicasa.net\/blog\/wp-content\/uploads\/Buitres-y-viviendas-sociales-10-e1771160827313.png","type":"image\/png"}],"author":"Eduardo Lizarraga","twitter_misc":{"Escrito por":"Eduardo Lizarraga","Tiempo de lectura":"4 minutos"},"schema":{"@context":"https:\/\/schema.org","@graph":[{"@type":"Article","@id":"https:\/\/www.aquimicasa.net\/blog\/vivienda\/alquileres\/el-supremo-blinda-el-derecho-de-tanteo-de-los-inquilinos\/#article","isPartOf":{"@id":"https:\/\/www.aquimicasa.net\/blog\/vivienda\/alquileres\/el-supremo-blinda-el-derecho-de-tanteo-de-los-inquilinos\/"},"author":{"name":"Eduardo Lizarraga","@id":"https:\/\/www.aquimicasa.net\/blog\/#\/schema\/person\/2cdfa2605534583395c8d7ce1d6cac14"},"headline":"EL Supremo blinda el derecho de tanteo de los inquilinos","datePublished":"2026-02-15T13:11:22+00:00","mainEntityOfPage":{"@id":"https:\/\/www.aquimicasa.net\/blog\/vivienda\/alquileres\/el-supremo-blinda-el-derecho-de-tanteo-de-los-inquilinos\/"},"wordCount":1007,"publisher":{"@id":"https:\/\/www.aquimicasa.net\/blog\/#organization"},"image":{"@id":"https:\/\/www.aquimicasa.net\/blog\/vivienda\/alquileres\/el-supremo-blinda-el-derecho-de-tanteo-de-los-inquilinos\/#primaryimage"},"thumbnailUrl":"https:\/\/www.aquimicasa.net\/blog\/wp-content\/uploads\/Buitres-y-viviendas-sociales-10-e1771160827313.png","keywords":["newsletter 553"],"articleSection":["Alquiler"],"inLanguage":"es"},{"@type":"WebPage","@id":"https:\/\/www.aquimicasa.net\/blog\/vivienda\/alquileres\/el-supremo-blinda-el-derecho-de-tanteo-de-los-inquilinos\/","url":"https:\/\/www.aquimicasa.net\/blog\/vivienda\/alquileres\/el-supremo-blinda-el-derecho-de-tanteo-de-los-inquilinos\/","name":"EL Supremo blinda el derecho de tanteo de los inquilinos","isPartOf":{"@id":"https:\/\/www.aquimicasa.net\/blog\/#website"},"primaryImageOfPage":{"@id":"https:\/\/www.aquimicasa.net\/blog\/vivienda\/alquileres\/el-supremo-blinda-el-derecho-de-tanteo-de-los-inquilinos\/#primaryimage"},"image":{"@id":"https:\/\/www.aquimicasa.net\/blog\/vivienda\/alquileres\/el-supremo-blinda-el-derecho-de-tanteo-de-los-inquilinos\/#primaryimage"},"thumbnailUrl":"https:\/\/www.aquimicasa.net\/blog\/wp-content\/uploads\/Buitres-y-viviendas-sociales-10-e1771160827313.png","datePublished":"2026-02-15T13:11:22+00:00","description":"La sentencia marca un punto de inflexi\u00f3n en la interpretaci\u00f3n de la Ley de Arrendamientos Urbanos en operaciones masivas de compraventa.","breadcrumb":{"@id":"https:\/\/www.aquimicasa.net\/blog\/vivienda\/alquileres\/el-supremo-blinda-el-derecho-de-tanteo-de-los-inquilinos\/#breadcrumb"},"inLanguage":"es","potentialAction":[{"@type":"ReadAction","target":["https:\/\/www.aquimicasa.net\/blog\/vivienda\/alquileres\/el-supremo-blinda-el-derecho-de-tanteo-de-los-inquilinos\/"]}]},{"@type":"ImageObject","inLanguage":"es","@id":"https:\/\/www.aquimicasa.net\/blog\/vivienda\/alquileres\/el-supremo-blinda-el-derecho-de-tanteo-de-los-inquilinos\/#primaryimage","url":"https:\/\/www.aquimicasa.net\/blog\/wp-content\/uploads\/Buitres-y-viviendas-sociales-10-e1771160827313.png","contentUrl":"https:\/\/www.aquimicasa.net\/blog\/wp-content\/uploads\/Buitres-y-viviendas-sociales-10-e1771160827313.png","width":600,"height":336,"caption":"Fondos buitre y viviendas en alquiler"},{"@type":"BreadcrumbList","@id":"https:\/\/www.aquimicasa.net\/blog\/vivienda\/alquileres\/el-supremo-blinda-el-derecho-de-tanteo-de-los-inquilinos\/#breadcrumb","itemListElement":[{"@type":"ListItem","position":1,"name":"Portada","item":"https:\/\/www.aquimicasa.net\/blog\/"},{"@type":"ListItem","position":2,"name":"EL Supremo blinda el derecho de tanteo de los inquilinos"}]},{"@type":"WebSite","@id":"https:\/\/www.aquimicasa.net\/blog\/#website","url":"https:\/\/www.aquimicasa.net\/blog\/","name":"Blog de aquimicasa.net","description":"Noticias del Mundo Inmobiliario","publisher":{"@id":"https:\/\/www.aquimicasa.net\/blog\/#organization"},"potentialAction":[{"@type":"SearchAction","target":{"@type":"EntryPoint","urlTemplate":"https:\/\/www.aquimicasa.net\/blog\/?s={search_term_string}"},"query-input":{"@type":"PropertyValueSpecification","valueRequired":true,"valueName":"search_term_string"}}],"inLanguage":"es"},{"@type":"Organization","@id":"https:\/\/www.aquimicasa.net\/blog\/#organization","name":"Blog de aquimicasa.net","url":"https:\/\/www.aquimicasa.net\/blog\/","logo":{"@type":"ImageObject","inLanguage":"es","@id":"https:\/\/www.aquimicasa.net\/blog\/#\/schema\/logo\/image\/","url":"https:\/\/www.aquimicasa.net\/blog\/wp-content\/uploads\/Logo-aquimicasa-1-e1528048213782.png","contentUrl":"https:\/\/www.aquimicasa.net\/blog\/wp-content\/uploads\/Logo-aquimicasa-1-e1528048213782.png","width":225,"height":225,"caption":"Blog de aquimicasa.net"},"image":{"@id":"https:\/\/www.aquimicasa.net\/blog\/#\/schema\/logo\/image\/"},"sameAs":["https:\/\/www.facebook.com\/aquimicasa.net","https:\/\/www.instagram.com\/","https:\/\/x.com\/EduLizarragaD","https:\/\/www.linkedin.com\/feed\/"]},{"@type":"Person","@id":"https:\/\/www.aquimicasa.net\/blog\/#\/schema\/person\/2cdfa2605534583395c8d7ce1d6cac14","name":"Eduardo Lizarraga","image":{"@type":"ImageObject","inLanguage":"es","@id":"https:\/\/secure.gravatar.com\/avatar\/bdabe1eeeed97b65a9cb7de2edd624b07995f7e13abc5fead15961f745f908cc?s=96&d=mm&r=g","url":"https:\/\/secure.gravatar.com\/avatar\/bdabe1eeeed97b65a9cb7de2edd624b07995f7e13abc5fead15961f745f908cc?s=96&d=mm&r=g","contentUrl":"https:\/\/secure.gravatar.com\/avatar\/bdabe1eeeed97b65a9cb7de2edd624b07995f7e13abc5fead15961f745f908cc?s=96&d=mm&r=g","caption":"Eduardo Lizarraga"},"description":"Periodista Econ\u00f3mico. Ha trabajado en diversos campos de la informaci\u00f3n. Corresponsal en conflictos, analista pol\u00edtico en Congreso y Senado, periodista del medio ambiente, editor, director editorial, director de comunicaci\u00f3n.... En estos momentos se ha especializado en el sector inmobiliario. Pero tambi\u00e9n es navegante y viajero, preocupado por la pobreza, el medio ambiente y por las actuaciones descontroladas del neoliberalismo empresarial y pol\u00edtico en todo el mundo. Los desahucios, la pobreza infantil y la falta de acceso a los suministros b\u00e1sicos son algunos de los grandes dramas de nuestra sociedad y que es preciso solucionar para hacerla m\u00e1s justa. CEO en www.aquimicasa.net","sameAs":["https:\/\/www.aquimicasa.net\/"],"url":"https:\/\/www.aquimicasa.net\/blog\/author\/eduardo\/"}]}},"jetpack_publicize_connections":[],"jetpack_featured_media_url":"https:\/\/www.aquimicasa.net\/blog\/wp-content\/uploads\/Buitres-y-viviendas-sociales-10-e1771160827313.png","jetpack_sharing_enabled":true,"jetpack_likes_enabled":true,"_links":{"self":[{"href":"https:\/\/www.aquimicasa.net\/blog\/wp-json\/wp\/v2\/posts\/55102","targetHints":{"allow":["GET"]}}],"collection":[{"href":"https:\/\/www.aquimicasa.net\/blog\/wp-json\/wp\/v2\/posts"}],"about":[{"href":"https:\/\/www.aquimicasa.net\/blog\/wp-json\/wp\/v2\/types\/post"}],"author":[{"embeddable":true,"href":"https:\/\/www.aquimicasa.net\/blog\/wp-json\/wp\/v2\/users\/3"}],"replies":[{"embeddable":true,"href":"https:\/\/www.aquimicasa.net\/blog\/wp-json\/wp\/v2\/comments?post=55102"}],"version-history":[{"count":4,"href":"https:\/\/www.aquimicasa.net\/blog\/wp-json\/wp\/v2\/posts\/55102\/revisions"}],"predecessor-version":[{"id":55115,"href":"https:\/\/www.aquimicasa.net\/blog\/wp-json\/wp\/v2\/posts\/55102\/revisions\/55115"}],"wp:featuredmedia":[{"embeddable":true,"href":"https:\/\/www.aquimicasa.net\/blog\/wp-json\/wp\/v2\/media\/55113"}],"wp:attachment":[{"href":"https:\/\/www.aquimicasa.net\/blog\/wp-json\/wp\/v2\/media?parent=55102"}],"wp:term":[{"taxonomy":"category","embeddable":true,"href":"https:\/\/www.aquimicasa.net\/blog\/wp-json\/wp\/v2\/categories?post=55102"},{"taxonomy":"post_tag","embeddable":true,"href":"https:\/\/www.aquimicasa.net\/blog\/wp-json\/wp\/v2\/tags?post=55102"}],"curies":[{"name":"wp","href":"https:\/\/api.w.org\/{rel}","templated":true}]}}