{"id":55122,"date":"2026-02-17T22:00:33","date_gmt":"2026-02-17T21:00:33","guid":{"rendered":"https:\/\/www.aquimicasa.net\/blog\/?p=55122"},"modified":"2026-02-17T22:00:33","modified_gmt":"2026-02-17T21:00:33","slug":"el-fondo-espana-crece-movilizara-23-000-millones-para-vivienda","status":"publish","type":"post","link":"https:\/\/www.aquimicasa.net\/blog\/vivienda\/construccion-de-viviendas\/el-fondo-espana-crece-movilizara-23-000-millones-para-vivienda\/","title":{"rendered":"El Fondo Espa\u00f1a Crece movilizar\u00e1 23.000 millones para vivienda"},"content":{"rendered":"<div class=\"fusion-fullwidth fullwidth-box fusion-builder-row-1 fusion-flex-container nonhundred-percent-fullwidth non-hundred-percent-height-scrolling\" style=\"background-color: rgba(255,255,255,0);background-position: center center;background-repeat: no-repeat;border-width: 0px 0px 0px 0px;border-color:#eae9e9;border-style:solid;\" ><div class=\"fusion-builder-row fusion-row fusion-flex-align-items-flex-start\" style=\"max-width:1144px;margin-left: calc(-4% \/ 2 );margin-right: calc(-4% \/ 2 );\"><div class=\"fusion-layout-column fusion_builder_column fusion-builder-column-0 fusion_builder_column_1_1 1_1 fusion-flex-column\"><div class=\"fusion-column-wrapper fusion-flex-justify-content-flex-start fusion-content-layout-column\" style=\"background-position:left top;background-repeat:no-repeat;-webkit-background-size:cover;-moz-background-size:cover;-o-background-size:cover;background-size:cover;padding: 0px 0px 0px 0px;\"><div class=\"fusion-text fusion-text-1\"><div class=\"edi-advertising ad__no-dotted ad__no-legend ad-desktop-intext hide-in-mobile\">\n<div class=\"advertising-wrapper\">\n<div id=\"10_mediumRectangle\" class=\"advertising\" data-google-query-id=\"CNGq4vie4ZIDFRj9DQkdRFcPEQ\">\n<div id=\"sm-it-main-container-1771355900889\" class=\"sm-it-main-container\" data-it=\"6619fbaf-4de7-41ba-ad72-4d7020fbdf16\" data-device=\"desktop\" data-index=\"0\">\n<div id=\"sm-reference-1771355900889\" class=\"sm-reference\">\n<div class=\"flex flex-col text-sm pb-25\">\n<article class=\"text-token-text-primary w-full focus:outline-none &#091;--shadow-height:45px&#093; has-data-writing-block:pointer-events-none has-data-writing-block:-mt-(--shadow-height) has-data-writing-block:pt-(--shadow-height) &#091;&amp;:has(&#091;data-writing-block&#093;)&gt;*&#093;:pointer-events-auto scroll-mt-&#091;calc(var(--header-height)+min(200px,max(70px,20svh)))&#093;\" dir=\"auto\" tabindex=\"-1\" data-turn-id=\"request-WEB:e0a5846e-3784-4ef3-86f7-57bf85451a38-4\" data-testid=\"conversation-turn-10\" data-scroll-anchor=\"true\" data-turn=\"assistant\">\n<div class=\"text-base my-auto mx-auto pb-10 &#091;--thread-content-margin:--spacing(4)&#093; @w-sm\/main:&#091;--thread-content-margin:--spacing(6)&#093; @w-lg\/main:&#091;--thread-content-margin:--spacing(16)&#093; px-(--thread-content-margin)\">\n<div class=\"&#091;--thread-content-max-width:40rem&#093; @w-lg\/main:&#091;--thread-content-max-width:48rem&#093; mx-auto max-w-(--thread-content-max-width) flex-1 group\/turn-messages focus-visible:outline-hidden relative flex w-full min-w-0 flex-col agent-turn\" tabindex=\"-1\">\n<div class=\"flex max-w-full flex-col grow\">\n<div class=\"min-h-8 text-message relative flex w-full flex-col items-end gap-2 text-start break-words whitespace-normal &#091;.text-message+&amp;&#093;:mt-1\" dir=\"auto\" data-message-author-role=\"assistant\" data-message-id=\"d8f28aab-eff0-43d5-9b63-61cd7f2e7480\" data-message-model-slug=\"gpt-5-2\">\n<div class=\"flex w-full flex-col gap-1 empty:hidden first:pt-&#091;1px&#093;\">\n<div class=\"markdown prose dark:prose-invert w-full wrap-break-word light markdown-new-styling\">\n<p data-start=\"66\" data-end=\"607\">El presidente del Gobierno, <strong data-start=\"94\" data-end=\"111\">Pedro S\u00e1nchez<\/strong>, ha anunciado la puesta en marcha del nuevo Fondo Espa\u00f1a Crece, un instrumento financiero con el que el Ejecutivo prev\u00e9 movilizar <strong data-start=\"242\" data-end=\"278\">23.000 millones de euros anuales<\/strong>, entre recursos p\u00fablicos y privados, con el objetivo declarado de \u201cdinamizar la oferta de vivienda\u201d y avanzar en el cierre del d\u00e9ficit habitacional. Seg\u00fan explic\u00f3 el jefe del Ejecutivo, esta inyecci\u00f3n permitir\u00e1 impulsar la <strong data-start=\"502\" data-end=\"557\">construcci\u00f3n de 15.000 viviendas adicionales al a\u00f1o<\/strong>, principalmente orientadas al alquiler asequible.<\/p>\n<p data-start=\"609\" data-end=\"1085\">Durante la presentaci\u00f3n del fondo soberano, S\u00e1nchez defendi\u00f3 que el instrumento pretende atraer inversi\u00f3n privada hacia la promoci\u00f3n residencial sin fomentar din\u00e1micas especulativas. En sus palabras, se trata de extender una \u201calfombra roja\u201d al inversor privado, pero no para especular con un derecho constitucional, sino para facilitar el acceso a un hogar a quienes hoy encuentran dificultades, cuando no imposibilidad, para acceder a una vivienda en propiedad o en alquiler.<\/p>\n<p data-start=\"1087\" data-end=\"1724\">El anuncio se produce en un contexto marcado por la persistente tensi\u00f3n en el mercado residencial, donde <strong data-start=\"1192\" data-end=\"1280\">el encarecimiento tanto en venta como en alquiler contin\u00faa presionando a los hogares<\/strong>, especialmente en las grandes \u00e1reas metropolitanas y zonas tur\u00edsticas. Para los consumidores, el impacto de la situaci\u00f3n de la vivienda es ante todo personal: retraso en la emancipaci\u00f3n, sobreendeudamiento, cambios forzosos de residencia o p\u00e9rdida de oportunidades laborales. En este escenario, cualquier medida que apueste por ampliar la oferta resulta clave, aunque el sector seguir\u00e1 pendiente de su ejecuci\u00f3n real y de los plazos efectivos.<\/p>\n<h2 data-start=\"1726\" data-end=\"1790\"><strong>Un Fondo gestionado por el Instituto de Cr\u00e9dito Oficial (ICO)<\/strong><\/h2>\n<p data-start=\"1792\" data-end=\"2300\">El nuevo veh\u00edculo ser\u00e1 gestionado por el <strong data-start=\"1833\" data-end=\"1871\">Instituto de Cr\u00e9dito Oficial (ICO)<\/strong>, dependiente del Ministerio de Econom\u00eda, y se prev\u00e9 que entre en funcionamiento en el segundo trimestre del a\u00f1o. Contar\u00e1 con una dotaci\u00f3n inicial de 13.300 millones de euros procedentes de los pr\u00e9stamos del Plan de Recuperaci\u00f3n de la Uni\u00f3n Europea. A diferencia de los fondos Next Generation, que tienen un horizonte temporal definido, Espa\u00f1a Crece tendr\u00e1 car\u00e1cter permanente y no estar\u00e1 sujeto a un plazo concreto de ejecuci\u00f3n.<\/p>\n<p data-start=\"2302\" data-end=\"2832\">De los recursos previstos, el Ejecutivo ha se\u00f1alado que <strong data-start=\"2358\" data-end=\"2417\">2.000 millones se destinar\u00e1n espec\u00edficamente a vivienda<\/strong>, lo que permitir\u00eda al ICO apalancarse hasta 14.000 millones para esta pol\u00edtica concreta, mientras que otros 9.000 millones proceder\u00edan de la inversi\u00f3n privada que logre atraer el banco p\u00fablico. El objetivo es facilitar financiaci\u00f3n a promociones que, por el perfil de rentas al que se dirigen y por sus horizontes de retorno, requieren instrumentos adaptados y un reparto de riesgos entre sector p\u00fablico y privado.<\/p>\n<p data-start=\"2834\" data-end=\"3234\">Para el Gobierno, la falta de financiaci\u00f3n no puede convertirse en un nuevo cuello de botella para el desarrollo de vivienda asequible. Sin embargo, desde la \u00f3ptica del consumidor y del an\u00e1lisis sectorial, la clave no ser\u00e1 solo la disponibilidad de cr\u00e9dito, sino la capacidad de transformar estos fondos en suelo finalista, proyectos viables y viviendas efectivamente entregadas en plazos razonables.<\/p>\n<h2 data-start=\"3236\" data-end=\"3294\"><strong>Espa\u00f1a Crece movilizar\u00e1 hasta 120.000 millones de euros<\/strong><\/h2>\n<p data-start=\"3296\" data-end=\"3759\">M\u00e1s all\u00e1 del \u00e1mbito residencial, el Ejecutivo ha explicado que el fondo aspira a <strong data-start=\"3377\" data-end=\"3460\">movilizar hasta 120.000 millones de euros en colaboraci\u00f3n con el sector privado<\/strong> a lo largo del tiempo. El ministro de Econom\u00eda, Carlos Cuerpo, lo ha definido como una herramienta para acompa\u00f1ar proyectos innovadores de inversi\u00f3n y reforzar el crecimiento empresarial en todo su ciclo de vida, con el prop\u00f3sito de consolidar el impulso econ\u00f3mico iniciado con los fondos europeos.<\/p>\n<p data-start=\"3761\" data-end=\"4308\">El Gobierno enmarca la iniciativa en un contexto en el que Espa\u00f1a presenta la cifra m\u00e1s baja de desempleo desde 2007, aunque persisten desaf\u00edos estructurales como la desigualdad y las brechas de productividad. En paralelo, el debate sobre la inmigraci\u00f3n y la posible regularizaci\u00f3n de trabajadores extranjeros vuelve a ganar peso, en un mercado laboral que necesita mano de obra y en un mercado de vivienda que debe absorber nueva demanda. Todo ello configura un escenario complejo donde la planificaci\u00f3n de oferta residencial resulta estrat\u00e9gica.<\/p>\n<h2 data-start=\"4310\" data-end=\"4350\"><strong>Los \u00e1mbitos de inversi\u00f3n prioritarios<\/strong><\/h2>\n<p data-start=\"4352\" data-end=\"4784\">La estrategia del fondo se articula en nueve \u00e1mbitos considerados prioritarios: vivienda, energ\u00eda, digitalizaci\u00f3n, inteligencia artificial, reindustrializaci\u00f3n, econom\u00eda circular, infraestructuras, agua y saneamiento, y seguridad. En el caso concreto de la vivienda, el objetivo es reforzar el parque asequible y acercar a Espa\u00f1a a los est\u00e1ndares europeos en materia de vivienda p\u00fablica, donde el pa\u00eds mantiene un retraso hist\u00f3rico.<\/p>\n<p data-start=\"4786\" data-end=\"5274\">En este punto, el anuncio conecta directamente con las previsiones del Ministerio de Vivienda que dirige <strong data-start=\"4891\" data-end=\"4911\">Isabel Rodr\u00edguez<\/strong>, que viene defendiendo la necesidad de incrementar de forma sostenida el parque p\u00fablico y asequible mediante f\u00f3rmulas de colaboraci\u00f3n p\u00fablico-privada. La ministra ha subrayado que el crecimiento econ\u00f3mico debe traducirse en redistribuci\u00f3n y en garant\u00eda efectiva del derecho a la vivienda, sentando las bases de una pol\u00edtica estructural y no meramente coyuntural.<\/p>\n<p data-start=\"5276\" data-end=\"5853\" data-is-last-node=\"\" data-is-only-node=\"\">Para el sector y para los consumidores, la cuesti\u00f3n de fondo sigue siendo si estas herramientas financieras lograr\u00e1n traducirse en una oferta suficiente y a precios verdaderamente accesibles. La clase pol\u00edtica vuelve a situar la vivienda en el centro del debate, pero el mercado exige concreci\u00f3n: calendario, distribuci\u00f3n territorial, condiciones de acceso y mecanismos de control que aseguren que las 15.000 viviendas adicionales anuales no se queden en una previsi\u00f3n, sino que se conviertan en una respuesta tangible a una de las principales preocupaciones sociales del pa\u00eds.<\/p>\n<\/div>\n<\/div>\n<\/div>\n<\/div>\n<\/div>\n<\/div>\n<\/article>\n<\/div>\n<\/div>\n<\/div>\n<\/div>\n<\/div>\n<\/div>\n<\/div><\/div><style type=\"text\/css\">.fusion-body .fusion-builder-column-0{width:100% !important;margin-top : 0px;margin-bottom : 0px;}.fusion-builder-column-0 > .fusion-column-wrapper {padding-top : 0px !important;padding-right : 0px !important;margin-right : 1.92%;padding-bottom : 0px !important;padding-left : 0px !important;margin-left : 1.92%;}@media only screen and (max-width:1024px) {.fusion-body .fusion-builder-column-0{width:100% !important;}.fusion-builder-column-0 > .fusion-column-wrapper {margin-right : 1.92%;margin-left : 1.92%;}}@media only screen and (max-width:640px) {.fusion-body .fusion-builder-column-0{width:100% !important;}.fusion-builder-column-0 > .fusion-column-wrapper {margin-right : 1.92%;margin-left : 1.92%;}}<\/style><\/div><\/div><style type=\"text\/css\">.fusion-body .fusion-flex-container.fusion-builder-row-1{ padding-top : 0px;margin-top : 0px;padding-right : 0px;padding-bottom : 0px;margin-bottom : 0px;padding-left : 0px;}<\/style><\/div>\n","protected":false},"excerpt":{"rendered":"<p>M\u00e1s all\u00e1 del \u00e1mbito residencial, el Ejecutivo ha explicado que el fondo aspira a movilizar hasta 120.000 millones de euros en colaboraci\u00f3n con el sector privado a lo largo del tiempo. El ministro de Econom\u00eda, Carlos Cuerpo, lo ha definido como una herramienta para acompa\u00f1ar proyectos innovadores de inversi\u00f3n y reforzar el crecimiento empresarial en todo su ciclo de vida<\/p>\n","protected":false},"author":3,"featured_media":51397,"comment_status":"closed","ping_status":"closed","sticky":false,"template":"","format":"standard","meta":{"_jetpack_memberships_contains_paid_content":false,"footnotes":"","jetpack_publicize_message":"","jetpack_publicize_feature_enabled":true,"jetpack_social_post_already_shared":true,"jetpack_social_options":{"image_generator_settings":{"template":"highway","default_image_id":0,"font":"","enabled":false},"version":2}},"categories":[96],"tags":[8278],"class_list":["post-55122","post","type-post","status-publish","format-standard","has-post-thumbnail","hentry","category-construccion-de-viviendas","tag-newsletter-553"],"yoast_head":"<!-- This site is optimized with the Yoast SEO plugin v27.5 - https:\/\/yoast.com\/product\/yoast-seo-wordpress\/ -->\n<title>El Fondo Espa\u00f1a Crece movilizar\u00e1 23.000 millones para vivienda<\/title>\n<meta name=\"description\" content=\"El nuevo veh\u00edculo ser\u00e1 gestionado por el Instituto de Cr\u00e9dito Oficial (ICO), y se prev\u00e9 que entre en funcionamiento en el segundo trimestre.\" \/>\n<meta name=\"robots\" content=\"index, follow, max-snippet:-1, max-image-preview:large, max-video-preview:-1\" \/>\n<link rel=\"canonical\" href=\"https:\/\/www.aquimicasa.net\/blog\/vivienda\/construccion-de-viviendas\/el-fondo-espana-crece-movilizara-23-000-millones-para-vivienda\/\" \/>\n<meta property=\"og:locale\" content=\"es_ES\" \/>\n<meta property=\"og:type\" content=\"article\" \/>\n<meta property=\"og:title\" content=\"El Fondo Espa\u00f1a Crece movilizar\u00e1 23.000 millones para vivienda\" \/>\n<meta property=\"og:description\" content=\"El nuevo veh\u00edculo ser\u00e1 gestionado por el Instituto de Cr\u00e9dito Oficial (ICO), y se prev\u00e9 que entre en funcionamiento en el segundo trimestre.\" \/>\n<meta property=\"og:url\" content=\"https:\/\/www.aquimicasa.net\/blog\/vivienda\/construccion-de-viviendas\/el-fondo-espana-crece-movilizara-23-000-millones-para-vivienda\/\" \/>\n<meta property=\"og:site_name\" content=\"Blog de aquimicasa.net\" \/>\n<meta property=\"article:publisher\" content=\"https:\/\/www.facebook.com\/aquimicasa.net\" \/>\n<meta property=\"article:published_time\" content=\"2026-02-17T21:00:33+00:00\" \/>\n<meta property=\"og:image\" content=\"https:\/\/www.aquimicasa.net\/blog\/wp-content\/uploads\/Construccion4-8-e1746730561854.jpg\" \/>\n\t<meta property=\"og:image:width\" content=\"500\" \/>\n\t<meta property=\"og:image:height\" content=\"333\" \/>\n\t<meta property=\"og:image:type\" content=\"image\/jpeg\" \/>\n<meta name=\"author\" content=\"Eduardo Lizarraga\" \/>\n<meta name=\"twitter:label1\" content=\"Escrito por\" \/>\n\t<meta name=\"twitter:data1\" content=\"Eduardo Lizarraga\" \/>\n\t<meta name=\"twitter:label2\" content=\"Tiempo de lectura\" \/>\n\t<meta name=\"twitter:data2\" content=\"6 minutos\" \/>\n<script type=\"application\/ld+json\" class=\"yoast-schema-graph\">{\"@context\":\"https:\\\/\\\/schema.org\",\"@graph\":[{\"@type\":\"Article\",\"@id\":\"https:\\\/\\\/www.aquimicasa.net\\\/blog\\\/vivienda\\\/construccion-de-viviendas\\\/el-fondo-espana-crece-movilizara-23-000-millones-para-vivienda\\\/#article\",\"isPartOf\":{\"@id\":\"https:\\\/\\\/www.aquimicasa.net\\\/blog\\\/vivienda\\\/construccion-de-viviendas\\\/el-fondo-espana-crece-movilizara-23-000-millones-para-vivienda\\\/\"},\"author\":{\"name\":\"Eduardo Lizarraga\",\"@id\":\"https:\\\/\\\/www.aquimicasa.net\\\/blog\\\/#\\\/schema\\\/person\\\/2cdfa2605534583395c8d7ce1d6cac14\"},\"headline\":\"El Fondo Espa\u00f1a Crece movilizar\u00e1 23.000 millones para vivienda\",\"datePublished\":\"2026-02-17T21:00:33+00:00\",\"mainEntityOfPage\":{\"@id\":\"https:\\\/\\\/www.aquimicasa.net\\\/blog\\\/vivienda\\\/construccion-de-viviendas\\\/el-fondo-espana-crece-movilizara-23-000-millones-para-vivienda\\\/\"},\"wordCount\":1186,\"publisher\":{\"@id\":\"https:\\\/\\\/www.aquimicasa.net\\\/blog\\\/#organization\"},\"image\":{\"@id\":\"https:\\\/\\\/www.aquimicasa.net\\\/blog\\\/vivienda\\\/construccion-de-viviendas\\\/el-fondo-espana-crece-movilizara-23-000-millones-para-vivienda\\\/#primaryimage\"},\"thumbnailUrl\":\"https:\\\/\\\/www.aquimicasa.net\\\/blog\\\/wp-content\\\/uploads\\\/Construccion4-8-e1746730561854.jpg\",\"keywords\":[\"newsletter 553\"],\"articleSection\":[\"Obra Nueva\"],\"inLanguage\":\"es\"},{\"@type\":\"WebPage\",\"@id\":\"https:\\\/\\\/www.aquimicasa.net\\\/blog\\\/vivienda\\\/construccion-de-viviendas\\\/el-fondo-espana-crece-movilizara-23-000-millones-para-vivienda\\\/\",\"url\":\"https:\\\/\\\/www.aquimicasa.net\\\/blog\\\/vivienda\\\/construccion-de-viviendas\\\/el-fondo-espana-crece-movilizara-23-000-millones-para-vivienda\\\/\",\"name\":\"El Fondo Espa\u00f1a Crece movilizar\u00e1 23.000 millones para vivienda\",\"isPartOf\":{\"@id\":\"https:\\\/\\\/www.aquimicasa.net\\\/blog\\\/#website\"},\"primaryImageOfPage\":{\"@id\":\"https:\\\/\\\/www.aquimicasa.net\\\/blog\\\/vivienda\\\/construccion-de-viviendas\\\/el-fondo-espana-crece-movilizara-23-000-millones-para-vivienda\\\/#primaryimage\"},\"image\":{\"@id\":\"https:\\\/\\\/www.aquimicasa.net\\\/blog\\\/vivienda\\\/construccion-de-viviendas\\\/el-fondo-espana-crece-movilizara-23-000-millones-para-vivienda\\\/#primaryimage\"},\"thumbnailUrl\":\"https:\\\/\\\/www.aquimicasa.net\\\/blog\\\/wp-content\\\/uploads\\\/Construccion4-8-e1746730561854.jpg\",\"datePublished\":\"2026-02-17T21:00:33+00:00\",\"description\":\"El nuevo veh\u00edculo ser\u00e1 gestionado por el Instituto de Cr\u00e9dito Oficial (ICO), y se prev\u00e9 que entre en funcionamiento en el segundo trimestre.\",\"breadcrumb\":{\"@id\":\"https:\\\/\\\/www.aquimicasa.net\\\/blog\\\/vivienda\\\/construccion-de-viviendas\\\/el-fondo-espana-crece-movilizara-23-000-millones-para-vivienda\\\/#breadcrumb\"},\"inLanguage\":\"es\",\"potentialAction\":[{\"@type\":\"ReadAction\",\"target\":[\"https:\\\/\\\/www.aquimicasa.net\\\/blog\\\/vivienda\\\/construccion-de-viviendas\\\/el-fondo-espana-crece-movilizara-23-000-millones-para-vivienda\\\/\"]}]},{\"@type\":\"ImageObject\",\"inLanguage\":\"es\",\"@id\":\"https:\\\/\\\/www.aquimicasa.net\\\/blog\\\/vivienda\\\/construccion-de-viviendas\\\/el-fondo-espana-crece-movilizara-23-000-millones-para-vivienda\\\/#primaryimage\",\"url\":\"https:\\\/\\\/www.aquimicasa.net\\\/blog\\\/wp-content\\\/uploads\\\/Construccion4-8-e1746730561854.jpg\",\"contentUrl\":\"https:\\\/\\\/www.aquimicasa.net\\\/blog\\\/wp-content\\\/uploads\\\/Construccion4-8-e1746730561854.jpg\",\"width\":500,\"height\":333,\"caption\":\"Desciende la construcci\u00f3n de vivienda protegida\"},{\"@type\":\"BreadcrumbList\",\"@id\":\"https:\\\/\\\/www.aquimicasa.net\\\/blog\\\/vivienda\\\/construccion-de-viviendas\\\/el-fondo-espana-crece-movilizara-23-000-millones-para-vivienda\\\/#breadcrumb\",\"itemListElement\":[{\"@type\":\"ListItem\",\"position\":1,\"name\":\"Portada\",\"item\":\"https:\\\/\\\/www.aquimicasa.net\\\/blog\\\/\"},{\"@type\":\"ListItem\",\"position\":2,\"name\":\"El Fondo Espa\u00f1a Crece movilizar\u00e1 23.000 millones para vivienda\"}]},{\"@type\":\"WebSite\",\"@id\":\"https:\\\/\\\/www.aquimicasa.net\\\/blog\\\/#website\",\"url\":\"https:\\\/\\\/www.aquimicasa.net\\\/blog\\\/\",\"name\":\"Blog de aquimicasa.net\",\"description\":\"Noticias del Mundo Inmobiliario\",\"publisher\":{\"@id\":\"https:\\\/\\\/www.aquimicasa.net\\\/blog\\\/#organization\"},\"potentialAction\":[{\"@type\":\"SearchAction\",\"target\":{\"@type\":\"EntryPoint\",\"urlTemplate\":\"https:\\\/\\\/www.aquimicasa.net\\\/blog\\\/?s={search_term_string}\"},\"query-input\":{\"@type\":\"PropertyValueSpecification\",\"valueRequired\":true,\"valueName\":\"search_term_string\"}}],\"inLanguage\":\"es\"},{\"@type\":\"Organization\",\"@id\":\"https:\\\/\\\/www.aquimicasa.net\\\/blog\\\/#organization\",\"name\":\"Blog de aquimicasa.net\",\"url\":\"https:\\\/\\\/www.aquimicasa.net\\\/blog\\\/\",\"logo\":{\"@type\":\"ImageObject\",\"inLanguage\":\"es\",\"@id\":\"https:\\\/\\\/www.aquimicasa.net\\\/blog\\\/#\\\/schema\\\/logo\\\/image\\\/\",\"url\":\"https:\\\/\\\/www.aquimicasa.net\\\/blog\\\/wp-content\\\/uploads\\\/Logo-aquimicasa-1-e1528048213782.png\",\"contentUrl\":\"https:\\\/\\\/www.aquimicasa.net\\\/blog\\\/wp-content\\\/uploads\\\/Logo-aquimicasa-1-e1528048213782.png\",\"width\":225,\"height\":225,\"caption\":\"Blog de aquimicasa.net\"},\"image\":{\"@id\":\"https:\\\/\\\/www.aquimicasa.net\\\/blog\\\/#\\\/schema\\\/logo\\\/image\\\/\"},\"sameAs\":[\"https:\\\/\\\/www.facebook.com\\\/aquimicasa.net\",\"https:\\\/\\\/www.instagram.com\\\/\",\"https:\\\/\\\/x.com\\\/EduLizarragaD\",\"https:\\\/\\\/www.linkedin.com\\\/feed\\\/\"]},{\"@type\":\"Person\",\"@id\":\"https:\\\/\\\/www.aquimicasa.net\\\/blog\\\/#\\\/schema\\\/person\\\/2cdfa2605534583395c8d7ce1d6cac14\",\"name\":\"Eduardo Lizarraga\",\"image\":{\"@type\":\"ImageObject\",\"inLanguage\":\"es\",\"@id\":\"https:\\\/\\\/secure.gravatar.com\\\/avatar\\\/bdabe1eeeed97b65a9cb7de2edd624b07995f7e13abc5fead15961f745f908cc?s=96&d=mm&r=g\",\"url\":\"https:\\\/\\\/secure.gravatar.com\\\/avatar\\\/bdabe1eeeed97b65a9cb7de2edd624b07995f7e13abc5fead15961f745f908cc?s=96&d=mm&r=g\",\"contentUrl\":\"https:\\\/\\\/secure.gravatar.com\\\/avatar\\\/bdabe1eeeed97b65a9cb7de2edd624b07995f7e13abc5fead15961f745f908cc?s=96&d=mm&r=g\",\"caption\":\"Eduardo Lizarraga\"},\"description\":\"Periodista Econ\u00f3mico. Ha trabajado en diversos campos de la informaci\u00f3n. Corresponsal en conflictos, analista pol\u00edtico en Congreso y Senado, periodista del medio ambiente, editor, director editorial, director de comunicaci\u00f3n.... En estos momentos se ha especializado en el sector inmobiliario. Pero tambi\u00e9n es navegante y viajero, preocupado por la pobreza, el medio ambiente y por las actuaciones descontroladas del neoliberalismo empresarial y pol\u00edtico en todo el mundo. Los desahucios, la pobreza infantil y la falta de acceso a los suministros b\u00e1sicos son algunos de los grandes dramas de nuestra sociedad y que es preciso solucionar para hacerla m\u00e1s justa. CEO en www.aquimicasa.net\",\"sameAs\":[\"https:\\\/\\\/www.aquimicasa.net\\\/\"],\"url\":\"https:\\\/\\\/www.aquimicasa.net\\\/blog\\\/author\\\/eduardo\\\/\"}]}<\/script>\n<!-- \/ Yoast SEO plugin. -->","yoast_head_json":{"title":"El Fondo Espa\u00f1a Crece movilizar\u00e1 23.000 millones para vivienda","description":"El nuevo veh\u00edculo ser\u00e1 gestionado por el Instituto de Cr\u00e9dito Oficial (ICO), y se prev\u00e9 que entre en funcionamiento en el segundo trimestre.","robots":{"index":"index","follow":"follow","max-snippet":"max-snippet:-1","max-image-preview":"max-image-preview:large","max-video-preview":"max-video-preview:-1"},"canonical":"https:\/\/www.aquimicasa.net\/blog\/vivienda\/construccion-de-viviendas\/el-fondo-espana-crece-movilizara-23-000-millones-para-vivienda\/","og_locale":"es_ES","og_type":"article","og_title":"El Fondo Espa\u00f1a Crece movilizar\u00e1 23.000 millones para vivienda","og_description":"El nuevo veh\u00edculo ser\u00e1 gestionado por el Instituto de Cr\u00e9dito Oficial (ICO), y se prev\u00e9 que entre en funcionamiento en el segundo trimestre.","og_url":"https:\/\/www.aquimicasa.net\/blog\/vivienda\/construccion-de-viviendas\/el-fondo-espana-crece-movilizara-23-000-millones-para-vivienda\/","og_site_name":"Blog de aquimicasa.net","article_publisher":"https:\/\/www.facebook.com\/aquimicasa.net","article_published_time":"2026-02-17T21:00:33+00:00","og_image":[{"width":500,"height":333,"url":"https:\/\/www.aquimicasa.net\/blog\/wp-content\/uploads\/Construccion4-8-e1746730561854.jpg","type":"image\/jpeg"}],"author":"Eduardo Lizarraga","twitter_misc":{"Escrito por":"Eduardo Lizarraga","Tiempo de lectura":"6 minutos"},"schema":{"@context":"https:\/\/schema.org","@graph":[{"@type":"Article","@id":"https:\/\/www.aquimicasa.net\/blog\/vivienda\/construccion-de-viviendas\/el-fondo-espana-crece-movilizara-23-000-millones-para-vivienda\/#article","isPartOf":{"@id":"https:\/\/www.aquimicasa.net\/blog\/vivienda\/construccion-de-viviendas\/el-fondo-espana-crece-movilizara-23-000-millones-para-vivienda\/"},"author":{"name":"Eduardo Lizarraga","@id":"https:\/\/www.aquimicasa.net\/blog\/#\/schema\/person\/2cdfa2605534583395c8d7ce1d6cac14"},"headline":"El Fondo Espa\u00f1a Crece movilizar\u00e1 23.000 millones para vivienda","datePublished":"2026-02-17T21:00:33+00:00","mainEntityOfPage":{"@id":"https:\/\/www.aquimicasa.net\/blog\/vivienda\/construccion-de-viviendas\/el-fondo-espana-crece-movilizara-23-000-millones-para-vivienda\/"},"wordCount":1186,"publisher":{"@id":"https:\/\/www.aquimicasa.net\/blog\/#organization"},"image":{"@id":"https:\/\/www.aquimicasa.net\/blog\/vivienda\/construccion-de-viviendas\/el-fondo-espana-crece-movilizara-23-000-millones-para-vivienda\/#primaryimage"},"thumbnailUrl":"https:\/\/www.aquimicasa.net\/blog\/wp-content\/uploads\/Construccion4-8-e1746730561854.jpg","keywords":["newsletter 553"],"articleSection":["Obra Nueva"],"inLanguage":"es"},{"@type":"WebPage","@id":"https:\/\/www.aquimicasa.net\/blog\/vivienda\/construccion-de-viviendas\/el-fondo-espana-crece-movilizara-23-000-millones-para-vivienda\/","url":"https:\/\/www.aquimicasa.net\/blog\/vivienda\/construccion-de-viviendas\/el-fondo-espana-crece-movilizara-23-000-millones-para-vivienda\/","name":"El Fondo Espa\u00f1a Crece movilizar\u00e1 23.000 millones para vivienda","isPartOf":{"@id":"https:\/\/www.aquimicasa.net\/blog\/#website"},"primaryImageOfPage":{"@id":"https:\/\/www.aquimicasa.net\/blog\/vivienda\/construccion-de-viviendas\/el-fondo-espana-crece-movilizara-23-000-millones-para-vivienda\/#primaryimage"},"image":{"@id":"https:\/\/www.aquimicasa.net\/blog\/vivienda\/construccion-de-viviendas\/el-fondo-espana-crece-movilizara-23-000-millones-para-vivienda\/#primaryimage"},"thumbnailUrl":"https:\/\/www.aquimicasa.net\/blog\/wp-content\/uploads\/Construccion4-8-e1746730561854.jpg","datePublished":"2026-02-17T21:00:33+00:00","description":"El nuevo veh\u00edculo ser\u00e1 gestionado por el Instituto de Cr\u00e9dito Oficial (ICO), y se prev\u00e9 que entre en funcionamiento en el segundo trimestre.","breadcrumb":{"@id":"https:\/\/www.aquimicasa.net\/blog\/vivienda\/construccion-de-viviendas\/el-fondo-espana-crece-movilizara-23-000-millones-para-vivienda\/#breadcrumb"},"inLanguage":"es","potentialAction":[{"@type":"ReadAction","target":["https:\/\/www.aquimicasa.net\/blog\/vivienda\/construccion-de-viviendas\/el-fondo-espana-crece-movilizara-23-000-millones-para-vivienda\/"]}]},{"@type":"ImageObject","inLanguage":"es","@id":"https:\/\/www.aquimicasa.net\/blog\/vivienda\/construccion-de-viviendas\/el-fondo-espana-crece-movilizara-23-000-millones-para-vivienda\/#primaryimage","url":"https:\/\/www.aquimicasa.net\/blog\/wp-content\/uploads\/Construccion4-8-e1746730561854.jpg","contentUrl":"https:\/\/www.aquimicasa.net\/blog\/wp-content\/uploads\/Construccion4-8-e1746730561854.jpg","width":500,"height":333,"caption":"Desciende la construcci\u00f3n de vivienda protegida"},{"@type":"BreadcrumbList","@id":"https:\/\/www.aquimicasa.net\/blog\/vivienda\/construccion-de-viviendas\/el-fondo-espana-crece-movilizara-23-000-millones-para-vivienda\/#breadcrumb","itemListElement":[{"@type":"ListItem","position":1,"name":"Portada","item":"https:\/\/www.aquimicasa.net\/blog\/"},{"@type":"ListItem","position":2,"name":"El Fondo Espa\u00f1a Crece movilizar\u00e1 23.000 millones para vivienda"}]},{"@type":"WebSite","@id":"https:\/\/www.aquimicasa.net\/blog\/#website","url":"https:\/\/www.aquimicasa.net\/blog\/","name":"Blog de aquimicasa.net","description":"Noticias del Mundo Inmobiliario","publisher":{"@id":"https:\/\/www.aquimicasa.net\/blog\/#organization"},"potentialAction":[{"@type":"SearchAction","target":{"@type":"EntryPoint","urlTemplate":"https:\/\/www.aquimicasa.net\/blog\/?s={search_term_string}"},"query-input":{"@type":"PropertyValueSpecification","valueRequired":true,"valueName":"search_term_string"}}],"inLanguage":"es"},{"@type":"Organization","@id":"https:\/\/www.aquimicasa.net\/blog\/#organization","name":"Blog de aquimicasa.net","url":"https:\/\/www.aquimicasa.net\/blog\/","logo":{"@type":"ImageObject","inLanguage":"es","@id":"https:\/\/www.aquimicasa.net\/blog\/#\/schema\/logo\/image\/","url":"https:\/\/www.aquimicasa.net\/blog\/wp-content\/uploads\/Logo-aquimicasa-1-e1528048213782.png","contentUrl":"https:\/\/www.aquimicasa.net\/blog\/wp-content\/uploads\/Logo-aquimicasa-1-e1528048213782.png","width":225,"height":225,"caption":"Blog de aquimicasa.net"},"image":{"@id":"https:\/\/www.aquimicasa.net\/blog\/#\/schema\/logo\/image\/"},"sameAs":["https:\/\/www.facebook.com\/aquimicasa.net","https:\/\/www.instagram.com\/","https:\/\/x.com\/EduLizarragaD","https:\/\/www.linkedin.com\/feed\/"]},{"@type":"Person","@id":"https:\/\/www.aquimicasa.net\/blog\/#\/schema\/person\/2cdfa2605534583395c8d7ce1d6cac14","name":"Eduardo Lizarraga","image":{"@type":"ImageObject","inLanguage":"es","@id":"https:\/\/secure.gravatar.com\/avatar\/bdabe1eeeed97b65a9cb7de2edd624b07995f7e13abc5fead15961f745f908cc?s=96&d=mm&r=g","url":"https:\/\/secure.gravatar.com\/avatar\/bdabe1eeeed97b65a9cb7de2edd624b07995f7e13abc5fead15961f745f908cc?s=96&d=mm&r=g","contentUrl":"https:\/\/secure.gravatar.com\/avatar\/bdabe1eeeed97b65a9cb7de2edd624b07995f7e13abc5fead15961f745f908cc?s=96&d=mm&r=g","caption":"Eduardo Lizarraga"},"description":"Periodista Econ\u00f3mico. Ha trabajado en diversos campos de la informaci\u00f3n. Corresponsal en conflictos, analista pol\u00edtico en Congreso y Senado, periodista del medio ambiente, editor, director editorial, director de comunicaci\u00f3n.... En estos momentos se ha especializado en el sector inmobiliario. Pero tambi\u00e9n es navegante y viajero, preocupado por la pobreza, el medio ambiente y por las actuaciones descontroladas del neoliberalismo empresarial y pol\u00edtico en todo el mundo. Los desahucios, la pobreza infantil y la falta de acceso a los suministros b\u00e1sicos son algunos de los grandes dramas de nuestra sociedad y que es preciso solucionar para hacerla m\u00e1s justa. CEO en www.aquimicasa.net","sameAs":["https:\/\/www.aquimicasa.net\/"],"url":"https:\/\/www.aquimicasa.net\/blog\/author\/eduardo\/"}]}},"jetpack_publicize_connections":[],"jetpack_featured_media_url":"https:\/\/www.aquimicasa.net\/blog\/wp-content\/uploads\/Construccion4-8-e1746730561854.jpg","jetpack_sharing_enabled":true,"jetpack_likes_enabled":true,"_links":{"self":[{"href":"https:\/\/www.aquimicasa.net\/blog\/wp-json\/wp\/v2\/posts\/55122","targetHints":{"allow":["GET"]}}],"collection":[{"href":"https:\/\/www.aquimicasa.net\/blog\/wp-json\/wp\/v2\/posts"}],"about":[{"href":"https:\/\/www.aquimicasa.net\/blog\/wp-json\/wp\/v2\/types\/post"}],"author":[{"embeddable":true,"href":"https:\/\/www.aquimicasa.net\/blog\/wp-json\/wp\/v2\/users\/3"}],"replies":[{"embeddable":true,"href":"https:\/\/www.aquimicasa.net\/blog\/wp-json\/wp\/v2\/comments?post=55122"}],"version-history":[{"count":1,"href":"https:\/\/www.aquimicasa.net\/blog\/wp-json\/wp\/v2\/posts\/55122\/revisions"}],"predecessor-version":[{"id":55129,"href":"https:\/\/www.aquimicasa.net\/blog\/wp-json\/wp\/v2\/posts\/55122\/revisions\/55129"}],"wp:featuredmedia":[{"embeddable":true,"href":"https:\/\/www.aquimicasa.net\/blog\/wp-json\/wp\/v2\/media\/51397"}],"wp:attachment":[{"href":"https:\/\/www.aquimicasa.net\/blog\/wp-json\/wp\/v2\/media?parent=55122"}],"wp:term":[{"taxonomy":"category","embeddable":true,"href":"https:\/\/www.aquimicasa.net\/blog\/wp-json\/wp\/v2\/categories?post=55122"},{"taxonomy":"post_tag","embeddable":true,"href":"https:\/\/www.aquimicasa.net\/blog\/wp-json\/wp\/v2\/tags?post=55122"}],"curies":[{"name":"wp","href":"https:\/\/api.w.org\/{rel}","templated":true}]}}