{"id":55138,"date":"2026-02-18T13:48:53","date_gmt":"2026-02-18T12:48:53","guid":{"rendered":"https:\/\/www.aquimicasa.net\/blog\/?p=55138"},"modified":"2026-02-18T13:48:53","modified_gmt":"2026-02-18T12:48:53","slug":"ayudas-de-barcelona-para-el-acceso-a-la-vivienda-de-los-mayores","status":"publish","type":"post","link":"https:\/\/www.aquimicasa.net\/blog\/vivienda\/alquileres\/ayudas-de-barcelona-para-el-acceso-a-la-vivienda-de-los-mayores\/","title":{"rendered":"Ayudas de Barcelona para el acceso a la vivienda de los mayores"},"content":{"rendered":"<div class=\"fusion-fullwidth fullwidth-box fusion-builder-row-1 fusion-flex-container nonhundred-percent-fullwidth non-hundred-percent-height-scrolling\" style=\"background-color: rgba(255,255,255,0);background-position: center center;background-repeat: no-repeat;border-width: 0px 0px 0px 0px;border-color:#eae9e9;border-style:solid;\" ><div class=\"fusion-builder-row fusion-row fusion-flex-align-items-flex-start\" style=\"max-width:1144px;margin-left: calc(-4% \/ 2 );margin-right: calc(-4% \/ 2 );\"><div class=\"fusion-layout-column fusion_builder_column fusion-builder-column-0 fusion_builder_column_1_1 1_1 fusion-flex-column\"><div class=\"fusion-column-wrapper fusion-flex-justify-content-flex-start fusion-content-layout-column\" style=\"background-position:left top;background-repeat:no-repeat;-webkit-background-size:cover;-moz-background-size:cover;-o-background-size:cover;background-size:cover;padding: 0px 0px 0px 0px;\"><div class=\"fusion-text fusion-text-1\"><p data-start=\"80\" data-end=\"837\">La crisis de vivienda que atraviesa Espa\u00f1a se ha convertido en uno de los principales factores de exclusi\u00f3n social para miles de hogares. En las grandes ciudades, donde el precio del alquiler ha alcanzado niveles dif\u00edcilmente asumibles para amplias capas de la poblaci\u00f3n, el problema afecta con especial intensidad a las personas mayores de 55 a\u00f1os con pensiones ajustadas, a familias monoparentales y a quienes se encuentran en situaci\u00f3n de vulnerabilidad residencial. Desde el blog de Aquimicasa venimos analizando c\u00f3mo el encarecimiento sostenido de la vivienda tensiona no solo el mercado inmobiliario, sino tambi\u00e9n los derechos b\u00e1sicos de los consumidores, obligando a muchas personas a destinar m\u00e1s de un tercio de sus ingresos al pago del alquiler.<\/p>\n<p data-start=\"839\" data-end=\"1262\">En este contexto, el Ayuntamiento de Barcelona, presidido por Jaume Collboni, ha anunciado una nueva prestaci\u00f3n econ\u00f3mica destinada a aliviar esta situaci\u00f3n. Se trata de una ayuda directa de 400 euros mensuales orientada a mayores de 55 a\u00f1os en situaci\u00f3n de vulnerabilidad y a familias monoparentales, una medida que pretende actuar como un aut\u00e9ntico <strong data-start=\"1190\" data-end=\"1207\">escudo social<\/strong> frente al riesgo de p\u00e9rdida de la vivienda habitual.<\/p>\n<h2 data-start=\"1264\" data-end=\"1377\"><strong>La ayuda tendr\u00e1 como objetivo que \u00abla gente que tiene riesgo de quedarse sin casa pueda pagar los alquileres<\/strong><\/h2>\n<p data-start=\"1379\" data-end=\"1858\">El propio alcalde ha explicado que la ayuda tendr\u00e1 como objetivo que \u00abla gente que tiene riesgo de quedarse sin casa pueda pagar los alquileres cuando la inversi\u00f3n que realiza la unidad familiar es superior a un tercio de los ingresos\u00bb. Esta afirmaci\u00f3n refleja uno de los indicadores m\u00e1s utilizados para medir el esfuerzo econ\u00f3mico que supone la vivienda: cuando el alquiler supera el 30% de los ingresos familiares, la estabilidad financiera del hogar entra en zona de riesgo.<\/p>\n<p data-start=\"1860\" data-end=\"2427\">La nueva prestaci\u00f3n municipal, que se activar\u00e1 bajo la denominaci\u00f3n de <strong data-start=\"1931\" data-end=\"1950\">\u201cEscudo Social\u201d<\/strong>, complementar\u00e1 el pago del alquiler durante un periodo m\u00e1ximo de doce meses, previsiblemente a partir de 2026. Con esta medida, el consistorio busca evitar desahucios por impago y facilitar que quienes ya se encuentran en una situaci\u00f3n fr\u00e1gil puedan mantenerse en su vivienda habitual. No se trata \u00fanicamente de una pol\u00edtica de vivienda, sino de una intervenci\u00f3n social que intenta contener el impacto directo de la inflaci\u00f3n inmobiliaria sobre los colectivos m\u00e1s expuestos.<\/p>\n<p data-start=\"2429\" data-end=\"2883\">Para el sector inmobiliario y para los consumidores, este tipo de iniciativas evidencian que el mercado, por s\u00ed solo, no est\u00e1 garantizando el acceso equilibrado a la vivienda. El fuerte aumento de rentas en determinadas zonas de Barcelona y su \u00e1rea metropolitana ha generado un escenario en el que muchos mayores, especialmente aquellos que viven solos o dependen de pensiones no contributivas, quedan autom\u00e1ticamente fuera de las opciones disponibles.<\/p>\n<h2 data-start=\"2885\" data-end=\"3002\"><strong>Collboni tambi\u00e9n ha defendido prohibir la compra de vivienda a los extranjeros de fuera de la Uni\u00f3n Europea (UE)<\/strong><\/h2>\n<p data-start=\"3004\" data-end=\"3414\">En paralelo a la creaci\u00f3n de ayudas directas, el alcalde ha defendido p\u00fablicamente la posibilidad de prohibir la compra de vivienda a los extranjeros de fuera de la Uni\u00f3n Europea (UE), una medida que est\u00e1 siendo estudiada por la Generalitat de Catalu\u00f1a. Collboni ha se\u00f1alado que quienes est\u00e9n realizando compras especulativas para tensionar el mercado del alquiler deben asumir que \u201cel chollo se ha acabado\u201d.<\/p>\n<p data-start=\"3416\" data-end=\"3990\">Este planteamiento introduce un debate complejo en el \u00e1mbito jur\u00eddico y econ\u00f3mico. Por un lado, se intenta frenar la adquisici\u00f3n de viviendas con fines meramente especulativos que reduzcan la oferta disponible para residencia habitual; por otro, se abre la discusi\u00f3n sobre los l\u00edmites a la libre circulaci\u00f3n de capitales y sobre el impacto real que este tipo de restricciones puede tener en la bajada de precios. En cualquier caso, el mensaje pol\u00edtico es claro: el acceso a la vivienda se sit\u00faa como prioridad frente a din\u00e1micas de inversi\u00f3n que puedan agravar la escasez.<\/p>\n<h2 data-start=\"3992\" data-end=\"4022\"><strong>Otras ayudas en Barcelona<\/strong><\/h2>\n<p data-start=\"4024\" data-end=\"4524\">La ayuda de 400 euros no es la \u00fanica herramienta actualmente disponible. Barcelona y la Generalitat de Catalu\u00f1a gestionan diferentes l\u00edneas de apoyo al alquiler que intentan cubrir distintos tramos de edad y niveles de renta. Entre ellas destaca el <strong data-start=\"4273\" data-end=\"4296\">Bono Alquiler Joven<\/strong>, con aportaciones mensuales para personas de entre 18 y 35 a\u00f1os con ingresos limitados, as\u00ed como las subvenciones auton\u00f3micas dirigidas a personas de entre 36 y 64 a\u00f1os con contratos de alquiler y topes de renta establecidos.<\/p>\n<p data-start=\"4526\" data-end=\"4922\">Adem\u00e1s, existen programas de apoyo a la compra de vivienda para j\u00f3venes a trav\u00e9s de financiaci\u00f3n p\u00fablica, as\u00ed como redes de Oficinas de Vivienda que orientan en la tramitaci\u00f3n de solicitudes y en la recopilaci\u00f3n de documentaci\u00f3n necesaria. Estas pol\u00edticas buscan mitigar el impacto de un mercado tensionado que, sin intervenci\u00f3n p\u00fablica, dejar\u00eda fuera a una parte significativa de la poblaci\u00f3n.<\/p>\n<p data-start=\"4924\" data-end=\"5420\">Desde la perspectiva de Aquimicasa, estas iniciativas son un reflejo de la gravedad del problema estructural que vive el sector. La vivienda no puede analizarse \u00fanicamente como un activo de inversi\u00f3n, sino como un derecho b\u00e1sico vinculado a la dignidad y a la estabilidad personal. Las personas mayores y los colectivos vulnerables no cuentan con capacidad de reacci\u00f3n ante subidas abruptas de rentas, lo que hace imprescindible la articulaci\u00f3n de ayudas espec\u00edficas y mecanismos de protecci\u00f3n.<\/p>\n<p data-start=\"5422\" data-end=\"5837\" data-is-last-node=\"\" data-is-only-node=\"\">Sin embargo, m\u00e1s all\u00e1 de las subvenciones puntuales, el desaf\u00edo sigue siendo equilibrar oferta y demanda, reforzar el parque p\u00fablico y garantizar transparencia y seguridad jur\u00eddica en el mercado. Solo as\u00ed se podr\u00e1 evitar que cada nueva crisis econ\u00f3mica vuelva a colocar a los mismos colectivos \u2014mayores, familias monoparentales y hogares con ingresos limitados\u2014 en la primera l\u00ednea de la vulnerabilidad residencial.<\/p>\n<\/div><\/div><style type=\"text\/css\">.fusion-body .fusion-builder-column-0{width:100% !important;margin-top : 0px;margin-bottom : 0px;}.fusion-builder-column-0 > .fusion-column-wrapper {padding-top : 0px !important;padding-right : 0px !important;margin-right : 1.92%;padding-bottom : 0px !important;padding-left : 0px !important;margin-left : 1.92%;}@media only screen and (max-width:1024px) {.fusion-body .fusion-builder-column-0{width:100% !important;}.fusion-builder-column-0 > .fusion-column-wrapper {margin-right : 1.92%;margin-left : 1.92%;}}@media only screen and (max-width:640px) {.fusion-body .fusion-builder-column-0{width:100% !important;}.fusion-builder-column-0 > .fusion-column-wrapper {margin-right : 1.92%;margin-left : 1.92%;}}<\/style><\/div><\/div><style type=\"text\/css\">.fusion-body .fusion-flex-container.fusion-builder-row-1{ padding-top : 0px;margin-top : 0px;padding-right : 0px;padding-bottom : 0px;margin-bottom : 0px;padding-left : 0px;}<\/style><\/div>\n","protected":false},"excerpt":{"rendered":"<p>Para el sector inmobiliario y para los consumidores, este tipo de iniciativas evidencian que el mercado, por s\u00ed solo, no est\u00e1 garantizando el acceso equilibrado a la vivienda. El fuerte aumento de rentas en determinadas zonas de Barcelona y su \u00e1rea metropolitana ha generado un escenario en el que muchos mayores, especialmente aquellos que viven solos o dependen de pensiones no contributivas, quedan autom\u00e1ticamente fuera de las opciones disponibles.<\/p>\n","protected":false},"author":3,"featured_media":49573,"comment_status":"closed","ping_status":"closed","sticky":false,"template":"","format":"standard","meta":{"_jetpack_memberships_contains_paid_content":false,"footnotes":"","jetpack_publicize_message":"","jetpack_publicize_feature_enabled":true,"jetpack_social_post_already_shared":true,"jetpack_social_options":{"image_generator_settings":{"template":"highway","default_image_id":0,"font":"","enabled":false},"version":2}},"categories":[120],"tags":[8278],"class_list":["post-55138","post","type-post","status-publish","format-standard","has-post-thumbnail","hentry","category-alquileres","tag-newsletter-553"],"yoast_head":"<!-- This site is optimized with the Yoast SEO plugin v27.4 - https:\/\/yoast.com\/product\/yoast-seo-wordpress\/ -->\n<title>Ayudas de Barcelona para el acceso a la vivienda de los mayores<\/title>\n<meta name=\"description\" content=\"La nueva prestaci\u00f3n municipal, que se activar\u00e1 bajo la denominaci\u00f3n de \u201cEscudo Social\u201d, complementar\u00e1 el pago del alquiler hasta doce meses\" \/>\n<meta name=\"robots\" content=\"index, follow, max-snippet:-1, max-image-preview:large, max-video-preview:-1\" \/>\n<link rel=\"canonical\" href=\"https:\/\/www.aquimicasa.net\/blog\/vivienda\/alquileres\/ayudas-de-barcelona-para-el-acceso-a-la-vivienda-de-los-mayores\/\" \/>\n<meta property=\"og:locale\" content=\"es_ES\" \/>\n<meta property=\"og:type\" content=\"article\" \/>\n<meta property=\"og:title\" content=\"Ayudas de Barcelona para el acceso a la vivienda de los mayores\" \/>\n<meta property=\"og:description\" content=\"La nueva prestaci\u00f3n municipal, que se activar\u00e1 bajo la denominaci\u00f3n de \u201cEscudo Social\u201d, complementar\u00e1 el pago del alquiler hasta doce meses\" \/>\n<meta property=\"og:url\" content=\"https:\/\/www.aquimicasa.net\/blog\/vivienda\/alquileres\/ayudas-de-barcelona-para-el-acceso-a-la-vivienda-de-los-mayores\/\" \/>\n<meta property=\"og:site_name\" content=\"Blog de aquimicasa.net\" \/>\n<meta property=\"article:publisher\" content=\"https:\/\/www.facebook.com\/aquimicasa.net\" \/>\n<meta property=\"article:published_time\" content=\"2026-02-18T12:48:53+00:00\" \/>\n<meta property=\"og:image\" content=\"https:\/\/www.aquimicasa.net\/blog\/wp-content\/uploads\/Barcelona-3-e1768770715864.jpg\" \/>\n\t<meta property=\"og:image:width\" content=\"600\" \/>\n\t<meta property=\"og:image:height\" content=\"396\" \/>\n\t<meta property=\"og:image:type\" content=\"image\/jpeg\" \/>\n<meta name=\"author\" content=\"Eduardo Lizarraga\" \/>\n<meta name=\"twitter:label1\" content=\"Escrito por\" \/>\n\t<meta name=\"twitter:data1\" content=\"Eduardo Lizarraga\" \/>\n\t<meta name=\"twitter:label2\" content=\"Tiempo de lectura\" \/>\n\t<meta name=\"twitter:data2\" content=\"5 minutos\" \/>\n<script type=\"application\/ld+json\" class=\"yoast-schema-graph\">{\"@context\":\"https:\\\/\\\/schema.org\",\"@graph\":[{\"@type\":\"Article\",\"@id\":\"https:\\\/\\\/www.aquimicasa.net\\\/blog\\\/vivienda\\\/alquileres\\\/ayudas-de-barcelona-para-el-acceso-a-la-vivienda-de-los-mayores\\\/#article\",\"isPartOf\":{\"@id\":\"https:\\\/\\\/www.aquimicasa.net\\\/blog\\\/vivienda\\\/alquileres\\\/ayudas-de-barcelona-para-el-acceso-a-la-vivienda-de-los-mayores\\\/\"},\"author\":{\"name\":\"Eduardo Lizarraga\",\"@id\":\"https:\\\/\\\/www.aquimicasa.net\\\/blog\\\/#\\\/schema\\\/person\\\/2cdfa2605534583395c8d7ce1d6cac14\"},\"headline\":\"Ayudas de Barcelona para el acceso a la vivienda de los mayores\",\"datePublished\":\"2026-02-18T12:48:53+00:00\",\"mainEntityOfPage\":{\"@id\":\"https:\\\/\\\/www.aquimicasa.net\\\/blog\\\/vivienda\\\/alquileres\\\/ayudas-de-barcelona-para-el-acceso-a-la-vivienda-de-los-mayores\\\/\"},\"wordCount\":1215,\"publisher\":{\"@id\":\"https:\\\/\\\/www.aquimicasa.net\\\/blog\\\/#organization\"},\"image\":{\"@id\":\"https:\\\/\\\/www.aquimicasa.net\\\/blog\\\/vivienda\\\/alquileres\\\/ayudas-de-barcelona-para-el-acceso-a-la-vivienda-de-los-mayores\\\/#primaryimage\"},\"thumbnailUrl\":\"https:\\\/\\\/www.aquimicasa.net\\\/blog\\\/wp-content\\\/uploads\\\/Barcelona-3-e1768770715864.jpg\",\"keywords\":[\"newsletter 553\"],\"articleSection\":[\"Alquiler\"],\"inLanguage\":\"es\"},{\"@type\":\"WebPage\",\"@id\":\"https:\\\/\\\/www.aquimicasa.net\\\/blog\\\/vivienda\\\/alquileres\\\/ayudas-de-barcelona-para-el-acceso-a-la-vivienda-de-los-mayores\\\/\",\"url\":\"https:\\\/\\\/www.aquimicasa.net\\\/blog\\\/vivienda\\\/alquileres\\\/ayudas-de-barcelona-para-el-acceso-a-la-vivienda-de-los-mayores\\\/\",\"name\":\"Ayudas de Barcelona para el acceso a la vivienda de los mayores\",\"isPartOf\":{\"@id\":\"https:\\\/\\\/www.aquimicasa.net\\\/blog\\\/#website\"},\"primaryImageOfPage\":{\"@id\":\"https:\\\/\\\/www.aquimicasa.net\\\/blog\\\/vivienda\\\/alquileres\\\/ayudas-de-barcelona-para-el-acceso-a-la-vivienda-de-los-mayores\\\/#primaryimage\"},\"image\":{\"@id\":\"https:\\\/\\\/www.aquimicasa.net\\\/blog\\\/vivienda\\\/alquileres\\\/ayudas-de-barcelona-para-el-acceso-a-la-vivienda-de-los-mayores\\\/#primaryimage\"},\"thumbnailUrl\":\"https:\\\/\\\/www.aquimicasa.net\\\/blog\\\/wp-content\\\/uploads\\\/Barcelona-3-e1768770715864.jpg\",\"datePublished\":\"2026-02-18T12:48:53+00:00\",\"description\":\"La nueva prestaci\u00f3n municipal, que se activar\u00e1 bajo la denominaci\u00f3n de \u201cEscudo Social\u201d, complementar\u00e1 el pago del alquiler hasta doce meses\",\"breadcrumb\":{\"@id\":\"https:\\\/\\\/www.aquimicasa.net\\\/blog\\\/vivienda\\\/alquileres\\\/ayudas-de-barcelona-para-el-acceso-a-la-vivienda-de-los-mayores\\\/#breadcrumb\"},\"inLanguage\":\"es\",\"potentialAction\":[{\"@type\":\"ReadAction\",\"target\":[\"https:\\\/\\\/www.aquimicasa.net\\\/blog\\\/vivienda\\\/alquileres\\\/ayudas-de-barcelona-para-el-acceso-a-la-vivienda-de-los-mayores\\\/\"]}]},{\"@type\":\"ImageObject\",\"inLanguage\":\"es\",\"@id\":\"https:\\\/\\\/www.aquimicasa.net\\\/blog\\\/vivienda\\\/alquileres\\\/ayudas-de-barcelona-para-el-acceso-a-la-vivienda-de-los-mayores\\\/#primaryimage\",\"url\":\"https:\\\/\\\/www.aquimicasa.net\\\/blog\\\/wp-content\\\/uploads\\\/Barcelona-3-e1768770715864.jpg\",\"contentUrl\":\"https:\\\/\\\/www.aquimicasa.net\\\/blog\\\/wp-content\\\/uploads\\\/Barcelona-3-e1768770715864.jpg\",\"width\":600,\"height\":396,\"caption\":\"Ayudas en Barcelona para el alquiler de los mayores\"},{\"@type\":\"BreadcrumbList\",\"@id\":\"https:\\\/\\\/www.aquimicasa.net\\\/blog\\\/vivienda\\\/alquileres\\\/ayudas-de-barcelona-para-el-acceso-a-la-vivienda-de-los-mayores\\\/#breadcrumb\",\"itemListElement\":[{\"@type\":\"ListItem\",\"position\":1,\"name\":\"Portada\",\"item\":\"https:\\\/\\\/www.aquimicasa.net\\\/blog\\\/\"},{\"@type\":\"ListItem\",\"position\":2,\"name\":\"Ayudas de Barcelona para el acceso a la vivienda de los mayores\"}]},{\"@type\":\"WebSite\",\"@id\":\"https:\\\/\\\/www.aquimicasa.net\\\/blog\\\/#website\",\"url\":\"https:\\\/\\\/www.aquimicasa.net\\\/blog\\\/\",\"name\":\"Blog de aquimicasa.net\",\"description\":\"Noticias del Mundo Inmobiliario\",\"publisher\":{\"@id\":\"https:\\\/\\\/www.aquimicasa.net\\\/blog\\\/#organization\"},\"potentialAction\":[{\"@type\":\"SearchAction\",\"target\":{\"@type\":\"EntryPoint\",\"urlTemplate\":\"https:\\\/\\\/www.aquimicasa.net\\\/blog\\\/?s={search_term_string}\"},\"query-input\":{\"@type\":\"PropertyValueSpecification\",\"valueRequired\":true,\"valueName\":\"search_term_string\"}}],\"inLanguage\":\"es\"},{\"@type\":\"Organization\",\"@id\":\"https:\\\/\\\/www.aquimicasa.net\\\/blog\\\/#organization\",\"name\":\"Blog de aquimicasa.net\",\"url\":\"https:\\\/\\\/www.aquimicasa.net\\\/blog\\\/\",\"logo\":{\"@type\":\"ImageObject\",\"inLanguage\":\"es\",\"@id\":\"https:\\\/\\\/www.aquimicasa.net\\\/blog\\\/#\\\/schema\\\/logo\\\/image\\\/\",\"url\":\"https:\\\/\\\/www.aquimicasa.net\\\/blog\\\/wp-content\\\/uploads\\\/Logo-aquimicasa-1-e1528048213782.png\",\"contentUrl\":\"https:\\\/\\\/www.aquimicasa.net\\\/blog\\\/wp-content\\\/uploads\\\/Logo-aquimicasa-1-e1528048213782.png\",\"width\":225,\"height\":225,\"caption\":\"Blog de aquimicasa.net\"},\"image\":{\"@id\":\"https:\\\/\\\/www.aquimicasa.net\\\/blog\\\/#\\\/schema\\\/logo\\\/image\\\/\"},\"sameAs\":[\"https:\\\/\\\/www.facebook.com\\\/aquimicasa.net\",\"https:\\\/\\\/www.instagram.com\\\/\",\"https:\\\/\\\/x.com\\\/EduLizarragaD\",\"https:\\\/\\\/www.linkedin.com\\\/feed\\\/\"]},{\"@type\":\"Person\",\"@id\":\"https:\\\/\\\/www.aquimicasa.net\\\/blog\\\/#\\\/schema\\\/person\\\/2cdfa2605534583395c8d7ce1d6cac14\",\"name\":\"Eduardo Lizarraga\",\"image\":{\"@type\":\"ImageObject\",\"inLanguage\":\"es\",\"@id\":\"https:\\\/\\\/secure.gravatar.com\\\/avatar\\\/bdabe1eeeed97b65a9cb7de2edd624b07995f7e13abc5fead15961f745f908cc?s=96&d=mm&r=g\",\"url\":\"https:\\\/\\\/secure.gravatar.com\\\/avatar\\\/bdabe1eeeed97b65a9cb7de2edd624b07995f7e13abc5fead15961f745f908cc?s=96&d=mm&r=g\",\"contentUrl\":\"https:\\\/\\\/secure.gravatar.com\\\/avatar\\\/bdabe1eeeed97b65a9cb7de2edd624b07995f7e13abc5fead15961f745f908cc?s=96&d=mm&r=g\",\"caption\":\"Eduardo Lizarraga\"},\"description\":\"Periodista Econ\u00f3mico. Ha trabajado en diversos campos de la informaci\u00f3n. Corresponsal en conflictos, analista pol\u00edtico en Congreso y Senado, periodista del medio ambiente, editor, director editorial, director de comunicaci\u00f3n.... En estos momentos se ha especializado en el sector inmobiliario. Pero tambi\u00e9n es navegante y viajero, preocupado por la pobreza, el medio ambiente y por las actuaciones descontroladas del neoliberalismo empresarial y pol\u00edtico en todo el mundo. Los desahucios, la pobreza infantil y la falta de acceso a los suministros b\u00e1sicos son algunos de los grandes dramas de nuestra sociedad y que es preciso solucionar para hacerla m\u00e1s justa. CEO en www.aquimicasa.net\",\"sameAs\":[\"https:\\\/\\\/www.aquimicasa.net\\\/\"],\"url\":\"https:\\\/\\\/www.aquimicasa.net\\\/blog\\\/author\\\/eduardo\\\/\"}]}<\/script>\n<!-- \/ Yoast SEO plugin. -->","yoast_head_json":{"title":"Ayudas de Barcelona para el acceso a la vivienda de los mayores","description":"La nueva prestaci\u00f3n municipal, que se activar\u00e1 bajo la denominaci\u00f3n de \u201cEscudo Social\u201d, complementar\u00e1 el pago del alquiler hasta doce meses","robots":{"index":"index","follow":"follow","max-snippet":"max-snippet:-1","max-image-preview":"max-image-preview:large","max-video-preview":"max-video-preview:-1"},"canonical":"https:\/\/www.aquimicasa.net\/blog\/vivienda\/alquileres\/ayudas-de-barcelona-para-el-acceso-a-la-vivienda-de-los-mayores\/","og_locale":"es_ES","og_type":"article","og_title":"Ayudas de Barcelona para el acceso a la vivienda de los mayores","og_description":"La nueva prestaci\u00f3n municipal, que se activar\u00e1 bajo la denominaci\u00f3n de \u201cEscudo Social\u201d, complementar\u00e1 el pago del alquiler hasta doce meses","og_url":"https:\/\/www.aquimicasa.net\/blog\/vivienda\/alquileres\/ayudas-de-barcelona-para-el-acceso-a-la-vivienda-de-los-mayores\/","og_site_name":"Blog de aquimicasa.net","article_publisher":"https:\/\/www.facebook.com\/aquimicasa.net","article_published_time":"2026-02-18T12:48:53+00:00","og_image":[{"width":600,"height":396,"url":"https:\/\/www.aquimicasa.net\/blog\/wp-content\/uploads\/Barcelona-3-e1768770715864.jpg","type":"image\/jpeg"}],"author":"Eduardo Lizarraga","twitter_misc":{"Escrito por":"Eduardo Lizarraga","Tiempo de lectura":"5 minutos"},"schema":{"@context":"https:\/\/schema.org","@graph":[{"@type":"Article","@id":"https:\/\/www.aquimicasa.net\/blog\/vivienda\/alquileres\/ayudas-de-barcelona-para-el-acceso-a-la-vivienda-de-los-mayores\/#article","isPartOf":{"@id":"https:\/\/www.aquimicasa.net\/blog\/vivienda\/alquileres\/ayudas-de-barcelona-para-el-acceso-a-la-vivienda-de-los-mayores\/"},"author":{"name":"Eduardo Lizarraga","@id":"https:\/\/www.aquimicasa.net\/blog\/#\/schema\/person\/2cdfa2605534583395c8d7ce1d6cac14"},"headline":"Ayudas de Barcelona para el acceso a la vivienda de los mayores","datePublished":"2026-02-18T12:48:53+00:00","mainEntityOfPage":{"@id":"https:\/\/www.aquimicasa.net\/blog\/vivienda\/alquileres\/ayudas-de-barcelona-para-el-acceso-a-la-vivienda-de-los-mayores\/"},"wordCount":1215,"publisher":{"@id":"https:\/\/www.aquimicasa.net\/blog\/#organization"},"image":{"@id":"https:\/\/www.aquimicasa.net\/blog\/vivienda\/alquileres\/ayudas-de-barcelona-para-el-acceso-a-la-vivienda-de-los-mayores\/#primaryimage"},"thumbnailUrl":"https:\/\/www.aquimicasa.net\/blog\/wp-content\/uploads\/Barcelona-3-e1768770715864.jpg","keywords":["newsletter 553"],"articleSection":["Alquiler"],"inLanguage":"es"},{"@type":"WebPage","@id":"https:\/\/www.aquimicasa.net\/blog\/vivienda\/alquileres\/ayudas-de-barcelona-para-el-acceso-a-la-vivienda-de-los-mayores\/","url":"https:\/\/www.aquimicasa.net\/blog\/vivienda\/alquileres\/ayudas-de-barcelona-para-el-acceso-a-la-vivienda-de-los-mayores\/","name":"Ayudas de Barcelona para el acceso a la vivienda de los mayores","isPartOf":{"@id":"https:\/\/www.aquimicasa.net\/blog\/#website"},"primaryImageOfPage":{"@id":"https:\/\/www.aquimicasa.net\/blog\/vivienda\/alquileres\/ayudas-de-barcelona-para-el-acceso-a-la-vivienda-de-los-mayores\/#primaryimage"},"image":{"@id":"https:\/\/www.aquimicasa.net\/blog\/vivienda\/alquileres\/ayudas-de-barcelona-para-el-acceso-a-la-vivienda-de-los-mayores\/#primaryimage"},"thumbnailUrl":"https:\/\/www.aquimicasa.net\/blog\/wp-content\/uploads\/Barcelona-3-e1768770715864.jpg","datePublished":"2026-02-18T12:48:53+00:00","description":"La nueva prestaci\u00f3n municipal, que se activar\u00e1 bajo la denominaci\u00f3n de \u201cEscudo Social\u201d, complementar\u00e1 el pago del alquiler hasta doce meses","breadcrumb":{"@id":"https:\/\/www.aquimicasa.net\/blog\/vivienda\/alquileres\/ayudas-de-barcelona-para-el-acceso-a-la-vivienda-de-los-mayores\/#breadcrumb"},"inLanguage":"es","potentialAction":[{"@type":"ReadAction","target":["https:\/\/www.aquimicasa.net\/blog\/vivienda\/alquileres\/ayudas-de-barcelona-para-el-acceso-a-la-vivienda-de-los-mayores\/"]}]},{"@type":"ImageObject","inLanguage":"es","@id":"https:\/\/www.aquimicasa.net\/blog\/vivienda\/alquileres\/ayudas-de-barcelona-para-el-acceso-a-la-vivienda-de-los-mayores\/#primaryimage","url":"https:\/\/www.aquimicasa.net\/blog\/wp-content\/uploads\/Barcelona-3-e1768770715864.jpg","contentUrl":"https:\/\/www.aquimicasa.net\/blog\/wp-content\/uploads\/Barcelona-3-e1768770715864.jpg","width":600,"height":396,"caption":"Ayudas en Barcelona para el alquiler de los mayores"},{"@type":"BreadcrumbList","@id":"https:\/\/www.aquimicasa.net\/blog\/vivienda\/alquileres\/ayudas-de-barcelona-para-el-acceso-a-la-vivienda-de-los-mayores\/#breadcrumb","itemListElement":[{"@type":"ListItem","position":1,"name":"Portada","item":"https:\/\/www.aquimicasa.net\/blog\/"},{"@type":"ListItem","position":2,"name":"Ayudas de Barcelona para el acceso a la vivienda de los mayores"}]},{"@type":"WebSite","@id":"https:\/\/www.aquimicasa.net\/blog\/#website","url":"https:\/\/www.aquimicasa.net\/blog\/","name":"Blog de aquimicasa.net","description":"Noticias del Mundo Inmobiliario","publisher":{"@id":"https:\/\/www.aquimicasa.net\/blog\/#organization"},"potentialAction":[{"@type":"SearchAction","target":{"@type":"EntryPoint","urlTemplate":"https:\/\/www.aquimicasa.net\/blog\/?s={search_term_string}"},"query-input":{"@type":"PropertyValueSpecification","valueRequired":true,"valueName":"search_term_string"}}],"inLanguage":"es"},{"@type":"Organization","@id":"https:\/\/www.aquimicasa.net\/blog\/#organization","name":"Blog de aquimicasa.net","url":"https:\/\/www.aquimicasa.net\/blog\/","logo":{"@type":"ImageObject","inLanguage":"es","@id":"https:\/\/www.aquimicasa.net\/blog\/#\/schema\/logo\/image\/","url":"https:\/\/www.aquimicasa.net\/blog\/wp-content\/uploads\/Logo-aquimicasa-1-e1528048213782.png","contentUrl":"https:\/\/www.aquimicasa.net\/blog\/wp-content\/uploads\/Logo-aquimicasa-1-e1528048213782.png","width":225,"height":225,"caption":"Blog de aquimicasa.net"},"image":{"@id":"https:\/\/www.aquimicasa.net\/blog\/#\/schema\/logo\/image\/"},"sameAs":["https:\/\/www.facebook.com\/aquimicasa.net","https:\/\/www.instagram.com\/","https:\/\/x.com\/EduLizarragaD","https:\/\/www.linkedin.com\/feed\/"]},{"@type":"Person","@id":"https:\/\/www.aquimicasa.net\/blog\/#\/schema\/person\/2cdfa2605534583395c8d7ce1d6cac14","name":"Eduardo Lizarraga","image":{"@type":"ImageObject","inLanguage":"es","@id":"https:\/\/secure.gravatar.com\/avatar\/bdabe1eeeed97b65a9cb7de2edd624b07995f7e13abc5fead15961f745f908cc?s=96&d=mm&r=g","url":"https:\/\/secure.gravatar.com\/avatar\/bdabe1eeeed97b65a9cb7de2edd624b07995f7e13abc5fead15961f745f908cc?s=96&d=mm&r=g","contentUrl":"https:\/\/secure.gravatar.com\/avatar\/bdabe1eeeed97b65a9cb7de2edd624b07995f7e13abc5fead15961f745f908cc?s=96&d=mm&r=g","caption":"Eduardo Lizarraga"},"description":"Periodista Econ\u00f3mico. Ha trabajado en diversos campos de la informaci\u00f3n. Corresponsal en conflictos, analista pol\u00edtico en Congreso y Senado, periodista del medio ambiente, editor, director editorial, director de comunicaci\u00f3n.... En estos momentos se ha especializado en el sector inmobiliario. Pero tambi\u00e9n es navegante y viajero, preocupado por la pobreza, el medio ambiente y por las actuaciones descontroladas del neoliberalismo empresarial y pol\u00edtico en todo el mundo. Los desahucios, la pobreza infantil y la falta de acceso a los suministros b\u00e1sicos son algunos de los grandes dramas de nuestra sociedad y que es preciso solucionar para hacerla m\u00e1s justa. CEO en www.aquimicasa.net","sameAs":["https:\/\/www.aquimicasa.net\/"],"url":"https:\/\/www.aquimicasa.net\/blog\/author\/eduardo\/"}]}},"jetpack_publicize_connections":[],"jetpack_featured_media_url":"https:\/\/www.aquimicasa.net\/blog\/wp-content\/uploads\/Barcelona-3-e1768770715864.jpg","jetpack_sharing_enabled":true,"jetpack_likes_enabled":true,"_links":{"self":[{"href":"https:\/\/www.aquimicasa.net\/blog\/wp-json\/wp\/v2\/posts\/55138","targetHints":{"allow":["GET"]}}],"collection":[{"href":"https:\/\/www.aquimicasa.net\/blog\/wp-json\/wp\/v2\/posts"}],"about":[{"href":"https:\/\/www.aquimicasa.net\/blog\/wp-json\/wp\/v2\/types\/post"}],"author":[{"embeddable":true,"href":"https:\/\/www.aquimicasa.net\/blog\/wp-json\/wp\/v2\/users\/3"}],"replies":[{"embeddable":true,"href":"https:\/\/www.aquimicasa.net\/blog\/wp-json\/wp\/v2\/comments?post=55138"}],"version-history":[{"count":2,"href":"https:\/\/www.aquimicasa.net\/blog\/wp-json\/wp\/v2\/posts\/55138\/revisions"}],"predecessor-version":[{"id":55140,"href":"https:\/\/www.aquimicasa.net\/blog\/wp-json\/wp\/v2\/posts\/55138\/revisions\/55140"}],"wp:featuredmedia":[{"embeddable":true,"href":"https:\/\/www.aquimicasa.net\/blog\/wp-json\/wp\/v2\/media\/49573"}],"wp:attachment":[{"href":"https:\/\/www.aquimicasa.net\/blog\/wp-json\/wp\/v2\/media?parent=55138"}],"wp:term":[{"taxonomy":"category","embeddable":true,"href":"https:\/\/www.aquimicasa.net\/blog\/wp-json\/wp\/v2\/categories?post=55138"},{"taxonomy":"post_tag","embeddable":true,"href":"https:\/\/www.aquimicasa.net\/blog\/wp-json\/wp\/v2\/tags?post=55138"}],"curies":[{"name":"wp","href":"https:\/\/api.w.org\/{rel}","templated":true}]}}