{"id":55143,"date":"2026-02-19T00:04:02","date_gmt":"2026-02-18T23:04:02","guid":{"rendered":"https:\/\/www.aquimicasa.net\/blog\/?p=55143"},"modified":"2026-03-01T10:30:01","modified_gmt":"2026-03-01T09:30:01","slug":"y-tambien-dos-huevos-duros-%f0%9f%a5%9a%f0%9f%a5%9a","status":"publish","type":"post","link":"https:\/\/www.aquimicasa.net\/blog\/opinion\/y-tambien-dos-huevos-duros-%f0%9f%a5%9a%f0%9f%a5%9a\/","title":{"rendered":"\u00a1Y tambi\u00e9n dos huevos duros \ud83e\udd5a\ud83e\udd5a"},"content":{"rendered":"<div class=\"fusion-fullwidth fullwidth-box fusion-builder-row-1 fusion-flex-container nonhundred-percent-fullwidth non-hundred-percent-height-scrolling\" style=\"background-color: rgba(255,255,255,0);background-position: center center;background-repeat: no-repeat;border-width: 0px 0px 0px 0px;border-color:#eae9e9;border-style:solid;\" ><div class=\"fusion-builder-row fusion-row fusion-flex-align-items-flex-start\" style=\"max-width:1144px;margin-left: calc(-4% \/ 2 );margin-right: calc(-4% \/ 2 );\"><div class=\"fusion-layout-column fusion_builder_column fusion-builder-column-0 fusion_builder_column_1_1 1_1 fusion-flex-column\"><div class=\"fusion-column-wrapper fusion-flex-justify-content-flex-start fusion-content-layout-column\" style=\"background-position:left top;background-repeat:no-repeat;-webkit-background-size:cover;-moz-background-size:cover;-o-background-size:cover;background-size:cover;padding: 0px 0px 0px 0px;\"><div class=\"fusion-text fusion-text-1\"><h2 data-start=\"38\" data-end=\"116\"><strong>El camarote inmobiliario de 2026: promesas, CIS y un mercado que no perdona<\/strong><\/h2>\n<p data-start=\"444\" data-end=\"829\">Fue la frase m\u00edtica en la famosa escena del \u201cCamarote de los hermanos Marx\u201den la pel\u00edcula inolvidable \u00abUna noche en la \u00f3pera\u00bb. Surrealismo en estado puro, un humor absurdo que a\u00fan hoy nos hace re\u00edr por su exageraci\u00f3n desbordada. Y, sin embargo, lo que estamos viendo en materia de vivienda empieza a parecerse demasiado a aquella escena. Con una diferencia importante: <strong data-start=\"763\" data-end=\"828\">los Hermanos Marx eran geniales; nuestros pol\u00edticos, no tanto<\/strong>.<\/p>\n<p data-start=\"831\" data-end=\"1039\">Cada vez que escucho al presidente del Gobierno y al que aspira a serlo, salir a prometer viviendas a porrillo, no puedo evitar imaginarme con un altavoz bien gordo gritando: <strong data-start=\"1007\" data-end=\"1039\">\u00a1Y tambi\u00e9n dos huevos duros!<\/strong><\/p>\n<p data-start=\"624\" data-end=\"1191\">El problema, claro, es que en la situaci\u00f3n en la que estamos <strong data-start=\"685\" data-end=\"711\">no hay humor que valga<\/strong>. O s\u00ed, pero del malo: el de \u201cme r\u00edo por no llorar\u201d. Porque lo que tenemos delante no es una comedia, es una <strong data-start=\"820\" data-end=\"854\">crisis de acceso a la vivienda como el sombrero de un picador,<\/strong>\u00a0que se ha convertido en el primer problema del pa\u00eds seg\u00fan el CIS, con cifras en m\u00e1ximos hist\u00f3ricos. Y si el term\u00f3metro social marca fiebre, nuestros pol\u00edticos reaccionan como siempre: <strong data-start=\"1039\" data-end=\"1062\">a golpe de encuesta<\/strong>, como si el bar\u00f3metro del CIS fuera el volante de un coche y el pa\u00eds una rotonda infinita en la que dar vueltas mareando al personal.<\/p>\n<p data-start=\"1193\" data-end=\"1650\">Y ah\u00ed los tienes: cada uno por su lado, prometiendo viviendas porque sus asesores de imagen les dicen que \u201ces lo que toca\u201d. Que si el CIS repite preocupaci\u00f3n y sube, como si fuera la Pasaban con los ochomiles, vamos a tener <strong data-start=\"1417\" data-end=\"1449\">anuncios pol\u00edticos mensuales<\/strong>, a cada cual m\u00e1s estruendoso. No porque tengan un plan milagroso, sino porque <strong data-start=\"1528\" data-end=\"1537\">saben<\/strong> que este tema pesa y va a pesar a\u00fan m\u00e1s en las pr\u00f3ximas citas electorales.<\/p>\n<h2 data-start=\"1652\" data-end=\"1731\"><strong>El mercado de este a\u00f1o arranca peor: m\u00e1s caro, m\u00e1s tenso y con menos aire \ud83d\ude05<\/strong><\/h2>\n<p data-start=\"1733\" data-end=\"2142\">Para el sector inmobiliario (y especialmente para las inmobiliarias, que sois las que dais la cara en el mostrador), 2026 empieza con ese aroma inconfundible de \u201cse complica la cosa\u201d. Y no es una sensaci\u00f3n, es una suma de hechos: <strong data-start=\"1963\" data-end=\"1980\">precios altos<\/strong>, <strong data-start=\"1982\" data-end=\"2005\">oferta insuficiente<\/strong>, <strong data-start=\"2007\" data-end=\"2030\">obra nueva car\u00edsima<\/strong>, <strong data-start=\"2032\" data-end=\"2055\">alquiler tensionado<\/strong>, y una demanda que no desaparece, solo se enfada, se frustra y se vuelve m\u00e1s nerviosa e irritable.<\/p>\n<p data-start=\"2144\" data-end=\"2546\">Bankinter, por ejemplo, no se ha puesto precisamente rom\u00e1ntico: estima que el precio de la vivienda viene de subir con fuerza y que <strong data-start=\"2276\" data-end=\"2296\">seguir\u00e1 subiendo<\/strong>; revis\u00f3 al alza sus previsiones y habla de <strong data-start=\"2340\" data-end=\"2357\">+7% para 2026<\/strong> y <strong data-start=\"2360\" data-end=\"2377\">+4% para 2027<\/strong> (con el foco en grandes ciudades, costa mediterr\u00e1nea e islas). Vamos, que el mercado no parece dispuesto a aflojar por las buenas y las perspectivas son para lo que resta de d\u00e9cada..<\/p>\n<p data-start=\"2548\" data-end=\"2627\">Y esto, para una inmobiliaria, significa dos cosas a la vez (y las dos duelen):<\/p>\n<ol data-start=\"2628\" data-end=\"2867\">\n<li data-start=\"2628\" data-end=\"2734\">\n<p data-start=\"2631\" data-end=\"2734\">vender se vuelve m\u00e1s dif\u00edcil porque el comprador dom\u00e9stico tiene un l\u00edmite f\u00edsico, mental y bancario;<\/p>\n<\/li>\n<li data-start=\"2735\" data-end=\"2867\">\n<p data-start=\"2738\" data-end=\"2867\">captar producto se vuelve m\u00e1s salvaje, porque la oferta no acompa\u00f1a y el propietario est\u00e1 en modo amateur inmobiliario o experto inversor.<\/p>\n<\/li>\n<\/ol>\n<p data-start=\"2869\" data-end=\"3069\">Lo dicho: no es una crisis de \u201cno hay operaciones\u201d, es una crisis de <strong data-start=\"2938\" data-end=\"2960\">mercado tensionado<\/strong> donde el negocio se vuelve m\u00e1s friccional, m\u00e1s emocional y m\u00e1s de explicar, justificar y negociar\u2026 a diario.<\/p>\n<h2 data-start=\"3071\" data-end=\"3135\"><strong>\u201cEspa\u00f1a Crece\u201d: el fondo que lo arregla todo\u2026 en titulares \ud83d\ude43<\/strong><\/h2>\n<p data-start=\"3137\" data-end=\"3534\">Y entonces llega el Gobierno con su anuncio estrella: el fondo \u201c<strong data-start=\"3201\" data-end=\"3217\">Espa\u00f1a Crece<\/strong>\u201d, gestionado por el ICO, con la promesa de movilizar <strong data-start=\"3271\" data-end=\"3290\">23.000 millones<\/strong> para financiar la construcci\u00f3n de <strong data-start=\"3325\" data-end=\"3358\">hasta 15.000 viviendas al a\u00f1o<\/strong> destinadas a alquiler asequible. Todo presentado con una frase de manual: \u201cla falta de financiaci\u00f3n no puede ser otro cuello de botella\u201d.<\/p>\n<p data-start=\"3536\" data-end=\"4139\">Sobre el papel suena a \u201cpor fin algo serio\u201d. En el escenario suena a \u201calfombra roja al inversor privado, pero no para especular\u2026\u201d. Y aqu\u00ed es donde el camarote surrealista vuelve a aparecer: <strong data-start=\"3714\" data-end=\"3754\">quieres que entre el capital privado<\/strong>, pero le dices que el lucro no puede ser \u201cel factor fundamental\u201d. Vale. Perfecto. Ahora si\u00e9ntate conmigo un momento, Gobierno, y expl\u00edcame c\u00f3mo cuadra eso en un Excel real donde el suelo cuesta lo que no est\u00e1 en los escritos, la financiaci\u00f3n un ojo de la cara, los materiales han costado el otro, y la mano de obra es un unicornio con casco de obra.<\/p>\n<p data-start=\"4141\" data-end=\"4657\">El propio planteamiento reconoce que se busca apalancamiento y participaci\u00f3n privada para multiplicar el efecto. Es decir: no es un saco de dinero infinito, es un mecanismo financiero. Y los mecanismos financieros est\u00e1n muy bien\u2026 hasta que se chocan con el mundo f\u00edsico. Porque una vivienda no se imprime como un PDF. Una vivienda se hace con <strong data-start=\"4484\" data-end=\"4493\">suelo<\/strong>, <strong data-start=\"4495\" data-end=\"4508\">licencias<\/strong>, <strong data-start=\"4510\" data-end=\"4522\">proyecto<\/strong>, <strong data-start=\"4524\" data-end=\"4540\">constructora<\/strong>, <strong data-start=\"4542\" data-end=\"4558\">trabajadores<\/strong>, <strong data-start=\"4560\" data-end=\"4570\">plazos<\/strong>, <strong data-start=\"4572\" data-end=\"4582\">costes<\/strong> y, s\u00ed, tambi\u00e9n con <strong data-start=\"4602\" data-end=\"4618\">rentabilidad<\/strong>.<\/p>\n<p data-start=\"4659\" data-end=\"4914\">Si este fondo sirve para empujar parte de la oferta asequible, estupendo. De verdad. Pero venderlo como si con eso se cerrara el d\u00e9ficit habitacional es como decir que vas a adelgazar porque has comprado una bicicleta est\u00e1tica\u2026 y luego la usas para colgar toallas.<\/p>\n<h2 data-start=\"4916\" data-end=\"4992\"><strong>La oposici\u00f3n y el \u201cun mill\u00f3n de viviendas\u201d: la receta del \u201cy yo m\u00e1s grande\u201d \ud83d\ude82<\/strong><\/h2>\n<p data-start=\"4994\" data-end=\"5341\">Y si S\u00e1nchez promete 15.000 viviendas anuales, la oposici\u00f3n responde con el cl\u00e1sico \u201csuj\u00e9tame el cubata Manolo\u201d, que voy a la tribuna: propuestas para construir <strong data-start=\"5140\" data-end=\"5181\">un mill\u00f3n de viviendas en cuatro a\u00f1os<\/strong>, medidas para poner suelo p\u00fablico en alquiler asequible, tirar de remanentes municipales, reformar la Ley del Suelo, etc.<\/p>\n<p data-start=\"5343\" data-end=\"5666\">Aqu\u00ed el problema no es que propongan. El problema es cuando lo presentan como si el pa\u00eds fuera un SimCity con trucos activados. Porque t\u00fa puedes decir \u201cun mill\u00f3n de viviendas\u201d igual que puedes decir \u201cvamos a colonizar Marte\u201d; la pregunta real es: <strong data-start=\"5590\" data-end=\"5666\">\u00bfcon qu\u00e9 plazos, con qu\u00e9 mano de obra, con qu\u00e9 costes, d\u00f3nde y con qu\u00e9 gesti\u00f3n?<\/strong><\/p>\n<p data-start=\"5668\" data-end=\"5916\">Y ojo, que parte del diagn\u00f3stico s\u00ed es razonable: necesitamos agilizar procesos, suelo finalista, seguridad jur\u00eddica y oferta. Pero convertirlo en eslogan electoral es exactamente el virus que nos ha tra\u00eddo hasta aqu\u00ed: <strong data-start=\"5887\" data-end=\"5915\">mucho titular, poca obra y a\u00fan menos entregada<\/strong>.<\/p>\n<h2 data-start=\"5918\" data-end=\"5984\"><strong>El CIS y el teatro: cuando el bar\u00f3metro manda m\u00e1s que el BOE \ud83d\ude0f<\/strong><\/h2>\n<p data-start=\"5986\" data-end=\"6355\">Hay una escena que se repite: el CIS publica bar\u00f3metro, la vivienda sale arriba, los asesores enloquecen y de repente hay una avalancha de declaraciones. En enero de 2026, el CIS ya pon\u00eda la vivienda como principal problema con cifras por encima del 42%. En febrero volvi\u00f3 a estar arriba con porcentajes muy parecidos. No es un pico, es una <strong data-start=\"6303\" data-end=\"6316\">tendencia<\/strong>.<\/p>\n<p data-start=\"6357\" data-end=\"6586\">Y cuando algo se instala como preocupaci\u00f3n colectiva, el pol\u00edtico medio act\u00faa como quien ve fuego en la cocina: <strong data-start=\"6469\" data-end=\"6487\">sale corriendo<\/strong>, pero casi siempre para hacerse la foto con el extintor, no para desconectar la instalaci\u00f3n el\u00e9ctrica.<\/p>\n<p data-start=\"6588\" data-end=\"6788\">Mientras tanto, la gente vive y sufre lo que vive: alquileres que no perdonan, hipotecas que exigen m\u00e1s renta, pisos que desaparecen del mercado antes de verlos, y una sensaci\u00f3n de \u201cno llego\u201d que no se arregla con discursos.<\/p>\n<h2 data-start=\"6790\" data-end=\"6868\"><strong>La realidad que no sale en el atril: oferta corta y producci\u00f3n que no da \ud83d\ude2c<\/strong><\/h2>\n<p data-start=\"6870\" data-end=\"6990\">La palabra clave de este ciclo es <strong data-start=\"6904\" data-end=\"6914\">oferta<\/strong>. O mejor dicho: <strong data-start=\"6931\" data-end=\"6950\">falta de oferta<\/strong>. Y esto no es ideolog\u00eda, es aritm\u00e9tica.<\/p>\n<p data-start=\"6992\" data-end=\"7234\">Bankinter, por ejemplo, insiste en que el mercado est\u00e1 condicionado por una \u201cclara falta de oferta\u201d y habla incluso de d\u00e9ficit estructural y presi\u00f3n extra por creaci\u00f3n de hogares y compras de extranjeros.<\/p>\n<p data-start=\"7236\" data-end=\"7499\">Y cuando la oferta no acompa\u00f1a, pasan dos cosas: los precios se sujetan arriba y el mercado se vuelve m\u00e1s desigual (porque quien tiene m\u00fasculo compra, y quien no, mira desde la barrera). No hace falta ponerse apocal\u00edptico: es la din\u00e1mica normal de un bien escaso.<\/p>\n<p data-start=\"7501\" data-end=\"7793\">Encima, mientras se promete construir m\u00e1s, aparecen se\u00f1ales de que el sector constructor no va sobrado. La vivienda terminada disminuye y la capacidad real de ejecuci\u00f3n se mueve con inercias, retrasos, cuellos de botella. El mundo real tiene un ritmo, y no siempre coincide con el ritmo del micr\u00f3fono.<\/p>\n<p data-start=\"7795\" data-end=\"8050\">Y aqu\u00ed entra un tema inc\u00f3modo pero crucial: <strong data-start=\"7839\" data-end=\"7858\">la mano de obra<\/strong>. Puedes tener dinero, puedes tener suelo, puedes tener demanda\u2026 pero si no tienes gente cualificada para construir, el plan se te convierte en poes\u00eda. Y la poes\u00eda, en vivienda, sirve regular.<\/p>\n<h2 data-start=\"8052\" data-end=\"8124\"><strong>La obra nueva no es cara porque s\u00ed: es cara porque todo cuesta m\u00e1s \ud83e\uddf1<\/strong><\/h2>\n<p data-start=\"8126\" data-end=\"8410\">Otro dato duro: el coste de la obra nueva <strong data-start=\"8168\" data-end=\"8189\">sigue presionando<\/strong>. Materiales, energ\u00eda, transporte, costes financieros\u2026 y el precio final termina reflej\u00e1ndolo. En ese contexto, pretender que el mercado saque vivienda \u201casequible\u201d por ciencia infusa es\u2026 bueno, es una escena del camarote, como la de la manicura.<\/p>\n<p data-start=\"8412\" data-end=\"8662\">De hecho, el propio enfoque de colaboraci\u00f3n p\u00fablico-privada admite que hay que aceptar una rentabilidad ajustada al riesgo para que funcione. Eso, en castellano, significa: \u201csi no hay incentivo, no hay combustible para las m\u00e1quinas\u201d.<\/p>\n<p data-start=\"8664\" data-end=\"9146\">Y aqu\u00ed es donde las promesas pol\u00edticas se estrellan contra el mostrador de una inmobiliaria. Porque vosotros sois los que recib\u00eds al cliente que pregunta:<br \/>\n\u2014\u201c\u00bfPor qu\u00e9 vale esto lo que me dices, si no tiene n\u00e1?\u201d\u00bfNo tienes otras cosas?<br data-start=\"8857\" data-end=\"8860\" \/>Y t\u00fa no puedes responder: \u201c P\u00e1sate despues del verano, que el ministro ha dicho que vamos a construir 15.000 m\u00e1s\u201d. Tienes que explicar el mercado, el coste, la financiaci\u00f3n, la demanda, el barrio, la oferta real. Y eso es un trabajo profesional, aunque a veces parezca terapia de pareja entre comprador y realidad.<\/p>\n<h2 data-start=\"9148\" data-end=\"9210\"><strong>Inmigraci\u00f3n, construcci\u00f3n y el elefante en la habitaci\u00f3n \ud83d\udc18<\/strong><\/h2>\n<p data-start=\"2879\" data-end=\"3219\">No tenemos mano de obra suficiente ni siquiera para sostener ritmos en torno a 100.000 viviendas al a\u00f1o, de hecho el psado a\u00f1o se entregaron menos que en 2024. Hay promociones que rotan cuadrillas de un edificio a otro para que \u201cse vea movimiento\u201d. Alba\u00f1iles que hoy est\u00e1n en una promoci\u00f3n y ma\u00f1ana se van en la furgona a otra en el pueblo vecino, para poner cuatro ladrillos. Plazos que se alargan porque simplemente no hay suficientes profesionales cualificados.<\/p>\n<p data-start=\"3221\" data-end=\"3313\">Entonces surge la pregunta l\u00f3gica: <strong data-start=\"3258\" data-end=\"3313\">\u00bfc\u00f3mo se hacen 15.000 m\u00e1s? \u00bfY mucho m\u00e1s 250.000?<\/strong><\/p>\n<p data-start=\"3315\" data-end=\"3595\">En los c\u00e1lculos del Gobierno podr\u00edan figurar algunos de los inmigrantes que pretende regularizar. Y aqu\u00ed el debate se vuelve inc\u00f3modo, pero imprescindible. Porque sin trabajadores, no hay construcci\u00f3n. Y sin construcci\u00f3n, no hay oferta. Y sin oferta, los precios siguen escalando.<\/p>\n<p data-start=\"3597\" data-end=\"3805\">Mientras tanto, desde ciertos sectores de la oposici\u00f3n se coquetea con discursos de expulsi\u00f3n masiva de inmigrantes. Lo cual plantea otra inc\u00f3gnita: si faltan trabajadores hoy, \u00bfqu\u00e9 pasar\u00e1 si ma\u00f1ana faltan m\u00e1s?<\/p>\n<p data-start=\"3807\" data-end=\"4064\">Tal vez, el l\u00edder de la oposici\u00f3n est\u00e9 imaginando a las Nuevas Generaciones del partido haciendo pa\u00eds y cogiendo la paleta y la llana para levantar tabiques. Aunque eso suena casi tan plausible como la operaci\u00f3n Rufi\u00e1n o como pas\u00f3 con aquella m\u00edtica operaci\u00f3n Roca, que algunos ya ni recuerdan.<\/p>\n<h2 data-start=\"9934\" data-end=\"10028\"><strong>Lo que esto significa para las inmobiliarias: a\u00f1os de barro, pero tambi\u00e9n de oportunidad \ud83d\udcbc<\/strong><\/h2>\n<p data-start=\"10030\" data-end=\"10173\">Vale, bajemos del Congreso a la oficina. \u00bfQu\u00e9 implica este escenario para una inmobiliaria que quiere sobrevivir (y crecer) en 2026 y m\u00e1s all\u00e1?<\/p>\n<p data-start=\"10175\" data-end=\"10277\">Implica que entramos en a\u00f1os donde el que gane no ser\u00e1 \u201cel que tenga m\u00e1s escaparate en mejor sitio\u201d, sino el que tenga:<\/p>\n<ul data-start=\"10278\" data-end=\"10521\">\n<li data-start=\"10278\" data-end=\"10331\">\n<p data-start=\"10280\" data-end=\"10331\"><strong data-start=\"10280\" data-end=\"10299\">mejor estructura de captaci\u00f3n<\/strong> (producto, producto, producto),<\/p>\n<\/li>\n<li data-start=\"10332\" data-end=\"10387\">\n<p data-start=\"10334\" data-end=\"10387\"><strong data-start=\"10334\" data-end=\"10365\">mejor posicionamiento local<\/strong> (SEO real, no inventos),<\/p>\n<\/li>\n<li data-start=\"10388\" data-end=\"10455\">\n<p data-start=\"10390\" data-end=\"10455\"><strong data-start=\"10390\" data-end=\"10419\">mejor narrativa comercial<\/strong> (explicar mercado sin vender humo),<\/p>\n<\/li>\n<li data-start=\"10456\" data-end=\"10521\">\n<p data-start=\"10458\" data-end=\"10521\">y <strong data-start=\"10460\" data-end=\"10478\">mejor servicio<\/strong> (porque la operaci\u00f3n ser\u00e1 m\u00e1s friccional).<\/p>\n<\/li>\n<\/ul>\n<p data-start=\"10523\" data-end=\"10775\">El comprador est\u00e1 m\u00e1s sensible y desesperado. El propietario est\u00e1 m\u00e1s desconfiado y m\u00e1s exigente. Y el mercado est\u00e1 m\u00e1s polarizado. Por tanto, la inmobiliaria que se limite a publicar en portales y esperar a ver qu\u00e9 pasa, se va a comer un moj\u00f3n inmobiliario con denominaci\u00f3n de origen.<\/p>\n<p data-start=\"10777\" data-end=\"10920\">Aqu\u00ed el SEO no es \u201cponer cuatro keywords en redes sociales\u201d. Aqu\u00ed el SEO es convertirse en el medio de referencia local, el que tiene respuestas a lo que la gente busca. Y hacerlo con datos, tono humano y mucha pedagog\u00eda. Porque cuando el mercado aprieta, el tr\u00e1fico no desaparece: <strong data-start=\"11250\" data-end=\"11273\">cambia de intenci\u00f3n<\/strong>. La gente no deja de buscar vivienda; busca con m\u00e1s miedo, con m\u00e1s dudas, con m\u00e1s necesidad de confianza. Y tienes que d\u00e1rsela.<\/p>\n<h2 data-start=\"11382\" data-end=\"11450\"><strong>El t\u00e1ndem S\u00e1nchez\/Feij\u00f3o: no son los Marx, pero s\u00ed hacen camarote \ud83d\ude04<\/strong><\/h2>\n<p data-start=\"11452\" data-end=\"11665\">El pa\u00eds no puede vivir en el surrealismo permanente del t\u00e1ndem S\u00e1nchez\/Feij\u00f3o (y sus sat\u00e9lites), que adem\u00e1s no son graciosos. Necesitamos una <strong data-start=\"11594\" data-end=\"11628\">pol\u00edtica de Estado en vivienda<\/strong>, no un concurso de \u201cyo prometo m\u00e1s\u201d.<\/p>\n<p data-start=\"11667\" data-end=\"11895\">Y s\u00ed: es perfectamente compatible reconocer que hacen falta medidas, fondos, reformas, incentivos, vivienda p\u00fablica, colaboraci\u00f3n con privados, y al mismo tiempo exigir que dejen de tratar el problema como un decorado electoral con m\u00fasica y luces.<\/p>\n<p data-start=\"11897\" data-end=\"12196\">Porque mientras ellos compiten por el titular, el mercado sigue su camino: la oferta sigue corta, los precios siguen tensos, el alquiler sigue asfixiando, y las inmobiliarias segu\u00eds gestionando el cabreo social en primera l\u00ednea. Con sonrisa profesional, con paciencia y con el WhatsApp echando humo.<\/p>\n<h2 data-start=\"12198\" data-end=\"12268\">Resumiendo: menos promesas sin ladrillos y m\u00e1s obra (de la de verdad) \ud83e\udd5a\u27a1\ufe0f\ud83c\udfd7\ufe0f<\/h2>\n<p data-start=\"12270\" data-end=\"12500\">\u201c\u00a1Y tambi\u00e9n dos huevos duros!\u201d funciona como chiste. Como diagn\u00f3stico, es casi perfecto: estamos en un momento donde se prometen cosas imposibles con una ligereza insultante, porque el objetivo no es resolver, es salir en primera y guapete.<\/p>\n<p data-start=\"12502\" data-end=\"12795\">Pero para el sector inmobiliario, 2026 no va de chistes. Va de adaptarse a un ciclo exigente, donde <strong data-start=\"12602\" data-end=\"12621\">la oferta manda<\/strong>, donde la <strong data-start=\"12632\" data-end=\"12645\">captaci\u00f3n<\/strong> ser\u00e1 una guerra, donde el comprador tendr\u00e1 el bolsillo m\u00e1s pobre y donde el pol\u00edtico seguir\u00e1 actuando a ritmo de CIS, como si el pa\u00eds fuera un plat\u00f3.<\/p>\n<p data-start=\"12797\" data-end=\"13120\">La buena noticia (s\u00ed, hay una): en mercados complicados, las empresas serias ganan cuota. La inmobiliaria que trabaje la confianza, el contenido, el SEO local, el servicio y la captaci\u00f3n, no solo sobrevivir\u00e1: saldr\u00e1 m\u00e1s fuerte. La mala noticia: no hay atajos. Ni soluciones milagro. Ni titulares que sustituyan a los ladrillos. Hay tenacidad y estrategia.<\/p>\n<p data-start=\"13122\" data-end=\"13289\">Y a los que salen a repartir millones de viviendas como si fueran folletos de supermercado\u2026 pues eso: <strong data-start=\"13224\" data-end=\"13281\">un altavoz bien gordo, una sonrisa y la frase del d\u00eda: \u00a1y tambi\u00e9n dos huevos duros!<\/strong>\u00a0\ud83d\ude0c\ud83e\udd5a\ud83e\udd5a<\/p>\n<p><img decoding=\"async\" class=\" wp-image-27470\" src=\"https:\/\/www.aquimicasa.net\/blog\/wp-content\/uploads\/Eduardo2-244x300.jpg\" alt=\"Periodista econ\u00f3mico\" width=\"137\" height=\"168\" srcset=\"https:\/\/www.aquimicasa.net\/blog\/wp-content\/uploads\/Eduardo2-122x150.jpg 122w, https:\/\/www.aquimicasa.net\/blog\/wp-content\/uploads\/Eduardo2-200x246.jpg 200w, https:\/\/www.aquimicasa.net\/blog\/wp-content\/uploads\/Eduardo2-244x300.jpg 244w, https:\/\/www.aquimicasa.net\/blog\/wp-content\/uploads\/Eduardo2-400x492.jpg 400w, https:\/\/www.aquimicasa.net\/blog\/wp-content\/uploads\/Eduardo2.jpg 513w\" sizes=\"(max-width: 137px) 100vw, 137px\" \/><\/p>\n<p>Eduardo Lizarraga<\/p>\n<p>WWW.AQUIMICASA,NET<\/p>\n<\/div><\/div><style type=\"text\/css\">.fusion-body .fusion-builder-column-0{width:100% !important;margin-top : 0px;margin-bottom : 0px;}.fusion-builder-column-0 > .fusion-column-wrapper {padding-top : 0px !important;padding-right : 0px !important;margin-right : 1.92%;padding-bottom : 0px !important;padding-left : 0px !important;margin-left : 1.92%;}@media only screen and (max-width:1024px) {.fusion-body .fusion-builder-column-0{width:100% !important;}.fusion-builder-column-0 > .fusion-column-wrapper {margin-right : 1.92%;margin-left : 1.92%;}}@media only screen and (max-width:640px) {.fusion-body .fusion-builder-column-0{width:100% !important;}.fusion-builder-column-0 > .fusion-column-wrapper {margin-right : 1.92%;margin-left : 1.92%;}}<\/style><\/div><\/div><style type=\"text\/css\">.fusion-body .fusion-flex-container.fusion-builder-row-1{ padding-top : 0px;margin-top : 0px;padding-right : 0px;padding-bottom : 0px;margin-bottom : 0px;padding-left : 0px;}<\/style><\/div>\n","protected":false},"excerpt":{"rendered":"<p>Para el sector inmobiliario, 2026 no va de chistes. Va de adaptarse a un ciclo exigente, donde la oferta manda, donde la captaci\u00f3n ser\u00e1 una guerra, donde el comprador tendr\u00e1 el bolsillo m\u00e1s tenso y donde el pol\u00edtico seguir\u00e1 actuando a ritmo de CIS, como si el pa\u00eds fuera un plat\u00f3. La buena noticia (s\u00ed, hay una): en mercados complicados, las empresas serias ganan cuota. La inmobiliaria que trabaje la confianza, el contenido, el SEO local, el servicio y la captaci\u00f3n, no solo sobrevivir\u00e1: saldr\u00e1 m\u00e1s fuerte. La mala noticia: no hay atajos.<\/p>\n","protected":false},"author":3,"featured_media":55146,"comment_status":"closed","ping_status":"closed","sticky":false,"template":"","format":"standard","meta":{"_jetpack_memberships_contains_paid_content":false,"footnotes":"","jetpack_publicize_message":"","jetpack_publicize_feature_enabled":true,"jetpack_social_post_already_shared":true,"jetpack_social_options":{"image_generator_settings":{"template":"highway","default_image_id":0,"font":"","enabled":false},"version":2}},"categories":[3249],"tags":[2989,6402,8278,8282],"class_list":["post-55143","post","type-post","status-publish","format-standard","has-post-thumbnail","hentry","category-opinion","tag-articulo-de-opinion","tag-eduardo-lizarraga","tag-newsletter-553","tag-newsletter-554"],"yoast_head":"<!-- This site is optimized with the Yoast SEO plugin v27.5 - https:\/\/yoast.com\/product\/yoast-seo-wordpress\/ -->\n<title>\u00a1Y tambi\u00e9n dos huevos duros \ud83e\udd5a\ud83e\udd5a - Blog de aquimicasa.net<\/title>\n<meta name=\"description\" content=\"El pa\u00eds no puede vivir en el surrealismo permanente del t\u00e1ndem S\u00e1nchez\/Feij\u00f3o (y sus sat\u00e9lites), que adem\u00e1s no son graciosos. ,\" \/>\n<meta name=\"robots\" content=\"index, follow, max-snippet:-1, max-image-preview:large, max-video-preview:-1\" \/>\n<link rel=\"canonical\" href=\"https:\/\/www.aquimicasa.net\/blog\/opinion\/y-tambien-dos-huevos-duros-\ud83e\udd5a\ud83e\udd5a\/\" \/>\n<meta property=\"og:locale\" content=\"es_ES\" \/>\n<meta property=\"og:type\" content=\"article\" \/>\n<meta property=\"og:title\" content=\"\u00a1Y tambi\u00e9n dos huevos duros \ud83e\udd5a\ud83e\udd5a - Blog de aquimicasa.net\" \/>\n<meta property=\"og:description\" content=\"El pa\u00eds no puede vivir en el surrealismo permanente del t\u00e1ndem S\u00e1nchez\/Feij\u00f3o (y sus sat\u00e9lites), que adem\u00e1s no son graciosos. ,\" \/>\n<meta property=\"og:url\" content=\"https:\/\/www.aquimicasa.net\/blog\/opinion\/y-tambien-dos-huevos-duros-\ud83e\udd5a\ud83e\udd5a\/\" \/>\n<meta property=\"og:site_name\" content=\"Blog de aquimicasa.net\" \/>\n<meta property=\"article:publisher\" content=\"https:\/\/www.facebook.com\/aquimicasa.net\" \/>\n<meta property=\"article:published_time\" content=\"2026-02-18T23:04:02+00:00\" \/>\n<meta property=\"article:modified_time\" content=\"2026-03-01T09:30:01+00:00\" \/>\n<meta property=\"og:image\" content=\"https:\/\/www.aquimicasa.net\/blog\/wp-content\/uploads\/y-tambien-dos-huevos-duros-e1771456513192.png\" \/>\n\t<meta property=\"og:image:width\" content=\"600\" \/>\n\t<meta property=\"og:image:height\" content=\"400\" \/>\n\t<meta property=\"og:image:type\" content=\"image\/png\" \/>\n<meta name=\"author\" content=\"Eduardo Lizarraga\" \/>\n<meta name=\"twitter:label1\" content=\"Escrito por\" \/>\n\t<meta name=\"twitter:data1\" content=\"Eduardo Lizarraga\" \/>\n\t<meta name=\"twitter:label2\" content=\"Tiempo de lectura\" \/>\n\t<meta name=\"twitter:data2\" content=\"12 minutos\" \/>\n<script type=\"application\/ld+json\" class=\"yoast-schema-graph\">{\"@context\":\"https:\\\/\\\/schema.org\",\"@graph\":[{\"@type\":\"Article\",\"@id\":\"https:\\\/\\\/www.aquimicasa.net\\\/blog\\\/opinion\\\/y-tambien-dos-huevos-duros-%f0%9f%a5%9a%f0%9f%a5%9a\\\/#article\",\"isPartOf\":{\"@id\":\"https:\\\/\\\/www.aquimicasa.net\\\/blog\\\/opinion\\\/y-tambien-dos-huevos-duros-%f0%9f%a5%9a%f0%9f%a5%9a\\\/\"},\"author\":{\"name\":\"Eduardo Lizarraga\",\"@id\":\"https:\\\/\\\/www.aquimicasa.net\\\/blog\\\/#\\\/schema\\\/person\\\/2cdfa2605534583395c8d7ce1d6cac14\"},\"headline\":\"\u00a1Y tambi\u00e9n dos huevos duros \ud83e\udd5a\ud83e\udd5a\",\"datePublished\":\"2026-02-18T23:04:02+00:00\",\"dateModified\":\"2026-03-01T09:30:01+00:00\",\"mainEntityOfPage\":{\"@id\":\"https:\\\/\\\/www.aquimicasa.net\\\/blog\\\/opinion\\\/y-tambien-dos-huevos-duros-%f0%9f%a5%9a%f0%9f%a5%9a\\\/\"},\"wordCount\":2731,\"publisher\":{\"@id\":\"https:\\\/\\\/www.aquimicasa.net\\\/blog\\\/#organization\"},\"image\":{\"@id\":\"https:\\\/\\\/www.aquimicasa.net\\\/blog\\\/opinion\\\/y-tambien-dos-huevos-duros-%f0%9f%a5%9a%f0%9f%a5%9a\\\/#primaryimage\"},\"thumbnailUrl\":\"https:\\\/\\\/www.aquimicasa.net\\\/blog\\\/wp-content\\\/uploads\\\/y-tambien-dos-huevos-duros-e1771456513192.png\",\"keywords\":[\"art\u00edculo de opini\u00f3n\",\"Eduardo Lizarraga\",\"newsletter 553\",\"newsletter 554\"],\"articleSection\":[\"Opini\u00f3n\"],\"inLanguage\":\"es\"},{\"@type\":\"WebPage\",\"@id\":\"https:\\\/\\\/www.aquimicasa.net\\\/blog\\\/opinion\\\/y-tambien-dos-huevos-duros-%f0%9f%a5%9a%f0%9f%a5%9a\\\/\",\"url\":\"https:\\\/\\\/www.aquimicasa.net\\\/blog\\\/opinion\\\/y-tambien-dos-huevos-duros-%f0%9f%a5%9a%f0%9f%a5%9a\\\/\",\"name\":\"\u00a1Y tambi\u00e9n dos huevos duros \ud83e\udd5a\ud83e\udd5a - Blog de aquimicasa.net\",\"isPartOf\":{\"@id\":\"https:\\\/\\\/www.aquimicasa.net\\\/blog\\\/#website\"},\"primaryImageOfPage\":{\"@id\":\"https:\\\/\\\/www.aquimicasa.net\\\/blog\\\/opinion\\\/y-tambien-dos-huevos-duros-%f0%9f%a5%9a%f0%9f%a5%9a\\\/#primaryimage\"},\"image\":{\"@id\":\"https:\\\/\\\/www.aquimicasa.net\\\/blog\\\/opinion\\\/y-tambien-dos-huevos-duros-%f0%9f%a5%9a%f0%9f%a5%9a\\\/#primaryimage\"},\"thumbnailUrl\":\"https:\\\/\\\/www.aquimicasa.net\\\/blog\\\/wp-content\\\/uploads\\\/y-tambien-dos-huevos-duros-e1771456513192.png\",\"datePublished\":\"2026-02-18T23:04:02+00:00\",\"dateModified\":\"2026-03-01T09:30:01+00:00\",\"description\":\"El pa\u00eds no puede vivir en el surrealismo permanente del t\u00e1ndem S\u00e1nchez\\\/Feij\u00f3o (y sus sat\u00e9lites), que adem\u00e1s no son graciosos. ,\",\"breadcrumb\":{\"@id\":\"https:\\\/\\\/www.aquimicasa.net\\\/blog\\\/opinion\\\/y-tambien-dos-huevos-duros-%f0%9f%a5%9a%f0%9f%a5%9a\\\/#breadcrumb\"},\"inLanguage\":\"es\",\"potentialAction\":[{\"@type\":\"ReadAction\",\"target\":[\"https:\\\/\\\/www.aquimicasa.net\\\/blog\\\/opinion\\\/y-tambien-dos-huevos-duros-%f0%9f%a5%9a%f0%9f%a5%9a\\\/\"]}]},{\"@type\":\"ImageObject\",\"inLanguage\":\"es\",\"@id\":\"https:\\\/\\\/www.aquimicasa.net\\\/blog\\\/opinion\\\/y-tambien-dos-huevos-duros-%f0%9f%a5%9a%f0%9f%a5%9a\\\/#primaryimage\",\"url\":\"https:\\\/\\\/www.aquimicasa.net\\\/blog\\\/wp-content\\\/uploads\\\/y-tambien-dos-huevos-duros-e1771456513192.png\",\"contentUrl\":\"https:\\\/\\\/www.aquimicasa.net\\\/blog\\\/wp-content\\\/uploads\\\/y-tambien-dos-huevos-duros-e1771456513192.png\",\"width\":600,\"height\":400,\"caption\":\"La pol\u00edtica ha convertido al problem de la vivienda en el camarote de los hermanos Marx\"},{\"@type\":\"BreadcrumbList\",\"@id\":\"https:\\\/\\\/www.aquimicasa.net\\\/blog\\\/opinion\\\/y-tambien-dos-huevos-duros-%f0%9f%a5%9a%f0%9f%a5%9a\\\/#breadcrumb\",\"itemListElement\":[{\"@type\":\"ListItem\",\"position\":1,\"name\":\"Portada\",\"item\":\"https:\\\/\\\/www.aquimicasa.net\\\/blog\\\/\"},{\"@type\":\"ListItem\",\"position\":2,\"name\":\"\u00a1Y tambi\u00e9n dos huevos duros \ud83e\udd5a\ud83e\udd5a\"}]},{\"@type\":\"WebSite\",\"@id\":\"https:\\\/\\\/www.aquimicasa.net\\\/blog\\\/#website\",\"url\":\"https:\\\/\\\/www.aquimicasa.net\\\/blog\\\/\",\"name\":\"Blog de aquimicasa.net\",\"description\":\"Noticias del Mundo Inmobiliario\",\"publisher\":{\"@id\":\"https:\\\/\\\/www.aquimicasa.net\\\/blog\\\/#organization\"},\"potentialAction\":[{\"@type\":\"SearchAction\",\"target\":{\"@type\":\"EntryPoint\",\"urlTemplate\":\"https:\\\/\\\/www.aquimicasa.net\\\/blog\\\/?s={search_term_string}\"},\"query-input\":{\"@type\":\"PropertyValueSpecification\",\"valueRequired\":true,\"valueName\":\"search_term_string\"}}],\"inLanguage\":\"es\"},{\"@type\":\"Organization\",\"@id\":\"https:\\\/\\\/www.aquimicasa.net\\\/blog\\\/#organization\",\"name\":\"Blog de aquimicasa.net\",\"url\":\"https:\\\/\\\/www.aquimicasa.net\\\/blog\\\/\",\"logo\":{\"@type\":\"ImageObject\",\"inLanguage\":\"es\",\"@id\":\"https:\\\/\\\/www.aquimicasa.net\\\/blog\\\/#\\\/schema\\\/logo\\\/image\\\/\",\"url\":\"https:\\\/\\\/www.aquimicasa.net\\\/blog\\\/wp-content\\\/uploads\\\/Logo-aquimicasa-1-e1528048213782.png\",\"contentUrl\":\"https:\\\/\\\/www.aquimicasa.net\\\/blog\\\/wp-content\\\/uploads\\\/Logo-aquimicasa-1-e1528048213782.png\",\"width\":225,\"height\":225,\"caption\":\"Blog de aquimicasa.net\"},\"image\":{\"@id\":\"https:\\\/\\\/www.aquimicasa.net\\\/blog\\\/#\\\/schema\\\/logo\\\/image\\\/\"},\"sameAs\":[\"https:\\\/\\\/www.facebook.com\\\/aquimicasa.net\",\"https:\\\/\\\/www.instagram.com\\\/\",\"https:\\\/\\\/x.com\\\/EduLizarragaD\",\"https:\\\/\\\/www.linkedin.com\\\/feed\\\/\"]},{\"@type\":\"Person\",\"@id\":\"https:\\\/\\\/www.aquimicasa.net\\\/blog\\\/#\\\/schema\\\/person\\\/2cdfa2605534583395c8d7ce1d6cac14\",\"name\":\"Eduardo Lizarraga\",\"image\":{\"@type\":\"ImageObject\",\"inLanguage\":\"es\",\"@id\":\"https:\\\/\\\/secure.gravatar.com\\\/avatar\\\/bdabe1eeeed97b65a9cb7de2edd624b07995f7e13abc5fead15961f745f908cc?s=96&d=mm&r=g\",\"url\":\"https:\\\/\\\/secure.gravatar.com\\\/avatar\\\/bdabe1eeeed97b65a9cb7de2edd624b07995f7e13abc5fead15961f745f908cc?s=96&d=mm&r=g\",\"contentUrl\":\"https:\\\/\\\/secure.gravatar.com\\\/avatar\\\/bdabe1eeeed97b65a9cb7de2edd624b07995f7e13abc5fead15961f745f908cc?s=96&d=mm&r=g\",\"caption\":\"Eduardo Lizarraga\"},\"description\":\"Periodista Econ\u00f3mico. Ha trabajado en diversos campos de la informaci\u00f3n. Corresponsal en conflictos, analista pol\u00edtico en Congreso y Senado, periodista del medio ambiente, editor, director editorial, director de comunicaci\u00f3n.... En estos momentos se ha especializado en el sector inmobiliario. Pero tambi\u00e9n es navegante y viajero, preocupado por la pobreza, el medio ambiente y por las actuaciones descontroladas del neoliberalismo empresarial y pol\u00edtico en todo el mundo. Los desahucios, la pobreza infantil y la falta de acceso a los suministros b\u00e1sicos son algunos de los grandes dramas de nuestra sociedad y que es preciso solucionar para hacerla m\u00e1s justa. CEO en www.aquimicasa.net\",\"sameAs\":[\"https:\\\/\\\/www.aquimicasa.net\\\/\"],\"url\":\"https:\\\/\\\/www.aquimicasa.net\\\/blog\\\/author\\\/eduardo\\\/\"}]}<\/script>\n<!-- \/ Yoast SEO plugin. -->","yoast_head_json":{"title":"\u00a1Y tambi\u00e9n dos huevos duros \ud83e\udd5a\ud83e\udd5a - Blog de aquimicasa.net","description":"El pa\u00eds no puede vivir en el surrealismo permanente del t\u00e1ndem S\u00e1nchez\/Feij\u00f3o (y sus sat\u00e9lites), que adem\u00e1s no son graciosos. ,","robots":{"index":"index","follow":"follow","max-snippet":"max-snippet:-1","max-image-preview":"max-image-preview:large","max-video-preview":"max-video-preview:-1"},"canonical":"https:\/\/www.aquimicasa.net\/blog\/opinion\/y-tambien-dos-huevos-duros-\ud83e\udd5a\ud83e\udd5a\/","og_locale":"es_ES","og_type":"article","og_title":"\u00a1Y tambi\u00e9n dos huevos duros \ud83e\udd5a\ud83e\udd5a - Blog de aquimicasa.net","og_description":"El pa\u00eds no puede vivir en el surrealismo permanente del t\u00e1ndem S\u00e1nchez\/Feij\u00f3o (y sus sat\u00e9lites), que adem\u00e1s no son graciosos. ,","og_url":"https:\/\/www.aquimicasa.net\/blog\/opinion\/y-tambien-dos-huevos-duros-\ud83e\udd5a\ud83e\udd5a\/","og_site_name":"Blog de aquimicasa.net","article_publisher":"https:\/\/www.facebook.com\/aquimicasa.net","article_published_time":"2026-02-18T23:04:02+00:00","article_modified_time":"2026-03-01T09:30:01+00:00","og_image":[{"width":600,"height":400,"url":"https:\/\/www.aquimicasa.net\/blog\/wp-content\/uploads\/y-tambien-dos-huevos-duros-e1771456513192.png","type":"image\/png"}],"author":"Eduardo Lizarraga","twitter_misc":{"Escrito por":"Eduardo Lizarraga","Tiempo de lectura":"12 minutos"},"schema":{"@context":"https:\/\/schema.org","@graph":[{"@type":"Article","@id":"https:\/\/www.aquimicasa.net\/blog\/opinion\/y-tambien-dos-huevos-duros-%f0%9f%a5%9a%f0%9f%a5%9a\/#article","isPartOf":{"@id":"https:\/\/www.aquimicasa.net\/blog\/opinion\/y-tambien-dos-huevos-duros-%f0%9f%a5%9a%f0%9f%a5%9a\/"},"author":{"name":"Eduardo Lizarraga","@id":"https:\/\/www.aquimicasa.net\/blog\/#\/schema\/person\/2cdfa2605534583395c8d7ce1d6cac14"},"headline":"\u00a1Y tambi\u00e9n dos huevos duros \ud83e\udd5a\ud83e\udd5a","datePublished":"2026-02-18T23:04:02+00:00","dateModified":"2026-03-01T09:30:01+00:00","mainEntityOfPage":{"@id":"https:\/\/www.aquimicasa.net\/blog\/opinion\/y-tambien-dos-huevos-duros-%f0%9f%a5%9a%f0%9f%a5%9a\/"},"wordCount":2731,"publisher":{"@id":"https:\/\/www.aquimicasa.net\/blog\/#organization"},"image":{"@id":"https:\/\/www.aquimicasa.net\/blog\/opinion\/y-tambien-dos-huevos-duros-%f0%9f%a5%9a%f0%9f%a5%9a\/#primaryimage"},"thumbnailUrl":"https:\/\/www.aquimicasa.net\/blog\/wp-content\/uploads\/y-tambien-dos-huevos-duros-e1771456513192.png","keywords":["art\u00edculo de opini\u00f3n","Eduardo Lizarraga","newsletter 553","newsletter 554"],"articleSection":["Opini\u00f3n"],"inLanguage":"es"},{"@type":"WebPage","@id":"https:\/\/www.aquimicasa.net\/blog\/opinion\/y-tambien-dos-huevos-duros-%f0%9f%a5%9a%f0%9f%a5%9a\/","url":"https:\/\/www.aquimicasa.net\/blog\/opinion\/y-tambien-dos-huevos-duros-%f0%9f%a5%9a%f0%9f%a5%9a\/","name":"\u00a1Y tambi\u00e9n dos huevos duros \ud83e\udd5a\ud83e\udd5a - Blog de aquimicasa.net","isPartOf":{"@id":"https:\/\/www.aquimicasa.net\/blog\/#website"},"primaryImageOfPage":{"@id":"https:\/\/www.aquimicasa.net\/blog\/opinion\/y-tambien-dos-huevos-duros-%f0%9f%a5%9a%f0%9f%a5%9a\/#primaryimage"},"image":{"@id":"https:\/\/www.aquimicasa.net\/blog\/opinion\/y-tambien-dos-huevos-duros-%f0%9f%a5%9a%f0%9f%a5%9a\/#primaryimage"},"thumbnailUrl":"https:\/\/www.aquimicasa.net\/blog\/wp-content\/uploads\/y-tambien-dos-huevos-duros-e1771456513192.png","datePublished":"2026-02-18T23:04:02+00:00","dateModified":"2026-03-01T09:30:01+00:00","description":"El pa\u00eds no puede vivir en el surrealismo permanente del t\u00e1ndem S\u00e1nchez\/Feij\u00f3o (y sus sat\u00e9lites), que adem\u00e1s no son graciosos. ,","breadcrumb":{"@id":"https:\/\/www.aquimicasa.net\/blog\/opinion\/y-tambien-dos-huevos-duros-%f0%9f%a5%9a%f0%9f%a5%9a\/#breadcrumb"},"inLanguage":"es","potentialAction":[{"@type":"ReadAction","target":["https:\/\/www.aquimicasa.net\/blog\/opinion\/y-tambien-dos-huevos-duros-%f0%9f%a5%9a%f0%9f%a5%9a\/"]}]},{"@type":"ImageObject","inLanguage":"es","@id":"https:\/\/www.aquimicasa.net\/blog\/opinion\/y-tambien-dos-huevos-duros-%f0%9f%a5%9a%f0%9f%a5%9a\/#primaryimage","url":"https:\/\/www.aquimicasa.net\/blog\/wp-content\/uploads\/y-tambien-dos-huevos-duros-e1771456513192.png","contentUrl":"https:\/\/www.aquimicasa.net\/blog\/wp-content\/uploads\/y-tambien-dos-huevos-duros-e1771456513192.png","width":600,"height":400,"caption":"La pol\u00edtica ha convertido al problem de la vivienda en el camarote de los hermanos Marx"},{"@type":"BreadcrumbList","@id":"https:\/\/www.aquimicasa.net\/blog\/opinion\/y-tambien-dos-huevos-duros-%f0%9f%a5%9a%f0%9f%a5%9a\/#breadcrumb","itemListElement":[{"@type":"ListItem","position":1,"name":"Portada","item":"https:\/\/www.aquimicasa.net\/blog\/"},{"@type":"ListItem","position":2,"name":"\u00a1Y tambi\u00e9n dos huevos duros \ud83e\udd5a\ud83e\udd5a"}]},{"@type":"WebSite","@id":"https:\/\/www.aquimicasa.net\/blog\/#website","url":"https:\/\/www.aquimicasa.net\/blog\/","name":"Blog de aquimicasa.net","description":"Noticias del Mundo Inmobiliario","publisher":{"@id":"https:\/\/www.aquimicasa.net\/blog\/#organization"},"potentialAction":[{"@type":"SearchAction","target":{"@type":"EntryPoint","urlTemplate":"https:\/\/www.aquimicasa.net\/blog\/?s={search_term_string}"},"query-input":{"@type":"PropertyValueSpecification","valueRequired":true,"valueName":"search_term_string"}}],"inLanguage":"es"},{"@type":"Organization","@id":"https:\/\/www.aquimicasa.net\/blog\/#organization","name":"Blog de aquimicasa.net","url":"https:\/\/www.aquimicasa.net\/blog\/","logo":{"@type":"ImageObject","inLanguage":"es","@id":"https:\/\/www.aquimicasa.net\/blog\/#\/schema\/logo\/image\/","url":"https:\/\/www.aquimicasa.net\/blog\/wp-content\/uploads\/Logo-aquimicasa-1-e1528048213782.png","contentUrl":"https:\/\/www.aquimicasa.net\/blog\/wp-content\/uploads\/Logo-aquimicasa-1-e1528048213782.png","width":225,"height":225,"caption":"Blog de aquimicasa.net"},"image":{"@id":"https:\/\/www.aquimicasa.net\/blog\/#\/schema\/logo\/image\/"},"sameAs":["https:\/\/www.facebook.com\/aquimicasa.net","https:\/\/www.instagram.com\/","https:\/\/x.com\/EduLizarragaD","https:\/\/www.linkedin.com\/feed\/"]},{"@type":"Person","@id":"https:\/\/www.aquimicasa.net\/blog\/#\/schema\/person\/2cdfa2605534583395c8d7ce1d6cac14","name":"Eduardo Lizarraga","image":{"@type":"ImageObject","inLanguage":"es","@id":"https:\/\/secure.gravatar.com\/avatar\/bdabe1eeeed97b65a9cb7de2edd624b07995f7e13abc5fead15961f745f908cc?s=96&d=mm&r=g","url":"https:\/\/secure.gravatar.com\/avatar\/bdabe1eeeed97b65a9cb7de2edd624b07995f7e13abc5fead15961f745f908cc?s=96&d=mm&r=g","contentUrl":"https:\/\/secure.gravatar.com\/avatar\/bdabe1eeeed97b65a9cb7de2edd624b07995f7e13abc5fead15961f745f908cc?s=96&d=mm&r=g","caption":"Eduardo Lizarraga"},"description":"Periodista Econ\u00f3mico. Ha trabajado en diversos campos de la informaci\u00f3n. Corresponsal en conflictos, analista pol\u00edtico en Congreso y Senado, periodista del medio ambiente, editor, director editorial, director de comunicaci\u00f3n.... En estos momentos se ha especializado en el sector inmobiliario. Pero tambi\u00e9n es navegante y viajero, preocupado por la pobreza, el medio ambiente y por las actuaciones descontroladas del neoliberalismo empresarial y pol\u00edtico en todo el mundo. Los desahucios, la pobreza infantil y la falta de acceso a los suministros b\u00e1sicos son algunos de los grandes dramas de nuestra sociedad y que es preciso solucionar para hacerla m\u00e1s justa. CEO en www.aquimicasa.net","sameAs":["https:\/\/www.aquimicasa.net\/"],"url":"https:\/\/www.aquimicasa.net\/blog\/author\/eduardo\/"}]}},"jetpack_publicize_connections":[],"jetpack_featured_media_url":"https:\/\/www.aquimicasa.net\/blog\/wp-content\/uploads\/y-tambien-dos-huevos-duros-e1771456513192.png","jetpack_sharing_enabled":true,"jetpack_likes_enabled":true,"_links":{"self":[{"href":"https:\/\/www.aquimicasa.net\/blog\/wp-json\/wp\/v2\/posts\/55143","targetHints":{"allow":["GET"]}}],"collection":[{"href":"https:\/\/www.aquimicasa.net\/blog\/wp-json\/wp\/v2\/posts"}],"about":[{"href":"https:\/\/www.aquimicasa.net\/blog\/wp-json\/wp\/v2\/types\/post"}],"author":[{"embeddable":true,"href":"https:\/\/www.aquimicasa.net\/blog\/wp-json\/wp\/v2\/users\/3"}],"replies":[{"embeddable":true,"href":"https:\/\/www.aquimicasa.net\/blog\/wp-json\/wp\/v2\/comments?post=55143"}],"version-history":[{"count":13,"href":"https:\/\/www.aquimicasa.net\/blog\/wp-json\/wp\/v2\/posts\/55143\/revisions"}],"predecessor-version":[{"id":55160,"href":"https:\/\/www.aquimicasa.net\/blog\/wp-json\/wp\/v2\/posts\/55143\/revisions\/55160"}],"wp:featuredmedia":[{"embeddable":true,"href":"https:\/\/www.aquimicasa.net\/blog\/wp-json\/wp\/v2\/media\/55146"}],"wp:attachment":[{"href":"https:\/\/www.aquimicasa.net\/blog\/wp-json\/wp\/v2\/media?parent=55143"}],"wp:term":[{"taxonomy":"category","embeddable":true,"href":"https:\/\/www.aquimicasa.net\/blog\/wp-json\/wp\/v2\/categories?post=55143"},{"taxonomy":"post_tag","embeddable":true,"href":"https:\/\/www.aquimicasa.net\/blog\/wp-json\/wp\/v2\/tags?post=55143"}],"curies":[{"name":"wp","href":"https:\/\/api.w.org\/{rel}","templated":true}]}}