{"id":55290,"date":"2026-03-01T10:35:29","date_gmt":"2026-03-01T09:35:29","guid":{"rendered":"https:\/\/www.aquimicasa.net\/blog\/?p=55290"},"modified":"2026-03-01T10:35:29","modified_gmt":"2026-03-01T09:35:29","slug":"newsletter-554llega-un-mercado-mas-exigente-bienvenido","status":"publish","type":"post","link":"https:\/\/www.aquimicasa.net\/blog\/boletines\/newsletter-554llega-un-mercado-mas-exigente-bienvenido\/","title":{"rendered":"Newsletter 554&#8243;Llega un mercado m\u00e1s exigente: bienvenido&#8230;\u00bb"},"content":{"rendered":"<p><div class=\"fusion-fullwidth fullwidth-box fusion-builder-row-1 nonhundred-percent-fullwidth non-hundred-percent-height-scrolling\" style=\"background-color: rgba(255,255,255,0);background-position: center center;background-repeat: no-repeat;padding-top:0px;padding-right:0px;padding-bottom:0px;padding-left:0px;margin-bottom: 0px;margin-top: 0px;border-width: 0px 0px 0px 0px;border-color:#eae9e9;border-style:solid;\" ><div class=\"fusion-builder-row fusion-row\"><div class=\"fusion-layout-column fusion_builder_column fusion-builder-column-0 fusion_builder_column_1_1 1_1 fusion-one-full fusion-column-first fusion-column-last\" style=\"margin-top:0px;margin-bottom:20px;\"><div class=\"fusion-column-wrapper fusion-flex-column-wrapper-legacy\" style=\"background-position:left top;background-repeat:no-repeat;-webkit-background-size:cover;-moz-background-size:cover;-o-background-size:cover;background-size:cover;padding: 0px 0px 0px 0px;\"><style type=\"text\/css\"><\/style><div class=\"fusion-title title fusion-title-1 fusion-sep-none fusion-title-center fusion-title-text fusion-title-size-two\" style=\"margin-top:0px;margin-right:0px;margin-bottom:31px;margin-left:0px;\"><h2 class=\"title-heading-center\" style=\"margin:0;\"><p style=\"text-align: center;\">NOTICIAS DEL MERCADO INMOBILIARIO Y CONSUMO \u00abNEWSLETTER 554<\/p><\/h2><\/div><div class=\"fusion-sep-clear\"><\/div><div class=\"fusion-separator fusion-has-icon\" style=\"margin-left: auto;margin-right: auto;margin-bottom:5%;width:100%;max-width:50%;\"><div class=\"fusion-separator-border sep-single sep-solid\" style=\"border-color:#000000;border-top-width:2px;\"><\/div><span class=\"icon-wrapper\" style=\"border-color:transparent;font-size:25px;width: 1.75em; height: 1.75em;border-width:2px;padding:2px;margin-top:-1px\"><i class=\"fa-rss fas\" style=\"font-size: inherit;color:#000000;\" aria-hidden=\"true\"><\/i><\/span><div class=\"fusion-separator-border sep-single sep-solid\" style=\"border-color:#000000;border-top-width:2px;\"><\/div><\/div><div class=\"fusion-sep-clear\"><\/div><div class=\"fusion-clearfix\"><\/div><\/div><\/div><\/div><\/div><div class=\"fusion-fullwidth fullwidth-box fusion-builder-row-2 nonhundred-percent-fullwidth non-hundred-percent-height-scrolling\" style=\"background-color: rgba(255,255,255,0);background-position: center center;background-repeat: no-repeat;padding-top:0px;padding-right:0px;padding-bottom:0px;padding-left:0px;margin-bottom: 0px;margin-top: 0px;border-width: 0px 0px 0px 0px;border-color:#eae9e9;border-style:solid;\" ><div class=\"fusion-builder-row fusion-row\"><div class=\"fusion-layout-column fusion_builder_column fusion-builder-column-1 fusion_builder_column_1_1 1_1 fusion-one-full fusion-column-first fusion-column-last\" style=\"margin-top:0px;margin-bottom:20px;\"><div class=\"fusion-column-wrapper fusion-flex-column-wrapper-legacy\" style=\"background-position:left top;background-repeat:no-repeat;-webkit-background-size:cover;-moz-background-size:cover;-o-background-size:cover;background-size:cover;padding: 0px 0px 0px 0px;\"><div class=\"fusion-blog-shortcode fusion-blog-shortcode-1 fusion-blog-archive fusion-blog-layout-medium-alternate fusion-blog-pagination fusion-blog-no-images\"><div class=\"fusion-posts-container fusion-posts-container-pagination\" data-pages=\"1\"><article id=\"blog-1-post-55250\" class=\"fusion-post-medium-alternate post-55250 post type-post status-publish format-standard has-post-thumbnail hentry category-opinion tag-articulo-de-opinion tag-eduardo-lizarraga tag-newsletter-554 tag-newsletter-555\">\n<div class=\"fusion-date-and-formats\"><div class=\"fusion-date-box updated\"><span class=\"fusion-date\">26<\/span><span class=\"fusion-month-year\">02, 2026<\/span><\/div><div class=\"fusion-format-box\"><i class=\"fusion-icon-pen\" aria-hidden=\"true\"><\/i><\/div><\/div><div class=\"fusion-post-content post-content\"><h2 class=\"blog-shortcode-post-title entry-title\"><a href=\"https:\/\/www.aquimicasa.net\/blog\/opinion\/llega-un-mercado-mas-exigente-bienvenido-al-inmobiliario-de-2026-%f0%9f%8f%a0\/\">Llega un mercado m\u00e1s exigente: bienvenido al inmobiliario de 2026 \ud83c\udfe0<\/a><\/h2><p class=\"fusion-single-line-meta\"><span class=\"updated\" style=\"display:none;\">2026-03-08T10:51:06+01:00<\/span>Por <span class=\"vcard\"><span class=\"fn\"><a href=\"https:\/\/www.aquimicasa.net\/blog\/author\/eduardo\/\" title=\"Entradas de Eduardo Lizarraga\" rel=\"author\">Eduardo Lizarraga<\/a><\/span><\/span><span class=\"fusion-inline-sep\">|<\/span><a href=\"https:\/\/www.aquimicasa.net\/blog\/noticias\/opinion\/\" rel=\"category tag\">Opini\u00f3n<\/a><span class=\"fusion-inline-sep\">|<\/span><\/p><div class=\"fusion-post-content-container\"><p>2026 no ser\u00e1 2025. Las compraventas no alcanzar\u00e1n las 714.000 operaciones del a\u00f1o pasado. Las hipotecas tampoco batir\u00e1n r\u00e9cords. Los precios seguir\u00e1n subiendo, pero a un ritmo m\u00e1s contenido y con m\u00e1s variabilidad geogr\u00e1fica. Las negociaciones de precio, que en el mercado caliente de los \u00faltimos a\u00f1os casi hab\u00edan desaparecido, volver\u00e1n a ser parte normal del proceso de compraventa. Los plazos se alargar\u00e1n. Los compradores pedir\u00e1n m\u00e1s informaci\u00f3n, m\u00e1s tiempo y m\u00e1s ajustes.<\/p><\/div><\/div><div class=\"fusion-clearfix\"><\/div><\/article>\n<article id=\"blog-1-post-55228\" class=\"fusion-post-medium-alternate post-55228 post type-post status-publish format-standard has-post-thumbnail hentry category-compraventa-de-viviendas tag-newsletter-554\">\n<div class=\"fusion-date-and-formats\"><div class=\"fusion-date-box updated\"><span class=\"fusion-date\">25<\/span><span class=\"fusion-month-year\">02, 2026<\/span><\/div><div class=\"fusion-format-box\"><i class=\"fusion-icon-pen\" aria-hidden=\"true\"><\/i><\/div><\/div><div class=\"fusion-post-content post-content\"><h2 class=\"blog-shortcode-post-title entry-title\"><a href=\"https:\/\/www.aquimicasa.net\/blog\/vivienda\/compraventa-de-viviendas\/pagar-el-itp-conforme-a-lo-que-marca-la-tasacion-inmobiliaria\/\">Pagar el ITP conforme a lo que marca la tasaci\u00f3n inmobiliaria<\/a><\/h2><p class=\"fusion-single-line-meta\"><span class=\"updated\" style=\"display:none;\">2026-02-25T19:21:49+01:00<\/span>Por <span class=\"vcard\"><span class=\"fn\"><a href=\"https:\/\/www.aquimicasa.net\/blog\/author\/eduardo\/\" title=\"Entradas de Eduardo Lizarraga\" rel=\"author\">Eduardo Lizarraga<\/a><\/span><\/span><span class=\"fusion-inline-sep\">|<\/span><a href=\"https:\/\/www.aquimicasa.net\/blog\/noticias\/vivienda\/compraventa-de-viviendas\/\" rel=\"category tag\">Compra Venta<\/a><span class=\"fusion-inline-sep\">|<\/span><\/p><div class=\"fusion-post-content-container\"><p>Hacienda puede entrar a comprobar el valor real del inmueble adquirido cuando exista una discrepancia significativa entre el importe declarado por el contribuyente y el valor fijado en la tasaci\u00f3n hipotecaria. Y lo hace apoy\u00e1ndose en el art\u00edculo 57.1.g) de la Ley General Tributaria, que permite utilizar como medio de comprobaci\u00f3n el valor asignado para la tasaci\u00f3n de fincas hipotecadas.<\/p><\/div><\/div><div class=\"fusion-clearfix\"><\/div><\/article>\n<article id=\"blog-1-post-55233\" class=\"fusion-post-medium-alternate post-55233 post type-post status-publish format-standard has-post-thumbnail hentry category-alquileres tag-newsletter-554\">\n<div class=\"fusion-date-and-formats\"><div class=\"fusion-date-box updated\"><span class=\"fusion-date\">24<\/span><span class=\"fusion-month-year\">02, 2026<\/span><\/div><div class=\"fusion-format-box\"><i class=\"fusion-icon-pen\" aria-hidden=\"true\"><\/i><\/div><\/div><div class=\"fusion-post-content post-content\"><h2 class=\"blog-shortcode-post-title entry-title\"><a href=\"https:\/\/www.aquimicasa.net\/blog\/vivienda\/alquileres\/alokaplus-pagara-hasta-20-mensualidades-del-alquiler-impagadas\/\">Alokaplus pagar\u00e1 hasta 20 mensualidades del alquiler impagadas<\/a><\/h2><p class=\"fusion-single-line-meta\"><span class=\"updated\" style=\"display:none;\">2026-02-24T20:27:34+01:00<\/span>Por <span class=\"vcard\"><span class=\"fn\"><a href=\"https:\/\/www.aquimicasa.net\/blog\/author\/eduardo\/\" title=\"Entradas de Eduardo Lizarraga\" rel=\"author\">Eduardo Lizarraga<\/a><\/span><\/span><span class=\"fusion-inline-sep\">|<\/span><a href=\"https:\/\/www.aquimicasa.net\/blog\/noticias\/vivienda\/alquileres\/\" rel=\"category tag\">Alquiler<\/a><span class=\"fusion-inline-sep\">|<\/span><\/p><div class=\"fusion-post-content-container\"><p>El seguro p\u00fablico se activar\u00e1 desde el momento en que el juzgado admita a tr\u00e1mite la demanda por impago, garantizando el abono de las rentas debidas, los suministros pendientes y los da\u00f1os ocasionados en el inmueble por la cuant\u00eda total adeudada<\/p><\/div><\/div><div class=\"fusion-clearfix\"><\/div><\/article>\n<article id=\"blog-1-post-55235\" class=\"fusion-post-medium-alternate post-55235 post type-post status-publish format-standard has-post-thumbnail hentry category-construccion-de-viviendas tag-newsletter-554\">\n<div class=\"fusion-date-and-formats\"><div class=\"fusion-date-box updated\"><span class=\"fusion-date\">24<\/span><span class=\"fusion-month-year\">02, 2026<\/span><\/div><div class=\"fusion-format-box\"><i class=\"fusion-icon-pen\" aria-hidden=\"true\"><\/i><\/div><\/div><div class=\"fusion-post-content post-content\"><h2 class=\"blog-shortcode-post-title entry-title\"><a href=\"https:\/\/www.aquimicasa.net\/blog\/vivienda\/construccion-de-viviendas\/el-ts-ratifica-la-norma-del-30-en-barcelona\/\">El TS ratifica la norma del 30% en Barcelona<\/a><\/h2><p class=\"fusion-single-line-meta\"><span class=\"updated\" style=\"display:none;\">2026-02-24T19:52:29+01:00<\/span>Por <span class=\"vcard\"><span class=\"fn\"><a href=\"https:\/\/www.aquimicasa.net\/blog\/author\/eduardo\/\" title=\"Entradas de Eduardo Lizarraga\" rel=\"author\">Eduardo Lizarraga<\/a><\/span><\/span><span class=\"fusion-inline-sep\">|<\/span><a href=\"https:\/\/www.aquimicasa.net\/blog\/noticias\/vivienda\/construccion-de-viviendas\/\" rel=\"category tag\">Obra Nueva<\/a><span class=\"fusion-inline-sep\">|<\/span><\/p><div class=\"fusion-post-content-container\"><p>Este precedente podr\u00eda influir en futuras pol\u00edticas de vivienda en otras ciudades con mercados tensionados, donde las administraciones buscan f\u00f3rmulas para incrementar el parque asequible sin depender exclusivamente de la promoci\u00f3n p\u00fablica directa.<\/p><\/div><\/div><div class=\"fusion-clearfix\"><\/div><\/article>\n<article id=\"blog-1-post-55216\" class=\"fusion-post-medium-alternate post-55216 post type-post status-publish format-standard has-post-thumbnail hentry category-compraventa-de-viviendas tag-newsletter-554\">\n<div class=\"fusion-date-and-formats\"><div class=\"fusion-date-box updated\"><span class=\"fusion-date\">23<\/span><span class=\"fusion-month-year\">02, 2026<\/span><\/div><div class=\"fusion-format-box\"><i class=\"fusion-icon-pen\" aria-hidden=\"true\"><\/i><\/div><\/div><div class=\"fusion-post-content post-content\"><h2 class=\"blog-shortcode-post-title entry-title\"><a href=\"https:\/\/www.aquimicasa.net\/blog\/vivienda\/compraventa-de-viviendas\/cataluna-regulara-la-compra-de-viviendas-con-el-modelo-holandes\/\">Catalu\u00f1a regular\u00e1 la compra de viviendas con el modelo holand\u00e9s<\/a><\/h2><p class=\"fusion-single-line-meta\"><span class=\"updated\" style=\"display:none;\">2026-02-23T21:15:45+01:00<\/span>Por <span class=\"vcard\"><span class=\"fn\"><a href=\"https:\/\/www.aquimicasa.net\/blog\/author\/eduardo\/\" title=\"Entradas de Eduardo Lizarraga\" rel=\"author\">Eduardo Lizarraga<\/a><\/span><\/span><span class=\"fusion-inline-sep\">|<\/span><a href=\"https:\/\/www.aquimicasa.net\/blog\/noticias\/vivienda\/compraventa-de-viviendas\/\" rel=\"category tag\">Compra Venta<\/a><span class=\"fusion-inline-sep\">|<\/span><\/p><div class=\"fusion-post-content-container\"><p>El modelo que inspira la propuesta catalana es el aprobado en 2022 en los Pa\u00edses Bajos, donde el Senado dio luz verde a una normativa que permite a los ayuntamientos prohibir la compra de viviendas de precio medio y bajo para destinarlas al alquiler. Ciudades como \u00c1msterdam, Rotterdam o La Haya han aplicado esta limitaci\u00f3n obligando a los compradores a residir en el inmueble durante un periodo m\u00ednimo \u2014cuatro a\u00f1os en algunos casos\u2014 antes de poder alquilarlo.<\/p><\/div><\/div><div class=\"fusion-clearfix\"><\/div><\/article>\n<article id=\"blog-1-post-55220\" class=\"fusion-post-medium-alternate post-55220 post type-post status-publish format-standard has-post-thumbnail hentry category-compraventa-de-viviendas tag-newsletter-554\">\n<div class=\"fusion-date-and-formats\"><div class=\"fusion-date-box updated\"><span class=\"fusion-date\">23<\/span><span class=\"fusion-month-year\">02, 2026<\/span><\/div><div class=\"fusion-format-box\"><i class=\"fusion-icon-pen\" aria-hidden=\"true\"><\/i><\/div><\/div><div class=\"fusion-post-content post-content\"><h2 class=\"blog-shortcode-post-title entry-title\"><a href=\"https:\/\/www.aquimicasa.net\/blog\/vivienda\/compraventa-de-viviendas\/la-compraventa-de-viviendas-marca-un-record-desde-el-2007\/\">La compraventa de viviendas marca un record desde el 2007<\/a><\/h2><p class=\"fusion-single-line-meta\"><span class=\"updated\" style=\"display:none;\">2026-02-23T20:27:18+01:00<\/span>Por <span class=\"vcard\"><span class=\"fn\"><a href=\"https:\/\/www.aquimicasa.net\/blog\/author\/eduardo\/\" title=\"Entradas de Eduardo Lizarraga\" rel=\"author\">Eduardo Lizarraga<\/a><\/span><\/span><span class=\"fusion-inline-sep\">|<\/span><a href=\"https:\/\/www.aquimicasa.net\/blog\/noticias\/vivienda\/compraventa-de-viviendas\/\" rel=\"category tag\">Compra Venta<\/a><span class=\"fusion-inline-sep\">|<\/span><\/p><div class=\"fusion-post-content-container\"><p>La recuperaci\u00f3n de la vivienda nueva pone de manifiesto otro problema estructural: la incapacidad del sector para producir suficiente oferta. La falta de suelo finalista, la lentitud administrativa, el encarecimiento de los materiales y la escasez de mano de obra cualificada est\u00e1n condicionando seriamente el ritmo edificador.<\/p><\/div><\/div><div class=\"fusion-clearfix\"><\/div><\/article>\n<article id=\"blog-1-post-55212\" class=\"fusion-post-medium-alternate post-55212 post type-post status-publish format-standard has-post-thumbnail hentry category-compraventa-de-viviendas tag-newsletter-554\">\n<div class=\"fusion-date-and-formats\"><div class=\"fusion-date-box updated\"><span class=\"fusion-date\">22<\/span><span class=\"fusion-month-year\">02, 2026<\/span><\/div><div class=\"fusion-format-box\"><i class=\"fusion-icon-pen\" aria-hidden=\"true\"><\/i><\/div><\/div><div class=\"fusion-post-content post-content\"><h2 class=\"blog-shortcode-post-title entry-title\"><a href=\"https:\/\/www.aquimicasa.net\/blog\/vivienda\/compraventa-de-viviendas\/luchar-contra-la-despoblacion-de-la-espana-vaciada\/\">Luchar contra la despoblaci\u00f3n de la Espa\u00f1a vaciada<\/a><\/h2><p class=\"fusion-single-line-meta\"><span class=\"updated\" style=\"display:none;\">2026-02-22T22:03:00+01:00<\/span>Por <span class=\"vcard\"><span class=\"fn\"><a href=\"https:\/\/www.aquimicasa.net\/blog\/author\/eduardo\/\" title=\"Entradas de Eduardo Lizarraga\" rel=\"author\">Eduardo Lizarraga<\/a><\/span><\/span><span class=\"fusion-inline-sep\">|<\/span><a href=\"https:\/\/www.aquimicasa.net\/blog\/noticias\/vivienda\/compraventa-de-viviendas\/\" rel=\"category tag\">Compra Venta<\/a><span class=\"fusion-inline-sep\">|<\/span><\/p><div class=\"fusion-post-content-container\"><p>El Congreso ha dado luz verde a una proposici\u00f3n no de ley presentada por el Partido Popular con la que se insta al Gobierno a poner en marcha un plan estatal de vivienda espec\u00edfico para las zonas rurales. Se trata de una iniciativa que, m\u00e1s all\u00e1 de su lectura pol\u00edtica \u2014en territorios donde el medio rural tiene un peso electoral significativo\u2014 responde tambi\u00e9n a una reivindicaci\u00f3n que muchos consideran justa y necesaria: reequilibrar el territorio y garantizar oportunidades similares con independencia del lugar de residencia.<\/p><\/div><\/div><div class=\"fusion-clearfix\"><\/div><\/article>\n<article id=\"blog-1-post-55207\" class=\"fusion-post-medium-alternate post-55207 post type-post status-publish format-standard has-post-thumbnail hentry category-agencias-inmobiliarias tag-newsletter-554\">\n<div class=\"fusion-date-and-formats\"><div class=\"fusion-date-box updated\"><span class=\"fusion-date\">22<\/span><span class=\"fusion-month-year\">02, 2026<\/span><\/div><div class=\"fusion-format-box\"><i class=\"fusion-icon-pen\" aria-hidden=\"true\"><\/i><\/div><\/div><div class=\"fusion-post-content post-content\"><h2 class=\"blog-shortcode-post-title entry-title\"><a href=\"https:\/\/www.aquimicasa.net\/blog\/vivienda\/agencias-inmobiliarias\/cuanto-vale-mi-piso-en-valladolid\/\">\u00bfCu\u00e1nto vale mi piso en Valladolid?<\/a><\/h2><p class=\"fusion-single-line-meta\"><span class=\"updated\" style=\"display:none;\">2026-02-22T20:41:49+01:00<\/span>Por <span class=\"vcard\"><span class=\"fn\"><a href=\"https:\/\/www.aquimicasa.net\/blog\/author\/eduardo\/\" title=\"Entradas de Eduardo Lizarraga\" rel=\"author\">Eduardo Lizarraga<\/a><\/span><\/span><span class=\"fusion-inline-sep\">|<\/span><a href=\"https:\/\/www.aquimicasa.net\/blog\/noticias\/vivienda\/agencias-inmobiliarias\/\" rel=\"category tag\">Agencias Inmobiliarias<\/a><span class=\"fusion-inline-sep\">|<\/span><\/p><div class=\"fusion-post-content-container\"><p>Existen diversos factores que influyen directamente en la valoraci\u00f3n de una vivienda en Valladolid. Desde la ubicaci\u00f3n hasta el estado de conservaci\u00f3n, cada elemento tiene un peso espec\u00edfico en el precio final.<\/p><\/div><\/div><div class=\"fusion-clearfix\"><\/div><\/article>\n<article id=\"blog-1-post-55161\" class=\"fusion-post-medium-alternate post-55161 post type-post status-publish format-standard has-post-thumbnail hentry category-compraventa-de-viviendas tag-newsletter-554\">\n<div class=\"fusion-date-and-formats\"><div class=\"fusion-date-box updated\"><span class=\"fusion-date\">21<\/span><span class=\"fusion-month-year\">02, 2026<\/span><\/div><div class=\"fusion-format-box\"><i class=\"fusion-icon-pen\" aria-hidden=\"true\"><\/i><\/div><\/div><div class=\"fusion-post-content post-content\"><h2 class=\"blog-shortcode-post-title entry-title\"><a href=\"https:\/\/www.aquimicasa.net\/blog\/vivienda\/compraventa-de-viviendas\/las-posibilidades-de-reclamacion-ante-vicios-ocultos-en-la-vivienda\/\">Las posibilidades de reclamaci\u00f3n ante vicios ocultos en la vivienda<\/a><\/h2><p class=\"fusion-single-line-meta\"><span class=\"updated\" style=\"display:none;\">2026-02-21T22:11:35+01:00<\/span>Por <span class=\"vcard\"><span class=\"fn\"><a href=\"https:\/\/www.aquimicasa.net\/blog\/author\/eduardo\/\" title=\"Entradas de Eduardo Lizarraga\" rel=\"author\">Eduardo Lizarraga<\/a><\/span><\/span><span class=\"fusion-inline-sep\">|<\/span><a href=\"https:\/\/www.aquimicasa.net\/blog\/noticias\/vivienda\/compraventa-de-viviendas\/\" rel=\"category tag\">Compra Venta<\/a><span class=\"fusion-inline-sep\">|<\/span><\/p><div class=\"fusion-post-content-container\"><p>El r\u00e9gimen de los vicios ocultos obliga al vendedor a responder aunque no conociera el problema, siempre que el defecto sea anterior a la venta, no resulte visible y tenga la entidad suficiente como para hacer la vivienda impropia para su destino o disminuir de manera notable su utilidad.<\/p><\/div><\/div><div class=\"fusion-clearfix\"><\/div><\/article>\n<article id=\"blog-1-post-55183\" class=\"fusion-post-medium-alternate post-55183 post type-post status-publish format-standard has-post-thumbnail hentry category-compraventa-de-viviendas tag-newsletter-554\">\n<div class=\"fusion-date-and-formats\"><div class=\"fusion-date-box updated\"><span class=\"fusion-date\">21<\/span><span class=\"fusion-month-year\">02, 2026<\/span><\/div><div class=\"fusion-format-box\"><i class=\"fusion-icon-pen\" aria-hidden=\"true\"><\/i><\/div><\/div><div class=\"fusion-post-content post-content\"><h2 class=\"blog-shortcode-post-title entry-title\"><a href=\"https:\/\/www.aquimicasa.net\/blog\/vivienda\/compraventa-de-viviendas\/solvia-preve-un-aumento-superior-al-6-en-el-precio-de-la-vivienda\/\">Solvia prev\u00e9 un aumento superior al 6% en el precio de la vivienda<\/a><\/h2><p class=\"fusion-single-line-meta\"><span class=\"updated\" style=\"display:none;\">2026-02-21T21:05:59+01:00<\/span>Por <span class=\"vcard\"><span class=\"fn\"><a href=\"https:\/\/www.aquimicasa.net\/blog\/author\/eduardo\/\" title=\"Entradas de Eduardo Lizarraga\" rel=\"author\">Eduardo Lizarraga<\/a><\/span><\/span><span class=\"fusion-inline-sep\">|<\/span><a href=\"https:\/\/www.aquimicasa.net\/blog\/noticias\/vivienda\/compraventa-de-viviendas\/\" rel=\"category tag\">Compra Venta<\/a><span class=\"fusion-inline-sep\">|<\/span><\/p><div class=\"fusion-post-content-container\"><p>Si bien el consenso de los analistas apunta a nuevas subidas en 2026, la aparici\u00f3n de l\u00edmites financieros en los compradores y la mayor resistencia de la banca a flexibilizar condiciones podr\u00edan introducir un punto de inflexi\u00f3n en el ritmo de crecimiento.<\/p><\/div><\/div><div class=\"fusion-clearfix\"><\/div><\/article>\n<article id=\"blog-1-post-55178\" class=\"fusion-post-medium-alternate post-55178 post type-post status-publish format-standard has-post-thumbnail hentry category-compraventa-de-viviendas tag-newsletter-554\">\n<div class=\"fusion-date-and-formats\"><div class=\"fusion-date-box updated\"><span class=\"fusion-date\">20<\/span><span class=\"fusion-month-year\">02, 2026<\/span><\/div><div class=\"fusion-format-box\"><i class=\"fusion-icon-pen\" aria-hidden=\"true\"><\/i><\/div><\/div><div class=\"fusion-post-content post-content\"><h2 class=\"blog-shortcode-post-title entry-title\"><a href=\"https:\/\/www.aquimicasa.net\/blog\/vivienda\/compraventa-de-viviendas\/incremento-interanual-del-131-en-el-precio-de-la-vivienda\/\">Incremento interanual del 13,1%. en el precio de la vivienda<\/a><\/h2><p class=\"fusion-single-line-meta\"><span class=\"updated\" style=\"display:none;\">2026-02-20T23:15:59+01:00<\/span>Por <span class=\"vcard\"><span class=\"fn\"><a href=\"https:\/\/www.aquimicasa.net\/blog\/author\/eduardo\/\" title=\"Entradas de Eduardo Lizarraga\" rel=\"author\">Eduardo Lizarraga<\/a><\/span><\/span><span class=\"fusion-inline-sep\">|<\/span><a href=\"https:\/\/www.aquimicasa.net\/blog\/noticias\/vivienda\/compraventa-de-viviendas\/\" rel=\"category tag\">Compra Venta<\/a><span class=\"fusion-inline-sep\">|<\/span><\/p><div class=\"fusion-post-content-container\"><p>Se trata del valor m\u00e1s alto de la serie hist\u00f3rica del valor tasado de la vivienda, superando incluso el m\u00e1ximo registrado en 2008, cuando el metro cuadrado alcanz\u00f3 los 2.101 euros en pleno ciclo expansivo previo a la crisis financiera. El hecho de que el mercado haya rebasado aquel techo hist\u00f3rico refleja hasta qu\u00e9 punto el actual desequilibrio entre oferta y demanda est\u00e1 impulsando los precios al alza.<\/p><\/div><\/div><div class=\"fusion-clearfix\"><\/div><\/article>\n<article id=\"blog-1-post-55185\" class=\"fusion-post-medium-alternate post-55185 post type-post status-publish format-standard has-post-thumbnail hentry category-compraventa-de-viviendas tag-newsletter-554\">\n<div class=\"fusion-date-and-formats\"><div class=\"fusion-date-box updated\"><span class=\"fusion-date\">20<\/span><span class=\"fusion-month-year\">02, 2026<\/span><\/div><div class=\"fusion-format-box\"><i class=\"fusion-icon-pen\" aria-hidden=\"true\"><\/i><\/div><\/div><div class=\"fusion-post-content post-content\"><h2 class=\"blog-shortcode-post-title entry-title\"><a href=\"https:\/\/www.aquimicasa.net\/blog\/vivienda\/compraventa-de-viviendas\/somos-el-pais-mas-atractivo-de-europa-para-invertir-en-inmobiliario\/\">Somos el pa\u00eds m\u00e1s atractivo de Europa para invertir en inmobiliario<\/a><\/h2><p class=\"fusion-single-line-meta\"><span class=\"updated\" style=\"display:none;\">2026-02-20T22:53:25+01:00<\/span>Por <span class=\"vcard\"><span class=\"fn\"><a href=\"https:\/\/www.aquimicasa.net\/blog\/author\/eduardo\/\" title=\"Entradas de Eduardo Lizarraga\" rel=\"author\">Eduardo Lizarraga<\/a><\/span><\/span><span class=\"fusion-inline-sep\">|<\/span><a href=\"https:\/\/www.aquimicasa.net\/blog\/noticias\/vivienda\/compraventa-de-viviendas\/\" rel=\"category tag\">Compra Venta<\/a><span class=\"fusion-inline-sep\">|<\/span><\/p><div class=\"fusion-post-content-container\"><p>El liderazgo llega tras un 2025 especialmente s\u00f3lido, con m\u00e1s de 18.400 millones de euros de inversi\u00f3n, un 31% m\u00e1s que el a\u00f1o anterior y el mejor registro desde 2018. De cara a 2026, CBRE prev\u00e9 un crecimiento adicional de entre el 5% y el 10%, hasta situar la inversi\u00f3n en una horquilla de 19.000 a 21.000 millones de euros, apoyada en la estabilizaci\u00f3n monetaria y en mejores condiciones de financiaci\u00f3n.<\/p><\/div><\/div><div class=\"fusion-clearfix\"><\/div><\/article>\n<article id=\"blog-1-post-55174\" class=\"fusion-post-medium-alternate post-55174 post type-post status-publish format-standard has-post-thumbnail hentry category-agencias-inmobiliarias tag-newsletter-554\">\n<div class=\"fusion-date-and-formats\"><div class=\"fusion-date-box updated\"><span class=\"fusion-date\">19<\/span><span class=\"fusion-month-year\">02, 2026<\/span><\/div><div class=\"fusion-format-box\"><i class=\"fusion-icon-pen\" aria-hidden=\"true\"><\/i><\/div><\/div><div class=\"fusion-post-content post-content\"><h2 class=\"blog-shortcode-post-title entry-title\"><a href=\"https:\/\/www.aquimicasa.net\/blog\/vivienda\/agencias-inmobiliarias\/los-cambios-de-uso-se-incrementan-en-vallecas\/\">Los cambios de uso se incrementan en Vallecas<\/a><\/h2><p class=\"fusion-single-line-meta\"><span class=\"updated\" style=\"display:none;\">2026-02-21T22:18:05+01:00<\/span>Por <span class=\"vcard\"><span class=\"fn\"><a href=\"https:\/\/www.aquimicasa.net\/blog\/author\/eduardo\/\" title=\"Entradas de Eduardo Lizarraga\" rel=\"author\">Eduardo Lizarraga<\/a><\/span><\/span><span class=\"fusion-inline-sep\">|<\/span><a href=\"https:\/\/www.aquimicasa.net\/blog\/noticias\/vivienda\/agencias-inmobiliarias\/\" rel=\"category tag\">Agencias Inmobiliarias<\/a><span class=\"fusion-inline-sep\">|<\/span><\/p><div class=\"fusion-post-content-container\"><p>Si eres propietario de un local u oficina sin salida comercial, puede que tengas entre manos una oportunidad inmobiliaria real. Transformar un inmueble terciario en vivienda puede generar valor a\u00f1adido y abrir nuevas v\u00edas de rentabilidad o venta.<\/p><\/div><\/div><div class=\"fusion-clearfix\"><\/div><\/article>\n<article id=\"blog-1-post-55167\" class=\"fusion-post-medium-alternate post-55167 post type-post status-publish format-standard has-post-thumbnail hentry category-compraventa-de-viviendas tag-newsletter-554\">\n<div class=\"fusion-date-and-formats\"><div class=\"fusion-date-box updated\"><span class=\"fusion-date\">19<\/span><span class=\"fusion-month-year\">02, 2026<\/span><\/div><div class=\"fusion-format-box\"><i class=\"fusion-icon-pen\" aria-hidden=\"true\"><\/i><\/div><\/div><div class=\"fusion-post-content post-content\"><h2 class=\"blog-shortcode-post-title entry-title\"><a href=\"https:\/\/www.aquimicasa.net\/blog\/vivienda\/compraventa-de-viviendas\/cataluna-limitara-la-compra-especulativa-de-vivienda\/\">Catalu\u00f1a limitar\u00e1 la compra especulativa de vivienda<\/a><\/h2><p class=\"fusion-single-line-meta\"><span class=\"updated\" style=\"display:none;\">2026-02-19T22:28:21+01:00<\/span>Por <span class=\"vcard\"><span class=\"fn\"><a href=\"https:\/\/www.aquimicasa.net\/blog\/author\/eduardo\/\" title=\"Entradas de Eduardo Lizarraga\" rel=\"author\">Eduardo Lizarraga<\/a><\/span><\/span><span class=\"fusion-inline-sep\">|<\/span><a href=\"https:\/\/www.aquimicasa.net\/blog\/noticias\/vivienda\/compraventa-de-viviendas\/\" rel=\"category tag\">Compra Venta<\/a><span class=\"fusion-inline-sep\">|<\/span><\/p><div class=\"fusion-post-content-container\"><p>Los peque\u00f1os propietarios podr\u00e1n adquirir hasta 4 viviendas en su municipio de residencia habitual, siempre que las destinen al alquiler conforme al \u00edndice de precios topado o a residencia habitual propia o de familiares hasta segundo grado.<\/p><\/div><\/div><div class=\"fusion-clearfix\"><\/div><\/article>\n<article id=\"blog-1-post-55165\" class=\"fusion-post-medium-alternate post-55165 post type-post status-publish format-standard has-post-thumbnail hentry category-credito-hipotecario tag-newsletter-554\">\n<div class=\"fusion-date-and-formats\"><div class=\"fusion-date-box updated\"><span class=\"fusion-date\">19<\/span><span class=\"fusion-month-year\">02, 2026<\/span><\/div><div class=\"fusion-format-box\"><i class=\"fusion-icon-pen\" aria-hidden=\"true\"><\/i><\/div><\/div><div class=\"fusion-post-content post-content\"><h2 class=\"blog-shortcode-post-title entry-title\"><a href=\"https:\/\/www.aquimicasa.net\/blog\/economia\/credito-hipotecario\/con-el-cierre-de-diciembre-se-confirma-un-gran-ano-hipotecario\/\">Con el cierre de diciembre se confirma un gran a\u00f1o hipotecario<\/a><\/h2><p class=\"fusion-single-line-meta\"><span class=\"updated\" style=\"display:none;\">2026-02-19T22:10:10+01:00<\/span>Por <span class=\"vcard\"><span class=\"fn\"><a href=\"https:\/\/www.aquimicasa.net\/blog\/author\/eduardo\/\" title=\"Entradas de Eduardo Lizarraga\" rel=\"author\">Eduardo Lizarraga<\/a><\/span><\/span><span class=\"fusion-inline-sep\">|<\/span><a href=\"https:\/\/www.aquimicasa.net\/blog\/noticias\/economia\/credito-hipotecario\/\" rel=\"category tag\">Cr\u00e9dito hipotecario<\/a><span class=\"fusion-inline-sep\">|<\/span><\/p><div class=\"fusion-post-content-container\"><p>El abaratamiento progresivo del eur\u00edbor y la competencia entre entidades han sostenido este entorno atractivo. Sin embargo, algunas voces del sector advierten de movimientos \u201ct\u00edmidos\u201d al alza en determinadas ofertas fijas, lo que podr\u00eda anticipar una moderaci\u00f3n en la agresividad comercial durante 2026.<\/p><\/div><\/div><div class=\"fusion-clearfix\"><\/div><\/article>\n<article id=\"blog-1-post-55143\" class=\"fusion-post-medium-alternate post-55143 post type-post status-publish format-standard has-post-thumbnail hentry category-opinion tag-articulo-de-opinion tag-eduardo-lizarraga tag-newsletter-553 tag-newsletter-554\">\n<div class=\"fusion-date-and-formats\"><div class=\"fusion-date-box updated\"><span class=\"fusion-date\">19<\/span><span class=\"fusion-month-year\">02, 2026<\/span><\/div><div class=\"fusion-format-box\"><i class=\"fusion-icon-pen\" aria-hidden=\"true\"><\/i><\/div><\/div><div class=\"fusion-post-content post-content\"><h2 class=\"blog-shortcode-post-title entry-title\"><a href=\"https:\/\/www.aquimicasa.net\/blog\/opinion\/y-tambien-dos-huevos-duros-%f0%9f%a5%9a%f0%9f%a5%9a\/\">\u00a1Y tambi\u00e9n dos huevos duros \ud83e\udd5a\ud83e\udd5a<\/a><\/h2><p class=\"fusion-single-line-meta\"><span class=\"updated\" style=\"display:none;\">2026-03-01T10:30:01+01:00<\/span>Por <span class=\"vcard\"><span class=\"fn\"><a href=\"https:\/\/www.aquimicasa.net\/blog\/author\/eduardo\/\" title=\"Entradas de Eduardo Lizarraga\" rel=\"author\">Eduardo Lizarraga<\/a><\/span><\/span><span class=\"fusion-inline-sep\">|<\/span><a href=\"https:\/\/www.aquimicasa.net\/blog\/noticias\/opinion\/\" rel=\"category tag\">Opini\u00f3n<\/a><span class=\"fusion-inline-sep\">|<\/span><\/p><div class=\"fusion-post-content-container\"><p>Para el sector inmobiliario, 2026 no va de chistes. Va de adaptarse a un ciclo exigente, donde la oferta manda, donde la captaci\u00f3n ser\u00e1 una guerra, donde el comprador tendr\u00e1 el bolsillo m\u00e1s tenso y donde el pol\u00edtico seguir\u00e1 actuando a ritmo de CIS, como si el pa\u00eds fuera un plat\u00f3. La buena noticia (s\u00ed, hay una): en mercados complicados, las empresas serias ganan cuota. La inmobiliaria que trabaje la confianza, el contenido, el SEO local, el servicio y la captaci\u00f3n, no solo sobrevivir\u00e1: saldr\u00e1 m\u00e1s fuerte. La mala noticia: no hay atajos.<\/p><\/div><\/div><div class=\"fusion-clearfix\"><\/div><\/article>\n<article id=\"blog-1-post-49208\" class=\"fusion-post-medium-alternate post-49208 post type-post status-publish format-standard has-post-thumbnail hentry category-compraventa-de-viviendas tag-8231 tag-newsletter-483 tag-newsletter-484 tag-newsletter-485 tag-newsletter-486 tag-newsletter-488 tag-newsletter-489 tag-newsletter-491 tag-newsletter-496 tag-newsletter-497 tag-newsletter-498 tag-newsletter-499 tag-newsletter-500 tag-newsletter-501 tag-newsletter-502 tag-newsletter-503 tag-newsletter-504 tag-newsletter-505 tag-newsletter-506 tag-newsletter-507 tag-newsletter-508 tag-newsletter-509 tag-newsletter-510 tag-newsletter-511 tag-newsletter-512 tag-newsletter-513 tag-newsletter-514 tag-newsletter-515 tag-newsletter-516 tag-newsletter-517 tag-newsletter-518 tag-newsletter-519 tag-newsletter-520 tag-newsletter-521 tag-newsletter-522 tag-newsletter-523 tag-newsletter-524 tag-newsletter-525 tag-newsletter-526 tag-newsletter-527 tag-newsletter-528 tag-newsletter-529 tag-newsletter-530 tag-newsletter-531 tag-newsletter-532 tag-newsletter-533 tag-newsletter-534 tag-newsletter-535 tag-newsletter-536 tag-newsletter-537 tag-newsletter-538 tag-newsletter-539 tag-newsletter-540 tag-newsletter-541 tag-newsletter-542 tag-newsletter-543 tag-newsletter-544 tag-newsletter-545 tag-newsletter-546 tag-newsletter-547 tag-newsletter-548 tag-newsletter-549 tag-newsletter-550 tag-newsletter-551 tag-newsletter-552 tag-newsletter-553 tag-newsletter-554 tag-newsletter-555 tag-newsletter-556 tag-newsletter-557 tag-newsletter-558 tag-newsletter-559 tag-newsletter-560 tag-newsletter-561\">\n<div class=\"fusion-date-and-formats\"><div class=\"fusion-date-box updated\"><span class=\"fusion-date\">16<\/span><span class=\"fusion-month-year\">10, 2024<\/span><\/div><div class=\"fusion-format-box\"><i class=\"fusion-icon-pen\" aria-hidden=\"true\"><\/i><\/div><\/div><div class=\"fusion-post-content post-content\"><h2 class=\"blog-shortcode-post-title entry-title\"><a href=\"https:\/\/www.aquimicasa.net\/blog\/vivienda\/compraventa-de-viviendas\/los-100-ultimos-pisos-y-casas-publicados-en-aquimicasa\/\">Los 100 \u00faltimos pisos y casas publicados en Aquimicasa<\/a><\/h2><p class=\"fusion-single-line-meta\"><span class=\"updated\" style=\"display:none;\">2026-04-19T11:22:40+02:00<\/span>Por <span class=\"vcard\"><span class=\"fn\"><a href=\"https:\/\/www.aquimicasa.net\/blog\/author\/eduardo\/\" title=\"Entradas de Eduardo Lizarraga\" rel=\"author\">Eduardo Lizarraga<\/a><\/span><\/span><span class=\"fusion-inline-sep\">|<\/span><a href=\"https:\/\/www.aquimicasa.net\/blog\/noticias\/vivienda\/compraventa-de-viviendas\/\" rel=\"category tag\">Compra Venta<\/a><span class=\"fusion-inline-sep\">|<\/span><\/p><div class=\"fusion-post-content-container\"><p>La rapidez en la toma de decisiones es fundamental en el sector inmobiliario actual. Muchas veces, la diferencia entre encontrar la vivienda ideal o perderla frente a otro comprador o inquilino radica en la rapidez con la que accedes a la informaci\u00f3n.<\/p><\/div><\/div><div class=\"fusion-clearfix\"><\/div><\/article>\n<article id=\"blog-1-post-38711\" class=\"fusion-post-medium-alternate post-38711 post type-post status-publish format-standard has-post-thumbnail hentry category-web-inmobiliaria tag-8231 tag-newsletter-328 tag-newsletter-329 tag-newsletter-349 tag-newsletter-350 tag-newsletter-351 tag-newsletter-352 tag-newsletter-353 tag-newsletter-354 tag-newsletter-355 tag-newsletter-356 tag-newsletter-357 tag-newsletter-358 tag-newsletter-359 tag-newsletter-360 tag-newsletter-366 tag-newsletter-512 tag-newsletter-513 tag-newsletter-514 tag-newsletter-515 tag-newsletter-516 tag-newsletter-517 tag-newsletter-518 tag-newsletter-519 tag-newsletter-520 tag-newsletter-521 tag-newsletter-522 tag-newsletter-523 tag-newsletter-524 tag-newsletter-525 tag-newsletter-526 tag-newsletter-527 tag-newsletter-528 tag-newsletter-529 tag-newsletter-530 tag-newsletter-531 tag-newsletter-532 tag-newsletter-533 tag-newsletter-534 tag-newsletter-535 tag-newsletter-536 tag-newsletter-537 tag-newsletter-538 tag-newsletter-539 tag-newsletter-540 tag-newsletter-541 tag-newsletter-542 tag-newsletter-543 tag-newsletter-544 tag-newsletter-545 tag-newsletter-546 tag-newsletter-547 tag-newsletter-548 tag-newsletter-549 tag-newsletter-550 tag-newsletter-551 tag-newsletter-552 tag-newsletter-553 tag-newsletter-554 tag-newsletter-555 tag-newsletter-556 tag-newsletter-557 tag-newsletter-558 tag-newsletter-559 tag-newsletter-560 tag-newsletter-561\">\n<div class=\"fusion-date-and-formats\"><div class=\"fusion-date-box updated\"><span class=\"fusion-date\">20<\/span><span class=\"fusion-month-year\">10, 2021<\/span><\/div><div class=\"fusion-format-box\"><i class=\"fusion-icon-pen\" aria-hidden=\"true\"><\/i><\/div><\/div><div class=\"fusion-post-content post-content\"><h2 class=\"blog-shortcode-post-title entry-title\"><a href=\"https:\/\/www.aquimicasa.net\/blog\/vivienda\/agencias-inmobiliarias\/web-inmobiliaria\/hacemos-tu-nueva-web-inmobiliaria-pide-un-proyecto\/\">Hacemos tu nueva web inmobiliaria \u00a1Pide un proyecto!<\/a><\/h2><p class=\"fusion-single-line-meta\"><span class=\"updated\" style=\"display:none;\">2026-04-19T11:21:48+02:00<\/span>Por <span class=\"vcard\"><span class=\"fn\"><a href=\"https:\/\/www.aquimicasa.net\/blog\/author\/eduardo\/\" title=\"Entradas de Eduardo Lizarraga\" rel=\"author\">Eduardo Lizarraga<\/a><\/span><\/span><span class=\"fusion-inline-sep\">|<\/span><a href=\"https:\/\/www.aquimicasa.net\/blog\/noticias\/vivienda\/agencias-inmobiliarias\/web-inmobiliaria\/\" rel=\"category tag\">Web inmobiliaria<\/a><span class=\"fusion-inline-sep\">|<\/span><\/p><div class=\"fusion-post-content-container\"><p>Una web moderna, con dise\u00f1o, escalable, responsive, a la que podr\u00e1s ir incorporando las nuevas t\u00e9cnicas y estructuras de captaci\u00f3n o categorizaci\u00f3n\u2026esta es tu nueva web inmobiliaria, una web hecha desde el conocimiento de tus necesidades y las estrategias necesarias para enfrentarse con \u00e9xito al sector inmobiliario que ya ha llegado.<\/p><\/div><\/div><div class=\"fusion-clearfix\"><\/div><\/article>\n<\/div><\/div><div class=\"fusion-clearfix\"><\/div><\/div><\/div><\/div><\/div><div class=\"fusion-fullwidth fullwidth-box fusion-builder-row-3 nonhundred-percent-fullwidth non-hundred-percent-height-scrolling\" style=\"background-color: rgba(255,255,255,0);background-position: center center;background-repeat: no-repeat;padding-top:0px;padding-right:0px;padding-bottom:0px;padding-left:0px;margin-bottom: 0px;margin-top: 0px;border-width: 0px 0px 0px 0px;border-color:#eae9e9;border-style:solid;\" ><div class=\"fusion-builder-row fusion-row\"><div class=\"fusion-layout-column fusion_builder_column fusion-builder-column-2 fusion_builder_column_1_1 1_1 fusion-one-full fusion-column-first fusion-column-last\" style=\"margin-top:0px;margin-bottom:20px;\"><div class=\"fusion-column-wrapper fusion-flex-column-wrapper-legacy\" style=\"background-position:left top;background-repeat:no-repeat;-webkit-background-size:cover;-moz-background-size:cover;-o-background-size:cover;background-size:cover;padding: 0px 0px 0px 0px;\"><div class=\"fusion-sep-clear\"><\/div><div class=\"fusion-separator\" style=\"margin-left: auto;margin-right: auto;margin-top:5%;width:100%;max-width:50%;\"><\/div><div class=\"fusion-sep-clear\"><\/div><style type=\"text\/css\"><\/style><div class=\"fusion-title title fusion-title-2 fusion-sep-none fusion-title-center fusion-title-text fusion-title-size-two\" style=\"margin-top:0px;margin-right:0px;margin-bottom:31px;margin-left:0px;\"><h2 class=\"title-heading-center\" style=\"margin:0;\"><p style=\"text-align: center;\">SELECCI\u00d3N DE PISOS Y CASAS EN VENTA<\/p><\/h2><\/div><div class=\"fusion-sep-clear\"><\/div><div class=\"fusion-separator fusion-has-icon\" style=\"margin-left: auto;margin-right: auto;margin-bottom:5%;width:100%;max-width:30%;\"><div class=\"fusion-separator-border sep-single sep-solid\" style=\"border-color:#000000;border-top-width:2px;\"><\/div><span class=\"icon-wrapper\" style=\"border-color:transparent;font-size:25px;width: 1.75em; height: 1.75em;border-width:2px;padding:2px;margin-top:-1px\"><i class=\"fa-home fas\" style=\"font-size: inherit;color:#000000;\" aria-hidden=\"true\"><\/i><\/span><div class=\"fusion-separator-border sep-single sep-solid\" style=\"border-color:#000000;border-top-width:2px;\"><\/div><\/div><div class=\"fusion-sep-clear\"><\/div><div class=\"fusion-clearfix\"><\/div><\/div><\/div><\/div><\/div><div class=\"fusion-fullwidth fullwidth-box fusion-builder-row-4 nonhundred-percent-fullwidth non-hundred-percent-height-scrolling\" style=\"background-color: rgba(255,255,255,0);background-position: center center;background-repeat: no-repeat;padding-top:0px;padding-right:0px;padding-bottom:0px;padding-left:0px;margin-bottom: 0px;margin-top: 0px;border-width: 0px 0px 0px 0px;border-color:#eae9e9;border-style:solid;\" ><div class=\"fusion-builder-row fusion-row\"><div class=\"fusion-layout-column fusion_builder_column fusion-builder-column-3 fusion_builder_column_1_1 1_1 fusion-one-full fusion-column-first fusion-column-last\" style=\"margin-top:0px;margin-bottom:20px;\"><div class=\"fusion-column-wrapper fusion-flex-column-wrapper-legacy\" style=\"background-position:left top;background-repeat:no-repeat;-webkit-background-size:cover;-moz-background-size:cover;-o-background-size:cover;background-size:cover;padding: 0px 0px 0px 0px;\"><div class=\"fusion-blog-shortcode fusion-blog-shortcode-2 fusion-blog-archive fusion-blog-layout-grid-wrapper fusion-blog-pagination\"><style type=\"text\/css\">.fusion-blog-shortcode-2 .fusion-blog-layout-grid .fusion-post-grid{padding:20px;}.fusion-blog-shortcode-2 .fusion-posts-container{margin-left: -20px !important; margin-right:-20px !important;}<\/style><div class=\"fusion-posts-container fusion-posts-container-pagination fusion-blog-rollover fusion-blog-layout-grid fusion-blog-layout-grid-3 isotope\" data-pages=\"1\" data-grid-col-space=\"40\" style=\"margin: -20px -20px 0;min-height:500px;\"><article id=\"blog-2-post-52907\" class=\"fusion-post-grid post-52907 post type-post status-publish format-standard has-post-thumbnail hentry category-agencias-inmobiliarias category-compraventa-de-viviendas category-ofertas tag-agencia-newsletter-4 tag-aljarafe tag-newsletter-509\">\n<div class=\"fusion-post-wrapper\" style=\"background-color:rgba(255,255,255,0);border:1px solid #ebeaea;border-bottom-width:3px;\">\n\n\t\t\t<div class=\"fusion-flexslider flexslider fusion-flexslider-loading fusion-post-slideshow\" style=\"border-color:#ebeaea;\">\n\t\t<ul class=\"slides\">\n\t\t\t\n\t\t\t\t\t\t\t\t\t\t\t\t\t\t<li>\n\n<div  class=\"fusion-image-wrapper\" aria-haspopup=\"true\">\n\t\n\t\n\t\n\t\t\n\t\t\t\t\t<img decoding=\"async\" width=\"500\" height=\"375\" src=\"https:\/\/www.aquimicasa.net\/blog\/wp-content\/uploads\/ESPARTINAS-Monumento-a-la-Paz-1-e1756974907769.jpeg\" class=\"attachment-full size-full wp-post-image\" alt=\"Espartinas es el municipio con mayor renta per c\u00e1pita de El Aljarafe\" \/>\n\t\n\n\t\t<div class=\"fusion-rollover\">\n\t<div class=\"fusion-rollover-content\">\n\n\t\t\t\t\n\t\t\n\t\t\t\t\t\t\t\t\t\t\t\t<h4 class=\"fusion-rollover-title\">\n\t\t\t\t\t<a class=\"fusion-rollover-title-link\" href=\"https:\/\/www.aquimicasa.net\/blog\/vivienda\/compraventa-de-viviendas\/mejor-agencia-inmobiliaria-en-espartinas\/\">\n\t\t\t\t\t\tMejor agencia inmobiliaria en Espartinas\t\t\t\t\t<\/a>\n\t\t\t\t<\/h4>\n\t\t\t\n\t\t\t\t\t\t\t\t\n\t\t\n\t\t\t\t\t\t<a class=\"fusion-link-wrapper\" href=\"https:\/\/www.aquimicasa.net\/blog\/vivienda\/compraventa-de-viviendas\/mejor-agencia-inmobiliaria-en-espartinas\/\" aria-label=\"Mejor agencia inmobiliaria en Espartinas\"><\/a>\n\t<\/div>\n<\/div>\n\n\t\n<\/div>\n<\/li>\n\t\t\t\n\t\t\t\n\t\t\t\t\t\t\t\t\t\t\t\t\t\t\t\t\t\t\t\t\t\t\t\t\t\t\t\t\t\t\t\t\t\t\t\t\t\t\t\t\t\t\t\t\t\t\t\t\t\t\t\t\t\t\t\t\t\t\t\t\t\t\t\t\t\t\t\t<\/ul>\n\t<\/div>\n\t<div class=\"fusion-post-content-wrapper\" style=\"padding:30px 25px 20px 25px;\"><div class=\"fusion-post-content post-content\"><h2 class=\"blog-shortcode-post-title entry-title\"><a href=\"https:\/\/www.aquimicasa.net\/blog\/vivienda\/compraventa-de-viviendas\/mejor-agencia-inmobiliaria-en-espartinas\/\">Mejor agencia inmobiliaria en Espartinas<\/a><\/h2><p class=\"fusion-single-line-meta\"><span class=\"updated\" style=\"display:none;\">2025-09-04T10:35:40+02:00<\/span>Por <span class=\"vcard\"><span class=\"fn\"><a href=\"https:\/\/www.aquimicasa.net\/blog\/author\/eduardo\/\" title=\"Entradas de Eduardo Lizarraga\" rel=\"author\">Eduardo Lizarraga<\/a><\/span><\/span><span class=\"fusion-inline-sep\">|<\/span><a href=\"https:\/\/www.aquimicasa.net\/blog\/noticias\/vivienda\/agencias-inmobiliarias\/\" rel=\"category tag\">Agencias Inmobiliarias<\/a>, <a href=\"https:\/\/www.aquimicasa.net\/blog\/noticias\/vivienda\/compraventa-de-viviendas\/\" rel=\"category tag\">Compra Venta<\/a>, <a href=\"https:\/\/www.aquimicasa.net\/blog\/noticias\/vivienda\/ofertas\/\" rel=\"category tag\">Ofertas<\/a><span class=\"fusion-inline-sep\">|<\/span><\/p><div class=\"fusion-content-sep sep-double sep-solid\" style=\"border-color:#ebeaea;\"><\/div><div class=\"fusion-post-content-container\"><p>Uno de los grandes valores de Aljarafe Inmobiliario es su forma de trabajar: con un enfoque directo, sin artificios y muy orientado a la confianza. Aqu\u00ed no se habla de clientes en abstracto, sino de personas y familias con necesidades concretas, ya sea un comprador que busca su primera vivienda, una familia que quiere mudarse a una casa m\u00e1s amplia en el Aljarafe, o herederos que necesitan vender una propiedad sin regularizar.<\/p><\/div><\/div><\/div><div class=\"fusion-clearfix\"><\/div><\/div>\n<\/article>\n<article id=\"blog-2-post-51102\" class=\"fusion-post-grid post-51102 post type-post status-publish format-standard has-post-thumbnail hentry category-agencias-inmobiliarias category-compraventa-de-viviendas category-ofertas tag-agencia-newsletter-4 tag-aljarafe tag-newsletter-509\">\n<div class=\"fusion-post-wrapper\" style=\"background-color:rgba(255,255,255,0);border:1px solid #ebeaea;border-bottom-width:3px;\">\n\n\t\t\t<div class=\"fusion-flexslider flexslider fusion-flexslider-loading fusion-post-slideshow\" style=\"border-color:#ebeaea;\">\n\t\t<ul class=\"slides\">\n\t\t\t\n\t\t\t\t\t\t\t\t\t\t\t\t\t\t<li>\n\n<div  class=\"fusion-image-wrapper\" aria-haspopup=\"true\">\n\t\n\t\n\t\n\t\t\n\t\t\t\t\t<img decoding=\"async\" width=\"500\" height=\"375\" src=\"https:\/\/www.aquimicasa.net\/blog\/wp-content\/uploads\/Espartinas1-e1744480249549.jpg\" class=\"attachment-full size-full wp-post-image\" alt=\"Espartinas en el Aljarafe sevillano se distingue por su calidad de vida\" srcset=\"https:\/\/www.aquimicasa.net\/blog\/wp-content\/uploads\/Espartinas1-e1744480249549-200x150.jpg 200w, https:\/\/www.aquimicasa.net\/blog\/wp-content\/uploads\/Espartinas1-e1744480249549-400x300.jpg 400w, https:\/\/www.aquimicasa.net\/blog\/wp-content\/uploads\/Espartinas1-e1744480249549.jpg 500w\" sizes=\"(min-width: 2200px) 100vw, (min-width: 784px) 340px, (min-width: 712px) 510px, (min-width: 640px) 712px, \" \/>\n\t\n\n\t\t<div class=\"fusion-rollover\">\n\t<div class=\"fusion-rollover-content\">\n\n\t\t\t\t\n\t\t\n\t\t\t\t\t\t\t\t\t\t\t\t<h4 class=\"fusion-rollover-title\">\n\t\t\t\t\t<a class=\"fusion-rollover-title-link\" href=\"https:\/\/www.aquimicasa.net\/blog\/vivienda\/compraventa-de-viviendas\/pisos-y-casas-en-venta-para-vivir-en-espartinas\/\">\n\t\t\t\t\t\tPisos y casas en venta para vivir en Espartinas\t\t\t\t\t<\/a>\n\t\t\t\t<\/h4>\n\t\t\t\n\t\t\t\t\t\t\t\t\n\t\t\n\t\t\t\t\t\t<a class=\"fusion-link-wrapper\" href=\"https:\/\/www.aquimicasa.net\/blog\/vivienda\/compraventa-de-viviendas\/pisos-y-casas-en-venta-para-vivir-en-espartinas\/\" aria-label=\"Pisos y casas en venta para vivir en Espartinas\"><\/a>\n\t<\/div>\n<\/div>\n\n\t\n<\/div>\n<\/li>\n\t\t\t\n\t\t\t\n\t\t\t\t\t\t\t\t\t\t\t\t\t\t\t\t\t\t\t\t\t\t\t\t\t\t\t\t\t\t\t\t\t\t\t\t\t\t\t\t\t\t\t\t\t\t\t\t\t\t\t\t\t\t\t\t\t\t\t\t\t\t\t\t\t\t\t\t<\/ul>\n\t<\/div>\n\t<div class=\"fusion-post-content-wrapper\" style=\"padding:30px 25px 20px 25px;\"><div class=\"fusion-post-content post-content\"><h2 class=\"blog-shortcode-post-title entry-title\"><a href=\"https:\/\/www.aquimicasa.net\/blog\/vivienda\/compraventa-de-viviendas\/pisos-y-casas-en-venta-para-vivir-en-espartinas\/\">Pisos y casas en venta para vivir en Espartinas<\/a><\/h2><p class=\"fusion-single-line-meta\"><span class=\"updated\" style=\"display:none;\">2025-04-12T19:58:58+02:00<\/span>Por <span class=\"vcard\"><span class=\"fn\"><a href=\"https:\/\/www.aquimicasa.net\/blog\/author\/eduardo\/\" title=\"Entradas de Eduardo Lizarraga\" rel=\"author\">Eduardo Lizarraga<\/a><\/span><\/span><span class=\"fusion-inline-sep\">|<\/span><a href=\"https:\/\/www.aquimicasa.net\/blog\/noticias\/vivienda\/agencias-inmobiliarias\/\" rel=\"category tag\">Agencias Inmobiliarias<\/a>, <a href=\"https:\/\/www.aquimicasa.net\/blog\/noticias\/vivienda\/compraventa-de-viviendas\/\" rel=\"category tag\">Compra Venta<\/a>, <a href=\"https:\/\/www.aquimicasa.net\/blog\/noticias\/vivienda\/ofertas\/\" rel=\"category tag\">Ofertas<\/a><span class=\"fusion-inline-sep\">|<\/span><\/p><div class=\"fusion-content-sep sep-double sep-solid\" style=\"border-color:#ebeaea;\"><\/div><div class=\"fusion-post-content-container\"><p>El entorno natural del municipio ofrece un equilibrio perfecto entre vida urbana y naturaleza. Con una extensi\u00f3n de 22,7 km\u00b2 y lim\u00edtrofe con municipios como Olivares, Umbrete o Gines, Espartinas est\u00e1 rodeado de zonas verdes y caminos rurales ideales para pasear, practicar deporte al aire libre o simplemente desconectar del ritmo de la ciudad. El lugar ideal para buscar una casa o piso en venta y disfrutar de la calidad de vida del Aljarafe.<\/p><\/div><\/div><\/div><div class=\"fusion-clearfix\"><\/div><\/div>\n<\/article>\n<article id=\"blog-2-post-50424\" class=\"fusion-post-grid post-50424 post type-post status-publish format-standard has-post-thumbnail hentry category-agencias-inmobiliarias tag-agencia-newsletter-4 tag-newsletter-501\">\n<div class=\"fusion-post-wrapper\" style=\"background-color:rgba(255,255,255,0);border:1px solid #ebeaea;border-bottom-width:3px;\">\n\n\t\t\t<div class=\"fusion-flexslider flexslider fusion-flexslider-loading fusion-post-slideshow\" style=\"border-color:#ebeaea;\">\n\t\t<ul class=\"slides\">\n\t\t\t\n\t\t\t\t\t\t\t\t\t\t\t\t\t\t<li>\n\n<div  class=\"fusion-image-wrapper\" aria-haspopup=\"true\">\n\t\n\t\n\t\n\t\t\n\t\t\t\t\t<img decoding=\"async\" width=\"550\" height=\"412\" src=\"https:\/\/www.aquimicasa.net\/blog\/wp-content\/uploads\/Leon3.jpg\" class=\"attachment-full size-full wp-post-image\" alt=\"Pisos y casas en venta en Le\u00f3n y su alfoz\" srcset=\"https:\/\/www.aquimicasa.net\/blog\/wp-content\/uploads\/Leon3-200x150.jpg 200w, https:\/\/www.aquimicasa.net\/blog\/wp-content\/uploads\/Leon3-400x300.jpg 400w, https:\/\/www.aquimicasa.net\/blog\/wp-content\/uploads\/Leon3.jpg 550w\" sizes=\"(min-width: 2200px) 100vw, (min-width: 784px) 340px, (min-width: 712px) 510px, (min-width: 640px) 712px, \" \/>\n\t\n\n\t\t<div class=\"fusion-rollover\">\n\t<div class=\"fusion-rollover-content\">\n\n\t\t\t\t\n\t\t\n\t\t\t\t\t\t\t\t\t\t\t\t<h4 class=\"fusion-rollover-title\">\n\t\t\t\t\t<a class=\"fusion-rollover-title-link\" href=\"https:\/\/www.aquimicasa.net\/blog\/vivienda\/agencias-inmobiliarias\/pisos-y-casas-en-venta-en-leon-y-su-alfoz\/\">\n\t\t\t\t\t\tPisos y casas en venta en Le\u00f3n y su alfoz\t\t\t\t\t<\/a>\n\t\t\t\t<\/h4>\n\t\t\t\n\t\t\t\t\t\t\t\t\n\t\t\n\t\t\t\t\t\t<a class=\"fusion-link-wrapper\" href=\"https:\/\/www.aquimicasa.net\/blog\/vivienda\/agencias-inmobiliarias\/pisos-y-casas-en-venta-en-leon-y-su-alfoz\/\" aria-label=\"Pisos y casas en venta en Le\u00f3n y su alfoz\"><\/a>\n\t<\/div>\n<\/div>\n\n\t\n<\/div>\n<\/li>\n\t\t\t\n\t\t\t\n\t\t\t\t\t\t\t\t\t\t\t\t\t\t\t\t\t\t\t\t\t\t\t\t\t\t\t\t\t\t\t\t\t\t\t\t\t\t\t\t\t\t\t\t\t\t\t\t\t\t\t\t\t\t\t\t\t\t\t\t\t\t\t\t\t\t\t\t<\/ul>\n\t<\/div>\n\t<div class=\"fusion-post-content-wrapper\" style=\"padding:30px 25px 20px 25px;\"><div class=\"fusion-post-content post-content\"><h2 class=\"blog-shortcode-post-title entry-title\"><a href=\"https:\/\/www.aquimicasa.net\/blog\/vivienda\/agencias-inmobiliarias\/pisos-y-casas-en-venta-en-leon-y-su-alfoz\/\">Pisos y casas en venta en Le\u00f3n y su alfoz<\/a><\/h2><p class=\"fusion-single-line-meta\"><span class=\"updated\" style=\"display:none;\">2025-02-23T12:13:09+01:00<\/span>Por <span class=\"vcard\"><span class=\"fn\"><a href=\"https:\/\/www.aquimicasa.net\/blog\/author\/eduardo\/\" title=\"Entradas de Eduardo Lizarraga\" rel=\"author\">Eduardo Lizarraga<\/a><\/span><\/span><span class=\"fusion-inline-sep\">|<\/span><a href=\"https:\/\/www.aquimicasa.net\/blog\/noticias\/vivienda\/agencias-inmobiliarias\/\" rel=\"category tag\">Agencias Inmobiliarias<\/a><span class=\"fusion-inline-sep\">|<\/span><\/p><div class=\"fusion-content-sep sep-double sep-solid\" style=\"border-color:#ebeaea;\"><\/div><div class=\"fusion-post-content-container\"><p>En Inmobiliaria Eras somos especialistas en el mercado inmobiliario de Le\u00f3n y conocemos a fondo la ciudad y su alfoz. Esto nos permite ofrecerte informaci\u00f3n precisa sobre las diferentes \u00e1reas, los servicios disponibles, las conexiones de transporte y otros aspectos y disponer de una amplia oferta\u00a0pisos y casas en venta para vivir en Le\u00f3n\u00a0para que puedas encontrar lo que est\u00e1s buscando.<\/p><\/div><\/div><\/div><div class=\"fusion-clearfix\"><\/div><\/div>\n<\/article>\n<article id=\"blog-2-post-48986\" class=\"fusion-post-grid post-48986 post type-post status-publish format-standard has-post-thumbnail hentry category-agencias-inmobiliarias tag-agencia-newsletter-4 tag-newsletter-480\">\n<div class=\"fusion-post-wrapper\" style=\"background-color:rgba(255,255,255,0);border:1px solid #ebeaea;border-bottom-width:3px;\">\n\n\t\t\t<div class=\"fusion-flexslider flexslider fusion-flexslider-loading fusion-post-slideshow\" style=\"border-color:#ebeaea;\">\n\t\t<ul class=\"slides\">\n\t\t\t\n\t\t\t\t\t\t\t\t\t\t\t\t\t\t<li>\n\n<div  class=\"fusion-image-wrapper\" aria-haspopup=\"true\">\n\t\n\t\n\t\n\t\t\n\t\t\t\t\t<img decoding=\"async\" width=\"720\" height=\"418\" src=\"https:\/\/www.aquimicasa.net\/blog\/wp-content\/uploads\/Badajoz.jpg\" class=\"attachment-full size-full wp-post-image\" alt=\"Mejor oferta de pisos y chalets en venta en Basajoz\" srcset=\"https:\/\/www.aquimicasa.net\/blog\/wp-content\/uploads\/Badajoz-200x116.jpg 200w, https:\/\/www.aquimicasa.net\/blog\/wp-content\/uploads\/Badajoz-400x232.jpg 400w, https:\/\/www.aquimicasa.net\/blog\/wp-content\/uploads\/Badajoz-600x348.jpg 600w, https:\/\/www.aquimicasa.net\/blog\/wp-content\/uploads\/Badajoz.jpg 720w\" sizes=\"(min-width: 2200px) 100vw, (min-width: 784px) 340px, (min-width: 712px) 510px, (min-width: 640px) 712px, \" \/>\n\t\n\n\t\t<div class=\"fusion-rollover\">\n\t<div class=\"fusion-rollover-content\">\n\n\t\t\t\t\n\t\t\n\t\t\t\t\t\t\t\t\t\t\t\t<h4 class=\"fusion-rollover-title\">\n\t\t\t\t\t<a class=\"fusion-rollover-title-link\" href=\"https:\/\/www.aquimicasa.net\/blog\/vivienda\/agencias-inmobiliarias\/mejor-oferta-de-pisos-y-chalets-en-venta-en-badajoz\/\">\n\t\t\t\t\t\tMejor oferta de pisos y chalets en venta en Badajoz\t\t\t\t\t<\/a>\n\t\t\t\t<\/h4>\n\t\t\t\n\t\t\t\t\t\t\t\t\n\t\t\n\t\t\t\t\t\t<a class=\"fusion-link-wrapper\" href=\"https:\/\/www.aquimicasa.net\/blog\/vivienda\/agencias-inmobiliarias\/mejor-oferta-de-pisos-y-chalets-en-venta-en-badajoz\/\" aria-label=\"Mejor oferta de pisos y chalets en venta en Badajoz\"><\/a>\n\t<\/div>\n<\/div>\n\n\t\n<\/div>\n<\/li>\n\t\t\t\n\t\t\t\n\t\t\t\t\t\t\t\t\t\t\t\t\t\t\t\t\t\t\t\t\t\t\t\t\t\t\t\t\t\t\t\t\t\t\t\t\t\t\t\t\t\t\t\t\t\t\t\t\t\t\t\t\t\t\t\t\t\t\t\t\t\t\t\t\t\t\t\t<\/ul>\n\t<\/div>\n\t<div class=\"fusion-post-content-wrapper\" style=\"padding:30px 25px 20px 25px;\"><div class=\"fusion-post-content post-content\"><h2 class=\"blog-shortcode-post-title entry-title\"><a href=\"https:\/\/www.aquimicasa.net\/blog\/vivienda\/agencias-inmobiliarias\/mejor-oferta-de-pisos-y-chalets-en-venta-en-badajoz\/\">Mejor oferta de pisos y chalets en venta en Badajoz<\/a><\/h2><p class=\"fusion-single-line-meta\"><span class=\"updated\" style=\"display:none;\">2024-09-24T08:49:01+02:00<\/span>Por <span class=\"vcard\"><span class=\"fn\"><a href=\"https:\/\/www.aquimicasa.net\/blog\/author\/eduardo\/\" title=\"Entradas de Eduardo Lizarraga\" rel=\"author\">Eduardo Lizarraga<\/a><\/span><\/span><span class=\"fusion-inline-sep\">|<\/span><a href=\"https:\/\/www.aquimicasa.net\/blog\/noticias\/vivienda\/agencias-inmobiliarias\/\" rel=\"category tag\">Agencias Inmobiliarias<\/a><span class=\"fusion-inline-sep\">|<\/span><\/p><div class=\"fusion-content-sep sep-double sep-solid\" style=\"border-color:#ebeaea;\"><\/div><div class=\"fusion-post-content-container\"><p>En Urbaniza2 tenemos la mejor oferta de pisos y casas en venta en Badajoz. No importa si est\u00e1s buscando una casa para vivir con tu familia, una segunda residencia o una inversi\u00f3n, podemos ayudarte a encontrar la propiedad perfecta en los barrios m\u00e1s demandados de la ciudad.<\/p><\/div><\/div><\/div><div class=\"fusion-clearfix\"><\/div><\/div>\n<\/article>\n<article id=\"blog-2-post-46157\" class=\"fusion-post-grid post-46157 post type-post status-publish format-standard has-post-thumbnail hentry category-agencias-inmobiliarias tag-agencia-newsletter-4 tag-newsletter-440 tag-noticia-de-portada\">\n<div class=\"fusion-post-wrapper\" style=\"background-color:rgba(255,255,255,0);border:1px solid #ebeaea;border-bottom-width:3px;\">\n\n\t\t\t<div class=\"fusion-flexslider flexslider fusion-flexslider-loading fusion-post-slideshow\" style=\"border-color:#ebeaea;\">\n\t\t<ul class=\"slides\">\n\t\t\t\n\t\t\t\t\t\t\t\t\t\t\t\t\t\t<li>\n\n<div  class=\"fusion-image-wrapper\" aria-haspopup=\"true\">\n\t\n\t\n\t\n\t\t\n\t\t\t\t\t<img decoding=\"async\" width=\"500\" height=\"333\" src=\"https:\/\/www.aquimicasa.net\/blog\/wp-content\/uploads\/Villarrobledo1-e1702063291973.jpg\" class=\"attachment-full size-full wp-post-image\" alt=\"Hogarnuevo es la mejor agencia inmobiliaria en Villarrobledo\" srcset=\"https:\/\/www.aquimicasa.net\/blog\/wp-content\/uploads\/Villarrobledo1-e1702063291973-200x133.jpg 200w, https:\/\/www.aquimicasa.net\/blog\/wp-content\/uploads\/Villarrobledo1-e1702063291973-400x266.jpg 400w, https:\/\/www.aquimicasa.net\/blog\/wp-content\/uploads\/Villarrobledo1-e1702063291973.jpg 500w\" sizes=\"(min-width: 2200px) 100vw, (min-width: 784px) 340px, (min-width: 712px) 510px, (min-width: 640px) 712px, \" \/>\n\t\n\n\t\t<div class=\"fusion-rollover\">\n\t<div class=\"fusion-rollover-content\">\n\n\t\t\t\t\n\t\t\n\t\t\t\t\t\t\t\t\t\t\t\t<h4 class=\"fusion-rollover-title\">\n\t\t\t\t\t<a class=\"fusion-rollover-title-link\" href=\"https:\/\/www.aquimicasa.net\/blog\/vivienda\/agencias-inmobiliarias\/la-mejor-agencia-inmobiliaria-de-villarrobledo-2\/\">\n\t\t\t\t\t\tHogarnuevo es la mejor agencia inmobiliaria de Villarrobledo\t\t\t\t\t<\/a>\n\t\t\t\t<\/h4>\n\t\t\t\n\t\t\t\t\t\t\t\t\n\t\t\n\t\t\t\t\t\t<a class=\"fusion-link-wrapper\" href=\"https:\/\/www.aquimicasa.net\/blog\/vivienda\/agencias-inmobiliarias\/la-mejor-agencia-inmobiliaria-de-villarrobledo-2\/\" aria-label=\"Hogarnuevo es la mejor agencia inmobiliaria de Villarrobledo\"><\/a>\n\t<\/div>\n<\/div>\n\n\t\n<\/div>\n<\/li>\n\t\t\t\n\t\t\t\n\t\t\t\t\t\t\t\t\t\t\t\t\t\t\t\t\t\t\t\t\t\t\t\t\t\t\t\t\t\t\t\t\t\t\t\t\t\t\t\t\t\t\t\t\t\t\t\t\t\t\t\t\t\t\t\t\t\t\t\t\t\t\t\t\t\t\t\t<\/ul>\n\t<\/div>\n\t<div class=\"fusion-post-content-wrapper\" style=\"padding:30px 25px 20px 25px;\"><div class=\"fusion-post-content post-content\"><h2 class=\"blog-shortcode-post-title entry-title\"><a href=\"https:\/\/www.aquimicasa.net\/blog\/vivienda\/agencias-inmobiliarias\/la-mejor-agencia-inmobiliaria-de-villarrobledo-2\/\">Hogarnuevo es la mejor agencia inmobiliaria de Villarrobledo<\/a><\/h2><p class=\"fusion-single-line-meta\"><span class=\"updated\" style=\"display:none;\">2023-12-16T21:20:37+01:00<\/span>Por <span class=\"vcard\"><span class=\"fn\"><a href=\"https:\/\/www.aquimicasa.net\/blog\/author\/eduardo\/\" title=\"Entradas de Eduardo Lizarraga\" rel=\"author\">Eduardo Lizarraga<\/a><\/span><\/span><span class=\"fusion-inline-sep\">|<\/span><a href=\"https:\/\/www.aquimicasa.net\/blog\/noticias\/vivienda\/agencias-inmobiliarias\/\" rel=\"category tag\">Agencias Inmobiliarias<\/a><span class=\"fusion-inline-sep\">|<\/span><\/p><div class=\"fusion-content-sep sep-double sep-solid\" style=\"border-color:#ebeaea;\"><\/div><div class=\"fusion-post-content-container\"><p>Atendemos a una amplia base de clientes nacionales, con un enfoque especial en vendedores locales y compradores en b\u00fasqueda de su primera o segunda vivienda de inversi\u00f3n. En Hogarnuevo, cada cliente es \u00fanico, y nuestro compromiso es brindar un servicio de alta calidad a cada uno. Por eso Hogarnuevo es la mejor agencia inmobiliaria de Villarrobledo<\/p><\/div><\/div><\/div><div class=\"fusion-clearfix\"><\/div><\/div>\n<\/article>\n<article id=\"blog-2-post-46135\" class=\"fusion-post-grid post-46135 post type-post status-publish format-standard has-post-thumbnail hentry category-agencias-inmobiliarias tag-agencia-newsletter-4 tag-newsletter-439 tag-noticia-de-portada\">\n<div class=\"fusion-post-wrapper\" style=\"background-color:rgba(255,255,255,0);border:1px solid #ebeaea;border-bottom-width:3px;\">\n\n\t\t\t<div class=\"fusion-flexslider flexslider fusion-flexslider-loading fusion-post-slideshow\" style=\"border-color:#ebeaea;\">\n\t\t<ul class=\"slides\">\n\t\t\t\n\t\t\t\t\t\t\t\t\t\t\t\t\t\t<li>\n\n<div  class=\"fusion-image-wrapper\" aria-haspopup=\"true\">\n\t\n\t\n\t\n\t\t\n\t\t\t\t\t<img decoding=\"async\" width=\"600\" height=\"300\" src=\"https:\/\/www.aquimicasa.net\/blog\/wp-content\/uploads\/Villarrobledo4-e1701982452534.jpg\" class=\"attachment-full size-full wp-post-image\" alt=\"Un buena demograf\u00eda y la econom\u00eda convierten a Villarrobledo en un buen lugar para vivir\" srcset=\"https:\/\/www.aquimicasa.net\/blog\/wp-content\/uploads\/Villarrobledo4-e1701982452534-200x100.jpg 200w, https:\/\/www.aquimicasa.net\/blog\/wp-content\/uploads\/Villarrobledo4-e1701982452534-400x200.jpg 400w, https:\/\/www.aquimicasa.net\/blog\/wp-content\/uploads\/Villarrobledo4-e1701982452534.jpg 600w\" sizes=\"(min-width: 2200px) 100vw, (min-width: 784px) 340px, (min-width: 712px) 510px, (min-width: 640px) 712px, \" \/>\n\t\n\n\t\t<div class=\"fusion-rollover\">\n\t<div class=\"fusion-rollover-content\">\n\n\t\t\t\t\n\t\t\n\t\t\t\t\t\t\t\t\t\t\t\t<h4 class=\"fusion-rollover-title\">\n\t\t\t\t\t<a class=\"fusion-rollover-title-link\" href=\"https:\/\/www.aquimicasa.net\/blog\/vivienda\/agencias-inmobiliarias\/mejor-oferta-de-pisos-y-casas-en-venta-en-villarrobledo\/\">\n\t\t\t\t\t\tMejor oferta de pisos y casas en venta en Villarrobledo\t\t\t\t\t<\/a>\n\t\t\t\t<\/h4>\n\t\t\t\n\t\t\t\t\t\t\t\t\n\t\t\n\t\t\t\t\t\t<a class=\"fusion-link-wrapper\" href=\"https:\/\/www.aquimicasa.net\/blog\/vivienda\/agencias-inmobiliarias\/mejor-oferta-de-pisos-y-casas-en-venta-en-villarrobledo\/\" aria-label=\"Mejor oferta de pisos y casas en venta en Villarrobledo\"><\/a>\n\t<\/div>\n<\/div>\n\n\t\n<\/div>\n<\/li>\n\t\t\t\n\t\t\t\n\t\t\t\t\t\t\t\t\t\t\t\t\t\t\t\t\t\t\t\t\t\t\t\t\t\t\t\t\t\t\t\t\t\t\t\t\t\t\t\t\t\t\t\t\t\t\t\t\t\t\t\t\t\t\t\t\t\t\t\t\t\t\t\t\t\t\t\t<\/ul>\n\t<\/div>\n\t<div class=\"fusion-post-content-wrapper\" style=\"padding:30px 25px 20px 25px;\"><div class=\"fusion-post-content post-content\"><h2 class=\"blog-shortcode-post-title entry-title\"><a href=\"https:\/\/www.aquimicasa.net\/blog\/vivienda\/agencias-inmobiliarias\/mejor-oferta-de-pisos-y-casas-en-venta-en-villarrobledo\/\">Mejor oferta de pisos y casas en venta en Villarrobledo<\/a><\/h2><p class=\"fusion-single-line-meta\"><span class=\"updated\" style=\"display:none;\">2023-12-07T22:22:44+01:00<\/span>Por <span class=\"vcard\"><span class=\"fn\"><a href=\"https:\/\/www.aquimicasa.net\/blog\/author\/eduardo\/\" title=\"Entradas de Eduardo Lizarraga\" rel=\"author\">Eduardo Lizarraga<\/a><\/span><\/span><span class=\"fusion-inline-sep\">|<\/span><a href=\"https:\/\/www.aquimicasa.net\/blog\/noticias\/vivienda\/agencias-inmobiliarias\/\" rel=\"category tag\">Agencias Inmobiliarias<\/a><span class=\"fusion-inline-sep\">|<\/span><\/p><div class=\"fusion-content-sep sep-double sep-solid\" style=\"border-color:#ebeaea;\"><\/div><div class=\"fusion-post-content-container\"><p>El desarrollo del sector de la construcci\u00f3n es importante, con un tejido productivo que est\u00e1 creciendo. Villarrobledo fue considerado en 2007 el municipio espa\u00f1ol mayor de 25\u00a0000 habitantes donde la vivienda es m\u00e1s accesible con un precio medio de 968,5 euros por metro construido. Y est\u00e1s de suerte porque vamos a explicarte toda la oferta de pisos y casas en venta en Villarrobledo que Hogarnuevo tiene para ti.<\/p><\/div><\/div><\/div><div class=\"fusion-clearfix\"><\/div><\/div>\n<\/article>\n<article id=\"blog-2-post-43824\" class=\"fusion-post-grid post-43824 post type-post status-publish format-standard has-post-thumbnail hentry category-agencias-inmobiliarias category-compraventa-de-viviendas category-ofertas tag-agencia-newsletter-4 tag-newsletter-404 tag-newsletter-413 tag-onuhabitat tag-pisos-en-huelva\">\n<div class=\"fusion-post-wrapper\" style=\"background-color:rgba(255,255,255,0);border:1px solid #ebeaea;border-bottom-width:3px;\">\n\n\t\t\t<div class=\"fusion-flexslider flexslider fusion-flexslider-loading fusion-post-slideshow\" style=\"border-color:#ebeaea;\">\n\t\t<ul class=\"slides\">\n\t\t\t\n\t\t\t\t\t\t\t\t\t\t\t\t\t\t<li>\n\n<div  class=\"fusion-image-wrapper\" aria-haspopup=\"true\">\n\t\n\t\n\t\n\t\t\n\t\t\t\t\t<img decoding=\"async\" width=\"500\" height=\"338\" src=\"https:\/\/www.aquimicasa.net\/blog\/wp-content\/uploads\/Huelva-1-1.jpg\" class=\"attachment-full size-full wp-post-image\" alt=\"Monumento dedicado al descubrimiento de Am\u00e9rica\" srcset=\"https:\/\/www.aquimicasa.net\/blog\/wp-content\/uploads\/Huelva-1-1-200x135.jpg 200w, https:\/\/www.aquimicasa.net\/blog\/wp-content\/uploads\/Huelva-1-1-400x270.jpg 400w, https:\/\/www.aquimicasa.net\/blog\/wp-content\/uploads\/Huelva-1-1.jpg 500w\" sizes=\"(min-width: 2200px) 100vw, (min-width: 784px) 340px, (min-width: 712px) 510px, (min-width: 640px) 712px, \" \/>\n\t\n\n\t\t<div class=\"fusion-rollover\">\n\t<div class=\"fusion-rollover-content\">\n\n\t\t\t\t\n\t\t\n\t\t\t\t\t\t\t\t\t\t\t\t<h4 class=\"fusion-rollover-title\">\n\t\t\t\t\t<a class=\"fusion-rollover-title-link\" href=\"https:\/\/www.aquimicasa.net\/blog\/vivienda\/compraventa-de-viviendas\/pisos-y-casas-en-venta-para-vivir-en-huelva\/\">\n\t\t\t\t\t\tPisos y casas en venta para vivir en Huelva\t\t\t\t\t<\/a>\n\t\t\t\t<\/h4>\n\t\t\t\n\t\t\t\t\t\t\t\t\n\t\t\n\t\t\t\t\t\t<a class=\"fusion-link-wrapper\" href=\"https:\/\/www.aquimicasa.net\/blog\/vivienda\/compraventa-de-viviendas\/pisos-y-casas-en-venta-para-vivir-en-huelva\/\" aria-label=\"Pisos y casas en venta para vivir en Huelva\"><\/a>\n\t<\/div>\n<\/div>\n\n\t\n<\/div>\n<\/li>\n\t\t\t\n\t\t\t\n\t\t\t\t\t\t\t\t\t\t\t\t\t\t\t\t\t\t\t\t\t\t\t\t\t\t\t\t\t\t\t\t\t\t\t\t\t\t\t\t\t\t\t\t\t\t\t\t\t\t\t\t\t\t\t\t\t\t\t\t\t\t\t\t\t\t\t\t<\/ul>\n\t<\/div>\n\t<div class=\"fusion-post-content-wrapper\" style=\"padding:30px 25px 20px 25px;\"><div class=\"fusion-post-content post-content\"><h2 class=\"blog-shortcode-post-title entry-title\"><a href=\"https:\/\/www.aquimicasa.net\/blog\/vivienda\/compraventa-de-viviendas\/pisos-y-casas-en-venta-para-vivir-en-huelva\/\">Pisos y casas en venta para vivir en Huelva<\/a><\/h2><p class=\"fusion-single-line-meta\"><span class=\"updated\" style=\"display:none;\">2023-06-18T10:43:03+02:00<\/span>Por <span class=\"vcard\"><span class=\"fn\"><a href=\"https:\/\/www.aquimicasa.net\/blog\/author\/eduardo\/\" title=\"Entradas de Eduardo Lizarraga\" rel=\"author\">Eduardo Lizarraga<\/a><\/span><\/span><span class=\"fusion-inline-sep\">|<\/span><a href=\"https:\/\/www.aquimicasa.net\/blog\/noticias\/vivienda\/agencias-inmobiliarias\/\" rel=\"category tag\">Agencias Inmobiliarias<\/a>, <a href=\"https:\/\/www.aquimicasa.net\/blog\/noticias\/vivienda\/compraventa-de-viviendas\/\" rel=\"category tag\">Compra Venta<\/a>, <a href=\"https:\/\/www.aquimicasa.net\/blog\/noticias\/vivienda\/ofertas\/\" rel=\"category tag\">Ofertas<\/a><span class=\"fusion-inline-sep\">|<\/span><\/p><div class=\"fusion-content-sep sep-double sep-solid\" style=\"border-color:#ebeaea;\"><\/div><div class=\"fusion-post-content-container\"><p>El turismo se mueve, sobre todo, por el centro hist\u00f3rico y la zona portuaria, por donde todav\u00eda es posible encontrar pisos y casas en venta para vivir en Huelva. Y muchas m\u00e1s posibilidades tendremos si confiamos en un profesional como Onuhabitat, conocedor de la zona y con una interesante cartera inmobiliaria. <\/p><\/div><\/div><\/div><div class=\"fusion-clearfix\"><\/div><\/div>\n<\/article>\n<article id=\"blog-2-post-43118\" class=\"fusion-post-grid post-43118 post type-post status-publish format-standard has-post-thumbnail hentry category-agencias-inmobiliarias tag-agencia-newsletter-4 tag-newsletter-393\">\n<div class=\"fusion-post-wrapper\" style=\"background-color:rgba(255,255,255,0);border:1px solid #ebeaea;border-bottom-width:3px;\">\n\n\t\t\t<div class=\"fusion-flexslider flexslider fusion-flexslider-loading fusion-post-slideshow\" style=\"border-color:#ebeaea;\">\n\t\t<ul class=\"slides\">\n\t\t\t\n\t\t\t\t\t\t\t\t\t\t\t\t\t\t<li>\n\n<div  class=\"fusion-image-wrapper\" aria-haspopup=\"true\">\n\t\n\t\n\t\n\t\t\n\t\t\t\t\t<img decoding=\"async\" width=\"680\" height=\"510\" src=\"https:\/\/www.aquimicasa.net\/blog\/wp-content\/uploads\/AJ-Properties.jpg\" class=\"attachment-full size-full wp-post-image\" alt=\"AJ Properties es la mejor inmobiliaria en Estepona\" srcset=\"https:\/\/www.aquimicasa.net\/blog\/wp-content\/uploads\/AJ-Properties-200x150.jpg 200w, https:\/\/www.aquimicasa.net\/blog\/wp-content\/uploads\/AJ-Properties-400x300.jpg 400w, https:\/\/www.aquimicasa.net\/blog\/wp-content\/uploads\/AJ-Properties-600x450.jpg 600w, https:\/\/www.aquimicasa.net\/blog\/wp-content\/uploads\/AJ-Properties.jpg 680w\" sizes=\"(min-width: 2200px) 100vw, (min-width: 784px) 340px, (min-width: 712px) 510px, (min-width: 640px) 712px, \" \/>\n\t\n\n\t\t<div class=\"fusion-rollover\">\n\t<div class=\"fusion-rollover-content\">\n\n\t\t\t\t\n\t\t\n\t\t\t\t\t\t\t\t\t\t\t\t<h4 class=\"fusion-rollover-title\">\n\t\t\t\t\t<a class=\"fusion-rollover-title-link\" href=\"https:\/\/www.aquimicasa.net\/blog\/vivienda\/agencias-inmobiliarias\/mejor-inmobiliaria-en-estepona\/\">\n\t\t\t\t\t\tAJ Properties es la mejor inmobiliaria en Estepona\t\t\t\t\t<\/a>\n\t\t\t\t<\/h4>\n\t\t\t\n\t\t\t\t\t\t\t\t\n\t\t\n\t\t\t\t\t\t<a class=\"fusion-link-wrapper\" href=\"https:\/\/www.aquimicasa.net\/blog\/vivienda\/agencias-inmobiliarias\/mejor-inmobiliaria-en-estepona\/\" aria-label=\"AJ Properties es la mejor inmobiliaria en Estepona\"><\/a>\n\t<\/div>\n<\/div>\n\n\t\n<\/div>\n<\/li>\n\t\t\t\n\t\t\t\n\t\t\t\t\t\t\t\t\t\t\t\t\t\t\t\t\t\t\t\t\t\t\t\t\t\t\t\t\t\t\t\t\t\t\t\t\t\t\t\t\t\t\t\t\t\t\t\t\t\t\t\t\t\t\t\t\t\t\t\t\t\t\t\t\t\t\t\t<\/ul>\n\t<\/div>\n\t<div class=\"fusion-post-content-wrapper\" style=\"padding:30px 25px 20px 25px;\"><div class=\"fusion-post-content post-content\"><h2 class=\"blog-shortcode-post-title entry-title\"><a href=\"https:\/\/www.aquimicasa.net\/blog\/vivienda\/agencias-inmobiliarias\/mejor-inmobiliaria-en-estepona\/\">AJ Properties es la mejor inmobiliaria en Estepona<\/a><\/h2><p class=\"fusion-single-line-meta\"><span class=\"updated\" style=\"display:none;\">2025-02-26T08:47:05+01:00<\/span>Por <span class=\"vcard\"><span class=\"fn\"><a href=\"https:\/\/www.aquimicasa.net\/blog\/author\/eduardo\/\" title=\"Entradas de Eduardo Lizarraga\" rel=\"author\">Eduardo Lizarraga<\/a><\/span><\/span><span class=\"fusion-inline-sep\">|<\/span><a href=\"https:\/\/www.aquimicasa.net\/blog\/noticias\/vivienda\/agencias-inmobiliarias\/\" rel=\"category tag\">Agencias Inmobiliarias<\/a><span class=\"fusion-inline-sep\">|<\/span><\/p><div class=\"fusion-content-sep sep-double sep-solid\" style=\"border-color:#ebeaea;\"><\/div><div class=\"fusion-post-content-container\"><p>.Adolfo, el CEO de AJ Properties asegura que en el mercado inmobiliario de Estepona lo m\u00e1s demandado es la vivienda de segunda mano para primera residencia y se sit\u00faa muy cerca el residencial dirigido a inversi\u00f3n, es decir, comprar para alquiler, una parte del a\u00f1o en alquiler y otra para disfrutar en \u00e9pocas vacacionales. Y AJ Properties se encarga de todo el procedimiento, tanto de la b\u00fasqueda y venta de la propiedad como luego la gesti\u00f3n del alquiler buscando clientes. <\/p><\/div><\/div><\/div><div class=\"fusion-clearfix\"><\/div><\/div>\n<\/article>\n<article id=\"blog-2-post-36486\" class=\"fusion-post-grid post-36486 post type-post status-publish format-standard has-post-thumbnail hentry category-compraventa-de-viviendas tag-acacia-wellness tag-agencia-newsletter-4\">\n<div class=\"fusion-post-wrapper\" style=\"background-color:rgba(255,255,255,0);border:1px solid #ebeaea;border-bottom-width:3px;\">\n\n\t\t\t<div class=\"fusion-flexslider flexslider fusion-flexslider-loading fusion-post-slideshow\" style=\"border-color:#ebeaea;\">\n\t\t<ul class=\"slides\">\n\t\t\t\n\t\t\t\t\t\t\t\t\t\t\t\t\t\t<li>\n\n<div  class=\"fusion-image-wrapper\" aria-haspopup=\"true\">\n\t\n\t\n\t\n\t\t\n\t\t\t\t\t<img decoding=\"async\" width=\"400\" height=\"266\" src=\"https:\/\/www.aquimicasa.net\/blog\/wp-content\/uploads\/La-Sagra4-e1616322908588.jpg\" class=\"attachment-full size-full wp-post-image\" alt=\"Pisos y casas en La Sagra\" \/>\n\t\n\n\t\t<div class=\"fusion-rollover\">\n\t<div class=\"fusion-rollover-content\">\n\n\t\t\t\t\n\t\t\n\t\t\t\t\t\t\t\t\t\t\t\t<h4 class=\"fusion-rollover-title\">\n\t\t\t\t\t<a class=\"fusion-rollover-title-link\" href=\"https:\/\/www.aquimicasa.net\/blog\/vivienda\/compraventa-de-viviendas\/pisos-y-chalets-en-venta-o-alquiler-para-vivir-en-la-sagra\/\">\n\t\t\t\t\t\tPisos y chalets en venta o alquiler para vivir en La Sagra\t\t\t\t\t<\/a>\n\t\t\t\t<\/h4>\n\t\t\t\n\t\t\t\t\t\t\t\t\n\t\t\n\t\t\t\t\t\t<a class=\"fusion-link-wrapper\" href=\"https:\/\/www.aquimicasa.net\/blog\/vivienda\/compraventa-de-viviendas\/pisos-y-chalets-en-venta-o-alquiler-para-vivir-en-la-sagra\/\" aria-label=\"Pisos y chalets en venta o alquiler para vivir en La Sagra\"><\/a>\n\t<\/div>\n<\/div>\n\n\t\n<\/div>\n<\/li>\n\t\t\t\n\t\t\t\n\t\t\t\t\t\t\t\t\t\t\t\t\t\t\t\t\t\t\t\t\t\t\t\t\t\t\t\t\t\t\t\t\t\t\t\t\t\t\t\t\t\t\t\t\t\t\t\t\t\t\t\t\t\t\t\t\t\t\t\t\t\t\t\t\t\t\t\t<\/ul>\n\t<\/div>\n\t<div class=\"fusion-post-content-wrapper\" style=\"padding:30px 25px 20px 25px;\"><div class=\"fusion-post-content post-content\"><h2 class=\"blog-shortcode-post-title entry-title\"><a href=\"https:\/\/www.aquimicasa.net\/blog\/vivienda\/compraventa-de-viviendas\/pisos-y-chalets-en-venta-o-alquiler-para-vivir-en-la-sagra\/\">Pisos y chalets en venta o alquiler para vivir en La Sagra<\/a><\/h2><p class=\"fusion-single-line-meta\"><span class=\"updated\" style=\"display:none;\">2021-05-03T23:34:10+02:00<\/span>Por <span class=\"vcard\"><span class=\"fn\"><a href=\"https:\/\/www.aquimicasa.net\/blog\/author\/eduardo\/\" title=\"Entradas de Eduardo Lizarraga\" rel=\"author\">Eduardo Lizarraga<\/a><\/span><\/span><span class=\"fusion-inline-sep\">|<\/span><a href=\"https:\/\/www.aquimicasa.net\/blog\/noticias\/vivienda\/compraventa-de-viviendas\/\" rel=\"category tag\">Compra Venta<\/a><span class=\"fusion-inline-sep\">|<\/span><\/p><div class=\"fusion-content-sep sep-double sep-solid\" style=\"border-color:#ebeaea;\"><\/div><div class=\"fusion-post-content-container\"><p>Saliendo por la Puerta Bisagra de la imperial Toledo y tomando el antiguo camino romano que se dirige hacia el norte, llegamos a la Comarca de La Sagra, un territorio cerealista, a caballo entre Madrid y Toledo, enmarcado por los r\u00edos Tajo y Guadarrama.\u00a0<\/p><\/div><\/div><\/div><div class=\"fusion-clearfix\"><\/div><\/div>\n<\/article>\n<article id=\"blog-2-post-25934\" class=\"fusion-post-grid post-25934 post type-post status-publish format-standard has-post-thumbnail hentry category-agencias-inmobiliarias category-noticias-mercado-inmobiliario tag-agencia-newsletter-4 tag-casas-en-venta-para-la-playa-en-puerto-de-mazarron tag-murcia tag-puerto-de-mazarron tag-villa-near-the-sea-at-mazarron-port-spain\">\n<div class=\"fusion-post-wrapper\" style=\"background-color:rgba(255,255,255,0);border:1px solid #ebeaea;border-bottom-width:3px;\">\n\n\t\t\t<div class=\"fusion-flexslider flexslider fusion-flexslider-loading fusion-post-slideshow\" style=\"border-color:#ebeaea;\">\n\t\t<ul class=\"slides\">\n\t\t\t\n\t\t\t\t\t\t\t\t\t\t\t\t\t\t<li>\n\n<div  class=\"fusion-image-wrapper\" aria-haspopup=\"true\">\n\t\n\t\n\t\n\t\t\n\t\t\t\t\t<img decoding=\"async\" width=\"800\" height=\"534\" src=\"https:\/\/www.aquimicasa.net\/blog\/wp-content\/uploads\/Puerto-de-Mazarron-e1563921252278.jpg\" class=\"attachment-full size-full wp-post-image\" alt=\"\" srcset=\"https:\/\/www.aquimicasa.net\/blog\/wp-content\/uploads\/Puerto-de-Mazarron-e1563921252278-200x134.jpg 200w, https:\/\/www.aquimicasa.net\/blog\/wp-content\/uploads\/Puerto-de-Mazarron-e1563921252278-400x267.jpg 400w, https:\/\/www.aquimicasa.net\/blog\/wp-content\/uploads\/Puerto-de-Mazarron-e1563921252278-600x401.jpg 600w, https:\/\/www.aquimicasa.net\/blog\/wp-content\/uploads\/Puerto-de-Mazarron-e1563921252278.jpg 800w\" sizes=\"(min-width: 2200px) 100vw, (min-width: 784px) 340px, (min-width: 712px) 510px, (min-width: 640px) 712px, \" \/>\n\t\n\n\t\t<div class=\"fusion-rollover\">\n\t<div class=\"fusion-rollover-content\">\n\n\t\t\t\t\n\t\t\n\t\t\t\t\t\t\t\t\t\t\t\t<h4 class=\"fusion-rollover-title\">\n\t\t\t\t\t<a class=\"fusion-rollover-title-link\" href=\"https:\/\/www.aquimicasa.net\/blog\/vivienda\/agencias-inmobiliarias\/apartamentos-y-casas-en-venta-para-la-playa-en-puerto-de-mazarron\/\">\n\t\t\t\t\t\tApartamentos y casas en venta para la playa en Puerto de Mazarr\u00f3n\t\t\t\t\t<\/a>\n\t\t\t\t<\/h4>\n\t\t\t\n\t\t\t\t\t\t\t\t\n\t\t\n\t\t\t\t\t\t<a class=\"fusion-link-wrapper\" href=\"https:\/\/www.aquimicasa.net\/blog\/vivienda\/agencias-inmobiliarias\/apartamentos-y-casas-en-venta-para-la-playa-en-puerto-de-mazarron\/\" aria-label=\"Apartamentos y casas en venta para la playa en Puerto de Mazarr\u00f3n\"><\/a>\n\t<\/div>\n<\/div>\n\n\t\n<\/div>\n<\/li>\n\t\t\t\n\t\t\t\n\t\t\t\t\t\t\t\t\t\t\t\t\t\t\t\t\t\t\t\t\t\t\t\t\t\t\t\t\t\t\t\t\t\t\t\t\t\t\t\t\t\t\t\t\t\t\t\t\t\t\t\t\t\t\t\t\t\t\t\t\t\t\t\t\t\t\t\t<\/ul>\n\t<\/div>\n\t<div class=\"fusion-post-content-wrapper\" style=\"padding:30px 25px 20px 25px;\"><div class=\"fusion-post-content post-content\"><h2 class=\"blog-shortcode-post-title entry-title\"><a href=\"https:\/\/www.aquimicasa.net\/blog\/vivienda\/agencias-inmobiliarias\/apartamentos-y-casas-en-venta-para-la-playa-en-puerto-de-mazarron\/\">Apartamentos y casas en venta para la playa en Puerto de Mazarr\u00f3n<\/a><\/h2><p class=\"fusion-single-line-meta\"><span class=\"updated\" style=\"display:none;\">2021-05-03T23:33:26+02:00<\/span>Por <span class=\"vcard\"><span class=\"fn\"><a href=\"https:\/\/www.aquimicasa.net\/blog\/author\/eduardo\/\" title=\"Entradas de Eduardo Lizarraga\" rel=\"author\">Eduardo Lizarraga<\/a><\/span><\/span><span class=\"fusion-inline-sep\">|<\/span><a href=\"https:\/\/www.aquimicasa.net\/blog\/noticias\/vivienda\/agencias-inmobiliarias\/\" rel=\"category tag\">Agencias Inmobiliarias<\/a>, <a href=\"https:\/\/www.aquimicasa.net\/blog\/noticias\/vivienda\/noticias-mercado-inmobiliario\/\" rel=\"category tag\">Noticias Mercado Inmobiliario<\/a><span class=\"fusion-inline-sep\">|<\/span><\/p><div class=\"fusion-content-sep sep-double sep-solid\" style=\"border-color:#ebeaea;\"><\/div><div class=\"fusion-post-content-container\"><p>Casas en venta para la playa en Puerto de Mazarr\u00f3n, Chalet independiente en venta en Bolnuevo Mazarr\u00f3n, Maison individuelle \u00e0 vendre \u00e0 Bolnuevo Mazarr\u00f3n, Casa en venta zona playa Puerto de Mazarr\u00f3n, Maison proche de la mer dans Mazarr\u00f3n Espagne, Chalet independiente en venta El Alamillo Puerto Mazarr\u00f3n, Villa near the sea at Mazarron Port Spain, D\u00faplex en venta en Playa La Isla Mazarr\u00f3n\u00a0, House in beach La Isla Port of Mazarr\u00f3n Spain, Apartamento en venta zona El Alamillo Puerto de Mazarr\u00f3n, Puerto de Mazarr\u00f3n, Bolnuevo<\/p><\/div><\/div><\/div><div class=\"fusion-clearfix\"><\/div><\/div>\n<\/article>\n<article id=\"blog-2-post-36322\" class=\"fusion-post-grid post-36322 post type-post status-publish format-standard has-post-thumbnail hentry category-agencias-inmobiliarias tag-agencia-newsletter-4\">\n<div class=\"fusion-post-wrapper\" style=\"background-color:rgba(255,255,255,0);border:1px solid #ebeaea;border-bottom-width:3px;\">\n\n\t\t\t<div class=\"fusion-flexslider flexslider fusion-flexslider-loading fusion-post-slideshow\" style=\"border-color:#ebeaea;\">\n\t\t<ul class=\"slides\">\n\t\t\t\n\t\t\t\t\t\t\t\t\t\t\t\t\t\t<li>\n\n<div  class=\"fusion-image-wrapper\" aria-haspopup=\"true\">\n\t\n\t\n\t\n\t\t\n\t\t\t\t\t<img decoding=\"async\" width=\"512\" height=\"384\" src=\"https:\/\/www.aquimicasa.net\/blog\/wp-content\/uploads\/Molina-de-Segura1.jpg\" class=\"attachment-full size-full wp-post-image\" alt=\"\" srcset=\"https:\/\/www.aquimicasa.net\/blog\/wp-content\/uploads\/Molina-de-Segura1-200x150.jpg 200w, https:\/\/www.aquimicasa.net\/blog\/wp-content\/uploads\/Molina-de-Segura1-400x300.jpg 400w, https:\/\/www.aquimicasa.net\/blog\/wp-content\/uploads\/Molina-de-Segura1.jpg 512w\" sizes=\"(min-width: 2200px) 100vw, (min-width: 784px) 340px, (min-width: 712px) 510px, (min-width: 640px) 712px, \" \/>\n\t\n\n\t\t<div class=\"fusion-rollover\">\n\t<div class=\"fusion-rollover-content\">\n\n\t\t\t\t\n\t\t\n\t\t\t\t\t\t\t\t\t\t\t\t<h4 class=\"fusion-rollover-title\">\n\t\t\t\t\t<a class=\"fusion-rollover-title-link\" href=\"https:\/\/www.aquimicasa.net\/blog\/vivienda\/agencias-inmobiliarias\/es-la-mejor-agencia-inmobiliaria-en-molina-de-segura\/\">\n\t\t\t\t\t\tes la mejor agencia inmobiliaria en Molina de Segura\t\t\t\t\t<\/a>\n\t\t\t\t<\/h4>\n\t\t\t\n\t\t\t\t\t\t\t\t\n\t\t\n\t\t\t\t\t\t<a class=\"fusion-link-wrapper\" href=\"https:\/\/www.aquimicasa.net\/blog\/vivienda\/agencias-inmobiliarias\/es-la-mejor-agencia-inmobiliaria-en-molina-de-segura\/\" aria-label=\"es la mejor agencia inmobiliaria en Molina de Segura\"><\/a>\n\t<\/div>\n<\/div>\n\n\t\n<\/div>\n<\/li>\n\t\t\t\n\t\t\t\n\t\t\t\t\t\t\t\t\t\t\t\t\t\t\t\t\t\t\t\t\t\t\t\t\t\t\t\t\t\t\t\t\t\t\t\t\t\t\t\t\t\t\t\t\t\t\t\t\t\t\t\t\t\t\t\t\t\t\t\t\t\t\t\t\t\t\t\t<\/ul>\n\t<\/div>\n\t<div class=\"fusion-post-content-wrapper\" style=\"padding:30px 25px 20px 25px;\"><div class=\"fusion-post-content post-content\"><h2 class=\"blog-shortcode-post-title entry-title\"><a href=\"https:\/\/www.aquimicasa.net\/blog\/vivienda\/agencias-inmobiliarias\/es-la-mejor-agencia-inmobiliaria-en-molina-de-segura\/\">es la mejor agencia inmobiliaria en Molina de Segura<\/a><\/h2><p class=\"fusion-single-line-meta\"><span class=\"updated\" style=\"display:none;\">2023-02-16T20:14:56+01:00<\/span>Por <span class=\"vcard\"><span class=\"fn\"><a href=\"https:\/\/www.aquimicasa.net\/blog\/author\/eduardo\/\" title=\"Entradas de Eduardo Lizarraga\" rel=\"author\">Eduardo Lizarraga<\/a><\/span><\/span><span class=\"fusion-inline-sep\">|<\/span><a href=\"https:\/\/www.aquimicasa.net\/blog\/noticias\/vivienda\/agencias-inmobiliarias\/\" rel=\"category tag\">Agencias Inmobiliarias<\/a><span class=\"fusion-inline-sep\">|<\/span><\/p><div class=\"fusion-content-sep sep-double sep-solid\" style=\"border-color:#ebeaea;\"><\/div><div class=\"fusion-post-content-container\"><p>Disponer del mejor profesional es necesario para encontrar las mejores oportunidades en Molina de Segura  Localizada en la Vega Media del r\u00edo Segura, a menos de 10 kil\u00f3metros de Murcia capital,\u00a0Molina de Segura\u00a0es la cuarta ciudad en poblaci\u00f3n de la regi\u00f3n murciana y \u00e0rte del \u00e1rea metropolitana de la capital. Su t\u00e9rmino municipal lo forman quince pedan\u00edas y es en la actualidad una de las zonas hortofrut\u00edcolas productivas m\u00e1s activas de la Regi\u00f3n de Murcia.     [...]<\/p><\/div><\/div><\/div><div class=\"fusion-clearfix\"><\/div><\/div>\n<\/article>\n<article id=\"blog-2-post-36092\" class=\"fusion-post-grid post-36092 post type-post status-publish format-standard has-post-thumbnail hentry category-agencias-inmobiliarias category-compraventa-de-viviendas tag-agencia-newsletter-4\">\n<div class=\"fusion-post-wrapper\" style=\"background-color:rgba(255,255,255,0);border:1px solid #ebeaea;border-bottom-width:3px;\">\n\n\t\t\t<div class=\"fusion-flexslider flexslider fusion-flexslider-loading fusion-post-slideshow\" style=\"border-color:#ebeaea;\">\n\t\t<ul class=\"slides\">\n\t\t\t\n\t\t\t\t\t\t\t\t\t\t\t\t\t\t<li>\n\n<div  class=\"fusion-image-wrapper\" aria-haspopup=\"true\">\n\t\n\t\n\t\n\t\t\n\t\t\t\t\t<img decoding=\"async\" width=\"500\" height=\"309\" src=\"https:\/\/www.aquimicasa.net\/blog\/wp-content\/uploads\/caceres13-e1615100770838.jpg\" class=\"attachment-full size-full wp-post-image\" alt=\"\" \/>\n\t\n\n\t\t<div class=\"fusion-rollover\">\n\t<div class=\"fusion-rollover-content\">\n\n\t\t\t\t\n\t\t\n\t\t\t\t\t\t\t\t\t\t\t\t<h4 class=\"fusion-rollover-title\">\n\t\t\t\t\t<a class=\"fusion-rollover-title-link\" href=\"https:\/\/www.aquimicasa.net\/blog\/vivienda\/compraventa-de-viviendas\/pisos-y-casas-en-venta-para-vivir-en-caceres\/\">\n\t\t\t\t\t\tPisos y casas en venta para vivir en C\u00e1ceres\t\t\t\t\t<\/a>\n\t\t\t\t<\/h4>\n\t\t\t\n\t\t\t\t\t\t\t\t\n\t\t\n\t\t\t\t\t\t<a class=\"fusion-link-wrapper\" href=\"https:\/\/www.aquimicasa.net\/blog\/vivienda\/compraventa-de-viviendas\/pisos-y-casas-en-venta-para-vivir-en-caceres\/\" aria-label=\"Pisos y casas en venta para vivir en C\u00e1ceres\"><\/a>\n\t<\/div>\n<\/div>\n\n\t\n<\/div>\n<\/li>\n\t\t\t\n\t\t\t\n\t\t\t\t\t\t\t\t\t\t\t\t\t\t\t\t\t\t\t\t\t\t\t\t\t\t\t\t\t\t\t\t\t\t\t\t\t\t\t\t\t\t\t\t\t\t\t\t\t\t\t\t\t\t\t\t\t\t\t\t\t\t\t\t\t\t\t\t<\/ul>\n\t<\/div>\n\t<div class=\"fusion-post-content-wrapper\" style=\"padding:30px 25px 20px 25px;\"><div class=\"fusion-post-content post-content\"><h2 class=\"blog-shortcode-post-title entry-title\"><a href=\"https:\/\/www.aquimicasa.net\/blog\/vivienda\/compraventa-de-viviendas\/pisos-y-casas-en-venta-para-vivir-en-caceres\/\">Pisos y casas en venta para vivir en C\u00e1ceres<\/a><\/h2><p class=\"fusion-single-line-meta\"><span class=\"updated\" style=\"display:none;\">2021-05-03T23:31:37+02:00<\/span>Por <span class=\"vcard\"><span class=\"fn\"><a href=\"https:\/\/www.aquimicasa.net\/blog\/author\/eduardo\/\" title=\"Entradas de Eduardo Lizarraga\" rel=\"author\">Eduardo Lizarraga<\/a><\/span><\/span><span class=\"fusion-inline-sep\">|<\/span><a href=\"https:\/\/www.aquimicasa.net\/blog\/noticias\/vivienda\/agencias-inmobiliarias\/\" rel=\"category tag\">Agencias Inmobiliarias<\/a>, <a href=\"https:\/\/www.aquimicasa.net\/blog\/noticias\/vivienda\/compraventa-de-viviendas\/\" rel=\"category tag\">Compra Venta<\/a><span class=\"fusion-inline-sep\">|<\/span><\/p><div class=\"fusion-content-sep sep-double sep-solid\" style=\"border-color:#ebeaea;\"><\/div><div class=\"fusion-post-content-container\"><p>Entre las calles m\u00e1s conocidas de la ciudad destacan las de Pintores, Moret y Roso de Luna, que est\u00e1n muy centradas en el comercio. Tambi\u00e9n es conocida la plaza de Antonio Canales, y el Paseo de C\u00e1novas. Todas estas calles son muy demandadas para encontrar Pisos y casas en venta para vivir en C\u00e1ceres.<\/p><\/div><\/div><\/div><div class=\"fusion-clearfix\"><\/div><\/div>\n<\/article>\n<article id=\"blog-2-post-35997\" class=\"fusion-post-grid post-35997 post type-post status-publish format-standard has-post-thumbnail hentry category-agencias-inmobiliarias category-compraventa-de-viviendas tag-agencia-newsletter-4 tag-colindres\">\n<div class=\"fusion-post-wrapper\" style=\"background-color:rgba(255,255,255,0);border:1px solid #ebeaea;border-bottom-width:3px;\">\n\n\t\t\t<div class=\"fusion-flexslider flexslider fusion-flexslider-loading fusion-post-slideshow\" style=\"border-color:#ebeaea;\">\n\t\t<ul class=\"slides\">\n\t\t\t\n\t\t\t\t\t\t\t\t\t\t\t\t\t\t<li>\n\n<div  class=\"fusion-image-wrapper\" aria-haspopup=\"true\">\n\t\n\t\n\t\n\t\t\n\t\t\t\t\t<img decoding=\"async\" width=\"400\" height=\"236\" src=\"https:\/\/www.aquimicasa.net\/blog\/wp-content\/uploads\/municipio-de-colindres2-e1614499100807.jpg\" class=\"attachment-full size-full wp-post-image\" alt=\"Vivienda en Colindres\" \/>\n\t\n\n\t\t<div class=\"fusion-rollover\">\n\t<div class=\"fusion-rollover-content\">\n\n\t\t\t\t\n\t\t\n\t\t\t\t\t\t\t\t\t\t\t\t<h4 class=\"fusion-rollover-title\">\n\t\t\t\t\t<a class=\"fusion-rollover-title-link\" href=\"https:\/\/www.aquimicasa.net\/blog\/vivienda\/compraventa-de-viviendas\/pisos-y-casas-en-venta-o-alquiler-en-colindres\/\">\n\t\t\t\t\t\tPisos y casas en venta o alquiler en Colindres\t\t\t\t\t<\/a>\n\t\t\t\t<\/h4>\n\t\t\t\n\t\t\t\t\t\t\t\t\n\t\t\n\t\t\t\t\t\t<a class=\"fusion-link-wrapper\" href=\"https:\/\/www.aquimicasa.net\/blog\/vivienda\/compraventa-de-viviendas\/pisos-y-casas-en-venta-o-alquiler-en-colindres\/\" aria-label=\"Pisos y casas en venta o alquiler en Colindres\"><\/a>\n\t<\/div>\n<\/div>\n\n\t\n<\/div>\n<\/li>\n\t\t\t\n\t\t\t\n\t\t\t\t\t\t\t\t\t\t\t\t\t\t\t\t\t\t\t\t\t\t\t\t\t\t\t\t\t\t\t\t\t\t\t\t\t\t\t\t\t\t\t\t\t\t\t\t\t\t\t\t\t\t\t\t\t\t\t\t\t\t\t\t\t\t\t\t<\/ul>\n\t<\/div>\n\t<div class=\"fusion-post-content-wrapper\" style=\"padding:30px 25px 20px 25px;\"><div class=\"fusion-post-content post-content\"><h2 class=\"blog-shortcode-post-title entry-title\"><a href=\"https:\/\/www.aquimicasa.net\/blog\/vivienda\/compraventa-de-viviendas\/pisos-y-casas-en-venta-o-alquiler-en-colindres\/\">Pisos y casas en venta o alquiler en Colindres<\/a><\/h2><p class=\"fusion-single-line-meta\"><span class=\"updated\" style=\"display:none;\">2021-05-03T23:30:51+02:00<\/span>Por <span class=\"vcard\"><span class=\"fn\"><a href=\"https:\/\/www.aquimicasa.net\/blog\/author\/eduardo\/\" title=\"Entradas de Eduardo Lizarraga\" rel=\"author\">Eduardo Lizarraga<\/a><\/span><\/span><span class=\"fusion-inline-sep\">|<\/span><a href=\"https:\/\/www.aquimicasa.net\/blog\/noticias\/vivienda\/agencias-inmobiliarias\/\" rel=\"category tag\">Agencias Inmobiliarias<\/a>, <a href=\"https:\/\/www.aquimicasa.net\/blog\/noticias\/vivienda\/compraventa-de-viviendas\/\" rel=\"category tag\">Compra Venta<\/a><span class=\"fusion-inline-sep\">|<\/span><\/p><div class=\"fusion-content-sep sep-double sep-solid\" style=\"border-color:#ebeaea;\"><\/div><div class=\"fusion-post-content-container\"><p> Aqu\u00ed encontrar\u00e1s la mejor oferta de vivienda en venta o alquiler en Colindres  Ubicado en la costa oriental de Cantabria, entre la desembocadura del r\u00edo As\u00f3n y la costa, Colindres\u00a0 est\u00e1 habitado ya desde el Neol\u00edtico. Su nombre, de oscuro significado, aparece por primera vez en cartograf\u00eda alto medieval correspondiendo a los impulsos poblacionales de la monarqu\u00eda astur leonesa en los alrededores del a\u00f1o 900. Poco m\u00e1s de un siglo despu\u00e9s el nombre de Colindres aparece ligado a [...]<\/p><\/div><\/div><\/div><div class=\"fusion-clearfix\"><\/div><\/div>\n<\/article>\n<article id=\"blog-2-post-35136\" class=\"fusion-post-grid post-35136 post type-post status-publish format-standard has-post-thumbnail hentry category-agencias-inmobiliarias category-ofertas tag-agencia-newsletter-4 tag-newsletter-398\">\n<div class=\"fusion-post-wrapper\" style=\"background-color:rgba(255,255,255,0);border:1px solid #ebeaea;border-bottom-width:3px;\">\n\n\t\t\t<div class=\"fusion-flexslider flexslider fusion-flexslider-loading fusion-post-slideshow\" style=\"border-color:#ebeaea;\">\n\t\t<ul class=\"slides\">\n\t\t\t\n\t\t\t\t\t\t\t\t\t\t\t\t\t\t<li>\n\n<div  class=\"fusion-image-wrapper\" aria-haspopup=\"true\">\n\t\n\t\n\t\n\t\t\n\t\t\t\t\t<img decoding=\"async\" width=\"500\" height=\"281\" src=\"https:\/\/www.aquimicasa.net\/blog\/wp-content\/uploads\/granada-3.jpg\" class=\"attachment-full size-full wp-post-image\" alt=\"\" srcset=\"https:\/\/www.aquimicasa.net\/blog\/wp-content\/uploads\/granada-3-200x112.jpg 200w, https:\/\/www.aquimicasa.net\/blog\/wp-content\/uploads\/granada-3-400x225.jpg 400w, https:\/\/www.aquimicasa.net\/blog\/wp-content\/uploads\/granada-3.jpg 500w\" sizes=\"(min-width: 2200px) 100vw, (min-width: 784px) 340px, (min-width: 712px) 510px, (min-width: 640px) 712px, \" \/>\n\t\n\n\t\t<div class=\"fusion-rollover\">\n\t<div class=\"fusion-rollover-content\">\n\n\t\t\t\t\n\t\t\n\t\t\t\t\t\t\t\t\t\t\t\t<h4 class=\"fusion-rollover-title\">\n\t\t\t\t\t<a class=\"fusion-rollover-title-link\" href=\"https:\/\/www.aquimicasa.net\/blog\/vivienda\/agencias-inmobiliarias\/pisos-y-casas-en-venta-para-vivir-en-granada\/\">\n\t\t\t\t\t\tPisos y casas en venta para vivir en Granada\t\t\t\t\t<\/a>\n\t\t\t\t<\/h4>\n\t\t\t\n\t\t\t\t\t\t\t\t\n\t\t\n\t\t\t\t\t\t<a class=\"fusion-link-wrapper\" href=\"https:\/\/www.aquimicasa.net\/blog\/vivienda\/agencias-inmobiliarias\/pisos-y-casas-en-venta-para-vivir-en-granada\/\" aria-label=\"Pisos y casas en venta para vivir en Granada\"><\/a>\n\t<\/div>\n<\/div>\n\n\t\n<\/div>\n<\/li>\n\t\t\t\n\t\t\t\n\t\t\t\t\t\t\t\t\t\t\t\t\t\t\t\t\t\t\t\t\t\t\t\t\t\t\t\t\t\t\t\t\t\t\t\t\t\t\t\t\t\t\t\t\t\t\t\t\t\t\t\t\t\t\t\t\t\t\t\t\t\t\t\t\t\t\t\t<\/ul>\n\t<\/div>\n\t<div class=\"fusion-post-content-wrapper\" style=\"padding:30px 25px 20px 25px;\"><div class=\"fusion-post-content post-content\"><h2 class=\"blog-shortcode-post-title entry-title\"><a href=\"https:\/\/www.aquimicasa.net\/blog\/vivienda\/agencias-inmobiliarias\/pisos-y-casas-en-venta-para-vivir-en-granada\/\">Pisos y casas en venta para vivir en Granada<\/a><\/h2><p class=\"fusion-single-line-meta\"><span class=\"updated\" style=\"display:none;\">2023-12-15T17:56:27+01:00<\/span>Por <span class=\"vcard\"><span class=\"fn\"><a href=\"https:\/\/www.aquimicasa.net\/blog\/author\/eduardo\/\" title=\"Entradas de Eduardo Lizarraga\" rel=\"author\">Eduardo Lizarraga<\/a><\/span><\/span><span class=\"fusion-inline-sep\">|<\/span><a href=\"https:\/\/www.aquimicasa.net\/blog\/noticias\/vivienda\/agencias-inmobiliarias\/\" rel=\"category tag\">Agencias Inmobiliarias<\/a>, <a href=\"https:\/\/www.aquimicasa.net\/blog\/noticias\/vivienda\/ofertas\/\" rel=\"category tag\">Ofertas<\/a><span class=\"fusion-inline-sep\">|<\/span><\/p><div class=\"fusion-content-sep sep-double sep-solid\" style=\"border-color:#ebeaea;\"><\/div><div class=\"fusion-post-content-container\"><p>Se est\u00e1 produciendo un fuerte despegue econ\u00f3mico y demogr\u00e1fico de los pueblos \u00a0del cintur\u00f3n metropolitano. El tir\u00f3n inmobiliario de los pisos y casas en venta para vivir en Granada tambi\u00e9n es importante y muestra la pujanza de la zona.<\/p><\/div><\/div><\/div><div class=\"fusion-clearfix\"><\/div><\/div>\n<\/article>\n<article id=\"blog-2-post-34420\" class=\"fusion-post-grid post-34420 post type-post status-publish format-standard has-post-thumbnail hentry category-compraventa-de-viviendas category-noticias-mercado-inmobiliario tag-agencia-newsletter-4 tag-newsletter-275\">\n<div class=\"fusion-post-wrapper\" style=\"background-color:rgba(255,255,255,0);border:1px solid #ebeaea;border-bottom-width:3px;\">\n\n\t\t\t<div class=\"fusion-flexslider flexslider fusion-flexslider-loading fusion-post-slideshow\" style=\"border-color:#ebeaea;\">\n\t\t<ul class=\"slides\">\n\t\t\t\n\t\t\t\t\t\t\t\t\t\t\t\t\t\t<li>\n\n<div  class=\"fusion-image-wrapper\" aria-haspopup=\"true\">\n\t\n\t\n\t\n\t\t\n\t\t\t\t\t<img decoding=\"async\" width=\"400\" height=\"224\" src=\"https:\/\/www.aquimicasa.net\/blog\/wp-content\/uploads\/hosteleria6-e1602627326853.jpg\" class=\"attachment-full size-full wp-post-image\" alt=\"Geyhache locales de hosteler\u00eda en Madrid\" \/>\n\t\n\n\t\t<div class=\"fusion-rollover\">\n\t<div class=\"fusion-rollover-content\">\n\n\t\t\t\t\n\t\t\n\t\t\t\t\t\t\t\t\t\t\t\t<h4 class=\"fusion-rollover-title\">\n\t\t\t\t\t<a class=\"fusion-rollover-title-link\" href=\"https:\/\/www.aquimicasa.net\/blog\/vivienda\/compraventa-de-viviendas\/oportunidades-de-locales-de-hosteleria-en-venta-o-alquiler-en-madrid\/\">\n\t\t\t\t\t\tOportunidades de locales de hosteler\u00eda en venta o alquiler en Madrid\t\t\t\t\t<\/a>\n\t\t\t\t<\/h4>\n\t\t\t\n\t\t\t\t\t\t\t\t\n\t\t\n\t\t\t\t\t\t<a class=\"fusion-link-wrapper\" href=\"https:\/\/www.aquimicasa.net\/blog\/vivienda\/compraventa-de-viviendas\/oportunidades-de-locales-de-hosteleria-en-venta-o-alquiler-en-madrid\/\" aria-label=\"Oportunidades de locales de hosteler\u00eda en venta o alquiler en Madrid\"><\/a>\n\t<\/div>\n<\/div>\n\n\t\n<\/div>\n<\/li>\n\t\t\t\n\t\t\t\n\t\t\t\t\t\t\t\t\t\t\t\t\t\t\t\t\t\t\t\t\t\t\t\t\t\t\t\t\t\t\t\t\t\t\t\t\t\t\t\t\t\t\t\t\t\t\t\t\t\t\t\t\t\t\t\t\t\t\t\t\t\t\t\t\t\t\t\t<\/ul>\n\t<\/div>\n\t<div class=\"fusion-post-content-wrapper\" style=\"padding:30px 25px 20px 25px;\"><div class=\"fusion-post-content post-content\"><h2 class=\"blog-shortcode-post-title entry-title\"><a href=\"https:\/\/www.aquimicasa.net\/blog\/vivienda\/compraventa-de-viviendas\/oportunidades-de-locales-de-hosteleria-en-venta-o-alquiler-en-madrid\/\">Oportunidades de locales de hosteler\u00eda en venta o alquiler en Madrid<\/a><\/h2><p class=\"fusion-single-line-meta\"><span class=\"updated\" style=\"display:none;\">2024-11-16T23:40:21+01:00<\/span>Por <span class=\"vcard\"><span class=\"fn\"><a href=\"https:\/\/www.aquimicasa.net\/blog\/author\/eduardo\/\" title=\"Entradas de Eduardo Lizarraga\" rel=\"author\">Eduardo Lizarraga<\/a><\/span><\/span><span class=\"fusion-inline-sep\">|<\/span><a href=\"https:\/\/www.aquimicasa.net\/blog\/noticias\/vivienda\/compraventa-de-viviendas\/\" rel=\"category tag\">Compra Venta<\/a>, <a href=\"https:\/\/www.aquimicasa.net\/blog\/noticias\/vivienda\/noticias-mercado-inmobiliario\/\" rel=\"category tag\">Noticias Mercado Inmobiliario<\/a><span class=\"fusion-inline-sep\">|<\/span><\/p><div class=\"fusion-content-sep sep-double sep-solid\" style=\"border-color:#ebeaea;\"><\/div><div class=\"fusion-post-content-container\"><p>En esta p\u00e1gina podr\u00e1 encontrar las mejores oportunidades de locales de hosteler\u00eda en venta o alquiler en Madrid. Con o sin traspaso, montados, equipados y con posibilidades de negociar el precio del alquiler durante una temporada. \u00a1Aqu\u00ed est\u00e1 su oportunidad!<\/p><\/div><\/div><\/div><div class=\"fusion-clearfix\"><\/div><\/div>\n<\/article>\n<article id=\"blog-2-post-23150\" class=\"fusion-post-grid post-23150 post type-post status-publish format-standard has-post-thumbnail hentry category-agencias-inmobiliarias category-compraventa-de-viviendas category-ofertas tag-agencia-newsletter-4 tag-piso-en-venta-en-zona-azucarera-de-tudela tag-piso-en-venta-en-zona-centro-de-tudela tag-tudela\">\n<div class=\"fusion-post-wrapper\" style=\"background-color:rgba(255,255,255,0);border:1px solid #ebeaea;border-bottom-width:3px;\">\n\n\t\t\t<div class=\"fusion-flexslider flexslider fusion-flexslider-loading fusion-post-slideshow\" style=\"border-color:#ebeaea;\">\n\t\t<ul class=\"slides\">\n\t\t\t\n\t\t\t\t\t\t\t\t\t\t\t\t\t\t<li>\n\n<div  class=\"fusion-image-wrapper\" aria-haspopup=\"true\">\n\t\n\t\n\t\n\t\t\n\t\t\t\t\t<img decoding=\"async\" width=\"400\" height=\"225\" src=\"https:\/\/www.aquimicasa.net\/blog\/wp-content\/uploads\/Tudela-e1545509117735.jpg\" class=\"attachment-full size-full wp-post-image\" alt=\"\" \/>\n\t\n\n\t\t<div class=\"fusion-rollover\">\n\t<div class=\"fusion-rollover-content\">\n\n\t\t\t\t\n\t\t\n\t\t\t\t\t\t\t\t\t\t\t\t<h4 class=\"fusion-rollover-title\">\n\t\t\t\t\t<a class=\"fusion-rollover-title-link\" href=\"https:\/\/www.aquimicasa.net\/blog\/vivienda\/agencias-inmobiliarias\/pisos-y-casas-en-venta-para-vivir-en-tudela\/\">\n\t\t\t\t\t\tPisos y casas en venta para vivir en Tudela\t\t\t\t\t<\/a>\n\t\t\t\t<\/h4>\n\t\t\t\n\t\t\t\t\t\t\t\t\n\t\t\n\t\t\t\t\t\t<a class=\"fusion-link-wrapper\" href=\"https:\/\/www.aquimicasa.net\/blog\/vivienda\/agencias-inmobiliarias\/pisos-y-casas-en-venta-para-vivir-en-tudela\/\" aria-label=\"Pisos y casas en venta para vivir en Tudela\"><\/a>\n\t<\/div>\n<\/div>\n\n\t\n<\/div>\n<\/li>\n\t\t\t\n\t\t\t\n\t\t\t\t\t\t\t\t\t\t\t\t\t\t\t\t\t\t\t\t\t\t\t\t\t\t\t\t\t\t\t\t\t\t\t\t\t\t\t\t\t\t\t\t\t\t\t\t\t\t\t\t\t\t\t\t\t\t\t\t\t\t\t\t\t\t\t\t<\/ul>\n\t<\/div>\n\t<div class=\"fusion-post-content-wrapper\" style=\"padding:30px 25px 20px 25px;\"><div class=\"fusion-post-content post-content\"><h2 class=\"blog-shortcode-post-title entry-title\"><a href=\"https:\/\/www.aquimicasa.net\/blog\/vivienda\/agencias-inmobiliarias\/pisos-y-casas-en-venta-para-vivir-en-tudela\/\">Pisos y casas en venta para vivir en Tudela<\/a><\/h2><p class=\"fusion-single-line-meta\"><span class=\"updated\" style=\"display:none;\">2021-05-16T19:57:26+02:00<\/span>Por <span class=\"vcard\"><span class=\"fn\"><a href=\"https:\/\/www.aquimicasa.net\/blog\/author\/eduardo\/\" title=\"Entradas de Eduardo Lizarraga\" rel=\"author\">Eduardo Lizarraga<\/a><\/span><\/span><span class=\"fusion-inline-sep\">|<\/span><a href=\"https:\/\/www.aquimicasa.net\/blog\/noticias\/vivienda\/agencias-inmobiliarias\/\" rel=\"category tag\">Agencias Inmobiliarias<\/a>, <a href=\"https:\/\/www.aquimicasa.net\/blog\/noticias\/vivienda\/compraventa-de-viviendas\/\" rel=\"category tag\">Compra Venta<\/a>, <a href=\"https:\/\/www.aquimicasa.net\/blog\/noticias\/vivienda\/ofertas\/\" rel=\"category tag\">Ofertas<\/a><span class=\"fusion-inline-sep\">|<\/span><\/p><div class=\"fusion-content-sep sep-double sep-solid\" style=\"border-color:#ebeaea;\"><\/div><div class=\"fusion-post-content-container\"><p>La formidable expansi\u00f3n urban\u00edstica trae la construcci\u00f3n de nuevos barrios, como el de Lourdes y la urbanizaci\u00f3n de Griseras y Santa Ana. En todas estas zonas de crecimiento existe oferta de pisos y casas en venta para vivir en Tudela.\u00a0<\/p><\/div><\/div><\/div><div class=\"fusion-clearfix\"><\/div><\/div>\n<\/article>\n<article id=\"blog-2-post-20019\" class=\"fusion-post-grid post-20019 post type-post status-publish format-standard has-post-thumbnail hentry category-agencias-inmobiliarias tag-agencia-newsletter-4 tag-atico-en-venta-en-el-centro-de-calpe tag-inmobiliaria-blanca-villa tag-piso-en-venta-en-la-playa-de-calpe tag-villa-de-obra-nueva-en-venta-en-calpe\">\n<div class=\"fusion-post-wrapper\" style=\"background-color:rgba(255,255,255,0);border:1px solid #ebeaea;border-bottom-width:3px;\">\n\n\t\t\t<div class=\"fusion-flexslider flexslider fusion-flexslider-loading fusion-post-slideshow\" style=\"border-color:#ebeaea;\">\n\t\t<ul class=\"slides\">\n\t\t\t\n\t\t\t\t\t\t\t\t\t\t\t\t\t\t<li>\n\n<div  class=\"fusion-image-wrapper\" aria-haspopup=\"true\">\n\t\n\t\n\t\n\t\t\n\t\t\t\t\t<img decoding=\"async\" width=\"400\" height=\"271\" src=\"https:\/\/www.aquimicasa.net\/blog\/wp-content\/uploads\/Calpev2-e1525813205470.jpg\" class=\"attachment-full size-full wp-post-image\" alt=\"La mejor agencia inmobiliaria en Calpe\" \/>\n\t\n\n\t\t<div class=\"fusion-rollover\">\n\t<div class=\"fusion-rollover-content\">\n\n\t\t\t\t\n\t\t\n\t\t\t\t\t\t\t\t\t\t\t\t<h4 class=\"fusion-rollover-title\">\n\t\t\t\t\t<a class=\"fusion-rollover-title-link\" href=\"https:\/\/www.aquimicasa.net\/blog\/vivienda\/agencias-inmobiliarias\/casas-para-vivir-en-la-playa-de-calpe\/\">\n\t\t\t\t\t\tCasas para vivir en la playa de Calpe\t\t\t\t\t<\/a>\n\t\t\t\t<\/h4>\n\t\t\t\n\t\t\t\t\t\t\t\t\n\t\t\n\t\t\t\t\t\t<a class=\"fusion-link-wrapper\" href=\"https:\/\/www.aquimicasa.net\/blog\/vivienda\/agencias-inmobiliarias\/casas-para-vivir-en-la-playa-de-calpe\/\" aria-label=\"Casas para vivir en la playa de Calpe\"><\/a>\n\t<\/div>\n<\/div>\n\n\t\n<\/div>\n<\/li>\n\t\t\t\n\t\t\t\n\t\t\t\t\t\t\t\t\t\t\t\t\t\t\t\t\t\t\t\t\t\t\t\t\t\t\t\t\t\t\t\t\t\t\t\t\t\t\t\t\t\t\t\t\t\t\t\t\t\t\t\t\t\t\t\t\t\t\t\t\t\t\t\t\t\t\t\t<\/ul>\n\t<\/div>\n\t<div class=\"fusion-post-content-wrapper\" style=\"padding:30px 25px 20px 25px;\"><div class=\"fusion-post-content post-content\"><h2 class=\"blog-shortcode-post-title entry-title\"><a href=\"https:\/\/www.aquimicasa.net\/blog\/vivienda\/agencias-inmobiliarias\/casas-para-vivir-en-la-playa-de-calpe\/\">Casas para vivir en la playa de Calpe<\/a><\/h2><p class=\"fusion-single-line-meta\"><span class=\"updated\" style=\"display:none;\">2023-04-26T22:43:43+02:00<\/span>Por <span class=\"vcard\"><span class=\"fn\"><a href=\"https:\/\/www.aquimicasa.net\/blog\/author\/eduardo\/\" title=\"Entradas de Eduardo Lizarraga\" rel=\"author\">Eduardo Lizarraga<\/a><\/span><\/span><span class=\"fusion-inline-sep\">|<\/span><a href=\"https:\/\/www.aquimicasa.net\/blog\/noticias\/vivienda\/agencias-inmobiliarias\/\" rel=\"category tag\">Agencias Inmobiliarias<\/a><span class=\"fusion-inline-sep\">|<\/span><\/p><div class=\"fusion-content-sep sep-double sep-solid\" style=\"border-color:#ebeaea;\"><\/div><div class=\"fusion-post-content-container\"><p>La poblaci\u00f3n se ha extendido mucho, siguiendo la l\u00ednea costera y hacia el interior. As\u00ed, en la zona de la Playa del Arenal hay una buena oferta de diversos tipos de casas para vivir en Calpe, apartamentos en la ciudad y en \u00a0las urbanizaciones de los alrededores. Por su parte, en el centro del pueblo y en su casco hist\u00f3rico, los pisos componen la oferta m\u00e1s generalizada. Y todo ello con los servicios m\u00e1s avanzados y completos.<\/p><\/div><\/div><\/div><div class=\"fusion-clearfix\"><\/div><\/div>\n<\/article>\n<article id=\"blog-2-post-19453\" class=\"fusion-post-grid post-19453 post type-post status-publish format-standard has-post-thumbnail hentry category-agencias-inmobiliarias category-compraventa-de-viviendas category-noticias-mercado-inmobiliario tag-adosado-en-venta-en-zona-kelme-de-elche tag-agencia-newsletter-4 tag-atico-en-venta-con-garaje-en-altabix tag-atico-en-venta-en-zona-nueva-de-elche tag-piso-en-venta-con-ascensor-en-altabix tag-pisos-para-vivir-en-el-distrito-de-altabix\">\n<div class=\"fusion-post-wrapper\" style=\"background-color:rgba(255,255,255,0);border:1px solid #ebeaea;border-bottom-width:3px;\">\n\n\t\t\t<div class=\"fusion-flexslider flexslider fusion-flexslider-loading fusion-post-slideshow\" style=\"border-color:#ebeaea;\">\n\t\t<ul class=\"slides\">\n\t\t\t\n\t\t\t\t\t\t\t\t\t\t\t\t\t\t<li>\n\n<div  class=\"fusion-image-wrapper\" aria-haspopup=\"true\">\n\t\n\t\n\t\n\t\t\n\t\t\t\t\t<img decoding=\"async\" width=\"400\" height=\"225\" src=\"https:\/\/www.aquimicasa.net\/blog\/wp-content\/uploads\/Elche1-e1522014329983.jpg\" class=\"attachment-full size-full wp-post-image\" alt=\"\" \/>\n\t\n\n\t\t<div class=\"fusion-rollover\">\n\t<div class=\"fusion-rollover-content\">\n\n\t\t\t\t\n\t\t\n\t\t\t\t\t\t\t\t\t\t\t\t<h4 class=\"fusion-rollover-title\">\n\t\t\t\t\t<a class=\"fusion-rollover-title-link\" href=\"https:\/\/www.aquimicasa.net\/blog\/vivienda\/compraventa-de-viviendas\/pisos-en-venta-para-vivir-en-altabix-de-elche\/\">\n\t\t\t\t\t\tPisos en venta para vivir en Altabix de Elche\t\t\t\t\t<\/a>\n\t\t\t\t<\/h4>\n\t\t\t\n\t\t\t\t\t\t\t\t\n\t\t\n\t\t\t\t\t\t<a class=\"fusion-link-wrapper\" href=\"https:\/\/www.aquimicasa.net\/blog\/vivienda\/compraventa-de-viviendas\/pisos-en-venta-para-vivir-en-altabix-de-elche\/\" aria-label=\"Pisos en venta para vivir en Altabix de Elche\"><\/a>\n\t<\/div>\n<\/div>\n\n\t\n<\/div>\n<\/li>\n\t\t\t\n\t\t\t\n\t\t\t\t\t\t\t\t\t\t\t\t\t\t\t\t\t\t\t\t\t\t\t\t\t\t\t\t\t\t\t\t\t\t\t\t\t\t\t\t\t\t\t\t\t\t\t\t\t\t\t\t\t\t\t\t\t\t\t\t\t\t\t\t\t\t\t\t<\/ul>\n\t<\/div>\n\t<div class=\"fusion-post-content-wrapper\" style=\"padding:30px 25px 20px 25px;\"><div class=\"fusion-post-content post-content\"><h2 class=\"blog-shortcode-post-title entry-title\"><a href=\"https:\/\/www.aquimicasa.net\/blog\/vivienda\/compraventa-de-viviendas\/pisos-en-venta-para-vivir-en-altabix-de-elche\/\">Pisos en venta para vivir en Altabix de Elche<\/a><\/h2><p class=\"fusion-single-line-meta\"><span class=\"updated\" style=\"display:none;\">2024-07-04T23:27:54+02:00<\/span>Por <span class=\"vcard\"><span class=\"fn\"><a href=\"https:\/\/www.aquimicasa.net\/blog\/author\/eduardo\/\" title=\"Entradas de Eduardo Lizarraga\" rel=\"author\">Eduardo Lizarraga<\/a><\/span><\/span><span class=\"fusion-inline-sep\">|<\/span><a href=\"https:\/\/www.aquimicasa.net\/blog\/noticias\/vivienda\/agencias-inmobiliarias\/\" rel=\"category tag\">Agencias Inmobiliarias<\/a>, <a href=\"https:\/\/www.aquimicasa.net\/blog\/noticias\/vivienda\/compraventa-de-viviendas\/\" rel=\"category tag\">Compra Venta<\/a>, <a href=\"https:\/\/www.aquimicasa.net\/blog\/noticias\/vivienda\/noticias-mercado-inmobiliario\/\" rel=\"category tag\">Noticias Mercado Inmobiliario<\/a><span class=\"fusion-inline-sep\">|<\/span><\/p><div class=\"fusion-content-sep sep-double sep-solid\" style=\"border-color:#ebeaea;\"><\/div><div class=\"fusion-post-content-container\"><p>Al este del palmeral hist\u00f3rico de la ciudad se encuentra el conocido distrito de Altabix, el moderno ensanche de la ciudad, donde es posible encontrar una amplia oferta de pisos para vivir en el distrito de Altabix y la zona que m\u00e1s poblaci\u00f3n ha ganado en las \u00faltimas d\u00e9cadas<\/p><\/div><\/div><\/div><div class=\"fusion-clearfix\"><\/div><\/div>\n<\/article>\n<div class=\"fusion-clearfix\"><\/div><\/div><\/div><div class=\"fusion-clearfix\"><\/div><\/div><\/div><\/div><\/div><div class=\"fusion-fullwidth fullwidth-box fusion-builder-row-5 nonhundred-percent-fullwidth non-hundred-percent-height-scrolling\" style=\"background-color: rgba(255,255,255,0);background-position: center center;background-repeat: no-repeat;padding-top:0px;padding-right:0px;padding-bottom:0px;padding-left:0px;margin-bottom: 0px;margin-top: 0px;border-width: 0px 0px 0px 0px;border-color:#eae9e9;border-style:solid;\" ><div class=\"fusion-builder-row fusion-row\"><div class=\"fusion-layout-column fusion_builder_column fusion-builder-column-4 fusion_builder_column_1_1 1_1 fusion-one-full fusion-column-first fusion-column-last\" style=\"margin-top:0px;margin-bottom:20px;\"><div class=\"fusion-column-wrapper fusion-flex-column-wrapper-legacy\" style=\"background-position:left top;background-repeat:no-repeat;-webkit-background-size:cover;-moz-background-size:cover;-o-background-size:cover;background-size:cover;padding: 0px 0px 0px 0px;\"><div class=\"fusion-sep-clear\"><\/div><div class=\"fusion-separator\" style=\"margin-left: auto;margin-right: auto;margin-top:5%;width:100%;max-width:50%;\"><\/div><div class=\"fusion-sep-clear\"><\/div><style type=\"text\/css\"><\/style><div class=\"fusion-title title fusion-title-3 fusion-sep-none fusion-title-center fusion-title-text fusion-title-size-two\" style=\"margin-top:0px;margin-right:0px;margin-bottom:31px;margin-left:0px;\"><h2 class=\"title-heading-center\" style=\"margin:0;\"><p style=\"text-align: center;\">SUSCRIBETE A NUESTRA NEWSLETTER<\/p><\/h2><\/div><div class=\"fusion-sep-clear\"><\/div><div class=\"fusion-separator fusion-has-icon\" style=\"margin-left: auto;margin-right: auto;margin-bottom:3%;width:100%;max-width:30%;\"><div class=\"fusion-separator-border sep-single sep-solid\" style=\"border-color:#000000;border-top-width:2px;\"><\/div><span class=\"icon-wrapper\" style=\"border-color:transparent;font-size:25px;width: 1.75em; height: 1.75em;border-width:2px;padding:2px;margin-top:-1px\"><i class=\"fa-thumbs-up fas\" style=\"font-size: inherit;color:#000000;\" aria-hidden=\"true\"><\/i><\/span><div class=\"fusion-separator-border sep-single sep-solid\" style=\"border-color:#000000;border-top-width:2px;\"><\/div><\/div><div class=\"fusion-sep-clear\"><\/div><div class=\"fusion-clearfix\"><\/div><\/div><\/div><\/div><\/div><div class=\"fusion-fullwidth fullwidth-box fusion-builder-row-6 nonhundred-percent-fullwidth non-hundred-percent-height-scrolling\" style=\"background-color: rgba(255,255,255,0);background-position: center center;background-repeat: no-repeat;padding-top:0px;padding-right:0px;padding-bottom:0px;padding-left:0px;margin-bottom: 0px;margin-top: 0px;border-width: 0px 0px 0px 0px;border-color:#eae9e9;border-style:solid;\" ><div class=\"fusion-builder-row fusion-row\"><div class=\"fusion-layout-column fusion_builder_column fusion-builder-column-5 fusion_builder_column_1_4 1_4 fusion-one-fourth fusion-column-first\" style=\"width:25%;width:calc(25% - ( ( 4% + 4% ) * 0.25 ) );margin-right: 4%;margin-top:0px;margin-bottom:20px;\"><div class=\"fusion-column-wrapper fusion-flex-column-wrapper-legacy\" style=\"background-position:left top;background-repeat:no-repeat;-webkit-background-size:cover;-moz-background-size:cover;-o-background-size:cover;background-size:cover;padding: 0px 0px 0px 0px;\"><div class=\"fusion-clearfix\"><\/div><\/div><\/div><div class=\"fusion-layout-column fusion_builder_column fusion-builder-column-6 fusion_builder_column_1_2 1_2 fusion-one-half\" style=\"width:50%;width:calc(50% - ( ( 4% + 4% ) * 0.5 ) );margin-right: 4%;margin-top:0px;margin-bottom:20px;\"><div class=\"fusion-column-wrapper fusion-flex-column-wrapper-legacy\" style=\"background-position:left top;background-repeat:no-repeat;-webkit-background-size:cover;-moz-background-size:cover;-o-background-size:cover;background-size:cover;padding: 0px 0px 0px 0px;\">\n<div class=\"wpcf7 no-js\" id=\"wpcf7-f2814-o1\" lang=\"en-US\" dir=\"ltr\" data-wpcf7-id=\"2814\">\n<div class=\"screen-reader-response\"><p role=\"status\" aria-live=\"polite\" aria-atomic=\"true\"><\/p> <ul><\/ul><\/div>\n<form action=\"\/blog\/wp-json\/wp\/v2\/posts\/55290#wpcf7-f2814-o1\" method=\"post\" class=\"wpcf7-form init\" aria-label=\"Contact form\" novalidate=\"novalidate\" data-status=\"init\">\n<fieldset class=\"hidden-fields-container\"><input type=\"hidden\" name=\"_wpcf7\" value=\"2814\" \/><input type=\"hidden\" name=\"_wpcf7_version\" value=\"6.1.5\" \/><input type=\"hidden\" name=\"_wpcf7_locale\" value=\"en_US\" \/><input type=\"hidden\" name=\"_wpcf7_unit_tag\" value=\"wpcf7-f2814-o1\" \/><input type=\"hidden\" name=\"_wpcf7_container_post\" value=\"0\" \/><input type=\"hidden\" name=\"_wpcf7_posted_data_hash\" value=\"\" \/>\n<\/fieldset>\n<p><span id=\"wpcf7-69f3ce931d528-wrapper\" class=\"wpcf7-form-control-wrap email-wrap\" ><input id=\"wpcf7-69f3ce931d528-field\"  class=\"wpcf7-form-control wpcf7-text\" type=\"text\" name=\"email\" value=\"\" size=\"40\" tabindex=\"-1\" autocomplete=\"new-password\" \/><\/span><label><span class=\"wpcf7-form-control-wrap\" data-name=\"your-email\"><input size=\"40\" maxlength=\"400\" class=\"wpcf7-form-control wpcf7-email wpcf7-validates-as-required wpcf7-text wpcf7-validates-as-email\" aria-required=\"true\" aria-invalid=\"false\" placeholder=\"Email\" value=\"\" type=\"email\" name=\"your-email\" \/><\/span><\/label>\n<\/p>\n<p><label><span class=\"wpcf7-form-control-wrap\" data-name=\"text-944\"><input size=\"40\" maxlength=\"400\" class=\"wpcf7-form-control wpcf7-text wpcf7-validates-as-required\" aria-required=\"true\" aria-invalid=\"false\" placeholder=\"Nombre\" value=\"\" type=\"text\" name=\"text-944\" \/><\/span><\/label>\n<\/p>\n<p style=\"color:#00000;\"><span class=\"wpcf7-form-control-wrap\" data-name=\"acceptance-884\"><span class=\"wpcf7-form-control wpcf7-acceptance\"><span class=\"wpcf7-list-item\"><label><input type=\"checkbox\" name=\"acceptance-884\" value=\"1\" aria-invalid=\"false\" \/><span class=\"wpcf7-list-item-label\">He le\u00eddo y acepto vuestra <a href=\"https:\/\/aquimicasa.net\/blog\/politica-de-privacidad\/\" target=\"_blank\";><u>Pol\u00edtica de Privacidad<\/u><\/a><\/span><\/label><\/span><\/span><\/span>\n<\/p>\n<p><input class=\"wpcf7-form-control wpcf7-submit has-spinner\" type=\"submit\" value=\"SUSCRIBIRME\" \/>\n<\/p><div class=\"fusion-alert alert custom alert-custom fusion-alert-center wpcf7-response-output fusion-alert-capitalize alert-dismissable\" style=\"border-width:1px;\"><button type=\"button\" class=\"close toggle-alert\" data-dismiss=\"alert\" aria-hidden=\"true\">&times;<\/button><div class=\"fusion-alert-content-wrapper\"><span class=\"fusion-alert-content\"><\/span><\/div><\/div>\n<\/form>\n<\/div>\n<div class=\"fusion-clearfix\"><\/div><\/div><\/div><div class=\"fusion-layout-column fusion_builder_column fusion-builder-column-7 fusion_builder_column_1_4 1_4 fusion-one-fourth fusion-column-last\" style=\"width:25%;width:calc(25% - ( ( 4% + 4% ) * 0.25 ) );margin-top:0px;margin-bottom:20px;\"><div class=\"fusion-column-wrapper fusion-flex-column-wrapper-legacy\" style=\"background-position:left top;background-repeat:no-repeat;-webkit-background-size:cover;-moz-background-size:cover;-o-background-size:cover;background-size:cover;padding: 0px 0px 0px 0px;\"><div class=\"fusion-clearfix\"><\/div><\/div><\/div><\/div><\/div><\/p>\n","protected":false},"excerpt":{"rendered":"<p>Opini\u00f3n sobre las previsiones para el mercado inmobiliario de 2026, Alokaplus pagar\u00e1 hasta 20 mensualidades de alquiler. el TS ratifica la norma del 30% en Barcelona, la compraventa de viviendas marca un r\u00e9cord desde el 2007, las posibilidades de reclamaci\u00f3n ante los vicios ocultos y somos el pa\u00eds m\u00e1s atractivo para invertir en inmobiliaria,  entre otras informaciones.<\/p>\n","protected":false},"author":3,"featured_media":17772,"comment_status":"open","ping_status":"open","sticky":false,"template":"","format":"standard","meta":{"_jetpack_memberships_contains_paid_content":false,"footnotes":"","jetpack_publicize_message":"","jetpack_publicize_feature_enabled":true,"jetpack_social_post_already_shared":true,"jetpack_social_options":{"image_generator_settings":{"template":"highway","default_image_id":0,"font":"","enabled":false},"version":2}},"categories":[2548],"tags":[],"class_list":["post-55290","post","type-post","status-publish","format-standard","has-post-thumbnail","hentry","category-boletines"],"yoast_head":"<!-- This site is optimized with the Yoast SEO plugin v27.5 - https:\/\/yoast.com\/product\/yoast-seo-wordpress\/ -->\n<title>Newsletter 554&quot;Llega un mercado m\u00e1s exigente: bienvenido...&quot;<\/title>\n<meta name=\"description\" content=\"Newsletter 554&quot;Llega un mercado m\u00e1s exigente: bienvenido...&quot;Mejor oferta de pisos y casas en venta en el Mar Menor\" \/>\n<meta name=\"robots\" content=\"index, follow, max-snippet:-1, max-image-preview:large, max-video-preview:-1\" \/>\n<link rel=\"canonical\" href=\"https:\/\/www.aquimicasa.net\/blog\/boletines\/newsletter-554llega-un-mercado-mas-exigente-bienvenido\/\" \/>\n<meta property=\"og:locale\" content=\"es_ES\" \/>\n<meta property=\"og:type\" content=\"article\" \/>\n<meta property=\"og:title\" content=\"Newsletter 554&quot;Llega un mercado m\u00e1s exigente: bienvenido...&quot;\" \/>\n<meta property=\"og:description\" content=\"Newsletter 554&quot;Llega un mercado m\u00e1s exigente: bienvenido...&quot;Mejor oferta de pisos y casas en venta en el Mar Menor\" \/>\n<meta property=\"og:url\" content=\"https:\/\/www.aquimicasa.net\/blog\/boletines\/newsletter-554llega-un-mercado-mas-exigente-bienvenido\/\" \/>\n<meta property=\"og:site_name\" content=\"Blog de aquimicasa.net\" \/>\n<meta property=\"article:publisher\" content=\"https:\/\/www.facebook.com\/aquimicasa.net\" \/>\n<meta property=\"article:published_time\" content=\"2026-03-01T09:35:29+00:00\" \/>\n<meta property=\"og:image\" content=\"https:\/\/www.aquimicasa.net\/blog\/wp-content\/uploads\/Logo-aquimicasa.png\" \/>\n\t<meta property=\"og:image:width\" content=\"300\" \/>\n\t<meta property=\"og:image:height\" content=\"300\" \/>\n\t<meta property=\"og:image:type\" content=\"image\/png\" \/>\n<meta name=\"author\" content=\"Eduardo Lizarraga\" \/>\n<meta name=\"twitter:label1\" content=\"Escrito por\" \/>\n\t<meta name=\"twitter:data1\" content=\"Eduardo Lizarraga\" \/>\n\t<meta name=\"twitter:label2\" content=\"Tiempo de lectura\" \/>\n\t<meta name=\"twitter:data2\" content=\"6 minutos\" \/>\n<script type=\"application\/ld+json\" class=\"yoast-schema-graph\">{\"@context\":\"https:\\\/\\\/schema.org\",\"@graph\":[{\"@type\":\"Article\",\"@id\":\"https:\\\/\\\/www.aquimicasa.net\\\/blog\\\/boletines\\\/newsletter-554llega-un-mercado-mas-exigente-bienvenido\\\/#article\",\"isPartOf\":{\"@id\":\"https:\\\/\\\/www.aquimicasa.net\\\/blog\\\/boletines\\\/newsletter-554llega-un-mercado-mas-exigente-bienvenido\\\/\"},\"author\":{\"name\":\"Eduardo Lizarraga\",\"@id\":\"https:\\\/\\\/www.aquimicasa.net\\\/blog\\\/#\\\/schema\\\/person\\\/2cdfa2605534583395c8d7ce1d6cac14\"},\"headline\":\"Newsletter 554&#8243;Llega un mercado m\u00e1s exigente: bienvenido&#8230;\u00bb\",\"datePublished\":\"2026-03-01T09:35:29+00:00\",\"mainEntityOfPage\":{\"@id\":\"https:\\\/\\\/www.aquimicasa.net\\\/blog\\\/boletines\\\/newsletter-554llega-un-mercado-mas-exigente-bienvenido\\\/\"},\"wordCount\":3199,\"commentCount\":0,\"publisher\":{\"@id\":\"https:\\\/\\\/www.aquimicasa.net\\\/blog\\\/#organization\"},\"image\":{\"@id\":\"https:\\\/\\\/www.aquimicasa.net\\\/blog\\\/boletines\\\/newsletter-554llega-un-mercado-mas-exigente-bienvenido\\\/#primaryimage\"},\"thumbnailUrl\":\"https:\\\/\\\/www.aquimicasa.net\\\/blog\\\/wp-content\\\/uploads\\\/Logo-aquimicasa.png\",\"articleSection\":[\"Newsletters\"],\"inLanguage\":\"es\",\"potentialAction\":[{\"@type\":\"CommentAction\",\"name\":\"Comment\",\"target\":[\"https:\\\/\\\/www.aquimicasa.net\\\/blog\\\/boletines\\\/newsletter-554llega-un-mercado-mas-exigente-bienvenido\\\/#respond\"]}]},{\"@type\":\"WebPage\",\"@id\":\"https:\\\/\\\/www.aquimicasa.net\\\/blog\\\/boletines\\\/newsletter-554llega-un-mercado-mas-exigente-bienvenido\\\/\",\"url\":\"https:\\\/\\\/www.aquimicasa.net\\\/blog\\\/boletines\\\/newsletter-554llega-un-mercado-mas-exigente-bienvenido\\\/\",\"name\":\"Newsletter 554\\\"Llega un mercado m\u00e1s exigente: bienvenido...\\\"\",\"isPartOf\":{\"@id\":\"https:\\\/\\\/www.aquimicasa.net\\\/blog\\\/#website\"},\"primaryImageOfPage\":{\"@id\":\"https:\\\/\\\/www.aquimicasa.net\\\/blog\\\/boletines\\\/newsletter-554llega-un-mercado-mas-exigente-bienvenido\\\/#primaryimage\"},\"image\":{\"@id\":\"https:\\\/\\\/www.aquimicasa.net\\\/blog\\\/boletines\\\/newsletter-554llega-un-mercado-mas-exigente-bienvenido\\\/#primaryimage\"},\"thumbnailUrl\":\"https:\\\/\\\/www.aquimicasa.net\\\/blog\\\/wp-content\\\/uploads\\\/Logo-aquimicasa.png\",\"datePublished\":\"2026-03-01T09:35:29+00:00\",\"description\":\"Newsletter 554\\\"Llega un mercado m\u00e1s exigente: bienvenido...\\\"Mejor oferta de pisos y casas en venta en el Mar Menor\",\"breadcrumb\":{\"@id\":\"https:\\\/\\\/www.aquimicasa.net\\\/blog\\\/boletines\\\/newsletter-554llega-un-mercado-mas-exigente-bienvenido\\\/#breadcrumb\"},\"inLanguage\":\"es\",\"potentialAction\":[{\"@type\":\"ReadAction\",\"target\":[\"https:\\\/\\\/www.aquimicasa.net\\\/blog\\\/boletines\\\/newsletter-554llega-un-mercado-mas-exigente-bienvenido\\\/\"]}]},{\"@type\":\"ImageObject\",\"inLanguage\":\"es\",\"@id\":\"https:\\\/\\\/www.aquimicasa.net\\\/blog\\\/boletines\\\/newsletter-554llega-un-mercado-mas-exigente-bienvenido\\\/#primaryimage\",\"url\":\"https:\\\/\\\/www.aquimicasa.net\\\/blog\\\/wp-content\\\/uploads\\\/Logo-aquimicasa.png\",\"contentUrl\":\"https:\\\/\\\/www.aquimicasa.net\\\/blog\\\/wp-content\\\/uploads\\\/Logo-aquimicasa.png\",\"width\":300,\"height\":300},{\"@type\":\"BreadcrumbList\",\"@id\":\"https:\\\/\\\/www.aquimicasa.net\\\/blog\\\/boletines\\\/newsletter-554llega-un-mercado-mas-exigente-bienvenido\\\/#breadcrumb\",\"itemListElement\":[{\"@type\":\"ListItem\",\"position\":1,\"name\":\"Portada\",\"item\":\"https:\\\/\\\/www.aquimicasa.net\\\/blog\\\/\"},{\"@type\":\"ListItem\",\"position\":2,\"name\":\"Newsletter 554&#8243;Llega un mercado m\u00e1s exigente: bienvenido&#8230;\u00bb\"}]},{\"@type\":\"WebSite\",\"@id\":\"https:\\\/\\\/www.aquimicasa.net\\\/blog\\\/#website\",\"url\":\"https:\\\/\\\/www.aquimicasa.net\\\/blog\\\/\",\"name\":\"Blog de aquimicasa.net\",\"description\":\"Noticias del Mundo Inmobiliario\",\"publisher\":{\"@id\":\"https:\\\/\\\/www.aquimicasa.net\\\/blog\\\/#organization\"},\"potentialAction\":[{\"@type\":\"SearchAction\",\"target\":{\"@type\":\"EntryPoint\",\"urlTemplate\":\"https:\\\/\\\/www.aquimicasa.net\\\/blog\\\/?s={search_term_string}\"},\"query-input\":{\"@type\":\"PropertyValueSpecification\",\"valueRequired\":true,\"valueName\":\"search_term_string\"}}],\"inLanguage\":\"es\"},{\"@type\":\"Organization\",\"@id\":\"https:\\\/\\\/www.aquimicasa.net\\\/blog\\\/#organization\",\"name\":\"Blog de aquimicasa.net\",\"url\":\"https:\\\/\\\/www.aquimicasa.net\\\/blog\\\/\",\"logo\":{\"@type\":\"ImageObject\",\"inLanguage\":\"es\",\"@id\":\"https:\\\/\\\/www.aquimicasa.net\\\/blog\\\/#\\\/schema\\\/logo\\\/image\\\/\",\"url\":\"https:\\\/\\\/www.aquimicasa.net\\\/blog\\\/wp-content\\\/uploads\\\/Logo-aquimicasa-1-e1528048213782.png\",\"contentUrl\":\"https:\\\/\\\/www.aquimicasa.net\\\/blog\\\/wp-content\\\/uploads\\\/Logo-aquimicasa-1-e1528048213782.png\",\"width\":225,\"height\":225,\"caption\":\"Blog de aquimicasa.net\"},\"image\":{\"@id\":\"https:\\\/\\\/www.aquimicasa.net\\\/blog\\\/#\\\/schema\\\/logo\\\/image\\\/\"},\"sameAs\":[\"https:\\\/\\\/www.facebook.com\\\/aquimicasa.net\",\"https:\\\/\\\/www.instagram.com\\\/\",\"https:\\\/\\\/x.com\\\/EduLizarragaD\",\"https:\\\/\\\/www.linkedin.com\\\/feed\\\/\"]},{\"@type\":\"Person\",\"@id\":\"https:\\\/\\\/www.aquimicasa.net\\\/blog\\\/#\\\/schema\\\/person\\\/2cdfa2605534583395c8d7ce1d6cac14\",\"name\":\"Eduardo Lizarraga\",\"image\":{\"@type\":\"ImageObject\",\"inLanguage\":\"es\",\"@id\":\"https:\\\/\\\/secure.gravatar.com\\\/avatar\\\/bdabe1eeeed97b65a9cb7de2edd624b07995f7e13abc5fead15961f745f908cc?s=96&d=mm&r=g\",\"url\":\"https:\\\/\\\/secure.gravatar.com\\\/avatar\\\/bdabe1eeeed97b65a9cb7de2edd624b07995f7e13abc5fead15961f745f908cc?s=96&d=mm&r=g\",\"contentUrl\":\"https:\\\/\\\/secure.gravatar.com\\\/avatar\\\/bdabe1eeeed97b65a9cb7de2edd624b07995f7e13abc5fead15961f745f908cc?s=96&d=mm&r=g\",\"caption\":\"Eduardo Lizarraga\"},\"description\":\"Periodista Econ\u00f3mico. Ha trabajado en diversos campos de la informaci\u00f3n. Corresponsal en conflictos, analista pol\u00edtico en Congreso y Senado, periodista del medio ambiente, editor, director editorial, director de comunicaci\u00f3n.... En estos momentos se ha especializado en el sector inmobiliario. Pero tambi\u00e9n es navegante y viajero, preocupado por la pobreza, el medio ambiente y por las actuaciones descontroladas del neoliberalismo empresarial y pol\u00edtico en todo el mundo. Los desahucios, la pobreza infantil y la falta de acceso a los suministros b\u00e1sicos son algunos de los grandes dramas de nuestra sociedad y que es preciso solucionar para hacerla m\u00e1s justa. CEO en www.aquimicasa.net\",\"sameAs\":[\"https:\\\/\\\/www.aquimicasa.net\\\/\"],\"url\":\"https:\\\/\\\/www.aquimicasa.net\\\/blog\\\/author\\\/eduardo\\\/\"}]}<\/script>\n<!-- \/ Yoast SEO plugin. -->","yoast_head_json":{"title":"Newsletter 554\"Llega un mercado m\u00e1s exigente: bienvenido...\"","description":"Newsletter 554\"Llega un mercado m\u00e1s exigente: bienvenido...\"Mejor oferta de pisos y casas en venta en el Mar Menor","robots":{"index":"index","follow":"follow","max-snippet":"max-snippet:-1","max-image-preview":"max-image-preview:large","max-video-preview":"max-video-preview:-1"},"canonical":"https:\/\/www.aquimicasa.net\/blog\/boletines\/newsletter-554llega-un-mercado-mas-exigente-bienvenido\/","og_locale":"es_ES","og_type":"article","og_title":"Newsletter 554\"Llega un mercado m\u00e1s exigente: bienvenido...\"","og_description":"Newsletter 554\"Llega un mercado m\u00e1s exigente: bienvenido...\"Mejor oferta de pisos y casas en venta en el Mar Menor","og_url":"https:\/\/www.aquimicasa.net\/blog\/boletines\/newsletter-554llega-un-mercado-mas-exigente-bienvenido\/","og_site_name":"Blog de aquimicasa.net","article_publisher":"https:\/\/www.facebook.com\/aquimicasa.net","article_published_time":"2026-03-01T09:35:29+00:00","og_image":[{"width":300,"height":300,"url":"https:\/\/www.aquimicasa.net\/blog\/wp-content\/uploads\/Logo-aquimicasa.png","type":"image\/png"}],"author":"Eduardo Lizarraga","twitter_misc":{"Escrito por":"Eduardo Lizarraga","Tiempo de lectura":"6 minutos"},"schema":{"@context":"https:\/\/schema.org","@graph":[{"@type":"Article","@id":"https:\/\/www.aquimicasa.net\/blog\/boletines\/newsletter-554llega-un-mercado-mas-exigente-bienvenido\/#article","isPartOf":{"@id":"https:\/\/www.aquimicasa.net\/blog\/boletines\/newsletter-554llega-un-mercado-mas-exigente-bienvenido\/"},"author":{"name":"Eduardo Lizarraga","@id":"https:\/\/www.aquimicasa.net\/blog\/#\/schema\/person\/2cdfa2605534583395c8d7ce1d6cac14"},"headline":"Newsletter 554&#8243;Llega un mercado m\u00e1s exigente: bienvenido&#8230;\u00bb","datePublished":"2026-03-01T09:35:29+00:00","mainEntityOfPage":{"@id":"https:\/\/www.aquimicasa.net\/blog\/boletines\/newsletter-554llega-un-mercado-mas-exigente-bienvenido\/"},"wordCount":3199,"commentCount":0,"publisher":{"@id":"https:\/\/www.aquimicasa.net\/blog\/#organization"},"image":{"@id":"https:\/\/www.aquimicasa.net\/blog\/boletines\/newsletter-554llega-un-mercado-mas-exigente-bienvenido\/#primaryimage"},"thumbnailUrl":"https:\/\/www.aquimicasa.net\/blog\/wp-content\/uploads\/Logo-aquimicasa.png","articleSection":["Newsletters"],"inLanguage":"es","potentialAction":[{"@type":"CommentAction","name":"Comment","target":["https:\/\/www.aquimicasa.net\/blog\/boletines\/newsletter-554llega-un-mercado-mas-exigente-bienvenido\/#respond"]}]},{"@type":"WebPage","@id":"https:\/\/www.aquimicasa.net\/blog\/boletines\/newsletter-554llega-un-mercado-mas-exigente-bienvenido\/","url":"https:\/\/www.aquimicasa.net\/blog\/boletines\/newsletter-554llega-un-mercado-mas-exigente-bienvenido\/","name":"Newsletter 554\"Llega un mercado m\u00e1s exigente: bienvenido...\"","isPartOf":{"@id":"https:\/\/www.aquimicasa.net\/blog\/#website"},"primaryImageOfPage":{"@id":"https:\/\/www.aquimicasa.net\/blog\/boletines\/newsletter-554llega-un-mercado-mas-exigente-bienvenido\/#primaryimage"},"image":{"@id":"https:\/\/www.aquimicasa.net\/blog\/boletines\/newsletter-554llega-un-mercado-mas-exigente-bienvenido\/#primaryimage"},"thumbnailUrl":"https:\/\/www.aquimicasa.net\/blog\/wp-content\/uploads\/Logo-aquimicasa.png","datePublished":"2026-03-01T09:35:29+00:00","description":"Newsletter 554\"Llega un mercado m\u00e1s exigente: bienvenido...\"Mejor oferta de pisos y casas en venta en el Mar Menor","breadcrumb":{"@id":"https:\/\/www.aquimicasa.net\/blog\/boletines\/newsletter-554llega-un-mercado-mas-exigente-bienvenido\/#breadcrumb"},"inLanguage":"es","potentialAction":[{"@type":"ReadAction","target":["https:\/\/www.aquimicasa.net\/blog\/boletines\/newsletter-554llega-un-mercado-mas-exigente-bienvenido\/"]}]},{"@type":"ImageObject","inLanguage":"es","@id":"https:\/\/www.aquimicasa.net\/blog\/boletines\/newsletter-554llega-un-mercado-mas-exigente-bienvenido\/#primaryimage","url":"https:\/\/www.aquimicasa.net\/blog\/wp-content\/uploads\/Logo-aquimicasa.png","contentUrl":"https:\/\/www.aquimicasa.net\/blog\/wp-content\/uploads\/Logo-aquimicasa.png","width":300,"height":300},{"@type":"BreadcrumbList","@id":"https:\/\/www.aquimicasa.net\/blog\/boletines\/newsletter-554llega-un-mercado-mas-exigente-bienvenido\/#breadcrumb","itemListElement":[{"@type":"ListItem","position":1,"name":"Portada","item":"https:\/\/www.aquimicasa.net\/blog\/"},{"@type":"ListItem","position":2,"name":"Newsletter 554&#8243;Llega un mercado m\u00e1s exigente: bienvenido&#8230;\u00bb"}]},{"@type":"WebSite","@id":"https:\/\/www.aquimicasa.net\/blog\/#website","url":"https:\/\/www.aquimicasa.net\/blog\/","name":"Blog de aquimicasa.net","description":"Noticias del Mundo Inmobiliario","publisher":{"@id":"https:\/\/www.aquimicasa.net\/blog\/#organization"},"potentialAction":[{"@type":"SearchAction","target":{"@type":"EntryPoint","urlTemplate":"https:\/\/www.aquimicasa.net\/blog\/?s={search_term_string}"},"query-input":{"@type":"PropertyValueSpecification","valueRequired":true,"valueName":"search_term_string"}}],"inLanguage":"es"},{"@type":"Organization","@id":"https:\/\/www.aquimicasa.net\/blog\/#organization","name":"Blog de aquimicasa.net","url":"https:\/\/www.aquimicasa.net\/blog\/","logo":{"@type":"ImageObject","inLanguage":"es","@id":"https:\/\/www.aquimicasa.net\/blog\/#\/schema\/logo\/image\/","url":"https:\/\/www.aquimicasa.net\/blog\/wp-content\/uploads\/Logo-aquimicasa-1-e1528048213782.png","contentUrl":"https:\/\/www.aquimicasa.net\/blog\/wp-content\/uploads\/Logo-aquimicasa-1-e1528048213782.png","width":225,"height":225,"caption":"Blog de aquimicasa.net"},"image":{"@id":"https:\/\/www.aquimicasa.net\/blog\/#\/schema\/logo\/image\/"},"sameAs":["https:\/\/www.facebook.com\/aquimicasa.net","https:\/\/www.instagram.com\/","https:\/\/x.com\/EduLizarragaD","https:\/\/www.linkedin.com\/feed\/"]},{"@type":"Person","@id":"https:\/\/www.aquimicasa.net\/blog\/#\/schema\/person\/2cdfa2605534583395c8d7ce1d6cac14","name":"Eduardo Lizarraga","image":{"@type":"ImageObject","inLanguage":"es","@id":"https:\/\/secure.gravatar.com\/avatar\/bdabe1eeeed97b65a9cb7de2edd624b07995f7e13abc5fead15961f745f908cc?s=96&d=mm&r=g","url":"https:\/\/secure.gravatar.com\/avatar\/bdabe1eeeed97b65a9cb7de2edd624b07995f7e13abc5fead15961f745f908cc?s=96&d=mm&r=g","contentUrl":"https:\/\/secure.gravatar.com\/avatar\/bdabe1eeeed97b65a9cb7de2edd624b07995f7e13abc5fead15961f745f908cc?s=96&d=mm&r=g","caption":"Eduardo Lizarraga"},"description":"Periodista Econ\u00f3mico. Ha trabajado en diversos campos de la informaci\u00f3n. Corresponsal en conflictos, analista pol\u00edtico en Congreso y Senado, periodista del medio ambiente, editor, director editorial, director de comunicaci\u00f3n.... En estos momentos se ha especializado en el sector inmobiliario. Pero tambi\u00e9n es navegante y viajero, preocupado por la pobreza, el medio ambiente y por las actuaciones descontroladas del neoliberalismo empresarial y pol\u00edtico en todo el mundo. Los desahucios, la pobreza infantil y la falta de acceso a los suministros b\u00e1sicos son algunos de los grandes dramas de nuestra sociedad y que es preciso solucionar para hacerla m\u00e1s justa. CEO en www.aquimicasa.net","sameAs":["https:\/\/www.aquimicasa.net\/"],"url":"https:\/\/www.aquimicasa.net\/blog\/author\/eduardo\/"}]}},"jetpack_publicize_connections":[],"jetpack_featured_media_url":"https:\/\/www.aquimicasa.net\/blog\/wp-content\/uploads\/Logo-aquimicasa.png","jetpack_sharing_enabled":true,"jetpack_likes_enabled":true,"_links":{"self":[{"href":"https:\/\/www.aquimicasa.net\/blog\/wp-json\/wp\/v2\/posts\/55290","targetHints":{"allow":["GET"]}}],"collection":[{"href":"https:\/\/www.aquimicasa.net\/blog\/wp-json\/wp\/v2\/posts"}],"about":[{"href":"https:\/\/www.aquimicasa.net\/blog\/wp-json\/wp\/v2\/types\/post"}],"author":[{"embeddable":true,"href":"https:\/\/www.aquimicasa.net\/blog\/wp-json\/wp\/v2\/users\/3"}],"replies":[{"embeddable":true,"href":"https:\/\/www.aquimicasa.net\/blog\/wp-json\/wp\/v2\/comments?post=55290"}],"version-history":[{"count":1,"href":"https:\/\/www.aquimicasa.net\/blog\/wp-json\/wp\/v2\/posts\/55290\/revisions"}],"predecessor-version":[{"id":55291,"href":"https:\/\/www.aquimicasa.net\/blog\/wp-json\/wp\/v2\/posts\/55290\/revisions\/55291"}],"wp:featuredmedia":[{"embeddable":true,"href":"https:\/\/www.aquimicasa.net\/blog\/wp-json\/wp\/v2\/media\/17772"}],"wp:attachment":[{"href":"https:\/\/www.aquimicasa.net\/blog\/wp-json\/wp\/v2\/media?parent=55290"}],"wp:term":[{"taxonomy":"category","embeddable":true,"href":"https:\/\/www.aquimicasa.net\/blog\/wp-json\/wp\/v2\/categories?post=55290"},{"taxonomy":"post_tag","embeddable":true,"href":"https:\/\/www.aquimicasa.net\/blog\/wp-json\/wp\/v2\/tags?post=55290"}],"curies":[{"name":"wp","href":"https:\/\/api.w.org\/{rel}","templated":true}]}}