{"id":55337,"date":"2026-03-05T00:27:38","date_gmt":"2026-03-04T23:27:38","guid":{"rendered":"https:\/\/www.aquimicasa.net\/blog\/?p=55337"},"modified":"2026-03-15T10:42:50","modified_gmt":"2026-03-15T09:42:50","slug":"si-pensabas-que-el-alquiler-estaba-mal-aun-no-has-visto-nada","status":"publish","type":"post","link":"https:\/\/www.aquimicasa.net\/blog\/opinion\/si-pensabas-que-el-alquiler-estaba-mal-aun-no-has-visto-nada\/","title":{"rendered":"Si pensabas que el alquiler estaba mal \u00a1a\u00fan no has visto nada!"},"content":{"rendered":"<div class=\"fusion-fullwidth fullwidth-box fusion-builder-row-1 fusion-flex-container nonhundred-percent-fullwidth non-hundred-percent-height-scrolling\" style=\"background-color: rgba(255,255,255,0);background-position: center center;background-repeat: no-repeat;border-width: 0px 0px 0px 0px;border-color:#eae9e9;border-style:solid;\" ><div class=\"fusion-builder-row fusion-row fusion-flex-align-items-flex-start\" style=\"max-width:1144px;margin-left: calc(-4% \/ 2 );margin-right: calc(-4% \/ 2 );\"><div class=\"fusion-layout-column fusion_builder_column fusion-builder-column-0 fusion_builder_column_1_1 1_1 fusion-flex-column\"><div class=\"fusion-column-wrapper fusion-flex-justify-content-flex-start fusion-content-layout-column\" style=\"background-position:left top;background-repeat:no-repeat;-webkit-background-size:cover;-moz-background-size:cover;-o-background-size:cover;background-size:cover;padding: 0px 0px 0px 0px;\"><div class=\"fusion-text fusion-text-1\"><p class=\"font-claude-response-body break-words whitespace-normal leading-&#091;1.7&#093;\">El mercado del alquiler en Espa\u00f1a afronta 2026 convertido en una tormenta perfecta de desahucios, contratos pand\u00e9micos que vencen, rentas que suben, fondos que hacen caja y pol\u00edticos que siguen prometiendo lo que no pueden cumplir. Abr\u00f3chense los cinturones.<\/p>\n<p class=\"font-claude-response-body break-words whitespace-normal leading-&#091;1.7&#093;\">Ser\u00e9 directo, porque el asunto lo merece y las circunstancias no est\u00e1n para eufemismos ni para el lenguaje burocr\u00e1tico que tanto gusta a los que nos gobiernan: <strong>el mercado del alquiler en Espa\u00f1a se encamina hacia uno de los a\u00f1os m\u00e1s duros de su historia reciente<\/strong>. Y lo peor es que no lo dice ning\u00fan agorero de turno ni ning\u00fan portal inmobiliario con intereses en asustar al personal. Lo dicen los datos, los contratos firmados hace cinco a\u00f1os, las decisiones parlamentarias de las \u00faltimas semanas y la insaciable l\u00f3gica del dinero que mueven los grandes fondos de inversi\u00f3n. Todo se ha alineado, como si los jineres del apocalipsis inmobiliario hubieran acordado cita para el mismo a\u00f1o.<\/p>\n<h2 class=\"text-text-100 mt-3 -mb-1 text-&#091;1.125rem&#093; font-bold\"><strong>Un a\u00f1o que en n\u00fameros parece que ha ido bien, pero tiene su cruz<\/strong> \ud83d\udcca<\/h2>\n<p class=\"font-claude-response-body break-words whitespace-normal leading-&#091;1.7&#093;\">El pasado 2025 fue, sobre el papel, un a\u00f1o glorioso para el sector inmobiliario espa\u00f1ol. <strong>Se vendieron viviendas a ritmos no vistos desde 2007<\/strong>, se firmaron m\u00e1s hipotecas que nunca y las rentabilidades batieron todas las previsiones. Si eres propietario, inversor o fondo de capital riesgo, brindaste con Roederer Brut Cristal en Nochevieja.<\/p>\n<p class=\"font-claude-response-body break-words whitespace-normal leading-&#091;1.7&#093;\">Pero si eres inquilino con ganas de pasar a propietario, el panorama tiene una cara muy distinta. Los precios de los inmuebles se dispararon hasta dejar fuera del mercado de compra a buena parte de la clase media trabajadora, la oferta sigui\u00f3 menguando como cubito de hielo en agosto y los alquileres \u2014ay, los alquileres\u2014 se incrementaron un <strong>7,8% de media<\/strong> seg\u00fan los datos de Idealista, con Madrid escalando un 10% y otras ciudades superando alegremente el 14% y el 16%. Ciudades como Ciudad Real, Soria o Segovia, que nadie se\u00f1alar\u00eda en un mapa como grandes focos de tensi\u00f3n inmobiliaria, registraron subidas de dos d\u00edgitos. La burbuja ya no es patrimonio exclusivo de la capital.<\/p>\n<p class=\"font-claude-response-body break-words whitespace-normal leading-&#091;1.7&#093;\"><strong>La \u00fanica excepci\u00f3n digna de menci\u00f3n fue Barcelona<\/strong>, donde los alquileres bajaron un 1,2% tras la aplicaci\u00f3n de la regulaci\u00f3n en zonas tensionadas. Un dato que, por ideolog\u00eda, no ha provocado la menor reflexi\u00f3n en los despachos del poder pol\u00edtico madrile\u00f1o.<\/p>\n<p class=\"font-claude-response-body break-words whitespace-normal leading-&#091;1.7&#093;\">Lo que importa ahora es que ese a\u00f1o aparentemente bueno tiene una factura pendiente que se presentar\u00e1 al cobro a lo largo de 2026. Y no viene sola: llega con intereses y costas.<\/p>\n<h2 class=\"text-text-100 mt-3 -mb-1 text-&#091;1.125rem&#093; font-bold\"><strong>Limitaci\u00f3n estructural de la construcci\u00f3n&#8230; que en el aire se edifica f\u00e1cil<\/strong>\u00a0\ud83e\uddf1<\/h2>\n<p class=\"font-claude-response-body break-words whitespace-normal leading-&#091;1.7&#093;\">Antes de se\u00f1alar a los villanos de turno \u2014y los habr\u00e1, no se preocupen\u2014 conviene entender las ra\u00edces del problema, porque sin eso todo lo dem\u00e1s suena a ruido pol\u00edtico.<\/p>\n<p class=\"font-claude-response-body break-words whitespace-normal leading-&#091;1.7&#093;\">Espa\u00f1a tiene una <strong>limitaci\u00f3n estructural de producci\u00f3n de vivienda nueva<\/strong> de alrededor de 100.000 unidades anuales. No es una cifra arbitraria: es el techo que imponen la escasez de mano de obra cualificada, el encarecimiento de los materiales de construcci\u00f3n \u2014que sube al doble del IPC\u2014 y una burocracia urban\u00edstica dise\u00f1ada para que construir sea una odisea kafkiana.<\/p>\n<p class=\"font-claude-response-body break-words whitespace-normal leading-&#091;1.7&#093;\">De esas 100.000 viviendas, adem\u00e1s, <strong>una parte creciente son de lujo o alta gama<\/strong>, porque es lo que deja margen a los promotores con el mismo esfuerzo constructivo y precio de suelo. No es maldad, es aritm\u00e9tica empresarial. El resultado es que el d\u00e9ficit habitacional, ya estimado en unas 700.000 viviendas, <strong>crecer\u00e1 otras 100.000 unidades m\u00e1s este a\u00f1o<\/strong>. La brecha entre lo que se necesita y lo que se construye se ampl\u00eda a\u00f1o tras a\u00f1o con la puntualidad de un metr\u00f3nomo.<\/p>\n<p class=\"font-claude-response-body break-words whitespace-normal leading-&#091;1.7&#093;\">Mientras tanto, la demanda no para. La llegada de poblaci\u00f3n, la formaci\u00f3n de nuevos hogares, la dificultad para comprar que empuja a millones de personas hacia el alquiler&#8230; Todo sigue presionando desde abajo sobre una oferta que, sencillamente, no da para m\u00e1s.<\/p>\n<h2 class=\"text-text-100 mt-3 -mb-1 text-&#091;1.125rem&#093; font-bold\"><strong>Las promesas de vivienda asequible contin\u00faan como palabras de pol\u00edtico<\/strong> \ud83c\udfad<\/h2>\n<p class=\"font-claude-response-body break-words whitespace-normal leading-&#091;1.7&#093;\">Y ya que hablamos de promesas, hag\u00e1moslo con la franqueza que el momento requiere.<\/p>\n<p class=\"font-claude-response-body break-words whitespace-normal leading-&#091;1.7&#093;\"><strong>Los pol\u00edticos \u2014todos, sin distinci\u00f3n de siglas\u2014 llevan a\u00f1os prometiendo vivienda asequible<\/strong> con el mismo desparpajo con el que prometen bajar las listas de espera sanitarias o acabar con la corrupci\u00f3n. El resultado es igualmente decepcionante. La burocracia no se ha desbloqueado. El suelo p\u00fablico no se ha movilizado a la velocidad necesaria. Los incentivos para la construcci\u00f3n de alquiler social siguen siendo insuficientes. Y el debate pol\u00edtico sobre liberalizaci\u00f3n del suelo versus intervenci\u00f3n del mercado se prolonga en los pasillos del Congreso mientras las familias pagan rentas insostenibles.<\/p>\n<p class=\"font-claude-response-body break-words whitespace-normal leading-&#091;1.7&#093;\">El Gobierno central, las Comunidades Aut\u00f3nomas, los ayuntamientos de las grandes ciudades: cada uno se\u00f1ala al otro como culpable del bloqueo. Y mientras tanto, <strong>el d\u00e9ficit de 700.000 viviendas sigue ah\u00ed, inamovible, creciendo<\/strong>. Es un espect\u00e1culo desolador, s\u00ed, pero tambi\u00e9n perfectamente predecible para quien lleve a\u00f1os siguiendo el sector.<\/p>\n<p class=\"font-claude-response-body break-words whitespace-normal leading-&#091;1.7&#093;\">Lo de Madrid merece menci\u00f3n especial: la capital sigue siendo un mercado libre donde propietarios y fondos campan a sus anchas sin ning\u00fan tipo de contenci\u00f3n regulatoria. Y los resultados est\u00e1n a la vista: 23,3 euros por metro cuadrado de media, subidas del 10% anual y una generaci\u00f3n entera que ha renunciado a emanciparse en la ciudad donde trabaja.<\/p>\n<h2 class=\"text-text-100 mt-3 -mb-1 text-&#091;1.125rem&#093; font-bold\"><strong>Un alquiler que va a agravarse \ud83d\udcc8<\/strong><\/h2>\n<p class=\"font-claude-response-body break-words whitespace-normal leading-&#091;1.7&#093;\">Si el diagn\u00f3stico hasta aqu\u00ed ya pintaba oscuro, la prognosis para 2026 es directamente t\u00e9trica. Es como si <strong>todos los factores que pod\u00edan empeorar la situaci\u00f3n del alquiler se hubieran puesto de acuerdo para soltarse a la vez<\/strong>, como los famosos jinetes del apocalipsis, pero en versi\u00f3n inmobiliaria.<\/p>\n<p class=\"font-claude-response-body break-words whitespace-normal leading-&#091;1.7&#093;\">Los precios de obra nueva seguir\u00e1n subiendo entre un 6% y un 9% seg\u00fan la zona. Los de segunda mano, igual. Y el alquiler no tiene ninguna raz\u00f3n objetiva para moderarse. La demanda relativa en Barcelona creci\u00f3 un <strong>444% entre 2020 y 2025<\/strong>. En Madrid, un 290%. El n\u00famero de interesados por cada vivienda en alquiler alcanz\u00f3 los 462 en Barcelona en apenas diez d\u00edas. Son cifras que no mienten: hay much\u00edsima m\u00e1s gente buscando piso que pisos disponibles.<\/p>\n<p class=\"font-claude-response-body break-words whitespace-normal leading-&#091;1.7&#093;\">La oferta, por su parte, lleva a\u00f1os en ca\u00edda libre. Entre 2020 y 2025, el stock disponible se hundi\u00f3 un <strong>58% en Barcelona, un 47% en Sevilla y un 47% en Madrid<\/strong>. Y ni dejar al mercado a su bola, ni regularlo, parece mejorar la situaci\u00f3n.<\/p>\n<h2 class=\"text-text-100 mt-3 -mb-1 text-&#091;1.125rem&#093; font-bold\"><strong>Desahucios sin moratoria y sin alternativa<\/strong> \ud83d\udeaa<\/h2>\n<p class=\"font-claude-response-body break-words whitespace-normal leading-&#091;1.7&#093;\">La semana pasada \u2014y aqu\u00ed viene una de las noticias m\u00e1s graves del a\u00f1o, aunque haya pasado casi desapercibida en algunos medios\u2014 <strong>el Congreso tumb\u00f3 de nuevo la extensi\u00f3n de la moratoria antidesahucios<\/strong>, con el rechazo de PP, Vox y Junts. No es la primera vez: ya fracas\u00f3 en enero. El resultado es que entre <strong>60.000 y 70.000 hogares vulnerables<\/strong> podr\u00edan verse en la calle en los pr\u00f3ximos meses.<\/p>\n<p class=\"font-claude-response-body break-words whitespace-normal leading-&#091;1.7&#093;\">El escudo social \u2014que, seg\u00fan European Anti Poverty Network Espa\u00f1a, hab\u00eda evitado que un mill\u00f3n y medio de personas entraran en situaci\u00f3n de pobreza\u2014 ha ca\u00eddo por las grietas de la aritm\u00e9tica parlamentaria. Los servicios sociales, que seg\u00fan la \u00faltima modificaci\u00f3n gubernamental deben hacerse cargo de buscar soluciones habitacionales a los afectados, est\u00e1n desbordados en pr\u00e1cticamente todos los municipios del pa\u00eds.<\/p>\n<p class=\"font-claude-response-body break-words whitespace-normal leading-&#091;1.7&#093;\">Y a todo esto hay que sumarle que <strong>muchas de estas familias vulnerables tambi\u00e9n van a ver cortados sus suministros dom\u00e9sticos<\/strong> por impago, un problema que hasta ahora el escudo social tambi\u00e9n cubr\u00eda.<\/p>\n<p class=\"font-claude-response-body break-words whitespace-normal leading-&#091;1.7&#093;\">Cuatro de cada diez personas que viven de alquiler est\u00e1n en riesgo de pobreza en Espa\u00f1a. El 17,8% tiene problemas para comprar productos esenciales. Los desahucios crecieron en 2024 un 3,4%, y el 74,5% de ellos fueron por impago de alquiler \u2014una cifra que era el 53% en 2014\u2014. Son datos del Consejo General del Poder Judicial, no de ninguna plataforma de activistas pancarteros.<\/p>\n<h2 class=\"text-text-100 mt-3 -mb-1 text-&#091;1.125rem&#093; font-bold\"><strong>Alquileres post-COVID con incrementos de renta: la bomba de relojer\u00eda \ud83d\udca3<\/strong><\/h2>\n<p class=\"font-claude-response-body break-words whitespace-normal leading-&#091;1.7&#093;\">Aqu\u00ed est\u00e1 el epicentro del terremoto que se avecina. <strong>Se estima que m\u00e1s de 630.000 contratos de alquiler firmados durante la pandemia, principalmente en 2021<\/strong>, vencen a lo largo de 2026. Estos contratos \u2014llamados ya en el sector como \u00abcontratos COVID\u00bb\u2014 se firmaron en un momento de mercado a la baja, con rentas notablemente m\u00e1s reducidas que las actuales.<\/p>\n<p class=\"font-claude-response-body break-words whitespace-normal leading-&#091;1.7&#093;\">Cinco a\u00f1os despu\u00e9s, los propietarios \u2014con toda la raz\u00f3n jur\u00eddica del mundo, hay que decirlo\u2014 quieren actualizar los precios a mercado. Y el mercado ha subido entre un <strong>30% y un 40%<\/strong> desde entonces, y en zonas tensionadas bastante m\u00e1s. El inquilino que pagaba 800 euros en 2021 puede encontrarse con una propuesta de renovaci\u00f3n por 1.100 o 1.200 euros. O directamente con una notificaci\u00f3n de que el contrato no se renueva.<\/p>\n<p class=\"font-claude-response-body break-words whitespace-normal leading-&#091;1.7&#093;\">Esto genera dos problemas de consecuencias sociales grav\u00edsimas. Primero, <strong>la imposibilidad econ\u00f3mica de asumir subidas del 30-40%<\/strong> para familias cuyos salarios no han crecido ni remotamente a ese ritmo. Segundo, <strong>la imposibilidad pr\u00e1ctica de encontrar otro alquiler<\/strong> en la misma zona o a una distancia razonable del trabajo o del colegio de los hijos. La expulsi\u00f3n silenciosa, la llaman los activistas. No hay orden judicial, no hay procedimiento formal: simplemente, el mercado te echa.<\/p>\n<p class=\"font-claude-response-body break-words whitespace-normal leading-&#091;1.7&#093;\">El Gobierno ha recibido presiones desde Sumar para imponer pr\u00f3rrogas obligatorias a estos contratos. Por el momento, nada concreto. Los pol\u00edticos deliberan mientras el reloj sigue corriendo y los contratos van venciendo.<\/p>\n<h2 class=\"text-text-100 mt-3 -mb-1 text-&#091;1.125rem&#093; font-bold\"><strong>Fondos que quieren hacer caja y venden pisos e inquilinos \ud83e\udd85<\/strong><\/h2>\n<p class=\"font-claude-response-body break-words whitespace-normal leading-&#091;1.7&#093;\">Si cre\u00edas que los fondos de inversi\u00f3n eran el malo conocido de esta historia, espera a ver hasta qu\u00e9 punto.<\/p>\n<p class=\"font-claude-response-body break-words whitespace-normal leading-&#091;1.7&#093;\"><strong>Blackstone, Patrizia, Ares y compa\u00f1\u00eda<\/strong> llevan a\u00f1os engordando sus carteras de viviendas en alquiler en Espa\u00f1a. Las compraron a los bancos durante la crisis \u2014los llamados \u00abactivos t\u00f3xicos\u00bb\u2014 y a la SAREB a precio de saldo, con plusval\u00edas que ahora son astron\u00f3micas. Y ahora, como les ocurre a todos los fondos con un horizonte temporal de inversi\u00f3n definido, les ha llegado el momento de desinvertir.<\/p>\n<p class=\"font-claude-response-body break-words whitespace-normal leading-&#091;1.7&#093;\">El plan es elegante en su brutalidad: <strong>vender las carteras a otros fondos<\/strong>, que a su vez las fraccionar\u00e1n y vender\u00e1n pisos al menudeo a un mercado \u00e1vido, para maximizar la rentabilidad \u2014hasta un 30% m\u00e1s que en venta en bloque\u2014. Eso s\u00ed, para hacer esto tienen que recuperar primero las viviendas, lo que significa esperar a que venzan los contratos de alquiler vigentes. O, alternativamente, venderlas con el inquilino dentro \u2014lo que se conoce en el sector como venta con bicho dentro\u2014.<\/p>\n<p class=\"font-claude-response-body break-words whitespace-normal leading-&#091;1.7&#093;\">En teor\u00eda, el inquilino tiene derecho de tanteo y retracto: puede comprar su piso al mismo precio que el fondo obtiene en el mercado. En la pr\u00e1ctica, ese precio es de mercado libre en 2026, y pocas familias que viven de alquiler tienen capacidad para comprarlo. Es un derecho te\u00f3rico que resulta <strong>inaplicable para la mayor\u00eda de los afectados<\/strong>.<\/p>\n<p class=\"font-claude-response-body break-words whitespace-normal leading-&#091;1.7&#093;\">La operaci\u00f3n m\u00e1s sonada ya est\u00e1 en marcha: la gestora canadiense Brookfield negocia con Blackstone la compra de Fidere, con unas <strong>5.300 viviendas en alquiler<\/strong>, en una operaci\u00f3n valorada en m\u00e1s de 1.000 millones de euros. No ser\u00e1 la \u00faltima.<\/p>\n<p class=\"font-claude-response-body break-words whitespace-normal leading-&#091;1.7&#093;\">Lo m\u00e1s hiriente del asunto \u2014y aqu\u00ed hay que ser precisos, porque la historia es larga y dolorosa\u2014 es que <strong>estos fondos compraron esos activos a los bancos<\/strong>, que los hab\u00edan obtenido de los ciudadanos a trav\u00e9s de embargos y daciones en pago durante la crisis de 2008-2012. Un ciclo de extracci\u00f3n de riqueza que merece su propio an\u00e1lisis, y que nos lleva directamente al siguiente punto.<\/p>\n<h2 class=\"text-text-100 mt-3 -mb-1 text-&#091;1.125rem&#093; font-bold\"><strong>Bancos que vendieron sus ladrillos t\u00f3xicos y ahora tienen los mayores beneficios \ud83d\udcb0<\/strong><\/h2>\n<p class=\"font-claude-response-body break-words whitespace-normal leading-&#091;1.7&#093;\">Los seis grandes bancos espa\u00f1oles \u2014Santander, BBVA, CaixaBank, Sabadell, Bankinter y Unicaja\u2014 cerraron 2025 con un <strong>beneficio neto conjunto de 34.000 millones de euros<\/strong>, un 7% m\u00e1s que el a\u00f1o anterior. Santander gan\u00f3 14.101 millones. BBVA alcanz\u00f3 su r\u00e9cord hist\u00f3rico con 10.511 millones. Bankinter super\u00f3 por primera vez la barrera de los 1.000 millones.<\/p>\n<p class=\"font-claude-response-body break-words whitespace-normal leading-&#091;1.7&#093;\">Son cifras deslumbrantes para entidades que, recordemos, hace no tantos a\u00f1os compraban bancos rescatados con dinero p\u00fablico a un euro, vend\u00edan sus activos inmobiliarios problem\u00e1ticos a fondos buitre a precio de saldo y protagonizaban procesos de desahucio masivos que sacaron a miles de familias de sus casas.<\/p>\n<p class=\"font-claude-response-body break-words whitespace-normal leading-&#091;1.7&#093;\">La paradoja es imposible de ignorar: los bancos, que se deshicieron de sus carteras de viviendas para limpiar sus balances, <strong>ahora facturan r\u00e9cords hist\u00f3ricos<\/strong> gracias en parte al entorno de tipos que ha generado el mismo ciclo inflacionario que exprime a los inquilinos. La misma inflaci\u00f3n que hace imposible el acceso a la vivienda para millones de personas es la que ha hinchado los m\u00e1rgenes financieros de la gran banca.<\/p>\n<p class=\"font-claude-response-body break-words whitespace-normal leading-&#091;1.7&#093;\">No es un juicio moral \u2014la banca hace cosas de banca dentro del sistema en el que opera\u2014. Es, simplemente, la descripci\u00f3n de un mecanismo que distribuye la riqueza de una manera muy determinada: hacia arriba.<\/p>\n<h2 class=\"text-text-100 mt-3 -mb-1 text-&#091;1.125rem&#093; font-bold\"><strong>Subida general de los alquileres y una inflaci\u00f3n que amenaza a lomos de la guerra \ud83c\udf0d\ud83d\udd25<\/strong><\/h2>\n<p class=\"font-claude-response-body break-words whitespace-normal leading-&#091;1.7&#093;\">Para rematar el cuadro, el contexto macroecon\u00f3mico a\u00f1ade sus propios ingredientes al potaje ib\u00e9rico.<\/p>\n<p class=\"font-claude-response-body break-words whitespace-normal leading-&#091;1.7&#093;\"><strong>La inflaci\u00f3n<\/strong>, que parec\u00eda moderarse, vuelve a asomar el hocico amenazante. Las pol\u00edticas arancelarias de Donald Trump \u2014que ha decidido que el proteccionismo aduanero es una buena idea en pleno siglo XXI\u2014 est\u00e1n generando tensiones en las cadenas de suministro globales que se acabar\u00e1n trasladando a los precios de consumo. Los costes de la energ\u00eda, los combustibles y la alimentaci\u00f3n son los primeros en acusar el golpe. Y cuando sube la energ\u00eda, sube todo: desde el coste de construir hasta el de mantener un piso habitable.<\/p>\n<p class=\"font-claude-response-body break-words whitespace-normal leading-&#091;1.7&#093;\">A esto hay que sumarle la <strong>inestabilidad geopol\u00edtica<\/strong> que preside el panorama internacional, con conflictos activos en distintos frentes y una tensi\u00f3n comercial que no invita al optimismo. Los mercados financieros ya est\u00e1n descontando escenarios de inflaci\u00f3n persistente. Y la inflaci\u00f3n persistente es mala noticia para los inquilinos, que no solo ven subir sus rentas sino tambi\u00e9n todos sus gastos cotidianos.<\/p>\n<p class=\"font-claude-response-body break-words whitespace-normal leading-&#091;1.7&#093;\">Un estudio del sindicato CGT se\u00f1ala que la inflaci\u00f3n real para los hogares que pagan alquiler podr\u00eda ser <strong>casi el doble de la inflaci\u00f3n oficial<\/strong>: un 4,7% frente al 2,7% declarado por el INE. El IPC, dicen sus autores, infravalora el peso del alquiler en el gasto real de los hogares arrendatarios, que en algunos casos destina m\u00e1s del 50% de sus ingresos a pagar la renta.<\/p>\n<h2 class=\"text-text-100 mt-3 -mb-1 text-&#091;1.125rem&#093; font-bold\"><strong>En definitiva: bienvenidos al nuevo panorama del alquiler<\/strong> \ud83e\udde8<\/h2>\n<p class=\"font-claude-response-body break-words whitespace-normal leading-&#091;1.7&#093;\">Si tuvi\u00e9ramos que resumir lo que se avecina en 2026 para el mercado del alquiler en Espa\u00f1a, la lista ser\u00eda la siguiente: <strong>630.000 contratos pand\u00e9micos que vencen<\/strong> con subidas de entre el 30% y el 40%; <strong>desahucios sin protecci\u00f3n<\/strong> para decenas de miles de familias vulnerables; <strong>40.000 viviendas<\/strong> que salen del mercado de arrendamiento porque sus propietarios \u2014fondos de inversi\u00f3n\u2014 quieren hacer caja; <strong>oferta en m\u00ednimos hist\u00f3ricos<\/strong> frente a una demanda en m\u00e1ximos; <strong>precios al alza<\/strong> entre un 6% y un 9% seg\u00fan las zonas; e <strong>inflaci\u00f3n importada<\/strong> desde los frentes geopol\u00edticos y los despachos de Washington.<\/p>\n<p class=\"font-claude-response-body break-words whitespace-normal leading-&#091;1.7&#093;\">Todo esto mientras los pol\u00edticos debaten, los fondos calculan y los bancos cuentan sus beneficios r\u00e9cord. El alquiler en Espa\u00f1a no est\u00e1 simplemente caro. Est\u00e1 moribundo. Y darle vida va a requerir m\u00e1s que promesas electorales y titulares de prensa, porque los jinetes del apocalipsis atacan a los inquilinos y lo seguir\u00e1n haciendo hasta que el mercado y las reglas no cambien.<\/p>\n<p><img decoding=\"async\" class=\" wp-image-27470\" src=\"https:\/\/www.aquimicasa.net\/blog\/wp-content\/uploads\/Eduardo2-244x300.jpg\" alt=\"\" width=\"119\" height=\"146\" srcset=\"https:\/\/www.aquimicasa.net\/blog\/wp-content\/uploads\/Eduardo2-122x150.jpg 122w, https:\/\/www.aquimicasa.net\/blog\/wp-content\/uploads\/Eduardo2-200x246.jpg 200w, https:\/\/www.aquimicasa.net\/blog\/wp-content\/uploads\/Eduardo2-244x300.jpg 244w, https:\/\/www.aquimicasa.net\/blog\/wp-content\/uploads\/Eduardo2-400x492.jpg 400w, https:\/\/www.aquimicasa.net\/blog\/wp-content\/uploads\/Eduardo2.jpg 513w\" sizes=\"(max-width: 119px) 100vw, 119px\" \/><\/p>\n<p><strong>Eduardo Lizarraga<\/strong><\/p>\n<p><strong>WWW.AQUIMICASA.NET<\/strong><\/p>\n<\/div><\/div><style type=\"text\/css\">.fusion-body .fusion-builder-column-0{width:100% !important;margin-top : 0px;margin-bottom : 0px;}.fusion-builder-column-0 > .fusion-column-wrapper {padding-top : 0px !important;padding-right : 0px !important;margin-right : 1.92%;padding-bottom : 0px !important;padding-left : 0px !important;margin-left : 1.92%;}@media only screen and (max-width:1024px) {.fusion-body .fusion-builder-column-0{width:100% !important;}.fusion-builder-column-0 > .fusion-column-wrapper {margin-right : 1.92%;margin-left : 1.92%;}}@media only screen and (max-width:640px) {.fusion-body .fusion-builder-column-0{width:100% !important;}.fusion-builder-column-0 > .fusion-column-wrapper {margin-right : 1.92%;margin-left : 1.92%;}}<\/style><\/div><\/div><style type=\"text\/css\">.fusion-body .fusion-flex-container.fusion-builder-row-1{ padding-top : 0px;margin-top : 0px;padding-right : 0px;padding-bottom : 0px;margin-bottom : 0px;padding-left : 0px;}<\/style><\/div>\n","protected":false},"excerpt":{"rendered":"<p>Aqu\u00ed est\u00e1 el epicentro del terremoto que se avecina. Se estima que m\u00e1s de 630.000 contratos de alquiler firmados durante la pandemia, principalmente en 2021, vencen a lo largo de 2026. Estos contratos \u2014llamados ya en el sector como \u00abcontratos COVID\u00bb\u2014 se firmaron en un momento de mercado a la baja, con rentas notablemente m\u00e1s reducidas que las actuales.<\/p>\n","protected":false},"author":3,"featured_media":55341,"comment_status":"closed","ping_status":"closed","sticky":false,"template":"","format":"standard","meta":{"_jetpack_memberships_contains_paid_content":false,"footnotes":"","jetpack_publicize_message":"","jetpack_publicize_feature_enabled":true,"jetpack_social_post_already_shared":true,"jetpack_social_options":{"image_generator_settings":{"template":"highway","default_image_id":0,"font":"","enabled":false},"version":2}},"categories":[3249],"tags":[2989,6402,8280,8285],"class_list":["post-55337","post","type-post","status-publish","format-standard","has-post-thumbnail","hentry","category-opinion","tag-articulo-de-opinion","tag-eduardo-lizarraga","tag-newsletter-555","tag-newsletter-556"],"yoast_head":"<!-- This site is optimized with the Yoast SEO plugin v27.5 - https:\/\/yoast.com\/product\/yoast-seo-wordpress\/ -->\n<title>Si pensabas que el alquiler estaba mal \u00a1a\u00fan no has visto nada!<\/title>\n<meta name=\"description\" content=\"El alquiler en Espa\u00f1a no est\u00e1 simplemente caro. Est\u00e1 roto. Y arreglarlo va a requerir m\u00e1s que promesas electorales y titulares de prensa.\" \/>\n<meta name=\"robots\" content=\"index, follow, max-snippet:-1, max-image-preview:large, max-video-preview:-1\" \/>\n<link rel=\"canonical\" href=\"https:\/\/www.aquimicasa.net\/blog\/opinion\/si-pensabas-que-el-alquiler-estaba-mal-aun-no-has-visto-nada\/\" \/>\n<meta property=\"og:locale\" content=\"es_ES\" \/>\n<meta property=\"og:type\" content=\"article\" \/>\n<meta property=\"og:title\" content=\"Si pensabas que el alquiler estaba mal \u00a1a\u00fan no has visto nada!\" \/>\n<meta property=\"og:description\" content=\"El alquiler en Espa\u00f1a no est\u00e1 simplemente caro. Est\u00e1 roto. Y arreglarlo va a requerir m\u00e1s que promesas electorales y titulares de prensa.\" \/>\n<meta property=\"og:url\" content=\"https:\/\/www.aquimicasa.net\/blog\/opinion\/si-pensabas-que-el-alquiler-estaba-mal-aun-no-has-visto-nada\/\" \/>\n<meta property=\"og:site_name\" content=\"Blog de aquimicasa.net\" \/>\n<meta property=\"article:publisher\" content=\"https:\/\/www.facebook.com\/aquimicasa.net\" \/>\n<meta property=\"article:published_time\" content=\"2026-03-04T23:27:38+00:00\" \/>\n<meta property=\"article:modified_time\" content=\"2026-03-15T09:42:50+00:00\" \/>\n<meta property=\"og:image\" content=\"https:\/\/www.aquimicasa.net\/blog\/wp-content\/uploads\/los-cuatro-jinetes2-1.jpg\" \/>\n\t<meta property=\"og:image:width\" content=\"650\" \/>\n\t<meta property=\"og:image:height\" content=\"443\" \/>\n\t<meta property=\"og:image:type\" content=\"image\/jpeg\" \/>\n<meta name=\"author\" content=\"Eduardo Lizarraga\" \/>\n<meta name=\"twitter:label1\" content=\"Escrito por\" \/>\n\t<meta name=\"twitter:data1\" content=\"Eduardo Lizarraga\" \/>\n\t<meta name=\"twitter:label2\" content=\"Tiempo de lectura\" \/>\n\t<meta name=\"twitter:data2\" content=\"13 minutos\" \/>\n<script type=\"application\/ld+json\" class=\"yoast-schema-graph\">{\"@context\":\"https:\\\/\\\/schema.org\",\"@graph\":[{\"@type\":\"Article\",\"@id\":\"https:\\\/\\\/www.aquimicasa.net\\\/blog\\\/opinion\\\/si-pensabas-que-el-alquiler-estaba-mal-aun-no-has-visto-nada\\\/#article\",\"isPartOf\":{\"@id\":\"https:\\\/\\\/www.aquimicasa.net\\\/blog\\\/opinion\\\/si-pensabas-que-el-alquiler-estaba-mal-aun-no-has-visto-nada\\\/\"},\"author\":{\"name\":\"Eduardo Lizarraga\",\"@id\":\"https:\\\/\\\/www.aquimicasa.net\\\/blog\\\/#\\\/schema\\\/person\\\/2cdfa2605534583395c8d7ce1d6cac14\"},\"headline\":\"Si pensabas que el alquiler estaba mal \u00a1a\u00fan no has visto nada!\",\"datePublished\":\"2026-03-04T23:27:38+00:00\",\"dateModified\":\"2026-03-15T09:42:50+00:00\",\"mainEntityOfPage\":{\"@id\":\"https:\\\/\\\/www.aquimicasa.net\\\/blog\\\/opinion\\\/si-pensabas-que-el-alquiler-estaba-mal-aun-no-has-visto-nada\\\/\"},\"wordCount\":2894,\"publisher\":{\"@id\":\"https:\\\/\\\/www.aquimicasa.net\\\/blog\\\/#organization\"},\"image\":{\"@id\":\"https:\\\/\\\/www.aquimicasa.net\\\/blog\\\/opinion\\\/si-pensabas-que-el-alquiler-estaba-mal-aun-no-has-visto-nada\\\/#primaryimage\"},\"thumbnailUrl\":\"https:\\\/\\\/www.aquimicasa.net\\\/blog\\\/wp-content\\\/uploads\\\/los-cuatro-jinetes2-1.jpg\",\"keywords\":[\"art\u00edculo de opini\u00f3n\",\"Eduardo Lizarraga\",\"newsletter 555\",\"newsletter 556\"],\"articleSection\":[\"Opini\u00f3n\"],\"inLanguage\":\"es\"},{\"@type\":\"WebPage\",\"@id\":\"https:\\\/\\\/www.aquimicasa.net\\\/blog\\\/opinion\\\/si-pensabas-que-el-alquiler-estaba-mal-aun-no-has-visto-nada\\\/\",\"url\":\"https:\\\/\\\/www.aquimicasa.net\\\/blog\\\/opinion\\\/si-pensabas-que-el-alquiler-estaba-mal-aun-no-has-visto-nada\\\/\",\"name\":\"Si pensabas que el alquiler estaba mal \u00a1a\u00fan no has visto nada!\",\"isPartOf\":{\"@id\":\"https:\\\/\\\/www.aquimicasa.net\\\/blog\\\/#website\"},\"primaryImageOfPage\":{\"@id\":\"https:\\\/\\\/www.aquimicasa.net\\\/blog\\\/opinion\\\/si-pensabas-que-el-alquiler-estaba-mal-aun-no-has-visto-nada\\\/#primaryimage\"},\"image\":{\"@id\":\"https:\\\/\\\/www.aquimicasa.net\\\/blog\\\/opinion\\\/si-pensabas-que-el-alquiler-estaba-mal-aun-no-has-visto-nada\\\/#primaryimage\"},\"thumbnailUrl\":\"https:\\\/\\\/www.aquimicasa.net\\\/blog\\\/wp-content\\\/uploads\\\/los-cuatro-jinetes2-1.jpg\",\"datePublished\":\"2026-03-04T23:27:38+00:00\",\"dateModified\":\"2026-03-15T09:42:50+00:00\",\"description\":\"El alquiler en Espa\u00f1a no est\u00e1 simplemente caro. Est\u00e1 roto. Y arreglarlo va a requerir m\u00e1s que promesas electorales y titulares de prensa.\",\"breadcrumb\":{\"@id\":\"https:\\\/\\\/www.aquimicasa.net\\\/blog\\\/opinion\\\/si-pensabas-que-el-alquiler-estaba-mal-aun-no-has-visto-nada\\\/#breadcrumb\"},\"inLanguage\":\"es\",\"potentialAction\":[{\"@type\":\"ReadAction\",\"target\":[\"https:\\\/\\\/www.aquimicasa.net\\\/blog\\\/opinion\\\/si-pensabas-que-el-alquiler-estaba-mal-aun-no-has-visto-nada\\\/\"]}]},{\"@type\":\"ImageObject\",\"inLanguage\":\"es\",\"@id\":\"https:\\\/\\\/www.aquimicasa.net\\\/blog\\\/opinion\\\/si-pensabas-que-el-alquiler-estaba-mal-aun-no-has-visto-nada\\\/#primaryimage\",\"url\":\"https:\\\/\\\/www.aquimicasa.net\\\/blog\\\/wp-content\\\/uploads\\\/los-cuatro-jinetes2-1.jpg\",\"contentUrl\":\"https:\\\/\\\/www.aquimicasa.net\\\/blog\\\/wp-content\\\/uploads\\\/los-cuatro-jinetes2-1.jpg\",\"width\":650,\"height\":443,\"caption\":\"Sobre el alquiler van a caer este a\u00f1o los cuatro jinetes del Apocalipsis\"},{\"@type\":\"BreadcrumbList\",\"@id\":\"https:\\\/\\\/www.aquimicasa.net\\\/blog\\\/opinion\\\/si-pensabas-que-el-alquiler-estaba-mal-aun-no-has-visto-nada\\\/#breadcrumb\",\"itemListElement\":[{\"@type\":\"ListItem\",\"position\":1,\"name\":\"Portada\",\"item\":\"https:\\\/\\\/www.aquimicasa.net\\\/blog\\\/\"},{\"@type\":\"ListItem\",\"position\":2,\"name\":\"Si pensabas que el alquiler estaba mal \u00a1a\u00fan no has visto nada!\"}]},{\"@type\":\"WebSite\",\"@id\":\"https:\\\/\\\/www.aquimicasa.net\\\/blog\\\/#website\",\"url\":\"https:\\\/\\\/www.aquimicasa.net\\\/blog\\\/\",\"name\":\"Blog de aquimicasa.net\",\"description\":\"Noticias del Mundo Inmobiliario\",\"publisher\":{\"@id\":\"https:\\\/\\\/www.aquimicasa.net\\\/blog\\\/#organization\"},\"potentialAction\":[{\"@type\":\"SearchAction\",\"target\":{\"@type\":\"EntryPoint\",\"urlTemplate\":\"https:\\\/\\\/www.aquimicasa.net\\\/blog\\\/?s={search_term_string}\"},\"query-input\":{\"@type\":\"PropertyValueSpecification\",\"valueRequired\":true,\"valueName\":\"search_term_string\"}}],\"inLanguage\":\"es\"},{\"@type\":\"Organization\",\"@id\":\"https:\\\/\\\/www.aquimicasa.net\\\/blog\\\/#organization\",\"name\":\"Blog de aquimicasa.net\",\"url\":\"https:\\\/\\\/www.aquimicasa.net\\\/blog\\\/\",\"logo\":{\"@type\":\"ImageObject\",\"inLanguage\":\"es\",\"@id\":\"https:\\\/\\\/www.aquimicasa.net\\\/blog\\\/#\\\/schema\\\/logo\\\/image\\\/\",\"url\":\"https:\\\/\\\/www.aquimicasa.net\\\/blog\\\/wp-content\\\/uploads\\\/Logo-aquimicasa-1-e1528048213782.png\",\"contentUrl\":\"https:\\\/\\\/www.aquimicasa.net\\\/blog\\\/wp-content\\\/uploads\\\/Logo-aquimicasa-1-e1528048213782.png\",\"width\":225,\"height\":225,\"caption\":\"Blog de aquimicasa.net\"},\"image\":{\"@id\":\"https:\\\/\\\/www.aquimicasa.net\\\/blog\\\/#\\\/schema\\\/logo\\\/image\\\/\"},\"sameAs\":[\"https:\\\/\\\/www.facebook.com\\\/aquimicasa.net\",\"https:\\\/\\\/www.instagram.com\\\/\",\"https:\\\/\\\/x.com\\\/EduLizarragaD\",\"https:\\\/\\\/www.linkedin.com\\\/feed\\\/\"]},{\"@type\":\"Person\",\"@id\":\"https:\\\/\\\/www.aquimicasa.net\\\/blog\\\/#\\\/schema\\\/person\\\/2cdfa2605534583395c8d7ce1d6cac14\",\"name\":\"Eduardo Lizarraga\",\"image\":{\"@type\":\"ImageObject\",\"inLanguage\":\"es\",\"@id\":\"https:\\\/\\\/secure.gravatar.com\\\/avatar\\\/bdabe1eeeed97b65a9cb7de2edd624b07995f7e13abc5fead15961f745f908cc?s=96&d=mm&r=g\",\"url\":\"https:\\\/\\\/secure.gravatar.com\\\/avatar\\\/bdabe1eeeed97b65a9cb7de2edd624b07995f7e13abc5fead15961f745f908cc?s=96&d=mm&r=g\",\"contentUrl\":\"https:\\\/\\\/secure.gravatar.com\\\/avatar\\\/bdabe1eeeed97b65a9cb7de2edd624b07995f7e13abc5fead15961f745f908cc?s=96&d=mm&r=g\",\"caption\":\"Eduardo Lizarraga\"},\"description\":\"Periodista Econ\u00f3mico. Ha trabajado en diversos campos de la informaci\u00f3n. Corresponsal en conflictos, analista pol\u00edtico en Congreso y Senado, periodista del medio ambiente, editor, director editorial, director de comunicaci\u00f3n.... En estos momentos se ha especializado en el sector inmobiliario. Pero tambi\u00e9n es navegante y viajero, preocupado por la pobreza, el medio ambiente y por las actuaciones descontroladas del neoliberalismo empresarial y pol\u00edtico en todo el mundo. Los desahucios, la pobreza infantil y la falta de acceso a los suministros b\u00e1sicos son algunos de los grandes dramas de nuestra sociedad y que es preciso solucionar para hacerla m\u00e1s justa. CEO en www.aquimicasa.net\",\"sameAs\":[\"https:\\\/\\\/www.aquimicasa.net\\\/\"],\"url\":\"https:\\\/\\\/www.aquimicasa.net\\\/blog\\\/author\\\/eduardo\\\/\"}]}<\/script>\n<!-- \/ Yoast SEO plugin. -->","yoast_head_json":{"title":"Si pensabas que el alquiler estaba mal \u00a1a\u00fan no has visto nada!","description":"El alquiler en Espa\u00f1a no est\u00e1 simplemente caro. Est\u00e1 roto. Y arreglarlo va a requerir m\u00e1s que promesas electorales y titulares de prensa.","robots":{"index":"index","follow":"follow","max-snippet":"max-snippet:-1","max-image-preview":"max-image-preview:large","max-video-preview":"max-video-preview:-1"},"canonical":"https:\/\/www.aquimicasa.net\/blog\/opinion\/si-pensabas-que-el-alquiler-estaba-mal-aun-no-has-visto-nada\/","og_locale":"es_ES","og_type":"article","og_title":"Si pensabas que el alquiler estaba mal \u00a1a\u00fan no has visto nada!","og_description":"El alquiler en Espa\u00f1a no est\u00e1 simplemente caro. Est\u00e1 roto. Y arreglarlo va a requerir m\u00e1s que promesas electorales y titulares de prensa.","og_url":"https:\/\/www.aquimicasa.net\/blog\/opinion\/si-pensabas-que-el-alquiler-estaba-mal-aun-no-has-visto-nada\/","og_site_name":"Blog de aquimicasa.net","article_publisher":"https:\/\/www.facebook.com\/aquimicasa.net","article_published_time":"2026-03-04T23:27:38+00:00","article_modified_time":"2026-03-15T09:42:50+00:00","og_image":[{"width":650,"height":443,"url":"https:\/\/www.aquimicasa.net\/blog\/wp-content\/uploads\/los-cuatro-jinetes2-1.jpg","type":"image\/jpeg"}],"author":"Eduardo Lizarraga","twitter_misc":{"Escrito por":"Eduardo Lizarraga","Tiempo de lectura":"13 minutos"},"schema":{"@context":"https:\/\/schema.org","@graph":[{"@type":"Article","@id":"https:\/\/www.aquimicasa.net\/blog\/opinion\/si-pensabas-que-el-alquiler-estaba-mal-aun-no-has-visto-nada\/#article","isPartOf":{"@id":"https:\/\/www.aquimicasa.net\/blog\/opinion\/si-pensabas-que-el-alquiler-estaba-mal-aun-no-has-visto-nada\/"},"author":{"name":"Eduardo Lizarraga","@id":"https:\/\/www.aquimicasa.net\/blog\/#\/schema\/person\/2cdfa2605534583395c8d7ce1d6cac14"},"headline":"Si pensabas que el alquiler estaba mal \u00a1a\u00fan no has visto nada!","datePublished":"2026-03-04T23:27:38+00:00","dateModified":"2026-03-15T09:42:50+00:00","mainEntityOfPage":{"@id":"https:\/\/www.aquimicasa.net\/blog\/opinion\/si-pensabas-que-el-alquiler-estaba-mal-aun-no-has-visto-nada\/"},"wordCount":2894,"publisher":{"@id":"https:\/\/www.aquimicasa.net\/blog\/#organization"},"image":{"@id":"https:\/\/www.aquimicasa.net\/blog\/opinion\/si-pensabas-que-el-alquiler-estaba-mal-aun-no-has-visto-nada\/#primaryimage"},"thumbnailUrl":"https:\/\/www.aquimicasa.net\/blog\/wp-content\/uploads\/los-cuatro-jinetes2-1.jpg","keywords":["art\u00edculo de opini\u00f3n","Eduardo Lizarraga","newsletter 555","newsletter 556"],"articleSection":["Opini\u00f3n"],"inLanguage":"es"},{"@type":"WebPage","@id":"https:\/\/www.aquimicasa.net\/blog\/opinion\/si-pensabas-que-el-alquiler-estaba-mal-aun-no-has-visto-nada\/","url":"https:\/\/www.aquimicasa.net\/blog\/opinion\/si-pensabas-que-el-alquiler-estaba-mal-aun-no-has-visto-nada\/","name":"Si pensabas que el alquiler estaba mal \u00a1a\u00fan no has visto nada!","isPartOf":{"@id":"https:\/\/www.aquimicasa.net\/blog\/#website"},"primaryImageOfPage":{"@id":"https:\/\/www.aquimicasa.net\/blog\/opinion\/si-pensabas-que-el-alquiler-estaba-mal-aun-no-has-visto-nada\/#primaryimage"},"image":{"@id":"https:\/\/www.aquimicasa.net\/blog\/opinion\/si-pensabas-que-el-alquiler-estaba-mal-aun-no-has-visto-nada\/#primaryimage"},"thumbnailUrl":"https:\/\/www.aquimicasa.net\/blog\/wp-content\/uploads\/los-cuatro-jinetes2-1.jpg","datePublished":"2026-03-04T23:27:38+00:00","dateModified":"2026-03-15T09:42:50+00:00","description":"El alquiler en Espa\u00f1a no est\u00e1 simplemente caro. Est\u00e1 roto. Y arreglarlo va a requerir m\u00e1s que promesas electorales y titulares de prensa.","breadcrumb":{"@id":"https:\/\/www.aquimicasa.net\/blog\/opinion\/si-pensabas-que-el-alquiler-estaba-mal-aun-no-has-visto-nada\/#breadcrumb"},"inLanguage":"es","potentialAction":[{"@type":"ReadAction","target":["https:\/\/www.aquimicasa.net\/blog\/opinion\/si-pensabas-que-el-alquiler-estaba-mal-aun-no-has-visto-nada\/"]}]},{"@type":"ImageObject","inLanguage":"es","@id":"https:\/\/www.aquimicasa.net\/blog\/opinion\/si-pensabas-que-el-alquiler-estaba-mal-aun-no-has-visto-nada\/#primaryimage","url":"https:\/\/www.aquimicasa.net\/blog\/wp-content\/uploads\/los-cuatro-jinetes2-1.jpg","contentUrl":"https:\/\/www.aquimicasa.net\/blog\/wp-content\/uploads\/los-cuatro-jinetes2-1.jpg","width":650,"height":443,"caption":"Sobre el alquiler van a caer este a\u00f1o los cuatro jinetes del Apocalipsis"},{"@type":"BreadcrumbList","@id":"https:\/\/www.aquimicasa.net\/blog\/opinion\/si-pensabas-que-el-alquiler-estaba-mal-aun-no-has-visto-nada\/#breadcrumb","itemListElement":[{"@type":"ListItem","position":1,"name":"Portada","item":"https:\/\/www.aquimicasa.net\/blog\/"},{"@type":"ListItem","position":2,"name":"Si pensabas que el alquiler estaba mal \u00a1a\u00fan no has visto nada!"}]},{"@type":"WebSite","@id":"https:\/\/www.aquimicasa.net\/blog\/#website","url":"https:\/\/www.aquimicasa.net\/blog\/","name":"Blog de aquimicasa.net","description":"Noticias del Mundo Inmobiliario","publisher":{"@id":"https:\/\/www.aquimicasa.net\/blog\/#organization"},"potentialAction":[{"@type":"SearchAction","target":{"@type":"EntryPoint","urlTemplate":"https:\/\/www.aquimicasa.net\/blog\/?s={search_term_string}"},"query-input":{"@type":"PropertyValueSpecification","valueRequired":true,"valueName":"search_term_string"}}],"inLanguage":"es"},{"@type":"Organization","@id":"https:\/\/www.aquimicasa.net\/blog\/#organization","name":"Blog de aquimicasa.net","url":"https:\/\/www.aquimicasa.net\/blog\/","logo":{"@type":"ImageObject","inLanguage":"es","@id":"https:\/\/www.aquimicasa.net\/blog\/#\/schema\/logo\/image\/","url":"https:\/\/www.aquimicasa.net\/blog\/wp-content\/uploads\/Logo-aquimicasa-1-e1528048213782.png","contentUrl":"https:\/\/www.aquimicasa.net\/blog\/wp-content\/uploads\/Logo-aquimicasa-1-e1528048213782.png","width":225,"height":225,"caption":"Blog de aquimicasa.net"},"image":{"@id":"https:\/\/www.aquimicasa.net\/blog\/#\/schema\/logo\/image\/"},"sameAs":["https:\/\/www.facebook.com\/aquimicasa.net","https:\/\/www.instagram.com\/","https:\/\/x.com\/EduLizarragaD","https:\/\/www.linkedin.com\/feed\/"]},{"@type":"Person","@id":"https:\/\/www.aquimicasa.net\/blog\/#\/schema\/person\/2cdfa2605534583395c8d7ce1d6cac14","name":"Eduardo Lizarraga","image":{"@type":"ImageObject","inLanguage":"es","@id":"https:\/\/secure.gravatar.com\/avatar\/bdabe1eeeed97b65a9cb7de2edd624b07995f7e13abc5fead15961f745f908cc?s=96&d=mm&r=g","url":"https:\/\/secure.gravatar.com\/avatar\/bdabe1eeeed97b65a9cb7de2edd624b07995f7e13abc5fead15961f745f908cc?s=96&d=mm&r=g","contentUrl":"https:\/\/secure.gravatar.com\/avatar\/bdabe1eeeed97b65a9cb7de2edd624b07995f7e13abc5fead15961f745f908cc?s=96&d=mm&r=g","caption":"Eduardo Lizarraga"},"description":"Periodista Econ\u00f3mico. Ha trabajado en diversos campos de la informaci\u00f3n. Corresponsal en conflictos, analista pol\u00edtico en Congreso y Senado, periodista del medio ambiente, editor, director editorial, director de comunicaci\u00f3n.... En estos momentos se ha especializado en el sector inmobiliario. Pero tambi\u00e9n es navegante y viajero, preocupado por la pobreza, el medio ambiente y por las actuaciones descontroladas del neoliberalismo empresarial y pol\u00edtico en todo el mundo. Los desahucios, la pobreza infantil y la falta de acceso a los suministros b\u00e1sicos son algunos de los grandes dramas de nuestra sociedad y que es preciso solucionar para hacerla m\u00e1s justa. CEO en www.aquimicasa.net","sameAs":["https:\/\/www.aquimicasa.net\/"],"url":"https:\/\/www.aquimicasa.net\/blog\/author\/eduardo\/"}]}},"jetpack_publicize_connections":[],"jetpack_featured_media_url":"https:\/\/www.aquimicasa.net\/blog\/wp-content\/uploads\/los-cuatro-jinetes2-1.jpg","jetpack_sharing_enabled":true,"jetpack_likes_enabled":true,"_links":{"self":[{"href":"https:\/\/www.aquimicasa.net\/blog\/wp-json\/wp\/v2\/posts\/55337","targetHints":{"allow":["GET"]}}],"collection":[{"href":"https:\/\/www.aquimicasa.net\/blog\/wp-json\/wp\/v2\/posts"}],"about":[{"href":"https:\/\/www.aquimicasa.net\/blog\/wp-json\/wp\/v2\/types\/post"}],"author":[{"embeddable":true,"href":"https:\/\/www.aquimicasa.net\/blog\/wp-json\/wp\/v2\/users\/3"}],"replies":[{"embeddable":true,"href":"https:\/\/www.aquimicasa.net\/blog\/wp-json\/wp\/v2\/comments?post=55337"}],"version-history":[{"count":5,"href":"https:\/\/www.aquimicasa.net\/blog\/wp-json\/wp\/v2\/posts\/55337\/revisions"}],"predecessor-version":[{"id":55344,"href":"https:\/\/www.aquimicasa.net\/blog\/wp-json\/wp\/v2\/posts\/55337\/revisions\/55344"}],"wp:featuredmedia":[{"embeddable":true,"href":"https:\/\/www.aquimicasa.net\/blog\/wp-json\/wp\/v2\/media\/55341"}],"wp:attachment":[{"href":"https:\/\/www.aquimicasa.net\/blog\/wp-json\/wp\/v2\/media?parent=55337"}],"wp:term":[{"taxonomy":"category","embeddable":true,"href":"https:\/\/www.aquimicasa.net\/blog\/wp-json\/wp\/v2\/categories?post=55337"},{"taxonomy":"post_tag","embeddable":true,"href":"https:\/\/www.aquimicasa.net\/blog\/wp-json\/wp\/v2\/tags?post=55337"}],"curies":[{"name":"wp","href":"https:\/\/api.w.org\/{rel}","templated":true}]}}