{"id":55364,"date":"2026-03-07T22:19:46","date_gmt":"2026-03-07T21:19:46","guid":{"rendered":"https:\/\/www.aquimicasa.net\/blog\/?p=55364"},"modified":"2026-03-07T22:24:18","modified_gmt":"2026-03-07T21:24:18","slug":"el-precio-de-la-vivienda-se-dispara-como-nunca-en-2025","status":"publish","type":"post","link":"https:\/\/www.aquimicasa.net\/blog\/vivienda\/compraventa-de-viviendas\/el-precio-de-la-vivienda-se-dispara-como-nunca-en-2025\/","title":{"rendered":"El precio de la vivienda se dispara como nunca en 2025"},"content":{"rendered":"<div class=\"fusion-fullwidth fullwidth-box fusion-builder-row-1 fusion-flex-container nonhundred-percent-fullwidth non-hundred-percent-height-scrolling\" style=\"background-color: rgba(255,255,255,0);background-position: center center;background-repeat: no-repeat;border-width: 0px 0px 0px 0px;border-color:#eae9e9;border-style:solid;\" ><div class=\"fusion-builder-row fusion-row fusion-flex-align-items-flex-start\" style=\"max-width:1144px;margin-left: calc(-4% \/ 2 );margin-right: calc(-4% \/ 2 );\"><div class=\"fusion-layout-column fusion_builder_column fusion-builder-column-0 fusion_builder_column_1_1 1_1 fusion-flex-column\"><div class=\"fusion-column-wrapper fusion-flex-justify-content-flex-start fusion-content-layout-column\" style=\"background-position:left top;background-repeat:no-repeat;-webkit-background-size:cover;-moz-background-size:cover;-o-background-size:cover;background-size:cover;padding: 0px 0px 0px 0px;\"><div class=\"fusion-text fusion-text-1\"><p data-start=\"58\" data-end=\"451\">El mercado inmobiliario espa\u00f1ol ha cerrado 2025 con una de las mayores subidas de precios de su historia reciente. Seg\u00fan los datos del <strong data-start=\"193\" data-end=\"232\">\u00cdndice de Precios de Vivienda (IPV)<\/strong> publicados por el Instituto Nacional de Estad\u00edstica (INE), <strong data-start=\"292\" data-end=\"371\">el precio medio de la vivienda libre aument\u00f3 un 12,7% durante el pasado a\u00f1o<\/strong>, el mayor incremento registrado desde que comenz\u00f3 la serie estad\u00edstica en 2007.<\/p>\n<p data-start=\"453\" data-end=\"824\">Se trata de un dato especialmente significativo porque <strong data-start=\"508\" data-end=\"620\">ni siquiera durante los a\u00f1os de la burbuja inmobiliaria se alcanz\u00f3 un ritmo de crecimiento anual tan elevado<\/strong>. El aumento supera claramente el registrado en 2024 y m\u00e1s que triplica el avance que se produjo en 2023, lo que confirma que el mercado residencial espa\u00f1ol contin\u00faa inmerso en una fase de fuerte tensi\u00f3n.<\/p>\n<p data-start=\"826\" data-end=\"1180\">La explicaci\u00f3n de esta escalada de precios se encuentra, seg\u00fan coinciden analistas y agentes del sector, en <strong data-start=\"934\" data-end=\"989\">una combinaci\u00f3n muy clara de factores estructurales<\/strong>: una demanda de vivienda s\u00f3lida, unas condiciones hipotecarias relativamente favorables y, sobre todo, <strong data-start=\"1093\" data-end=\"1179\">una oferta residencial claramente insuficiente para absorber la presi\u00f3n compradora<\/strong>.<\/p>\n<p data-start=\"1182\" data-end=\"1575\">Como consecuencia, <strong data-start=\"1201\" data-end=\"1302\">el precio de la vivienda contin\u00faa su escalada y cierra el a\u00f1o con un incremento muy significativo<\/strong>, consolidando los ritmos de crecimiento m\u00e1s intensos registrados desde el periodo previo a la crisis financiera. Una tendencia que, seg\u00fan advierten numerosos expertos, podr\u00eda mantenerse durante los pr\u00f3ximos a\u00f1os si no se adoptan medidas que aumenten la oferta de vivienda.<\/p>\n<h2 data-section-id=\"rig1c3\" data-start=\"1577\" data-end=\"1631\"><strong>El mayor aceler\u00f3n lo da la vivienda de segunda mano<\/strong><\/h2>\n<p data-start=\"1633\" data-end=\"1877\">Uno de los datos m\u00e1s llamativos del informe del INE es el comportamiento de la vivienda usada. <strong data-start=\"1728\" data-end=\"1810\">La vivienda de segunda mano registr\u00f3 en 2025 un incremento medio del 12,9%<\/strong>, lo que supone el mayor aumento anual desde que existen registros.<\/p>\n<p data-start=\"1879\" data-end=\"2076\">Este crecimiento resulta especialmente significativo porque <strong data-start=\"1939\" data-end=\"1992\">supera incluso el incremento de la vivienda nueva<\/strong>, que tambi\u00e9n experiment\u00f3 una subida muy intensa, con una media anual del <strong data-start=\"2066\" data-end=\"2075\">11,3%<\/strong>.<\/p>\n<p data-start=\"2078\" data-end=\"2427\">La raz\u00f3n de este comportamiento tiene varias explicaciones. Por un lado, <strong data-start=\"2151\" data-end=\"2202\">la vivienda nueva parte de precios m\u00e1s elevados<\/strong>, lo que limita en cierta medida su margen de crecimiento. Pero, sobre todo, el mercado de segunda mano concentra una gran parte de la oferta disponible, lo que la convierte en la opci\u00f3n m\u00e1s accesible para muchos compradores.<\/p>\n<p data-start=\"2429\" data-end=\"2789\">Adem\u00e1s, <strong data-start=\"2437\" data-end=\"2567\">el escaso ritmo de construcci\u00f3n de vivienda nueva en Espa\u00f1a sigue siendo uno de los grandes problemas del mercado inmobiliario<\/strong>. La falta de suelo finalista, la elevada burocracia administrativa, el encarecimiento de los materiales y la escasez de mano de obra cualificada en el sector est\u00e1n limitando la capacidad de producci\u00f3n de nuevas viviendas.<\/p>\n<p data-start=\"2791\" data-end=\"2941\">Esta situaci\u00f3n provoca que <strong data-start=\"2818\" data-end=\"2891\">la presi\u00f3n de la demanda se desplace hacia el mercado de segunda mano<\/strong>, impulsando a\u00fan m\u00e1s el incremento de los precios.<\/p>\n<h2 data-section-id=\"1ulc9b7\" data-start=\"2943\" data-end=\"3006\"><strong>El precio se incrementa un 12,9% en el cuarto trimestre<\/strong><\/h2>\n<p data-start=\"3008\" data-end=\"3277\">La tendencia alcista del mercado no solo se refleja en el balance anual, sino tambi\u00e9n en la evoluci\u00f3n trimestral de los precios. <strong data-start=\"3137\" data-end=\"3276\">En el cuarto trimestre de 2025 el precio de la vivienda libre aument\u00f3 un 12,9% en comparaci\u00f3n con el mismo periodo del a\u00f1o anterior<\/strong>.<\/p>\n<p data-start=\"3279\" data-end=\"3448\">Este dato supone <strong data-start=\"3296\" data-end=\"3343\">una d\u00e9cima m\u00e1s que en el trimestre anterior<\/strong> y representa una de las tasas interanuales m\u00e1s elevadas desde el inicio de la serie estad\u00edstica del INE.<\/p>\n<p data-start=\"3450\" data-end=\"3668\">Con esta nueva subida, <strong data-start=\"3473\" data-end=\"3574\">el mercado residencial espa\u00f1ol encadena ya 46 trimestres consecutivos de incrementos interanuales<\/strong>, lo que refleja la intensidad y continuidad del ciclo alcista que vive la vivienda en Espa\u00f1a.<\/p>\n<p data-start=\"3670\" data-end=\"3908\">El crecimiento sostenido de los precios confirma que el mercado sigue funcionando bajo un esquema relativamente claro: <strong data-start=\"3789\" data-end=\"3843\">una demanda sostenida frente a una oferta limitada<\/strong>, una combinaci\u00f3n que empuja inevitablemente los precios al alza.<\/p>\n<h2 data-section-id=\"1d7hs4g\" data-start=\"3910\" data-end=\"3957\"><strong>Doce a\u00f1os de subidas constantes de precios<\/strong><\/h2>\n<p data-start=\"3959\" data-end=\"4130\">La subida registrada en 2025 no es un fen\u00f3meno aislado. Con los datos publicados por el INE, <strong data-start=\"4052\" data-end=\"4129\">el precio de la vivienda acumula ya doce a\u00f1os consecutivos de incrementos<\/strong>.<\/p>\n<p data-start=\"4132\" data-end=\"4323\">Desde el final de la crisis inmobiliaria iniciada en 2008, el mercado ha ido recuperando progresivamente el terreno perdido, pero lo ha hecho con una intensidad creciente en los \u00faltimos a\u00f1os.<\/p>\n<p data-start=\"4325\" data-end=\"4554\">El dato de 2025 es especialmente significativo porque <strong data-start=\"4379\" data-end=\"4481\">supera ampliamente el ritmo de crecimiento registrado durante los primeros a\u00f1os de la recuperaci\u00f3n<\/strong> y marca el punto m\u00e1s alto de toda la serie estad\u00edstica iniciada en 2007.<\/p>\n<p data-start=\"4556\" data-end=\"4775\">Este contexto preocupa a muchos analistas del sector, que advierten de que <strong data-start=\"4631\" data-end=\"4774\">el problema de acceso a la vivienda en Espa\u00f1a podr\u00eda agravarse a\u00fan m\u00e1s si no se logra aumentar la oferta residencial de forma significativa<\/strong>.<\/p>\n<p data-start=\"4777\" data-end=\"5018\">Seg\u00fan diversas organizaciones del sector inmobiliario, <strong data-start=\"4832\" data-end=\"4932\">la falta de vivienda disponible ya est\u00e1 generando un fuerte desequilibrio entre oferta y demanda<\/strong>, lo que podr\u00eda consolidar un escenario de precios elevados durante los pr\u00f3ximos a\u00f1os.<\/p>\n<h2 data-section-id=\"w1jlko\" data-start=\"5020\" data-end=\"5063\"><strong>Los precios en las Comunidades Aut\u00f3nomas<\/strong><\/h2>\n<p data-start=\"5065\" data-end=\"5272\">El incremento de precios registrado en 2025 no ha sido un fen\u00f3meno localizado en determinadas zonas del pa\u00eds, sino que <strong data-start=\"5184\" data-end=\"5271\">todas las comunidades aut\u00f3nomas han registrado subidas de precios superiores al 10%<\/strong>.<\/p>\n<p data-start=\"5274\" data-end=\"5541\">Entre los mayores incrementos destacan <strong data-start=\"5313\" data-end=\"5349\">Murcia, con una subida del 14,3%<\/strong>, seguida de <strong data-start=\"5362\" data-end=\"5415\">Arag\u00f3n y Castilla y Le\u00f3n, con incrementos del 14%<\/strong>. Tambi\u00e9n se situaron por encima de la media nacional <strong data-start=\"5469\" data-end=\"5540\">La Rioja, con un 13,9%, Asturias con un 13,5% y Madrid con un 13,4%<\/strong>.<\/p>\n<p data-start=\"5543\" data-end=\"5713\">Por su parte, <strong data-start=\"5557\" data-end=\"5606\">Andaluc\u00eda registr\u00f3 una subida media del 13,1%<\/strong>, mientras que <strong data-start=\"5621\" data-end=\"5680\">la Comunidad Valenciana alcanz\u00f3 un incremento del 12,9%<\/strong>, en l\u00ednea con la media nacional.<\/p>\n<p data-start=\"5715\" data-end=\"5885\">En el extremo contrario, los aumentos m\u00e1s moderados se produjeron en <strong data-start=\"5784\" data-end=\"5884\">Catalu\u00f1a (11,3%), Castilla-La Mancha (11,5%) y Cantabria y Canarias, con un incremento del 11,8%<\/strong>.<\/p>\n<p data-start=\"5887\" data-end=\"6076\">A pesar de estas diferencias regionales, el panorama general es claro: <strong data-start=\"5958\" data-end=\"6075\">el encarecimiento de la vivienda se ha extendido de forma pr\u00e1cticamente homog\u00e9nea por todo el territorio nacional<\/strong>.<\/p>\n<h2 data-section-id=\"1ti0326\" data-start=\"6078\" data-end=\"6146\"><strong>Un escenario que podr\u00eda cambiar por el conflicto de Oriente Medio<\/strong><\/h2>\n<p data-start=\"6148\" data-end=\"6336\">A pesar de la fortaleza actual del mercado inmobiliario, algunos analistas advierten de que <strong data-start=\"6240\" data-end=\"6335\">el contexto internacional podr\u00eda introducir factores de incertidumbre en los pr\u00f3ximos meses<\/strong>.<\/p>\n<p data-start=\"6338\" data-end=\"6544\">La escalada de tensi\u00f3n geopol\u00edtica en Oriente Medio, con el conflicto abierto entre Ir\u00e1n, Israel y Estados Unidos, podr\u00eda tener <strong data-start=\"6466\" data-end=\"6503\">consecuencias econ\u00f3micas globales<\/strong>, especialmente en el mercado energ\u00e9tico.<\/p>\n<p data-start=\"6546\" data-end=\"6779\">Un aumento del precio del petr\u00f3leo y del gas podr\u00eda impulsar nuevamente la inflaci\u00f3n en Europa, lo que obligar\u00eda al <strong data-start=\"6662\" data-end=\"6778\">Banco Central Europeo a reconsiderar su pol\u00edtica monetaria y, eventualmente, subir de nuevo los tipos de inter\u00e9s<\/strong>.<\/p>\n<p data-start=\"6781\" data-end=\"6999\">En ese escenario, <strong data-start=\"6799\" data-end=\"6933\">el encarecimiento del cr\u00e9dito hipotecario podr\u00eda moderar el n\u00famero de hipotecas concedidas y reducir parte de la demanda de compra<\/strong>, lo que ayudar\u00eda a frenar el ritmo de crecimiento de los precios.<\/p>\n<p data-start=\"7001\" data-end=\"7175\">Sin embargo, incluso en ese caso, muchos expertos consideran que <strong data-start=\"7066\" data-end=\"7174\">la escasez estructural de vivienda seguir\u00e1 siendo el principal problema del mercado inmobiliario espa\u00f1ol<\/strong>.<\/p>\n<p data-start=\"7177\" data-end=\"7520\" data-is-last-node=\"\" data-is-only-node=\"\">Mientras la construcci\u00f3n de nuevas viviendas siga siendo insuficiente para absorber el crecimiento de la poblaci\u00f3n y de la demanda residencial, <strong data-start=\"7321\" data-end=\"7395\">todo apunta a que los precios seguir\u00e1n sometidos a una presi\u00f3n alcista<\/strong>, manteniendo el acceso a la vivienda como uno de los grandes desaf\u00edos econ\u00f3micos y sociales para los consumidores en Espa\u00f1a.<\/p>\n<\/div><\/div><style type=\"text\/css\">.fusion-body .fusion-builder-column-0{width:100% !important;margin-top : 0px;margin-bottom : 0px;}.fusion-builder-column-0 > .fusion-column-wrapper {padding-top : 0px !important;padding-right : 0px !important;margin-right : 1.92%;padding-bottom : 0px !important;padding-left : 0px !important;margin-left : 1.92%;}@media only screen and (max-width:1024px) {.fusion-body .fusion-builder-column-0{width:100% !important;}.fusion-builder-column-0 > .fusion-column-wrapper {margin-right : 1.92%;margin-left : 1.92%;}}@media only screen and (max-width:640px) {.fusion-body .fusion-builder-column-0{width:100% !important;}.fusion-builder-column-0 > .fusion-column-wrapper {margin-right : 1.92%;margin-left : 1.92%;}}<\/style><\/div><\/div><style type=\"text\/css\">.fusion-body .fusion-flex-container.fusion-builder-row-1{ padding-top : 0px;margin-top : 0px;padding-right : 0px;padding-bottom : 0px;margin-bottom : 0px;padding-left : 0px;}<\/style><\/div>\n","protected":false},"excerpt":{"rendered":"<p>Como consecuencia, el precio de la vivienda contin\u00faa su escalada y cierra el a\u00f1o con un incremento muy significativo, consolidando los ritmos de crecimiento m\u00e1s intensos registrados desde el periodo previo a la crisis financiera. Una tendencia que, seg\u00fan advierten numerosos expertos, podr\u00eda mantenerse durante los pr\u00f3ximos a\u00f1os si no se adoptan medidas que aumenten la oferta de vivienda.<\/p>\n","protected":false},"author":3,"featured_media":0,"comment_status":"closed","ping_status":"closed","sticky":false,"template":"","format":"standard","meta":{"_jetpack_memberships_contains_paid_content":false,"footnotes":"","jetpack_publicize_message":"","jetpack_publicize_feature_enabled":true,"jetpack_social_post_already_shared":true,"jetpack_social_options":{"image_generator_settings":{"template":"highway","default_image_id":0,"font":"","enabled":false},"version":2}},"categories":[100],"tags":[8285],"class_list":["post-55364","post","type-post","status-publish","format-standard","hentry","category-compraventa-de-viviendas","tag-newsletter-556"],"yoast_head":"<!-- This site is optimized with the Yoast SEO plugin v27.5 - https:\/\/yoast.com\/product\/yoast-seo-wordpress\/ -->\n<title>El precio de la vivienda se dispara como nunca en 2025<\/title>\n<meta name=\"description\" content=\"El problema de acceso a la vivienda en Espa\u00f1a podr\u00eda agravarse a\u00fan m\u00e1s si no se logra aumentar la oferta residencial de forma significativa.\" \/>\n<meta name=\"robots\" content=\"index, follow, max-snippet:-1, max-image-preview:large, max-video-preview:-1\" \/>\n<link rel=\"canonical\" href=\"https:\/\/www.aquimicasa.net\/blog\/vivienda\/compraventa-de-viviendas\/el-precio-de-la-vivienda-se-dispara-como-nunca-en-2025\/\" \/>\n<meta property=\"og:locale\" content=\"es_ES\" \/>\n<meta property=\"og:type\" content=\"article\" \/>\n<meta property=\"og:title\" content=\"El precio de la vivienda se dispara como nunca en 2025\" \/>\n<meta property=\"og:description\" content=\"El problema de acceso a la vivienda en Espa\u00f1a podr\u00eda agravarse a\u00fan m\u00e1s si no se logra aumentar la oferta residencial de forma significativa.\" \/>\n<meta property=\"og:url\" content=\"https:\/\/www.aquimicasa.net\/blog\/vivienda\/compraventa-de-viviendas\/el-precio-de-la-vivienda-se-dispara-como-nunca-en-2025\/\" \/>\n<meta property=\"og:site_name\" content=\"Blog de aquimicasa.net\" \/>\n<meta property=\"article:publisher\" content=\"https:\/\/www.facebook.com\/aquimicasa.net\" \/>\n<meta property=\"article:published_time\" content=\"2026-03-07T21:19:46+00:00\" \/>\n<meta property=\"article:modified_time\" content=\"2026-03-07T21:24:18+00:00\" \/>\n<meta property=\"og:image\" content=\"https:\/\/www.aquimicasa.net\/blog\/wp-content\/uploads\/Precio-de-vivienda.jpg\" \/>\n\t<meta property=\"og:image:width\" content=\"871\" \/>\n\t<meta property=\"og:image:height\" content=\"541\" \/>\n\t<meta property=\"og:image:type\" content=\"image\/jpeg\" \/>\n<meta name=\"author\" content=\"Eduardo Lizarraga\" \/>\n<meta name=\"twitter:label1\" content=\"Escrito por\" \/>\n\t<meta name=\"twitter:data1\" content=\"Eduardo Lizarraga\" \/>\n\t<meta name=\"twitter:label2\" content=\"Tiempo de lectura\" \/>\n\t<meta name=\"twitter:data2\" content=\"6 minutos\" \/>\n<script type=\"application\/ld+json\" class=\"yoast-schema-graph\">{\"@context\":\"https:\\\/\\\/schema.org\",\"@graph\":[{\"@type\":\"Article\",\"@id\":\"https:\\\/\\\/www.aquimicasa.net\\\/blog\\\/vivienda\\\/compraventa-de-viviendas\\\/el-precio-de-la-vivienda-se-dispara-como-nunca-en-2025\\\/#article\",\"isPartOf\":{\"@id\":\"https:\\\/\\\/www.aquimicasa.net\\\/blog\\\/vivienda\\\/compraventa-de-viviendas\\\/el-precio-de-la-vivienda-se-dispara-como-nunca-en-2025\\\/\"},\"author\":{\"name\":\"Eduardo Lizarraga\",\"@id\":\"https:\\\/\\\/www.aquimicasa.net\\\/blog\\\/#\\\/schema\\\/person\\\/2cdfa2605534583395c8d7ce1d6cac14\"},\"headline\":\"El precio de la vivienda se dispara como nunca en 2025\",\"datePublished\":\"2026-03-07T21:19:46+00:00\",\"dateModified\":\"2026-03-07T21:24:18+00:00\",\"mainEntityOfPage\":{\"@id\":\"https:\\\/\\\/www.aquimicasa.net\\\/blog\\\/vivienda\\\/compraventa-de-viviendas\\\/el-precio-de-la-vivienda-se-dispara-como-nunca-en-2025\\\/\"},\"wordCount\":1471,\"publisher\":{\"@id\":\"https:\\\/\\\/www.aquimicasa.net\\\/blog\\\/#organization\"},\"keywords\":[\"newsletter 556\"],\"articleSection\":[\"Compra Venta\"],\"inLanguage\":\"es\"},{\"@type\":\"WebPage\",\"@id\":\"https:\\\/\\\/www.aquimicasa.net\\\/blog\\\/vivienda\\\/compraventa-de-viviendas\\\/el-precio-de-la-vivienda-se-dispara-como-nunca-en-2025\\\/\",\"url\":\"https:\\\/\\\/www.aquimicasa.net\\\/blog\\\/vivienda\\\/compraventa-de-viviendas\\\/el-precio-de-la-vivienda-se-dispara-como-nunca-en-2025\\\/\",\"name\":\"El precio de la vivienda se dispara como nunca en 2025\",\"isPartOf\":{\"@id\":\"https:\\\/\\\/www.aquimicasa.net\\\/blog\\\/#website\"},\"datePublished\":\"2026-03-07T21:19:46+00:00\",\"dateModified\":\"2026-03-07T21:24:18+00:00\",\"description\":\"El problema de acceso a la vivienda en Espa\u00f1a podr\u00eda agravarse a\u00fan m\u00e1s si no se logra aumentar la oferta residencial de forma significativa.\",\"breadcrumb\":{\"@id\":\"https:\\\/\\\/www.aquimicasa.net\\\/blog\\\/vivienda\\\/compraventa-de-viviendas\\\/el-precio-de-la-vivienda-se-dispara-como-nunca-en-2025\\\/#breadcrumb\"},\"inLanguage\":\"es\",\"potentialAction\":[{\"@type\":\"ReadAction\",\"target\":[\"https:\\\/\\\/www.aquimicasa.net\\\/blog\\\/vivienda\\\/compraventa-de-viviendas\\\/el-precio-de-la-vivienda-se-dispara-como-nunca-en-2025\\\/\"]}]},{\"@type\":\"BreadcrumbList\",\"@id\":\"https:\\\/\\\/www.aquimicasa.net\\\/blog\\\/vivienda\\\/compraventa-de-viviendas\\\/el-precio-de-la-vivienda-se-dispara-como-nunca-en-2025\\\/#breadcrumb\",\"itemListElement\":[{\"@type\":\"ListItem\",\"position\":1,\"name\":\"Portada\",\"item\":\"https:\\\/\\\/www.aquimicasa.net\\\/blog\\\/\"},{\"@type\":\"ListItem\",\"position\":2,\"name\":\"El precio de la vivienda se dispara como nunca en 2025\"}]},{\"@type\":\"WebSite\",\"@id\":\"https:\\\/\\\/www.aquimicasa.net\\\/blog\\\/#website\",\"url\":\"https:\\\/\\\/www.aquimicasa.net\\\/blog\\\/\",\"name\":\"Blog de aquimicasa.net\",\"description\":\"Noticias del Mundo Inmobiliario\",\"publisher\":{\"@id\":\"https:\\\/\\\/www.aquimicasa.net\\\/blog\\\/#organization\"},\"potentialAction\":[{\"@type\":\"SearchAction\",\"target\":{\"@type\":\"EntryPoint\",\"urlTemplate\":\"https:\\\/\\\/www.aquimicasa.net\\\/blog\\\/?s={search_term_string}\"},\"query-input\":{\"@type\":\"PropertyValueSpecification\",\"valueRequired\":true,\"valueName\":\"search_term_string\"}}],\"inLanguage\":\"es\"},{\"@type\":\"Organization\",\"@id\":\"https:\\\/\\\/www.aquimicasa.net\\\/blog\\\/#organization\",\"name\":\"Blog de aquimicasa.net\",\"url\":\"https:\\\/\\\/www.aquimicasa.net\\\/blog\\\/\",\"logo\":{\"@type\":\"ImageObject\",\"inLanguage\":\"es\",\"@id\":\"https:\\\/\\\/www.aquimicasa.net\\\/blog\\\/#\\\/schema\\\/logo\\\/image\\\/\",\"url\":\"https:\\\/\\\/www.aquimicasa.net\\\/blog\\\/wp-content\\\/uploads\\\/Logo-aquimicasa-1-e1528048213782.png\",\"contentUrl\":\"https:\\\/\\\/www.aquimicasa.net\\\/blog\\\/wp-content\\\/uploads\\\/Logo-aquimicasa-1-e1528048213782.png\",\"width\":225,\"height\":225,\"caption\":\"Blog de aquimicasa.net\"},\"image\":{\"@id\":\"https:\\\/\\\/www.aquimicasa.net\\\/blog\\\/#\\\/schema\\\/logo\\\/image\\\/\"},\"sameAs\":[\"https:\\\/\\\/www.facebook.com\\\/aquimicasa.net\",\"https:\\\/\\\/www.instagram.com\\\/\",\"https:\\\/\\\/x.com\\\/EduLizarragaD\",\"https:\\\/\\\/www.linkedin.com\\\/feed\\\/\"]},{\"@type\":\"Person\",\"@id\":\"https:\\\/\\\/www.aquimicasa.net\\\/blog\\\/#\\\/schema\\\/person\\\/2cdfa2605534583395c8d7ce1d6cac14\",\"name\":\"Eduardo Lizarraga\",\"image\":{\"@type\":\"ImageObject\",\"inLanguage\":\"es\",\"@id\":\"https:\\\/\\\/secure.gravatar.com\\\/avatar\\\/bdabe1eeeed97b65a9cb7de2edd624b07995f7e13abc5fead15961f745f908cc?s=96&d=mm&r=g\",\"url\":\"https:\\\/\\\/secure.gravatar.com\\\/avatar\\\/bdabe1eeeed97b65a9cb7de2edd624b07995f7e13abc5fead15961f745f908cc?s=96&d=mm&r=g\",\"contentUrl\":\"https:\\\/\\\/secure.gravatar.com\\\/avatar\\\/bdabe1eeeed97b65a9cb7de2edd624b07995f7e13abc5fead15961f745f908cc?s=96&d=mm&r=g\",\"caption\":\"Eduardo Lizarraga\"},\"description\":\"Periodista Econ\u00f3mico. Ha trabajado en diversos campos de la informaci\u00f3n. Corresponsal en conflictos, analista pol\u00edtico en Congreso y Senado, periodista del medio ambiente, editor, director editorial, director de comunicaci\u00f3n.... En estos momentos se ha especializado en el sector inmobiliario. Pero tambi\u00e9n es navegante y viajero, preocupado por la pobreza, el medio ambiente y por las actuaciones descontroladas del neoliberalismo empresarial y pol\u00edtico en todo el mundo. Los desahucios, la pobreza infantil y la falta de acceso a los suministros b\u00e1sicos son algunos de los grandes dramas de nuestra sociedad y que es preciso solucionar para hacerla m\u00e1s justa. CEO en www.aquimicasa.net\",\"sameAs\":[\"https:\\\/\\\/www.aquimicasa.net\\\/\"],\"url\":\"https:\\\/\\\/www.aquimicasa.net\\\/blog\\\/author\\\/eduardo\\\/\"}]}<\/script>\n<!-- \/ Yoast SEO plugin. -->","yoast_head_json":{"title":"El precio de la vivienda se dispara como nunca en 2025","description":"El problema de acceso a la vivienda en Espa\u00f1a podr\u00eda agravarse a\u00fan m\u00e1s si no se logra aumentar la oferta residencial de forma significativa.","robots":{"index":"index","follow":"follow","max-snippet":"max-snippet:-1","max-image-preview":"max-image-preview:large","max-video-preview":"max-video-preview:-1"},"canonical":"https:\/\/www.aquimicasa.net\/blog\/vivienda\/compraventa-de-viviendas\/el-precio-de-la-vivienda-se-dispara-como-nunca-en-2025\/","og_locale":"es_ES","og_type":"article","og_title":"El precio de la vivienda se dispara como nunca en 2025","og_description":"El problema de acceso a la vivienda en Espa\u00f1a podr\u00eda agravarse a\u00fan m\u00e1s si no se logra aumentar la oferta residencial de forma significativa.","og_url":"https:\/\/www.aquimicasa.net\/blog\/vivienda\/compraventa-de-viviendas\/el-precio-de-la-vivienda-se-dispara-como-nunca-en-2025\/","og_site_name":"Blog de aquimicasa.net","article_publisher":"https:\/\/www.facebook.com\/aquimicasa.net","article_published_time":"2026-03-07T21:19:46+00:00","article_modified_time":"2026-03-07T21:24:18+00:00","og_image":[{"width":871,"height":541,"url":"https:\/\/www.aquimicasa.net\/blog\/wp-content\/uploads\/Precio-de-vivienda.jpg","type":"image\/jpeg"}],"author":"Eduardo Lizarraga","twitter_misc":{"Escrito por":"Eduardo Lizarraga","Tiempo de lectura":"6 minutos"},"schema":{"@context":"https:\/\/schema.org","@graph":[{"@type":"Article","@id":"https:\/\/www.aquimicasa.net\/blog\/vivienda\/compraventa-de-viviendas\/el-precio-de-la-vivienda-se-dispara-como-nunca-en-2025\/#article","isPartOf":{"@id":"https:\/\/www.aquimicasa.net\/blog\/vivienda\/compraventa-de-viviendas\/el-precio-de-la-vivienda-se-dispara-como-nunca-en-2025\/"},"author":{"name":"Eduardo Lizarraga","@id":"https:\/\/www.aquimicasa.net\/blog\/#\/schema\/person\/2cdfa2605534583395c8d7ce1d6cac14"},"headline":"El precio de la vivienda se dispara como nunca en 2025","datePublished":"2026-03-07T21:19:46+00:00","dateModified":"2026-03-07T21:24:18+00:00","mainEntityOfPage":{"@id":"https:\/\/www.aquimicasa.net\/blog\/vivienda\/compraventa-de-viviendas\/el-precio-de-la-vivienda-se-dispara-como-nunca-en-2025\/"},"wordCount":1471,"publisher":{"@id":"https:\/\/www.aquimicasa.net\/blog\/#organization"},"keywords":["newsletter 556"],"articleSection":["Compra Venta"],"inLanguage":"es"},{"@type":"WebPage","@id":"https:\/\/www.aquimicasa.net\/blog\/vivienda\/compraventa-de-viviendas\/el-precio-de-la-vivienda-se-dispara-como-nunca-en-2025\/","url":"https:\/\/www.aquimicasa.net\/blog\/vivienda\/compraventa-de-viviendas\/el-precio-de-la-vivienda-se-dispara-como-nunca-en-2025\/","name":"El precio de la vivienda se dispara como nunca en 2025","isPartOf":{"@id":"https:\/\/www.aquimicasa.net\/blog\/#website"},"datePublished":"2026-03-07T21:19:46+00:00","dateModified":"2026-03-07T21:24:18+00:00","description":"El problema de acceso a la vivienda en Espa\u00f1a podr\u00eda agravarse a\u00fan m\u00e1s si no se logra aumentar la oferta residencial de forma significativa.","breadcrumb":{"@id":"https:\/\/www.aquimicasa.net\/blog\/vivienda\/compraventa-de-viviendas\/el-precio-de-la-vivienda-se-dispara-como-nunca-en-2025\/#breadcrumb"},"inLanguage":"es","potentialAction":[{"@type":"ReadAction","target":["https:\/\/www.aquimicasa.net\/blog\/vivienda\/compraventa-de-viviendas\/el-precio-de-la-vivienda-se-dispara-como-nunca-en-2025\/"]}]},{"@type":"BreadcrumbList","@id":"https:\/\/www.aquimicasa.net\/blog\/vivienda\/compraventa-de-viviendas\/el-precio-de-la-vivienda-se-dispara-como-nunca-en-2025\/#breadcrumb","itemListElement":[{"@type":"ListItem","position":1,"name":"Portada","item":"https:\/\/www.aquimicasa.net\/blog\/"},{"@type":"ListItem","position":2,"name":"El precio de la vivienda se dispara como nunca en 2025"}]},{"@type":"WebSite","@id":"https:\/\/www.aquimicasa.net\/blog\/#website","url":"https:\/\/www.aquimicasa.net\/blog\/","name":"Blog de aquimicasa.net","description":"Noticias del Mundo Inmobiliario","publisher":{"@id":"https:\/\/www.aquimicasa.net\/blog\/#organization"},"potentialAction":[{"@type":"SearchAction","target":{"@type":"EntryPoint","urlTemplate":"https:\/\/www.aquimicasa.net\/blog\/?s={search_term_string}"},"query-input":{"@type":"PropertyValueSpecification","valueRequired":true,"valueName":"search_term_string"}}],"inLanguage":"es"},{"@type":"Organization","@id":"https:\/\/www.aquimicasa.net\/blog\/#organization","name":"Blog de aquimicasa.net","url":"https:\/\/www.aquimicasa.net\/blog\/","logo":{"@type":"ImageObject","inLanguage":"es","@id":"https:\/\/www.aquimicasa.net\/blog\/#\/schema\/logo\/image\/","url":"https:\/\/www.aquimicasa.net\/blog\/wp-content\/uploads\/Logo-aquimicasa-1-e1528048213782.png","contentUrl":"https:\/\/www.aquimicasa.net\/blog\/wp-content\/uploads\/Logo-aquimicasa-1-e1528048213782.png","width":225,"height":225,"caption":"Blog de aquimicasa.net"},"image":{"@id":"https:\/\/www.aquimicasa.net\/blog\/#\/schema\/logo\/image\/"},"sameAs":["https:\/\/www.facebook.com\/aquimicasa.net","https:\/\/www.instagram.com\/","https:\/\/x.com\/EduLizarragaD","https:\/\/www.linkedin.com\/feed\/"]},{"@type":"Person","@id":"https:\/\/www.aquimicasa.net\/blog\/#\/schema\/person\/2cdfa2605534583395c8d7ce1d6cac14","name":"Eduardo Lizarraga","image":{"@type":"ImageObject","inLanguage":"es","@id":"https:\/\/secure.gravatar.com\/avatar\/bdabe1eeeed97b65a9cb7de2edd624b07995f7e13abc5fead15961f745f908cc?s=96&d=mm&r=g","url":"https:\/\/secure.gravatar.com\/avatar\/bdabe1eeeed97b65a9cb7de2edd624b07995f7e13abc5fead15961f745f908cc?s=96&d=mm&r=g","contentUrl":"https:\/\/secure.gravatar.com\/avatar\/bdabe1eeeed97b65a9cb7de2edd624b07995f7e13abc5fead15961f745f908cc?s=96&d=mm&r=g","caption":"Eduardo Lizarraga"},"description":"Periodista Econ\u00f3mico. Ha trabajado en diversos campos de la informaci\u00f3n. Corresponsal en conflictos, analista pol\u00edtico en Congreso y Senado, periodista del medio ambiente, editor, director editorial, director de comunicaci\u00f3n.... En estos momentos se ha especializado en el sector inmobiliario. Pero tambi\u00e9n es navegante y viajero, preocupado por la pobreza, el medio ambiente y por las actuaciones descontroladas del neoliberalismo empresarial y pol\u00edtico en todo el mundo. Los desahucios, la pobreza infantil y la falta de acceso a los suministros b\u00e1sicos son algunos de los grandes dramas de nuestra sociedad y que es preciso solucionar para hacerla m\u00e1s justa. CEO en www.aquimicasa.net","sameAs":["https:\/\/www.aquimicasa.net\/"],"url":"https:\/\/www.aquimicasa.net\/blog\/author\/eduardo\/"}]}},"jetpack_publicize_connections":[],"jetpack_featured_media_url":"","jetpack_sharing_enabled":true,"jetpack_likes_enabled":true,"_links":{"self":[{"href":"https:\/\/www.aquimicasa.net\/blog\/wp-json\/wp\/v2\/posts\/55364","targetHints":{"allow":["GET"]}}],"collection":[{"href":"https:\/\/www.aquimicasa.net\/blog\/wp-json\/wp\/v2\/posts"}],"about":[{"href":"https:\/\/www.aquimicasa.net\/blog\/wp-json\/wp\/v2\/types\/post"}],"author":[{"embeddable":true,"href":"https:\/\/www.aquimicasa.net\/blog\/wp-json\/wp\/v2\/users\/3"}],"replies":[{"embeddable":true,"href":"https:\/\/www.aquimicasa.net\/blog\/wp-json\/wp\/v2\/comments?post=55364"}],"version-history":[{"count":3,"href":"https:\/\/www.aquimicasa.net\/blog\/wp-json\/wp\/v2\/posts\/55364\/revisions"}],"predecessor-version":[{"id":55382,"href":"https:\/\/www.aquimicasa.net\/blog\/wp-json\/wp\/v2\/posts\/55364\/revisions\/55382"}],"wp:attachment":[{"href":"https:\/\/www.aquimicasa.net\/blog\/wp-json\/wp\/v2\/media?parent=55364"}],"wp:term":[{"taxonomy":"category","embeddable":true,"href":"https:\/\/www.aquimicasa.net\/blog\/wp-json\/wp\/v2\/categories?post=55364"},{"taxonomy":"post_tag","embeddable":true,"href":"https:\/\/www.aquimicasa.net\/blog\/wp-json\/wp\/v2\/tags?post=55364"}],"curies":[{"name":"wp","href":"https:\/\/api.w.org\/{rel}","templated":true}]}}